{"id":10480,"date":"2019-12-16T12:56:51","date_gmt":"2019-12-16T11:56:51","guid":{"rendered":"http:\/\/francelyme.fr\/site\/?p=10480"},"modified":"2019-12-17T15:24:40","modified_gmt":"2019-12-17T14:24:40","slug":"conference-et-prevention-au-lycee-fontaines","status":"publish","type":"post","link":"https:\/\/francelyme.fr\/site\/conference-et-prevention-au-lycee-fontaines\/","title":{"rendered":"Conf\u00e9rence et pr\u00e9vention au lyc\u00e9e Fontaines"},"content":{"rendered":"<div class=\"like-button\" style=\"float: right; clear: both; text-align: right; width = 100%;\">\n<!-- Facebook Like Button Vivacity Infotech BEGIN -->\n<div class=\"fb-like\" data-href=\"https:\/\/francelyme.fr\/site\/conference-et-prevention-au-lycee-fontaines\/\" data-layout=\"box_count\" data-action=\"like\" data-show-faces=\"false\" data-size=\"large\" data-width=\"450\" data-share=\"1\" ><\/div><\/div>\n<!-- Facebook Like Button Vivacity Infotech END -->\n<div id=\"fb-root\"><\/div>\n\n<p>Conf\u00e9rence et pr\u00e9vention au lyc\u00e9e Fontaines (71150 FONTAINES), les 17 janvier et 12 fevrier 2020 prochains, avec le t\u00e9moignage de Ma\u00e9va Collard uniquement le 12 F\u00e9vrier, \u00e9l\u00e8ve et b\u00e9n\u00e9vole France Lyme.<\/p>\n\n\n\n<figure class=\"wp-block-image size-large\"><img loading=\"lazy\" decoding=\"async\" width=\"724\" height=\"1024\" src=\"https:\/\/francelyme.fr\/site\/wp-content\/uploads\/2019\/12\/FL_Affiche_Conf\u00e9rence02_Fontaines-724x1024.jpg\" alt=\"\" class=\"wp-image-10489\" srcset=\"https:\/\/francelyme.fr\/site\/wp-content\/uploads\/2019\/12\/FL_Affiche_Conf\u00e9rence02_Fontaines-724x1024.jpg 724w, https:\/\/francelyme.fr\/site\/wp-content\/uploads\/2019\/12\/FL_Affiche_Conf\u00e9rence02_Fontaines-212x300.jpg 212w, https:\/\/francelyme.fr\/site\/wp-content\/uploads\/2019\/12\/FL_Affiche_Conf\u00e9rence02_Fontaines-768x1086.jpg 768w, https:\/\/francelyme.fr\/site\/wp-content\/uploads\/2019\/12\/FL_Affiche_Conf\u00e9rence02_Fontaines-1086x1536.jpg 1086w, https:\/\/francelyme.fr\/site\/wp-content\/uploads\/2019\/12\/FL_Affiche_Conf\u00e9rence02_Fontaines-1448x2048.jpg 1448w, https:\/\/francelyme.fr\/site\/wp-content\/uploads\/2019\/12\/FL_Affiche_Conf\u00e9rence02_Fontaines-1320x1867.jpg 1320w, https:\/\/francelyme.fr\/site\/wp-content\/uploads\/2019\/12\/FL_Affiche_Conf\u00e9rence02_Fontaines.jpg 1488w\" sizes=\"auto, (max-width: 724px) 100vw, 724px\" \/><\/figure>\n<div class=\"like-button\" style=\"float: right; clear: both; text-align: right; width = 100%;\">\n<!-- Facebook Like Button Vivacity Infotech BEGIN -->\n<div class=\"fb-like\" data-href=\"https:\/\/francelyme.fr\/site\/conference-et-prevention-au-lycee-fontaines\/\" data-layout=\"box_count\" data-action=\"like\" data-show-faces=\"false\" data-size=\"large\" data-width=\"450\" data-share=\"1\" ><\/div><\/div>\n<!-- Facebook Like Button Vivacity Infotech END -->\n","protected":false},"excerpt":{"rendered":"","protected":false},"author":16,"featured_media":10489,"comment_status":"closed","ping_status":"open","sticky":false,"template":"","format":"standard","meta":{"footnotes":""},"categories":[7,119,56],"tags":[],"class_list":["post-10480","post","type-post","status-publish","format-standard","has-post-thumbnail","hentry","category-actions","category-bourgogne","category-conference"],"yoast_head":"<!-- This site is optimized with the Yoast SEO plugin v27.3 - https:\/\/yoast.com\/product\/yoast-seo-wordpress\/ -->\n<title>Conf\u00e9rence et pr\u00e9vention au lyc\u00e9e Fontaines - Association France Lyme<\/title>\n<meta name=\"robots\" content=\"index, follow, max-snippet:-1, max-image-preview:large, max-video-preview:-1\" \/>\n<link rel=\"canonical\" href=\"https:\/\/francelyme.fr\/site\/conference-et-prevention-au-lycee-fontaines\/\" \/>\n<meta property=\"og:locale\" content=\"fr_FR\" \/>\n<meta property=\"og:type\" content=\"article\" \/>\n<meta property=\"og:title\" content=\"Conf\u00e9rence et pr\u00e9vention au lyc\u00e9e Fontaines - Association France Lyme\" \/>\n<meta property=\"og:url\" content=\"https:\/\/francelyme.fr\/site\/conference-et-prevention-au-lycee-fontaines\/\" \/>\n<meta property=\"og:site_name\" content=\"Association France Lyme\" \/>\n<meta property=\"article:publisher\" content=\"https:\/\/www.facebook.com\/france.lyme\" \/>\n<meta property=\"article:published_time\" content=\"2019-12-16T11:56:51+00:00\" \/>\n<meta property=\"article:modified_time\" content=\"2019-12-17T14:24:40+00:00\" \/>\n<meta property=\"og:image\" content=\"https:\/\/francelyme.fr\/site\/wp-content\/uploads\/2019\/12\/FL_Affiche_Conf\u00e9rence02_Fontaines.jpg\" \/>\n\t<meta property=\"og:image:width\" content=\"1488\" \/>\n\t<meta property=\"og:image:height\" content=\"2105\" \/>\n\t<meta property=\"og:image:type\" content=\"image\/jpeg\" \/>\n<meta name=\"author\" content=\"Editeur\" \/>\n<meta name=\"twitter:card\" content=\"summary_large_image\" \/>\n<meta name=\"twitter:creator\" content=\"@francelyme\" \/>\n<meta name=\"twitter:site\" content=\"@francelyme\" \/>\n<meta name=\"twitter:label1\" content=\"\u00c9crit par\" \/>\n\t<meta name=\"twitter:data1\" content=\"Editeur\" \/>\n<script type=\"application\/ld+json\" class=\"yoast-schema-graph\">{\"@context\":\"https:\\\/\\\/schema.org\",\"@graph\":[{\"@type\":\"Article\",\"@id\":\"https:\\\/\\\/francelyme.fr\\\/site\\\/conference-et-prevention-au-lycee-fontaines\\\/#article\",\"isPartOf\":{\"@id\":\"https:\\\/\\\/francelyme.fr\\\/site\\\/conference-et-prevention-au-lycee-fontaines\\\/\"},\"author\":{\"name\":\"Editeur\",\"@id\":\"https:\\\/\\\/francelyme.fr\\\/site\\\/#\\\/schema\\\/person\\\/b3a32c0e865447c2586961956f5d867e\"},\"headline\":\"Conf\u00e9rence et pr\u00e9vention au lyc\u00e9e Fontaines\",\"datePublished\":\"2019-12-16T11:56:51+00:00\",\"dateModified\":\"2019-12-17T14:24:40+00:00\",\"mainEntityOfPage\":{\"@id\":\"https:\\\/\\\/francelyme.fr\\\/site\\\/conference-et-prevention-au-lycee-fontaines\\\/\"},\"wordCount\":44,\"publisher\":{\"@id\":\"https:\\\/\\\/francelyme.fr\\\/site\\\/#organization\"},\"image\":{\"@id\":\"https:\\\/\\\/francelyme.fr\\\/site\\\/conference-et-prevention-au-lycee-fontaines\\\/#primaryimage\"},\"thumbnailUrl\":\"https:\\\/\\\/francelyme.fr\\\/site\\\/wp-content\\\/uploads\\\/2019\\\/12\\\/FL_Affiche_Conf\u00e9rence02_Fontaines.jpg\",\"articleSection\":[\"Actions et stands\",\"Bourgogne\",\"Conf\u00e9rences\"],\"inLanguage\":\"fr-FR\"},{\"@type\":\"WebPage\",\"@id\":\"https:\\\/\\\/francelyme.fr\\\/site\\\/conference-et-prevention-au-lycee-fontaines\\\/\",\"url\":\"https:\\\/\\\/francelyme.fr\\\/site\\\/conference-et-prevention-au-lycee-fontaines\\\/\",\"name\":\"Conf\u00e9rence et pr\u00e9vention au lyc\u00e9e Fontaines - Association France Lyme\",\"isPartOf\":{\"@id\":\"https:\\\/\\\/francelyme.fr\\\/site\\\/#website\"},\"primaryImageOfPage\":{\"@id\":\"https:\\\/\\\/francelyme.fr\\\/site\\\/conference-et-prevention-au-lycee-fontaines\\\/#primaryimage\"},\"image\":{\"@id\":\"https:\\\/\\\/francelyme.fr\\\/site\\\/conference-et-prevention-au-lycee-fontaines\\\/#primaryimage\"},\"thumbnailUrl\":\"https:\\\/\\\/francelyme.fr\\\/site\\\/wp-content\\\/uploads\\\/2019\\\/12\\\/FL_Affiche_Conf\u00e9rence02_Fontaines.jpg\",\"datePublished\":\"2019-12-16T11:56:51+00:00\",\"dateModified\":\"2019-12-17T14:24:40+00:00\",\"breadcrumb\":{\"@id\":\"https:\\\/\\\/francelyme.fr\\\/site\\\/conference-et-prevention-au-lycee-fontaines\\\/#breadcrumb\"},\"inLanguage\":\"fr-FR\",\"potentialAction\":[{\"@type\":\"ReadAction\",\"target\":[\"https:\\\/\\\/francelyme.fr\\\/site\\\/conference-et-prevention-au-lycee-fontaines\\\/\"]}]},{\"@type\":\"ImageObject\",\"inLanguage\":\"fr-FR\",\"@id\":\"https:\\\/\\\/francelyme.fr\\\/site\\\/conference-et-prevention-au-lycee-fontaines\\\/#primaryimage\",\"url\":\"https:\\\/\\\/francelyme.fr\\\/site\\\/wp-content\\\/uploads\\\/2019\\\/12\\\/FL_Affiche_Conf\u00e9rence02_Fontaines.jpg\",\"contentUrl\":\"https:\\\/\\\/francelyme.fr\\\/site\\\/wp-content\\\/uploads\\\/2019\\\/12\\\/FL_Affiche_Conf\u00e9rence02_Fontaines.jpg\",\"width\":1488,\"height\":2105},{\"@type\":\"BreadcrumbList\",\"@id\":\"https:\\\/\\\/francelyme.fr\\\/site\\\/conference-et-prevention-au-lycee-fontaines\\\/#breadcrumb\",\"itemListElement\":[{\"@type\":\"ListItem\",\"position\":1,\"name\":\"Accueil\",\"item\":\"https:\\\/\\\/francelyme.fr\\\/site\\\/\"},{\"@type\":\"ListItem\",\"position\":2,\"name\":\"Conf\u00e9rence et pr\u00e9vention au lyc\u00e9e Fontaines\"}]},{\"@type\":\"WebSite\",\"@id\":\"https:\\\/\\\/francelyme.fr\\\/site\\\/#website\",\"url\":\"https:\\\/\\\/francelyme.fr\\\/site\\\/\",\"name\":\"Association France Lyme\",\"description\":\"Association de lutte contre les maladies vectorielles \u00e0 tiques\",\"publisher\":{\"@id\":\"https:\\\/\\\/francelyme.fr\\\/site\\\/#organization\"},\"potentialAction\":[{\"@type\":\"SearchAction\",\"target\":{\"@type\":\"EntryPoint\",\"urlTemplate\":\"https:\\\/\\\/francelyme.fr\\\/site\\\/?s={search_term_string}\"},\"query-input\":{\"@type\":\"PropertyValueSpecification\",\"valueRequired\":true,\"valueName\":\"search_term_string\"}}],\"inLanguage\":\"fr-FR\"},{\"@type\":\"Organization\",\"@id\":\"https:\\\/\\\/francelyme.fr\\\/site\\\/#organization\",\"name\":\"France Lyme\",\"url\":\"https:\\\/\\\/francelyme.fr\\\/site\\\/\",\"logo\":{\"@type\":\"ImageObject\",\"inLanguage\":\"fr-FR\",\"@id\":\"https:\\\/\\\/francelyme.fr\\\/site\\\/#\\\/schema\\\/logo\\\/image\\\/\",\"url\":\"https:\\\/\\\/francelyme.fr\\\/site\\\/wp-content\\\/uploads\\\/2019\\\/05\\\/francelyme-site.gif\",\"contentUrl\":\"https:\\\/\\\/francelyme.fr\\\/site\\\/wp-content\\\/uploads\\\/2019\\\/05\\\/francelyme-site.gif\",\"width\":180,\"height\":180,\"caption\":\"France Lyme\"},\"image\":{\"@id\":\"https:\\\/\\\/francelyme.fr\\\/site\\\/#\\\/schema\\\/logo\\\/image\\\/\"},\"sameAs\":[\"https:\\\/\\\/www.facebook.com\\\/france.lyme\",\"https:\\\/\\\/x.com\\\/francelyme\",\"https:\\\/\\\/www.youtube.com\\\/channel\\\/UClMCGl3dvkz0iAgXFR1NH1A\"]},{\"@type\":\"Person\",\"@id\":\"https:\\\/\\\/francelyme.fr\\\/site\\\/#\\\/schema\\\/person\\\/b3a32c0e865447c2586961956f5d867e\",\"name\":\"Editeur\",\"image\":{\"@type\":\"ImageObject\",\"inLanguage\":\"fr-FR\",\"@id\":\"https:\\\/\\\/secure.gravatar.com\\\/avatar\\\/ae207cee02bf4e66ec5abb92d4ccacaa0ad5f5d3d16fe7fcb393eda94bfbf2d2?s=96&d=mm&r=g\",\"url\":\"https:\\\/\\\/secure.gravatar.com\\\/avatar\\\/ae207cee02bf4e66ec5abb92d4ccacaa0ad5f5d3d16fe7fcb393eda94bfbf2d2?s=96&d=mm&r=g\",\"contentUrl\":\"https:\\\/\\\/secure.gravatar.com\\\/avatar\\\/ae207cee02bf4e66ec5abb92d4ccacaa0ad5f5d3d16fe7fcb393eda94bfbf2d2?s=96&d=mm&r=g\",\"caption\":\"Editeur\"},\"url\":\"https:\\\/\\\/francelyme.fr\\\/site\\\/author\\\/editeuradm\\\/\"}]}<\/script>\n<!-- \/ Yoast SEO plugin. -->","yoast_head_json":{"title":"Conf\u00e9rence et pr\u00e9vention au lyc\u00e9e Fontaines - Association France Lyme","robots":{"index":"index","follow":"follow","max-snippet":"max-snippet:-1","max-image-preview":"max-image-preview:large","max-video-preview":"max-video-preview:-1"},"canonical":"https:\/\/francelyme.fr\/site\/conference-et-prevention-au-lycee-fontaines\/","og_locale":"fr_FR","og_type":"article","og_title":"Conf\u00e9rence et pr\u00e9vention au lyc\u00e9e Fontaines - Association France Lyme","og_url":"https:\/\/francelyme.fr\/site\/conference-et-prevention-au-lycee-fontaines\/","og_site_name":"Association France Lyme","article_publisher":"https:\/\/www.facebook.com\/france.lyme","article_published_time":"2019-12-16T11:56:51+00:00","article_modified_time":"2019-12-17T14:24:40+00:00","og_image":[{"width":1488,"height":2105,"url":"https:\/\/francelyme.fr\/site\/wp-content\/uploads\/2019\/12\/FL_Affiche_Conf\u00e9rence02_Fontaines.jpg","type":"image\/jpeg"}],"author":"Editeur","twitter_card":"summary_large_image","twitter_creator":"@francelyme","twitter_site":"@francelyme","twitter_misc":{"\u00c9crit par":"Editeur"},"schema":{"@context":"https:\/\/schema.org","@graph":[{"@type":"Article","@id":"https:\/\/francelyme.fr\/site\/conference-et-prevention-au-lycee-fontaines\/#article","isPartOf":{"@id":"https:\/\/francelyme.fr\/site\/conference-et-prevention-au-lycee-fontaines\/"},"author":{"name":"Editeur","@id":"https:\/\/francelyme.fr\/site\/#\/schema\/person\/b3a32c0e865447c2586961956f5d867e"},"headline":"Conf\u00e9rence et pr\u00e9vention au lyc\u00e9e Fontaines","datePublished":"2019-12-16T11:56:51+00:00","dateModified":"2019-12-17T14:24:40+00:00","mainEntityOfPage":{"@id":"https:\/\/francelyme.fr\/site\/conference-et-prevention-au-lycee-fontaines\/"},"wordCount":44,"publisher":{"@id":"https:\/\/francelyme.fr\/site\/#organization"},"image":{"@id":"https:\/\/francelyme.fr\/site\/conference-et-prevention-au-lycee-fontaines\/#primaryimage"},"thumbnailUrl":"https:\/\/francelyme.fr\/site\/wp-content\/uploads\/2019\/12\/FL_Affiche_Conf\u00e9rence02_Fontaines.jpg","articleSection":["Actions et stands","Bourgogne","Conf\u00e9rences"],"inLanguage":"fr-FR"},{"@type":"WebPage","@id":"https:\/\/francelyme.fr\/site\/conference-et-prevention-au-lycee-fontaines\/","url":"https:\/\/francelyme.fr\/site\/conference-et-prevention-au-lycee-fontaines\/","name":"Conf\u00e9rence et pr\u00e9vention au lyc\u00e9e Fontaines - Association France Lyme","isPartOf":{"@id":"https:\/\/francelyme.fr\/site\/#website"},"primaryImageOfPage":{"@id":"https:\/\/francelyme.fr\/site\/conference-et-prevention-au-lycee-fontaines\/#primaryimage"},"image":{"@id":"https:\/\/francelyme.fr\/site\/conference-et-prevention-au-lycee-fontaines\/#primaryimage"},"thumbnailUrl":"https:\/\/francelyme.fr\/site\/wp-content\/uploads\/2019\/12\/FL_Affiche_Conf\u00e9rence02_Fontaines.jpg","datePublished":"2019-12-16T11:56:51+00:00","dateModified":"2019-12-17T14:24:40+00:00","breadcrumb":{"@id":"https:\/\/francelyme.fr\/site\/conference-et-prevention-au-lycee-fontaines\/#breadcrumb"},"inLanguage":"fr-FR","potentialAction":[{"@type":"ReadAction","target":["https:\/\/francelyme.fr\/site\/conference-et-prevention-au-lycee-fontaines\/"]}]},{"@type":"ImageObject","inLanguage":"fr-FR","@id":"https:\/\/francelyme.fr\/site\/conference-et-prevention-au-lycee-fontaines\/#primaryimage","url":"https:\/\/francelyme.fr\/site\/wp-content\/uploads\/2019\/12\/FL_Affiche_Conf\u00e9rence02_Fontaines.jpg","contentUrl":"https:\/\/francelyme.fr\/site\/wp-content\/uploads\/2019\/12\/FL_Affiche_Conf\u00e9rence02_Fontaines.jpg","width":1488,"height":2105},{"@type":"BreadcrumbList","@id":"https:\/\/francelyme.fr\/site\/conference-et-prevention-au-lycee-fontaines\/#breadcrumb","itemListElement":[{"@type":"ListItem","position":1,"name":"Accueil","item":"https:\/\/francelyme.fr\/site\/"},{"@type":"ListItem","position":2,"name":"Conf\u00e9rence et pr\u00e9vention au lyc\u00e9e Fontaines"}]},{"@type":"WebSite","@id":"https:\/\/francelyme.fr\/site\/#website","url":"https:\/\/francelyme.fr\/site\/","name":"Association France Lyme","description":"Association de lutte contre les maladies vectorielles \u00e0 tiques","publisher":{"@id":"https:\/\/francelyme.fr\/site\/#organization"},"potentialAction":[{"@type":"SearchAction","target":{"@type":"EntryPoint","urlTemplate":"https:\/\/francelyme.fr\/site\/?s={search_term_string}"},"query-input":{"@type":"PropertyValueSpecification","valueRequired":true,"valueName":"search_term_string"}}],"inLanguage":"fr-FR"},{"@type":"Organization","@id":"https:\/\/francelyme.fr\/site\/#organization","name":"France Lyme","url":"https:\/\/francelyme.fr\/site\/","logo":{"@type":"ImageObject","inLanguage":"fr-FR","@id":"https:\/\/francelyme.fr\/site\/#\/schema\/logo\/image\/","url":"https:\/\/francelyme.fr\/site\/wp-content\/uploads\/2019\/05\/francelyme-site.gif","contentUrl":"https:\/\/francelyme.fr\/site\/wp-content\/uploads\/2019\/05\/francelyme-site.gif","width":180,"height":180,"caption":"France Lyme"},"image":{"@id":"https:\/\/francelyme.fr\/site\/#\/schema\/logo\/image\/"},"sameAs":["https:\/\/www.facebook.com\/france.lyme","https:\/\/x.com\/francelyme","https:\/\/www.youtube.com\/channel\/UClMCGl3dvkz0iAgXFR1NH1A"]},{"@type":"Person","@id":"https:\/\/francelyme.fr\/site\/#\/schema\/person\/b3a32c0e865447c2586961956f5d867e","name":"Editeur","image":{"@type":"ImageObject","inLanguage":"fr-FR","@id":"https:\/\/secure.gravatar.com\/avatar\/ae207cee02bf4e66ec5abb92d4ccacaa0ad5f5d3d16fe7fcb393eda94bfbf2d2?s=96&d=mm&r=g","url":"https:\/\/secure.gravatar.com\/avatar\/ae207cee02bf4e66ec5abb92d4ccacaa0ad5f5d3d16fe7fcb393eda94bfbf2d2?s=96&d=mm&r=g","contentUrl":"https:\/\/secure.gravatar.com\/avatar\/ae207cee02bf4e66ec5abb92d4ccacaa0ad5f5d3d16fe7fcb393eda94bfbf2d2?s=96&d=mm&r=g","caption":"Editeur"},"url":"https:\/\/francelyme.fr\/site\/author\/editeuradm\/"}]}},"_links":{"self":[{"href":"https:\/\/francelyme.fr\/site\/wp-json\/wp\/v2\/posts\/10480","targetHints":{"allow":["GET"]}}],"collection":[{"href":"https:\/\/francelyme.fr\/site\/wp-json\/wp\/v2\/posts"}],"about":[{"href":"https:\/\/francelyme.fr\/site\/wp-json\/wp\/v2\/types\/post"}],"author":[{"embeddable":true,"href":"https:\/\/francelyme.fr\/site\/wp-json\/wp\/v2\/users\/16"}],"replies":[{"embeddable":true,"href":"https:\/\/francelyme.fr\/site\/wp-json\/wp\/v2\/comments?post=10480"}],"version-history":[{"count":2,"href":"https:\/\/francelyme.fr\/site\/wp-json\/wp\/v2\/posts\/10480\/revisions"}],"predecessor-version":[{"id":10490,"href":"https:\/\/francelyme.fr\/site\/wp-json\/wp\/v2\/posts\/10480\/revisions\/10490"}],"wp:featuredmedia":[{"embeddable":true,"href":"https:\/\/francelyme.fr\/site\/wp-json\/wp\/v2\/media\/10489"}],"wp:attachment":[{"href":"https:\/\/francelyme.fr\/site\/wp-json\/wp\/v2\/media?parent=10480"}],"wp:term":[{"taxonomy":"category","embeddable":true,"href":"https:\/\/francelyme.fr\/site\/wp-json\/wp\/v2\/categories?post=10480"},{"taxonomy":"post_tag","embeddable":true,"href":"https:\/\/francelyme.fr\/site\/wp-json\/wp\/v2\/tags?post=10480"}],"curies":[{"name":"wp","href":"https:\/\/api.w.org\/{rel}","templated":true}]}}