{"id":10959,"date":"2020-02-24T14:32:54","date_gmt":"2020-02-24T13:32:54","guid":{"rendered":"http:\/\/francelyme.fr\/site\/?p=10959"},"modified":"2020-02-24T14:32:56","modified_gmt":"2020-02-24T13:32:56","slug":"retour-en-images-sur-lintervention-au-lycee-agricole-de-montardon-le-20-fevrier-2020","status":"publish","type":"post","link":"https:\/\/francelyme.fr\/site\/retour-en-images-sur-lintervention-au-lycee-agricole-de-montardon-le-20-fevrier-2020\/","title":{"rendered":"Retour en images, sur l&rsquo;intervention au lyc\u00e9e agricole de Montardon, le 20 F\u00e9vrier 2020"},"content":{"rendered":"<div class=\"like-button\" style=\"float: right; clear: both; text-align: right; width = 100%;\">\n<!-- Facebook Like Button Vivacity Infotech BEGIN -->\n<div class=\"fb-like\" data-href=\"https:\/\/francelyme.fr\/site\/retour-en-images-sur-lintervention-au-lycee-agricole-de-montardon-le-20-fevrier-2020\/\" data-layout=\"box_count\" data-action=\"like\" data-show-faces=\"false\" data-size=\"large\" data-width=\"450\" data-share=\"1\" ><\/div><\/div>\n<!-- Facebook Like Button Vivacity Infotech END -->\n<div id=\"fb-root\"><\/div>\n\n<p>France Lyme \u00e9tait invit\u00e9e au Lyc\u00e9e agricole de Montardon pour les journ\u00e9es \u00ab\u00a0sant\u00e9\u00a0\u00bb afin de sensibiliser 3 classes de 1ere en Science Technologique de l&rsquo;Agro et du Vivant sur les maladies vectorielles \u00e0 tiques. Pour la plupart des \u00e9l\u00e8ves, le contact avec des tiques est fr\u00e9quent.<\/p>\n\n\n\n<p>C&rsquo;\u00e9tait l&rsquo;occasion de rappeler qu&rsquo;il faut rester vigilant en toute saison contre d&rsquo;\u00e9ventuelles morsures de tiques. \u00ab&nbsp;Notre belle r\u00e9gion des Pyr\u00e9n\u00e9es-Atlantiques n&rsquo;est pas \u00e9pargn\u00e9e. La prolif\u00e9ration des tiques est accentu\u00e9e par des hivers doux, et une disparition de certains de ses pr\u00e9dateurs&nbsp;\u00bb.<\/p>\n\n\n\n<p>Ces journ\u00e9es de pr\u00e9vention seront\u00a0 renouvel\u00e9es tr\u00e8s prochainement, en collaboration avec Mme Benest, infirmi\u00e8re du Lyc\u00e9e.<\/p>\n\n\n\n<figure class=\"wp-block-image size-large\"><img loading=\"lazy\" decoding=\"async\" width=\"960\" height=\"720\" src=\"https:\/\/francelyme.fr\/site\/wp-content\/uploads\/2020\/02\/87061589_840056643133700_4196916886304194560_n.jpg\" alt=\"\" class=\"wp-image-10960\" srcset=\"https:\/\/francelyme.fr\/site\/wp-content\/uploads\/2020\/02\/87061589_840056643133700_4196916886304194560_n.jpg 960w, https:\/\/francelyme.fr\/site\/wp-content\/uploads\/2020\/02\/87061589_840056643133700_4196916886304194560_n-300x225.jpg 300w, https:\/\/francelyme.fr\/site\/wp-content\/uploads\/2020\/02\/87061589_840056643133700_4196916886304194560_n-768x576.jpg 768w\" sizes=\"auto, (max-width: 960px) 100vw, 960px\" \/><\/figure>\n\n\n\n<figure class=\"wp-block-image size-large\"><img loading=\"lazy\" decoding=\"async\" width=\"720\" height=\"960\" src=\"https:\/\/francelyme.fr\/site\/wp-content\/uploads\/2020\/02\/87104555_840056723133692_7489362678532538368_n.jpg\" alt=\"\" class=\"wp-image-10961\" srcset=\"https:\/\/francelyme.fr\/site\/wp-content\/uploads\/2020\/02\/87104555_840056723133692_7489362678532538368_n.jpg 720w, https:\/\/francelyme.fr\/site\/wp-content\/uploads\/2020\/02\/87104555_840056723133692_7489362678532538368_n-225x300.jpg 225w\" sizes=\"auto, (max-width: 720px) 100vw, 720px\" \/><\/figure>\n\n\n\n<figure class=\"wp-block-image size-large\"><img loading=\"lazy\" decoding=\"async\" width=\"960\" height=\"720\" src=\"https:\/\/francelyme.fr\/site\/wp-content\/uploads\/2020\/02\/87175589_840056876467010_1678087110306824192_n.jpg\" alt=\"\" class=\"wp-image-10962\" srcset=\"https:\/\/francelyme.fr\/site\/wp-content\/uploads\/2020\/02\/87175589_840056876467010_1678087110306824192_n.jpg 960w, https:\/\/francelyme.fr\/site\/wp-content\/uploads\/2020\/02\/87175589_840056876467010_1678087110306824192_n-300x225.jpg 300w, https:\/\/francelyme.fr\/site\/wp-content\/uploads\/2020\/02\/87175589_840056876467010_1678087110306824192_n-768x576.jpg 768w\" sizes=\"auto, (max-width: 960px) 100vw, 960px\" \/><\/figure>\n\n\n\n<figure class=\"wp-block-image size-large\"><img loading=\"lazy\" decoding=\"async\" width=\"960\" height=\"720\" src=\"https:\/\/francelyme.fr\/site\/wp-content\/uploads\/2020\/02\/86970366_840056689800362_4116787420924477440_n.jpg\" alt=\"\" class=\"wp-image-10963\" srcset=\"https:\/\/francelyme.fr\/site\/wp-content\/uploads\/2020\/02\/86970366_840056689800362_4116787420924477440_n.jpg 960w, https:\/\/francelyme.fr\/site\/wp-content\/uploads\/2020\/02\/86970366_840056689800362_4116787420924477440_n-300x225.jpg 300w, https:\/\/francelyme.fr\/site\/wp-content\/uploads\/2020\/02\/86970366_840056689800362_4116787420924477440_n-768x576.jpg 768w\" sizes=\"auto, (max-width: 960px) 100vw, 960px\" \/><\/figure>\n\n\n\n<figure class=\"wp-block-image size-large\"><img loading=\"lazy\" decoding=\"async\" width=\"720\" height=\"960\" src=\"https:\/\/francelyme.fr\/site\/wp-content\/uploads\/2020\/02\/86796188_840056933133671_204462918853459968_n.jpg\" alt=\"\" class=\"wp-image-10964\" srcset=\"https:\/\/francelyme.fr\/site\/wp-content\/uploads\/2020\/02\/86796188_840056933133671_204462918853459968_n.jpg 720w, https:\/\/francelyme.fr\/site\/wp-content\/uploads\/2020\/02\/86796188_840056933133671_204462918853459968_n-225x300.jpg 225w\" sizes=\"auto, (max-width: 720px) 100vw, 720px\" \/><\/figure>\n<div class=\"like-button\" style=\"float: right; clear: both; text-align: right; width = 100%;\">\n<!-- Facebook Like Button Vivacity Infotech BEGIN -->\n<div class=\"fb-like\" data-href=\"https:\/\/francelyme.fr\/site\/retour-en-images-sur-lintervention-au-lycee-agricole-de-montardon-le-20-fevrier-2020\/\" data-layout=\"box_count\" data-action=\"like\" data-show-faces=\"false\" data-size=\"large\" data-width=\"450\" data-share=\"1\" ><\/div><\/div>\n<!-- Facebook Like Button Vivacity Infotech END -->\n","protected":false},"excerpt":{"rendered":"","protected":false},"author":16,"featured_media":10961,"comment_status":"closed","ping_status":"open","sticky":false,"template":"","format":"standard","meta":{"footnotes":""},"categories":[61,9],"tags":[],"class_list":["post-10959","post","type-post","status-publish","format-standard","has-post-thumbnail","hentry","category-aquitaine","category-prevention"],"yoast_head":"<!-- This site is optimized with the Yoast SEO plugin v27.3 - https:\/\/yoast.com\/product\/yoast-seo-wordpress\/ -->\n<title>Retour en images, sur l&#039;intervention au lyc\u00e9e agricole de Montardon, le 20 F\u00e9vrier 2020 - Association France Lyme<\/title>\n<meta name=\"robots\" content=\"index, follow, max-snippet:-1, max-image-preview:large, max-video-preview:-1\" \/>\n<link rel=\"canonical\" href=\"https:\/\/francelyme.fr\/site\/retour-en-images-sur-lintervention-au-lycee-agricole-de-montardon-le-20-fevrier-2020\/\" \/>\n<meta property=\"og:locale\" content=\"fr_FR\" \/>\n<meta property=\"og:type\" content=\"article\" \/>\n<meta property=\"og:title\" content=\"Retour en images, sur l&#039;intervention au lyc\u00e9e agricole de Montardon, le 20 F\u00e9vrier 2020 - Association France Lyme\" \/>\n<meta property=\"og:url\" content=\"https:\/\/francelyme.fr\/site\/retour-en-images-sur-lintervention-au-lycee-agricole-de-montardon-le-20-fevrier-2020\/\" \/>\n<meta property=\"og:site_name\" content=\"Association France Lyme\" \/>\n<meta property=\"article:publisher\" content=\"https:\/\/www.facebook.com\/france.lyme\" \/>\n<meta property=\"article:published_time\" content=\"2020-02-24T13:32:54+00:00\" \/>\n<meta property=\"article:modified_time\" content=\"2020-02-24T13:32:56+00:00\" \/>\n<meta property=\"og:image\" content=\"https:\/\/francelyme.fr\/site\/wp-content\/uploads\/2020\/02\/87104555_840056723133692_7489362678532538368_n.jpg\" \/>\n\t<meta property=\"og:image:width\" content=\"720\" \/>\n\t<meta property=\"og:image:height\" content=\"960\" \/>\n\t<meta property=\"og:image:type\" content=\"image\/jpeg\" \/>\n<meta name=\"author\" content=\"Editeur\" \/>\n<meta name=\"twitter:card\" content=\"summary_large_image\" \/>\n<meta name=\"twitter:creator\" content=\"@francelyme\" \/>\n<meta name=\"twitter:site\" content=\"@francelyme\" \/>\n<meta name=\"twitter:label1\" content=\"\u00c9crit par\" \/>\n\t<meta name=\"twitter:data1\" content=\"Editeur\" \/>\n\t<meta name=\"twitter:label2\" content=\"Dur\u00e9e de lecture estim\u00e9e\" \/>\n\t<meta name=\"twitter:data2\" content=\"1 minute\" \/>\n<script type=\"application\/ld+json\" class=\"yoast-schema-graph\">{\"@context\":\"https:\\\/\\\/schema.org\",\"@graph\":[{\"@type\":\"Article\",\"@id\":\"https:\\\/\\\/francelyme.fr\\\/site\\\/retour-en-images-sur-lintervention-au-lycee-agricole-de-montardon-le-20-fevrier-2020\\\/#article\",\"isPartOf\":{\"@id\":\"https:\\\/\\\/francelyme.fr\\\/site\\\/retour-en-images-sur-lintervention-au-lycee-agricole-de-montardon-le-20-fevrier-2020\\\/\"},\"author\":{\"name\":\"Editeur\",\"@id\":\"https:\\\/\\\/francelyme.fr\\\/site\\\/#\\\/schema\\\/person\\\/b3a32c0e865447c2586961956f5d867e\"},\"headline\":\"Retour en images, sur l&rsquo;intervention au lyc\u00e9e agricole de Montardon, le 20 F\u00e9vrier 2020\",\"datePublished\":\"2020-02-24T13:32:54+00:00\",\"dateModified\":\"2020-02-24T13:32:56+00:00\",\"mainEntityOfPage\":{\"@id\":\"https:\\\/\\\/francelyme.fr\\\/site\\\/retour-en-images-sur-lintervention-au-lycee-agricole-de-montardon-le-20-fevrier-2020\\\/\"},\"wordCount\":143,\"publisher\":{\"@id\":\"https:\\\/\\\/francelyme.fr\\\/site\\\/#organization\"},\"image\":{\"@id\":\"https:\\\/\\\/francelyme.fr\\\/site\\\/retour-en-images-sur-lintervention-au-lycee-agricole-de-montardon-le-20-fevrier-2020\\\/#primaryimage\"},\"thumbnailUrl\":\"https:\\\/\\\/francelyme.fr\\\/site\\\/wp-content\\\/uploads\\\/2020\\\/02\\\/87104555_840056723133692_7489362678532538368_n.jpg\",\"articleSection\":[\"Aquitaine\",\"Pr\u00e9vention\"],\"inLanguage\":\"fr-FR\"},{\"@type\":\"WebPage\",\"@id\":\"https:\\\/\\\/francelyme.fr\\\/site\\\/retour-en-images-sur-lintervention-au-lycee-agricole-de-montardon-le-20-fevrier-2020\\\/\",\"url\":\"https:\\\/\\\/francelyme.fr\\\/site\\\/retour-en-images-sur-lintervention-au-lycee-agricole-de-montardon-le-20-fevrier-2020\\\/\",\"name\":\"Retour en images, sur l'intervention au lyc\u00e9e agricole de Montardon, le 20 F\u00e9vrier 2020 - Association France Lyme\",\"isPartOf\":{\"@id\":\"https:\\\/\\\/francelyme.fr\\\/site\\\/#website\"},\"primaryImageOfPage\":{\"@id\":\"https:\\\/\\\/francelyme.fr\\\/site\\\/retour-en-images-sur-lintervention-au-lycee-agricole-de-montardon-le-20-fevrier-2020\\\/#primaryimage\"},\"image\":{\"@id\":\"https:\\\/\\\/francelyme.fr\\\/site\\\/retour-en-images-sur-lintervention-au-lycee-agricole-de-montardon-le-20-fevrier-2020\\\/#primaryimage\"},\"thumbnailUrl\":\"https:\\\/\\\/francelyme.fr\\\/site\\\/wp-content\\\/uploads\\\/2020\\\/02\\\/87104555_840056723133692_7489362678532538368_n.jpg\",\"datePublished\":\"2020-02-24T13:32:54+00:00\",\"dateModified\":\"2020-02-24T13:32:56+00:00\",\"breadcrumb\":{\"@id\":\"https:\\\/\\\/francelyme.fr\\\/site\\\/retour-en-images-sur-lintervention-au-lycee-agricole-de-montardon-le-20-fevrier-2020\\\/#breadcrumb\"},\"inLanguage\":\"fr-FR\",\"potentialAction\":[{\"@type\":\"ReadAction\",\"target\":[\"https:\\\/\\\/francelyme.fr\\\/site\\\/retour-en-images-sur-lintervention-au-lycee-agricole-de-montardon-le-20-fevrier-2020\\\/\"]}]},{\"@type\":\"ImageObject\",\"inLanguage\":\"fr-FR\",\"@id\":\"https:\\\/\\\/francelyme.fr\\\/site\\\/retour-en-images-sur-lintervention-au-lycee-agricole-de-montardon-le-20-fevrier-2020\\\/#primaryimage\",\"url\":\"https:\\\/\\\/francelyme.fr\\\/site\\\/wp-content\\\/uploads\\\/2020\\\/02\\\/87104555_840056723133692_7489362678532538368_n.jpg\",\"contentUrl\":\"https:\\\/\\\/francelyme.fr\\\/site\\\/wp-content\\\/uploads\\\/2020\\\/02\\\/87104555_840056723133692_7489362678532538368_n.jpg\",\"width\":720,\"height\":960},{\"@type\":\"BreadcrumbList\",\"@id\":\"https:\\\/\\\/francelyme.fr\\\/site\\\/retour-en-images-sur-lintervention-au-lycee-agricole-de-montardon-le-20-fevrier-2020\\\/#breadcrumb\",\"itemListElement\":[{\"@type\":\"ListItem\",\"position\":1,\"name\":\"Accueil\",\"item\":\"https:\\\/\\\/francelyme.fr\\\/site\\\/\"},{\"@type\":\"ListItem\",\"position\":2,\"name\":\"Retour en images, sur l&#8217;intervention au lyc\u00e9e agricole de Montardon, le 20 F\u00e9vrier 2020\"}]},{\"@type\":\"WebSite\",\"@id\":\"https:\\\/\\\/francelyme.fr\\\/site\\\/#website\",\"url\":\"https:\\\/\\\/francelyme.fr\\\/site\\\/\",\"name\":\"Association France Lyme\",\"description\":\"Association de lutte contre les maladies vectorielles \u00e0 tiques\",\"publisher\":{\"@id\":\"https:\\\/\\\/francelyme.fr\\\/site\\\/#organization\"},\"potentialAction\":[{\"@type\":\"SearchAction\",\"target\":{\"@type\":\"EntryPoint\",\"urlTemplate\":\"https:\\\/\\\/francelyme.fr\\\/site\\\/?s={search_term_string}\"},\"query-input\":{\"@type\":\"PropertyValueSpecification\",\"valueRequired\":true,\"valueName\":\"search_term_string\"}}],\"inLanguage\":\"fr-FR\"},{\"@type\":\"Organization\",\"@id\":\"https:\\\/\\\/francelyme.fr\\\/site\\\/#organization\",\"name\":\"France Lyme\",\"url\":\"https:\\\/\\\/francelyme.fr\\\/site\\\/\",\"logo\":{\"@type\":\"ImageObject\",\"inLanguage\":\"fr-FR\",\"@id\":\"https:\\\/\\\/francelyme.fr\\\/site\\\/#\\\/schema\\\/logo\\\/image\\\/\",\"url\":\"https:\\\/\\\/francelyme.fr\\\/site\\\/wp-content\\\/uploads\\\/2019\\\/05\\\/francelyme-site.gif\",\"contentUrl\":\"https:\\\/\\\/francelyme.fr\\\/site\\\/wp-content\\\/uploads\\\/2019\\\/05\\\/francelyme-site.gif\",\"width\":180,\"height\":180,\"caption\":\"France Lyme\"},\"image\":{\"@id\":\"https:\\\/\\\/francelyme.fr\\\/site\\\/#\\\/schema\\\/logo\\\/image\\\/\"},\"sameAs\":[\"https:\\\/\\\/www.facebook.com\\\/france.lyme\",\"https:\\\/\\\/x.com\\\/francelyme\",\"https:\\\/\\\/www.youtube.com\\\/channel\\\/UClMCGl3dvkz0iAgXFR1NH1A\"]},{\"@type\":\"Person\",\"@id\":\"https:\\\/\\\/francelyme.fr\\\/site\\\/#\\\/schema\\\/person\\\/b3a32c0e865447c2586961956f5d867e\",\"name\":\"Editeur\",\"image\":{\"@type\":\"ImageObject\",\"inLanguage\":\"fr-FR\",\"@id\":\"https:\\\/\\\/secure.gravatar.com\\\/avatar\\\/ae207cee02bf4e66ec5abb92d4ccacaa0ad5f5d3d16fe7fcb393eda94bfbf2d2?s=96&d=mm&r=g\",\"url\":\"https:\\\/\\\/secure.gravatar.com\\\/avatar\\\/ae207cee02bf4e66ec5abb92d4ccacaa0ad5f5d3d16fe7fcb393eda94bfbf2d2?s=96&d=mm&r=g\",\"contentUrl\":\"https:\\\/\\\/secure.gravatar.com\\\/avatar\\\/ae207cee02bf4e66ec5abb92d4ccacaa0ad5f5d3d16fe7fcb393eda94bfbf2d2?s=96&d=mm&r=g\",\"caption\":\"Editeur\"},\"url\":\"https:\\\/\\\/francelyme.fr\\\/site\\\/author\\\/editeuradm\\\/\"}]}<\/script>\n<!-- \/ Yoast SEO plugin. -->","yoast_head_json":{"title":"Retour en images, sur l'intervention au lyc\u00e9e agricole de Montardon, le 20 F\u00e9vrier 2020 - Association France Lyme","robots":{"index":"index","follow":"follow","max-snippet":"max-snippet:-1","max-image-preview":"max-image-preview:large","max-video-preview":"max-video-preview:-1"},"canonical":"https:\/\/francelyme.fr\/site\/retour-en-images-sur-lintervention-au-lycee-agricole-de-montardon-le-20-fevrier-2020\/","og_locale":"fr_FR","og_type":"article","og_title":"Retour en images, sur l'intervention au lyc\u00e9e agricole de Montardon, le 20 F\u00e9vrier 2020 - Association France Lyme","og_url":"https:\/\/francelyme.fr\/site\/retour-en-images-sur-lintervention-au-lycee-agricole-de-montardon-le-20-fevrier-2020\/","og_site_name":"Association France Lyme","article_publisher":"https:\/\/www.facebook.com\/france.lyme","article_published_time":"2020-02-24T13:32:54+00:00","article_modified_time":"2020-02-24T13:32:56+00:00","og_image":[{"width":720,"height":960,"url":"https:\/\/francelyme.fr\/site\/wp-content\/uploads\/2020\/02\/87104555_840056723133692_7489362678532538368_n.jpg","type":"image\/jpeg"}],"author":"Editeur","twitter_card":"summary_large_image","twitter_creator":"@francelyme","twitter_site":"@francelyme","twitter_misc":{"\u00c9crit par":"Editeur","Dur\u00e9e de lecture estim\u00e9e":"1 minute"},"schema":{"@context":"https:\/\/schema.org","@graph":[{"@type":"Article","@id":"https:\/\/francelyme.fr\/site\/retour-en-images-sur-lintervention-au-lycee-agricole-de-montardon-le-20-fevrier-2020\/#article","isPartOf":{"@id":"https:\/\/francelyme.fr\/site\/retour-en-images-sur-lintervention-au-lycee-agricole-de-montardon-le-20-fevrier-2020\/"},"author":{"name":"Editeur","@id":"https:\/\/francelyme.fr\/site\/#\/schema\/person\/b3a32c0e865447c2586961956f5d867e"},"headline":"Retour en images, sur l&rsquo;intervention au lyc\u00e9e agricole de Montardon, le 20 F\u00e9vrier 2020","datePublished":"2020-02-24T13:32:54+00:00","dateModified":"2020-02-24T13:32:56+00:00","mainEntityOfPage":{"@id":"https:\/\/francelyme.fr\/site\/retour-en-images-sur-lintervention-au-lycee-agricole-de-montardon-le-20-fevrier-2020\/"},"wordCount":143,"publisher":{"@id":"https:\/\/francelyme.fr\/site\/#organization"},"image":{"@id":"https:\/\/francelyme.fr\/site\/retour-en-images-sur-lintervention-au-lycee-agricole-de-montardon-le-20-fevrier-2020\/#primaryimage"},"thumbnailUrl":"https:\/\/francelyme.fr\/site\/wp-content\/uploads\/2020\/02\/87104555_840056723133692_7489362678532538368_n.jpg","articleSection":["Aquitaine","Pr\u00e9vention"],"inLanguage":"fr-FR"},{"@type":"WebPage","@id":"https:\/\/francelyme.fr\/site\/retour-en-images-sur-lintervention-au-lycee-agricole-de-montardon-le-20-fevrier-2020\/","url":"https:\/\/francelyme.fr\/site\/retour-en-images-sur-lintervention-au-lycee-agricole-de-montardon-le-20-fevrier-2020\/","name":"Retour en images, sur l'intervention au lyc\u00e9e agricole de Montardon, le 20 F\u00e9vrier 2020 - Association France Lyme","isPartOf":{"@id":"https:\/\/francelyme.fr\/site\/#website"},"primaryImageOfPage":{"@id":"https:\/\/francelyme.fr\/site\/retour-en-images-sur-lintervention-au-lycee-agricole-de-montardon-le-20-fevrier-2020\/#primaryimage"},"image":{"@id":"https:\/\/francelyme.fr\/site\/retour-en-images-sur-lintervention-au-lycee-agricole-de-montardon-le-20-fevrier-2020\/#primaryimage"},"thumbnailUrl":"https:\/\/francelyme.fr\/site\/wp-content\/uploads\/2020\/02\/87104555_840056723133692_7489362678532538368_n.jpg","datePublished":"2020-02-24T13:32:54+00:00","dateModified":"2020-02-24T13:32:56+00:00","breadcrumb":{"@id":"https:\/\/francelyme.fr\/site\/retour-en-images-sur-lintervention-au-lycee-agricole-de-montardon-le-20-fevrier-2020\/#breadcrumb"},"inLanguage":"fr-FR","potentialAction":[{"@type":"ReadAction","target":["https:\/\/francelyme.fr\/site\/retour-en-images-sur-lintervention-au-lycee-agricole-de-montardon-le-20-fevrier-2020\/"]}]},{"@type":"ImageObject","inLanguage":"fr-FR","@id":"https:\/\/francelyme.fr\/site\/retour-en-images-sur-lintervention-au-lycee-agricole-de-montardon-le-20-fevrier-2020\/#primaryimage","url":"https:\/\/francelyme.fr\/site\/wp-content\/uploads\/2020\/02\/87104555_840056723133692_7489362678532538368_n.jpg","contentUrl":"https:\/\/francelyme.fr\/site\/wp-content\/uploads\/2020\/02\/87104555_840056723133692_7489362678532538368_n.jpg","width":720,"height":960},{"@type":"BreadcrumbList","@id":"https:\/\/francelyme.fr\/site\/retour-en-images-sur-lintervention-au-lycee-agricole-de-montardon-le-20-fevrier-2020\/#breadcrumb","itemListElement":[{"@type":"ListItem","position":1,"name":"Accueil","item":"https:\/\/francelyme.fr\/site\/"},{"@type":"ListItem","position":2,"name":"Retour en images, sur l&#8217;intervention au lyc\u00e9e agricole de Montardon, le 20 F\u00e9vrier 2020"}]},{"@type":"WebSite","@id":"https:\/\/francelyme.fr\/site\/#website","url":"https:\/\/francelyme.fr\/site\/","name":"Association France Lyme","description":"Association de lutte contre les maladies vectorielles \u00e0 tiques","publisher":{"@id":"https:\/\/francelyme.fr\/site\/#organization"},"potentialAction":[{"@type":"SearchAction","target":{"@type":"EntryPoint","urlTemplate":"https:\/\/francelyme.fr\/site\/?s={search_term_string}"},"query-input":{"@type":"PropertyValueSpecification","valueRequired":true,"valueName":"search_term_string"}}],"inLanguage":"fr-FR"},{"@type":"Organization","@id":"https:\/\/francelyme.fr\/site\/#organization","name":"France Lyme","url":"https:\/\/francelyme.fr\/site\/","logo":{"@type":"ImageObject","inLanguage":"fr-FR","@id":"https:\/\/francelyme.fr\/site\/#\/schema\/logo\/image\/","url":"https:\/\/francelyme.fr\/site\/wp-content\/uploads\/2019\/05\/francelyme-site.gif","contentUrl":"https:\/\/francelyme.fr\/site\/wp-content\/uploads\/2019\/05\/francelyme-site.gif","width":180,"height":180,"caption":"France Lyme"},"image":{"@id":"https:\/\/francelyme.fr\/site\/#\/schema\/logo\/image\/"},"sameAs":["https:\/\/www.facebook.com\/france.lyme","https:\/\/x.com\/francelyme","https:\/\/www.youtube.com\/channel\/UClMCGl3dvkz0iAgXFR1NH1A"]},{"@type":"Person","@id":"https:\/\/francelyme.fr\/site\/#\/schema\/person\/b3a32c0e865447c2586961956f5d867e","name":"Editeur","image":{"@type":"ImageObject","inLanguage":"fr-FR","@id":"https:\/\/secure.gravatar.com\/avatar\/ae207cee02bf4e66ec5abb92d4ccacaa0ad5f5d3d16fe7fcb393eda94bfbf2d2?s=96&d=mm&r=g","url":"https:\/\/secure.gravatar.com\/avatar\/ae207cee02bf4e66ec5abb92d4ccacaa0ad5f5d3d16fe7fcb393eda94bfbf2d2?s=96&d=mm&r=g","contentUrl":"https:\/\/secure.gravatar.com\/avatar\/ae207cee02bf4e66ec5abb92d4ccacaa0ad5f5d3d16fe7fcb393eda94bfbf2d2?s=96&d=mm&r=g","caption":"Editeur"},"url":"https:\/\/francelyme.fr\/site\/author\/editeuradm\/"}]}},"_links":{"self":[{"href":"https:\/\/francelyme.fr\/site\/wp-json\/wp\/v2\/posts\/10959","targetHints":{"allow":["GET"]}}],"collection":[{"href":"https:\/\/francelyme.fr\/site\/wp-json\/wp\/v2\/posts"}],"about":[{"href":"https:\/\/francelyme.fr\/site\/wp-json\/wp\/v2\/types\/post"}],"author":[{"embeddable":true,"href":"https:\/\/francelyme.fr\/site\/wp-json\/wp\/v2\/users\/16"}],"replies":[{"embeddable":true,"href":"https:\/\/francelyme.fr\/site\/wp-json\/wp\/v2\/comments?post=10959"}],"version-history":[{"count":1,"href":"https:\/\/francelyme.fr\/site\/wp-json\/wp\/v2\/posts\/10959\/revisions"}],"predecessor-version":[{"id":10965,"href":"https:\/\/francelyme.fr\/site\/wp-json\/wp\/v2\/posts\/10959\/revisions\/10965"}],"wp:featuredmedia":[{"embeddable":true,"href":"https:\/\/francelyme.fr\/site\/wp-json\/wp\/v2\/media\/10961"}],"wp:attachment":[{"href":"https:\/\/francelyme.fr\/site\/wp-json\/wp\/v2\/media?parent=10959"}],"wp:term":[{"taxonomy":"category","embeddable":true,"href":"https:\/\/francelyme.fr\/site\/wp-json\/wp\/v2\/categories?post=10959"},{"taxonomy":"post_tag","embeddable":true,"href":"https:\/\/francelyme.fr\/site\/wp-json\/wp\/v2\/tags?post=10959"}],"curies":[{"name":"wp","href":"https:\/\/api.w.org\/{rel}","templated":true}]}}