{"id":11343,"date":"2020-06-27T11:08:56","date_gmt":"2020-06-27T09:08:56","guid":{"rendered":"http:\/\/francelyme.fr\/site\/?p=11343"},"modified":"2020-09-24T21:14:34","modified_gmt":"2020-09-24T19:14:34","slug":"depot-de-plainte-du-26-juin-2020-contre-le-cnom","status":"publish","type":"post","link":"https:\/\/francelyme.fr\/site\/depot-de-plainte-du-26-juin-2020-contre-le-cnom\/","title":{"rendered":"D\u00e9p\u00f4t de plainte du 26 juin 2020 contre le CNOM"},"content":{"rendered":"<div class=\"like-button\" style=\"float: right; clear: both; text-align: right; width = 100%;\">\n<!-- Facebook Like Button Vivacity Infotech BEGIN -->\n<div class=\"fb-like\" data-href=\"https:\/\/francelyme.fr\/site\/depot-de-plainte-du-26-juin-2020-contre-le-cnom\/\" data-layout=\"box_count\" data-action=\"like\" data-show-faces=\"false\" data-size=\"large\" data-width=\"450\" data-share=\"1\" ><\/div><\/div>\n<!-- Facebook Like Button Vivacity Infotech END -->\n<div id=\"fb-root\"><\/div>\n\n<p><strong>L\u2019association France Lyme d\u00e9pose une\nplainte contre le Conseil national de l&rsquo;Ordre des m\u00e9decins<\/strong><strong> qui a menac\u00e9 de suspension les m\u00e9decins qui\nprescriraient des traitements afin de lutter contre l\u2019\u00e9pid\u00e9mie de COVID\n19.&nbsp;<\/strong><strong><\/strong><\/p>\n\n\n\n<p>Ce&nbsp; 26 juin 2020, l\u2019association France Lyme, par\nl\u2019interm\u00e9diaire de son avocat Maitre Thomas BENAGES, vient de d\u00e9poser une\nplainte contre le Conseil national de l&rsquo;Ordre des m\u00e9decins (CNOM) devant le\nProcureur de la R\u00e9publique de Paris pour&nbsp;:<\/p>\n\n\n\n<ul class=\"wp-block-list\"><li>Menaces, et intimidation pour obtenir d&rsquo;un\nprofessionnel de sant\u00e9, dans l&rsquo;exercice de ses fonctions qu&rsquo;il accomplisse ou\ns&rsquo;abstienne d&rsquo;accomplir un acte de sa fonction.<\/li><li>Mise en danger d\u00e9lib\u00e9r\u00e9e de la personne\nd\u2019autrui<\/li><li>Atteinte involontaire \u00e0 l\u2019int\u00e9grit\u00e9\nd\u2019autrui&nbsp;<\/li><li>Non-assistance \u00e0 personne en danger<\/li><\/ul>\n\n\n\n<p>Cette plainte a\n\u00e9t\u00e9 d\u00e9pos\u00e9e en r\u00e9action au communiqu\u00e9 de presse publi\u00e9 le 23 avril 2020 par le\nCNOM, visant \u00e0 limiter la libert\u00e9 de prescription des m\u00e9decins dans le cadre de\nla crise du COVID 19, en mena\u00e7ant les m\u00e9decins de suspension s\u2019ils devaient\ntenter de soigner les malades atteints du COVID 19.<\/p>\n\n\n\n<p>Ce communiqu\u00e9 du CNOM, qui est \u00e0 l\u2019attention de tous\nles m\u00e9decins de France, ne rappelle \u00e0 aucun moment les dispositions l\u00e9gales en\nvigueur permettant aux m\u00e9decins de prescrire des m\u00e9dicaments dans le cadre de\nla crise du COVID 19. Ce communiqu\u00e9 se contente, d\u2019une mani\u00e8re tr\u00e8s g\u00e9n\u00e9ral, de\nmenacer de suspension imm\u00e9diate les m\u00e9decins qui prescriraient des\n\u00ab&nbsp;traitements non valid\u00e9s scientifiquement&nbsp;\u00bb afin de lutter contre\nl\u2019\u00e9pid\u00e9mie de COVID 19, c\u2019est-\u00e0-dire, l\u2019ensemble des traitements&nbsp;!<\/p>\n\n\n\n<p>D\u00e8s lors, ce\ncommuniqu\u00e9 de presse a une incidence directe pour les malades de Lyme que\nl\u2019Association repr\u00e9sente, d\u00e8s lors qu\u2019en cas de contamination par le COVID 19,\nces malades ne peuvent pas \u00eatre soign\u00e9s par leur m\u00e9decin habituel, ceux-ci\nayant \u00e9t\u00e9 menac\u00e9s de suspension par le CNOM.<\/p>\n\n\n\n<p>La plainte de\nl\u2019Association France Lyme repose donc sur le fait que&nbsp;le CNOM, par son\ncommuniqu\u00e9 de presse du 23 avril 2020, exerce des menaces et intimide les\nm\u00e9decins g\u00e9n\u00e9ralistes de France en leur signifiant qu&rsquo;ils risquent une\nsuspension imm\u00e9diate de leur activit\u00e9 pour cause de&nbsp; mise en danger des\npatients, s\u2019ils devaient tenter de soigner un malade du COVID 19 (quel que soit\nle traitement). Or, selon l\u2019article 433-3 du code p\u00e9nal est puni de dix ans\nd&#8217;emprisonnement et de 150 000 euros d&rsquo;amende le fait d&rsquo;user de menaces, ou de\ncommettre tout autre acte d&rsquo;intimidation pour obtenir d&rsquo;un professionnel de\nsant\u00e9, dans l&rsquo;exercice de ses fonctions, qu&rsquo;il accomplisse ou s&rsquo;abstienne\nd&rsquo;accomplir un acte de sa fonction. L\u2019Association France Lyme consid\u00e8re donc\nque le CNOM s\u2019est livr\u00e9 \u00e0 des menaces et intimidations envers les m\u00e9decins\ng\u00e9n\u00e9ralistes de France, dans l&rsquo;exercice de leurs fonctions, pour que ceux-ci\ns&rsquo;abstiennent d&rsquo;accomplir un acte de leur fonction, en violation de L\u2019art 433-3\ndu code p\u00e9nal.<\/p>\n\n\n\n<p>Par ailleurs, l\u2019Association France Lyme consid\u00e8re \u00e9galement\nque&nbsp;:<\/p>\n\n\n\n<ul class=\"wp-block-list\"><li>Le CNOM ne respecte ni la vie humaine ni la dignit\u00e9 des malades en\nne permettant pas aux m\u00e9decins de France de soigner les malades du COVID\n19.&nbsp; En cela il emp\u00eache toute\nam\u00e9lioration de l\u2019\u00e9tat de sant\u00e9 des patients atteints du COVID 19, et met leur\nvie en danger en violation de l\u2019article 121-3 Code P\u00e9nal (mise en danger\nd\u00e9lib\u00e9r\u00e9e de la personne d\u2019autrui).<\/li><\/ul>\n\n\n\n<ul class=\"wp-block-list\"><li>Le\nCNOM, en emp\u00eachant les m\u00e9decins de France de soigner les malades du COVID 19,\nporte atteinte \u00e0 l\u2019int\u00e9grit\u00e9 des milliers de malades du COVID 19 en France. En\neffet,&nbsp; les menaces de radiation que le\nCNOM fait peser sur les m\u00e9decins ne permettent pas aux malades atteints du\nCOVID 19 d\u2019obtenir un traitement, aggravant de facto leurs souffrances et leur\nrisque de mourir, en violation des dispositions de l\u2019article 222-19 du Code\nP\u00e9nal (l\u2019atteinte involontaire \u00e0 l\u2019int\u00e9grit\u00e9 d\u2019autrui)&nbsp;<\/li><\/ul>\n\n\n\n<ul class=\"wp-block-list\"><li>Les menaces de radiation que le CNOM\nfait peser sur les m\u00e9decins, ne leur permettent pas de porter assistance aux\nmalades atteints du COVID 19, qui sont des personnes en danger. En cela le CNOM\nviole les dispositions de l\u2019article 223-6 du Code P\u00e9nal (non-assistance \u00e0\npersonne en danger).<\/li><\/ul>\n\n\n\n<p>Nous vous tiendrons inform\u00e9s des suites\nque le Procureur de le R\u00e9publique entend donner \u00e0 cette plainte.<\/p>\n<div class=\"like-button\" style=\"float: right; clear: both; text-align: right; width = 100%;\">\n<!-- Facebook Like Button Vivacity Infotech BEGIN -->\n<div class=\"fb-like\" data-href=\"https:\/\/francelyme.fr\/site\/depot-de-plainte-du-26-juin-2020-contre-le-cnom\/\" data-layout=\"box_count\" data-action=\"like\" data-show-faces=\"false\" data-size=\"large\" data-width=\"450\" data-share=\"1\" ><\/div><\/div>\n<!-- Facebook Like Button Vivacity Infotech END -->\n","protected":false},"excerpt":{"rendered":"","protected":false},"author":1,"featured_media":3292,"comment_status":"closed","ping_status":"open","sticky":false,"template":"","format":"standard","meta":{"footnotes":""},"categories":[276],"tags":[],"class_list":["post-11343","post","type-post","status-publish","format-standard","has-post-thumbnail","hentry","category-juridique"],"yoast_head":"<!-- This site is optimized with the Yoast SEO plugin v27.5 - https:\/\/yoast.com\/product\/yoast-seo-wordpress\/ -->\n<title>D\u00e9p\u00f4t de plainte du 26 juin 2020 contre le CNOM - Association France Lyme<\/title>\n<meta name=\"robots\" content=\"index, follow, max-snippet:-1, max-image-preview:large, max-video-preview:-1\" \/>\n<link rel=\"canonical\" href=\"https:\/\/francelyme.fr\/site\/depot-de-plainte-du-26-juin-2020-contre-le-cnom\/\" \/>\n<meta property=\"og:locale\" content=\"fr_FR\" \/>\n<meta property=\"og:type\" content=\"article\" \/>\n<meta property=\"og:title\" content=\"D\u00e9p\u00f4t de plainte du 26 juin 2020 contre le CNOM - Association France Lyme\" \/>\n<meta property=\"og:url\" content=\"https:\/\/francelyme.fr\/site\/depot-de-plainte-du-26-juin-2020-contre-le-cnom\/\" \/>\n<meta property=\"og:site_name\" content=\"Association France Lyme\" \/>\n<meta property=\"article:publisher\" content=\"https:\/\/www.facebook.com\/france.lyme\" \/>\n<meta property=\"article:published_time\" content=\"2020-06-27T09:08:56+00:00\" \/>\n<meta property=\"article:modified_time\" content=\"2020-09-24T19:14:34+00:00\" \/>\n<meta property=\"og:image\" content=\"https:\/\/francelyme.fr\/site\/wp-content\/uploads\/2014\/11\/justice.jpg\" \/>\n\t<meta property=\"og:image:width\" content=\"274\" \/>\n\t<meta property=\"og:image:height\" content=\"184\" \/>\n\t<meta property=\"og:image:type\" content=\"image\/jpeg\" \/>\n<meta name=\"author\" content=\"AdminFL\" \/>\n<meta name=\"twitter:card\" content=\"summary_large_image\" \/>\n<meta name=\"twitter:creator\" content=\"@francelyme\" \/>\n<meta name=\"twitter:site\" content=\"@francelyme\" \/>\n<meta name=\"twitter:label1\" content=\"\u00c9crit par\" \/>\n\t<meta name=\"twitter:data1\" content=\"AdminFL\" \/>\n\t<meta name=\"twitter:label2\" content=\"Dur\u00e9e de lecture estim\u00e9e\" \/>\n\t<meta name=\"twitter:data2\" content=\"4 minutes\" \/>\n<script type=\"application\/ld+json\" class=\"yoast-schema-graph\">{\"@context\":\"https:\\\/\\\/schema.org\",\"@graph\":[{\"@type\":\"Article\",\"@id\":\"https:\\\/\\\/francelyme.fr\\\/site\\\/depot-de-plainte-du-26-juin-2020-contre-le-cnom\\\/#article\",\"isPartOf\":{\"@id\":\"https:\\\/\\\/francelyme.fr\\\/site\\\/depot-de-plainte-du-26-juin-2020-contre-le-cnom\\\/\"},\"author\":{\"name\":\"AdminFL\",\"@id\":\"https:\\\/\\\/francelyme.fr\\\/site\\\/#\\\/schema\\\/person\\\/1a2c2689f69ecd6062cfac7d4b12f265\"},\"headline\":\"D\u00e9p\u00f4t de plainte du 26 juin 2020 contre le CNOM\",\"datePublished\":\"2020-06-27T09:08:56+00:00\",\"dateModified\":\"2020-09-24T19:14:34+00:00\",\"mainEntityOfPage\":{\"@id\":\"https:\\\/\\\/francelyme.fr\\\/site\\\/depot-de-plainte-du-26-juin-2020-contre-le-cnom\\\/\"},\"wordCount\":779,\"publisher\":{\"@id\":\"https:\\\/\\\/francelyme.fr\\\/site\\\/#organization\"},\"image\":{\"@id\":\"https:\\\/\\\/francelyme.fr\\\/site\\\/depot-de-plainte-du-26-juin-2020-contre-le-cnom\\\/#primaryimage\"},\"thumbnailUrl\":\"https:\\\/\\\/francelyme.fr\\\/site\\\/wp-content\\\/uploads\\\/2014\\\/11\\\/justice.jpg\",\"articleSection\":[\"Juridique\"],\"inLanguage\":\"fr-FR\"},{\"@type\":\"WebPage\",\"@id\":\"https:\\\/\\\/francelyme.fr\\\/site\\\/depot-de-plainte-du-26-juin-2020-contre-le-cnom\\\/\",\"url\":\"https:\\\/\\\/francelyme.fr\\\/site\\\/depot-de-plainte-du-26-juin-2020-contre-le-cnom\\\/\",\"name\":\"D\u00e9p\u00f4t de plainte du 26 juin 2020 contre le CNOM - Association France Lyme\",\"isPartOf\":{\"@id\":\"https:\\\/\\\/francelyme.fr\\\/site\\\/#website\"},\"primaryImageOfPage\":{\"@id\":\"https:\\\/\\\/francelyme.fr\\\/site\\\/depot-de-plainte-du-26-juin-2020-contre-le-cnom\\\/#primaryimage\"},\"image\":{\"@id\":\"https:\\\/\\\/francelyme.fr\\\/site\\\/depot-de-plainte-du-26-juin-2020-contre-le-cnom\\\/#primaryimage\"},\"thumbnailUrl\":\"https:\\\/\\\/francelyme.fr\\\/site\\\/wp-content\\\/uploads\\\/2014\\\/11\\\/justice.jpg\",\"datePublished\":\"2020-06-27T09:08:56+00:00\",\"dateModified\":\"2020-09-24T19:14:34+00:00\",\"breadcrumb\":{\"@id\":\"https:\\\/\\\/francelyme.fr\\\/site\\\/depot-de-plainte-du-26-juin-2020-contre-le-cnom\\\/#breadcrumb\"},\"inLanguage\":\"fr-FR\",\"potentialAction\":[{\"@type\":\"ReadAction\",\"target\":[\"https:\\\/\\\/francelyme.fr\\\/site\\\/depot-de-plainte-du-26-juin-2020-contre-le-cnom\\\/\"]}]},{\"@type\":\"ImageObject\",\"inLanguage\":\"fr-FR\",\"@id\":\"https:\\\/\\\/francelyme.fr\\\/site\\\/depot-de-plainte-du-26-juin-2020-contre-le-cnom\\\/#primaryimage\",\"url\":\"https:\\\/\\\/francelyme.fr\\\/site\\\/wp-content\\\/uploads\\\/2014\\\/11\\\/justice.jpg\",\"contentUrl\":\"https:\\\/\\\/francelyme.fr\\\/site\\\/wp-content\\\/uploads\\\/2014\\\/11\\\/justice.jpg\",\"width\":274,\"height\":184,\"caption\":\"\"},{\"@type\":\"BreadcrumbList\",\"@id\":\"https:\\\/\\\/francelyme.fr\\\/site\\\/depot-de-plainte-du-26-juin-2020-contre-le-cnom\\\/#breadcrumb\",\"itemListElement\":[{\"@type\":\"ListItem\",\"position\":1,\"name\":\"Accueil\",\"item\":\"https:\\\/\\\/francelyme.fr\\\/site\\\/\"},{\"@type\":\"ListItem\",\"position\":2,\"name\":\"D\u00e9p\u00f4t de plainte du 26 juin 2020 contre le CNOM\"}]},{\"@type\":\"WebSite\",\"@id\":\"https:\\\/\\\/francelyme.fr\\\/site\\\/#website\",\"url\":\"https:\\\/\\\/francelyme.fr\\\/site\\\/\",\"name\":\"Association France Lyme\",\"description\":\"Association de lutte contre les maladies vectorielles \u00e0 tiques\",\"publisher\":{\"@id\":\"https:\\\/\\\/francelyme.fr\\\/site\\\/#organization\"},\"potentialAction\":[{\"@type\":\"SearchAction\",\"target\":{\"@type\":\"EntryPoint\",\"urlTemplate\":\"https:\\\/\\\/francelyme.fr\\\/site\\\/?s={search_term_string}\"},\"query-input\":{\"@type\":\"PropertyValueSpecification\",\"valueRequired\":true,\"valueName\":\"search_term_string\"}}],\"inLanguage\":\"fr-FR\"},{\"@type\":\"Organization\",\"@id\":\"https:\\\/\\\/francelyme.fr\\\/site\\\/#organization\",\"name\":\"France Lyme\",\"url\":\"https:\\\/\\\/francelyme.fr\\\/site\\\/\",\"logo\":{\"@type\":\"ImageObject\",\"inLanguage\":\"fr-FR\",\"@id\":\"https:\\\/\\\/francelyme.fr\\\/site\\\/#\\\/schema\\\/logo\\\/image\\\/\",\"url\":\"https:\\\/\\\/francelyme.fr\\\/site\\\/wp-content\\\/uploads\\\/2019\\\/05\\\/francelyme-site.gif\",\"contentUrl\":\"https:\\\/\\\/francelyme.fr\\\/site\\\/wp-content\\\/uploads\\\/2019\\\/05\\\/francelyme-site.gif\",\"width\":180,\"height\":180,\"caption\":\"France Lyme\"},\"image\":{\"@id\":\"https:\\\/\\\/francelyme.fr\\\/site\\\/#\\\/schema\\\/logo\\\/image\\\/\"},\"sameAs\":[\"https:\\\/\\\/www.facebook.com\\\/france.lyme\",\"https:\\\/\\\/x.com\\\/francelyme\",\"https:\\\/\\\/www.youtube.com\\\/channel\\\/UClMCGl3dvkz0iAgXFR1NH1A\"]},{\"@type\":\"Person\",\"@id\":\"https:\\\/\\\/francelyme.fr\\\/site\\\/#\\\/schema\\\/person\\\/1a2c2689f69ecd6062cfac7d4b12f265\",\"name\":\"AdminFL\",\"image\":{\"@type\":\"ImageObject\",\"inLanguage\":\"fr-FR\",\"@id\":\"https:\\\/\\\/secure.gravatar.com\\\/avatar\\\/4920874779d1914d5cba6d6dc7a2f20c832bb43238e659994a133a63cb03c29e?s=96&d=mm&r=g\",\"url\":\"https:\\\/\\\/secure.gravatar.com\\\/avatar\\\/4920874779d1914d5cba6d6dc7a2f20c832bb43238e659994a133a63cb03c29e?s=96&d=mm&r=g\",\"contentUrl\":\"https:\\\/\\\/secure.gravatar.com\\\/avatar\\\/4920874779d1914d5cba6d6dc7a2f20c832bb43238e659994a133a63cb03c29e?s=96&d=mm&r=g\",\"caption\":\"AdminFL\"},\"url\":\"https:\\\/\\\/francelyme.fr\\\/site\\\/author\\\/fralymadm\\\/\"}]}<\/script>\n<!-- \/ Yoast SEO plugin. -->","yoast_head_json":{"title":"D\u00e9p\u00f4t de plainte du 26 juin 2020 contre le CNOM - Association France Lyme","robots":{"index":"index","follow":"follow","max-snippet":"max-snippet:-1","max-image-preview":"max-image-preview:large","max-video-preview":"max-video-preview:-1"},"canonical":"https:\/\/francelyme.fr\/site\/depot-de-plainte-du-26-juin-2020-contre-le-cnom\/","og_locale":"fr_FR","og_type":"article","og_title":"D\u00e9p\u00f4t de plainte du 26 juin 2020 contre le CNOM - Association France Lyme","og_url":"https:\/\/francelyme.fr\/site\/depot-de-plainte-du-26-juin-2020-contre-le-cnom\/","og_site_name":"Association France Lyme","article_publisher":"https:\/\/www.facebook.com\/france.lyme","article_published_time":"2020-06-27T09:08:56+00:00","article_modified_time":"2020-09-24T19:14:34+00:00","og_image":[{"width":274,"height":184,"url":"https:\/\/francelyme.fr\/site\/wp-content\/uploads\/2014\/11\/justice.jpg","type":"image\/jpeg"}],"author":"AdminFL","twitter_card":"summary_large_image","twitter_creator":"@francelyme","twitter_site":"@francelyme","twitter_misc":{"\u00c9crit par":"AdminFL","Dur\u00e9e de lecture estim\u00e9e":"4 minutes"},"schema":{"@context":"https:\/\/schema.org","@graph":[{"@type":"Article","@id":"https:\/\/francelyme.fr\/site\/depot-de-plainte-du-26-juin-2020-contre-le-cnom\/#article","isPartOf":{"@id":"https:\/\/francelyme.fr\/site\/depot-de-plainte-du-26-juin-2020-contre-le-cnom\/"},"author":{"name":"AdminFL","@id":"https:\/\/francelyme.fr\/site\/#\/schema\/person\/1a2c2689f69ecd6062cfac7d4b12f265"},"headline":"D\u00e9p\u00f4t de plainte du 26 juin 2020 contre le CNOM","datePublished":"2020-06-27T09:08:56+00:00","dateModified":"2020-09-24T19:14:34+00:00","mainEntityOfPage":{"@id":"https:\/\/francelyme.fr\/site\/depot-de-plainte-du-26-juin-2020-contre-le-cnom\/"},"wordCount":779,"publisher":{"@id":"https:\/\/francelyme.fr\/site\/#organization"},"image":{"@id":"https:\/\/francelyme.fr\/site\/depot-de-plainte-du-26-juin-2020-contre-le-cnom\/#primaryimage"},"thumbnailUrl":"https:\/\/francelyme.fr\/site\/wp-content\/uploads\/2014\/11\/justice.jpg","articleSection":["Juridique"],"inLanguage":"fr-FR"},{"@type":"WebPage","@id":"https:\/\/francelyme.fr\/site\/depot-de-plainte-du-26-juin-2020-contre-le-cnom\/","url":"https:\/\/francelyme.fr\/site\/depot-de-plainte-du-26-juin-2020-contre-le-cnom\/","name":"D\u00e9p\u00f4t de plainte du 26 juin 2020 contre le CNOM - Association France Lyme","isPartOf":{"@id":"https:\/\/francelyme.fr\/site\/#website"},"primaryImageOfPage":{"@id":"https:\/\/francelyme.fr\/site\/depot-de-plainte-du-26-juin-2020-contre-le-cnom\/#primaryimage"},"image":{"@id":"https:\/\/francelyme.fr\/site\/depot-de-plainte-du-26-juin-2020-contre-le-cnom\/#primaryimage"},"thumbnailUrl":"https:\/\/francelyme.fr\/site\/wp-content\/uploads\/2014\/11\/justice.jpg","datePublished":"2020-06-27T09:08:56+00:00","dateModified":"2020-09-24T19:14:34+00:00","breadcrumb":{"@id":"https:\/\/francelyme.fr\/site\/depot-de-plainte-du-26-juin-2020-contre-le-cnom\/#breadcrumb"},"inLanguage":"fr-FR","potentialAction":[{"@type":"ReadAction","target":["https:\/\/francelyme.fr\/site\/depot-de-plainte-du-26-juin-2020-contre-le-cnom\/"]}]},{"@type":"ImageObject","inLanguage":"fr-FR","@id":"https:\/\/francelyme.fr\/site\/depot-de-plainte-du-26-juin-2020-contre-le-cnom\/#primaryimage","url":"https:\/\/francelyme.fr\/site\/wp-content\/uploads\/2014\/11\/justice.jpg","contentUrl":"https:\/\/francelyme.fr\/site\/wp-content\/uploads\/2014\/11\/justice.jpg","width":274,"height":184,"caption":""},{"@type":"BreadcrumbList","@id":"https:\/\/francelyme.fr\/site\/depot-de-plainte-du-26-juin-2020-contre-le-cnom\/#breadcrumb","itemListElement":[{"@type":"ListItem","position":1,"name":"Accueil","item":"https:\/\/francelyme.fr\/site\/"},{"@type":"ListItem","position":2,"name":"D\u00e9p\u00f4t de plainte du 26 juin 2020 contre le CNOM"}]},{"@type":"WebSite","@id":"https:\/\/francelyme.fr\/site\/#website","url":"https:\/\/francelyme.fr\/site\/","name":"Association France Lyme","description":"Association de lutte contre les maladies vectorielles \u00e0 tiques","publisher":{"@id":"https:\/\/francelyme.fr\/site\/#organization"},"potentialAction":[{"@type":"SearchAction","target":{"@type":"EntryPoint","urlTemplate":"https:\/\/francelyme.fr\/site\/?s={search_term_string}"},"query-input":{"@type":"PropertyValueSpecification","valueRequired":true,"valueName":"search_term_string"}}],"inLanguage":"fr-FR"},{"@type":"Organization","@id":"https:\/\/francelyme.fr\/site\/#organization","name":"France Lyme","url":"https:\/\/francelyme.fr\/site\/","logo":{"@type":"ImageObject","inLanguage":"fr-FR","@id":"https:\/\/francelyme.fr\/site\/#\/schema\/logo\/image\/","url":"https:\/\/francelyme.fr\/site\/wp-content\/uploads\/2019\/05\/francelyme-site.gif","contentUrl":"https:\/\/francelyme.fr\/site\/wp-content\/uploads\/2019\/05\/francelyme-site.gif","width":180,"height":180,"caption":"France Lyme"},"image":{"@id":"https:\/\/francelyme.fr\/site\/#\/schema\/logo\/image\/"},"sameAs":["https:\/\/www.facebook.com\/france.lyme","https:\/\/x.com\/francelyme","https:\/\/www.youtube.com\/channel\/UClMCGl3dvkz0iAgXFR1NH1A"]},{"@type":"Person","@id":"https:\/\/francelyme.fr\/site\/#\/schema\/person\/1a2c2689f69ecd6062cfac7d4b12f265","name":"AdminFL","image":{"@type":"ImageObject","inLanguage":"fr-FR","@id":"https:\/\/secure.gravatar.com\/avatar\/4920874779d1914d5cba6d6dc7a2f20c832bb43238e659994a133a63cb03c29e?s=96&d=mm&r=g","url":"https:\/\/secure.gravatar.com\/avatar\/4920874779d1914d5cba6d6dc7a2f20c832bb43238e659994a133a63cb03c29e?s=96&d=mm&r=g","contentUrl":"https:\/\/secure.gravatar.com\/avatar\/4920874779d1914d5cba6d6dc7a2f20c832bb43238e659994a133a63cb03c29e?s=96&d=mm&r=g","caption":"AdminFL"},"url":"https:\/\/francelyme.fr\/site\/author\/fralymadm\/"}]}},"_links":{"self":[{"href":"https:\/\/francelyme.fr\/site\/wp-json\/wp\/v2\/posts\/11343","targetHints":{"allow":["GET"]}}],"collection":[{"href":"https:\/\/francelyme.fr\/site\/wp-json\/wp\/v2\/posts"}],"about":[{"href":"https:\/\/francelyme.fr\/site\/wp-json\/wp\/v2\/types\/post"}],"author":[{"embeddable":true,"href":"https:\/\/francelyme.fr\/site\/wp-json\/wp\/v2\/users\/1"}],"replies":[{"embeddable":true,"href":"https:\/\/francelyme.fr\/site\/wp-json\/wp\/v2\/comments?post=11343"}],"version-history":[{"count":1,"href":"https:\/\/francelyme.fr\/site\/wp-json\/wp\/v2\/posts\/11343\/revisions"}],"predecessor-version":[{"id":11344,"href":"https:\/\/francelyme.fr\/site\/wp-json\/wp\/v2\/posts\/11343\/revisions\/11344"}],"wp:featuredmedia":[{"embeddable":true,"href":"https:\/\/francelyme.fr\/site\/wp-json\/wp\/v2\/media\/3292"}],"wp:attachment":[{"href":"https:\/\/francelyme.fr\/site\/wp-json\/wp\/v2\/media?parent=11343"}],"wp:term":[{"taxonomy":"category","embeddable":true,"href":"https:\/\/francelyme.fr\/site\/wp-json\/wp\/v2\/categories?post=11343"},{"taxonomy":"post_tag","embeddable":true,"href":"https:\/\/francelyme.fr\/site\/wp-json\/wp\/v2\/tags?post=11343"}],"curies":[{"name":"wp","href":"https:\/\/api.w.org\/{rel}","templated":true}]}}