{"id":11353,"date":"2020-06-29T11:21:47","date_gmt":"2020-06-29T09:21:47","guid":{"rendered":"http:\/\/francelyme.fr\/site\/?p=11353"},"modified":"2020-06-30T09:42:00","modified_gmt":"2020-06-30T07:42:00","slug":"festival-foret-folies-les-12-et-13-septembre-2020-a-gueret-23","status":"publish","type":"post","link":"https:\/\/francelyme.fr\/site\/festival-foret-folies-les-12-et-13-septembre-2020-a-gueret-23\/","title":{"rendered":"Festival \u00ab\u00a0For\u00eat Follies\u00a0\u00bb, les 12 et 13 Septembre 2020 \u00e0 Gu\u00e9ret (23)"},"content":{"rendered":"<div class=\"like-button\" style=\"float: right; clear: both; text-align: right; width = 100%;\">\n<!-- Facebook Like Button Vivacity Infotech BEGIN -->\n<div class=\"fb-like\" data-href=\"https:\/\/francelyme.fr\/site\/festival-foret-folies-les-12-et-13-septembre-2020-a-gueret-23\/\" data-layout=\"box_count\" data-action=\"like\" data-show-faces=\"false\" data-size=\"large\" data-width=\"450\" data-share=\"1\" ><\/div><\/div>\n<!-- Facebook Like Button Vivacity Infotech END -->\n<div id=\"fb-root\"><\/div>\n\n<p>\n\nLes b\u00e9n\u00e9voles de la section Creuse de France Lyme auront plaisir \u00e0 vous retrouver les 12 et 13 septembre en for\u00eat de Chabri\u00e8res \u00e0 Gu\u00e9ret \u00e0 l&rsquo;occasion du grand festival \u00ab\u00a0For\u00eat Follies\u00a0\u00bb, organis\u00e9 par Creuse Oxyg\u00e8ne! <\/p>\n\n\n\n<p>Nous y tiendrons un stand de pr\u00e9vention de 9h \u00e0 19h pendant ces deux jours. Venez nous rencontrer et vous informer sur les maladies transmises par les tiques et sur les actions de notre association. Nous esp\u00e9rons que vous serez nombreux au rendez-vous!<\/p>\n\n\n\n<p>Site de l&rsquo;\u00e9v\u00e8nement:<a href=\"http:\/\/www.foretfollies.com\/\"> http:\/\/www.foretfollies.com\/<\/a><\/p>\n\n\n\n<p>Section Creuse de France Lyme: <a href=\"mailto:creuse@francelyme.fr\">creuse@francelyme.fr<\/a><\/p>\n\n\n\n<p><a href=\"creuse@francelyme.fr\"> <\/a><\/p>\n\n\n\n<figure class=\"wp-block-image size-large\"><img loading=\"lazy\" decoding=\"async\" width=\"724\" height=\"1024\" src=\"https:\/\/francelyme.fr\/site\/wp-content\/uploads\/2020\/06\/106387639_2769066719997835_280953114785158930_o-724x1024.jpg\" alt=\"\" class=\"wp-image-11354\" srcset=\"https:\/\/francelyme.fr\/site\/wp-content\/uploads\/2020\/06\/106387639_2769066719997835_280953114785158930_o-724x1024.jpg 724w, https:\/\/francelyme.fr\/site\/wp-content\/uploads\/2020\/06\/106387639_2769066719997835_280953114785158930_o-212x300.jpg 212w, https:\/\/francelyme.fr\/site\/wp-content\/uploads\/2020\/06\/106387639_2769066719997835_280953114785158930_o-768x1086.jpg 768w, https:\/\/francelyme.fr\/site\/wp-content\/uploads\/2020\/06\/106387639_2769066719997835_280953114785158930_o.jpg 835w\" sizes=\"auto, (max-width: 724px) 100vw, 724px\" \/><\/figure>\n\n\n\n<figure class=\"wp-block-image size-large\"><img loading=\"lazy\" decoding=\"async\" width=\"768\" height=\"1024\" src=\"https:\/\/francelyme.fr\/site\/wp-content\/uploads\/2020\/06\/105947477_2769066283331212_5139408120269984111_o-768x1024.jpg\" alt=\"\" class=\"wp-image-11355\" srcset=\"https:\/\/francelyme.fr\/site\/wp-content\/uploads\/2020\/06\/105947477_2769066283331212_5139408120269984111_o-768x1024.jpg 768w, https:\/\/francelyme.fr\/site\/wp-content\/uploads\/2020\/06\/105947477_2769066283331212_5139408120269984111_o-225x300.jpg 225w, https:\/\/francelyme.fr\/site\/wp-content\/uploads\/2020\/06\/105947477_2769066283331212_5139408120269984111_o-1152x1536.jpg 1152w, https:\/\/francelyme.fr\/site\/wp-content\/uploads\/2020\/06\/105947477_2769066283331212_5139408120269984111_o-1320x1760.jpg 1320w, https:\/\/francelyme.fr\/site\/wp-content\/uploads\/2020\/06\/105947477_2769066283331212_5139408120269984111_o.jpg 1368w\" sizes=\"auto, (max-width: 768px) 100vw, 768px\" \/><\/figure>\n<div class=\"like-button\" style=\"float: right; clear: both; text-align: right; width = 100%;\">\n<!-- Facebook Like Button Vivacity Infotech BEGIN -->\n<div class=\"fb-like\" data-href=\"https:\/\/francelyme.fr\/site\/festival-foret-folies-les-12-et-13-septembre-2020-a-gueret-23\/\" data-layout=\"box_count\" data-action=\"like\" data-show-faces=\"false\" data-size=\"large\" data-width=\"450\" data-share=\"1\" ><\/div><\/div>\n<!-- Facebook Like Button Vivacity Infotech END -->\n","protected":false},"excerpt":{"rendered":"","protected":false},"author":16,"featured_media":11354,"comment_status":"closed","ping_status":"open","sticky":false,"template":"","format":"standard","meta":{"footnotes":""},"categories":[7,14],"tags":[],"class_list":["post-11353","post","type-post","status-publish","format-standard","has-post-thumbnail","hentry","category-actions","category-limousin"],"yoast_head":"<!-- This site is optimized with the Yoast SEO plugin v27.3 - https:\/\/yoast.com\/product\/yoast-seo-wordpress\/ -->\n<title>Festival &quot;For\u00eat Follies&quot;, les 12 et 13 Septembre 2020 \u00e0 Gu\u00e9ret (23) - Association France Lyme<\/title>\n<meta name=\"robots\" content=\"index, follow, max-snippet:-1, max-image-preview:large, max-video-preview:-1\" \/>\n<link rel=\"canonical\" href=\"https:\/\/francelyme.fr\/site\/festival-foret-folies-les-12-et-13-septembre-2020-a-gueret-23\/\" \/>\n<meta property=\"og:locale\" content=\"fr_FR\" \/>\n<meta property=\"og:type\" content=\"article\" \/>\n<meta property=\"og:title\" content=\"Festival &quot;For\u00eat Follies&quot;, les 12 et 13 Septembre 2020 \u00e0 Gu\u00e9ret (23) - Association France Lyme\" \/>\n<meta property=\"og:url\" content=\"https:\/\/francelyme.fr\/site\/festival-foret-folies-les-12-et-13-septembre-2020-a-gueret-23\/\" \/>\n<meta property=\"og:site_name\" content=\"Association France Lyme\" \/>\n<meta property=\"article:publisher\" content=\"https:\/\/www.facebook.com\/france.lyme\" \/>\n<meta property=\"article:published_time\" content=\"2020-06-29T09:21:47+00:00\" \/>\n<meta property=\"article:modified_time\" content=\"2020-06-30T07:42:00+00:00\" \/>\n<meta property=\"og:image\" content=\"https:\/\/francelyme.fr\/site\/wp-content\/uploads\/2020\/06\/106387639_2769066719997835_280953114785158930_o.jpg\" \/>\n\t<meta property=\"og:image:width\" content=\"835\" \/>\n\t<meta property=\"og:image:height\" content=\"1181\" \/>\n\t<meta property=\"og:image:type\" content=\"image\/jpeg\" \/>\n<meta name=\"author\" content=\"Editeur\" \/>\n<meta name=\"twitter:card\" content=\"summary_large_image\" \/>\n<meta name=\"twitter:creator\" content=\"@francelyme\" \/>\n<meta name=\"twitter:site\" content=\"@francelyme\" \/>\n<meta name=\"twitter:label1\" content=\"\u00c9crit par\" \/>\n\t<meta name=\"twitter:data1\" content=\"Editeur\" \/>\n<script type=\"application\/ld+json\" class=\"yoast-schema-graph\">{\"@context\":\"https:\\\/\\\/schema.org\",\"@graph\":[{\"@type\":\"Article\",\"@id\":\"https:\\\/\\\/francelyme.fr\\\/site\\\/festival-foret-folies-les-12-et-13-septembre-2020-a-gueret-23\\\/#article\",\"isPartOf\":{\"@id\":\"https:\\\/\\\/francelyme.fr\\\/site\\\/festival-foret-folies-les-12-et-13-septembre-2020-a-gueret-23\\\/\"},\"author\":{\"name\":\"Editeur\",\"@id\":\"https:\\\/\\\/francelyme.fr\\\/site\\\/#\\\/schema\\\/person\\\/b3a32c0e865447c2586961956f5d867e\"},\"headline\":\"Festival \u00ab\u00a0For\u00eat Follies\u00a0\u00bb, les 12 et 13 Septembre 2020 \u00e0 Gu\u00e9ret (23)\",\"datePublished\":\"2020-06-29T09:21:47+00:00\",\"dateModified\":\"2020-06-30T07:42:00+00:00\",\"mainEntityOfPage\":{\"@id\":\"https:\\\/\\\/francelyme.fr\\\/site\\\/festival-foret-folies-les-12-et-13-septembre-2020-a-gueret-23\\\/\"},\"wordCount\":109,\"publisher\":{\"@id\":\"https:\\\/\\\/francelyme.fr\\\/site\\\/#organization\"},\"image\":{\"@id\":\"https:\\\/\\\/francelyme.fr\\\/site\\\/festival-foret-folies-les-12-et-13-septembre-2020-a-gueret-23\\\/#primaryimage\"},\"thumbnailUrl\":\"https:\\\/\\\/francelyme.fr\\\/site\\\/wp-content\\\/uploads\\\/2020\\\/06\\\/106387639_2769066719997835_280953114785158930_o.jpg\",\"articleSection\":[\"Actions et stands\",\"Limousin\"],\"inLanguage\":\"fr-FR\"},{\"@type\":\"WebPage\",\"@id\":\"https:\\\/\\\/francelyme.fr\\\/site\\\/festival-foret-folies-les-12-et-13-septembre-2020-a-gueret-23\\\/\",\"url\":\"https:\\\/\\\/francelyme.fr\\\/site\\\/festival-foret-folies-les-12-et-13-septembre-2020-a-gueret-23\\\/\",\"name\":\"Festival \\\"For\u00eat Follies\\\", les 12 et 13 Septembre 2020 \u00e0 Gu\u00e9ret (23) - Association France Lyme\",\"isPartOf\":{\"@id\":\"https:\\\/\\\/francelyme.fr\\\/site\\\/#website\"},\"primaryImageOfPage\":{\"@id\":\"https:\\\/\\\/francelyme.fr\\\/site\\\/festival-foret-folies-les-12-et-13-septembre-2020-a-gueret-23\\\/#primaryimage\"},\"image\":{\"@id\":\"https:\\\/\\\/francelyme.fr\\\/site\\\/festival-foret-folies-les-12-et-13-septembre-2020-a-gueret-23\\\/#primaryimage\"},\"thumbnailUrl\":\"https:\\\/\\\/francelyme.fr\\\/site\\\/wp-content\\\/uploads\\\/2020\\\/06\\\/106387639_2769066719997835_280953114785158930_o.jpg\",\"datePublished\":\"2020-06-29T09:21:47+00:00\",\"dateModified\":\"2020-06-30T07:42:00+00:00\",\"breadcrumb\":{\"@id\":\"https:\\\/\\\/francelyme.fr\\\/site\\\/festival-foret-folies-les-12-et-13-septembre-2020-a-gueret-23\\\/#breadcrumb\"},\"inLanguage\":\"fr-FR\",\"potentialAction\":[{\"@type\":\"ReadAction\",\"target\":[\"https:\\\/\\\/francelyme.fr\\\/site\\\/festival-foret-folies-les-12-et-13-septembre-2020-a-gueret-23\\\/\"]}]},{\"@type\":\"ImageObject\",\"inLanguage\":\"fr-FR\",\"@id\":\"https:\\\/\\\/francelyme.fr\\\/site\\\/festival-foret-folies-les-12-et-13-septembre-2020-a-gueret-23\\\/#primaryimage\",\"url\":\"https:\\\/\\\/francelyme.fr\\\/site\\\/wp-content\\\/uploads\\\/2020\\\/06\\\/106387639_2769066719997835_280953114785158930_o.jpg\",\"contentUrl\":\"https:\\\/\\\/francelyme.fr\\\/site\\\/wp-content\\\/uploads\\\/2020\\\/06\\\/106387639_2769066719997835_280953114785158930_o.jpg\",\"width\":835,\"height\":1181},{\"@type\":\"BreadcrumbList\",\"@id\":\"https:\\\/\\\/francelyme.fr\\\/site\\\/festival-foret-folies-les-12-et-13-septembre-2020-a-gueret-23\\\/#breadcrumb\",\"itemListElement\":[{\"@type\":\"ListItem\",\"position\":1,\"name\":\"Accueil\",\"item\":\"https:\\\/\\\/francelyme.fr\\\/site\\\/\"},{\"@type\":\"ListItem\",\"position\":2,\"name\":\"Festival &#8220;For\u00eat Follies&#8221;, les 12 et 13 Septembre 2020 \u00e0 Gu\u00e9ret (23)\"}]},{\"@type\":\"WebSite\",\"@id\":\"https:\\\/\\\/francelyme.fr\\\/site\\\/#website\",\"url\":\"https:\\\/\\\/francelyme.fr\\\/site\\\/\",\"name\":\"Association France Lyme\",\"description\":\"Association de lutte contre les maladies vectorielles \u00e0 tiques\",\"publisher\":{\"@id\":\"https:\\\/\\\/francelyme.fr\\\/site\\\/#organization\"},\"potentialAction\":[{\"@type\":\"SearchAction\",\"target\":{\"@type\":\"EntryPoint\",\"urlTemplate\":\"https:\\\/\\\/francelyme.fr\\\/site\\\/?s={search_term_string}\"},\"query-input\":{\"@type\":\"PropertyValueSpecification\",\"valueRequired\":true,\"valueName\":\"search_term_string\"}}],\"inLanguage\":\"fr-FR\"},{\"@type\":\"Organization\",\"@id\":\"https:\\\/\\\/francelyme.fr\\\/site\\\/#organization\",\"name\":\"France Lyme\",\"url\":\"https:\\\/\\\/francelyme.fr\\\/site\\\/\",\"logo\":{\"@type\":\"ImageObject\",\"inLanguage\":\"fr-FR\",\"@id\":\"https:\\\/\\\/francelyme.fr\\\/site\\\/#\\\/schema\\\/logo\\\/image\\\/\",\"url\":\"https:\\\/\\\/francelyme.fr\\\/site\\\/wp-content\\\/uploads\\\/2019\\\/05\\\/francelyme-site.gif\",\"contentUrl\":\"https:\\\/\\\/francelyme.fr\\\/site\\\/wp-content\\\/uploads\\\/2019\\\/05\\\/francelyme-site.gif\",\"width\":180,\"height\":180,\"caption\":\"France Lyme\"},\"image\":{\"@id\":\"https:\\\/\\\/francelyme.fr\\\/site\\\/#\\\/schema\\\/logo\\\/image\\\/\"},\"sameAs\":[\"https:\\\/\\\/www.facebook.com\\\/france.lyme\",\"https:\\\/\\\/x.com\\\/francelyme\",\"https:\\\/\\\/www.youtube.com\\\/channel\\\/UClMCGl3dvkz0iAgXFR1NH1A\"]},{\"@type\":\"Person\",\"@id\":\"https:\\\/\\\/francelyme.fr\\\/site\\\/#\\\/schema\\\/person\\\/b3a32c0e865447c2586961956f5d867e\",\"name\":\"Editeur\",\"image\":{\"@type\":\"ImageObject\",\"inLanguage\":\"fr-FR\",\"@id\":\"https:\\\/\\\/secure.gravatar.com\\\/avatar\\\/ae207cee02bf4e66ec5abb92d4ccacaa0ad5f5d3d16fe7fcb393eda94bfbf2d2?s=96&d=mm&r=g\",\"url\":\"https:\\\/\\\/secure.gravatar.com\\\/avatar\\\/ae207cee02bf4e66ec5abb92d4ccacaa0ad5f5d3d16fe7fcb393eda94bfbf2d2?s=96&d=mm&r=g\",\"contentUrl\":\"https:\\\/\\\/secure.gravatar.com\\\/avatar\\\/ae207cee02bf4e66ec5abb92d4ccacaa0ad5f5d3d16fe7fcb393eda94bfbf2d2?s=96&d=mm&r=g\",\"caption\":\"Editeur\"},\"url\":\"https:\\\/\\\/francelyme.fr\\\/site\\\/author\\\/editeuradm\\\/\"}]}<\/script>\n<!-- \/ Yoast SEO plugin. -->","yoast_head_json":{"title":"Festival \"For\u00eat Follies\", les 12 et 13 Septembre 2020 \u00e0 Gu\u00e9ret (23) - Association France Lyme","robots":{"index":"index","follow":"follow","max-snippet":"max-snippet:-1","max-image-preview":"max-image-preview:large","max-video-preview":"max-video-preview:-1"},"canonical":"https:\/\/francelyme.fr\/site\/festival-foret-folies-les-12-et-13-septembre-2020-a-gueret-23\/","og_locale":"fr_FR","og_type":"article","og_title":"Festival \"For\u00eat Follies\", les 12 et 13 Septembre 2020 \u00e0 Gu\u00e9ret (23) - Association France Lyme","og_url":"https:\/\/francelyme.fr\/site\/festival-foret-folies-les-12-et-13-septembre-2020-a-gueret-23\/","og_site_name":"Association France Lyme","article_publisher":"https:\/\/www.facebook.com\/france.lyme","article_published_time":"2020-06-29T09:21:47+00:00","article_modified_time":"2020-06-30T07:42:00+00:00","og_image":[{"width":835,"height":1181,"url":"https:\/\/francelyme.fr\/site\/wp-content\/uploads\/2020\/06\/106387639_2769066719997835_280953114785158930_o.jpg","type":"image\/jpeg"}],"author":"Editeur","twitter_card":"summary_large_image","twitter_creator":"@francelyme","twitter_site":"@francelyme","twitter_misc":{"\u00c9crit par":"Editeur"},"schema":{"@context":"https:\/\/schema.org","@graph":[{"@type":"Article","@id":"https:\/\/francelyme.fr\/site\/festival-foret-folies-les-12-et-13-septembre-2020-a-gueret-23\/#article","isPartOf":{"@id":"https:\/\/francelyme.fr\/site\/festival-foret-folies-les-12-et-13-septembre-2020-a-gueret-23\/"},"author":{"name":"Editeur","@id":"https:\/\/francelyme.fr\/site\/#\/schema\/person\/b3a32c0e865447c2586961956f5d867e"},"headline":"Festival \u00ab\u00a0For\u00eat Follies\u00a0\u00bb, les 12 et 13 Septembre 2020 \u00e0 Gu\u00e9ret (23)","datePublished":"2020-06-29T09:21:47+00:00","dateModified":"2020-06-30T07:42:00+00:00","mainEntityOfPage":{"@id":"https:\/\/francelyme.fr\/site\/festival-foret-folies-les-12-et-13-septembre-2020-a-gueret-23\/"},"wordCount":109,"publisher":{"@id":"https:\/\/francelyme.fr\/site\/#organization"},"image":{"@id":"https:\/\/francelyme.fr\/site\/festival-foret-folies-les-12-et-13-septembre-2020-a-gueret-23\/#primaryimage"},"thumbnailUrl":"https:\/\/francelyme.fr\/site\/wp-content\/uploads\/2020\/06\/106387639_2769066719997835_280953114785158930_o.jpg","articleSection":["Actions et stands","Limousin"],"inLanguage":"fr-FR"},{"@type":"WebPage","@id":"https:\/\/francelyme.fr\/site\/festival-foret-folies-les-12-et-13-septembre-2020-a-gueret-23\/","url":"https:\/\/francelyme.fr\/site\/festival-foret-folies-les-12-et-13-septembre-2020-a-gueret-23\/","name":"Festival \"For\u00eat Follies\", les 12 et 13 Septembre 2020 \u00e0 Gu\u00e9ret (23) - Association France Lyme","isPartOf":{"@id":"https:\/\/francelyme.fr\/site\/#website"},"primaryImageOfPage":{"@id":"https:\/\/francelyme.fr\/site\/festival-foret-folies-les-12-et-13-septembre-2020-a-gueret-23\/#primaryimage"},"image":{"@id":"https:\/\/francelyme.fr\/site\/festival-foret-folies-les-12-et-13-septembre-2020-a-gueret-23\/#primaryimage"},"thumbnailUrl":"https:\/\/francelyme.fr\/site\/wp-content\/uploads\/2020\/06\/106387639_2769066719997835_280953114785158930_o.jpg","datePublished":"2020-06-29T09:21:47+00:00","dateModified":"2020-06-30T07:42:00+00:00","breadcrumb":{"@id":"https:\/\/francelyme.fr\/site\/festival-foret-folies-les-12-et-13-septembre-2020-a-gueret-23\/#breadcrumb"},"inLanguage":"fr-FR","potentialAction":[{"@type":"ReadAction","target":["https:\/\/francelyme.fr\/site\/festival-foret-folies-les-12-et-13-septembre-2020-a-gueret-23\/"]}]},{"@type":"ImageObject","inLanguage":"fr-FR","@id":"https:\/\/francelyme.fr\/site\/festival-foret-folies-les-12-et-13-septembre-2020-a-gueret-23\/#primaryimage","url":"https:\/\/francelyme.fr\/site\/wp-content\/uploads\/2020\/06\/106387639_2769066719997835_280953114785158930_o.jpg","contentUrl":"https:\/\/francelyme.fr\/site\/wp-content\/uploads\/2020\/06\/106387639_2769066719997835_280953114785158930_o.jpg","width":835,"height":1181},{"@type":"BreadcrumbList","@id":"https:\/\/francelyme.fr\/site\/festival-foret-folies-les-12-et-13-septembre-2020-a-gueret-23\/#breadcrumb","itemListElement":[{"@type":"ListItem","position":1,"name":"Accueil","item":"https:\/\/francelyme.fr\/site\/"},{"@type":"ListItem","position":2,"name":"Festival &#8220;For\u00eat Follies&#8221;, les 12 et 13 Septembre 2020 \u00e0 Gu\u00e9ret (23)"}]},{"@type":"WebSite","@id":"https:\/\/francelyme.fr\/site\/#website","url":"https:\/\/francelyme.fr\/site\/","name":"Association France Lyme","description":"Association de lutte contre les maladies vectorielles \u00e0 tiques","publisher":{"@id":"https:\/\/francelyme.fr\/site\/#organization"},"potentialAction":[{"@type":"SearchAction","target":{"@type":"EntryPoint","urlTemplate":"https:\/\/francelyme.fr\/site\/?s={search_term_string}"},"query-input":{"@type":"PropertyValueSpecification","valueRequired":true,"valueName":"search_term_string"}}],"inLanguage":"fr-FR"},{"@type":"Organization","@id":"https:\/\/francelyme.fr\/site\/#organization","name":"France Lyme","url":"https:\/\/francelyme.fr\/site\/","logo":{"@type":"ImageObject","inLanguage":"fr-FR","@id":"https:\/\/francelyme.fr\/site\/#\/schema\/logo\/image\/","url":"https:\/\/francelyme.fr\/site\/wp-content\/uploads\/2019\/05\/francelyme-site.gif","contentUrl":"https:\/\/francelyme.fr\/site\/wp-content\/uploads\/2019\/05\/francelyme-site.gif","width":180,"height":180,"caption":"France Lyme"},"image":{"@id":"https:\/\/francelyme.fr\/site\/#\/schema\/logo\/image\/"},"sameAs":["https:\/\/www.facebook.com\/france.lyme","https:\/\/x.com\/francelyme","https:\/\/www.youtube.com\/channel\/UClMCGl3dvkz0iAgXFR1NH1A"]},{"@type":"Person","@id":"https:\/\/francelyme.fr\/site\/#\/schema\/person\/b3a32c0e865447c2586961956f5d867e","name":"Editeur","image":{"@type":"ImageObject","inLanguage":"fr-FR","@id":"https:\/\/secure.gravatar.com\/avatar\/ae207cee02bf4e66ec5abb92d4ccacaa0ad5f5d3d16fe7fcb393eda94bfbf2d2?s=96&d=mm&r=g","url":"https:\/\/secure.gravatar.com\/avatar\/ae207cee02bf4e66ec5abb92d4ccacaa0ad5f5d3d16fe7fcb393eda94bfbf2d2?s=96&d=mm&r=g","contentUrl":"https:\/\/secure.gravatar.com\/avatar\/ae207cee02bf4e66ec5abb92d4ccacaa0ad5f5d3d16fe7fcb393eda94bfbf2d2?s=96&d=mm&r=g","caption":"Editeur"},"url":"https:\/\/francelyme.fr\/site\/author\/editeuradm\/"}]}},"_links":{"self":[{"href":"https:\/\/francelyme.fr\/site\/wp-json\/wp\/v2\/posts\/11353","targetHints":{"allow":["GET"]}}],"collection":[{"href":"https:\/\/francelyme.fr\/site\/wp-json\/wp\/v2\/posts"}],"about":[{"href":"https:\/\/francelyme.fr\/site\/wp-json\/wp\/v2\/types\/post"}],"author":[{"embeddable":true,"href":"https:\/\/francelyme.fr\/site\/wp-json\/wp\/v2\/users\/16"}],"replies":[{"embeddable":true,"href":"https:\/\/francelyme.fr\/site\/wp-json\/wp\/v2\/comments?post=11353"}],"version-history":[{"count":8,"href":"https:\/\/francelyme.fr\/site\/wp-json\/wp\/v2\/posts\/11353\/revisions"}],"predecessor-version":[{"id":11363,"href":"https:\/\/francelyme.fr\/site\/wp-json\/wp\/v2\/posts\/11353\/revisions\/11363"}],"wp:featuredmedia":[{"embeddable":true,"href":"https:\/\/francelyme.fr\/site\/wp-json\/wp\/v2\/media\/11354"}],"wp:attachment":[{"href":"https:\/\/francelyme.fr\/site\/wp-json\/wp\/v2\/media?parent=11353"}],"wp:term":[{"taxonomy":"category","embeddable":true,"href":"https:\/\/francelyme.fr\/site\/wp-json\/wp\/v2\/categories?post=11353"},{"taxonomy":"post_tag","embeddable":true,"href":"https:\/\/francelyme.fr\/site\/wp-json\/wp\/v2\/tags?post=11353"}],"curies":[{"name":"wp","href":"https:\/\/api.w.org\/{rel}","templated":true}]}}