{"id":11494,"date":"2020-09-14T22:29:22","date_gmt":"2020-09-14T20:29:22","guid":{"rendered":"http:\/\/francelyme.fr\/site\/?p=11494"},"modified":"2020-09-16T12:26:53","modified_gmt":"2020-09-16T10:26:53","slug":"fiche-pratique-cree-par-ars-ireps-bourgogne-franche-comte","status":"publish","type":"post","link":"https:\/\/francelyme.fr\/site\/fiche-pratique-cree-par-ars-ireps-bourgogne-franche-comte\/","title":{"rendered":"Fiche pratique cr\u00e9\u00e9e par ARS\/IREPS Bourgogne-Franche-Comt\u00e9"},"content":{"rendered":"<div class=\"like-button\" style=\"float: right; clear: both; text-align: right; width = 100%;\">\n<!-- Facebook Like Button Vivacity Infotech BEGIN -->\n<div class=\"fb-like\" data-href=\"https:\/\/francelyme.fr\/site\/fiche-pratique-cree-par-ars-ireps-bourgogne-franche-comte\/\" data-layout=\"box_count\" data-action=\"like\" data-show-faces=\"false\" data-size=\"large\" data-width=\"450\" data-share=\"1\" ><\/div><\/div>\n<!-- Facebook Like Button Vivacity Infotech END -->\n<div id=\"fb-root\"><\/div>\n\n<p>Dans le cadre du Plan r\u00e9gional sant\u00e9 environnement (PRSE) de la r\u00e9gion Bourgogne-Franche-Comt\u00e9, l&rsquo;ARS a developp\u00e9, avec le soutien de l&rsquo;IREPS et des associations France Lyme et Lympact, une fiche pratique intitul\u00e9e \u00ab\u00a0<a rel=\"noreferrer noopener\" target=\"_blank\" href=\"https:\/\/www.bourgogne-franche-comte.ars.sante.fr\/system\/files\/2020-05\/Tiques_FicheCollectivitesBFC_Lyme.pdf\">Pr\u00e9vention des piq\u00fbres de tiques : Fiche pratique pour les collectivit\u00e9s de Bourgogne-Franche-Comt\u00e9 (pdf, 283.57 Ko)<\/a>\u00ab\u00a0.<\/p>\n\n\n\n<p>Le document, sp\u00e9cifique \u00e0 la maladie de Lyme, est disponible sur le site de l&rsquo;ARS.<\/p>\n\n\n\n<p>Le document est centr\u00e9 sur la pr\u00e9vention des morsures de tiques avec :<\/p>\n\n\n\n<ul class=\"wp-block-list\"><li>la description des tiques<\/li><li>la description de la maladie de Lyme<\/li><li>les bonnes pratiques de pr\u00e9vention<\/li><li>le projet Citique de l&rsquo;INRAE<\/li><li>les ressources disponibles pour d\u00e9ployer de la pr\u00e9vention grand public, fournies par les associations ou par Sant\u00e9 Publique France<\/li><li>les clips de pr\u00e9vention <\/li><li>les informations du Minist\u00e8re sur la maladie de Lyme<\/li><\/ul>\n\n\n\n<p><\/p>\n\n\n\n<p>Une seconde fiche pratique est en cours sur les \u00ab maladies vectorielles \u00bb au sens large.<\/p>\n\n\n\n<figure class=\"wp-block-gallery columns-3 is-cropped wp-block-gallery-1 is-layout-flex wp-block-gallery-is-layout-flex\"><ul class=\"blocks-gallery-grid\"><li class=\"blocks-gallery-item\"><figure><img loading=\"lazy\" decoding=\"async\" width=\"724\" height=\"1024\" src=\"http:\/\/francelyme.fr\/site\/wp-content\/uploads\/2020\/09\/ARS-BFC-Fiche-pratique-Borreliose-de-Lyme-1-724x1024.png\" alt=\"\" data-id=\"11496\" data-full-url=\"http:\/\/francelyme.fr\/site\/wp-content\/uploads\/2020\/09\/ARS-BFC-Fiche-pratique-Borreliose-de-Lyme-1.png\" data-link=\"http:\/\/francelyme.fr\/site\/ars-bfc-fiche-pratique-borreliose-de-lyme-1\/\" class=\"wp-image-11496\" srcset=\"https:\/\/francelyme.fr\/site\/wp-content\/uploads\/2020\/09\/ARS-BFC-Fiche-pratique-Borreliose-de-Lyme-1-724x1024.png 724w, https:\/\/francelyme.fr\/site\/wp-content\/uploads\/2020\/09\/ARS-BFC-Fiche-pratique-Borreliose-de-Lyme-1-212x300.png 212w, https:\/\/francelyme.fr\/site\/wp-content\/uploads\/2020\/09\/ARS-BFC-Fiche-pratique-Borreliose-de-Lyme-1-768x1086.png 768w, https:\/\/francelyme.fr\/site\/wp-content\/uploads\/2020\/09\/ARS-BFC-Fiche-pratique-Borreliose-de-Lyme-1-1086x1536.png 1086w, https:\/\/francelyme.fr\/site\/wp-content\/uploads\/2020\/09\/ARS-BFC-Fiche-pratique-Borreliose-de-Lyme-1.png 1190w\" sizes=\"auto, (max-width: 724px) 100vw, 724px\" \/><figcaption class=\"blocks-gallery-item__caption\">ARS BFC Fiche pratique Borr\u00e9liose de Lyme<\/figcaption><\/figure><\/li><li class=\"blocks-gallery-item\"><figure><img loading=\"lazy\" decoding=\"async\" width=\"724\" height=\"1024\" src=\"http:\/\/francelyme.fr\/site\/wp-content\/uploads\/2020\/09\/ARS-BFC-Fiche-pratique-Borreliose-de-Lyme-2-724x1024.png\" alt=\"\" data-id=\"11497\" data-full-url=\"http:\/\/francelyme.fr\/site\/wp-content\/uploads\/2020\/09\/ARS-BFC-Fiche-pratique-Borreliose-de-Lyme-2.png\" data-link=\"http:\/\/francelyme.fr\/site\/ars-bfc-fiche-pratique-borreliose-de-lyme-2\/\" class=\"wp-image-11497\" srcset=\"https:\/\/francelyme.fr\/site\/wp-content\/uploads\/2020\/09\/ARS-BFC-Fiche-pratique-Borreliose-de-Lyme-2-724x1024.png 724w, https:\/\/francelyme.fr\/site\/wp-content\/uploads\/2020\/09\/ARS-BFC-Fiche-pratique-Borreliose-de-Lyme-2-212x300.png 212w, https:\/\/francelyme.fr\/site\/wp-content\/uploads\/2020\/09\/ARS-BFC-Fiche-pratique-Borreliose-de-Lyme-2-768x1086.png 768w, https:\/\/francelyme.fr\/site\/wp-content\/uploads\/2020\/09\/ARS-BFC-Fiche-pratique-Borreliose-de-Lyme-2-1086x1536.png 1086w, https:\/\/francelyme.fr\/site\/wp-content\/uploads\/2020\/09\/ARS-BFC-Fiche-pratique-Borreliose-de-Lyme-2.png 1190w\" sizes=\"auto, (max-width: 724px) 100vw, 724px\" \/><figcaption class=\"blocks-gallery-item__caption\">ARS BFC Fiche pratique Borr\u00e9liose de Lyme<\/figcaption><\/figure><\/li><li class=\"blocks-gallery-item\"><figure><img loading=\"lazy\" decoding=\"async\" width=\"724\" height=\"1024\" src=\"http:\/\/francelyme.fr\/site\/wp-content\/uploads\/2020\/09\/ARS-BFC-Fiche-pratique-Borreliose-de-Lyme-3-724x1024.png\" alt=\"\" data-id=\"11498\" data-full-url=\"http:\/\/francelyme.fr\/site\/wp-content\/uploads\/2020\/09\/ARS-BFC-Fiche-pratique-Borreliose-de-Lyme-3.png\" data-link=\"http:\/\/francelyme.fr\/site\/ars-bfc-fiche-pratique-borreliose-de-lyme-3\/\" class=\"wp-image-11498\" srcset=\"https:\/\/francelyme.fr\/site\/wp-content\/uploads\/2020\/09\/ARS-BFC-Fiche-pratique-Borreliose-de-Lyme-3-724x1024.png 724w, https:\/\/francelyme.fr\/site\/wp-content\/uploads\/2020\/09\/ARS-BFC-Fiche-pratique-Borreliose-de-Lyme-3-212x300.png 212w, https:\/\/francelyme.fr\/site\/wp-content\/uploads\/2020\/09\/ARS-BFC-Fiche-pratique-Borreliose-de-Lyme-3-768x1086.png 768w, https:\/\/francelyme.fr\/site\/wp-content\/uploads\/2020\/09\/ARS-BFC-Fiche-pratique-Borreliose-de-Lyme-3-1086x1536.png 1086w, https:\/\/francelyme.fr\/site\/wp-content\/uploads\/2020\/09\/ARS-BFC-Fiche-pratique-Borreliose-de-Lyme-3.png 1190w\" sizes=\"auto, (max-width: 724px) 100vw, 724px\" \/><figcaption class=\"blocks-gallery-item__caption\">ARS BFC Fiche pratique Borr\u00e9liose de Lyme<\/figcaption><\/figure><\/li><li class=\"blocks-gallery-item\"><figure><img loading=\"lazy\" decoding=\"async\" width=\"724\" height=\"1024\" src=\"http:\/\/francelyme.fr\/site\/wp-content\/uploads\/2020\/09\/ARS-BFC-Fiche-pratique-Borreliose-de-Lyme-4-724x1024.png\" alt=\"\" data-id=\"11499\" data-full-url=\"http:\/\/francelyme.fr\/site\/wp-content\/uploads\/2020\/09\/ARS-BFC-Fiche-pratique-Borreliose-de-Lyme-4.png\" data-link=\"http:\/\/francelyme.fr\/site\/ars-bfc-fiche-pratique-borreliose-de-lyme-4\/\" class=\"wp-image-11499\" srcset=\"https:\/\/francelyme.fr\/site\/wp-content\/uploads\/2020\/09\/ARS-BFC-Fiche-pratique-Borreliose-de-Lyme-4-724x1024.png 724w, https:\/\/francelyme.fr\/site\/wp-content\/uploads\/2020\/09\/ARS-BFC-Fiche-pratique-Borreliose-de-Lyme-4-212x300.png 212w, https:\/\/francelyme.fr\/site\/wp-content\/uploads\/2020\/09\/ARS-BFC-Fiche-pratique-Borreliose-de-Lyme-4-768x1086.png 768w, https:\/\/francelyme.fr\/site\/wp-content\/uploads\/2020\/09\/ARS-BFC-Fiche-pratique-Borreliose-de-Lyme-4-1086x1536.png 1086w, https:\/\/francelyme.fr\/site\/wp-content\/uploads\/2020\/09\/ARS-BFC-Fiche-pratique-Borreliose-de-Lyme-4.png 1190w\" sizes=\"auto, (max-width: 724px) 100vw, 724px\" \/><figcaption class=\"blocks-gallery-item__caption\">ARS BFC Fiche pratique Borr\u00e9liose de Lyme<\/figcaption><\/figure><\/li><\/ul><\/figure>\n\n\n\n<div class=\"wp-block-file\"><a href=\"http:\/\/francelyme.fr\/site\/wp-content\/uploads\/2020\/09\/ARS-BFC-Fiche-pratique-Borreliose-de-Lyme.pdf\">ARS BFC Fiche pratique Borr\u00e9liose de Lyme au format PDF<\/a><a href=\"http:\/\/francelyme.fr\/site\/wp-content\/uploads\/2020\/09\/ARS-BFC-Fiche-pratique-Borreliose-de-Lyme.pdf\" class=\"wp-block-file__button\" download>T\u00e9l\u00e9charger<\/a><\/div>\n\n\n\n<div class=\"wp-block-buttons is-layout-flex wp-block-buttons-is-layout-flex\"><\/div>\n<div class=\"like-button\" style=\"float: right; clear: both; text-align: right; width = 100%;\">\n<!-- Facebook Like Button Vivacity Infotech BEGIN -->\n<div class=\"fb-like\" data-href=\"https:\/\/francelyme.fr\/site\/fiche-pratique-cree-par-ars-ireps-bourgogne-franche-comte\/\" data-layout=\"box_count\" data-action=\"like\" data-show-faces=\"false\" data-size=\"large\" data-width=\"450\" data-share=\"1\" ><\/div><\/div>\n<!-- Facebook Like Button Vivacity Infotech END -->\n","protected":false},"excerpt":{"rendered":"","protected":false},"author":1,"featured_media":11496,"comment_status":"closed","ping_status":"open","sticky":false,"template":"","format":"standard","meta":{"footnotes":""},"categories":[119,65,8,9],"tags":[],"class_list":["post-11494","post","type-post","status-publish","format-standard","has-post-thumbnail","hentry","category-bourgogne","category-franche-comte","category-partenariats","category-prevention"],"yoast_head":"<!-- This site is optimized with the Yoast SEO plugin v27.3 - https:\/\/yoast.com\/product\/yoast-seo-wordpress\/ -->\n<title>Fiche pratique cr\u00e9\u00e9e par ARS\/IREPS Bourgogne-Franche-Comt\u00e9 - Association France Lyme<\/title>\n<meta name=\"robots\" content=\"index, follow, max-snippet:-1, max-image-preview:large, max-video-preview:-1\" \/>\n<link rel=\"canonical\" href=\"https:\/\/francelyme.fr\/site\/fiche-pratique-cree-par-ars-ireps-bourgogne-franche-comte\/\" \/>\n<meta property=\"og:locale\" content=\"fr_FR\" \/>\n<meta property=\"og:type\" content=\"article\" \/>\n<meta property=\"og:title\" content=\"Fiche pratique cr\u00e9\u00e9e par ARS\/IREPS Bourgogne-Franche-Comt\u00e9 - Association France Lyme\" \/>\n<meta property=\"og:url\" content=\"https:\/\/francelyme.fr\/site\/fiche-pratique-cree-par-ars-ireps-bourgogne-franche-comte\/\" \/>\n<meta property=\"og:site_name\" content=\"Association France Lyme\" \/>\n<meta property=\"article:publisher\" content=\"https:\/\/www.facebook.com\/france.lyme\" \/>\n<meta property=\"article:published_time\" content=\"2020-09-14T20:29:22+00:00\" \/>\n<meta property=\"article:modified_time\" content=\"2020-09-16T10:26:53+00:00\" \/>\n<meta property=\"og:image\" content=\"https:\/\/francelyme.fr\/site\/wp-content\/uploads\/2020\/09\/ARS-BFC-Fiche-pratique-Borreliose-de-Lyme-1.png\" \/>\n\t<meta property=\"og:image:width\" content=\"1190\" \/>\n\t<meta property=\"og:image:height\" content=\"1683\" \/>\n\t<meta property=\"og:image:type\" content=\"image\/png\" \/>\n<meta name=\"author\" content=\"AdminFL\" \/>\n<meta name=\"twitter:card\" content=\"summary_large_image\" \/>\n<meta name=\"twitter:creator\" content=\"@francelyme\" \/>\n<meta name=\"twitter:site\" content=\"@francelyme\" \/>\n<meta name=\"twitter:label1\" content=\"\u00c9crit par\" \/>\n\t<meta name=\"twitter:data1\" content=\"AdminFL\" \/>\n\t<meta name=\"twitter:label2\" content=\"Dur\u00e9e de lecture estim\u00e9e\" \/>\n\t<meta name=\"twitter:data2\" content=\"1 minute\" \/>\n<script type=\"application\/ld+json\" class=\"yoast-schema-graph\">{\"@context\":\"https:\\\/\\\/schema.org\",\"@graph\":[{\"@type\":\"Article\",\"@id\":\"https:\\\/\\\/francelyme.fr\\\/site\\\/fiche-pratique-cree-par-ars-ireps-bourgogne-franche-comte\\\/#article\",\"isPartOf\":{\"@id\":\"https:\\\/\\\/francelyme.fr\\\/site\\\/fiche-pratique-cree-par-ars-ireps-bourgogne-franche-comte\\\/\"},\"author\":{\"name\":\"AdminFL\",\"@id\":\"https:\\\/\\\/francelyme.fr\\\/site\\\/#\\\/schema\\\/person\\\/1a2c2689f69ecd6062cfac7d4b12f265\"},\"headline\":\"Fiche pratique cr\u00e9\u00e9e par ARS\\\/IREPS Bourgogne-Franche-Comt\u00e9\",\"datePublished\":\"2020-09-14T20:29:22+00:00\",\"dateModified\":\"2020-09-16T10:26:53+00:00\",\"mainEntityOfPage\":{\"@id\":\"https:\\\/\\\/francelyme.fr\\\/site\\\/fiche-pratique-cree-par-ars-ireps-bourgogne-franche-comte\\\/\"},\"wordCount\":210,\"publisher\":{\"@id\":\"https:\\\/\\\/francelyme.fr\\\/site\\\/#organization\"},\"image\":{\"@id\":\"https:\\\/\\\/francelyme.fr\\\/site\\\/fiche-pratique-cree-par-ars-ireps-bourgogne-franche-comte\\\/#primaryimage\"},\"thumbnailUrl\":\"https:\\\/\\\/francelyme.fr\\\/site\\\/wp-content\\\/uploads\\\/2020\\\/09\\\/ARS-BFC-Fiche-pratique-Borreliose-de-Lyme-1.png\",\"articleSection\":[\"Bourgogne\",\"Franche-Comt\u00e9\",\"Partenariats\",\"Pr\u00e9vention\"],\"inLanguage\":\"fr-FR\"},{\"@type\":\"WebPage\",\"@id\":\"https:\\\/\\\/francelyme.fr\\\/site\\\/fiche-pratique-cree-par-ars-ireps-bourgogne-franche-comte\\\/\",\"url\":\"https:\\\/\\\/francelyme.fr\\\/site\\\/fiche-pratique-cree-par-ars-ireps-bourgogne-franche-comte\\\/\",\"name\":\"Fiche pratique cr\u00e9\u00e9e par ARS\\\/IREPS Bourgogne-Franche-Comt\u00e9 - Association France Lyme\",\"isPartOf\":{\"@id\":\"https:\\\/\\\/francelyme.fr\\\/site\\\/#website\"},\"primaryImageOfPage\":{\"@id\":\"https:\\\/\\\/francelyme.fr\\\/site\\\/fiche-pratique-cree-par-ars-ireps-bourgogne-franche-comte\\\/#primaryimage\"},\"image\":{\"@id\":\"https:\\\/\\\/francelyme.fr\\\/site\\\/fiche-pratique-cree-par-ars-ireps-bourgogne-franche-comte\\\/#primaryimage\"},\"thumbnailUrl\":\"https:\\\/\\\/francelyme.fr\\\/site\\\/wp-content\\\/uploads\\\/2020\\\/09\\\/ARS-BFC-Fiche-pratique-Borreliose-de-Lyme-1.png\",\"datePublished\":\"2020-09-14T20:29:22+00:00\",\"dateModified\":\"2020-09-16T10:26:53+00:00\",\"breadcrumb\":{\"@id\":\"https:\\\/\\\/francelyme.fr\\\/site\\\/fiche-pratique-cree-par-ars-ireps-bourgogne-franche-comte\\\/#breadcrumb\"},\"inLanguage\":\"fr-FR\",\"potentialAction\":[{\"@type\":\"ReadAction\",\"target\":[\"https:\\\/\\\/francelyme.fr\\\/site\\\/fiche-pratique-cree-par-ars-ireps-bourgogne-franche-comte\\\/\"]}]},{\"@type\":\"ImageObject\",\"inLanguage\":\"fr-FR\",\"@id\":\"https:\\\/\\\/francelyme.fr\\\/site\\\/fiche-pratique-cree-par-ars-ireps-bourgogne-franche-comte\\\/#primaryimage\",\"url\":\"https:\\\/\\\/francelyme.fr\\\/site\\\/wp-content\\\/uploads\\\/2020\\\/09\\\/ARS-BFC-Fiche-pratique-Borreliose-de-Lyme-1.png\",\"contentUrl\":\"https:\\\/\\\/francelyme.fr\\\/site\\\/wp-content\\\/uploads\\\/2020\\\/09\\\/ARS-BFC-Fiche-pratique-Borreliose-de-Lyme-1.png\",\"width\":1190,\"height\":1683,\"caption\":\"ARS BFC Fiche pratique Borr\u00e9liose de Lyme\"},{\"@type\":\"BreadcrumbList\",\"@id\":\"https:\\\/\\\/francelyme.fr\\\/site\\\/fiche-pratique-cree-par-ars-ireps-bourgogne-franche-comte\\\/#breadcrumb\",\"itemListElement\":[{\"@type\":\"ListItem\",\"position\":1,\"name\":\"Accueil\",\"item\":\"https:\\\/\\\/francelyme.fr\\\/site\\\/\"},{\"@type\":\"ListItem\",\"position\":2,\"name\":\"Fiche pratique cr\u00e9\u00e9e par ARS\\\/IREPS Bourgogne-Franche-Comt\u00e9\"}]},{\"@type\":\"WebSite\",\"@id\":\"https:\\\/\\\/francelyme.fr\\\/site\\\/#website\",\"url\":\"https:\\\/\\\/francelyme.fr\\\/site\\\/\",\"name\":\"Association France Lyme\",\"description\":\"Association de lutte contre les maladies vectorielles \u00e0 tiques\",\"publisher\":{\"@id\":\"https:\\\/\\\/francelyme.fr\\\/site\\\/#organization\"},\"potentialAction\":[{\"@type\":\"SearchAction\",\"target\":{\"@type\":\"EntryPoint\",\"urlTemplate\":\"https:\\\/\\\/francelyme.fr\\\/site\\\/?s={search_term_string}\"},\"query-input\":{\"@type\":\"PropertyValueSpecification\",\"valueRequired\":true,\"valueName\":\"search_term_string\"}}],\"inLanguage\":\"fr-FR\"},{\"@type\":\"Organization\",\"@id\":\"https:\\\/\\\/francelyme.fr\\\/site\\\/#organization\",\"name\":\"France Lyme\",\"url\":\"https:\\\/\\\/francelyme.fr\\\/site\\\/\",\"logo\":{\"@type\":\"ImageObject\",\"inLanguage\":\"fr-FR\",\"@id\":\"https:\\\/\\\/francelyme.fr\\\/site\\\/#\\\/schema\\\/logo\\\/image\\\/\",\"url\":\"https:\\\/\\\/francelyme.fr\\\/site\\\/wp-content\\\/uploads\\\/2019\\\/05\\\/francelyme-site.gif\",\"contentUrl\":\"https:\\\/\\\/francelyme.fr\\\/site\\\/wp-content\\\/uploads\\\/2019\\\/05\\\/francelyme-site.gif\",\"width\":180,\"height\":180,\"caption\":\"France Lyme\"},\"image\":{\"@id\":\"https:\\\/\\\/francelyme.fr\\\/site\\\/#\\\/schema\\\/logo\\\/image\\\/\"},\"sameAs\":[\"https:\\\/\\\/www.facebook.com\\\/france.lyme\",\"https:\\\/\\\/x.com\\\/francelyme\",\"https:\\\/\\\/www.youtube.com\\\/channel\\\/UClMCGl3dvkz0iAgXFR1NH1A\"]},{\"@type\":\"Person\",\"@id\":\"https:\\\/\\\/francelyme.fr\\\/site\\\/#\\\/schema\\\/person\\\/1a2c2689f69ecd6062cfac7d4b12f265\",\"name\":\"AdminFL\",\"image\":{\"@type\":\"ImageObject\",\"inLanguage\":\"fr-FR\",\"@id\":\"https:\\\/\\\/secure.gravatar.com\\\/avatar\\\/4920874779d1914d5cba6d6dc7a2f20c832bb43238e659994a133a63cb03c29e?s=96&d=mm&r=g\",\"url\":\"https:\\\/\\\/secure.gravatar.com\\\/avatar\\\/4920874779d1914d5cba6d6dc7a2f20c832bb43238e659994a133a63cb03c29e?s=96&d=mm&r=g\",\"contentUrl\":\"https:\\\/\\\/secure.gravatar.com\\\/avatar\\\/4920874779d1914d5cba6d6dc7a2f20c832bb43238e659994a133a63cb03c29e?s=96&d=mm&r=g\",\"caption\":\"AdminFL\"},\"url\":\"https:\\\/\\\/francelyme.fr\\\/site\\\/author\\\/fralymadm\\\/\"}]}<\/script>\n<!-- \/ Yoast SEO plugin. -->","yoast_head_json":{"title":"Fiche pratique cr\u00e9\u00e9e par ARS\/IREPS Bourgogne-Franche-Comt\u00e9 - Association France Lyme","robots":{"index":"index","follow":"follow","max-snippet":"max-snippet:-1","max-image-preview":"max-image-preview:large","max-video-preview":"max-video-preview:-1"},"canonical":"https:\/\/francelyme.fr\/site\/fiche-pratique-cree-par-ars-ireps-bourgogne-franche-comte\/","og_locale":"fr_FR","og_type":"article","og_title":"Fiche pratique cr\u00e9\u00e9e par ARS\/IREPS Bourgogne-Franche-Comt\u00e9 - Association France Lyme","og_url":"https:\/\/francelyme.fr\/site\/fiche-pratique-cree-par-ars-ireps-bourgogne-franche-comte\/","og_site_name":"Association France Lyme","article_publisher":"https:\/\/www.facebook.com\/france.lyme","article_published_time":"2020-09-14T20:29:22+00:00","article_modified_time":"2020-09-16T10:26:53+00:00","og_image":[{"width":1190,"height":1683,"url":"https:\/\/francelyme.fr\/site\/wp-content\/uploads\/2020\/09\/ARS-BFC-Fiche-pratique-Borreliose-de-Lyme-1.png","type":"image\/png"}],"author":"AdminFL","twitter_card":"summary_large_image","twitter_creator":"@francelyme","twitter_site":"@francelyme","twitter_misc":{"\u00c9crit par":"AdminFL","Dur\u00e9e de lecture estim\u00e9e":"1 minute"},"schema":{"@context":"https:\/\/schema.org","@graph":[{"@type":"Article","@id":"https:\/\/francelyme.fr\/site\/fiche-pratique-cree-par-ars-ireps-bourgogne-franche-comte\/#article","isPartOf":{"@id":"https:\/\/francelyme.fr\/site\/fiche-pratique-cree-par-ars-ireps-bourgogne-franche-comte\/"},"author":{"name":"AdminFL","@id":"https:\/\/francelyme.fr\/site\/#\/schema\/person\/1a2c2689f69ecd6062cfac7d4b12f265"},"headline":"Fiche pratique cr\u00e9\u00e9e par ARS\/IREPS Bourgogne-Franche-Comt\u00e9","datePublished":"2020-09-14T20:29:22+00:00","dateModified":"2020-09-16T10:26:53+00:00","mainEntityOfPage":{"@id":"https:\/\/francelyme.fr\/site\/fiche-pratique-cree-par-ars-ireps-bourgogne-franche-comte\/"},"wordCount":210,"publisher":{"@id":"https:\/\/francelyme.fr\/site\/#organization"},"image":{"@id":"https:\/\/francelyme.fr\/site\/fiche-pratique-cree-par-ars-ireps-bourgogne-franche-comte\/#primaryimage"},"thumbnailUrl":"https:\/\/francelyme.fr\/site\/wp-content\/uploads\/2020\/09\/ARS-BFC-Fiche-pratique-Borreliose-de-Lyme-1.png","articleSection":["Bourgogne","Franche-Comt\u00e9","Partenariats","Pr\u00e9vention"],"inLanguage":"fr-FR"},{"@type":"WebPage","@id":"https:\/\/francelyme.fr\/site\/fiche-pratique-cree-par-ars-ireps-bourgogne-franche-comte\/","url":"https:\/\/francelyme.fr\/site\/fiche-pratique-cree-par-ars-ireps-bourgogne-franche-comte\/","name":"Fiche pratique cr\u00e9\u00e9e par ARS\/IREPS Bourgogne-Franche-Comt\u00e9 - Association France Lyme","isPartOf":{"@id":"https:\/\/francelyme.fr\/site\/#website"},"primaryImageOfPage":{"@id":"https:\/\/francelyme.fr\/site\/fiche-pratique-cree-par-ars-ireps-bourgogne-franche-comte\/#primaryimage"},"image":{"@id":"https:\/\/francelyme.fr\/site\/fiche-pratique-cree-par-ars-ireps-bourgogne-franche-comte\/#primaryimage"},"thumbnailUrl":"https:\/\/francelyme.fr\/site\/wp-content\/uploads\/2020\/09\/ARS-BFC-Fiche-pratique-Borreliose-de-Lyme-1.png","datePublished":"2020-09-14T20:29:22+00:00","dateModified":"2020-09-16T10:26:53+00:00","breadcrumb":{"@id":"https:\/\/francelyme.fr\/site\/fiche-pratique-cree-par-ars-ireps-bourgogne-franche-comte\/#breadcrumb"},"inLanguage":"fr-FR","potentialAction":[{"@type":"ReadAction","target":["https:\/\/francelyme.fr\/site\/fiche-pratique-cree-par-ars-ireps-bourgogne-franche-comte\/"]}]},{"@type":"ImageObject","inLanguage":"fr-FR","@id":"https:\/\/francelyme.fr\/site\/fiche-pratique-cree-par-ars-ireps-bourgogne-franche-comte\/#primaryimage","url":"https:\/\/francelyme.fr\/site\/wp-content\/uploads\/2020\/09\/ARS-BFC-Fiche-pratique-Borreliose-de-Lyme-1.png","contentUrl":"https:\/\/francelyme.fr\/site\/wp-content\/uploads\/2020\/09\/ARS-BFC-Fiche-pratique-Borreliose-de-Lyme-1.png","width":1190,"height":1683,"caption":"ARS BFC Fiche pratique Borr\u00e9liose de Lyme"},{"@type":"BreadcrumbList","@id":"https:\/\/francelyme.fr\/site\/fiche-pratique-cree-par-ars-ireps-bourgogne-franche-comte\/#breadcrumb","itemListElement":[{"@type":"ListItem","position":1,"name":"Accueil","item":"https:\/\/francelyme.fr\/site\/"},{"@type":"ListItem","position":2,"name":"Fiche pratique cr\u00e9\u00e9e par ARS\/IREPS Bourgogne-Franche-Comt\u00e9"}]},{"@type":"WebSite","@id":"https:\/\/francelyme.fr\/site\/#website","url":"https:\/\/francelyme.fr\/site\/","name":"Association France Lyme","description":"Association de lutte contre les maladies vectorielles \u00e0 tiques","publisher":{"@id":"https:\/\/francelyme.fr\/site\/#organization"},"potentialAction":[{"@type":"SearchAction","target":{"@type":"EntryPoint","urlTemplate":"https:\/\/francelyme.fr\/site\/?s={search_term_string}"},"query-input":{"@type":"PropertyValueSpecification","valueRequired":true,"valueName":"search_term_string"}}],"inLanguage":"fr-FR"},{"@type":"Organization","@id":"https:\/\/francelyme.fr\/site\/#organization","name":"France Lyme","url":"https:\/\/francelyme.fr\/site\/","logo":{"@type":"ImageObject","inLanguage":"fr-FR","@id":"https:\/\/francelyme.fr\/site\/#\/schema\/logo\/image\/","url":"https:\/\/francelyme.fr\/site\/wp-content\/uploads\/2019\/05\/francelyme-site.gif","contentUrl":"https:\/\/francelyme.fr\/site\/wp-content\/uploads\/2019\/05\/francelyme-site.gif","width":180,"height":180,"caption":"France Lyme"},"image":{"@id":"https:\/\/francelyme.fr\/site\/#\/schema\/logo\/image\/"},"sameAs":["https:\/\/www.facebook.com\/france.lyme","https:\/\/x.com\/francelyme","https:\/\/www.youtube.com\/channel\/UClMCGl3dvkz0iAgXFR1NH1A"]},{"@type":"Person","@id":"https:\/\/francelyme.fr\/site\/#\/schema\/person\/1a2c2689f69ecd6062cfac7d4b12f265","name":"AdminFL","image":{"@type":"ImageObject","inLanguage":"fr-FR","@id":"https:\/\/secure.gravatar.com\/avatar\/4920874779d1914d5cba6d6dc7a2f20c832bb43238e659994a133a63cb03c29e?s=96&d=mm&r=g","url":"https:\/\/secure.gravatar.com\/avatar\/4920874779d1914d5cba6d6dc7a2f20c832bb43238e659994a133a63cb03c29e?s=96&d=mm&r=g","contentUrl":"https:\/\/secure.gravatar.com\/avatar\/4920874779d1914d5cba6d6dc7a2f20c832bb43238e659994a133a63cb03c29e?s=96&d=mm&r=g","caption":"AdminFL"},"url":"https:\/\/francelyme.fr\/site\/author\/fralymadm\/"}]}},"_links":{"self":[{"href":"https:\/\/francelyme.fr\/site\/wp-json\/wp\/v2\/posts\/11494","targetHints":{"allow":["GET"]}}],"collection":[{"href":"https:\/\/francelyme.fr\/site\/wp-json\/wp\/v2\/posts"}],"about":[{"href":"https:\/\/francelyme.fr\/site\/wp-json\/wp\/v2\/types\/post"}],"author":[{"embeddable":true,"href":"https:\/\/francelyme.fr\/site\/wp-json\/wp\/v2\/users\/1"}],"replies":[{"embeddable":true,"href":"https:\/\/francelyme.fr\/site\/wp-json\/wp\/v2\/comments?post=11494"}],"version-history":[{"count":2,"href":"https:\/\/francelyme.fr\/site\/wp-json\/wp\/v2\/posts\/11494\/revisions"}],"predecessor-version":[{"id":11523,"href":"https:\/\/francelyme.fr\/site\/wp-json\/wp\/v2\/posts\/11494\/revisions\/11523"}],"wp:featuredmedia":[{"embeddable":true,"href":"https:\/\/francelyme.fr\/site\/wp-json\/wp\/v2\/media\/11496"}],"wp:attachment":[{"href":"https:\/\/francelyme.fr\/site\/wp-json\/wp\/v2\/media?parent=11494"}],"wp:term":[{"taxonomy":"category","embeddable":true,"href":"https:\/\/francelyme.fr\/site\/wp-json\/wp\/v2\/categories?post=11494"},{"taxonomy":"post_tag","embeddable":true,"href":"https:\/\/francelyme.fr\/site\/wp-json\/wp\/v2\/tags?post=11494"}],"curies":[{"name":"wp","href":"https:\/\/api.w.org\/{rel}","templated":true}]}}