{"id":11641,"date":"2020-10-19T15:31:39","date_gmt":"2020-10-19T13:31:39","guid":{"rendered":"http:\/\/francelyme.fr\/site\/?p=11641"},"modified":"2020-10-19T15:31:41","modified_gmt":"2020-10-19T13:31:41","slug":"retour-en-images-sur-le-stand-tenu-au-ride-in-ocre-a-gargas-le-03-octobre-2020","status":"publish","type":"post","link":"https:\/\/francelyme.fr\/site\/retour-en-images-sur-le-stand-tenu-au-ride-in-ocre-a-gargas-le-03-octobre-2020\/","title":{"rendered":"Retour en images sur le stand tenu au Ride in Ocre \u00e0 Gargas, le 03 Octobre 2020"},"content":{"rendered":"<div class=\"like-button\" style=\"float: right; clear: both; text-align: right; width = 100%;\">\n<!-- Facebook Like Button Vivacity Infotech BEGIN -->\n<div class=\"fb-like\" data-href=\"https:\/\/francelyme.fr\/site\/retour-en-images-sur-le-stand-tenu-au-ride-in-ocre-a-gargas-le-03-octobre-2020\/\" data-layout=\"box_count\" data-action=\"like\" data-show-faces=\"false\" data-size=\"large\" data-width=\"450\" data-share=\"1\" ><\/div><\/div>\n<!-- Facebook Like Button Vivacity Infotech END -->\n<div id=\"fb-root\"><\/div>\n\n<p>Par une journ\u00e9e maussade sous une pluie abondante le matin, quelques irr\u00e9ductibles b\u00e9n\u00e9voles de la section Vaucluse ont brav\u00e9 les intemp\u00e9ries.<\/p>\n\n\n\n<p>Le \u00ab&nbsp;Ride in Ocre&nbsp;\u00bb comme les ann\u00e9es pr\u00e9c\u00e9dentes attendait plus de 450 participants sur des \u00e9preuves de VTT, Marche nordique et trail, un nombre beaucoup plus r\u00e9duit est venus.<\/p>\n\n\n\n<p>Le temps et le Covid ont frein\u00e9 les ardeurs et l\u2019organisation a \u00e9t\u00e9 plus restreinte que d\u2019habitude. Les accompagnateurs (Conjoints-amis-fans\u2026) des sportifs, d\u2019ordinaires nombreux, se sont abstenus cette ann\u00e9e et on peut les comprendre.<\/p>\n\n\n\n<p>C\u2019\u00e9tait malgr\u00e9 tout l\u2019occasion d\u2019\u00eatre pr\u00e9sent et visible mais les coureurs de toutes disciplines ne se sont pas attard\u00e9s, transis, mouill\u00e9s, fatigu\u00e9s qu\u2019ils \u00e9taient. Le retour rapide avec la promesse d\u2019une douche bien chaude \u00e9tait sans doute une priorit\u00e9. C\u2019\u00e9tait l\u2019occasion de toucher des personnes passionn\u00e9es et qui pratique une activit\u00e9 sportive de pleine nature.<\/p>\n\n\n\n<p>Quelques visiteurs du site touristique des Mines de Bruoux sont venus sur le stand en attendant le d\u00e9part de la visite guid\u00e9e souterraine.<\/p>\n\n\n\n<p>Il y a donc eu peu de visiteurs de notre stand mais le peu, une quinzaine de personnes a \u00e9t\u00e9 de qualit\u00e9, n\u2019en doutons pas. J\u2019ai pu surprendre \u00e7\u00e0 et l\u00e0 quelques \u00e9changes en off sur les maladies \u00e0 tiques donc le message \u00e9tait pass\u00e9 et c\u2019\u00e9tait bien l\u00e0 notre objectif&#8230; Un grand merci aux b\u00e9n\u00e9voles de cette journ\u00e9e de pr\u00e9vention et d\u2019information.<\/p>\n\n\n\n<div class=\"wp-block-image\"><figure class=\"aligncenter size-large\"><img loading=\"lazy\" decoding=\"async\" width=\"1008\" height=\"756\" src=\"https:\/\/francelyme.fr\/site\/wp-content\/uploads\/2020\/10\/Resized_20201003_110212.jpg\" alt=\"\" class=\"wp-image-11642\" srcset=\"https:\/\/francelyme.fr\/site\/wp-content\/uploads\/2020\/10\/Resized_20201003_110212.jpg 1008w, https:\/\/francelyme.fr\/site\/wp-content\/uploads\/2020\/10\/Resized_20201003_110212-300x225.jpg 300w, https:\/\/francelyme.fr\/site\/wp-content\/uploads\/2020\/10\/Resized_20201003_110212-768x576.jpg 768w\" sizes=\"auto, (max-width: 1008px) 100vw, 1008px\" \/><\/figure><\/div>\n<div class=\"like-button\" style=\"float: right; clear: both; text-align: right; width = 100%;\">\n<!-- Facebook Like Button Vivacity Infotech BEGIN -->\n<div class=\"fb-like\" data-href=\"https:\/\/francelyme.fr\/site\/retour-en-images-sur-le-stand-tenu-au-ride-in-ocre-a-gargas-le-03-octobre-2020\/\" data-layout=\"box_count\" data-action=\"like\" data-show-faces=\"false\" data-size=\"large\" data-width=\"450\" data-share=\"1\" ><\/div><\/div>\n<!-- Facebook Like Button Vivacity Infotech END -->\n","protected":false},"excerpt":{"rendered":"","protected":false},"author":16,"featured_media":11642,"comment_status":"closed","ping_status":"open","sticky":false,"template":"","format":"standard","meta":{"footnotes":""},"categories":[7,85],"tags":[],"class_list":["post-11641","post","type-post","status-publish","format-standard","has-post-thumbnail","hentry","category-actions","category-paca"],"yoast_head":"<!-- This site is optimized with the Yoast SEO plugin v27.3 - https:\/\/yoast.com\/product\/yoast-seo-wordpress\/ -->\n<title>Retour en images sur le stand tenu au Ride in Ocre \u00e0 Gargas, le 03 Octobre 2020 - Association France Lyme<\/title>\n<meta name=\"robots\" content=\"index, follow, max-snippet:-1, max-image-preview:large, max-video-preview:-1\" \/>\n<link rel=\"canonical\" href=\"https:\/\/francelyme.fr\/site\/retour-en-images-sur-le-stand-tenu-au-ride-in-ocre-a-gargas-le-03-octobre-2020\/\" \/>\n<meta property=\"og:locale\" content=\"fr_FR\" \/>\n<meta property=\"og:type\" content=\"article\" \/>\n<meta property=\"og:title\" content=\"Retour en images sur le stand tenu au Ride in Ocre \u00e0 Gargas, le 03 Octobre 2020 - Association France Lyme\" \/>\n<meta property=\"og:url\" content=\"https:\/\/francelyme.fr\/site\/retour-en-images-sur-le-stand-tenu-au-ride-in-ocre-a-gargas-le-03-octobre-2020\/\" \/>\n<meta property=\"og:site_name\" content=\"Association France Lyme\" \/>\n<meta property=\"article:publisher\" content=\"https:\/\/www.facebook.com\/france.lyme\" \/>\n<meta property=\"article:published_time\" content=\"2020-10-19T13:31:39+00:00\" \/>\n<meta property=\"article:modified_time\" content=\"2020-10-19T13:31:41+00:00\" \/>\n<meta property=\"og:image\" content=\"https:\/\/francelyme.fr\/site\/wp-content\/uploads\/2020\/10\/Resized_20201003_110212.jpg\" \/>\n\t<meta property=\"og:image:width\" content=\"1008\" \/>\n\t<meta property=\"og:image:height\" content=\"756\" \/>\n\t<meta property=\"og:image:type\" content=\"image\/jpeg\" \/>\n<meta name=\"author\" content=\"Editeur\" \/>\n<meta name=\"twitter:card\" content=\"summary_large_image\" \/>\n<meta name=\"twitter:creator\" content=\"@francelyme\" \/>\n<meta name=\"twitter:site\" content=\"@francelyme\" \/>\n<meta name=\"twitter:label1\" content=\"\u00c9crit par\" \/>\n\t<meta name=\"twitter:data1\" content=\"Editeur\" \/>\n\t<meta name=\"twitter:label2\" content=\"Dur\u00e9e de lecture estim\u00e9e\" \/>\n\t<meta name=\"twitter:data2\" content=\"1 minute\" \/>\n<script type=\"application\/ld+json\" class=\"yoast-schema-graph\">{\"@context\":\"https:\\\/\\\/schema.org\",\"@graph\":[{\"@type\":\"Article\",\"@id\":\"https:\\\/\\\/francelyme.fr\\\/site\\\/retour-en-images-sur-le-stand-tenu-au-ride-in-ocre-a-gargas-le-03-octobre-2020\\\/#article\",\"isPartOf\":{\"@id\":\"https:\\\/\\\/francelyme.fr\\\/site\\\/retour-en-images-sur-le-stand-tenu-au-ride-in-ocre-a-gargas-le-03-octobre-2020\\\/\"},\"author\":{\"name\":\"Editeur\",\"@id\":\"https:\\\/\\\/francelyme.fr\\\/site\\\/#\\\/schema\\\/person\\\/b3a32c0e865447c2586961956f5d867e\"},\"headline\":\"Retour en images sur le stand tenu au Ride in Ocre \u00e0 Gargas, le 03 Octobre 2020\",\"datePublished\":\"2020-10-19T13:31:39+00:00\",\"dateModified\":\"2020-10-19T13:31:41+00:00\",\"mainEntityOfPage\":{\"@id\":\"https:\\\/\\\/francelyme.fr\\\/site\\\/retour-en-images-sur-le-stand-tenu-au-ride-in-ocre-a-gargas-le-03-octobre-2020\\\/\"},\"wordCount\":273,\"publisher\":{\"@id\":\"https:\\\/\\\/francelyme.fr\\\/site\\\/#organization\"},\"image\":{\"@id\":\"https:\\\/\\\/francelyme.fr\\\/site\\\/retour-en-images-sur-le-stand-tenu-au-ride-in-ocre-a-gargas-le-03-octobre-2020\\\/#primaryimage\"},\"thumbnailUrl\":\"https:\\\/\\\/francelyme.fr\\\/site\\\/wp-content\\\/uploads\\\/2020\\\/10\\\/Resized_20201003_110212.jpg\",\"articleSection\":[\"Actions et stands\",\"Provence-Alpes-C\u00f4te d'Azur\"],\"inLanguage\":\"fr-FR\"},{\"@type\":\"WebPage\",\"@id\":\"https:\\\/\\\/francelyme.fr\\\/site\\\/retour-en-images-sur-le-stand-tenu-au-ride-in-ocre-a-gargas-le-03-octobre-2020\\\/\",\"url\":\"https:\\\/\\\/francelyme.fr\\\/site\\\/retour-en-images-sur-le-stand-tenu-au-ride-in-ocre-a-gargas-le-03-octobre-2020\\\/\",\"name\":\"Retour en images sur le stand tenu au Ride in Ocre \u00e0 Gargas, le 03 Octobre 2020 - Association France Lyme\",\"isPartOf\":{\"@id\":\"https:\\\/\\\/francelyme.fr\\\/site\\\/#website\"},\"primaryImageOfPage\":{\"@id\":\"https:\\\/\\\/francelyme.fr\\\/site\\\/retour-en-images-sur-le-stand-tenu-au-ride-in-ocre-a-gargas-le-03-octobre-2020\\\/#primaryimage\"},\"image\":{\"@id\":\"https:\\\/\\\/francelyme.fr\\\/site\\\/retour-en-images-sur-le-stand-tenu-au-ride-in-ocre-a-gargas-le-03-octobre-2020\\\/#primaryimage\"},\"thumbnailUrl\":\"https:\\\/\\\/francelyme.fr\\\/site\\\/wp-content\\\/uploads\\\/2020\\\/10\\\/Resized_20201003_110212.jpg\",\"datePublished\":\"2020-10-19T13:31:39+00:00\",\"dateModified\":\"2020-10-19T13:31:41+00:00\",\"breadcrumb\":{\"@id\":\"https:\\\/\\\/francelyme.fr\\\/site\\\/retour-en-images-sur-le-stand-tenu-au-ride-in-ocre-a-gargas-le-03-octobre-2020\\\/#breadcrumb\"},\"inLanguage\":\"fr-FR\",\"potentialAction\":[{\"@type\":\"ReadAction\",\"target\":[\"https:\\\/\\\/francelyme.fr\\\/site\\\/retour-en-images-sur-le-stand-tenu-au-ride-in-ocre-a-gargas-le-03-octobre-2020\\\/\"]}]},{\"@type\":\"ImageObject\",\"inLanguage\":\"fr-FR\",\"@id\":\"https:\\\/\\\/francelyme.fr\\\/site\\\/retour-en-images-sur-le-stand-tenu-au-ride-in-ocre-a-gargas-le-03-octobre-2020\\\/#primaryimage\",\"url\":\"https:\\\/\\\/francelyme.fr\\\/site\\\/wp-content\\\/uploads\\\/2020\\\/10\\\/Resized_20201003_110212.jpg\",\"contentUrl\":\"https:\\\/\\\/francelyme.fr\\\/site\\\/wp-content\\\/uploads\\\/2020\\\/10\\\/Resized_20201003_110212.jpg\",\"width\":1008,\"height\":756},{\"@type\":\"BreadcrumbList\",\"@id\":\"https:\\\/\\\/francelyme.fr\\\/site\\\/retour-en-images-sur-le-stand-tenu-au-ride-in-ocre-a-gargas-le-03-octobre-2020\\\/#breadcrumb\",\"itemListElement\":[{\"@type\":\"ListItem\",\"position\":1,\"name\":\"Accueil\",\"item\":\"https:\\\/\\\/francelyme.fr\\\/site\\\/\"},{\"@type\":\"ListItem\",\"position\":2,\"name\":\"Retour en images sur le stand tenu au Ride in Ocre \u00e0 Gargas, le 03 Octobre 2020\"}]},{\"@type\":\"WebSite\",\"@id\":\"https:\\\/\\\/francelyme.fr\\\/site\\\/#website\",\"url\":\"https:\\\/\\\/francelyme.fr\\\/site\\\/\",\"name\":\"Association France Lyme\",\"description\":\"Association de lutte contre les maladies vectorielles \u00e0 tiques\",\"publisher\":{\"@id\":\"https:\\\/\\\/francelyme.fr\\\/site\\\/#organization\"},\"potentialAction\":[{\"@type\":\"SearchAction\",\"target\":{\"@type\":\"EntryPoint\",\"urlTemplate\":\"https:\\\/\\\/francelyme.fr\\\/site\\\/?s={search_term_string}\"},\"query-input\":{\"@type\":\"PropertyValueSpecification\",\"valueRequired\":true,\"valueName\":\"search_term_string\"}}],\"inLanguage\":\"fr-FR\"},{\"@type\":\"Organization\",\"@id\":\"https:\\\/\\\/francelyme.fr\\\/site\\\/#organization\",\"name\":\"France Lyme\",\"url\":\"https:\\\/\\\/francelyme.fr\\\/site\\\/\",\"logo\":{\"@type\":\"ImageObject\",\"inLanguage\":\"fr-FR\",\"@id\":\"https:\\\/\\\/francelyme.fr\\\/site\\\/#\\\/schema\\\/logo\\\/image\\\/\",\"url\":\"https:\\\/\\\/francelyme.fr\\\/site\\\/wp-content\\\/uploads\\\/2019\\\/05\\\/francelyme-site.gif\",\"contentUrl\":\"https:\\\/\\\/francelyme.fr\\\/site\\\/wp-content\\\/uploads\\\/2019\\\/05\\\/francelyme-site.gif\",\"width\":180,\"height\":180,\"caption\":\"France Lyme\"},\"image\":{\"@id\":\"https:\\\/\\\/francelyme.fr\\\/site\\\/#\\\/schema\\\/logo\\\/image\\\/\"},\"sameAs\":[\"https:\\\/\\\/www.facebook.com\\\/france.lyme\",\"https:\\\/\\\/x.com\\\/francelyme\",\"https:\\\/\\\/www.youtube.com\\\/channel\\\/UClMCGl3dvkz0iAgXFR1NH1A\"]},{\"@type\":\"Person\",\"@id\":\"https:\\\/\\\/francelyme.fr\\\/site\\\/#\\\/schema\\\/person\\\/b3a32c0e865447c2586961956f5d867e\",\"name\":\"Editeur\",\"image\":{\"@type\":\"ImageObject\",\"inLanguage\":\"fr-FR\",\"@id\":\"https:\\\/\\\/secure.gravatar.com\\\/avatar\\\/ae207cee02bf4e66ec5abb92d4ccacaa0ad5f5d3d16fe7fcb393eda94bfbf2d2?s=96&d=mm&r=g\",\"url\":\"https:\\\/\\\/secure.gravatar.com\\\/avatar\\\/ae207cee02bf4e66ec5abb92d4ccacaa0ad5f5d3d16fe7fcb393eda94bfbf2d2?s=96&d=mm&r=g\",\"contentUrl\":\"https:\\\/\\\/secure.gravatar.com\\\/avatar\\\/ae207cee02bf4e66ec5abb92d4ccacaa0ad5f5d3d16fe7fcb393eda94bfbf2d2?s=96&d=mm&r=g\",\"caption\":\"Editeur\"},\"url\":\"https:\\\/\\\/francelyme.fr\\\/site\\\/author\\\/editeuradm\\\/\"}]}<\/script>\n<!-- \/ Yoast SEO plugin. -->","yoast_head_json":{"title":"Retour en images sur le stand tenu au Ride in Ocre \u00e0 Gargas, le 03 Octobre 2020 - Association France Lyme","robots":{"index":"index","follow":"follow","max-snippet":"max-snippet:-1","max-image-preview":"max-image-preview:large","max-video-preview":"max-video-preview:-1"},"canonical":"https:\/\/francelyme.fr\/site\/retour-en-images-sur-le-stand-tenu-au-ride-in-ocre-a-gargas-le-03-octobre-2020\/","og_locale":"fr_FR","og_type":"article","og_title":"Retour en images sur le stand tenu au Ride in Ocre \u00e0 Gargas, le 03 Octobre 2020 - Association France Lyme","og_url":"https:\/\/francelyme.fr\/site\/retour-en-images-sur-le-stand-tenu-au-ride-in-ocre-a-gargas-le-03-octobre-2020\/","og_site_name":"Association France Lyme","article_publisher":"https:\/\/www.facebook.com\/france.lyme","article_published_time":"2020-10-19T13:31:39+00:00","article_modified_time":"2020-10-19T13:31:41+00:00","og_image":[{"width":1008,"height":756,"url":"https:\/\/francelyme.fr\/site\/wp-content\/uploads\/2020\/10\/Resized_20201003_110212.jpg","type":"image\/jpeg"}],"author":"Editeur","twitter_card":"summary_large_image","twitter_creator":"@francelyme","twitter_site":"@francelyme","twitter_misc":{"\u00c9crit par":"Editeur","Dur\u00e9e de lecture estim\u00e9e":"1 minute"},"schema":{"@context":"https:\/\/schema.org","@graph":[{"@type":"Article","@id":"https:\/\/francelyme.fr\/site\/retour-en-images-sur-le-stand-tenu-au-ride-in-ocre-a-gargas-le-03-octobre-2020\/#article","isPartOf":{"@id":"https:\/\/francelyme.fr\/site\/retour-en-images-sur-le-stand-tenu-au-ride-in-ocre-a-gargas-le-03-octobre-2020\/"},"author":{"name":"Editeur","@id":"https:\/\/francelyme.fr\/site\/#\/schema\/person\/b3a32c0e865447c2586961956f5d867e"},"headline":"Retour en images sur le stand tenu au Ride in Ocre \u00e0 Gargas, le 03 Octobre 2020","datePublished":"2020-10-19T13:31:39+00:00","dateModified":"2020-10-19T13:31:41+00:00","mainEntityOfPage":{"@id":"https:\/\/francelyme.fr\/site\/retour-en-images-sur-le-stand-tenu-au-ride-in-ocre-a-gargas-le-03-octobre-2020\/"},"wordCount":273,"publisher":{"@id":"https:\/\/francelyme.fr\/site\/#organization"},"image":{"@id":"https:\/\/francelyme.fr\/site\/retour-en-images-sur-le-stand-tenu-au-ride-in-ocre-a-gargas-le-03-octobre-2020\/#primaryimage"},"thumbnailUrl":"https:\/\/francelyme.fr\/site\/wp-content\/uploads\/2020\/10\/Resized_20201003_110212.jpg","articleSection":["Actions et stands","Provence-Alpes-C\u00f4te d'Azur"],"inLanguage":"fr-FR"},{"@type":"WebPage","@id":"https:\/\/francelyme.fr\/site\/retour-en-images-sur-le-stand-tenu-au-ride-in-ocre-a-gargas-le-03-octobre-2020\/","url":"https:\/\/francelyme.fr\/site\/retour-en-images-sur-le-stand-tenu-au-ride-in-ocre-a-gargas-le-03-octobre-2020\/","name":"Retour en images sur le stand tenu au Ride in Ocre \u00e0 Gargas, le 03 Octobre 2020 - Association France Lyme","isPartOf":{"@id":"https:\/\/francelyme.fr\/site\/#website"},"primaryImageOfPage":{"@id":"https:\/\/francelyme.fr\/site\/retour-en-images-sur-le-stand-tenu-au-ride-in-ocre-a-gargas-le-03-octobre-2020\/#primaryimage"},"image":{"@id":"https:\/\/francelyme.fr\/site\/retour-en-images-sur-le-stand-tenu-au-ride-in-ocre-a-gargas-le-03-octobre-2020\/#primaryimage"},"thumbnailUrl":"https:\/\/francelyme.fr\/site\/wp-content\/uploads\/2020\/10\/Resized_20201003_110212.jpg","datePublished":"2020-10-19T13:31:39+00:00","dateModified":"2020-10-19T13:31:41+00:00","breadcrumb":{"@id":"https:\/\/francelyme.fr\/site\/retour-en-images-sur-le-stand-tenu-au-ride-in-ocre-a-gargas-le-03-octobre-2020\/#breadcrumb"},"inLanguage":"fr-FR","potentialAction":[{"@type":"ReadAction","target":["https:\/\/francelyme.fr\/site\/retour-en-images-sur-le-stand-tenu-au-ride-in-ocre-a-gargas-le-03-octobre-2020\/"]}]},{"@type":"ImageObject","inLanguage":"fr-FR","@id":"https:\/\/francelyme.fr\/site\/retour-en-images-sur-le-stand-tenu-au-ride-in-ocre-a-gargas-le-03-octobre-2020\/#primaryimage","url":"https:\/\/francelyme.fr\/site\/wp-content\/uploads\/2020\/10\/Resized_20201003_110212.jpg","contentUrl":"https:\/\/francelyme.fr\/site\/wp-content\/uploads\/2020\/10\/Resized_20201003_110212.jpg","width":1008,"height":756},{"@type":"BreadcrumbList","@id":"https:\/\/francelyme.fr\/site\/retour-en-images-sur-le-stand-tenu-au-ride-in-ocre-a-gargas-le-03-octobre-2020\/#breadcrumb","itemListElement":[{"@type":"ListItem","position":1,"name":"Accueil","item":"https:\/\/francelyme.fr\/site\/"},{"@type":"ListItem","position":2,"name":"Retour en images sur le stand tenu au Ride in Ocre \u00e0 Gargas, le 03 Octobre 2020"}]},{"@type":"WebSite","@id":"https:\/\/francelyme.fr\/site\/#website","url":"https:\/\/francelyme.fr\/site\/","name":"Association France Lyme","description":"Association de lutte contre les maladies vectorielles \u00e0 tiques","publisher":{"@id":"https:\/\/francelyme.fr\/site\/#organization"},"potentialAction":[{"@type":"SearchAction","target":{"@type":"EntryPoint","urlTemplate":"https:\/\/francelyme.fr\/site\/?s={search_term_string}"},"query-input":{"@type":"PropertyValueSpecification","valueRequired":true,"valueName":"search_term_string"}}],"inLanguage":"fr-FR"},{"@type":"Organization","@id":"https:\/\/francelyme.fr\/site\/#organization","name":"France Lyme","url":"https:\/\/francelyme.fr\/site\/","logo":{"@type":"ImageObject","inLanguage":"fr-FR","@id":"https:\/\/francelyme.fr\/site\/#\/schema\/logo\/image\/","url":"https:\/\/francelyme.fr\/site\/wp-content\/uploads\/2019\/05\/francelyme-site.gif","contentUrl":"https:\/\/francelyme.fr\/site\/wp-content\/uploads\/2019\/05\/francelyme-site.gif","width":180,"height":180,"caption":"France Lyme"},"image":{"@id":"https:\/\/francelyme.fr\/site\/#\/schema\/logo\/image\/"},"sameAs":["https:\/\/www.facebook.com\/france.lyme","https:\/\/x.com\/francelyme","https:\/\/www.youtube.com\/channel\/UClMCGl3dvkz0iAgXFR1NH1A"]},{"@type":"Person","@id":"https:\/\/francelyme.fr\/site\/#\/schema\/person\/b3a32c0e865447c2586961956f5d867e","name":"Editeur","image":{"@type":"ImageObject","inLanguage":"fr-FR","@id":"https:\/\/secure.gravatar.com\/avatar\/ae207cee02bf4e66ec5abb92d4ccacaa0ad5f5d3d16fe7fcb393eda94bfbf2d2?s=96&d=mm&r=g","url":"https:\/\/secure.gravatar.com\/avatar\/ae207cee02bf4e66ec5abb92d4ccacaa0ad5f5d3d16fe7fcb393eda94bfbf2d2?s=96&d=mm&r=g","contentUrl":"https:\/\/secure.gravatar.com\/avatar\/ae207cee02bf4e66ec5abb92d4ccacaa0ad5f5d3d16fe7fcb393eda94bfbf2d2?s=96&d=mm&r=g","caption":"Editeur"},"url":"https:\/\/francelyme.fr\/site\/author\/editeuradm\/"}]}},"_links":{"self":[{"href":"https:\/\/francelyme.fr\/site\/wp-json\/wp\/v2\/posts\/11641","targetHints":{"allow":["GET"]}}],"collection":[{"href":"https:\/\/francelyme.fr\/site\/wp-json\/wp\/v2\/posts"}],"about":[{"href":"https:\/\/francelyme.fr\/site\/wp-json\/wp\/v2\/types\/post"}],"author":[{"embeddable":true,"href":"https:\/\/francelyme.fr\/site\/wp-json\/wp\/v2\/users\/16"}],"replies":[{"embeddable":true,"href":"https:\/\/francelyme.fr\/site\/wp-json\/wp\/v2\/comments?post=11641"}],"version-history":[{"count":1,"href":"https:\/\/francelyme.fr\/site\/wp-json\/wp\/v2\/posts\/11641\/revisions"}],"predecessor-version":[{"id":11643,"href":"https:\/\/francelyme.fr\/site\/wp-json\/wp\/v2\/posts\/11641\/revisions\/11643"}],"wp:featuredmedia":[{"embeddable":true,"href":"https:\/\/francelyme.fr\/site\/wp-json\/wp\/v2\/media\/11642"}],"wp:attachment":[{"href":"https:\/\/francelyme.fr\/site\/wp-json\/wp\/v2\/media?parent=11641"}],"wp:term":[{"taxonomy":"category","embeddable":true,"href":"https:\/\/francelyme.fr\/site\/wp-json\/wp\/v2\/categories?post=11641"},{"taxonomy":"post_tag","embeddable":true,"href":"https:\/\/francelyme.fr\/site\/wp-json\/wp\/v2\/tags?post=11641"}],"curies":[{"name":"wp","href":"https:\/\/api.w.org\/{rel}","templated":true}]}}