{"id":11690,"date":"2020-11-04T16:22:29","date_gmt":"2020-11-04T15:22:29","guid":{"rendered":"http:\/\/francelyme.fr\/site\/?p=11690"},"modified":"2020-11-04T16:23:52","modified_gmt":"2020-11-04T15:23:52","slug":"la-senatrice-elisabeth-doineau-toujours-en-pointe-pour-les-malades-de-lyme","status":"publish","type":"post","link":"https:\/\/francelyme.fr\/site\/la-senatrice-elisabeth-doineau-toujours-en-pointe-pour-les-malades-de-lyme\/","title":{"rendered":"La s\u00e9natrice \u00c9lisabeth Doineau, toujours en pointe pour les malades de Lyme"},"content":{"rendered":"<div class=\"like-button\" style=\"float: right; clear: both; text-align: right; width = 100%;\">\n<!-- Facebook Like Button Vivacity Infotech BEGIN -->\n<div class=\"fb-like\" data-href=\"https:\/\/francelyme.fr\/site\/la-senatrice-elisabeth-doineau-toujours-en-pointe-pour-les-malades-de-lyme\/\" data-layout=\"box_count\" data-action=\"like\" data-show-faces=\"false\" data-size=\"large\" data-width=\"450\" data-share=\"1\" ><\/div><\/div>\n<!-- Facebook Like Button Vivacity Infotech END -->\n<div id=\"fb-root\"><\/div>\n\n<div class=\"wp-block-media-text alignwide is-stacked-on-mobile\" style=\"grid-template-columns:15% auto\"><figure class=\"wp-block-media-text__media\"><img loading=\"lazy\" decoding=\"async\" width=\"155\" height=\"225\" src=\"http:\/\/francelyme.fr\/site\/wp-content\/uploads\/2020\/11\/senatrice-Elisabeth-Doineau.jpg\" alt=\"\" class=\"wp-image-11691\"\/><\/figure><div class=\"wp-block-media-text__content\">\n<p class=\"has-normal-font-size\">Un immense merci \u00e0 Elisabeth Doineau et aux s\u00e9nateurs, toujours plus nombreux, qui se battent (et <a rel=\"noreferrer noopener\" href=\"http:\/\/www.senat.fr\/seances\/s202010\/s20201028\/s20201028_mono.html#amd_2020_52_17_rect_1\" target=\"_blank\">d\u00e9battent<\/a>) pour am\u00e9liorer la prise en charge des malades de Lyme par notre syst\u00e8me de sant\u00e9.<\/p>\n<\/div><\/div>\n\n\n\n<p>Le 28 octobre, le S\u00e9nat a ainsi vot\u00e9 pour la cr\u00e9ation d\u2019un \u00ab\u00a0programme prioritaire de recherche sur les maladies vectorielles \u00e0 tiques\u00a0\u00bb, afin d\u2019augmenter les moyens de la recherche sur ces maladies encore m\u00e9connues mais qui sont d\u00e9j\u00e0 un probl\u00e8me majeur de sant\u00e9 publique dans le monde entier.<\/p>\n\n\n\n<p><a href=\"https:\/\/videos.senat.fr\/video.1788656_5f99be3dee467.seance-publique-du-28-octobre-2020-soir?timecode=861000\" target=\"_blank\" rel=\"noreferrer noopener\">https:\/\/videos.senat.fr\/video.1788656_5f99be3dee467.seance-publique-du-28-octobre-2020-soir?timecode=861000<\/a><\/p>\n\n\n\n<p>\u00e0 22:04<\/p>\n\n\n\n<p>D\u00e9put\u00e9s et s\u00e9nateurs seront bient\u00f4t r\u00e9unis pour s\u2019accorder sur un texte unique lors de la Commission mixte paritaire sur le Projet de loi de programmation de la Recherche 2021-2030.<\/p>\n\n\n\n<p><strong>Nous appelons les d\u00e9put\u00e9s \u00e0 soutenir cette mesure introduite par le S\u00e9nat, essentielle pour les malades, mais aussi pour tous les Fran\u00e7ais dont aucun n\u2019est \u00e0 l\u2019abri des morsures de tiques qui prolif\u00e8rent dans toutes les for\u00eats et jardins.<\/strong><\/p>\n<div class=\"like-button\" style=\"float: right; clear: both; text-align: right; width = 100%;\">\n<!-- Facebook Like Button Vivacity Infotech BEGIN -->\n<div class=\"fb-like\" data-href=\"https:\/\/francelyme.fr\/site\/la-senatrice-elisabeth-doineau-toujours-en-pointe-pour-les-malades-de-lyme\/\" data-layout=\"box_count\" data-action=\"like\" data-show-faces=\"false\" data-size=\"large\" data-width=\"450\" data-share=\"1\" ><\/div><\/div>\n<!-- Facebook Like Button Vivacity Infotech END -->\n","protected":false},"excerpt":{"rendered":"","protected":false},"author":1,"featured_media":11691,"comment_status":"closed","ping_status":"open","sticky":false,"template":"","format":"standard","meta":{"footnotes":""},"categories":[35],"tags":[],"class_list":["post-11690","post","type-post","status-publish","format-standard","has-post-thumbnail","hentry","category-politique"],"yoast_head":"<!-- This site is optimized with the Yoast SEO plugin v27.5 - https:\/\/yoast.com\/product\/yoast-seo-wordpress\/ -->\n<title>La s\u00e9natrice \u00c9lisabeth Doineau, toujours en pointe pour les malades de Lyme - Association France Lyme<\/title>\n<meta name=\"robots\" content=\"index, follow, max-snippet:-1, max-image-preview:large, max-video-preview:-1\" \/>\n<link rel=\"canonical\" href=\"https:\/\/francelyme.fr\/site\/la-senatrice-elisabeth-doineau-toujours-en-pointe-pour-les-malades-de-lyme\/\" \/>\n<meta property=\"og:locale\" content=\"fr_FR\" \/>\n<meta property=\"og:type\" content=\"article\" \/>\n<meta property=\"og:title\" content=\"La s\u00e9natrice \u00c9lisabeth Doineau, toujours en pointe pour les malades de Lyme - Association France Lyme\" \/>\n<meta property=\"og:url\" content=\"https:\/\/francelyme.fr\/site\/la-senatrice-elisabeth-doineau-toujours-en-pointe-pour-les-malades-de-lyme\/\" \/>\n<meta property=\"og:site_name\" content=\"Association France Lyme\" \/>\n<meta property=\"article:publisher\" content=\"https:\/\/www.facebook.com\/france.lyme\" \/>\n<meta property=\"article:published_time\" content=\"2020-11-04T15:22:29+00:00\" \/>\n<meta property=\"article:modified_time\" content=\"2020-11-04T15:23:52+00:00\" \/>\n<meta property=\"og:image\" content=\"https:\/\/francelyme.fr\/site\/wp-content\/uploads\/2020\/11\/senatrice-Elisabeth-Doineau.jpg\" \/>\n\t<meta property=\"og:image:width\" content=\"155\" \/>\n\t<meta property=\"og:image:height\" content=\"225\" \/>\n\t<meta property=\"og:image:type\" content=\"image\/jpeg\" \/>\n<meta name=\"author\" content=\"AdminFL\" \/>\n<meta name=\"twitter:card\" content=\"summary_large_image\" \/>\n<meta name=\"twitter:creator\" content=\"@francelyme\" \/>\n<meta name=\"twitter:site\" content=\"@francelyme\" \/>\n<meta name=\"twitter:label1\" content=\"\u00c9crit par\" \/>\n\t<meta name=\"twitter:data1\" content=\"AdminFL\" \/>\n\t<meta name=\"twitter:label2\" content=\"Dur\u00e9e de lecture estim\u00e9e\" \/>\n\t<meta name=\"twitter:data2\" content=\"1 minute\" \/>\n<script type=\"application\/ld+json\" class=\"yoast-schema-graph\">{\"@context\":\"https:\\\/\\\/schema.org\",\"@graph\":[{\"@type\":\"Article\",\"@id\":\"https:\\\/\\\/francelyme.fr\\\/site\\\/la-senatrice-elisabeth-doineau-toujours-en-pointe-pour-les-malades-de-lyme\\\/#article\",\"isPartOf\":{\"@id\":\"https:\\\/\\\/francelyme.fr\\\/site\\\/la-senatrice-elisabeth-doineau-toujours-en-pointe-pour-les-malades-de-lyme\\\/\"},\"author\":{\"name\":\"AdminFL\",\"@id\":\"https:\\\/\\\/francelyme.fr\\\/site\\\/#\\\/schema\\\/person\\\/1a2c2689f69ecd6062cfac7d4b12f265\"},\"headline\":\"La s\u00e9natrice \u00c9lisabeth Doineau, toujours en pointe pour les malades de Lyme\",\"datePublished\":\"2020-11-04T15:22:29+00:00\",\"dateModified\":\"2020-11-04T15:23:52+00:00\",\"mainEntityOfPage\":{\"@id\":\"https:\\\/\\\/francelyme.fr\\\/site\\\/la-senatrice-elisabeth-doineau-toujours-en-pointe-pour-les-malades-de-lyme\\\/\"},\"wordCount\":193,\"publisher\":{\"@id\":\"https:\\\/\\\/francelyme.fr\\\/site\\\/#organization\"},\"image\":{\"@id\":\"https:\\\/\\\/francelyme.fr\\\/site\\\/la-senatrice-elisabeth-doineau-toujours-en-pointe-pour-les-malades-de-lyme\\\/#primaryimage\"},\"thumbnailUrl\":\"https:\\\/\\\/francelyme.fr\\\/site\\\/wp-content\\\/uploads\\\/2020\\\/11\\\/senatrice-Elisabeth-Doineau.jpg\",\"articleSection\":[\"Politique\"],\"inLanguage\":\"fr-FR\"},{\"@type\":\"WebPage\",\"@id\":\"https:\\\/\\\/francelyme.fr\\\/site\\\/la-senatrice-elisabeth-doineau-toujours-en-pointe-pour-les-malades-de-lyme\\\/\",\"url\":\"https:\\\/\\\/francelyme.fr\\\/site\\\/la-senatrice-elisabeth-doineau-toujours-en-pointe-pour-les-malades-de-lyme\\\/\",\"name\":\"La s\u00e9natrice \u00c9lisabeth Doineau, toujours en pointe pour les malades de Lyme - Association France Lyme\",\"isPartOf\":{\"@id\":\"https:\\\/\\\/francelyme.fr\\\/site\\\/#website\"},\"primaryImageOfPage\":{\"@id\":\"https:\\\/\\\/francelyme.fr\\\/site\\\/la-senatrice-elisabeth-doineau-toujours-en-pointe-pour-les-malades-de-lyme\\\/#primaryimage\"},\"image\":{\"@id\":\"https:\\\/\\\/francelyme.fr\\\/site\\\/la-senatrice-elisabeth-doineau-toujours-en-pointe-pour-les-malades-de-lyme\\\/#primaryimage\"},\"thumbnailUrl\":\"https:\\\/\\\/francelyme.fr\\\/site\\\/wp-content\\\/uploads\\\/2020\\\/11\\\/senatrice-Elisabeth-Doineau.jpg\",\"datePublished\":\"2020-11-04T15:22:29+00:00\",\"dateModified\":\"2020-11-04T15:23:52+00:00\",\"breadcrumb\":{\"@id\":\"https:\\\/\\\/francelyme.fr\\\/site\\\/la-senatrice-elisabeth-doineau-toujours-en-pointe-pour-les-malades-de-lyme\\\/#breadcrumb\"},\"inLanguage\":\"fr-FR\",\"potentialAction\":[{\"@type\":\"ReadAction\",\"target\":[\"https:\\\/\\\/francelyme.fr\\\/site\\\/la-senatrice-elisabeth-doineau-toujours-en-pointe-pour-les-malades-de-lyme\\\/\"]}]},{\"@type\":\"ImageObject\",\"inLanguage\":\"fr-FR\",\"@id\":\"https:\\\/\\\/francelyme.fr\\\/site\\\/la-senatrice-elisabeth-doineau-toujours-en-pointe-pour-les-malades-de-lyme\\\/#primaryimage\",\"url\":\"https:\\\/\\\/francelyme.fr\\\/site\\\/wp-content\\\/uploads\\\/2020\\\/11\\\/senatrice-Elisabeth-Doineau.jpg\",\"contentUrl\":\"https:\\\/\\\/francelyme.fr\\\/site\\\/wp-content\\\/uploads\\\/2020\\\/11\\\/senatrice-Elisabeth-Doineau.jpg\",\"width\":155,\"height\":225},{\"@type\":\"BreadcrumbList\",\"@id\":\"https:\\\/\\\/francelyme.fr\\\/site\\\/la-senatrice-elisabeth-doineau-toujours-en-pointe-pour-les-malades-de-lyme\\\/#breadcrumb\",\"itemListElement\":[{\"@type\":\"ListItem\",\"position\":1,\"name\":\"Accueil\",\"item\":\"https:\\\/\\\/francelyme.fr\\\/site\\\/\"},{\"@type\":\"ListItem\",\"position\":2,\"name\":\"La s\u00e9natrice \u00c9lisabeth Doineau, toujours en pointe pour les malades de Lyme\"}]},{\"@type\":\"WebSite\",\"@id\":\"https:\\\/\\\/francelyme.fr\\\/site\\\/#website\",\"url\":\"https:\\\/\\\/francelyme.fr\\\/site\\\/\",\"name\":\"Association France Lyme\",\"description\":\"Association de lutte contre les maladies vectorielles \u00e0 tiques\",\"publisher\":{\"@id\":\"https:\\\/\\\/francelyme.fr\\\/site\\\/#organization\"},\"potentialAction\":[{\"@type\":\"SearchAction\",\"target\":{\"@type\":\"EntryPoint\",\"urlTemplate\":\"https:\\\/\\\/francelyme.fr\\\/site\\\/?s={search_term_string}\"},\"query-input\":{\"@type\":\"PropertyValueSpecification\",\"valueRequired\":true,\"valueName\":\"search_term_string\"}}],\"inLanguage\":\"fr-FR\"},{\"@type\":\"Organization\",\"@id\":\"https:\\\/\\\/francelyme.fr\\\/site\\\/#organization\",\"name\":\"France Lyme\",\"url\":\"https:\\\/\\\/francelyme.fr\\\/site\\\/\",\"logo\":{\"@type\":\"ImageObject\",\"inLanguage\":\"fr-FR\",\"@id\":\"https:\\\/\\\/francelyme.fr\\\/site\\\/#\\\/schema\\\/logo\\\/image\\\/\",\"url\":\"https:\\\/\\\/francelyme.fr\\\/site\\\/wp-content\\\/uploads\\\/2019\\\/05\\\/francelyme-site.gif\",\"contentUrl\":\"https:\\\/\\\/francelyme.fr\\\/site\\\/wp-content\\\/uploads\\\/2019\\\/05\\\/francelyme-site.gif\",\"width\":180,\"height\":180,\"caption\":\"France Lyme\"},\"image\":{\"@id\":\"https:\\\/\\\/francelyme.fr\\\/site\\\/#\\\/schema\\\/logo\\\/image\\\/\"},\"sameAs\":[\"https:\\\/\\\/www.facebook.com\\\/france.lyme\",\"https:\\\/\\\/x.com\\\/francelyme\",\"https:\\\/\\\/www.youtube.com\\\/channel\\\/UClMCGl3dvkz0iAgXFR1NH1A\"]},{\"@type\":\"Person\",\"@id\":\"https:\\\/\\\/francelyme.fr\\\/site\\\/#\\\/schema\\\/person\\\/1a2c2689f69ecd6062cfac7d4b12f265\",\"name\":\"AdminFL\",\"image\":{\"@type\":\"ImageObject\",\"inLanguage\":\"fr-FR\",\"@id\":\"https:\\\/\\\/secure.gravatar.com\\\/avatar\\\/4920874779d1914d5cba6d6dc7a2f20c832bb43238e659994a133a63cb03c29e?s=96&d=mm&r=g\",\"url\":\"https:\\\/\\\/secure.gravatar.com\\\/avatar\\\/4920874779d1914d5cba6d6dc7a2f20c832bb43238e659994a133a63cb03c29e?s=96&d=mm&r=g\",\"contentUrl\":\"https:\\\/\\\/secure.gravatar.com\\\/avatar\\\/4920874779d1914d5cba6d6dc7a2f20c832bb43238e659994a133a63cb03c29e?s=96&d=mm&r=g\",\"caption\":\"AdminFL\"},\"url\":\"https:\\\/\\\/francelyme.fr\\\/site\\\/author\\\/fralymadm\\\/\"}]}<\/script>\n<!-- \/ Yoast SEO plugin. -->","yoast_head_json":{"title":"La s\u00e9natrice \u00c9lisabeth Doineau, toujours en pointe pour les malades de Lyme - Association France Lyme","robots":{"index":"index","follow":"follow","max-snippet":"max-snippet:-1","max-image-preview":"max-image-preview:large","max-video-preview":"max-video-preview:-1"},"canonical":"https:\/\/francelyme.fr\/site\/la-senatrice-elisabeth-doineau-toujours-en-pointe-pour-les-malades-de-lyme\/","og_locale":"fr_FR","og_type":"article","og_title":"La s\u00e9natrice \u00c9lisabeth Doineau, toujours en pointe pour les malades de Lyme - Association France Lyme","og_url":"https:\/\/francelyme.fr\/site\/la-senatrice-elisabeth-doineau-toujours-en-pointe-pour-les-malades-de-lyme\/","og_site_name":"Association France Lyme","article_publisher":"https:\/\/www.facebook.com\/france.lyme","article_published_time":"2020-11-04T15:22:29+00:00","article_modified_time":"2020-11-04T15:23:52+00:00","og_image":[{"width":155,"height":225,"url":"https:\/\/francelyme.fr\/site\/wp-content\/uploads\/2020\/11\/senatrice-Elisabeth-Doineau.jpg","type":"image\/jpeg"}],"author":"AdminFL","twitter_card":"summary_large_image","twitter_creator":"@francelyme","twitter_site":"@francelyme","twitter_misc":{"\u00c9crit par":"AdminFL","Dur\u00e9e de lecture estim\u00e9e":"1 minute"},"schema":{"@context":"https:\/\/schema.org","@graph":[{"@type":"Article","@id":"https:\/\/francelyme.fr\/site\/la-senatrice-elisabeth-doineau-toujours-en-pointe-pour-les-malades-de-lyme\/#article","isPartOf":{"@id":"https:\/\/francelyme.fr\/site\/la-senatrice-elisabeth-doineau-toujours-en-pointe-pour-les-malades-de-lyme\/"},"author":{"name":"AdminFL","@id":"https:\/\/francelyme.fr\/site\/#\/schema\/person\/1a2c2689f69ecd6062cfac7d4b12f265"},"headline":"La s\u00e9natrice \u00c9lisabeth Doineau, toujours en pointe pour les malades de Lyme","datePublished":"2020-11-04T15:22:29+00:00","dateModified":"2020-11-04T15:23:52+00:00","mainEntityOfPage":{"@id":"https:\/\/francelyme.fr\/site\/la-senatrice-elisabeth-doineau-toujours-en-pointe-pour-les-malades-de-lyme\/"},"wordCount":193,"publisher":{"@id":"https:\/\/francelyme.fr\/site\/#organization"},"image":{"@id":"https:\/\/francelyme.fr\/site\/la-senatrice-elisabeth-doineau-toujours-en-pointe-pour-les-malades-de-lyme\/#primaryimage"},"thumbnailUrl":"https:\/\/francelyme.fr\/site\/wp-content\/uploads\/2020\/11\/senatrice-Elisabeth-Doineau.jpg","articleSection":["Politique"],"inLanguage":"fr-FR"},{"@type":"WebPage","@id":"https:\/\/francelyme.fr\/site\/la-senatrice-elisabeth-doineau-toujours-en-pointe-pour-les-malades-de-lyme\/","url":"https:\/\/francelyme.fr\/site\/la-senatrice-elisabeth-doineau-toujours-en-pointe-pour-les-malades-de-lyme\/","name":"La s\u00e9natrice \u00c9lisabeth Doineau, toujours en pointe pour les malades de Lyme - Association France Lyme","isPartOf":{"@id":"https:\/\/francelyme.fr\/site\/#website"},"primaryImageOfPage":{"@id":"https:\/\/francelyme.fr\/site\/la-senatrice-elisabeth-doineau-toujours-en-pointe-pour-les-malades-de-lyme\/#primaryimage"},"image":{"@id":"https:\/\/francelyme.fr\/site\/la-senatrice-elisabeth-doineau-toujours-en-pointe-pour-les-malades-de-lyme\/#primaryimage"},"thumbnailUrl":"https:\/\/francelyme.fr\/site\/wp-content\/uploads\/2020\/11\/senatrice-Elisabeth-Doineau.jpg","datePublished":"2020-11-04T15:22:29+00:00","dateModified":"2020-11-04T15:23:52+00:00","breadcrumb":{"@id":"https:\/\/francelyme.fr\/site\/la-senatrice-elisabeth-doineau-toujours-en-pointe-pour-les-malades-de-lyme\/#breadcrumb"},"inLanguage":"fr-FR","potentialAction":[{"@type":"ReadAction","target":["https:\/\/francelyme.fr\/site\/la-senatrice-elisabeth-doineau-toujours-en-pointe-pour-les-malades-de-lyme\/"]}]},{"@type":"ImageObject","inLanguage":"fr-FR","@id":"https:\/\/francelyme.fr\/site\/la-senatrice-elisabeth-doineau-toujours-en-pointe-pour-les-malades-de-lyme\/#primaryimage","url":"https:\/\/francelyme.fr\/site\/wp-content\/uploads\/2020\/11\/senatrice-Elisabeth-Doineau.jpg","contentUrl":"https:\/\/francelyme.fr\/site\/wp-content\/uploads\/2020\/11\/senatrice-Elisabeth-Doineau.jpg","width":155,"height":225},{"@type":"BreadcrumbList","@id":"https:\/\/francelyme.fr\/site\/la-senatrice-elisabeth-doineau-toujours-en-pointe-pour-les-malades-de-lyme\/#breadcrumb","itemListElement":[{"@type":"ListItem","position":1,"name":"Accueil","item":"https:\/\/francelyme.fr\/site\/"},{"@type":"ListItem","position":2,"name":"La s\u00e9natrice \u00c9lisabeth Doineau, toujours en pointe pour les malades de Lyme"}]},{"@type":"WebSite","@id":"https:\/\/francelyme.fr\/site\/#website","url":"https:\/\/francelyme.fr\/site\/","name":"Association France Lyme","description":"Association de lutte contre les maladies vectorielles \u00e0 tiques","publisher":{"@id":"https:\/\/francelyme.fr\/site\/#organization"},"potentialAction":[{"@type":"SearchAction","target":{"@type":"EntryPoint","urlTemplate":"https:\/\/francelyme.fr\/site\/?s={search_term_string}"},"query-input":{"@type":"PropertyValueSpecification","valueRequired":true,"valueName":"search_term_string"}}],"inLanguage":"fr-FR"},{"@type":"Organization","@id":"https:\/\/francelyme.fr\/site\/#organization","name":"France Lyme","url":"https:\/\/francelyme.fr\/site\/","logo":{"@type":"ImageObject","inLanguage":"fr-FR","@id":"https:\/\/francelyme.fr\/site\/#\/schema\/logo\/image\/","url":"https:\/\/francelyme.fr\/site\/wp-content\/uploads\/2019\/05\/francelyme-site.gif","contentUrl":"https:\/\/francelyme.fr\/site\/wp-content\/uploads\/2019\/05\/francelyme-site.gif","width":180,"height":180,"caption":"France Lyme"},"image":{"@id":"https:\/\/francelyme.fr\/site\/#\/schema\/logo\/image\/"},"sameAs":["https:\/\/www.facebook.com\/france.lyme","https:\/\/x.com\/francelyme","https:\/\/www.youtube.com\/channel\/UClMCGl3dvkz0iAgXFR1NH1A"]},{"@type":"Person","@id":"https:\/\/francelyme.fr\/site\/#\/schema\/person\/1a2c2689f69ecd6062cfac7d4b12f265","name":"AdminFL","image":{"@type":"ImageObject","inLanguage":"fr-FR","@id":"https:\/\/secure.gravatar.com\/avatar\/4920874779d1914d5cba6d6dc7a2f20c832bb43238e659994a133a63cb03c29e?s=96&d=mm&r=g","url":"https:\/\/secure.gravatar.com\/avatar\/4920874779d1914d5cba6d6dc7a2f20c832bb43238e659994a133a63cb03c29e?s=96&d=mm&r=g","contentUrl":"https:\/\/secure.gravatar.com\/avatar\/4920874779d1914d5cba6d6dc7a2f20c832bb43238e659994a133a63cb03c29e?s=96&d=mm&r=g","caption":"AdminFL"},"url":"https:\/\/francelyme.fr\/site\/author\/fralymadm\/"}]}},"_links":{"self":[{"href":"https:\/\/francelyme.fr\/site\/wp-json\/wp\/v2\/posts\/11690","targetHints":{"allow":["GET"]}}],"collection":[{"href":"https:\/\/francelyme.fr\/site\/wp-json\/wp\/v2\/posts"}],"about":[{"href":"https:\/\/francelyme.fr\/site\/wp-json\/wp\/v2\/types\/post"}],"author":[{"embeddable":true,"href":"https:\/\/francelyme.fr\/site\/wp-json\/wp\/v2\/users\/1"}],"replies":[{"embeddable":true,"href":"https:\/\/francelyme.fr\/site\/wp-json\/wp\/v2\/comments?post=11690"}],"version-history":[{"count":2,"href":"https:\/\/francelyme.fr\/site\/wp-json\/wp\/v2\/posts\/11690\/revisions"}],"predecessor-version":[{"id":11693,"href":"https:\/\/francelyme.fr\/site\/wp-json\/wp\/v2\/posts\/11690\/revisions\/11693"}],"wp:featuredmedia":[{"embeddable":true,"href":"https:\/\/francelyme.fr\/site\/wp-json\/wp\/v2\/media\/11691"}],"wp:attachment":[{"href":"https:\/\/francelyme.fr\/site\/wp-json\/wp\/v2\/media?parent=11690"}],"wp:term":[{"taxonomy":"category","embeddable":true,"href":"https:\/\/francelyme.fr\/site\/wp-json\/wp\/v2\/categories?post=11690"},{"taxonomy":"post_tag","embeddable":true,"href":"https:\/\/francelyme.fr\/site\/wp-json\/wp\/v2\/tags?post=11690"}],"curies":[{"name":"wp","href":"https:\/\/api.w.org\/{rel}","templated":true}]}}