{"id":11718,"date":"2020-11-12T20:44:45","date_gmt":"2020-11-12T19:44:45","guid":{"rendered":"http:\/\/francelyme.fr\/site\/?p=11718"},"modified":"2020-11-12T20:44:46","modified_gmt":"2020-11-12T19:44:46","slug":"depot-de-plainte-du-28-octobre-contre-le-cnom-du-rhone-et-des-medecins","status":"publish","type":"post","link":"https:\/\/francelyme.fr\/site\/depot-de-plainte-du-28-octobre-contre-le-cnom-du-rhone-et-des-medecins\/","title":{"rendered":"D\u00e9p\u00f4t de plainte du 28 octobre contre le CNOM du Rh\u00f4ne et des m\u00e9decins"},"content":{"rendered":"<div class=\"like-button\" style=\"float: right; clear: both; text-align: right; width = 100%;\">\n<!-- Facebook Like Button Vivacity Infotech BEGIN -->\n<div class=\"fb-like\" data-href=\"https:\/\/francelyme.fr\/site\/depot-de-plainte-du-28-octobre-contre-le-cnom-du-rhone-et-des-medecins\/\" data-layout=\"box_count\" data-action=\"like\" data-show-faces=\"false\" data-size=\"large\" data-width=\"450\" data-share=\"1\" ><\/div><\/div>\n<!-- Facebook Like Button Vivacity Infotech END -->\n<div id=\"fb-root\"><\/div>\n\n<p class=\"has-text-align-center\"><span style=\"color:#f62020\" class=\"has-inline-color\">Violation du secret m\u00e9dical et constitution ill\u00e9gale de fichiers \u00e0 caract\u00e8res m\u00e9dicaux par des Caisses d\u2019Assurance Maladie<\/span><\/p>\n\n\n\n<p><strong>L\u2019Association de malades France Lyme vient de d\u00e9poser une plainte p\u00e9nale, par l\u2019interm\u00e9diaire de son Conseil Ma\u00eetre Thomas BENAGES, \u00e0 l\u2019encontre de plusieurs m\u00e9decins de Caisses d\u2019Assurance Maladie &#8211; CAM &#8211; et contre le Conseil D\u00e9partemental de l\u2019Ordre des M\u00e9decins &#8211; CDOM- du Rh\u00f4ne<\/strong>, pour\u00a0:<\/p>\n\n\n\n<ol class=\"wp-block-list\"><li>violation du secret m\u00e9dical\u00a0<\/li><li>constitution ill\u00e9gale de fichiers \u00e0 caract\u00e8res m\u00e9dicaux<\/li><li>mise en danger d\u00e9lib\u00e9r\u00e9e de la personne d\u2019autrui<\/li><\/ol>\n\n\n\n<p>devant le Procureur de la R\u00e9publique, aupr\u00e8s du Tribunal Judiciaire de Lyon \u00e0 l\u2019encontre des&nbsp;:<\/p>\n\n\n\n<ul class=\"wp-block-list\"><li>Docteur Elisabeth GORMAND, Pr\u00e9sidente du CDOM du Rh\u00f4ne,<\/li><li>Docteur Philippe CATON, M\u00e9decin conseil Chef du service m\u00e9dical de la CAM du Rh\u00f4ne,<\/li><li>Docteur Fr\u00e9d\u00e9rique GIRARD, M\u00e9decin conseil Chef du service m\u00e9dical de la CAM de l\u2019Is\u00e8re,<\/li><li>Docteur Camille JACQUEMOUD, M\u00e9decin Chef de service m\u00e9dical de l de la CAM de la Savoie,<\/li><li>Docteur Bernard VERMOREL, M\u00e9decin conseil Chef du service m\u00e9dical de la CAM de la Haute Savoie,<\/li><li>Docteur Emmanuel GAGNEUX, M\u00e9decin conseil Chef du service m\u00e9dical de la CAM du Languedoc Roussillon<\/li><li>Docteur Florence RUBICONI, M\u00e9decin conseil Chef du service m\u00e9dical de la CAM de la Loire,<\/li><\/ul>\n\n\n\n<p>ainsi qu\u2019\u00e0 l\u2019encontre des personnes morales qu\u2019ils repr\u00e9sentent.<\/p>\n\n\n\n<p>L\u2019association France Lyme se voit contrainte d\u2019intenter cette action en justice conform\u00e9ment \u00e0 sa mission d\u2019am\u00e9liorer la prise en charge des malades de Lyme. Elle saisit les instances p\u00e9nales concernant <strong>la l\u00e9galit\u00e9 de pratiques visant \u00e0 constituer des fichiers de malades de Lyme et autres MVT -, dans l\u2019unique but d\u2019intenter des actions disciplinaires contre les m\u00e9decins traitants de ces malades.<\/strong><\/p>\n\n\n\n<p>Cette action vise les m\u00e9decins conseils qui ont utilis\u00e9 des donn\u00e9es m\u00e9dicales, provenant d\u2019organismes d&rsquo;assurance maladie &#8211; CAM &#8211; et le CDOM du Rh\u00f4ne.<\/p>\n\n\n\n<p>Ces m\u00e9decins ont constitu\u00e9 des fichiers \u00e0 caract\u00e8re m\u00e9dical \u00e0 l\u2019insu des malades, dans le but de lancer, en dehors de tout cadre l\u00e9gal, une action \u00e0 l\u2019encontre du Pr Paul Trouillas, neurologue lyonnais engag\u00e9 dans la prise en charge des formes neurologiques graves de la maladie de Lyme.<\/p>\n\n\n\n<p>L\u2019action intent\u00e9e \u00e0 l\u2019encontre de ce Professeur ne vise absolument pas la commission de fautes m\u00e9dicales. En effet, pour les malades list\u00e9s, porteurs de la forme neurologique tardive de la maladie de Lyme, aucun \u00e9v\u00e8nement ind\u00e9sirable en rapport avec leur traitement n\u2019a \u00e9t\u00e9 enregistr\u00e9. <strong>Cette action vise uniquement \u00e0 harceler un m\u00e9decin, en contestant ses prescriptions &#8211; traitements longs en rapport avec des maladies graves &#8211; qui respectent pourtant les recommandations de bonne pratique \u2013 RBP &#8211; de la HAS de 2018[1] .<\/strong><\/p>\n\n\n\n<p>Le CDOM du Rh\u00f4ne souhaiterait pour sa part qu\u2019un r\u00e9f\u00e9rentiel officieux, celui de la SPILF [2] soit appliqu\u00e9 \u2013 alors m\u00eame que le rapport du S\u00e9nat relatif \u00e0 la maladie de Lyme, publi\u00e9 en 2019, r\u00e9affirmait que ce r\u00e9f\u00e9rentiel de la SPILF ne saurait se substituer aux RBP de la HAS. France Lyme a d\u00e9j\u00e0 d\u00e9pos\u00e9 plainte en 2019 contre la SPILF, soci\u00e9t\u00e9 responsable de ces recommandations officieuses et non respectueuses de la vie des malades.<\/p>\n\n\n\n<p>Par cette action, France Lyme souhaite interroger sur les pratiques de certains organismes d&rsquo;Assurance Maladie et du CDOM du Rh\u00f4ne. <strong>Ces organismes peuvent-ils utiliser les donn\u00e9es m\u00e9dicales des assur\u00e9s, sans leur accord, afin de lancer des proc\u00e9dures disciplinaires, assimilables \u00e0 des chasses aux sorci\u00e8res, \u00e0 l\u2019encontre des m\u00e9decins qui soignent ces m\u00eames assur\u00e9s ?<\/strong><\/p>\n\n\n\n<p>En emp\u00eachant un m\u00e9decin de soigner sur la base des recommandations officielles de la HAS 2018, le CDOM du Rh\u00f4ne ne se livre-t-il pas <strong>\u00e0 une mise en danger de la vie des patients&nbsp;?<\/strong><\/p>\n\n\n\n<p><strong>D\u00e9fendre la libert\u00e9 de prescrire des th\u00e9rapeutiques pertinentes et efficaces, d\u00e9fendre le droit des malades de Lyme \u00e0 \u00eatre trait\u00e9s et \u00e0 s\u2019am\u00e9liorer, d\u00e9fendre leur dignit\u00e9 de patients, tels sont les buts fondamentaux de la plainte p\u00e9nale de France Lyme.<\/strong><\/p>\n\n\n\n<div class=\"wp-block-file\"><a href=\"https:\/\/francelyme.fr\/site\/wp-content\/uploads\/2020\/11\/2020.11-CdeP-France-Lyme-Plainte-CDOM-Rhone.pdf\">Communiqu\u00e9 de presse &#8211; France-Lyme Plainte contre le CDOM du Rh\u00f4ne en version PDF<\/a><a href=\"https:\/\/francelyme.fr\/site\/wp-content\/uploads\/2020\/11\/2020.11-CdeP-France-Lyme-Plainte-CDOM-Rhone.pdf\" class=\"wp-block-file__button\" download>T\u00e9l\u00e9charger<\/a><\/div>\n\n\n\n<div class=\"wp-block-file\"><a href=\"https:\/\/francelyme.fr\/site\/wp-content\/uploads\/2020\/11\/2020.11-CdeP-France-Lyme-Plainte-CDOM-Rhone.jpg\">Communiqu\u00e9 de presse &#8211; France-Lyme Plainte contre le CDOM du Rh\u00f4ne en version JPG<\/a><a href=\"https:\/\/francelyme.fr\/site\/wp-content\/uploads\/2020\/11\/2020.11-CdeP-France-Lyme-Plainte-CDOM-Rhone.jpg\" class=\"wp-block-file__button\" download>T\u00e9l\u00e9charger<\/a><\/div>\n\n\n\n<p><\/p>\n<div class=\"like-button\" style=\"float: right; clear: both; text-align: right; width = 100%;\">\n<!-- Facebook Like Button Vivacity Infotech BEGIN -->\n<div class=\"fb-like\" data-href=\"https:\/\/francelyme.fr\/site\/depot-de-plainte-du-28-octobre-contre-le-cnom-du-rhone-et-des-medecins\/\" data-layout=\"box_count\" data-action=\"like\" data-show-faces=\"false\" data-size=\"large\" data-width=\"450\" data-share=\"1\" ><\/div><\/div>\n<!-- Facebook Like Button Vivacity Infotech END -->\n","protected":false},"excerpt":{"rendered":"","protected":false},"author":1,"featured_media":3292,"comment_status":"closed","ping_status":"open","sticky":false,"template":"","format":"standard","meta":{"footnotes":""},"categories":[276],"tags":[],"class_list":["post-11718","post","type-post","status-publish","format-standard","has-post-thumbnail","hentry","category-juridique"],"yoast_head":"<!-- This site is optimized with the Yoast SEO plugin v27.5 - https:\/\/yoast.com\/product\/yoast-seo-wordpress\/ -->\n<title>D\u00e9p\u00f4t de plainte du 28 octobre contre le CNOM du Rh\u00f4ne et des m\u00e9decins - Association France Lyme<\/title>\n<meta name=\"robots\" content=\"index, follow, max-snippet:-1, max-image-preview:large, max-video-preview:-1\" \/>\n<link rel=\"canonical\" href=\"https:\/\/francelyme.fr\/site\/depot-de-plainte-du-28-octobre-contre-le-cnom-du-rhone-et-des-medecins\/\" \/>\n<meta property=\"og:locale\" content=\"fr_FR\" \/>\n<meta property=\"og:type\" content=\"article\" \/>\n<meta property=\"og:title\" content=\"D\u00e9p\u00f4t de plainte du 28 octobre contre le CNOM du Rh\u00f4ne et des m\u00e9decins - Association France Lyme\" \/>\n<meta property=\"og:url\" content=\"https:\/\/francelyme.fr\/site\/depot-de-plainte-du-28-octobre-contre-le-cnom-du-rhone-et-des-medecins\/\" \/>\n<meta property=\"og:site_name\" content=\"Association France Lyme\" \/>\n<meta property=\"article:publisher\" content=\"https:\/\/www.facebook.com\/france.lyme\" \/>\n<meta property=\"article:published_time\" content=\"2020-11-12T19:44:45+00:00\" \/>\n<meta property=\"article:modified_time\" content=\"2020-11-12T19:44:46+00:00\" \/>\n<meta property=\"og:image\" content=\"https:\/\/francelyme.fr\/site\/wp-content\/uploads\/2014\/11\/justice.jpg\" \/>\n\t<meta property=\"og:image:width\" content=\"274\" \/>\n\t<meta property=\"og:image:height\" content=\"184\" \/>\n\t<meta property=\"og:image:type\" content=\"image\/jpeg\" \/>\n<meta name=\"author\" content=\"AdminFL\" \/>\n<meta name=\"twitter:card\" content=\"summary_large_image\" \/>\n<meta name=\"twitter:creator\" content=\"@francelyme\" \/>\n<meta name=\"twitter:site\" content=\"@francelyme\" \/>\n<meta name=\"twitter:label1\" content=\"\u00c9crit par\" \/>\n\t<meta name=\"twitter:data1\" content=\"AdminFL\" \/>\n\t<meta name=\"twitter:label2\" content=\"Dur\u00e9e de lecture estim\u00e9e\" \/>\n\t<meta name=\"twitter:data2\" content=\"4 minutes\" \/>\n<script type=\"application\/ld+json\" class=\"yoast-schema-graph\">{\"@context\":\"https:\\\/\\\/schema.org\",\"@graph\":[{\"@type\":\"Article\",\"@id\":\"https:\\\/\\\/francelyme.fr\\\/site\\\/depot-de-plainte-du-28-octobre-contre-le-cnom-du-rhone-et-des-medecins\\\/#article\",\"isPartOf\":{\"@id\":\"https:\\\/\\\/francelyme.fr\\\/site\\\/depot-de-plainte-du-28-octobre-contre-le-cnom-du-rhone-et-des-medecins\\\/\"},\"author\":{\"name\":\"AdminFL\",\"@id\":\"https:\\\/\\\/francelyme.fr\\\/site\\\/#\\\/schema\\\/person\\\/1a2c2689f69ecd6062cfac7d4b12f265\"},\"headline\":\"D\u00e9p\u00f4t de plainte du 28 octobre contre le CNOM du Rh\u00f4ne et des m\u00e9decins\",\"datePublished\":\"2020-11-12T19:44:45+00:00\",\"dateModified\":\"2020-11-12T19:44:46+00:00\",\"mainEntityOfPage\":{\"@id\":\"https:\\\/\\\/francelyme.fr\\\/site\\\/depot-de-plainte-du-28-octobre-contre-le-cnom-du-rhone-et-des-medecins\\\/\"},\"wordCount\":768,\"publisher\":{\"@id\":\"https:\\\/\\\/francelyme.fr\\\/site\\\/#organization\"},\"image\":{\"@id\":\"https:\\\/\\\/francelyme.fr\\\/site\\\/depot-de-plainte-du-28-octobre-contre-le-cnom-du-rhone-et-des-medecins\\\/#primaryimage\"},\"thumbnailUrl\":\"https:\\\/\\\/francelyme.fr\\\/site\\\/wp-content\\\/uploads\\\/2014\\\/11\\\/justice.jpg\",\"articleSection\":[\"Juridique\"],\"inLanguage\":\"fr-FR\"},{\"@type\":\"WebPage\",\"@id\":\"https:\\\/\\\/francelyme.fr\\\/site\\\/depot-de-plainte-du-28-octobre-contre-le-cnom-du-rhone-et-des-medecins\\\/\",\"url\":\"https:\\\/\\\/francelyme.fr\\\/site\\\/depot-de-plainte-du-28-octobre-contre-le-cnom-du-rhone-et-des-medecins\\\/\",\"name\":\"D\u00e9p\u00f4t de plainte du 28 octobre contre le CNOM du Rh\u00f4ne et des m\u00e9decins - Association France Lyme\",\"isPartOf\":{\"@id\":\"https:\\\/\\\/francelyme.fr\\\/site\\\/#website\"},\"primaryImageOfPage\":{\"@id\":\"https:\\\/\\\/francelyme.fr\\\/site\\\/depot-de-plainte-du-28-octobre-contre-le-cnom-du-rhone-et-des-medecins\\\/#primaryimage\"},\"image\":{\"@id\":\"https:\\\/\\\/francelyme.fr\\\/site\\\/depot-de-plainte-du-28-octobre-contre-le-cnom-du-rhone-et-des-medecins\\\/#primaryimage\"},\"thumbnailUrl\":\"https:\\\/\\\/francelyme.fr\\\/site\\\/wp-content\\\/uploads\\\/2014\\\/11\\\/justice.jpg\",\"datePublished\":\"2020-11-12T19:44:45+00:00\",\"dateModified\":\"2020-11-12T19:44:46+00:00\",\"breadcrumb\":{\"@id\":\"https:\\\/\\\/francelyme.fr\\\/site\\\/depot-de-plainte-du-28-octobre-contre-le-cnom-du-rhone-et-des-medecins\\\/#breadcrumb\"},\"inLanguage\":\"fr-FR\",\"potentialAction\":[{\"@type\":\"ReadAction\",\"target\":[\"https:\\\/\\\/francelyme.fr\\\/site\\\/depot-de-plainte-du-28-octobre-contre-le-cnom-du-rhone-et-des-medecins\\\/\"]}]},{\"@type\":\"ImageObject\",\"inLanguage\":\"fr-FR\",\"@id\":\"https:\\\/\\\/francelyme.fr\\\/site\\\/depot-de-plainte-du-28-octobre-contre-le-cnom-du-rhone-et-des-medecins\\\/#primaryimage\",\"url\":\"https:\\\/\\\/francelyme.fr\\\/site\\\/wp-content\\\/uploads\\\/2014\\\/11\\\/justice.jpg\",\"contentUrl\":\"https:\\\/\\\/francelyme.fr\\\/site\\\/wp-content\\\/uploads\\\/2014\\\/11\\\/justice.jpg\",\"width\":274,\"height\":184,\"caption\":\"\"},{\"@type\":\"BreadcrumbList\",\"@id\":\"https:\\\/\\\/francelyme.fr\\\/site\\\/depot-de-plainte-du-28-octobre-contre-le-cnom-du-rhone-et-des-medecins\\\/#breadcrumb\",\"itemListElement\":[{\"@type\":\"ListItem\",\"position\":1,\"name\":\"Accueil\",\"item\":\"https:\\\/\\\/francelyme.fr\\\/site\\\/\"},{\"@type\":\"ListItem\",\"position\":2,\"name\":\"D\u00e9p\u00f4t de plainte du 28 octobre contre le CNOM du Rh\u00f4ne et des m\u00e9decins\"}]},{\"@type\":\"WebSite\",\"@id\":\"https:\\\/\\\/francelyme.fr\\\/site\\\/#website\",\"url\":\"https:\\\/\\\/francelyme.fr\\\/site\\\/\",\"name\":\"Association France Lyme\",\"description\":\"Association de lutte contre les maladies vectorielles \u00e0 tiques\",\"publisher\":{\"@id\":\"https:\\\/\\\/francelyme.fr\\\/site\\\/#organization\"},\"potentialAction\":[{\"@type\":\"SearchAction\",\"target\":{\"@type\":\"EntryPoint\",\"urlTemplate\":\"https:\\\/\\\/francelyme.fr\\\/site\\\/?s={search_term_string}\"},\"query-input\":{\"@type\":\"PropertyValueSpecification\",\"valueRequired\":true,\"valueName\":\"search_term_string\"}}],\"inLanguage\":\"fr-FR\"},{\"@type\":\"Organization\",\"@id\":\"https:\\\/\\\/francelyme.fr\\\/site\\\/#organization\",\"name\":\"France Lyme\",\"url\":\"https:\\\/\\\/francelyme.fr\\\/site\\\/\",\"logo\":{\"@type\":\"ImageObject\",\"inLanguage\":\"fr-FR\",\"@id\":\"https:\\\/\\\/francelyme.fr\\\/site\\\/#\\\/schema\\\/logo\\\/image\\\/\",\"url\":\"https:\\\/\\\/francelyme.fr\\\/site\\\/wp-content\\\/uploads\\\/2019\\\/05\\\/francelyme-site.gif\",\"contentUrl\":\"https:\\\/\\\/francelyme.fr\\\/site\\\/wp-content\\\/uploads\\\/2019\\\/05\\\/francelyme-site.gif\",\"width\":180,\"height\":180,\"caption\":\"France Lyme\"},\"image\":{\"@id\":\"https:\\\/\\\/francelyme.fr\\\/site\\\/#\\\/schema\\\/logo\\\/image\\\/\"},\"sameAs\":[\"https:\\\/\\\/www.facebook.com\\\/france.lyme\",\"https:\\\/\\\/x.com\\\/francelyme\",\"https:\\\/\\\/www.youtube.com\\\/channel\\\/UClMCGl3dvkz0iAgXFR1NH1A\"]},{\"@type\":\"Person\",\"@id\":\"https:\\\/\\\/francelyme.fr\\\/site\\\/#\\\/schema\\\/person\\\/1a2c2689f69ecd6062cfac7d4b12f265\",\"name\":\"AdminFL\",\"image\":{\"@type\":\"ImageObject\",\"inLanguage\":\"fr-FR\",\"@id\":\"https:\\\/\\\/secure.gravatar.com\\\/avatar\\\/4920874779d1914d5cba6d6dc7a2f20c832bb43238e659994a133a63cb03c29e?s=96&d=mm&r=g\",\"url\":\"https:\\\/\\\/secure.gravatar.com\\\/avatar\\\/4920874779d1914d5cba6d6dc7a2f20c832bb43238e659994a133a63cb03c29e?s=96&d=mm&r=g\",\"contentUrl\":\"https:\\\/\\\/secure.gravatar.com\\\/avatar\\\/4920874779d1914d5cba6d6dc7a2f20c832bb43238e659994a133a63cb03c29e?s=96&d=mm&r=g\",\"caption\":\"AdminFL\"},\"url\":\"https:\\\/\\\/francelyme.fr\\\/site\\\/author\\\/fralymadm\\\/\"}]}<\/script>\n<!-- \/ Yoast SEO plugin. -->","yoast_head_json":{"title":"D\u00e9p\u00f4t de plainte du 28 octobre contre le CNOM du Rh\u00f4ne et des m\u00e9decins - Association France Lyme","robots":{"index":"index","follow":"follow","max-snippet":"max-snippet:-1","max-image-preview":"max-image-preview:large","max-video-preview":"max-video-preview:-1"},"canonical":"https:\/\/francelyme.fr\/site\/depot-de-plainte-du-28-octobre-contre-le-cnom-du-rhone-et-des-medecins\/","og_locale":"fr_FR","og_type":"article","og_title":"D\u00e9p\u00f4t de plainte du 28 octobre contre le CNOM du Rh\u00f4ne et des m\u00e9decins - Association France Lyme","og_url":"https:\/\/francelyme.fr\/site\/depot-de-plainte-du-28-octobre-contre-le-cnom-du-rhone-et-des-medecins\/","og_site_name":"Association France Lyme","article_publisher":"https:\/\/www.facebook.com\/france.lyme","article_published_time":"2020-11-12T19:44:45+00:00","article_modified_time":"2020-11-12T19:44:46+00:00","og_image":[{"width":274,"height":184,"url":"https:\/\/francelyme.fr\/site\/wp-content\/uploads\/2014\/11\/justice.jpg","type":"image\/jpeg"}],"author":"AdminFL","twitter_card":"summary_large_image","twitter_creator":"@francelyme","twitter_site":"@francelyme","twitter_misc":{"\u00c9crit par":"AdminFL","Dur\u00e9e de lecture estim\u00e9e":"4 minutes"},"schema":{"@context":"https:\/\/schema.org","@graph":[{"@type":"Article","@id":"https:\/\/francelyme.fr\/site\/depot-de-plainte-du-28-octobre-contre-le-cnom-du-rhone-et-des-medecins\/#article","isPartOf":{"@id":"https:\/\/francelyme.fr\/site\/depot-de-plainte-du-28-octobre-contre-le-cnom-du-rhone-et-des-medecins\/"},"author":{"name":"AdminFL","@id":"https:\/\/francelyme.fr\/site\/#\/schema\/person\/1a2c2689f69ecd6062cfac7d4b12f265"},"headline":"D\u00e9p\u00f4t de plainte du 28 octobre contre le CNOM du Rh\u00f4ne et des m\u00e9decins","datePublished":"2020-11-12T19:44:45+00:00","dateModified":"2020-11-12T19:44:46+00:00","mainEntityOfPage":{"@id":"https:\/\/francelyme.fr\/site\/depot-de-plainte-du-28-octobre-contre-le-cnom-du-rhone-et-des-medecins\/"},"wordCount":768,"publisher":{"@id":"https:\/\/francelyme.fr\/site\/#organization"},"image":{"@id":"https:\/\/francelyme.fr\/site\/depot-de-plainte-du-28-octobre-contre-le-cnom-du-rhone-et-des-medecins\/#primaryimage"},"thumbnailUrl":"https:\/\/francelyme.fr\/site\/wp-content\/uploads\/2014\/11\/justice.jpg","articleSection":["Juridique"],"inLanguage":"fr-FR"},{"@type":"WebPage","@id":"https:\/\/francelyme.fr\/site\/depot-de-plainte-du-28-octobre-contre-le-cnom-du-rhone-et-des-medecins\/","url":"https:\/\/francelyme.fr\/site\/depot-de-plainte-du-28-octobre-contre-le-cnom-du-rhone-et-des-medecins\/","name":"D\u00e9p\u00f4t de plainte du 28 octobre contre le CNOM du Rh\u00f4ne et des m\u00e9decins - Association France Lyme","isPartOf":{"@id":"https:\/\/francelyme.fr\/site\/#website"},"primaryImageOfPage":{"@id":"https:\/\/francelyme.fr\/site\/depot-de-plainte-du-28-octobre-contre-le-cnom-du-rhone-et-des-medecins\/#primaryimage"},"image":{"@id":"https:\/\/francelyme.fr\/site\/depot-de-plainte-du-28-octobre-contre-le-cnom-du-rhone-et-des-medecins\/#primaryimage"},"thumbnailUrl":"https:\/\/francelyme.fr\/site\/wp-content\/uploads\/2014\/11\/justice.jpg","datePublished":"2020-11-12T19:44:45+00:00","dateModified":"2020-11-12T19:44:46+00:00","breadcrumb":{"@id":"https:\/\/francelyme.fr\/site\/depot-de-plainte-du-28-octobre-contre-le-cnom-du-rhone-et-des-medecins\/#breadcrumb"},"inLanguage":"fr-FR","potentialAction":[{"@type":"ReadAction","target":["https:\/\/francelyme.fr\/site\/depot-de-plainte-du-28-octobre-contre-le-cnom-du-rhone-et-des-medecins\/"]}]},{"@type":"ImageObject","inLanguage":"fr-FR","@id":"https:\/\/francelyme.fr\/site\/depot-de-plainte-du-28-octobre-contre-le-cnom-du-rhone-et-des-medecins\/#primaryimage","url":"https:\/\/francelyme.fr\/site\/wp-content\/uploads\/2014\/11\/justice.jpg","contentUrl":"https:\/\/francelyme.fr\/site\/wp-content\/uploads\/2014\/11\/justice.jpg","width":274,"height":184,"caption":""},{"@type":"BreadcrumbList","@id":"https:\/\/francelyme.fr\/site\/depot-de-plainte-du-28-octobre-contre-le-cnom-du-rhone-et-des-medecins\/#breadcrumb","itemListElement":[{"@type":"ListItem","position":1,"name":"Accueil","item":"https:\/\/francelyme.fr\/site\/"},{"@type":"ListItem","position":2,"name":"D\u00e9p\u00f4t de plainte du 28 octobre contre le CNOM du Rh\u00f4ne et des m\u00e9decins"}]},{"@type":"WebSite","@id":"https:\/\/francelyme.fr\/site\/#website","url":"https:\/\/francelyme.fr\/site\/","name":"Association France Lyme","description":"Association de lutte contre les maladies vectorielles \u00e0 tiques","publisher":{"@id":"https:\/\/francelyme.fr\/site\/#organization"},"potentialAction":[{"@type":"SearchAction","target":{"@type":"EntryPoint","urlTemplate":"https:\/\/francelyme.fr\/site\/?s={search_term_string}"},"query-input":{"@type":"PropertyValueSpecification","valueRequired":true,"valueName":"search_term_string"}}],"inLanguage":"fr-FR"},{"@type":"Organization","@id":"https:\/\/francelyme.fr\/site\/#organization","name":"France Lyme","url":"https:\/\/francelyme.fr\/site\/","logo":{"@type":"ImageObject","inLanguage":"fr-FR","@id":"https:\/\/francelyme.fr\/site\/#\/schema\/logo\/image\/","url":"https:\/\/francelyme.fr\/site\/wp-content\/uploads\/2019\/05\/francelyme-site.gif","contentUrl":"https:\/\/francelyme.fr\/site\/wp-content\/uploads\/2019\/05\/francelyme-site.gif","width":180,"height":180,"caption":"France Lyme"},"image":{"@id":"https:\/\/francelyme.fr\/site\/#\/schema\/logo\/image\/"},"sameAs":["https:\/\/www.facebook.com\/france.lyme","https:\/\/x.com\/francelyme","https:\/\/www.youtube.com\/channel\/UClMCGl3dvkz0iAgXFR1NH1A"]},{"@type":"Person","@id":"https:\/\/francelyme.fr\/site\/#\/schema\/person\/1a2c2689f69ecd6062cfac7d4b12f265","name":"AdminFL","image":{"@type":"ImageObject","inLanguage":"fr-FR","@id":"https:\/\/secure.gravatar.com\/avatar\/4920874779d1914d5cba6d6dc7a2f20c832bb43238e659994a133a63cb03c29e?s=96&d=mm&r=g","url":"https:\/\/secure.gravatar.com\/avatar\/4920874779d1914d5cba6d6dc7a2f20c832bb43238e659994a133a63cb03c29e?s=96&d=mm&r=g","contentUrl":"https:\/\/secure.gravatar.com\/avatar\/4920874779d1914d5cba6d6dc7a2f20c832bb43238e659994a133a63cb03c29e?s=96&d=mm&r=g","caption":"AdminFL"},"url":"https:\/\/francelyme.fr\/site\/author\/fralymadm\/"}]}},"_links":{"self":[{"href":"https:\/\/francelyme.fr\/site\/wp-json\/wp\/v2\/posts\/11718","targetHints":{"allow":["GET"]}}],"collection":[{"href":"https:\/\/francelyme.fr\/site\/wp-json\/wp\/v2\/posts"}],"about":[{"href":"https:\/\/francelyme.fr\/site\/wp-json\/wp\/v2\/types\/post"}],"author":[{"embeddable":true,"href":"https:\/\/francelyme.fr\/site\/wp-json\/wp\/v2\/users\/1"}],"replies":[{"embeddable":true,"href":"https:\/\/francelyme.fr\/site\/wp-json\/wp\/v2\/comments?post=11718"}],"version-history":[{"count":1,"href":"https:\/\/francelyme.fr\/site\/wp-json\/wp\/v2\/posts\/11718\/revisions"}],"predecessor-version":[{"id":11721,"href":"https:\/\/francelyme.fr\/site\/wp-json\/wp\/v2\/posts\/11718\/revisions\/11721"}],"wp:featuredmedia":[{"embeddable":true,"href":"https:\/\/francelyme.fr\/site\/wp-json\/wp\/v2\/media\/3292"}],"wp:attachment":[{"href":"https:\/\/francelyme.fr\/site\/wp-json\/wp\/v2\/media?parent=11718"}],"wp:term":[{"taxonomy":"category","embeddable":true,"href":"https:\/\/francelyme.fr\/site\/wp-json\/wp\/v2\/categories?post=11718"},{"taxonomy":"post_tag","embeddable":true,"href":"https:\/\/francelyme.fr\/site\/wp-json\/wp\/v2\/tags?post=11718"}],"curies":[{"name":"wp","href":"https:\/\/api.w.org\/{rel}","templated":true}]}}