{"id":12367,"date":"2021-08-20T16:12:36","date_gmt":"2021-08-20T14:12:36","guid":{"rendered":"https:\/\/francelyme.fr\/site\/?p=12367"},"modified":"2023-09-13T13:55:24","modified_gmt":"2023-09-13T11:55:24","slug":"france-lyme-aux-cotes-dharmonie-mutuelle","status":"publish","type":"post","link":"https:\/\/francelyme.fr\/site\/france-lyme-aux-cotes-dharmonie-mutuelle\/","title":{"rendered":"France Lyme aux c\u00f4t\u00e9s d&rsquo;Harmonie Mutuelle"},"content":{"rendered":"<div class=\"like-button\" style=\"float: right; clear: both; text-align: right; width = 100%;\">\n<!-- Facebook Like Button Vivacity Infotech BEGIN -->\n<div class=\"fb-like\" data-href=\"https:\/\/francelyme.fr\/site\/france-lyme-aux-cotes-dharmonie-mutuelle\/\" data-layout=\"box_count\" data-action=\"like\" data-show-faces=\"false\" data-size=\"large\" data-width=\"450\" data-share=\"1\" ><\/div><\/div>\n<!-- Facebook Like Button Vivacity Infotech END -->\n<div id=\"fb-root\"><\/div>\n\n<div class=\"wp-block-image\"><figure class=\"aligncenter size-large\"><img loading=\"lazy\" decoding=\"async\" width=\"615\" height=\"346\" src=\"https:\/\/francelyme.fr\/site\/wp-content\/uploads\/2021\/08\/P_20210623_110221.jpg\" alt=\"\" class=\"wp-image-12369\" srcset=\"https:\/\/francelyme.fr\/site\/wp-content\/uploads\/2021\/08\/P_20210623_110221.jpg 615w, https:\/\/francelyme.fr\/site\/wp-content\/uploads\/2021\/08\/P_20210623_110221-300x169.jpg 300w\" sizes=\"auto, (max-width: 615px) 100vw, 615px\" \/><\/figure><\/div>\n\n\n\n<p>France Lyme tient tout d\u2019abord a remerci\u00e9 tr\u00e8s chaleureusement Harmonie-Mutuelle, ses employ\u00e9s et ses dirigeants, pour la confiance accord\u00e9e et le partenariat propos\u00e9 dans le cadre d\u2019un projet qui leur tenait \u00e0 c\u0153ur et qu\u2019ils ont soutenu tout du long&nbsp;: \u00ab&nbsp;l&rsquo;adjudant J\u00e9r\u00e9mie Soul\u00e8re, bless\u00e9 en mission militaire au Mali, qui se lance pour se reconstruire, dans la travers\u00e9e des Pyr\u00e9n\u00e9es, d&rsquo;Hendaye&nbsp;(64) \u00e0 Banyuls (66), le fameux GR10&nbsp;\u00bb.<\/p>\n\n\n\n<p>France Lyme remercie \u00e9galement les Maires des communes travers\u00e9es, les anciens combattants, le colonel, les militaires du 48<sup>\u00e8me<\/sup> r\u00e9giments de Transmissions pr\u00e9sents et toutes les personnes du Staff encadrant pour leur accueil, leur gentillesse, leur \u00e9coute et leur disponibilit\u00e9.<\/p>\n\n\n\n<p>France Lyme remercie \u00e9galement H\u00e9l\u00e8ne BESSOUET, responsable section 64, pour toute l\u2019\u00e9nergie qu\u2019elle a su d\u00e9ployer dans cet \u00e9v\u00e8nement humain et solidaire&nbsp;!<\/p>\n\n\n\n<p>3 villages \u00e9tapes avaient \u00e9t\u00e9 d\u00e9finies :<\/p>\n\n\n\n<p>D\u00e9part \u00e0 Hendaye (64) le 23 juin<\/p>\n\n\n\n<p>St Lary- Soulan (65)&nbsp;le 12 juillet<\/p>\n\n\n\n<p>Arriv\u00e9e \u00e0 Banyuls 66 le 02 ao\u00fbt<\/p>\n\n\n\n<p>Les activit\u00e9s au programme de ces \u00e9tapes \u00e9taient sous le th\u00e8me \u00ab\u00a0Des activit\u00e9s estivales en montagne\u00a0\u00bb&nbsp;:<\/p>\n\n\n\n<p>-la sensibilisation \u00e0 la protection solaire<\/p>\n\n\n\n<p>-la r\u00e9cup\u00e9ration musculaire apr\u00e8s l&rsquo;effort<\/p>\n\n\n\n<p>-la nutrition et l&rsquo;hydratation en montagne<\/p>\n\n\n\n<p>-sensibilisation et pr\u00e9vention des maladies \u00e0 tiques.<\/p>\n\n\n\n<p>L&rsquo;\u00e9quipe France Lyme ANGLET a particip\u00e9 avec un stand \u00ab\u00a0Information, Pr\u00e9vention, Sensibilisation\u00a0\u00bb aux Maladies \u00e0 tiques \u00e0 Hendaye et \u00e0 St Lary-Soulan et l&rsquo;\u00e9quipe France Lyme Pyr\u00e9n\u00e9es Orientales a particip\u00e9 avec un stand \u00ab\u00a0Information, Pr\u00e9vention, Sensibilisation\u00a0\u00bb aux Maladies \u00e0 tiques \u00e0 Banyuls sur Mer.<\/p>\n\n\n\n<p>Comme souvent dans la vie, lorsque nous rencontrons des difficult\u00e9s, tout a d\u00e9but\u00e9 avec une m\u00e9t\u00e9o temp\u00e9tueuse, sans public mais n\u00e9anmoins riches en \u00e9changes avec les responsables et dirigeants d&rsquo;Harmonie-Mutuelle et les Militaires sensibilis\u00e9s aux probl\u00e8mes caus\u00e9s par les tiques.<\/p>\n\n\n\n<p>Puis \u00e0 mi-parcours, \u00e0 St Lary-Soulan, une m\u00e9t\u00e9o plus cl\u00e9mente nous a permis de tenir notre stand gr\u00e2ce au barnum mis \u00e0 notre disposition par la Mutuelle et de voir arriver J\u00e9r\u00e9my, plus apais\u00e9 et motiv\u00e9 comme jamais dans sa reconstruction et sa travers\u00e9e des Pyr\u00e9n\u00e9es&nbsp;! Nous avons eu beaucoup de visiteurs curieux, majoritairement inform\u00e9s, ayant un v\u00e9cu avec les tiques et les difficult\u00e9s de prise en charge qui vont avec.<\/p>\n\n\n\n<p>Le 02 ao\u00fbt, jour de l\u2019arriv\u00e9e de J\u00e9r\u00e9my, apr\u00e8s 48 jours de marche, fut une journ\u00e9e riche en \u00e9motions&nbsp;!!! Fin d\u2019un d\u00e9passement physique hors norme, des retrouvailles en famille magiques, son 48 \u00e8me r\u00e9giment de transmissions pr\u00e9sent, toute l\u2019\u00e9quipe d\u2019Harmonie Mutuelle pr\u00e9sente ainsi que Monsieur le Maire, les anciens combattants, C\u00e9line repr\u00e9sentant France Lyme, la presse locale, les badauds\u2026 Tout ceci en bord de mer sous un soleil radieux&nbsp;! Un beau clin d\u2019\u0153il de la vie ! Celle de J\u00e9r\u00e9my sera chang\u00e9e a jamais et pour nous tous, nous garderons un souvenir magique de cette travers\u00e9e, durant laquelle nous avons tous fait de tr\u00e8s belles rencontres et une fois de plus avons pu sensibiliser tout a chacun sur les maladies vectorielles \u00e0 tiques !<\/p>\n\n\n\n<p>Merci \u00e0 tous&nbsp;!<\/p>\n\n\n\n<p>liens vers les diff\u00e9rents articles de presse:<\/p>\n\n\n\n<p><a href=\"https:\/\/www.occitanie-tribune.com\/articles\/31935\/saint-lary-soulan-traversee-des-pyrenees-de-jeremie-soulere-militaire-blesse-les-juillet-a-saint-lary-soulan\" target=\"_blank\" rel=\"noreferrer noopener\">https:\/\/www.occitanie-tribune.com\/articles\/31935\/saint-lary-soulan-traversee-des-pyrenees-de-jeremie-soulere-militaire-blesse-les-juillet-a-saint-lary-soulan<\/a><\/p>\n\n\n\n<p><a href=\"https:\/\/www.le-journal-catalan.com\/arrivee-de-jeremie-soulere-militaire-blesse-au-mali-apres-sa-traversee-des-pyrenees\/95094\/\" target=\"_blank\" rel=\"noreferrer noopener\">https:\/\/www.le-journal-catalan.com\/arrivee-de-jeremie-soulere-militaire-blesse-au-mali-apres-sa-traversee-des-pyrenees\/95094\/<\/a><\/p>\n\n\n\n<p><a href=\"https:\/\/www.lindependant.fr\/2021\/08\/05\/il-traverse-les-pyrenees-douest-en-est-pour-les-militaires-blesses-9716423.php\" target=\"_blank\" rel=\"noreferrer noopener\">https:\/\/www.lindependant.fr\/2021\/08\/05\/il-traverse-les-pyrenees-douest-en-est-pour-les-militaires-blesses-9716423.php<\/a><\/p>\n\n\n\n<p><a href=\"https:\/\/www.france.tv\/france-3\/occitanie\/edition-de-proximite-pays-catalan\/2700985-emission-du-mercredi-4-aout-2021.html\" target=\"_blank\" rel=\"noreferrer noopener\">https:\/\/www.france.tv\/france-3\/occitanie\/edition-de-proximite-pays-catalan\/2700985-emission-du-mercredi-4-aout-2021.html<\/a><\/p>\n\n\n\n<div class=\"wp-block-image\"><figure class=\"aligncenter size-large\"><img loading=\"lazy\" decoding=\"async\" width=\"820\" height=\"461\" src=\"https:\/\/francelyme.fr\/site\/wp-content\/uploads\/2021\/08\/P_20210623_125247.jpg\" alt=\"\" class=\"wp-image-12368\" srcset=\"https:\/\/francelyme.fr\/site\/wp-content\/uploads\/2021\/08\/P_20210623_125247.jpg 820w, https:\/\/francelyme.fr\/site\/wp-content\/uploads\/2021\/08\/P_20210623_125247-300x169.jpg 300w, https:\/\/francelyme.fr\/site\/wp-content\/uploads\/2021\/08\/P_20210623_125247-768x432.jpg 768w\" sizes=\"auto, (max-width: 820px) 100vw, 820px\" \/><\/figure><\/div>\n\n\n\n<div class=\"wp-block-image\"><figure class=\"aligncenter size-large\"><img loading=\"lazy\" decoding=\"async\" width=\"820\" height=\"461\" src=\"https:\/\/francelyme.fr\/site\/wp-content\/uploads\/2021\/08\/P_20210623_090908.jpg\" alt=\"\" class=\"wp-image-12370\" srcset=\"https:\/\/francelyme.fr\/site\/wp-content\/uploads\/2021\/08\/P_20210623_090908.jpg 820w, https:\/\/francelyme.fr\/site\/wp-content\/uploads\/2021\/08\/P_20210623_090908-300x169.jpg 300w, https:\/\/francelyme.fr\/site\/wp-content\/uploads\/2021\/08\/P_20210623_090908-768x432.jpg 768w\" sizes=\"auto, (max-width: 820px) 100vw, 820px\" \/><\/figure><\/div>\n\n\n\n<div class=\"wp-block-image\"><figure class=\"aligncenter size-large\"><img loading=\"lazy\" decoding=\"async\" width=\"820\" height=\"461\" src=\"https:\/\/francelyme.fr\/site\/wp-content\/uploads\/2021\/08\/P_20210623_105948.jpg\" alt=\"\" class=\"wp-image-12371\" srcset=\"https:\/\/francelyme.fr\/site\/wp-content\/uploads\/2021\/08\/P_20210623_105948.jpg 820w, https:\/\/francelyme.fr\/site\/wp-content\/uploads\/2021\/08\/P_20210623_105948-300x169.jpg 300w, https:\/\/francelyme.fr\/site\/wp-content\/uploads\/2021\/08\/P_20210623_105948-768x432.jpg 768w\" sizes=\"auto, (max-width: 820px) 100vw, 820px\" \/><\/figure><\/div>\n\n\n\n<div class=\"wp-block-image\"><figure class=\"aligncenter size-large\"><img loading=\"lazy\" decoding=\"async\" width=\"1024\" height=\"768\" src=\"https:\/\/francelyme.fr\/site\/wp-content\/uploads\/2021\/08\/1472585670043961509-1024x768.jpg\" alt=\"\" class=\"wp-image-12372\" srcset=\"https:\/\/francelyme.fr\/site\/wp-content\/uploads\/2021\/08\/1472585670043961509-1024x768.jpg 1024w, https:\/\/francelyme.fr\/site\/wp-content\/uploads\/2021\/08\/1472585670043961509-300x225.jpg 300w, https:\/\/francelyme.fr\/site\/wp-content\/uploads\/2021\/08\/1472585670043961509-768x576.jpg 768w, https:\/\/francelyme.fr\/site\/wp-content\/uploads\/2021\/08\/1472585670043961509-1536x1152.jpg 1536w, https:\/\/francelyme.fr\/site\/wp-content\/uploads\/2021\/08\/1472585670043961509-2048x1536.jpg 2048w, https:\/\/francelyme.fr\/site\/wp-content\/uploads\/2021\/08\/1472585670043961509-1320x990.jpg 1320w\" sizes=\"auto, (max-width: 1024px) 100vw, 1024px\" \/><\/figure><\/div>\n\n\n\n<div class=\"wp-block-image\"><figure class=\"aligncenter size-large\"><img loading=\"lazy\" decoding=\"async\" width=\"1024\" height=\"766\" src=\"https:\/\/francelyme.fr\/site\/wp-content\/uploads\/2021\/08\/2021-07-juillet-12-Oredon-Madamete-19-1024x766.jpg\" alt=\"\" class=\"wp-image-12373\" srcset=\"https:\/\/francelyme.fr\/site\/wp-content\/uploads\/2021\/08\/2021-07-juillet-12-Oredon-Madamete-19-1024x766.jpg 1024w, https:\/\/francelyme.fr\/site\/wp-content\/uploads\/2021\/08\/2021-07-juillet-12-Oredon-Madamete-19-300x224.jpg 300w, https:\/\/francelyme.fr\/site\/wp-content\/uploads\/2021\/08\/2021-07-juillet-12-Oredon-Madamete-19-768x574.jpg 768w, https:\/\/francelyme.fr\/site\/wp-content\/uploads\/2021\/08\/2021-07-juillet-12-Oredon-Madamete-19-1536x1149.jpg 1536w, https:\/\/francelyme.fr\/site\/wp-content\/uploads\/2021\/08\/2021-07-juillet-12-Oredon-Madamete-19-2048x1532.jpg 2048w, https:\/\/francelyme.fr\/site\/wp-content\/uploads\/2021\/08\/2021-07-juillet-12-Oredon-Madamete-19-1320x987.jpg 1320w\" sizes=\"auto, (max-width: 1024px) 100vw, 1024px\" \/><\/figure><\/div>\n\n\n\n<div class=\"wp-block-image\"><figure class=\"aligncenter size-large\"><img loading=\"lazy\" decoding=\"async\" width=\"1024\" height=\"801\" src=\"https:\/\/francelyme.fr\/site\/wp-content\/uploads\/2021\/08\/2021-07-juillet-12-Oredon-Madamete-12-1024x801.jpg\" alt=\"\" class=\"wp-image-12374\" srcset=\"https:\/\/francelyme.fr\/site\/wp-content\/uploads\/2021\/08\/2021-07-juillet-12-Oredon-Madamete-12-1024x801.jpg 1024w, https:\/\/francelyme.fr\/site\/wp-content\/uploads\/2021\/08\/2021-07-juillet-12-Oredon-Madamete-12-300x235.jpg 300w, https:\/\/francelyme.fr\/site\/wp-content\/uploads\/2021\/08\/2021-07-juillet-12-Oredon-Madamete-12-768x600.jpg 768w, https:\/\/francelyme.fr\/site\/wp-content\/uploads\/2021\/08\/2021-07-juillet-12-Oredon-Madamete-12-1536x1201.jpg 1536w, https:\/\/francelyme.fr\/site\/wp-content\/uploads\/2021\/08\/2021-07-juillet-12-Oredon-Madamete-12-2048x1601.jpg 2048w, https:\/\/francelyme.fr\/site\/wp-content\/uploads\/2021\/08\/2021-07-juillet-12-Oredon-Madamete-12-1320x1032.jpg 1320w\" sizes=\"auto, (max-width: 1024px) 100vw, 1024px\" \/><\/figure><\/div>\n\n\n\n<figure class=\"wp-block-image size-large\"><img loading=\"lazy\" decoding=\"async\" width=\"1024\" height=\"908\" src=\"https:\/\/francelyme.fr\/site\/wp-content\/uploads\/2021\/08\/2021-07-juillet-12-Article-de-presse-voir-ds-lencadre-pour-F-Lyme-1024x908.jpg\" alt=\"\" class=\"wp-image-12375\" srcset=\"https:\/\/francelyme.fr\/site\/wp-content\/uploads\/2021\/08\/2021-07-juillet-12-Article-de-presse-voir-ds-lencadre-pour-F-Lyme-1024x908.jpg 1024w, https:\/\/francelyme.fr\/site\/wp-content\/uploads\/2021\/08\/2021-07-juillet-12-Article-de-presse-voir-ds-lencadre-pour-F-Lyme-300x266.jpg 300w, https:\/\/francelyme.fr\/site\/wp-content\/uploads\/2021\/08\/2021-07-juillet-12-Article-de-presse-voir-ds-lencadre-pour-F-Lyme-768x681.jpg 768w, https:\/\/francelyme.fr\/site\/wp-content\/uploads\/2021\/08\/2021-07-juillet-12-Article-de-presse-voir-ds-lencadre-pour-F-Lyme-1536x1361.jpg 1536w, https:\/\/francelyme.fr\/site\/wp-content\/uploads\/2021\/08\/2021-07-juillet-12-Article-de-presse-voir-ds-lencadre-pour-F-Lyme-2048x1815.jpg 2048w, https:\/\/francelyme.fr\/site\/wp-content\/uploads\/2021\/08\/2021-07-juillet-12-Article-de-presse-voir-ds-lencadre-pour-F-Lyme-1320x1170.jpg 1320w\" sizes=\"auto, (max-width: 1024px) 100vw, 1024px\" \/><\/figure>\n\n\n\n<div class=\"wp-block-image\"><figure class=\"aligncenter size-large\"><img loading=\"lazy\" decoding=\"async\" width=\"600\" height=\"450\" src=\"https:\/\/francelyme.fr\/site\/wp-content\/uploads\/2021\/08\/20210805_131202.jpg\" alt=\"\" class=\"wp-image-12376\" srcset=\"https:\/\/francelyme.fr\/site\/wp-content\/uploads\/2021\/08\/20210805_131202.jpg 600w, https:\/\/francelyme.fr\/site\/wp-content\/uploads\/2021\/08\/20210805_131202-300x225.jpg 300w\" sizes=\"auto, (max-width: 600px) 100vw, 600px\" \/><\/figure><\/div>\n\n\n\n<div class=\"wp-block-image\"><figure class=\"aligncenter size-large\"><img loading=\"lazy\" decoding=\"async\" width=\"807\" height=\"605\" src=\"https:\/\/francelyme.fr\/site\/wp-content\/uploads\/2021\/08\/20210805_130941-1.jpg\" alt=\"\" class=\"wp-image-12378\" srcset=\"https:\/\/francelyme.fr\/site\/wp-content\/uploads\/2021\/08\/20210805_130941-1.jpg 807w, https:\/\/francelyme.fr\/site\/wp-content\/uploads\/2021\/08\/20210805_130941-1-300x225.jpg 300w, https:\/\/francelyme.fr\/site\/wp-content\/uploads\/2021\/08\/20210805_130941-1-768x576.jpg 768w\" sizes=\"auto, (max-width: 807px) 100vw, 807px\" \/><\/figure><\/div>\n\n\n\n<div class=\"wp-block-image\"><figure class=\"aligncenter size-large\"><img loading=\"lazy\" decoding=\"async\" width=\"605\" height=\"807\" src=\"https:\/\/francelyme.fr\/site\/wp-content\/uploads\/2021\/08\/20210805_162012.jpg\" alt=\"\" class=\"wp-image-12379\" srcset=\"https:\/\/francelyme.fr\/site\/wp-content\/uploads\/2021\/08\/20210805_162012.jpg 605w, https:\/\/francelyme.fr\/site\/wp-content\/uploads\/2021\/08\/20210805_162012-225x300.jpg 225w\" sizes=\"auto, (max-width: 605px) 100vw, 605px\" \/><\/figure><\/div>\n\n\n\n<div class=\"wp-block-image\"><figure class=\"aligncenter size-large\"><img loading=\"lazy\" decoding=\"async\" width=\"605\" height=\"807\" src=\"https:\/\/francelyme.fr\/site\/wp-content\/uploads\/2021\/08\/20210805_162052.jpg\" alt=\"\" class=\"wp-image-12380\" srcset=\"https:\/\/francelyme.fr\/site\/wp-content\/uploads\/2021\/08\/20210805_162052.jpg 605w, https:\/\/francelyme.fr\/site\/wp-content\/uploads\/2021\/08\/20210805_162052-225x300.jpg 225w\" sizes=\"auto, (max-width: 605px) 100vw, 605px\" \/><\/figure><\/div>\n\n\n\n<div class=\"wp-block-image\"><figure class=\"aligncenter size-large\"><img loading=\"lazy\" decoding=\"async\" width=\"605\" height=\"807\" src=\"https:\/\/francelyme.fr\/site\/wp-content\/uploads\/2021\/08\/20210805_162157.jpg\" alt=\"\" class=\"wp-image-12381\" srcset=\"https:\/\/francelyme.fr\/site\/wp-content\/uploads\/2021\/08\/20210805_162157.jpg 605w, https:\/\/francelyme.fr\/site\/wp-content\/uploads\/2021\/08\/20210805_162157-225x300.jpg 225w\" sizes=\"auto, (max-width: 605px) 100vw, 605px\" \/><\/figure><\/div>\n\n\n\n<div class=\"wp-block-image\"><figure class=\"aligncenter size-large\"><img loading=\"lazy\" decoding=\"async\" width=\"605\" height=\"807\" src=\"https:\/\/francelyme.fr\/site\/wp-content\/uploads\/2021\/08\/20210805_162256.jpg\" alt=\"\" class=\"wp-image-12382\" srcset=\"https:\/\/francelyme.fr\/site\/wp-content\/uploads\/2021\/08\/20210805_162256.jpg 605w, https:\/\/francelyme.fr\/site\/wp-content\/uploads\/2021\/08\/20210805_162256-225x300.jpg 225w\" sizes=\"auto, (max-width: 605px) 100vw, 605px\" \/><\/figure><\/div>\n\n\n\n<div class=\"wp-block-image\"><figure class=\"aligncenter size-large\"><img loading=\"lazy\" decoding=\"async\" width=\"605\" height=\"807\" src=\"https:\/\/francelyme.fr\/site\/wp-content\/uploads\/2021\/08\/20210805_162456.jpg\" alt=\"\" class=\"wp-image-12383\" srcset=\"https:\/\/francelyme.fr\/site\/wp-content\/uploads\/2021\/08\/20210805_162456.jpg 605w, https:\/\/francelyme.fr\/site\/wp-content\/uploads\/2021\/08\/20210805_162456-225x300.jpg 225w\" sizes=\"auto, (max-width: 605px) 100vw, 605px\" \/><\/figure><\/div>\n\n\n\n<div class=\"wp-block-image\"><figure class=\"aligncenter size-large\"><img loading=\"lazy\" decoding=\"async\" width=\"605\" height=\"807\" src=\"https:\/\/francelyme.fr\/site\/wp-content\/uploads\/2021\/08\/20210805_163347.jpg\" alt=\"\" class=\"wp-image-12384\" srcset=\"https:\/\/francelyme.fr\/site\/wp-content\/uploads\/2021\/08\/20210805_163347.jpg 605w, https:\/\/francelyme.fr\/site\/wp-content\/uploads\/2021\/08\/20210805_163347-225x300.jpg 225w\" sizes=\"auto, (max-width: 605px) 100vw, 605px\" \/><\/figure><\/div>\n\n\n\n<div class=\"wp-block-image\"><figure class=\"aligncenter size-large\"><img loading=\"lazy\" decoding=\"async\" width=\"807\" height=\"605\" src=\"https:\/\/francelyme.fr\/site\/wp-content\/uploads\/2021\/08\/20210805_163657.jpg\" alt=\"\" class=\"wp-image-12385\" srcset=\"https:\/\/francelyme.fr\/site\/wp-content\/uploads\/2021\/08\/20210805_163657.jpg 807w, https:\/\/francelyme.fr\/site\/wp-content\/uploads\/2021\/08\/20210805_163657-300x225.jpg 300w, https:\/\/francelyme.fr\/site\/wp-content\/uploads\/2021\/08\/20210805_163657-768x576.jpg 768w\" sizes=\"auto, (max-width: 807px) 100vw, 807px\" \/><\/figure><\/div>\n\n\n\n<figure class=\"wp-block-image size-large\"><img loading=\"lazy\" decoding=\"async\" width=\"807\" height=\"605\" src=\"https:\/\/francelyme.fr\/site\/wp-content\/uploads\/2021\/08\/20210805_164610.jpg\" alt=\"\" class=\"wp-image-12386\" srcset=\"https:\/\/francelyme.fr\/site\/wp-content\/uploads\/2021\/08\/20210805_164610.jpg 807w, https:\/\/francelyme.fr\/site\/wp-content\/uploads\/2021\/08\/20210805_164610-300x225.jpg 300w, https:\/\/francelyme.fr\/site\/wp-content\/uploads\/2021\/08\/20210805_164610-768x576.jpg 768w\" sizes=\"auto, (max-width: 807px) 100vw, 807px\" \/><\/figure>\n\n\n\n<div class=\"wp-block-image\"><figure class=\"aligncenter size-large\"><img loading=\"lazy\" decoding=\"async\" width=\"605\" height=\"807\" src=\"https:\/\/francelyme.fr\/site\/wp-content\/uploads\/2021\/08\/20210805_165415.jpg\" alt=\"\" class=\"wp-image-12387\" srcset=\"https:\/\/francelyme.fr\/site\/wp-content\/uploads\/2021\/08\/20210805_165415.jpg 605w, https:\/\/francelyme.fr\/site\/wp-content\/uploads\/2021\/08\/20210805_165415-225x300.jpg 225w\" sizes=\"auto, (max-width: 605px) 100vw, 605px\" \/><\/figure><\/div>\n\n\n\n<div class=\"wp-block-image\"><figure class=\"aligncenter size-large\"><img loading=\"lazy\" decoding=\"async\" width=\"468\" height=\"405\" src=\"https:\/\/francelyme.fr\/site\/wp-content\/uploads\/2021\/08\/20210805_165627.jpg\" alt=\"\" class=\"wp-image-12388\" srcset=\"https:\/\/francelyme.fr\/site\/wp-content\/uploads\/2021\/08\/20210805_165627.jpg 468w, https:\/\/francelyme.fr\/site\/wp-content\/uploads\/2021\/08\/20210805_165627-300x260.jpg 300w\" sizes=\"auto, (max-width: 468px) 100vw, 468px\" \/><\/figure><\/div>\n\n\n\n<p><\/p>\n<div class=\"like-button\" style=\"float: right; clear: both; text-align: right; width = 100%;\">\n<!-- Facebook Like Button Vivacity Infotech BEGIN -->\n<div class=\"fb-like\" data-href=\"https:\/\/francelyme.fr\/site\/france-lyme-aux-cotes-dharmonie-mutuelle\/\" data-layout=\"box_count\" data-action=\"like\" data-show-faces=\"false\" data-size=\"large\" data-width=\"450\" data-share=\"1\" ><\/div><\/div>\n<!-- Facebook Like Button Vivacity Infotech END -->\n","protected":false},"excerpt":{"rendered":"","protected":false},"author":1,"featured_media":12379,"comment_status":"closed","ping_status":"open","sticky":false,"template":"","format":"standard","meta":{"footnotes":""},"categories":[7,61,68,40],"tags":[],"class_list":["post-12367","post","type-post","status-publish","format-standard","has-post-thumbnail","hentry","category-actions","category-aquitaine","category-languedoc-roussillon","category-midi-pyrennees"],"yoast_head":"<!-- This site is optimized with the Yoast SEO plugin v27.3 - https:\/\/yoast.com\/product\/yoast-seo-wordpress\/ -->\n<title>France Lyme aux c\u00f4t\u00e9s d&#039;Harmonie Mutuelle - Association France Lyme<\/title>\n<meta name=\"robots\" content=\"index, follow, max-snippet:-1, max-image-preview:large, max-video-preview:-1\" \/>\n<link rel=\"canonical\" href=\"https:\/\/francelyme.fr\/site\/france-lyme-aux-cotes-dharmonie-mutuelle\/\" \/>\n<meta property=\"og:locale\" content=\"fr_FR\" \/>\n<meta property=\"og:type\" content=\"article\" \/>\n<meta property=\"og:title\" content=\"France Lyme aux c\u00f4t\u00e9s d&#039;Harmonie Mutuelle - Association France Lyme\" \/>\n<meta property=\"og:url\" content=\"https:\/\/francelyme.fr\/site\/france-lyme-aux-cotes-dharmonie-mutuelle\/\" \/>\n<meta property=\"og:site_name\" content=\"Association France Lyme\" \/>\n<meta property=\"article:publisher\" content=\"https:\/\/www.facebook.com\/france.lyme\" \/>\n<meta property=\"article:published_time\" content=\"2021-08-20T14:12:36+00:00\" \/>\n<meta property=\"article:modified_time\" content=\"2023-09-13T11:55:24+00:00\" \/>\n<meta property=\"og:image\" content=\"https:\/\/francelyme.fr\/site\/wp-content\/uploads\/2021\/08\/20210805_162012.jpg\" \/>\n\t<meta property=\"og:image:width\" content=\"605\" \/>\n\t<meta property=\"og:image:height\" content=\"807\" \/>\n\t<meta property=\"og:image:type\" content=\"image\/jpeg\" \/>\n<meta name=\"author\" content=\"AdminFL\" \/>\n<meta name=\"twitter:card\" content=\"summary_large_image\" \/>\n<meta name=\"twitter:creator\" content=\"@francelyme\" \/>\n<meta name=\"twitter:site\" content=\"@francelyme\" \/>\n<meta name=\"twitter:label1\" content=\"\u00c9crit par\" \/>\n\t<meta name=\"twitter:data1\" content=\"AdminFL\" \/>\n\t<meta name=\"twitter:label2\" content=\"Dur\u00e9e de lecture estim\u00e9e\" \/>\n\t<meta name=\"twitter:data2\" content=\"3 minutes\" \/>\n<script type=\"application\/ld+json\" class=\"yoast-schema-graph\">{\"@context\":\"https:\\\/\\\/schema.org\",\"@graph\":[{\"@type\":\"Article\",\"@id\":\"https:\\\/\\\/francelyme.fr\\\/site\\\/france-lyme-aux-cotes-dharmonie-mutuelle\\\/#article\",\"isPartOf\":{\"@id\":\"https:\\\/\\\/francelyme.fr\\\/site\\\/france-lyme-aux-cotes-dharmonie-mutuelle\\\/\"},\"author\":{\"name\":\"AdminFL\",\"@id\":\"https:\\\/\\\/francelyme.fr\\\/site\\\/#\\\/schema\\\/person\\\/1a2c2689f69ecd6062cfac7d4b12f265\"},\"headline\":\"France Lyme aux c\u00f4t\u00e9s d&rsquo;Harmonie Mutuelle\",\"datePublished\":\"2021-08-20T14:12:36+00:00\",\"dateModified\":\"2023-09-13T11:55:24+00:00\",\"mainEntityOfPage\":{\"@id\":\"https:\\\/\\\/francelyme.fr\\\/site\\\/france-lyme-aux-cotes-dharmonie-mutuelle\\\/\"},\"wordCount\":589,\"publisher\":{\"@id\":\"https:\\\/\\\/francelyme.fr\\\/site\\\/#organization\"},\"image\":{\"@id\":\"https:\\\/\\\/francelyme.fr\\\/site\\\/france-lyme-aux-cotes-dharmonie-mutuelle\\\/#primaryimage\"},\"thumbnailUrl\":\"https:\\\/\\\/francelyme.fr\\\/site\\\/wp-content\\\/uploads\\\/2021\\\/08\\\/20210805_162012.jpg\",\"articleSection\":[\"Actions et stands\",\"Aquitaine\",\"Languedoc-Roussillon\",\"Midi-Pyr\u00e9nn\u00e9es\"],\"inLanguage\":\"fr-FR\"},{\"@type\":\"WebPage\",\"@id\":\"https:\\\/\\\/francelyme.fr\\\/site\\\/france-lyme-aux-cotes-dharmonie-mutuelle\\\/\",\"url\":\"https:\\\/\\\/francelyme.fr\\\/site\\\/france-lyme-aux-cotes-dharmonie-mutuelle\\\/\",\"name\":\"France Lyme aux c\u00f4t\u00e9s d'Harmonie Mutuelle - Association France Lyme\",\"isPartOf\":{\"@id\":\"https:\\\/\\\/francelyme.fr\\\/site\\\/#website\"},\"primaryImageOfPage\":{\"@id\":\"https:\\\/\\\/francelyme.fr\\\/site\\\/france-lyme-aux-cotes-dharmonie-mutuelle\\\/#primaryimage\"},\"image\":{\"@id\":\"https:\\\/\\\/francelyme.fr\\\/site\\\/france-lyme-aux-cotes-dharmonie-mutuelle\\\/#primaryimage\"},\"thumbnailUrl\":\"https:\\\/\\\/francelyme.fr\\\/site\\\/wp-content\\\/uploads\\\/2021\\\/08\\\/20210805_162012.jpg\",\"datePublished\":\"2021-08-20T14:12:36+00:00\",\"dateModified\":\"2023-09-13T11:55:24+00:00\",\"breadcrumb\":{\"@id\":\"https:\\\/\\\/francelyme.fr\\\/site\\\/france-lyme-aux-cotes-dharmonie-mutuelle\\\/#breadcrumb\"},\"inLanguage\":\"fr-FR\",\"potentialAction\":[{\"@type\":\"ReadAction\",\"target\":[\"https:\\\/\\\/francelyme.fr\\\/site\\\/france-lyme-aux-cotes-dharmonie-mutuelle\\\/\"]}]},{\"@type\":\"ImageObject\",\"inLanguage\":\"fr-FR\",\"@id\":\"https:\\\/\\\/francelyme.fr\\\/site\\\/france-lyme-aux-cotes-dharmonie-mutuelle\\\/#primaryimage\",\"url\":\"https:\\\/\\\/francelyme.fr\\\/site\\\/wp-content\\\/uploads\\\/2021\\\/08\\\/20210805_162012.jpg\",\"contentUrl\":\"https:\\\/\\\/francelyme.fr\\\/site\\\/wp-content\\\/uploads\\\/2021\\\/08\\\/20210805_162012.jpg\",\"width\":605,\"height\":807},{\"@type\":\"BreadcrumbList\",\"@id\":\"https:\\\/\\\/francelyme.fr\\\/site\\\/france-lyme-aux-cotes-dharmonie-mutuelle\\\/#breadcrumb\",\"itemListElement\":[{\"@type\":\"ListItem\",\"position\":1,\"name\":\"Accueil\",\"item\":\"https:\\\/\\\/francelyme.fr\\\/site\\\/\"},{\"@type\":\"ListItem\",\"position\":2,\"name\":\"France Lyme aux c\u00f4t\u00e9s d&#8217;Harmonie Mutuelle\"}]},{\"@type\":\"WebSite\",\"@id\":\"https:\\\/\\\/francelyme.fr\\\/site\\\/#website\",\"url\":\"https:\\\/\\\/francelyme.fr\\\/site\\\/\",\"name\":\"Association France Lyme\",\"description\":\"Association de lutte contre les maladies vectorielles \u00e0 tiques\",\"publisher\":{\"@id\":\"https:\\\/\\\/francelyme.fr\\\/site\\\/#organization\"},\"potentialAction\":[{\"@type\":\"SearchAction\",\"target\":{\"@type\":\"EntryPoint\",\"urlTemplate\":\"https:\\\/\\\/francelyme.fr\\\/site\\\/?s={search_term_string}\"},\"query-input\":{\"@type\":\"PropertyValueSpecification\",\"valueRequired\":true,\"valueName\":\"search_term_string\"}}],\"inLanguage\":\"fr-FR\"},{\"@type\":\"Organization\",\"@id\":\"https:\\\/\\\/francelyme.fr\\\/site\\\/#organization\",\"name\":\"France Lyme\",\"url\":\"https:\\\/\\\/francelyme.fr\\\/site\\\/\",\"logo\":{\"@type\":\"ImageObject\",\"inLanguage\":\"fr-FR\",\"@id\":\"https:\\\/\\\/francelyme.fr\\\/site\\\/#\\\/schema\\\/logo\\\/image\\\/\",\"url\":\"https:\\\/\\\/francelyme.fr\\\/site\\\/wp-content\\\/uploads\\\/2019\\\/05\\\/francelyme-site.gif\",\"contentUrl\":\"https:\\\/\\\/francelyme.fr\\\/site\\\/wp-content\\\/uploads\\\/2019\\\/05\\\/francelyme-site.gif\",\"width\":180,\"height\":180,\"caption\":\"France Lyme\"},\"image\":{\"@id\":\"https:\\\/\\\/francelyme.fr\\\/site\\\/#\\\/schema\\\/logo\\\/image\\\/\"},\"sameAs\":[\"https:\\\/\\\/www.facebook.com\\\/france.lyme\",\"https:\\\/\\\/x.com\\\/francelyme\",\"https:\\\/\\\/www.youtube.com\\\/channel\\\/UClMCGl3dvkz0iAgXFR1NH1A\"]},{\"@type\":\"Person\",\"@id\":\"https:\\\/\\\/francelyme.fr\\\/site\\\/#\\\/schema\\\/person\\\/1a2c2689f69ecd6062cfac7d4b12f265\",\"name\":\"AdminFL\",\"image\":{\"@type\":\"ImageObject\",\"inLanguage\":\"fr-FR\",\"@id\":\"https:\\\/\\\/secure.gravatar.com\\\/avatar\\\/4920874779d1914d5cba6d6dc7a2f20c832bb43238e659994a133a63cb03c29e?s=96&d=mm&r=g\",\"url\":\"https:\\\/\\\/secure.gravatar.com\\\/avatar\\\/4920874779d1914d5cba6d6dc7a2f20c832bb43238e659994a133a63cb03c29e?s=96&d=mm&r=g\",\"contentUrl\":\"https:\\\/\\\/secure.gravatar.com\\\/avatar\\\/4920874779d1914d5cba6d6dc7a2f20c832bb43238e659994a133a63cb03c29e?s=96&d=mm&r=g\",\"caption\":\"AdminFL\"},\"url\":\"https:\\\/\\\/francelyme.fr\\\/site\\\/author\\\/fralymadm\\\/\"}]}<\/script>\n<!-- \/ Yoast SEO plugin. -->","yoast_head_json":{"title":"France Lyme aux c\u00f4t\u00e9s d'Harmonie Mutuelle - Association France Lyme","robots":{"index":"index","follow":"follow","max-snippet":"max-snippet:-1","max-image-preview":"max-image-preview:large","max-video-preview":"max-video-preview:-1"},"canonical":"https:\/\/francelyme.fr\/site\/france-lyme-aux-cotes-dharmonie-mutuelle\/","og_locale":"fr_FR","og_type":"article","og_title":"France Lyme aux c\u00f4t\u00e9s d'Harmonie Mutuelle - Association France Lyme","og_url":"https:\/\/francelyme.fr\/site\/france-lyme-aux-cotes-dharmonie-mutuelle\/","og_site_name":"Association France Lyme","article_publisher":"https:\/\/www.facebook.com\/france.lyme","article_published_time":"2021-08-20T14:12:36+00:00","article_modified_time":"2023-09-13T11:55:24+00:00","og_image":[{"width":605,"height":807,"url":"https:\/\/francelyme.fr\/site\/wp-content\/uploads\/2021\/08\/20210805_162012.jpg","type":"image\/jpeg"}],"author":"AdminFL","twitter_card":"summary_large_image","twitter_creator":"@francelyme","twitter_site":"@francelyme","twitter_misc":{"\u00c9crit par":"AdminFL","Dur\u00e9e de lecture estim\u00e9e":"3 minutes"},"schema":{"@context":"https:\/\/schema.org","@graph":[{"@type":"Article","@id":"https:\/\/francelyme.fr\/site\/france-lyme-aux-cotes-dharmonie-mutuelle\/#article","isPartOf":{"@id":"https:\/\/francelyme.fr\/site\/france-lyme-aux-cotes-dharmonie-mutuelle\/"},"author":{"name":"AdminFL","@id":"https:\/\/francelyme.fr\/site\/#\/schema\/person\/1a2c2689f69ecd6062cfac7d4b12f265"},"headline":"France Lyme aux c\u00f4t\u00e9s d&rsquo;Harmonie Mutuelle","datePublished":"2021-08-20T14:12:36+00:00","dateModified":"2023-09-13T11:55:24+00:00","mainEntityOfPage":{"@id":"https:\/\/francelyme.fr\/site\/france-lyme-aux-cotes-dharmonie-mutuelle\/"},"wordCount":589,"publisher":{"@id":"https:\/\/francelyme.fr\/site\/#organization"},"image":{"@id":"https:\/\/francelyme.fr\/site\/france-lyme-aux-cotes-dharmonie-mutuelle\/#primaryimage"},"thumbnailUrl":"https:\/\/francelyme.fr\/site\/wp-content\/uploads\/2021\/08\/20210805_162012.jpg","articleSection":["Actions et stands","Aquitaine","Languedoc-Roussillon","Midi-Pyr\u00e9nn\u00e9es"],"inLanguage":"fr-FR"},{"@type":"WebPage","@id":"https:\/\/francelyme.fr\/site\/france-lyme-aux-cotes-dharmonie-mutuelle\/","url":"https:\/\/francelyme.fr\/site\/france-lyme-aux-cotes-dharmonie-mutuelle\/","name":"France Lyme aux c\u00f4t\u00e9s d'Harmonie Mutuelle - Association France Lyme","isPartOf":{"@id":"https:\/\/francelyme.fr\/site\/#website"},"primaryImageOfPage":{"@id":"https:\/\/francelyme.fr\/site\/france-lyme-aux-cotes-dharmonie-mutuelle\/#primaryimage"},"image":{"@id":"https:\/\/francelyme.fr\/site\/france-lyme-aux-cotes-dharmonie-mutuelle\/#primaryimage"},"thumbnailUrl":"https:\/\/francelyme.fr\/site\/wp-content\/uploads\/2021\/08\/20210805_162012.jpg","datePublished":"2021-08-20T14:12:36+00:00","dateModified":"2023-09-13T11:55:24+00:00","breadcrumb":{"@id":"https:\/\/francelyme.fr\/site\/france-lyme-aux-cotes-dharmonie-mutuelle\/#breadcrumb"},"inLanguage":"fr-FR","potentialAction":[{"@type":"ReadAction","target":["https:\/\/francelyme.fr\/site\/france-lyme-aux-cotes-dharmonie-mutuelle\/"]}]},{"@type":"ImageObject","inLanguage":"fr-FR","@id":"https:\/\/francelyme.fr\/site\/france-lyme-aux-cotes-dharmonie-mutuelle\/#primaryimage","url":"https:\/\/francelyme.fr\/site\/wp-content\/uploads\/2021\/08\/20210805_162012.jpg","contentUrl":"https:\/\/francelyme.fr\/site\/wp-content\/uploads\/2021\/08\/20210805_162012.jpg","width":605,"height":807},{"@type":"BreadcrumbList","@id":"https:\/\/francelyme.fr\/site\/france-lyme-aux-cotes-dharmonie-mutuelle\/#breadcrumb","itemListElement":[{"@type":"ListItem","position":1,"name":"Accueil","item":"https:\/\/francelyme.fr\/site\/"},{"@type":"ListItem","position":2,"name":"France Lyme aux c\u00f4t\u00e9s d&#8217;Harmonie Mutuelle"}]},{"@type":"WebSite","@id":"https:\/\/francelyme.fr\/site\/#website","url":"https:\/\/francelyme.fr\/site\/","name":"Association France Lyme","description":"Association de lutte contre les maladies vectorielles \u00e0 tiques","publisher":{"@id":"https:\/\/francelyme.fr\/site\/#organization"},"potentialAction":[{"@type":"SearchAction","target":{"@type":"EntryPoint","urlTemplate":"https:\/\/francelyme.fr\/site\/?s={search_term_string}"},"query-input":{"@type":"PropertyValueSpecification","valueRequired":true,"valueName":"search_term_string"}}],"inLanguage":"fr-FR"},{"@type":"Organization","@id":"https:\/\/francelyme.fr\/site\/#organization","name":"France Lyme","url":"https:\/\/francelyme.fr\/site\/","logo":{"@type":"ImageObject","inLanguage":"fr-FR","@id":"https:\/\/francelyme.fr\/site\/#\/schema\/logo\/image\/","url":"https:\/\/francelyme.fr\/site\/wp-content\/uploads\/2019\/05\/francelyme-site.gif","contentUrl":"https:\/\/francelyme.fr\/site\/wp-content\/uploads\/2019\/05\/francelyme-site.gif","width":180,"height":180,"caption":"France Lyme"},"image":{"@id":"https:\/\/francelyme.fr\/site\/#\/schema\/logo\/image\/"},"sameAs":["https:\/\/www.facebook.com\/france.lyme","https:\/\/x.com\/francelyme","https:\/\/www.youtube.com\/channel\/UClMCGl3dvkz0iAgXFR1NH1A"]},{"@type":"Person","@id":"https:\/\/francelyme.fr\/site\/#\/schema\/person\/1a2c2689f69ecd6062cfac7d4b12f265","name":"AdminFL","image":{"@type":"ImageObject","inLanguage":"fr-FR","@id":"https:\/\/secure.gravatar.com\/avatar\/4920874779d1914d5cba6d6dc7a2f20c832bb43238e659994a133a63cb03c29e?s=96&d=mm&r=g","url":"https:\/\/secure.gravatar.com\/avatar\/4920874779d1914d5cba6d6dc7a2f20c832bb43238e659994a133a63cb03c29e?s=96&d=mm&r=g","contentUrl":"https:\/\/secure.gravatar.com\/avatar\/4920874779d1914d5cba6d6dc7a2f20c832bb43238e659994a133a63cb03c29e?s=96&d=mm&r=g","caption":"AdminFL"},"url":"https:\/\/francelyme.fr\/site\/author\/fralymadm\/"}]}},"_links":{"self":[{"href":"https:\/\/francelyme.fr\/site\/wp-json\/wp\/v2\/posts\/12367","targetHints":{"allow":["GET"]}}],"collection":[{"href":"https:\/\/francelyme.fr\/site\/wp-json\/wp\/v2\/posts"}],"about":[{"href":"https:\/\/francelyme.fr\/site\/wp-json\/wp\/v2\/types\/post"}],"author":[{"embeddable":true,"href":"https:\/\/francelyme.fr\/site\/wp-json\/wp\/v2\/users\/1"}],"replies":[{"embeddable":true,"href":"https:\/\/francelyme.fr\/site\/wp-json\/wp\/v2\/comments?post=12367"}],"version-history":[{"count":3,"href":"https:\/\/francelyme.fr\/site\/wp-json\/wp\/v2\/posts\/12367\/revisions"}],"predecessor-version":[{"id":15278,"href":"https:\/\/francelyme.fr\/site\/wp-json\/wp\/v2\/posts\/12367\/revisions\/15278"}],"wp:featuredmedia":[{"embeddable":true,"href":"https:\/\/francelyme.fr\/site\/wp-json\/wp\/v2\/media\/12379"}],"wp:attachment":[{"href":"https:\/\/francelyme.fr\/site\/wp-json\/wp\/v2\/media?parent=12367"}],"wp:term":[{"taxonomy":"category","embeddable":true,"href":"https:\/\/francelyme.fr\/site\/wp-json\/wp\/v2\/categories?post=12367"},{"taxonomy":"post_tag","embeddable":true,"href":"https:\/\/francelyme.fr\/site\/wp-json\/wp\/v2\/tags?post=12367"}],"curies":[{"name":"wp","href":"https:\/\/api.w.org\/{rel}","templated":true}]}}