{"id":12396,"date":"2021-08-26T13:35:19","date_gmt":"2021-08-26T11:35:19","guid":{"rendered":"https:\/\/francelyme.fr\/site\/?p=12396"},"modified":"2021-08-26T13:35:20","modified_gmt":"2021-08-26T11:35:20","slug":"rencontre-en-visio-pour-les-adherents-2","status":"publish","type":"post","link":"https:\/\/francelyme.fr\/site\/rencontre-en-visio-pour-les-adherents-2\/","title":{"rendered":"Rencontre en visio pour les adh\u00e9rents"},"content":{"rendered":"<div class=\"like-button\" style=\"float: right; clear: both; text-align: right; width = 100%;\">\n<!-- Facebook Like Button Vivacity Infotech BEGIN -->\n<div class=\"fb-like\" data-href=\"https:\/\/francelyme.fr\/site\/rencontre-en-visio-pour-les-adherents-2\/\" data-layout=\"box_count\" data-action=\"like\" data-show-faces=\"false\" data-size=\"large\" data-width=\"450\" data-share=\"1\" ><\/div><\/div>\n<!-- Facebook Like Button Vivacity Infotech END -->\n<div id=\"fb-root\"><\/div>\n\n<p>Depuis plus d\u2019un an, la situation sanitaire \u00e9loigne les b\u00e9n\u00e9voles du terrain pour faire des rencontres entre malades. L\u2019association organise donc r\u00e9guli\u00e8rement des rencontres avec un logiciel de visio-conf\u00e9rence.<\/p>\n\n\n\n<p>Le dimanche 26 septembre de 18h00 \u00e0 20h00 est donc ouvert \u00e0 tous les adh\u00e9rents et notamment aux nouveaux venus dans l\u2019association.<\/p>\n\n\n\n<p>Apr\u00e8s une pr\u00e9sentation de chacun puis de l\u2019association et des ressources disponibles sur le site, nous pourrons \u00e9changer sur le parcours de chacun et r\u00e9pondre aux questions.<\/p>\n\n\n\n<p>Pour s\u2019inscrire, merci de suivre le lien : <\/p>\n\n\n\n<p><a href=\"https:\/\/www.helloasso.com\/associations\/association-france-lyme\/evenements\/rencontre-avec-logiciel-de-visio-pour-les-adherents-dimanche-26-juin-18h00-a-20h00\" target=\"_blank\" rel=\"noreferrer noopener\">https:\/\/www.helloasso.com\/associations\/association-france-lyme\/evenements\/rencontre-avec-logiciel-de-visio-pour-les-adherents-dimanche-26-juin-18h00-a-20h00<\/a><\/p>\n\n\n\n<p>Le nombre de places est limit\u00e9 \u00e0 10 car ce n\u2019est pas une conf\u00e9rence.<br>Les inscriptions sont ferm\u00e9es \u00e0 12h00.<\/p>\n\n\n\n<p>Les adh\u00e9rents sont aussi invit\u00e9s sur des sessions th\u00e9matiques. La prochaine sera le 3 octobre. Les adh\u00e9rents ayant d\u00e9j\u00e0 particip\u00e9s \u00e0 la premi\u00e8re rencontre recevront les informations par courriel.<\/p>\n\n\n\n<p>Les inscriptions seront contr\u00f4l\u00e9es.<\/p>\n\n\n\n<p>Pour adh\u00e9rer \u2013> <a href=\"https:\/\/www.helloasso.com\/associations\/association-france-lyme\/adhesions\/j-adhere-a-france-lyme\" target=\"_blank\" rel=\"noreferrer noopener\">https:\/\/www.helloasso.com\/associations\/association-france-lyme\/adhesions\/j-adhere-a-france-lyme<\/a><\/p>\n\n\n\n<p>Au plaisir !<\/p>\n\n\n\n<div class=\"wp-block-image\"><figure class=\"aligncenter size-large\"><img loading=\"lazy\" decoding=\"async\" width=\"1024\" height=\"1024\" src=\"https:\/\/francelyme.fr\/site\/wp-content\/uploads\/2021\/08\/SI-Visio-adherents-date-1024x1024.jpg\" alt=\"\" class=\"wp-image-12397\" srcset=\"https:\/\/francelyme.fr\/site\/wp-content\/uploads\/2021\/08\/SI-Visio-adherents-date.jpg 1024w, https:\/\/francelyme.fr\/site\/wp-content\/uploads\/2021\/08\/SI-Visio-adherents-date-300x300.jpg 300w, https:\/\/francelyme.fr\/site\/wp-content\/uploads\/2021\/08\/SI-Visio-adherents-date-150x150.jpg 150w, https:\/\/francelyme.fr\/site\/wp-content\/uploads\/2021\/08\/SI-Visio-adherents-date-768x768.jpg 768w, https:\/\/francelyme.fr\/site\/wp-content\/uploads\/2021\/08\/SI-Visio-adherents-date-90x90.jpg 90w, https:\/\/francelyme.fr\/site\/wp-content\/uploads\/2021\/08\/SI-Visio-adherents-date-75x75.jpg 75w\" sizes=\"auto, (max-width: 1024px) 100vw, 1024px\" \/><\/figure><\/div>\n<div class=\"like-button\" style=\"float: right; clear: both; text-align: right; width = 100%;\">\n<!-- Facebook Like Button Vivacity Infotech BEGIN -->\n<div class=\"fb-like\" data-href=\"https:\/\/francelyme.fr\/site\/rencontre-en-visio-pour-les-adherents-2\/\" data-layout=\"box_count\" data-action=\"like\" data-show-faces=\"false\" data-size=\"large\" data-width=\"450\" data-share=\"1\" ><\/div><\/div>\n<!-- Facebook Like Button Vivacity Infotech END -->\n","protected":false},"excerpt":{"rendered":"","protected":false},"author":1,"featured_media":12397,"comment_status":"closed","ping_status":"open","sticky":false,"template":"","format":"standard","meta":{"footnotes":""},"categories":[61,69,119,56,65,46,14,40,236,85,60,48],"tags":[],"class_list":["post-12396","post","type-post","status-publish","format-standard","has-post-thumbnail","hentry","category-aquitaine","category-auvergne","category-bourgogne","category-conference","category-franche-comte","category-ile-de-france-en-regions","category-limousin","category-midi-pyrennees","category-nord-pas-de-calais","category-paca","category-rencontres","category-rhone-alpes"],"yoast_head":"<!-- This site is optimized with the Yoast SEO plugin v27.5 - https:\/\/yoast.com\/product\/yoast-seo-wordpress\/ -->\n<title>Rencontre en visio pour les adh\u00e9rents - Association France Lyme<\/title>\n<meta name=\"robots\" content=\"index, follow, max-snippet:-1, max-image-preview:large, max-video-preview:-1\" \/>\n<link rel=\"canonical\" href=\"https:\/\/francelyme.fr\/site\/rencontre-en-visio-pour-les-adherents-2\/\" \/>\n<meta property=\"og:locale\" content=\"fr_FR\" \/>\n<meta property=\"og:type\" content=\"article\" \/>\n<meta property=\"og:title\" content=\"Rencontre en visio pour les adh\u00e9rents - Association France Lyme\" \/>\n<meta property=\"og:url\" content=\"https:\/\/francelyme.fr\/site\/rencontre-en-visio-pour-les-adherents-2\/\" \/>\n<meta property=\"og:site_name\" content=\"Association France Lyme\" \/>\n<meta property=\"article:publisher\" content=\"https:\/\/www.facebook.com\/france.lyme\" \/>\n<meta property=\"article:published_time\" content=\"2021-08-26T11:35:19+00:00\" \/>\n<meta property=\"article:modified_time\" content=\"2021-08-26T11:35:20+00:00\" \/>\n<meta property=\"og:image\" content=\"https:\/\/francelyme.fr\/site\/wp-content\/uploads\/2021\/08\/SI-Visio-adherents-date.jpg\" \/>\n\t<meta property=\"og:image:width\" content=\"1024\" \/>\n\t<meta property=\"og:image:height\" content=\"1024\" \/>\n\t<meta property=\"og:image:type\" content=\"image\/jpeg\" \/>\n<meta name=\"author\" content=\"AdminFL\" \/>\n<meta name=\"twitter:card\" content=\"summary_large_image\" \/>\n<meta name=\"twitter:creator\" content=\"@francelyme\" \/>\n<meta name=\"twitter:site\" content=\"@francelyme\" \/>\n<meta name=\"twitter:label1\" content=\"\u00c9crit par\" \/>\n\t<meta name=\"twitter:data1\" content=\"AdminFL\" \/>\n\t<meta name=\"twitter:label2\" content=\"Dur\u00e9e de lecture estim\u00e9e\" \/>\n\t<meta name=\"twitter:data2\" content=\"1 minute\" \/>\n<script type=\"application\/ld+json\" class=\"yoast-schema-graph\">{\"@context\":\"https:\\\/\\\/schema.org\",\"@graph\":[{\"@type\":\"Article\",\"@id\":\"https:\\\/\\\/francelyme.fr\\\/site\\\/rencontre-en-visio-pour-les-adherents-2\\\/#article\",\"isPartOf\":{\"@id\":\"https:\\\/\\\/francelyme.fr\\\/site\\\/rencontre-en-visio-pour-les-adherents-2\\\/\"},\"author\":{\"name\":\"AdminFL\",\"@id\":\"https:\\\/\\\/francelyme.fr\\\/site\\\/#\\\/schema\\\/person\\\/1a2c2689f69ecd6062cfac7d4b12f265\"},\"headline\":\"Rencontre en visio pour les adh\u00e9rents\",\"datePublished\":\"2021-08-26T11:35:19+00:00\",\"dateModified\":\"2021-08-26T11:35:20+00:00\",\"mainEntityOfPage\":{\"@id\":\"https:\\\/\\\/francelyme.fr\\\/site\\\/rencontre-en-visio-pour-les-adherents-2\\\/\"},\"wordCount\":188,\"publisher\":{\"@id\":\"https:\\\/\\\/francelyme.fr\\\/site\\\/#organization\"},\"image\":{\"@id\":\"https:\\\/\\\/francelyme.fr\\\/site\\\/rencontre-en-visio-pour-les-adherents-2\\\/#primaryimage\"},\"thumbnailUrl\":\"https:\\\/\\\/francelyme.fr\\\/site\\\/wp-content\\\/uploads\\\/2021\\\/08\\\/SI-Visio-adherents-date.jpg\",\"articleSection\":[\"Aquitaine\",\"Auvergne\",\"Bourgogne\",\"Conf\u00e9rences\",\"Franche-Comt\u00e9\",\"\u00cele-de-France\",\"Limousin\",\"Midi-Pyr\u00e9nn\u00e9es\",\"Nord-Pas-de-Calais\",\"Provence-Alpes-C\u00f4te d'Azur\",\"Rencontres\",\"Rh\u00f4ne-Alpes\"],\"inLanguage\":\"fr-FR\"},{\"@type\":\"WebPage\",\"@id\":\"https:\\\/\\\/francelyme.fr\\\/site\\\/rencontre-en-visio-pour-les-adherents-2\\\/\",\"url\":\"https:\\\/\\\/francelyme.fr\\\/site\\\/rencontre-en-visio-pour-les-adherents-2\\\/\",\"name\":\"Rencontre en visio pour les adh\u00e9rents - Association France Lyme\",\"isPartOf\":{\"@id\":\"https:\\\/\\\/francelyme.fr\\\/site\\\/#website\"},\"primaryImageOfPage\":{\"@id\":\"https:\\\/\\\/francelyme.fr\\\/site\\\/rencontre-en-visio-pour-les-adherents-2\\\/#primaryimage\"},\"image\":{\"@id\":\"https:\\\/\\\/francelyme.fr\\\/site\\\/rencontre-en-visio-pour-les-adherents-2\\\/#primaryimage\"},\"thumbnailUrl\":\"https:\\\/\\\/francelyme.fr\\\/site\\\/wp-content\\\/uploads\\\/2021\\\/08\\\/SI-Visio-adherents-date.jpg\",\"datePublished\":\"2021-08-26T11:35:19+00:00\",\"dateModified\":\"2021-08-26T11:35:20+00:00\",\"breadcrumb\":{\"@id\":\"https:\\\/\\\/francelyme.fr\\\/site\\\/rencontre-en-visio-pour-les-adherents-2\\\/#breadcrumb\"},\"inLanguage\":\"fr-FR\",\"potentialAction\":[{\"@type\":\"ReadAction\",\"target\":[\"https:\\\/\\\/francelyme.fr\\\/site\\\/rencontre-en-visio-pour-les-adherents-2\\\/\"]}]},{\"@type\":\"ImageObject\",\"inLanguage\":\"fr-FR\",\"@id\":\"https:\\\/\\\/francelyme.fr\\\/site\\\/rencontre-en-visio-pour-les-adherents-2\\\/#primaryimage\",\"url\":\"https:\\\/\\\/francelyme.fr\\\/site\\\/wp-content\\\/uploads\\\/2021\\\/08\\\/SI-Visio-adherents-date.jpg\",\"contentUrl\":\"https:\\\/\\\/francelyme.fr\\\/site\\\/wp-content\\\/uploads\\\/2021\\\/08\\\/SI-Visio-adherents-date.jpg\",\"width\":1024,\"height\":1024},{\"@type\":\"BreadcrumbList\",\"@id\":\"https:\\\/\\\/francelyme.fr\\\/site\\\/rencontre-en-visio-pour-les-adherents-2\\\/#breadcrumb\",\"itemListElement\":[{\"@type\":\"ListItem\",\"position\":1,\"name\":\"Accueil\",\"item\":\"https:\\\/\\\/francelyme.fr\\\/site\\\/\"},{\"@type\":\"ListItem\",\"position\":2,\"name\":\"Rencontre en visio pour les adh\u00e9rents\"}]},{\"@type\":\"WebSite\",\"@id\":\"https:\\\/\\\/francelyme.fr\\\/site\\\/#website\",\"url\":\"https:\\\/\\\/francelyme.fr\\\/site\\\/\",\"name\":\"Association France Lyme\",\"description\":\"Association de lutte contre les maladies vectorielles \u00e0 tiques\",\"publisher\":{\"@id\":\"https:\\\/\\\/francelyme.fr\\\/site\\\/#organization\"},\"potentialAction\":[{\"@type\":\"SearchAction\",\"target\":{\"@type\":\"EntryPoint\",\"urlTemplate\":\"https:\\\/\\\/francelyme.fr\\\/site\\\/?s={search_term_string}\"},\"query-input\":{\"@type\":\"PropertyValueSpecification\",\"valueRequired\":true,\"valueName\":\"search_term_string\"}}],\"inLanguage\":\"fr-FR\"},{\"@type\":\"Organization\",\"@id\":\"https:\\\/\\\/francelyme.fr\\\/site\\\/#organization\",\"name\":\"France Lyme\",\"url\":\"https:\\\/\\\/francelyme.fr\\\/site\\\/\",\"logo\":{\"@type\":\"ImageObject\",\"inLanguage\":\"fr-FR\",\"@id\":\"https:\\\/\\\/francelyme.fr\\\/site\\\/#\\\/schema\\\/logo\\\/image\\\/\",\"url\":\"https:\\\/\\\/francelyme.fr\\\/site\\\/wp-content\\\/uploads\\\/2019\\\/05\\\/francelyme-site.gif\",\"contentUrl\":\"https:\\\/\\\/francelyme.fr\\\/site\\\/wp-content\\\/uploads\\\/2019\\\/05\\\/francelyme-site.gif\",\"width\":180,\"height\":180,\"caption\":\"France Lyme\"},\"image\":{\"@id\":\"https:\\\/\\\/francelyme.fr\\\/site\\\/#\\\/schema\\\/logo\\\/image\\\/\"},\"sameAs\":[\"https:\\\/\\\/www.facebook.com\\\/france.lyme\",\"https:\\\/\\\/x.com\\\/francelyme\",\"https:\\\/\\\/www.youtube.com\\\/channel\\\/UClMCGl3dvkz0iAgXFR1NH1A\"]},{\"@type\":\"Person\",\"@id\":\"https:\\\/\\\/francelyme.fr\\\/site\\\/#\\\/schema\\\/person\\\/1a2c2689f69ecd6062cfac7d4b12f265\",\"name\":\"AdminFL\",\"image\":{\"@type\":\"ImageObject\",\"inLanguage\":\"fr-FR\",\"@id\":\"https:\\\/\\\/secure.gravatar.com\\\/avatar\\\/4920874779d1914d5cba6d6dc7a2f20c832bb43238e659994a133a63cb03c29e?s=96&d=mm&r=g\",\"url\":\"https:\\\/\\\/secure.gravatar.com\\\/avatar\\\/4920874779d1914d5cba6d6dc7a2f20c832bb43238e659994a133a63cb03c29e?s=96&d=mm&r=g\",\"contentUrl\":\"https:\\\/\\\/secure.gravatar.com\\\/avatar\\\/4920874779d1914d5cba6d6dc7a2f20c832bb43238e659994a133a63cb03c29e?s=96&d=mm&r=g\",\"caption\":\"AdminFL\"},\"url\":\"https:\\\/\\\/francelyme.fr\\\/site\\\/author\\\/fralymadm\\\/\"}]}<\/script>\n<!-- \/ Yoast SEO plugin. -->","yoast_head_json":{"title":"Rencontre en visio pour les adh\u00e9rents - Association France Lyme","robots":{"index":"index","follow":"follow","max-snippet":"max-snippet:-1","max-image-preview":"max-image-preview:large","max-video-preview":"max-video-preview:-1"},"canonical":"https:\/\/francelyme.fr\/site\/rencontre-en-visio-pour-les-adherents-2\/","og_locale":"fr_FR","og_type":"article","og_title":"Rencontre en visio pour les adh\u00e9rents - Association France Lyme","og_url":"https:\/\/francelyme.fr\/site\/rencontre-en-visio-pour-les-adherents-2\/","og_site_name":"Association France Lyme","article_publisher":"https:\/\/www.facebook.com\/france.lyme","article_published_time":"2021-08-26T11:35:19+00:00","article_modified_time":"2021-08-26T11:35:20+00:00","og_image":[{"width":1024,"height":1024,"url":"https:\/\/francelyme.fr\/site\/wp-content\/uploads\/2021\/08\/SI-Visio-adherents-date.jpg","type":"image\/jpeg"}],"author":"AdminFL","twitter_card":"summary_large_image","twitter_creator":"@francelyme","twitter_site":"@francelyme","twitter_misc":{"\u00c9crit par":"AdminFL","Dur\u00e9e de lecture estim\u00e9e":"1 minute"},"schema":{"@context":"https:\/\/schema.org","@graph":[{"@type":"Article","@id":"https:\/\/francelyme.fr\/site\/rencontre-en-visio-pour-les-adherents-2\/#article","isPartOf":{"@id":"https:\/\/francelyme.fr\/site\/rencontre-en-visio-pour-les-adherents-2\/"},"author":{"name":"AdminFL","@id":"https:\/\/francelyme.fr\/site\/#\/schema\/person\/1a2c2689f69ecd6062cfac7d4b12f265"},"headline":"Rencontre en visio pour les adh\u00e9rents","datePublished":"2021-08-26T11:35:19+00:00","dateModified":"2021-08-26T11:35:20+00:00","mainEntityOfPage":{"@id":"https:\/\/francelyme.fr\/site\/rencontre-en-visio-pour-les-adherents-2\/"},"wordCount":188,"publisher":{"@id":"https:\/\/francelyme.fr\/site\/#organization"},"image":{"@id":"https:\/\/francelyme.fr\/site\/rencontre-en-visio-pour-les-adherents-2\/#primaryimage"},"thumbnailUrl":"https:\/\/francelyme.fr\/site\/wp-content\/uploads\/2021\/08\/SI-Visio-adherents-date.jpg","articleSection":["Aquitaine","Auvergne","Bourgogne","Conf\u00e9rences","Franche-Comt\u00e9","\u00cele-de-France","Limousin","Midi-Pyr\u00e9nn\u00e9es","Nord-Pas-de-Calais","Provence-Alpes-C\u00f4te d'Azur","Rencontres","Rh\u00f4ne-Alpes"],"inLanguage":"fr-FR"},{"@type":"WebPage","@id":"https:\/\/francelyme.fr\/site\/rencontre-en-visio-pour-les-adherents-2\/","url":"https:\/\/francelyme.fr\/site\/rencontre-en-visio-pour-les-adherents-2\/","name":"Rencontre en visio pour les adh\u00e9rents - Association France Lyme","isPartOf":{"@id":"https:\/\/francelyme.fr\/site\/#website"},"primaryImageOfPage":{"@id":"https:\/\/francelyme.fr\/site\/rencontre-en-visio-pour-les-adherents-2\/#primaryimage"},"image":{"@id":"https:\/\/francelyme.fr\/site\/rencontre-en-visio-pour-les-adherents-2\/#primaryimage"},"thumbnailUrl":"https:\/\/francelyme.fr\/site\/wp-content\/uploads\/2021\/08\/SI-Visio-adherents-date.jpg","datePublished":"2021-08-26T11:35:19+00:00","dateModified":"2021-08-26T11:35:20+00:00","breadcrumb":{"@id":"https:\/\/francelyme.fr\/site\/rencontre-en-visio-pour-les-adherents-2\/#breadcrumb"},"inLanguage":"fr-FR","potentialAction":[{"@type":"ReadAction","target":["https:\/\/francelyme.fr\/site\/rencontre-en-visio-pour-les-adherents-2\/"]}]},{"@type":"ImageObject","inLanguage":"fr-FR","@id":"https:\/\/francelyme.fr\/site\/rencontre-en-visio-pour-les-adherents-2\/#primaryimage","url":"https:\/\/francelyme.fr\/site\/wp-content\/uploads\/2021\/08\/SI-Visio-adherents-date.jpg","contentUrl":"https:\/\/francelyme.fr\/site\/wp-content\/uploads\/2021\/08\/SI-Visio-adherents-date.jpg","width":1024,"height":1024},{"@type":"BreadcrumbList","@id":"https:\/\/francelyme.fr\/site\/rencontre-en-visio-pour-les-adherents-2\/#breadcrumb","itemListElement":[{"@type":"ListItem","position":1,"name":"Accueil","item":"https:\/\/francelyme.fr\/site\/"},{"@type":"ListItem","position":2,"name":"Rencontre en visio pour les adh\u00e9rents"}]},{"@type":"WebSite","@id":"https:\/\/francelyme.fr\/site\/#website","url":"https:\/\/francelyme.fr\/site\/","name":"Association France Lyme","description":"Association de lutte contre les maladies vectorielles \u00e0 tiques","publisher":{"@id":"https:\/\/francelyme.fr\/site\/#organization"},"potentialAction":[{"@type":"SearchAction","target":{"@type":"EntryPoint","urlTemplate":"https:\/\/francelyme.fr\/site\/?s={search_term_string}"},"query-input":{"@type":"PropertyValueSpecification","valueRequired":true,"valueName":"search_term_string"}}],"inLanguage":"fr-FR"},{"@type":"Organization","@id":"https:\/\/francelyme.fr\/site\/#organization","name":"France Lyme","url":"https:\/\/francelyme.fr\/site\/","logo":{"@type":"ImageObject","inLanguage":"fr-FR","@id":"https:\/\/francelyme.fr\/site\/#\/schema\/logo\/image\/","url":"https:\/\/francelyme.fr\/site\/wp-content\/uploads\/2019\/05\/francelyme-site.gif","contentUrl":"https:\/\/francelyme.fr\/site\/wp-content\/uploads\/2019\/05\/francelyme-site.gif","width":180,"height":180,"caption":"France Lyme"},"image":{"@id":"https:\/\/francelyme.fr\/site\/#\/schema\/logo\/image\/"},"sameAs":["https:\/\/www.facebook.com\/france.lyme","https:\/\/x.com\/francelyme","https:\/\/www.youtube.com\/channel\/UClMCGl3dvkz0iAgXFR1NH1A"]},{"@type":"Person","@id":"https:\/\/francelyme.fr\/site\/#\/schema\/person\/1a2c2689f69ecd6062cfac7d4b12f265","name":"AdminFL","image":{"@type":"ImageObject","inLanguage":"fr-FR","@id":"https:\/\/secure.gravatar.com\/avatar\/4920874779d1914d5cba6d6dc7a2f20c832bb43238e659994a133a63cb03c29e?s=96&d=mm&r=g","url":"https:\/\/secure.gravatar.com\/avatar\/4920874779d1914d5cba6d6dc7a2f20c832bb43238e659994a133a63cb03c29e?s=96&d=mm&r=g","contentUrl":"https:\/\/secure.gravatar.com\/avatar\/4920874779d1914d5cba6d6dc7a2f20c832bb43238e659994a133a63cb03c29e?s=96&d=mm&r=g","caption":"AdminFL"},"url":"https:\/\/francelyme.fr\/site\/author\/fralymadm\/"}]}},"_links":{"self":[{"href":"https:\/\/francelyme.fr\/site\/wp-json\/wp\/v2\/posts\/12396","targetHints":{"allow":["GET"]}}],"collection":[{"href":"https:\/\/francelyme.fr\/site\/wp-json\/wp\/v2\/posts"}],"about":[{"href":"https:\/\/francelyme.fr\/site\/wp-json\/wp\/v2\/types\/post"}],"author":[{"embeddable":true,"href":"https:\/\/francelyme.fr\/site\/wp-json\/wp\/v2\/users\/1"}],"replies":[{"embeddable":true,"href":"https:\/\/francelyme.fr\/site\/wp-json\/wp\/v2\/comments?post=12396"}],"version-history":[{"count":1,"href":"https:\/\/francelyme.fr\/site\/wp-json\/wp\/v2\/posts\/12396\/revisions"}],"predecessor-version":[{"id":12398,"href":"https:\/\/francelyme.fr\/site\/wp-json\/wp\/v2\/posts\/12396\/revisions\/12398"}],"wp:featuredmedia":[{"embeddable":true,"href":"https:\/\/francelyme.fr\/site\/wp-json\/wp\/v2\/media\/12397"}],"wp:attachment":[{"href":"https:\/\/francelyme.fr\/site\/wp-json\/wp\/v2\/media?parent=12396"}],"wp:term":[{"taxonomy":"category","embeddable":true,"href":"https:\/\/francelyme.fr\/site\/wp-json\/wp\/v2\/categories?post=12396"},{"taxonomy":"post_tag","embeddable":true,"href":"https:\/\/francelyme.fr\/site\/wp-json\/wp\/v2\/tags?post=12396"}],"curies":[{"name":"wp","href":"https:\/\/api.w.org\/{rel}","templated":true}]}}