{"id":12589,"date":"2021-10-21T15:03:14","date_gmt":"2021-10-21T13:03:14","guid":{"rendered":"https:\/\/francelyme.fr\/site\/?p=12589"},"modified":"2021-10-21T15:03:15","modified_gmt":"2021-10-21T13:03:15","slug":"retour-en-images-sur-le-stand-a-la-journee-des-plantes-de-larboretum","status":"publish","type":"post","link":"https:\/\/francelyme.fr\/site\/retour-en-images-sur-le-stand-a-la-journee-des-plantes-de-larboretum\/","title":{"rendered":"Retour en images sur le stand \u00e0 la journ\u00e9e des plantes de l&rsquo;Arboretum"},"content":{"rendered":"<div class=\"like-button\" style=\"float: right; clear: both; text-align: right; width = 100%;\">\n<!-- Facebook Like Button Vivacity Infotech BEGIN -->\n<div class=\"fb-like\" data-href=\"https:\/\/francelyme.fr\/site\/retour-en-images-sur-le-stand-a-la-journee-des-plantes-de-larboretum\/\" data-layout=\"box_count\" data-action=\"like\" data-show-faces=\"false\" data-size=\"large\" data-width=\"450\" data-share=\"1\" ><\/div><\/div>\n<!-- Facebook Like Button Vivacity Infotech END -->\n<div id=\"fb-root\"><\/div>\n\n<p>Les b\u00e9n\u00e9voles de la section Creuse \u00e9taient pr\u00e9sents aux Journ\u00e9es des Plantes d&rsquo;automne de l&rsquo;Arboretum de la S\u00e9delle \u00e0 Crozant, le week-end du 16 et 17 octobre. <\/p>\n\n\n\n<p>De nombreuses personnes demandeuses d&rsquo;informations sur les bons gestes pour se pr\u00e9munir des tiques et les maladies qu&rsquo;elles transmettent se sont pr\u00e9sent\u00e9es au stand tout au long de ces journ\u00e9es intenses et enrichissantes. <\/p>\n\n\n\n<p>Cet \u00e9v\u00e8nement autour des plantes nous a permis d&rsquo;alerter sur le nombre constant de contaminations ayant lieu dans les jardins. Le public est de plus en plus sensibilis\u00e9 aux risques, par contre c\u00f4t\u00e9 diagnostic il est scandaleux de constater encore l&rsquo;errance et le refus de soins que subissent des malades en milieu hospitalier, notamment une personnes renvoy\u00e9e chez elle avec une s\u00e9rologie inutile et sans traitement face \u00e0 un \u00e9ryth\u00e8me migrant! Chaque jour de perdu sans soins laisse le champ libre aux pathog\u00e8nes pour se multiplier et \u00e0 la maladie de progresser insidieusement! Une telle m\u00e9connaissance de la part d&rsquo;infectiologues, \u00e0 notre \u00e9poque, est proprement honteuse.<\/p>\n\n\n\n<p>Un grand merci \u00e0 Nicolas et Dani\u00e8le pour leur aide pendant ce week-end de pr\u00e9vention! La Section Creuse manque cruellement de b\u00e9n\u00e9voles actifs, n&rsquo;h\u00e9sitez pas \u00e0 nous contacter!<\/p>\n\n\n\n<p>Mich\u00e8le<\/p>\n\n\n\n<div class=\"wp-block-image\"><figure class=\"aligncenter size-large\"><img loading=\"lazy\" decoding=\"async\" width=\"960\" height=\"720\" src=\"https:\/\/francelyme.fr\/site\/wp-content\/uploads\/2021\/10\/245883026_3170825503155286_3278167985754843291_n.jpg\" alt=\"\" class=\"wp-image-12590\" srcset=\"https:\/\/francelyme.fr\/site\/wp-content\/uploads\/2021\/10\/245883026_3170825503155286_3278167985754843291_n.jpg 960w, https:\/\/francelyme.fr\/site\/wp-content\/uploads\/2021\/10\/245883026_3170825503155286_3278167985754843291_n-300x225.jpg 300w, https:\/\/francelyme.fr\/site\/wp-content\/uploads\/2021\/10\/245883026_3170825503155286_3278167985754843291_n-768x576.jpg 768w\" sizes=\"auto, (max-width: 960px) 100vw, 960px\" \/><\/figure><\/div>\n\n\n\n<div class=\"wp-block-image\"><figure class=\"aligncenter size-large\"><img loading=\"lazy\" decoding=\"async\" width=\"1024\" height=\"768\" src=\"https:\/\/francelyme.fr\/site\/wp-content\/uploads\/2021\/10\/245640767_3172050393032797_7620430346095690392_n-1024x768.jpg\" alt=\"\" class=\"wp-image-12591\" srcset=\"https:\/\/francelyme.fr\/site\/wp-content\/uploads\/2021\/10\/245640767_3172050393032797_7620430346095690392_n-1024x768.jpg 1024w, https:\/\/francelyme.fr\/site\/wp-content\/uploads\/2021\/10\/245640767_3172050393032797_7620430346095690392_n-300x225.jpg 300w, https:\/\/francelyme.fr\/site\/wp-content\/uploads\/2021\/10\/245640767_3172050393032797_7620430346095690392_n-768x576.jpg 768w, https:\/\/francelyme.fr\/site\/wp-content\/uploads\/2021\/10\/245640767_3172050393032797_7620430346095690392_n-1536x1152.jpg 1536w, https:\/\/francelyme.fr\/site\/wp-content\/uploads\/2021\/10\/245640767_3172050393032797_7620430346095690392_n-1320x990.jpg 1320w, https:\/\/francelyme.fr\/site\/wp-content\/uploads\/2021\/10\/245640767_3172050393032797_7620430346095690392_n.jpg 1824w\" sizes=\"auto, (max-width: 1024px) 100vw, 1024px\" \/><\/figure><\/div>\n\n\n\n<div class=\"wp-block-image\"><figure class=\"aligncenter size-large\"><img loading=\"lazy\" decoding=\"async\" width=\"1024\" height=\"768\" src=\"https:\/\/francelyme.fr\/site\/wp-content\/uploads\/2021\/10\/245649659_3172050173032819_4139781261434292348_n-1024x768.jpg\" alt=\"\" class=\"wp-image-12592\" srcset=\"https:\/\/francelyme.fr\/site\/wp-content\/uploads\/2021\/10\/245649659_3172050173032819_4139781261434292348_n-1024x768.jpg 1024w, https:\/\/francelyme.fr\/site\/wp-content\/uploads\/2021\/10\/245649659_3172050173032819_4139781261434292348_n-300x225.jpg 300w, https:\/\/francelyme.fr\/site\/wp-content\/uploads\/2021\/10\/245649659_3172050173032819_4139781261434292348_n-768x576.jpg 768w, https:\/\/francelyme.fr\/site\/wp-content\/uploads\/2021\/10\/245649659_3172050173032819_4139781261434292348_n-1536x1152.jpg 1536w, https:\/\/francelyme.fr\/site\/wp-content\/uploads\/2021\/10\/245649659_3172050173032819_4139781261434292348_n-1320x990.jpg 1320w, https:\/\/francelyme.fr\/site\/wp-content\/uploads\/2021\/10\/245649659_3172050173032819_4139781261434292348_n.jpg 1824w\" sizes=\"auto, (max-width: 1024px) 100vw, 1024px\" \/><\/figure><\/div>\n\n\n\n<div class=\"wp-block-image\"><figure class=\"aligncenter size-large\"><img loading=\"lazy\" decoding=\"async\" width=\"768\" height=\"1024\" src=\"https:\/\/francelyme.fr\/site\/wp-content\/uploads\/2021\/10\/246127630_3171182096452960_7377631457405668685_n-768x1024.jpg\" alt=\"\" class=\"wp-image-12593\" srcset=\"https:\/\/francelyme.fr\/site\/wp-content\/uploads\/2021\/10\/246127630_3171182096452960_7377631457405668685_n-768x1024.jpg 768w, https:\/\/francelyme.fr\/site\/wp-content\/uploads\/2021\/10\/246127630_3171182096452960_7377631457405668685_n-225x300.jpg 225w, https:\/\/francelyme.fr\/site\/wp-content\/uploads\/2021\/10\/246127630_3171182096452960_7377631457405668685_n-1152x1536.jpg 1152w, https:\/\/francelyme.fr\/site\/wp-content\/uploads\/2021\/10\/246127630_3171182096452960_7377631457405668685_n-1320x1760.jpg 1320w, https:\/\/francelyme.fr\/site\/wp-content\/uploads\/2021\/10\/246127630_3171182096452960_7377631457405668685_n.jpg 1368w\" sizes=\"auto, (max-width: 768px) 100vw, 768px\" \/><\/figure><\/div>\n\n\n\n<div class=\"wp-block-image\"><figure class=\"aligncenter size-large\"><img loading=\"lazy\" decoding=\"async\" width=\"768\" height=\"1024\" src=\"https:\/\/francelyme.fr\/site\/wp-content\/uploads\/2021\/10\/245439855_3171181873119649_6362667627088562339_n-768x1024.jpg\" alt=\"\" class=\"wp-image-12594\" srcset=\"https:\/\/francelyme.fr\/site\/wp-content\/uploads\/2021\/10\/245439855_3171181873119649_6362667627088562339_n-768x1024.jpg 768w, https:\/\/francelyme.fr\/site\/wp-content\/uploads\/2021\/10\/245439855_3171181873119649_6362667627088562339_n-225x300.jpg 225w, https:\/\/francelyme.fr\/site\/wp-content\/uploads\/2021\/10\/245439855_3171181873119649_6362667627088562339_n-1152x1536.jpg 1152w, https:\/\/francelyme.fr\/site\/wp-content\/uploads\/2021\/10\/245439855_3171181873119649_6362667627088562339_n-1320x1760.jpg 1320w, https:\/\/francelyme.fr\/site\/wp-content\/uploads\/2021\/10\/245439855_3171181873119649_6362667627088562339_n.jpg 1368w\" sizes=\"auto, (max-width: 768px) 100vw, 768px\" \/><\/figure><\/div>\n\n\n\n<div class=\"wp-block-image\"><figure class=\"aligncenter size-large\"><img loading=\"lazy\" decoding=\"async\" width=\"1024\" height=\"768\" src=\"https:\/\/francelyme.fr\/site\/wp-content\/uploads\/2021\/10\/245622760_3172050299699473_3606591619425958462_n-1024x768.jpg\" alt=\"\" class=\"wp-image-12595\" srcset=\"https:\/\/francelyme.fr\/site\/wp-content\/uploads\/2021\/10\/245622760_3172050299699473_3606591619425958462_n-1024x768.jpg 1024w, https:\/\/francelyme.fr\/site\/wp-content\/uploads\/2021\/10\/245622760_3172050299699473_3606591619425958462_n-300x225.jpg 300w, https:\/\/francelyme.fr\/site\/wp-content\/uploads\/2021\/10\/245622760_3172050299699473_3606591619425958462_n-768x576.jpg 768w, https:\/\/francelyme.fr\/site\/wp-content\/uploads\/2021\/10\/245622760_3172050299699473_3606591619425958462_n-1536x1152.jpg 1536w, https:\/\/francelyme.fr\/site\/wp-content\/uploads\/2021\/10\/245622760_3172050299699473_3606591619425958462_n-1320x990.jpg 1320w, https:\/\/francelyme.fr\/site\/wp-content\/uploads\/2021\/10\/245622760_3172050299699473_3606591619425958462_n.jpg 1824w\" sizes=\"auto, (max-width: 1024px) 100vw, 1024px\" \/><\/figure><\/div>\n<div class=\"like-button\" style=\"float: right; clear: both; text-align: right; width = 100%;\">\n<!-- Facebook Like Button Vivacity Infotech BEGIN -->\n<div class=\"fb-like\" data-href=\"https:\/\/francelyme.fr\/site\/retour-en-images-sur-le-stand-a-la-journee-des-plantes-de-larboretum\/\" data-layout=\"box_count\" data-action=\"like\" data-show-faces=\"false\" data-size=\"large\" data-width=\"450\" data-share=\"1\" ><\/div><\/div>\n<!-- Facebook Like Button Vivacity Infotech END -->\n","protected":false},"excerpt":{"rendered":"","protected":false},"author":16,"featured_media":12592,"comment_status":"closed","ping_status":"open","sticky":false,"template":"","format":"standard","meta":{"footnotes":""},"categories":[7,14],"tags":[],"class_list":["post-12589","post","type-post","status-publish","format-standard","has-post-thumbnail","hentry","category-actions","category-limousin"],"yoast_head":"<!-- This site is optimized with the Yoast SEO plugin v27.3 - https:\/\/yoast.com\/product\/yoast-seo-wordpress\/ -->\n<title>Retour en images sur le stand \u00e0 la journ\u00e9e des plantes de l&#039;Arboretum - Association France Lyme<\/title>\n<meta name=\"robots\" content=\"index, follow, max-snippet:-1, max-image-preview:large, max-video-preview:-1\" \/>\n<link rel=\"canonical\" href=\"https:\/\/francelyme.fr\/site\/retour-en-images-sur-le-stand-a-la-journee-des-plantes-de-larboretum\/\" \/>\n<meta property=\"og:locale\" content=\"fr_FR\" \/>\n<meta property=\"og:type\" content=\"article\" \/>\n<meta property=\"og:title\" content=\"Retour en images sur le stand \u00e0 la journ\u00e9e des plantes de l&#039;Arboretum - Association France Lyme\" \/>\n<meta property=\"og:url\" content=\"https:\/\/francelyme.fr\/site\/retour-en-images-sur-le-stand-a-la-journee-des-plantes-de-larboretum\/\" \/>\n<meta property=\"og:site_name\" content=\"Association France Lyme\" \/>\n<meta property=\"article:publisher\" content=\"https:\/\/www.facebook.com\/france.lyme\" \/>\n<meta property=\"article:published_time\" content=\"2021-10-21T13:03:14+00:00\" \/>\n<meta property=\"article:modified_time\" content=\"2021-10-21T13:03:15+00:00\" \/>\n<meta property=\"og:image\" content=\"https:\/\/francelyme.fr\/site\/wp-content\/uploads\/2021\/10\/245649659_3172050173032819_4139781261434292348_n.jpg\" \/>\n\t<meta property=\"og:image:width\" content=\"1824\" \/>\n\t<meta property=\"og:image:height\" content=\"1368\" \/>\n\t<meta property=\"og:image:type\" content=\"image\/jpeg\" \/>\n<meta name=\"author\" content=\"Editeur\" \/>\n<meta name=\"twitter:card\" content=\"summary_large_image\" \/>\n<meta name=\"twitter:creator\" content=\"@francelyme\" \/>\n<meta name=\"twitter:site\" content=\"@francelyme\" \/>\n<meta name=\"twitter:label1\" content=\"\u00c9crit par\" \/>\n\t<meta name=\"twitter:data1\" content=\"Editeur\" \/>\n\t<meta name=\"twitter:label2\" content=\"Dur\u00e9e de lecture estim\u00e9e\" \/>\n\t<meta name=\"twitter:data2\" content=\"1 minute\" \/>\n<script type=\"application\/ld+json\" class=\"yoast-schema-graph\">{\"@context\":\"https:\\\/\\\/schema.org\",\"@graph\":[{\"@type\":\"Article\",\"@id\":\"https:\\\/\\\/francelyme.fr\\\/site\\\/retour-en-images-sur-le-stand-a-la-journee-des-plantes-de-larboretum\\\/#article\",\"isPartOf\":{\"@id\":\"https:\\\/\\\/francelyme.fr\\\/site\\\/retour-en-images-sur-le-stand-a-la-journee-des-plantes-de-larboretum\\\/\"},\"author\":{\"name\":\"Editeur\",\"@id\":\"https:\\\/\\\/francelyme.fr\\\/site\\\/#\\\/schema\\\/person\\\/b3a32c0e865447c2586961956f5d867e\"},\"headline\":\"Retour en images sur le stand \u00e0 la journ\u00e9e des plantes de l&rsquo;Arboretum\",\"datePublished\":\"2021-10-21T13:03:14+00:00\",\"dateModified\":\"2021-10-21T13:03:15+00:00\",\"mainEntityOfPage\":{\"@id\":\"https:\\\/\\\/francelyme.fr\\\/site\\\/retour-en-images-sur-le-stand-a-la-journee-des-plantes-de-larboretum\\\/\"},\"wordCount\":231,\"publisher\":{\"@id\":\"https:\\\/\\\/francelyme.fr\\\/site\\\/#organization\"},\"image\":{\"@id\":\"https:\\\/\\\/francelyme.fr\\\/site\\\/retour-en-images-sur-le-stand-a-la-journee-des-plantes-de-larboretum\\\/#primaryimage\"},\"thumbnailUrl\":\"https:\\\/\\\/francelyme.fr\\\/site\\\/wp-content\\\/uploads\\\/2021\\\/10\\\/245649659_3172050173032819_4139781261434292348_n.jpg\",\"articleSection\":[\"Actions et stands\",\"Limousin\"],\"inLanguage\":\"fr-FR\"},{\"@type\":\"WebPage\",\"@id\":\"https:\\\/\\\/francelyme.fr\\\/site\\\/retour-en-images-sur-le-stand-a-la-journee-des-plantes-de-larboretum\\\/\",\"url\":\"https:\\\/\\\/francelyme.fr\\\/site\\\/retour-en-images-sur-le-stand-a-la-journee-des-plantes-de-larboretum\\\/\",\"name\":\"Retour en images sur le stand \u00e0 la journ\u00e9e des plantes de l'Arboretum - Association France Lyme\",\"isPartOf\":{\"@id\":\"https:\\\/\\\/francelyme.fr\\\/site\\\/#website\"},\"primaryImageOfPage\":{\"@id\":\"https:\\\/\\\/francelyme.fr\\\/site\\\/retour-en-images-sur-le-stand-a-la-journee-des-plantes-de-larboretum\\\/#primaryimage\"},\"image\":{\"@id\":\"https:\\\/\\\/francelyme.fr\\\/site\\\/retour-en-images-sur-le-stand-a-la-journee-des-plantes-de-larboretum\\\/#primaryimage\"},\"thumbnailUrl\":\"https:\\\/\\\/francelyme.fr\\\/site\\\/wp-content\\\/uploads\\\/2021\\\/10\\\/245649659_3172050173032819_4139781261434292348_n.jpg\",\"datePublished\":\"2021-10-21T13:03:14+00:00\",\"dateModified\":\"2021-10-21T13:03:15+00:00\",\"breadcrumb\":{\"@id\":\"https:\\\/\\\/francelyme.fr\\\/site\\\/retour-en-images-sur-le-stand-a-la-journee-des-plantes-de-larboretum\\\/#breadcrumb\"},\"inLanguage\":\"fr-FR\",\"potentialAction\":[{\"@type\":\"ReadAction\",\"target\":[\"https:\\\/\\\/francelyme.fr\\\/site\\\/retour-en-images-sur-le-stand-a-la-journee-des-plantes-de-larboretum\\\/\"]}]},{\"@type\":\"ImageObject\",\"inLanguage\":\"fr-FR\",\"@id\":\"https:\\\/\\\/francelyme.fr\\\/site\\\/retour-en-images-sur-le-stand-a-la-journee-des-plantes-de-larboretum\\\/#primaryimage\",\"url\":\"https:\\\/\\\/francelyme.fr\\\/site\\\/wp-content\\\/uploads\\\/2021\\\/10\\\/245649659_3172050173032819_4139781261434292348_n.jpg\",\"contentUrl\":\"https:\\\/\\\/francelyme.fr\\\/site\\\/wp-content\\\/uploads\\\/2021\\\/10\\\/245649659_3172050173032819_4139781261434292348_n.jpg\",\"width\":1824,\"height\":1368},{\"@type\":\"BreadcrumbList\",\"@id\":\"https:\\\/\\\/francelyme.fr\\\/site\\\/retour-en-images-sur-le-stand-a-la-journee-des-plantes-de-larboretum\\\/#breadcrumb\",\"itemListElement\":[{\"@type\":\"ListItem\",\"position\":1,\"name\":\"Accueil\",\"item\":\"https:\\\/\\\/francelyme.fr\\\/site\\\/\"},{\"@type\":\"ListItem\",\"position\":2,\"name\":\"Retour en images sur le stand \u00e0 la journ\u00e9e des plantes de l&#8217;Arboretum\"}]},{\"@type\":\"WebSite\",\"@id\":\"https:\\\/\\\/francelyme.fr\\\/site\\\/#website\",\"url\":\"https:\\\/\\\/francelyme.fr\\\/site\\\/\",\"name\":\"Association France Lyme\",\"description\":\"Association de lutte contre les maladies vectorielles \u00e0 tiques\",\"publisher\":{\"@id\":\"https:\\\/\\\/francelyme.fr\\\/site\\\/#organization\"},\"potentialAction\":[{\"@type\":\"SearchAction\",\"target\":{\"@type\":\"EntryPoint\",\"urlTemplate\":\"https:\\\/\\\/francelyme.fr\\\/site\\\/?s={search_term_string}\"},\"query-input\":{\"@type\":\"PropertyValueSpecification\",\"valueRequired\":true,\"valueName\":\"search_term_string\"}}],\"inLanguage\":\"fr-FR\"},{\"@type\":\"Organization\",\"@id\":\"https:\\\/\\\/francelyme.fr\\\/site\\\/#organization\",\"name\":\"France Lyme\",\"url\":\"https:\\\/\\\/francelyme.fr\\\/site\\\/\",\"logo\":{\"@type\":\"ImageObject\",\"inLanguage\":\"fr-FR\",\"@id\":\"https:\\\/\\\/francelyme.fr\\\/site\\\/#\\\/schema\\\/logo\\\/image\\\/\",\"url\":\"https:\\\/\\\/francelyme.fr\\\/site\\\/wp-content\\\/uploads\\\/2019\\\/05\\\/francelyme-site.gif\",\"contentUrl\":\"https:\\\/\\\/francelyme.fr\\\/site\\\/wp-content\\\/uploads\\\/2019\\\/05\\\/francelyme-site.gif\",\"width\":180,\"height\":180,\"caption\":\"France Lyme\"},\"image\":{\"@id\":\"https:\\\/\\\/francelyme.fr\\\/site\\\/#\\\/schema\\\/logo\\\/image\\\/\"},\"sameAs\":[\"https:\\\/\\\/www.facebook.com\\\/france.lyme\",\"https:\\\/\\\/x.com\\\/francelyme\",\"https:\\\/\\\/www.youtube.com\\\/channel\\\/UClMCGl3dvkz0iAgXFR1NH1A\"]},{\"@type\":\"Person\",\"@id\":\"https:\\\/\\\/francelyme.fr\\\/site\\\/#\\\/schema\\\/person\\\/b3a32c0e865447c2586961956f5d867e\",\"name\":\"Editeur\",\"image\":{\"@type\":\"ImageObject\",\"inLanguage\":\"fr-FR\",\"@id\":\"https:\\\/\\\/secure.gravatar.com\\\/avatar\\\/ae207cee02bf4e66ec5abb92d4ccacaa0ad5f5d3d16fe7fcb393eda94bfbf2d2?s=96&d=mm&r=g\",\"url\":\"https:\\\/\\\/secure.gravatar.com\\\/avatar\\\/ae207cee02bf4e66ec5abb92d4ccacaa0ad5f5d3d16fe7fcb393eda94bfbf2d2?s=96&d=mm&r=g\",\"contentUrl\":\"https:\\\/\\\/secure.gravatar.com\\\/avatar\\\/ae207cee02bf4e66ec5abb92d4ccacaa0ad5f5d3d16fe7fcb393eda94bfbf2d2?s=96&d=mm&r=g\",\"caption\":\"Editeur\"},\"url\":\"https:\\\/\\\/francelyme.fr\\\/site\\\/author\\\/editeuradm\\\/\"}]}<\/script>\n<!-- \/ Yoast SEO plugin. -->","yoast_head_json":{"title":"Retour en images sur le stand \u00e0 la journ\u00e9e des plantes de l'Arboretum - Association France Lyme","robots":{"index":"index","follow":"follow","max-snippet":"max-snippet:-1","max-image-preview":"max-image-preview:large","max-video-preview":"max-video-preview:-1"},"canonical":"https:\/\/francelyme.fr\/site\/retour-en-images-sur-le-stand-a-la-journee-des-plantes-de-larboretum\/","og_locale":"fr_FR","og_type":"article","og_title":"Retour en images sur le stand \u00e0 la journ\u00e9e des plantes de l'Arboretum - Association France Lyme","og_url":"https:\/\/francelyme.fr\/site\/retour-en-images-sur-le-stand-a-la-journee-des-plantes-de-larboretum\/","og_site_name":"Association France Lyme","article_publisher":"https:\/\/www.facebook.com\/france.lyme","article_published_time":"2021-10-21T13:03:14+00:00","article_modified_time":"2021-10-21T13:03:15+00:00","og_image":[{"width":1824,"height":1368,"url":"https:\/\/francelyme.fr\/site\/wp-content\/uploads\/2021\/10\/245649659_3172050173032819_4139781261434292348_n.jpg","type":"image\/jpeg"}],"author":"Editeur","twitter_card":"summary_large_image","twitter_creator":"@francelyme","twitter_site":"@francelyme","twitter_misc":{"\u00c9crit par":"Editeur","Dur\u00e9e de lecture estim\u00e9e":"1 minute"},"schema":{"@context":"https:\/\/schema.org","@graph":[{"@type":"Article","@id":"https:\/\/francelyme.fr\/site\/retour-en-images-sur-le-stand-a-la-journee-des-plantes-de-larboretum\/#article","isPartOf":{"@id":"https:\/\/francelyme.fr\/site\/retour-en-images-sur-le-stand-a-la-journee-des-plantes-de-larboretum\/"},"author":{"name":"Editeur","@id":"https:\/\/francelyme.fr\/site\/#\/schema\/person\/b3a32c0e865447c2586961956f5d867e"},"headline":"Retour en images sur le stand \u00e0 la journ\u00e9e des plantes de l&rsquo;Arboretum","datePublished":"2021-10-21T13:03:14+00:00","dateModified":"2021-10-21T13:03:15+00:00","mainEntityOfPage":{"@id":"https:\/\/francelyme.fr\/site\/retour-en-images-sur-le-stand-a-la-journee-des-plantes-de-larboretum\/"},"wordCount":231,"publisher":{"@id":"https:\/\/francelyme.fr\/site\/#organization"},"image":{"@id":"https:\/\/francelyme.fr\/site\/retour-en-images-sur-le-stand-a-la-journee-des-plantes-de-larboretum\/#primaryimage"},"thumbnailUrl":"https:\/\/francelyme.fr\/site\/wp-content\/uploads\/2021\/10\/245649659_3172050173032819_4139781261434292348_n.jpg","articleSection":["Actions et stands","Limousin"],"inLanguage":"fr-FR"},{"@type":"WebPage","@id":"https:\/\/francelyme.fr\/site\/retour-en-images-sur-le-stand-a-la-journee-des-plantes-de-larboretum\/","url":"https:\/\/francelyme.fr\/site\/retour-en-images-sur-le-stand-a-la-journee-des-plantes-de-larboretum\/","name":"Retour en images sur le stand \u00e0 la journ\u00e9e des plantes de l'Arboretum - Association France Lyme","isPartOf":{"@id":"https:\/\/francelyme.fr\/site\/#website"},"primaryImageOfPage":{"@id":"https:\/\/francelyme.fr\/site\/retour-en-images-sur-le-stand-a-la-journee-des-plantes-de-larboretum\/#primaryimage"},"image":{"@id":"https:\/\/francelyme.fr\/site\/retour-en-images-sur-le-stand-a-la-journee-des-plantes-de-larboretum\/#primaryimage"},"thumbnailUrl":"https:\/\/francelyme.fr\/site\/wp-content\/uploads\/2021\/10\/245649659_3172050173032819_4139781261434292348_n.jpg","datePublished":"2021-10-21T13:03:14+00:00","dateModified":"2021-10-21T13:03:15+00:00","breadcrumb":{"@id":"https:\/\/francelyme.fr\/site\/retour-en-images-sur-le-stand-a-la-journee-des-plantes-de-larboretum\/#breadcrumb"},"inLanguage":"fr-FR","potentialAction":[{"@type":"ReadAction","target":["https:\/\/francelyme.fr\/site\/retour-en-images-sur-le-stand-a-la-journee-des-plantes-de-larboretum\/"]}]},{"@type":"ImageObject","inLanguage":"fr-FR","@id":"https:\/\/francelyme.fr\/site\/retour-en-images-sur-le-stand-a-la-journee-des-plantes-de-larboretum\/#primaryimage","url":"https:\/\/francelyme.fr\/site\/wp-content\/uploads\/2021\/10\/245649659_3172050173032819_4139781261434292348_n.jpg","contentUrl":"https:\/\/francelyme.fr\/site\/wp-content\/uploads\/2021\/10\/245649659_3172050173032819_4139781261434292348_n.jpg","width":1824,"height":1368},{"@type":"BreadcrumbList","@id":"https:\/\/francelyme.fr\/site\/retour-en-images-sur-le-stand-a-la-journee-des-plantes-de-larboretum\/#breadcrumb","itemListElement":[{"@type":"ListItem","position":1,"name":"Accueil","item":"https:\/\/francelyme.fr\/site\/"},{"@type":"ListItem","position":2,"name":"Retour en images sur le stand \u00e0 la journ\u00e9e des plantes de l&#8217;Arboretum"}]},{"@type":"WebSite","@id":"https:\/\/francelyme.fr\/site\/#website","url":"https:\/\/francelyme.fr\/site\/","name":"Association France Lyme","description":"Association de lutte contre les maladies vectorielles \u00e0 tiques","publisher":{"@id":"https:\/\/francelyme.fr\/site\/#organization"},"potentialAction":[{"@type":"SearchAction","target":{"@type":"EntryPoint","urlTemplate":"https:\/\/francelyme.fr\/site\/?s={search_term_string}"},"query-input":{"@type":"PropertyValueSpecification","valueRequired":true,"valueName":"search_term_string"}}],"inLanguage":"fr-FR"},{"@type":"Organization","@id":"https:\/\/francelyme.fr\/site\/#organization","name":"France Lyme","url":"https:\/\/francelyme.fr\/site\/","logo":{"@type":"ImageObject","inLanguage":"fr-FR","@id":"https:\/\/francelyme.fr\/site\/#\/schema\/logo\/image\/","url":"https:\/\/francelyme.fr\/site\/wp-content\/uploads\/2019\/05\/francelyme-site.gif","contentUrl":"https:\/\/francelyme.fr\/site\/wp-content\/uploads\/2019\/05\/francelyme-site.gif","width":180,"height":180,"caption":"France Lyme"},"image":{"@id":"https:\/\/francelyme.fr\/site\/#\/schema\/logo\/image\/"},"sameAs":["https:\/\/www.facebook.com\/france.lyme","https:\/\/x.com\/francelyme","https:\/\/www.youtube.com\/channel\/UClMCGl3dvkz0iAgXFR1NH1A"]},{"@type":"Person","@id":"https:\/\/francelyme.fr\/site\/#\/schema\/person\/b3a32c0e865447c2586961956f5d867e","name":"Editeur","image":{"@type":"ImageObject","inLanguage":"fr-FR","@id":"https:\/\/secure.gravatar.com\/avatar\/ae207cee02bf4e66ec5abb92d4ccacaa0ad5f5d3d16fe7fcb393eda94bfbf2d2?s=96&d=mm&r=g","url":"https:\/\/secure.gravatar.com\/avatar\/ae207cee02bf4e66ec5abb92d4ccacaa0ad5f5d3d16fe7fcb393eda94bfbf2d2?s=96&d=mm&r=g","contentUrl":"https:\/\/secure.gravatar.com\/avatar\/ae207cee02bf4e66ec5abb92d4ccacaa0ad5f5d3d16fe7fcb393eda94bfbf2d2?s=96&d=mm&r=g","caption":"Editeur"},"url":"https:\/\/francelyme.fr\/site\/author\/editeuradm\/"}]}},"_links":{"self":[{"href":"https:\/\/francelyme.fr\/site\/wp-json\/wp\/v2\/posts\/12589","targetHints":{"allow":["GET"]}}],"collection":[{"href":"https:\/\/francelyme.fr\/site\/wp-json\/wp\/v2\/posts"}],"about":[{"href":"https:\/\/francelyme.fr\/site\/wp-json\/wp\/v2\/types\/post"}],"author":[{"embeddable":true,"href":"https:\/\/francelyme.fr\/site\/wp-json\/wp\/v2\/users\/16"}],"replies":[{"embeddable":true,"href":"https:\/\/francelyme.fr\/site\/wp-json\/wp\/v2\/comments?post=12589"}],"version-history":[{"count":1,"href":"https:\/\/francelyme.fr\/site\/wp-json\/wp\/v2\/posts\/12589\/revisions"}],"predecessor-version":[{"id":12596,"href":"https:\/\/francelyme.fr\/site\/wp-json\/wp\/v2\/posts\/12589\/revisions\/12596"}],"wp:featuredmedia":[{"embeddable":true,"href":"https:\/\/francelyme.fr\/site\/wp-json\/wp\/v2\/media\/12592"}],"wp:attachment":[{"href":"https:\/\/francelyme.fr\/site\/wp-json\/wp\/v2\/media?parent=12589"}],"wp:term":[{"taxonomy":"category","embeddable":true,"href":"https:\/\/francelyme.fr\/site\/wp-json\/wp\/v2\/categories?post=12589"},{"taxonomy":"post_tag","embeddable":true,"href":"https:\/\/francelyme.fr\/site\/wp-json\/wp\/v2\/tags?post=12589"}],"curies":[{"name":"wp","href":"https:\/\/api.w.org\/{rel}","templated":true}]}}