{"id":12622,"date":"2021-11-05T13:05:09","date_gmt":"2021-11-05T12:05:09","guid":{"rendered":"https:\/\/francelyme.fr\/site\/?p=12622"},"modified":"2021-11-05T13:05:09","modified_gmt":"2021-11-05T12:05:09","slug":"retour-en-images-sur-la-journee-sport-handicap-a-chalon-sur-saone-71","status":"publish","type":"post","link":"https:\/\/francelyme.fr\/site\/retour-en-images-sur-la-journee-sport-handicap-a-chalon-sur-saone-71\/","title":{"rendered":"Retour en images sur la journ\u00e9e sport handicap \u00e0 Chalon sur Sa\u00f4ne (71)"},"content":{"rendered":"<div class=\"like-button\" style=\"float: right; clear: both; text-align: right; width = 100%;\">\n<!-- Facebook Like Button Vivacity Infotech BEGIN -->\n<div class=\"fb-like\" data-href=\"https:\/\/francelyme.fr\/site\/retour-en-images-sur-la-journee-sport-handicap-a-chalon-sur-saone-71\/\" data-layout=\"box_count\" data-action=\"like\" data-show-faces=\"false\" data-size=\"large\" data-width=\"450\" data-share=\"1\" ><\/div><\/div>\n<!-- Facebook Like Button Vivacity Infotech END -->\n<div id=\"fb-root\"><\/div>\n\n<h3 class=\"wp-block-heading\" id=\"jsc_c_173\"><\/h3>\n\n\n\n<p>Accompagn\u00e9e des b\u00e9n\u00e9voles Marie Chantal le matin et Florinda l apr\u00e8s midi , Annie Okrzesik notre responsable Bourgogne tenait un stand de pr\u00e9vention contre les maladies \u00e0 tiques pour la seconde fois cette semaine au parc des expositions de Chalon sur Sa\u00f4ne<\/p>\n\n\n\n<p>Les b\u00e9n\u00e9voles ont \u00e9t\u00e9 surprises de voir que peu de monde s &lsquo;\u00e9tait d\u00e9plac\u00e9 \u00e0 la journ\u00e9e sport , sant\u00e9 , handicap , alors que cette journ\u00e9e m\u00e9ritait une attention bien particuli\u00e8re.<\/p>\n\n\n\n<p>Une quarantaine d\u2019associations chalonnaises \u00e9taient rassembl\u00e9es dans le but de proposer une pr\u00e9sentation ou une activit\u00e9 aux participants.<\/p>\n\n\n\n<p>C\u2019est dans le cadre du label Terre de Jeux 2024 que le Grand Chalon et la Ville de Chalon-sur-Sa\u00f4ne se sont mobilis\u00e9s pour organiser cette journ\u00e9e Sport Sant\u00e9 Handicap.<\/p>\n\n\n\n<p>Annie et Marie Chantal se sont essay\u00e9es au badminton en fauteuil roulant ce qui a \u00e9t\u00e9 une exp\u00e9rience bien difficile &#8230;.. \u00e0 part s\u2019apercevoir du m\u00e9rite et du courage que l\u2019on a, quand on est dans l\u2019impossibilit\u00e9 d\u2019utiliser ses pieds\u2026ce qui arrive bien souvent chez les personnes atteintes de maladies \u00e0 tiques .<\/p>\n\n\n\n<div class=\"wp-block-image\"><figure class=\"aligncenter size-large\"><img loading=\"lazy\" decoding=\"async\" width=\"960\" height=\"720\" src=\"https:\/\/francelyme.fr\/site\/wp-content\/uploads\/2021\/11\/241740492_10216890424007996_4331038445846743672_n.jpg\" alt=\"\" class=\"wp-image-12623\" srcset=\"https:\/\/francelyme.fr\/site\/wp-content\/uploads\/2021\/11\/241740492_10216890424007996_4331038445846743672_n.jpg 960w, https:\/\/francelyme.fr\/site\/wp-content\/uploads\/2021\/11\/241740492_10216890424007996_4331038445846743672_n-300x225.jpg 300w, https:\/\/francelyme.fr\/site\/wp-content\/uploads\/2021\/11\/241740492_10216890424007996_4331038445846743672_n-768x576.jpg 768w\" sizes=\"auto, (max-width: 960px) 100vw, 960px\" \/><\/figure><\/div>\n\n\n\n<div class=\"wp-block-image\"><figure class=\"aligncenter size-large\"><img loading=\"lazy\" decoding=\"async\" width=\"960\" height=\"720\" src=\"https:\/\/francelyme.fr\/site\/wp-content\/uploads\/2021\/11\/241731095_10216890423607986_4660074464934046704_n.jpg\" alt=\"\" class=\"wp-image-12624\" srcset=\"https:\/\/francelyme.fr\/site\/wp-content\/uploads\/2021\/11\/241731095_10216890423607986_4660074464934046704_n.jpg 960w, https:\/\/francelyme.fr\/site\/wp-content\/uploads\/2021\/11\/241731095_10216890423607986_4660074464934046704_n-300x225.jpg 300w, https:\/\/francelyme.fr\/site\/wp-content\/uploads\/2021\/11\/241731095_10216890423607986_4660074464934046704_n-768x576.jpg 768w\" sizes=\"auto, (max-width: 960px) 100vw, 960px\" \/><\/figure><\/div>\n\n\n\n<div class=\"wp-block-image\"><figure class=\"aligncenter size-large\"><img loading=\"lazy\" decoding=\"async\" width=\"960\" height=\"720\" src=\"https:\/\/francelyme.fr\/site\/wp-content\/uploads\/2021\/11\/241725257_10216890422927969_2955914487732709633_n.jpg\" alt=\"\" class=\"wp-image-12625\" srcset=\"https:\/\/francelyme.fr\/site\/wp-content\/uploads\/2021\/11\/241725257_10216890422927969_2955914487732709633_n.jpg 960w, https:\/\/francelyme.fr\/site\/wp-content\/uploads\/2021\/11\/241725257_10216890422927969_2955914487732709633_n-300x225.jpg 300w, https:\/\/francelyme.fr\/site\/wp-content\/uploads\/2021\/11\/241725257_10216890422927969_2955914487732709633_n-768x576.jpg 768w\" sizes=\"auto, (max-width: 960px) 100vw, 960px\" \/><\/figure><\/div>\n<div class=\"like-button\" style=\"float: right; clear: both; text-align: right; width = 100%;\">\n<!-- Facebook Like Button Vivacity Infotech BEGIN -->\n<div class=\"fb-like\" data-href=\"https:\/\/francelyme.fr\/site\/retour-en-images-sur-la-journee-sport-handicap-a-chalon-sur-saone-71\/\" data-layout=\"box_count\" data-action=\"like\" data-show-faces=\"false\" data-size=\"large\" data-width=\"450\" data-share=\"1\" ><\/div><\/div>\n<!-- Facebook Like Button Vivacity Infotech END -->\n","protected":false},"excerpt":{"rendered":"","protected":false},"author":16,"featured_media":12623,"comment_status":"closed","ping_status":"open","sticky":false,"template":"","format":"standard","meta":{"footnotes":""},"categories":[7,119],"tags":[],"class_list":["post-12622","post","type-post","status-publish","format-standard","has-post-thumbnail","hentry","category-actions","category-bourgogne"],"yoast_head":"<!-- This site is optimized with the Yoast SEO plugin v27.3 - https:\/\/yoast.com\/product\/yoast-seo-wordpress\/ -->\n<title>Retour en images sur la journ\u00e9e sport handicap \u00e0 Chalon sur Sa\u00f4ne (71) - Association France Lyme<\/title>\n<meta name=\"robots\" content=\"index, follow, max-snippet:-1, max-image-preview:large, max-video-preview:-1\" \/>\n<link rel=\"canonical\" href=\"https:\/\/francelyme.fr\/site\/retour-en-images-sur-la-journee-sport-handicap-a-chalon-sur-saone-71\/\" \/>\n<meta property=\"og:locale\" content=\"fr_FR\" \/>\n<meta property=\"og:type\" content=\"article\" \/>\n<meta property=\"og:title\" content=\"Retour en images sur la journ\u00e9e sport handicap \u00e0 Chalon sur Sa\u00f4ne (71) - Association France Lyme\" \/>\n<meta property=\"og:url\" content=\"https:\/\/francelyme.fr\/site\/retour-en-images-sur-la-journee-sport-handicap-a-chalon-sur-saone-71\/\" \/>\n<meta property=\"og:site_name\" content=\"Association France Lyme\" \/>\n<meta property=\"article:publisher\" content=\"https:\/\/www.facebook.com\/france.lyme\" \/>\n<meta property=\"article:published_time\" content=\"2021-11-05T12:05:09+00:00\" \/>\n<meta property=\"og:image\" content=\"https:\/\/francelyme.fr\/site\/wp-content\/uploads\/2021\/11\/241740492_10216890424007996_4331038445846743672_n.jpg\" \/>\n\t<meta property=\"og:image:width\" content=\"960\" \/>\n\t<meta property=\"og:image:height\" content=\"720\" \/>\n\t<meta property=\"og:image:type\" content=\"image\/jpeg\" \/>\n<meta name=\"author\" content=\"Editeur\" \/>\n<meta name=\"twitter:card\" content=\"summary_large_image\" \/>\n<meta name=\"twitter:creator\" content=\"@francelyme\" \/>\n<meta name=\"twitter:site\" content=\"@francelyme\" \/>\n<meta name=\"twitter:label1\" content=\"\u00c9crit par\" \/>\n\t<meta name=\"twitter:data1\" content=\"Editeur\" \/>\n\t<meta name=\"twitter:label2\" content=\"Dur\u00e9e de lecture estim\u00e9e\" \/>\n\t<meta name=\"twitter:data2\" content=\"1 minute\" \/>\n<script type=\"application\/ld+json\" class=\"yoast-schema-graph\">{\"@context\":\"https:\\\/\\\/schema.org\",\"@graph\":[{\"@type\":\"Article\",\"@id\":\"https:\\\/\\\/francelyme.fr\\\/site\\\/retour-en-images-sur-la-journee-sport-handicap-a-chalon-sur-saone-71\\\/#article\",\"isPartOf\":{\"@id\":\"https:\\\/\\\/francelyme.fr\\\/site\\\/retour-en-images-sur-la-journee-sport-handicap-a-chalon-sur-saone-71\\\/\"},\"author\":{\"name\":\"Editeur\",\"@id\":\"https:\\\/\\\/francelyme.fr\\\/site\\\/#\\\/schema\\\/person\\\/b3a32c0e865447c2586961956f5d867e\"},\"headline\":\"Retour en images sur la journ\u00e9e sport handicap \u00e0 Chalon sur Sa\u00f4ne (71)\",\"datePublished\":\"2021-11-05T12:05:09+00:00\",\"mainEntityOfPage\":{\"@id\":\"https:\\\/\\\/francelyme.fr\\\/site\\\/retour-en-images-sur-la-journee-sport-handicap-a-chalon-sur-saone-71\\\/\"},\"wordCount\":204,\"publisher\":{\"@id\":\"https:\\\/\\\/francelyme.fr\\\/site\\\/#organization\"},\"image\":{\"@id\":\"https:\\\/\\\/francelyme.fr\\\/site\\\/retour-en-images-sur-la-journee-sport-handicap-a-chalon-sur-saone-71\\\/#primaryimage\"},\"thumbnailUrl\":\"https:\\\/\\\/francelyme.fr\\\/site\\\/wp-content\\\/uploads\\\/2021\\\/11\\\/241740492_10216890424007996_4331038445846743672_n.jpg\",\"articleSection\":[\"Actions et stands\",\"Bourgogne\"],\"inLanguage\":\"fr-FR\"},{\"@type\":\"WebPage\",\"@id\":\"https:\\\/\\\/francelyme.fr\\\/site\\\/retour-en-images-sur-la-journee-sport-handicap-a-chalon-sur-saone-71\\\/\",\"url\":\"https:\\\/\\\/francelyme.fr\\\/site\\\/retour-en-images-sur-la-journee-sport-handicap-a-chalon-sur-saone-71\\\/\",\"name\":\"Retour en images sur la journ\u00e9e sport handicap \u00e0 Chalon sur Sa\u00f4ne (71) - Association France Lyme\",\"isPartOf\":{\"@id\":\"https:\\\/\\\/francelyme.fr\\\/site\\\/#website\"},\"primaryImageOfPage\":{\"@id\":\"https:\\\/\\\/francelyme.fr\\\/site\\\/retour-en-images-sur-la-journee-sport-handicap-a-chalon-sur-saone-71\\\/#primaryimage\"},\"image\":{\"@id\":\"https:\\\/\\\/francelyme.fr\\\/site\\\/retour-en-images-sur-la-journee-sport-handicap-a-chalon-sur-saone-71\\\/#primaryimage\"},\"thumbnailUrl\":\"https:\\\/\\\/francelyme.fr\\\/site\\\/wp-content\\\/uploads\\\/2021\\\/11\\\/241740492_10216890424007996_4331038445846743672_n.jpg\",\"datePublished\":\"2021-11-05T12:05:09+00:00\",\"breadcrumb\":{\"@id\":\"https:\\\/\\\/francelyme.fr\\\/site\\\/retour-en-images-sur-la-journee-sport-handicap-a-chalon-sur-saone-71\\\/#breadcrumb\"},\"inLanguage\":\"fr-FR\",\"potentialAction\":[{\"@type\":\"ReadAction\",\"target\":[\"https:\\\/\\\/francelyme.fr\\\/site\\\/retour-en-images-sur-la-journee-sport-handicap-a-chalon-sur-saone-71\\\/\"]}]},{\"@type\":\"ImageObject\",\"inLanguage\":\"fr-FR\",\"@id\":\"https:\\\/\\\/francelyme.fr\\\/site\\\/retour-en-images-sur-la-journee-sport-handicap-a-chalon-sur-saone-71\\\/#primaryimage\",\"url\":\"https:\\\/\\\/francelyme.fr\\\/site\\\/wp-content\\\/uploads\\\/2021\\\/11\\\/241740492_10216890424007996_4331038445846743672_n.jpg\",\"contentUrl\":\"https:\\\/\\\/francelyme.fr\\\/site\\\/wp-content\\\/uploads\\\/2021\\\/11\\\/241740492_10216890424007996_4331038445846743672_n.jpg\",\"width\":960,\"height\":720},{\"@type\":\"BreadcrumbList\",\"@id\":\"https:\\\/\\\/francelyme.fr\\\/site\\\/retour-en-images-sur-la-journee-sport-handicap-a-chalon-sur-saone-71\\\/#breadcrumb\",\"itemListElement\":[{\"@type\":\"ListItem\",\"position\":1,\"name\":\"Accueil\",\"item\":\"https:\\\/\\\/francelyme.fr\\\/site\\\/\"},{\"@type\":\"ListItem\",\"position\":2,\"name\":\"Retour en images sur la journ\u00e9e sport handicap \u00e0 Chalon sur Sa\u00f4ne (71)\"}]},{\"@type\":\"WebSite\",\"@id\":\"https:\\\/\\\/francelyme.fr\\\/site\\\/#website\",\"url\":\"https:\\\/\\\/francelyme.fr\\\/site\\\/\",\"name\":\"Association France Lyme\",\"description\":\"Association de lutte contre les maladies vectorielles \u00e0 tiques\",\"publisher\":{\"@id\":\"https:\\\/\\\/francelyme.fr\\\/site\\\/#organization\"},\"potentialAction\":[{\"@type\":\"SearchAction\",\"target\":{\"@type\":\"EntryPoint\",\"urlTemplate\":\"https:\\\/\\\/francelyme.fr\\\/site\\\/?s={search_term_string}\"},\"query-input\":{\"@type\":\"PropertyValueSpecification\",\"valueRequired\":true,\"valueName\":\"search_term_string\"}}],\"inLanguage\":\"fr-FR\"},{\"@type\":\"Organization\",\"@id\":\"https:\\\/\\\/francelyme.fr\\\/site\\\/#organization\",\"name\":\"France Lyme\",\"url\":\"https:\\\/\\\/francelyme.fr\\\/site\\\/\",\"logo\":{\"@type\":\"ImageObject\",\"inLanguage\":\"fr-FR\",\"@id\":\"https:\\\/\\\/francelyme.fr\\\/site\\\/#\\\/schema\\\/logo\\\/image\\\/\",\"url\":\"https:\\\/\\\/francelyme.fr\\\/site\\\/wp-content\\\/uploads\\\/2019\\\/05\\\/francelyme-site.gif\",\"contentUrl\":\"https:\\\/\\\/francelyme.fr\\\/site\\\/wp-content\\\/uploads\\\/2019\\\/05\\\/francelyme-site.gif\",\"width\":180,\"height\":180,\"caption\":\"France Lyme\"},\"image\":{\"@id\":\"https:\\\/\\\/francelyme.fr\\\/site\\\/#\\\/schema\\\/logo\\\/image\\\/\"},\"sameAs\":[\"https:\\\/\\\/www.facebook.com\\\/france.lyme\",\"https:\\\/\\\/x.com\\\/francelyme\",\"https:\\\/\\\/www.youtube.com\\\/channel\\\/UClMCGl3dvkz0iAgXFR1NH1A\"]},{\"@type\":\"Person\",\"@id\":\"https:\\\/\\\/francelyme.fr\\\/site\\\/#\\\/schema\\\/person\\\/b3a32c0e865447c2586961956f5d867e\",\"name\":\"Editeur\",\"image\":{\"@type\":\"ImageObject\",\"inLanguage\":\"fr-FR\",\"@id\":\"https:\\\/\\\/secure.gravatar.com\\\/avatar\\\/ae207cee02bf4e66ec5abb92d4ccacaa0ad5f5d3d16fe7fcb393eda94bfbf2d2?s=96&d=mm&r=g\",\"url\":\"https:\\\/\\\/secure.gravatar.com\\\/avatar\\\/ae207cee02bf4e66ec5abb92d4ccacaa0ad5f5d3d16fe7fcb393eda94bfbf2d2?s=96&d=mm&r=g\",\"contentUrl\":\"https:\\\/\\\/secure.gravatar.com\\\/avatar\\\/ae207cee02bf4e66ec5abb92d4ccacaa0ad5f5d3d16fe7fcb393eda94bfbf2d2?s=96&d=mm&r=g\",\"caption\":\"Editeur\"},\"url\":\"https:\\\/\\\/francelyme.fr\\\/site\\\/author\\\/editeuradm\\\/\"}]}<\/script>\n<!-- \/ Yoast SEO plugin. -->","yoast_head_json":{"title":"Retour en images sur la journ\u00e9e sport handicap \u00e0 Chalon sur Sa\u00f4ne (71) - Association France Lyme","robots":{"index":"index","follow":"follow","max-snippet":"max-snippet:-1","max-image-preview":"max-image-preview:large","max-video-preview":"max-video-preview:-1"},"canonical":"https:\/\/francelyme.fr\/site\/retour-en-images-sur-la-journee-sport-handicap-a-chalon-sur-saone-71\/","og_locale":"fr_FR","og_type":"article","og_title":"Retour en images sur la journ\u00e9e sport handicap \u00e0 Chalon sur Sa\u00f4ne (71) - Association France Lyme","og_url":"https:\/\/francelyme.fr\/site\/retour-en-images-sur-la-journee-sport-handicap-a-chalon-sur-saone-71\/","og_site_name":"Association France Lyme","article_publisher":"https:\/\/www.facebook.com\/france.lyme","article_published_time":"2021-11-05T12:05:09+00:00","og_image":[{"width":960,"height":720,"url":"https:\/\/francelyme.fr\/site\/wp-content\/uploads\/2021\/11\/241740492_10216890424007996_4331038445846743672_n.jpg","type":"image\/jpeg"}],"author":"Editeur","twitter_card":"summary_large_image","twitter_creator":"@francelyme","twitter_site":"@francelyme","twitter_misc":{"\u00c9crit par":"Editeur","Dur\u00e9e de lecture estim\u00e9e":"1 minute"},"schema":{"@context":"https:\/\/schema.org","@graph":[{"@type":"Article","@id":"https:\/\/francelyme.fr\/site\/retour-en-images-sur-la-journee-sport-handicap-a-chalon-sur-saone-71\/#article","isPartOf":{"@id":"https:\/\/francelyme.fr\/site\/retour-en-images-sur-la-journee-sport-handicap-a-chalon-sur-saone-71\/"},"author":{"name":"Editeur","@id":"https:\/\/francelyme.fr\/site\/#\/schema\/person\/b3a32c0e865447c2586961956f5d867e"},"headline":"Retour en images sur la journ\u00e9e sport handicap \u00e0 Chalon sur Sa\u00f4ne (71)","datePublished":"2021-11-05T12:05:09+00:00","mainEntityOfPage":{"@id":"https:\/\/francelyme.fr\/site\/retour-en-images-sur-la-journee-sport-handicap-a-chalon-sur-saone-71\/"},"wordCount":204,"publisher":{"@id":"https:\/\/francelyme.fr\/site\/#organization"},"image":{"@id":"https:\/\/francelyme.fr\/site\/retour-en-images-sur-la-journee-sport-handicap-a-chalon-sur-saone-71\/#primaryimage"},"thumbnailUrl":"https:\/\/francelyme.fr\/site\/wp-content\/uploads\/2021\/11\/241740492_10216890424007996_4331038445846743672_n.jpg","articleSection":["Actions et stands","Bourgogne"],"inLanguage":"fr-FR"},{"@type":"WebPage","@id":"https:\/\/francelyme.fr\/site\/retour-en-images-sur-la-journee-sport-handicap-a-chalon-sur-saone-71\/","url":"https:\/\/francelyme.fr\/site\/retour-en-images-sur-la-journee-sport-handicap-a-chalon-sur-saone-71\/","name":"Retour en images sur la journ\u00e9e sport handicap \u00e0 Chalon sur Sa\u00f4ne (71) - Association France Lyme","isPartOf":{"@id":"https:\/\/francelyme.fr\/site\/#website"},"primaryImageOfPage":{"@id":"https:\/\/francelyme.fr\/site\/retour-en-images-sur-la-journee-sport-handicap-a-chalon-sur-saone-71\/#primaryimage"},"image":{"@id":"https:\/\/francelyme.fr\/site\/retour-en-images-sur-la-journee-sport-handicap-a-chalon-sur-saone-71\/#primaryimage"},"thumbnailUrl":"https:\/\/francelyme.fr\/site\/wp-content\/uploads\/2021\/11\/241740492_10216890424007996_4331038445846743672_n.jpg","datePublished":"2021-11-05T12:05:09+00:00","breadcrumb":{"@id":"https:\/\/francelyme.fr\/site\/retour-en-images-sur-la-journee-sport-handicap-a-chalon-sur-saone-71\/#breadcrumb"},"inLanguage":"fr-FR","potentialAction":[{"@type":"ReadAction","target":["https:\/\/francelyme.fr\/site\/retour-en-images-sur-la-journee-sport-handicap-a-chalon-sur-saone-71\/"]}]},{"@type":"ImageObject","inLanguage":"fr-FR","@id":"https:\/\/francelyme.fr\/site\/retour-en-images-sur-la-journee-sport-handicap-a-chalon-sur-saone-71\/#primaryimage","url":"https:\/\/francelyme.fr\/site\/wp-content\/uploads\/2021\/11\/241740492_10216890424007996_4331038445846743672_n.jpg","contentUrl":"https:\/\/francelyme.fr\/site\/wp-content\/uploads\/2021\/11\/241740492_10216890424007996_4331038445846743672_n.jpg","width":960,"height":720},{"@type":"BreadcrumbList","@id":"https:\/\/francelyme.fr\/site\/retour-en-images-sur-la-journee-sport-handicap-a-chalon-sur-saone-71\/#breadcrumb","itemListElement":[{"@type":"ListItem","position":1,"name":"Accueil","item":"https:\/\/francelyme.fr\/site\/"},{"@type":"ListItem","position":2,"name":"Retour en images sur la journ\u00e9e sport handicap \u00e0 Chalon sur Sa\u00f4ne (71)"}]},{"@type":"WebSite","@id":"https:\/\/francelyme.fr\/site\/#website","url":"https:\/\/francelyme.fr\/site\/","name":"Association France Lyme","description":"Association de lutte contre les maladies vectorielles \u00e0 tiques","publisher":{"@id":"https:\/\/francelyme.fr\/site\/#organization"},"potentialAction":[{"@type":"SearchAction","target":{"@type":"EntryPoint","urlTemplate":"https:\/\/francelyme.fr\/site\/?s={search_term_string}"},"query-input":{"@type":"PropertyValueSpecification","valueRequired":true,"valueName":"search_term_string"}}],"inLanguage":"fr-FR"},{"@type":"Organization","@id":"https:\/\/francelyme.fr\/site\/#organization","name":"France Lyme","url":"https:\/\/francelyme.fr\/site\/","logo":{"@type":"ImageObject","inLanguage":"fr-FR","@id":"https:\/\/francelyme.fr\/site\/#\/schema\/logo\/image\/","url":"https:\/\/francelyme.fr\/site\/wp-content\/uploads\/2019\/05\/francelyme-site.gif","contentUrl":"https:\/\/francelyme.fr\/site\/wp-content\/uploads\/2019\/05\/francelyme-site.gif","width":180,"height":180,"caption":"France Lyme"},"image":{"@id":"https:\/\/francelyme.fr\/site\/#\/schema\/logo\/image\/"},"sameAs":["https:\/\/www.facebook.com\/france.lyme","https:\/\/x.com\/francelyme","https:\/\/www.youtube.com\/channel\/UClMCGl3dvkz0iAgXFR1NH1A"]},{"@type":"Person","@id":"https:\/\/francelyme.fr\/site\/#\/schema\/person\/b3a32c0e865447c2586961956f5d867e","name":"Editeur","image":{"@type":"ImageObject","inLanguage":"fr-FR","@id":"https:\/\/secure.gravatar.com\/avatar\/ae207cee02bf4e66ec5abb92d4ccacaa0ad5f5d3d16fe7fcb393eda94bfbf2d2?s=96&d=mm&r=g","url":"https:\/\/secure.gravatar.com\/avatar\/ae207cee02bf4e66ec5abb92d4ccacaa0ad5f5d3d16fe7fcb393eda94bfbf2d2?s=96&d=mm&r=g","contentUrl":"https:\/\/secure.gravatar.com\/avatar\/ae207cee02bf4e66ec5abb92d4ccacaa0ad5f5d3d16fe7fcb393eda94bfbf2d2?s=96&d=mm&r=g","caption":"Editeur"},"url":"https:\/\/francelyme.fr\/site\/author\/editeuradm\/"}]}},"_links":{"self":[{"href":"https:\/\/francelyme.fr\/site\/wp-json\/wp\/v2\/posts\/12622","targetHints":{"allow":["GET"]}}],"collection":[{"href":"https:\/\/francelyme.fr\/site\/wp-json\/wp\/v2\/posts"}],"about":[{"href":"https:\/\/francelyme.fr\/site\/wp-json\/wp\/v2\/types\/post"}],"author":[{"embeddable":true,"href":"https:\/\/francelyme.fr\/site\/wp-json\/wp\/v2\/users\/16"}],"replies":[{"embeddable":true,"href":"https:\/\/francelyme.fr\/site\/wp-json\/wp\/v2\/comments?post=12622"}],"version-history":[{"count":1,"href":"https:\/\/francelyme.fr\/site\/wp-json\/wp\/v2\/posts\/12622\/revisions"}],"predecessor-version":[{"id":12626,"href":"https:\/\/francelyme.fr\/site\/wp-json\/wp\/v2\/posts\/12622\/revisions\/12626"}],"wp:featuredmedia":[{"embeddable":true,"href":"https:\/\/francelyme.fr\/site\/wp-json\/wp\/v2\/media\/12623"}],"wp:attachment":[{"href":"https:\/\/francelyme.fr\/site\/wp-json\/wp\/v2\/media?parent=12622"}],"wp:term":[{"taxonomy":"category","embeddable":true,"href":"https:\/\/francelyme.fr\/site\/wp-json\/wp\/v2\/categories?post=12622"},{"taxonomy":"post_tag","embeddable":true,"href":"https:\/\/francelyme.fr\/site\/wp-json\/wp\/v2\/tags?post=12622"}],"curies":[{"name":"wp","href":"https:\/\/api.w.org\/{rel}","templated":true}]}}