{"id":12639,"date":"2021-12-06T12:59:12","date_gmt":"2021-12-06T11:59:12","guid":{"rendered":"https:\/\/francelyme.fr\/site\/?p=12639"},"modified":"2021-12-06T12:59:13","modified_gmt":"2021-12-06T11:59:13","slug":"retour-en-images-sur-le-bel-elan-de-solidarite-a-pau","status":"publish","type":"post","link":"https:\/\/francelyme.fr\/site\/retour-en-images-sur-le-bel-elan-de-solidarite-a-pau\/","title":{"rendered":"Retour en images sur le bel \u00e9lan de solidarit\u00e9 \u00e0 Pau"},"content":{"rendered":"<div class=\"like-button\" style=\"float: right; clear: both; text-align: right; width = 100%;\">\n<!-- Facebook Like Button Vivacity Infotech BEGIN -->\n<div class=\"fb-like\" data-href=\"https:\/\/francelyme.fr\/site\/retour-en-images-sur-le-bel-elan-de-solidarite-a-pau\/\" data-layout=\"box_count\" data-action=\"like\" data-show-faces=\"false\" data-size=\"large\" data-width=\"450\" data-share=\"1\" ><\/div><\/div>\n<!-- Facebook Like Button Vivacity Infotech END -->\n<div id=\"fb-root\"><\/div>\n\n<p>Vendredi 26 novembre, France Lyme a \u00e9t\u00e9 convi\u00e9e \u00e0 l\u2019Assembl\u00e9e G\u00e9n\u00e9rale de l\u2019association Pau Pyr\u00e9n\u00e9es Aventure, qui nous a remis un ch\u00e8que de 1000\u20ac en reconnaissance de notre engagement et nos actions de pr\u00e9vention li\u00e9es aux maladies \u00e0 tiques.<\/p>\n\n\n\n<p>La pr\u00e9sidente, tous les membres du bureau, du Conseil d\u2019Administration, les membres actifs et tous les b\u00e9n\u00e9voles nationaux les remercient tr\u00e8s sinc\u00e8rement pour cet \u00e9lan de solidarit\u00e9.<\/p>\n\n\n\n<p>Michel. B, adh\u00e9rent France Lyme, s\u2019est rendu disponible lors de cette AG, nous le remercions \u00e9galement. <em><\/em><\/p>\n\n\n\n<p>Mais qui sont les membres de \u00ab&nbsp;Pau Pyr\u00e9n\u00e9es Aventure&nbsp;\u00bb&nbsp;:<\/p>\n\n\n\n<p>\u00ab&nbsp;En 2020, Pau Pyr\u00e9n\u00e9es Aventure compte soixante-dix adh\u00e9rents qui partage la m\u00eame passion : le sport nature.<\/p>\n\n\n\n<p>Sans se prendre la t\u00eate, mais en gardant toujours un bon esprit de comp\u00e9tition, ils participent \u00e0 de nombreuses Courses \u00e0 pied, Marathons, Trails et Ultra-Trails, Rando cyclo et VTT, Triathlon, Ski alpinisme ; \u00e0 des comp\u00e9titions comme la Pyr\u00e9n\u00e9a, le Tour du B\u00e9arn et pour certains, certaines \u00e0 des Raids Multisports (course \u00e0 pied, VTT, orientation, cano\u00e9, rollers, etc.\u2026)<\/p>\n\n\n\n<p>Ils se retrouvent aussi pour s\u2019entra\u00eener et passer de bons moments ensemble !&nbsp;\u00bb<\/p>\n\n\n\n<p><a href=\"https:\/\/paupyreneesaventure.jimdofree.com\/\">https:\/\/paupyreneesaventure.jimdofree.com\/<\/a><\/p>\n\n\n\n<p>En esp\u00e9rant se retrouver sur un bel \u00e9v\u00e8nement nature en 2022\u00a0!<\/p>\n\n\n\n<div class=\"wp-block-image\"><figure class=\"aligncenter size-large\"><img loading=\"lazy\" decoding=\"async\" width=\"768\" height=\"1024\" src=\"https:\/\/francelyme.fr\/site\/wp-content\/uploads\/2021\/12\/257625144_10226654071874082_7790843823535109875_n-768x1024.jpg\" alt=\"\" class=\"wp-image-12640\" srcset=\"https:\/\/francelyme.fr\/site\/wp-content\/uploads\/2021\/12\/257625144_10226654071874082_7790843823535109875_n-768x1024.jpg 768w, https:\/\/francelyme.fr\/site\/wp-content\/uploads\/2021\/12\/257625144_10226654071874082_7790843823535109875_n-225x300.jpg 225w, https:\/\/francelyme.fr\/site\/wp-content\/uploads\/2021\/12\/257625144_10226654071874082_7790843823535109875_n-1152x1536.jpg 1152w, https:\/\/francelyme.fr\/site\/wp-content\/uploads\/2021\/12\/257625144_10226654071874082_7790843823535109875_n-1320x1760.jpg 1320w, https:\/\/francelyme.fr\/site\/wp-content\/uploads\/2021\/12\/257625144_10226654071874082_7790843823535109875_n.jpg 1512w\" sizes=\"auto, (max-width: 768px) 100vw, 768px\" \/><\/figure><\/div>\n\n\n\n<div class=\"wp-block-image\"><figure class=\"aligncenter size-large\"><img loading=\"lazy\" decoding=\"async\" width=\"1024\" height=\"768\" src=\"https:\/\/francelyme.fr\/site\/wp-content\/uploads\/2021\/12\/259824323_10226654070874057_8933281375638399682_n-1024x768.jpg\" alt=\"\" class=\"wp-image-12641\" srcset=\"https:\/\/francelyme.fr\/site\/wp-content\/uploads\/2021\/12\/259824323_10226654070874057_8933281375638399682_n-1024x768.jpg 1024w, https:\/\/francelyme.fr\/site\/wp-content\/uploads\/2021\/12\/259824323_10226654070874057_8933281375638399682_n-300x225.jpg 300w, https:\/\/francelyme.fr\/site\/wp-content\/uploads\/2021\/12\/259824323_10226654070874057_8933281375638399682_n-768x576.jpg 768w, https:\/\/francelyme.fr\/site\/wp-content\/uploads\/2021\/12\/259824323_10226654070874057_8933281375638399682_n-1536x1152.jpg 1536w, https:\/\/francelyme.fr\/site\/wp-content\/uploads\/2021\/12\/259824323_10226654070874057_8933281375638399682_n-1320x990.jpg 1320w, https:\/\/francelyme.fr\/site\/wp-content\/uploads\/2021\/12\/259824323_10226654070874057_8933281375638399682_n.jpg 2016w\" sizes=\"auto, (max-width: 1024px) 100vw, 1024px\" \/><\/figure><\/div>\n\n\n\n<div class=\"wp-block-image\"><figure class=\"aligncenter size-large\"><img loading=\"lazy\" decoding=\"async\" width=\"1024\" height=\"498\" src=\"https:\/\/francelyme.fr\/site\/wp-content\/uploads\/2021\/12\/258584709_10226673821967822_1689923305274958206_n-1024x498.jpg\" alt=\"\" class=\"wp-image-12642\" srcset=\"https:\/\/francelyme.fr\/site\/wp-content\/uploads\/2021\/12\/258584709_10226673821967822_1689923305274958206_n-1024x498.jpg 1024w, https:\/\/francelyme.fr\/site\/wp-content\/uploads\/2021\/12\/258584709_10226673821967822_1689923305274958206_n-300x146.jpg 300w, https:\/\/francelyme.fr\/site\/wp-content\/uploads\/2021\/12\/258584709_10226673821967822_1689923305274958206_n-768x374.jpg 768w, https:\/\/francelyme.fr\/site\/wp-content\/uploads\/2021\/12\/258584709_10226673821967822_1689923305274958206_n-1536x747.jpg 1536w, https:\/\/francelyme.fr\/site\/wp-content\/uploads\/2021\/12\/258584709_10226673821967822_1689923305274958206_n-1320x642.jpg 1320w, https:\/\/francelyme.fr\/site\/wp-content\/uploads\/2021\/12\/258584709_10226673821967822_1689923305274958206_n.jpg 2048w\" sizes=\"auto, (max-width: 1024px) 100vw, 1024px\" \/><\/figure><\/div>\n<div class=\"like-button\" style=\"float: right; clear: both; text-align: right; width = 100%;\">\n<!-- Facebook Like Button Vivacity Infotech BEGIN -->\n<div class=\"fb-like\" data-href=\"https:\/\/francelyme.fr\/site\/retour-en-images-sur-le-bel-elan-de-solidarite-a-pau\/\" data-layout=\"box_count\" data-action=\"like\" data-show-faces=\"false\" data-size=\"large\" data-width=\"450\" data-share=\"1\" ><\/div><\/div>\n<!-- Facebook Like Button Vivacity Infotech END -->\n","protected":false},"excerpt":{"rendered":"","protected":false},"author":16,"featured_media":12640,"comment_status":"closed","ping_status":"open","sticky":false,"template":"","format":"standard","meta":{"footnotes":""},"categories":[61,60],"tags":[],"class_list":["post-12639","post","type-post","status-publish","format-standard","has-post-thumbnail","hentry","category-aquitaine","category-rencontres"],"yoast_head":"<!-- This site is optimized with the Yoast SEO plugin v27.3 - https:\/\/yoast.com\/product\/yoast-seo-wordpress\/ -->\n<title>Retour en images sur le bel \u00e9lan de solidarit\u00e9 \u00e0 Pau - Association France Lyme<\/title>\n<meta name=\"robots\" content=\"index, follow, max-snippet:-1, max-image-preview:large, max-video-preview:-1\" \/>\n<link rel=\"canonical\" href=\"https:\/\/francelyme.fr\/site\/retour-en-images-sur-le-bel-elan-de-solidarite-a-pau\/\" \/>\n<meta property=\"og:locale\" content=\"fr_FR\" \/>\n<meta property=\"og:type\" content=\"article\" \/>\n<meta property=\"og:title\" content=\"Retour en images sur le bel \u00e9lan de solidarit\u00e9 \u00e0 Pau - Association France Lyme\" \/>\n<meta property=\"og:url\" content=\"https:\/\/francelyme.fr\/site\/retour-en-images-sur-le-bel-elan-de-solidarite-a-pau\/\" \/>\n<meta property=\"og:site_name\" content=\"Association France Lyme\" \/>\n<meta property=\"article:publisher\" content=\"https:\/\/www.facebook.com\/france.lyme\" \/>\n<meta property=\"article:published_time\" content=\"2021-12-06T11:59:12+00:00\" \/>\n<meta property=\"article:modified_time\" content=\"2021-12-06T11:59:13+00:00\" \/>\n<meta property=\"og:image\" content=\"https:\/\/francelyme.fr\/site\/wp-content\/uploads\/2021\/12\/257625144_10226654071874082_7790843823535109875_n.jpg\" \/>\n\t<meta property=\"og:image:width\" content=\"1512\" \/>\n\t<meta property=\"og:image:height\" content=\"2016\" \/>\n\t<meta property=\"og:image:type\" content=\"image\/jpeg\" \/>\n<meta name=\"author\" content=\"Editeur\" \/>\n<meta name=\"twitter:card\" content=\"summary_large_image\" \/>\n<meta name=\"twitter:creator\" content=\"@francelyme\" \/>\n<meta name=\"twitter:site\" content=\"@francelyme\" \/>\n<meta name=\"twitter:label1\" content=\"\u00c9crit par\" \/>\n\t<meta name=\"twitter:data1\" content=\"Editeur\" \/>\n\t<meta name=\"twitter:label2\" content=\"Dur\u00e9e de lecture estim\u00e9e\" \/>\n\t<meta name=\"twitter:data2\" content=\"1 minute\" \/>\n<script type=\"application\/ld+json\" class=\"yoast-schema-graph\">{\"@context\":\"https:\\\/\\\/schema.org\",\"@graph\":[{\"@type\":\"Article\",\"@id\":\"https:\\\/\\\/francelyme.fr\\\/site\\\/retour-en-images-sur-le-bel-elan-de-solidarite-a-pau\\\/#article\",\"isPartOf\":{\"@id\":\"https:\\\/\\\/francelyme.fr\\\/site\\\/retour-en-images-sur-le-bel-elan-de-solidarite-a-pau\\\/\"},\"author\":{\"name\":\"Editeur\",\"@id\":\"https:\\\/\\\/francelyme.fr\\\/site\\\/#\\\/schema\\\/person\\\/b3a32c0e865447c2586961956f5d867e\"},\"headline\":\"Retour en images sur le bel \u00e9lan de solidarit\u00e9 \u00e0 Pau\",\"datePublished\":\"2021-12-06T11:59:12+00:00\",\"dateModified\":\"2021-12-06T11:59:13+00:00\",\"mainEntityOfPage\":{\"@id\":\"https:\\\/\\\/francelyme.fr\\\/site\\\/retour-en-images-sur-le-bel-elan-de-solidarite-a-pau\\\/\"},\"wordCount\":232,\"publisher\":{\"@id\":\"https:\\\/\\\/francelyme.fr\\\/site\\\/#organization\"},\"image\":{\"@id\":\"https:\\\/\\\/francelyme.fr\\\/site\\\/retour-en-images-sur-le-bel-elan-de-solidarite-a-pau\\\/#primaryimage\"},\"thumbnailUrl\":\"https:\\\/\\\/francelyme.fr\\\/site\\\/wp-content\\\/uploads\\\/2021\\\/12\\\/257625144_10226654071874082_7790843823535109875_n.jpg\",\"articleSection\":[\"Aquitaine\",\"Rencontres\"],\"inLanguage\":\"fr-FR\"},{\"@type\":\"WebPage\",\"@id\":\"https:\\\/\\\/francelyme.fr\\\/site\\\/retour-en-images-sur-le-bel-elan-de-solidarite-a-pau\\\/\",\"url\":\"https:\\\/\\\/francelyme.fr\\\/site\\\/retour-en-images-sur-le-bel-elan-de-solidarite-a-pau\\\/\",\"name\":\"Retour en images sur le bel \u00e9lan de solidarit\u00e9 \u00e0 Pau - Association France Lyme\",\"isPartOf\":{\"@id\":\"https:\\\/\\\/francelyme.fr\\\/site\\\/#website\"},\"primaryImageOfPage\":{\"@id\":\"https:\\\/\\\/francelyme.fr\\\/site\\\/retour-en-images-sur-le-bel-elan-de-solidarite-a-pau\\\/#primaryimage\"},\"image\":{\"@id\":\"https:\\\/\\\/francelyme.fr\\\/site\\\/retour-en-images-sur-le-bel-elan-de-solidarite-a-pau\\\/#primaryimage\"},\"thumbnailUrl\":\"https:\\\/\\\/francelyme.fr\\\/site\\\/wp-content\\\/uploads\\\/2021\\\/12\\\/257625144_10226654071874082_7790843823535109875_n.jpg\",\"datePublished\":\"2021-12-06T11:59:12+00:00\",\"dateModified\":\"2021-12-06T11:59:13+00:00\",\"breadcrumb\":{\"@id\":\"https:\\\/\\\/francelyme.fr\\\/site\\\/retour-en-images-sur-le-bel-elan-de-solidarite-a-pau\\\/#breadcrumb\"},\"inLanguage\":\"fr-FR\",\"potentialAction\":[{\"@type\":\"ReadAction\",\"target\":[\"https:\\\/\\\/francelyme.fr\\\/site\\\/retour-en-images-sur-le-bel-elan-de-solidarite-a-pau\\\/\"]}]},{\"@type\":\"ImageObject\",\"inLanguage\":\"fr-FR\",\"@id\":\"https:\\\/\\\/francelyme.fr\\\/site\\\/retour-en-images-sur-le-bel-elan-de-solidarite-a-pau\\\/#primaryimage\",\"url\":\"https:\\\/\\\/francelyme.fr\\\/site\\\/wp-content\\\/uploads\\\/2021\\\/12\\\/257625144_10226654071874082_7790843823535109875_n.jpg\",\"contentUrl\":\"https:\\\/\\\/francelyme.fr\\\/site\\\/wp-content\\\/uploads\\\/2021\\\/12\\\/257625144_10226654071874082_7790843823535109875_n.jpg\",\"width\":1512,\"height\":2016},{\"@type\":\"BreadcrumbList\",\"@id\":\"https:\\\/\\\/francelyme.fr\\\/site\\\/retour-en-images-sur-le-bel-elan-de-solidarite-a-pau\\\/#breadcrumb\",\"itemListElement\":[{\"@type\":\"ListItem\",\"position\":1,\"name\":\"Accueil\",\"item\":\"https:\\\/\\\/francelyme.fr\\\/site\\\/\"},{\"@type\":\"ListItem\",\"position\":2,\"name\":\"Retour en images sur le bel \u00e9lan de solidarit\u00e9 \u00e0 Pau\"}]},{\"@type\":\"WebSite\",\"@id\":\"https:\\\/\\\/francelyme.fr\\\/site\\\/#website\",\"url\":\"https:\\\/\\\/francelyme.fr\\\/site\\\/\",\"name\":\"Association France Lyme\",\"description\":\"Association de lutte contre les maladies vectorielles \u00e0 tiques\",\"publisher\":{\"@id\":\"https:\\\/\\\/francelyme.fr\\\/site\\\/#organization\"},\"potentialAction\":[{\"@type\":\"SearchAction\",\"target\":{\"@type\":\"EntryPoint\",\"urlTemplate\":\"https:\\\/\\\/francelyme.fr\\\/site\\\/?s={search_term_string}\"},\"query-input\":{\"@type\":\"PropertyValueSpecification\",\"valueRequired\":true,\"valueName\":\"search_term_string\"}}],\"inLanguage\":\"fr-FR\"},{\"@type\":\"Organization\",\"@id\":\"https:\\\/\\\/francelyme.fr\\\/site\\\/#organization\",\"name\":\"France Lyme\",\"url\":\"https:\\\/\\\/francelyme.fr\\\/site\\\/\",\"logo\":{\"@type\":\"ImageObject\",\"inLanguage\":\"fr-FR\",\"@id\":\"https:\\\/\\\/francelyme.fr\\\/site\\\/#\\\/schema\\\/logo\\\/image\\\/\",\"url\":\"https:\\\/\\\/francelyme.fr\\\/site\\\/wp-content\\\/uploads\\\/2019\\\/05\\\/francelyme-site.gif\",\"contentUrl\":\"https:\\\/\\\/francelyme.fr\\\/site\\\/wp-content\\\/uploads\\\/2019\\\/05\\\/francelyme-site.gif\",\"width\":180,\"height\":180,\"caption\":\"France Lyme\"},\"image\":{\"@id\":\"https:\\\/\\\/francelyme.fr\\\/site\\\/#\\\/schema\\\/logo\\\/image\\\/\"},\"sameAs\":[\"https:\\\/\\\/www.facebook.com\\\/france.lyme\",\"https:\\\/\\\/x.com\\\/francelyme\",\"https:\\\/\\\/www.youtube.com\\\/channel\\\/UClMCGl3dvkz0iAgXFR1NH1A\"]},{\"@type\":\"Person\",\"@id\":\"https:\\\/\\\/francelyme.fr\\\/site\\\/#\\\/schema\\\/person\\\/b3a32c0e865447c2586961956f5d867e\",\"name\":\"Editeur\",\"image\":{\"@type\":\"ImageObject\",\"inLanguage\":\"fr-FR\",\"@id\":\"https:\\\/\\\/secure.gravatar.com\\\/avatar\\\/ae207cee02bf4e66ec5abb92d4ccacaa0ad5f5d3d16fe7fcb393eda94bfbf2d2?s=96&d=mm&r=g\",\"url\":\"https:\\\/\\\/secure.gravatar.com\\\/avatar\\\/ae207cee02bf4e66ec5abb92d4ccacaa0ad5f5d3d16fe7fcb393eda94bfbf2d2?s=96&d=mm&r=g\",\"contentUrl\":\"https:\\\/\\\/secure.gravatar.com\\\/avatar\\\/ae207cee02bf4e66ec5abb92d4ccacaa0ad5f5d3d16fe7fcb393eda94bfbf2d2?s=96&d=mm&r=g\",\"caption\":\"Editeur\"},\"url\":\"https:\\\/\\\/francelyme.fr\\\/site\\\/author\\\/editeuradm\\\/\"}]}<\/script>\n<!-- \/ Yoast SEO plugin. -->","yoast_head_json":{"title":"Retour en images sur le bel \u00e9lan de solidarit\u00e9 \u00e0 Pau - Association France Lyme","robots":{"index":"index","follow":"follow","max-snippet":"max-snippet:-1","max-image-preview":"max-image-preview:large","max-video-preview":"max-video-preview:-1"},"canonical":"https:\/\/francelyme.fr\/site\/retour-en-images-sur-le-bel-elan-de-solidarite-a-pau\/","og_locale":"fr_FR","og_type":"article","og_title":"Retour en images sur le bel \u00e9lan de solidarit\u00e9 \u00e0 Pau - Association France Lyme","og_url":"https:\/\/francelyme.fr\/site\/retour-en-images-sur-le-bel-elan-de-solidarite-a-pau\/","og_site_name":"Association France Lyme","article_publisher":"https:\/\/www.facebook.com\/france.lyme","article_published_time":"2021-12-06T11:59:12+00:00","article_modified_time":"2021-12-06T11:59:13+00:00","og_image":[{"width":1512,"height":2016,"url":"https:\/\/francelyme.fr\/site\/wp-content\/uploads\/2021\/12\/257625144_10226654071874082_7790843823535109875_n.jpg","type":"image\/jpeg"}],"author":"Editeur","twitter_card":"summary_large_image","twitter_creator":"@francelyme","twitter_site":"@francelyme","twitter_misc":{"\u00c9crit par":"Editeur","Dur\u00e9e de lecture estim\u00e9e":"1 minute"},"schema":{"@context":"https:\/\/schema.org","@graph":[{"@type":"Article","@id":"https:\/\/francelyme.fr\/site\/retour-en-images-sur-le-bel-elan-de-solidarite-a-pau\/#article","isPartOf":{"@id":"https:\/\/francelyme.fr\/site\/retour-en-images-sur-le-bel-elan-de-solidarite-a-pau\/"},"author":{"name":"Editeur","@id":"https:\/\/francelyme.fr\/site\/#\/schema\/person\/b3a32c0e865447c2586961956f5d867e"},"headline":"Retour en images sur le bel \u00e9lan de solidarit\u00e9 \u00e0 Pau","datePublished":"2021-12-06T11:59:12+00:00","dateModified":"2021-12-06T11:59:13+00:00","mainEntityOfPage":{"@id":"https:\/\/francelyme.fr\/site\/retour-en-images-sur-le-bel-elan-de-solidarite-a-pau\/"},"wordCount":232,"publisher":{"@id":"https:\/\/francelyme.fr\/site\/#organization"},"image":{"@id":"https:\/\/francelyme.fr\/site\/retour-en-images-sur-le-bel-elan-de-solidarite-a-pau\/#primaryimage"},"thumbnailUrl":"https:\/\/francelyme.fr\/site\/wp-content\/uploads\/2021\/12\/257625144_10226654071874082_7790843823535109875_n.jpg","articleSection":["Aquitaine","Rencontres"],"inLanguage":"fr-FR"},{"@type":"WebPage","@id":"https:\/\/francelyme.fr\/site\/retour-en-images-sur-le-bel-elan-de-solidarite-a-pau\/","url":"https:\/\/francelyme.fr\/site\/retour-en-images-sur-le-bel-elan-de-solidarite-a-pau\/","name":"Retour en images sur le bel \u00e9lan de solidarit\u00e9 \u00e0 Pau - Association France Lyme","isPartOf":{"@id":"https:\/\/francelyme.fr\/site\/#website"},"primaryImageOfPage":{"@id":"https:\/\/francelyme.fr\/site\/retour-en-images-sur-le-bel-elan-de-solidarite-a-pau\/#primaryimage"},"image":{"@id":"https:\/\/francelyme.fr\/site\/retour-en-images-sur-le-bel-elan-de-solidarite-a-pau\/#primaryimage"},"thumbnailUrl":"https:\/\/francelyme.fr\/site\/wp-content\/uploads\/2021\/12\/257625144_10226654071874082_7790843823535109875_n.jpg","datePublished":"2021-12-06T11:59:12+00:00","dateModified":"2021-12-06T11:59:13+00:00","breadcrumb":{"@id":"https:\/\/francelyme.fr\/site\/retour-en-images-sur-le-bel-elan-de-solidarite-a-pau\/#breadcrumb"},"inLanguage":"fr-FR","potentialAction":[{"@type":"ReadAction","target":["https:\/\/francelyme.fr\/site\/retour-en-images-sur-le-bel-elan-de-solidarite-a-pau\/"]}]},{"@type":"ImageObject","inLanguage":"fr-FR","@id":"https:\/\/francelyme.fr\/site\/retour-en-images-sur-le-bel-elan-de-solidarite-a-pau\/#primaryimage","url":"https:\/\/francelyme.fr\/site\/wp-content\/uploads\/2021\/12\/257625144_10226654071874082_7790843823535109875_n.jpg","contentUrl":"https:\/\/francelyme.fr\/site\/wp-content\/uploads\/2021\/12\/257625144_10226654071874082_7790843823535109875_n.jpg","width":1512,"height":2016},{"@type":"BreadcrumbList","@id":"https:\/\/francelyme.fr\/site\/retour-en-images-sur-le-bel-elan-de-solidarite-a-pau\/#breadcrumb","itemListElement":[{"@type":"ListItem","position":1,"name":"Accueil","item":"https:\/\/francelyme.fr\/site\/"},{"@type":"ListItem","position":2,"name":"Retour en images sur le bel \u00e9lan de solidarit\u00e9 \u00e0 Pau"}]},{"@type":"WebSite","@id":"https:\/\/francelyme.fr\/site\/#website","url":"https:\/\/francelyme.fr\/site\/","name":"Association France Lyme","description":"Association de lutte contre les maladies vectorielles \u00e0 tiques","publisher":{"@id":"https:\/\/francelyme.fr\/site\/#organization"},"potentialAction":[{"@type":"SearchAction","target":{"@type":"EntryPoint","urlTemplate":"https:\/\/francelyme.fr\/site\/?s={search_term_string}"},"query-input":{"@type":"PropertyValueSpecification","valueRequired":true,"valueName":"search_term_string"}}],"inLanguage":"fr-FR"},{"@type":"Organization","@id":"https:\/\/francelyme.fr\/site\/#organization","name":"France Lyme","url":"https:\/\/francelyme.fr\/site\/","logo":{"@type":"ImageObject","inLanguage":"fr-FR","@id":"https:\/\/francelyme.fr\/site\/#\/schema\/logo\/image\/","url":"https:\/\/francelyme.fr\/site\/wp-content\/uploads\/2019\/05\/francelyme-site.gif","contentUrl":"https:\/\/francelyme.fr\/site\/wp-content\/uploads\/2019\/05\/francelyme-site.gif","width":180,"height":180,"caption":"France Lyme"},"image":{"@id":"https:\/\/francelyme.fr\/site\/#\/schema\/logo\/image\/"},"sameAs":["https:\/\/www.facebook.com\/france.lyme","https:\/\/x.com\/francelyme","https:\/\/www.youtube.com\/channel\/UClMCGl3dvkz0iAgXFR1NH1A"]},{"@type":"Person","@id":"https:\/\/francelyme.fr\/site\/#\/schema\/person\/b3a32c0e865447c2586961956f5d867e","name":"Editeur","image":{"@type":"ImageObject","inLanguage":"fr-FR","@id":"https:\/\/secure.gravatar.com\/avatar\/ae207cee02bf4e66ec5abb92d4ccacaa0ad5f5d3d16fe7fcb393eda94bfbf2d2?s=96&d=mm&r=g","url":"https:\/\/secure.gravatar.com\/avatar\/ae207cee02bf4e66ec5abb92d4ccacaa0ad5f5d3d16fe7fcb393eda94bfbf2d2?s=96&d=mm&r=g","contentUrl":"https:\/\/secure.gravatar.com\/avatar\/ae207cee02bf4e66ec5abb92d4ccacaa0ad5f5d3d16fe7fcb393eda94bfbf2d2?s=96&d=mm&r=g","caption":"Editeur"},"url":"https:\/\/francelyme.fr\/site\/author\/editeuradm\/"}]}},"_links":{"self":[{"href":"https:\/\/francelyme.fr\/site\/wp-json\/wp\/v2\/posts\/12639","targetHints":{"allow":["GET"]}}],"collection":[{"href":"https:\/\/francelyme.fr\/site\/wp-json\/wp\/v2\/posts"}],"about":[{"href":"https:\/\/francelyme.fr\/site\/wp-json\/wp\/v2\/types\/post"}],"author":[{"embeddable":true,"href":"https:\/\/francelyme.fr\/site\/wp-json\/wp\/v2\/users\/16"}],"replies":[{"embeddable":true,"href":"https:\/\/francelyme.fr\/site\/wp-json\/wp\/v2\/comments?post=12639"}],"version-history":[{"count":1,"href":"https:\/\/francelyme.fr\/site\/wp-json\/wp\/v2\/posts\/12639\/revisions"}],"predecessor-version":[{"id":12643,"href":"https:\/\/francelyme.fr\/site\/wp-json\/wp\/v2\/posts\/12639\/revisions\/12643"}],"wp:featuredmedia":[{"embeddable":true,"href":"https:\/\/francelyme.fr\/site\/wp-json\/wp\/v2\/media\/12640"}],"wp:attachment":[{"href":"https:\/\/francelyme.fr\/site\/wp-json\/wp\/v2\/media?parent=12639"}],"wp:term":[{"taxonomy":"category","embeddable":true,"href":"https:\/\/francelyme.fr\/site\/wp-json\/wp\/v2\/categories?post=12639"},{"taxonomy":"post_tag","embeddable":true,"href":"https:\/\/francelyme.fr\/site\/wp-json\/wp\/v2\/tags?post=12639"}],"curies":[{"name":"wp","href":"https:\/\/api.w.org\/{rel}","templated":true}]}}