{"id":12765,"date":"2022-03-02T13:16:47","date_gmt":"2022-03-02T12:16:47","guid":{"rendered":"https:\/\/francelyme.fr\/site\/?p=12765"},"modified":"2022-03-02T13:16:48","modified_gmt":"2022-03-02T12:16:48","slug":"retour-en-images-sur-la-rencontre-a-chartres-de-bretagne-le-05-fevrier-2022","status":"publish","type":"post","link":"https:\/\/francelyme.fr\/site\/retour-en-images-sur-la-rencontre-a-chartres-de-bretagne-le-05-fevrier-2022\/","title":{"rendered":"Retour en images sur la rencontre \u00e0 Chartres de Bretagne le 05 f\u00e9vrier 2022"},"content":{"rendered":"<div class=\"like-button\" style=\"float: right; clear: both; text-align: right; width = 100%;\">\n<!-- Facebook Like Button Vivacity Infotech BEGIN -->\n<div class=\"fb-like\" data-href=\"https:\/\/francelyme.fr\/site\/retour-en-images-sur-la-rencontre-a-chartres-de-bretagne-le-05-fevrier-2022\/\" data-layout=\"box_count\" data-action=\"like\" data-show-faces=\"false\" data-size=\"large\" data-width=\"450\" data-share=\"1\" ><\/div><\/div>\n<!-- Facebook Like Button Vivacity Infotech END -->\n<div id=\"fb-root\"><\/div>\n\n<p>Animer une r\u00e9union fut une premi\u00e8re pour moi. Du coup, le faible nombre de participants a finalement \u00e9t\u00e9 plut\u00f4t rassurant. J\u2019esp\u00e8re bien s\u00fbr que progressivement la participation s\u2019\u00e9toffera. Je vois ces \u00ab caf\u00e9s Lyme \u00bb comme un moment privil\u00e9gi\u00e9 o\u00f9 les personnes peuvent s&rsquo;exprimer sur leur v\u00e9cu ou l&rsquo;exp\u00e9rience de la maladie souvent tr\u00e8s lourde, en toute libert\u00e9 et sans crainte de jugement.<\/p>\n\n\n\n<p>J&rsquo;ai pr\u00e9sent\u00e9 l\u2019association , puis chacun\u00a0 a expos\u00e9 son parcours avec son lot de souffrances. On retrouve les m\u00eames sch\u00e9mas r\u00e9currents\u00a0: errance m\u00e9dicale, parcours de \u00ab dingue \u00bb, chaotique, avec ce que l\u2019on pourrait appeler de la maltraitance m\u00e9dicale (propos de m\u00e9decin offensant).<br><br>Ce qui est marquant chez toutes ces personnes, c\u2019est leur courage, leur \u00e9nergie (cela peut para\u00eetre paradoxal quand g\u00e9n\u00e9ralement la fatigue est omnipr\u00e9sente), leur d\u00e9termination, pour trouver un soulagement et leur r\u00e9silience. Elles ont une \u00e9norme volont\u00e9 de gu\u00e9rir ou d\u2019aider un proche malade. Des moyens gigantesques sont mis en \u0153uvre : d\u00e9placements sur de longues distances pour trouver le bon m\u00e9decin, recherches de renseignement chronophage (livres, internet\u2026) d\u00e9penses importantes dans des m\u00e9dicaments&#8230;<br><\/p>\n\n\n\n<p>H\u00e9las, tous ses efforts ne sont parfois pas r\u00e9compens\u00e9s. C\u2019est avec grande \u00e9motion que nous avons \u00e9cout\u00e9 Th\u00e9r\u00e8se qui nous a parl\u00e9 du d\u00e9c\u00e8s de sa fille apr\u00e8s un long combat. Et ce, malgr\u00e9 l\u2019intervention mais trop tardive du Pr Perronne, dont elle a lou\u00e9 la grande humanit\u00e9. M\u00eame abn\u00e9gation pour M\u00e9lanie qui lutte \u00e0 la fois pour elle et son fils.<\/p>\n\n\n\n<p>Ces t\u00e9moignages m\u2019ont amen\u00e9 \u00e0 r\u00e9fl\u00e9chir sur la mani\u00e8re d&rsquo;acqu\u00e9rir une formation de guerrier. Car c\u2019est bien de cela qu\u2019il s\u2019agit devenir un guerrier pour se battre continuellement. Se battre contre la maladie, les dogmes, les pr\u00e9jug\u00e9s, la vision officielle m\u00e9dicale, la s\u00e9cu \u2026 La liste est interminable.<\/p>\n\n\n\n<p>Autres sujets abord\u00e9s :<\/p>\n\n\n\n<p>&#8211; Comment parler de la pr\u00e9vention sans cr\u00e9er de psychose ?<\/p>\n\n\n\n<p>&#8211; Les ch\u00e9lations : Elles doivent \u00eatre faites correctement, attention danger avec des praticiens non-professionnel.<\/p>\n\n\n\n<p>&#8211; Les tests : Faire passer son sang pour celui d\u2019un cheval pour avoir un test v\u00e9t\u00e9rinaire plus fiable.<\/p>\n\n\n\n<p>&#8211; \u00c9lectrosensibilit\u00e9 : Test s\u00fbr \u00e0 Nantes<\/p>\n\n\n\n<p>&#8211; La fibromyalgie toujours \u00e9voqu\u00e9e en cas d\u2019incompr\u00e9hension de certains sympt\u00f4mes (c\u2019est la boite fourre-tout.).<\/p>\n\n\n\n<p>&#8211; Les troubles cognitifs : pep scan \u00e0 Cr\u00e9teil<\/p>\n\n\n\n<p>&#8211; La recherche : Point fondamental, sans elle pas d\u2019\u00e9volution possible. Une id\u00e9e a \u00e9t\u00e9 \u00e9mise de constituer deux caisses \u00e0 France Lyme : une pour l\u2019association, l\u2019autre pour constituer un fond pour la recherche.<br>&#8211; La capitalisation, le suivi : constituer une banque de donn\u00e9es des personnes gu\u00e9ries.<\/p>\n\n\n\n<p>&#8211; Le changement des mentalit\u00e9s des gens en g\u00e9n\u00e9ral \u00e9volue plut\u00f4t bien, avec une prise de conscience du danger des tiques.<\/p>\n\n\n\n<p>&#8211; Le manque de m\u00e9decin : La disparition progressive des m\u00e9decins connaissant le Lyme chronique et pouvant prescrire des antibiotiques, ajoute des difficult\u00e9s suppl\u00e9mentaires pour se soigner.<\/p>\n\n\n\n<p>Cette premi\u00e8re r\u00e9union est encourageante. La faible participation peut s\u2019expliquer par la crainte du contr\u00f4le du pass vaccinal. Les questions sur le sujet par t\u00e9l\u00e9phone ou par mail en t\u00e9moignent.<\/p>\n\n\n\n<p>Apr\u00e8s la fermeture de la salle, les discussions ont continu\u00e9s \u00e0 l\u2019ext\u00e9rieur pendant plus d\u2019une demi-heure pour certains, mettant en \u00e9vidence le temps trop court de 2 heures.<\/p>\n\n\n\n<p>Je pense faire un nouveau \u00ab caf\u00e9 Lyme \u00bb le samedi 26 mars.<\/p>\n\n\n\n<p>Pascal<\/p>\n\n\n\n<div class=\"wp-block-image\"><figure class=\"aligncenter size-large\"><img loading=\"lazy\" decoding=\"async\" width=\"1024\" height=\"768\" src=\"https:\/\/francelyme.fr\/site\/wp-content\/uploads\/2022\/03\/Image2-1024x768.jpg\" alt=\"\" class=\"wp-image-12766\" srcset=\"https:\/\/francelyme.fr\/site\/wp-content\/uploads\/2022\/03\/Image2-1024x768.jpg 1024w, https:\/\/francelyme.fr\/site\/wp-content\/uploads\/2022\/03\/Image2-300x225.jpg 300w, https:\/\/francelyme.fr\/site\/wp-content\/uploads\/2022\/03\/Image2-768x576.jpg 768w, https:\/\/francelyme.fr\/site\/wp-content\/uploads\/2022\/03\/Image2.jpg 1124w\" sizes=\"auto, (max-width: 1024px) 100vw, 1024px\" \/><\/figure><\/div>\n<div class=\"like-button\" style=\"float: right; clear: both; text-align: right; width = 100%;\">\n<!-- Facebook Like Button Vivacity Infotech BEGIN -->\n<div class=\"fb-like\" data-href=\"https:\/\/francelyme.fr\/site\/retour-en-images-sur-la-rencontre-a-chartres-de-bretagne-le-05-fevrier-2022\/\" data-layout=\"box_count\" data-action=\"like\" data-show-faces=\"false\" data-size=\"large\" data-width=\"450\" data-share=\"1\" ><\/div><\/div>\n<!-- Facebook Like Button Vivacity Infotech END -->\n","protected":false},"excerpt":{"rendered":"","protected":false},"author":16,"featured_media":12766,"comment_status":"closed","ping_status":"open","sticky":false,"template":"","format":"standard","meta":{"footnotes":""},"categories":[58,60],"tags":[],"class_list":["post-12765","post","type-post","status-publish","format-standard","has-post-thumbnail","hentry","category-bretagne","category-rencontres"],"yoast_head":"<!-- This site is optimized with the Yoast SEO plugin v27.5 - https:\/\/yoast.com\/product\/yoast-seo-wordpress\/ -->\n<title>Retour en images sur la rencontre \u00e0 Chartres de Bretagne le 05 f\u00e9vrier 2022 - Association France Lyme<\/title>\n<meta name=\"robots\" content=\"index, follow, max-snippet:-1, max-image-preview:large, max-video-preview:-1\" \/>\n<link rel=\"canonical\" href=\"https:\/\/francelyme.fr\/site\/retour-en-images-sur-la-rencontre-a-chartres-de-bretagne-le-05-fevrier-2022\/\" \/>\n<meta property=\"og:locale\" content=\"fr_FR\" \/>\n<meta property=\"og:type\" content=\"article\" \/>\n<meta property=\"og:title\" content=\"Retour en images sur la rencontre \u00e0 Chartres de Bretagne le 05 f\u00e9vrier 2022 - Association France Lyme\" \/>\n<meta property=\"og:url\" content=\"https:\/\/francelyme.fr\/site\/retour-en-images-sur-la-rencontre-a-chartres-de-bretagne-le-05-fevrier-2022\/\" \/>\n<meta property=\"og:site_name\" content=\"Association France Lyme\" \/>\n<meta property=\"article:publisher\" content=\"https:\/\/www.facebook.com\/france.lyme\" \/>\n<meta property=\"article:published_time\" content=\"2022-03-02T12:16:47+00:00\" \/>\n<meta property=\"article:modified_time\" content=\"2022-03-02T12:16:48+00:00\" \/>\n<meta property=\"og:image\" content=\"https:\/\/francelyme.fr\/site\/wp-content\/uploads\/2022\/03\/Image2.jpg\" \/>\n\t<meta property=\"og:image:width\" content=\"1124\" \/>\n\t<meta property=\"og:image:height\" content=\"843\" \/>\n\t<meta property=\"og:image:type\" content=\"image\/jpeg\" \/>\n<meta name=\"author\" content=\"Editeur\" \/>\n<meta name=\"twitter:card\" content=\"summary_large_image\" \/>\n<meta name=\"twitter:creator\" content=\"@francelyme\" \/>\n<meta name=\"twitter:site\" content=\"@francelyme\" \/>\n<meta name=\"twitter:label1\" content=\"\u00c9crit par\" \/>\n\t<meta name=\"twitter:data1\" content=\"Editeur\" \/>\n\t<meta name=\"twitter:label2\" content=\"Dur\u00e9e de lecture estim\u00e9e\" \/>\n\t<meta name=\"twitter:data2\" content=\"3 minutes\" \/>\n<script type=\"application\/ld+json\" class=\"yoast-schema-graph\">{\"@context\":\"https:\\\/\\\/schema.org\",\"@graph\":[{\"@type\":\"Article\",\"@id\":\"https:\\\/\\\/francelyme.fr\\\/site\\\/retour-en-images-sur-la-rencontre-a-chartres-de-bretagne-le-05-fevrier-2022\\\/#article\",\"isPartOf\":{\"@id\":\"https:\\\/\\\/francelyme.fr\\\/site\\\/retour-en-images-sur-la-rencontre-a-chartres-de-bretagne-le-05-fevrier-2022\\\/\"},\"author\":{\"name\":\"Editeur\",\"@id\":\"https:\\\/\\\/francelyme.fr\\\/site\\\/#\\\/schema\\\/person\\\/b3a32c0e865447c2586961956f5d867e\"},\"headline\":\"Retour en images sur la rencontre \u00e0 Chartres de Bretagne le 05 f\u00e9vrier 2022\",\"datePublished\":\"2022-03-02T12:16:47+00:00\",\"dateModified\":\"2022-03-02T12:16:48+00:00\",\"mainEntityOfPage\":{\"@id\":\"https:\\\/\\\/francelyme.fr\\\/site\\\/retour-en-images-sur-la-rencontre-a-chartres-de-bretagne-le-05-fevrier-2022\\\/\"},\"wordCount\":627,\"publisher\":{\"@id\":\"https:\\\/\\\/francelyme.fr\\\/site\\\/#organization\"},\"image\":{\"@id\":\"https:\\\/\\\/francelyme.fr\\\/site\\\/retour-en-images-sur-la-rencontre-a-chartres-de-bretagne-le-05-fevrier-2022\\\/#primaryimage\"},\"thumbnailUrl\":\"https:\\\/\\\/francelyme.fr\\\/site\\\/wp-content\\\/uploads\\\/2022\\\/03\\\/Image2.jpg\",\"articleSection\":[\"Bretagne\",\"Rencontres\"],\"inLanguage\":\"fr-FR\"},{\"@type\":\"WebPage\",\"@id\":\"https:\\\/\\\/francelyme.fr\\\/site\\\/retour-en-images-sur-la-rencontre-a-chartres-de-bretagne-le-05-fevrier-2022\\\/\",\"url\":\"https:\\\/\\\/francelyme.fr\\\/site\\\/retour-en-images-sur-la-rencontre-a-chartres-de-bretagne-le-05-fevrier-2022\\\/\",\"name\":\"Retour en images sur la rencontre \u00e0 Chartres de Bretagne le 05 f\u00e9vrier 2022 - Association France Lyme\",\"isPartOf\":{\"@id\":\"https:\\\/\\\/francelyme.fr\\\/site\\\/#website\"},\"primaryImageOfPage\":{\"@id\":\"https:\\\/\\\/francelyme.fr\\\/site\\\/retour-en-images-sur-la-rencontre-a-chartres-de-bretagne-le-05-fevrier-2022\\\/#primaryimage\"},\"image\":{\"@id\":\"https:\\\/\\\/francelyme.fr\\\/site\\\/retour-en-images-sur-la-rencontre-a-chartres-de-bretagne-le-05-fevrier-2022\\\/#primaryimage\"},\"thumbnailUrl\":\"https:\\\/\\\/francelyme.fr\\\/site\\\/wp-content\\\/uploads\\\/2022\\\/03\\\/Image2.jpg\",\"datePublished\":\"2022-03-02T12:16:47+00:00\",\"dateModified\":\"2022-03-02T12:16:48+00:00\",\"breadcrumb\":{\"@id\":\"https:\\\/\\\/francelyme.fr\\\/site\\\/retour-en-images-sur-la-rencontre-a-chartres-de-bretagne-le-05-fevrier-2022\\\/#breadcrumb\"},\"inLanguage\":\"fr-FR\",\"potentialAction\":[{\"@type\":\"ReadAction\",\"target\":[\"https:\\\/\\\/francelyme.fr\\\/site\\\/retour-en-images-sur-la-rencontre-a-chartres-de-bretagne-le-05-fevrier-2022\\\/\"]}]},{\"@type\":\"ImageObject\",\"inLanguage\":\"fr-FR\",\"@id\":\"https:\\\/\\\/francelyme.fr\\\/site\\\/retour-en-images-sur-la-rencontre-a-chartres-de-bretagne-le-05-fevrier-2022\\\/#primaryimage\",\"url\":\"https:\\\/\\\/francelyme.fr\\\/site\\\/wp-content\\\/uploads\\\/2022\\\/03\\\/Image2.jpg\",\"contentUrl\":\"https:\\\/\\\/francelyme.fr\\\/site\\\/wp-content\\\/uploads\\\/2022\\\/03\\\/Image2.jpg\",\"width\":1124,\"height\":843},{\"@type\":\"BreadcrumbList\",\"@id\":\"https:\\\/\\\/francelyme.fr\\\/site\\\/retour-en-images-sur-la-rencontre-a-chartres-de-bretagne-le-05-fevrier-2022\\\/#breadcrumb\",\"itemListElement\":[{\"@type\":\"ListItem\",\"position\":1,\"name\":\"Accueil\",\"item\":\"https:\\\/\\\/francelyme.fr\\\/site\\\/\"},{\"@type\":\"ListItem\",\"position\":2,\"name\":\"Retour en images sur la rencontre \u00e0 Chartres de Bretagne le 05 f\u00e9vrier 2022\"}]},{\"@type\":\"WebSite\",\"@id\":\"https:\\\/\\\/francelyme.fr\\\/site\\\/#website\",\"url\":\"https:\\\/\\\/francelyme.fr\\\/site\\\/\",\"name\":\"Association France Lyme\",\"description\":\"Association de lutte contre les maladies vectorielles \u00e0 tiques\",\"publisher\":{\"@id\":\"https:\\\/\\\/francelyme.fr\\\/site\\\/#organization\"},\"potentialAction\":[{\"@type\":\"SearchAction\",\"target\":{\"@type\":\"EntryPoint\",\"urlTemplate\":\"https:\\\/\\\/francelyme.fr\\\/site\\\/?s={search_term_string}\"},\"query-input\":{\"@type\":\"PropertyValueSpecification\",\"valueRequired\":true,\"valueName\":\"search_term_string\"}}],\"inLanguage\":\"fr-FR\"},{\"@type\":\"Organization\",\"@id\":\"https:\\\/\\\/francelyme.fr\\\/site\\\/#organization\",\"name\":\"France Lyme\",\"url\":\"https:\\\/\\\/francelyme.fr\\\/site\\\/\",\"logo\":{\"@type\":\"ImageObject\",\"inLanguage\":\"fr-FR\",\"@id\":\"https:\\\/\\\/francelyme.fr\\\/site\\\/#\\\/schema\\\/logo\\\/image\\\/\",\"url\":\"https:\\\/\\\/francelyme.fr\\\/site\\\/wp-content\\\/uploads\\\/2019\\\/05\\\/francelyme-site.gif\",\"contentUrl\":\"https:\\\/\\\/francelyme.fr\\\/site\\\/wp-content\\\/uploads\\\/2019\\\/05\\\/francelyme-site.gif\",\"width\":180,\"height\":180,\"caption\":\"France Lyme\"},\"image\":{\"@id\":\"https:\\\/\\\/francelyme.fr\\\/site\\\/#\\\/schema\\\/logo\\\/image\\\/\"},\"sameAs\":[\"https:\\\/\\\/www.facebook.com\\\/france.lyme\",\"https:\\\/\\\/x.com\\\/francelyme\",\"https:\\\/\\\/www.youtube.com\\\/channel\\\/UClMCGl3dvkz0iAgXFR1NH1A\"]},{\"@type\":\"Person\",\"@id\":\"https:\\\/\\\/francelyme.fr\\\/site\\\/#\\\/schema\\\/person\\\/b3a32c0e865447c2586961956f5d867e\",\"name\":\"Editeur\",\"image\":{\"@type\":\"ImageObject\",\"inLanguage\":\"fr-FR\",\"@id\":\"https:\\\/\\\/secure.gravatar.com\\\/avatar\\\/ae207cee02bf4e66ec5abb92d4ccacaa0ad5f5d3d16fe7fcb393eda94bfbf2d2?s=96&d=mm&r=g\",\"url\":\"https:\\\/\\\/secure.gravatar.com\\\/avatar\\\/ae207cee02bf4e66ec5abb92d4ccacaa0ad5f5d3d16fe7fcb393eda94bfbf2d2?s=96&d=mm&r=g\",\"contentUrl\":\"https:\\\/\\\/secure.gravatar.com\\\/avatar\\\/ae207cee02bf4e66ec5abb92d4ccacaa0ad5f5d3d16fe7fcb393eda94bfbf2d2?s=96&d=mm&r=g\",\"caption\":\"Editeur\"},\"url\":\"https:\\\/\\\/francelyme.fr\\\/site\\\/author\\\/editeuradm\\\/\"}]}<\/script>\n<!-- \/ Yoast SEO plugin. -->","yoast_head_json":{"title":"Retour en images sur la rencontre \u00e0 Chartres de Bretagne le 05 f\u00e9vrier 2022 - Association France Lyme","robots":{"index":"index","follow":"follow","max-snippet":"max-snippet:-1","max-image-preview":"max-image-preview:large","max-video-preview":"max-video-preview:-1"},"canonical":"https:\/\/francelyme.fr\/site\/retour-en-images-sur-la-rencontre-a-chartres-de-bretagne-le-05-fevrier-2022\/","og_locale":"fr_FR","og_type":"article","og_title":"Retour en images sur la rencontre \u00e0 Chartres de Bretagne le 05 f\u00e9vrier 2022 - Association France Lyme","og_url":"https:\/\/francelyme.fr\/site\/retour-en-images-sur-la-rencontre-a-chartres-de-bretagne-le-05-fevrier-2022\/","og_site_name":"Association France Lyme","article_publisher":"https:\/\/www.facebook.com\/france.lyme","article_published_time":"2022-03-02T12:16:47+00:00","article_modified_time":"2022-03-02T12:16:48+00:00","og_image":[{"width":1124,"height":843,"url":"https:\/\/francelyme.fr\/site\/wp-content\/uploads\/2022\/03\/Image2.jpg","type":"image\/jpeg"}],"author":"Editeur","twitter_card":"summary_large_image","twitter_creator":"@francelyme","twitter_site":"@francelyme","twitter_misc":{"\u00c9crit par":"Editeur","Dur\u00e9e de lecture estim\u00e9e":"3 minutes"},"schema":{"@context":"https:\/\/schema.org","@graph":[{"@type":"Article","@id":"https:\/\/francelyme.fr\/site\/retour-en-images-sur-la-rencontre-a-chartres-de-bretagne-le-05-fevrier-2022\/#article","isPartOf":{"@id":"https:\/\/francelyme.fr\/site\/retour-en-images-sur-la-rencontre-a-chartres-de-bretagne-le-05-fevrier-2022\/"},"author":{"name":"Editeur","@id":"https:\/\/francelyme.fr\/site\/#\/schema\/person\/b3a32c0e865447c2586961956f5d867e"},"headline":"Retour en images sur la rencontre \u00e0 Chartres de Bretagne le 05 f\u00e9vrier 2022","datePublished":"2022-03-02T12:16:47+00:00","dateModified":"2022-03-02T12:16:48+00:00","mainEntityOfPage":{"@id":"https:\/\/francelyme.fr\/site\/retour-en-images-sur-la-rencontre-a-chartres-de-bretagne-le-05-fevrier-2022\/"},"wordCount":627,"publisher":{"@id":"https:\/\/francelyme.fr\/site\/#organization"},"image":{"@id":"https:\/\/francelyme.fr\/site\/retour-en-images-sur-la-rencontre-a-chartres-de-bretagne-le-05-fevrier-2022\/#primaryimage"},"thumbnailUrl":"https:\/\/francelyme.fr\/site\/wp-content\/uploads\/2022\/03\/Image2.jpg","articleSection":["Bretagne","Rencontres"],"inLanguage":"fr-FR"},{"@type":"WebPage","@id":"https:\/\/francelyme.fr\/site\/retour-en-images-sur-la-rencontre-a-chartres-de-bretagne-le-05-fevrier-2022\/","url":"https:\/\/francelyme.fr\/site\/retour-en-images-sur-la-rencontre-a-chartres-de-bretagne-le-05-fevrier-2022\/","name":"Retour en images sur la rencontre \u00e0 Chartres de Bretagne le 05 f\u00e9vrier 2022 - Association France Lyme","isPartOf":{"@id":"https:\/\/francelyme.fr\/site\/#website"},"primaryImageOfPage":{"@id":"https:\/\/francelyme.fr\/site\/retour-en-images-sur-la-rencontre-a-chartres-de-bretagne-le-05-fevrier-2022\/#primaryimage"},"image":{"@id":"https:\/\/francelyme.fr\/site\/retour-en-images-sur-la-rencontre-a-chartres-de-bretagne-le-05-fevrier-2022\/#primaryimage"},"thumbnailUrl":"https:\/\/francelyme.fr\/site\/wp-content\/uploads\/2022\/03\/Image2.jpg","datePublished":"2022-03-02T12:16:47+00:00","dateModified":"2022-03-02T12:16:48+00:00","breadcrumb":{"@id":"https:\/\/francelyme.fr\/site\/retour-en-images-sur-la-rencontre-a-chartres-de-bretagne-le-05-fevrier-2022\/#breadcrumb"},"inLanguage":"fr-FR","potentialAction":[{"@type":"ReadAction","target":["https:\/\/francelyme.fr\/site\/retour-en-images-sur-la-rencontre-a-chartres-de-bretagne-le-05-fevrier-2022\/"]}]},{"@type":"ImageObject","inLanguage":"fr-FR","@id":"https:\/\/francelyme.fr\/site\/retour-en-images-sur-la-rencontre-a-chartres-de-bretagne-le-05-fevrier-2022\/#primaryimage","url":"https:\/\/francelyme.fr\/site\/wp-content\/uploads\/2022\/03\/Image2.jpg","contentUrl":"https:\/\/francelyme.fr\/site\/wp-content\/uploads\/2022\/03\/Image2.jpg","width":1124,"height":843},{"@type":"BreadcrumbList","@id":"https:\/\/francelyme.fr\/site\/retour-en-images-sur-la-rencontre-a-chartres-de-bretagne-le-05-fevrier-2022\/#breadcrumb","itemListElement":[{"@type":"ListItem","position":1,"name":"Accueil","item":"https:\/\/francelyme.fr\/site\/"},{"@type":"ListItem","position":2,"name":"Retour en images sur la rencontre \u00e0 Chartres de Bretagne le 05 f\u00e9vrier 2022"}]},{"@type":"WebSite","@id":"https:\/\/francelyme.fr\/site\/#website","url":"https:\/\/francelyme.fr\/site\/","name":"Association France Lyme","description":"Association de lutte contre les maladies vectorielles \u00e0 tiques","publisher":{"@id":"https:\/\/francelyme.fr\/site\/#organization"},"potentialAction":[{"@type":"SearchAction","target":{"@type":"EntryPoint","urlTemplate":"https:\/\/francelyme.fr\/site\/?s={search_term_string}"},"query-input":{"@type":"PropertyValueSpecification","valueRequired":true,"valueName":"search_term_string"}}],"inLanguage":"fr-FR"},{"@type":"Organization","@id":"https:\/\/francelyme.fr\/site\/#organization","name":"France Lyme","url":"https:\/\/francelyme.fr\/site\/","logo":{"@type":"ImageObject","inLanguage":"fr-FR","@id":"https:\/\/francelyme.fr\/site\/#\/schema\/logo\/image\/","url":"https:\/\/francelyme.fr\/site\/wp-content\/uploads\/2019\/05\/francelyme-site.gif","contentUrl":"https:\/\/francelyme.fr\/site\/wp-content\/uploads\/2019\/05\/francelyme-site.gif","width":180,"height":180,"caption":"France Lyme"},"image":{"@id":"https:\/\/francelyme.fr\/site\/#\/schema\/logo\/image\/"},"sameAs":["https:\/\/www.facebook.com\/france.lyme","https:\/\/x.com\/francelyme","https:\/\/www.youtube.com\/channel\/UClMCGl3dvkz0iAgXFR1NH1A"]},{"@type":"Person","@id":"https:\/\/francelyme.fr\/site\/#\/schema\/person\/b3a32c0e865447c2586961956f5d867e","name":"Editeur","image":{"@type":"ImageObject","inLanguage":"fr-FR","@id":"https:\/\/secure.gravatar.com\/avatar\/ae207cee02bf4e66ec5abb92d4ccacaa0ad5f5d3d16fe7fcb393eda94bfbf2d2?s=96&d=mm&r=g","url":"https:\/\/secure.gravatar.com\/avatar\/ae207cee02bf4e66ec5abb92d4ccacaa0ad5f5d3d16fe7fcb393eda94bfbf2d2?s=96&d=mm&r=g","contentUrl":"https:\/\/secure.gravatar.com\/avatar\/ae207cee02bf4e66ec5abb92d4ccacaa0ad5f5d3d16fe7fcb393eda94bfbf2d2?s=96&d=mm&r=g","caption":"Editeur"},"url":"https:\/\/francelyme.fr\/site\/author\/editeuradm\/"}]}},"_links":{"self":[{"href":"https:\/\/francelyme.fr\/site\/wp-json\/wp\/v2\/posts\/12765","targetHints":{"allow":["GET"]}}],"collection":[{"href":"https:\/\/francelyme.fr\/site\/wp-json\/wp\/v2\/posts"}],"about":[{"href":"https:\/\/francelyme.fr\/site\/wp-json\/wp\/v2\/types\/post"}],"author":[{"embeddable":true,"href":"https:\/\/francelyme.fr\/site\/wp-json\/wp\/v2\/users\/16"}],"replies":[{"embeddable":true,"href":"https:\/\/francelyme.fr\/site\/wp-json\/wp\/v2\/comments?post=12765"}],"version-history":[{"count":1,"href":"https:\/\/francelyme.fr\/site\/wp-json\/wp\/v2\/posts\/12765\/revisions"}],"predecessor-version":[{"id":12767,"href":"https:\/\/francelyme.fr\/site\/wp-json\/wp\/v2\/posts\/12765\/revisions\/12767"}],"wp:featuredmedia":[{"embeddable":true,"href":"https:\/\/francelyme.fr\/site\/wp-json\/wp\/v2\/media\/12766"}],"wp:attachment":[{"href":"https:\/\/francelyme.fr\/site\/wp-json\/wp\/v2\/media?parent=12765"}],"wp:term":[{"taxonomy":"category","embeddable":true,"href":"https:\/\/francelyme.fr\/site\/wp-json\/wp\/v2\/categories?post=12765"},{"taxonomy":"post_tag","embeddable":true,"href":"https:\/\/francelyme.fr\/site\/wp-json\/wp\/v2\/tags?post=12765"}],"curies":[{"name":"wp","href":"https:\/\/api.w.org\/{rel}","templated":true}]}}