{"id":12992,"date":"2022-05-19T16:50:10","date_gmt":"2022-05-19T14:50:10","guid":{"rendered":"https:\/\/francelyme.fr\/site\/?p=12992"},"modified":"2022-05-24T22:25:21","modified_gmt":"2022-05-24T20:25:21","slug":"lyme-protest-a-chalon-sur-saone-21-mai","status":"publish","type":"post","link":"https:\/\/francelyme.fr\/site\/lyme-protest-a-chalon-sur-saone-21-mai\/","title":{"rendered":"Lyme Protest \u00e0 Chalon sur Sa\u00f4ne &#8211; 21 mai"},"content":{"rendered":"<div class=\"like-button\" style=\"float: right; clear: both; text-align: right; width = 100%;\">\n<!-- Facebook Like Button Vivacity Infotech BEGIN -->\n<div class=\"fb-like\" data-href=\"https:\/\/francelyme.fr\/site\/lyme-protest-a-chalon-sur-saone-21-mai\/\" data-layout=\"box_count\" data-action=\"like\" data-show-faces=\"false\" data-size=\"large\" data-width=\"450\" data-share=\"1\" ><\/div><\/div>\n<!-- Facebook Like Button Vivacity Infotech END -->\n<div id=\"fb-root\"><\/div>\n\n<p>Tous les lym\u00e9s sont invit\u00e9s \u00e0 participer au Lyme Protest, \u00e9v\u00e8nement de mobilisation contre les maladies \u00e0 tique, plus il y aura de malades et leurs familles, plus nous serons entendus parce que vous le savez tous , il est si difficile de faire reconnaitre notre maladie &#8230;<\/p>\n\n\n\n<p>Nous esp\u00e9rons la venue de sportifs , le th\u00e8me de cette ann\u00e9e \u00e9tant lyme et le sport.<\/p>\n\n\n\n<p>De plus en plus de sportifs sont atteints par cette maladie, citons ceux de haut niveau le traileur Xavier Th\u00e9venard, la triathl\u00e8te Carole Merle, le skieur Lou Braz Dagand, derni\u00e8rement le champion de VTT St\u00e9phane Tempier &#8230;<\/p>\n\n\n\n<p>Le Samedi 21 mai de 14h \u00e0 18h, place de la mairie \u00e0 Chalon sur Sa\u00f4ne, Annie et son \u00e9quipe tiendront un stand de pr\u00e9vention afin d&rsquo;informer le public et nous formerons, v\u00eatus de t-shirts verts, le sigle\/ruban vert des lym\u00e9s.<\/p>\n\n\n\n<p>Venez surtout tr\u00e8s nombreux !!<\/p>\n\n\n\n<p>Parce que la maladie de Lyme peut d\u00e9truire la vie des gens<br>Parce qu&rsquo; il y a Urgence<br>Parce que peu de m\u00e9decins peuvent nous soigner<br>Parce qu&rsquo;il y a peu d &lsquo;\u00e9coute du malade en errance<br>Parce qu&rsquo;il n &lsquo;y a pas de tests de d\u00e9pistage assez fiables<br>Parce qu&rsquo; il faut sensibiliser le grand public, les familles<br>Sur les d\u00e9g\u00e2ts potentiels sur la sant\u00e9 d&rsquo;une piq\u00fbre de tique<br>Parce que 49% des tiques sont venimeuses aujourd&rsquo;hui en Bourgogne<br>Parce que la maladie devenue chronique est un enfer<br>IL Y A URGENCE<\/p>\n\n\n\n<p>Nathalie Teixidor viendra pour d\u00e9dicacer son <a href=\"https:\/\/www.amazon.fr\/Madame-cest-dans-t%C3%AAte-Chronique\/dp\/B09NYTSDHJ\/\" target=\"_blank\" rel=\"noreferrer noopener\">livre \u00ab\u00a0Madame, c&rsquo;est dans la t\u00eate\u00a0\u00bb<\/a>.<\/p>\n\n\n\n<p>Nous attendons le maire pour le ruban humain \u00e0 17h et la prise de photo.<\/p>\n\n\n\n<p>Ecrivez-nous ! <a href=\"mailto:section.bourgogne@francelyme.fr\" target=\"_blank\" rel=\"noreferrer noopener\">section.bourgogne@francelyme.fr<\/a><\/p>\n\n\n\n<div class=\"wp-block-image\"><figure class=\"aligncenter size-large\"><img loading=\"lazy\" decoding=\"async\" width=\"763\" height=\"1024\" src=\"http:\/\/francelyme.fr\/site\/wp-content\/uploads\/2022\/05\/Chalon-Sur-Saone-LymeProtest-2022-763x1024.png\" alt=\"\" class=\"wp-image-12993\" srcset=\"https:\/\/francelyme.fr\/site\/wp-content\/uploads\/2022\/05\/Chalon-Sur-Saone-LymeProtest-2022-763x1024.png 763w, https:\/\/francelyme.fr\/site\/wp-content\/uploads\/2022\/05\/Chalon-Sur-Saone-LymeProtest-2022-224x300.png 224w, https:\/\/francelyme.fr\/site\/wp-content\/uploads\/2022\/05\/Chalon-Sur-Saone-LymeProtest-2022-768x1031.png 768w, https:\/\/francelyme.fr\/site\/wp-content\/uploads\/2022\/05\/Chalon-Sur-Saone-LymeProtest-2022-1145x1536.png 1145w, https:\/\/francelyme.fr\/site\/wp-content\/uploads\/2022\/05\/Chalon-Sur-Saone-LymeProtest-2022-1526x2048.png 1526w, https:\/\/francelyme.fr\/site\/wp-content\/uploads\/2022\/05\/Chalon-Sur-Saone-LymeProtest-2022-1320x1771.png 1320w\" sizes=\"auto, (max-width: 763px) 100vw, 763px\" \/><\/figure><\/div>\n<div class=\"like-button\" style=\"float: right; clear: both; text-align: right; width = 100%;\">\n<!-- Facebook Like Button Vivacity Infotech BEGIN -->\n<div class=\"fb-like\" data-href=\"https:\/\/francelyme.fr\/site\/lyme-protest-a-chalon-sur-saone-21-mai\/\" data-layout=\"box_count\" data-action=\"like\" data-show-faces=\"false\" data-size=\"large\" data-width=\"450\" data-share=\"1\" ><\/div><\/div>\n<!-- Facebook Like Button Vivacity Infotech END -->\n","protected":false},"excerpt":{"rendered":"","protected":false},"author":17,"featured_media":12993,"comment_status":"closed","ping_status":"open","sticky":false,"template":"","format":"standard","meta":{"footnotes":""},"categories":[7,119,282],"tags":[],"class_list":["post-12992","post","type-post","status-publish","format-standard","has-post-thumbnail","hentry","category-actions","category-bourgogne","category-mai-en-vert"],"yoast_head":"<!-- This site is optimized with the Yoast SEO plugin v27.3 - https:\/\/yoast.com\/product\/yoast-seo-wordpress\/ -->\n<title>Lyme Protest \u00e0 Chalon sur Sa\u00f4ne - 21 mai - Association France Lyme<\/title>\n<meta name=\"robots\" content=\"index, follow, max-snippet:-1, max-image-preview:large, max-video-preview:-1\" \/>\n<link rel=\"canonical\" href=\"https:\/\/francelyme.fr\/site\/lyme-protest-a-chalon-sur-saone-21-mai\/\" \/>\n<meta property=\"og:locale\" content=\"fr_FR\" \/>\n<meta property=\"og:type\" content=\"article\" \/>\n<meta property=\"og:title\" content=\"Lyme Protest \u00e0 Chalon sur Sa\u00f4ne - 21 mai - Association France Lyme\" \/>\n<meta property=\"og:url\" content=\"https:\/\/francelyme.fr\/site\/lyme-protest-a-chalon-sur-saone-21-mai\/\" \/>\n<meta property=\"og:site_name\" content=\"Association France Lyme\" \/>\n<meta property=\"article:publisher\" content=\"https:\/\/www.facebook.com\/france.lyme\" \/>\n<meta property=\"article:published_time\" content=\"2022-05-19T14:50:10+00:00\" \/>\n<meta property=\"article:modified_time\" content=\"2022-05-24T20:25:21+00:00\" \/>\n<meta property=\"og:image\" content=\"https:\/\/francelyme.fr\/site\/wp-content\/uploads\/2022\/05\/Chalon-Sur-Saone-LymeProtest-2022.png\" \/>\n\t<meta property=\"og:image:width\" content=\"2608\" \/>\n\t<meta property=\"og:image:height\" content=\"3500\" \/>\n\t<meta property=\"og:image:type\" content=\"image\/png\" \/>\n<meta name=\"author\" content=\"adminntlyme\" \/>\n<meta name=\"twitter:card\" content=\"summary_large_image\" \/>\n<meta name=\"twitter:creator\" content=\"@francelyme\" \/>\n<meta name=\"twitter:site\" content=\"@francelyme\" \/>\n<meta name=\"twitter:label1\" content=\"\u00c9crit par\" \/>\n\t<meta name=\"twitter:data1\" content=\"adminntlyme\" \/>\n\t<meta name=\"twitter:label2\" content=\"Dur\u00e9e de lecture estim\u00e9e\" \/>\n\t<meta name=\"twitter:data2\" content=\"1 minute\" \/>\n<script type=\"application\/ld+json\" class=\"yoast-schema-graph\">{\"@context\":\"https:\\\/\\\/schema.org\",\"@graph\":[{\"@type\":\"Article\",\"@id\":\"https:\\\/\\\/francelyme.fr\\\/site\\\/lyme-protest-a-chalon-sur-saone-21-mai\\\/#article\",\"isPartOf\":{\"@id\":\"https:\\\/\\\/francelyme.fr\\\/site\\\/lyme-protest-a-chalon-sur-saone-21-mai\\\/\"},\"author\":{\"name\":\"adminntlyme\",\"@id\":\"https:\\\/\\\/francelyme.fr\\\/site\\\/#\\\/schema\\\/person\\\/f7bd0eb75be49e4795c4ea0b3767e039\"},\"headline\":\"Lyme Protest \u00e0 Chalon sur Sa\u00f4ne &#8211; 21 mai\",\"datePublished\":\"2022-05-19T14:50:10+00:00\",\"dateModified\":\"2022-05-24T20:25:21+00:00\",\"mainEntityOfPage\":{\"@id\":\"https:\\\/\\\/francelyme.fr\\\/site\\\/lyme-protest-a-chalon-sur-saone-21-mai\\\/\"},\"wordCount\":290,\"publisher\":{\"@id\":\"https:\\\/\\\/francelyme.fr\\\/site\\\/#organization\"},\"image\":{\"@id\":\"https:\\\/\\\/francelyme.fr\\\/site\\\/lyme-protest-a-chalon-sur-saone-21-mai\\\/#primaryimage\"},\"thumbnailUrl\":\"https:\\\/\\\/francelyme.fr\\\/site\\\/wp-content\\\/uploads\\\/2022\\\/05\\\/Chalon-Sur-Saone-LymeProtest-2022.png\",\"articleSection\":[\"Actions et stands\",\"Bourgogne\",\"Mai en vert\"],\"inLanguage\":\"fr-FR\"},{\"@type\":\"WebPage\",\"@id\":\"https:\\\/\\\/francelyme.fr\\\/site\\\/lyme-protest-a-chalon-sur-saone-21-mai\\\/\",\"url\":\"https:\\\/\\\/francelyme.fr\\\/site\\\/lyme-protest-a-chalon-sur-saone-21-mai\\\/\",\"name\":\"Lyme Protest \u00e0 Chalon sur Sa\u00f4ne - 21 mai - Association France Lyme\",\"isPartOf\":{\"@id\":\"https:\\\/\\\/francelyme.fr\\\/site\\\/#website\"},\"primaryImageOfPage\":{\"@id\":\"https:\\\/\\\/francelyme.fr\\\/site\\\/lyme-protest-a-chalon-sur-saone-21-mai\\\/#primaryimage\"},\"image\":{\"@id\":\"https:\\\/\\\/francelyme.fr\\\/site\\\/lyme-protest-a-chalon-sur-saone-21-mai\\\/#primaryimage\"},\"thumbnailUrl\":\"https:\\\/\\\/francelyme.fr\\\/site\\\/wp-content\\\/uploads\\\/2022\\\/05\\\/Chalon-Sur-Saone-LymeProtest-2022.png\",\"datePublished\":\"2022-05-19T14:50:10+00:00\",\"dateModified\":\"2022-05-24T20:25:21+00:00\",\"breadcrumb\":{\"@id\":\"https:\\\/\\\/francelyme.fr\\\/site\\\/lyme-protest-a-chalon-sur-saone-21-mai\\\/#breadcrumb\"},\"inLanguage\":\"fr-FR\",\"potentialAction\":[{\"@type\":\"ReadAction\",\"target\":[\"https:\\\/\\\/francelyme.fr\\\/site\\\/lyme-protest-a-chalon-sur-saone-21-mai\\\/\"]}]},{\"@type\":\"ImageObject\",\"inLanguage\":\"fr-FR\",\"@id\":\"https:\\\/\\\/francelyme.fr\\\/site\\\/lyme-protest-a-chalon-sur-saone-21-mai\\\/#primaryimage\",\"url\":\"https:\\\/\\\/francelyme.fr\\\/site\\\/wp-content\\\/uploads\\\/2022\\\/05\\\/Chalon-Sur-Saone-LymeProtest-2022.png\",\"contentUrl\":\"https:\\\/\\\/francelyme.fr\\\/site\\\/wp-content\\\/uploads\\\/2022\\\/05\\\/Chalon-Sur-Saone-LymeProtest-2022.png\",\"width\":2608,\"height\":3500},{\"@type\":\"BreadcrumbList\",\"@id\":\"https:\\\/\\\/francelyme.fr\\\/site\\\/lyme-protest-a-chalon-sur-saone-21-mai\\\/#breadcrumb\",\"itemListElement\":[{\"@type\":\"ListItem\",\"position\":1,\"name\":\"Accueil\",\"item\":\"https:\\\/\\\/francelyme.fr\\\/site\\\/\"},{\"@type\":\"ListItem\",\"position\":2,\"name\":\"Lyme Protest \u00e0 Chalon sur Sa\u00f4ne &#8211; 21 mai\"}]},{\"@type\":\"WebSite\",\"@id\":\"https:\\\/\\\/francelyme.fr\\\/site\\\/#website\",\"url\":\"https:\\\/\\\/francelyme.fr\\\/site\\\/\",\"name\":\"Association France Lyme\",\"description\":\"Association de lutte contre les maladies vectorielles \u00e0 tiques\",\"publisher\":{\"@id\":\"https:\\\/\\\/francelyme.fr\\\/site\\\/#organization\"},\"potentialAction\":[{\"@type\":\"SearchAction\",\"target\":{\"@type\":\"EntryPoint\",\"urlTemplate\":\"https:\\\/\\\/francelyme.fr\\\/site\\\/?s={search_term_string}\"},\"query-input\":{\"@type\":\"PropertyValueSpecification\",\"valueRequired\":true,\"valueName\":\"search_term_string\"}}],\"inLanguage\":\"fr-FR\"},{\"@type\":\"Organization\",\"@id\":\"https:\\\/\\\/francelyme.fr\\\/site\\\/#organization\",\"name\":\"France Lyme\",\"url\":\"https:\\\/\\\/francelyme.fr\\\/site\\\/\",\"logo\":{\"@type\":\"ImageObject\",\"inLanguage\":\"fr-FR\",\"@id\":\"https:\\\/\\\/francelyme.fr\\\/site\\\/#\\\/schema\\\/logo\\\/image\\\/\",\"url\":\"https:\\\/\\\/francelyme.fr\\\/site\\\/wp-content\\\/uploads\\\/2019\\\/05\\\/francelyme-site.gif\",\"contentUrl\":\"https:\\\/\\\/francelyme.fr\\\/site\\\/wp-content\\\/uploads\\\/2019\\\/05\\\/francelyme-site.gif\",\"width\":180,\"height\":180,\"caption\":\"France Lyme\"},\"image\":{\"@id\":\"https:\\\/\\\/francelyme.fr\\\/site\\\/#\\\/schema\\\/logo\\\/image\\\/\"},\"sameAs\":[\"https:\\\/\\\/www.facebook.com\\\/france.lyme\",\"https:\\\/\\\/x.com\\\/francelyme\",\"https:\\\/\\\/www.youtube.com\\\/channel\\\/UClMCGl3dvkz0iAgXFR1NH1A\"]},{\"@type\":\"Person\",\"@id\":\"https:\\\/\\\/francelyme.fr\\\/site\\\/#\\\/schema\\\/person\\\/f7bd0eb75be49e4795c4ea0b3767e039\",\"name\":\"adminntlyme\",\"image\":{\"@type\":\"ImageObject\",\"inLanguage\":\"fr-FR\",\"@id\":\"https:\\\/\\\/secure.gravatar.com\\\/avatar\\\/e9ab07a36659baa27b55dfef2a5432041c212015f8eb8a8d25b934c17a03cb54?s=96&d=mm&r=g\",\"url\":\"https:\\\/\\\/secure.gravatar.com\\\/avatar\\\/e9ab07a36659baa27b55dfef2a5432041c212015f8eb8a8d25b934c17a03cb54?s=96&d=mm&r=g\",\"contentUrl\":\"https:\\\/\\\/secure.gravatar.com\\\/avatar\\\/e9ab07a36659baa27b55dfef2a5432041c212015f8eb8a8d25b934c17a03cb54?s=96&d=mm&r=g\",\"caption\":\"adminntlyme\"},\"url\":\"https:\\\/\\\/francelyme.fr\\\/site\\\/author\\\/adminntlyme\\\/\"}]}<\/script>\n<!-- \/ Yoast SEO plugin. -->","yoast_head_json":{"title":"Lyme Protest \u00e0 Chalon sur Sa\u00f4ne - 21 mai - Association France Lyme","robots":{"index":"index","follow":"follow","max-snippet":"max-snippet:-1","max-image-preview":"max-image-preview:large","max-video-preview":"max-video-preview:-1"},"canonical":"https:\/\/francelyme.fr\/site\/lyme-protest-a-chalon-sur-saone-21-mai\/","og_locale":"fr_FR","og_type":"article","og_title":"Lyme Protest \u00e0 Chalon sur Sa\u00f4ne - 21 mai - Association France Lyme","og_url":"https:\/\/francelyme.fr\/site\/lyme-protest-a-chalon-sur-saone-21-mai\/","og_site_name":"Association France Lyme","article_publisher":"https:\/\/www.facebook.com\/france.lyme","article_published_time":"2022-05-19T14:50:10+00:00","article_modified_time":"2022-05-24T20:25:21+00:00","og_image":[{"width":2608,"height":3500,"url":"https:\/\/francelyme.fr\/site\/wp-content\/uploads\/2022\/05\/Chalon-Sur-Saone-LymeProtest-2022.png","type":"image\/png"}],"author":"adminntlyme","twitter_card":"summary_large_image","twitter_creator":"@francelyme","twitter_site":"@francelyme","twitter_misc":{"\u00c9crit par":"adminntlyme","Dur\u00e9e de lecture estim\u00e9e":"1 minute"},"schema":{"@context":"https:\/\/schema.org","@graph":[{"@type":"Article","@id":"https:\/\/francelyme.fr\/site\/lyme-protest-a-chalon-sur-saone-21-mai\/#article","isPartOf":{"@id":"https:\/\/francelyme.fr\/site\/lyme-protest-a-chalon-sur-saone-21-mai\/"},"author":{"name":"adminntlyme","@id":"https:\/\/francelyme.fr\/site\/#\/schema\/person\/f7bd0eb75be49e4795c4ea0b3767e039"},"headline":"Lyme Protest \u00e0 Chalon sur Sa\u00f4ne &#8211; 21 mai","datePublished":"2022-05-19T14:50:10+00:00","dateModified":"2022-05-24T20:25:21+00:00","mainEntityOfPage":{"@id":"https:\/\/francelyme.fr\/site\/lyme-protest-a-chalon-sur-saone-21-mai\/"},"wordCount":290,"publisher":{"@id":"https:\/\/francelyme.fr\/site\/#organization"},"image":{"@id":"https:\/\/francelyme.fr\/site\/lyme-protest-a-chalon-sur-saone-21-mai\/#primaryimage"},"thumbnailUrl":"https:\/\/francelyme.fr\/site\/wp-content\/uploads\/2022\/05\/Chalon-Sur-Saone-LymeProtest-2022.png","articleSection":["Actions et stands","Bourgogne","Mai en vert"],"inLanguage":"fr-FR"},{"@type":"WebPage","@id":"https:\/\/francelyme.fr\/site\/lyme-protest-a-chalon-sur-saone-21-mai\/","url":"https:\/\/francelyme.fr\/site\/lyme-protest-a-chalon-sur-saone-21-mai\/","name":"Lyme Protest \u00e0 Chalon sur Sa\u00f4ne - 21 mai - Association France Lyme","isPartOf":{"@id":"https:\/\/francelyme.fr\/site\/#website"},"primaryImageOfPage":{"@id":"https:\/\/francelyme.fr\/site\/lyme-protest-a-chalon-sur-saone-21-mai\/#primaryimage"},"image":{"@id":"https:\/\/francelyme.fr\/site\/lyme-protest-a-chalon-sur-saone-21-mai\/#primaryimage"},"thumbnailUrl":"https:\/\/francelyme.fr\/site\/wp-content\/uploads\/2022\/05\/Chalon-Sur-Saone-LymeProtest-2022.png","datePublished":"2022-05-19T14:50:10+00:00","dateModified":"2022-05-24T20:25:21+00:00","breadcrumb":{"@id":"https:\/\/francelyme.fr\/site\/lyme-protest-a-chalon-sur-saone-21-mai\/#breadcrumb"},"inLanguage":"fr-FR","potentialAction":[{"@type":"ReadAction","target":["https:\/\/francelyme.fr\/site\/lyme-protest-a-chalon-sur-saone-21-mai\/"]}]},{"@type":"ImageObject","inLanguage":"fr-FR","@id":"https:\/\/francelyme.fr\/site\/lyme-protest-a-chalon-sur-saone-21-mai\/#primaryimage","url":"https:\/\/francelyme.fr\/site\/wp-content\/uploads\/2022\/05\/Chalon-Sur-Saone-LymeProtest-2022.png","contentUrl":"https:\/\/francelyme.fr\/site\/wp-content\/uploads\/2022\/05\/Chalon-Sur-Saone-LymeProtest-2022.png","width":2608,"height":3500},{"@type":"BreadcrumbList","@id":"https:\/\/francelyme.fr\/site\/lyme-protest-a-chalon-sur-saone-21-mai\/#breadcrumb","itemListElement":[{"@type":"ListItem","position":1,"name":"Accueil","item":"https:\/\/francelyme.fr\/site\/"},{"@type":"ListItem","position":2,"name":"Lyme Protest \u00e0 Chalon sur Sa\u00f4ne &#8211; 21 mai"}]},{"@type":"WebSite","@id":"https:\/\/francelyme.fr\/site\/#website","url":"https:\/\/francelyme.fr\/site\/","name":"Association France Lyme","description":"Association de lutte contre les maladies vectorielles \u00e0 tiques","publisher":{"@id":"https:\/\/francelyme.fr\/site\/#organization"},"potentialAction":[{"@type":"SearchAction","target":{"@type":"EntryPoint","urlTemplate":"https:\/\/francelyme.fr\/site\/?s={search_term_string}"},"query-input":{"@type":"PropertyValueSpecification","valueRequired":true,"valueName":"search_term_string"}}],"inLanguage":"fr-FR"},{"@type":"Organization","@id":"https:\/\/francelyme.fr\/site\/#organization","name":"France Lyme","url":"https:\/\/francelyme.fr\/site\/","logo":{"@type":"ImageObject","inLanguage":"fr-FR","@id":"https:\/\/francelyme.fr\/site\/#\/schema\/logo\/image\/","url":"https:\/\/francelyme.fr\/site\/wp-content\/uploads\/2019\/05\/francelyme-site.gif","contentUrl":"https:\/\/francelyme.fr\/site\/wp-content\/uploads\/2019\/05\/francelyme-site.gif","width":180,"height":180,"caption":"France Lyme"},"image":{"@id":"https:\/\/francelyme.fr\/site\/#\/schema\/logo\/image\/"},"sameAs":["https:\/\/www.facebook.com\/france.lyme","https:\/\/x.com\/francelyme","https:\/\/www.youtube.com\/channel\/UClMCGl3dvkz0iAgXFR1NH1A"]},{"@type":"Person","@id":"https:\/\/francelyme.fr\/site\/#\/schema\/person\/f7bd0eb75be49e4795c4ea0b3767e039","name":"adminntlyme","image":{"@type":"ImageObject","inLanguage":"fr-FR","@id":"https:\/\/secure.gravatar.com\/avatar\/e9ab07a36659baa27b55dfef2a5432041c212015f8eb8a8d25b934c17a03cb54?s=96&d=mm&r=g","url":"https:\/\/secure.gravatar.com\/avatar\/e9ab07a36659baa27b55dfef2a5432041c212015f8eb8a8d25b934c17a03cb54?s=96&d=mm&r=g","contentUrl":"https:\/\/secure.gravatar.com\/avatar\/e9ab07a36659baa27b55dfef2a5432041c212015f8eb8a8d25b934c17a03cb54?s=96&d=mm&r=g","caption":"adminntlyme"},"url":"https:\/\/francelyme.fr\/site\/author\/adminntlyme\/"}]}},"_links":{"self":[{"href":"https:\/\/francelyme.fr\/site\/wp-json\/wp\/v2\/posts\/12992","targetHints":{"allow":["GET"]}}],"collection":[{"href":"https:\/\/francelyme.fr\/site\/wp-json\/wp\/v2\/posts"}],"about":[{"href":"https:\/\/francelyme.fr\/site\/wp-json\/wp\/v2\/types\/post"}],"author":[{"embeddable":true,"href":"https:\/\/francelyme.fr\/site\/wp-json\/wp\/v2\/users\/17"}],"replies":[{"embeddable":true,"href":"https:\/\/francelyme.fr\/site\/wp-json\/wp\/v2\/comments?post=12992"}],"version-history":[{"count":2,"href":"https:\/\/francelyme.fr\/site\/wp-json\/wp\/v2\/posts\/12992\/revisions"}],"predecessor-version":[{"id":12995,"href":"https:\/\/francelyme.fr\/site\/wp-json\/wp\/v2\/posts\/12992\/revisions\/12995"}],"wp:featuredmedia":[{"embeddable":true,"href":"https:\/\/francelyme.fr\/site\/wp-json\/wp\/v2\/media\/12993"}],"wp:attachment":[{"href":"https:\/\/francelyme.fr\/site\/wp-json\/wp\/v2\/media?parent=12992"}],"wp:term":[{"taxonomy":"category","embeddable":true,"href":"https:\/\/francelyme.fr\/site\/wp-json\/wp\/v2\/categories?post=12992"},{"taxonomy":"post_tag","embeddable":true,"href":"https:\/\/francelyme.fr\/site\/wp-json\/wp\/v2\/tags?post=12992"}],"curies":[{"name":"wp","href":"https:\/\/api.w.org\/{rel}","templated":true}]}}