{"id":13047,"date":"2022-05-13T11:23:17","date_gmt":"2022-05-13T09:23:17","guid":{"rendered":"https:\/\/francelyme.fr\/site\/?p=13047"},"modified":"2022-05-13T11:23:18","modified_gmt":"2022-05-13T09:23:18","slug":"retour-sur-le-stand-au-golf-davoise-le-24-04-2022-71","status":"publish","type":"post","link":"https:\/\/francelyme.fr\/site\/retour-sur-le-stand-au-golf-davoise-le-24-04-2022-71\/","title":{"rendered":"Retour sur le stand au golf d&rsquo;Avoise le 24\/04\/2022 (71)"},"content":{"rendered":"<div class=\"like-button\" style=\"float: right; clear: both; text-align: right; width = 100%;\">\n<!-- Facebook Like Button Vivacity Infotech BEGIN -->\n<div class=\"fb-like\" data-href=\"https:\/\/francelyme.fr\/site\/retour-sur-le-stand-au-golf-davoise-le-24-04-2022-71\/\" data-layout=\"box_count\" data-action=\"like\" data-show-faces=\"false\" data-size=\"large\" data-width=\"450\" data-share=\"1\" ><\/div><\/div>\n<!-- Facebook Like Button Vivacity Infotech END -->\n<div id=\"fb-root\"><\/div>\n\n<p>Ce fut une bonne journ\u00e9e avec des golfeurs attentifs , dont la majorit\u00e9 n &lsquo;\u00e9tait pas au courant des d\u00e9g\u00e2ts que peut provoquer une piq\u00fbre de tique.<\/p>\n\n\n\n<p>Ils sauront d\u00e9sormais s&rsquo;examiner apr\u00e8s une partie de golf ,comment retirer proprement une tique, la d\u00e9clarer \u00e0 Citique ,surveiller la zone de morsure ,et faire eux m\u00eame de la pr\u00e9vention aupr\u00e8s des autres personnes<\/p>\n\n\n\n<p>D\u00e9sol\u00e9e de n&rsquo;avoir pas pu parler davantage \u00e0 cause de mon extinction de voix.<\/p>\n\n\n\n<p>J &lsquo;esp\u00e8re pouvoir faire une conf\u00e9rence sur cette probl\u00e9matique l&rsquo;ann\u00e9e prochaine aupr\u00e8s des golfeurs.<\/p>\n\n\n\n<p>Mes remerciements \u00e0 Genevi\u00e8ve Layus qui a \u00e9t\u00e9 l &lsquo;\u00e2me de cette organisation , sans laquelle cette comp\u00e9tition n &lsquo;aurait pu avoir lieu et au golf d&rsquo;Avoise de nous avoir accueillis.<\/p>\n\n\n\n<div class=\"wp-block-image\"><figure class=\"aligncenter size-large\"><img loading=\"lazy\" decoding=\"async\" width=\"500\" height=\"261\" src=\"https:\/\/francelyme.fr\/site\/wp-content\/uploads\/2022\/05\/safe_image.jpg\" alt=\"\" class=\"wp-image-13048\" srcset=\"https:\/\/francelyme.fr\/site\/wp-content\/uploads\/2022\/05\/safe_image.jpg 500w, https:\/\/francelyme.fr\/site\/wp-content\/uploads\/2022\/05\/safe_image-300x157.jpg 300w\" sizes=\"auto, (max-width: 500px) 100vw, 500px\" \/><\/figure><\/div>\n\n\n\n<p><a href=\"https:\/\/www.creusot-infos.com\/news\/sport\/golf\/golf-france-lyme-organisait-sa-premiere-competition-sur-le-golf-d-avoise.html?fbclid=IwAR3O_9_B36AJkshN3qfUqGVtn5JPFKFt-CI9QHOFO7FcLUUp38_wLxJ_ozE\">https:\/\/www.creusot-infos.com\/news\/sport\/golf\/golf-france-lyme-organisait-sa-premiere-competition-sur-le-golf-d-avoise.html?fbclid=IwAR3O_9_B36AJkshN3qfUqGVtn5JPFKFt-CI9QHOFO7FcLUUp38_wLxJ_ozE<\/a><\/p>\n\n\n\n<p><\/p>\n<div class=\"like-button\" style=\"float: right; clear: both; text-align: right; width = 100%;\">\n<!-- Facebook Like Button Vivacity Infotech BEGIN -->\n<div class=\"fb-like\" data-href=\"https:\/\/francelyme.fr\/site\/retour-sur-le-stand-au-golf-davoise-le-24-04-2022-71\/\" data-layout=\"box_count\" data-action=\"like\" data-show-faces=\"false\" data-size=\"large\" data-width=\"450\" data-share=\"1\" ><\/div><\/div>\n<!-- Facebook Like Button Vivacity Infotech END -->\n","protected":false},"excerpt":{"rendered":"","protected":false},"author":16,"featured_media":13048,"comment_status":"closed","ping_status":"open","sticky":false,"template":"","format":"standard","meta":{"footnotes":""},"categories":[7,119],"tags":[],"class_list":["post-13047","post","type-post","status-publish","format-standard","has-post-thumbnail","hentry","category-actions","category-bourgogne"],"yoast_head":"<!-- This site is optimized with the Yoast SEO plugin v27.5 - https:\/\/yoast.com\/product\/yoast-seo-wordpress\/ -->\n<title>Retour sur le stand au golf d&#039;Avoise le 24\/04\/2022 (71) - Association France Lyme<\/title>\n<meta name=\"robots\" content=\"index, follow, max-snippet:-1, max-image-preview:large, max-video-preview:-1\" \/>\n<link rel=\"canonical\" href=\"https:\/\/francelyme.fr\/site\/retour-sur-le-stand-au-golf-davoise-le-24-04-2022-71\/\" \/>\n<meta property=\"og:locale\" content=\"fr_FR\" \/>\n<meta property=\"og:type\" content=\"article\" \/>\n<meta property=\"og:title\" content=\"Retour sur le stand au golf d&#039;Avoise le 24\/04\/2022 (71) - Association France Lyme\" \/>\n<meta property=\"og:url\" content=\"https:\/\/francelyme.fr\/site\/retour-sur-le-stand-au-golf-davoise-le-24-04-2022-71\/\" \/>\n<meta property=\"og:site_name\" content=\"Association France Lyme\" \/>\n<meta property=\"article:publisher\" content=\"https:\/\/www.facebook.com\/france.lyme\" \/>\n<meta property=\"article:published_time\" content=\"2022-05-13T09:23:17+00:00\" \/>\n<meta property=\"article:modified_time\" content=\"2022-05-13T09:23:18+00:00\" \/>\n<meta property=\"og:image\" content=\"https:\/\/francelyme.fr\/site\/wp-content\/uploads\/2022\/05\/safe_image.jpg\" \/>\n\t<meta property=\"og:image:width\" content=\"500\" \/>\n\t<meta property=\"og:image:height\" content=\"261\" \/>\n\t<meta property=\"og:image:type\" content=\"image\/jpeg\" \/>\n<meta name=\"author\" content=\"Editeur\" \/>\n<meta name=\"twitter:card\" content=\"summary_large_image\" \/>\n<meta name=\"twitter:creator\" content=\"@francelyme\" \/>\n<meta name=\"twitter:site\" content=\"@francelyme\" \/>\n<meta name=\"twitter:label1\" content=\"\u00c9crit par\" \/>\n\t<meta name=\"twitter:data1\" content=\"Editeur\" \/>\n\t<meta name=\"twitter:label2\" content=\"Dur\u00e9e de lecture estim\u00e9e\" \/>\n\t<meta name=\"twitter:data2\" content=\"1 minute\" \/>\n<script type=\"application\/ld+json\" class=\"yoast-schema-graph\">{\"@context\":\"https:\\\/\\\/schema.org\",\"@graph\":[{\"@type\":\"Article\",\"@id\":\"https:\\\/\\\/francelyme.fr\\\/site\\\/retour-sur-le-stand-au-golf-davoise-le-24-04-2022-71\\\/#article\",\"isPartOf\":{\"@id\":\"https:\\\/\\\/francelyme.fr\\\/site\\\/retour-sur-le-stand-au-golf-davoise-le-24-04-2022-71\\\/\"},\"author\":{\"name\":\"Editeur\",\"@id\":\"https:\\\/\\\/francelyme.fr\\\/site\\\/#\\\/schema\\\/person\\\/b3a32c0e865447c2586961956f5d867e\"},\"headline\":\"Retour sur le stand au golf d&rsquo;Avoise le 24\\\/04\\\/2022 (71)\",\"datePublished\":\"2022-05-13T09:23:17+00:00\",\"dateModified\":\"2022-05-13T09:23:18+00:00\",\"mainEntityOfPage\":{\"@id\":\"https:\\\/\\\/francelyme.fr\\\/site\\\/retour-sur-le-stand-au-golf-davoise-le-24-04-2022-71\\\/\"},\"wordCount\":167,\"publisher\":{\"@id\":\"https:\\\/\\\/francelyme.fr\\\/site\\\/#organization\"},\"image\":{\"@id\":\"https:\\\/\\\/francelyme.fr\\\/site\\\/retour-sur-le-stand-au-golf-davoise-le-24-04-2022-71\\\/#primaryimage\"},\"thumbnailUrl\":\"https:\\\/\\\/francelyme.fr\\\/site\\\/wp-content\\\/uploads\\\/2022\\\/05\\\/safe_image.jpg\",\"articleSection\":[\"Actions et stands\",\"Bourgogne\"],\"inLanguage\":\"fr-FR\"},{\"@type\":\"WebPage\",\"@id\":\"https:\\\/\\\/francelyme.fr\\\/site\\\/retour-sur-le-stand-au-golf-davoise-le-24-04-2022-71\\\/\",\"url\":\"https:\\\/\\\/francelyme.fr\\\/site\\\/retour-sur-le-stand-au-golf-davoise-le-24-04-2022-71\\\/\",\"name\":\"Retour sur le stand au golf d'Avoise le 24\\\/04\\\/2022 (71) - Association France Lyme\",\"isPartOf\":{\"@id\":\"https:\\\/\\\/francelyme.fr\\\/site\\\/#website\"},\"primaryImageOfPage\":{\"@id\":\"https:\\\/\\\/francelyme.fr\\\/site\\\/retour-sur-le-stand-au-golf-davoise-le-24-04-2022-71\\\/#primaryimage\"},\"image\":{\"@id\":\"https:\\\/\\\/francelyme.fr\\\/site\\\/retour-sur-le-stand-au-golf-davoise-le-24-04-2022-71\\\/#primaryimage\"},\"thumbnailUrl\":\"https:\\\/\\\/francelyme.fr\\\/site\\\/wp-content\\\/uploads\\\/2022\\\/05\\\/safe_image.jpg\",\"datePublished\":\"2022-05-13T09:23:17+00:00\",\"dateModified\":\"2022-05-13T09:23:18+00:00\",\"breadcrumb\":{\"@id\":\"https:\\\/\\\/francelyme.fr\\\/site\\\/retour-sur-le-stand-au-golf-davoise-le-24-04-2022-71\\\/#breadcrumb\"},\"inLanguage\":\"fr-FR\",\"potentialAction\":[{\"@type\":\"ReadAction\",\"target\":[\"https:\\\/\\\/francelyme.fr\\\/site\\\/retour-sur-le-stand-au-golf-davoise-le-24-04-2022-71\\\/\"]}]},{\"@type\":\"ImageObject\",\"inLanguage\":\"fr-FR\",\"@id\":\"https:\\\/\\\/francelyme.fr\\\/site\\\/retour-sur-le-stand-au-golf-davoise-le-24-04-2022-71\\\/#primaryimage\",\"url\":\"https:\\\/\\\/francelyme.fr\\\/site\\\/wp-content\\\/uploads\\\/2022\\\/05\\\/safe_image.jpg\",\"contentUrl\":\"https:\\\/\\\/francelyme.fr\\\/site\\\/wp-content\\\/uploads\\\/2022\\\/05\\\/safe_image.jpg\",\"width\":500,\"height\":261},{\"@type\":\"BreadcrumbList\",\"@id\":\"https:\\\/\\\/francelyme.fr\\\/site\\\/retour-sur-le-stand-au-golf-davoise-le-24-04-2022-71\\\/#breadcrumb\",\"itemListElement\":[{\"@type\":\"ListItem\",\"position\":1,\"name\":\"Accueil\",\"item\":\"https:\\\/\\\/francelyme.fr\\\/site\\\/\"},{\"@type\":\"ListItem\",\"position\":2,\"name\":\"Retour sur le stand au golf d&#8217;Avoise le 24\\\/04\\\/2022 (71)\"}]},{\"@type\":\"WebSite\",\"@id\":\"https:\\\/\\\/francelyme.fr\\\/site\\\/#website\",\"url\":\"https:\\\/\\\/francelyme.fr\\\/site\\\/\",\"name\":\"Association France Lyme\",\"description\":\"Association de lutte contre les maladies vectorielles \u00e0 tiques\",\"publisher\":{\"@id\":\"https:\\\/\\\/francelyme.fr\\\/site\\\/#organization\"},\"potentialAction\":[{\"@type\":\"SearchAction\",\"target\":{\"@type\":\"EntryPoint\",\"urlTemplate\":\"https:\\\/\\\/francelyme.fr\\\/site\\\/?s={search_term_string}\"},\"query-input\":{\"@type\":\"PropertyValueSpecification\",\"valueRequired\":true,\"valueName\":\"search_term_string\"}}],\"inLanguage\":\"fr-FR\"},{\"@type\":\"Organization\",\"@id\":\"https:\\\/\\\/francelyme.fr\\\/site\\\/#organization\",\"name\":\"France Lyme\",\"url\":\"https:\\\/\\\/francelyme.fr\\\/site\\\/\",\"logo\":{\"@type\":\"ImageObject\",\"inLanguage\":\"fr-FR\",\"@id\":\"https:\\\/\\\/francelyme.fr\\\/site\\\/#\\\/schema\\\/logo\\\/image\\\/\",\"url\":\"https:\\\/\\\/francelyme.fr\\\/site\\\/wp-content\\\/uploads\\\/2019\\\/05\\\/francelyme-site.gif\",\"contentUrl\":\"https:\\\/\\\/francelyme.fr\\\/site\\\/wp-content\\\/uploads\\\/2019\\\/05\\\/francelyme-site.gif\",\"width\":180,\"height\":180,\"caption\":\"France Lyme\"},\"image\":{\"@id\":\"https:\\\/\\\/francelyme.fr\\\/site\\\/#\\\/schema\\\/logo\\\/image\\\/\"},\"sameAs\":[\"https:\\\/\\\/www.facebook.com\\\/france.lyme\",\"https:\\\/\\\/x.com\\\/francelyme\",\"https:\\\/\\\/www.youtube.com\\\/channel\\\/UClMCGl3dvkz0iAgXFR1NH1A\"]},{\"@type\":\"Person\",\"@id\":\"https:\\\/\\\/francelyme.fr\\\/site\\\/#\\\/schema\\\/person\\\/b3a32c0e865447c2586961956f5d867e\",\"name\":\"Editeur\",\"image\":{\"@type\":\"ImageObject\",\"inLanguage\":\"fr-FR\",\"@id\":\"https:\\\/\\\/secure.gravatar.com\\\/avatar\\\/ae207cee02bf4e66ec5abb92d4ccacaa0ad5f5d3d16fe7fcb393eda94bfbf2d2?s=96&d=mm&r=g\",\"url\":\"https:\\\/\\\/secure.gravatar.com\\\/avatar\\\/ae207cee02bf4e66ec5abb92d4ccacaa0ad5f5d3d16fe7fcb393eda94bfbf2d2?s=96&d=mm&r=g\",\"contentUrl\":\"https:\\\/\\\/secure.gravatar.com\\\/avatar\\\/ae207cee02bf4e66ec5abb92d4ccacaa0ad5f5d3d16fe7fcb393eda94bfbf2d2?s=96&d=mm&r=g\",\"caption\":\"Editeur\"},\"url\":\"https:\\\/\\\/francelyme.fr\\\/site\\\/author\\\/editeuradm\\\/\"}]}<\/script>\n<!-- \/ Yoast SEO plugin. -->","yoast_head_json":{"title":"Retour sur le stand au golf d'Avoise le 24\/04\/2022 (71) - Association France Lyme","robots":{"index":"index","follow":"follow","max-snippet":"max-snippet:-1","max-image-preview":"max-image-preview:large","max-video-preview":"max-video-preview:-1"},"canonical":"https:\/\/francelyme.fr\/site\/retour-sur-le-stand-au-golf-davoise-le-24-04-2022-71\/","og_locale":"fr_FR","og_type":"article","og_title":"Retour sur le stand au golf d'Avoise le 24\/04\/2022 (71) - Association France Lyme","og_url":"https:\/\/francelyme.fr\/site\/retour-sur-le-stand-au-golf-davoise-le-24-04-2022-71\/","og_site_name":"Association France Lyme","article_publisher":"https:\/\/www.facebook.com\/france.lyme","article_published_time":"2022-05-13T09:23:17+00:00","article_modified_time":"2022-05-13T09:23:18+00:00","og_image":[{"width":500,"height":261,"url":"https:\/\/francelyme.fr\/site\/wp-content\/uploads\/2022\/05\/safe_image.jpg","type":"image\/jpeg"}],"author":"Editeur","twitter_card":"summary_large_image","twitter_creator":"@francelyme","twitter_site":"@francelyme","twitter_misc":{"\u00c9crit par":"Editeur","Dur\u00e9e de lecture estim\u00e9e":"1 minute"},"schema":{"@context":"https:\/\/schema.org","@graph":[{"@type":"Article","@id":"https:\/\/francelyme.fr\/site\/retour-sur-le-stand-au-golf-davoise-le-24-04-2022-71\/#article","isPartOf":{"@id":"https:\/\/francelyme.fr\/site\/retour-sur-le-stand-au-golf-davoise-le-24-04-2022-71\/"},"author":{"name":"Editeur","@id":"https:\/\/francelyme.fr\/site\/#\/schema\/person\/b3a32c0e865447c2586961956f5d867e"},"headline":"Retour sur le stand au golf d&rsquo;Avoise le 24\/04\/2022 (71)","datePublished":"2022-05-13T09:23:17+00:00","dateModified":"2022-05-13T09:23:18+00:00","mainEntityOfPage":{"@id":"https:\/\/francelyme.fr\/site\/retour-sur-le-stand-au-golf-davoise-le-24-04-2022-71\/"},"wordCount":167,"publisher":{"@id":"https:\/\/francelyme.fr\/site\/#organization"},"image":{"@id":"https:\/\/francelyme.fr\/site\/retour-sur-le-stand-au-golf-davoise-le-24-04-2022-71\/#primaryimage"},"thumbnailUrl":"https:\/\/francelyme.fr\/site\/wp-content\/uploads\/2022\/05\/safe_image.jpg","articleSection":["Actions et stands","Bourgogne"],"inLanguage":"fr-FR"},{"@type":"WebPage","@id":"https:\/\/francelyme.fr\/site\/retour-sur-le-stand-au-golf-davoise-le-24-04-2022-71\/","url":"https:\/\/francelyme.fr\/site\/retour-sur-le-stand-au-golf-davoise-le-24-04-2022-71\/","name":"Retour sur le stand au golf d'Avoise le 24\/04\/2022 (71) - Association France Lyme","isPartOf":{"@id":"https:\/\/francelyme.fr\/site\/#website"},"primaryImageOfPage":{"@id":"https:\/\/francelyme.fr\/site\/retour-sur-le-stand-au-golf-davoise-le-24-04-2022-71\/#primaryimage"},"image":{"@id":"https:\/\/francelyme.fr\/site\/retour-sur-le-stand-au-golf-davoise-le-24-04-2022-71\/#primaryimage"},"thumbnailUrl":"https:\/\/francelyme.fr\/site\/wp-content\/uploads\/2022\/05\/safe_image.jpg","datePublished":"2022-05-13T09:23:17+00:00","dateModified":"2022-05-13T09:23:18+00:00","breadcrumb":{"@id":"https:\/\/francelyme.fr\/site\/retour-sur-le-stand-au-golf-davoise-le-24-04-2022-71\/#breadcrumb"},"inLanguage":"fr-FR","potentialAction":[{"@type":"ReadAction","target":["https:\/\/francelyme.fr\/site\/retour-sur-le-stand-au-golf-davoise-le-24-04-2022-71\/"]}]},{"@type":"ImageObject","inLanguage":"fr-FR","@id":"https:\/\/francelyme.fr\/site\/retour-sur-le-stand-au-golf-davoise-le-24-04-2022-71\/#primaryimage","url":"https:\/\/francelyme.fr\/site\/wp-content\/uploads\/2022\/05\/safe_image.jpg","contentUrl":"https:\/\/francelyme.fr\/site\/wp-content\/uploads\/2022\/05\/safe_image.jpg","width":500,"height":261},{"@type":"BreadcrumbList","@id":"https:\/\/francelyme.fr\/site\/retour-sur-le-stand-au-golf-davoise-le-24-04-2022-71\/#breadcrumb","itemListElement":[{"@type":"ListItem","position":1,"name":"Accueil","item":"https:\/\/francelyme.fr\/site\/"},{"@type":"ListItem","position":2,"name":"Retour sur le stand au golf d&#8217;Avoise le 24\/04\/2022 (71)"}]},{"@type":"WebSite","@id":"https:\/\/francelyme.fr\/site\/#website","url":"https:\/\/francelyme.fr\/site\/","name":"Association France Lyme","description":"Association de lutte contre les maladies vectorielles \u00e0 tiques","publisher":{"@id":"https:\/\/francelyme.fr\/site\/#organization"},"potentialAction":[{"@type":"SearchAction","target":{"@type":"EntryPoint","urlTemplate":"https:\/\/francelyme.fr\/site\/?s={search_term_string}"},"query-input":{"@type":"PropertyValueSpecification","valueRequired":true,"valueName":"search_term_string"}}],"inLanguage":"fr-FR"},{"@type":"Organization","@id":"https:\/\/francelyme.fr\/site\/#organization","name":"France Lyme","url":"https:\/\/francelyme.fr\/site\/","logo":{"@type":"ImageObject","inLanguage":"fr-FR","@id":"https:\/\/francelyme.fr\/site\/#\/schema\/logo\/image\/","url":"https:\/\/francelyme.fr\/site\/wp-content\/uploads\/2019\/05\/francelyme-site.gif","contentUrl":"https:\/\/francelyme.fr\/site\/wp-content\/uploads\/2019\/05\/francelyme-site.gif","width":180,"height":180,"caption":"France Lyme"},"image":{"@id":"https:\/\/francelyme.fr\/site\/#\/schema\/logo\/image\/"},"sameAs":["https:\/\/www.facebook.com\/france.lyme","https:\/\/x.com\/francelyme","https:\/\/www.youtube.com\/channel\/UClMCGl3dvkz0iAgXFR1NH1A"]},{"@type":"Person","@id":"https:\/\/francelyme.fr\/site\/#\/schema\/person\/b3a32c0e865447c2586961956f5d867e","name":"Editeur","image":{"@type":"ImageObject","inLanguage":"fr-FR","@id":"https:\/\/secure.gravatar.com\/avatar\/ae207cee02bf4e66ec5abb92d4ccacaa0ad5f5d3d16fe7fcb393eda94bfbf2d2?s=96&d=mm&r=g","url":"https:\/\/secure.gravatar.com\/avatar\/ae207cee02bf4e66ec5abb92d4ccacaa0ad5f5d3d16fe7fcb393eda94bfbf2d2?s=96&d=mm&r=g","contentUrl":"https:\/\/secure.gravatar.com\/avatar\/ae207cee02bf4e66ec5abb92d4ccacaa0ad5f5d3d16fe7fcb393eda94bfbf2d2?s=96&d=mm&r=g","caption":"Editeur"},"url":"https:\/\/francelyme.fr\/site\/author\/editeuradm\/"}]}},"_links":{"self":[{"href":"https:\/\/francelyme.fr\/site\/wp-json\/wp\/v2\/posts\/13047","targetHints":{"allow":["GET"]}}],"collection":[{"href":"https:\/\/francelyme.fr\/site\/wp-json\/wp\/v2\/posts"}],"about":[{"href":"https:\/\/francelyme.fr\/site\/wp-json\/wp\/v2\/types\/post"}],"author":[{"embeddable":true,"href":"https:\/\/francelyme.fr\/site\/wp-json\/wp\/v2\/users\/16"}],"replies":[{"embeddable":true,"href":"https:\/\/francelyme.fr\/site\/wp-json\/wp\/v2\/comments?post=13047"}],"version-history":[{"count":1,"href":"https:\/\/francelyme.fr\/site\/wp-json\/wp\/v2\/posts\/13047\/revisions"}],"predecessor-version":[{"id":13050,"href":"https:\/\/francelyme.fr\/site\/wp-json\/wp\/v2\/posts\/13047\/revisions\/13050"}],"wp:featuredmedia":[{"embeddable":true,"href":"https:\/\/francelyme.fr\/site\/wp-json\/wp\/v2\/media\/13048"}],"wp:attachment":[{"href":"https:\/\/francelyme.fr\/site\/wp-json\/wp\/v2\/media?parent=13047"}],"wp:term":[{"taxonomy":"category","embeddable":true,"href":"https:\/\/francelyme.fr\/site\/wp-json\/wp\/v2\/categories?post=13047"},{"taxonomy":"post_tag","embeddable":true,"href":"https:\/\/francelyme.fr\/site\/wp-json\/wp\/v2\/tags?post=13047"}],"curies":[{"name":"wp","href":"https:\/\/api.w.org\/{rel}","templated":true}]}}