{"id":13266,"date":"2022-07-05T16:21:00","date_gmt":"2022-07-05T14:21:00","guid":{"rendered":"https:\/\/francelyme.fr\/site\/?p=13266"},"modified":"2022-07-12T20:28:23","modified_gmt":"2022-07-12T18:28:23","slug":"webinaire-avec-medisite-pour-la-parole-aux-patients","status":"publish","type":"post","link":"https:\/\/francelyme.fr\/site\/webinaire-avec-medisite-pour-la-parole-aux-patients\/","title":{"rendered":"Webinaire avec M\u00e9disite pour La Parole aux Patients lundi 11 juillet, inscrivez-vous !"},"content":{"rendered":"<div class=\"like-button\" style=\"float: right; clear: both; text-align: right; width = 100%;\">\n<!-- Facebook Like Button Vivacity Infotech BEGIN -->\n<div class=\"fb-like\" data-href=\"https:\/\/francelyme.fr\/site\/webinaire-avec-medisite-pour-la-parole-aux-patients\/\" data-layout=\"box_count\" data-action=\"like\" data-show-faces=\"false\" data-size=\"large\" data-width=\"450\" data-share=\"1\" ><\/div><\/div>\n<!-- Facebook Like Button Vivacity Infotech END -->\n<div id=\"fb-root\"><\/div>\n\n<p>M\u00e9disite cr\u00e9\u00e9 des articles dans La Parole aux Patients qui met en lumi\u00e8re la parole de patients, d&rsquo;aidants et d&rsquo;associations \u00e0 travers des t\u00e9moignages \u00e9crits.<\/p>\n\n\n\n<div class=\"wp-block-image\"><figure class=\"aligncenter size-large\"><img loading=\"lazy\" decoding=\"async\" width=\"1024\" height=\"538\" src=\"https:\/\/francelyme.fr\/site\/wp-content\/uploads\/2022\/07\/Facebook-et-Linkedin-paysage-1200-x-630-La-parole-aux-patients-Medisite-1024x538.png\" alt=\"\" class=\"wp-image-13305\" srcset=\"https:\/\/francelyme.fr\/site\/wp-content\/uploads\/2022\/07\/Facebook-et-Linkedin-paysage-1200-x-630-La-parole-aux-patients-Medisite-1024x538.png 1024w, https:\/\/francelyme.fr\/site\/wp-content\/uploads\/2022\/07\/Facebook-et-Linkedin-paysage-1200-x-630-La-parole-aux-patients-Medisite-300x158.png 300w, https:\/\/francelyme.fr\/site\/wp-content\/uploads\/2022\/07\/Facebook-et-Linkedin-paysage-1200-x-630-La-parole-aux-patients-Medisite-768x403.png 768w, https:\/\/francelyme.fr\/site\/wp-content\/uploads\/2022\/07\/Facebook-et-Linkedin-paysage-1200-x-630-La-parole-aux-patients-Medisite.png 1200w\" sizes=\"auto, (max-width: 1024px) 100vw, 1024px\" \/><\/figure><\/div>\n\n\n\n<p>Le lundi 11 juin \u00e0 18h, c&rsquo;est la maladie de Lyme qui sera l&rsquo;objet d&rsquo;un webinaire propos\u00e9 par M\u00e9disite.<\/p>\n\n\n\n<p>Les intervenants seront : <\/p>\n\n\n\n<ul class=\"wp-block-list\"><li>Alice Raffetin, praticien Hospitalier Infectiologue et coordonnatrice du centre de r\u00e9f\u00e9rence sur les maladies \u00e0 tique de Villeneuve-Saint-Georges<\/li><li>Laure, maladie chronique ayant \u00e9crit un livre sur son parcours \u00ab\u00a0Border Lyme\u00a0\u00bb<\/li><li>Nathalie Torres, secr\u00e9taire-adjointe de l&rsquo;association France Lyme<\/li><\/ul>\n\n\n\n<p>Le t\u00e9moignage de Laure pour M\u00e9disite <a href=\"https:\/\/www.medisite.fr\/la-parole-aux-patients-maladie-de-lyme-jai-cherche-toute-seule-mon-docteur-house.5621453.869545.html\" target=\"_blank\" rel=\"noreferrer noopener\">sous ce lien<\/a>.<\/p>\n\n\n\n<p class=\"has-background\" style=\"background-color:#91d9f8\"><strong>Venez poser vos questions aux intervenants !<\/strong><\/p>\n\n\n\n<h2 class=\"wp-block-heading\">Pour vous inscrire au webinaire, <a href=\"https:\/\/app.livestorm.co\/www-erold-fr\/toutes-les-questions-que-vous-vous-posez-sur-la-maladie-de-lyme\" target=\"_blank\" rel=\"noreferrer noopener\">merci de suivre les instructions en cliquant sur ce lien<\/a>.<\/h2>\n\n\n\n<p>Les articles sur la maladie de <strong>lyme <\/strong>sont disponible sur le site de <a href=\"https:\/\/www.medisite.fr\/maladies\/maladies-infectieuses\/maladie-de-lyme\/524118\" target=\"_blank\" rel=\"noreferrer noopener\">M\u00e9disite en cliquant sur ce lien.<\/a> Il y a aussi un article sur <a href=\"https:\/\/www.medisite.fr\/maladie-de-lyme-les-maladies-transmises-par-les-tiques.5620188.524118.html\" target=\"_blank\" rel=\"noreferrer noopener\">plusieurs <strong>maladies \u00e0 tique<\/strong> en cliquant sur ce lien.<\/a><\/p>\n<div class=\"like-button\" style=\"float: right; clear: both; text-align: right; width = 100%;\">\n<!-- Facebook Like Button Vivacity Infotech BEGIN -->\n<div class=\"fb-like\" data-href=\"https:\/\/francelyme.fr\/site\/webinaire-avec-medisite-pour-la-parole-aux-patients\/\" data-layout=\"box_count\" data-action=\"like\" data-show-faces=\"false\" data-size=\"large\" data-width=\"450\" data-share=\"1\" ><\/div><\/div>\n<!-- Facebook Like Button Vivacity Infotech END -->\n","protected":false},"excerpt":{"rendered":"","protected":false},"author":17,"featured_media":13306,"comment_status":"closed","ping_status":"open","sticky":false,"template":"","format":"standard","meta":{"footnotes":""},"categories":[56],"tags":[],"class_list":["post-13266","post","type-post","status-publish","format-standard","has-post-thumbnail","hentry","category-conference"],"yoast_head":"<!-- This site is optimized with the Yoast SEO plugin v27.3 - https:\/\/yoast.com\/product\/yoast-seo-wordpress\/ -->\n<title>Webinaire avec M\u00e9disite pour La Parole aux Patients lundi 11 juillet, inscrivez-vous ! - Association France Lyme<\/title>\n<meta name=\"robots\" content=\"index, follow, max-snippet:-1, max-image-preview:large, max-video-preview:-1\" \/>\n<link rel=\"canonical\" href=\"https:\/\/francelyme.fr\/site\/webinaire-avec-medisite-pour-la-parole-aux-patients\/\" \/>\n<meta property=\"og:locale\" content=\"fr_FR\" \/>\n<meta property=\"og:type\" content=\"article\" \/>\n<meta property=\"og:title\" content=\"Webinaire avec M\u00e9disite pour La Parole aux Patients lundi 11 juillet, inscrivez-vous ! - Association France Lyme\" \/>\n<meta property=\"og:url\" content=\"https:\/\/francelyme.fr\/site\/webinaire-avec-medisite-pour-la-parole-aux-patients\/\" \/>\n<meta property=\"og:site_name\" content=\"Association France Lyme\" \/>\n<meta property=\"article:publisher\" content=\"https:\/\/www.facebook.com\/france.lyme\" \/>\n<meta property=\"article:published_time\" content=\"2022-07-05T14:21:00+00:00\" \/>\n<meta property=\"article:modified_time\" content=\"2022-07-12T18:28:23+00:00\" \/>\n<meta property=\"og:image\" content=\"https:\/\/francelyme.fr\/site\/wp-content\/uploads\/2022\/06\/Facebook-et-Linkedin-carre-1080-x-1080-La-parole-aux-patients-Medisite.png\" \/>\n\t<meta property=\"og:image:width\" content=\"1080\" \/>\n\t<meta property=\"og:image:height\" content=\"1080\" \/>\n\t<meta property=\"og:image:type\" content=\"image\/png\" \/>\n<meta name=\"author\" content=\"adminntlyme\" \/>\n<meta name=\"twitter:card\" content=\"summary_large_image\" \/>\n<meta name=\"twitter:creator\" content=\"@francelyme\" \/>\n<meta name=\"twitter:site\" content=\"@francelyme\" \/>\n<meta name=\"twitter:label1\" content=\"\u00c9crit par\" \/>\n\t<meta name=\"twitter:data1\" content=\"adminntlyme\" \/>\n\t<meta name=\"twitter:label2\" content=\"Dur\u00e9e de lecture estim\u00e9e\" \/>\n\t<meta name=\"twitter:data2\" content=\"1 minute\" \/>\n<script type=\"application\/ld+json\" class=\"yoast-schema-graph\">{\"@context\":\"https:\\\/\\\/schema.org\",\"@graph\":[{\"@type\":\"Article\",\"@id\":\"https:\\\/\\\/francelyme.fr\\\/site\\\/webinaire-avec-medisite-pour-la-parole-aux-patients\\\/#article\",\"isPartOf\":{\"@id\":\"https:\\\/\\\/francelyme.fr\\\/site\\\/webinaire-avec-medisite-pour-la-parole-aux-patients\\\/\"},\"author\":{\"name\":\"adminntlyme\",\"@id\":\"https:\\\/\\\/francelyme.fr\\\/site\\\/#\\\/schema\\\/person\\\/f7bd0eb75be49e4795c4ea0b3767e039\"},\"headline\":\"Webinaire avec M\u00e9disite pour La Parole aux Patients lundi 11 juillet, inscrivez-vous !\",\"datePublished\":\"2022-07-05T14:21:00+00:00\",\"dateModified\":\"2022-07-12T18:28:23+00:00\",\"mainEntityOfPage\":{\"@id\":\"https:\\\/\\\/francelyme.fr\\\/site\\\/webinaire-avec-medisite-pour-la-parole-aux-patients\\\/\"},\"wordCount\":172,\"publisher\":{\"@id\":\"https:\\\/\\\/francelyme.fr\\\/site\\\/#organization\"},\"image\":{\"@id\":\"https:\\\/\\\/francelyme.fr\\\/site\\\/webinaire-avec-medisite-pour-la-parole-aux-patients\\\/#primaryimage\"},\"thumbnailUrl\":\"https:\\\/\\\/francelyme.fr\\\/site\\\/wp-content\\\/uploads\\\/2022\\\/06\\\/Facebook-et-Linkedin-carre-1080-x-1080-La-parole-aux-patients-Medisite.png\",\"articleSection\":[\"Conf\u00e9rences\"],\"inLanguage\":\"fr-FR\"},{\"@type\":\"WebPage\",\"@id\":\"https:\\\/\\\/francelyme.fr\\\/site\\\/webinaire-avec-medisite-pour-la-parole-aux-patients\\\/\",\"url\":\"https:\\\/\\\/francelyme.fr\\\/site\\\/webinaire-avec-medisite-pour-la-parole-aux-patients\\\/\",\"name\":\"Webinaire avec M\u00e9disite pour La Parole aux Patients lundi 11 juillet, inscrivez-vous ! - Association France Lyme\",\"isPartOf\":{\"@id\":\"https:\\\/\\\/francelyme.fr\\\/site\\\/#website\"},\"primaryImageOfPage\":{\"@id\":\"https:\\\/\\\/francelyme.fr\\\/site\\\/webinaire-avec-medisite-pour-la-parole-aux-patients\\\/#primaryimage\"},\"image\":{\"@id\":\"https:\\\/\\\/francelyme.fr\\\/site\\\/webinaire-avec-medisite-pour-la-parole-aux-patients\\\/#primaryimage\"},\"thumbnailUrl\":\"https:\\\/\\\/francelyme.fr\\\/site\\\/wp-content\\\/uploads\\\/2022\\\/06\\\/Facebook-et-Linkedin-carre-1080-x-1080-La-parole-aux-patients-Medisite.png\",\"datePublished\":\"2022-07-05T14:21:00+00:00\",\"dateModified\":\"2022-07-12T18:28:23+00:00\",\"breadcrumb\":{\"@id\":\"https:\\\/\\\/francelyme.fr\\\/site\\\/webinaire-avec-medisite-pour-la-parole-aux-patients\\\/#breadcrumb\"},\"inLanguage\":\"fr-FR\",\"potentialAction\":[{\"@type\":\"ReadAction\",\"target\":[\"https:\\\/\\\/francelyme.fr\\\/site\\\/webinaire-avec-medisite-pour-la-parole-aux-patients\\\/\"]}]},{\"@type\":\"ImageObject\",\"inLanguage\":\"fr-FR\",\"@id\":\"https:\\\/\\\/francelyme.fr\\\/site\\\/webinaire-avec-medisite-pour-la-parole-aux-patients\\\/#primaryimage\",\"url\":\"https:\\\/\\\/francelyme.fr\\\/site\\\/wp-content\\\/uploads\\\/2022\\\/06\\\/Facebook-et-Linkedin-carre-1080-x-1080-La-parole-aux-patients-Medisite.png\",\"contentUrl\":\"https:\\\/\\\/francelyme.fr\\\/site\\\/wp-content\\\/uploads\\\/2022\\\/06\\\/Facebook-et-Linkedin-carre-1080-x-1080-La-parole-aux-patients-Medisite.png\",\"width\":1080,\"height\":1080},{\"@type\":\"BreadcrumbList\",\"@id\":\"https:\\\/\\\/francelyme.fr\\\/site\\\/webinaire-avec-medisite-pour-la-parole-aux-patients\\\/#breadcrumb\",\"itemListElement\":[{\"@type\":\"ListItem\",\"position\":1,\"name\":\"Accueil\",\"item\":\"https:\\\/\\\/francelyme.fr\\\/site\\\/\"},{\"@type\":\"ListItem\",\"position\":2,\"name\":\"Webinaire avec M\u00e9disite pour La Parole aux Patients lundi 11 juillet, inscrivez-vous !\"}]},{\"@type\":\"WebSite\",\"@id\":\"https:\\\/\\\/francelyme.fr\\\/site\\\/#website\",\"url\":\"https:\\\/\\\/francelyme.fr\\\/site\\\/\",\"name\":\"Association France Lyme\",\"description\":\"Association de lutte contre les maladies vectorielles \u00e0 tiques\",\"publisher\":{\"@id\":\"https:\\\/\\\/francelyme.fr\\\/site\\\/#organization\"},\"potentialAction\":[{\"@type\":\"SearchAction\",\"target\":{\"@type\":\"EntryPoint\",\"urlTemplate\":\"https:\\\/\\\/francelyme.fr\\\/site\\\/?s={search_term_string}\"},\"query-input\":{\"@type\":\"PropertyValueSpecification\",\"valueRequired\":true,\"valueName\":\"search_term_string\"}}],\"inLanguage\":\"fr-FR\"},{\"@type\":\"Organization\",\"@id\":\"https:\\\/\\\/francelyme.fr\\\/site\\\/#organization\",\"name\":\"France Lyme\",\"url\":\"https:\\\/\\\/francelyme.fr\\\/site\\\/\",\"logo\":{\"@type\":\"ImageObject\",\"inLanguage\":\"fr-FR\",\"@id\":\"https:\\\/\\\/francelyme.fr\\\/site\\\/#\\\/schema\\\/logo\\\/image\\\/\",\"url\":\"https:\\\/\\\/francelyme.fr\\\/site\\\/wp-content\\\/uploads\\\/2019\\\/05\\\/francelyme-site.gif\",\"contentUrl\":\"https:\\\/\\\/francelyme.fr\\\/site\\\/wp-content\\\/uploads\\\/2019\\\/05\\\/francelyme-site.gif\",\"width\":180,\"height\":180,\"caption\":\"France Lyme\"},\"image\":{\"@id\":\"https:\\\/\\\/francelyme.fr\\\/site\\\/#\\\/schema\\\/logo\\\/image\\\/\"},\"sameAs\":[\"https:\\\/\\\/www.facebook.com\\\/france.lyme\",\"https:\\\/\\\/x.com\\\/francelyme\",\"https:\\\/\\\/www.youtube.com\\\/channel\\\/UClMCGl3dvkz0iAgXFR1NH1A\"]},{\"@type\":\"Person\",\"@id\":\"https:\\\/\\\/francelyme.fr\\\/site\\\/#\\\/schema\\\/person\\\/f7bd0eb75be49e4795c4ea0b3767e039\",\"name\":\"adminntlyme\",\"image\":{\"@type\":\"ImageObject\",\"inLanguage\":\"fr-FR\",\"@id\":\"https:\\\/\\\/secure.gravatar.com\\\/avatar\\\/e9ab07a36659baa27b55dfef2a5432041c212015f8eb8a8d25b934c17a03cb54?s=96&d=mm&r=g\",\"url\":\"https:\\\/\\\/secure.gravatar.com\\\/avatar\\\/e9ab07a36659baa27b55dfef2a5432041c212015f8eb8a8d25b934c17a03cb54?s=96&d=mm&r=g\",\"contentUrl\":\"https:\\\/\\\/secure.gravatar.com\\\/avatar\\\/e9ab07a36659baa27b55dfef2a5432041c212015f8eb8a8d25b934c17a03cb54?s=96&d=mm&r=g\",\"caption\":\"adminntlyme\"},\"url\":\"https:\\\/\\\/francelyme.fr\\\/site\\\/author\\\/adminntlyme\\\/\"}]}<\/script>\n<!-- \/ Yoast SEO plugin. -->","yoast_head_json":{"title":"Webinaire avec M\u00e9disite pour La Parole aux Patients lundi 11 juillet, inscrivez-vous ! - Association France Lyme","robots":{"index":"index","follow":"follow","max-snippet":"max-snippet:-1","max-image-preview":"max-image-preview:large","max-video-preview":"max-video-preview:-1"},"canonical":"https:\/\/francelyme.fr\/site\/webinaire-avec-medisite-pour-la-parole-aux-patients\/","og_locale":"fr_FR","og_type":"article","og_title":"Webinaire avec M\u00e9disite pour La Parole aux Patients lundi 11 juillet, inscrivez-vous ! - Association France Lyme","og_url":"https:\/\/francelyme.fr\/site\/webinaire-avec-medisite-pour-la-parole-aux-patients\/","og_site_name":"Association France Lyme","article_publisher":"https:\/\/www.facebook.com\/france.lyme","article_published_time":"2022-07-05T14:21:00+00:00","article_modified_time":"2022-07-12T18:28:23+00:00","og_image":[{"width":1080,"height":1080,"url":"https:\/\/francelyme.fr\/site\/wp-content\/uploads\/2022\/06\/Facebook-et-Linkedin-carre-1080-x-1080-La-parole-aux-patients-Medisite.png","type":"image\/png"}],"author":"adminntlyme","twitter_card":"summary_large_image","twitter_creator":"@francelyme","twitter_site":"@francelyme","twitter_misc":{"\u00c9crit par":"adminntlyme","Dur\u00e9e de lecture estim\u00e9e":"1 minute"},"schema":{"@context":"https:\/\/schema.org","@graph":[{"@type":"Article","@id":"https:\/\/francelyme.fr\/site\/webinaire-avec-medisite-pour-la-parole-aux-patients\/#article","isPartOf":{"@id":"https:\/\/francelyme.fr\/site\/webinaire-avec-medisite-pour-la-parole-aux-patients\/"},"author":{"name":"adminntlyme","@id":"https:\/\/francelyme.fr\/site\/#\/schema\/person\/f7bd0eb75be49e4795c4ea0b3767e039"},"headline":"Webinaire avec M\u00e9disite pour La Parole aux Patients lundi 11 juillet, inscrivez-vous !","datePublished":"2022-07-05T14:21:00+00:00","dateModified":"2022-07-12T18:28:23+00:00","mainEntityOfPage":{"@id":"https:\/\/francelyme.fr\/site\/webinaire-avec-medisite-pour-la-parole-aux-patients\/"},"wordCount":172,"publisher":{"@id":"https:\/\/francelyme.fr\/site\/#organization"},"image":{"@id":"https:\/\/francelyme.fr\/site\/webinaire-avec-medisite-pour-la-parole-aux-patients\/#primaryimage"},"thumbnailUrl":"https:\/\/francelyme.fr\/site\/wp-content\/uploads\/2022\/06\/Facebook-et-Linkedin-carre-1080-x-1080-La-parole-aux-patients-Medisite.png","articleSection":["Conf\u00e9rences"],"inLanguage":"fr-FR"},{"@type":"WebPage","@id":"https:\/\/francelyme.fr\/site\/webinaire-avec-medisite-pour-la-parole-aux-patients\/","url":"https:\/\/francelyme.fr\/site\/webinaire-avec-medisite-pour-la-parole-aux-patients\/","name":"Webinaire avec M\u00e9disite pour La Parole aux Patients lundi 11 juillet, inscrivez-vous ! - Association France Lyme","isPartOf":{"@id":"https:\/\/francelyme.fr\/site\/#website"},"primaryImageOfPage":{"@id":"https:\/\/francelyme.fr\/site\/webinaire-avec-medisite-pour-la-parole-aux-patients\/#primaryimage"},"image":{"@id":"https:\/\/francelyme.fr\/site\/webinaire-avec-medisite-pour-la-parole-aux-patients\/#primaryimage"},"thumbnailUrl":"https:\/\/francelyme.fr\/site\/wp-content\/uploads\/2022\/06\/Facebook-et-Linkedin-carre-1080-x-1080-La-parole-aux-patients-Medisite.png","datePublished":"2022-07-05T14:21:00+00:00","dateModified":"2022-07-12T18:28:23+00:00","breadcrumb":{"@id":"https:\/\/francelyme.fr\/site\/webinaire-avec-medisite-pour-la-parole-aux-patients\/#breadcrumb"},"inLanguage":"fr-FR","potentialAction":[{"@type":"ReadAction","target":["https:\/\/francelyme.fr\/site\/webinaire-avec-medisite-pour-la-parole-aux-patients\/"]}]},{"@type":"ImageObject","inLanguage":"fr-FR","@id":"https:\/\/francelyme.fr\/site\/webinaire-avec-medisite-pour-la-parole-aux-patients\/#primaryimage","url":"https:\/\/francelyme.fr\/site\/wp-content\/uploads\/2022\/06\/Facebook-et-Linkedin-carre-1080-x-1080-La-parole-aux-patients-Medisite.png","contentUrl":"https:\/\/francelyme.fr\/site\/wp-content\/uploads\/2022\/06\/Facebook-et-Linkedin-carre-1080-x-1080-La-parole-aux-patients-Medisite.png","width":1080,"height":1080},{"@type":"BreadcrumbList","@id":"https:\/\/francelyme.fr\/site\/webinaire-avec-medisite-pour-la-parole-aux-patients\/#breadcrumb","itemListElement":[{"@type":"ListItem","position":1,"name":"Accueil","item":"https:\/\/francelyme.fr\/site\/"},{"@type":"ListItem","position":2,"name":"Webinaire avec M\u00e9disite pour La Parole aux Patients lundi 11 juillet, inscrivez-vous !"}]},{"@type":"WebSite","@id":"https:\/\/francelyme.fr\/site\/#website","url":"https:\/\/francelyme.fr\/site\/","name":"Association France Lyme","description":"Association de lutte contre les maladies vectorielles \u00e0 tiques","publisher":{"@id":"https:\/\/francelyme.fr\/site\/#organization"},"potentialAction":[{"@type":"SearchAction","target":{"@type":"EntryPoint","urlTemplate":"https:\/\/francelyme.fr\/site\/?s={search_term_string}"},"query-input":{"@type":"PropertyValueSpecification","valueRequired":true,"valueName":"search_term_string"}}],"inLanguage":"fr-FR"},{"@type":"Organization","@id":"https:\/\/francelyme.fr\/site\/#organization","name":"France Lyme","url":"https:\/\/francelyme.fr\/site\/","logo":{"@type":"ImageObject","inLanguage":"fr-FR","@id":"https:\/\/francelyme.fr\/site\/#\/schema\/logo\/image\/","url":"https:\/\/francelyme.fr\/site\/wp-content\/uploads\/2019\/05\/francelyme-site.gif","contentUrl":"https:\/\/francelyme.fr\/site\/wp-content\/uploads\/2019\/05\/francelyme-site.gif","width":180,"height":180,"caption":"France Lyme"},"image":{"@id":"https:\/\/francelyme.fr\/site\/#\/schema\/logo\/image\/"},"sameAs":["https:\/\/www.facebook.com\/france.lyme","https:\/\/x.com\/francelyme","https:\/\/www.youtube.com\/channel\/UClMCGl3dvkz0iAgXFR1NH1A"]},{"@type":"Person","@id":"https:\/\/francelyme.fr\/site\/#\/schema\/person\/f7bd0eb75be49e4795c4ea0b3767e039","name":"adminntlyme","image":{"@type":"ImageObject","inLanguage":"fr-FR","@id":"https:\/\/secure.gravatar.com\/avatar\/e9ab07a36659baa27b55dfef2a5432041c212015f8eb8a8d25b934c17a03cb54?s=96&d=mm&r=g","url":"https:\/\/secure.gravatar.com\/avatar\/e9ab07a36659baa27b55dfef2a5432041c212015f8eb8a8d25b934c17a03cb54?s=96&d=mm&r=g","contentUrl":"https:\/\/secure.gravatar.com\/avatar\/e9ab07a36659baa27b55dfef2a5432041c212015f8eb8a8d25b934c17a03cb54?s=96&d=mm&r=g","caption":"adminntlyme"},"url":"https:\/\/francelyme.fr\/site\/author\/adminntlyme\/"}]}},"_links":{"self":[{"href":"https:\/\/francelyme.fr\/site\/wp-json\/wp\/v2\/posts\/13266","targetHints":{"allow":["GET"]}}],"collection":[{"href":"https:\/\/francelyme.fr\/site\/wp-json\/wp\/v2\/posts"}],"about":[{"href":"https:\/\/francelyme.fr\/site\/wp-json\/wp\/v2\/types\/post"}],"author":[{"embeddable":true,"href":"https:\/\/francelyme.fr\/site\/wp-json\/wp\/v2\/users\/17"}],"replies":[{"embeddable":true,"href":"https:\/\/francelyme.fr\/site\/wp-json\/wp\/v2\/comments?post=13266"}],"version-history":[{"count":11,"href":"https:\/\/francelyme.fr\/site\/wp-json\/wp\/v2\/posts\/13266\/revisions"}],"predecessor-version":[{"id":13346,"href":"https:\/\/francelyme.fr\/site\/wp-json\/wp\/v2\/posts\/13266\/revisions\/13346"}],"wp:featuredmedia":[{"embeddable":true,"href":"https:\/\/francelyme.fr\/site\/wp-json\/wp\/v2\/media\/13306"}],"wp:attachment":[{"href":"https:\/\/francelyme.fr\/site\/wp-json\/wp\/v2\/media?parent=13266"}],"wp:term":[{"taxonomy":"category","embeddable":true,"href":"https:\/\/francelyme.fr\/site\/wp-json\/wp\/v2\/categories?post=13266"},{"taxonomy":"post_tag","embeddable":true,"href":"https:\/\/francelyme.fr\/site\/wp-json\/wp\/v2\/tags?post=13266"}],"curies":[{"name":"wp","href":"https:\/\/api.w.org\/{rel}","templated":true}]}}