{"id":13289,"date":"2022-07-04T21:44:29","date_gmt":"2022-07-04T19:44:29","guid":{"rendered":"https:\/\/francelyme.fr\/site\/?p=13289"},"modified":"2022-07-05T21:53:00","modified_gmt":"2022-07-05T19:53:00","slug":"replay-webinaire-avec-la-plateforme-jointomo","status":"publish","type":"post","link":"https:\/\/francelyme.fr\/site\/replay-webinaire-avec-la-plateforme-jointomo\/","title":{"rendered":"Replay webinaire avec la plateforme Jointomo du 1er juin"},"content":{"rendered":"<div class=\"like-button\" style=\"float: right; clear: both; text-align: right; width = 100%;\">\n<!-- Facebook Like Button Vivacity Infotech BEGIN -->\n<div class=\"fb-like\" data-href=\"https:\/\/francelyme.fr\/site\/replay-webinaire-avec-la-plateforme-jointomo\/\" data-layout=\"box_count\" data-action=\"like\" data-show-faces=\"false\" data-size=\"large\" data-width=\"450\" data-share=\"1\" ><\/div><\/div>\n<!-- Facebook Like Button Vivacity Infotech END -->\n<div id=\"fb-root\"><\/div>\n\n<p>Tomo est un r\u00e9seau de recommandation de professionnels de sant\u00e9 pour les patients par les patients.<\/p>\n\n\n\n<p>Les deux services destin\u00e9s \u00e0 exister sont :<\/p>\n\n\n\n<ul class=\"wp-block-list\"><li>L\u2019un permettant aux patients de <strong>trouver des professionnels de sant\u00e9 recommand\u00e9s par leurs r\u00e9seaux et leurs proches<\/strong>. <\/li><li>L\u2019autre permettant aux patients <strong>d\u2019\u00e9changer avec des pairs aidants de leur(s) pathologie(s) une fois le diagnostic m\u00e9dical \u00e9tabli et apr\u00e8s<\/strong>, que nous d\u00e9veloppons en collaboration avec les associations et les \u00e9tablissements de sant\u00e9.<\/li><\/ul>\n\n\n\n<p>La page de l&rsquo;association <a href=\"https:\/\/www.jointomo.com\/patients-aidants\/france-lyme\" target=\"_blank\" rel=\"noreferrer noopener\">est sous ce lien.<\/a><\/p>\n\n\n\n<div class=\"wp-block-image\"><figure class=\"aligncenter size-large is-resized\"><a href=\"https:\/\/www.jointomo.com\/patients-aidants\/france-lyme\"><img loading=\"lazy\" decoding=\"async\" src=\"https:\/\/francelyme.fr\/site\/wp-content\/uploads\/2022\/07\/Image-Jointomo-page-FL-1024x405.jpg\" alt=\"\" class=\"wp-image-13296\" width=\"475\" height=\"188\" srcset=\"https:\/\/francelyme.fr\/site\/wp-content\/uploads\/2022\/07\/Image-Jointomo-page-FL-1024x405.jpg 1024w, https:\/\/francelyme.fr\/site\/wp-content\/uploads\/2022\/07\/Image-Jointomo-page-FL-300x119.jpg 300w, https:\/\/francelyme.fr\/site\/wp-content\/uploads\/2022\/07\/Image-Jointomo-page-FL-768x303.jpg 768w, https:\/\/francelyme.fr\/site\/wp-content\/uploads\/2022\/07\/Image-Jointomo-page-FL-1536x607.jpg 1536w, https:\/\/francelyme.fr\/site\/wp-content\/uploads\/2022\/07\/Image-Jointomo-page-FL-1320x521.jpg 1320w, https:\/\/francelyme.fr\/site\/wp-content\/uploads\/2022\/07\/Image-Jointomo-page-FL.jpg 1572w\" sizes=\"auto, (max-width: 475px) 100vw, 475px\" \/><\/a><figcaption>Page France Lyme sur Jointomo<\/figcaption><\/figure><\/div>\n\n\n\n<p>Pour prendre rdv avec un patient-aidant, il suffit de saisir le mot de passe (le nom de l&rsquo;association en minuscule et attach\u00e9).<\/p>\n\n\n\n<h2 class=\"has-text-color wp-block-heading\" style=\"color:#f142ab\">Le webinaire du 1er juin <\/h2>\n\n\n\n<figure class=\"wp-block-embed is-type-video is-provider-youtube wp-block-embed-youtube wp-embed-aspect-16-9 wp-has-aspect-ratio\"><div class=\"wp-block-embed__wrapper\">\n<iframe loading=\"lazy\" title=\"Webinaire Maladie de Lyme et errance\" width=\"860\" height=\"484\" src=\"https:\/\/www.youtube.com\/embed\/UyUJ0d5GlUo?feature=oembed\" frameborder=\"0\" allow=\"accelerometer; autoplay; clipboard-write; encrypted-media; gyroscope; picture-in-picture\" allowfullscreen><\/iframe>\n<\/div><figcaption>Replay webinaire du 1 juin 2022<\/figcaption><\/figure>\n\n\n\n<div class=\"wp-block-image\"><figure class=\"aligncenter size-large\"><img loading=\"lazy\" decoding=\"async\" width=\"853\" height=\"855\" src=\"https:\/\/francelyme.fr\/site\/wp-content\/uploads\/2022\/07\/Julie-Jointomo-webinaire-01.06.2022.jpg\" alt=\"\" class=\"wp-image-13292\" srcset=\"https:\/\/francelyme.fr\/site\/wp-content\/uploads\/2022\/07\/Julie-Jointomo-webinaire-01.06.2022.jpg 853w, https:\/\/francelyme.fr\/site\/wp-content\/uploads\/2022\/07\/Julie-Jointomo-webinaire-01.06.2022-300x300.jpg 300w, https:\/\/francelyme.fr\/site\/wp-content\/uploads\/2022\/07\/Julie-Jointomo-webinaire-01.06.2022-150x150.jpg 150w, https:\/\/francelyme.fr\/site\/wp-content\/uploads\/2022\/07\/Julie-Jointomo-webinaire-01.06.2022-768x770.jpg 768w, https:\/\/francelyme.fr\/site\/wp-content\/uploads\/2022\/07\/Julie-Jointomo-webinaire-01.06.2022-90x90.jpg 90w, https:\/\/francelyme.fr\/site\/wp-content\/uploads\/2022\/07\/Julie-Jointomo-webinaire-01.06.2022-75x75.jpg 75w\" sizes=\"auto, (max-width: 853px) 100vw, 853px\" \/><figcaption>Image t\u00e9moignage Julie pour Jointomo<\/figcaption><\/figure><\/div>\n\n\n\n<figure class=\"wp-block-embed is-type-video is-provider-youtube wp-block-embed-youtube wp-embed-aspect-16-9 wp-has-aspect-ratio\"><div class=\"wp-block-embed__wrapper\">\n<iframe loading=\"lazy\" title=\"Interview - Julie et la d\u00e9couverte de la maladie de lyme\" width=\"860\" height=\"484\" src=\"https:\/\/www.youtube.com\/embed\/GrD08zGEQuc?feature=oembed\" frameborder=\"0\" allow=\"accelerometer; autoplay; clipboard-write; encrypted-media; gyroscope; picture-in-picture\" allowfullscreen><\/iframe>\n<\/div><figcaption>Interview de Julie<\/figcaption><\/figure>\n\n\n\n<p><\/p>\n<div class=\"like-button\" style=\"float: right; clear: both; text-align: right; width = 100%;\">\n<!-- Facebook Like Button Vivacity Infotech BEGIN -->\n<div class=\"fb-like\" data-href=\"https:\/\/francelyme.fr\/site\/replay-webinaire-avec-la-plateforme-jointomo\/\" data-layout=\"box_count\" data-action=\"like\" data-show-faces=\"false\" data-size=\"large\" data-width=\"450\" data-share=\"1\" ><\/div><\/div>\n<!-- Facebook Like Button Vivacity Infotech END -->\n","protected":false},"excerpt":{"rendered":"","protected":false},"author":17,"featured_media":13293,"comment_status":"closed","ping_status":"open","sticky":false,"template":"","format":"standard","meta":{"footnotes":""},"categories":[56],"tags":[],"class_list":["post-13289","post","type-post","status-publish","format-standard","has-post-thumbnail","hentry","category-conference"],"yoast_head":"<!-- This site is optimized with the Yoast SEO plugin v27.3 - https:\/\/yoast.com\/product\/yoast-seo-wordpress\/ -->\n<title>Replay webinaire avec la plateforme Jointomo du 1er juin - Association France Lyme<\/title>\n<meta name=\"robots\" content=\"index, follow, max-snippet:-1, max-image-preview:large, max-video-preview:-1\" \/>\n<link rel=\"canonical\" href=\"https:\/\/francelyme.fr\/site\/replay-webinaire-avec-la-plateforme-jointomo\/\" \/>\n<meta property=\"og:locale\" content=\"fr_FR\" \/>\n<meta property=\"og:type\" content=\"article\" \/>\n<meta property=\"og:title\" content=\"Replay webinaire avec la plateforme Jointomo du 1er juin - Association France Lyme\" \/>\n<meta property=\"og:url\" content=\"https:\/\/francelyme.fr\/site\/replay-webinaire-avec-la-plateforme-jointomo\/\" \/>\n<meta property=\"og:site_name\" content=\"Association France Lyme\" \/>\n<meta property=\"article:publisher\" content=\"https:\/\/www.facebook.com\/france.lyme\" \/>\n<meta property=\"article:published_time\" content=\"2022-07-04T19:44:29+00:00\" \/>\n<meta property=\"article:modified_time\" content=\"2022-07-05T19:53:00+00:00\" \/>\n<meta property=\"og:image\" content=\"https:\/\/francelyme.fr\/site\/wp-content\/uploads\/2022\/07\/Public-Julie-Jointomo-webinaire-01.06.2022.png\" \/>\n\t<meta property=\"og:image:width\" content=\"1080\" \/>\n\t<meta property=\"og:image:height\" content=\"1080\" \/>\n\t<meta property=\"og:image:type\" content=\"image\/png\" \/>\n<meta name=\"author\" content=\"adminntlyme\" \/>\n<meta name=\"twitter:card\" content=\"summary_large_image\" \/>\n<meta name=\"twitter:creator\" content=\"@francelyme\" \/>\n<meta name=\"twitter:site\" content=\"@francelyme\" \/>\n<meta name=\"twitter:label1\" content=\"\u00c9crit par\" \/>\n\t<meta name=\"twitter:data1\" content=\"adminntlyme\" \/>\n\t<meta name=\"twitter:label2\" content=\"Dur\u00e9e de lecture estim\u00e9e\" \/>\n\t<meta name=\"twitter:data2\" content=\"1 minute\" \/>\n<script type=\"application\/ld+json\" class=\"yoast-schema-graph\">{\"@context\":\"https:\\\/\\\/schema.org\",\"@graph\":[{\"@type\":\"Article\",\"@id\":\"https:\\\/\\\/francelyme.fr\\\/site\\\/replay-webinaire-avec-la-plateforme-jointomo\\\/#article\",\"isPartOf\":{\"@id\":\"https:\\\/\\\/francelyme.fr\\\/site\\\/replay-webinaire-avec-la-plateforme-jointomo\\\/\"},\"author\":{\"name\":\"adminntlyme\",\"@id\":\"https:\\\/\\\/francelyme.fr\\\/site\\\/#\\\/schema\\\/person\\\/f7bd0eb75be49e4795c4ea0b3767e039\"},\"headline\":\"Replay webinaire avec la plateforme Jointomo du 1er juin\",\"datePublished\":\"2022-07-04T19:44:29+00:00\",\"dateModified\":\"2022-07-05T19:53:00+00:00\",\"mainEntityOfPage\":{\"@id\":\"https:\\\/\\\/francelyme.fr\\\/site\\\/replay-webinaire-avec-la-plateforme-jointomo\\\/\"},\"wordCount\":162,\"publisher\":{\"@id\":\"https:\\\/\\\/francelyme.fr\\\/site\\\/#organization\"},\"image\":{\"@id\":\"https:\\\/\\\/francelyme.fr\\\/site\\\/replay-webinaire-avec-la-plateforme-jointomo\\\/#primaryimage\"},\"thumbnailUrl\":\"https:\\\/\\\/francelyme.fr\\\/site\\\/wp-content\\\/uploads\\\/2022\\\/07\\\/Public-Julie-Jointomo-webinaire-01.06.2022.png\",\"articleSection\":[\"Conf\u00e9rences\"],\"inLanguage\":\"fr-FR\"},{\"@type\":\"WebPage\",\"@id\":\"https:\\\/\\\/francelyme.fr\\\/site\\\/replay-webinaire-avec-la-plateforme-jointomo\\\/\",\"url\":\"https:\\\/\\\/francelyme.fr\\\/site\\\/replay-webinaire-avec-la-plateforme-jointomo\\\/\",\"name\":\"Replay webinaire avec la plateforme Jointomo du 1er juin - Association France Lyme\",\"isPartOf\":{\"@id\":\"https:\\\/\\\/francelyme.fr\\\/site\\\/#website\"},\"primaryImageOfPage\":{\"@id\":\"https:\\\/\\\/francelyme.fr\\\/site\\\/replay-webinaire-avec-la-plateforme-jointomo\\\/#primaryimage\"},\"image\":{\"@id\":\"https:\\\/\\\/francelyme.fr\\\/site\\\/replay-webinaire-avec-la-plateforme-jointomo\\\/#primaryimage\"},\"thumbnailUrl\":\"https:\\\/\\\/francelyme.fr\\\/site\\\/wp-content\\\/uploads\\\/2022\\\/07\\\/Public-Julie-Jointomo-webinaire-01.06.2022.png\",\"datePublished\":\"2022-07-04T19:44:29+00:00\",\"dateModified\":\"2022-07-05T19:53:00+00:00\",\"breadcrumb\":{\"@id\":\"https:\\\/\\\/francelyme.fr\\\/site\\\/replay-webinaire-avec-la-plateforme-jointomo\\\/#breadcrumb\"},\"inLanguage\":\"fr-FR\",\"potentialAction\":[{\"@type\":\"ReadAction\",\"target\":[\"https:\\\/\\\/francelyme.fr\\\/site\\\/replay-webinaire-avec-la-plateforme-jointomo\\\/\"]}]},{\"@type\":\"ImageObject\",\"inLanguage\":\"fr-FR\",\"@id\":\"https:\\\/\\\/francelyme.fr\\\/site\\\/replay-webinaire-avec-la-plateforme-jointomo\\\/#primaryimage\",\"url\":\"https:\\\/\\\/francelyme.fr\\\/site\\\/wp-content\\\/uploads\\\/2022\\\/07\\\/Public-Julie-Jointomo-webinaire-01.06.2022.png\",\"contentUrl\":\"https:\\\/\\\/francelyme.fr\\\/site\\\/wp-content\\\/uploads\\\/2022\\\/07\\\/Public-Julie-Jointomo-webinaire-01.06.2022.png\",\"width\":1080,\"height\":1080},{\"@type\":\"BreadcrumbList\",\"@id\":\"https:\\\/\\\/francelyme.fr\\\/site\\\/replay-webinaire-avec-la-plateforme-jointomo\\\/#breadcrumb\",\"itemListElement\":[{\"@type\":\"ListItem\",\"position\":1,\"name\":\"Accueil\",\"item\":\"https:\\\/\\\/francelyme.fr\\\/site\\\/\"},{\"@type\":\"ListItem\",\"position\":2,\"name\":\"Replay webinaire avec la plateforme Jointomo du 1er juin\"}]},{\"@type\":\"WebSite\",\"@id\":\"https:\\\/\\\/francelyme.fr\\\/site\\\/#website\",\"url\":\"https:\\\/\\\/francelyme.fr\\\/site\\\/\",\"name\":\"Association France Lyme\",\"description\":\"Association de lutte contre les maladies vectorielles \u00e0 tiques\",\"publisher\":{\"@id\":\"https:\\\/\\\/francelyme.fr\\\/site\\\/#organization\"},\"potentialAction\":[{\"@type\":\"SearchAction\",\"target\":{\"@type\":\"EntryPoint\",\"urlTemplate\":\"https:\\\/\\\/francelyme.fr\\\/site\\\/?s={search_term_string}\"},\"query-input\":{\"@type\":\"PropertyValueSpecification\",\"valueRequired\":true,\"valueName\":\"search_term_string\"}}],\"inLanguage\":\"fr-FR\"},{\"@type\":\"Organization\",\"@id\":\"https:\\\/\\\/francelyme.fr\\\/site\\\/#organization\",\"name\":\"France Lyme\",\"url\":\"https:\\\/\\\/francelyme.fr\\\/site\\\/\",\"logo\":{\"@type\":\"ImageObject\",\"inLanguage\":\"fr-FR\",\"@id\":\"https:\\\/\\\/francelyme.fr\\\/site\\\/#\\\/schema\\\/logo\\\/image\\\/\",\"url\":\"https:\\\/\\\/francelyme.fr\\\/site\\\/wp-content\\\/uploads\\\/2019\\\/05\\\/francelyme-site.gif\",\"contentUrl\":\"https:\\\/\\\/francelyme.fr\\\/site\\\/wp-content\\\/uploads\\\/2019\\\/05\\\/francelyme-site.gif\",\"width\":180,\"height\":180,\"caption\":\"France Lyme\"},\"image\":{\"@id\":\"https:\\\/\\\/francelyme.fr\\\/site\\\/#\\\/schema\\\/logo\\\/image\\\/\"},\"sameAs\":[\"https:\\\/\\\/www.facebook.com\\\/france.lyme\",\"https:\\\/\\\/x.com\\\/francelyme\",\"https:\\\/\\\/www.youtube.com\\\/channel\\\/UClMCGl3dvkz0iAgXFR1NH1A\"]},{\"@type\":\"Person\",\"@id\":\"https:\\\/\\\/francelyme.fr\\\/site\\\/#\\\/schema\\\/person\\\/f7bd0eb75be49e4795c4ea0b3767e039\",\"name\":\"adminntlyme\",\"image\":{\"@type\":\"ImageObject\",\"inLanguage\":\"fr-FR\",\"@id\":\"https:\\\/\\\/secure.gravatar.com\\\/avatar\\\/e9ab07a36659baa27b55dfef2a5432041c212015f8eb8a8d25b934c17a03cb54?s=96&d=mm&r=g\",\"url\":\"https:\\\/\\\/secure.gravatar.com\\\/avatar\\\/e9ab07a36659baa27b55dfef2a5432041c212015f8eb8a8d25b934c17a03cb54?s=96&d=mm&r=g\",\"contentUrl\":\"https:\\\/\\\/secure.gravatar.com\\\/avatar\\\/e9ab07a36659baa27b55dfef2a5432041c212015f8eb8a8d25b934c17a03cb54?s=96&d=mm&r=g\",\"caption\":\"adminntlyme\"},\"url\":\"https:\\\/\\\/francelyme.fr\\\/site\\\/author\\\/adminntlyme\\\/\"}]}<\/script>\n<!-- \/ Yoast SEO plugin. -->","yoast_head_json":{"title":"Replay webinaire avec la plateforme Jointomo du 1er juin - Association France Lyme","robots":{"index":"index","follow":"follow","max-snippet":"max-snippet:-1","max-image-preview":"max-image-preview:large","max-video-preview":"max-video-preview:-1"},"canonical":"https:\/\/francelyme.fr\/site\/replay-webinaire-avec-la-plateforme-jointomo\/","og_locale":"fr_FR","og_type":"article","og_title":"Replay webinaire avec la plateforme Jointomo du 1er juin - Association France Lyme","og_url":"https:\/\/francelyme.fr\/site\/replay-webinaire-avec-la-plateforme-jointomo\/","og_site_name":"Association France Lyme","article_publisher":"https:\/\/www.facebook.com\/france.lyme","article_published_time":"2022-07-04T19:44:29+00:00","article_modified_time":"2022-07-05T19:53:00+00:00","og_image":[{"width":1080,"height":1080,"url":"https:\/\/francelyme.fr\/site\/wp-content\/uploads\/2022\/07\/Public-Julie-Jointomo-webinaire-01.06.2022.png","type":"image\/png"}],"author":"adminntlyme","twitter_card":"summary_large_image","twitter_creator":"@francelyme","twitter_site":"@francelyme","twitter_misc":{"\u00c9crit par":"adminntlyme","Dur\u00e9e de lecture estim\u00e9e":"1 minute"},"schema":{"@context":"https:\/\/schema.org","@graph":[{"@type":"Article","@id":"https:\/\/francelyme.fr\/site\/replay-webinaire-avec-la-plateforme-jointomo\/#article","isPartOf":{"@id":"https:\/\/francelyme.fr\/site\/replay-webinaire-avec-la-plateforme-jointomo\/"},"author":{"name":"adminntlyme","@id":"https:\/\/francelyme.fr\/site\/#\/schema\/person\/f7bd0eb75be49e4795c4ea0b3767e039"},"headline":"Replay webinaire avec la plateforme Jointomo du 1er juin","datePublished":"2022-07-04T19:44:29+00:00","dateModified":"2022-07-05T19:53:00+00:00","mainEntityOfPage":{"@id":"https:\/\/francelyme.fr\/site\/replay-webinaire-avec-la-plateforme-jointomo\/"},"wordCount":162,"publisher":{"@id":"https:\/\/francelyme.fr\/site\/#organization"},"image":{"@id":"https:\/\/francelyme.fr\/site\/replay-webinaire-avec-la-plateforme-jointomo\/#primaryimage"},"thumbnailUrl":"https:\/\/francelyme.fr\/site\/wp-content\/uploads\/2022\/07\/Public-Julie-Jointomo-webinaire-01.06.2022.png","articleSection":["Conf\u00e9rences"],"inLanguage":"fr-FR"},{"@type":"WebPage","@id":"https:\/\/francelyme.fr\/site\/replay-webinaire-avec-la-plateforme-jointomo\/","url":"https:\/\/francelyme.fr\/site\/replay-webinaire-avec-la-plateforme-jointomo\/","name":"Replay webinaire avec la plateforme Jointomo du 1er juin - Association France Lyme","isPartOf":{"@id":"https:\/\/francelyme.fr\/site\/#website"},"primaryImageOfPage":{"@id":"https:\/\/francelyme.fr\/site\/replay-webinaire-avec-la-plateforme-jointomo\/#primaryimage"},"image":{"@id":"https:\/\/francelyme.fr\/site\/replay-webinaire-avec-la-plateforme-jointomo\/#primaryimage"},"thumbnailUrl":"https:\/\/francelyme.fr\/site\/wp-content\/uploads\/2022\/07\/Public-Julie-Jointomo-webinaire-01.06.2022.png","datePublished":"2022-07-04T19:44:29+00:00","dateModified":"2022-07-05T19:53:00+00:00","breadcrumb":{"@id":"https:\/\/francelyme.fr\/site\/replay-webinaire-avec-la-plateforme-jointomo\/#breadcrumb"},"inLanguage":"fr-FR","potentialAction":[{"@type":"ReadAction","target":["https:\/\/francelyme.fr\/site\/replay-webinaire-avec-la-plateforme-jointomo\/"]}]},{"@type":"ImageObject","inLanguage":"fr-FR","@id":"https:\/\/francelyme.fr\/site\/replay-webinaire-avec-la-plateforme-jointomo\/#primaryimage","url":"https:\/\/francelyme.fr\/site\/wp-content\/uploads\/2022\/07\/Public-Julie-Jointomo-webinaire-01.06.2022.png","contentUrl":"https:\/\/francelyme.fr\/site\/wp-content\/uploads\/2022\/07\/Public-Julie-Jointomo-webinaire-01.06.2022.png","width":1080,"height":1080},{"@type":"BreadcrumbList","@id":"https:\/\/francelyme.fr\/site\/replay-webinaire-avec-la-plateforme-jointomo\/#breadcrumb","itemListElement":[{"@type":"ListItem","position":1,"name":"Accueil","item":"https:\/\/francelyme.fr\/site\/"},{"@type":"ListItem","position":2,"name":"Replay webinaire avec la plateforme Jointomo du 1er juin"}]},{"@type":"WebSite","@id":"https:\/\/francelyme.fr\/site\/#website","url":"https:\/\/francelyme.fr\/site\/","name":"Association France Lyme","description":"Association de lutte contre les maladies vectorielles \u00e0 tiques","publisher":{"@id":"https:\/\/francelyme.fr\/site\/#organization"},"potentialAction":[{"@type":"SearchAction","target":{"@type":"EntryPoint","urlTemplate":"https:\/\/francelyme.fr\/site\/?s={search_term_string}"},"query-input":{"@type":"PropertyValueSpecification","valueRequired":true,"valueName":"search_term_string"}}],"inLanguage":"fr-FR"},{"@type":"Organization","@id":"https:\/\/francelyme.fr\/site\/#organization","name":"France Lyme","url":"https:\/\/francelyme.fr\/site\/","logo":{"@type":"ImageObject","inLanguage":"fr-FR","@id":"https:\/\/francelyme.fr\/site\/#\/schema\/logo\/image\/","url":"https:\/\/francelyme.fr\/site\/wp-content\/uploads\/2019\/05\/francelyme-site.gif","contentUrl":"https:\/\/francelyme.fr\/site\/wp-content\/uploads\/2019\/05\/francelyme-site.gif","width":180,"height":180,"caption":"France Lyme"},"image":{"@id":"https:\/\/francelyme.fr\/site\/#\/schema\/logo\/image\/"},"sameAs":["https:\/\/www.facebook.com\/france.lyme","https:\/\/x.com\/francelyme","https:\/\/www.youtube.com\/channel\/UClMCGl3dvkz0iAgXFR1NH1A"]},{"@type":"Person","@id":"https:\/\/francelyme.fr\/site\/#\/schema\/person\/f7bd0eb75be49e4795c4ea0b3767e039","name":"adminntlyme","image":{"@type":"ImageObject","inLanguage":"fr-FR","@id":"https:\/\/secure.gravatar.com\/avatar\/e9ab07a36659baa27b55dfef2a5432041c212015f8eb8a8d25b934c17a03cb54?s=96&d=mm&r=g","url":"https:\/\/secure.gravatar.com\/avatar\/e9ab07a36659baa27b55dfef2a5432041c212015f8eb8a8d25b934c17a03cb54?s=96&d=mm&r=g","contentUrl":"https:\/\/secure.gravatar.com\/avatar\/e9ab07a36659baa27b55dfef2a5432041c212015f8eb8a8d25b934c17a03cb54?s=96&d=mm&r=g","caption":"adminntlyme"},"url":"https:\/\/francelyme.fr\/site\/author\/adminntlyme\/"}]}},"_links":{"self":[{"href":"https:\/\/francelyme.fr\/site\/wp-json\/wp\/v2\/posts\/13289","targetHints":{"allow":["GET"]}}],"collection":[{"href":"https:\/\/francelyme.fr\/site\/wp-json\/wp\/v2\/posts"}],"about":[{"href":"https:\/\/francelyme.fr\/site\/wp-json\/wp\/v2\/types\/post"}],"author":[{"embeddable":true,"href":"https:\/\/francelyme.fr\/site\/wp-json\/wp\/v2\/users\/17"}],"replies":[{"embeddable":true,"href":"https:\/\/francelyme.fr\/site\/wp-json\/wp\/v2\/comments?post=13289"}],"version-history":[{"count":3,"href":"https:\/\/francelyme.fr\/site\/wp-json\/wp\/v2\/posts\/13289\/revisions"}],"predecessor-version":[{"id":13312,"href":"https:\/\/francelyme.fr\/site\/wp-json\/wp\/v2\/posts\/13289\/revisions\/13312"}],"wp:featuredmedia":[{"embeddable":true,"href":"https:\/\/francelyme.fr\/site\/wp-json\/wp\/v2\/media\/13293"}],"wp:attachment":[{"href":"https:\/\/francelyme.fr\/site\/wp-json\/wp\/v2\/media?parent=13289"}],"wp:term":[{"taxonomy":"category","embeddable":true,"href":"https:\/\/francelyme.fr\/site\/wp-json\/wp\/v2\/categories?post=13289"},{"taxonomy":"post_tag","embeddable":true,"href":"https:\/\/francelyme.fr\/site\/wp-json\/wp\/v2\/tags?post=13289"}],"curies":[{"name":"wp","href":"https:\/\/api.w.org\/{rel}","templated":true}]}}