{"id":13440,"date":"2022-08-01T15:05:35","date_gmt":"2022-08-01T13:05:35","guid":{"rendered":"https:\/\/francelyme.fr\/site\/?p=13440"},"modified":"2022-08-01T15:05:37","modified_gmt":"2022-08-01T13:05:37","slug":"stand-de-prevention-a-la-fete-du-cheval-le-07-aout-2022-a-moutiers-les-mauxfaits","status":"publish","type":"post","link":"https:\/\/francelyme.fr\/site\/stand-de-prevention-a-la-fete-du-cheval-le-07-aout-2022-a-moutiers-les-mauxfaits\/","title":{"rendered":"Stand de pr\u00e9vention \u00e0 la F\u00eate du cheval le 07 ao\u00fbt 2022 \u00e0 Moutiers les Mauxfaits"},"content":{"rendered":"<div class=\"like-button\" style=\"float: right; clear: both; text-align: right; width = 100%;\">\n<!-- Facebook Like Button Vivacity Infotech BEGIN -->\n<div class=\"fb-like\" data-href=\"https:\/\/francelyme.fr\/site\/stand-de-prevention-a-la-fete-du-cheval-le-07-aout-2022-a-moutiers-les-mauxfaits\/\" data-layout=\"box_count\" data-action=\"like\" data-show-faces=\"false\" data-size=\"large\" data-width=\"450\" data-share=\"1\" ><\/div><\/div>\n<!-- Facebook Like Button Vivacity Infotech END -->\n<div id=\"fb-root\"><\/div>\n\n<p>Le Bois Lambert &amp; L&rsquo;\u00c9t\u00e9 en f\u00eate<br>Dimanche 7 ao\u00fbt 2022, rendez-vous \u00e0 la F\u00eate du Cheval \u00e0 Moutiers les Mauxfaits !<br>Id\u00e9alement situ\u00e9e au c\u0153ur du domaine arbor\u00e9 du Bois Lambert, la F\u00eate du Cheval offre une belle occasion de d\u00e9couvrir un ensemble de disciplines sous l\u2019angle de la convivialit\u00e9, avec au menu, des activit\u00e9s pour tous !<br>LE PROGRAMME DU 7 AO\u00dbT 2022<br>D\u00e9but de la journ\u00e9e \u00e0 9 heures<br>&#8211; Concours Complet d\u2019Equitation \u2013 Toute la journ\u00e9e<br>&#8211; Messe de la Saint Hubert au pied du ch\u00e2teau, trompes de chasse Les Echos du Lay<br>&#8211; Chasse aux tr\u00e9sors \u2013<br>Toute la journ\u00e9e : Un espace d\u00e9di\u00e9 o\u00f9 les petits, avec l\u2019aide de leurs parents devront faire preuve d\u2019agilit\u00e9, de concentration pour d\u00e9couvrir le tr\u00e9sor. Enfants jusqu\u2019\u00e0 6 ans.<\/p>\n\n\n\n<p>&#8211; Grand jeu d\u2019enqu\u00eate Panique aux \u00e9curies \u2013<br>Toute la journ\u00e9e : Une enqu\u00eate en famille ou entre amis. Plongez au c\u0153ur du parc de Bois Lambert \u00e0 la recherche de \u00ab Jappeloup \u00bb, le cheval favori de la comp\u00e9tition, qui a myst\u00e9rieusement disparu. Par \u00e9quipe, les participants devront en totale autonomie r\u00e9soudre les \u00e9nigmes qui m\u00e8neront au coupable et \u00e0 l\u2019animal !<br>&#8211; D\u00e9monstration de d\u00e9bardage en sous-bois \u2013<br>Toute la journ\u00e9e<br>&#8211; Balades \u00e0 poneys \u2013 Toute la journ\u00e9e<br>&#8211; Spectacles \u00e9questres par les Ecuries d\u2019Artpaillange \u2013 L\u2019apr\u00e8s-midi &#8211; NOUVEAUTE 2022<br>&#8211; D\u00e9monstrations d\u2019attelages de tradition \u2013 L\u2019apr\u00e8s-midi &#8211; NOUVEAUTE 2022<br>&#8211; Animation musicale par le groupe Triominos \u2013 En soir\u00e9e<br>&#8211; Spectacle nocturne \u00ab Le Conte musical de Bois Lambert \u00bb \u2013 En soir\u00e9e &#8211; NOUVEAUTE 2022<br>Plus d&rsquo;informations et programme complet sur :<br>Facebook : @feteduchevalmoutierslesmauxfaits<br>Site web :&nbsp;<a href=\"http:\/\/www.lafeteducheval.com\/\">www.lafeteducheval.com<\/a><\/p>\n\n\n\n<p>9h &#8211; 23h<\/p>\n\n\n\n<div class=\"wp-block-image\"><figure class=\"aligncenter size-large\"><img loading=\"lazy\" decoding=\"async\" width=\"283\" height=\"400\" src=\"https:\/\/francelyme.fr\/site\/wp-content\/uploads\/2022\/08\/fete-du-cheval.jpg\" alt=\"\" class=\"wp-image-13441\" srcset=\"https:\/\/francelyme.fr\/site\/wp-content\/uploads\/2022\/08\/fete-du-cheval.jpg 283w, https:\/\/francelyme.fr\/site\/wp-content\/uploads\/2022\/08\/fete-du-cheval-212x300.jpg 212w\" sizes=\"auto, (max-width: 283px) 100vw, 283px\" \/><\/figure><\/div>\n<div class=\"like-button\" style=\"float: right; clear: both; text-align: right; width = 100%;\">\n<!-- Facebook Like Button Vivacity Infotech BEGIN -->\n<div class=\"fb-like\" data-href=\"https:\/\/francelyme.fr\/site\/stand-de-prevention-a-la-fete-du-cheval-le-07-aout-2022-a-moutiers-les-mauxfaits\/\" data-layout=\"box_count\" data-action=\"like\" data-show-faces=\"false\" data-size=\"large\" data-width=\"450\" data-share=\"1\" ><\/div><\/div>\n<!-- Facebook Like Button Vivacity Infotech END -->\n","protected":false},"excerpt":{"rendered":"","protected":false},"author":16,"featured_media":13441,"comment_status":"closed","ping_status":"open","sticky":false,"template":"","format":"standard","meta":{"footnotes":""},"categories":[7,62],"tags":[],"class_list":["post-13440","post","type-post","status-publish","format-standard","has-post-thumbnail","hentry","category-actions","category-pays-de-la-loire"],"yoast_head":"<!-- This site is optimized with the Yoast SEO plugin v27.3 - https:\/\/yoast.com\/product\/yoast-seo-wordpress\/ -->\n<title>Stand de pr\u00e9vention \u00e0 la F\u00eate du cheval le 07 ao\u00fbt 2022 \u00e0 Moutiers les Mauxfaits - Association France Lyme<\/title>\n<meta name=\"robots\" content=\"index, follow, max-snippet:-1, max-image-preview:large, max-video-preview:-1\" \/>\n<link rel=\"canonical\" href=\"https:\/\/francelyme.fr\/site\/stand-de-prevention-a-la-fete-du-cheval-le-07-aout-2022-a-moutiers-les-mauxfaits\/\" \/>\n<meta property=\"og:locale\" content=\"fr_FR\" \/>\n<meta property=\"og:type\" content=\"article\" \/>\n<meta property=\"og:title\" content=\"Stand de pr\u00e9vention \u00e0 la F\u00eate du cheval le 07 ao\u00fbt 2022 \u00e0 Moutiers les Mauxfaits - Association France Lyme\" \/>\n<meta property=\"og:url\" content=\"https:\/\/francelyme.fr\/site\/stand-de-prevention-a-la-fete-du-cheval-le-07-aout-2022-a-moutiers-les-mauxfaits\/\" \/>\n<meta property=\"og:site_name\" content=\"Association France Lyme\" \/>\n<meta property=\"article:publisher\" content=\"https:\/\/www.facebook.com\/france.lyme\" \/>\n<meta property=\"article:published_time\" content=\"2022-08-01T13:05:35+00:00\" \/>\n<meta property=\"article:modified_time\" content=\"2022-08-01T13:05:37+00:00\" \/>\n<meta property=\"og:image\" content=\"https:\/\/francelyme.fr\/site\/wp-content\/uploads\/2022\/08\/fete-du-cheval.jpg\" \/>\n\t<meta property=\"og:image:width\" content=\"283\" \/>\n\t<meta property=\"og:image:height\" content=\"400\" \/>\n\t<meta property=\"og:image:type\" content=\"image\/jpeg\" \/>\n<meta name=\"author\" content=\"Editeur\" \/>\n<meta name=\"twitter:card\" content=\"summary_large_image\" \/>\n<meta name=\"twitter:creator\" content=\"@francelyme\" \/>\n<meta name=\"twitter:site\" content=\"@francelyme\" \/>\n<meta name=\"twitter:label1\" content=\"\u00c9crit par\" \/>\n\t<meta name=\"twitter:data1\" content=\"Editeur\" \/>\n\t<meta name=\"twitter:label2\" content=\"Dur\u00e9e de lecture estim\u00e9e\" \/>\n\t<meta name=\"twitter:data2\" content=\"1 minute\" \/>\n<script type=\"application\/ld+json\" class=\"yoast-schema-graph\">{\"@context\":\"https:\\\/\\\/schema.org\",\"@graph\":[{\"@type\":\"Article\",\"@id\":\"https:\\\/\\\/francelyme.fr\\\/site\\\/stand-de-prevention-a-la-fete-du-cheval-le-07-aout-2022-a-moutiers-les-mauxfaits\\\/#article\",\"isPartOf\":{\"@id\":\"https:\\\/\\\/francelyme.fr\\\/site\\\/stand-de-prevention-a-la-fete-du-cheval-le-07-aout-2022-a-moutiers-les-mauxfaits\\\/\"},\"author\":{\"name\":\"Editeur\",\"@id\":\"https:\\\/\\\/francelyme.fr\\\/site\\\/#\\\/schema\\\/person\\\/b3a32c0e865447c2586961956f5d867e\"},\"headline\":\"Stand de pr\u00e9vention \u00e0 la F\u00eate du cheval le 07 ao\u00fbt 2022 \u00e0 Moutiers les Mauxfaits\",\"datePublished\":\"2022-08-01T13:05:35+00:00\",\"dateModified\":\"2022-08-01T13:05:37+00:00\",\"mainEntityOfPage\":{\"@id\":\"https:\\\/\\\/francelyme.fr\\\/site\\\/stand-de-prevention-a-la-fete-du-cheval-le-07-aout-2022-a-moutiers-les-mauxfaits\\\/\"},\"wordCount\":300,\"publisher\":{\"@id\":\"https:\\\/\\\/francelyme.fr\\\/site\\\/#organization\"},\"image\":{\"@id\":\"https:\\\/\\\/francelyme.fr\\\/site\\\/stand-de-prevention-a-la-fete-du-cheval-le-07-aout-2022-a-moutiers-les-mauxfaits\\\/#primaryimage\"},\"thumbnailUrl\":\"https:\\\/\\\/francelyme.fr\\\/site\\\/wp-content\\\/uploads\\\/2022\\\/08\\\/fete-du-cheval.jpg\",\"articleSection\":[\"Actions et stands\",\"Pays de la Loire\"],\"inLanguage\":\"fr-FR\"},{\"@type\":\"WebPage\",\"@id\":\"https:\\\/\\\/francelyme.fr\\\/site\\\/stand-de-prevention-a-la-fete-du-cheval-le-07-aout-2022-a-moutiers-les-mauxfaits\\\/\",\"url\":\"https:\\\/\\\/francelyme.fr\\\/site\\\/stand-de-prevention-a-la-fete-du-cheval-le-07-aout-2022-a-moutiers-les-mauxfaits\\\/\",\"name\":\"Stand de pr\u00e9vention \u00e0 la F\u00eate du cheval le 07 ao\u00fbt 2022 \u00e0 Moutiers les Mauxfaits - Association France Lyme\",\"isPartOf\":{\"@id\":\"https:\\\/\\\/francelyme.fr\\\/site\\\/#website\"},\"primaryImageOfPage\":{\"@id\":\"https:\\\/\\\/francelyme.fr\\\/site\\\/stand-de-prevention-a-la-fete-du-cheval-le-07-aout-2022-a-moutiers-les-mauxfaits\\\/#primaryimage\"},\"image\":{\"@id\":\"https:\\\/\\\/francelyme.fr\\\/site\\\/stand-de-prevention-a-la-fete-du-cheval-le-07-aout-2022-a-moutiers-les-mauxfaits\\\/#primaryimage\"},\"thumbnailUrl\":\"https:\\\/\\\/francelyme.fr\\\/site\\\/wp-content\\\/uploads\\\/2022\\\/08\\\/fete-du-cheval.jpg\",\"datePublished\":\"2022-08-01T13:05:35+00:00\",\"dateModified\":\"2022-08-01T13:05:37+00:00\",\"breadcrumb\":{\"@id\":\"https:\\\/\\\/francelyme.fr\\\/site\\\/stand-de-prevention-a-la-fete-du-cheval-le-07-aout-2022-a-moutiers-les-mauxfaits\\\/#breadcrumb\"},\"inLanguage\":\"fr-FR\",\"potentialAction\":[{\"@type\":\"ReadAction\",\"target\":[\"https:\\\/\\\/francelyme.fr\\\/site\\\/stand-de-prevention-a-la-fete-du-cheval-le-07-aout-2022-a-moutiers-les-mauxfaits\\\/\"]}]},{\"@type\":\"ImageObject\",\"inLanguage\":\"fr-FR\",\"@id\":\"https:\\\/\\\/francelyme.fr\\\/site\\\/stand-de-prevention-a-la-fete-du-cheval-le-07-aout-2022-a-moutiers-les-mauxfaits\\\/#primaryimage\",\"url\":\"https:\\\/\\\/francelyme.fr\\\/site\\\/wp-content\\\/uploads\\\/2022\\\/08\\\/fete-du-cheval.jpg\",\"contentUrl\":\"https:\\\/\\\/francelyme.fr\\\/site\\\/wp-content\\\/uploads\\\/2022\\\/08\\\/fete-du-cheval.jpg\",\"width\":283,\"height\":400},{\"@type\":\"BreadcrumbList\",\"@id\":\"https:\\\/\\\/francelyme.fr\\\/site\\\/stand-de-prevention-a-la-fete-du-cheval-le-07-aout-2022-a-moutiers-les-mauxfaits\\\/#breadcrumb\",\"itemListElement\":[{\"@type\":\"ListItem\",\"position\":1,\"name\":\"Accueil\",\"item\":\"https:\\\/\\\/francelyme.fr\\\/site\\\/\"},{\"@type\":\"ListItem\",\"position\":2,\"name\":\"Stand de pr\u00e9vention \u00e0 la F\u00eate du cheval le 07 ao\u00fbt 2022 \u00e0 Moutiers les Mauxfaits\"}]},{\"@type\":\"WebSite\",\"@id\":\"https:\\\/\\\/francelyme.fr\\\/site\\\/#website\",\"url\":\"https:\\\/\\\/francelyme.fr\\\/site\\\/\",\"name\":\"Association France Lyme\",\"description\":\"Association de lutte contre les maladies vectorielles \u00e0 tiques\",\"publisher\":{\"@id\":\"https:\\\/\\\/francelyme.fr\\\/site\\\/#organization\"},\"potentialAction\":[{\"@type\":\"SearchAction\",\"target\":{\"@type\":\"EntryPoint\",\"urlTemplate\":\"https:\\\/\\\/francelyme.fr\\\/site\\\/?s={search_term_string}\"},\"query-input\":{\"@type\":\"PropertyValueSpecification\",\"valueRequired\":true,\"valueName\":\"search_term_string\"}}],\"inLanguage\":\"fr-FR\"},{\"@type\":\"Organization\",\"@id\":\"https:\\\/\\\/francelyme.fr\\\/site\\\/#organization\",\"name\":\"France Lyme\",\"url\":\"https:\\\/\\\/francelyme.fr\\\/site\\\/\",\"logo\":{\"@type\":\"ImageObject\",\"inLanguage\":\"fr-FR\",\"@id\":\"https:\\\/\\\/francelyme.fr\\\/site\\\/#\\\/schema\\\/logo\\\/image\\\/\",\"url\":\"https:\\\/\\\/francelyme.fr\\\/site\\\/wp-content\\\/uploads\\\/2019\\\/05\\\/francelyme-site.gif\",\"contentUrl\":\"https:\\\/\\\/francelyme.fr\\\/site\\\/wp-content\\\/uploads\\\/2019\\\/05\\\/francelyme-site.gif\",\"width\":180,\"height\":180,\"caption\":\"France Lyme\"},\"image\":{\"@id\":\"https:\\\/\\\/francelyme.fr\\\/site\\\/#\\\/schema\\\/logo\\\/image\\\/\"},\"sameAs\":[\"https:\\\/\\\/www.facebook.com\\\/france.lyme\",\"https:\\\/\\\/x.com\\\/francelyme\",\"https:\\\/\\\/www.youtube.com\\\/channel\\\/UClMCGl3dvkz0iAgXFR1NH1A\"]},{\"@type\":\"Person\",\"@id\":\"https:\\\/\\\/francelyme.fr\\\/site\\\/#\\\/schema\\\/person\\\/b3a32c0e865447c2586961956f5d867e\",\"name\":\"Editeur\",\"image\":{\"@type\":\"ImageObject\",\"inLanguage\":\"fr-FR\",\"@id\":\"https:\\\/\\\/secure.gravatar.com\\\/avatar\\\/ae207cee02bf4e66ec5abb92d4ccacaa0ad5f5d3d16fe7fcb393eda94bfbf2d2?s=96&d=mm&r=g\",\"url\":\"https:\\\/\\\/secure.gravatar.com\\\/avatar\\\/ae207cee02bf4e66ec5abb92d4ccacaa0ad5f5d3d16fe7fcb393eda94bfbf2d2?s=96&d=mm&r=g\",\"contentUrl\":\"https:\\\/\\\/secure.gravatar.com\\\/avatar\\\/ae207cee02bf4e66ec5abb92d4ccacaa0ad5f5d3d16fe7fcb393eda94bfbf2d2?s=96&d=mm&r=g\",\"caption\":\"Editeur\"},\"url\":\"https:\\\/\\\/francelyme.fr\\\/site\\\/author\\\/editeuradm\\\/\"}]}<\/script>\n<!-- \/ Yoast SEO plugin. -->","yoast_head_json":{"title":"Stand de pr\u00e9vention \u00e0 la F\u00eate du cheval le 07 ao\u00fbt 2022 \u00e0 Moutiers les Mauxfaits - Association France Lyme","robots":{"index":"index","follow":"follow","max-snippet":"max-snippet:-1","max-image-preview":"max-image-preview:large","max-video-preview":"max-video-preview:-1"},"canonical":"https:\/\/francelyme.fr\/site\/stand-de-prevention-a-la-fete-du-cheval-le-07-aout-2022-a-moutiers-les-mauxfaits\/","og_locale":"fr_FR","og_type":"article","og_title":"Stand de pr\u00e9vention \u00e0 la F\u00eate du cheval le 07 ao\u00fbt 2022 \u00e0 Moutiers les Mauxfaits - Association France Lyme","og_url":"https:\/\/francelyme.fr\/site\/stand-de-prevention-a-la-fete-du-cheval-le-07-aout-2022-a-moutiers-les-mauxfaits\/","og_site_name":"Association France Lyme","article_publisher":"https:\/\/www.facebook.com\/france.lyme","article_published_time":"2022-08-01T13:05:35+00:00","article_modified_time":"2022-08-01T13:05:37+00:00","og_image":[{"width":283,"height":400,"url":"https:\/\/francelyme.fr\/site\/wp-content\/uploads\/2022\/08\/fete-du-cheval.jpg","type":"image\/jpeg"}],"author":"Editeur","twitter_card":"summary_large_image","twitter_creator":"@francelyme","twitter_site":"@francelyme","twitter_misc":{"\u00c9crit par":"Editeur","Dur\u00e9e de lecture estim\u00e9e":"1 minute"},"schema":{"@context":"https:\/\/schema.org","@graph":[{"@type":"Article","@id":"https:\/\/francelyme.fr\/site\/stand-de-prevention-a-la-fete-du-cheval-le-07-aout-2022-a-moutiers-les-mauxfaits\/#article","isPartOf":{"@id":"https:\/\/francelyme.fr\/site\/stand-de-prevention-a-la-fete-du-cheval-le-07-aout-2022-a-moutiers-les-mauxfaits\/"},"author":{"name":"Editeur","@id":"https:\/\/francelyme.fr\/site\/#\/schema\/person\/b3a32c0e865447c2586961956f5d867e"},"headline":"Stand de pr\u00e9vention \u00e0 la F\u00eate du cheval le 07 ao\u00fbt 2022 \u00e0 Moutiers les Mauxfaits","datePublished":"2022-08-01T13:05:35+00:00","dateModified":"2022-08-01T13:05:37+00:00","mainEntityOfPage":{"@id":"https:\/\/francelyme.fr\/site\/stand-de-prevention-a-la-fete-du-cheval-le-07-aout-2022-a-moutiers-les-mauxfaits\/"},"wordCount":300,"publisher":{"@id":"https:\/\/francelyme.fr\/site\/#organization"},"image":{"@id":"https:\/\/francelyme.fr\/site\/stand-de-prevention-a-la-fete-du-cheval-le-07-aout-2022-a-moutiers-les-mauxfaits\/#primaryimage"},"thumbnailUrl":"https:\/\/francelyme.fr\/site\/wp-content\/uploads\/2022\/08\/fete-du-cheval.jpg","articleSection":["Actions et stands","Pays de la Loire"],"inLanguage":"fr-FR"},{"@type":"WebPage","@id":"https:\/\/francelyme.fr\/site\/stand-de-prevention-a-la-fete-du-cheval-le-07-aout-2022-a-moutiers-les-mauxfaits\/","url":"https:\/\/francelyme.fr\/site\/stand-de-prevention-a-la-fete-du-cheval-le-07-aout-2022-a-moutiers-les-mauxfaits\/","name":"Stand de pr\u00e9vention \u00e0 la F\u00eate du cheval le 07 ao\u00fbt 2022 \u00e0 Moutiers les Mauxfaits - Association France Lyme","isPartOf":{"@id":"https:\/\/francelyme.fr\/site\/#website"},"primaryImageOfPage":{"@id":"https:\/\/francelyme.fr\/site\/stand-de-prevention-a-la-fete-du-cheval-le-07-aout-2022-a-moutiers-les-mauxfaits\/#primaryimage"},"image":{"@id":"https:\/\/francelyme.fr\/site\/stand-de-prevention-a-la-fete-du-cheval-le-07-aout-2022-a-moutiers-les-mauxfaits\/#primaryimage"},"thumbnailUrl":"https:\/\/francelyme.fr\/site\/wp-content\/uploads\/2022\/08\/fete-du-cheval.jpg","datePublished":"2022-08-01T13:05:35+00:00","dateModified":"2022-08-01T13:05:37+00:00","breadcrumb":{"@id":"https:\/\/francelyme.fr\/site\/stand-de-prevention-a-la-fete-du-cheval-le-07-aout-2022-a-moutiers-les-mauxfaits\/#breadcrumb"},"inLanguage":"fr-FR","potentialAction":[{"@type":"ReadAction","target":["https:\/\/francelyme.fr\/site\/stand-de-prevention-a-la-fete-du-cheval-le-07-aout-2022-a-moutiers-les-mauxfaits\/"]}]},{"@type":"ImageObject","inLanguage":"fr-FR","@id":"https:\/\/francelyme.fr\/site\/stand-de-prevention-a-la-fete-du-cheval-le-07-aout-2022-a-moutiers-les-mauxfaits\/#primaryimage","url":"https:\/\/francelyme.fr\/site\/wp-content\/uploads\/2022\/08\/fete-du-cheval.jpg","contentUrl":"https:\/\/francelyme.fr\/site\/wp-content\/uploads\/2022\/08\/fete-du-cheval.jpg","width":283,"height":400},{"@type":"BreadcrumbList","@id":"https:\/\/francelyme.fr\/site\/stand-de-prevention-a-la-fete-du-cheval-le-07-aout-2022-a-moutiers-les-mauxfaits\/#breadcrumb","itemListElement":[{"@type":"ListItem","position":1,"name":"Accueil","item":"https:\/\/francelyme.fr\/site\/"},{"@type":"ListItem","position":2,"name":"Stand de pr\u00e9vention \u00e0 la F\u00eate du cheval le 07 ao\u00fbt 2022 \u00e0 Moutiers les Mauxfaits"}]},{"@type":"WebSite","@id":"https:\/\/francelyme.fr\/site\/#website","url":"https:\/\/francelyme.fr\/site\/","name":"Association France Lyme","description":"Association de lutte contre les maladies vectorielles \u00e0 tiques","publisher":{"@id":"https:\/\/francelyme.fr\/site\/#organization"},"potentialAction":[{"@type":"SearchAction","target":{"@type":"EntryPoint","urlTemplate":"https:\/\/francelyme.fr\/site\/?s={search_term_string}"},"query-input":{"@type":"PropertyValueSpecification","valueRequired":true,"valueName":"search_term_string"}}],"inLanguage":"fr-FR"},{"@type":"Organization","@id":"https:\/\/francelyme.fr\/site\/#organization","name":"France Lyme","url":"https:\/\/francelyme.fr\/site\/","logo":{"@type":"ImageObject","inLanguage":"fr-FR","@id":"https:\/\/francelyme.fr\/site\/#\/schema\/logo\/image\/","url":"https:\/\/francelyme.fr\/site\/wp-content\/uploads\/2019\/05\/francelyme-site.gif","contentUrl":"https:\/\/francelyme.fr\/site\/wp-content\/uploads\/2019\/05\/francelyme-site.gif","width":180,"height":180,"caption":"France Lyme"},"image":{"@id":"https:\/\/francelyme.fr\/site\/#\/schema\/logo\/image\/"},"sameAs":["https:\/\/www.facebook.com\/france.lyme","https:\/\/x.com\/francelyme","https:\/\/www.youtube.com\/channel\/UClMCGl3dvkz0iAgXFR1NH1A"]},{"@type":"Person","@id":"https:\/\/francelyme.fr\/site\/#\/schema\/person\/b3a32c0e865447c2586961956f5d867e","name":"Editeur","image":{"@type":"ImageObject","inLanguage":"fr-FR","@id":"https:\/\/secure.gravatar.com\/avatar\/ae207cee02bf4e66ec5abb92d4ccacaa0ad5f5d3d16fe7fcb393eda94bfbf2d2?s=96&d=mm&r=g","url":"https:\/\/secure.gravatar.com\/avatar\/ae207cee02bf4e66ec5abb92d4ccacaa0ad5f5d3d16fe7fcb393eda94bfbf2d2?s=96&d=mm&r=g","contentUrl":"https:\/\/secure.gravatar.com\/avatar\/ae207cee02bf4e66ec5abb92d4ccacaa0ad5f5d3d16fe7fcb393eda94bfbf2d2?s=96&d=mm&r=g","caption":"Editeur"},"url":"https:\/\/francelyme.fr\/site\/author\/editeuradm\/"}]}},"_links":{"self":[{"href":"https:\/\/francelyme.fr\/site\/wp-json\/wp\/v2\/posts\/13440","targetHints":{"allow":["GET"]}}],"collection":[{"href":"https:\/\/francelyme.fr\/site\/wp-json\/wp\/v2\/posts"}],"about":[{"href":"https:\/\/francelyme.fr\/site\/wp-json\/wp\/v2\/types\/post"}],"author":[{"embeddable":true,"href":"https:\/\/francelyme.fr\/site\/wp-json\/wp\/v2\/users\/16"}],"replies":[{"embeddable":true,"href":"https:\/\/francelyme.fr\/site\/wp-json\/wp\/v2\/comments?post=13440"}],"version-history":[{"count":1,"href":"https:\/\/francelyme.fr\/site\/wp-json\/wp\/v2\/posts\/13440\/revisions"}],"predecessor-version":[{"id":13442,"href":"https:\/\/francelyme.fr\/site\/wp-json\/wp\/v2\/posts\/13440\/revisions\/13442"}],"wp:featuredmedia":[{"embeddable":true,"href":"https:\/\/francelyme.fr\/site\/wp-json\/wp\/v2\/media\/13441"}],"wp:attachment":[{"href":"https:\/\/francelyme.fr\/site\/wp-json\/wp\/v2\/media?parent=13440"}],"wp:term":[{"taxonomy":"category","embeddable":true,"href":"https:\/\/francelyme.fr\/site\/wp-json\/wp\/v2\/categories?post=13440"},{"taxonomy":"post_tag","embeddable":true,"href":"https:\/\/francelyme.fr\/site\/wp-json\/wp\/v2\/tags?post=13440"}],"curies":[{"name":"wp","href":"https:\/\/api.w.org\/{rel}","templated":true}]}}