{"id":13999,"date":"2023-01-12T15:35:51","date_gmt":"2023-01-12T14:35:51","guid":{"rendered":"https:\/\/francelyme.fr\/site\/?p=13999"},"modified":"2023-01-24T13:51:33","modified_gmt":"2023-01-24T12:51:33","slug":"conference-le-27-janvier-a-jurancon-animee-par-le-dr-ghozzi","status":"publish","type":"post","link":"https:\/\/francelyme.fr\/site\/conference-le-27-janvier-a-jurancon-animee-par-le-dr-ghozzi\/","title":{"rendered":"Conf\u00e9rence le 27 janvier \u00e0 Juran\u00e7on (64) anim\u00e9e par le Dr Ghozzi"},"content":{"rendered":"<div class=\"like-button\" style=\"float: right; clear: both; text-align: right; width = 100%;\">\n<!-- Facebook Like Button Vivacity Infotech BEGIN -->\n<div class=\"fb-like\" data-href=\"https:\/\/francelyme.fr\/site\/conference-le-27-janvier-a-jurancon-animee-par-le-dr-ghozzi\/\" data-layout=\"box_count\" data-action=\"like\" data-show-faces=\"false\" data-size=\"large\" data-width=\"450\" data-share=\"1\" ><\/div><\/div>\n<!-- Facebook Like Button Vivacity Infotech END -->\n<div id=\"fb-root\"><\/div>\n\n<p>Malade de Lyme: 2023, vers la fin de l&rsquo;errance m\u00e9dicale?<\/p>\n\n\n\n<p>Conf\u00e9rence anim\u00e9e par le docteur Ghozzi et la pr\u00e9sence de b\u00e9n\u00e9voles actifs de France Lyme<\/p>\n\n\n\n<p>27 janvier 2023 \u00e0 20h<\/p>\n\n\n\n<p>Rendez-vous : 33 Avenue Bagnell ou 583 avenue du 18 juin 1940 (parking), 64110 Juran\u00e7on<\/p>\n\n\n\n<div class=\"wp-block-image\"><figure class=\"aligncenter size-large\"><img loading=\"lazy\" decoding=\"async\" width=\"425\" height=\"600\" src=\"https:\/\/francelyme.fr\/site\/wp-content\/uploads\/2023\/01\/2-Conference-Raouf.png\" alt=\"\" class=\"wp-image-14000\" srcset=\"https:\/\/francelyme.fr\/site\/wp-content\/uploads\/2023\/01\/2-Conference-Raouf.png 425w, https:\/\/francelyme.fr\/site\/wp-content\/uploads\/2023\/01\/2-Conference-Raouf-213x300.png 213w\" sizes=\"auto, (max-width: 425px) 100vw, 425px\" \/><\/figure><\/div>\n\n\n\n<p>Depuis mars 2020, la maladie de Lyme et les maladies vectorielles \u00e0 tiques ont \u00e9t\u00e9 \u00e9clips\u00e9es par le Covid. Pourtant, le nombre de malades concern\u00e9s ne d\u00e9cro\u00eet pas avec 60033 nouveaux cas recens\u00e9s par Sant\u00e9 Publique France pour la m\u00eame ann\u00e9e 2020.<\/p>\n\n\n\n<p>Cette maladie transmise \u00e0 la suite d\u2019une piq\u00fbre de tique dure, du genre ixodes, se pr\u00e9sente sous la forme d\u2019une atteinte de la peau, d\u2019arthrites, de troubles de la conduction cardiaque, d\u2019atteinte du syst\u00e8me nerveux central et p\u00e9riph\u00e9rique mais aussi d\u2019 atteintes oculaires voire psychiatriques. Plus le diagnostic est tardif avec un retard de traitement, plus les atteintes peuvent \u00eatre invalidantes et difficiles \u00e0 traiter. A c\u00f4t\u00e9 de ces formes typiques, on retrouve des tableaux de fatigue majeure, de c\u00e9phal\u00e9es, de troubles de la m\u00e9moire avec un brouillard c\u00e9r\u00e9bral, d\u2019autres atteintes neurologiques atypiques, des palpitations, des hypotensions, des douleurs articulaires avec souvent un diagnostic de fibromyalgie.<\/p>\n\n\n\n<p>Depuis de nombreuses ann\u00e9es et de part le monde, beaucoup de patients sont en errance et en difficult\u00e9 majeure au quotidien et c\u2019est dans ce contexte qu\u2019en 2016, un plan Lyme a \u00e9t\u00e9 mis en place par le Minist\u00e8re de la Sant\u00e9. Un des volets de ce plan Lyme a \u00e9t\u00e9 l\u2019aboutissement des recommandations de bonne pratique de l\u2019HAS en Juin 2018 sur la Borr\u00e9liose et les MVT. Ces recommandations ont mis en avant l\u2019existence de ces patients avec des sympt\u00f4mes polymorphes et complexes et la n\u00e9cessit\u00e9 d\u2019une bonne prise en soin.<\/p>\n\n\n\n<p>Pour cela, \u00e0 l\u2019issue de ce travail HAS, la DGS a d\u00e9sign\u00e9 5 centres de r\u00e9f\u00e9rence (Villeneuve Saint Georges, Marseille, Clermont-Ferrand\/ Saint-Etienne, Nancy\/ Strasbourg et Rennes) avec une mission de recherche et p\u00e9dagogique en premier lieu, auxquels sont adoss\u00e9s plusieurs centres de comp\u00e9tence charg\u00e9s eux de la prise en soin de tous les patients suspects d\u2019une maladie vectorielle \u00e0 tique. Il faut pr\u00e9ciser que les tiques peuvent transmettre d\u2019autres agents infectieux que la Borreliose et que cela peut requ\u00e9rir une expertise m\u00e9dicale d\u2019o\u00f9 la coh\u00e9rence de ces centres orient\u00e9s MVT.<\/p>\n\n\n\n<p>Tout r\u00e9cemment, un parcours de soin a \u00e9t\u00e9 diffus\u00e9 par la DGS pour optimiser la prise en soin de ces patients. Malgr\u00e9 cela, des dissensions sur les modalit\u00e9s de la prise en soin demeurent entre les associations de patients Lyme et les centres sp\u00e9cialis\u00e9s.<\/p>\n<div class=\"like-button\" style=\"float: right; clear: both; text-align: right; width = 100%;\">\n<!-- Facebook Like Button Vivacity Infotech BEGIN -->\n<div class=\"fb-like\" data-href=\"https:\/\/francelyme.fr\/site\/conference-le-27-janvier-a-jurancon-animee-par-le-dr-ghozzi\/\" data-layout=\"box_count\" data-action=\"like\" data-show-faces=\"false\" data-size=\"large\" data-width=\"450\" data-share=\"1\" ><\/div><\/div>\n<!-- Facebook Like Button Vivacity Infotech END -->\n","protected":false},"excerpt":{"rendered":"","protected":false},"author":16,"featured_media":14000,"comment_status":"closed","ping_status":"open","sticky":false,"template":"","format":"standard","meta":{"footnotes":""},"categories":[61,56],"tags":[],"class_list":["post-13999","post","type-post","status-publish","format-standard","has-post-thumbnail","hentry","category-aquitaine","category-conference"],"yoast_head":"<!-- This site is optimized with the Yoast SEO plugin v27.3 - https:\/\/yoast.com\/product\/yoast-seo-wordpress\/ -->\n<title>Conf\u00e9rence le 27 janvier \u00e0 Juran\u00e7on (64) anim\u00e9e par le Dr Ghozzi - Association France Lyme<\/title>\n<meta name=\"robots\" content=\"index, follow, max-snippet:-1, max-image-preview:large, max-video-preview:-1\" \/>\n<link rel=\"canonical\" href=\"https:\/\/francelyme.fr\/site\/conference-le-27-janvier-a-jurancon-animee-par-le-dr-ghozzi\/\" \/>\n<meta property=\"og:locale\" content=\"fr_FR\" \/>\n<meta property=\"og:type\" content=\"article\" \/>\n<meta property=\"og:title\" content=\"Conf\u00e9rence le 27 janvier \u00e0 Juran\u00e7on (64) anim\u00e9e par le Dr Ghozzi - Association France Lyme\" \/>\n<meta property=\"og:url\" content=\"https:\/\/francelyme.fr\/site\/conference-le-27-janvier-a-jurancon-animee-par-le-dr-ghozzi\/\" \/>\n<meta property=\"og:site_name\" content=\"Association France Lyme\" \/>\n<meta property=\"article:publisher\" content=\"https:\/\/www.facebook.com\/france.lyme\" \/>\n<meta property=\"article:published_time\" content=\"2023-01-12T14:35:51+00:00\" \/>\n<meta property=\"article:modified_time\" content=\"2023-01-24T12:51:33+00:00\" \/>\n<meta property=\"og:image\" content=\"https:\/\/francelyme.fr\/site\/wp-content\/uploads\/2023\/01\/2-Conference-Raouf.png\" \/>\n\t<meta property=\"og:image:width\" content=\"425\" \/>\n\t<meta property=\"og:image:height\" content=\"600\" \/>\n\t<meta property=\"og:image:type\" content=\"image\/png\" \/>\n<meta name=\"author\" content=\"Editeur\" \/>\n<meta name=\"twitter:card\" content=\"summary_large_image\" \/>\n<meta name=\"twitter:creator\" content=\"@francelyme\" \/>\n<meta name=\"twitter:site\" content=\"@francelyme\" \/>\n<meta name=\"twitter:label1\" content=\"\u00c9crit par\" \/>\n\t<meta name=\"twitter:data1\" content=\"Editeur\" \/>\n\t<meta name=\"twitter:label2\" content=\"Dur\u00e9e de lecture estim\u00e9e\" \/>\n\t<meta name=\"twitter:data2\" content=\"2 minutes\" \/>\n<script type=\"application\/ld+json\" class=\"yoast-schema-graph\">{\"@context\":\"https:\\\/\\\/schema.org\",\"@graph\":[{\"@type\":\"Article\",\"@id\":\"https:\\\/\\\/francelyme.fr\\\/site\\\/conference-le-27-janvier-a-jurancon-animee-par-le-dr-ghozzi\\\/#article\",\"isPartOf\":{\"@id\":\"https:\\\/\\\/francelyme.fr\\\/site\\\/conference-le-27-janvier-a-jurancon-animee-par-le-dr-ghozzi\\\/\"},\"author\":{\"name\":\"Editeur\",\"@id\":\"https:\\\/\\\/francelyme.fr\\\/site\\\/#\\\/schema\\\/person\\\/b3a32c0e865447c2586961956f5d867e\"},\"headline\":\"Conf\u00e9rence le 27 janvier \u00e0 Juran\u00e7on (64) anim\u00e9e par le Dr Ghozzi\",\"datePublished\":\"2023-01-12T14:35:51+00:00\",\"dateModified\":\"2023-01-24T12:51:33+00:00\",\"mainEntityOfPage\":{\"@id\":\"https:\\\/\\\/francelyme.fr\\\/site\\\/conference-le-27-janvier-a-jurancon-animee-par-le-dr-ghozzi\\\/\"},\"wordCount\":472,\"publisher\":{\"@id\":\"https:\\\/\\\/francelyme.fr\\\/site\\\/#organization\"},\"image\":{\"@id\":\"https:\\\/\\\/francelyme.fr\\\/site\\\/conference-le-27-janvier-a-jurancon-animee-par-le-dr-ghozzi\\\/#primaryimage\"},\"thumbnailUrl\":\"https:\\\/\\\/francelyme.fr\\\/site\\\/wp-content\\\/uploads\\\/2023\\\/01\\\/2-Conference-Raouf.png\",\"articleSection\":[\"Aquitaine\",\"Conf\u00e9rences\"],\"inLanguage\":\"fr-FR\"},{\"@type\":\"WebPage\",\"@id\":\"https:\\\/\\\/francelyme.fr\\\/site\\\/conference-le-27-janvier-a-jurancon-animee-par-le-dr-ghozzi\\\/\",\"url\":\"https:\\\/\\\/francelyme.fr\\\/site\\\/conference-le-27-janvier-a-jurancon-animee-par-le-dr-ghozzi\\\/\",\"name\":\"Conf\u00e9rence le 27 janvier \u00e0 Juran\u00e7on (64) anim\u00e9e par le Dr Ghozzi - Association France Lyme\",\"isPartOf\":{\"@id\":\"https:\\\/\\\/francelyme.fr\\\/site\\\/#website\"},\"primaryImageOfPage\":{\"@id\":\"https:\\\/\\\/francelyme.fr\\\/site\\\/conference-le-27-janvier-a-jurancon-animee-par-le-dr-ghozzi\\\/#primaryimage\"},\"image\":{\"@id\":\"https:\\\/\\\/francelyme.fr\\\/site\\\/conference-le-27-janvier-a-jurancon-animee-par-le-dr-ghozzi\\\/#primaryimage\"},\"thumbnailUrl\":\"https:\\\/\\\/francelyme.fr\\\/site\\\/wp-content\\\/uploads\\\/2023\\\/01\\\/2-Conference-Raouf.png\",\"datePublished\":\"2023-01-12T14:35:51+00:00\",\"dateModified\":\"2023-01-24T12:51:33+00:00\",\"breadcrumb\":{\"@id\":\"https:\\\/\\\/francelyme.fr\\\/site\\\/conference-le-27-janvier-a-jurancon-animee-par-le-dr-ghozzi\\\/#breadcrumb\"},\"inLanguage\":\"fr-FR\",\"potentialAction\":[{\"@type\":\"ReadAction\",\"target\":[\"https:\\\/\\\/francelyme.fr\\\/site\\\/conference-le-27-janvier-a-jurancon-animee-par-le-dr-ghozzi\\\/\"]}]},{\"@type\":\"ImageObject\",\"inLanguage\":\"fr-FR\",\"@id\":\"https:\\\/\\\/francelyme.fr\\\/site\\\/conference-le-27-janvier-a-jurancon-animee-par-le-dr-ghozzi\\\/#primaryimage\",\"url\":\"https:\\\/\\\/francelyme.fr\\\/site\\\/wp-content\\\/uploads\\\/2023\\\/01\\\/2-Conference-Raouf.png\",\"contentUrl\":\"https:\\\/\\\/francelyme.fr\\\/site\\\/wp-content\\\/uploads\\\/2023\\\/01\\\/2-Conference-Raouf.png\",\"width\":425,\"height\":600},{\"@type\":\"BreadcrumbList\",\"@id\":\"https:\\\/\\\/francelyme.fr\\\/site\\\/conference-le-27-janvier-a-jurancon-animee-par-le-dr-ghozzi\\\/#breadcrumb\",\"itemListElement\":[{\"@type\":\"ListItem\",\"position\":1,\"name\":\"Accueil\",\"item\":\"https:\\\/\\\/francelyme.fr\\\/site\\\/\"},{\"@type\":\"ListItem\",\"position\":2,\"name\":\"Conf\u00e9rence le 27 janvier \u00e0 Juran\u00e7on (64) anim\u00e9e par le Dr Ghozzi\"}]},{\"@type\":\"WebSite\",\"@id\":\"https:\\\/\\\/francelyme.fr\\\/site\\\/#website\",\"url\":\"https:\\\/\\\/francelyme.fr\\\/site\\\/\",\"name\":\"Association France Lyme\",\"description\":\"Association de lutte contre les maladies vectorielles \u00e0 tiques\",\"publisher\":{\"@id\":\"https:\\\/\\\/francelyme.fr\\\/site\\\/#organization\"},\"potentialAction\":[{\"@type\":\"SearchAction\",\"target\":{\"@type\":\"EntryPoint\",\"urlTemplate\":\"https:\\\/\\\/francelyme.fr\\\/site\\\/?s={search_term_string}\"},\"query-input\":{\"@type\":\"PropertyValueSpecification\",\"valueRequired\":true,\"valueName\":\"search_term_string\"}}],\"inLanguage\":\"fr-FR\"},{\"@type\":\"Organization\",\"@id\":\"https:\\\/\\\/francelyme.fr\\\/site\\\/#organization\",\"name\":\"France Lyme\",\"url\":\"https:\\\/\\\/francelyme.fr\\\/site\\\/\",\"logo\":{\"@type\":\"ImageObject\",\"inLanguage\":\"fr-FR\",\"@id\":\"https:\\\/\\\/francelyme.fr\\\/site\\\/#\\\/schema\\\/logo\\\/image\\\/\",\"url\":\"https:\\\/\\\/francelyme.fr\\\/site\\\/wp-content\\\/uploads\\\/2019\\\/05\\\/francelyme-site.gif\",\"contentUrl\":\"https:\\\/\\\/francelyme.fr\\\/site\\\/wp-content\\\/uploads\\\/2019\\\/05\\\/francelyme-site.gif\",\"width\":180,\"height\":180,\"caption\":\"France Lyme\"},\"image\":{\"@id\":\"https:\\\/\\\/francelyme.fr\\\/site\\\/#\\\/schema\\\/logo\\\/image\\\/\"},\"sameAs\":[\"https:\\\/\\\/www.facebook.com\\\/france.lyme\",\"https:\\\/\\\/x.com\\\/francelyme\",\"https:\\\/\\\/www.youtube.com\\\/channel\\\/UClMCGl3dvkz0iAgXFR1NH1A\"]},{\"@type\":\"Person\",\"@id\":\"https:\\\/\\\/francelyme.fr\\\/site\\\/#\\\/schema\\\/person\\\/b3a32c0e865447c2586961956f5d867e\",\"name\":\"Editeur\",\"image\":{\"@type\":\"ImageObject\",\"inLanguage\":\"fr-FR\",\"@id\":\"https:\\\/\\\/secure.gravatar.com\\\/avatar\\\/ae207cee02bf4e66ec5abb92d4ccacaa0ad5f5d3d16fe7fcb393eda94bfbf2d2?s=96&d=mm&r=g\",\"url\":\"https:\\\/\\\/secure.gravatar.com\\\/avatar\\\/ae207cee02bf4e66ec5abb92d4ccacaa0ad5f5d3d16fe7fcb393eda94bfbf2d2?s=96&d=mm&r=g\",\"contentUrl\":\"https:\\\/\\\/secure.gravatar.com\\\/avatar\\\/ae207cee02bf4e66ec5abb92d4ccacaa0ad5f5d3d16fe7fcb393eda94bfbf2d2?s=96&d=mm&r=g\",\"caption\":\"Editeur\"},\"url\":\"https:\\\/\\\/francelyme.fr\\\/site\\\/author\\\/editeuradm\\\/\"}]}<\/script>\n<!-- \/ Yoast SEO plugin. -->","yoast_head_json":{"title":"Conf\u00e9rence le 27 janvier \u00e0 Juran\u00e7on (64) anim\u00e9e par le Dr Ghozzi - Association France Lyme","robots":{"index":"index","follow":"follow","max-snippet":"max-snippet:-1","max-image-preview":"max-image-preview:large","max-video-preview":"max-video-preview:-1"},"canonical":"https:\/\/francelyme.fr\/site\/conference-le-27-janvier-a-jurancon-animee-par-le-dr-ghozzi\/","og_locale":"fr_FR","og_type":"article","og_title":"Conf\u00e9rence le 27 janvier \u00e0 Juran\u00e7on (64) anim\u00e9e par le Dr Ghozzi - Association France Lyme","og_url":"https:\/\/francelyme.fr\/site\/conference-le-27-janvier-a-jurancon-animee-par-le-dr-ghozzi\/","og_site_name":"Association France Lyme","article_publisher":"https:\/\/www.facebook.com\/france.lyme","article_published_time":"2023-01-12T14:35:51+00:00","article_modified_time":"2023-01-24T12:51:33+00:00","og_image":[{"width":425,"height":600,"url":"https:\/\/francelyme.fr\/site\/wp-content\/uploads\/2023\/01\/2-Conference-Raouf.png","type":"image\/png"}],"author":"Editeur","twitter_card":"summary_large_image","twitter_creator":"@francelyme","twitter_site":"@francelyme","twitter_misc":{"\u00c9crit par":"Editeur","Dur\u00e9e de lecture estim\u00e9e":"2 minutes"},"schema":{"@context":"https:\/\/schema.org","@graph":[{"@type":"Article","@id":"https:\/\/francelyme.fr\/site\/conference-le-27-janvier-a-jurancon-animee-par-le-dr-ghozzi\/#article","isPartOf":{"@id":"https:\/\/francelyme.fr\/site\/conference-le-27-janvier-a-jurancon-animee-par-le-dr-ghozzi\/"},"author":{"name":"Editeur","@id":"https:\/\/francelyme.fr\/site\/#\/schema\/person\/b3a32c0e865447c2586961956f5d867e"},"headline":"Conf\u00e9rence le 27 janvier \u00e0 Juran\u00e7on (64) anim\u00e9e par le Dr Ghozzi","datePublished":"2023-01-12T14:35:51+00:00","dateModified":"2023-01-24T12:51:33+00:00","mainEntityOfPage":{"@id":"https:\/\/francelyme.fr\/site\/conference-le-27-janvier-a-jurancon-animee-par-le-dr-ghozzi\/"},"wordCount":472,"publisher":{"@id":"https:\/\/francelyme.fr\/site\/#organization"},"image":{"@id":"https:\/\/francelyme.fr\/site\/conference-le-27-janvier-a-jurancon-animee-par-le-dr-ghozzi\/#primaryimage"},"thumbnailUrl":"https:\/\/francelyme.fr\/site\/wp-content\/uploads\/2023\/01\/2-Conference-Raouf.png","articleSection":["Aquitaine","Conf\u00e9rences"],"inLanguage":"fr-FR"},{"@type":"WebPage","@id":"https:\/\/francelyme.fr\/site\/conference-le-27-janvier-a-jurancon-animee-par-le-dr-ghozzi\/","url":"https:\/\/francelyme.fr\/site\/conference-le-27-janvier-a-jurancon-animee-par-le-dr-ghozzi\/","name":"Conf\u00e9rence le 27 janvier \u00e0 Juran\u00e7on (64) anim\u00e9e par le Dr Ghozzi - Association France Lyme","isPartOf":{"@id":"https:\/\/francelyme.fr\/site\/#website"},"primaryImageOfPage":{"@id":"https:\/\/francelyme.fr\/site\/conference-le-27-janvier-a-jurancon-animee-par-le-dr-ghozzi\/#primaryimage"},"image":{"@id":"https:\/\/francelyme.fr\/site\/conference-le-27-janvier-a-jurancon-animee-par-le-dr-ghozzi\/#primaryimage"},"thumbnailUrl":"https:\/\/francelyme.fr\/site\/wp-content\/uploads\/2023\/01\/2-Conference-Raouf.png","datePublished":"2023-01-12T14:35:51+00:00","dateModified":"2023-01-24T12:51:33+00:00","breadcrumb":{"@id":"https:\/\/francelyme.fr\/site\/conference-le-27-janvier-a-jurancon-animee-par-le-dr-ghozzi\/#breadcrumb"},"inLanguage":"fr-FR","potentialAction":[{"@type":"ReadAction","target":["https:\/\/francelyme.fr\/site\/conference-le-27-janvier-a-jurancon-animee-par-le-dr-ghozzi\/"]}]},{"@type":"ImageObject","inLanguage":"fr-FR","@id":"https:\/\/francelyme.fr\/site\/conference-le-27-janvier-a-jurancon-animee-par-le-dr-ghozzi\/#primaryimage","url":"https:\/\/francelyme.fr\/site\/wp-content\/uploads\/2023\/01\/2-Conference-Raouf.png","contentUrl":"https:\/\/francelyme.fr\/site\/wp-content\/uploads\/2023\/01\/2-Conference-Raouf.png","width":425,"height":600},{"@type":"BreadcrumbList","@id":"https:\/\/francelyme.fr\/site\/conference-le-27-janvier-a-jurancon-animee-par-le-dr-ghozzi\/#breadcrumb","itemListElement":[{"@type":"ListItem","position":1,"name":"Accueil","item":"https:\/\/francelyme.fr\/site\/"},{"@type":"ListItem","position":2,"name":"Conf\u00e9rence le 27 janvier \u00e0 Juran\u00e7on (64) anim\u00e9e par le Dr Ghozzi"}]},{"@type":"WebSite","@id":"https:\/\/francelyme.fr\/site\/#website","url":"https:\/\/francelyme.fr\/site\/","name":"Association France Lyme","description":"Association de lutte contre les maladies vectorielles \u00e0 tiques","publisher":{"@id":"https:\/\/francelyme.fr\/site\/#organization"},"potentialAction":[{"@type":"SearchAction","target":{"@type":"EntryPoint","urlTemplate":"https:\/\/francelyme.fr\/site\/?s={search_term_string}"},"query-input":{"@type":"PropertyValueSpecification","valueRequired":true,"valueName":"search_term_string"}}],"inLanguage":"fr-FR"},{"@type":"Organization","@id":"https:\/\/francelyme.fr\/site\/#organization","name":"France Lyme","url":"https:\/\/francelyme.fr\/site\/","logo":{"@type":"ImageObject","inLanguage":"fr-FR","@id":"https:\/\/francelyme.fr\/site\/#\/schema\/logo\/image\/","url":"https:\/\/francelyme.fr\/site\/wp-content\/uploads\/2019\/05\/francelyme-site.gif","contentUrl":"https:\/\/francelyme.fr\/site\/wp-content\/uploads\/2019\/05\/francelyme-site.gif","width":180,"height":180,"caption":"France Lyme"},"image":{"@id":"https:\/\/francelyme.fr\/site\/#\/schema\/logo\/image\/"},"sameAs":["https:\/\/www.facebook.com\/france.lyme","https:\/\/x.com\/francelyme","https:\/\/www.youtube.com\/channel\/UClMCGl3dvkz0iAgXFR1NH1A"]},{"@type":"Person","@id":"https:\/\/francelyme.fr\/site\/#\/schema\/person\/b3a32c0e865447c2586961956f5d867e","name":"Editeur","image":{"@type":"ImageObject","inLanguage":"fr-FR","@id":"https:\/\/secure.gravatar.com\/avatar\/ae207cee02bf4e66ec5abb92d4ccacaa0ad5f5d3d16fe7fcb393eda94bfbf2d2?s=96&d=mm&r=g","url":"https:\/\/secure.gravatar.com\/avatar\/ae207cee02bf4e66ec5abb92d4ccacaa0ad5f5d3d16fe7fcb393eda94bfbf2d2?s=96&d=mm&r=g","contentUrl":"https:\/\/secure.gravatar.com\/avatar\/ae207cee02bf4e66ec5abb92d4ccacaa0ad5f5d3d16fe7fcb393eda94bfbf2d2?s=96&d=mm&r=g","caption":"Editeur"},"url":"https:\/\/francelyme.fr\/site\/author\/editeuradm\/"}]}},"_links":{"self":[{"href":"https:\/\/francelyme.fr\/site\/wp-json\/wp\/v2\/posts\/13999","targetHints":{"allow":["GET"]}}],"collection":[{"href":"https:\/\/francelyme.fr\/site\/wp-json\/wp\/v2\/posts"}],"about":[{"href":"https:\/\/francelyme.fr\/site\/wp-json\/wp\/v2\/types\/post"}],"author":[{"embeddable":true,"href":"https:\/\/francelyme.fr\/site\/wp-json\/wp\/v2\/users\/16"}],"replies":[{"embeddable":true,"href":"https:\/\/francelyme.fr\/site\/wp-json\/wp\/v2\/comments?post=13999"}],"version-history":[{"count":5,"href":"https:\/\/francelyme.fr\/site\/wp-json\/wp\/v2\/posts\/13999\/revisions"}],"predecessor-version":[{"id":14035,"href":"https:\/\/francelyme.fr\/site\/wp-json\/wp\/v2\/posts\/13999\/revisions\/14035"}],"wp:featuredmedia":[{"embeddable":true,"href":"https:\/\/francelyme.fr\/site\/wp-json\/wp\/v2\/media\/14000"}],"wp:attachment":[{"href":"https:\/\/francelyme.fr\/site\/wp-json\/wp\/v2\/media?parent=13999"}],"wp:term":[{"taxonomy":"category","embeddable":true,"href":"https:\/\/francelyme.fr\/site\/wp-json\/wp\/v2\/categories?post=13999"},{"taxonomy":"post_tag","embeddable":true,"href":"https:\/\/francelyme.fr\/site\/wp-json\/wp\/v2\/tags?post=13999"}],"curies":[{"name":"wp","href":"https:\/\/api.w.org\/{rel}","templated":true}]}}