{"id":14498,"date":"2023-05-21T22:33:10","date_gmt":"2023-05-21T20:33:10","guid":{"rendered":"https:\/\/francelyme.fr\/site\/?p=14498"},"modified":"2023-08-25T12:00:23","modified_gmt":"2023-08-25T10:00:23","slug":"assemblee-generale-extra-ordinaire-du-3-mai-2023","status":"publish","type":"post","link":"https:\/\/francelyme.fr\/site\/assemblee-generale-extra-ordinaire-du-3-mai-2023\/","title":{"rendered":"Retour sur l&rsquo;Assembl\u00e9e g\u00e9n\u00e9rale extra-ordinaire du 3 mai 2023"},"content":{"rendered":"<div class=\"like-button\" style=\"float: right; clear: both; text-align: right; width = 100%;\">\n<!-- Facebook Like Button Vivacity Infotech BEGIN -->\n<div class=\"fb-like\" data-href=\"https:\/\/francelyme.fr\/site\/assemblee-generale-extra-ordinaire-du-3-mai-2023\/\" data-layout=\"box_count\" data-action=\"like\" data-show-faces=\"false\" data-size=\"large\" data-width=\"450\" data-share=\"1\" ><\/div><\/div>\n<!-- Facebook Like Button Vivacity Infotech END -->\n<div id=\"fb-root\"><\/div>\n\n<div class=\"wp-block-file\"><a href=\"http:\/\/francelyme.fr\/site\/wp-content\/uploads\/2023\/08\/2023-Statuts-association-France-Lyme-vote-AGE-avril.pdf\">2023 Statuts association France Lyme vot\u00e9 AGE avril<\/a><a href=\"http:\/\/francelyme.fr\/site\/wp-content\/uploads\/2023\/08\/2023-Statuts-association-France-Lyme-vote-AGE-avril.pdf\" class=\"wp-block-file__button\" download>T\u00e9l\u00e9charger<\/a><\/div>\n\n\n\n<div class=\"wp-block-file\"><a href=\"http:\/\/francelyme.fr\/site\/wp-content\/uploads\/2023\/05\/2023-05-03-PV-AGE-anonyme.pdf\">Proc\u00e8s-verbal d\u2019assembl\u00e9e g\u00e9n\u00e9rale extraordinaire du 3 mai 2023<\/a><a href=\"http:\/\/francelyme.fr\/site\/wp-content\/uploads\/2023\/05\/2023-05-03-PV-AGE-anonyme.pdf\" class=\"wp-block-file__button\" download>T\u00e9l\u00e9charger<\/a><\/div>\n\n\n\n<p>L&rsquo;association souhaite obtenir le statut d\u2019\u00ab Association Reconnue d\u2019Utilit\u00e9 Publique \u00bb (ARUP), pour faire grandir celle-ci, en lui permettant notamment de recevoir des dons et des legs de mani\u00e8re plus favorable, et d\u2019accro\u00eetre notre l\u00e9gitimit\u00e9 et notre cr\u00e9dibilit\u00e9 vis-\u00e0-vis de tous nos partenaires, publics et priv\u00e9s.<br>Parmi les crit\u00e8res pour postuler \u00e0 cette reconnaissance ARUP, figurent des crit\u00e8res comptables, mais aussi des crit\u00e8res de bonne gouvernance, qui n\u00e9cessitent d\u2019adopter un nouveau format pour nos statuts et notre r\u00e8glement int\u00e9rieur, r\u00e9pondant aux normes exig\u00e9es par les autorit\u00e9s (minist\u00e8re de l\u2019Int\u00e9rieur et Conseil d\u2019\u00c9tat). <\/p>\n\n\n\n<p>Les 3 points de l&rsquo;ordre du jour sont valid\u00e9s. Les statuts sont valid\u00e9s.<\/p>\n\n\n\n<p>Vous trouverez les points majeurs des nouveaux statuts ci-dessous.<\/p>\n\n\n\n<div class=\"wp-block-file\"><a href=\"http:\/\/francelyme.fr\/site\/wp-content\/uploads\/2023\/04\/Annexe-les-points-majeurs-des-nouveaux-statuts.jpg\">Annexe &#8211; les points majeurs des nouveaux statuts<\/a><a href=\"http:\/\/francelyme.fr\/site\/wp-content\/uploads\/2023\/04\/Annexe-les-points-majeurs-des-nouveaux-statuts.jpg\" class=\"wp-block-file__button\" download>T\u00e9l\u00e9charger<\/a><\/div>\n<div class=\"like-button\" style=\"float: right; clear: both; text-align: right; width = 100%;\">\n<!-- Facebook Like Button Vivacity Infotech BEGIN -->\n<div class=\"fb-like\" data-href=\"https:\/\/francelyme.fr\/site\/assemblee-generale-extra-ordinaire-du-3-mai-2023\/\" data-layout=\"box_count\" data-action=\"like\" data-show-faces=\"false\" data-size=\"large\" data-width=\"450\" data-share=\"1\" ><\/div><\/div>\n<!-- Facebook Like Button Vivacity Infotech END -->\n","protected":false},"excerpt":{"rendered":"","protected":false},"author":17,"featured_media":12300,"comment_status":"closed","ping_status":"open","sticky":false,"template":"","format":"standard","meta":{"footnotes":""},"categories":[125],"tags":[],"class_list":["post-14498","post","type-post","status-publish","format-standard","has-post-thumbnail","hentry","category-ag-et-reunions"],"yoast_head":"<!-- This site is optimized with the Yoast SEO plugin v27.5 - https:\/\/yoast.com\/product\/yoast-seo-wordpress\/ -->\n<title>Retour sur l&#039;Assembl\u00e9e g\u00e9n\u00e9rale extra-ordinaire du 3 mai 2023 - Association France Lyme<\/title>\n<meta name=\"robots\" content=\"index, follow, max-snippet:-1, max-image-preview:large, max-video-preview:-1\" \/>\n<link rel=\"canonical\" href=\"https:\/\/francelyme.fr\/site\/assemblee-generale-extra-ordinaire-du-3-mai-2023\/\" \/>\n<meta property=\"og:locale\" content=\"fr_FR\" \/>\n<meta property=\"og:type\" content=\"article\" \/>\n<meta property=\"og:title\" content=\"Retour sur l&#039;Assembl\u00e9e g\u00e9n\u00e9rale extra-ordinaire du 3 mai 2023 - Association France Lyme\" \/>\n<meta property=\"og:url\" content=\"https:\/\/francelyme.fr\/site\/assemblee-generale-extra-ordinaire-du-3-mai-2023\/\" \/>\n<meta property=\"og:site_name\" content=\"Association France Lyme\" \/>\n<meta property=\"article:publisher\" content=\"https:\/\/www.facebook.com\/france.lyme\" \/>\n<meta property=\"article:published_time\" content=\"2023-05-21T20:33:10+00:00\" \/>\n<meta property=\"article:modified_time\" content=\"2023-08-25T10:00:23+00:00\" \/>\n<meta property=\"og:image\" content=\"https:\/\/francelyme.fr\/site\/wp-content\/uploads\/2021\/06\/Assemblee-generale.jpg\" \/>\n\t<meta property=\"og:image:width\" content=\"1024\" \/>\n\t<meta property=\"og:image:height\" content=\"1024\" \/>\n\t<meta property=\"og:image:type\" content=\"image\/jpeg\" \/>\n<meta name=\"author\" content=\"adminntlyme\" \/>\n<meta name=\"twitter:card\" content=\"summary_large_image\" \/>\n<meta name=\"twitter:creator\" content=\"@francelyme\" \/>\n<meta name=\"twitter:site\" content=\"@francelyme\" \/>\n<meta name=\"twitter:label1\" content=\"\u00c9crit par\" \/>\n\t<meta name=\"twitter:data1\" content=\"adminntlyme\" \/>\n\t<meta name=\"twitter:label2\" content=\"Dur\u00e9e de lecture estim\u00e9e\" \/>\n\t<meta name=\"twitter:data2\" content=\"1 minute\" \/>\n<script type=\"application\/ld+json\" class=\"yoast-schema-graph\">{\"@context\":\"https:\\\/\\\/schema.org\",\"@graph\":[{\"@type\":\"Article\",\"@id\":\"https:\\\/\\\/francelyme.fr\\\/site\\\/assemblee-generale-extra-ordinaire-du-3-mai-2023\\\/#article\",\"isPartOf\":{\"@id\":\"https:\\\/\\\/francelyme.fr\\\/site\\\/assemblee-generale-extra-ordinaire-du-3-mai-2023\\\/\"},\"author\":{\"name\":\"adminntlyme\",\"@id\":\"https:\\\/\\\/francelyme.fr\\\/site\\\/#\\\/schema\\\/person\\\/f7bd0eb75be49e4795c4ea0b3767e039\"},\"headline\":\"Retour sur l&rsquo;Assembl\u00e9e g\u00e9n\u00e9rale extra-ordinaire du 3 mai 2023\",\"datePublished\":\"2023-05-21T20:33:10+00:00\",\"dateModified\":\"2023-08-25T10:00:23+00:00\",\"mainEntityOfPage\":{\"@id\":\"https:\\\/\\\/francelyme.fr\\\/site\\\/assemblee-generale-extra-ordinaire-du-3-mai-2023\\\/\"},\"wordCount\":183,\"publisher\":{\"@id\":\"https:\\\/\\\/francelyme.fr\\\/site\\\/#organization\"},\"image\":{\"@id\":\"https:\\\/\\\/francelyme.fr\\\/site\\\/assemblee-generale-extra-ordinaire-du-3-mai-2023\\\/#primaryimage\"},\"thumbnailUrl\":\"https:\\\/\\\/francelyme.fr\\\/site\\\/wp-content\\\/uploads\\\/2021\\\/06\\\/Assemblee-generale.jpg\",\"articleSection\":[\"AG et r\u00e9unions de l'asso\"],\"inLanguage\":\"fr-FR\"},{\"@type\":\"WebPage\",\"@id\":\"https:\\\/\\\/francelyme.fr\\\/site\\\/assemblee-generale-extra-ordinaire-du-3-mai-2023\\\/\",\"url\":\"https:\\\/\\\/francelyme.fr\\\/site\\\/assemblee-generale-extra-ordinaire-du-3-mai-2023\\\/\",\"name\":\"Retour sur l'Assembl\u00e9e g\u00e9n\u00e9rale extra-ordinaire du 3 mai 2023 - Association France Lyme\",\"isPartOf\":{\"@id\":\"https:\\\/\\\/francelyme.fr\\\/site\\\/#website\"},\"primaryImageOfPage\":{\"@id\":\"https:\\\/\\\/francelyme.fr\\\/site\\\/assemblee-generale-extra-ordinaire-du-3-mai-2023\\\/#primaryimage\"},\"image\":{\"@id\":\"https:\\\/\\\/francelyme.fr\\\/site\\\/assemblee-generale-extra-ordinaire-du-3-mai-2023\\\/#primaryimage\"},\"thumbnailUrl\":\"https:\\\/\\\/francelyme.fr\\\/site\\\/wp-content\\\/uploads\\\/2021\\\/06\\\/Assemblee-generale.jpg\",\"datePublished\":\"2023-05-21T20:33:10+00:00\",\"dateModified\":\"2023-08-25T10:00:23+00:00\",\"breadcrumb\":{\"@id\":\"https:\\\/\\\/francelyme.fr\\\/site\\\/assemblee-generale-extra-ordinaire-du-3-mai-2023\\\/#breadcrumb\"},\"inLanguage\":\"fr-FR\",\"potentialAction\":[{\"@type\":\"ReadAction\",\"target\":[\"https:\\\/\\\/francelyme.fr\\\/site\\\/assemblee-generale-extra-ordinaire-du-3-mai-2023\\\/\"]}]},{\"@type\":\"ImageObject\",\"inLanguage\":\"fr-FR\",\"@id\":\"https:\\\/\\\/francelyme.fr\\\/site\\\/assemblee-generale-extra-ordinaire-du-3-mai-2023\\\/#primaryimage\",\"url\":\"https:\\\/\\\/francelyme.fr\\\/site\\\/wp-content\\\/uploads\\\/2021\\\/06\\\/Assemblee-generale.jpg\",\"contentUrl\":\"https:\\\/\\\/francelyme.fr\\\/site\\\/wp-content\\\/uploads\\\/2021\\\/06\\\/Assemblee-generale.jpg\",\"width\":1024,\"height\":1024},{\"@type\":\"BreadcrumbList\",\"@id\":\"https:\\\/\\\/francelyme.fr\\\/site\\\/assemblee-generale-extra-ordinaire-du-3-mai-2023\\\/#breadcrumb\",\"itemListElement\":[{\"@type\":\"ListItem\",\"position\":1,\"name\":\"Accueil\",\"item\":\"https:\\\/\\\/francelyme.fr\\\/site\\\/\"},{\"@type\":\"ListItem\",\"position\":2,\"name\":\"Retour sur l&#8217;Assembl\u00e9e g\u00e9n\u00e9rale extra-ordinaire du 3 mai 2023\"}]},{\"@type\":\"WebSite\",\"@id\":\"https:\\\/\\\/francelyme.fr\\\/site\\\/#website\",\"url\":\"https:\\\/\\\/francelyme.fr\\\/site\\\/\",\"name\":\"Association France Lyme\",\"description\":\"Association de lutte contre les maladies vectorielles \u00e0 tiques\",\"publisher\":{\"@id\":\"https:\\\/\\\/francelyme.fr\\\/site\\\/#organization\"},\"potentialAction\":[{\"@type\":\"SearchAction\",\"target\":{\"@type\":\"EntryPoint\",\"urlTemplate\":\"https:\\\/\\\/francelyme.fr\\\/site\\\/?s={search_term_string}\"},\"query-input\":{\"@type\":\"PropertyValueSpecification\",\"valueRequired\":true,\"valueName\":\"search_term_string\"}}],\"inLanguage\":\"fr-FR\"},{\"@type\":\"Organization\",\"@id\":\"https:\\\/\\\/francelyme.fr\\\/site\\\/#organization\",\"name\":\"France Lyme\",\"url\":\"https:\\\/\\\/francelyme.fr\\\/site\\\/\",\"logo\":{\"@type\":\"ImageObject\",\"inLanguage\":\"fr-FR\",\"@id\":\"https:\\\/\\\/francelyme.fr\\\/site\\\/#\\\/schema\\\/logo\\\/image\\\/\",\"url\":\"https:\\\/\\\/francelyme.fr\\\/site\\\/wp-content\\\/uploads\\\/2019\\\/05\\\/francelyme-site.gif\",\"contentUrl\":\"https:\\\/\\\/francelyme.fr\\\/site\\\/wp-content\\\/uploads\\\/2019\\\/05\\\/francelyme-site.gif\",\"width\":180,\"height\":180,\"caption\":\"France Lyme\"},\"image\":{\"@id\":\"https:\\\/\\\/francelyme.fr\\\/site\\\/#\\\/schema\\\/logo\\\/image\\\/\"},\"sameAs\":[\"https:\\\/\\\/www.facebook.com\\\/france.lyme\",\"https:\\\/\\\/x.com\\\/francelyme\",\"https:\\\/\\\/www.youtube.com\\\/channel\\\/UClMCGl3dvkz0iAgXFR1NH1A\"]},{\"@type\":\"Person\",\"@id\":\"https:\\\/\\\/francelyme.fr\\\/site\\\/#\\\/schema\\\/person\\\/f7bd0eb75be49e4795c4ea0b3767e039\",\"name\":\"adminntlyme\",\"image\":{\"@type\":\"ImageObject\",\"inLanguage\":\"fr-FR\",\"@id\":\"https:\\\/\\\/secure.gravatar.com\\\/avatar\\\/e9ab07a36659baa27b55dfef2a5432041c212015f8eb8a8d25b934c17a03cb54?s=96&d=mm&r=g\",\"url\":\"https:\\\/\\\/secure.gravatar.com\\\/avatar\\\/e9ab07a36659baa27b55dfef2a5432041c212015f8eb8a8d25b934c17a03cb54?s=96&d=mm&r=g\",\"contentUrl\":\"https:\\\/\\\/secure.gravatar.com\\\/avatar\\\/e9ab07a36659baa27b55dfef2a5432041c212015f8eb8a8d25b934c17a03cb54?s=96&d=mm&r=g\",\"caption\":\"adminntlyme\"},\"url\":\"https:\\\/\\\/francelyme.fr\\\/site\\\/author\\\/adminntlyme\\\/\"}]}<\/script>\n<!-- \/ Yoast SEO plugin. -->","yoast_head_json":{"title":"Retour sur l'Assembl\u00e9e g\u00e9n\u00e9rale extra-ordinaire du 3 mai 2023 - Association France Lyme","robots":{"index":"index","follow":"follow","max-snippet":"max-snippet:-1","max-image-preview":"max-image-preview:large","max-video-preview":"max-video-preview:-1"},"canonical":"https:\/\/francelyme.fr\/site\/assemblee-generale-extra-ordinaire-du-3-mai-2023\/","og_locale":"fr_FR","og_type":"article","og_title":"Retour sur l'Assembl\u00e9e g\u00e9n\u00e9rale extra-ordinaire du 3 mai 2023 - Association France Lyme","og_url":"https:\/\/francelyme.fr\/site\/assemblee-generale-extra-ordinaire-du-3-mai-2023\/","og_site_name":"Association France Lyme","article_publisher":"https:\/\/www.facebook.com\/france.lyme","article_published_time":"2023-05-21T20:33:10+00:00","article_modified_time":"2023-08-25T10:00:23+00:00","og_image":[{"width":1024,"height":1024,"url":"https:\/\/francelyme.fr\/site\/wp-content\/uploads\/2021\/06\/Assemblee-generale.jpg","type":"image\/jpeg"}],"author":"adminntlyme","twitter_card":"summary_large_image","twitter_creator":"@francelyme","twitter_site":"@francelyme","twitter_misc":{"\u00c9crit par":"adminntlyme","Dur\u00e9e de lecture estim\u00e9e":"1 minute"},"schema":{"@context":"https:\/\/schema.org","@graph":[{"@type":"Article","@id":"https:\/\/francelyme.fr\/site\/assemblee-generale-extra-ordinaire-du-3-mai-2023\/#article","isPartOf":{"@id":"https:\/\/francelyme.fr\/site\/assemblee-generale-extra-ordinaire-du-3-mai-2023\/"},"author":{"name":"adminntlyme","@id":"https:\/\/francelyme.fr\/site\/#\/schema\/person\/f7bd0eb75be49e4795c4ea0b3767e039"},"headline":"Retour sur l&rsquo;Assembl\u00e9e g\u00e9n\u00e9rale extra-ordinaire du 3 mai 2023","datePublished":"2023-05-21T20:33:10+00:00","dateModified":"2023-08-25T10:00:23+00:00","mainEntityOfPage":{"@id":"https:\/\/francelyme.fr\/site\/assemblee-generale-extra-ordinaire-du-3-mai-2023\/"},"wordCount":183,"publisher":{"@id":"https:\/\/francelyme.fr\/site\/#organization"},"image":{"@id":"https:\/\/francelyme.fr\/site\/assemblee-generale-extra-ordinaire-du-3-mai-2023\/#primaryimage"},"thumbnailUrl":"https:\/\/francelyme.fr\/site\/wp-content\/uploads\/2021\/06\/Assemblee-generale.jpg","articleSection":["AG et r\u00e9unions de l'asso"],"inLanguage":"fr-FR"},{"@type":"WebPage","@id":"https:\/\/francelyme.fr\/site\/assemblee-generale-extra-ordinaire-du-3-mai-2023\/","url":"https:\/\/francelyme.fr\/site\/assemblee-generale-extra-ordinaire-du-3-mai-2023\/","name":"Retour sur l'Assembl\u00e9e g\u00e9n\u00e9rale extra-ordinaire du 3 mai 2023 - Association France Lyme","isPartOf":{"@id":"https:\/\/francelyme.fr\/site\/#website"},"primaryImageOfPage":{"@id":"https:\/\/francelyme.fr\/site\/assemblee-generale-extra-ordinaire-du-3-mai-2023\/#primaryimage"},"image":{"@id":"https:\/\/francelyme.fr\/site\/assemblee-generale-extra-ordinaire-du-3-mai-2023\/#primaryimage"},"thumbnailUrl":"https:\/\/francelyme.fr\/site\/wp-content\/uploads\/2021\/06\/Assemblee-generale.jpg","datePublished":"2023-05-21T20:33:10+00:00","dateModified":"2023-08-25T10:00:23+00:00","breadcrumb":{"@id":"https:\/\/francelyme.fr\/site\/assemblee-generale-extra-ordinaire-du-3-mai-2023\/#breadcrumb"},"inLanguage":"fr-FR","potentialAction":[{"@type":"ReadAction","target":["https:\/\/francelyme.fr\/site\/assemblee-generale-extra-ordinaire-du-3-mai-2023\/"]}]},{"@type":"ImageObject","inLanguage":"fr-FR","@id":"https:\/\/francelyme.fr\/site\/assemblee-generale-extra-ordinaire-du-3-mai-2023\/#primaryimage","url":"https:\/\/francelyme.fr\/site\/wp-content\/uploads\/2021\/06\/Assemblee-generale.jpg","contentUrl":"https:\/\/francelyme.fr\/site\/wp-content\/uploads\/2021\/06\/Assemblee-generale.jpg","width":1024,"height":1024},{"@type":"BreadcrumbList","@id":"https:\/\/francelyme.fr\/site\/assemblee-generale-extra-ordinaire-du-3-mai-2023\/#breadcrumb","itemListElement":[{"@type":"ListItem","position":1,"name":"Accueil","item":"https:\/\/francelyme.fr\/site\/"},{"@type":"ListItem","position":2,"name":"Retour sur l&#8217;Assembl\u00e9e g\u00e9n\u00e9rale extra-ordinaire du 3 mai 2023"}]},{"@type":"WebSite","@id":"https:\/\/francelyme.fr\/site\/#website","url":"https:\/\/francelyme.fr\/site\/","name":"Association France Lyme","description":"Association de lutte contre les maladies vectorielles \u00e0 tiques","publisher":{"@id":"https:\/\/francelyme.fr\/site\/#organization"},"potentialAction":[{"@type":"SearchAction","target":{"@type":"EntryPoint","urlTemplate":"https:\/\/francelyme.fr\/site\/?s={search_term_string}"},"query-input":{"@type":"PropertyValueSpecification","valueRequired":true,"valueName":"search_term_string"}}],"inLanguage":"fr-FR"},{"@type":"Organization","@id":"https:\/\/francelyme.fr\/site\/#organization","name":"France Lyme","url":"https:\/\/francelyme.fr\/site\/","logo":{"@type":"ImageObject","inLanguage":"fr-FR","@id":"https:\/\/francelyme.fr\/site\/#\/schema\/logo\/image\/","url":"https:\/\/francelyme.fr\/site\/wp-content\/uploads\/2019\/05\/francelyme-site.gif","contentUrl":"https:\/\/francelyme.fr\/site\/wp-content\/uploads\/2019\/05\/francelyme-site.gif","width":180,"height":180,"caption":"France Lyme"},"image":{"@id":"https:\/\/francelyme.fr\/site\/#\/schema\/logo\/image\/"},"sameAs":["https:\/\/www.facebook.com\/france.lyme","https:\/\/x.com\/francelyme","https:\/\/www.youtube.com\/channel\/UClMCGl3dvkz0iAgXFR1NH1A"]},{"@type":"Person","@id":"https:\/\/francelyme.fr\/site\/#\/schema\/person\/f7bd0eb75be49e4795c4ea0b3767e039","name":"adminntlyme","image":{"@type":"ImageObject","inLanguage":"fr-FR","@id":"https:\/\/secure.gravatar.com\/avatar\/e9ab07a36659baa27b55dfef2a5432041c212015f8eb8a8d25b934c17a03cb54?s=96&d=mm&r=g","url":"https:\/\/secure.gravatar.com\/avatar\/e9ab07a36659baa27b55dfef2a5432041c212015f8eb8a8d25b934c17a03cb54?s=96&d=mm&r=g","contentUrl":"https:\/\/secure.gravatar.com\/avatar\/e9ab07a36659baa27b55dfef2a5432041c212015f8eb8a8d25b934c17a03cb54?s=96&d=mm&r=g","caption":"adminntlyme"},"url":"https:\/\/francelyme.fr\/site\/author\/adminntlyme\/"}]}},"_links":{"self":[{"href":"https:\/\/francelyme.fr\/site\/wp-json\/wp\/v2\/posts\/14498","targetHints":{"allow":["GET"]}}],"collection":[{"href":"https:\/\/francelyme.fr\/site\/wp-json\/wp\/v2\/posts"}],"about":[{"href":"https:\/\/francelyme.fr\/site\/wp-json\/wp\/v2\/types\/post"}],"author":[{"embeddable":true,"href":"https:\/\/francelyme.fr\/site\/wp-json\/wp\/v2\/users\/17"}],"replies":[{"embeddable":true,"href":"https:\/\/francelyme.fr\/site\/wp-json\/wp\/v2\/comments?post=14498"}],"version-history":[{"count":3,"href":"https:\/\/francelyme.fr\/site\/wp-json\/wp\/v2\/posts\/14498\/revisions"}],"predecessor-version":[{"id":15006,"href":"https:\/\/francelyme.fr\/site\/wp-json\/wp\/v2\/posts\/14498\/revisions\/15006"}],"wp:featuredmedia":[{"embeddable":true,"href":"https:\/\/francelyme.fr\/site\/wp-json\/wp\/v2\/media\/12300"}],"wp:attachment":[{"href":"https:\/\/francelyme.fr\/site\/wp-json\/wp\/v2\/media?parent=14498"}],"wp:term":[{"taxonomy":"category","embeddable":true,"href":"https:\/\/francelyme.fr\/site\/wp-json\/wp\/v2\/categories?post=14498"},{"taxonomy":"post_tag","embeddable":true,"href":"https:\/\/francelyme.fr\/site\/wp-json\/wp\/v2\/tags?post=14498"}],"curies":[{"name":"wp","href":"https:\/\/api.w.org\/{rel}","templated":true}]}}