{"id":15259,"date":"2023-09-01T19:25:00","date_gmt":"2023-09-01T17:25:00","guid":{"rendered":"https:\/\/francelyme.fr\/site\/?p=15259"},"modified":"2023-11-12T01:21:00","modified_gmt":"2023-11-12T00:21:00","slug":"pour-un-vrai-plan-de-recherche-sur-la-maladie-de-lyme-et-les-maladies-a-tiques","status":"publish","type":"post","link":"https:\/\/francelyme.fr\/site\/pour-un-vrai-plan-de-recherche-sur-la-maladie-de-lyme-et-les-maladies-a-tiques\/","title":{"rendered":"Pour un vrai plan de recherche sur la maladie de Lyme et les maladies \u00e0 tiques"},"content":{"rendered":"<div class=\"like-button\" style=\"float: right; clear: both; text-align: right; width = 100%;\">\n<!-- Facebook Like Button Vivacity Infotech BEGIN -->\n<div class=\"fb-like\" data-href=\"https:\/\/francelyme.fr\/site\/pour-un-vrai-plan-de-recherche-sur-la-maladie-de-lyme-et-les-maladies-a-tiques\/\" data-layout=\"box_count\" data-action=\"like\" data-show-faces=\"false\" data-size=\"large\" data-width=\"450\" data-share=\"1\" ><\/div><\/div>\n<!-- Facebook Like Button Vivacity Infotech END -->\n<div id=\"fb-root\"><\/div>\n\n<div class=\"wp-block-image\"><figure class=\"aligncenter size-large is-resized\"><img loading=\"lazy\" decoding=\"async\" src=\"http:\/\/francelyme.fr\/site\/wp-content\/uploads\/2023\/09\/ANRS-Maladies-infectieuses-emergentes-MIE-logo.jpg\" alt=\"\" class=\"wp-image-15260\" width=\"340\" height=\"340\" srcset=\"https:\/\/francelyme.fr\/site\/wp-content\/uploads\/2023\/09\/ANRS-Maladies-infectieuses-emergentes-MIE-logo.jpg 900w, https:\/\/francelyme.fr\/site\/wp-content\/uploads\/2023\/09\/ANRS-Maladies-infectieuses-emergentes-MIE-logo-300x300.jpg 300w, https:\/\/francelyme.fr\/site\/wp-content\/uploads\/2023\/09\/ANRS-Maladies-infectieuses-emergentes-MIE-logo-150x150.jpg 150w, https:\/\/francelyme.fr\/site\/wp-content\/uploads\/2023\/09\/ANRS-Maladies-infectieuses-emergentes-MIE-logo-768x768.jpg 768w, https:\/\/francelyme.fr\/site\/wp-content\/uploads\/2023\/09\/ANRS-Maladies-infectieuses-emergentes-MIE-logo-90x90.jpg 90w, https:\/\/francelyme.fr\/site\/wp-content\/uploads\/2023\/09\/ANRS-Maladies-infectieuses-emergentes-MIE-logo-75x75.jpg 75w\" sizes=\"auto, (max-width: 340px) 100vw, 340px\" \/><\/figure><\/div>\n\n\n\n<p><br>En juillet, nous avons \u00e9t\u00e9 re\u00e7us \u00e0 l&rsquo;ANRS-MIE (agence nationale de recherche sur le sida et les maladies infectieuses \u00e9mergentes, sous l&rsquo;\u00e9gide de l&rsquo;INSERM), pour \u00e9changer sur les projets de recherche en cours et \u00e0 venir. Sans surprise, il n&rsquo;y a l\u00e0 aucun projet de recherche en cours. Et ailleurs dans le paysage scientifique fran\u00e7ais, les projets sur la maladie de Lyme sont anecdotiques, et concernent davantage les tiques et les animaux que les humains.<\/p>\n\n\n\n<p><br>Cette situation est bien s\u00fbr aberrante, et nous ne nous r\u00e9signons pas. Notre objectif est de r\u00e9ussir \u00e0 mettre sur les rails un plan de recherche digne de ce nom, dont voici les grandes lignes, que nous avons discut\u00e9 lors de cette r\u00e9union :<\/p>\n\n\n\n<ul class=\"wp-block-list\"><li>Recenser les malades de Lyme, y compris ceux porteurs de la forme chronique, pour d\u00e9terminer et suivre la pr\u00e9valence de la borr\u00e9liose de Lyme et des MVT<\/li><\/ul>\n\n\n\n<p>(ce sujet est capital car aujourd&rsquo;hui, comme vous le savez, la soci\u00e9t\u00e9 d&rsquo;infectiologie minimise terriblement le nombre de ces malades, ce qui nous rend inaudibles)<\/p>\n\n\n\n<ul class=\"wp-block-list\"><li>Am\u00e9liorer et fiabiliser le diagnostic :<ul><li>Revisiter les tests actuels, travailler sur de nouveaux tests<\/li><li>Etablir un r\u00e9f\u00e9rentiel symptomatologique pour objectiver le diagnostic des patients Lyme long<\/li><\/ul><\/li><\/ul>\n\n\n\n<ul class=\"wp-block-list\"><li>Etudier pr\u00e9cis\u00e9ment les autres MVT (et co-infections), pour recenser leur incidence r\u00e9elle et leur impact combin\u00e9<\/li><li>Travailler sur les causes de la persistance :<ul><li>Statuer sur la persistance bact\u00e9rienne<\/li><li>Statuer sur l&rsquo;existence de biofilms concernant borr\u00e9lia<\/li><\/ul><\/li><\/ul>\n\n\n\n<ul class=\"wp-block-list\"><li>Am\u00e9liorer les traitements pour les patients \u00ab\u00a0Lyme long\u00a0\u00bb :<ul><li>Faire des tests cliniques sur les protocoles publi\u00e9s, les am\u00e9liorer<\/li><\/ul><\/li><li>Statuer sur les autres formes de transmission (sanguine, sexuelle, etc.)<\/li><\/ul>\n<div class=\"like-button\" style=\"float: right; clear: both; text-align: right; width = 100%;\">\n<!-- Facebook Like Button Vivacity Infotech BEGIN -->\n<div class=\"fb-like\" data-href=\"https:\/\/francelyme.fr\/site\/pour-un-vrai-plan-de-recherche-sur-la-maladie-de-lyme-et-les-maladies-a-tiques\/\" data-layout=\"box_count\" data-action=\"like\" data-show-faces=\"false\" data-size=\"large\" data-width=\"450\" data-share=\"1\" ><\/div><\/div>\n<!-- Facebook Like Button Vivacity Infotech END -->\n","protected":false},"excerpt":{"rendered":"","protected":false},"author":17,"featured_media":15260,"comment_status":"closed","ping_status":"open","sticky":false,"template":"","format":"standard","meta":{"footnotes":""},"categories":[104],"tags":[],"class_list":["post-15259","post","type-post","status-publish","format-standard","has-post-thumbnail","hentry","category-recherche"],"yoast_head":"<!-- This site is optimized with the Yoast SEO plugin v27.3 - https:\/\/yoast.com\/product\/yoast-seo-wordpress\/ -->\n<title>Pour un vrai plan de recherche sur la maladie de Lyme et les maladies \u00e0 tiques - Association France Lyme<\/title>\n<meta name=\"robots\" content=\"index, follow, max-snippet:-1, max-image-preview:large, max-video-preview:-1\" \/>\n<link rel=\"canonical\" href=\"https:\/\/francelyme.fr\/site\/pour-un-vrai-plan-de-recherche-sur-la-maladie-de-lyme-et-les-maladies-a-tiques\/\" \/>\n<meta property=\"og:locale\" content=\"fr_FR\" \/>\n<meta property=\"og:type\" content=\"article\" \/>\n<meta property=\"og:title\" content=\"Pour un vrai plan de recherche sur la maladie de Lyme et les maladies \u00e0 tiques - Association France Lyme\" \/>\n<meta property=\"og:url\" content=\"https:\/\/francelyme.fr\/site\/pour-un-vrai-plan-de-recherche-sur-la-maladie-de-lyme-et-les-maladies-a-tiques\/\" \/>\n<meta property=\"og:site_name\" content=\"Association France Lyme\" \/>\n<meta property=\"article:publisher\" content=\"https:\/\/www.facebook.com\/france.lyme\" \/>\n<meta property=\"article:published_time\" content=\"2023-09-01T17:25:00+00:00\" \/>\n<meta property=\"article:modified_time\" content=\"2023-11-12T00:21:00+00:00\" \/>\n<meta property=\"og:image\" content=\"https:\/\/francelyme.fr\/site\/wp-content\/uploads\/2023\/09\/ANRS-Maladies-infectieuses-emergentes-MIE-logo.jpg\" \/>\n\t<meta property=\"og:image:width\" content=\"900\" \/>\n\t<meta property=\"og:image:height\" content=\"900\" \/>\n\t<meta property=\"og:image:type\" content=\"image\/jpeg\" \/>\n<meta name=\"author\" content=\"adminntlyme\" \/>\n<meta name=\"twitter:card\" content=\"summary_large_image\" \/>\n<meta name=\"twitter:creator\" content=\"@francelyme\" \/>\n<meta name=\"twitter:site\" content=\"@francelyme\" \/>\n<meta name=\"twitter:label1\" content=\"\u00c9crit par\" \/>\n\t<meta name=\"twitter:data1\" content=\"adminntlyme\" \/>\n\t<meta name=\"twitter:label2\" content=\"Dur\u00e9e de lecture estim\u00e9e\" \/>\n\t<meta name=\"twitter:data2\" content=\"1 minute\" \/>\n<script type=\"application\/ld+json\" class=\"yoast-schema-graph\">{\"@context\":\"https:\\\/\\\/schema.org\",\"@graph\":[{\"@type\":\"Article\",\"@id\":\"https:\\\/\\\/francelyme.fr\\\/site\\\/pour-un-vrai-plan-de-recherche-sur-la-maladie-de-lyme-et-les-maladies-a-tiques\\\/#article\",\"isPartOf\":{\"@id\":\"https:\\\/\\\/francelyme.fr\\\/site\\\/pour-un-vrai-plan-de-recherche-sur-la-maladie-de-lyme-et-les-maladies-a-tiques\\\/\"},\"author\":{\"name\":\"adminntlyme\",\"@id\":\"https:\\\/\\\/francelyme.fr\\\/site\\\/#\\\/schema\\\/person\\\/f7bd0eb75be49e4795c4ea0b3767e039\"},\"headline\":\"Pour un vrai plan de recherche sur la maladie de Lyme et les maladies \u00e0 tiques\",\"datePublished\":\"2023-09-01T17:25:00+00:00\",\"dateModified\":\"2023-11-12T00:21:00+00:00\",\"mainEntityOfPage\":{\"@id\":\"https:\\\/\\\/francelyme.fr\\\/site\\\/pour-un-vrai-plan-de-recherche-sur-la-maladie-de-lyme-et-les-maladies-a-tiques\\\/\"},\"wordCount\":299,\"publisher\":{\"@id\":\"https:\\\/\\\/francelyme.fr\\\/site\\\/#organization\"},\"image\":{\"@id\":\"https:\\\/\\\/francelyme.fr\\\/site\\\/pour-un-vrai-plan-de-recherche-sur-la-maladie-de-lyme-et-les-maladies-a-tiques\\\/#primaryimage\"},\"thumbnailUrl\":\"https:\\\/\\\/francelyme.fr\\\/site\\\/wp-content\\\/uploads\\\/2023\\\/09\\\/ANRS-Maladies-infectieuses-emergentes-MIE-logo.jpg\",\"articleSection\":[\"Recherche\"],\"inLanguage\":\"fr-FR\"},{\"@type\":\"WebPage\",\"@id\":\"https:\\\/\\\/francelyme.fr\\\/site\\\/pour-un-vrai-plan-de-recherche-sur-la-maladie-de-lyme-et-les-maladies-a-tiques\\\/\",\"url\":\"https:\\\/\\\/francelyme.fr\\\/site\\\/pour-un-vrai-plan-de-recherche-sur-la-maladie-de-lyme-et-les-maladies-a-tiques\\\/\",\"name\":\"Pour un vrai plan de recherche sur la maladie de Lyme et les maladies \u00e0 tiques - Association France Lyme\",\"isPartOf\":{\"@id\":\"https:\\\/\\\/francelyme.fr\\\/site\\\/#website\"},\"primaryImageOfPage\":{\"@id\":\"https:\\\/\\\/francelyme.fr\\\/site\\\/pour-un-vrai-plan-de-recherche-sur-la-maladie-de-lyme-et-les-maladies-a-tiques\\\/#primaryimage\"},\"image\":{\"@id\":\"https:\\\/\\\/francelyme.fr\\\/site\\\/pour-un-vrai-plan-de-recherche-sur-la-maladie-de-lyme-et-les-maladies-a-tiques\\\/#primaryimage\"},\"thumbnailUrl\":\"https:\\\/\\\/francelyme.fr\\\/site\\\/wp-content\\\/uploads\\\/2023\\\/09\\\/ANRS-Maladies-infectieuses-emergentes-MIE-logo.jpg\",\"datePublished\":\"2023-09-01T17:25:00+00:00\",\"dateModified\":\"2023-11-12T00:21:00+00:00\",\"breadcrumb\":{\"@id\":\"https:\\\/\\\/francelyme.fr\\\/site\\\/pour-un-vrai-plan-de-recherche-sur-la-maladie-de-lyme-et-les-maladies-a-tiques\\\/#breadcrumb\"},\"inLanguage\":\"fr-FR\",\"potentialAction\":[{\"@type\":\"ReadAction\",\"target\":[\"https:\\\/\\\/francelyme.fr\\\/site\\\/pour-un-vrai-plan-de-recherche-sur-la-maladie-de-lyme-et-les-maladies-a-tiques\\\/\"]}]},{\"@type\":\"ImageObject\",\"inLanguage\":\"fr-FR\",\"@id\":\"https:\\\/\\\/francelyme.fr\\\/site\\\/pour-un-vrai-plan-de-recherche-sur-la-maladie-de-lyme-et-les-maladies-a-tiques\\\/#primaryimage\",\"url\":\"https:\\\/\\\/francelyme.fr\\\/site\\\/wp-content\\\/uploads\\\/2023\\\/09\\\/ANRS-Maladies-infectieuses-emergentes-MIE-logo.jpg\",\"contentUrl\":\"https:\\\/\\\/francelyme.fr\\\/site\\\/wp-content\\\/uploads\\\/2023\\\/09\\\/ANRS-Maladies-infectieuses-emergentes-MIE-logo.jpg\",\"width\":900,\"height\":900},{\"@type\":\"BreadcrumbList\",\"@id\":\"https:\\\/\\\/francelyme.fr\\\/site\\\/pour-un-vrai-plan-de-recherche-sur-la-maladie-de-lyme-et-les-maladies-a-tiques\\\/#breadcrumb\",\"itemListElement\":[{\"@type\":\"ListItem\",\"position\":1,\"name\":\"Accueil\",\"item\":\"https:\\\/\\\/francelyme.fr\\\/site\\\/\"},{\"@type\":\"ListItem\",\"position\":2,\"name\":\"Pour un vrai plan de recherche sur la maladie de Lyme et les maladies \u00e0 tiques\"}]},{\"@type\":\"WebSite\",\"@id\":\"https:\\\/\\\/francelyme.fr\\\/site\\\/#website\",\"url\":\"https:\\\/\\\/francelyme.fr\\\/site\\\/\",\"name\":\"Association France Lyme\",\"description\":\"Association de lutte contre les maladies vectorielles \u00e0 tiques\",\"publisher\":{\"@id\":\"https:\\\/\\\/francelyme.fr\\\/site\\\/#organization\"},\"potentialAction\":[{\"@type\":\"SearchAction\",\"target\":{\"@type\":\"EntryPoint\",\"urlTemplate\":\"https:\\\/\\\/francelyme.fr\\\/site\\\/?s={search_term_string}\"},\"query-input\":{\"@type\":\"PropertyValueSpecification\",\"valueRequired\":true,\"valueName\":\"search_term_string\"}}],\"inLanguage\":\"fr-FR\"},{\"@type\":\"Organization\",\"@id\":\"https:\\\/\\\/francelyme.fr\\\/site\\\/#organization\",\"name\":\"France Lyme\",\"url\":\"https:\\\/\\\/francelyme.fr\\\/site\\\/\",\"logo\":{\"@type\":\"ImageObject\",\"inLanguage\":\"fr-FR\",\"@id\":\"https:\\\/\\\/francelyme.fr\\\/site\\\/#\\\/schema\\\/logo\\\/image\\\/\",\"url\":\"https:\\\/\\\/francelyme.fr\\\/site\\\/wp-content\\\/uploads\\\/2019\\\/05\\\/francelyme-site.gif\",\"contentUrl\":\"https:\\\/\\\/francelyme.fr\\\/site\\\/wp-content\\\/uploads\\\/2019\\\/05\\\/francelyme-site.gif\",\"width\":180,\"height\":180,\"caption\":\"France Lyme\"},\"image\":{\"@id\":\"https:\\\/\\\/francelyme.fr\\\/site\\\/#\\\/schema\\\/logo\\\/image\\\/\"},\"sameAs\":[\"https:\\\/\\\/www.facebook.com\\\/france.lyme\",\"https:\\\/\\\/x.com\\\/francelyme\",\"https:\\\/\\\/www.youtube.com\\\/channel\\\/UClMCGl3dvkz0iAgXFR1NH1A\"]},{\"@type\":\"Person\",\"@id\":\"https:\\\/\\\/francelyme.fr\\\/site\\\/#\\\/schema\\\/person\\\/f7bd0eb75be49e4795c4ea0b3767e039\",\"name\":\"adminntlyme\",\"image\":{\"@type\":\"ImageObject\",\"inLanguage\":\"fr-FR\",\"@id\":\"https:\\\/\\\/secure.gravatar.com\\\/avatar\\\/e9ab07a36659baa27b55dfef2a5432041c212015f8eb8a8d25b934c17a03cb54?s=96&d=mm&r=g\",\"url\":\"https:\\\/\\\/secure.gravatar.com\\\/avatar\\\/e9ab07a36659baa27b55dfef2a5432041c212015f8eb8a8d25b934c17a03cb54?s=96&d=mm&r=g\",\"contentUrl\":\"https:\\\/\\\/secure.gravatar.com\\\/avatar\\\/e9ab07a36659baa27b55dfef2a5432041c212015f8eb8a8d25b934c17a03cb54?s=96&d=mm&r=g\",\"caption\":\"adminntlyme\"},\"url\":\"https:\\\/\\\/francelyme.fr\\\/site\\\/author\\\/adminntlyme\\\/\"}]}<\/script>\n<!-- \/ Yoast SEO plugin. -->","yoast_head_json":{"title":"Pour un vrai plan de recherche sur la maladie de Lyme et les maladies \u00e0 tiques - Association France Lyme","robots":{"index":"index","follow":"follow","max-snippet":"max-snippet:-1","max-image-preview":"max-image-preview:large","max-video-preview":"max-video-preview:-1"},"canonical":"https:\/\/francelyme.fr\/site\/pour-un-vrai-plan-de-recherche-sur-la-maladie-de-lyme-et-les-maladies-a-tiques\/","og_locale":"fr_FR","og_type":"article","og_title":"Pour un vrai plan de recherche sur la maladie de Lyme et les maladies \u00e0 tiques - Association France Lyme","og_url":"https:\/\/francelyme.fr\/site\/pour-un-vrai-plan-de-recherche-sur-la-maladie-de-lyme-et-les-maladies-a-tiques\/","og_site_name":"Association France Lyme","article_publisher":"https:\/\/www.facebook.com\/france.lyme","article_published_time":"2023-09-01T17:25:00+00:00","article_modified_time":"2023-11-12T00:21:00+00:00","og_image":[{"width":900,"height":900,"url":"https:\/\/francelyme.fr\/site\/wp-content\/uploads\/2023\/09\/ANRS-Maladies-infectieuses-emergentes-MIE-logo.jpg","type":"image\/jpeg"}],"author":"adminntlyme","twitter_card":"summary_large_image","twitter_creator":"@francelyme","twitter_site":"@francelyme","twitter_misc":{"\u00c9crit par":"adminntlyme","Dur\u00e9e de lecture estim\u00e9e":"1 minute"},"schema":{"@context":"https:\/\/schema.org","@graph":[{"@type":"Article","@id":"https:\/\/francelyme.fr\/site\/pour-un-vrai-plan-de-recherche-sur-la-maladie-de-lyme-et-les-maladies-a-tiques\/#article","isPartOf":{"@id":"https:\/\/francelyme.fr\/site\/pour-un-vrai-plan-de-recherche-sur-la-maladie-de-lyme-et-les-maladies-a-tiques\/"},"author":{"name":"adminntlyme","@id":"https:\/\/francelyme.fr\/site\/#\/schema\/person\/f7bd0eb75be49e4795c4ea0b3767e039"},"headline":"Pour un vrai plan de recherche sur la maladie de Lyme et les maladies \u00e0 tiques","datePublished":"2023-09-01T17:25:00+00:00","dateModified":"2023-11-12T00:21:00+00:00","mainEntityOfPage":{"@id":"https:\/\/francelyme.fr\/site\/pour-un-vrai-plan-de-recherche-sur-la-maladie-de-lyme-et-les-maladies-a-tiques\/"},"wordCount":299,"publisher":{"@id":"https:\/\/francelyme.fr\/site\/#organization"},"image":{"@id":"https:\/\/francelyme.fr\/site\/pour-un-vrai-plan-de-recherche-sur-la-maladie-de-lyme-et-les-maladies-a-tiques\/#primaryimage"},"thumbnailUrl":"https:\/\/francelyme.fr\/site\/wp-content\/uploads\/2023\/09\/ANRS-Maladies-infectieuses-emergentes-MIE-logo.jpg","articleSection":["Recherche"],"inLanguage":"fr-FR"},{"@type":"WebPage","@id":"https:\/\/francelyme.fr\/site\/pour-un-vrai-plan-de-recherche-sur-la-maladie-de-lyme-et-les-maladies-a-tiques\/","url":"https:\/\/francelyme.fr\/site\/pour-un-vrai-plan-de-recherche-sur-la-maladie-de-lyme-et-les-maladies-a-tiques\/","name":"Pour un vrai plan de recherche sur la maladie de Lyme et les maladies \u00e0 tiques - Association France Lyme","isPartOf":{"@id":"https:\/\/francelyme.fr\/site\/#website"},"primaryImageOfPage":{"@id":"https:\/\/francelyme.fr\/site\/pour-un-vrai-plan-de-recherche-sur-la-maladie-de-lyme-et-les-maladies-a-tiques\/#primaryimage"},"image":{"@id":"https:\/\/francelyme.fr\/site\/pour-un-vrai-plan-de-recherche-sur-la-maladie-de-lyme-et-les-maladies-a-tiques\/#primaryimage"},"thumbnailUrl":"https:\/\/francelyme.fr\/site\/wp-content\/uploads\/2023\/09\/ANRS-Maladies-infectieuses-emergentes-MIE-logo.jpg","datePublished":"2023-09-01T17:25:00+00:00","dateModified":"2023-11-12T00:21:00+00:00","breadcrumb":{"@id":"https:\/\/francelyme.fr\/site\/pour-un-vrai-plan-de-recherche-sur-la-maladie-de-lyme-et-les-maladies-a-tiques\/#breadcrumb"},"inLanguage":"fr-FR","potentialAction":[{"@type":"ReadAction","target":["https:\/\/francelyme.fr\/site\/pour-un-vrai-plan-de-recherche-sur-la-maladie-de-lyme-et-les-maladies-a-tiques\/"]}]},{"@type":"ImageObject","inLanguage":"fr-FR","@id":"https:\/\/francelyme.fr\/site\/pour-un-vrai-plan-de-recherche-sur-la-maladie-de-lyme-et-les-maladies-a-tiques\/#primaryimage","url":"https:\/\/francelyme.fr\/site\/wp-content\/uploads\/2023\/09\/ANRS-Maladies-infectieuses-emergentes-MIE-logo.jpg","contentUrl":"https:\/\/francelyme.fr\/site\/wp-content\/uploads\/2023\/09\/ANRS-Maladies-infectieuses-emergentes-MIE-logo.jpg","width":900,"height":900},{"@type":"BreadcrumbList","@id":"https:\/\/francelyme.fr\/site\/pour-un-vrai-plan-de-recherche-sur-la-maladie-de-lyme-et-les-maladies-a-tiques\/#breadcrumb","itemListElement":[{"@type":"ListItem","position":1,"name":"Accueil","item":"https:\/\/francelyme.fr\/site\/"},{"@type":"ListItem","position":2,"name":"Pour un vrai plan de recherche sur la maladie de Lyme et les maladies \u00e0 tiques"}]},{"@type":"WebSite","@id":"https:\/\/francelyme.fr\/site\/#website","url":"https:\/\/francelyme.fr\/site\/","name":"Association France Lyme","description":"Association de lutte contre les maladies vectorielles \u00e0 tiques","publisher":{"@id":"https:\/\/francelyme.fr\/site\/#organization"},"potentialAction":[{"@type":"SearchAction","target":{"@type":"EntryPoint","urlTemplate":"https:\/\/francelyme.fr\/site\/?s={search_term_string}"},"query-input":{"@type":"PropertyValueSpecification","valueRequired":true,"valueName":"search_term_string"}}],"inLanguage":"fr-FR"},{"@type":"Organization","@id":"https:\/\/francelyme.fr\/site\/#organization","name":"France Lyme","url":"https:\/\/francelyme.fr\/site\/","logo":{"@type":"ImageObject","inLanguage":"fr-FR","@id":"https:\/\/francelyme.fr\/site\/#\/schema\/logo\/image\/","url":"https:\/\/francelyme.fr\/site\/wp-content\/uploads\/2019\/05\/francelyme-site.gif","contentUrl":"https:\/\/francelyme.fr\/site\/wp-content\/uploads\/2019\/05\/francelyme-site.gif","width":180,"height":180,"caption":"France Lyme"},"image":{"@id":"https:\/\/francelyme.fr\/site\/#\/schema\/logo\/image\/"},"sameAs":["https:\/\/www.facebook.com\/france.lyme","https:\/\/x.com\/francelyme","https:\/\/www.youtube.com\/channel\/UClMCGl3dvkz0iAgXFR1NH1A"]},{"@type":"Person","@id":"https:\/\/francelyme.fr\/site\/#\/schema\/person\/f7bd0eb75be49e4795c4ea0b3767e039","name":"adminntlyme","image":{"@type":"ImageObject","inLanguage":"fr-FR","@id":"https:\/\/secure.gravatar.com\/avatar\/e9ab07a36659baa27b55dfef2a5432041c212015f8eb8a8d25b934c17a03cb54?s=96&d=mm&r=g","url":"https:\/\/secure.gravatar.com\/avatar\/e9ab07a36659baa27b55dfef2a5432041c212015f8eb8a8d25b934c17a03cb54?s=96&d=mm&r=g","contentUrl":"https:\/\/secure.gravatar.com\/avatar\/e9ab07a36659baa27b55dfef2a5432041c212015f8eb8a8d25b934c17a03cb54?s=96&d=mm&r=g","caption":"adminntlyme"},"url":"https:\/\/francelyme.fr\/site\/author\/adminntlyme\/"}]}},"_links":{"self":[{"href":"https:\/\/francelyme.fr\/site\/wp-json\/wp\/v2\/posts\/15259","targetHints":{"allow":["GET"]}}],"collection":[{"href":"https:\/\/francelyme.fr\/site\/wp-json\/wp\/v2\/posts"}],"about":[{"href":"https:\/\/francelyme.fr\/site\/wp-json\/wp\/v2\/types\/post"}],"author":[{"embeddable":true,"href":"https:\/\/francelyme.fr\/site\/wp-json\/wp\/v2\/users\/17"}],"replies":[{"embeddable":true,"href":"https:\/\/francelyme.fr\/site\/wp-json\/wp\/v2\/comments?post=15259"}],"version-history":[{"count":1,"href":"https:\/\/francelyme.fr\/site\/wp-json\/wp\/v2\/posts\/15259\/revisions"}],"predecessor-version":[{"id":15261,"href":"https:\/\/francelyme.fr\/site\/wp-json\/wp\/v2\/posts\/15259\/revisions\/15261"}],"wp:featuredmedia":[{"embeddable":true,"href":"https:\/\/francelyme.fr\/site\/wp-json\/wp\/v2\/media\/15260"}],"wp:attachment":[{"href":"https:\/\/francelyme.fr\/site\/wp-json\/wp\/v2\/media?parent=15259"}],"wp:term":[{"taxonomy":"category","embeddable":true,"href":"https:\/\/francelyme.fr\/site\/wp-json\/wp\/v2\/categories?post=15259"},{"taxonomy":"post_tag","embeddable":true,"href":"https:\/\/francelyme.fr\/site\/wp-json\/wp\/v2\/tags?post=15259"}],"curies":[{"name":"wp","href":"https:\/\/api.w.org\/{rel}","templated":true}]}}