{"id":15359,"date":"2023-10-17T11:32:53","date_gmt":"2023-10-17T09:32:53","guid":{"rendered":"https:\/\/francelyme.fr\/site\/?p=15359"},"modified":"2023-10-17T11:32:54","modified_gmt":"2023-10-17T09:32:54","slug":"retour-sur-le-cafe-lyme-a-vitre-le-07-octobre-2023","status":"publish","type":"post","link":"https:\/\/francelyme.fr\/site\/retour-sur-le-cafe-lyme-a-vitre-le-07-octobre-2023\/","title":{"rendered":"Retour sur le caf\u00e9 lyme \u00e0 Vitr\u00e9 le 07 octobre 2023"},"content":{"rendered":"<div class=\"like-button\" style=\"float: right; clear: both; text-align: right; width = 100%;\">\n<!-- Facebook Like Button Vivacity Infotech BEGIN -->\n<div class=\"fb-like\" data-href=\"https:\/\/francelyme.fr\/site\/retour-sur-le-cafe-lyme-a-vitre-le-07-octobre-2023\/\" data-layout=\"box_count\" data-action=\"like\" data-show-faces=\"false\" data-size=\"large\" data-width=\"450\" data-share=\"1\" ><\/div><\/div>\n<!-- Facebook Like Button Vivacity Infotech END -->\n<div id=\"fb-root\"><\/div>\n\n<p>Chacun a p\u00fb s&rsquo;exprimer sur son parcours, les sujets abord\u00e9s ont \u00e9t\u00e9 les suivants :<\/p>\n\n\n\n<p>\u2022 l&rsquo;effet yoyo de cette maladie avec une amplification des sympt\u00f4mes pendant certaines p\u00e9riodes pouvant d\u00e9clencher des arr\u00eats de travail quand la personne est encore en activit\u00e9 (3 malades se sont d\u00e9sist\u00e9s au dernier moment, les d\u00e9placements peuvent \u00eatre difficiles selon les sympt\u00f4mes),<br>\u2022 l&rsquo;importance de l&rsquo;alimentation pour diminuer nos sympt\u00f4mes,<br>\u2022 les diff\u00e9rents traitements sous phytoth\u00e9rapie,<br>\u2022 la bior\u00e9sonance,<br>\u2022 les m\u00e9decines non conventionnelles,<br>\u2022 la difficult\u00e9 pour certains malades \u00e0 trouver un m\u00e9decin qui prescrit des antibiotiques malgr\u00e9 des tests fran\u00e7ais positifs,<br>\u2022 la non-connaissance de certains m\u00e9decins et infectiologues sur les derni\u00e8res recommandations de la HAS sur les patients pr\u00e9sentants une suspicion de borr\u00e9liose de Lyme.<\/p>\n\n\n\n<p>Autres sujets abord\u00e9s :<br>. Pascal et moi avons \u00e9galement t\u00e9moign\u00e9 sur notre parcours de soin et les effets de notre traitement que nous suivons suite \u00e0 notre d\u00e9placement dans la clinique allemande au mois de juin.<\/p>\n\n\n\n<p>Cette rencontre s&rsquo;est pass\u00e9e de mani\u00e8re conviviale, nous nous retrouvons avec plaisir.<\/p>\n\n\n\n<p>Je remercie Pascal ainsi que tous les participants pour leur pr\u00e9sence.<\/p>\n\n\n\n<p>Laurence<\/p>\n\n\n\n<div class=\"wp-block-image\"><figure class=\"aligncenter size-large\"><img loading=\"lazy\" decoding=\"async\" width=\"800\" height=\"600\" src=\"https:\/\/francelyme.fr\/site\/wp-content\/uploads\/2023\/10\/IMG20231007122844.jpg\" alt=\"\" class=\"wp-image-15360\" srcset=\"https:\/\/francelyme.fr\/site\/wp-content\/uploads\/2023\/10\/IMG20231007122844.jpg 800w, https:\/\/francelyme.fr\/site\/wp-content\/uploads\/2023\/10\/IMG20231007122844-300x225.jpg 300w, https:\/\/francelyme.fr\/site\/wp-content\/uploads\/2023\/10\/IMG20231007122844-768x576.jpg 768w\" sizes=\"auto, (max-width: 800px) 100vw, 800px\" \/><\/figure><\/div>\n<div class=\"like-button\" style=\"float: right; clear: both; text-align: right; width = 100%;\">\n<!-- Facebook Like Button Vivacity Infotech BEGIN -->\n<div class=\"fb-like\" data-href=\"https:\/\/francelyme.fr\/site\/retour-sur-le-cafe-lyme-a-vitre-le-07-octobre-2023\/\" data-layout=\"box_count\" data-action=\"like\" data-show-faces=\"false\" data-size=\"large\" data-width=\"450\" data-share=\"1\" ><\/div><\/div>\n<!-- Facebook Like Button Vivacity Infotech END -->\n","protected":false},"excerpt":{"rendered":"","protected":false},"author":16,"featured_media":15360,"comment_status":"closed","ping_status":"open","sticky":false,"template":"","format":"standard","meta":{"footnotes":""},"categories":[58,60],"tags":[],"class_list":["post-15359","post","type-post","status-publish","format-standard","has-post-thumbnail","hentry","category-bretagne","category-rencontres"],"yoast_head":"<!-- This site is optimized with the Yoast SEO plugin v27.5 - https:\/\/yoast.com\/product\/yoast-seo-wordpress\/ -->\n<title>Retour sur le caf\u00e9 lyme \u00e0 Vitr\u00e9 le 07 octobre 2023 - Association France Lyme<\/title>\n<meta name=\"robots\" content=\"index, follow, max-snippet:-1, max-image-preview:large, max-video-preview:-1\" \/>\n<link rel=\"canonical\" href=\"https:\/\/francelyme.fr\/site\/retour-sur-le-cafe-lyme-a-vitre-le-07-octobre-2023\/\" \/>\n<meta property=\"og:locale\" content=\"fr_FR\" \/>\n<meta property=\"og:type\" content=\"article\" \/>\n<meta property=\"og:title\" content=\"Retour sur le caf\u00e9 lyme \u00e0 Vitr\u00e9 le 07 octobre 2023 - Association France Lyme\" \/>\n<meta property=\"og:url\" content=\"https:\/\/francelyme.fr\/site\/retour-sur-le-cafe-lyme-a-vitre-le-07-octobre-2023\/\" \/>\n<meta property=\"og:site_name\" content=\"Association France Lyme\" \/>\n<meta property=\"article:publisher\" content=\"https:\/\/www.facebook.com\/france.lyme\" \/>\n<meta property=\"article:published_time\" content=\"2023-10-17T09:32:53+00:00\" \/>\n<meta property=\"article:modified_time\" content=\"2023-10-17T09:32:54+00:00\" \/>\n<meta property=\"og:image\" content=\"https:\/\/francelyme.fr\/site\/wp-content\/uploads\/2023\/10\/IMG20231007122844.jpg\" \/>\n\t<meta property=\"og:image:width\" content=\"800\" \/>\n\t<meta property=\"og:image:height\" content=\"600\" \/>\n\t<meta property=\"og:image:type\" content=\"image\/jpeg\" \/>\n<meta name=\"author\" content=\"Editeur\" \/>\n<meta name=\"twitter:card\" content=\"summary_large_image\" \/>\n<meta name=\"twitter:creator\" content=\"@francelyme\" \/>\n<meta name=\"twitter:site\" content=\"@francelyme\" \/>\n<meta name=\"twitter:label1\" content=\"\u00c9crit par\" \/>\n\t<meta name=\"twitter:data1\" content=\"Editeur\" \/>\n\t<meta name=\"twitter:label2\" content=\"Dur\u00e9e de lecture estim\u00e9e\" \/>\n\t<meta name=\"twitter:data2\" content=\"1 minute\" \/>\n<script type=\"application\/ld+json\" class=\"yoast-schema-graph\">{\"@context\":\"https:\\\/\\\/schema.org\",\"@graph\":[{\"@type\":\"Article\",\"@id\":\"https:\\\/\\\/francelyme.fr\\\/site\\\/retour-sur-le-cafe-lyme-a-vitre-le-07-octobre-2023\\\/#article\",\"isPartOf\":{\"@id\":\"https:\\\/\\\/francelyme.fr\\\/site\\\/retour-sur-le-cafe-lyme-a-vitre-le-07-octobre-2023\\\/\"},\"author\":{\"name\":\"Editeur\",\"@id\":\"https:\\\/\\\/francelyme.fr\\\/site\\\/#\\\/schema\\\/person\\\/b3a32c0e865447c2586961956f5d867e\"},\"headline\":\"Retour sur le caf\u00e9 lyme \u00e0 Vitr\u00e9 le 07 octobre 2023\",\"datePublished\":\"2023-10-17T09:32:53+00:00\",\"dateModified\":\"2023-10-17T09:32:54+00:00\",\"mainEntityOfPage\":{\"@id\":\"https:\\\/\\\/francelyme.fr\\\/site\\\/retour-sur-le-cafe-lyme-a-vitre-le-07-octobre-2023\\\/\"},\"wordCount\":211,\"publisher\":{\"@id\":\"https:\\\/\\\/francelyme.fr\\\/site\\\/#organization\"},\"image\":{\"@id\":\"https:\\\/\\\/francelyme.fr\\\/site\\\/retour-sur-le-cafe-lyme-a-vitre-le-07-octobre-2023\\\/#primaryimage\"},\"thumbnailUrl\":\"https:\\\/\\\/francelyme.fr\\\/site\\\/wp-content\\\/uploads\\\/2023\\\/10\\\/IMG20231007122844.jpg\",\"articleSection\":[\"Bretagne\",\"Rencontres\"],\"inLanguage\":\"fr-FR\"},{\"@type\":\"WebPage\",\"@id\":\"https:\\\/\\\/francelyme.fr\\\/site\\\/retour-sur-le-cafe-lyme-a-vitre-le-07-octobre-2023\\\/\",\"url\":\"https:\\\/\\\/francelyme.fr\\\/site\\\/retour-sur-le-cafe-lyme-a-vitre-le-07-octobre-2023\\\/\",\"name\":\"Retour sur le caf\u00e9 lyme \u00e0 Vitr\u00e9 le 07 octobre 2023 - Association France Lyme\",\"isPartOf\":{\"@id\":\"https:\\\/\\\/francelyme.fr\\\/site\\\/#website\"},\"primaryImageOfPage\":{\"@id\":\"https:\\\/\\\/francelyme.fr\\\/site\\\/retour-sur-le-cafe-lyme-a-vitre-le-07-octobre-2023\\\/#primaryimage\"},\"image\":{\"@id\":\"https:\\\/\\\/francelyme.fr\\\/site\\\/retour-sur-le-cafe-lyme-a-vitre-le-07-octobre-2023\\\/#primaryimage\"},\"thumbnailUrl\":\"https:\\\/\\\/francelyme.fr\\\/site\\\/wp-content\\\/uploads\\\/2023\\\/10\\\/IMG20231007122844.jpg\",\"datePublished\":\"2023-10-17T09:32:53+00:00\",\"dateModified\":\"2023-10-17T09:32:54+00:00\",\"breadcrumb\":{\"@id\":\"https:\\\/\\\/francelyme.fr\\\/site\\\/retour-sur-le-cafe-lyme-a-vitre-le-07-octobre-2023\\\/#breadcrumb\"},\"inLanguage\":\"fr-FR\",\"potentialAction\":[{\"@type\":\"ReadAction\",\"target\":[\"https:\\\/\\\/francelyme.fr\\\/site\\\/retour-sur-le-cafe-lyme-a-vitre-le-07-octobre-2023\\\/\"]}]},{\"@type\":\"ImageObject\",\"inLanguage\":\"fr-FR\",\"@id\":\"https:\\\/\\\/francelyme.fr\\\/site\\\/retour-sur-le-cafe-lyme-a-vitre-le-07-octobre-2023\\\/#primaryimage\",\"url\":\"https:\\\/\\\/francelyme.fr\\\/site\\\/wp-content\\\/uploads\\\/2023\\\/10\\\/IMG20231007122844.jpg\",\"contentUrl\":\"https:\\\/\\\/francelyme.fr\\\/site\\\/wp-content\\\/uploads\\\/2023\\\/10\\\/IMG20231007122844.jpg\",\"width\":800,\"height\":600},{\"@type\":\"BreadcrumbList\",\"@id\":\"https:\\\/\\\/francelyme.fr\\\/site\\\/retour-sur-le-cafe-lyme-a-vitre-le-07-octobre-2023\\\/#breadcrumb\",\"itemListElement\":[{\"@type\":\"ListItem\",\"position\":1,\"name\":\"Accueil\",\"item\":\"https:\\\/\\\/francelyme.fr\\\/site\\\/\"},{\"@type\":\"ListItem\",\"position\":2,\"name\":\"Retour sur le caf\u00e9 lyme \u00e0 Vitr\u00e9 le 07 octobre 2023\"}]},{\"@type\":\"WebSite\",\"@id\":\"https:\\\/\\\/francelyme.fr\\\/site\\\/#website\",\"url\":\"https:\\\/\\\/francelyme.fr\\\/site\\\/\",\"name\":\"Association France Lyme\",\"description\":\"Association de lutte contre les maladies vectorielles \u00e0 tiques\",\"publisher\":{\"@id\":\"https:\\\/\\\/francelyme.fr\\\/site\\\/#organization\"},\"potentialAction\":[{\"@type\":\"SearchAction\",\"target\":{\"@type\":\"EntryPoint\",\"urlTemplate\":\"https:\\\/\\\/francelyme.fr\\\/site\\\/?s={search_term_string}\"},\"query-input\":{\"@type\":\"PropertyValueSpecification\",\"valueRequired\":true,\"valueName\":\"search_term_string\"}}],\"inLanguage\":\"fr-FR\"},{\"@type\":\"Organization\",\"@id\":\"https:\\\/\\\/francelyme.fr\\\/site\\\/#organization\",\"name\":\"France Lyme\",\"url\":\"https:\\\/\\\/francelyme.fr\\\/site\\\/\",\"logo\":{\"@type\":\"ImageObject\",\"inLanguage\":\"fr-FR\",\"@id\":\"https:\\\/\\\/francelyme.fr\\\/site\\\/#\\\/schema\\\/logo\\\/image\\\/\",\"url\":\"https:\\\/\\\/francelyme.fr\\\/site\\\/wp-content\\\/uploads\\\/2019\\\/05\\\/francelyme-site.gif\",\"contentUrl\":\"https:\\\/\\\/francelyme.fr\\\/site\\\/wp-content\\\/uploads\\\/2019\\\/05\\\/francelyme-site.gif\",\"width\":180,\"height\":180,\"caption\":\"France Lyme\"},\"image\":{\"@id\":\"https:\\\/\\\/francelyme.fr\\\/site\\\/#\\\/schema\\\/logo\\\/image\\\/\"},\"sameAs\":[\"https:\\\/\\\/www.facebook.com\\\/france.lyme\",\"https:\\\/\\\/x.com\\\/francelyme\",\"https:\\\/\\\/www.youtube.com\\\/channel\\\/UClMCGl3dvkz0iAgXFR1NH1A\"]},{\"@type\":\"Person\",\"@id\":\"https:\\\/\\\/francelyme.fr\\\/site\\\/#\\\/schema\\\/person\\\/b3a32c0e865447c2586961956f5d867e\",\"name\":\"Editeur\",\"image\":{\"@type\":\"ImageObject\",\"inLanguage\":\"fr-FR\",\"@id\":\"https:\\\/\\\/secure.gravatar.com\\\/avatar\\\/ae207cee02bf4e66ec5abb92d4ccacaa0ad5f5d3d16fe7fcb393eda94bfbf2d2?s=96&d=mm&r=g\",\"url\":\"https:\\\/\\\/secure.gravatar.com\\\/avatar\\\/ae207cee02bf4e66ec5abb92d4ccacaa0ad5f5d3d16fe7fcb393eda94bfbf2d2?s=96&d=mm&r=g\",\"contentUrl\":\"https:\\\/\\\/secure.gravatar.com\\\/avatar\\\/ae207cee02bf4e66ec5abb92d4ccacaa0ad5f5d3d16fe7fcb393eda94bfbf2d2?s=96&d=mm&r=g\",\"caption\":\"Editeur\"},\"url\":\"https:\\\/\\\/francelyme.fr\\\/site\\\/author\\\/editeuradm\\\/\"}]}<\/script>\n<!-- \/ Yoast SEO plugin. -->","yoast_head_json":{"title":"Retour sur le caf\u00e9 lyme \u00e0 Vitr\u00e9 le 07 octobre 2023 - Association France Lyme","robots":{"index":"index","follow":"follow","max-snippet":"max-snippet:-1","max-image-preview":"max-image-preview:large","max-video-preview":"max-video-preview:-1"},"canonical":"https:\/\/francelyme.fr\/site\/retour-sur-le-cafe-lyme-a-vitre-le-07-octobre-2023\/","og_locale":"fr_FR","og_type":"article","og_title":"Retour sur le caf\u00e9 lyme \u00e0 Vitr\u00e9 le 07 octobre 2023 - Association France Lyme","og_url":"https:\/\/francelyme.fr\/site\/retour-sur-le-cafe-lyme-a-vitre-le-07-octobre-2023\/","og_site_name":"Association France Lyme","article_publisher":"https:\/\/www.facebook.com\/france.lyme","article_published_time":"2023-10-17T09:32:53+00:00","article_modified_time":"2023-10-17T09:32:54+00:00","og_image":[{"width":800,"height":600,"url":"https:\/\/francelyme.fr\/site\/wp-content\/uploads\/2023\/10\/IMG20231007122844.jpg","type":"image\/jpeg"}],"author":"Editeur","twitter_card":"summary_large_image","twitter_creator":"@francelyme","twitter_site":"@francelyme","twitter_misc":{"\u00c9crit par":"Editeur","Dur\u00e9e de lecture estim\u00e9e":"1 minute"},"schema":{"@context":"https:\/\/schema.org","@graph":[{"@type":"Article","@id":"https:\/\/francelyme.fr\/site\/retour-sur-le-cafe-lyme-a-vitre-le-07-octobre-2023\/#article","isPartOf":{"@id":"https:\/\/francelyme.fr\/site\/retour-sur-le-cafe-lyme-a-vitre-le-07-octobre-2023\/"},"author":{"name":"Editeur","@id":"https:\/\/francelyme.fr\/site\/#\/schema\/person\/b3a32c0e865447c2586961956f5d867e"},"headline":"Retour sur le caf\u00e9 lyme \u00e0 Vitr\u00e9 le 07 octobre 2023","datePublished":"2023-10-17T09:32:53+00:00","dateModified":"2023-10-17T09:32:54+00:00","mainEntityOfPage":{"@id":"https:\/\/francelyme.fr\/site\/retour-sur-le-cafe-lyme-a-vitre-le-07-octobre-2023\/"},"wordCount":211,"publisher":{"@id":"https:\/\/francelyme.fr\/site\/#organization"},"image":{"@id":"https:\/\/francelyme.fr\/site\/retour-sur-le-cafe-lyme-a-vitre-le-07-octobre-2023\/#primaryimage"},"thumbnailUrl":"https:\/\/francelyme.fr\/site\/wp-content\/uploads\/2023\/10\/IMG20231007122844.jpg","articleSection":["Bretagne","Rencontres"],"inLanguage":"fr-FR"},{"@type":"WebPage","@id":"https:\/\/francelyme.fr\/site\/retour-sur-le-cafe-lyme-a-vitre-le-07-octobre-2023\/","url":"https:\/\/francelyme.fr\/site\/retour-sur-le-cafe-lyme-a-vitre-le-07-octobre-2023\/","name":"Retour sur le caf\u00e9 lyme \u00e0 Vitr\u00e9 le 07 octobre 2023 - Association France Lyme","isPartOf":{"@id":"https:\/\/francelyme.fr\/site\/#website"},"primaryImageOfPage":{"@id":"https:\/\/francelyme.fr\/site\/retour-sur-le-cafe-lyme-a-vitre-le-07-octobre-2023\/#primaryimage"},"image":{"@id":"https:\/\/francelyme.fr\/site\/retour-sur-le-cafe-lyme-a-vitre-le-07-octobre-2023\/#primaryimage"},"thumbnailUrl":"https:\/\/francelyme.fr\/site\/wp-content\/uploads\/2023\/10\/IMG20231007122844.jpg","datePublished":"2023-10-17T09:32:53+00:00","dateModified":"2023-10-17T09:32:54+00:00","breadcrumb":{"@id":"https:\/\/francelyme.fr\/site\/retour-sur-le-cafe-lyme-a-vitre-le-07-octobre-2023\/#breadcrumb"},"inLanguage":"fr-FR","potentialAction":[{"@type":"ReadAction","target":["https:\/\/francelyme.fr\/site\/retour-sur-le-cafe-lyme-a-vitre-le-07-octobre-2023\/"]}]},{"@type":"ImageObject","inLanguage":"fr-FR","@id":"https:\/\/francelyme.fr\/site\/retour-sur-le-cafe-lyme-a-vitre-le-07-octobre-2023\/#primaryimage","url":"https:\/\/francelyme.fr\/site\/wp-content\/uploads\/2023\/10\/IMG20231007122844.jpg","contentUrl":"https:\/\/francelyme.fr\/site\/wp-content\/uploads\/2023\/10\/IMG20231007122844.jpg","width":800,"height":600},{"@type":"BreadcrumbList","@id":"https:\/\/francelyme.fr\/site\/retour-sur-le-cafe-lyme-a-vitre-le-07-octobre-2023\/#breadcrumb","itemListElement":[{"@type":"ListItem","position":1,"name":"Accueil","item":"https:\/\/francelyme.fr\/site\/"},{"@type":"ListItem","position":2,"name":"Retour sur le caf\u00e9 lyme \u00e0 Vitr\u00e9 le 07 octobre 2023"}]},{"@type":"WebSite","@id":"https:\/\/francelyme.fr\/site\/#website","url":"https:\/\/francelyme.fr\/site\/","name":"Association France Lyme","description":"Association de lutte contre les maladies vectorielles \u00e0 tiques","publisher":{"@id":"https:\/\/francelyme.fr\/site\/#organization"},"potentialAction":[{"@type":"SearchAction","target":{"@type":"EntryPoint","urlTemplate":"https:\/\/francelyme.fr\/site\/?s={search_term_string}"},"query-input":{"@type":"PropertyValueSpecification","valueRequired":true,"valueName":"search_term_string"}}],"inLanguage":"fr-FR"},{"@type":"Organization","@id":"https:\/\/francelyme.fr\/site\/#organization","name":"France Lyme","url":"https:\/\/francelyme.fr\/site\/","logo":{"@type":"ImageObject","inLanguage":"fr-FR","@id":"https:\/\/francelyme.fr\/site\/#\/schema\/logo\/image\/","url":"https:\/\/francelyme.fr\/site\/wp-content\/uploads\/2019\/05\/francelyme-site.gif","contentUrl":"https:\/\/francelyme.fr\/site\/wp-content\/uploads\/2019\/05\/francelyme-site.gif","width":180,"height":180,"caption":"France Lyme"},"image":{"@id":"https:\/\/francelyme.fr\/site\/#\/schema\/logo\/image\/"},"sameAs":["https:\/\/www.facebook.com\/france.lyme","https:\/\/x.com\/francelyme","https:\/\/www.youtube.com\/channel\/UClMCGl3dvkz0iAgXFR1NH1A"]},{"@type":"Person","@id":"https:\/\/francelyme.fr\/site\/#\/schema\/person\/b3a32c0e865447c2586961956f5d867e","name":"Editeur","image":{"@type":"ImageObject","inLanguage":"fr-FR","@id":"https:\/\/secure.gravatar.com\/avatar\/ae207cee02bf4e66ec5abb92d4ccacaa0ad5f5d3d16fe7fcb393eda94bfbf2d2?s=96&d=mm&r=g","url":"https:\/\/secure.gravatar.com\/avatar\/ae207cee02bf4e66ec5abb92d4ccacaa0ad5f5d3d16fe7fcb393eda94bfbf2d2?s=96&d=mm&r=g","contentUrl":"https:\/\/secure.gravatar.com\/avatar\/ae207cee02bf4e66ec5abb92d4ccacaa0ad5f5d3d16fe7fcb393eda94bfbf2d2?s=96&d=mm&r=g","caption":"Editeur"},"url":"https:\/\/francelyme.fr\/site\/author\/editeuradm\/"}]}},"_links":{"self":[{"href":"https:\/\/francelyme.fr\/site\/wp-json\/wp\/v2\/posts\/15359","targetHints":{"allow":["GET"]}}],"collection":[{"href":"https:\/\/francelyme.fr\/site\/wp-json\/wp\/v2\/posts"}],"about":[{"href":"https:\/\/francelyme.fr\/site\/wp-json\/wp\/v2\/types\/post"}],"author":[{"embeddable":true,"href":"https:\/\/francelyme.fr\/site\/wp-json\/wp\/v2\/users\/16"}],"replies":[{"embeddable":true,"href":"https:\/\/francelyme.fr\/site\/wp-json\/wp\/v2\/comments?post=15359"}],"version-history":[{"count":1,"href":"https:\/\/francelyme.fr\/site\/wp-json\/wp\/v2\/posts\/15359\/revisions"}],"predecessor-version":[{"id":15361,"href":"https:\/\/francelyme.fr\/site\/wp-json\/wp\/v2\/posts\/15359\/revisions\/15361"}],"wp:featuredmedia":[{"embeddable":true,"href":"https:\/\/francelyme.fr\/site\/wp-json\/wp\/v2\/media\/15360"}],"wp:attachment":[{"href":"https:\/\/francelyme.fr\/site\/wp-json\/wp\/v2\/media?parent=15359"}],"wp:term":[{"taxonomy":"category","embeddable":true,"href":"https:\/\/francelyme.fr\/site\/wp-json\/wp\/v2\/categories?post=15359"},{"taxonomy":"post_tag","embeddable":true,"href":"https:\/\/francelyme.fr\/site\/wp-json\/wp\/v2\/tags?post=15359"}],"curies":[{"name":"wp","href":"https:\/\/api.w.org\/{rel}","templated":true}]}}