{"id":15443,"date":"2024-01-01T23:19:00","date_gmt":"2024-01-01T22:19:00","guid":{"rendered":"https:\/\/francelyme.fr\/site\/?p=15443"},"modified":"2023-10-21T23:30:16","modified_gmt":"2023-10-21T21:30:16","slug":"editorial-doctobre-2023","status":"publish","type":"post","link":"https:\/\/francelyme.fr\/site\/editorial-doctobre-2023\/","title":{"rendered":"Editorial d&rsquo;octobre 2023"},"content":{"rendered":"<div class=\"like-button\" style=\"float: right; clear: both; text-align: right; width = 100%;\">\n<!-- Facebook Like Button Vivacity Infotech BEGIN -->\n<div class=\"fb-like\" data-href=\"https:\/\/francelyme.fr\/site\/editorial-doctobre-2023\/\" data-layout=\"box_count\" data-action=\"like\" data-show-faces=\"false\" data-size=\"large\" data-width=\"450\" data-share=\"1\" ><\/div><\/div>\n<!-- Facebook Like Button Vivacity Infotech END -->\n<div id=\"fb-root\"><\/div>\n<table width=\"100%\">\n<tbody>\n<tr>\n<td>Cher(e) Ami(e), Cher(e) Membre, Cher(e) Soutien,<p><\/p>\n<\/td>\n<\/tr>\n<\/tbody>\n<\/table>\n<h1><strong><span style=\"color: #ff0000;\">L\u2019actualit\u00e9 internationale<\/span> <\/strong><\/h1>\n<table width=\"100%\">\n<tbody>\n<tr>\n<td>&nbsp;<\/td>\n<\/tr>\n<\/tbody>\n<\/table>\n<h3><strong>Les femmes d\u00e9veloppent plus de formes graves et prolong\u00e9es de la maladie de Lyme<\/strong><\/h3>\n<table width=\"100%\">\n<tbody>\n<tr>\n<td>Une \u00e9quipe am\u00e9ricaine vient de de le prouver sans \u00e9quivoque : les femmes sont plus expos\u00e9es \u00e0 d\u00e9velopper une forme chronique et s\u00e9v\u00e8re de la maladie.<\/td>\n<\/tr>\n<\/tbody>\n<\/table>\n<table width=\"100%\">\n<tbody>\n<tr>\n<td>L\u2019\u00e9tude publi\u00e9e dans l&rsquo;International Journal of General Medicine montre que d\u00e8s le d\u00e9part, le diagnostic des femmes est plus tardif, et plus souvent erron\u00e9 ou incomplet.<\/td>\n<\/tr>\n<\/tbody>\n<\/table>\n<table width=\"100%\">\n<tbody>\n<tr>\n<td>Pour \u00e9tablir un diagnostic, elles doivent consulter en moyenne plus de m\u00e9decins, et elles re\u00e7oivent plus souvent un diagnostic erron\u00e9. Elles sont plus souvent diagnostiqu\u00e9es \u00e0 tort Syndrome de Fatigue Chronique, fibromyalgie ou trouble psychiatrique, dans des proportions significatives.<br>En dehors de Borrelia, les femmes sont aussi plus touch\u00e9es par les autres infections transmises par les tiques, comme Babesia, Anaplasma, Ehrlichia, Bartonella, Rickettsia, Mycoplasma et Tular\u00e9mie.<\/td>\n<\/tr>\n<\/tbody>\n<\/table>\n<table width=\"100%\">\n<tbody>\n<tr>\n<td>Cons\u00e9quence de ces retards et erreurs de diagnostic : leurs sympt\u00f4mes sont plus graves, (sympt\u00f4mes de fatigue, douleurs musculaires et articulaires, troubles du sommeil, etc.), elles pr\u00e9sentent \u00e9galement davantage de sympt\u00f4mes graves de neuropathie, de perte de m\u00e9moire et de maladie psychiatrique, et sont davantage handicap\u00e9es.<\/td>\n<\/tr>\n<\/tbody>\n<\/table>\n<table width=\"100%\">\n<tbody>\n<tr>\n<td>C\u2019est la premi\u00e8re fois \u00e0 notre connaissance qu\u2019une \u00e9tude scientifique traite ce sujet des diff\u00e9rences entre les genres, pour la forme longue de la maladie. Les r\u00e9sultats sont probants, les auteurs appellent \u00e0 poursuivre ces recherches pour d\u00e9terminer les causes biologiques \u00e0 l\u2019origine de ces diff\u00e9rences entre les sexes, et permettre d\u2019am\u00e9liorer le parcours de soins des femmes. <p><\/p>\n<\/td>\n<\/tr>\n<\/tbody>\n<\/table>\n<h3><strong>Publication des premiers r\u00e9sultats du traitement du Dr Horowitz \u00e0 base de Dapsone<\/strong><\/h3>\n<p><\/p>\n<table width=\"100%\">\n<tbody>\n<tr>\n<td>Le Dr Horowitz nous avait d\u00e9crit ses travaux lors d\u2019une conf\u00e9rence en mai dernier, il vient avec son \u00e9quipe de publier mi-septembre les r\u00e9sultats de ses protocoles combin\u00e9s \u00e0 base de Dapsone, dans le journal Microorganisms.<\/td>\n<\/tr>\n<\/tbody>\n<\/table>\n<table width=\"100%\">\n<tbody>\n<tr>\n<td>En r\u00e9sum\u00e9, les r\u00e9sultats obtenus dans le traitement de patients Lyme chronique sont conformes \u00e0 ce qu\u2019il nous avait pr\u00e9sent\u00e9 au printemps : sur le groupe de 25 patients trait\u00e9s avec son protocole, tous sans exception ont vu leurs sympt\u00f4mes r\u00e9gresser, et plus de 40% d\u2019entre eux sont en r\u00e9mission, toujours en cours, ou ont connu des p\u00e9riodes de r\u00e9mission (la plus longue, toujours en cours, est de 22 mois).<\/td>\n<\/tr>\n<\/tbody>\n<\/table>\n<table width=\"100%\">\n<tbody>\n<tr>\n<td>Les auteurs concluent en disant qu\u2019il s\u2019agit du premier protocole efficace \u00e0 court terme (8 semaines de traitement) pour traiter la forme chronique de Lyme et les co-infections associ\u00e9es, y compris la Bartonellose. Quand est-ce qu\u2019on fait des tests cliniques sur ce protocole en France, dans les CRMVT par exemple ? Pour info, ce traitement n\u2019est pas autoris\u00e9 dans notre pays. <p><\/p>\n<\/td>\n<\/tr>\n<\/tbody>\n<\/table>\n<h3><strong>Les g\u00e8nes de Borrelia responsables des formes diss\u00e9min\u00e9es et persistantes de la maladie ont \u00e9t\u00e9 identifi\u00e9s.<\/strong><\/h3>\n<table width=\"100%\">\n<tbody>\n<tr>\n<td>Un groupe international de chercheurs a r\u00e9alis\u00e9 l&rsquo;analyse la plus compl\u00e8te \u00e0 ce jour du g\u00e9nome de la bact\u00e9rie Borrelia. Elle fournit des indices sur les causes des formes les plus graves de la maladie, ouvrant ainsi de nouvelles voies vers de meilleurs tests diagnostiques et traitements.<\/td>\n<\/tr>\n<\/tbody>\n<\/table>\n<table width=\"100%\">\n<tbody>\n<tr>\n<td>Les donn\u00e9es proviennent d&rsquo;\u00e9chantillons pr\u00e9lev\u00e9s sur 299 patients atteints de la maladie de Lyme aux \u00c9tats-Unis et en Europe, principalement \u00e0 partir de biopsies cutan\u00e9es r\u00e9alis\u00e9es sur des \u00e9ryth\u00e8mes migrants.<\/td>\n<\/tr>\n<\/tbody>\n<\/table>\n<table width=\"100%\">\n<tbody>\n<tr>\n<td>Les scientifiques ont \u00e9tabli une corr\u00e9lation entre les signatures g\u00e9n\u00e9tiques des bact\u00e9ries et l&rsquo;\u00e9volution de l&rsquo;\u00e9tat de sant\u00e9 des patients. Cela leur a permis d&rsquo;identifier les g\u00e8nes associ\u00e9s \u00e0 des sympt\u00f4mes plus graves, et \u00e9galement de comprendre pourquoi les patients am\u00e9ricains ont tendance \u00e0 pr\u00e9senter des sympt\u00f4mes diff\u00e9rents de ceux des europ\u00e9ens.<\/td>\n<\/tr>\n<\/tbody>\n<\/table>\n<table width=\"100%\">\n<tbody>\n<tr>\n<td>Ces travaux ont permis de comprendre le m\u00e9canisme utilis\u00e9 par la bact\u00e9rie pour r\u00e9ussir sa diss\u00e9mination dans l\u2019organisme, ce qui ouvre des perspectives nouvelles et prometteuses. C\u2019est peut-\u00eatre le r\u00e9sultat majeur de cette \u00e9tude, car la diss\u00e9mination est un \u00e9v\u00e9nement d\u00e9cisif, qui fait toute la diff\u00e9rence entre une forme b\u00e9nigne et une forme grave de la maladie.<\/td>\n<\/tr>\n<\/tbody>\n<\/table>\n<h3><strong>Le gouvernement am\u00e9ricain investit 8,7 millions de dollars dans la formation et la pr\u00e9vention <\/strong><\/h3>\n<table width=\"100%\">\n<tbody>\n<tr>\n<td>Pour lutter contre la maladie de Lyme et les autres maladies vectorielles \u00e0 tiques (MVT), l\u2019agence f\u00e9d\u00e9rale de la protection de la sant\u00e9 (le CdC \u2013 Centers for Disease Control and Prevention) a d\u00e9cid\u00e9 d\u2019investir lourdement dans la formation des professionnels de sant\u00e9 aux maladies vectorielles, dont singuli\u00e8rement la maladie de Lyme, et dans la pr\u00e9vention.<\/td>\n<\/tr>\n<\/tbody>\n<\/table>\n<table width=\"100%\">\n<tbody>\n<tr>\n<td>Les autorit\u00e9s am\u00e9ricaines ont pris conscience que les infections transmises par les tiques constituent un probl\u00e8me majeur de sant\u00e9 publique, et visiblement elles mettent les moyens pour les combattre. En Europe et en France particuli\u00e8rement, bien que la situation soit aussi critique qu\u2019aux USA, on ne voit rien de tel : quand est-ce que les autorit\u00e9s fran\u00e7aises se saisiront de ces sujets si importants pour la sant\u00e9 publique ?<\/td>\n<\/tr>\n<\/tbody>\n<\/table>\n<h3><strong>L\u2019universit\u00e9 de Gand chiffre le co\u00fbt total de la maladie de Lyme persistante \u00e0 plus de 40 000 euros par an et par malade !<\/strong><\/h3>\n<table width=\"100%\">\n<tbody>\n<tr>\n<td>A partir des donn\u00e9es collect\u00e9es sur un groupe de 187 patients belges avec un diagnostic confirm\u00e9 de Borr\u00e9liose de Lyme persistante, l\u2019\u00e9quipe de l\u2019universit\u00e9 de Gand, en Belgique, a travaill\u00e9 sur le chiffrage des co\u00fbts directs et indirects de la maladie, et les r\u00e9sultats sont tr\u00e8s int\u00e9ressants : <br>&#8211; les co\u00fbts directs s&rsquo;\u00e9l\u00e8vent en moyenne \u00e0 plus de 4 600 euros par an et par patient, dont la moiti\u00e9 sont des d\u00e9penses \u00e0 la charge du patient (ce qui fait plus de 2 300 euros par an et par patient, soit pr\u00e8s de 200 euros par mois), <br>&#8211; et les co\u00fbts indirects s&rsquo;\u00e9l\u00e8vent en moyenne \u00e0 plus de 36 000 euros par an et par patient !<\/td>\n<\/tr>\n<\/tbody>\n<\/table>\n<table width=\"100%\">\n<tbody>\n<tr>\n<td>Le total est proprement hallucinant : plus de 40 000 euros par an et par patient. <br>C\u2019est un chiffre tout \u00e0 fait plausible, le s\u00e9rieux de cette \u00e9tude ne fait pas de doute.<\/td>\n<\/tr>\n<\/tbody>\n<\/table>\n<table width=\"100%\">\n<tbody>\n<tr>\n<td>En France, nous estimons qu\u2019il y a au minimum de 300 000 malades porteurs de Lyme long. Les co\u00fbts de cette maladie en France seraient ainsi, d\u2019apr\u00e8s cette recherche, sup\u00e9rieurs \u00e0 12 milliards d\u2019euros par an total.<\/td>\n<\/tr>\n<\/tbody>\n<\/table>\n<table width=\"100%\">\n<tbody>\n<tr>\n<td>Ce co\u00fbt est tout \u00e0 fait consid\u00e9rable pour la soci\u00e9t\u00e9 fran\u00e7aise ! Peu de maladies co\u00fbtent aussi cher \u00e0 la collectivit\u00e9 dans notre pays, il est grand temps que les \u00e9conomistes s\u2019y int\u00e9ressent, et que les autorit\u00e9s sanitaires et sociales s\u2019en occupent s\u00e9rieusement.<\/td>\n<\/tr>\n<\/tbody>\n<\/table>\n<h1><strong><span style=\"color: #ff0000;\">L\u2019actualit\u00e9 nationale<\/span> <\/strong><\/h1>\n<p><\/p>\n<h3><strong>C\u2019est prouv\u00e9 : les taons sont porteurs de certaines MVT<\/strong><\/h3>\n<table width=\"100%\">\n<tbody>\n<tr>\n<td>On sait depuis longtemps que les tiques peuvent transmettre, outre la bact\u00e9rie Borrelia responsable de la maladie de Lyme, un grand nombre d\u2019autres pathog\u00e8nes, parmi lesquels des bact\u00e9ries, des parasites, et des virus. Peu de recherches jusqu\u2019\u00e0 pr\u00e9sent ont port\u00e9 sur d\u2019autres vecteurs potentiels, qui piquent alternativement les animaux et les humains, comme les taons.<\/td>\n<\/tr>\n<\/tbody>\n<\/table>\n<table width=\"100%\">\n<tbody>\n<tr>\n<td>Dans cette \u00e9tude r\u00e9alis\u00e9e par une \u00e9quipe fran\u00e7aise 82 taons ont \u00e9t\u00e9 captur\u00e9s et analys\u00e9s par test PCR.<\/td>\n<\/tr>\n<\/tbody>\n<\/table>\n<table width=\"100%\">\n<tbody>\n<tr>\n<td>R\u00e9sultat : si aucun de ces taons n\u2019\u00e9tait porteur de Borrelia, 40% d\u2019entre eux \u00e9taient porteurs d\u2019au moins un des pathog\u00e8nes couramment transmis par les tiques. Parmi lesquels : Mycoplasma, Anaplasma et Rickettsia, Coxiella burnetii, Ehrlichia, les virus de Bourbon et du Nil occidental, etc.<p><\/p>\n<\/td>\n<\/tr>\n<\/tbody>\n<\/table>\n<table width=\"100%\">\n<tbody>\n<tr>\n<td>Cette \u00e9tude prouve que les taons peuvent h\u00e9berger plusieurs micro-organismes potentiellement pathog\u00e8nes pour les animaux et les humains. Reste \u00e0 savoir si ces insectes peuvent les transmettre lors d\u2019une piqure. Voil\u00e0 un projet de recherche qu\u2019il serait tr\u00e8s int\u00e9ressant de mener !<\/td>\n<\/tr>\n<\/tbody>\n<\/table>\n<h3><strong>Diagnostic de la Borr\u00e9liose de Lyme : \u00e9tat des lieux <\/strong><\/h3>\n<table width=\"100%\">\n<tbody>\n<tr>\n<td>Le diagnostic biologique de la Borr\u00e9liose de Lyme, repose officiellement sur la \u00ab s\u00e9rologie standard \u00e0 deux niveaux \u00bb : il faut \u00eatre d\u2019abord positif au test Elisa, puis positif au test Western Blot, pour \u00eatre officiellement diagnostiqu\u00e9.<\/td>\n<\/tr>\n<\/tbody>\n<\/table>\n<table width=\"100%\">\n<tbody>\n<tr>\n<td>Cette proc\u00e9dure fait l&rsquo;objet de nombreux d\u00e9bats et controverses, car elle repose sur une approche indirecte (recherche d\u2019anticorps) qui souffre d&rsquo;une faible sensibilit\u00e9 en fonction du stade de la maladie. En particulier pour les malades porteurs de la forme longue de la maladie, qui ne produisent pratiquement plus d\u2019anticorps, pass\u00e9 un certain stade.<\/td>\n<\/tr>\n<\/tbody>\n<\/table>\n<table width=\"100%\">\n<tbody>\n<tr>\n<td>Une \u00e9tude fran\u00e7aise r\u00e9cemment publi\u00e9e fait la revue des tests disponibles, en comparant les tests directs (qui d\u00e9tectent la bact\u00e9rie) et les tests indirects (qui d\u00e9tectent les r\u00e9actions du syst\u00e8me immunitaire).<\/td>\n<\/tr>\n<\/tbody>\n<\/table>\n<table width=\"100%\">\n<tbody>\n<tr>\n<td>Une confirmation : quelle que soit la technique utilis\u00e9e, une difficult\u00e9 de diagnostiquer Borrelia tient au fait qu\u2019elle circule peu dans le sang, et plus g\u00e9n\u00e9ralement que sa concentration est faible dans les diff\u00e9rents types de pr\u00e9l\u00e8vements qu\u2019on r\u00e9alise couramment (ponction lombaire, urine, tissus, etc.).<\/td>\n<\/tr>\n<\/tbody>\n<\/table>\n<table width=\"100%\">\n<tbody>\n<tr>\n<td>Et parmi toutes les familles de tests biologiques pass\u00e9es en revue, aucune n\u2019est dans l\u2019imm\u00e9diat en mesure de s\u2019imposer comme \u00ab la \u00bb r\u00e9f\u00e9rence absolue, mais plusieurs pistes sont prometteuses \u00e0 moyen terme, dont la spectroscopie Raman, les phages, et le s\u00e9quen\u00e7age ARN analys\u00e9 par Intelligence Artificielle.<\/td>\n<\/tr>\n<\/tbody>\n<\/table>\n<table width=\"100%\">\n<tbody>\n<tr>\n<td>En conclusion, pour les ann\u00e9es \u00e0 venir le diagnostic de la maladie de Lyme par les tests biologiques reste un d\u00e9fi. Il faudra sans doute encore patienter plusieurs ann\u00e9es pour voir arriver une am\u00e9lioration significative.<\/td>\n<\/tr>\n<\/tbody>\n<\/table>\n<table width=\"100%\">\n<tbody>\n<tr>\n<td>Et d\u2019ici-l\u00e0, plus que jamais, c\u2019est le diagnostic fond\u00e9 sur la clinique, c\u2019est-\u00e0-dire sur l\u2019examen et les sympt\u00f4mes pr\u00e9sent\u00e9s par le patient, qui doit primer pour la maladie de Lyme et les MVT.<\/td>\n<\/tr>\n<\/tbody>\n<\/table>\n<h3><strong>La prise en charge des malades Lyme long reste tr\u00e8s insuffisante en France<\/strong><\/h3>\n<table width=\"100%\">\n<tbody>\n<tr>\n<td>Un article de FR3 Bourgogne sur \u00ab la prise en charge des patients atteints de sympt\u00f4mes chroniques \u00bb, publi\u00e9 le 14 septembre, laisse \u00e0 penser que cette prise en charge est \u00e0 pr\u00e9sent tout \u00e0 fait satisfaisante. On en est malheureusement encore loin.<\/td>\n<\/tr>\n<\/tbody>\n<\/table>\n<table width=\"100%\">\n<tbody>\n<tr>\n<td>Apr\u00e8s des ann\u00e9es de d\u00e9bats intenses sur la \u00ab chronicit\u00e9 \u00bb de la maladie de Lyme, la vision officielle des infectiologues est de consid\u00e9rer que des \u00ab sympt\u00f4mes \u00bb peuvent \u00eatre \u00ab chroniques \u00bb ou \u00ab persistants \u00bb, mais que \u00ab l\u2019infection chronique \u00bb ou \u00ab persistante \u00bb n\u2019existe pas. Pourtant bien des \u00e9tudes publi\u00e9es, aux Etats Unis pour l\u2019essentiel, font \u00e9tat de l\u2019existence de formes persistantes de l\u2019infection. Elles prouvent en particulier les capacit\u00e9s de persistance de la bact\u00e9rie Borrelia dans l\u2019organisme, chez un certain nombre de patients, malgr\u00e9 les traitements antibiotiques. Le Dr John Aucott et son laboratoire de l\u2019Universit\u00e9 Johns Hopkins ont m\u00eame d\u00e9montr\u00e9 l\u2019an dernier que 14% des malades d\u00fbment diagnostiqu\u00e9s au d\u00e9but de l\u2019infection et trait\u00e9s par antibiotiques selon les recommandations officielles d\u00e9veloppent la forme chronique de la maladie.<\/td>\n<\/tr>\n<\/tbody>\n<\/table>\n<table width=\"100%\">\n<tbody>\n<tr>\n<td>Cela rejoint nos attentes principales concernant les CRMVT (Centres de R\u00e9f\u00e9rence des Maladies Vectorielles \u00e0 Tiques), qui sont en fait les missions officielles de ces Centres depuis leur cr\u00e9ation il y a plus de 4 ans :<\/td>\n<\/tr>\n<\/tbody>\n<\/table>\n<table width=\"100%\">\n<tbody>\n<tr>\n<td>&#8211; ils doivent tout d\u2019abord poser un diagnostic fiable : on est loin du compte aujourd\u2019hui. Pour rappel le diagnostic \u00ab Lyme confirm\u00e9e \u00bb varie de 13% \u00e0 38% selon les Centres d\u2019apr\u00e8s notre sondage de 2022, et de m\u00eame le diagnostic \u00ab Lyme possible \u00bb varie lui de 10% \u00e0 34%. Ces diff\u00e9rences \u00e9normes montrent \u00e0 l\u2019\u00e9vidence que les m\u00e9thodes de diagnostic manquent de coh\u00e9rence. Quand disposera-t-on d\u2019un r\u00e9f\u00e9rentiel de diagnostic standard et partag\u00e9, fond\u00e9 sur l\u2019examen clinique et les sympt\u00f4mes des patients ? <br>&#8211; ils doivent prendre r\u00e9ellement en charge tous les patients, y compris les formes longues de la maladie, en leur proposant des traitements adapt\u00e9s \u00e0 leurs pathologies. Le constat aujourd\u2019hui est qu\u2019un grand nombre de ces malades ne sont pas pris en charge par les CRMVT. <br>&#8211; ils doivent mener les tests cliniques n\u00e9cessaires pour tester, mettre au point et valider des protocoles de traitement, en partant des donn\u00e9es issues de la recherche. A ce jour, nous n\u2019avons connaissance d\u2019aucun travaux de cette nature au sein des CRMVT, ni pass\u00e9, ni pr\u00e9sent, ni \u00e0 venir.<p><\/p>\n<\/td>\n<\/tr>\n<\/tbody>\n<\/table>\n<table width=\"100%\">\n<tbody>\n<tr>\n<td>Dans cet article, les malades qui vont se faire soigner \u00e0 l\u2019\u00e9tranger sont point\u00e9s du doigt, en particulier ceux qui vont consulter en Allemagne. Il \u00e9voque \u00e9galement le co\u00fbt des traitements dans les cliniques allemandes, qui ne sont pas rembours\u00e9s.<\/td>\n<\/tr>\n<\/tbody>\n<\/table>\n<table width=\"100%\">\n<tbody>\n<tr>\n<td>Effectivement, \u00e7a tombe sous le sens : pourquoi tant de malades fran\u00e7ais vont-ils \u00e0 l\u2019\u00e9tranger, en Allemagne, en Suisse, en Belgique, et m\u00eame aux Etats-Unis ?<\/td>\n<\/tr>\n<\/tbody>\n<\/table>\n<table width=\"100%\">\n<tbody>\n<tr>\n<td>Ces malades ne sont ni fous, ni masochistes, ils cherchent tout simplement \u00e0 comprendre ce qui leur arrive, \u00e0 obtenir un diagnostic, et \u00e0 se d\u00e9barrasser de tous ces sympt\u00f4mes, de toutes ces souffrances qui leur g\u00e2chent la vie. Ils partent \u00e0 l\u2019\u00e9tranger en d\u00e9sespoir de cause.<\/td>\n<\/tr>\n<\/tbody>\n<\/table>\n<table width=\"100%\">\n<tbody>\n<tr>\n<td>Et oui, un certain nombre d\u2019entre eux reviennent en meilleure sant\u00e9. Nous avons des t\u00e9moignages dans ce sens. Pour certains l\u2019am\u00e9lioration est spectaculaire, pour d\u2019autres elle l\u2019est moins, voire beaucoup moins. Telle est la r\u00e9alit\u00e9. Nous savons tous que chaque cas est un cas particulier, qu\u2019il n\u2019y a pas de panac\u00e9e universelle, et que le temps d\u2019errance est un facteur cl\u00e9 dans les chances de r\u00e9mission et de gu\u00e9rison.<\/td>\n<\/tr>\n<\/tbody>\n<\/table>\n<table width=\"100%\">\n<tbody>\n<tr>\n<td>Pour rappel, l\u2019errance m\u00e9dicale des malades Lyme ou MVT touche 81% des malades d\u2019apr\u00e8s notre sondage r\u00e9alis\u00e9 en 2022, et pour 23% d\u2019entre eux, cette errance a dur\u00e9 plus de 10 ans ! Et bien s\u00fbr, un diagnostic tardif aggrave beaucoup la difficult\u00e9 \u00e0 traiter la maladie.<\/td>\n<\/tr>\n<\/tbody>\n<\/table>\n<table width=\"100%\">\n<tbody>\n<tr>\n<td>C\u2019est pour cela que la premi\u00e8re priorit\u00e9 est d\u2019am\u00e9liorer et d\u2019acc\u00e9l\u00e9rer le diagnostic. C\u2019est pour cette raison que dans beaucoup de pays, le test Elisa est de plus en plus d\u00e9laiss\u00e9 au profit d\u2019un diagnostic fond\u00e9 sur les sympt\u00f4mes cliniques. Comme le pr\u00e9conisent les recommandations HAS 2018, d\u2019ailleurs.<\/td>\n<\/tr>\n<\/tbody>\n<\/table>\n<table width=\"100%\">\n<tbody>\n<tr>\n<td>Pour conclure, il y a au moins un point sur lequel nous sommes tout \u00e0 fait d\u2019accord avec le sens de cet article : il serait tellement plus facile de rester en France pour \u00eatre soign\u00e9s ! <br>Les malades ne demandent que \u00e7a !!<\/td>\n<\/tr>\n<\/tbody>\n<\/table>\n<h3><strong>\u00ab Du bon sens dans notre assiette \u00bb : le livre du nutritioniste Anthony Berthou qui fera date<\/strong><\/h3>\n<p><\/p>\n<table width=\"100%\">\n<tbody>\n<tr>\n<td>Anthony Berthou a un parcours incroyable : passionn\u00e9 de nutrition depuis sa jeunesse, nutritionniste multi-dipl\u00f4m\u00e9, enseignant universitaire, ancien sportif de haut niveau en triathlon, accompagnant nutritionnel de plusieurs \u00e9quipes de France, nutritionniste-r\u00e9f\u00e9rent de Yuka et d\u2019associations, etc. Il conna\u00eet bien les pathologies chroniques, notamment la maladie de Lyme. <br>Il d\u00e9fend une approche int\u00e9grative de la nutrition, et propose une explication assez convaincante aux d\u00e9r\u00e8glements que subissent nos corps et notre environnement.<\/td>\n<\/tr>\n<\/tbody>\n<\/table>\n<table width=\"100%\">\n<tbody>\n<tr>\n<td>Il a publi\u00e9 ces derniers mois deux livres qui feront date, dont un destin\u00e9 au grand public, \u00ab Du bon sens dans notre assiette \u00bb, pr\u00e9fac\u00e9 par le Chef Thierry Marx. Il livre en particulier dans ce livre les vingt cl\u00e9s de l\u2019alimentation, et les outils pratiques pour retrouver le bon sens en mati\u00e8re de nutrition. Il donne aussi une mine de conseils utiles, pratiques, et utilisables imm\u00e9diatement au quotidien. Bref, un ouvrage int\u00e9ressant et utile !<\/td>\n<\/tr>\n<\/tbody>\n<\/table>\n<h1><span style=\"color: #ff0000;\"><strong>L\u2019actualit\u00e9 de France Lyme<\/strong><\/span><\/h1>\n<p><\/p>\n<table width=\"100%\">\n<tbody>\n<tr>\n<td>Pour faire la transition avec le paragraphe pr\u00e9c\u00e9dent, nous sommes heureux de vous annoncer qu\u2019Anthony Berthou a accept\u00e9 de donner une conf\u00e9rence sur la nutrition et la maladie de Lyme, en visio pour France Lyme. Cette conf\u00e9rence sera ouverte aux adh\u00e9rents et au public, <strong>Jeudi 2 Novembre \u00e0 20h00, sur inscription<\/strong>, avec une participation de 5 \u20ac.<\/td>\n<\/tr>\n<\/tbody>\n<\/table>\n<table width=\"100%\">\n<tbody>\n<tr>\n<td>Le Conseil d\u2019Administration de l\u2019association s\u2019est r\u00e9uni en pr\u00e9sentiel, \u00e0 Lyon, le week-end des 7 et 8 Octobre. Parmi les sujets abord\u00e9s, nous avons entre autres travaill\u00e9 sur le plaidoyer de l\u2019association, un texte fort qui r\u00e9sume nos propositions et nos attentes dans tous les domaines qui concernent la maladie de Lyme et les MVT, et la situation des malades. Ce plaidoyer a \u00e9t\u00e9 finalis\u00e9 et approuv\u00e9 par le CA ; il vous sera prochainement communiqu\u00e9, et sera d\u00e9ploy\u00e9 aupr\u00e8s des autorit\u00e9s politiques et sanitaires.<\/td>\n<\/tr>\n<\/tbody>\n<\/table>\n<table width=\"100%\">\n<tbody>\n<tr>\n<td>Nous sommes tr\u00e8s heureux de vous annoncer que le projet de France Lyme est \u00e0 pr\u00e9sent accept\u00e9 sur Lilo, qui est un \u00ab moteur de recherche fran\u00e7ais et solidaire \u00bb qui reverse une partie de ses b\u00e9n\u00e9fices aux associations et projets sociaux et environnementaux de votre choix, comme France Lyme.<\/td>\n<\/tr>\n<\/tbody>\n<\/table>\n<table width=\"100%\">\n<tbody>\n<tr>\n<td>Nous vous recommandons d\u2019utiliser Lilo pour nous soutenir, en n\u2019oubliant pas d\u2019indiquer que c\u2019est bien \u00e0 France Lyme que vous destinez vos \u00ab gouttes \u00bb. Merci d\u2019avance !!<\/td>\n<\/tr>\n<\/tbody>\n<\/table>\n<table width=\"100%\">\n<tbody>\n<tr>\n<td>Pour en faire votre moteur de recherche par d\u00e9faut : http:\/\/www.lilo.org\/fr\/?utm_source=france-lyme<p><\/p>\n<\/td>\n<\/tr>\n<\/tbody>\n<\/table>\n<table width=\"100%\">\n<tbody>\n<tr>\n<td>Dans la rubrique \u00ab communication \u00bb, je remercie chaleureusement Sandrine et Alexandra, membres de l\u2019\u00e9quipe France Lyme, qui ont particip\u00e9 \u00e0 des \u00e9missions d\u2019info sant\u00e9, La Sant\u00e9 d\u2019Abord sur TV7, et le Magazine de la Sant\u00e9 sur TV5, ainsi que Jeanne, qui a livr\u00e9 un t\u00e9moignage tr\u00e8s int\u00e9ressant, diffus\u00e9 sur Konbini. Ces interventions dans les m\u00e9dias et sur les r\u00e9seaux sont importantes pour informer le grand public et sensibiliser les responsables.<\/td>\n<\/tr>\n<\/tbody>\n<\/table>\n<table width=\"100%\">\n<tbody>\n<tr>\n<td>Comme tous les mois, j\u2019adresse ici un grand merci \u00e0 toutes les \u00e9quipes de b\u00e9n\u00e9voles impliqu\u00e9es sur le terrain et dans les services de France Lyme, n\u2019h\u00e9sitez pas \u00e0 vous manifester et \u00e0 participer aux \u00e9v\u00e9nements ou aux permanences organis\u00e9s dans les sections locales.<\/td>\n<\/tr>\n<\/tbody>\n<\/table>\n<table width=\"100%\">\n<tbody>\n<tr>\n<td>Pour en savoir plus sur l\u2019actualit\u00e9, n\u2019h\u00e9sitez pas \u00e0 lire les articles joints \u00e0 cet \u00e9dito, ainsi que les articles de la revue de presse.<\/td>\n<\/tr>\n<\/tbody>\n<\/table>\n<table width=\"100%\">\n<tbody>\n<tr>\n<td>Merci aux personnes qui se sont manifest\u00e9es le mois dernier pour faire du b\u00e9n\u00e9volat, nous sommes tr\u00e8s heureux de voir notre groupe de b\u00e9n\u00e9voles s\u2019\u00e9toffer dans des domaines importants.<\/td>\n<\/tr>\n<\/tbody>\n<\/table>\n<table width=\"100%\">\n<tbody>\n<tr>\n<td>Nous sommes toujours \u00e0 la recherche de b\u00e9n\u00e9voles, par exemple : <strong>community manager<\/strong>, des personnes susceptibles de faire du <strong>soutien psychologique<\/strong>. Ces activit\u00e9s sont b\u00e9n\u00e9voles et \u00e0 temps partiel, en t\u00e9l\u00e9travail depuis chez vous, et m\u00eame si vous ne disposez que de quelques heures par mois de disponibilit\u00e9, nous sommes preneurs &#x1f609; !!. Vous trouverez les d\u00e9tails dans l\u2019article \u00ab Appel \u00e0 B\u00e9n\u00e9volat \u00bb ci-dessous. <br>Ecrivez-nous \u00e0 bureau@francelyme.fr<\/td>\n<\/tr>\n<\/tbody>\n<\/table>\n<table width=\"100%\">\n<tbody>\n<tr>\n<td>Un grand merci aussi \u00e0 Nathalie pour ses VisioLyme, ces rendez-vous d\u2019\u00e9changes en visio entre malades, qui se poursuivent dans les semaines qui viennent. N\u2019h\u00e9sitez pas \u00e0 vous y inscrire, c\u2019est une mani\u00e8re simple et efficace pour partager des infos et \u00e9changer des retours d\u2019exp\u00e9rience sur la maladie.<\/td>\n<\/tr>\n<\/tbody>\n<\/table>\n<table width=\"100%\">\n<tbody>\n<tr>\n<td>Merci pour votre soutien,<br>Amicalement,<br>Fr\u00e9d\u00e9ric MAIRE <br>Pr\u00e9sident de France Lyme<\/td>\n<\/tr>\n<\/tbody>\n<\/table>\n\n\n<div class=\"wp-block-image\"><figure class=\"aligncenter size-large\"><img loading=\"lazy\" decoding=\"async\" width=\"1024\" height=\"1024\" src=\"http:\/\/francelyme.fr\/site\/wp-content\/uploads\/2023\/09\/Editorial-Carre-Suivez-lactualite-1024x1024.jpg\" alt=\"\" class=\"wp-image-15197\" srcset=\"https:\/\/francelyme.fr\/site\/wp-content\/uploads\/2023\/09\/Editorial-Carre-Suivez-lactualite-1024x1024.jpg 1024w, https:\/\/francelyme.fr\/site\/wp-content\/uploads\/2023\/09\/Editorial-Carre-Suivez-lactualite-300x300.jpg 300w, https:\/\/francelyme.fr\/site\/wp-content\/uploads\/2023\/09\/Editorial-Carre-Suivez-lactualite-150x150.jpg 150w, https:\/\/francelyme.fr\/site\/wp-content\/uploads\/2023\/09\/Editorial-Carre-Suivez-lactualite-768x768.jpg 768w, https:\/\/francelyme.fr\/site\/wp-content\/uploads\/2023\/09\/Editorial-Carre-Suivez-lactualite-90x90.jpg 90w, https:\/\/francelyme.fr\/site\/wp-content\/uploads\/2023\/09\/Editorial-Carre-Suivez-lactualite-75x75.jpg 75w, https:\/\/francelyme.fr\/site\/wp-content\/uploads\/2023\/09\/Editorial-Carre-Suivez-lactualite.jpg 1080w\" sizes=\"auto, (max-width: 1024px) 100vw, 1024px\" \/><\/figure><\/div>\n\n\n\n<p><strong>Pour vous abonner \u00e0 la lettre d&rsquo;information, merci de remplir le formulaire ci-dessous.<\/strong> Vous recevrez ensuite un e-mail sur l&rsquo;adresse que vous donnez pour confirmer votre abonnement.<\/p>\n\n\n\n<p><a href=\"https:\/\/www.helloasso.com\/associations\/association-france-lyme\/adhesions\/adhesion-membre-ami\">https:\/\/www.helloasso.com\/associations\/association-france-lyme\/adhesions\/adhesion-membre-ami<\/a><\/p>\n<div class=\"like-button\" style=\"float: right; clear: both; text-align: right; width = 100%;\">\n<!-- Facebook Like Button Vivacity Infotech BEGIN -->\n<div class=\"fb-like\" data-href=\"https:\/\/francelyme.fr\/site\/editorial-doctobre-2023\/\" data-layout=\"box_count\" data-action=\"like\" data-show-faces=\"false\" data-size=\"large\" data-width=\"450\" data-share=\"1\" ><\/div><\/div>\n<!-- Facebook Like Button Vivacity Infotech END -->\n","protected":false},"excerpt":{"rendered":"","protected":false},"author":17,"featured_media":15197,"comment_status":"closed","ping_status":"open","sticky":false,"template":"","format":"standard","meta":{"footnotes":""},"categories":[288],"tags":[],"class_list":["post-15443","post","type-post","status-publish","format-standard","has-post-thumbnail","hentry","category-editoriaux"],"yoast_head":"<!-- This site is optimized with the Yoast SEO plugin v27.3 - https:\/\/yoast.com\/product\/yoast-seo-wordpress\/ -->\n<title>Editorial d&#039;octobre 2023 - Association France Lyme<\/title>\n<meta name=\"robots\" content=\"index, follow, max-snippet:-1, max-image-preview:large, max-video-preview:-1\" \/>\n<link rel=\"canonical\" href=\"https:\/\/francelyme.fr\/site\/editorial-doctobre-2023\/\" \/>\n<meta property=\"og:locale\" content=\"fr_FR\" \/>\n<meta property=\"og:type\" content=\"article\" \/>\n<meta property=\"og:title\" content=\"Editorial d&#039;octobre 2023 - Association France Lyme\" \/>\n<meta property=\"og:url\" content=\"https:\/\/francelyme.fr\/site\/editorial-doctobre-2023\/\" \/>\n<meta property=\"og:site_name\" content=\"Association France Lyme\" \/>\n<meta property=\"article:publisher\" content=\"https:\/\/www.facebook.com\/france.lyme\" \/>\n<meta property=\"article:published_time\" content=\"2024-01-01T22:19:00+00:00\" \/>\n<meta property=\"og:image\" content=\"https:\/\/francelyme.fr\/site\/wp-content\/uploads\/2023\/09\/Editorial-Carre-Suivez-lactualite.jpg\" \/>\n\t<meta property=\"og:image:width\" content=\"1080\" \/>\n\t<meta property=\"og:image:height\" content=\"1080\" \/>\n\t<meta property=\"og:image:type\" content=\"image\/jpeg\" \/>\n<meta name=\"author\" content=\"adminntlyme\" \/>\n<meta name=\"twitter:card\" content=\"summary_large_image\" \/>\n<meta name=\"twitter:creator\" content=\"@francelyme\" \/>\n<meta name=\"twitter:site\" content=\"@francelyme\" \/>\n<meta name=\"twitter:label1\" content=\"\u00c9crit par\" \/>\n\t<meta name=\"twitter:data1\" content=\"adminntlyme\" \/>\n\t<meta name=\"twitter:label2\" content=\"Dur\u00e9e de lecture estim\u00e9e\" \/>\n\t<meta name=\"twitter:data2\" content=\"16 minutes\" \/>\n<script type=\"application\/ld+json\" class=\"yoast-schema-graph\">{\"@context\":\"https:\\\/\\\/schema.org\",\"@graph\":[{\"@type\":\"Article\",\"@id\":\"https:\\\/\\\/francelyme.fr\\\/site\\\/editorial-doctobre-2023\\\/#article\",\"isPartOf\":{\"@id\":\"https:\\\/\\\/francelyme.fr\\\/site\\\/editorial-doctobre-2023\\\/\"},\"author\":{\"name\":\"adminntlyme\",\"@id\":\"https:\\\/\\\/francelyme.fr\\\/site\\\/#\\\/schema\\\/person\\\/f7bd0eb75be49e4795c4ea0b3767e039\"},\"headline\":\"Editorial d&rsquo;octobre 2023\",\"datePublished\":\"2024-01-01T22:19:00+00:00\",\"mainEntityOfPage\":{\"@id\":\"https:\\\/\\\/francelyme.fr\\\/site\\\/editorial-doctobre-2023\\\/\"},\"wordCount\":3213,\"publisher\":{\"@id\":\"https:\\\/\\\/francelyme.fr\\\/site\\\/#organization\"},\"image\":{\"@id\":\"https:\\\/\\\/francelyme.fr\\\/site\\\/editorial-doctobre-2023\\\/#primaryimage\"},\"thumbnailUrl\":\"https:\\\/\\\/francelyme.fr\\\/site\\\/wp-content\\\/uploads\\\/2023\\\/09\\\/Editorial-Carre-Suivez-lactualite.jpg\",\"articleSection\":[\"Editoriaux\"],\"inLanguage\":\"fr-FR\"},{\"@type\":\"WebPage\",\"@id\":\"https:\\\/\\\/francelyme.fr\\\/site\\\/editorial-doctobre-2023\\\/\",\"url\":\"https:\\\/\\\/francelyme.fr\\\/site\\\/editorial-doctobre-2023\\\/\",\"name\":\"Editorial d'octobre 2023 - Association France Lyme\",\"isPartOf\":{\"@id\":\"https:\\\/\\\/francelyme.fr\\\/site\\\/#website\"},\"primaryImageOfPage\":{\"@id\":\"https:\\\/\\\/francelyme.fr\\\/site\\\/editorial-doctobre-2023\\\/#primaryimage\"},\"image\":{\"@id\":\"https:\\\/\\\/francelyme.fr\\\/site\\\/editorial-doctobre-2023\\\/#primaryimage\"},\"thumbnailUrl\":\"https:\\\/\\\/francelyme.fr\\\/site\\\/wp-content\\\/uploads\\\/2023\\\/09\\\/Editorial-Carre-Suivez-lactualite.jpg\",\"datePublished\":\"2024-01-01T22:19:00+00:00\",\"breadcrumb\":{\"@id\":\"https:\\\/\\\/francelyme.fr\\\/site\\\/editorial-doctobre-2023\\\/#breadcrumb\"},\"inLanguage\":\"fr-FR\",\"potentialAction\":[{\"@type\":\"ReadAction\",\"target\":[\"https:\\\/\\\/francelyme.fr\\\/site\\\/editorial-doctobre-2023\\\/\"]}]},{\"@type\":\"ImageObject\",\"inLanguage\":\"fr-FR\",\"@id\":\"https:\\\/\\\/francelyme.fr\\\/site\\\/editorial-doctobre-2023\\\/#primaryimage\",\"url\":\"https:\\\/\\\/francelyme.fr\\\/site\\\/wp-content\\\/uploads\\\/2023\\\/09\\\/Editorial-Carre-Suivez-lactualite.jpg\",\"contentUrl\":\"https:\\\/\\\/francelyme.fr\\\/site\\\/wp-content\\\/uploads\\\/2023\\\/09\\\/Editorial-Carre-Suivez-lactualite.jpg\",\"width\":1080,\"height\":1080},{\"@type\":\"BreadcrumbList\",\"@id\":\"https:\\\/\\\/francelyme.fr\\\/site\\\/editorial-doctobre-2023\\\/#breadcrumb\",\"itemListElement\":[{\"@type\":\"ListItem\",\"position\":1,\"name\":\"Accueil\",\"item\":\"https:\\\/\\\/francelyme.fr\\\/site\\\/\"},{\"@type\":\"ListItem\",\"position\":2,\"name\":\"Editorial d&#8217;octobre 2023\"}]},{\"@type\":\"WebSite\",\"@id\":\"https:\\\/\\\/francelyme.fr\\\/site\\\/#website\",\"url\":\"https:\\\/\\\/francelyme.fr\\\/site\\\/\",\"name\":\"Association France Lyme\",\"description\":\"Association de lutte contre les maladies vectorielles \u00e0 tiques\",\"publisher\":{\"@id\":\"https:\\\/\\\/francelyme.fr\\\/site\\\/#organization\"},\"potentialAction\":[{\"@type\":\"SearchAction\",\"target\":{\"@type\":\"EntryPoint\",\"urlTemplate\":\"https:\\\/\\\/francelyme.fr\\\/site\\\/?s={search_term_string}\"},\"query-input\":{\"@type\":\"PropertyValueSpecification\",\"valueRequired\":true,\"valueName\":\"search_term_string\"}}],\"inLanguage\":\"fr-FR\"},{\"@type\":\"Organization\",\"@id\":\"https:\\\/\\\/francelyme.fr\\\/site\\\/#organization\",\"name\":\"France Lyme\",\"url\":\"https:\\\/\\\/francelyme.fr\\\/site\\\/\",\"logo\":{\"@type\":\"ImageObject\",\"inLanguage\":\"fr-FR\",\"@id\":\"https:\\\/\\\/francelyme.fr\\\/site\\\/#\\\/schema\\\/logo\\\/image\\\/\",\"url\":\"https:\\\/\\\/francelyme.fr\\\/site\\\/wp-content\\\/uploads\\\/2019\\\/05\\\/francelyme-site.gif\",\"contentUrl\":\"https:\\\/\\\/francelyme.fr\\\/site\\\/wp-content\\\/uploads\\\/2019\\\/05\\\/francelyme-site.gif\",\"width\":180,\"height\":180,\"caption\":\"France Lyme\"},\"image\":{\"@id\":\"https:\\\/\\\/francelyme.fr\\\/site\\\/#\\\/schema\\\/logo\\\/image\\\/\"},\"sameAs\":[\"https:\\\/\\\/www.facebook.com\\\/france.lyme\",\"https:\\\/\\\/x.com\\\/francelyme\",\"https:\\\/\\\/www.youtube.com\\\/channel\\\/UClMCGl3dvkz0iAgXFR1NH1A\"]},{\"@type\":\"Person\",\"@id\":\"https:\\\/\\\/francelyme.fr\\\/site\\\/#\\\/schema\\\/person\\\/f7bd0eb75be49e4795c4ea0b3767e039\",\"name\":\"adminntlyme\",\"image\":{\"@type\":\"ImageObject\",\"inLanguage\":\"fr-FR\",\"@id\":\"https:\\\/\\\/secure.gravatar.com\\\/avatar\\\/e9ab07a36659baa27b55dfef2a5432041c212015f8eb8a8d25b934c17a03cb54?s=96&d=mm&r=g\",\"url\":\"https:\\\/\\\/secure.gravatar.com\\\/avatar\\\/e9ab07a36659baa27b55dfef2a5432041c212015f8eb8a8d25b934c17a03cb54?s=96&d=mm&r=g\",\"contentUrl\":\"https:\\\/\\\/secure.gravatar.com\\\/avatar\\\/e9ab07a36659baa27b55dfef2a5432041c212015f8eb8a8d25b934c17a03cb54?s=96&d=mm&r=g\",\"caption\":\"adminntlyme\"},\"url\":\"https:\\\/\\\/francelyme.fr\\\/site\\\/author\\\/adminntlyme\\\/\"}]}<\/script>\n<!-- \/ Yoast SEO plugin. -->","yoast_head_json":{"title":"Editorial d'octobre 2023 - Association France Lyme","robots":{"index":"index","follow":"follow","max-snippet":"max-snippet:-1","max-image-preview":"max-image-preview:large","max-video-preview":"max-video-preview:-1"},"canonical":"https:\/\/francelyme.fr\/site\/editorial-doctobre-2023\/","og_locale":"fr_FR","og_type":"article","og_title":"Editorial d'octobre 2023 - Association France Lyme","og_url":"https:\/\/francelyme.fr\/site\/editorial-doctobre-2023\/","og_site_name":"Association France Lyme","article_publisher":"https:\/\/www.facebook.com\/france.lyme","article_published_time":"2024-01-01T22:19:00+00:00","og_image":[{"width":1080,"height":1080,"url":"https:\/\/francelyme.fr\/site\/wp-content\/uploads\/2023\/09\/Editorial-Carre-Suivez-lactualite.jpg","type":"image\/jpeg"}],"author":"adminntlyme","twitter_card":"summary_large_image","twitter_creator":"@francelyme","twitter_site":"@francelyme","twitter_misc":{"\u00c9crit par":"adminntlyme","Dur\u00e9e de lecture estim\u00e9e":"16 minutes"},"schema":{"@context":"https:\/\/schema.org","@graph":[{"@type":"Article","@id":"https:\/\/francelyme.fr\/site\/editorial-doctobre-2023\/#article","isPartOf":{"@id":"https:\/\/francelyme.fr\/site\/editorial-doctobre-2023\/"},"author":{"name":"adminntlyme","@id":"https:\/\/francelyme.fr\/site\/#\/schema\/person\/f7bd0eb75be49e4795c4ea0b3767e039"},"headline":"Editorial d&rsquo;octobre 2023","datePublished":"2024-01-01T22:19:00+00:00","mainEntityOfPage":{"@id":"https:\/\/francelyme.fr\/site\/editorial-doctobre-2023\/"},"wordCount":3213,"publisher":{"@id":"https:\/\/francelyme.fr\/site\/#organization"},"image":{"@id":"https:\/\/francelyme.fr\/site\/editorial-doctobre-2023\/#primaryimage"},"thumbnailUrl":"https:\/\/francelyme.fr\/site\/wp-content\/uploads\/2023\/09\/Editorial-Carre-Suivez-lactualite.jpg","articleSection":["Editoriaux"],"inLanguage":"fr-FR"},{"@type":"WebPage","@id":"https:\/\/francelyme.fr\/site\/editorial-doctobre-2023\/","url":"https:\/\/francelyme.fr\/site\/editorial-doctobre-2023\/","name":"Editorial d'octobre 2023 - Association France Lyme","isPartOf":{"@id":"https:\/\/francelyme.fr\/site\/#website"},"primaryImageOfPage":{"@id":"https:\/\/francelyme.fr\/site\/editorial-doctobre-2023\/#primaryimage"},"image":{"@id":"https:\/\/francelyme.fr\/site\/editorial-doctobre-2023\/#primaryimage"},"thumbnailUrl":"https:\/\/francelyme.fr\/site\/wp-content\/uploads\/2023\/09\/Editorial-Carre-Suivez-lactualite.jpg","datePublished":"2024-01-01T22:19:00+00:00","breadcrumb":{"@id":"https:\/\/francelyme.fr\/site\/editorial-doctobre-2023\/#breadcrumb"},"inLanguage":"fr-FR","potentialAction":[{"@type":"ReadAction","target":["https:\/\/francelyme.fr\/site\/editorial-doctobre-2023\/"]}]},{"@type":"ImageObject","inLanguage":"fr-FR","@id":"https:\/\/francelyme.fr\/site\/editorial-doctobre-2023\/#primaryimage","url":"https:\/\/francelyme.fr\/site\/wp-content\/uploads\/2023\/09\/Editorial-Carre-Suivez-lactualite.jpg","contentUrl":"https:\/\/francelyme.fr\/site\/wp-content\/uploads\/2023\/09\/Editorial-Carre-Suivez-lactualite.jpg","width":1080,"height":1080},{"@type":"BreadcrumbList","@id":"https:\/\/francelyme.fr\/site\/editorial-doctobre-2023\/#breadcrumb","itemListElement":[{"@type":"ListItem","position":1,"name":"Accueil","item":"https:\/\/francelyme.fr\/site\/"},{"@type":"ListItem","position":2,"name":"Editorial d&#8217;octobre 2023"}]},{"@type":"WebSite","@id":"https:\/\/francelyme.fr\/site\/#website","url":"https:\/\/francelyme.fr\/site\/","name":"Association France Lyme","description":"Association de lutte contre les maladies vectorielles \u00e0 tiques","publisher":{"@id":"https:\/\/francelyme.fr\/site\/#organization"},"potentialAction":[{"@type":"SearchAction","target":{"@type":"EntryPoint","urlTemplate":"https:\/\/francelyme.fr\/site\/?s={search_term_string}"},"query-input":{"@type":"PropertyValueSpecification","valueRequired":true,"valueName":"search_term_string"}}],"inLanguage":"fr-FR"},{"@type":"Organization","@id":"https:\/\/francelyme.fr\/site\/#organization","name":"France Lyme","url":"https:\/\/francelyme.fr\/site\/","logo":{"@type":"ImageObject","inLanguage":"fr-FR","@id":"https:\/\/francelyme.fr\/site\/#\/schema\/logo\/image\/","url":"https:\/\/francelyme.fr\/site\/wp-content\/uploads\/2019\/05\/francelyme-site.gif","contentUrl":"https:\/\/francelyme.fr\/site\/wp-content\/uploads\/2019\/05\/francelyme-site.gif","width":180,"height":180,"caption":"France Lyme"},"image":{"@id":"https:\/\/francelyme.fr\/site\/#\/schema\/logo\/image\/"},"sameAs":["https:\/\/www.facebook.com\/france.lyme","https:\/\/x.com\/francelyme","https:\/\/www.youtube.com\/channel\/UClMCGl3dvkz0iAgXFR1NH1A"]},{"@type":"Person","@id":"https:\/\/francelyme.fr\/site\/#\/schema\/person\/f7bd0eb75be49e4795c4ea0b3767e039","name":"adminntlyme","image":{"@type":"ImageObject","inLanguage":"fr-FR","@id":"https:\/\/secure.gravatar.com\/avatar\/e9ab07a36659baa27b55dfef2a5432041c212015f8eb8a8d25b934c17a03cb54?s=96&d=mm&r=g","url":"https:\/\/secure.gravatar.com\/avatar\/e9ab07a36659baa27b55dfef2a5432041c212015f8eb8a8d25b934c17a03cb54?s=96&d=mm&r=g","contentUrl":"https:\/\/secure.gravatar.com\/avatar\/e9ab07a36659baa27b55dfef2a5432041c212015f8eb8a8d25b934c17a03cb54?s=96&d=mm&r=g","caption":"adminntlyme"},"url":"https:\/\/francelyme.fr\/site\/author\/adminntlyme\/"}]}},"_links":{"self":[{"href":"https:\/\/francelyme.fr\/site\/wp-json\/wp\/v2\/posts\/15443","targetHints":{"allow":["GET"]}}],"collection":[{"href":"https:\/\/francelyme.fr\/site\/wp-json\/wp\/v2\/posts"}],"about":[{"href":"https:\/\/francelyme.fr\/site\/wp-json\/wp\/v2\/types\/post"}],"author":[{"embeddable":true,"href":"https:\/\/francelyme.fr\/site\/wp-json\/wp\/v2\/users\/17"}],"replies":[{"embeddable":true,"href":"https:\/\/francelyme.fr\/site\/wp-json\/wp\/v2\/comments?post=15443"}],"version-history":[{"count":4,"href":"https:\/\/francelyme.fr\/site\/wp-json\/wp\/v2\/posts\/15443\/revisions"}],"predecessor-version":[{"id":15450,"href":"https:\/\/francelyme.fr\/site\/wp-json\/wp\/v2\/posts\/15443\/revisions\/15450"}],"wp:featuredmedia":[{"embeddable":true,"href":"https:\/\/francelyme.fr\/site\/wp-json\/wp\/v2\/media\/15197"}],"wp:attachment":[{"href":"https:\/\/francelyme.fr\/site\/wp-json\/wp\/v2\/media?parent=15443"}],"wp:term":[{"taxonomy":"category","embeddable":true,"href":"https:\/\/francelyme.fr\/site\/wp-json\/wp\/v2\/categories?post=15443"},{"taxonomy":"post_tag","embeddable":true,"href":"https:\/\/francelyme.fr\/site\/wp-json\/wp\/v2\/tags?post=15443"}],"curies":[{"name":"wp","href":"https:\/\/api.w.org\/{rel}","templated":true}]}}