{"id":15632,"date":"2023-12-21T11:53:20","date_gmt":"2023-12-21T10:53:20","guid":{"rendered":"https:\/\/francelyme.fr\/site\/?p=15632"},"modified":"2023-12-21T11:53:21","modified_gmt":"2023-12-21T10:53:21","slug":"retour-sur-lintervention-a-lecole-forestiere-de-loudeac-22","status":"publish","type":"post","link":"https:\/\/francelyme.fr\/site\/retour-sur-lintervention-a-lecole-forestiere-de-loudeac-22\/","title":{"rendered":"Retour sur l&rsquo;intervention \u00e0 l&rsquo;\u00e9cole foresti\u00e8re de Loud\u00e9ac (22)"},"content":{"rendered":"<div class=\"like-button\" style=\"float: right; clear: both; text-align: right; width = 100%;\">\n<!-- Facebook Like Button Vivacity Infotech BEGIN -->\n<div class=\"fb-like\" data-href=\"https:\/\/francelyme.fr\/site\/retour-sur-lintervention-a-lecole-forestiere-de-loudeac-22\/\" data-layout=\"box_count\" data-action=\"like\" data-show-faces=\"false\" data-size=\"large\" data-width=\"450\" data-share=\"1\" ><\/div><\/div>\n<!-- Facebook Like Button Vivacity Infotech END -->\n<div id=\"fb-root\"><\/div>\n\n<p>A la demande d&rsquo;un des professeurs, nous sommes intervenus aupr\u00e8s d&rsquo;\u00e9l\u00e8ves de Bac Pro For\u00eat et BTSA Gestion foresti\u00e8re pour faire de la pr\u00e9vention sur la maladie de Lyme et les maladies vectorielles \u00e0 tique.<\/p>\n\n\n\n<p>En effet, dans le programme scolaire, les risques li\u00e9s aux morsures de tiques dans leur futur m\u00e9tier ne sont abord\u00e9s que de fa\u00e7on succincte. Nous leur avions pr\u00e9par\u00e9 un questionnaire au pr\u00e9alable que nous avons corrig\u00e9 ensemble, ce qui a rendu l&rsquo;animation ludique. Les \u00e9l\u00e8ves se sont montr\u00e9s int\u00e9ress\u00e9s, avec des questions pertinentes. Ce fut un \u00e9change riche. Les professeurs \u00e9taient satisfaits de notre prestation et ont dit qu&rsquo;ils referont appel \u00e0 notre association pour d&rsquo;autres groupes.<\/p>\n\n\n\n<p>Laurence et Pascal<\/p>\n\n\n\n<div class=\"wp-block-image\"><figure class=\"aligncenter size-large\"><img loading=\"lazy\" decoding=\"async\" width=\"868\" height=\"868\" src=\"https:\/\/francelyme.fr\/site\/wp-content\/uploads\/2023\/12\/292456689_790963032314992_8765646896782349194_n.jpg\" alt=\"\" class=\"wp-image-15633\" srcset=\"https:\/\/francelyme.fr\/site\/wp-content\/uploads\/2023\/12\/292456689_790963032314992_8765646896782349194_n.jpg 868w, https:\/\/francelyme.fr\/site\/wp-content\/uploads\/2023\/12\/292456689_790963032314992_8765646896782349194_n-300x300.jpg 300w, https:\/\/francelyme.fr\/site\/wp-content\/uploads\/2023\/12\/292456689_790963032314992_8765646896782349194_n-150x150.jpg 150w, https:\/\/francelyme.fr\/site\/wp-content\/uploads\/2023\/12\/292456689_790963032314992_8765646896782349194_n-768x768.jpg 768w, https:\/\/francelyme.fr\/site\/wp-content\/uploads\/2023\/12\/292456689_790963032314992_8765646896782349194_n-90x90.jpg 90w, https:\/\/francelyme.fr\/site\/wp-content\/uploads\/2023\/12\/292456689_790963032314992_8765646896782349194_n-75x75.jpg 75w\" sizes=\"auto, (max-width: 868px) 100vw, 868px\" \/><\/figure><\/div>\n<div class=\"like-button\" style=\"float: right; clear: both; text-align: right; width = 100%;\">\n<!-- Facebook Like Button Vivacity Infotech BEGIN -->\n<div class=\"fb-like\" data-href=\"https:\/\/francelyme.fr\/site\/retour-sur-lintervention-a-lecole-forestiere-de-loudeac-22\/\" data-layout=\"box_count\" data-action=\"like\" data-show-faces=\"false\" data-size=\"large\" data-width=\"450\" data-share=\"1\" ><\/div><\/div>\n<!-- Facebook Like Button Vivacity Infotech END -->\n","protected":false},"excerpt":{"rendered":"","protected":false},"author":16,"featured_media":15633,"comment_status":"closed","ping_status":"open","sticky":false,"template":"","format":"standard","meta":{"footnotes":""},"categories":[58,9],"tags":[],"class_list":["post-15632","post","type-post","status-publish","format-standard","has-post-thumbnail","hentry","category-bretagne","category-prevention"],"yoast_head":"<!-- This site is optimized with the Yoast SEO plugin v27.3 - https:\/\/yoast.com\/product\/yoast-seo-wordpress\/ -->\n<title>Retour sur l&#039;intervention \u00e0 l&#039;\u00e9cole foresti\u00e8re de Loud\u00e9ac (22) - Association France Lyme<\/title>\n<meta name=\"robots\" content=\"index, follow, max-snippet:-1, max-image-preview:large, max-video-preview:-1\" \/>\n<link rel=\"canonical\" href=\"https:\/\/francelyme.fr\/site\/retour-sur-lintervention-a-lecole-forestiere-de-loudeac-22\/\" \/>\n<meta property=\"og:locale\" content=\"fr_FR\" \/>\n<meta property=\"og:type\" content=\"article\" \/>\n<meta property=\"og:title\" content=\"Retour sur l&#039;intervention \u00e0 l&#039;\u00e9cole foresti\u00e8re de Loud\u00e9ac (22) - Association France Lyme\" \/>\n<meta property=\"og:url\" content=\"https:\/\/francelyme.fr\/site\/retour-sur-lintervention-a-lecole-forestiere-de-loudeac-22\/\" \/>\n<meta property=\"og:site_name\" content=\"Association France Lyme\" \/>\n<meta property=\"article:publisher\" content=\"https:\/\/www.facebook.com\/france.lyme\" \/>\n<meta property=\"article:published_time\" content=\"2023-12-21T10:53:20+00:00\" \/>\n<meta property=\"article:modified_time\" content=\"2023-12-21T10:53:21+00:00\" \/>\n<meta property=\"og:image\" content=\"https:\/\/francelyme.fr\/site\/wp-content\/uploads\/2023\/12\/292456689_790963032314992_8765646896782349194_n.jpg\" \/>\n\t<meta property=\"og:image:width\" content=\"868\" \/>\n\t<meta property=\"og:image:height\" content=\"868\" \/>\n\t<meta property=\"og:image:type\" content=\"image\/jpeg\" \/>\n<meta name=\"author\" content=\"Editeur\" \/>\n<meta name=\"twitter:card\" content=\"summary_large_image\" \/>\n<meta name=\"twitter:creator\" content=\"@francelyme\" \/>\n<meta name=\"twitter:site\" content=\"@francelyme\" \/>\n<meta name=\"twitter:label1\" content=\"\u00c9crit par\" \/>\n\t<meta name=\"twitter:data1\" content=\"Editeur\" \/>\n\t<meta name=\"twitter:label2\" content=\"Dur\u00e9e de lecture estim\u00e9e\" \/>\n\t<meta name=\"twitter:data2\" content=\"1 minute\" \/>\n<script type=\"application\/ld+json\" class=\"yoast-schema-graph\">{\"@context\":\"https:\\\/\\\/schema.org\",\"@graph\":[{\"@type\":\"Article\",\"@id\":\"https:\\\/\\\/francelyme.fr\\\/site\\\/retour-sur-lintervention-a-lecole-forestiere-de-loudeac-22\\\/#article\",\"isPartOf\":{\"@id\":\"https:\\\/\\\/francelyme.fr\\\/site\\\/retour-sur-lintervention-a-lecole-forestiere-de-loudeac-22\\\/\"},\"author\":{\"name\":\"Editeur\",\"@id\":\"https:\\\/\\\/francelyme.fr\\\/site\\\/#\\\/schema\\\/person\\\/b3a32c0e865447c2586961956f5d867e\"},\"headline\":\"Retour sur l&rsquo;intervention \u00e0 l&rsquo;\u00e9cole foresti\u00e8re de Loud\u00e9ac (22)\",\"datePublished\":\"2023-12-21T10:53:20+00:00\",\"dateModified\":\"2023-12-21T10:53:21+00:00\",\"mainEntityOfPage\":{\"@id\":\"https:\\\/\\\/francelyme.fr\\\/site\\\/retour-sur-lintervention-a-lecole-forestiere-de-loudeac-22\\\/\"},\"wordCount\":144,\"publisher\":{\"@id\":\"https:\\\/\\\/francelyme.fr\\\/site\\\/#organization\"},\"image\":{\"@id\":\"https:\\\/\\\/francelyme.fr\\\/site\\\/retour-sur-lintervention-a-lecole-forestiere-de-loudeac-22\\\/#primaryimage\"},\"thumbnailUrl\":\"https:\\\/\\\/francelyme.fr\\\/site\\\/wp-content\\\/uploads\\\/2023\\\/12\\\/292456689_790963032314992_8765646896782349194_n.jpg\",\"articleSection\":[\"Bretagne\",\"Pr\u00e9vention\"],\"inLanguage\":\"fr-FR\"},{\"@type\":\"WebPage\",\"@id\":\"https:\\\/\\\/francelyme.fr\\\/site\\\/retour-sur-lintervention-a-lecole-forestiere-de-loudeac-22\\\/\",\"url\":\"https:\\\/\\\/francelyme.fr\\\/site\\\/retour-sur-lintervention-a-lecole-forestiere-de-loudeac-22\\\/\",\"name\":\"Retour sur l'intervention \u00e0 l'\u00e9cole foresti\u00e8re de Loud\u00e9ac (22) - Association France Lyme\",\"isPartOf\":{\"@id\":\"https:\\\/\\\/francelyme.fr\\\/site\\\/#website\"},\"primaryImageOfPage\":{\"@id\":\"https:\\\/\\\/francelyme.fr\\\/site\\\/retour-sur-lintervention-a-lecole-forestiere-de-loudeac-22\\\/#primaryimage\"},\"image\":{\"@id\":\"https:\\\/\\\/francelyme.fr\\\/site\\\/retour-sur-lintervention-a-lecole-forestiere-de-loudeac-22\\\/#primaryimage\"},\"thumbnailUrl\":\"https:\\\/\\\/francelyme.fr\\\/site\\\/wp-content\\\/uploads\\\/2023\\\/12\\\/292456689_790963032314992_8765646896782349194_n.jpg\",\"datePublished\":\"2023-12-21T10:53:20+00:00\",\"dateModified\":\"2023-12-21T10:53:21+00:00\",\"breadcrumb\":{\"@id\":\"https:\\\/\\\/francelyme.fr\\\/site\\\/retour-sur-lintervention-a-lecole-forestiere-de-loudeac-22\\\/#breadcrumb\"},\"inLanguage\":\"fr-FR\",\"potentialAction\":[{\"@type\":\"ReadAction\",\"target\":[\"https:\\\/\\\/francelyme.fr\\\/site\\\/retour-sur-lintervention-a-lecole-forestiere-de-loudeac-22\\\/\"]}]},{\"@type\":\"ImageObject\",\"inLanguage\":\"fr-FR\",\"@id\":\"https:\\\/\\\/francelyme.fr\\\/site\\\/retour-sur-lintervention-a-lecole-forestiere-de-loudeac-22\\\/#primaryimage\",\"url\":\"https:\\\/\\\/francelyme.fr\\\/site\\\/wp-content\\\/uploads\\\/2023\\\/12\\\/292456689_790963032314992_8765646896782349194_n.jpg\",\"contentUrl\":\"https:\\\/\\\/francelyme.fr\\\/site\\\/wp-content\\\/uploads\\\/2023\\\/12\\\/292456689_790963032314992_8765646896782349194_n.jpg\",\"width\":868,\"height\":868},{\"@type\":\"BreadcrumbList\",\"@id\":\"https:\\\/\\\/francelyme.fr\\\/site\\\/retour-sur-lintervention-a-lecole-forestiere-de-loudeac-22\\\/#breadcrumb\",\"itemListElement\":[{\"@type\":\"ListItem\",\"position\":1,\"name\":\"Accueil\",\"item\":\"https:\\\/\\\/francelyme.fr\\\/site\\\/\"},{\"@type\":\"ListItem\",\"position\":2,\"name\":\"Retour sur l&#8217;intervention \u00e0 l&#8217;\u00e9cole foresti\u00e8re de Loud\u00e9ac (22)\"}]},{\"@type\":\"WebSite\",\"@id\":\"https:\\\/\\\/francelyme.fr\\\/site\\\/#website\",\"url\":\"https:\\\/\\\/francelyme.fr\\\/site\\\/\",\"name\":\"Association France Lyme\",\"description\":\"Association de lutte contre les maladies vectorielles \u00e0 tiques\",\"publisher\":{\"@id\":\"https:\\\/\\\/francelyme.fr\\\/site\\\/#organization\"},\"potentialAction\":[{\"@type\":\"SearchAction\",\"target\":{\"@type\":\"EntryPoint\",\"urlTemplate\":\"https:\\\/\\\/francelyme.fr\\\/site\\\/?s={search_term_string}\"},\"query-input\":{\"@type\":\"PropertyValueSpecification\",\"valueRequired\":true,\"valueName\":\"search_term_string\"}}],\"inLanguage\":\"fr-FR\"},{\"@type\":\"Organization\",\"@id\":\"https:\\\/\\\/francelyme.fr\\\/site\\\/#organization\",\"name\":\"France Lyme\",\"url\":\"https:\\\/\\\/francelyme.fr\\\/site\\\/\",\"logo\":{\"@type\":\"ImageObject\",\"inLanguage\":\"fr-FR\",\"@id\":\"https:\\\/\\\/francelyme.fr\\\/site\\\/#\\\/schema\\\/logo\\\/image\\\/\",\"url\":\"https:\\\/\\\/francelyme.fr\\\/site\\\/wp-content\\\/uploads\\\/2019\\\/05\\\/francelyme-site.gif\",\"contentUrl\":\"https:\\\/\\\/francelyme.fr\\\/site\\\/wp-content\\\/uploads\\\/2019\\\/05\\\/francelyme-site.gif\",\"width\":180,\"height\":180,\"caption\":\"France Lyme\"},\"image\":{\"@id\":\"https:\\\/\\\/francelyme.fr\\\/site\\\/#\\\/schema\\\/logo\\\/image\\\/\"},\"sameAs\":[\"https:\\\/\\\/www.facebook.com\\\/france.lyme\",\"https:\\\/\\\/x.com\\\/francelyme\",\"https:\\\/\\\/www.youtube.com\\\/channel\\\/UClMCGl3dvkz0iAgXFR1NH1A\"]},{\"@type\":\"Person\",\"@id\":\"https:\\\/\\\/francelyme.fr\\\/site\\\/#\\\/schema\\\/person\\\/b3a32c0e865447c2586961956f5d867e\",\"name\":\"Editeur\",\"image\":{\"@type\":\"ImageObject\",\"inLanguage\":\"fr-FR\",\"@id\":\"https:\\\/\\\/secure.gravatar.com\\\/avatar\\\/ae207cee02bf4e66ec5abb92d4ccacaa0ad5f5d3d16fe7fcb393eda94bfbf2d2?s=96&d=mm&r=g\",\"url\":\"https:\\\/\\\/secure.gravatar.com\\\/avatar\\\/ae207cee02bf4e66ec5abb92d4ccacaa0ad5f5d3d16fe7fcb393eda94bfbf2d2?s=96&d=mm&r=g\",\"contentUrl\":\"https:\\\/\\\/secure.gravatar.com\\\/avatar\\\/ae207cee02bf4e66ec5abb92d4ccacaa0ad5f5d3d16fe7fcb393eda94bfbf2d2?s=96&d=mm&r=g\",\"caption\":\"Editeur\"},\"url\":\"https:\\\/\\\/francelyme.fr\\\/site\\\/author\\\/editeuradm\\\/\"}]}<\/script>\n<!-- \/ Yoast SEO plugin. -->","yoast_head_json":{"title":"Retour sur l'intervention \u00e0 l'\u00e9cole foresti\u00e8re de Loud\u00e9ac (22) - Association France Lyme","robots":{"index":"index","follow":"follow","max-snippet":"max-snippet:-1","max-image-preview":"max-image-preview:large","max-video-preview":"max-video-preview:-1"},"canonical":"https:\/\/francelyme.fr\/site\/retour-sur-lintervention-a-lecole-forestiere-de-loudeac-22\/","og_locale":"fr_FR","og_type":"article","og_title":"Retour sur l'intervention \u00e0 l'\u00e9cole foresti\u00e8re de Loud\u00e9ac (22) - Association France Lyme","og_url":"https:\/\/francelyme.fr\/site\/retour-sur-lintervention-a-lecole-forestiere-de-loudeac-22\/","og_site_name":"Association France Lyme","article_publisher":"https:\/\/www.facebook.com\/france.lyme","article_published_time":"2023-12-21T10:53:20+00:00","article_modified_time":"2023-12-21T10:53:21+00:00","og_image":[{"width":868,"height":868,"url":"https:\/\/francelyme.fr\/site\/wp-content\/uploads\/2023\/12\/292456689_790963032314992_8765646896782349194_n.jpg","type":"image\/jpeg"}],"author":"Editeur","twitter_card":"summary_large_image","twitter_creator":"@francelyme","twitter_site":"@francelyme","twitter_misc":{"\u00c9crit par":"Editeur","Dur\u00e9e de lecture estim\u00e9e":"1 minute"},"schema":{"@context":"https:\/\/schema.org","@graph":[{"@type":"Article","@id":"https:\/\/francelyme.fr\/site\/retour-sur-lintervention-a-lecole-forestiere-de-loudeac-22\/#article","isPartOf":{"@id":"https:\/\/francelyme.fr\/site\/retour-sur-lintervention-a-lecole-forestiere-de-loudeac-22\/"},"author":{"name":"Editeur","@id":"https:\/\/francelyme.fr\/site\/#\/schema\/person\/b3a32c0e865447c2586961956f5d867e"},"headline":"Retour sur l&rsquo;intervention \u00e0 l&rsquo;\u00e9cole foresti\u00e8re de Loud\u00e9ac (22)","datePublished":"2023-12-21T10:53:20+00:00","dateModified":"2023-12-21T10:53:21+00:00","mainEntityOfPage":{"@id":"https:\/\/francelyme.fr\/site\/retour-sur-lintervention-a-lecole-forestiere-de-loudeac-22\/"},"wordCount":144,"publisher":{"@id":"https:\/\/francelyme.fr\/site\/#organization"},"image":{"@id":"https:\/\/francelyme.fr\/site\/retour-sur-lintervention-a-lecole-forestiere-de-loudeac-22\/#primaryimage"},"thumbnailUrl":"https:\/\/francelyme.fr\/site\/wp-content\/uploads\/2023\/12\/292456689_790963032314992_8765646896782349194_n.jpg","articleSection":["Bretagne","Pr\u00e9vention"],"inLanguage":"fr-FR"},{"@type":"WebPage","@id":"https:\/\/francelyme.fr\/site\/retour-sur-lintervention-a-lecole-forestiere-de-loudeac-22\/","url":"https:\/\/francelyme.fr\/site\/retour-sur-lintervention-a-lecole-forestiere-de-loudeac-22\/","name":"Retour sur l'intervention \u00e0 l'\u00e9cole foresti\u00e8re de Loud\u00e9ac (22) - Association France Lyme","isPartOf":{"@id":"https:\/\/francelyme.fr\/site\/#website"},"primaryImageOfPage":{"@id":"https:\/\/francelyme.fr\/site\/retour-sur-lintervention-a-lecole-forestiere-de-loudeac-22\/#primaryimage"},"image":{"@id":"https:\/\/francelyme.fr\/site\/retour-sur-lintervention-a-lecole-forestiere-de-loudeac-22\/#primaryimage"},"thumbnailUrl":"https:\/\/francelyme.fr\/site\/wp-content\/uploads\/2023\/12\/292456689_790963032314992_8765646896782349194_n.jpg","datePublished":"2023-12-21T10:53:20+00:00","dateModified":"2023-12-21T10:53:21+00:00","breadcrumb":{"@id":"https:\/\/francelyme.fr\/site\/retour-sur-lintervention-a-lecole-forestiere-de-loudeac-22\/#breadcrumb"},"inLanguage":"fr-FR","potentialAction":[{"@type":"ReadAction","target":["https:\/\/francelyme.fr\/site\/retour-sur-lintervention-a-lecole-forestiere-de-loudeac-22\/"]}]},{"@type":"ImageObject","inLanguage":"fr-FR","@id":"https:\/\/francelyme.fr\/site\/retour-sur-lintervention-a-lecole-forestiere-de-loudeac-22\/#primaryimage","url":"https:\/\/francelyme.fr\/site\/wp-content\/uploads\/2023\/12\/292456689_790963032314992_8765646896782349194_n.jpg","contentUrl":"https:\/\/francelyme.fr\/site\/wp-content\/uploads\/2023\/12\/292456689_790963032314992_8765646896782349194_n.jpg","width":868,"height":868},{"@type":"BreadcrumbList","@id":"https:\/\/francelyme.fr\/site\/retour-sur-lintervention-a-lecole-forestiere-de-loudeac-22\/#breadcrumb","itemListElement":[{"@type":"ListItem","position":1,"name":"Accueil","item":"https:\/\/francelyme.fr\/site\/"},{"@type":"ListItem","position":2,"name":"Retour sur l&#8217;intervention \u00e0 l&#8217;\u00e9cole foresti\u00e8re de Loud\u00e9ac (22)"}]},{"@type":"WebSite","@id":"https:\/\/francelyme.fr\/site\/#website","url":"https:\/\/francelyme.fr\/site\/","name":"Association France Lyme","description":"Association de lutte contre les maladies vectorielles \u00e0 tiques","publisher":{"@id":"https:\/\/francelyme.fr\/site\/#organization"},"potentialAction":[{"@type":"SearchAction","target":{"@type":"EntryPoint","urlTemplate":"https:\/\/francelyme.fr\/site\/?s={search_term_string}"},"query-input":{"@type":"PropertyValueSpecification","valueRequired":true,"valueName":"search_term_string"}}],"inLanguage":"fr-FR"},{"@type":"Organization","@id":"https:\/\/francelyme.fr\/site\/#organization","name":"France Lyme","url":"https:\/\/francelyme.fr\/site\/","logo":{"@type":"ImageObject","inLanguage":"fr-FR","@id":"https:\/\/francelyme.fr\/site\/#\/schema\/logo\/image\/","url":"https:\/\/francelyme.fr\/site\/wp-content\/uploads\/2019\/05\/francelyme-site.gif","contentUrl":"https:\/\/francelyme.fr\/site\/wp-content\/uploads\/2019\/05\/francelyme-site.gif","width":180,"height":180,"caption":"France Lyme"},"image":{"@id":"https:\/\/francelyme.fr\/site\/#\/schema\/logo\/image\/"},"sameAs":["https:\/\/www.facebook.com\/france.lyme","https:\/\/x.com\/francelyme","https:\/\/www.youtube.com\/channel\/UClMCGl3dvkz0iAgXFR1NH1A"]},{"@type":"Person","@id":"https:\/\/francelyme.fr\/site\/#\/schema\/person\/b3a32c0e865447c2586961956f5d867e","name":"Editeur","image":{"@type":"ImageObject","inLanguage":"fr-FR","@id":"https:\/\/secure.gravatar.com\/avatar\/ae207cee02bf4e66ec5abb92d4ccacaa0ad5f5d3d16fe7fcb393eda94bfbf2d2?s=96&d=mm&r=g","url":"https:\/\/secure.gravatar.com\/avatar\/ae207cee02bf4e66ec5abb92d4ccacaa0ad5f5d3d16fe7fcb393eda94bfbf2d2?s=96&d=mm&r=g","contentUrl":"https:\/\/secure.gravatar.com\/avatar\/ae207cee02bf4e66ec5abb92d4ccacaa0ad5f5d3d16fe7fcb393eda94bfbf2d2?s=96&d=mm&r=g","caption":"Editeur"},"url":"https:\/\/francelyme.fr\/site\/author\/editeuradm\/"}]}},"_links":{"self":[{"href":"https:\/\/francelyme.fr\/site\/wp-json\/wp\/v2\/posts\/15632","targetHints":{"allow":["GET"]}}],"collection":[{"href":"https:\/\/francelyme.fr\/site\/wp-json\/wp\/v2\/posts"}],"about":[{"href":"https:\/\/francelyme.fr\/site\/wp-json\/wp\/v2\/types\/post"}],"author":[{"embeddable":true,"href":"https:\/\/francelyme.fr\/site\/wp-json\/wp\/v2\/users\/16"}],"replies":[{"embeddable":true,"href":"https:\/\/francelyme.fr\/site\/wp-json\/wp\/v2\/comments?post=15632"}],"version-history":[{"count":1,"href":"https:\/\/francelyme.fr\/site\/wp-json\/wp\/v2\/posts\/15632\/revisions"}],"predecessor-version":[{"id":15634,"href":"https:\/\/francelyme.fr\/site\/wp-json\/wp\/v2\/posts\/15632\/revisions\/15634"}],"wp:featuredmedia":[{"embeddable":true,"href":"https:\/\/francelyme.fr\/site\/wp-json\/wp\/v2\/media\/15633"}],"wp:attachment":[{"href":"https:\/\/francelyme.fr\/site\/wp-json\/wp\/v2\/media?parent=15632"}],"wp:term":[{"taxonomy":"category","embeddable":true,"href":"https:\/\/francelyme.fr\/site\/wp-json\/wp\/v2\/categories?post=15632"},{"taxonomy":"post_tag","embeddable":true,"href":"https:\/\/francelyme.fr\/site\/wp-json\/wp\/v2\/tags?post=15632"}],"curies":[{"name":"wp","href":"https:\/\/api.w.org\/{rel}","templated":true}]}}