{"id":15863,"date":"2024-02-13T11:48:00","date_gmt":"2024-02-13T10:48:00","guid":{"rendered":"https:\/\/francelyme.fr\/site\/?p=15863"},"modified":"2024-02-17T11:52:24","modified_gmt":"2024-02-17T10:52:24","slug":"lyme-et-le-deni-de-certitude-combattre-les-microbes-par-lenquete","status":"publish","type":"post","link":"https:\/\/francelyme.fr\/site\/lyme-et-le-deni-de-certitude-combattre-les-microbes-par-lenquete\/","title":{"rendered":"Lyme et le d\u00e9ni de certitude, Combattre les microbes par l\u2019enqu\u00eate"},"content":{"rendered":"<div class=\"like-button\" style=\"float: right; clear: both; text-align: right; width = 100%;\">\n<!-- Facebook Like Button Vivacity Infotech BEGIN -->\n<div class=\"fb-like\" data-href=\"https:\/\/francelyme.fr\/site\/lyme-et-le-deni-de-certitude-combattre-les-microbes-par-lenquete\/\" data-layout=\"box_count\" data-action=\"like\" data-show-faces=\"false\" data-size=\"large\" data-width=\"450\" data-share=\"1\" ><\/div><\/div>\n<!-- Facebook Like Button Vivacity Infotech END -->\n<div id=\"fb-root\"><\/div>\n\n<p>Zoonose la plus importante en Europe, mais aussi premi\u00e8re \u00e9pid\u00e9mie de l\u2019Anthropoc\u00e8ne, la maladie de Lyme aux sympt\u00f4mes persistants \u2013 ou Lyme long, ne fait encore l\u2019objet d\u2019aucune reconnaissance m\u00e9dicale en France. Les outils diagnostiques, les th\u00e9rapeutiques, les recherches, font d\u00e9faut. Observer les espaces sociaux en ligne o\u00f9 les malades, aux sympt\u00f4mes aussi bien l\u00e9gers que gravissimes, partagent leurs prises, questions et bouts d\u2019enqu\u00eates, renseigne sur les effets collat\u00e9raux du commun n\u00e9gatif que constitue, au-del\u00e0 de la pand\u00e9mie elle-m\u00eame, le d\u00e9ni de certitude qui l\u2019affecte. Si le co\u00fbt financier, pour la collectivit\u00e9, de cette errance m\u00e9dicale et de ses cons\u00e9quences en termes d\u2019arr\u00eats de travail, d\u2019invalidit\u00e9 et autres, est estim\u00e9 \u00e0 plus de 12 milliards d\u2019euros par an, on documente ici ce que signifie, en termes d\u2019empowerment forc\u00e9, l\u2019enqu\u00eate ind\u00e9finie n\u00e9cessaire pour survivre ou aller mieux, et son style plus guerrier que diplomatique de rapport aux pathog\u00e8nes microbiens.<\/p>\n\n\n\n<p><a href=\"https:\/\/www.cairn.info\/revue-multitudes-2023-4-page-116.htm&amp;wt.src=pdf\">https:\/\/www.cairn.info\/revue-multitudes-2023-4-page-116.htm&amp;wt.src=pdf<\/a><\/p>\n\n\n\n<figure class=\"wp-block-image size-large\"><img loading=\"lazy\" decoding=\"async\" width=\"845\" height=\"1024\" src=\"http:\/\/francelyme.fr\/site\/wp-content\/uploads\/2024\/02\/Multitudes-20234-Bidet-Lyme-et-le-deni-de-certitude-MULT_093_0116-Lyme-page-002-845x1024.jpg\" alt=\"\" class=\"wp-image-15864\" srcset=\"https:\/\/francelyme.fr\/site\/wp-content\/uploads\/2024\/02\/Multitudes-20234-Bidet-Lyme-et-le-deni-de-certitude-MULT_093_0116-Lyme-page-002-845x1024.jpg 845w, https:\/\/francelyme.fr\/site\/wp-content\/uploads\/2024\/02\/Multitudes-20234-Bidet-Lyme-et-le-deni-de-certitude-MULT_093_0116-Lyme-page-002-247x300.jpg 247w, https:\/\/francelyme.fr\/site\/wp-content\/uploads\/2024\/02\/Multitudes-20234-Bidet-Lyme-et-le-deni-de-certitude-MULT_093_0116-Lyme-page-002-768x931.jpg 768w, https:\/\/francelyme.fr\/site\/wp-content\/uploads\/2024\/02\/Multitudes-20234-Bidet-Lyme-et-le-deni-de-certitude-MULT_093_0116-Lyme-page-002.jpg 974w\" sizes=\"auto, (max-width: 845px) 100vw, 845px\" \/><\/figure>\n\n\n\n<figure class=\"wp-block-gallery columns-3 is-cropped wp-block-gallery-1 is-layout-flex wp-block-gallery-is-layout-flex\"><ul class=\"blocks-gallery-grid\"><li class=\"blocks-gallery-item\"><figure><img loading=\"lazy\" decoding=\"async\" width=\"845\" height=\"1024\" src=\"http:\/\/francelyme.fr\/site\/wp-content\/uploads\/2024\/02\/Multitudes-20234-Bidet-Lyme-et-le-deni-de-certitude-MULT_093_0116-Lyme-page-003-845x1024.jpg\" alt=\"\" data-id=\"15865\" data-full-url=\"http:\/\/francelyme.fr\/site\/wp-content\/uploads\/2024\/02\/Multitudes-20234-Bidet-Lyme-et-le-deni-de-certitude-MULT_093_0116-Lyme-page-003.jpg\" data-link=\"https:\/\/francelyme.fr\/site\/?attachment_id=15865\" class=\"wp-image-15865\" srcset=\"https:\/\/francelyme.fr\/site\/wp-content\/uploads\/2024\/02\/Multitudes-20234-Bidet-Lyme-et-le-deni-de-certitude-MULT_093_0116-Lyme-page-003-845x1024.jpg 845w, https:\/\/francelyme.fr\/site\/wp-content\/uploads\/2024\/02\/Multitudes-20234-Bidet-Lyme-et-le-deni-de-certitude-MULT_093_0116-Lyme-page-003-247x300.jpg 247w, https:\/\/francelyme.fr\/site\/wp-content\/uploads\/2024\/02\/Multitudes-20234-Bidet-Lyme-et-le-deni-de-certitude-MULT_093_0116-Lyme-page-003-768x931.jpg 768w, https:\/\/francelyme.fr\/site\/wp-content\/uploads\/2024\/02\/Multitudes-20234-Bidet-Lyme-et-le-deni-de-certitude-MULT_093_0116-Lyme-page-003.jpg 974w\" sizes=\"auto, (max-width: 845px) 100vw, 845px\" \/><figcaption class=\"blocks-gallery-item__caption\">2<\/figcaption><\/figure><\/li><li class=\"blocks-gallery-item\"><figure><img loading=\"lazy\" decoding=\"async\" width=\"845\" height=\"1024\" src=\"http:\/\/francelyme.fr\/site\/wp-content\/uploads\/2024\/02\/Multitudes-20234-Bidet-Lyme-et-le-deni-de-certitude-MULT_093_0116-Lyme-page-004-845x1024.jpg\" alt=\"\" data-id=\"15866\" data-full-url=\"http:\/\/francelyme.fr\/site\/wp-content\/uploads\/2024\/02\/Multitudes-20234-Bidet-Lyme-et-le-deni-de-certitude-MULT_093_0116-Lyme-page-004.jpg\" data-link=\"https:\/\/francelyme.fr\/site\/?attachment_id=15866\" class=\"wp-image-15866\" srcset=\"https:\/\/francelyme.fr\/site\/wp-content\/uploads\/2024\/02\/Multitudes-20234-Bidet-Lyme-et-le-deni-de-certitude-MULT_093_0116-Lyme-page-004-845x1024.jpg 845w, https:\/\/francelyme.fr\/site\/wp-content\/uploads\/2024\/02\/Multitudes-20234-Bidet-Lyme-et-le-deni-de-certitude-MULT_093_0116-Lyme-page-004-247x300.jpg 247w, https:\/\/francelyme.fr\/site\/wp-content\/uploads\/2024\/02\/Multitudes-20234-Bidet-Lyme-et-le-deni-de-certitude-MULT_093_0116-Lyme-page-004-768x931.jpg 768w, https:\/\/francelyme.fr\/site\/wp-content\/uploads\/2024\/02\/Multitudes-20234-Bidet-Lyme-et-le-deni-de-certitude-MULT_093_0116-Lyme-page-004.jpg 974w\" sizes=\"auto, (max-width: 845px) 100vw, 845px\" \/><figcaption class=\"blocks-gallery-item__caption\">3<\/figcaption><\/figure><\/li><li class=\"blocks-gallery-item\"><figure><img loading=\"lazy\" decoding=\"async\" width=\"845\" height=\"1024\" src=\"http:\/\/francelyme.fr\/site\/wp-content\/uploads\/2024\/02\/Multitudes-20234-Bidet-Lyme-et-le-deni-de-certitude-MULT_093_0116-Lyme-page-005-845x1024.jpg\" alt=\"\" data-id=\"15867\" data-full-url=\"http:\/\/francelyme.fr\/site\/wp-content\/uploads\/2024\/02\/Multitudes-20234-Bidet-Lyme-et-le-deni-de-certitude-MULT_093_0116-Lyme-page-005.jpg\" data-link=\"https:\/\/francelyme.fr\/site\/?attachment_id=15867\" class=\"wp-image-15867\" srcset=\"https:\/\/francelyme.fr\/site\/wp-content\/uploads\/2024\/02\/Multitudes-20234-Bidet-Lyme-et-le-deni-de-certitude-MULT_093_0116-Lyme-page-005-845x1024.jpg 845w, https:\/\/francelyme.fr\/site\/wp-content\/uploads\/2024\/02\/Multitudes-20234-Bidet-Lyme-et-le-deni-de-certitude-MULT_093_0116-Lyme-page-005-247x300.jpg 247w, https:\/\/francelyme.fr\/site\/wp-content\/uploads\/2024\/02\/Multitudes-20234-Bidet-Lyme-et-le-deni-de-certitude-MULT_093_0116-Lyme-page-005-768x931.jpg 768w, https:\/\/francelyme.fr\/site\/wp-content\/uploads\/2024\/02\/Multitudes-20234-Bidet-Lyme-et-le-deni-de-certitude-MULT_093_0116-Lyme-page-005.jpg 974w\" sizes=\"auto, (max-width: 845px) 100vw, 845px\" \/><figcaption class=\"blocks-gallery-item__caption\">4<\/figcaption><\/figure><\/li><li class=\"blocks-gallery-item\"><figure><img loading=\"lazy\" decoding=\"async\" width=\"845\" height=\"1024\" src=\"http:\/\/francelyme.fr\/site\/wp-content\/uploads\/2024\/02\/Multitudes-20234-Bidet-Lyme-et-le-deni-de-certitude-MULT_093_0116-Lyme-page-006-845x1024.jpg\" alt=\"\" data-id=\"15868\" data-full-url=\"http:\/\/francelyme.fr\/site\/wp-content\/uploads\/2024\/02\/Multitudes-20234-Bidet-Lyme-et-le-deni-de-certitude-MULT_093_0116-Lyme-page-006.jpg\" data-link=\"https:\/\/francelyme.fr\/site\/?attachment_id=15868\" class=\"wp-image-15868\" srcset=\"https:\/\/francelyme.fr\/site\/wp-content\/uploads\/2024\/02\/Multitudes-20234-Bidet-Lyme-et-le-deni-de-certitude-MULT_093_0116-Lyme-page-006-845x1024.jpg 845w, https:\/\/francelyme.fr\/site\/wp-content\/uploads\/2024\/02\/Multitudes-20234-Bidet-Lyme-et-le-deni-de-certitude-MULT_093_0116-Lyme-page-006-247x300.jpg 247w, https:\/\/francelyme.fr\/site\/wp-content\/uploads\/2024\/02\/Multitudes-20234-Bidet-Lyme-et-le-deni-de-certitude-MULT_093_0116-Lyme-page-006-768x931.jpg 768w, https:\/\/francelyme.fr\/site\/wp-content\/uploads\/2024\/02\/Multitudes-20234-Bidet-Lyme-et-le-deni-de-certitude-MULT_093_0116-Lyme-page-006.jpg 974w\" sizes=\"auto, (max-width: 845px) 100vw, 845px\" \/><figcaption class=\"blocks-gallery-item__caption\">5<\/figcaption><\/figure><\/li><\/ul><\/figure>\n<div class=\"like-button\" style=\"float: right; clear: both; text-align: right; width = 100%;\">\n<!-- Facebook Like Button Vivacity Infotech BEGIN -->\n<div class=\"fb-like\" data-href=\"https:\/\/francelyme.fr\/site\/lyme-et-le-deni-de-certitude-combattre-les-microbes-par-lenquete\/\" data-layout=\"box_count\" data-action=\"like\" data-show-faces=\"false\" data-size=\"large\" data-width=\"450\" data-share=\"1\" ><\/div><\/div>\n<!-- Facebook Like Button Vivacity Infotech END -->\n","protected":false},"excerpt":{"rendered":"","protected":false},"author":17,"featured_media":15870,"comment_status":"closed","ping_status":"open","sticky":false,"template":"","format":"standard","meta":{"footnotes":""},"categories":[104],"tags":[],"class_list":["post-15863","post","type-post","status-publish","format-standard","has-post-thumbnail","hentry","category-recherche"],"yoast_head":"<!-- This site is optimized with the Yoast SEO plugin v27.3 - https:\/\/yoast.com\/product\/yoast-seo-wordpress\/ -->\n<title>Lyme et le d\u00e9ni de certitude, Combattre les microbes par l\u2019enqu\u00eate - Association France Lyme<\/title>\n<meta name=\"robots\" content=\"index, follow, max-snippet:-1, max-image-preview:large, max-video-preview:-1\" \/>\n<link rel=\"canonical\" href=\"https:\/\/francelyme.fr\/site\/lyme-et-le-deni-de-certitude-combattre-les-microbes-par-lenquete\/\" \/>\n<meta property=\"og:locale\" content=\"fr_FR\" \/>\n<meta property=\"og:type\" content=\"article\" \/>\n<meta property=\"og:title\" content=\"Lyme et le d\u00e9ni de certitude, Combattre les microbes par l\u2019enqu\u00eate - Association France Lyme\" \/>\n<meta property=\"og:url\" content=\"https:\/\/francelyme.fr\/site\/lyme-et-le-deni-de-certitude-combattre-les-microbes-par-lenquete\/\" \/>\n<meta property=\"og:site_name\" content=\"Association France Lyme\" \/>\n<meta property=\"article:publisher\" content=\"https:\/\/www.facebook.com\/france.lyme\" \/>\n<meta property=\"article:published_time\" content=\"2024-02-13T10:48:00+00:00\" \/>\n<meta property=\"article:modified_time\" content=\"2024-02-17T10:52:24+00:00\" \/>\n<meta property=\"og:image\" content=\"https:\/\/francelyme.fr\/site\/wp-content\/uploads\/2024\/02\/image-article-Multitudes-20234-Bidet-Lyme-et-le-deni-de-certitude.jpg\" \/>\n\t<meta property=\"og:image:width\" content=\"1024\" \/>\n\t<meta property=\"og:image:height\" content=\"1024\" \/>\n\t<meta property=\"og:image:type\" content=\"image\/jpeg\" \/>\n<meta name=\"author\" content=\"adminntlyme\" \/>\n<meta name=\"twitter:card\" content=\"summary_large_image\" \/>\n<meta name=\"twitter:creator\" content=\"@francelyme\" \/>\n<meta name=\"twitter:site\" content=\"@francelyme\" \/>\n<meta name=\"twitter:label1\" content=\"\u00c9crit par\" \/>\n\t<meta name=\"twitter:data1\" content=\"adminntlyme\" \/>\n\t<meta name=\"twitter:label2\" content=\"Dur\u00e9e de lecture estim\u00e9e\" \/>\n\t<meta name=\"twitter:data2\" content=\"1 minute\" \/>\n<script type=\"application\/ld+json\" class=\"yoast-schema-graph\">{\"@context\":\"https:\\\/\\\/schema.org\",\"@graph\":[{\"@type\":\"Article\",\"@id\":\"https:\\\/\\\/francelyme.fr\\\/site\\\/lyme-et-le-deni-de-certitude-combattre-les-microbes-par-lenquete\\\/#article\",\"isPartOf\":{\"@id\":\"https:\\\/\\\/francelyme.fr\\\/site\\\/lyme-et-le-deni-de-certitude-combattre-les-microbes-par-lenquete\\\/\"},\"author\":{\"name\":\"adminntlyme\",\"@id\":\"https:\\\/\\\/francelyme.fr\\\/site\\\/#\\\/schema\\\/person\\\/f7bd0eb75be49e4795c4ea0b3767e039\"},\"headline\":\"Lyme et le d\u00e9ni de certitude, Combattre les microbes par l\u2019enqu\u00eate\",\"datePublished\":\"2024-02-13T10:48:00+00:00\",\"dateModified\":\"2024-02-17T10:52:24+00:00\",\"mainEntityOfPage\":{\"@id\":\"https:\\\/\\\/francelyme.fr\\\/site\\\/lyme-et-le-deni-de-certitude-combattre-les-microbes-par-lenquete\\\/\"},\"wordCount\":204,\"publisher\":{\"@id\":\"https:\\\/\\\/francelyme.fr\\\/site\\\/#organization\"},\"image\":{\"@id\":\"https:\\\/\\\/francelyme.fr\\\/site\\\/lyme-et-le-deni-de-certitude-combattre-les-microbes-par-lenquete\\\/#primaryimage\"},\"thumbnailUrl\":\"https:\\\/\\\/francelyme.fr\\\/site\\\/wp-content\\\/uploads\\\/2024\\\/02\\\/image-article-Multitudes-20234-Bidet-Lyme-et-le-deni-de-certitude.jpg\",\"articleSection\":[\"Recherche\"],\"inLanguage\":\"fr-FR\"},{\"@type\":\"WebPage\",\"@id\":\"https:\\\/\\\/francelyme.fr\\\/site\\\/lyme-et-le-deni-de-certitude-combattre-les-microbes-par-lenquete\\\/\",\"url\":\"https:\\\/\\\/francelyme.fr\\\/site\\\/lyme-et-le-deni-de-certitude-combattre-les-microbes-par-lenquete\\\/\",\"name\":\"Lyme et le d\u00e9ni de certitude, Combattre les microbes par l\u2019enqu\u00eate - Association France Lyme\",\"isPartOf\":{\"@id\":\"https:\\\/\\\/francelyme.fr\\\/site\\\/#website\"},\"primaryImageOfPage\":{\"@id\":\"https:\\\/\\\/francelyme.fr\\\/site\\\/lyme-et-le-deni-de-certitude-combattre-les-microbes-par-lenquete\\\/#primaryimage\"},\"image\":{\"@id\":\"https:\\\/\\\/francelyme.fr\\\/site\\\/lyme-et-le-deni-de-certitude-combattre-les-microbes-par-lenquete\\\/#primaryimage\"},\"thumbnailUrl\":\"https:\\\/\\\/francelyme.fr\\\/site\\\/wp-content\\\/uploads\\\/2024\\\/02\\\/image-article-Multitudes-20234-Bidet-Lyme-et-le-deni-de-certitude.jpg\",\"datePublished\":\"2024-02-13T10:48:00+00:00\",\"dateModified\":\"2024-02-17T10:52:24+00:00\",\"breadcrumb\":{\"@id\":\"https:\\\/\\\/francelyme.fr\\\/site\\\/lyme-et-le-deni-de-certitude-combattre-les-microbes-par-lenquete\\\/#breadcrumb\"},\"inLanguage\":\"fr-FR\",\"potentialAction\":[{\"@type\":\"ReadAction\",\"target\":[\"https:\\\/\\\/francelyme.fr\\\/site\\\/lyme-et-le-deni-de-certitude-combattre-les-microbes-par-lenquete\\\/\"]}]},{\"@type\":\"ImageObject\",\"inLanguage\":\"fr-FR\",\"@id\":\"https:\\\/\\\/francelyme.fr\\\/site\\\/lyme-et-le-deni-de-certitude-combattre-les-microbes-par-lenquete\\\/#primaryimage\",\"url\":\"https:\\\/\\\/francelyme.fr\\\/site\\\/wp-content\\\/uploads\\\/2024\\\/02\\\/image-article-Multitudes-20234-Bidet-Lyme-et-le-deni-de-certitude.jpg\",\"contentUrl\":\"https:\\\/\\\/francelyme.fr\\\/site\\\/wp-content\\\/uploads\\\/2024\\\/02\\\/image-article-Multitudes-20234-Bidet-Lyme-et-le-deni-de-certitude.jpg\",\"width\":1024,\"height\":1024},{\"@type\":\"BreadcrumbList\",\"@id\":\"https:\\\/\\\/francelyme.fr\\\/site\\\/lyme-et-le-deni-de-certitude-combattre-les-microbes-par-lenquete\\\/#breadcrumb\",\"itemListElement\":[{\"@type\":\"ListItem\",\"position\":1,\"name\":\"Accueil\",\"item\":\"https:\\\/\\\/francelyme.fr\\\/site\\\/\"},{\"@type\":\"ListItem\",\"position\":2,\"name\":\"Lyme et le d\u00e9ni de certitude, Combattre les microbes par l\u2019enqu\u00eate\"}]},{\"@type\":\"WebSite\",\"@id\":\"https:\\\/\\\/francelyme.fr\\\/site\\\/#website\",\"url\":\"https:\\\/\\\/francelyme.fr\\\/site\\\/\",\"name\":\"Association France Lyme\",\"description\":\"Association de lutte contre les maladies vectorielles \u00e0 tiques\",\"publisher\":{\"@id\":\"https:\\\/\\\/francelyme.fr\\\/site\\\/#organization\"},\"potentialAction\":[{\"@type\":\"SearchAction\",\"target\":{\"@type\":\"EntryPoint\",\"urlTemplate\":\"https:\\\/\\\/francelyme.fr\\\/site\\\/?s={search_term_string}\"},\"query-input\":{\"@type\":\"PropertyValueSpecification\",\"valueRequired\":true,\"valueName\":\"search_term_string\"}}],\"inLanguage\":\"fr-FR\"},{\"@type\":\"Organization\",\"@id\":\"https:\\\/\\\/francelyme.fr\\\/site\\\/#organization\",\"name\":\"France Lyme\",\"url\":\"https:\\\/\\\/francelyme.fr\\\/site\\\/\",\"logo\":{\"@type\":\"ImageObject\",\"inLanguage\":\"fr-FR\",\"@id\":\"https:\\\/\\\/francelyme.fr\\\/site\\\/#\\\/schema\\\/logo\\\/image\\\/\",\"url\":\"https:\\\/\\\/francelyme.fr\\\/site\\\/wp-content\\\/uploads\\\/2019\\\/05\\\/francelyme-site.gif\",\"contentUrl\":\"https:\\\/\\\/francelyme.fr\\\/site\\\/wp-content\\\/uploads\\\/2019\\\/05\\\/francelyme-site.gif\",\"width\":180,\"height\":180,\"caption\":\"France Lyme\"},\"image\":{\"@id\":\"https:\\\/\\\/francelyme.fr\\\/site\\\/#\\\/schema\\\/logo\\\/image\\\/\"},\"sameAs\":[\"https:\\\/\\\/www.facebook.com\\\/france.lyme\",\"https:\\\/\\\/x.com\\\/francelyme\",\"https:\\\/\\\/www.youtube.com\\\/channel\\\/UClMCGl3dvkz0iAgXFR1NH1A\"]},{\"@type\":\"Person\",\"@id\":\"https:\\\/\\\/francelyme.fr\\\/site\\\/#\\\/schema\\\/person\\\/f7bd0eb75be49e4795c4ea0b3767e039\",\"name\":\"adminntlyme\",\"image\":{\"@type\":\"ImageObject\",\"inLanguage\":\"fr-FR\",\"@id\":\"https:\\\/\\\/secure.gravatar.com\\\/avatar\\\/e9ab07a36659baa27b55dfef2a5432041c212015f8eb8a8d25b934c17a03cb54?s=96&d=mm&r=g\",\"url\":\"https:\\\/\\\/secure.gravatar.com\\\/avatar\\\/e9ab07a36659baa27b55dfef2a5432041c212015f8eb8a8d25b934c17a03cb54?s=96&d=mm&r=g\",\"contentUrl\":\"https:\\\/\\\/secure.gravatar.com\\\/avatar\\\/e9ab07a36659baa27b55dfef2a5432041c212015f8eb8a8d25b934c17a03cb54?s=96&d=mm&r=g\",\"caption\":\"adminntlyme\"},\"url\":\"https:\\\/\\\/francelyme.fr\\\/site\\\/author\\\/adminntlyme\\\/\"}]}<\/script>\n<!-- \/ Yoast SEO plugin. -->","yoast_head_json":{"title":"Lyme et le d\u00e9ni de certitude, Combattre les microbes par l\u2019enqu\u00eate - Association France Lyme","robots":{"index":"index","follow":"follow","max-snippet":"max-snippet:-1","max-image-preview":"max-image-preview:large","max-video-preview":"max-video-preview:-1"},"canonical":"https:\/\/francelyme.fr\/site\/lyme-et-le-deni-de-certitude-combattre-les-microbes-par-lenquete\/","og_locale":"fr_FR","og_type":"article","og_title":"Lyme et le d\u00e9ni de certitude, Combattre les microbes par l\u2019enqu\u00eate - Association France Lyme","og_url":"https:\/\/francelyme.fr\/site\/lyme-et-le-deni-de-certitude-combattre-les-microbes-par-lenquete\/","og_site_name":"Association France Lyme","article_publisher":"https:\/\/www.facebook.com\/france.lyme","article_published_time":"2024-02-13T10:48:00+00:00","article_modified_time":"2024-02-17T10:52:24+00:00","og_image":[{"width":1024,"height":1024,"url":"https:\/\/francelyme.fr\/site\/wp-content\/uploads\/2024\/02\/image-article-Multitudes-20234-Bidet-Lyme-et-le-deni-de-certitude.jpg","type":"image\/jpeg"}],"author":"adminntlyme","twitter_card":"summary_large_image","twitter_creator":"@francelyme","twitter_site":"@francelyme","twitter_misc":{"\u00c9crit par":"adminntlyme","Dur\u00e9e de lecture estim\u00e9e":"1 minute"},"schema":{"@context":"https:\/\/schema.org","@graph":[{"@type":"Article","@id":"https:\/\/francelyme.fr\/site\/lyme-et-le-deni-de-certitude-combattre-les-microbes-par-lenquete\/#article","isPartOf":{"@id":"https:\/\/francelyme.fr\/site\/lyme-et-le-deni-de-certitude-combattre-les-microbes-par-lenquete\/"},"author":{"name":"adminntlyme","@id":"https:\/\/francelyme.fr\/site\/#\/schema\/person\/f7bd0eb75be49e4795c4ea0b3767e039"},"headline":"Lyme et le d\u00e9ni de certitude, Combattre les microbes par l\u2019enqu\u00eate","datePublished":"2024-02-13T10:48:00+00:00","dateModified":"2024-02-17T10:52:24+00:00","mainEntityOfPage":{"@id":"https:\/\/francelyme.fr\/site\/lyme-et-le-deni-de-certitude-combattre-les-microbes-par-lenquete\/"},"wordCount":204,"publisher":{"@id":"https:\/\/francelyme.fr\/site\/#organization"},"image":{"@id":"https:\/\/francelyme.fr\/site\/lyme-et-le-deni-de-certitude-combattre-les-microbes-par-lenquete\/#primaryimage"},"thumbnailUrl":"https:\/\/francelyme.fr\/site\/wp-content\/uploads\/2024\/02\/image-article-Multitudes-20234-Bidet-Lyme-et-le-deni-de-certitude.jpg","articleSection":["Recherche"],"inLanguage":"fr-FR"},{"@type":"WebPage","@id":"https:\/\/francelyme.fr\/site\/lyme-et-le-deni-de-certitude-combattre-les-microbes-par-lenquete\/","url":"https:\/\/francelyme.fr\/site\/lyme-et-le-deni-de-certitude-combattre-les-microbes-par-lenquete\/","name":"Lyme et le d\u00e9ni de certitude, Combattre les microbes par l\u2019enqu\u00eate - Association France Lyme","isPartOf":{"@id":"https:\/\/francelyme.fr\/site\/#website"},"primaryImageOfPage":{"@id":"https:\/\/francelyme.fr\/site\/lyme-et-le-deni-de-certitude-combattre-les-microbes-par-lenquete\/#primaryimage"},"image":{"@id":"https:\/\/francelyme.fr\/site\/lyme-et-le-deni-de-certitude-combattre-les-microbes-par-lenquete\/#primaryimage"},"thumbnailUrl":"https:\/\/francelyme.fr\/site\/wp-content\/uploads\/2024\/02\/image-article-Multitudes-20234-Bidet-Lyme-et-le-deni-de-certitude.jpg","datePublished":"2024-02-13T10:48:00+00:00","dateModified":"2024-02-17T10:52:24+00:00","breadcrumb":{"@id":"https:\/\/francelyme.fr\/site\/lyme-et-le-deni-de-certitude-combattre-les-microbes-par-lenquete\/#breadcrumb"},"inLanguage":"fr-FR","potentialAction":[{"@type":"ReadAction","target":["https:\/\/francelyme.fr\/site\/lyme-et-le-deni-de-certitude-combattre-les-microbes-par-lenquete\/"]}]},{"@type":"ImageObject","inLanguage":"fr-FR","@id":"https:\/\/francelyme.fr\/site\/lyme-et-le-deni-de-certitude-combattre-les-microbes-par-lenquete\/#primaryimage","url":"https:\/\/francelyme.fr\/site\/wp-content\/uploads\/2024\/02\/image-article-Multitudes-20234-Bidet-Lyme-et-le-deni-de-certitude.jpg","contentUrl":"https:\/\/francelyme.fr\/site\/wp-content\/uploads\/2024\/02\/image-article-Multitudes-20234-Bidet-Lyme-et-le-deni-de-certitude.jpg","width":1024,"height":1024},{"@type":"BreadcrumbList","@id":"https:\/\/francelyme.fr\/site\/lyme-et-le-deni-de-certitude-combattre-les-microbes-par-lenquete\/#breadcrumb","itemListElement":[{"@type":"ListItem","position":1,"name":"Accueil","item":"https:\/\/francelyme.fr\/site\/"},{"@type":"ListItem","position":2,"name":"Lyme et le d\u00e9ni de certitude, Combattre les microbes par l\u2019enqu\u00eate"}]},{"@type":"WebSite","@id":"https:\/\/francelyme.fr\/site\/#website","url":"https:\/\/francelyme.fr\/site\/","name":"Association France Lyme","description":"Association de lutte contre les maladies vectorielles \u00e0 tiques","publisher":{"@id":"https:\/\/francelyme.fr\/site\/#organization"},"potentialAction":[{"@type":"SearchAction","target":{"@type":"EntryPoint","urlTemplate":"https:\/\/francelyme.fr\/site\/?s={search_term_string}"},"query-input":{"@type":"PropertyValueSpecification","valueRequired":true,"valueName":"search_term_string"}}],"inLanguage":"fr-FR"},{"@type":"Organization","@id":"https:\/\/francelyme.fr\/site\/#organization","name":"France Lyme","url":"https:\/\/francelyme.fr\/site\/","logo":{"@type":"ImageObject","inLanguage":"fr-FR","@id":"https:\/\/francelyme.fr\/site\/#\/schema\/logo\/image\/","url":"https:\/\/francelyme.fr\/site\/wp-content\/uploads\/2019\/05\/francelyme-site.gif","contentUrl":"https:\/\/francelyme.fr\/site\/wp-content\/uploads\/2019\/05\/francelyme-site.gif","width":180,"height":180,"caption":"France Lyme"},"image":{"@id":"https:\/\/francelyme.fr\/site\/#\/schema\/logo\/image\/"},"sameAs":["https:\/\/www.facebook.com\/france.lyme","https:\/\/x.com\/francelyme","https:\/\/www.youtube.com\/channel\/UClMCGl3dvkz0iAgXFR1NH1A"]},{"@type":"Person","@id":"https:\/\/francelyme.fr\/site\/#\/schema\/person\/f7bd0eb75be49e4795c4ea0b3767e039","name":"adminntlyme","image":{"@type":"ImageObject","inLanguage":"fr-FR","@id":"https:\/\/secure.gravatar.com\/avatar\/e9ab07a36659baa27b55dfef2a5432041c212015f8eb8a8d25b934c17a03cb54?s=96&d=mm&r=g","url":"https:\/\/secure.gravatar.com\/avatar\/e9ab07a36659baa27b55dfef2a5432041c212015f8eb8a8d25b934c17a03cb54?s=96&d=mm&r=g","contentUrl":"https:\/\/secure.gravatar.com\/avatar\/e9ab07a36659baa27b55dfef2a5432041c212015f8eb8a8d25b934c17a03cb54?s=96&d=mm&r=g","caption":"adminntlyme"},"url":"https:\/\/francelyme.fr\/site\/author\/adminntlyme\/"}]}},"_links":{"self":[{"href":"https:\/\/francelyme.fr\/site\/wp-json\/wp\/v2\/posts\/15863","targetHints":{"allow":["GET"]}}],"collection":[{"href":"https:\/\/francelyme.fr\/site\/wp-json\/wp\/v2\/posts"}],"about":[{"href":"https:\/\/francelyme.fr\/site\/wp-json\/wp\/v2\/types\/post"}],"author":[{"embeddable":true,"href":"https:\/\/francelyme.fr\/site\/wp-json\/wp\/v2\/users\/17"}],"replies":[{"embeddable":true,"href":"https:\/\/francelyme.fr\/site\/wp-json\/wp\/v2\/comments?post=15863"}],"version-history":[{"count":1,"href":"https:\/\/francelyme.fr\/site\/wp-json\/wp\/v2\/posts\/15863\/revisions"}],"predecessor-version":[{"id":15871,"href":"https:\/\/francelyme.fr\/site\/wp-json\/wp\/v2\/posts\/15863\/revisions\/15871"}],"wp:featuredmedia":[{"embeddable":true,"href":"https:\/\/francelyme.fr\/site\/wp-json\/wp\/v2\/media\/15870"}],"wp:attachment":[{"href":"https:\/\/francelyme.fr\/site\/wp-json\/wp\/v2\/media?parent=15863"}],"wp:term":[{"taxonomy":"category","embeddable":true,"href":"https:\/\/francelyme.fr\/site\/wp-json\/wp\/v2\/categories?post=15863"},{"taxonomy":"post_tag","embeddable":true,"href":"https:\/\/francelyme.fr\/site\/wp-json\/wp\/v2\/tags?post=15863"}],"curies":[{"name":"wp","href":"https:\/\/api.w.org\/{rel}","templated":true}]}}