{"id":15883,"date":"2024-02-29T00:13:29","date_gmt":"2024-02-28T23:13:29","guid":{"rendered":"https:\/\/francelyme.fr\/site\/?p=15883"},"modified":"2024-02-29T00:14:01","modified_gmt":"2024-02-28T23:14:01","slug":"une-etude-des-micro-organismes-presents-chez-des-patients-souffrant-dun-sppt-ou-de-fibromyalgie-par-la-methode-des-qpcr","status":"publish","type":"post","link":"https:\/\/francelyme.fr\/site\/une-etude-des-micro-organismes-presents-chez-des-patients-souffrant-dun-sppt-ou-de-fibromyalgie-par-la-methode-des-qpcr\/","title":{"rendered":"Une \u00e9tude des micro-organismes pr\u00e9sents chez des patients souffrant d\u2019un SPPT ou de fibromyalgie par la m\u00e9thode des qPCR"},"content":{"rendered":"<div class=\"like-button\" style=\"float: right; clear: both; text-align: right; width = 100%;\">\n<!-- Facebook Like Button Vivacity Infotech BEGIN -->\n<div class=\"fb-like\" data-href=\"https:\/\/francelyme.fr\/site\/une-etude-des-micro-organismes-presents-chez-des-patients-souffrant-dun-sppt-ou-de-fibromyalgie-par-la-methode-des-qpcr\/\" data-layout=\"box_count\" data-action=\"like\" data-show-faces=\"false\" data-size=\"large\" data-width=\"450\" data-share=\"1\" ><\/div><\/div>\n<!-- Facebook Like Button Vivacity Infotech END -->\n<div id=\"fb-root\"><\/div>\n\n<p><\/p>\n\n\n\n<p>Alors que la pr\u00e9valence de la maladie de Lyme (borreliose, caus\u00e9e par diff\u00e9rentes sortes de <em>Borrelia <\/em>transmises aux humains par les piq\u00fbres de tiques) est en augmentation dans de nombreux pays, certains m\u00e9decins font l\u2019hypoth\u00e8se que les <em>Borrelia<\/em> ne sont pas le seul facteur expliquant la pr\u00e9sence d\u2019un SPPT (syndrome polymorphe post-traitement apr\u00e8s piq\u00fbre de tique, reconnu par la Haute autorit\u00e9 de Sant\u00e9 fran\u00e7aise et proche de ce que les Am\u00e9ricains et d\u2019autres appellent le PTLDS, <em>post-treatment Lyme disease syndrome<\/em>). Certaines tiques sont en effet poly-infect\u00e9es et donc susceptibles de transmettre aux humains diff\u00e9rents micro-organismes (bact\u00e9ries, virus, parasites). Or les tests actuellement utilis\u00e9s pour identifier la pr\u00e9sence d\u2019une infection de ce type ne d\u00e9tectent, dans le meilleur des cas, que certaines esp\u00e8ces de <em>Borrelia<\/em> et aucun autre micro-organisme. Par ailleurs, la possibilit\u00e9 d\u2019une persistance de certains micro-organismes apr\u00e8s traitement par antibiotiques reste contest\u00e9e.<\/p>\n\n\n\n<p>En 2023, un groupe de m\u00e9decins fran\u00e7ais (Marie Mas, Alexis Lacout, V\u00e9ronique Perronne, Yannick Lequette, Yves Gadiolet, B\u00e9atrice Rambeaud, Paul Trouillas, Michel Franck, Christian Perronne) a proc\u00e9d\u00e9 \u00e0 une recherche permettant de d\u00e9terminer quels micro-organismes \u00e9taient pr\u00e9sents chez des patients pr\u00e9sentant un SPPT. Les 108 patients de l\u2019\u00e9tude, des adultes, pr\u00e9sentaient tous depuis plus de six mois des sympt\u00f4mes tels que douleurs musculaires et dans les tendons, douleurs neurologiques, paresth\u00e9sies, transpiration excessive, bouff\u00e9es de chaleur, fatigue, troubles du sommeil, difficult\u00e9s de concentration, difficult\u00e9 \u00e0 trouver ses mots, irritabilit\u00e9, douleurs dans le bas du dos, gonflement des articulations, vision double, muscles faciaux tombants, paupi\u00e8res tombantes, acouph\u00e8nes, palpitations cardiaques\u2026). Aucune autre cause susceptible d\u2019expliquer ces sympt\u00f4mes n\u2019\u00e9tait connue.<\/p>\n\n\n\n<p>Les micro-organismes dont la pr\u00e9sence a \u00e9t\u00e9 recherch\u00e9e&nbsp;\u00e9taient les suivants : <em>Borrelia burgdorferi sensu lato, Borrelia hermsii, Borrelia garinii, Borrelia afzelii, Borrelia miyamotoi, Bartonella spp., Bartonella quintana, Bartonella henselae, Ehrlichia spp., Anaplasma spp., Rickettsia spp., Coxiella burnetii, Brucella spp., Francisella tularensis, Mycoplasma spp., Chlamydia spp., Babesia spp., Theileria spp.<\/em>, EBV, HHV-6, CMV, VZV, virus de l\u2019enc\u00e9phalite \u00e0 tique (TBEV), virus Bourbon, virus du Nil occidental, virus du Chikungunya, de la Dengue, Zika, Powassan, d\u2019Eyach.<\/p>\n\n\n\n<p>Ces micro-organismes ont \u00e9t\u00e9 recherch\u00e9s dans la salive, l\u2019urine, le sang veineux et le sang capillaire des patients, \u00e0 l\u2019aide d\u2019une qPCR (<em>real time quantitative polymerase chain reaction<\/em>), m\u00e9thode de diagnostic consistant \u00e0 amplifier l\u2019ADN des micro-organismes recherch\u00e9s, \u00e0 jour 1 et jour 3 de l\u2019\u00e9tude.<\/p>\n\n\n\n<p>Dans le m\u00eame temps, <em>Borrelia burgdorferi s.l., Borrelia miyamotoi, Ehrlichia spp, Babesia spp, Borrelia hermsii, Bartonella henselae, Bartonella Quintana <\/em>ont \u00e9t\u00e9 recherch\u00e9s par PCR du sang veineux chez un groupe de 24 \u00e9tudiants en bonne sant\u00e9, ne pr\u00e9sentant aucun de ces sympt\u00f4mes.<\/p>\n\n\n\n<p>R\u00e9sultats&nbsp;de l\u2019\u00e9tude :<\/p>\n\n\n\n<ul class=\"wp-block-list\"><li>Chez les \u00e9tudiants ne pr\u00e9sentant aucun sympt\u00f4me, tous les r\u00e9sultats des PCR se sont av\u00e9r\u00e9s n\u00e9gatifs.<\/li><li>En revanche, \u00e0 jour 1 et jour 3 de l\u2019\u00e9tude, seuls 4,6% des 108 patients souffrant d\u2019un SPPT ne pr\u00e9sentaient aucun de ces micro-organismes. 95,4% \u00e9taient positifs \u00e0 l\u2019un d\u2019entre eux au moins, et 68,5% \u00e9taient positifs \u00e0 l\u2019un d\u2019entre eux au moins apr\u00e8s exclusion des diff\u00e9rentes sortes de <em>Mycoplasma<\/em>, potentiellement commensales (c\u2019est-\u00e0-dire pr\u00e9sentes chez un humain sans lui porter pr\u00e9judice).<\/li><\/ul>\n\n\n\n<p>Les bact\u00e9ries qui ont \u00e9t\u00e9 le plus fr\u00e9quemment retrouv\u00e9es sont les <em>Mycoplasma spp<\/em> (spp signifiant&nbsp;: toutes esp\u00e8ces), suivies par les <em>Rickettsia spp<\/em> et les <em>Theileria spp<\/em>. Pour deux types de bact\u00e9ries, les <em>Borrelia<\/em> et les <em>Bartonella<\/em>, des esp\u00e8ces diff\u00e9rentes ont \u00e9t\u00e9 identifi\u00e9es \u00e0 jour 1 ou jour 3&nbsp;de la qPCR&nbsp;: pour les <em>Borrelia,<\/em> les esp\u00e8ces <em>afzelii<\/em>, <em>miyamotoi,<\/em> <em>hermsii et garinii<\/em>. Pour les <em>Bartonella<\/em>, les esp\u00e8ces <em>quintana, henselae, spp.<\/em><\/p>\n\n\n\n<p>Tous les pr\u00e9l\u00e8vements biologiques (salive, urine, etc.) n\u2019ont pas fourni pas la m\u00eame quantit\u00e9 d\u2019information. Le pr\u00e9l\u00e8vement contenant le plus d\u2019information est la salive (56,3% des micro-organismes identifi\u00e9s). Viennent ensuite l\u2019urine (24,9%), le sang capillaire (14,6%) et en dernier lieu le sang veineux (4,7%).<\/p>\n\n\n\n<p>Les diff\u00e9rentes bact\u00e9ries et parasites ne se retrouvent pas non plus dans la m\u00eame proportion selon la matrice&nbsp;: ainsi, par exemple, les <em>Mycoplasma spp<\/em> se retrouvent-t-elles surtout dans la salive (63,4% des cas), les <em>Borrelia<\/em> ne sont jamais retrouv\u00e9es dans le sang veineux&#8230;<\/p>\n\n\n\n<p><strong>Cette \u00e9tude a donc montr\u00e9 que la tr\u00e8s grande majorit\u00e9 des 108 patients pr\u00e9sentant des sympt\u00f4mes concordant avec un diagnostic de SPPT\/PTLDS<\/strong> <strong>sont porteurs de micro-organismes pathog\u00e8nes d\u00e9tectables par une qPCR.<\/strong> Comme les auteurs de cet article l\u2019avaient d\u00e9j\u00e0 montr\u00e9 dans un pr\u00e9c\u00e9dent article, la pr\u00e9sence de <em>Borrelia <\/em>pourrait \u00eatre moins fr\u00e9quente qu\u2019on ne le pensait, ou plus difficile \u00e0 d\u00e9tecter, m\u00eame en consid\u00e9rant diff\u00e9rents pr\u00e9l\u00e8vements biologiques, la bact\u00e9rie pouvant \u00eatre localis\u00e9e dans des organes tels que le cerveau ou dans les tissus profonds. Dans ce cas, des PCR r\u00e9alis\u00e9es sur des biopsies pourraient \u00eatre plus pertinentes.<\/p>\n\n\n\n<p>Un des r\u00e9sultats remarquables de l\u2019\u00e9tude est qu\u2019il a \u00e9t\u00e9 retrouv\u00e9 un nombre beaucoup plus grand de <em>Theileria <\/em>que de <em>Babesia<\/em>, ce qui confirme aussi les r\u00e9sultats d\u2019une pr\u00e9c\u00e9dente \u00e9tude effectu\u00e9e par ces auteurs. Avant ces deux \u00e9tudes, <strong>les <em>Theileria, <\/em>bien connues en m\u00e9decine v\u00e9t\u00e9rinaire pour infecter les chevaux, n\u2019avaient jamais \u00e9t\u00e9 isol\u00e9es chez un humain<\/strong>. Ces r\u00e9sultats indiquant queles <em>Theileria <\/em>pourraient \u00eatre un important pathog\u00e8ne pour les humainsdevront \u00eatre confort\u00e9s par d\u2019autres \u00e9tudes.Les<strong> <em>Babesia<\/em><\/strong>, connues pour \u00eatre \u00e0 l\u2019origine de chocs infectieux chez des patients ayant subi une ablation de la rate, <strong>pourraient aussi \u00eatre \u00e0 l\u2019origine d\u2019infection chez des patients immunocomp\u00e9tents, sous une forme latente. <\/strong>L\u2019\u00e9tude confirme donc que les<strong> infections \u00e0 piroplasmes sont tr\u00e8s probablement sous-estim\u00e9es.<\/strong><\/p>\n\n\n\n<p>Ainsi qu\u2019une pr\u00e9c\u00e9dente \u00e9tude l\u2019avait d\u00e9j\u00e0 sugg\u00e9r\u00e9, <strong>diverses esp\u00e8ces de <em>Bartonella<\/em><\/strong><em>, <\/em>y compris celles qui n\u2019\u00e9taient connues qu\u2019en m\u00e9decine v\u00e9t\u00e9rinaire, <strong>pourraient jouer un r\u00f4le dans le SPPT\/PTLDS<\/strong>.<\/p>\n\n\n\n<p>Certaines bact\u00e9ries, comme les <em>Mycoplasma spp <\/em>ne sont g\u00e9n\u00e9ralement pas transmises par les tiques et pourraient \u00eatre commensales ou transmises par voie sexuelle. Cependant, <strong>certaines esp\u00e8ces de <em>Mycoplasma <\/em>comme la<em> Mycoplasma fermentans <\/em>pourraient \u00eatre transmises par les tiques et \u00eatre pathog\u00e8nes.<\/strong><\/p>\n\n\n\n<p>De fa\u00e7on surprenante, un cas de virus du Nil occidental a \u00e9t\u00e9 observ\u00e9. Ce virus n\u2019est normalement pas transmis par les tiques mais par les moustiques ou les taons. Il semblerait que ce virus, susceptible de causer un syndrome ressemblant \u00e0 la grippe ou \u00e0 une enc\u00e9phalite aigu\u00eb, tendrait \u00e0 se r\u00e9pandre en France et en Europe.<\/p>\n\n\n\n<p>Il est \u00e9galement surprenant de trouver, chez des patients souffrant de maladies chroniques, des virus tels que le <em>Zika<\/em> ou le <em>Chikungunya<\/em>, connus pour provoquer des maladies aigu\u00ebs. Ceci pose la question de savoir si ces virus peuvent persister dans le corps et causer des sympt\u00f4mes chroniques chez des patients atteints de fibromyalgie ou de SPPT\/PTLDS. D\u2019autres virus retrouv\u00e9s dans cette \u00e9tude, tel que le CMV ou le HHV6, jamais d\u00e9crits chez les tiques, pourraient \u00eatre r\u00e9activ\u00e9s suite \u00e0 une d\u00e9pression du syst\u00e8me immunitaire due \u00e0 une maladie de Lyme, et \u00eatre qualifi\u00e9s d\u2019agents infectieux opportunistes. <strong>Il pourrait donc \u00eatre opportun de changer de paradigme et d\u2019utiliser le terme \u00ab&nbsp;crypto-infections&nbsp;\u00bb plut\u00f4t que celui, plus limit\u00e9, de \u00ab&nbsp;maladie vectorielle \u00e0 tique&nbsp;\u00bb.<\/strong> L\u2019\u00e9tude a montr\u00e9 que 65% des patients \u00e9taient poly-infect\u00e9s, certains pouvant porter jusqu\u2019\u00e0 cinq micro-organismes diff\u00e9rents, ce qui pourrait expliquer la diversit\u00e9 et la s\u00e9v\u00e9rit\u00e9 des sympt\u00f4mes.<\/p>\n\n\n\n<p>\u00c0 ce stade pr\u00e9liminaire de la recherche, diff\u00e9rentes questions restent \u00e0 pr\u00e9ciser (il n\u2019est pas possible, par exemple, de distinguer le portage latent et l\u2019infection active&nbsp;; la pr\u00e9sence de micro-organismes dans la salive n\u2019est pas facile \u00e0 interpr\u00e9ter&#8230;). L\u2019\u00e9tude a cependant montr\u00e9 l\u2019int\u00e9r\u00eat d\u2019un double \u00e9chantillon permettant de r\u00e9aliser une PCR \u00e0 jour 1 puis \u00e0 jour 3, les r\u00e9sultats pouvant diff\u00e9rer.<\/p>\n\n\n\n<p>Alors que certains auteurs ont fait l\u2019hypoth\u00e8se que des causes psychiques pourraient expliquer les sympt\u00f4mes cliniques de SPPT\/PTLDS, les auteurs de cet article soulignent donc que des infections pourraient jouer un r\u00f4le, m\u00eame si les ph\u00e9nom\u00e8nes dysimmunitaires doivent aussi \u00eatre pris en compte. D\u2019autres \u00e9tudes seront n\u00e9cessaires pour s\u2019assurer que les individus en bonne sant\u00e9 ne pr\u00e9sentent pas des taux d\u2019infection similaires. Une \u00e9valuation pr\u00e9cise des traitements antiinfectieux susceptibles d\u2019\u00eatre appropri\u00e9s devrait \u00eatre faite chez les patients pr\u00e9sentant des sympt\u00f4mes de SPPT\/PTLDS, et une qPCR apr\u00e8s traitement envisag\u00e9e.<\/p>\n\n\n\n<p>En raison de l\u2019importance de la controverse, de l\u2019absence \u00ab&nbsp;d\u2019\u00e9talon-or&nbsp;\u00bb, du nombre limit\u00e9 de r\u00e9sultats publi\u00e9s sur l\u2019identification des co-infections, de la faible sensibilit\u00e9 des PCRs faites sur le sang, il est difficile d\u2019\u00e9tablir des comparaisons. D\u2019autres \u00e9tudes seront n\u00e9cessaires. <strong>La difficult\u00e9 \u00e0 d\u00e9tecter ces micro-organismes peut justifier l\u2019emploi de protocoles utilisant des antibiotiques ou un emploi probabiliste de m\u00e9dicaments anti-parasitaires, que les germes aient ou non \u00e9t\u00e9 d\u00e9tect\u00e9s, moyennant un suivi attentif de l\u2019\u00e9tat du patient pendant le traitement. Des th\u00e9rapies antibiotiques prolong\u00e9es pourraient \u00eatre n\u00e9cessaires.<\/strong><\/p>\n\n\n\n<p><a href=\"https:\/\/www.fortunejournals.com\/articles\/multimatrix-real-time-pcr-in-108-patients-with-polymorphic-signs-suggestive-of-fibromyalgia-or-related-to-a-tick-bite.html\">https:\/\/www.fortunejournals.com\/articles\/multimatrix-real-time-pcr-in-108-patients-with-polymorphic-signs-suggestive-of-fibromyalgia-or-related-to-a-tick-bite.html<\/a><\/p>\n\n\n\n<p><strong><em>Source : Marie Mas, Alexis Lacout, V\u00e9ronique Perronne, Yannick Lequette, Yves Gadiolet, B\u00e9atrice Rambeaud, Paul Trouillas, Michel Franck, Christian Perronne. <\/em>Multi-Matrix Real Time PCR in 108 Patients with Polymorphic Signs Suggestive of Fibromyalgia or Related to a Tick Bite<em>. Archives of Microbiology and Immunolog. 7 (2023): 250-270.<\/em><\/strong><\/p>\n<div class=\"like-button\" style=\"float: right; clear: both; text-align: right; width = 100%;\">\n<!-- Facebook Like Button Vivacity Infotech BEGIN -->\n<div class=\"fb-like\" data-href=\"https:\/\/francelyme.fr\/site\/une-etude-des-micro-organismes-presents-chez-des-patients-souffrant-dun-sppt-ou-de-fibromyalgie-par-la-methode-des-qpcr\/\" data-layout=\"box_count\" data-action=\"like\" data-show-faces=\"false\" data-size=\"large\" data-width=\"450\" data-share=\"1\" ><\/div><\/div>\n<!-- Facebook Like Button Vivacity Infotech END -->\n","protected":false},"excerpt":{"rendered":"","protected":false},"author":17,"featured_media":15884,"comment_status":"closed","ping_status":"open","sticky":false,"template":"","format":"standard","meta":{"footnotes":""},"categories":[104],"tags":[],"class_list":["post-15883","post","type-post","status-publish","format-standard","has-post-thumbnail","hentry","category-recherche"],"yoast_head":"<!-- This site is optimized with the Yoast SEO plugin v27.3 - https:\/\/yoast.com\/product\/yoast-seo-wordpress\/ -->\n<title>Une \u00e9tude des micro-organismes pr\u00e9sents chez des patients souffrant d\u2019un SPPT ou de fibromyalgie par la m\u00e9thode des qPCR - Association France Lyme<\/title>\n<meta name=\"robots\" content=\"index, follow, max-snippet:-1, max-image-preview:large, max-video-preview:-1\" \/>\n<link rel=\"canonical\" href=\"https:\/\/francelyme.fr\/site\/une-etude-des-micro-organismes-presents-chez-des-patients-souffrant-dun-sppt-ou-de-fibromyalgie-par-la-methode-des-qpcr\/\" \/>\n<meta property=\"og:locale\" content=\"fr_FR\" \/>\n<meta property=\"og:type\" content=\"article\" \/>\n<meta property=\"og:title\" content=\"Une \u00e9tude des micro-organismes pr\u00e9sents chez des patients souffrant d\u2019un SPPT ou de fibromyalgie par la m\u00e9thode des qPCR - Association France Lyme\" \/>\n<meta property=\"og:url\" content=\"https:\/\/francelyme.fr\/site\/une-etude-des-micro-organismes-presents-chez-des-patients-souffrant-dun-sppt-ou-de-fibromyalgie-par-la-methode-des-qpcr\/\" \/>\n<meta property=\"og:site_name\" content=\"Association France Lyme\" \/>\n<meta property=\"article:publisher\" content=\"https:\/\/www.facebook.com\/france.lyme\" \/>\n<meta property=\"article:published_time\" content=\"2024-02-28T23:13:29+00:00\" \/>\n<meta property=\"article:modified_time\" content=\"2024-02-28T23:14:01+00:00\" \/>\n<meta property=\"og:image\" content=\"https:\/\/francelyme.fr\/site\/wp-content\/uploads\/2024\/02\/Fibromyalgie-syndrome-post-lyme-et-micro-organismes.jpg\" \/>\n\t<meta property=\"og:image:width\" content=\"1024\" \/>\n\t<meta property=\"og:image:height\" content=\"1024\" \/>\n\t<meta property=\"og:image:type\" content=\"image\/jpeg\" \/>\n<meta name=\"author\" content=\"adminntlyme\" \/>\n<meta name=\"twitter:card\" content=\"summary_large_image\" \/>\n<meta name=\"twitter:creator\" content=\"@francelyme\" \/>\n<meta name=\"twitter:site\" content=\"@francelyme\" \/>\n<meta name=\"twitter:label1\" content=\"\u00c9crit par\" \/>\n\t<meta name=\"twitter:data1\" content=\"adminntlyme\" \/>\n\t<meta name=\"twitter:label2\" content=\"Dur\u00e9e de lecture estim\u00e9e\" \/>\n\t<meta name=\"twitter:data2\" content=\"8 minutes\" \/>\n<script type=\"application\/ld+json\" class=\"yoast-schema-graph\">{\"@context\":\"https:\\\/\\\/schema.org\",\"@graph\":[{\"@type\":\"Article\",\"@id\":\"https:\\\/\\\/francelyme.fr\\\/site\\\/une-etude-des-micro-organismes-presents-chez-des-patients-souffrant-dun-sppt-ou-de-fibromyalgie-par-la-methode-des-qpcr\\\/#article\",\"isPartOf\":{\"@id\":\"https:\\\/\\\/francelyme.fr\\\/site\\\/une-etude-des-micro-organismes-presents-chez-des-patients-souffrant-dun-sppt-ou-de-fibromyalgie-par-la-methode-des-qpcr\\\/\"},\"author\":{\"name\":\"adminntlyme\",\"@id\":\"https:\\\/\\\/francelyme.fr\\\/site\\\/#\\\/schema\\\/person\\\/f7bd0eb75be49e4795c4ea0b3767e039\"},\"headline\":\"Une \u00e9tude des micro-organismes pr\u00e9sents chez des patients souffrant d\u2019un SPPT ou de fibromyalgie par la m\u00e9thode des qPCR\",\"datePublished\":\"2024-02-28T23:13:29+00:00\",\"dateModified\":\"2024-02-28T23:14:01+00:00\",\"mainEntityOfPage\":{\"@id\":\"https:\\\/\\\/francelyme.fr\\\/site\\\/une-etude-des-micro-organismes-presents-chez-des-patients-souffrant-dun-sppt-ou-de-fibromyalgie-par-la-methode-des-qpcr\\\/\"},\"wordCount\":1675,\"publisher\":{\"@id\":\"https:\\\/\\\/francelyme.fr\\\/site\\\/#organization\"},\"image\":{\"@id\":\"https:\\\/\\\/francelyme.fr\\\/site\\\/une-etude-des-micro-organismes-presents-chez-des-patients-souffrant-dun-sppt-ou-de-fibromyalgie-par-la-methode-des-qpcr\\\/#primaryimage\"},\"thumbnailUrl\":\"https:\\\/\\\/francelyme.fr\\\/site\\\/wp-content\\\/uploads\\\/2024\\\/02\\\/Fibromyalgie-syndrome-post-lyme-et-micro-organismes.jpg\",\"articleSection\":[\"Recherche\"],\"inLanguage\":\"fr-FR\"},{\"@type\":\"WebPage\",\"@id\":\"https:\\\/\\\/francelyme.fr\\\/site\\\/une-etude-des-micro-organismes-presents-chez-des-patients-souffrant-dun-sppt-ou-de-fibromyalgie-par-la-methode-des-qpcr\\\/\",\"url\":\"https:\\\/\\\/francelyme.fr\\\/site\\\/une-etude-des-micro-organismes-presents-chez-des-patients-souffrant-dun-sppt-ou-de-fibromyalgie-par-la-methode-des-qpcr\\\/\",\"name\":\"Une \u00e9tude des micro-organismes pr\u00e9sents chez des patients souffrant d\u2019un SPPT ou de fibromyalgie par la m\u00e9thode des qPCR - Association France Lyme\",\"isPartOf\":{\"@id\":\"https:\\\/\\\/francelyme.fr\\\/site\\\/#website\"},\"primaryImageOfPage\":{\"@id\":\"https:\\\/\\\/francelyme.fr\\\/site\\\/une-etude-des-micro-organismes-presents-chez-des-patients-souffrant-dun-sppt-ou-de-fibromyalgie-par-la-methode-des-qpcr\\\/#primaryimage\"},\"image\":{\"@id\":\"https:\\\/\\\/francelyme.fr\\\/site\\\/une-etude-des-micro-organismes-presents-chez-des-patients-souffrant-dun-sppt-ou-de-fibromyalgie-par-la-methode-des-qpcr\\\/#primaryimage\"},\"thumbnailUrl\":\"https:\\\/\\\/francelyme.fr\\\/site\\\/wp-content\\\/uploads\\\/2024\\\/02\\\/Fibromyalgie-syndrome-post-lyme-et-micro-organismes.jpg\",\"datePublished\":\"2024-02-28T23:13:29+00:00\",\"dateModified\":\"2024-02-28T23:14:01+00:00\",\"breadcrumb\":{\"@id\":\"https:\\\/\\\/francelyme.fr\\\/site\\\/une-etude-des-micro-organismes-presents-chez-des-patients-souffrant-dun-sppt-ou-de-fibromyalgie-par-la-methode-des-qpcr\\\/#breadcrumb\"},\"inLanguage\":\"fr-FR\",\"potentialAction\":[{\"@type\":\"ReadAction\",\"target\":[\"https:\\\/\\\/francelyme.fr\\\/site\\\/une-etude-des-micro-organismes-presents-chez-des-patients-souffrant-dun-sppt-ou-de-fibromyalgie-par-la-methode-des-qpcr\\\/\"]}]},{\"@type\":\"ImageObject\",\"inLanguage\":\"fr-FR\",\"@id\":\"https:\\\/\\\/francelyme.fr\\\/site\\\/une-etude-des-micro-organismes-presents-chez-des-patients-souffrant-dun-sppt-ou-de-fibromyalgie-par-la-methode-des-qpcr\\\/#primaryimage\",\"url\":\"https:\\\/\\\/francelyme.fr\\\/site\\\/wp-content\\\/uploads\\\/2024\\\/02\\\/Fibromyalgie-syndrome-post-lyme-et-micro-organismes.jpg\",\"contentUrl\":\"https:\\\/\\\/francelyme.fr\\\/site\\\/wp-content\\\/uploads\\\/2024\\\/02\\\/Fibromyalgie-syndrome-post-lyme-et-micro-organismes.jpg\",\"width\":1024,\"height\":1024},{\"@type\":\"BreadcrumbList\",\"@id\":\"https:\\\/\\\/francelyme.fr\\\/site\\\/une-etude-des-micro-organismes-presents-chez-des-patients-souffrant-dun-sppt-ou-de-fibromyalgie-par-la-methode-des-qpcr\\\/#breadcrumb\",\"itemListElement\":[{\"@type\":\"ListItem\",\"position\":1,\"name\":\"Accueil\",\"item\":\"https:\\\/\\\/francelyme.fr\\\/site\\\/\"},{\"@type\":\"ListItem\",\"position\":2,\"name\":\"Une \u00e9tude des micro-organismes pr\u00e9sents chez des patients souffrant d\u2019un SPPT ou de fibromyalgie par la m\u00e9thode des qPCR\"}]},{\"@type\":\"WebSite\",\"@id\":\"https:\\\/\\\/francelyme.fr\\\/site\\\/#website\",\"url\":\"https:\\\/\\\/francelyme.fr\\\/site\\\/\",\"name\":\"Association France Lyme\",\"description\":\"Association de lutte contre les maladies vectorielles \u00e0 tiques\",\"publisher\":{\"@id\":\"https:\\\/\\\/francelyme.fr\\\/site\\\/#organization\"},\"potentialAction\":[{\"@type\":\"SearchAction\",\"target\":{\"@type\":\"EntryPoint\",\"urlTemplate\":\"https:\\\/\\\/francelyme.fr\\\/site\\\/?s={search_term_string}\"},\"query-input\":{\"@type\":\"PropertyValueSpecification\",\"valueRequired\":true,\"valueName\":\"search_term_string\"}}],\"inLanguage\":\"fr-FR\"},{\"@type\":\"Organization\",\"@id\":\"https:\\\/\\\/francelyme.fr\\\/site\\\/#organization\",\"name\":\"France Lyme\",\"url\":\"https:\\\/\\\/francelyme.fr\\\/site\\\/\",\"logo\":{\"@type\":\"ImageObject\",\"inLanguage\":\"fr-FR\",\"@id\":\"https:\\\/\\\/francelyme.fr\\\/site\\\/#\\\/schema\\\/logo\\\/image\\\/\",\"url\":\"https:\\\/\\\/francelyme.fr\\\/site\\\/wp-content\\\/uploads\\\/2019\\\/05\\\/francelyme-site.gif\",\"contentUrl\":\"https:\\\/\\\/francelyme.fr\\\/site\\\/wp-content\\\/uploads\\\/2019\\\/05\\\/francelyme-site.gif\",\"width\":180,\"height\":180,\"caption\":\"France Lyme\"},\"image\":{\"@id\":\"https:\\\/\\\/francelyme.fr\\\/site\\\/#\\\/schema\\\/logo\\\/image\\\/\"},\"sameAs\":[\"https:\\\/\\\/www.facebook.com\\\/france.lyme\",\"https:\\\/\\\/x.com\\\/francelyme\",\"https:\\\/\\\/www.youtube.com\\\/channel\\\/UClMCGl3dvkz0iAgXFR1NH1A\"]},{\"@type\":\"Person\",\"@id\":\"https:\\\/\\\/francelyme.fr\\\/site\\\/#\\\/schema\\\/person\\\/f7bd0eb75be49e4795c4ea0b3767e039\",\"name\":\"adminntlyme\",\"image\":{\"@type\":\"ImageObject\",\"inLanguage\":\"fr-FR\",\"@id\":\"https:\\\/\\\/secure.gravatar.com\\\/avatar\\\/e9ab07a36659baa27b55dfef2a5432041c212015f8eb8a8d25b934c17a03cb54?s=96&d=mm&r=g\",\"url\":\"https:\\\/\\\/secure.gravatar.com\\\/avatar\\\/e9ab07a36659baa27b55dfef2a5432041c212015f8eb8a8d25b934c17a03cb54?s=96&d=mm&r=g\",\"contentUrl\":\"https:\\\/\\\/secure.gravatar.com\\\/avatar\\\/e9ab07a36659baa27b55dfef2a5432041c212015f8eb8a8d25b934c17a03cb54?s=96&d=mm&r=g\",\"caption\":\"adminntlyme\"},\"url\":\"https:\\\/\\\/francelyme.fr\\\/site\\\/author\\\/adminntlyme\\\/\"}]}<\/script>\n<!-- \/ Yoast SEO plugin. -->","yoast_head_json":{"title":"Une \u00e9tude des micro-organismes pr\u00e9sents chez des patients souffrant d\u2019un SPPT ou de fibromyalgie par la m\u00e9thode des qPCR - Association France Lyme","robots":{"index":"index","follow":"follow","max-snippet":"max-snippet:-1","max-image-preview":"max-image-preview:large","max-video-preview":"max-video-preview:-1"},"canonical":"https:\/\/francelyme.fr\/site\/une-etude-des-micro-organismes-presents-chez-des-patients-souffrant-dun-sppt-ou-de-fibromyalgie-par-la-methode-des-qpcr\/","og_locale":"fr_FR","og_type":"article","og_title":"Une \u00e9tude des micro-organismes pr\u00e9sents chez des patients souffrant d\u2019un SPPT ou de fibromyalgie par la m\u00e9thode des qPCR - Association France Lyme","og_url":"https:\/\/francelyme.fr\/site\/une-etude-des-micro-organismes-presents-chez-des-patients-souffrant-dun-sppt-ou-de-fibromyalgie-par-la-methode-des-qpcr\/","og_site_name":"Association France Lyme","article_publisher":"https:\/\/www.facebook.com\/france.lyme","article_published_time":"2024-02-28T23:13:29+00:00","article_modified_time":"2024-02-28T23:14:01+00:00","og_image":[{"width":1024,"height":1024,"url":"https:\/\/francelyme.fr\/site\/wp-content\/uploads\/2024\/02\/Fibromyalgie-syndrome-post-lyme-et-micro-organismes.jpg","type":"image\/jpeg"}],"author":"adminntlyme","twitter_card":"summary_large_image","twitter_creator":"@francelyme","twitter_site":"@francelyme","twitter_misc":{"\u00c9crit par":"adminntlyme","Dur\u00e9e de lecture estim\u00e9e":"8 minutes"},"schema":{"@context":"https:\/\/schema.org","@graph":[{"@type":"Article","@id":"https:\/\/francelyme.fr\/site\/une-etude-des-micro-organismes-presents-chez-des-patients-souffrant-dun-sppt-ou-de-fibromyalgie-par-la-methode-des-qpcr\/#article","isPartOf":{"@id":"https:\/\/francelyme.fr\/site\/une-etude-des-micro-organismes-presents-chez-des-patients-souffrant-dun-sppt-ou-de-fibromyalgie-par-la-methode-des-qpcr\/"},"author":{"name":"adminntlyme","@id":"https:\/\/francelyme.fr\/site\/#\/schema\/person\/f7bd0eb75be49e4795c4ea0b3767e039"},"headline":"Une \u00e9tude des micro-organismes pr\u00e9sents chez des patients souffrant d\u2019un SPPT ou de fibromyalgie par la m\u00e9thode des qPCR","datePublished":"2024-02-28T23:13:29+00:00","dateModified":"2024-02-28T23:14:01+00:00","mainEntityOfPage":{"@id":"https:\/\/francelyme.fr\/site\/une-etude-des-micro-organismes-presents-chez-des-patients-souffrant-dun-sppt-ou-de-fibromyalgie-par-la-methode-des-qpcr\/"},"wordCount":1675,"publisher":{"@id":"https:\/\/francelyme.fr\/site\/#organization"},"image":{"@id":"https:\/\/francelyme.fr\/site\/une-etude-des-micro-organismes-presents-chez-des-patients-souffrant-dun-sppt-ou-de-fibromyalgie-par-la-methode-des-qpcr\/#primaryimage"},"thumbnailUrl":"https:\/\/francelyme.fr\/site\/wp-content\/uploads\/2024\/02\/Fibromyalgie-syndrome-post-lyme-et-micro-organismes.jpg","articleSection":["Recherche"],"inLanguage":"fr-FR"},{"@type":"WebPage","@id":"https:\/\/francelyme.fr\/site\/une-etude-des-micro-organismes-presents-chez-des-patients-souffrant-dun-sppt-ou-de-fibromyalgie-par-la-methode-des-qpcr\/","url":"https:\/\/francelyme.fr\/site\/une-etude-des-micro-organismes-presents-chez-des-patients-souffrant-dun-sppt-ou-de-fibromyalgie-par-la-methode-des-qpcr\/","name":"Une \u00e9tude des micro-organismes pr\u00e9sents chez des patients souffrant d\u2019un SPPT ou de fibromyalgie par la m\u00e9thode des qPCR - Association France Lyme","isPartOf":{"@id":"https:\/\/francelyme.fr\/site\/#website"},"primaryImageOfPage":{"@id":"https:\/\/francelyme.fr\/site\/une-etude-des-micro-organismes-presents-chez-des-patients-souffrant-dun-sppt-ou-de-fibromyalgie-par-la-methode-des-qpcr\/#primaryimage"},"image":{"@id":"https:\/\/francelyme.fr\/site\/une-etude-des-micro-organismes-presents-chez-des-patients-souffrant-dun-sppt-ou-de-fibromyalgie-par-la-methode-des-qpcr\/#primaryimage"},"thumbnailUrl":"https:\/\/francelyme.fr\/site\/wp-content\/uploads\/2024\/02\/Fibromyalgie-syndrome-post-lyme-et-micro-organismes.jpg","datePublished":"2024-02-28T23:13:29+00:00","dateModified":"2024-02-28T23:14:01+00:00","breadcrumb":{"@id":"https:\/\/francelyme.fr\/site\/une-etude-des-micro-organismes-presents-chez-des-patients-souffrant-dun-sppt-ou-de-fibromyalgie-par-la-methode-des-qpcr\/#breadcrumb"},"inLanguage":"fr-FR","potentialAction":[{"@type":"ReadAction","target":["https:\/\/francelyme.fr\/site\/une-etude-des-micro-organismes-presents-chez-des-patients-souffrant-dun-sppt-ou-de-fibromyalgie-par-la-methode-des-qpcr\/"]}]},{"@type":"ImageObject","inLanguage":"fr-FR","@id":"https:\/\/francelyme.fr\/site\/une-etude-des-micro-organismes-presents-chez-des-patients-souffrant-dun-sppt-ou-de-fibromyalgie-par-la-methode-des-qpcr\/#primaryimage","url":"https:\/\/francelyme.fr\/site\/wp-content\/uploads\/2024\/02\/Fibromyalgie-syndrome-post-lyme-et-micro-organismes.jpg","contentUrl":"https:\/\/francelyme.fr\/site\/wp-content\/uploads\/2024\/02\/Fibromyalgie-syndrome-post-lyme-et-micro-organismes.jpg","width":1024,"height":1024},{"@type":"BreadcrumbList","@id":"https:\/\/francelyme.fr\/site\/une-etude-des-micro-organismes-presents-chez-des-patients-souffrant-dun-sppt-ou-de-fibromyalgie-par-la-methode-des-qpcr\/#breadcrumb","itemListElement":[{"@type":"ListItem","position":1,"name":"Accueil","item":"https:\/\/francelyme.fr\/site\/"},{"@type":"ListItem","position":2,"name":"Une \u00e9tude des micro-organismes pr\u00e9sents chez des patients souffrant d\u2019un SPPT ou de fibromyalgie par la m\u00e9thode des qPCR"}]},{"@type":"WebSite","@id":"https:\/\/francelyme.fr\/site\/#website","url":"https:\/\/francelyme.fr\/site\/","name":"Association France Lyme","description":"Association de lutte contre les maladies vectorielles \u00e0 tiques","publisher":{"@id":"https:\/\/francelyme.fr\/site\/#organization"},"potentialAction":[{"@type":"SearchAction","target":{"@type":"EntryPoint","urlTemplate":"https:\/\/francelyme.fr\/site\/?s={search_term_string}"},"query-input":{"@type":"PropertyValueSpecification","valueRequired":true,"valueName":"search_term_string"}}],"inLanguage":"fr-FR"},{"@type":"Organization","@id":"https:\/\/francelyme.fr\/site\/#organization","name":"France Lyme","url":"https:\/\/francelyme.fr\/site\/","logo":{"@type":"ImageObject","inLanguage":"fr-FR","@id":"https:\/\/francelyme.fr\/site\/#\/schema\/logo\/image\/","url":"https:\/\/francelyme.fr\/site\/wp-content\/uploads\/2019\/05\/francelyme-site.gif","contentUrl":"https:\/\/francelyme.fr\/site\/wp-content\/uploads\/2019\/05\/francelyme-site.gif","width":180,"height":180,"caption":"France Lyme"},"image":{"@id":"https:\/\/francelyme.fr\/site\/#\/schema\/logo\/image\/"},"sameAs":["https:\/\/www.facebook.com\/france.lyme","https:\/\/x.com\/francelyme","https:\/\/www.youtube.com\/channel\/UClMCGl3dvkz0iAgXFR1NH1A"]},{"@type":"Person","@id":"https:\/\/francelyme.fr\/site\/#\/schema\/person\/f7bd0eb75be49e4795c4ea0b3767e039","name":"adminntlyme","image":{"@type":"ImageObject","inLanguage":"fr-FR","@id":"https:\/\/secure.gravatar.com\/avatar\/e9ab07a36659baa27b55dfef2a5432041c212015f8eb8a8d25b934c17a03cb54?s=96&d=mm&r=g","url":"https:\/\/secure.gravatar.com\/avatar\/e9ab07a36659baa27b55dfef2a5432041c212015f8eb8a8d25b934c17a03cb54?s=96&d=mm&r=g","contentUrl":"https:\/\/secure.gravatar.com\/avatar\/e9ab07a36659baa27b55dfef2a5432041c212015f8eb8a8d25b934c17a03cb54?s=96&d=mm&r=g","caption":"adminntlyme"},"url":"https:\/\/francelyme.fr\/site\/author\/adminntlyme\/"}]}},"_links":{"self":[{"href":"https:\/\/francelyme.fr\/site\/wp-json\/wp\/v2\/posts\/15883","targetHints":{"allow":["GET"]}}],"collection":[{"href":"https:\/\/francelyme.fr\/site\/wp-json\/wp\/v2\/posts"}],"about":[{"href":"https:\/\/francelyme.fr\/site\/wp-json\/wp\/v2\/types\/post"}],"author":[{"embeddable":true,"href":"https:\/\/francelyme.fr\/site\/wp-json\/wp\/v2\/users\/17"}],"replies":[{"embeddable":true,"href":"https:\/\/francelyme.fr\/site\/wp-json\/wp\/v2\/comments?post=15883"}],"version-history":[{"count":2,"href":"https:\/\/francelyme.fr\/site\/wp-json\/wp\/v2\/posts\/15883\/revisions"}],"predecessor-version":[{"id":15886,"href":"https:\/\/francelyme.fr\/site\/wp-json\/wp\/v2\/posts\/15883\/revisions\/15886"}],"wp:featuredmedia":[{"embeddable":true,"href":"https:\/\/francelyme.fr\/site\/wp-json\/wp\/v2\/media\/15884"}],"wp:attachment":[{"href":"https:\/\/francelyme.fr\/site\/wp-json\/wp\/v2\/media?parent=15883"}],"wp:term":[{"taxonomy":"category","embeddable":true,"href":"https:\/\/francelyme.fr\/site\/wp-json\/wp\/v2\/categories?post=15883"},{"taxonomy":"post_tag","embeddable":true,"href":"https:\/\/francelyme.fr\/site\/wp-json\/wp\/v2\/tags?post=15883"}],"curies":[{"name":"wp","href":"https:\/\/api.w.org\/{rel}","templated":true}]}}