{"id":16281,"date":"2024-05-13T00:02:10","date_gmt":"2024-05-12T22:02:10","guid":{"rendered":"https:\/\/francelyme.fr\/site\/?p=16281"},"modified":"2024-05-22T22:35:03","modified_gmt":"2024-05-22T20:35:03","slug":"replay-du-webinaire-avec-le-dr-carsten-nicolaus","status":"publish","type":"post","link":"https:\/\/francelyme.fr\/site\/replay-du-webinaire-avec-le-dr-carsten-nicolaus\/","title":{"rendered":"Replay du webinaire avec le Dr Carsten Nicolaus \u2013 \u00e9tat des lieux de la science en mati\u00e8re de diagnostic et de traitements"},"content":{"rendered":"<div class=\"like-button\" style=\"float: right; clear: both; text-align: right; width = 100%;\">\n<!-- Facebook Like Button Vivacity Infotech BEGIN -->\n<div class=\"fb-like\" data-href=\"https:\/\/francelyme.fr\/site\/replay-du-webinaire-avec-le-dr-carsten-nicolaus\/\" data-layout=\"box_count\" data-action=\"like\" data-show-faces=\"false\" data-size=\"large\" data-width=\"450\" data-share=\"1\" ><\/div><\/div>\n<!-- Facebook Like Button Vivacity Infotech END -->\n<div id=\"fb-root\"><\/div>\n\n<figure class=\"wp-block-embed is-type-video is-provider-youtube wp-block-embed-youtube wp-embed-aspect-16-9 wp-has-aspect-ratio\"><div class=\"wp-block-embed__wrapper\">\n<iframe loading=\"lazy\" title=\"Webinaire du Dr Carsten Nicolaus \u2013 \u00e9tat des lieux en mati\u00e8re de diagnostic et de traitements\" width=\"860\" height=\"484\" src=\"https:\/\/www.youtube.com\/embed\/VbQaiPQEVz8?feature=oembed\" frameborder=\"0\" allow=\"accelerometer; autoplay; clipboard-write; encrypted-media; gyroscope; picture-in-picture; web-share\" referrerpolicy=\"strict-origin-when-cross-origin\" allowfullscreen><\/iframe>\n<\/div><\/figure>\n\n\n\n<p>Webinaire du Dr Carsten Nicolaus \u2013 \u00e9tat des lieux de la science en mati\u00e8re de diagnostic et de traitements &#8211; 6 mai 2024 <\/p>\n\n\n\n<p>Le Dr Carsten Nicolaus est un des m\u00e9decins parmi les plus exp\u00e9riment\u00e9s en Europe sur les les MVT, il a notamment fond\u00e9 la clinique BCA \u00e0 Augsbourg en Allemagne, il a trait\u00e9 plus de 25 000 patients depuis 1990, et a form\u00e9 plus de 1 500 m\u00e9decins depuis 2006. Il a une grande connaissance des traitements allopathiques et des protocoles naturels, et poursuit ses recherches sur les diagnostics et les prises en charge, au Royaume Uni, aux USA, et en Allemagne. <\/p>\n\n\n\n<p><\/p>\n\n\n\n<p>Webinar by Dr. Carsten Nicolaus \u2013 state of the art in diagnosis and treatment &#8211; May 6, 2024 <\/p>\n\n\n\n<p>Dr. Carsten Nicolaus is one of the most experienced doctors in Europe in MVT, he notably founded the BCA clinic in Augsburg, Germany, he has treated more than 25,000 patients since 1990, and has trained more than 1,500 doctors since 2006. He has extensive knowledge of allopathic treatments and natural protocols, and continues his research on diagnostics and treatment in the United Kingdom, the USA, and Germany.<\/p>\n\n\n<div class=\"wp-block-image\">\n<figure class=\"aligncenter size-large\"><img loading=\"lazy\" decoding=\"async\" width=\"1024\" height=\"1024\" src=\"http:\/\/francelyme.fr\/site\/wp-content\/uploads\/2024\/05\/webinaire-post-1-1024x1024.png\" alt=\"\" class=\"wp-image-16150\" srcset=\"https:\/\/francelyme.fr\/site\/wp-content\/uploads\/2024\/05\/webinaire-post-1-1024x1024.png 1024w, https:\/\/francelyme.fr\/site\/wp-content\/uploads\/2024\/05\/webinaire-post-1-300x300.png 300w, https:\/\/francelyme.fr\/site\/wp-content\/uploads\/2024\/05\/webinaire-post-1-150x150.png 150w, https:\/\/francelyme.fr\/site\/wp-content\/uploads\/2024\/05\/webinaire-post-1-768x768.png 768w, https:\/\/francelyme.fr\/site\/wp-content\/uploads\/2024\/05\/webinaire-post-1-1536x1536.png 1536w, https:\/\/francelyme.fr\/site\/wp-content\/uploads\/2024\/05\/webinaire-post-1-2048x2048.png 2048w, https:\/\/francelyme.fr\/site\/wp-content\/uploads\/2024\/05\/webinaire-post-1-90x90.png 90w, https:\/\/francelyme.fr\/site\/wp-content\/uploads\/2024\/05\/webinaire-post-1-75x75.png 75w, https:\/\/francelyme.fr\/site\/wp-content\/uploads\/2024\/05\/webinaire-post-1-1320x1320.png 1320w\" sizes=\"auto, (max-width: 1024px) 100vw, 1024px\" \/><\/figure>\n<\/div><div class=\"like-button\" style=\"float: right; clear: both; text-align: right; width = 100%;\">\n<!-- Facebook Like Button Vivacity Infotech BEGIN -->\n<div class=\"fb-like\" data-href=\"https:\/\/francelyme.fr\/site\/replay-du-webinaire-avec-le-dr-carsten-nicolaus\/\" data-layout=\"box_count\" data-action=\"like\" data-show-faces=\"false\" data-size=\"large\" data-width=\"450\" data-share=\"1\" ><\/div><\/div>\n<!-- Facebook Like Button Vivacity Infotech END -->\n","protected":false},"excerpt":{"rendered":"","protected":false},"author":17,"featured_media":16150,"comment_status":"closed","ping_status":"open","sticky":false,"template":"","format":"standard","meta":{"footnotes":""},"categories":[56,282],"tags":[],"class_list":["post-16281","post","type-post","status-publish","format-standard","has-post-thumbnail","hentry","category-conference","category-mai-en-vert"],"yoast_head":"<!-- This site is optimized with the Yoast SEO plugin v27.5 - https:\/\/yoast.com\/product\/yoast-seo-wordpress\/ -->\n<title>Replay du webinaire avec le Dr Carsten Nicolaus \u2013 \u00e9tat des lieux de la science en mati\u00e8re de diagnostic et de traitements - Association France Lyme<\/title>\n<meta name=\"robots\" content=\"index, follow, max-snippet:-1, max-image-preview:large, max-video-preview:-1\" \/>\n<link rel=\"canonical\" href=\"https:\/\/francelyme.fr\/site\/replay-du-webinaire-avec-le-dr-carsten-nicolaus\/\" \/>\n<meta property=\"og:locale\" content=\"fr_FR\" \/>\n<meta property=\"og:type\" content=\"article\" \/>\n<meta property=\"og:title\" content=\"Replay du webinaire avec le Dr Carsten Nicolaus \u2013 \u00e9tat des lieux de la science en mati\u00e8re de diagnostic et de traitements - Association France Lyme\" \/>\n<meta property=\"og:url\" content=\"https:\/\/francelyme.fr\/site\/replay-du-webinaire-avec-le-dr-carsten-nicolaus\/\" \/>\n<meta property=\"og:site_name\" content=\"Association France Lyme\" \/>\n<meta property=\"article:publisher\" content=\"https:\/\/www.facebook.com\/france.lyme\" \/>\n<meta property=\"article:published_time\" content=\"2024-05-12T22:02:10+00:00\" \/>\n<meta property=\"article:modified_time\" content=\"2024-05-22T20:35:03+00:00\" \/>\n<meta property=\"og:image\" content=\"http:\/\/francelyme.fr\/site\/wp-content\/uploads\/2024\/05\/webinaire-post-1.png\" \/>\n\t<meta property=\"og:image:width\" content=\"4501\" \/>\n\t<meta property=\"og:image:height\" content=\"4501\" \/>\n\t<meta property=\"og:image:type\" content=\"image\/png\" \/>\n<meta name=\"author\" content=\"adminntlyme\" \/>\n<meta name=\"twitter:card\" content=\"summary_large_image\" \/>\n<meta name=\"twitter:creator\" content=\"@francelyme\" \/>\n<meta name=\"twitter:site\" content=\"@francelyme\" \/>\n<meta name=\"twitter:label1\" content=\"\u00c9crit par\" \/>\n\t<meta name=\"twitter:data1\" content=\"adminntlyme\" \/>\n\t<meta name=\"twitter:label2\" content=\"Dur\u00e9e de lecture estim\u00e9e\" \/>\n\t<meta name=\"twitter:data2\" content=\"2 minutes\" \/>\n<script type=\"application\/ld+json\" class=\"yoast-schema-graph\">{\"@context\":\"https:\\\/\\\/schema.org\",\"@graph\":[{\"@type\":\"Article\",\"@id\":\"https:\\\/\\\/francelyme.fr\\\/site\\\/replay-du-webinaire-avec-le-dr-carsten-nicolaus\\\/#article\",\"isPartOf\":{\"@id\":\"https:\\\/\\\/francelyme.fr\\\/site\\\/replay-du-webinaire-avec-le-dr-carsten-nicolaus\\\/\"},\"author\":{\"name\":\"adminntlyme\",\"@id\":\"https:\\\/\\\/francelyme.fr\\\/site\\\/#\\\/schema\\\/person\\\/f7bd0eb75be49e4795c4ea0b3767e039\"},\"headline\":\"Replay du webinaire avec le Dr Carsten Nicolaus \u2013 \u00e9tat des lieux de la science en mati\u00e8re de diagnostic et de traitements\",\"datePublished\":\"2024-05-12T22:02:10+00:00\",\"dateModified\":\"2024-05-22T20:35:03+00:00\",\"mainEntityOfPage\":{\"@id\":\"https:\\\/\\\/francelyme.fr\\\/site\\\/replay-du-webinaire-avec-le-dr-carsten-nicolaus\\\/\"},\"wordCount\":207,\"publisher\":{\"@id\":\"https:\\\/\\\/francelyme.fr\\\/site\\\/#organization\"},\"image\":{\"@id\":\"https:\\\/\\\/francelyme.fr\\\/site\\\/replay-du-webinaire-avec-le-dr-carsten-nicolaus\\\/#primaryimage\"},\"thumbnailUrl\":\"https:\\\/\\\/francelyme.fr\\\/site\\\/wp-content\\\/uploads\\\/2024\\\/05\\\/webinaire-post-1.png\",\"articleSection\":[\"Conf\u00e9rences\",\"Mai en vert\"],\"inLanguage\":\"fr-FR\"},{\"@type\":\"WebPage\",\"@id\":\"https:\\\/\\\/francelyme.fr\\\/site\\\/replay-du-webinaire-avec-le-dr-carsten-nicolaus\\\/\",\"url\":\"https:\\\/\\\/francelyme.fr\\\/site\\\/replay-du-webinaire-avec-le-dr-carsten-nicolaus\\\/\",\"name\":\"Replay du webinaire avec le Dr Carsten Nicolaus \u2013 \u00e9tat des lieux de la science en mati\u00e8re de diagnostic et de traitements - Association France Lyme\",\"isPartOf\":{\"@id\":\"https:\\\/\\\/francelyme.fr\\\/site\\\/#website\"},\"primaryImageOfPage\":{\"@id\":\"https:\\\/\\\/francelyme.fr\\\/site\\\/replay-du-webinaire-avec-le-dr-carsten-nicolaus\\\/#primaryimage\"},\"image\":{\"@id\":\"https:\\\/\\\/francelyme.fr\\\/site\\\/replay-du-webinaire-avec-le-dr-carsten-nicolaus\\\/#primaryimage\"},\"thumbnailUrl\":\"https:\\\/\\\/francelyme.fr\\\/site\\\/wp-content\\\/uploads\\\/2024\\\/05\\\/webinaire-post-1.png\",\"datePublished\":\"2024-05-12T22:02:10+00:00\",\"dateModified\":\"2024-05-22T20:35:03+00:00\",\"breadcrumb\":{\"@id\":\"https:\\\/\\\/francelyme.fr\\\/site\\\/replay-du-webinaire-avec-le-dr-carsten-nicolaus\\\/#breadcrumb\"},\"inLanguage\":\"fr-FR\",\"potentialAction\":[{\"@type\":\"ReadAction\",\"target\":[\"https:\\\/\\\/francelyme.fr\\\/site\\\/replay-du-webinaire-avec-le-dr-carsten-nicolaus\\\/\"]}]},{\"@type\":\"ImageObject\",\"inLanguage\":\"fr-FR\",\"@id\":\"https:\\\/\\\/francelyme.fr\\\/site\\\/replay-du-webinaire-avec-le-dr-carsten-nicolaus\\\/#primaryimage\",\"url\":\"https:\\\/\\\/francelyme.fr\\\/site\\\/wp-content\\\/uploads\\\/2024\\\/05\\\/webinaire-post-1.png\",\"contentUrl\":\"https:\\\/\\\/francelyme.fr\\\/site\\\/wp-content\\\/uploads\\\/2024\\\/05\\\/webinaire-post-1.png\",\"width\":4501,\"height\":4501},{\"@type\":\"BreadcrumbList\",\"@id\":\"https:\\\/\\\/francelyme.fr\\\/site\\\/replay-du-webinaire-avec-le-dr-carsten-nicolaus\\\/#breadcrumb\",\"itemListElement\":[{\"@type\":\"ListItem\",\"position\":1,\"name\":\"Accueil\",\"item\":\"https:\\\/\\\/francelyme.fr\\\/site\\\/\"},{\"@type\":\"ListItem\",\"position\":2,\"name\":\"Replay du webinaire avec le Dr Carsten Nicolaus \u2013 \u00e9tat des lieux de la science en mati\u00e8re de diagnostic et de traitements\"}]},{\"@type\":\"WebSite\",\"@id\":\"https:\\\/\\\/francelyme.fr\\\/site\\\/#website\",\"url\":\"https:\\\/\\\/francelyme.fr\\\/site\\\/\",\"name\":\"Association France Lyme\",\"description\":\"Association de lutte contre les maladies vectorielles \u00e0 tiques\",\"publisher\":{\"@id\":\"https:\\\/\\\/francelyme.fr\\\/site\\\/#organization\"},\"potentialAction\":[{\"@type\":\"SearchAction\",\"target\":{\"@type\":\"EntryPoint\",\"urlTemplate\":\"https:\\\/\\\/francelyme.fr\\\/site\\\/?s={search_term_string}\"},\"query-input\":{\"@type\":\"PropertyValueSpecification\",\"valueRequired\":true,\"valueName\":\"search_term_string\"}}],\"inLanguage\":\"fr-FR\"},{\"@type\":\"Organization\",\"@id\":\"https:\\\/\\\/francelyme.fr\\\/site\\\/#organization\",\"name\":\"France Lyme\",\"url\":\"https:\\\/\\\/francelyme.fr\\\/site\\\/\",\"logo\":{\"@type\":\"ImageObject\",\"inLanguage\":\"fr-FR\",\"@id\":\"https:\\\/\\\/francelyme.fr\\\/site\\\/#\\\/schema\\\/logo\\\/image\\\/\",\"url\":\"https:\\\/\\\/francelyme.fr\\\/site\\\/wp-content\\\/uploads\\\/2019\\\/05\\\/francelyme-site.gif\",\"contentUrl\":\"https:\\\/\\\/francelyme.fr\\\/site\\\/wp-content\\\/uploads\\\/2019\\\/05\\\/francelyme-site.gif\",\"width\":180,\"height\":180,\"caption\":\"France Lyme\"},\"image\":{\"@id\":\"https:\\\/\\\/francelyme.fr\\\/site\\\/#\\\/schema\\\/logo\\\/image\\\/\"},\"sameAs\":[\"https:\\\/\\\/www.facebook.com\\\/france.lyme\",\"https:\\\/\\\/x.com\\\/francelyme\",\"https:\\\/\\\/www.youtube.com\\\/channel\\\/UClMCGl3dvkz0iAgXFR1NH1A\"]},{\"@type\":\"Person\",\"@id\":\"https:\\\/\\\/francelyme.fr\\\/site\\\/#\\\/schema\\\/person\\\/f7bd0eb75be49e4795c4ea0b3767e039\",\"name\":\"adminntlyme\",\"image\":{\"@type\":\"ImageObject\",\"inLanguage\":\"fr-FR\",\"@id\":\"https:\\\/\\\/secure.gravatar.com\\\/avatar\\\/e9ab07a36659baa27b55dfef2a5432041c212015f8eb8a8d25b934c17a03cb54?s=96&d=mm&r=g\",\"url\":\"https:\\\/\\\/secure.gravatar.com\\\/avatar\\\/e9ab07a36659baa27b55dfef2a5432041c212015f8eb8a8d25b934c17a03cb54?s=96&d=mm&r=g\",\"contentUrl\":\"https:\\\/\\\/secure.gravatar.com\\\/avatar\\\/e9ab07a36659baa27b55dfef2a5432041c212015f8eb8a8d25b934c17a03cb54?s=96&d=mm&r=g\",\"caption\":\"adminntlyme\"},\"url\":\"https:\\\/\\\/francelyme.fr\\\/site\\\/author\\\/adminntlyme\\\/\"}]}<\/script>\n<!-- \/ Yoast SEO plugin. -->","yoast_head_json":{"title":"Replay du webinaire avec le Dr Carsten Nicolaus \u2013 \u00e9tat des lieux de la science en mati\u00e8re de diagnostic et de traitements - Association France Lyme","robots":{"index":"index","follow":"follow","max-snippet":"max-snippet:-1","max-image-preview":"max-image-preview:large","max-video-preview":"max-video-preview:-1"},"canonical":"https:\/\/francelyme.fr\/site\/replay-du-webinaire-avec-le-dr-carsten-nicolaus\/","og_locale":"fr_FR","og_type":"article","og_title":"Replay du webinaire avec le Dr Carsten Nicolaus \u2013 \u00e9tat des lieux de la science en mati\u00e8re de diagnostic et de traitements - Association France Lyme","og_url":"https:\/\/francelyme.fr\/site\/replay-du-webinaire-avec-le-dr-carsten-nicolaus\/","og_site_name":"Association France Lyme","article_publisher":"https:\/\/www.facebook.com\/france.lyme","article_published_time":"2024-05-12T22:02:10+00:00","article_modified_time":"2024-05-22T20:35:03+00:00","og_image":[{"width":4501,"height":4501,"url":"http:\/\/francelyme.fr\/site\/wp-content\/uploads\/2024\/05\/webinaire-post-1.png","type":"image\/png"}],"author":"adminntlyme","twitter_card":"summary_large_image","twitter_creator":"@francelyme","twitter_site":"@francelyme","twitter_misc":{"\u00c9crit par":"adminntlyme","Dur\u00e9e de lecture estim\u00e9e":"2 minutes"},"schema":{"@context":"https:\/\/schema.org","@graph":[{"@type":"Article","@id":"https:\/\/francelyme.fr\/site\/replay-du-webinaire-avec-le-dr-carsten-nicolaus\/#article","isPartOf":{"@id":"https:\/\/francelyme.fr\/site\/replay-du-webinaire-avec-le-dr-carsten-nicolaus\/"},"author":{"name":"adminntlyme","@id":"https:\/\/francelyme.fr\/site\/#\/schema\/person\/f7bd0eb75be49e4795c4ea0b3767e039"},"headline":"Replay du webinaire avec le Dr Carsten Nicolaus \u2013 \u00e9tat des lieux de la science en mati\u00e8re de diagnostic et de traitements","datePublished":"2024-05-12T22:02:10+00:00","dateModified":"2024-05-22T20:35:03+00:00","mainEntityOfPage":{"@id":"https:\/\/francelyme.fr\/site\/replay-du-webinaire-avec-le-dr-carsten-nicolaus\/"},"wordCount":207,"publisher":{"@id":"https:\/\/francelyme.fr\/site\/#organization"},"image":{"@id":"https:\/\/francelyme.fr\/site\/replay-du-webinaire-avec-le-dr-carsten-nicolaus\/#primaryimage"},"thumbnailUrl":"https:\/\/francelyme.fr\/site\/wp-content\/uploads\/2024\/05\/webinaire-post-1.png","articleSection":["Conf\u00e9rences","Mai en vert"],"inLanguage":"fr-FR"},{"@type":"WebPage","@id":"https:\/\/francelyme.fr\/site\/replay-du-webinaire-avec-le-dr-carsten-nicolaus\/","url":"https:\/\/francelyme.fr\/site\/replay-du-webinaire-avec-le-dr-carsten-nicolaus\/","name":"Replay du webinaire avec le Dr Carsten Nicolaus \u2013 \u00e9tat des lieux de la science en mati\u00e8re de diagnostic et de traitements - Association France Lyme","isPartOf":{"@id":"https:\/\/francelyme.fr\/site\/#website"},"primaryImageOfPage":{"@id":"https:\/\/francelyme.fr\/site\/replay-du-webinaire-avec-le-dr-carsten-nicolaus\/#primaryimage"},"image":{"@id":"https:\/\/francelyme.fr\/site\/replay-du-webinaire-avec-le-dr-carsten-nicolaus\/#primaryimage"},"thumbnailUrl":"https:\/\/francelyme.fr\/site\/wp-content\/uploads\/2024\/05\/webinaire-post-1.png","datePublished":"2024-05-12T22:02:10+00:00","dateModified":"2024-05-22T20:35:03+00:00","breadcrumb":{"@id":"https:\/\/francelyme.fr\/site\/replay-du-webinaire-avec-le-dr-carsten-nicolaus\/#breadcrumb"},"inLanguage":"fr-FR","potentialAction":[{"@type":"ReadAction","target":["https:\/\/francelyme.fr\/site\/replay-du-webinaire-avec-le-dr-carsten-nicolaus\/"]}]},{"@type":"ImageObject","inLanguage":"fr-FR","@id":"https:\/\/francelyme.fr\/site\/replay-du-webinaire-avec-le-dr-carsten-nicolaus\/#primaryimage","url":"https:\/\/francelyme.fr\/site\/wp-content\/uploads\/2024\/05\/webinaire-post-1.png","contentUrl":"https:\/\/francelyme.fr\/site\/wp-content\/uploads\/2024\/05\/webinaire-post-1.png","width":4501,"height":4501},{"@type":"BreadcrumbList","@id":"https:\/\/francelyme.fr\/site\/replay-du-webinaire-avec-le-dr-carsten-nicolaus\/#breadcrumb","itemListElement":[{"@type":"ListItem","position":1,"name":"Accueil","item":"https:\/\/francelyme.fr\/site\/"},{"@type":"ListItem","position":2,"name":"Replay du webinaire avec le Dr Carsten Nicolaus \u2013 \u00e9tat des lieux de la science en mati\u00e8re de diagnostic et de traitements"}]},{"@type":"WebSite","@id":"https:\/\/francelyme.fr\/site\/#website","url":"https:\/\/francelyme.fr\/site\/","name":"Association France Lyme","description":"Association de lutte contre les maladies vectorielles \u00e0 tiques","publisher":{"@id":"https:\/\/francelyme.fr\/site\/#organization"},"potentialAction":[{"@type":"SearchAction","target":{"@type":"EntryPoint","urlTemplate":"https:\/\/francelyme.fr\/site\/?s={search_term_string}"},"query-input":{"@type":"PropertyValueSpecification","valueRequired":true,"valueName":"search_term_string"}}],"inLanguage":"fr-FR"},{"@type":"Organization","@id":"https:\/\/francelyme.fr\/site\/#organization","name":"France Lyme","url":"https:\/\/francelyme.fr\/site\/","logo":{"@type":"ImageObject","inLanguage":"fr-FR","@id":"https:\/\/francelyme.fr\/site\/#\/schema\/logo\/image\/","url":"https:\/\/francelyme.fr\/site\/wp-content\/uploads\/2019\/05\/francelyme-site.gif","contentUrl":"https:\/\/francelyme.fr\/site\/wp-content\/uploads\/2019\/05\/francelyme-site.gif","width":180,"height":180,"caption":"France Lyme"},"image":{"@id":"https:\/\/francelyme.fr\/site\/#\/schema\/logo\/image\/"},"sameAs":["https:\/\/www.facebook.com\/france.lyme","https:\/\/x.com\/francelyme","https:\/\/www.youtube.com\/channel\/UClMCGl3dvkz0iAgXFR1NH1A"]},{"@type":"Person","@id":"https:\/\/francelyme.fr\/site\/#\/schema\/person\/f7bd0eb75be49e4795c4ea0b3767e039","name":"adminntlyme","image":{"@type":"ImageObject","inLanguage":"fr-FR","@id":"https:\/\/secure.gravatar.com\/avatar\/e9ab07a36659baa27b55dfef2a5432041c212015f8eb8a8d25b934c17a03cb54?s=96&d=mm&r=g","url":"https:\/\/secure.gravatar.com\/avatar\/e9ab07a36659baa27b55dfef2a5432041c212015f8eb8a8d25b934c17a03cb54?s=96&d=mm&r=g","contentUrl":"https:\/\/secure.gravatar.com\/avatar\/e9ab07a36659baa27b55dfef2a5432041c212015f8eb8a8d25b934c17a03cb54?s=96&d=mm&r=g","caption":"adminntlyme"},"url":"https:\/\/francelyme.fr\/site\/author\/adminntlyme\/"}]}},"_links":{"self":[{"href":"https:\/\/francelyme.fr\/site\/wp-json\/wp\/v2\/posts\/16281","targetHints":{"allow":["GET"]}}],"collection":[{"href":"https:\/\/francelyme.fr\/site\/wp-json\/wp\/v2\/posts"}],"about":[{"href":"https:\/\/francelyme.fr\/site\/wp-json\/wp\/v2\/types\/post"}],"author":[{"embeddable":true,"href":"https:\/\/francelyme.fr\/site\/wp-json\/wp\/v2\/users\/17"}],"replies":[{"embeddable":true,"href":"https:\/\/francelyme.fr\/site\/wp-json\/wp\/v2\/comments?post=16281"}],"version-history":[{"count":2,"href":"https:\/\/francelyme.fr\/site\/wp-json\/wp\/v2\/posts\/16281\/revisions"}],"predecessor-version":[{"id":16363,"href":"https:\/\/francelyme.fr\/site\/wp-json\/wp\/v2\/posts\/16281\/revisions\/16363"}],"wp:featuredmedia":[{"embeddable":true,"href":"https:\/\/francelyme.fr\/site\/wp-json\/wp\/v2\/media\/16150"}],"wp:attachment":[{"href":"https:\/\/francelyme.fr\/site\/wp-json\/wp\/v2\/media?parent=16281"}],"wp:term":[{"taxonomy":"category","embeddable":true,"href":"https:\/\/francelyme.fr\/site\/wp-json\/wp\/v2\/categories?post=16281"},{"taxonomy":"post_tag","embeddable":true,"href":"https:\/\/francelyme.fr\/site\/wp-json\/wp\/v2\/tags?post=16281"}],"curies":[{"name":"wp","href":"https:\/\/api.w.org\/{rel}","templated":true}]}}