{"id":16970,"date":"2024-09-30T13:07:38","date_gmt":"2024-09-30T11:07:38","guid":{"rendered":"https:\/\/francelyme.fr\/site\/?p=16970"},"modified":"2024-09-30T13:09:35","modified_gmt":"2024-09-30T11:09:35","slug":"un-frappe-de-medecins-et-la-folie-derriere-le-mauvais-diagnostic-de-la-maladie-de-lyme-par-richard-wilson","status":"publish","type":"post","link":"https:\/\/francelyme.fr\/site\/un-frappe-de-medecins-et-la-folie-derriere-le-mauvais-diagnostic-de-la-maladie-de-lyme-par-richard-wilson\/","title":{"rendered":"Un \u00ab frapp\u00e9 de m\u00e9decins \u00bb et la folie derri\u00e8re le mauvais diagnostic de la maladie de Lyme Par Richard Wilson"},"content":{"rendered":"<div class=\"like-button\" style=\"float: right; clear: both; text-align: right; width = 100%;\">\n<!-- Facebook Like Button Vivacity Infotech BEGIN -->\n<div class=\"fb-like\" data-href=\"https:\/\/francelyme.fr\/site\/un-frappe-de-medecins-et-la-folie-derriere-le-mauvais-diagnostic-de-la-maladie-de-lyme-par-richard-wilson\/\" data-layout=\"box_count\" data-action=\"like\" data-show-faces=\"false\" data-size=\"large\" data-width=\"450\" data-share=\"1\" ><\/div><\/div>\n<!-- Facebook Like Button Vivacity Infotech END -->\n<div id=\"fb-root\"><\/div>\n\n<p>Connaissez-vous l\u2019expression \u00ab frapp\u00e9 de m\u00e9decins \u00bb ? C\u2019est une version m\u00e9dicale de la folie des foules, qui se produit lorsque beaucoup de gens deviennent collectivement fous. Comme la bulle Internet ou la dangereuse folie de TikTok.<\/p>\n\n\n\n<p>OK, je viens de l\u2019inventer, mais c\u2019est tr\u00e8s facile \u00e0 dire et techniquement exact.<\/p>\n\n\n\n<p>Pour un excellent exemple de \u00ab frapp\u00e9 de m\u00e9decins \u00bb en action, ne cherchez pas plus loin que la maladie de Lyme. C\u2019est un cas d\u2019\u00e9cole.<\/p>\n\n\n\n<p>Laissez-moi vous expliquer : la maladie de Lyme, contract\u00e9e par les tiques, est la maladie transmise par les insectes qui se propage le plus rapidement dans l\u2019h\u00e9misph\u00e8re nord. C\u2019est une pens\u00e9e importante et effrayante. La maladie est aussi m\u00e9chante, tr\u00e8s difficile \u00e0 traiter et elle ruine des vies. Et si vous passez du temps \u00e0 l\u2019ext\u00e9rieur dans les hautes herbes ou les lisi\u00e8res des bois, il est tr\u00e8s facile de l\u2019attraper. Elle se propage m\u00eame dans les parcs et les jardins de banlieue.<\/p>\n\n\n\n<p>Alors, qu\u2019est-ce que le \u00ab frapp\u00e9 de m\u00e9decins \u00bb a \u00e0 voir avec les tiques ? Eh bien, comme je l\u2019ai dit, il est tr\u00e8s facile d\u2019attraper la maladie de Lyme, mais essayez d\u2019obtenir un diagnostic. Ou un traitement. Et surtout un traitement qui fonctionne.<\/p>\n\n\n\n<p><strong>Une illustration frappante<\/strong><\/p>\n\n\n\n<p>Par exemple : l\u2019acteur et musicien hollywoodien Kris Kristofferson souffrait d\u2019une maladie physiquement invalidante qui, pendant 14 ans, et peut-\u00eatre bien plus, a ruin\u00e9 sa vie. La maladie s\u2019est m\u00eame propag\u00e9e dans son cerveau, ce qui a abouti \u00e0 un diagnostic d\u2019Alzheimer.<\/p>\n\n\n\n<p>Il souffrait de spasmes musculaires, d\u2019arythmie cardiaque n\u00e9cessitant un stimulateur cardiaque, d\u2019apn\u00e9e du sommeil, de douleurs articulaires intenses et de toute la gamme des sympt\u00f4mes que la plupart d\u2019entre nous atteints de la maladie de Lyme reconna\u00eetrait comme une maladie de Lyme potentiellement incontr\u00f4lable. Mais le \u00ab frapp\u00e9 de m\u00e9decins \u00bb ne l\u2019a pas fait.<\/p>\n\n\n\n<p>Ils ont opt\u00e9 pour des diagnostics plus familiers, qui n\u2019ont pas tous permis de gu\u00e9rir et, pour me r\u00e9p\u00e9ter, cela a dur\u00e9 au moins 14 ans. Il a \u00e9galement re\u00e7u des diagnostics de plusieurs syndromes, comme la fibromyalgie. (Attention aux m\u00e9decins qui diagnostiquent un \u00ab syndrome \u00bb. C\u2019est un mot trompeur).<\/p>\n\n\n\n<p>Cela a continu\u00e9 jusqu\u2019\u00e0 ce qu\u2019un nouveau m\u00e9decin fasse un test pour la maladie de Lyme et il s\u2019est av\u00e9r\u00e9, comme vous l\u2019avez s\u00fbrement devin\u00e9, que Kristofferson avait la maladie de Lyme, qui a ensuite r\u00e9pondu aux antibiotiques (la maladie d\u2019Alzheimer ne le fait pas). Et comme plus le traitement est retard\u00e9, plus la maladie de Lyme est difficile \u00e0 gu\u00e9rir, je m\u2019attends \u00e0 ce que son chemin vers la gu\u00e9rison soit ardu.<\/p>\n\n\n\n<p>Je comprends un peu les premi\u00e8res \u00e9tapes d\u2019un mauvais diagnostic. La maladie de Lyme partage des sympt\u00f4mes avec de nombreuses maladies et il est dans la nature humaine pour un m\u00e9decin de chercher quelque chose de familier et de le traiter. Et il n\u2019est pas facile de confirmer la maladie de Lyme. Si vous faites un test sanguin, environ 15 \u00e0 25 % peuvent montrer de faux positifs ou faux n\u00e9gatifs.<\/p>\n\n\n\n<p><strong>Ce que disent les \u00ab experts \u00bb<\/strong><\/p>\n\n\n\n<p>Ensuite, il y a quelque chose qui est tr\u00e8s difficile \u00e0 comprendre pour nous, les non-m\u00e9decins. Les \u00ab experts \u00bb nous disent que le traitement antibiotique utilis\u00e9 par les m\u00e9decins fonctionne toujours. Toujours. Diff\u00e9rents pays ont des r\u00e9gimes et des doses de m\u00e9dicaments tr\u00e8s diff\u00e9rents, mais ils fonctionnent tous. \u00c0 100 %. Vous pensez qu\u2019ils plaisantent ? Non, ils ne plaisantent pas. La maladie de Lyme est une maladie que les experts ont bien cern\u00e9e. C\u2019est du moins ce qu\u2019ils disent. Et c\u2019est l\u00e0 que le \u00ab frapp\u00e9 \u00bb commence \u00e0 s\u2019\u00e9loigner de la r\u00e9alit\u00e9.<\/p>\n\n\n\n<p>Le premier probl\u00e8me est que peut-\u00eatre 20 \u00e0 25 % des patients atteints de la maladie de Lyme signalent des sympt\u00f4mes identiques ou aggrav\u00e9s apr\u00e8s le traitement. Dans une \u00e9tude su\u00e9doise, 19 % \u00e9taient toujours en arr\u00eat maladie ou en incapacit\u00e9 de travail cinq ans apr\u00e8s avoir pris les antibiotiques approuv\u00e9s. Il n\u2019est pas \u00e9tonnant que tant de personnes pensent que leurs sympt\u00f4mes de Lyme r\u00e9currents signifient que le traitement a \u00e9chou\u00e9. Beaucoup de malades pensent que les experts se trompent.<\/p>\n\n\n\n<p>C\u2019est une h\u00e9r\u00e9sie. Le \u00ab frapp\u00e9 \u00bb rejette avec force cette sottise et explique que tous ces patients souffrent de dommages \u00e0 long terme caus\u00e9s par l\u2019infection initiale, d\u00e9sormais gu\u00e9rie (par eux). Les pilules fonctionnent toujours.<\/p>\n\n\n\n<p><strong>Qu\u2019en est-il des co-infections ?<\/strong><\/p>\n\n\n\n<p>Ensuite, levez la main tous ceux qui pr\u00e9sentent des sympt\u00f4mes de la maladie de Lyme et qui ont \u00e9t\u00e9 test\u00e9s pour les co-infections transmises par les tiques ? Presque personne ? Cela semble juste. <a href=\"https:\/\/peerj.com\/articles\/322\/\">Une enqu\u00eate de LymeDisease.org<\/a> aupr\u00e8s de plus de 3 000 patients am\u00e9ricains atteints de la maladie de Lyme depuis longtemps a r\u00e9v\u00e9l\u00e9 que plus de 50 % d\u2019entre eux souffraient de co-infections, dont 30 % en rapportaient deux ou plus. Les plus courantes sont Babesia, Bartonella, Ehrlichia, Mycoplasma, Anaplasma et Tularemia. Toutes sont d\u00e9sagr\u00e9ables, certaines sont plus mondialistes que d\u2019autres et beaucoup ne r\u00e9pondent pas aux antibiotiques utilis\u00e9s contre la maladie de Lyme. Une <a href=\"https:\/\/lymediseaseuk.com\/co-infections\/\">enqu\u00eate britannique<\/a> a r\u00e9v\u00e9l\u00e9 que 95 % des 500 patients souffraient de co-infections.<\/p>\n\n\n\n<p>Ainsi, entre les diagnostics erron\u00e9s, les pilules miracles et les co-infections, il n\u2019est pas surprenant que les patients atteints de la maladie de Lyme qui ne se r\u00e9tablissent pas soient partout. En fait, ils sont si courants que le \u00ab frapp\u00e9 \u00bb a un nom juste pour ceux qu\u2019ils ont trait\u00e9s : le syndrome de la maladie de Lyme post-traitement (PTLDS). Et il y a encore ce petit mot d\u00e9sagr\u00e9able de \u00ab syndrome \u00bb. PTLDS d\u00e9signe les personnes qu\u2019ils ont gu\u00e9ries mais qui pr\u00e9tendent toujours \u00eatre malades de mani\u00e8re ingrate.<\/p>\n\n\n\n<p>Alors, qu\u2019est-ce que cette invention de Frankenstein, ce \u00ab syndrome de maladie \u00bb approuv\u00e9 par certaines des meilleures institutions de recherche du monde ? En gros, les deux mots ne correspondent pas. Les maladies ont g\u00e9n\u00e9ralement des traitements connus. Un syndrome peut \u00eatre r\u00e9el et traitable, mais il s\u2019agit souvent d\u2019un langage m\u00e9dical pour parler d\u2019un patient qui a une case en moins. Certains patients sont tout simplement bizarres. Soupir !<\/p>\n\n\n\n<p>En passant, je n\u2019ai jamais entendu parler de quelqu\u2019un souffrant du syndrome de la maladie du paludisme. Pourquoi ? Gardez cette pens\u00e9e.<\/p>\n\n\n\n<p><strong>Pens\u00e9e de groupe<\/strong><\/p>\n\n\n\n<p>Il est important de se rappeler qu\u2019un \u00ab frapp\u00e9 de m\u00e9decins \u00bb n\u2019a jamais tort (c\u2019est une pens\u00e9e de groupe) : ils savent que les vraies personnes ont de vraies maladies que les vrais m\u00e9decins traitent. Tout le reste, y compris de nombreux syndromes, n\u2019est que du charabia, de la psychiatrie ou de l\u2019\u00e9trange.<\/p>\n\n\n\n<p>Et c\u2019est vraiment \u00e9trange parce que la maladie de Lyme est une maladie bact\u00e9rienne qui a pour habitude d\u2019\u00e9chapper aux antibiotiques. Elle est r\u00e9elle, tout comme sa cousine la syphilis, qui est \u00e9galement difficile \u00e0 traiter (mais beaucoup plus amusante \u00e0 attraper). Les deux sont des bact\u00e9ries spiroch\u00e8tes inhabituelles, qui peuvent \u00e9puiser un m\u00e9decin. Si vous voulez des articles \u00e9valu\u00e9s par des pairs publi\u00e9s dans des revues r\u00e9put\u00e9es, vous avez l\u2019embarras du choix. En voici un. https:\/\/news.tulane.edu\/pr\/study-finds-evidence-persistent-lyme-infection-brain-despite-aggressive-antibiotic-therapy . Il y en a beaucoup, beaucoup d\u2019autres.<\/p>\n\n\n\n<p>Dans la plupart des domaines, cette insistance des figures d\u2019autorit\u00e9 sur le fait que le patient idiot est d\u00e9lirant\/bizarre, malgr\u00e9 des preuves convaincantes qu\u2019il ne l\u2019est pas, serait qualifi\u00e9e de gaslighting (ou d\u00e9tournement cognitif). Et rappelez-vous, nous parlons de pr\u00e8s d\u2019un quart des patients qu\u2019ils parviennent \u00e0 diagnostiquer comme atteints de la maladie de Lyme.<\/p>\n\n\n\n<p>Pensez \u00e9galement aux nombreux patients qu\u2019ils ne diagnostiquent pas. Trop de m\u00e9decins insisteront sur le fait que vous avez la maladie de Parkinson, la maladie d\u2019Alzheimer, la grippe, l\u2019apn\u00e9e du sommeil, l\u2019enc\u00e9phalomy\u00e9lite myalgique, une maladie cardiaque, des calculs biliaires, la fibromyalgie, la polyarthrite rhumato\u00efde, la neuropathie diab\u00e9tique et\/ou le syndrome du patient path\u00e9tiquement bizarre. Peu importe.<\/p>\n\n\n\n<p><strong>Une maladie qui dispara\u00eet ?<\/strong><\/p>\n\n\n\n<p>Imaginez ce qui pourrait \u00eatre accompli avec des maladies mondiales comme le paludisme si nous appliquions la logique du \u00ab frapp\u00e9 \u00bb \u00e0 notre planification. Peut-\u00eatre que la moiti\u00e9 du paludisme mondial dispara\u00eetrait tout simplement si nous apprenions \u00e0 mieux diagnostiquer. Et pour gu\u00e9rir quelqu\u2019un, il suffit de lui donner un traitement de pilules \u00e0 taille unique. Dosage, dur\u00e9e, rendez-vous de suivi ? Non ! Le traitement est infaillible et le paludisme sera \u00e9radiqu\u00e9.<\/p>\n\n\n\n<p>Quiconque pr\u00e9tend encore \u00eatre malade doit avoir un syndrome. Sauf que cette r\u00e8gle ne s\u2019applique pas au paludisme r\u00e9current https:\/\/medicalxpress.com\/news\/2019-01-malaria-recur-pieces-puzzle-slowly.html apr\u00e8s traitement. C\u2019est le vrai paludisme, le vrai probl\u00e8me, car parfois, de mani\u00e8re inattendue, le traitement du paludisme \u00e9choue. Contrairement \u00e0 Lyme ?<\/p>\n\n\n\n<p>Bienvenue dans le monde \u00e9trange et merveilleux du syndrome de Lyme post-traitement. Un endroit o\u00f9 les m\u00e9decins ne peuvent pas dire si vous \u00eates gu\u00e9ri, mais ils savent avec certitude que leurs m\u00e9dicaments fonctionnent toujours car, si parfois ce n\u2019\u00e9tait pas le cas, qu\u2019est-ce que cela ferait de leur \u00ab syndrome \u00bb ?<\/p>\n\n\n\n<p>R\u00e9ponse : la maladie de Lyme.<\/p>\n\n\n\n<p><em>Richard Wilson, \u00e9crivain, cin\u00e9aste et ancien correspondant environnemental de la BBC, vit au Royaume-Uni. Cet article a \u00e9t\u00e9 publi\u00e9 pour la premi\u00e8re fois dans sa newsletter mensuelle <a href=\"https:\/\/fishrise.substack.com\/p\/lyme-doolally-of-doctors\">FishRise<\/a>.<\/em><\/p>\n<div class=\"like-button\" style=\"float: right; clear: both; text-align: right; width = 100%;\">\n<!-- Facebook Like Button Vivacity Infotech BEGIN -->\n<div class=\"fb-like\" data-href=\"https:\/\/francelyme.fr\/site\/un-frappe-de-medecins-et-la-folie-derriere-le-mauvais-diagnostic-de-la-maladie-de-lyme-par-richard-wilson\/\" data-layout=\"box_count\" data-action=\"like\" data-show-faces=\"false\" data-size=\"large\" data-width=\"450\" data-share=\"1\" ><\/div><\/div>\n<!-- Facebook Like Button Vivacity Infotech END -->\n","protected":false},"excerpt":{"rendered":"","protected":false},"author":17,"featured_media":16971,"comment_status":"closed","ping_status":"open","sticky":false,"template":"","format":"standard","meta":{"footnotes":""},"categories":[287],"tags":[],"class_list":["post-16970","post","type-post","status-publish","format-standard","has-post-thumbnail","hentry","category-nouvelles"],"yoast_head":"<!-- This site is optimized with the Yoast SEO plugin v27.3 - https:\/\/yoast.com\/product\/yoast-seo-wordpress\/ -->\n<title>Un \u00ab frapp\u00e9 de m\u00e9decins \u00bb et la folie derri\u00e8re le mauvais diagnostic de la maladie de Lyme Par Richard Wilson - Association France Lyme<\/title>\n<meta name=\"robots\" content=\"index, follow, max-snippet:-1, max-image-preview:large, max-video-preview:-1\" \/>\n<link rel=\"canonical\" href=\"https:\/\/francelyme.fr\/site\/un-frappe-de-medecins-et-la-folie-derriere-le-mauvais-diagnostic-de-la-maladie-de-lyme-par-richard-wilson\/\" \/>\n<meta property=\"og:locale\" content=\"fr_FR\" \/>\n<meta property=\"og:type\" content=\"article\" \/>\n<meta property=\"og:title\" content=\"Un \u00ab frapp\u00e9 de m\u00e9decins \u00bb et la folie derri\u00e8re le mauvais diagnostic de la maladie de Lyme Par Richard Wilson - Association France Lyme\" \/>\n<meta property=\"og:url\" content=\"https:\/\/francelyme.fr\/site\/un-frappe-de-medecins-et-la-folie-derriere-le-mauvais-diagnostic-de-la-maladie-de-lyme-par-richard-wilson\/\" \/>\n<meta property=\"og:site_name\" content=\"Association France Lyme\" \/>\n<meta property=\"article:publisher\" content=\"https:\/\/www.facebook.com\/france.lyme\" \/>\n<meta property=\"article:published_time\" content=\"2024-09-30T11:07:38+00:00\" \/>\n<meta property=\"article:modified_time\" content=\"2024-09-30T11:09:35+00:00\" \/>\n<meta property=\"og:image\" content=\"http:\/\/francelyme.fr\/site\/wp-content\/uploads\/2024\/09\/richard-wilson.jpeg\" \/>\n\t<meta property=\"og:image:width\" content=\"412\" \/>\n\t<meta property=\"og:image:height\" content=\"412\" \/>\n\t<meta property=\"og:image:type\" content=\"image\/jpeg\" \/>\n<meta name=\"author\" content=\"adminntlyme\" \/>\n<meta name=\"twitter:card\" content=\"summary_large_image\" \/>\n<meta name=\"twitter:creator\" content=\"@francelyme\" \/>\n<meta name=\"twitter:site\" content=\"@francelyme\" \/>\n<meta name=\"twitter:label1\" content=\"\u00c9crit par\" \/>\n\t<meta name=\"twitter:data1\" content=\"adminntlyme\" \/>\n\t<meta name=\"twitter:label2\" content=\"Dur\u00e9e de lecture estim\u00e9e\" \/>\n\t<meta name=\"twitter:data2\" content=\"8 minutes\" \/>\n<script type=\"application\/ld+json\" class=\"yoast-schema-graph\">{\"@context\":\"https:\\\/\\\/schema.org\",\"@graph\":[{\"@type\":\"Article\",\"@id\":\"https:\\\/\\\/francelyme.fr\\\/site\\\/un-frappe-de-medecins-et-la-folie-derriere-le-mauvais-diagnostic-de-la-maladie-de-lyme-par-richard-wilson\\\/#article\",\"isPartOf\":{\"@id\":\"https:\\\/\\\/francelyme.fr\\\/site\\\/un-frappe-de-medecins-et-la-folie-derriere-le-mauvais-diagnostic-de-la-maladie-de-lyme-par-richard-wilson\\\/\"},\"author\":{\"name\":\"adminntlyme\",\"@id\":\"https:\\\/\\\/francelyme.fr\\\/site\\\/#\\\/schema\\\/person\\\/f7bd0eb75be49e4795c4ea0b3767e039\"},\"headline\":\"Un \u00ab frapp\u00e9 de m\u00e9decins \u00bb et la folie derri\u00e8re le mauvais diagnostic de la maladie de Lyme Par Richard Wilson\",\"datePublished\":\"2024-09-30T11:07:38+00:00\",\"dateModified\":\"2024-09-30T11:09:35+00:00\",\"mainEntityOfPage\":{\"@id\":\"https:\\\/\\\/francelyme.fr\\\/site\\\/un-frappe-de-medecins-et-la-folie-derriere-le-mauvais-diagnostic-de-la-maladie-de-lyme-par-richard-wilson\\\/\"},\"wordCount\":1644,\"publisher\":{\"@id\":\"https:\\\/\\\/francelyme.fr\\\/site\\\/#organization\"},\"image\":{\"@id\":\"https:\\\/\\\/francelyme.fr\\\/site\\\/un-frappe-de-medecins-et-la-folie-derriere-le-mauvais-diagnostic-de-la-maladie-de-lyme-par-richard-wilson\\\/#primaryimage\"},\"thumbnailUrl\":\"https:\\\/\\\/francelyme.fr\\\/site\\\/wp-content\\\/uploads\\\/2024\\\/09\\\/richard-wilson.jpeg\",\"articleSection\":[\"Nouvelles\"],\"inLanguage\":\"fr-FR\"},{\"@type\":\"WebPage\",\"@id\":\"https:\\\/\\\/francelyme.fr\\\/site\\\/un-frappe-de-medecins-et-la-folie-derriere-le-mauvais-diagnostic-de-la-maladie-de-lyme-par-richard-wilson\\\/\",\"url\":\"https:\\\/\\\/francelyme.fr\\\/site\\\/un-frappe-de-medecins-et-la-folie-derriere-le-mauvais-diagnostic-de-la-maladie-de-lyme-par-richard-wilson\\\/\",\"name\":\"Un \u00ab frapp\u00e9 de m\u00e9decins \u00bb et la folie derri\u00e8re le mauvais diagnostic de la maladie de Lyme Par Richard Wilson - Association France Lyme\",\"isPartOf\":{\"@id\":\"https:\\\/\\\/francelyme.fr\\\/site\\\/#website\"},\"primaryImageOfPage\":{\"@id\":\"https:\\\/\\\/francelyme.fr\\\/site\\\/un-frappe-de-medecins-et-la-folie-derriere-le-mauvais-diagnostic-de-la-maladie-de-lyme-par-richard-wilson\\\/#primaryimage\"},\"image\":{\"@id\":\"https:\\\/\\\/francelyme.fr\\\/site\\\/un-frappe-de-medecins-et-la-folie-derriere-le-mauvais-diagnostic-de-la-maladie-de-lyme-par-richard-wilson\\\/#primaryimage\"},\"thumbnailUrl\":\"https:\\\/\\\/francelyme.fr\\\/site\\\/wp-content\\\/uploads\\\/2024\\\/09\\\/richard-wilson.jpeg\",\"datePublished\":\"2024-09-30T11:07:38+00:00\",\"dateModified\":\"2024-09-30T11:09:35+00:00\",\"breadcrumb\":{\"@id\":\"https:\\\/\\\/francelyme.fr\\\/site\\\/un-frappe-de-medecins-et-la-folie-derriere-le-mauvais-diagnostic-de-la-maladie-de-lyme-par-richard-wilson\\\/#breadcrumb\"},\"inLanguage\":\"fr-FR\",\"potentialAction\":[{\"@type\":\"ReadAction\",\"target\":[\"https:\\\/\\\/francelyme.fr\\\/site\\\/un-frappe-de-medecins-et-la-folie-derriere-le-mauvais-diagnostic-de-la-maladie-de-lyme-par-richard-wilson\\\/\"]}]},{\"@type\":\"ImageObject\",\"inLanguage\":\"fr-FR\",\"@id\":\"https:\\\/\\\/francelyme.fr\\\/site\\\/un-frappe-de-medecins-et-la-folie-derriere-le-mauvais-diagnostic-de-la-maladie-de-lyme-par-richard-wilson\\\/#primaryimage\",\"url\":\"https:\\\/\\\/francelyme.fr\\\/site\\\/wp-content\\\/uploads\\\/2024\\\/09\\\/richard-wilson.jpeg\",\"contentUrl\":\"https:\\\/\\\/francelyme.fr\\\/site\\\/wp-content\\\/uploads\\\/2024\\\/09\\\/richard-wilson.jpeg\",\"width\":412,\"height\":412},{\"@type\":\"BreadcrumbList\",\"@id\":\"https:\\\/\\\/francelyme.fr\\\/site\\\/un-frappe-de-medecins-et-la-folie-derriere-le-mauvais-diagnostic-de-la-maladie-de-lyme-par-richard-wilson\\\/#breadcrumb\",\"itemListElement\":[{\"@type\":\"ListItem\",\"position\":1,\"name\":\"Accueil\",\"item\":\"https:\\\/\\\/francelyme.fr\\\/site\\\/\"},{\"@type\":\"ListItem\",\"position\":2,\"name\":\"Un \u00ab frapp\u00e9 de m\u00e9decins \u00bb et la folie derri\u00e8re le mauvais diagnostic de la maladie de Lyme Par Richard Wilson\"}]},{\"@type\":\"WebSite\",\"@id\":\"https:\\\/\\\/francelyme.fr\\\/site\\\/#website\",\"url\":\"https:\\\/\\\/francelyme.fr\\\/site\\\/\",\"name\":\"Association France Lyme\",\"description\":\"Association de lutte contre les maladies vectorielles \u00e0 tiques\",\"publisher\":{\"@id\":\"https:\\\/\\\/francelyme.fr\\\/site\\\/#organization\"},\"potentialAction\":[{\"@type\":\"SearchAction\",\"target\":{\"@type\":\"EntryPoint\",\"urlTemplate\":\"https:\\\/\\\/francelyme.fr\\\/site\\\/?s={search_term_string}\"},\"query-input\":{\"@type\":\"PropertyValueSpecification\",\"valueRequired\":true,\"valueName\":\"search_term_string\"}}],\"inLanguage\":\"fr-FR\"},{\"@type\":\"Organization\",\"@id\":\"https:\\\/\\\/francelyme.fr\\\/site\\\/#organization\",\"name\":\"France Lyme\",\"url\":\"https:\\\/\\\/francelyme.fr\\\/site\\\/\",\"logo\":{\"@type\":\"ImageObject\",\"inLanguage\":\"fr-FR\",\"@id\":\"https:\\\/\\\/francelyme.fr\\\/site\\\/#\\\/schema\\\/logo\\\/image\\\/\",\"url\":\"https:\\\/\\\/francelyme.fr\\\/site\\\/wp-content\\\/uploads\\\/2019\\\/05\\\/francelyme-site.gif\",\"contentUrl\":\"https:\\\/\\\/francelyme.fr\\\/site\\\/wp-content\\\/uploads\\\/2019\\\/05\\\/francelyme-site.gif\",\"width\":180,\"height\":180,\"caption\":\"France Lyme\"},\"image\":{\"@id\":\"https:\\\/\\\/francelyme.fr\\\/site\\\/#\\\/schema\\\/logo\\\/image\\\/\"},\"sameAs\":[\"https:\\\/\\\/www.facebook.com\\\/france.lyme\",\"https:\\\/\\\/x.com\\\/francelyme\",\"https:\\\/\\\/www.youtube.com\\\/channel\\\/UClMCGl3dvkz0iAgXFR1NH1A\"]},{\"@type\":\"Person\",\"@id\":\"https:\\\/\\\/francelyme.fr\\\/site\\\/#\\\/schema\\\/person\\\/f7bd0eb75be49e4795c4ea0b3767e039\",\"name\":\"adminntlyme\",\"image\":{\"@type\":\"ImageObject\",\"inLanguage\":\"fr-FR\",\"@id\":\"https:\\\/\\\/secure.gravatar.com\\\/avatar\\\/e9ab07a36659baa27b55dfef2a5432041c212015f8eb8a8d25b934c17a03cb54?s=96&d=mm&r=g\",\"url\":\"https:\\\/\\\/secure.gravatar.com\\\/avatar\\\/e9ab07a36659baa27b55dfef2a5432041c212015f8eb8a8d25b934c17a03cb54?s=96&d=mm&r=g\",\"contentUrl\":\"https:\\\/\\\/secure.gravatar.com\\\/avatar\\\/e9ab07a36659baa27b55dfef2a5432041c212015f8eb8a8d25b934c17a03cb54?s=96&d=mm&r=g\",\"caption\":\"adminntlyme\"},\"url\":\"https:\\\/\\\/francelyme.fr\\\/site\\\/author\\\/adminntlyme\\\/\"}]}<\/script>\n<!-- \/ Yoast SEO plugin. -->","yoast_head_json":{"title":"Un \u00ab frapp\u00e9 de m\u00e9decins \u00bb et la folie derri\u00e8re le mauvais diagnostic de la maladie de Lyme Par Richard Wilson - Association France Lyme","robots":{"index":"index","follow":"follow","max-snippet":"max-snippet:-1","max-image-preview":"max-image-preview:large","max-video-preview":"max-video-preview:-1"},"canonical":"https:\/\/francelyme.fr\/site\/un-frappe-de-medecins-et-la-folie-derriere-le-mauvais-diagnostic-de-la-maladie-de-lyme-par-richard-wilson\/","og_locale":"fr_FR","og_type":"article","og_title":"Un \u00ab frapp\u00e9 de m\u00e9decins \u00bb et la folie derri\u00e8re le mauvais diagnostic de la maladie de Lyme Par Richard Wilson - Association France Lyme","og_url":"https:\/\/francelyme.fr\/site\/un-frappe-de-medecins-et-la-folie-derriere-le-mauvais-diagnostic-de-la-maladie-de-lyme-par-richard-wilson\/","og_site_name":"Association France Lyme","article_publisher":"https:\/\/www.facebook.com\/france.lyme","article_published_time":"2024-09-30T11:07:38+00:00","article_modified_time":"2024-09-30T11:09:35+00:00","og_image":[{"width":412,"height":412,"url":"http:\/\/francelyme.fr\/site\/wp-content\/uploads\/2024\/09\/richard-wilson.jpeg","type":"image\/jpeg"}],"author":"adminntlyme","twitter_card":"summary_large_image","twitter_creator":"@francelyme","twitter_site":"@francelyme","twitter_misc":{"\u00c9crit par":"adminntlyme","Dur\u00e9e de lecture estim\u00e9e":"8 minutes"},"schema":{"@context":"https:\/\/schema.org","@graph":[{"@type":"Article","@id":"https:\/\/francelyme.fr\/site\/un-frappe-de-medecins-et-la-folie-derriere-le-mauvais-diagnostic-de-la-maladie-de-lyme-par-richard-wilson\/#article","isPartOf":{"@id":"https:\/\/francelyme.fr\/site\/un-frappe-de-medecins-et-la-folie-derriere-le-mauvais-diagnostic-de-la-maladie-de-lyme-par-richard-wilson\/"},"author":{"name":"adminntlyme","@id":"https:\/\/francelyme.fr\/site\/#\/schema\/person\/f7bd0eb75be49e4795c4ea0b3767e039"},"headline":"Un \u00ab frapp\u00e9 de m\u00e9decins \u00bb et la folie derri\u00e8re le mauvais diagnostic de la maladie de Lyme Par Richard Wilson","datePublished":"2024-09-30T11:07:38+00:00","dateModified":"2024-09-30T11:09:35+00:00","mainEntityOfPage":{"@id":"https:\/\/francelyme.fr\/site\/un-frappe-de-medecins-et-la-folie-derriere-le-mauvais-diagnostic-de-la-maladie-de-lyme-par-richard-wilson\/"},"wordCount":1644,"publisher":{"@id":"https:\/\/francelyme.fr\/site\/#organization"},"image":{"@id":"https:\/\/francelyme.fr\/site\/un-frappe-de-medecins-et-la-folie-derriere-le-mauvais-diagnostic-de-la-maladie-de-lyme-par-richard-wilson\/#primaryimage"},"thumbnailUrl":"https:\/\/francelyme.fr\/site\/wp-content\/uploads\/2024\/09\/richard-wilson.jpeg","articleSection":["Nouvelles"],"inLanguage":"fr-FR"},{"@type":"WebPage","@id":"https:\/\/francelyme.fr\/site\/un-frappe-de-medecins-et-la-folie-derriere-le-mauvais-diagnostic-de-la-maladie-de-lyme-par-richard-wilson\/","url":"https:\/\/francelyme.fr\/site\/un-frappe-de-medecins-et-la-folie-derriere-le-mauvais-diagnostic-de-la-maladie-de-lyme-par-richard-wilson\/","name":"Un \u00ab frapp\u00e9 de m\u00e9decins \u00bb et la folie derri\u00e8re le mauvais diagnostic de la maladie de Lyme Par Richard Wilson - Association France Lyme","isPartOf":{"@id":"https:\/\/francelyme.fr\/site\/#website"},"primaryImageOfPage":{"@id":"https:\/\/francelyme.fr\/site\/un-frappe-de-medecins-et-la-folie-derriere-le-mauvais-diagnostic-de-la-maladie-de-lyme-par-richard-wilson\/#primaryimage"},"image":{"@id":"https:\/\/francelyme.fr\/site\/un-frappe-de-medecins-et-la-folie-derriere-le-mauvais-diagnostic-de-la-maladie-de-lyme-par-richard-wilson\/#primaryimage"},"thumbnailUrl":"https:\/\/francelyme.fr\/site\/wp-content\/uploads\/2024\/09\/richard-wilson.jpeg","datePublished":"2024-09-30T11:07:38+00:00","dateModified":"2024-09-30T11:09:35+00:00","breadcrumb":{"@id":"https:\/\/francelyme.fr\/site\/un-frappe-de-medecins-et-la-folie-derriere-le-mauvais-diagnostic-de-la-maladie-de-lyme-par-richard-wilson\/#breadcrumb"},"inLanguage":"fr-FR","potentialAction":[{"@type":"ReadAction","target":["https:\/\/francelyme.fr\/site\/un-frappe-de-medecins-et-la-folie-derriere-le-mauvais-diagnostic-de-la-maladie-de-lyme-par-richard-wilson\/"]}]},{"@type":"ImageObject","inLanguage":"fr-FR","@id":"https:\/\/francelyme.fr\/site\/un-frappe-de-medecins-et-la-folie-derriere-le-mauvais-diagnostic-de-la-maladie-de-lyme-par-richard-wilson\/#primaryimage","url":"https:\/\/francelyme.fr\/site\/wp-content\/uploads\/2024\/09\/richard-wilson.jpeg","contentUrl":"https:\/\/francelyme.fr\/site\/wp-content\/uploads\/2024\/09\/richard-wilson.jpeg","width":412,"height":412},{"@type":"BreadcrumbList","@id":"https:\/\/francelyme.fr\/site\/un-frappe-de-medecins-et-la-folie-derriere-le-mauvais-diagnostic-de-la-maladie-de-lyme-par-richard-wilson\/#breadcrumb","itemListElement":[{"@type":"ListItem","position":1,"name":"Accueil","item":"https:\/\/francelyme.fr\/site\/"},{"@type":"ListItem","position":2,"name":"Un \u00ab frapp\u00e9 de m\u00e9decins \u00bb et la folie derri\u00e8re le mauvais diagnostic de la maladie de Lyme Par Richard Wilson"}]},{"@type":"WebSite","@id":"https:\/\/francelyme.fr\/site\/#website","url":"https:\/\/francelyme.fr\/site\/","name":"Association France Lyme","description":"Association de lutte contre les maladies vectorielles \u00e0 tiques","publisher":{"@id":"https:\/\/francelyme.fr\/site\/#organization"},"potentialAction":[{"@type":"SearchAction","target":{"@type":"EntryPoint","urlTemplate":"https:\/\/francelyme.fr\/site\/?s={search_term_string}"},"query-input":{"@type":"PropertyValueSpecification","valueRequired":true,"valueName":"search_term_string"}}],"inLanguage":"fr-FR"},{"@type":"Organization","@id":"https:\/\/francelyme.fr\/site\/#organization","name":"France Lyme","url":"https:\/\/francelyme.fr\/site\/","logo":{"@type":"ImageObject","inLanguage":"fr-FR","@id":"https:\/\/francelyme.fr\/site\/#\/schema\/logo\/image\/","url":"https:\/\/francelyme.fr\/site\/wp-content\/uploads\/2019\/05\/francelyme-site.gif","contentUrl":"https:\/\/francelyme.fr\/site\/wp-content\/uploads\/2019\/05\/francelyme-site.gif","width":180,"height":180,"caption":"France Lyme"},"image":{"@id":"https:\/\/francelyme.fr\/site\/#\/schema\/logo\/image\/"},"sameAs":["https:\/\/www.facebook.com\/france.lyme","https:\/\/x.com\/francelyme","https:\/\/www.youtube.com\/channel\/UClMCGl3dvkz0iAgXFR1NH1A"]},{"@type":"Person","@id":"https:\/\/francelyme.fr\/site\/#\/schema\/person\/f7bd0eb75be49e4795c4ea0b3767e039","name":"adminntlyme","image":{"@type":"ImageObject","inLanguage":"fr-FR","@id":"https:\/\/secure.gravatar.com\/avatar\/e9ab07a36659baa27b55dfef2a5432041c212015f8eb8a8d25b934c17a03cb54?s=96&d=mm&r=g","url":"https:\/\/secure.gravatar.com\/avatar\/e9ab07a36659baa27b55dfef2a5432041c212015f8eb8a8d25b934c17a03cb54?s=96&d=mm&r=g","contentUrl":"https:\/\/secure.gravatar.com\/avatar\/e9ab07a36659baa27b55dfef2a5432041c212015f8eb8a8d25b934c17a03cb54?s=96&d=mm&r=g","caption":"adminntlyme"},"url":"https:\/\/francelyme.fr\/site\/author\/adminntlyme\/"}]}},"_links":{"self":[{"href":"https:\/\/francelyme.fr\/site\/wp-json\/wp\/v2\/posts\/16970","targetHints":{"allow":["GET"]}}],"collection":[{"href":"https:\/\/francelyme.fr\/site\/wp-json\/wp\/v2\/posts"}],"about":[{"href":"https:\/\/francelyme.fr\/site\/wp-json\/wp\/v2\/types\/post"}],"author":[{"embeddable":true,"href":"https:\/\/francelyme.fr\/site\/wp-json\/wp\/v2\/users\/17"}],"replies":[{"embeddable":true,"href":"https:\/\/francelyme.fr\/site\/wp-json\/wp\/v2\/comments?post=16970"}],"version-history":[{"count":2,"href":"https:\/\/francelyme.fr\/site\/wp-json\/wp\/v2\/posts\/16970\/revisions"}],"predecessor-version":[{"id":16973,"href":"https:\/\/francelyme.fr\/site\/wp-json\/wp\/v2\/posts\/16970\/revisions\/16973"}],"wp:featuredmedia":[{"embeddable":true,"href":"https:\/\/francelyme.fr\/site\/wp-json\/wp\/v2\/media\/16971"}],"wp:attachment":[{"href":"https:\/\/francelyme.fr\/site\/wp-json\/wp\/v2\/media?parent=16970"}],"wp:term":[{"taxonomy":"category","embeddable":true,"href":"https:\/\/francelyme.fr\/site\/wp-json\/wp\/v2\/categories?post=16970"},{"taxonomy":"post_tag","embeddable":true,"href":"https:\/\/francelyme.fr\/site\/wp-json\/wp\/v2\/tags?post=16970"}],"curies":[{"name":"wp","href":"https:\/\/api.w.org\/{rel}","templated":true}]}}