{"id":16980,"date":"2024-10-01T08:29:13","date_gmt":"2024-10-01T06:29:13","guid":{"rendered":"https:\/\/francelyme.fr\/site\/?p=16980"},"modified":"2024-10-01T23:06:58","modified_gmt":"2024-10-01T21:06:58","slug":"ils-arrivent-a-nice-soutenez-laventure-alplyme-en-cours-et-faites-la-connaitre-autour-de-vous","status":"publish","type":"post","link":"https:\/\/francelyme.fr\/site\/ils-arrivent-a-nice-soutenez-laventure-alplyme-en-cours-et-faites-la-connaitre-autour-de-vous\/","title":{"rendered":"Ils arrivent \u00e0 Nice : Soutenez l\u2019aventure ALP\u2019Lyme en cours et faites la conna\u00eetre autour de vous\u00a0!"},"content":{"rendered":"<div class=\"like-button\" style=\"float: right; clear: both; text-align: right; width = 100%;\">\n<!-- Facebook Like Button Vivacity Infotech BEGIN -->\n<div class=\"fb-like\" data-href=\"https:\/\/francelyme.fr\/site\/ils-arrivent-a-nice-soutenez-laventure-alplyme-en-cours-et-faites-la-connaitre-autour-de-vous\/\" data-layout=\"box_count\" data-action=\"like\" data-show-faces=\"false\" data-size=\"large\" data-width=\"450\" data-share=\"1\" ><\/div><\/div>\n<!-- Facebook Like Button Vivacity Infotech END -->\n<div id=\"fb-root\"><\/div>\n\n<p><em>D\u00e9part le 14 septembre du Lac L\u00e9man, arriv\u00e9e le 1<sup>er<\/sup> octobre \u00e0 Nice<\/em><\/p>\n\n\n\n<p>Je vous ai d\u00e9j\u00e0 parl\u00e9 de ALP\u2019Lyme le mois dernier&nbsp;: c\u2019est un d\u00e9fi hors norme au profit de la lutte contre la maladie de Lyme, que se sont fix\u00e9s trois sportifs&nbsp;touch\u00e9s par la maladie de Lyme : traverser toutes les Alpes en deux semaines, du Lac L\u00e9man jusqu\u2019\u00e0 Nice, \u00e0 pied, en parcourant 600 km et en grimpant 30 000 m\u00e8tres de d\u00e9nivel\u00e9&nbsp;! Tous les jours, c\u2019est en moyenne l\u2019\u00e9quivalent d\u2019un marathon, et l\u2019escalade de sept Tours Eiffel, c\u2019est absolument ph\u00e9nom\u00e9nal&nbsp;!! Allez d\u00e9couvrir ce projet extraordinaire sans attendre sur notre site, sur le site d\u2019<strong>ALP\u2019Lyme <\/strong>et sur les r\u00e9seaux sociaux&nbsp;!<\/p>\n\n\n\n<p>France Lyme est partenaire du projet, nous sommes garants de la collecte des dons&nbsp;: les sommes r\u00e9colt\u00e9es seront int\u00e9gralement utilis\u00e9es pour faire des actions de pr\u00e9vention, pour aider les malades et financer des travaux de recherche. Merci d\u2019avance de soutenir ce d\u00e9fi, d\u2019en parler autour de vous, et de relayer dans votre entourage le lien vers la cagnotte du projet. Pr\u00e9cision importante&nbsp;: tout don \u00e0 France Lyme est d\u00e9ductible des imp\u00f4ts \u00e0 hauteur de 66%, autrement dit un don de 50 \u20ac ne co\u00fbtera au donateur que 17 \u20ac en r\u00e9alit\u00e9.<\/p>\n\n\n\n<p>Pour soutenir le projet et faire un don, cliquez sur <a href=\"https:\/\/www.helloasso.com\/associations\/association-france-lyme\/collectes\/traversee-alp-lyme\">cagnotte<\/a>.<\/p>\n\n\n\n<p>La veille du d\u00e9part, nous avons comme pr\u00e9vu organis\u00e9 \u00e0 Thonon une pr\u00e9sentation du projet et une conf\u00e9rence sur la maladie de Lyme, en pr\u00e9sence des sportifs, de responsables politiques, notamment Mme Duby-Muller, d\u00e9put\u00e9e de Haute-Savoie, de Marie Nezet et Cedric Jacquet, deux responsables du parc naturel r\u00e9gional du Haut Doubs Horloger, et de nombreuses personnes soutenant le projet. Cette soir\u00e9e a \u00e9t\u00e9 un franc succ\u00e8s, et je tiens \u00e0 remercier chaleureusement les participants et les organisateurs, en donnant en particulier un grand coup de chapeau \u00e0 Bertrand Pasquet et Christ\u00e8le Dumas-Gonnet, pour l\u2019organisation et la conf\u00e9rence Lyme, ainsi que l\u2019association sportive \u00ab&nbsp;Les D\u00e9traill\u00e9s&nbsp;\u00bb, qui nous a remis \u00e0 cette occasion un ch\u00e8que de soutien de 500 \u20ac pour ALP\u2019Lyme&nbsp;! Un grand grand merci pour ce don&nbsp;!<\/p>\n\n\n\n<p>A l\u2019heure o\u00f9 j\u2019\u00e9cris ces lignes, Julien Rueflin, l\u2019inspirateur et l\u2019initiateur du projet, se rapproche du but. Il a r\u00e9alis\u00e9 plus de 400 km en 10 jours, plus des 2\/3 du parcours, en affrontant des conditions m\u00e9t\u00e9o difficiles voire ex\u00e9crables par endroits (pas mal de neige, de brouillard, et de vent). Il a \u00e9galement chut\u00e9 lors des premiers jours, et en garde quelques douleurs. Ses co-\u00e9quipiers Jeanne Salvi et Xavier Th\u00e9venard l\u2019ont accompagn\u00e9 dans les premi\u00e8res \u00e9tapes, ils n\u2019ont pas pu poursuivre le parcours en continu, mais ils restent bien s\u00fbr des supporters inconditionnels du projet.<\/p>\n\n\n\n<p>Un grand merci au passage \u00e9galement \u00e0 toute l\u2019\u00e9quipe qui soutient le projet, et en particulier \u00e0 Pauline Balosetti qui a assur\u00e9 un r\u00f4le vital&nbsp;: l\u2019assistance et la logistique de la course&nbsp;!<\/p>\n\n\n\n<p>La date d\u2019arriv\u00e9e \u00e0 Nice a \u00e9t\u00e9 un peu d\u00e9cal\u00e9e, Julien estime qu\u2019il arrivera mardi 1<sup>er<\/sup> octobre dans l\u2019apr\u00e8s-midi au bout du GR5, au 31 avenue Castellane, il pr\u00e9voit de poursuivre sa course sur la Promenade des Anglais, et de la terminer en beaut\u00e9 au kiosque du Parc du Th\u00e9\u00e2tre de Verdure de Nice.<\/p>\n\n\n\n<p>Pour plus d\u2019info, je vous recommande de suivre l\u2019avancement du projet sur les r\u00e9seaux sociaux du projet ALP\u2019Lyme, n\u2019h\u00e9sitez pas \u00e0 vous joindre \u00e0 lui et \u00e0 nous pour le finish dans Nice&nbsp;!!<\/p>\n\n\n\n<p>Nous organiserons dans quelques semaines un \u00e9v\u00e9nement en ligne qui retracera l\u2019aventure ALP\u2019Lyme, en donnant la parole aux h\u00e9ros qui se sont mobilis\u00e9s pour la cause des malades, et en dressant le bilan de cet incroyable projet.<\/p>\n\n\n\n<p>En attendant, la cagnotte reste ouverte, un grand merci \u00e0 tous les donateurs\u00a0!<\/p>\n\n\n<div class=\"wp-block-image\">\n<figure class=\"aligncenter size-large\"><img loading=\"lazy\" decoding=\"async\" width=\"1024\" height=\"1017\" src=\"http:\/\/francelyme.fr\/site\/wp-content\/uploads\/2024\/10\/Alplyme-Nice-1-octobre-2024-1024x1017.jpg\" alt=\"\" class=\"wp-image-16981\" srcset=\"https:\/\/francelyme.fr\/site\/wp-content\/uploads\/2024\/10\/Alplyme-Nice-1-octobre-2024-1024x1017.jpg 1024w, https:\/\/francelyme.fr\/site\/wp-content\/uploads\/2024\/10\/Alplyme-Nice-1-octobre-2024-300x298.jpg 300w, https:\/\/francelyme.fr\/site\/wp-content\/uploads\/2024\/10\/Alplyme-Nice-1-octobre-2024-150x150.jpg 150w, https:\/\/francelyme.fr\/site\/wp-content\/uploads\/2024\/10\/Alplyme-Nice-1-octobre-2024-768x763.jpg 768w, https:\/\/francelyme.fr\/site\/wp-content\/uploads\/2024\/10\/Alplyme-Nice-1-octobre-2024-90x90.jpg 90w, https:\/\/francelyme.fr\/site\/wp-content\/uploads\/2024\/10\/Alplyme-Nice-1-octobre-2024-75x75.jpg 75w, https:\/\/francelyme.fr\/site\/wp-content\/uploads\/2024\/10\/Alplyme-Nice-1-octobre-2024.jpg 1078w\" sizes=\"auto, (max-width: 1024px) 100vw, 1024px\" \/><\/figure>\n<\/div><div class=\"like-button\" style=\"float: right; clear: both; text-align: right; width = 100%;\">\n<!-- Facebook Like Button Vivacity Infotech BEGIN -->\n<div class=\"fb-like\" data-href=\"https:\/\/francelyme.fr\/site\/ils-arrivent-a-nice-soutenez-laventure-alplyme-en-cours-et-faites-la-connaitre-autour-de-vous\/\" data-layout=\"box_count\" data-action=\"like\" data-show-faces=\"false\" data-size=\"large\" data-width=\"450\" data-share=\"1\" ><\/div><\/div>\n<!-- Facebook Like Button Vivacity Infotech END -->\n","protected":false},"excerpt":{"rendered":"","protected":false},"author":17,"featured_media":16981,"comment_status":"closed","ping_status":"open","sticky":false,"template":"","format":"standard","meta":{"footnotes":""},"categories":[293,85],"tags":[],"class_list":["post-16980","post","type-post","status-publish","format-standard","has-post-thumbnail","hentry","category-aventure-humaine-sportive","category-paca"],"yoast_head":"<!-- This site is optimized with the Yoast SEO plugin v27.3 - https:\/\/yoast.com\/product\/yoast-seo-wordpress\/ -->\n<title>Ils arrivent \u00e0 Nice : Soutenez l\u2019aventure ALP\u2019Lyme en cours et faites la conna\u00eetre autour de vous\u00a0! - Association France Lyme<\/title>\n<meta name=\"robots\" content=\"index, follow, max-snippet:-1, max-image-preview:large, max-video-preview:-1\" \/>\n<link rel=\"canonical\" href=\"https:\/\/francelyme.fr\/site\/ils-arrivent-a-nice-soutenez-laventure-alplyme-en-cours-et-faites-la-connaitre-autour-de-vous\/\" \/>\n<meta property=\"og:locale\" content=\"fr_FR\" \/>\n<meta property=\"og:type\" content=\"article\" \/>\n<meta property=\"og:title\" content=\"Ils arrivent \u00e0 Nice : Soutenez l\u2019aventure ALP\u2019Lyme en cours et faites la conna\u00eetre autour de vous\u00a0! - Association France Lyme\" \/>\n<meta property=\"og:url\" content=\"https:\/\/francelyme.fr\/site\/ils-arrivent-a-nice-soutenez-laventure-alplyme-en-cours-et-faites-la-connaitre-autour-de-vous\/\" \/>\n<meta property=\"og:site_name\" content=\"Association France Lyme\" \/>\n<meta property=\"article:publisher\" content=\"https:\/\/www.facebook.com\/france.lyme\" \/>\n<meta property=\"article:published_time\" content=\"2024-10-01T06:29:13+00:00\" \/>\n<meta property=\"article:modified_time\" content=\"2024-10-01T21:06:58+00:00\" \/>\n<meta property=\"og:image\" content=\"http:\/\/francelyme.fr\/site\/wp-content\/uploads\/2024\/10\/Alplyme-Nice-1-octobre-2024.jpg\" \/>\n\t<meta property=\"og:image:width\" content=\"1078\" \/>\n\t<meta property=\"og:image:height\" content=\"1071\" \/>\n\t<meta property=\"og:image:type\" content=\"image\/jpeg\" \/>\n<meta name=\"author\" content=\"adminntlyme\" \/>\n<meta name=\"twitter:card\" content=\"summary_large_image\" \/>\n<meta name=\"twitter:creator\" content=\"@francelyme\" \/>\n<meta name=\"twitter:site\" content=\"@francelyme\" \/>\n<meta name=\"twitter:label1\" content=\"\u00c9crit par\" \/>\n\t<meta name=\"twitter:data1\" content=\"adminntlyme\" \/>\n\t<meta name=\"twitter:label2\" content=\"Dur\u00e9e de lecture estim\u00e9e\" \/>\n\t<meta name=\"twitter:data2\" content=\"4 minutes\" \/>\n<script type=\"application\/ld+json\" class=\"yoast-schema-graph\">{\"@context\":\"https:\\\/\\\/schema.org\",\"@graph\":[{\"@type\":\"Article\",\"@id\":\"https:\\\/\\\/francelyme.fr\\\/site\\\/ils-arrivent-a-nice-soutenez-laventure-alplyme-en-cours-et-faites-la-connaitre-autour-de-vous\\\/#article\",\"isPartOf\":{\"@id\":\"https:\\\/\\\/francelyme.fr\\\/site\\\/ils-arrivent-a-nice-soutenez-laventure-alplyme-en-cours-et-faites-la-connaitre-autour-de-vous\\\/\"},\"author\":{\"name\":\"adminntlyme\",\"@id\":\"https:\\\/\\\/francelyme.fr\\\/site\\\/#\\\/schema\\\/person\\\/f7bd0eb75be49e4795c4ea0b3767e039\"},\"headline\":\"Ils arrivent \u00e0 Nice : Soutenez l\u2019aventure ALP\u2019Lyme en cours et faites la conna\u00eetre autour de vous\u00a0!\",\"datePublished\":\"2024-10-01T06:29:13+00:00\",\"dateModified\":\"2024-10-01T21:06:58+00:00\",\"mainEntityOfPage\":{\"@id\":\"https:\\\/\\\/francelyme.fr\\\/site\\\/ils-arrivent-a-nice-soutenez-laventure-alplyme-en-cours-et-faites-la-connaitre-autour-de-vous\\\/\"},\"wordCount\":700,\"publisher\":{\"@id\":\"https:\\\/\\\/francelyme.fr\\\/site\\\/#organization\"},\"image\":{\"@id\":\"https:\\\/\\\/francelyme.fr\\\/site\\\/ils-arrivent-a-nice-soutenez-laventure-alplyme-en-cours-et-faites-la-connaitre-autour-de-vous\\\/#primaryimage\"},\"thumbnailUrl\":\"https:\\\/\\\/francelyme.fr\\\/site\\\/wp-content\\\/uploads\\\/2024\\\/10\\\/Alplyme-Nice-1-octobre-2024.jpg\",\"articleSection\":[\"Aventure humaine sportive\",\"Provence-Alpes-C\u00f4te d'Azur\"],\"inLanguage\":\"fr-FR\"},{\"@type\":\"WebPage\",\"@id\":\"https:\\\/\\\/francelyme.fr\\\/site\\\/ils-arrivent-a-nice-soutenez-laventure-alplyme-en-cours-et-faites-la-connaitre-autour-de-vous\\\/\",\"url\":\"https:\\\/\\\/francelyme.fr\\\/site\\\/ils-arrivent-a-nice-soutenez-laventure-alplyme-en-cours-et-faites-la-connaitre-autour-de-vous\\\/\",\"name\":\"Ils arrivent \u00e0 Nice : Soutenez l\u2019aventure ALP\u2019Lyme en cours et faites la conna\u00eetre autour de vous\u00a0! - Association France Lyme\",\"isPartOf\":{\"@id\":\"https:\\\/\\\/francelyme.fr\\\/site\\\/#website\"},\"primaryImageOfPage\":{\"@id\":\"https:\\\/\\\/francelyme.fr\\\/site\\\/ils-arrivent-a-nice-soutenez-laventure-alplyme-en-cours-et-faites-la-connaitre-autour-de-vous\\\/#primaryimage\"},\"image\":{\"@id\":\"https:\\\/\\\/francelyme.fr\\\/site\\\/ils-arrivent-a-nice-soutenez-laventure-alplyme-en-cours-et-faites-la-connaitre-autour-de-vous\\\/#primaryimage\"},\"thumbnailUrl\":\"https:\\\/\\\/francelyme.fr\\\/site\\\/wp-content\\\/uploads\\\/2024\\\/10\\\/Alplyme-Nice-1-octobre-2024.jpg\",\"datePublished\":\"2024-10-01T06:29:13+00:00\",\"dateModified\":\"2024-10-01T21:06:58+00:00\",\"breadcrumb\":{\"@id\":\"https:\\\/\\\/francelyme.fr\\\/site\\\/ils-arrivent-a-nice-soutenez-laventure-alplyme-en-cours-et-faites-la-connaitre-autour-de-vous\\\/#breadcrumb\"},\"inLanguage\":\"fr-FR\",\"potentialAction\":[{\"@type\":\"ReadAction\",\"target\":[\"https:\\\/\\\/francelyme.fr\\\/site\\\/ils-arrivent-a-nice-soutenez-laventure-alplyme-en-cours-et-faites-la-connaitre-autour-de-vous\\\/\"]}]},{\"@type\":\"ImageObject\",\"inLanguage\":\"fr-FR\",\"@id\":\"https:\\\/\\\/francelyme.fr\\\/site\\\/ils-arrivent-a-nice-soutenez-laventure-alplyme-en-cours-et-faites-la-connaitre-autour-de-vous\\\/#primaryimage\",\"url\":\"https:\\\/\\\/francelyme.fr\\\/site\\\/wp-content\\\/uploads\\\/2024\\\/10\\\/Alplyme-Nice-1-octobre-2024.jpg\",\"contentUrl\":\"https:\\\/\\\/francelyme.fr\\\/site\\\/wp-content\\\/uploads\\\/2024\\\/10\\\/Alplyme-Nice-1-octobre-2024.jpg\",\"width\":1078,\"height\":1071},{\"@type\":\"BreadcrumbList\",\"@id\":\"https:\\\/\\\/francelyme.fr\\\/site\\\/ils-arrivent-a-nice-soutenez-laventure-alplyme-en-cours-et-faites-la-connaitre-autour-de-vous\\\/#breadcrumb\",\"itemListElement\":[{\"@type\":\"ListItem\",\"position\":1,\"name\":\"Accueil\",\"item\":\"https:\\\/\\\/francelyme.fr\\\/site\\\/\"},{\"@type\":\"ListItem\",\"position\":2,\"name\":\"Ils arrivent \u00e0 Nice : Soutenez l\u2019aventure ALP\u2019Lyme en cours et faites la conna\u00eetre autour de vous\u00a0!\"}]},{\"@type\":\"WebSite\",\"@id\":\"https:\\\/\\\/francelyme.fr\\\/site\\\/#website\",\"url\":\"https:\\\/\\\/francelyme.fr\\\/site\\\/\",\"name\":\"Association France Lyme\",\"description\":\"Association de lutte contre les maladies vectorielles \u00e0 tiques\",\"publisher\":{\"@id\":\"https:\\\/\\\/francelyme.fr\\\/site\\\/#organization\"},\"potentialAction\":[{\"@type\":\"SearchAction\",\"target\":{\"@type\":\"EntryPoint\",\"urlTemplate\":\"https:\\\/\\\/francelyme.fr\\\/site\\\/?s={search_term_string}\"},\"query-input\":{\"@type\":\"PropertyValueSpecification\",\"valueRequired\":true,\"valueName\":\"search_term_string\"}}],\"inLanguage\":\"fr-FR\"},{\"@type\":\"Organization\",\"@id\":\"https:\\\/\\\/francelyme.fr\\\/site\\\/#organization\",\"name\":\"France Lyme\",\"url\":\"https:\\\/\\\/francelyme.fr\\\/site\\\/\",\"logo\":{\"@type\":\"ImageObject\",\"inLanguage\":\"fr-FR\",\"@id\":\"https:\\\/\\\/francelyme.fr\\\/site\\\/#\\\/schema\\\/logo\\\/image\\\/\",\"url\":\"https:\\\/\\\/francelyme.fr\\\/site\\\/wp-content\\\/uploads\\\/2019\\\/05\\\/francelyme-site.gif\",\"contentUrl\":\"https:\\\/\\\/francelyme.fr\\\/site\\\/wp-content\\\/uploads\\\/2019\\\/05\\\/francelyme-site.gif\",\"width\":180,\"height\":180,\"caption\":\"France Lyme\"},\"image\":{\"@id\":\"https:\\\/\\\/francelyme.fr\\\/site\\\/#\\\/schema\\\/logo\\\/image\\\/\"},\"sameAs\":[\"https:\\\/\\\/www.facebook.com\\\/france.lyme\",\"https:\\\/\\\/x.com\\\/francelyme\",\"https:\\\/\\\/www.youtube.com\\\/channel\\\/UClMCGl3dvkz0iAgXFR1NH1A\"]},{\"@type\":\"Person\",\"@id\":\"https:\\\/\\\/francelyme.fr\\\/site\\\/#\\\/schema\\\/person\\\/f7bd0eb75be49e4795c4ea0b3767e039\",\"name\":\"adminntlyme\",\"image\":{\"@type\":\"ImageObject\",\"inLanguage\":\"fr-FR\",\"@id\":\"https:\\\/\\\/secure.gravatar.com\\\/avatar\\\/e9ab07a36659baa27b55dfef2a5432041c212015f8eb8a8d25b934c17a03cb54?s=96&d=mm&r=g\",\"url\":\"https:\\\/\\\/secure.gravatar.com\\\/avatar\\\/e9ab07a36659baa27b55dfef2a5432041c212015f8eb8a8d25b934c17a03cb54?s=96&d=mm&r=g\",\"contentUrl\":\"https:\\\/\\\/secure.gravatar.com\\\/avatar\\\/e9ab07a36659baa27b55dfef2a5432041c212015f8eb8a8d25b934c17a03cb54?s=96&d=mm&r=g\",\"caption\":\"adminntlyme\"},\"url\":\"https:\\\/\\\/francelyme.fr\\\/site\\\/author\\\/adminntlyme\\\/\"}]}<\/script>\n<!-- \/ Yoast SEO plugin. -->","yoast_head_json":{"title":"Ils arrivent \u00e0 Nice : Soutenez l\u2019aventure ALP\u2019Lyme en cours et faites la conna\u00eetre autour de vous\u00a0! - Association France Lyme","robots":{"index":"index","follow":"follow","max-snippet":"max-snippet:-1","max-image-preview":"max-image-preview:large","max-video-preview":"max-video-preview:-1"},"canonical":"https:\/\/francelyme.fr\/site\/ils-arrivent-a-nice-soutenez-laventure-alplyme-en-cours-et-faites-la-connaitre-autour-de-vous\/","og_locale":"fr_FR","og_type":"article","og_title":"Ils arrivent \u00e0 Nice : Soutenez l\u2019aventure ALP\u2019Lyme en cours et faites la conna\u00eetre autour de vous\u00a0! - Association France Lyme","og_url":"https:\/\/francelyme.fr\/site\/ils-arrivent-a-nice-soutenez-laventure-alplyme-en-cours-et-faites-la-connaitre-autour-de-vous\/","og_site_name":"Association France Lyme","article_publisher":"https:\/\/www.facebook.com\/france.lyme","article_published_time":"2024-10-01T06:29:13+00:00","article_modified_time":"2024-10-01T21:06:58+00:00","og_image":[{"width":1078,"height":1071,"url":"http:\/\/francelyme.fr\/site\/wp-content\/uploads\/2024\/10\/Alplyme-Nice-1-octobre-2024.jpg","type":"image\/jpeg"}],"author":"adminntlyme","twitter_card":"summary_large_image","twitter_creator":"@francelyme","twitter_site":"@francelyme","twitter_misc":{"\u00c9crit par":"adminntlyme","Dur\u00e9e de lecture estim\u00e9e":"4 minutes"},"schema":{"@context":"https:\/\/schema.org","@graph":[{"@type":"Article","@id":"https:\/\/francelyme.fr\/site\/ils-arrivent-a-nice-soutenez-laventure-alplyme-en-cours-et-faites-la-connaitre-autour-de-vous\/#article","isPartOf":{"@id":"https:\/\/francelyme.fr\/site\/ils-arrivent-a-nice-soutenez-laventure-alplyme-en-cours-et-faites-la-connaitre-autour-de-vous\/"},"author":{"name":"adminntlyme","@id":"https:\/\/francelyme.fr\/site\/#\/schema\/person\/f7bd0eb75be49e4795c4ea0b3767e039"},"headline":"Ils arrivent \u00e0 Nice : Soutenez l\u2019aventure ALP\u2019Lyme en cours et faites la conna\u00eetre autour de vous\u00a0!","datePublished":"2024-10-01T06:29:13+00:00","dateModified":"2024-10-01T21:06:58+00:00","mainEntityOfPage":{"@id":"https:\/\/francelyme.fr\/site\/ils-arrivent-a-nice-soutenez-laventure-alplyme-en-cours-et-faites-la-connaitre-autour-de-vous\/"},"wordCount":700,"publisher":{"@id":"https:\/\/francelyme.fr\/site\/#organization"},"image":{"@id":"https:\/\/francelyme.fr\/site\/ils-arrivent-a-nice-soutenez-laventure-alplyme-en-cours-et-faites-la-connaitre-autour-de-vous\/#primaryimage"},"thumbnailUrl":"https:\/\/francelyme.fr\/site\/wp-content\/uploads\/2024\/10\/Alplyme-Nice-1-octobre-2024.jpg","articleSection":["Aventure humaine sportive","Provence-Alpes-C\u00f4te d'Azur"],"inLanguage":"fr-FR"},{"@type":"WebPage","@id":"https:\/\/francelyme.fr\/site\/ils-arrivent-a-nice-soutenez-laventure-alplyme-en-cours-et-faites-la-connaitre-autour-de-vous\/","url":"https:\/\/francelyme.fr\/site\/ils-arrivent-a-nice-soutenez-laventure-alplyme-en-cours-et-faites-la-connaitre-autour-de-vous\/","name":"Ils arrivent \u00e0 Nice : Soutenez l\u2019aventure ALP\u2019Lyme en cours et faites la conna\u00eetre autour de vous\u00a0! - Association France Lyme","isPartOf":{"@id":"https:\/\/francelyme.fr\/site\/#website"},"primaryImageOfPage":{"@id":"https:\/\/francelyme.fr\/site\/ils-arrivent-a-nice-soutenez-laventure-alplyme-en-cours-et-faites-la-connaitre-autour-de-vous\/#primaryimage"},"image":{"@id":"https:\/\/francelyme.fr\/site\/ils-arrivent-a-nice-soutenez-laventure-alplyme-en-cours-et-faites-la-connaitre-autour-de-vous\/#primaryimage"},"thumbnailUrl":"https:\/\/francelyme.fr\/site\/wp-content\/uploads\/2024\/10\/Alplyme-Nice-1-octobre-2024.jpg","datePublished":"2024-10-01T06:29:13+00:00","dateModified":"2024-10-01T21:06:58+00:00","breadcrumb":{"@id":"https:\/\/francelyme.fr\/site\/ils-arrivent-a-nice-soutenez-laventure-alplyme-en-cours-et-faites-la-connaitre-autour-de-vous\/#breadcrumb"},"inLanguage":"fr-FR","potentialAction":[{"@type":"ReadAction","target":["https:\/\/francelyme.fr\/site\/ils-arrivent-a-nice-soutenez-laventure-alplyme-en-cours-et-faites-la-connaitre-autour-de-vous\/"]}]},{"@type":"ImageObject","inLanguage":"fr-FR","@id":"https:\/\/francelyme.fr\/site\/ils-arrivent-a-nice-soutenez-laventure-alplyme-en-cours-et-faites-la-connaitre-autour-de-vous\/#primaryimage","url":"https:\/\/francelyme.fr\/site\/wp-content\/uploads\/2024\/10\/Alplyme-Nice-1-octobre-2024.jpg","contentUrl":"https:\/\/francelyme.fr\/site\/wp-content\/uploads\/2024\/10\/Alplyme-Nice-1-octobre-2024.jpg","width":1078,"height":1071},{"@type":"BreadcrumbList","@id":"https:\/\/francelyme.fr\/site\/ils-arrivent-a-nice-soutenez-laventure-alplyme-en-cours-et-faites-la-connaitre-autour-de-vous\/#breadcrumb","itemListElement":[{"@type":"ListItem","position":1,"name":"Accueil","item":"https:\/\/francelyme.fr\/site\/"},{"@type":"ListItem","position":2,"name":"Ils arrivent \u00e0 Nice : Soutenez l\u2019aventure ALP\u2019Lyme en cours et faites la conna\u00eetre autour de vous\u00a0!"}]},{"@type":"WebSite","@id":"https:\/\/francelyme.fr\/site\/#website","url":"https:\/\/francelyme.fr\/site\/","name":"Association France Lyme","description":"Association de lutte contre les maladies vectorielles \u00e0 tiques","publisher":{"@id":"https:\/\/francelyme.fr\/site\/#organization"},"potentialAction":[{"@type":"SearchAction","target":{"@type":"EntryPoint","urlTemplate":"https:\/\/francelyme.fr\/site\/?s={search_term_string}"},"query-input":{"@type":"PropertyValueSpecification","valueRequired":true,"valueName":"search_term_string"}}],"inLanguage":"fr-FR"},{"@type":"Organization","@id":"https:\/\/francelyme.fr\/site\/#organization","name":"France Lyme","url":"https:\/\/francelyme.fr\/site\/","logo":{"@type":"ImageObject","inLanguage":"fr-FR","@id":"https:\/\/francelyme.fr\/site\/#\/schema\/logo\/image\/","url":"https:\/\/francelyme.fr\/site\/wp-content\/uploads\/2019\/05\/francelyme-site.gif","contentUrl":"https:\/\/francelyme.fr\/site\/wp-content\/uploads\/2019\/05\/francelyme-site.gif","width":180,"height":180,"caption":"France Lyme"},"image":{"@id":"https:\/\/francelyme.fr\/site\/#\/schema\/logo\/image\/"},"sameAs":["https:\/\/www.facebook.com\/france.lyme","https:\/\/x.com\/francelyme","https:\/\/www.youtube.com\/channel\/UClMCGl3dvkz0iAgXFR1NH1A"]},{"@type":"Person","@id":"https:\/\/francelyme.fr\/site\/#\/schema\/person\/f7bd0eb75be49e4795c4ea0b3767e039","name":"adminntlyme","image":{"@type":"ImageObject","inLanguage":"fr-FR","@id":"https:\/\/secure.gravatar.com\/avatar\/e9ab07a36659baa27b55dfef2a5432041c212015f8eb8a8d25b934c17a03cb54?s=96&d=mm&r=g","url":"https:\/\/secure.gravatar.com\/avatar\/e9ab07a36659baa27b55dfef2a5432041c212015f8eb8a8d25b934c17a03cb54?s=96&d=mm&r=g","contentUrl":"https:\/\/secure.gravatar.com\/avatar\/e9ab07a36659baa27b55dfef2a5432041c212015f8eb8a8d25b934c17a03cb54?s=96&d=mm&r=g","caption":"adminntlyme"},"url":"https:\/\/francelyme.fr\/site\/author\/adminntlyme\/"}]}},"_links":{"self":[{"href":"https:\/\/francelyme.fr\/site\/wp-json\/wp\/v2\/posts\/16980","targetHints":{"allow":["GET"]}}],"collection":[{"href":"https:\/\/francelyme.fr\/site\/wp-json\/wp\/v2\/posts"}],"about":[{"href":"https:\/\/francelyme.fr\/site\/wp-json\/wp\/v2\/types\/post"}],"author":[{"embeddable":true,"href":"https:\/\/francelyme.fr\/site\/wp-json\/wp\/v2\/users\/17"}],"replies":[{"embeddable":true,"href":"https:\/\/francelyme.fr\/site\/wp-json\/wp\/v2\/comments?post=16980"}],"version-history":[{"count":1,"href":"https:\/\/francelyme.fr\/site\/wp-json\/wp\/v2\/posts\/16980\/revisions"}],"predecessor-version":[{"id":16982,"href":"https:\/\/francelyme.fr\/site\/wp-json\/wp\/v2\/posts\/16980\/revisions\/16982"}],"wp:featuredmedia":[{"embeddable":true,"href":"https:\/\/francelyme.fr\/site\/wp-json\/wp\/v2\/media\/16981"}],"wp:attachment":[{"href":"https:\/\/francelyme.fr\/site\/wp-json\/wp\/v2\/media?parent=16980"}],"wp:term":[{"taxonomy":"category","embeddable":true,"href":"https:\/\/francelyme.fr\/site\/wp-json\/wp\/v2\/categories?post=16980"},{"taxonomy":"post_tag","embeddable":true,"href":"https:\/\/francelyme.fr\/site\/wp-json\/wp\/v2\/tags?post=16980"}],"curies":[{"name":"wp","href":"https:\/\/api.w.org\/{rel}","templated":true}]}}