{"id":16983,"date":"2024-11-12T23:01:06","date_gmt":"2024-11-12T22:01:06","guid":{"rendered":"https:\/\/francelyme.fr\/site\/?p=16983"},"modified":"2024-11-13T09:17:57","modified_gmt":"2024-11-13T08:17:57","slug":"appel-a-candidature-en-vue-de-notre-assemblee-generale","status":"publish","type":"post","link":"https:\/\/francelyme.fr\/site\/appel-a-candidature-en-vue-de-notre-assemblee-generale\/","title":{"rendered":"Appel \u00e0 candidature\u00a0en vue de notre assembl\u00e9e g\u00e9n\u00e9rale"},"content":{"rendered":"<div class=\"like-button\" style=\"float: right; clear: both; text-align: right; width = 100%;\">\n<!-- Facebook Like Button Vivacity Infotech BEGIN -->\n<div class=\"fb-like\" data-href=\"https:\/\/francelyme.fr\/site\/appel-a-candidature-en-vue-de-notre-assemblee-generale\/\" data-layout=\"box_count\" data-action=\"like\" data-show-faces=\"false\" data-size=\"large\" data-width=\"450\" data-share=\"1\" ><\/div><\/div>\n<!-- Facebook Like Button Vivacity Infotech END -->\n<div id=\"fb-root\"><\/div>\n\n<p>Notre association tiendra son Assembl\u00e9e G\u00e9n\u00e9rale Ordinaire le dimanche 18 mai, le CA sera r\u00e9uni pour l\u2019occasion en pr\u00e9sentiel \u00e0 Nancy, pour un week-end de travail et d\u2019\u00e9change avec les adh\u00e9rents de la r\u00e9gion, et notamment avec les membres de la section Meurthe-et-Moselle en cours de cr\u00e9ation.<\/p>\n\n\n\n<p>C\u2019est l\u2019occasion pour moi de vous adresser un appel \u00e0 candidature pour le CA&nbsp;: comme chaque ann\u00e9e, nous devons, au titre de nos statuts, renouveler notre CA d\u2019un tiers de ses membres, soit 4 \u00e0 5 personnes, lors de cette AG.<\/p>\n\n\n\n<p>Faire partie du CA, c\u2019est \u00e9changer des id\u00e9es, c\u2019est participer \u00e0 la vie de l\u2019association, et c\u2019est surtout contribuer \u00e0 faire avancer la situation des malades, la prise en compte de notre maladie, \u00e0 sortir de cette impasse dans laquelle nous nous trouvons actuellement.<\/p>\n\n\n\n<p>Faire partie du CA, c\u2019est s\u2019engager au minimum \u00e0 participer \u00e0 4 \u00e0 5 r\u00e9unions en visio dans l\u2019ann\u00e9e, programm\u00e9es en g\u00e9n\u00e9ral en soir\u00e9e. Mais selon votre disponibilit\u00e9, vous pourrez aussi vous engager davantage si cela vous int\u00e9resse, participer \u00e0 des groupes de travail sur des th\u00e8mes pr\u00e9cis, ou participer \u00e0 des projets limit\u00e9s dans le temps, le tout \u00e0 partir de chez vous en t\u00e9l\u00e9travail.<\/p>\n\n\n\n<p>Si cela vous int\u00e9resse de nous rejoindre, n\u2019h\u00e9sitez pas \u00e0 prendre contact en nous \u00e9crivant \u00e0 <a href=\"mailto:bureau@francelyme.fr\">bureau@francelyme.fr<\/a>, nous reviendrons vers vous rapidement pour faire connaissance.<\/p>\n\n\n<div class=\"wp-block-image\">\n<figure class=\"aligncenter size-full\"><img loading=\"lazy\" decoding=\"async\" width=\"1024\" height=\"1024\" src=\"http:\/\/francelyme.fr\/site\/wp-content\/uploads\/2024\/10\/2024-appel-candidature.jpg\" alt=\"\" class=\"wp-image-16999\" srcset=\"https:\/\/francelyme.fr\/site\/wp-content\/uploads\/2024\/10\/2024-appel-candidature.jpg 1024w, https:\/\/francelyme.fr\/site\/wp-content\/uploads\/2024\/10\/2024-appel-candidature-300x300.jpg 300w, https:\/\/francelyme.fr\/site\/wp-content\/uploads\/2024\/10\/2024-appel-candidature-150x150.jpg 150w, https:\/\/francelyme.fr\/site\/wp-content\/uploads\/2024\/10\/2024-appel-candidature-768x768.jpg 768w, https:\/\/francelyme.fr\/site\/wp-content\/uploads\/2024\/10\/2024-appel-candidature-90x90.jpg 90w, https:\/\/francelyme.fr\/site\/wp-content\/uploads\/2024\/10\/2024-appel-candidature-75x75.jpg 75w\" sizes=\"auto, (max-width: 1024px) 100vw, 1024px\" \/><\/figure>\n<\/div><div class=\"like-button\" style=\"float: right; clear: both; text-align: right; width = 100%;\">\n<!-- Facebook Like Button Vivacity Infotech BEGIN -->\n<div class=\"fb-like\" data-href=\"https:\/\/francelyme.fr\/site\/appel-a-candidature-en-vue-de-notre-assemblee-generale\/\" data-layout=\"box_count\" data-action=\"like\" data-show-faces=\"false\" data-size=\"large\" data-width=\"450\" data-share=\"1\" ><\/div><\/div>\n<!-- Facebook Like Button Vivacity Infotech END -->\n","protected":false},"excerpt":{"rendered":"","protected":false},"author":17,"featured_media":16999,"comment_status":"closed","ping_status":"open","sticky":false,"template":"","format":"standard","meta":{"footnotes":""},"categories":[125],"tags":[],"class_list":["post-16983","post","type-post","status-publish","format-standard","has-post-thumbnail","hentry","category-ag-et-reunions"],"yoast_head":"<!-- This site is optimized with the Yoast SEO plugin v27.5 - https:\/\/yoast.com\/product\/yoast-seo-wordpress\/ -->\n<title>Appel \u00e0 candidature\u00a0en vue de notre assembl\u00e9e g\u00e9n\u00e9rale - Association France Lyme<\/title>\n<meta name=\"robots\" content=\"index, follow, max-snippet:-1, max-image-preview:large, max-video-preview:-1\" \/>\n<link rel=\"canonical\" href=\"https:\/\/francelyme.fr\/site\/appel-a-candidature-en-vue-de-notre-assemblee-generale\/\" \/>\n<meta property=\"og:locale\" content=\"fr_FR\" \/>\n<meta property=\"og:type\" content=\"article\" \/>\n<meta property=\"og:title\" content=\"Appel \u00e0 candidature\u00a0en vue de notre assembl\u00e9e g\u00e9n\u00e9rale - Association France Lyme\" \/>\n<meta property=\"og:url\" content=\"https:\/\/francelyme.fr\/site\/appel-a-candidature-en-vue-de-notre-assemblee-generale\/\" \/>\n<meta property=\"og:site_name\" content=\"Association France Lyme\" \/>\n<meta property=\"article:publisher\" content=\"https:\/\/www.facebook.com\/france.lyme\" \/>\n<meta property=\"article:published_time\" content=\"2024-11-12T22:01:06+00:00\" \/>\n<meta property=\"article:modified_time\" content=\"2024-11-13T08:17:57+00:00\" \/>\n<meta property=\"og:image\" content=\"http:\/\/francelyme.fr\/site\/wp-content\/uploads\/2024\/10\/2024-appel-candidature.jpg\" \/>\n\t<meta property=\"og:image:width\" content=\"1024\" \/>\n\t<meta property=\"og:image:height\" content=\"1024\" \/>\n\t<meta property=\"og:image:type\" content=\"image\/jpeg\" \/>\n<meta name=\"author\" content=\"adminntlyme\" \/>\n<meta name=\"twitter:card\" content=\"summary_large_image\" \/>\n<meta name=\"twitter:creator\" content=\"@francelyme\" \/>\n<meta name=\"twitter:site\" content=\"@francelyme\" \/>\n<meta name=\"twitter:label1\" content=\"\u00c9crit par\" \/>\n\t<meta name=\"twitter:data1\" content=\"adminntlyme\" \/>\n\t<meta name=\"twitter:label2\" content=\"Dur\u00e9e de lecture estim\u00e9e\" \/>\n\t<meta name=\"twitter:data2\" content=\"2 minutes\" \/>\n<script type=\"application\/ld+json\" class=\"yoast-schema-graph\">{\"@context\":\"https:\\\/\\\/schema.org\",\"@graph\":[{\"@type\":\"Article\",\"@id\":\"https:\\\/\\\/francelyme.fr\\\/site\\\/appel-a-candidature-en-vue-de-notre-assemblee-generale\\\/#article\",\"isPartOf\":{\"@id\":\"https:\\\/\\\/francelyme.fr\\\/site\\\/appel-a-candidature-en-vue-de-notre-assemblee-generale\\\/\"},\"author\":{\"name\":\"adminntlyme\",\"@id\":\"https:\\\/\\\/francelyme.fr\\\/site\\\/#\\\/schema\\\/person\\\/f7bd0eb75be49e4795c4ea0b3767e039\"},\"headline\":\"Appel \u00e0 candidature\u00a0en vue de notre assembl\u00e9e g\u00e9n\u00e9rale\",\"datePublished\":\"2024-11-12T22:01:06+00:00\",\"dateModified\":\"2024-11-13T08:17:57+00:00\",\"mainEntityOfPage\":{\"@id\":\"https:\\\/\\\/francelyme.fr\\\/site\\\/appel-a-candidature-en-vue-de-notre-assemblee-generale\\\/\"},\"wordCount\":255,\"publisher\":{\"@id\":\"https:\\\/\\\/francelyme.fr\\\/site\\\/#organization\"},\"image\":{\"@id\":\"https:\\\/\\\/francelyme.fr\\\/site\\\/appel-a-candidature-en-vue-de-notre-assemblee-generale\\\/#primaryimage\"},\"thumbnailUrl\":\"https:\\\/\\\/francelyme.fr\\\/site\\\/wp-content\\\/uploads\\\/2024\\\/10\\\/2024-appel-candidature.jpg\",\"articleSection\":[\"AG et r\u00e9unions de l'asso\"],\"inLanguage\":\"fr-FR\"},{\"@type\":\"WebPage\",\"@id\":\"https:\\\/\\\/francelyme.fr\\\/site\\\/appel-a-candidature-en-vue-de-notre-assemblee-generale\\\/\",\"url\":\"https:\\\/\\\/francelyme.fr\\\/site\\\/appel-a-candidature-en-vue-de-notre-assemblee-generale\\\/\",\"name\":\"Appel \u00e0 candidature\u00a0en vue de notre assembl\u00e9e g\u00e9n\u00e9rale - Association France Lyme\",\"isPartOf\":{\"@id\":\"https:\\\/\\\/francelyme.fr\\\/site\\\/#website\"},\"primaryImageOfPage\":{\"@id\":\"https:\\\/\\\/francelyme.fr\\\/site\\\/appel-a-candidature-en-vue-de-notre-assemblee-generale\\\/#primaryimage\"},\"image\":{\"@id\":\"https:\\\/\\\/francelyme.fr\\\/site\\\/appel-a-candidature-en-vue-de-notre-assemblee-generale\\\/#primaryimage\"},\"thumbnailUrl\":\"https:\\\/\\\/francelyme.fr\\\/site\\\/wp-content\\\/uploads\\\/2024\\\/10\\\/2024-appel-candidature.jpg\",\"datePublished\":\"2024-11-12T22:01:06+00:00\",\"dateModified\":\"2024-11-13T08:17:57+00:00\",\"breadcrumb\":{\"@id\":\"https:\\\/\\\/francelyme.fr\\\/site\\\/appel-a-candidature-en-vue-de-notre-assemblee-generale\\\/#breadcrumb\"},\"inLanguage\":\"fr-FR\",\"potentialAction\":[{\"@type\":\"ReadAction\",\"target\":[\"https:\\\/\\\/francelyme.fr\\\/site\\\/appel-a-candidature-en-vue-de-notre-assemblee-generale\\\/\"]}]},{\"@type\":\"ImageObject\",\"inLanguage\":\"fr-FR\",\"@id\":\"https:\\\/\\\/francelyme.fr\\\/site\\\/appel-a-candidature-en-vue-de-notre-assemblee-generale\\\/#primaryimage\",\"url\":\"https:\\\/\\\/francelyme.fr\\\/site\\\/wp-content\\\/uploads\\\/2024\\\/10\\\/2024-appel-candidature.jpg\",\"contentUrl\":\"https:\\\/\\\/francelyme.fr\\\/site\\\/wp-content\\\/uploads\\\/2024\\\/10\\\/2024-appel-candidature.jpg\",\"width\":1024,\"height\":1024},{\"@type\":\"BreadcrumbList\",\"@id\":\"https:\\\/\\\/francelyme.fr\\\/site\\\/appel-a-candidature-en-vue-de-notre-assemblee-generale\\\/#breadcrumb\",\"itemListElement\":[{\"@type\":\"ListItem\",\"position\":1,\"name\":\"Accueil\",\"item\":\"https:\\\/\\\/francelyme.fr\\\/site\\\/\"},{\"@type\":\"ListItem\",\"position\":2,\"name\":\"Appel \u00e0 candidature\u00a0en vue de notre assembl\u00e9e g\u00e9n\u00e9rale\"}]},{\"@type\":\"WebSite\",\"@id\":\"https:\\\/\\\/francelyme.fr\\\/site\\\/#website\",\"url\":\"https:\\\/\\\/francelyme.fr\\\/site\\\/\",\"name\":\"Association France Lyme\",\"description\":\"Association de lutte contre les maladies vectorielles \u00e0 tiques\",\"publisher\":{\"@id\":\"https:\\\/\\\/francelyme.fr\\\/site\\\/#organization\"},\"potentialAction\":[{\"@type\":\"SearchAction\",\"target\":{\"@type\":\"EntryPoint\",\"urlTemplate\":\"https:\\\/\\\/francelyme.fr\\\/site\\\/?s={search_term_string}\"},\"query-input\":{\"@type\":\"PropertyValueSpecification\",\"valueRequired\":true,\"valueName\":\"search_term_string\"}}],\"inLanguage\":\"fr-FR\"},{\"@type\":\"Organization\",\"@id\":\"https:\\\/\\\/francelyme.fr\\\/site\\\/#organization\",\"name\":\"France Lyme\",\"url\":\"https:\\\/\\\/francelyme.fr\\\/site\\\/\",\"logo\":{\"@type\":\"ImageObject\",\"inLanguage\":\"fr-FR\",\"@id\":\"https:\\\/\\\/francelyme.fr\\\/site\\\/#\\\/schema\\\/logo\\\/image\\\/\",\"url\":\"https:\\\/\\\/francelyme.fr\\\/site\\\/wp-content\\\/uploads\\\/2019\\\/05\\\/francelyme-site.gif\",\"contentUrl\":\"https:\\\/\\\/francelyme.fr\\\/site\\\/wp-content\\\/uploads\\\/2019\\\/05\\\/francelyme-site.gif\",\"width\":180,\"height\":180,\"caption\":\"France Lyme\"},\"image\":{\"@id\":\"https:\\\/\\\/francelyme.fr\\\/site\\\/#\\\/schema\\\/logo\\\/image\\\/\"},\"sameAs\":[\"https:\\\/\\\/www.facebook.com\\\/france.lyme\",\"https:\\\/\\\/x.com\\\/francelyme\",\"https:\\\/\\\/www.youtube.com\\\/channel\\\/UClMCGl3dvkz0iAgXFR1NH1A\"]},{\"@type\":\"Person\",\"@id\":\"https:\\\/\\\/francelyme.fr\\\/site\\\/#\\\/schema\\\/person\\\/f7bd0eb75be49e4795c4ea0b3767e039\",\"name\":\"adminntlyme\",\"image\":{\"@type\":\"ImageObject\",\"inLanguage\":\"fr-FR\",\"@id\":\"https:\\\/\\\/secure.gravatar.com\\\/avatar\\\/e9ab07a36659baa27b55dfef2a5432041c212015f8eb8a8d25b934c17a03cb54?s=96&d=mm&r=g\",\"url\":\"https:\\\/\\\/secure.gravatar.com\\\/avatar\\\/e9ab07a36659baa27b55dfef2a5432041c212015f8eb8a8d25b934c17a03cb54?s=96&d=mm&r=g\",\"contentUrl\":\"https:\\\/\\\/secure.gravatar.com\\\/avatar\\\/e9ab07a36659baa27b55dfef2a5432041c212015f8eb8a8d25b934c17a03cb54?s=96&d=mm&r=g\",\"caption\":\"adminntlyme\"},\"url\":\"https:\\\/\\\/francelyme.fr\\\/site\\\/author\\\/adminntlyme\\\/\"}]}<\/script>\n<!-- \/ Yoast SEO plugin. -->","yoast_head_json":{"title":"Appel \u00e0 candidature\u00a0en vue de notre assembl\u00e9e g\u00e9n\u00e9rale - Association France Lyme","robots":{"index":"index","follow":"follow","max-snippet":"max-snippet:-1","max-image-preview":"max-image-preview:large","max-video-preview":"max-video-preview:-1"},"canonical":"https:\/\/francelyme.fr\/site\/appel-a-candidature-en-vue-de-notre-assemblee-generale\/","og_locale":"fr_FR","og_type":"article","og_title":"Appel \u00e0 candidature\u00a0en vue de notre assembl\u00e9e g\u00e9n\u00e9rale - Association France Lyme","og_url":"https:\/\/francelyme.fr\/site\/appel-a-candidature-en-vue-de-notre-assemblee-generale\/","og_site_name":"Association France Lyme","article_publisher":"https:\/\/www.facebook.com\/france.lyme","article_published_time":"2024-11-12T22:01:06+00:00","article_modified_time":"2024-11-13T08:17:57+00:00","og_image":[{"width":1024,"height":1024,"url":"http:\/\/francelyme.fr\/site\/wp-content\/uploads\/2024\/10\/2024-appel-candidature.jpg","type":"image\/jpeg"}],"author":"adminntlyme","twitter_card":"summary_large_image","twitter_creator":"@francelyme","twitter_site":"@francelyme","twitter_misc":{"\u00c9crit par":"adminntlyme","Dur\u00e9e de lecture estim\u00e9e":"2 minutes"},"schema":{"@context":"https:\/\/schema.org","@graph":[{"@type":"Article","@id":"https:\/\/francelyme.fr\/site\/appel-a-candidature-en-vue-de-notre-assemblee-generale\/#article","isPartOf":{"@id":"https:\/\/francelyme.fr\/site\/appel-a-candidature-en-vue-de-notre-assemblee-generale\/"},"author":{"name":"adminntlyme","@id":"https:\/\/francelyme.fr\/site\/#\/schema\/person\/f7bd0eb75be49e4795c4ea0b3767e039"},"headline":"Appel \u00e0 candidature\u00a0en vue de notre assembl\u00e9e g\u00e9n\u00e9rale","datePublished":"2024-11-12T22:01:06+00:00","dateModified":"2024-11-13T08:17:57+00:00","mainEntityOfPage":{"@id":"https:\/\/francelyme.fr\/site\/appel-a-candidature-en-vue-de-notre-assemblee-generale\/"},"wordCount":255,"publisher":{"@id":"https:\/\/francelyme.fr\/site\/#organization"},"image":{"@id":"https:\/\/francelyme.fr\/site\/appel-a-candidature-en-vue-de-notre-assemblee-generale\/#primaryimage"},"thumbnailUrl":"https:\/\/francelyme.fr\/site\/wp-content\/uploads\/2024\/10\/2024-appel-candidature.jpg","articleSection":["AG et r\u00e9unions de l'asso"],"inLanguage":"fr-FR"},{"@type":"WebPage","@id":"https:\/\/francelyme.fr\/site\/appel-a-candidature-en-vue-de-notre-assemblee-generale\/","url":"https:\/\/francelyme.fr\/site\/appel-a-candidature-en-vue-de-notre-assemblee-generale\/","name":"Appel \u00e0 candidature\u00a0en vue de notre assembl\u00e9e g\u00e9n\u00e9rale - Association France Lyme","isPartOf":{"@id":"https:\/\/francelyme.fr\/site\/#website"},"primaryImageOfPage":{"@id":"https:\/\/francelyme.fr\/site\/appel-a-candidature-en-vue-de-notre-assemblee-generale\/#primaryimage"},"image":{"@id":"https:\/\/francelyme.fr\/site\/appel-a-candidature-en-vue-de-notre-assemblee-generale\/#primaryimage"},"thumbnailUrl":"https:\/\/francelyme.fr\/site\/wp-content\/uploads\/2024\/10\/2024-appel-candidature.jpg","datePublished":"2024-11-12T22:01:06+00:00","dateModified":"2024-11-13T08:17:57+00:00","breadcrumb":{"@id":"https:\/\/francelyme.fr\/site\/appel-a-candidature-en-vue-de-notre-assemblee-generale\/#breadcrumb"},"inLanguage":"fr-FR","potentialAction":[{"@type":"ReadAction","target":["https:\/\/francelyme.fr\/site\/appel-a-candidature-en-vue-de-notre-assemblee-generale\/"]}]},{"@type":"ImageObject","inLanguage":"fr-FR","@id":"https:\/\/francelyme.fr\/site\/appel-a-candidature-en-vue-de-notre-assemblee-generale\/#primaryimage","url":"https:\/\/francelyme.fr\/site\/wp-content\/uploads\/2024\/10\/2024-appel-candidature.jpg","contentUrl":"https:\/\/francelyme.fr\/site\/wp-content\/uploads\/2024\/10\/2024-appel-candidature.jpg","width":1024,"height":1024},{"@type":"BreadcrumbList","@id":"https:\/\/francelyme.fr\/site\/appel-a-candidature-en-vue-de-notre-assemblee-generale\/#breadcrumb","itemListElement":[{"@type":"ListItem","position":1,"name":"Accueil","item":"https:\/\/francelyme.fr\/site\/"},{"@type":"ListItem","position":2,"name":"Appel \u00e0 candidature\u00a0en vue de notre assembl\u00e9e g\u00e9n\u00e9rale"}]},{"@type":"WebSite","@id":"https:\/\/francelyme.fr\/site\/#website","url":"https:\/\/francelyme.fr\/site\/","name":"Association France Lyme","description":"Association de lutte contre les maladies vectorielles \u00e0 tiques","publisher":{"@id":"https:\/\/francelyme.fr\/site\/#organization"},"potentialAction":[{"@type":"SearchAction","target":{"@type":"EntryPoint","urlTemplate":"https:\/\/francelyme.fr\/site\/?s={search_term_string}"},"query-input":{"@type":"PropertyValueSpecification","valueRequired":true,"valueName":"search_term_string"}}],"inLanguage":"fr-FR"},{"@type":"Organization","@id":"https:\/\/francelyme.fr\/site\/#organization","name":"France Lyme","url":"https:\/\/francelyme.fr\/site\/","logo":{"@type":"ImageObject","inLanguage":"fr-FR","@id":"https:\/\/francelyme.fr\/site\/#\/schema\/logo\/image\/","url":"https:\/\/francelyme.fr\/site\/wp-content\/uploads\/2019\/05\/francelyme-site.gif","contentUrl":"https:\/\/francelyme.fr\/site\/wp-content\/uploads\/2019\/05\/francelyme-site.gif","width":180,"height":180,"caption":"France Lyme"},"image":{"@id":"https:\/\/francelyme.fr\/site\/#\/schema\/logo\/image\/"},"sameAs":["https:\/\/www.facebook.com\/france.lyme","https:\/\/x.com\/francelyme","https:\/\/www.youtube.com\/channel\/UClMCGl3dvkz0iAgXFR1NH1A"]},{"@type":"Person","@id":"https:\/\/francelyme.fr\/site\/#\/schema\/person\/f7bd0eb75be49e4795c4ea0b3767e039","name":"adminntlyme","image":{"@type":"ImageObject","inLanguage":"fr-FR","@id":"https:\/\/secure.gravatar.com\/avatar\/e9ab07a36659baa27b55dfef2a5432041c212015f8eb8a8d25b934c17a03cb54?s=96&d=mm&r=g","url":"https:\/\/secure.gravatar.com\/avatar\/e9ab07a36659baa27b55dfef2a5432041c212015f8eb8a8d25b934c17a03cb54?s=96&d=mm&r=g","contentUrl":"https:\/\/secure.gravatar.com\/avatar\/e9ab07a36659baa27b55dfef2a5432041c212015f8eb8a8d25b934c17a03cb54?s=96&d=mm&r=g","caption":"adminntlyme"},"url":"https:\/\/francelyme.fr\/site\/author\/adminntlyme\/"}]}},"_links":{"self":[{"href":"https:\/\/francelyme.fr\/site\/wp-json\/wp\/v2\/posts\/16983","targetHints":{"allow":["GET"]}}],"collection":[{"href":"https:\/\/francelyme.fr\/site\/wp-json\/wp\/v2\/posts"}],"about":[{"href":"https:\/\/francelyme.fr\/site\/wp-json\/wp\/v2\/types\/post"}],"author":[{"embeddable":true,"href":"https:\/\/francelyme.fr\/site\/wp-json\/wp\/v2\/users\/17"}],"replies":[{"embeddable":true,"href":"https:\/\/francelyme.fr\/site\/wp-json\/wp\/v2\/comments?post=16983"}],"version-history":[{"count":2,"href":"https:\/\/francelyme.fr\/site\/wp-json\/wp\/v2\/posts\/16983\/revisions"}],"predecessor-version":[{"id":17000,"href":"https:\/\/francelyme.fr\/site\/wp-json\/wp\/v2\/posts\/16983\/revisions\/17000"}],"wp:featuredmedia":[{"embeddable":true,"href":"https:\/\/francelyme.fr\/site\/wp-json\/wp\/v2\/media\/16999"}],"wp:attachment":[{"href":"https:\/\/francelyme.fr\/site\/wp-json\/wp\/v2\/media?parent=16983"}],"wp:term":[{"taxonomy":"category","embeddable":true,"href":"https:\/\/francelyme.fr\/site\/wp-json\/wp\/v2\/categories?post=16983"},{"taxonomy":"post_tag","embeddable":true,"href":"https:\/\/francelyme.fr\/site\/wp-json\/wp\/v2\/tags?post=16983"}],"curies":[{"name":"wp","href":"https:\/\/api.w.org\/{rel}","templated":true}]}}