{"id":17095,"date":"2024-11-12T20:21:48","date_gmt":"2024-11-12T19:21:48","guid":{"rendered":"https:\/\/francelyme.fr\/site\/?p=17095"},"modified":"2024-11-12T20:21:49","modified_gmt":"2024-11-12T19:21:49","slug":"des-chercheurs-autrichiens-ouvrent-une-nouvelle-voie-pour-traiter-la-borreliose-sans-antibiotiques","status":"publish","type":"post","link":"https:\/\/francelyme.fr\/site\/des-chercheurs-autrichiens-ouvrent-une-nouvelle-voie-pour-traiter-la-borreliose-sans-antibiotiques\/","title":{"rendered":"Des chercheurs autrichiens ouvrent une nouvelle voie pour traiter la borr\u00e9liose sans antibiotiques"},"content":{"rendered":"<div class=\"like-button\" style=\"float: right; clear: both; text-align: right; width = 100%;\">\n<!-- Facebook Like Button Vivacity Infotech BEGIN -->\n<div class=\"fb-like\" data-href=\"https:\/\/francelyme.fr\/site\/des-chercheurs-autrichiens-ouvrent-une-nouvelle-voie-pour-traiter-la-borreliose-sans-antibiotiques\/\" data-layout=\"box_count\" data-action=\"like\" data-show-faces=\"false\" data-size=\"large\" data-width=\"450\" data-share=\"1\" ><\/div><\/div>\n<!-- Facebook Like Button Vivacity Infotech END -->\n<div id=\"fb-root\"><\/div>\n\n<p>La borr\u00e9liose de Lyme est tr\u00e8s r\u00e9pandue en Autriche, pratiquement 10 fois plus qu\u2019en France, puisqu\u2019on y recense 70 000 nouveaux cas par an, pour une population 7,5 fois plus faible. Rappelons que les donn\u00e9es officielles en France sont de 50 000 nouveaux cas par an en moyenne ces derni\u00e8res ann\u00e9es, chiffre sans doute sous-estim\u00e9 du fait qu\u2019une grande partie des territoires ruraux n\u2019est pas r\u00e9ellement couverte par le r\u00e9seau Sentinelles.<\/p>\n\n\n\n<p>Une \u00e9quipe de recherche de l\u2019Universit\u00e9 de M\u00e9decine de Vienne vient de r\u00e9aliser des progr\u00e8s significatifs dans la compr\u00e9hension du m\u00e9canisme de l\u2019infection. Elle a aussi identifi\u00e9 une nouvelle voie potentiellement prometteuse pour disposer de th\u00e9rapies ne reposant pas sur des antibiotiques.<\/p>\n\n\n\n<p>L\u2019\u00e9quipe s\u2019est concentr\u00e9e sur un syst\u00e8me de d\u00e9fense de la bact\u00e9rie Borrelia (le \u00ab&nbsp;syst\u00e8me de restriction-modification&nbsp;\u00bb, ou RMS), qui agit comme un syst\u00e8me immunitaire primitif, prot\u00e9geant la bact\u00e9rie elle-m\u00eame contre le mat\u00e9riel g\u00e9n\u00e9tique \u00e9tranger.<\/p>\n\n\n\n<p>Pour comprendre comment Borrelia r\u00e9ussit \u00e0 se prot\u00e9ger au sein d\u2019un h\u00f4te, les chercheurs ont utilis\u00e9 une m\u00e9thode innovante, dans laquelle ils ont analys\u00e9 et modifi\u00e9 son ADN.<\/p>\n\n\n\n<p>Ils ont ainsi d\u00e9couvert qu\u2019un processus bien connu, la m\u00e9thylation de l\u2019ADN des bact\u00e9ries, qui aide normalement la bact\u00e9rie \u00e0 se prot\u00e9ger contre l\u2019ADN \u00e9tranger, peut \u00eatre utilis\u00e9 pour la d\u00e9truire.<\/p>\n\n\n\n<p>Cette d\u00e9couverte en apparence anodine pourrait avoir de grandes applications, car elle ouvre potentiellement de nouvelles voies de traitement sans recours aux antibiotiques, notamment par la th\u00e9rapie phagique. Cette m\u00e9thode utilise des bact\u00e9riophages, des virus qui attaquent sp\u00e9cifiquement les bact\u00e9ries, comme alternative aux antibiotiques, r\u00e9duisant ainsi le risque de r\u00e9sistance.<\/p>\n\n\n\n<p>Ce n\u2019est pas la premi\u00e8re fois qu\u2019on parle des bact\u00e9riophages, ces \u00ab&nbsp;virus mangeurs de bact\u00e9ries&nbsp;\u00bb&nbsp;: au 19<sup>\u00e8me<\/sup> si\u00e8cle et au d\u00e9but du 20<sup>\u00e8me<\/sup>, les bact\u00e9riophages \u00e9taient tr\u00e8s \u00e9tudi\u00e9s, singuli\u00e8rement en France, avant l\u2019arriv\u00e9e des antibiotiques.<\/p>\n\n\n\n<p>Pour en savoir plus, le lien vers la publication&nbsp;:<\/p>\n\n\n\n<p><a href=\"https:\/\/www.mdpi.com\/1422-0067\/25\/21\/11343\">https:\/\/www.mdpi.com\/1422-0067\/25\/21\/11343<\/a><\/p>\n\n\n<div class=\"wp-block-image\">\n<figure class=\"aligncenter size-full\"><img loading=\"lazy\" decoding=\"async\" width=\"1024\" height=\"1024\" src=\"http:\/\/francelyme.fr\/site\/wp-content\/uploads\/2024\/11\/Phages-International-journal-of-molecular-sciences-2024.jpg\" alt=\"\" class=\"wp-image-17131\" srcset=\"https:\/\/francelyme.fr\/site\/wp-content\/uploads\/2024\/11\/Phages-International-journal-of-molecular-sciences-2024.jpg 1024w, https:\/\/francelyme.fr\/site\/wp-content\/uploads\/2024\/11\/Phages-International-journal-of-molecular-sciences-2024-300x300.jpg 300w, https:\/\/francelyme.fr\/site\/wp-content\/uploads\/2024\/11\/Phages-International-journal-of-molecular-sciences-2024-150x150.jpg 150w, https:\/\/francelyme.fr\/site\/wp-content\/uploads\/2024\/11\/Phages-International-journal-of-molecular-sciences-2024-768x768.jpg 768w, https:\/\/francelyme.fr\/site\/wp-content\/uploads\/2024\/11\/Phages-International-journal-of-molecular-sciences-2024-90x90.jpg 90w, https:\/\/francelyme.fr\/site\/wp-content\/uploads\/2024\/11\/Phages-International-journal-of-molecular-sciences-2024-75x75.jpg 75w\" sizes=\"auto, (max-width: 1024px) 100vw, 1024px\" \/><\/figure>\n<\/div><div class=\"like-button\" style=\"float: right; clear: both; text-align: right; width = 100%;\">\n<!-- Facebook Like Button Vivacity Infotech BEGIN -->\n<div class=\"fb-like\" data-href=\"https:\/\/francelyme.fr\/site\/des-chercheurs-autrichiens-ouvrent-une-nouvelle-voie-pour-traiter-la-borreliose-sans-antibiotiques\/\" data-layout=\"box_count\" data-action=\"like\" data-show-faces=\"false\" data-size=\"large\" data-width=\"450\" data-share=\"1\" ><\/div><\/div>\n<!-- Facebook Like Button Vivacity Infotech END -->\n","protected":false},"excerpt":{"rendered":"","protected":false},"author":16,"featured_media":17131,"comment_status":"closed","ping_status":"open","sticky":false,"template":"","format":"standard","meta":{"footnotes":""},"categories":[104],"tags":[],"class_list":["post-17095","post","type-post","status-publish","format-standard","has-post-thumbnail","hentry","category-recherche"],"yoast_head":"<!-- This site is optimized with the Yoast SEO plugin v27.5 - https:\/\/yoast.com\/product\/yoast-seo-wordpress\/ -->\n<title>Des chercheurs autrichiens ouvrent une nouvelle voie pour traiter la borr\u00e9liose sans antibiotiques - Association France Lyme<\/title>\n<meta name=\"robots\" content=\"index, follow, max-snippet:-1, max-image-preview:large, max-video-preview:-1\" \/>\n<link rel=\"canonical\" href=\"https:\/\/francelyme.fr\/site\/des-chercheurs-autrichiens-ouvrent-une-nouvelle-voie-pour-traiter-la-borreliose-sans-antibiotiques\/\" \/>\n<meta property=\"og:locale\" content=\"fr_FR\" \/>\n<meta property=\"og:type\" content=\"article\" \/>\n<meta property=\"og:title\" content=\"Des chercheurs autrichiens ouvrent une nouvelle voie pour traiter la borr\u00e9liose sans antibiotiques - Association France Lyme\" \/>\n<meta property=\"og:url\" content=\"https:\/\/francelyme.fr\/site\/des-chercheurs-autrichiens-ouvrent-une-nouvelle-voie-pour-traiter-la-borreliose-sans-antibiotiques\/\" \/>\n<meta property=\"og:site_name\" content=\"Association France Lyme\" \/>\n<meta property=\"article:publisher\" content=\"https:\/\/www.facebook.com\/france.lyme\" \/>\n<meta property=\"article:published_time\" content=\"2024-11-12T19:21:48+00:00\" \/>\n<meta property=\"article:modified_time\" content=\"2024-11-12T19:21:49+00:00\" \/>\n<meta property=\"og:image\" content=\"http:\/\/francelyme.fr\/site\/wp-content\/uploads\/2024\/11\/Phages-International-journal-of-molecular-sciences-2024.jpg\" \/>\n\t<meta property=\"og:image:width\" content=\"1024\" \/>\n\t<meta property=\"og:image:height\" content=\"1024\" \/>\n\t<meta property=\"og:image:type\" content=\"image\/jpeg\" \/>\n<meta name=\"author\" content=\"Editeur\" \/>\n<meta name=\"twitter:card\" content=\"summary_large_image\" \/>\n<meta name=\"twitter:creator\" content=\"@francelyme\" \/>\n<meta name=\"twitter:site\" content=\"@francelyme\" \/>\n<meta name=\"twitter:label1\" content=\"\u00c9crit par\" \/>\n\t<meta name=\"twitter:data1\" content=\"Editeur\" \/>\n\t<meta name=\"twitter:label2\" content=\"Dur\u00e9e de lecture estim\u00e9e\" \/>\n\t<meta name=\"twitter:data2\" content=\"2 minutes\" \/>\n<script type=\"application\/ld+json\" class=\"yoast-schema-graph\">{\"@context\":\"https:\\\/\\\/schema.org\",\"@graph\":[{\"@type\":\"Article\",\"@id\":\"https:\\\/\\\/francelyme.fr\\\/site\\\/des-chercheurs-autrichiens-ouvrent-une-nouvelle-voie-pour-traiter-la-borreliose-sans-antibiotiques\\\/#article\",\"isPartOf\":{\"@id\":\"https:\\\/\\\/francelyme.fr\\\/site\\\/des-chercheurs-autrichiens-ouvrent-une-nouvelle-voie-pour-traiter-la-borreliose-sans-antibiotiques\\\/\"},\"author\":{\"name\":\"Editeur\",\"@id\":\"https:\\\/\\\/francelyme.fr\\\/site\\\/#\\\/schema\\\/person\\\/b3a32c0e865447c2586961956f5d867e\"},\"headline\":\"Des chercheurs autrichiens ouvrent une nouvelle voie pour traiter la borr\u00e9liose sans antibiotiques\",\"datePublished\":\"2024-11-12T19:21:48+00:00\",\"dateModified\":\"2024-11-12T19:21:49+00:00\",\"mainEntityOfPage\":{\"@id\":\"https:\\\/\\\/francelyme.fr\\\/site\\\/des-chercheurs-autrichiens-ouvrent-une-nouvelle-voie-pour-traiter-la-borreliose-sans-antibiotiques\\\/\"},\"wordCount\":386,\"publisher\":{\"@id\":\"https:\\\/\\\/francelyme.fr\\\/site\\\/#organization\"},\"image\":{\"@id\":\"https:\\\/\\\/francelyme.fr\\\/site\\\/des-chercheurs-autrichiens-ouvrent-une-nouvelle-voie-pour-traiter-la-borreliose-sans-antibiotiques\\\/#primaryimage\"},\"thumbnailUrl\":\"https:\\\/\\\/francelyme.fr\\\/site\\\/wp-content\\\/uploads\\\/2024\\\/11\\\/Phages-International-journal-of-molecular-sciences-2024.jpg\",\"articleSection\":[\"Recherche\"],\"inLanguage\":\"fr-FR\"},{\"@type\":\"WebPage\",\"@id\":\"https:\\\/\\\/francelyme.fr\\\/site\\\/des-chercheurs-autrichiens-ouvrent-une-nouvelle-voie-pour-traiter-la-borreliose-sans-antibiotiques\\\/\",\"url\":\"https:\\\/\\\/francelyme.fr\\\/site\\\/des-chercheurs-autrichiens-ouvrent-une-nouvelle-voie-pour-traiter-la-borreliose-sans-antibiotiques\\\/\",\"name\":\"Des chercheurs autrichiens ouvrent une nouvelle voie pour traiter la borr\u00e9liose sans antibiotiques - Association France Lyme\",\"isPartOf\":{\"@id\":\"https:\\\/\\\/francelyme.fr\\\/site\\\/#website\"},\"primaryImageOfPage\":{\"@id\":\"https:\\\/\\\/francelyme.fr\\\/site\\\/des-chercheurs-autrichiens-ouvrent-une-nouvelle-voie-pour-traiter-la-borreliose-sans-antibiotiques\\\/#primaryimage\"},\"image\":{\"@id\":\"https:\\\/\\\/francelyme.fr\\\/site\\\/des-chercheurs-autrichiens-ouvrent-une-nouvelle-voie-pour-traiter-la-borreliose-sans-antibiotiques\\\/#primaryimage\"},\"thumbnailUrl\":\"https:\\\/\\\/francelyme.fr\\\/site\\\/wp-content\\\/uploads\\\/2024\\\/11\\\/Phages-International-journal-of-molecular-sciences-2024.jpg\",\"datePublished\":\"2024-11-12T19:21:48+00:00\",\"dateModified\":\"2024-11-12T19:21:49+00:00\",\"breadcrumb\":{\"@id\":\"https:\\\/\\\/francelyme.fr\\\/site\\\/des-chercheurs-autrichiens-ouvrent-une-nouvelle-voie-pour-traiter-la-borreliose-sans-antibiotiques\\\/#breadcrumb\"},\"inLanguage\":\"fr-FR\",\"potentialAction\":[{\"@type\":\"ReadAction\",\"target\":[\"https:\\\/\\\/francelyme.fr\\\/site\\\/des-chercheurs-autrichiens-ouvrent-une-nouvelle-voie-pour-traiter-la-borreliose-sans-antibiotiques\\\/\"]}]},{\"@type\":\"ImageObject\",\"inLanguage\":\"fr-FR\",\"@id\":\"https:\\\/\\\/francelyme.fr\\\/site\\\/des-chercheurs-autrichiens-ouvrent-une-nouvelle-voie-pour-traiter-la-borreliose-sans-antibiotiques\\\/#primaryimage\",\"url\":\"https:\\\/\\\/francelyme.fr\\\/site\\\/wp-content\\\/uploads\\\/2024\\\/11\\\/Phages-International-journal-of-molecular-sciences-2024.jpg\",\"contentUrl\":\"https:\\\/\\\/francelyme.fr\\\/site\\\/wp-content\\\/uploads\\\/2024\\\/11\\\/Phages-International-journal-of-molecular-sciences-2024.jpg\",\"width\":1024,\"height\":1024},{\"@type\":\"BreadcrumbList\",\"@id\":\"https:\\\/\\\/francelyme.fr\\\/site\\\/des-chercheurs-autrichiens-ouvrent-une-nouvelle-voie-pour-traiter-la-borreliose-sans-antibiotiques\\\/#breadcrumb\",\"itemListElement\":[{\"@type\":\"ListItem\",\"position\":1,\"name\":\"Accueil\",\"item\":\"https:\\\/\\\/francelyme.fr\\\/site\\\/\"},{\"@type\":\"ListItem\",\"position\":2,\"name\":\"Des chercheurs autrichiens ouvrent une nouvelle voie pour traiter la borr\u00e9liose sans antibiotiques\"}]},{\"@type\":\"WebSite\",\"@id\":\"https:\\\/\\\/francelyme.fr\\\/site\\\/#website\",\"url\":\"https:\\\/\\\/francelyme.fr\\\/site\\\/\",\"name\":\"Association France Lyme\",\"description\":\"Association de lutte contre les maladies vectorielles \u00e0 tiques\",\"publisher\":{\"@id\":\"https:\\\/\\\/francelyme.fr\\\/site\\\/#organization\"},\"potentialAction\":[{\"@type\":\"SearchAction\",\"target\":{\"@type\":\"EntryPoint\",\"urlTemplate\":\"https:\\\/\\\/francelyme.fr\\\/site\\\/?s={search_term_string}\"},\"query-input\":{\"@type\":\"PropertyValueSpecification\",\"valueRequired\":true,\"valueName\":\"search_term_string\"}}],\"inLanguage\":\"fr-FR\"},{\"@type\":\"Organization\",\"@id\":\"https:\\\/\\\/francelyme.fr\\\/site\\\/#organization\",\"name\":\"France Lyme\",\"url\":\"https:\\\/\\\/francelyme.fr\\\/site\\\/\",\"logo\":{\"@type\":\"ImageObject\",\"inLanguage\":\"fr-FR\",\"@id\":\"https:\\\/\\\/francelyme.fr\\\/site\\\/#\\\/schema\\\/logo\\\/image\\\/\",\"url\":\"https:\\\/\\\/francelyme.fr\\\/site\\\/wp-content\\\/uploads\\\/2019\\\/05\\\/francelyme-site.gif\",\"contentUrl\":\"https:\\\/\\\/francelyme.fr\\\/site\\\/wp-content\\\/uploads\\\/2019\\\/05\\\/francelyme-site.gif\",\"width\":180,\"height\":180,\"caption\":\"France Lyme\"},\"image\":{\"@id\":\"https:\\\/\\\/francelyme.fr\\\/site\\\/#\\\/schema\\\/logo\\\/image\\\/\"},\"sameAs\":[\"https:\\\/\\\/www.facebook.com\\\/france.lyme\",\"https:\\\/\\\/x.com\\\/francelyme\",\"https:\\\/\\\/www.youtube.com\\\/channel\\\/UClMCGl3dvkz0iAgXFR1NH1A\"]},{\"@type\":\"Person\",\"@id\":\"https:\\\/\\\/francelyme.fr\\\/site\\\/#\\\/schema\\\/person\\\/b3a32c0e865447c2586961956f5d867e\",\"name\":\"Editeur\",\"image\":{\"@type\":\"ImageObject\",\"inLanguage\":\"fr-FR\",\"@id\":\"https:\\\/\\\/secure.gravatar.com\\\/avatar\\\/ae207cee02bf4e66ec5abb92d4ccacaa0ad5f5d3d16fe7fcb393eda94bfbf2d2?s=96&d=mm&r=g\",\"url\":\"https:\\\/\\\/secure.gravatar.com\\\/avatar\\\/ae207cee02bf4e66ec5abb92d4ccacaa0ad5f5d3d16fe7fcb393eda94bfbf2d2?s=96&d=mm&r=g\",\"contentUrl\":\"https:\\\/\\\/secure.gravatar.com\\\/avatar\\\/ae207cee02bf4e66ec5abb92d4ccacaa0ad5f5d3d16fe7fcb393eda94bfbf2d2?s=96&d=mm&r=g\",\"caption\":\"Editeur\"},\"url\":\"https:\\\/\\\/francelyme.fr\\\/site\\\/author\\\/editeuradm\\\/\"}]}<\/script>\n<!-- \/ Yoast SEO plugin. -->","yoast_head_json":{"title":"Des chercheurs autrichiens ouvrent une nouvelle voie pour traiter la borr\u00e9liose sans antibiotiques - Association France Lyme","robots":{"index":"index","follow":"follow","max-snippet":"max-snippet:-1","max-image-preview":"max-image-preview:large","max-video-preview":"max-video-preview:-1"},"canonical":"https:\/\/francelyme.fr\/site\/des-chercheurs-autrichiens-ouvrent-une-nouvelle-voie-pour-traiter-la-borreliose-sans-antibiotiques\/","og_locale":"fr_FR","og_type":"article","og_title":"Des chercheurs autrichiens ouvrent une nouvelle voie pour traiter la borr\u00e9liose sans antibiotiques - Association France Lyme","og_url":"https:\/\/francelyme.fr\/site\/des-chercheurs-autrichiens-ouvrent-une-nouvelle-voie-pour-traiter-la-borreliose-sans-antibiotiques\/","og_site_name":"Association France Lyme","article_publisher":"https:\/\/www.facebook.com\/france.lyme","article_published_time":"2024-11-12T19:21:48+00:00","article_modified_time":"2024-11-12T19:21:49+00:00","og_image":[{"width":1024,"height":1024,"url":"http:\/\/francelyme.fr\/site\/wp-content\/uploads\/2024\/11\/Phages-International-journal-of-molecular-sciences-2024.jpg","type":"image\/jpeg"}],"author":"Editeur","twitter_card":"summary_large_image","twitter_creator":"@francelyme","twitter_site":"@francelyme","twitter_misc":{"\u00c9crit par":"Editeur","Dur\u00e9e de lecture estim\u00e9e":"2 minutes"},"schema":{"@context":"https:\/\/schema.org","@graph":[{"@type":"Article","@id":"https:\/\/francelyme.fr\/site\/des-chercheurs-autrichiens-ouvrent-une-nouvelle-voie-pour-traiter-la-borreliose-sans-antibiotiques\/#article","isPartOf":{"@id":"https:\/\/francelyme.fr\/site\/des-chercheurs-autrichiens-ouvrent-une-nouvelle-voie-pour-traiter-la-borreliose-sans-antibiotiques\/"},"author":{"name":"Editeur","@id":"https:\/\/francelyme.fr\/site\/#\/schema\/person\/b3a32c0e865447c2586961956f5d867e"},"headline":"Des chercheurs autrichiens ouvrent une nouvelle voie pour traiter la borr\u00e9liose sans antibiotiques","datePublished":"2024-11-12T19:21:48+00:00","dateModified":"2024-11-12T19:21:49+00:00","mainEntityOfPage":{"@id":"https:\/\/francelyme.fr\/site\/des-chercheurs-autrichiens-ouvrent-une-nouvelle-voie-pour-traiter-la-borreliose-sans-antibiotiques\/"},"wordCount":386,"publisher":{"@id":"https:\/\/francelyme.fr\/site\/#organization"},"image":{"@id":"https:\/\/francelyme.fr\/site\/des-chercheurs-autrichiens-ouvrent-une-nouvelle-voie-pour-traiter-la-borreliose-sans-antibiotiques\/#primaryimage"},"thumbnailUrl":"https:\/\/francelyme.fr\/site\/wp-content\/uploads\/2024\/11\/Phages-International-journal-of-molecular-sciences-2024.jpg","articleSection":["Recherche"],"inLanguage":"fr-FR"},{"@type":"WebPage","@id":"https:\/\/francelyme.fr\/site\/des-chercheurs-autrichiens-ouvrent-une-nouvelle-voie-pour-traiter-la-borreliose-sans-antibiotiques\/","url":"https:\/\/francelyme.fr\/site\/des-chercheurs-autrichiens-ouvrent-une-nouvelle-voie-pour-traiter-la-borreliose-sans-antibiotiques\/","name":"Des chercheurs autrichiens ouvrent une nouvelle voie pour traiter la borr\u00e9liose sans antibiotiques - Association France Lyme","isPartOf":{"@id":"https:\/\/francelyme.fr\/site\/#website"},"primaryImageOfPage":{"@id":"https:\/\/francelyme.fr\/site\/des-chercheurs-autrichiens-ouvrent-une-nouvelle-voie-pour-traiter-la-borreliose-sans-antibiotiques\/#primaryimage"},"image":{"@id":"https:\/\/francelyme.fr\/site\/des-chercheurs-autrichiens-ouvrent-une-nouvelle-voie-pour-traiter-la-borreliose-sans-antibiotiques\/#primaryimage"},"thumbnailUrl":"https:\/\/francelyme.fr\/site\/wp-content\/uploads\/2024\/11\/Phages-International-journal-of-molecular-sciences-2024.jpg","datePublished":"2024-11-12T19:21:48+00:00","dateModified":"2024-11-12T19:21:49+00:00","breadcrumb":{"@id":"https:\/\/francelyme.fr\/site\/des-chercheurs-autrichiens-ouvrent-une-nouvelle-voie-pour-traiter-la-borreliose-sans-antibiotiques\/#breadcrumb"},"inLanguage":"fr-FR","potentialAction":[{"@type":"ReadAction","target":["https:\/\/francelyme.fr\/site\/des-chercheurs-autrichiens-ouvrent-une-nouvelle-voie-pour-traiter-la-borreliose-sans-antibiotiques\/"]}]},{"@type":"ImageObject","inLanguage":"fr-FR","@id":"https:\/\/francelyme.fr\/site\/des-chercheurs-autrichiens-ouvrent-une-nouvelle-voie-pour-traiter-la-borreliose-sans-antibiotiques\/#primaryimage","url":"https:\/\/francelyme.fr\/site\/wp-content\/uploads\/2024\/11\/Phages-International-journal-of-molecular-sciences-2024.jpg","contentUrl":"https:\/\/francelyme.fr\/site\/wp-content\/uploads\/2024\/11\/Phages-International-journal-of-molecular-sciences-2024.jpg","width":1024,"height":1024},{"@type":"BreadcrumbList","@id":"https:\/\/francelyme.fr\/site\/des-chercheurs-autrichiens-ouvrent-une-nouvelle-voie-pour-traiter-la-borreliose-sans-antibiotiques\/#breadcrumb","itemListElement":[{"@type":"ListItem","position":1,"name":"Accueil","item":"https:\/\/francelyme.fr\/site\/"},{"@type":"ListItem","position":2,"name":"Des chercheurs autrichiens ouvrent une nouvelle voie pour traiter la borr\u00e9liose sans antibiotiques"}]},{"@type":"WebSite","@id":"https:\/\/francelyme.fr\/site\/#website","url":"https:\/\/francelyme.fr\/site\/","name":"Association France Lyme","description":"Association de lutte contre les maladies vectorielles \u00e0 tiques","publisher":{"@id":"https:\/\/francelyme.fr\/site\/#organization"},"potentialAction":[{"@type":"SearchAction","target":{"@type":"EntryPoint","urlTemplate":"https:\/\/francelyme.fr\/site\/?s={search_term_string}"},"query-input":{"@type":"PropertyValueSpecification","valueRequired":true,"valueName":"search_term_string"}}],"inLanguage":"fr-FR"},{"@type":"Organization","@id":"https:\/\/francelyme.fr\/site\/#organization","name":"France Lyme","url":"https:\/\/francelyme.fr\/site\/","logo":{"@type":"ImageObject","inLanguage":"fr-FR","@id":"https:\/\/francelyme.fr\/site\/#\/schema\/logo\/image\/","url":"https:\/\/francelyme.fr\/site\/wp-content\/uploads\/2019\/05\/francelyme-site.gif","contentUrl":"https:\/\/francelyme.fr\/site\/wp-content\/uploads\/2019\/05\/francelyme-site.gif","width":180,"height":180,"caption":"France Lyme"},"image":{"@id":"https:\/\/francelyme.fr\/site\/#\/schema\/logo\/image\/"},"sameAs":["https:\/\/www.facebook.com\/france.lyme","https:\/\/x.com\/francelyme","https:\/\/www.youtube.com\/channel\/UClMCGl3dvkz0iAgXFR1NH1A"]},{"@type":"Person","@id":"https:\/\/francelyme.fr\/site\/#\/schema\/person\/b3a32c0e865447c2586961956f5d867e","name":"Editeur","image":{"@type":"ImageObject","inLanguage":"fr-FR","@id":"https:\/\/secure.gravatar.com\/avatar\/ae207cee02bf4e66ec5abb92d4ccacaa0ad5f5d3d16fe7fcb393eda94bfbf2d2?s=96&d=mm&r=g","url":"https:\/\/secure.gravatar.com\/avatar\/ae207cee02bf4e66ec5abb92d4ccacaa0ad5f5d3d16fe7fcb393eda94bfbf2d2?s=96&d=mm&r=g","contentUrl":"https:\/\/secure.gravatar.com\/avatar\/ae207cee02bf4e66ec5abb92d4ccacaa0ad5f5d3d16fe7fcb393eda94bfbf2d2?s=96&d=mm&r=g","caption":"Editeur"},"url":"https:\/\/francelyme.fr\/site\/author\/editeuradm\/"}]}},"_links":{"self":[{"href":"https:\/\/francelyme.fr\/site\/wp-json\/wp\/v2\/posts\/17095","targetHints":{"allow":["GET"]}}],"collection":[{"href":"https:\/\/francelyme.fr\/site\/wp-json\/wp\/v2\/posts"}],"about":[{"href":"https:\/\/francelyme.fr\/site\/wp-json\/wp\/v2\/types\/post"}],"author":[{"embeddable":true,"href":"https:\/\/francelyme.fr\/site\/wp-json\/wp\/v2\/users\/16"}],"replies":[{"embeddable":true,"href":"https:\/\/francelyme.fr\/site\/wp-json\/wp\/v2\/comments?post=17095"}],"version-history":[{"count":3,"href":"https:\/\/francelyme.fr\/site\/wp-json\/wp\/v2\/posts\/17095\/revisions"}],"predecessor-version":[{"id":17132,"href":"https:\/\/francelyme.fr\/site\/wp-json\/wp\/v2\/posts\/17095\/revisions\/17132"}],"wp:featuredmedia":[{"embeddable":true,"href":"https:\/\/francelyme.fr\/site\/wp-json\/wp\/v2\/media\/17131"}],"wp:attachment":[{"href":"https:\/\/francelyme.fr\/site\/wp-json\/wp\/v2\/media?parent=17095"}],"wp:term":[{"taxonomy":"category","embeddable":true,"href":"https:\/\/francelyme.fr\/site\/wp-json\/wp\/v2\/categories?post=17095"},{"taxonomy":"post_tag","embeddable":true,"href":"https:\/\/francelyme.fr\/site\/wp-json\/wp\/v2\/tags?post=17095"}],"curies":[{"name":"wp","href":"https:\/\/api.w.org\/{rel}","templated":true}]}}