{"id":17098,"date":"2024-11-12T19:01:33","date_gmt":"2024-11-12T18:01:33","guid":{"rendered":"https:\/\/francelyme.fr\/site\/?p=17098"},"modified":"2024-11-12T19:01:35","modified_gmt":"2024-11-12T18:01:35","slug":"un-tres-grand-merci-a-la-societe-elitech-pour-son-don-de-mecenat","status":"publish","type":"post","link":"https:\/\/francelyme.fr\/site\/un-tres-grand-merci-a-la-societe-elitech-pour-son-don-de-mecenat\/","title":{"rendered":"Un tr\u00e8s grand merci \u00e0 la soci\u00e9t\u00e9 Elitech pour son don de m\u00e9c\u00e9nat"},"content":{"rendered":"<div class=\"like-button\" style=\"float: right; clear: both; text-align: right; width = 100%;\">\n<!-- Facebook Like Button Vivacity Infotech BEGIN -->\n<div class=\"fb-like\" data-href=\"https:\/\/francelyme.fr\/site\/un-tres-grand-merci-a-la-societe-elitech-pour-son-don-de-mecenat\/\" data-layout=\"box_count\" data-action=\"like\" data-show-faces=\"false\" data-size=\"large\" data-width=\"450\" data-share=\"1\" ><\/div><\/div>\n<!-- Facebook Like Button Vivacity Infotech END -->\n<div id=\"fb-root\"><\/div>\n\n<p>Nous adressons un tr\u00e8s grand merci \u00e0 la soci\u00e9t\u00e9 Elitech, bas\u00e9e dans le Var, qui a d\u00e9cid\u00e9 de faire un don important \u00e0 notre association, de 10 000 \u20ac, sans contre-partie.<\/p>\n\n\n\n<p>Cette entreprise a d\u00e9cid\u00e9 d\u2019aider chaque ann\u00e9e une association particuli\u00e8rement m\u00e9ritante en lui remettant un ch\u00e8que, et cette ann\u00e9e, France Lyme a \u00e9t\u00e9 choisie par son comit\u00e9 d\u2019attribution \u00e0 la suite de la proposition d\u2019un des dirigeants de l\u2019entreprise, lui-m\u00eame sensibilis\u00e9 \u00e0 la maladie de Lyme par son entourage il y a quelques ann\u00e9es.<\/p>\n\n\n\n<p>Nous sommes honor\u00e9s d\u2019avoir \u00e9t\u00e9 choisis pour recevoir ce don de m\u00e9c\u00e9nat, nous avons assur\u00e9 les dirigeants de l\u2019entreprise que cette somme sera utilis\u00e9e, comme toutes nos recettes d\u2019ailleurs, dans le but d\u2019accomplir au mieux nos quatre missions&nbsp;: repr\u00e9senter et d\u00e9fendre les personnes souffrant de MVT, \u00e9couter et soutenir les malades, informer sur les MVT, et d\u00e9velopper la connaissance.<\/p>\n\n\n\n<p>Ce don est pr\u00e9cieux pour France Lyme, car rappelons-le, notre association ne re\u00e7oit pas de subvention de l\u2019\u00e9tat ou des collectivit\u00e9s, elle repose uniquement sur le b\u00e9n\u00e9volat, et est enti\u00e8rement financ\u00e9e par les adh\u00e9sions et les dons.<\/p>\n\n\n<div class=\"wp-block-image\">\n<figure class=\"aligncenter size-full\"><img loading=\"lazy\" decoding=\"async\" width=\"1024\" height=\"1024\" src=\"https:\/\/francelyme.fr\/site\/wp-content\/uploads\/2024\/11\/Don-de-mecenat-Elitech.jpg\" alt=\"\" class=\"wp-image-17117\" srcset=\"https:\/\/francelyme.fr\/site\/wp-content\/uploads\/2024\/11\/Don-de-mecenat-Elitech.jpg 1024w, https:\/\/francelyme.fr\/site\/wp-content\/uploads\/2024\/11\/Don-de-mecenat-Elitech-300x300.jpg 300w, https:\/\/francelyme.fr\/site\/wp-content\/uploads\/2024\/11\/Don-de-mecenat-Elitech-150x150.jpg 150w, https:\/\/francelyme.fr\/site\/wp-content\/uploads\/2024\/11\/Don-de-mecenat-Elitech-768x768.jpg 768w, https:\/\/francelyme.fr\/site\/wp-content\/uploads\/2024\/11\/Don-de-mecenat-Elitech-90x90.jpg 90w, https:\/\/francelyme.fr\/site\/wp-content\/uploads\/2024\/11\/Don-de-mecenat-Elitech-75x75.jpg 75w\" sizes=\"auto, (max-width: 1024px) 100vw, 1024px\" \/><\/figure>\n<\/div><div class=\"like-button\" style=\"float: right; clear: both; text-align: right; width = 100%;\">\n<!-- Facebook Like Button Vivacity Infotech BEGIN -->\n<div class=\"fb-like\" data-href=\"https:\/\/francelyme.fr\/site\/un-tres-grand-merci-a-la-societe-elitech-pour-son-don-de-mecenat\/\" data-layout=\"box_count\" data-action=\"like\" data-show-faces=\"false\" data-size=\"large\" data-width=\"450\" data-share=\"1\" ><\/div><\/div>\n<!-- Facebook Like Button Vivacity Infotech END -->\n","protected":false},"excerpt":{"rendered":"","protected":false},"author":16,"featured_media":17117,"comment_status":"closed","ping_status":"open","sticky":false,"template":"","format":"standard","meta":{"footnotes":""},"categories":[41],"tags":[],"class_list":["post-17098","post","type-post","status-publish","format-standard","has-post-thumbnail","hentry","category-france-lyme"],"yoast_head":"<!-- This site is optimized with the Yoast SEO plugin v27.5 - https:\/\/yoast.com\/product\/yoast-seo-wordpress\/ -->\n<title>Un tr\u00e8s grand merci \u00e0 la soci\u00e9t\u00e9 Elitech pour son don de m\u00e9c\u00e9nat - Association France Lyme<\/title>\n<meta name=\"robots\" content=\"index, follow, max-snippet:-1, max-image-preview:large, max-video-preview:-1\" \/>\n<link rel=\"canonical\" href=\"https:\/\/francelyme.fr\/site\/un-tres-grand-merci-a-la-societe-elitech-pour-son-don-de-mecenat\/\" \/>\n<meta property=\"og:locale\" content=\"fr_FR\" \/>\n<meta property=\"og:type\" content=\"article\" \/>\n<meta property=\"og:title\" content=\"Un tr\u00e8s grand merci \u00e0 la soci\u00e9t\u00e9 Elitech pour son don de m\u00e9c\u00e9nat - Association France Lyme\" \/>\n<meta property=\"og:url\" content=\"https:\/\/francelyme.fr\/site\/un-tres-grand-merci-a-la-societe-elitech-pour-son-don-de-mecenat\/\" \/>\n<meta property=\"og:site_name\" content=\"Association France Lyme\" \/>\n<meta property=\"article:publisher\" content=\"https:\/\/www.facebook.com\/france.lyme\" \/>\n<meta property=\"article:published_time\" content=\"2024-11-12T18:01:33+00:00\" \/>\n<meta property=\"article:modified_time\" content=\"2024-11-12T18:01:35+00:00\" \/>\n<meta property=\"og:image\" content=\"http:\/\/francelyme.fr\/site\/wp-content\/uploads\/2024\/11\/Don-de-mecenat-Elitech.jpg\" \/>\n\t<meta property=\"og:image:width\" content=\"1024\" \/>\n\t<meta property=\"og:image:height\" content=\"1024\" \/>\n\t<meta property=\"og:image:type\" content=\"image\/jpeg\" \/>\n<meta name=\"author\" content=\"Editeur\" \/>\n<meta name=\"twitter:card\" content=\"summary_large_image\" \/>\n<meta name=\"twitter:creator\" content=\"@francelyme\" \/>\n<meta name=\"twitter:site\" content=\"@francelyme\" \/>\n<meta name=\"twitter:label1\" content=\"\u00c9crit par\" \/>\n\t<meta name=\"twitter:data1\" content=\"Editeur\" \/>\n\t<meta name=\"twitter:label2\" content=\"Dur\u00e9e de lecture estim\u00e9e\" \/>\n\t<meta name=\"twitter:data2\" content=\"2 minutes\" \/>\n<script type=\"application\/ld+json\" class=\"yoast-schema-graph\">{\"@context\":\"https:\\\/\\\/schema.org\",\"@graph\":[{\"@type\":\"Article\",\"@id\":\"https:\\\/\\\/francelyme.fr\\\/site\\\/un-tres-grand-merci-a-la-societe-elitech-pour-son-don-de-mecenat\\\/#article\",\"isPartOf\":{\"@id\":\"https:\\\/\\\/francelyme.fr\\\/site\\\/un-tres-grand-merci-a-la-societe-elitech-pour-son-don-de-mecenat\\\/\"},\"author\":{\"name\":\"Editeur\",\"@id\":\"https:\\\/\\\/francelyme.fr\\\/site\\\/#\\\/schema\\\/person\\\/b3a32c0e865447c2586961956f5d867e\"},\"headline\":\"Un tr\u00e8s grand merci \u00e0 la soci\u00e9t\u00e9 Elitech pour son don de m\u00e9c\u00e9nat\",\"datePublished\":\"2024-11-12T18:01:33+00:00\",\"dateModified\":\"2024-11-12T18:01:35+00:00\",\"mainEntityOfPage\":{\"@id\":\"https:\\\/\\\/francelyme.fr\\\/site\\\/un-tres-grand-merci-a-la-societe-elitech-pour-son-don-de-mecenat\\\/\"},\"wordCount\":227,\"publisher\":{\"@id\":\"https:\\\/\\\/francelyme.fr\\\/site\\\/#organization\"},\"image\":{\"@id\":\"https:\\\/\\\/francelyme.fr\\\/site\\\/un-tres-grand-merci-a-la-societe-elitech-pour-son-don-de-mecenat\\\/#primaryimage\"},\"thumbnailUrl\":\"https:\\\/\\\/francelyme.fr\\\/site\\\/wp-content\\\/uploads\\\/2024\\\/11\\\/Don-de-mecenat-Elitech.jpg\",\"articleSection\":[\"France Lyme\"],\"inLanguage\":\"fr-FR\"},{\"@type\":\"WebPage\",\"@id\":\"https:\\\/\\\/francelyme.fr\\\/site\\\/un-tres-grand-merci-a-la-societe-elitech-pour-son-don-de-mecenat\\\/\",\"url\":\"https:\\\/\\\/francelyme.fr\\\/site\\\/un-tres-grand-merci-a-la-societe-elitech-pour-son-don-de-mecenat\\\/\",\"name\":\"Un tr\u00e8s grand merci \u00e0 la soci\u00e9t\u00e9 Elitech pour son don de m\u00e9c\u00e9nat - Association France Lyme\",\"isPartOf\":{\"@id\":\"https:\\\/\\\/francelyme.fr\\\/site\\\/#website\"},\"primaryImageOfPage\":{\"@id\":\"https:\\\/\\\/francelyme.fr\\\/site\\\/un-tres-grand-merci-a-la-societe-elitech-pour-son-don-de-mecenat\\\/#primaryimage\"},\"image\":{\"@id\":\"https:\\\/\\\/francelyme.fr\\\/site\\\/un-tres-grand-merci-a-la-societe-elitech-pour-son-don-de-mecenat\\\/#primaryimage\"},\"thumbnailUrl\":\"https:\\\/\\\/francelyme.fr\\\/site\\\/wp-content\\\/uploads\\\/2024\\\/11\\\/Don-de-mecenat-Elitech.jpg\",\"datePublished\":\"2024-11-12T18:01:33+00:00\",\"dateModified\":\"2024-11-12T18:01:35+00:00\",\"breadcrumb\":{\"@id\":\"https:\\\/\\\/francelyme.fr\\\/site\\\/un-tres-grand-merci-a-la-societe-elitech-pour-son-don-de-mecenat\\\/#breadcrumb\"},\"inLanguage\":\"fr-FR\",\"potentialAction\":[{\"@type\":\"ReadAction\",\"target\":[\"https:\\\/\\\/francelyme.fr\\\/site\\\/un-tres-grand-merci-a-la-societe-elitech-pour-son-don-de-mecenat\\\/\"]}]},{\"@type\":\"ImageObject\",\"inLanguage\":\"fr-FR\",\"@id\":\"https:\\\/\\\/francelyme.fr\\\/site\\\/un-tres-grand-merci-a-la-societe-elitech-pour-son-don-de-mecenat\\\/#primaryimage\",\"url\":\"https:\\\/\\\/francelyme.fr\\\/site\\\/wp-content\\\/uploads\\\/2024\\\/11\\\/Don-de-mecenat-Elitech.jpg\",\"contentUrl\":\"https:\\\/\\\/francelyme.fr\\\/site\\\/wp-content\\\/uploads\\\/2024\\\/11\\\/Don-de-mecenat-Elitech.jpg\",\"width\":1024,\"height\":1024},{\"@type\":\"BreadcrumbList\",\"@id\":\"https:\\\/\\\/francelyme.fr\\\/site\\\/un-tres-grand-merci-a-la-societe-elitech-pour-son-don-de-mecenat\\\/#breadcrumb\",\"itemListElement\":[{\"@type\":\"ListItem\",\"position\":1,\"name\":\"Accueil\",\"item\":\"https:\\\/\\\/francelyme.fr\\\/site\\\/\"},{\"@type\":\"ListItem\",\"position\":2,\"name\":\"Un tr\u00e8s grand merci \u00e0 la soci\u00e9t\u00e9 Elitech pour son don de m\u00e9c\u00e9nat\"}]},{\"@type\":\"WebSite\",\"@id\":\"https:\\\/\\\/francelyme.fr\\\/site\\\/#website\",\"url\":\"https:\\\/\\\/francelyme.fr\\\/site\\\/\",\"name\":\"Association France Lyme\",\"description\":\"Association de lutte contre les maladies vectorielles \u00e0 tiques\",\"publisher\":{\"@id\":\"https:\\\/\\\/francelyme.fr\\\/site\\\/#organization\"},\"potentialAction\":[{\"@type\":\"SearchAction\",\"target\":{\"@type\":\"EntryPoint\",\"urlTemplate\":\"https:\\\/\\\/francelyme.fr\\\/site\\\/?s={search_term_string}\"},\"query-input\":{\"@type\":\"PropertyValueSpecification\",\"valueRequired\":true,\"valueName\":\"search_term_string\"}}],\"inLanguage\":\"fr-FR\"},{\"@type\":\"Organization\",\"@id\":\"https:\\\/\\\/francelyme.fr\\\/site\\\/#organization\",\"name\":\"France Lyme\",\"url\":\"https:\\\/\\\/francelyme.fr\\\/site\\\/\",\"logo\":{\"@type\":\"ImageObject\",\"inLanguage\":\"fr-FR\",\"@id\":\"https:\\\/\\\/francelyme.fr\\\/site\\\/#\\\/schema\\\/logo\\\/image\\\/\",\"url\":\"https:\\\/\\\/francelyme.fr\\\/site\\\/wp-content\\\/uploads\\\/2019\\\/05\\\/francelyme-site.gif\",\"contentUrl\":\"https:\\\/\\\/francelyme.fr\\\/site\\\/wp-content\\\/uploads\\\/2019\\\/05\\\/francelyme-site.gif\",\"width\":180,\"height\":180,\"caption\":\"France Lyme\"},\"image\":{\"@id\":\"https:\\\/\\\/francelyme.fr\\\/site\\\/#\\\/schema\\\/logo\\\/image\\\/\"},\"sameAs\":[\"https:\\\/\\\/www.facebook.com\\\/france.lyme\",\"https:\\\/\\\/x.com\\\/francelyme\",\"https:\\\/\\\/www.youtube.com\\\/channel\\\/UClMCGl3dvkz0iAgXFR1NH1A\"]},{\"@type\":\"Person\",\"@id\":\"https:\\\/\\\/francelyme.fr\\\/site\\\/#\\\/schema\\\/person\\\/b3a32c0e865447c2586961956f5d867e\",\"name\":\"Editeur\",\"image\":{\"@type\":\"ImageObject\",\"inLanguage\":\"fr-FR\",\"@id\":\"https:\\\/\\\/secure.gravatar.com\\\/avatar\\\/ae207cee02bf4e66ec5abb92d4ccacaa0ad5f5d3d16fe7fcb393eda94bfbf2d2?s=96&d=mm&r=g\",\"url\":\"https:\\\/\\\/secure.gravatar.com\\\/avatar\\\/ae207cee02bf4e66ec5abb92d4ccacaa0ad5f5d3d16fe7fcb393eda94bfbf2d2?s=96&d=mm&r=g\",\"contentUrl\":\"https:\\\/\\\/secure.gravatar.com\\\/avatar\\\/ae207cee02bf4e66ec5abb92d4ccacaa0ad5f5d3d16fe7fcb393eda94bfbf2d2?s=96&d=mm&r=g\",\"caption\":\"Editeur\"},\"url\":\"https:\\\/\\\/francelyme.fr\\\/site\\\/author\\\/editeuradm\\\/\"}]}<\/script>\n<!-- \/ Yoast SEO plugin. -->","yoast_head_json":{"title":"Un tr\u00e8s grand merci \u00e0 la soci\u00e9t\u00e9 Elitech pour son don de m\u00e9c\u00e9nat - Association France Lyme","robots":{"index":"index","follow":"follow","max-snippet":"max-snippet:-1","max-image-preview":"max-image-preview:large","max-video-preview":"max-video-preview:-1"},"canonical":"https:\/\/francelyme.fr\/site\/un-tres-grand-merci-a-la-societe-elitech-pour-son-don-de-mecenat\/","og_locale":"fr_FR","og_type":"article","og_title":"Un tr\u00e8s grand merci \u00e0 la soci\u00e9t\u00e9 Elitech pour son don de m\u00e9c\u00e9nat - Association France Lyme","og_url":"https:\/\/francelyme.fr\/site\/un-tres-grand-merci-a-la-societe-elitech-pour-son-don-de-mecenat\/","og_site_name":"Association France Lyme","article_publisher":"https:\/\/www.facebook.com\/france.lyme","article_published_time":"2024-11-12T18:01:33+00:00","article_modified_time":"2024-11-12T18:01:35+00:00","og_image":[{"width":1024,"height":1024,"url":"http:\/\/francelyme.fr\/site\/wp-content\/uploads\/2024\/11\/Don-de-mecenat-Elitech.jpg","type":"image\/jpeg"}],"author":"Editeur","twitter_card":"summary_large_image","twitter_creator":"@francelyme","twitter_site":"@francelyme","twitter_misc":{"\u00c9crit par":"Editeur","Dur\u00e9e de lecture estim\u00e9e":"2 minutes"},"schema":{"@context":"https:\/\/schema.org","@graph":[{"@type":"Article","@id":"https:\/\/francelyme.fr\/site\/un-tres-grand-merci-a-la-societe-elitech-pour-son-don-de-mecenat\/#article","isPartOf":{"@id":"https:\/\/francelyme.fr\/site\/un-tres-grand-merci-a-la-societe-elitech-pour-son-don-de-mecenat\/"},"author":{"name":"Editeur","@id":"https:\/\/francelyme.fr\/site\/#\/schema\/person\/b3a32c0e865447c2586961956f5d867e"},"headline":"Un tr\u00e8s grand merci \u00e0 la soci\u00e9t\u00e9 Elitech pour son don de m\u00e9c\u00e9nat","datePublished":"2024-11-12T18:01:33+00:00","dateModified":"2024-11-12T18:01:35+00:00","mainEntityOfPage":{"@id":"https:\/\/francelyme.fr\/site\/un-tres-grand-merci-a-la-societe-elitech-pour-son-don-de-mecenat\/"},"wordCount":227,"publisher":{"@id":"https:\/\/francelyme.fr\/site\/#organization"},"image":{"@id":"https:\/\/francelyme.fr\/site\/un-tres-grand-merci-a-la-societe-elitech-pour-son-don-de-mecenat\/#primaryimage"},"thumbnailUrl":"https:\/\/francelyme.fr\/site\/wp-content\/uploads\/2024\/11\/Don-de-mecenat-Elitech.jpg","articleSection":["France Lyme"],"inLanguage":"fr-FR"},{"@type":"WebPage","@id":"https:\/\/francelyme.fr\/site\/un-tres-grand-merci-a-la-societe-elitech-pour-son-don-de-mecenat\/","url":"https:\/\/francelyme.fr\/site\/un-tres-grand-merci-a-la-societe-elitech-pour-son-don-de-mecenat\/","name":"Un tr\u00e8s grand merci \u00e0 la soci\u00e9t\u00e9 Elitech pour son don de m\u00e9c\u00e9nat - Association France Lyme","isPartOf":{"@id":"https:\/\/francelyme.fr\/site\/#website"},"primaryImageOfPage":{"@id":"https:\/\/francelyme.fr\/site\/un-tres-grand-merci-a-la-societe-elitech-pour-son-don-de-mecenat\/#primaryimage"},"image":{"@id":"https:\/\/francelyme.fr\/site\/un-tres-grand-merci-a-la-societe-elitech-pour-son-don-de-mecenat\/#primaryimage"},"thumbnailUrl":"https:\/\/francelyme.fr\/site\/wp-content\/uploads\/2024\/11\/Don-de-mecenat-Elitech.jpg","datePublished":"2024-11-12T18:01:33+00:00","dateModified":"2024-11-12T18:01:35+00:00","breadcrumb":{"@id":"https:\/\/francelyme.fr\/site\/un-tres-grand-merci-a-la-societe-elitech-pour-son-don-de-mecenat\/#breadcrumb"},"inLanguage":"fr-FR","potentialAction":[{"@type":"ReadAction","target":["https:\/\/francelyme.fr\/site\/un-tres-grand-merci-a-la-societe-elitech-pour-son-don-de-mecenat\/"]}]},{"@type":"ImageObject","inLanguage":"fr-FR","@id":"https:\/\/francelyme.fr\/site\/un-tres-grand-merci-a-la-societe-elitech-pour-son-don-de-mecenat\/#primaryimage","url":"https:\/\/francelyme.fr\/site\/wp-content\/uploads\/2024\/11\/Don-de-mecenat-Elitech.jpg","contentUrl":"https:\/\/francelyme.fr\/site\/wp-content\/uploads\/2024\/11\/Don-de-mecenat-Elitech.jpg","width":1024,"height":1024},{"@type":"BreadcrumbList","@id":"https:\/\/francelyme.fr\/site\/un-tres-grand-merci-a-la-societe-elitech-pour-son-don-de-mecenat\/#breadcrumb","itemListElement":[{"@type":"ListItem","position":1,"name":"Accueil","item":"https:\/\/francelyme.fr\/site\/"},{"@type":"ListItem","position":2,"name":"Un tr\u00e8s grand merci \u00e0 la soci\u00e9t\u00e9 Elitech pour son don de m\u00e9c\u00e9nat"}]},{"@type":"WebSite","@id":"https:\/\/francelyme.fr\/site\/#website","url":"https:\/\/francelyme.fr\/site\/","name":"Association France Lyme","description":"Association de lutte contre les maladies vectorielles \u00e0 tiques","publisher":{"@id":"https:\/\/francelyme.fr\/site\/#organization"},"potentialAction":[{"@type":"SearchAction","target":{"@type":"EntryPoint","urlTemplate":"https:\/\/francelyme.fr\/site\/?s={search_term_string}"},"query-input":{"@type":"PropertyValueSpecification","valueRequired":true,"valueName":"search_term_string"}}],"inLanguage":"fr-FR"},{"@type":"Organization","@id":"https:\/\/francelyme.fr\/site\/#organization","name":"France Lyme","url":"https:\/\/francelyme.fr\/site\/","logo":{"@type":"ImageObject","inLanguage":"fr-FR","@id":"https:\/\/francelyme.fr\/site\/#\/schema\/logo\/image\/","url":"https:\/\/francelyme.fr\/site\/wp-content\/uploads\/2019\/05\/francelyme-site.gif","contentUrl":"https:\/\/francelyme.fr\/site\/wp-content\/uploads\/2019\/05\/francelyme-site.gif","width":180,"height":180,"caption":"France Lyme"},"image":{"@id":"https:\/\/francelyme.fr\/site\/#\/schema\/logo\/image\/"},"sameAs":["https:\/\/www.facebook.com\/france.lyme","https:\/\/x.com\/francelyme","https:\/\/www.youtube.com\/channel\/UClMCGl3dvkz0iAgXFR1NH1A"]},{"@type":"Person","@id":"https:\/\/francelyme.fr\/site\/#\/schema\/person\/b3a32c0e865447c2586961956f5d867e","name":"Editeur","image":{"@type":"ImageObject","inLanguage":"fr-FR","@id":"https:\/\/secure.gravatar.com\/avatar\/ae207cee02bf4e66ec5abb92d4ccacaa0ad5f5d3d16fe7fcb393eda94bfbf2d2?s=96&d=mm&r=g","url":"https:\/\/secure.gravatar.com\/avatar\/ae207cee02bf4e66ec5abb92d4ccacaa0ad5f5d3d16fe7fcb393eda94bfbf2d2?s=96&d=mm&r=g","contentUrl":"https:\/\/secure.gravatar.com\/avatar\/ae207cee02bf4e66ec5abb92d4ccacaa0ad5f5d3d16fe7fcb393eda94bfbf2d2?s=96&d=mm&r=g","caption":"Editeur"},"url":"https:\/\/francelyme.fr\/site\/author\/editeuradm\/"}]}},"_links":{"self":[{"href":"https:\/\/francelyme.fr\/site\/wp-json\/wp\/v2\/posts\/17098","targetHints":{"allow":["GET"]}}],"collection":[{"href":"https:\/\/francelyme.fr\/site\/wp-json\/wp\/v2\/posts"}],"about":[{"href":"https:\/\/francelyme.fr\/site\/wp-json\/wp\/v2\/types\/post"}],"author":[{"embeddable":true,"href":"https:\/\/francelyme.fr\/site\/wp-json\/wp\/v2\/users\/16"}],"replies":[{"embeddable":true,"href":"https:\/\/francelyme.fr\/site\/wp-json\/wp\/v2\/comments?post=17098"}],"version-history":[{"count":2,"href":"https:\/\/francelyme.fr\/site\/wp-json\/wp\/v2\/posts\/17098\/revisions"}],"predecessor-version":[{"id":17118,"href":"https:\/\/francelyme.fr\/site\/wp-json\/wp\/v2\/posts\/17098\/revisions\/17118"}],"wp:featuredmedia":[{"embeddable":true,"href":"https:\/\/francelyme.fr\/site\/wp-json\/wp\/v2\/media\/17117"}],"wp:attachment":[{"href":"https:\/\/francelyme.fr\/site\/wp-json\/wp\/v2\/media?parent=17098"}],"wp:term":[{"taxonomy":"category","embeddable":true,"href":"https:\/\/francelyme.fr\/site\/wp-json\/wp\/v2\/categories?post=17098"},{"taxonomy":"post_tag","embeddable":true,"href":"https:\/\/francelyme.fr\/site\/wp-json\/wp\/v2\/tags?post=17098"}],"curies":[{"name":"wp","href":"https:\/\/api.w.org\/{rel}","templated":true}]}}