{"id":17137,"date":"2024-11-12T10:03:48","date_gmt":"2024-11-12T09:03:48","guid":{"rendered":"https:\/\/francelyme.fr\/site\/?p=17137"},"modified":"2024-11-13T20:03:05","modified_gmt":"2024-11-13T19:03:05","slug":"la-4eme-conference-europeenne-sur-les-crypto-infections-a-compiegne","status":"publish","type":"post","link":"https:\/\/francelyme.fr\/site\/la-4eme-conference-europeenne-sur-les-crypto-infections-a-compiegne\/","title":{"rendered":"Retour sur la 4\u00e8me conf\u00e9rence europ\u00e9enne sur les crypto-infections \u00e0 Compi\u00e8gne"},"content":{"rendered":"<div class=\"like-button\" style=\"float: right; clear: both; text-align: right; width = 100%;\">\n<!-- Facebook Like Button Vivacity Infotech BEGIN -->\n<div class=\"fb-like\" data-href=\"https:\/\/francelyme.fr\/site\/la-4eme-conference-europeenne-sur-les-crypto-infections-a-compiegne\/\" data-layout=\"box_count\" data-action=\"like\" data-show-faces=\"false\" data-size=\"large\" data-width=\"450\" data-share=\"1\" ><\/div><\/div>\n<!-- Facebook Like Button Vivacity Infotech END -->\n<div id=\"fb-root\"><\/div>\n\n<p>Cette conf\u00e9rence internationale, organis\u00e9e le mois dernier sous l\u2019\u00e9gide de Sorbonne Universit\u00e9, l\u2019UTC de Compi\u00e8gne et l\u2019Universit\u00e9 de Dublin, avait pour objectif de dresser l\u2019\u00e9tat des lieux sur les maladies chroniques d\u2019origine infectieuses et les syndromes post-infectieux, dont la borr\u00e9liose de Lyme, le Covid long et les maladies apparent\u00e9es.<\/p>\n\n\n\n<p>Cet \u00e9v\u00e8nement qui s\u2019adressait prioritairement aux m\u00e9decins, a tenu toutes ses promesses, avec des pr\u00e9sentations et des discussions passionnantes sur des th\u00e8mes qui nous concernent directement.<\/p>\n\n\n\n<p>Parmi les sujets les plus marquants, nous avons notamment\u00a0\u00e9t\u00e9 int\u00e9ress\u00e9s par les interventions du Dr Jack Lambert, du Pr Christian Perronne, du Dr Ahed Zedan, du Pr Alain Trautmann, du Pr Dominique Salmon, du Dr Nathalie Caradot, du Pr Mark Shawky, du Dr Tanja Mijatovic, des patientes-expertes Christ\u00e8le Dumas et Laura Arnal, et des sportives Audrey Merle et Sandrine Dufils. <\/p>\n\n\n\n<p>Le pr\u00e9sident a pu pr\u00e9senter sur le th\u00e8me \u00ab\u00a0<em>O\u00f9 en sont les malades Lyme et MVT en mati\u00e8re de prise en charge en France ?\u00a0\u00bb, <\/em>avec les r\u00e9sultats des enqu\u00eates r\u00e9alis\u00e9es aupr\u00e8s de vous, les membres de France Lyme, avec une r\u00e9elle \u00e9coute de la part des m\u00e9decins pr\u00e9sents. Ces informations sont d\u2019ailleurs mise en ligne sur notre site.<\/p>\n\n\n\n<p><a href=\"https:\/\/francelyme.fr\/site\/retour-dexperience-des-malades-lyme-mvt-des-sondages\/\">Partie 1<\/a><\/p>\n\n\n\n<p><a href=\"https:\/\/francelyme.fr\/site\/retour-dexperience-des-malades-lyme-mvt-grace-aux-sondages-partie-2\/\">Partie 2<\/a><\/p>\n\n\n\n<p>Info importante\u00a0: les pr\u00e9sentations de ces deux jours de conf\u00e9rence seront bient\u00f4t disponibles en replay vid\u00e9o, pour les personnes inscrites \u00e0 l\u2019\u00e9v\u00e8nement.<\/p>\n\n\n\n<figure class=\"wp-block-image size-full\"><img loading=\"lazy\" decoding=\"async\" width=\"1024\" height=\"1024\" src=\"http:\/\/francelyme.fr\/site\/wp-content\/uploads\/2024\/11\/conf-crypto-infections-Compiegne-2024.jpg\" alt=\"\" class=\"wp-image-17155\" srcset=\"https:\/\/francelyme.fr\/site\/wp-content\/uploads\/2024\/11\/conf-crypto-infections-Compiegne-2024.jpg 1024w, https:\/\/francelyme.fr\/site\/wp-content\/uploads\/2024\/11\/conf-crypto-infections-Compiegne-2024-300x300.jpg 300w, https:\/\/francelyme.fr\/site\/wp-content\/uploads\/2024\/11\/conf-crypto-infections-Compiegne-2024-150x150.jpg 150w, https:\/\/francelyme.fr\/site\/wp-content\/uploads\/2024\/11\/conf-crypto-infections-Compiegne-2024-768x768.jpg 768w, https:\/\/francelyme.fr\/site\/wp-content\/uploads\/2024\/11\/conf-crypto-infections-Compiegne-2024-90x90.jpg 90w, https:\/\/francelyme.fr\/site\/wp-content\/uploads\/2024\/11\/conf-crypto-infections-Compiegne-2024-75x75.jpg 75w\" sizes=\"auto, (max-width: 1024px) 100vw, 1024px\" \/><\/figure>\n<div class=\"like-button\" style=\"float: right; clear: both; text-align: right; width = 100%;\">\n<!-- Facebook Like Button Vivacity Infotech BEGIN -->\n<div class=\"fb-like\" data-href=\"https:\/\/francelyme.fr\/site\/la-4eme-conference-europeenne-sur-les-crypto-infections-a-compiegne\/\" data-layout=\"box_count\" data-action=\"like\" data-show-faces=\"false\" data-size=\"large\" data-width=\"450\" data-share=\"1\" ><\/div><\/div>\n<!-- Facebook Like Button Vivacity Infotech END -->\n","protected":false},"excerpt":{"rendered":"","protected":false},"author":16,"featured_media":17155,"comment_status":"closed","ping_status":"open","sticky":false,"template":"","format":"standard","meta":{"footnotes":""},"categories":[56],"tags":[],"class_list":["post-17137","post","type-post","status-publish","format-standard","has-post-thumbnail","hentry","category-conference"],"yoast_head":"<!-- This site is optimized with the Yoast SEO plugin v27.5 - https:\/\/yoast.com\/product\/yoast-seo-wordpress\/ -->\n<title>Retour sur la 4\u00e8me conf\u00e9rence europ\u00e9enne sur les crypto-infections \u00e0 Compi\u00e8gne - Association France Lyme<\/title>\n<meta name=\"robots\" content=\"index, follow, max-snippet:-1, max-image-preview:large, max-video-preview:-1\" \/>\n<link rel=\"canonical\" href=\"https:\/\/francelyme.fr\/site\/la-4eme-conference-europeenne-sur-les-crypto-infections-a-compiegne\/\" \/>\n<meta property=\"og:locale\" content=\"fr_FR\" \/>\n<meta property=\"og:type\" content=\"article\" \/>\n<meta property=\"og:title\" content=\"Retour sur la 4\u00e8me conf\u00e9rence europ\u00e9enne sur les crypto-infections \u00e0 Compi\u00e8gne - Association France Lyme\" \/>\n<meta property=\"og:url\" content=\"https:\/\/francelyme.fr\/site\/la-4eme-conference-europeenne-sur-les-crypto-infections-a-compiegne\/\" \/>\n<meta property=\"og:site_name\" content=\"Association France Lyme\" \/>\n<meta property=\"article:publisher\" content=\"https:\/\/www.facebook.com\/france.lyme\" \/>\n<meta property=\"article:published_time\" content=\"2024-11-12T09:03:48+00:00\" \/>\n<meta property=\"article:modified_time\" content=\"2024-11-13T19:03:05+00:00\" \/>\n<meta property=\"og:image\" content=\"http:\/\/francelyme.fr\/site\/wp-content\/uploads\/2024\/11\/conf-crypto-infections-Compiegne-2024.jpg\" \/>\n\t<meta property=\"og:image:width\" content=\"1024\" \/>\n\t<meta property=\"og:image:height\" content=\"1024\" \/>\n\t<meta property=\"og:image:type\" content=\"image\/jpeg\" \/>\n<meta name=\"author\" content=\"Editeur\" \/>\n<meta name=\"twitter:card\" content=\"summary_large_image\" \/>\n<meta name=\"twitter:creator\" content=\"@francelyme\" \/>\n<meta name=\"twitter:site\" content=\"@francelyme\" \/>\n<meta name=\"twitter:label1\" content=\"\u00c9crit par\" \/>\n\t<meta name=\"twitter:data1\" content=\"Editeur\" \/>\n\t<meta name=\"twitter:label2\" content=\"Dur\u00e9e de lecture estim\u00e9e\" \/>\n\t<meta name=\"twitter:data2\" content=\"2 minutes\" \/>\n<script type=\"application\/ld+json\" class=\"yoast-schema-graph\">{\"@context\":\"https:\\\/\\\/schema.org\",\"@graph\":[{\"@type\":\"Article\",\"@id\":\"https:\\\/\\\/francelyme.fr\\\/site\\\/la-4eme-conference-europeenne-sur-les-crypto-infections-a-compiegne\\\/#article\",\"isPartOf\":{\"@id\":\"https:\\\/\\\/francelyme.fr\\\/site\\\/la-4eme-conference-europeenne-sur-les-crypto-infections-a-compiegne\\\/\"},\"author\":{\"name\":\"Editeur\",\"@id\":\"https:\\\/\\\/francelyme.fr\\\/site\\\/#\\\/schema\\\/person\\\/b3a32c0e865447c2586961956f5d867e\"},\"headline\":\"Retour sur la 4\u00e8me conf\u00e9rence europ\u00e9enne sur les crypto-infections \u00e0 Compi\u00e8gne\",\"datePublished\":\"2024-11-12T09:03:48+00:00\",\"dateModified\":\"2024-11-13T19:03:05+00:00\",\"mainEntityOfPage\":{\"@id\":\"https:\\\/\\\/francelyme.fr\\\/site\\\/la-4eme-conference-europeenne-sur-les-crypto-infections-a-compiegne\\\/\"},\"wordCount\":267,\"publisher\":{\"@id\":\"https:\\\/\\\/francelyme.fr\\\/site\\\/#organization\"},\"image\":{\"@id\":\"https:\\\/\\\/francelyme.fr\\\/site\\\/la-4eme-conference-europeenne-sur-les-crypto-infections-a-compiegne\\\/#primaryimage\"},\"thumbnailUrl\":\"https:\\\/\\\/francelyme.fr\\\/site\\\/wp-content\\\/uploads\\\/2024\\\/11\\\/conf-crypto-infections-Compiegne-2024.jpg\",\"articleSection\":[\"Conf\u00e9rences\"],\"inLanguage\":\"fr-FR\"},{\"@type\":\"WebPage\",\"@id\":\"https:\\\/\\\/francelyme.fr\\\/site\\\/la-4eme-conference-europeenne-sur-les-crypto-infections-a-compiegne\\\/\",\"url\":\"https:\\\/\\\/francelyme.fr\\\/site\\\/la-4eme-conference-europeenne-sur-les-crypto-infections-a-compiegne\\\/\",\"name\":\"Retour sur la 4\u00e8me conf\u00e9rence europ\u00e9enne sur les crypto-infections \u00e0 Compi\u00e8gne - Association France Lyme\",\"isPartOf\":{\"@id\":\"https:\\\/\\\/francelyme.fr\\\/site\\\/#website\"},\"primaryImageOfPage\":{\"@id\":\"https:\\\/\\\/francelyme.fr\\\/site\\\/la-4eme-conference-europeenne-sur-les-crypto-infections-a-compiegne\\\/#primaryimage\"},\"image\":{\"@id\":\"https:\\\/\\\/francelyme.fr\\\/site\\\/la-4eme-conference-europeenne-sur-les-crypto-infections-a-compiegne\\\/#primaryimage\"},\"thumbnailUrl\":\"https:\\\/\\\/francelyme.fr\\\/site\\\/wp-content\\\/uploads\\\/2024\\\/11\\\/conf-crypto-infections-Compiegne-2024.jpg\",\"datePublished\":\"2024-11-12T09:03:48+00:00\",\"dateModified\":\"2024-11-13T19:03:05+00:00\",\"breadcrumb\":{\"@id\":\"https:\\\/\\\/francelyme.fr\\\/site\\\/la-4eme-conference-europeenne-sur-les-crypto-infections-a-compiegne\\\/#breadcrumb\"},\"inLanguage\":\"fr-FR\",\"potentialAction\":[{\"@type\":\"ReadAction\",\"target\":[\"https:\\\/\\\/francelyme.fr\\\/site\\\/la-4eme-conference-europeenne-sur-les-crypto-infections-a-compiegne\\\/\"]}]},{\"@type\":\"ImageObject\",\"inLanguage\":\"fr-FR\",\"@id\":\"https:\\\/\\\/francelyme.fr\\\/site\\\/la-4eme-conference-europeenne-sur-les-crypto-infections-a-compiegne\\\/#primaryimage\",\"url\":\"https:\\\/\\\/francelyme.fr\\\/site\\\/wp-content\\\/uploads\\\/2024\\\/11\\\/conf-crypto-infections-Compiegne-2024.jpg\",\"contentUrl\":\"https:\\\/\\\/francelyme.fr\\\/site\\\/wp-content\\\/uploads\\\/2024\\\/11\\\/conf-crypto-infections-Compiegne-2024.jpg\",\"width\":1024,\"height\":1024},{\"@type\":\"BreadcrumbList\",\"@id\":\"https:\\\/\\\/francelyme.fr\\\/site\\\/la-4eme-conference-europeenne-sur-les-crypto-infections-a-compiegne\\\/#breadcrumb\",\"itemListElement\":[{\"@type\":\"ListItem\",\"position\":1,\"name\":\"Accueil\",\"item\":\"https:\\\/\\\/francelyme.fr\\\/site\\\/\"},{\"@type\":\"ListItem\",\"position\":2,\"name\":\"Retour sur la 4\u00e8me conf\u00e9rence europ\u00e9enne sur les crypto-infections \u00e0 Compi\u00e8gne\"}]},{\"@type\":\"WebSite\",\"@id\":\"https:\\\/\\\/francelyme.fr\\\/site\\\/#website\",\"url\":\"https:\\\/\\\/francelyme.fr\\\/site\\\/\",\"name\":\"Association France Lyme\",\"description\":\"Association de lutte contre les maladies vectorielles \u00e0 tiques\",\"publisher\":{\"@id\":\"https:\\\/\\\/francelyme.fr\\\/site\\\/#organization\"},\"potentialAction\":[{\"@type\":\"SearchAction\",\"target\":{\"@type\":\"EntryPoint\",\"urlTemplate\":\"https:\\\/\\\/francelyme.fr\\\/site\\\/?s={search_term_string}\"},\"query-input\":{\"@type\":\"PropertyValueSpecification\",\"valueRequired\":true,\"valueName\":\"search_term_string\"}}],\"inLanguage\":\"fr-FR\"},{\"@type\":\"Organization\",\"@id\":\"https:\\\/\\\/francelyme.fr\\\/site\\\/#organization\",\"name\":\"France Lyme\",\"url\":\"https:\\\/\\\/francelyme.fr\\\/site\\\/\",\"logo\":{\"@type\":\"ImageObject\",\"inLanguage\":\"fr-FR\",\"@id\":\"https:\\\/\\\/francelyme.fr\\\/site\\\/#\\\/schema\\\/logo\\\/image\\\/\",\"url\":\"https:\\\/\\\/francelyme.fr\\\/site\\\/wp-content\\\/uploads\\\/2019\\\/05\\\/francelyme-site.gif\",\"contentUrl\":\"https:\\\/\\\/francelyme.fr\\\/site\\\/wp-content\\\/uploads\\\/2019\\\/05\\\/francelyme-site.gif\",\"width\":180,\"height\":180,\"caption\":\"France Lyme\"},\"image\":{\"@id\":\"https:\\\/\\\/francelyme.fr\\\/site\\\/#\\\/schema\\\/logo\\\/image\\\/\"},\"sameAs\":[\"https:\\\/\\\/www.facebook.com\\\/france.lyme\",\"https:\\\/\\\/x.com\\\/francelyme\",\"https:\\\/\\\/www.youtube.com\\\/channel\\\/UClMCGl3dvkz0iAgXFR1NH1A\"]},{\"@type\":\"Person\",\"@id\":\"https:\\\/\\\/francelyme.fr\\\/site\\\/#\\\/schema\\\/person\\\/b3a32c0e865447c2586961956f5d867e\",\"name\":\"Editeur\",\"image\":{\"@type\":\"ImageObject\",\"inLanguage\":\"fr-FR\",\"@id\":\"https:\\\/\\\/secure.gravatar.com\\\/avatar\\\/ae207cee02bf4e66ec5abb92d4ccacaa0ad5f5d3d16fe7fcb393eda94bfbf2d2?s=96&d=mm&r=g\",\"url\":\"https:\\\/\\\/secure.gravatar.com\\\/avatar\\\/ae207cee02bf4e66ec5abb92d4ccacaa0ad5f5d3d16fe7fcb393eda94bfbf2d2?s=96&d=mm&r=g\",\"contentUrl\":\"https:\\\/\\\/secure.gravatar.com\\\/avatar\\\/ae207cee02bf4e66ec5abb92d4ccacaa0ad5f5d3d16fe7fcb393eda94bfbf2d2?s=96&d=mm&r=g\",\"caption\":\"Editeur\"},\"url\":\"https:\\\/\\\/francelyme.fr\\\/site\\\/author\\\/editeuradm\\\/\"}]}<\/script>\n<!-- \/ Yoast SEO plugin. -->","yoast_head_json":{"title":"Retour sur la 4\u00e8me conf\u00e9rence europ\u00e9enne sur les crypto-infections \u00e0 Compi\u00e8gne - Association France Lyme","robots":{"index":"index","follow":"follow","max-snippet":"max-snippet:-1","max-image-preview":"max-image-preview:large","max-video-preview":"max-video-preview:-1"},"canonical":"https:\/\/francelyme.fr\/site\/la-4eme-conference-europeenne-sur-les-crypto-infections-a-compiegne\/","og_locale":"fr_FR","og_type":"article","og_title":"Retour sur la 4\u00e8me conf\u00e9rence europ\u00e9enne sur les crypto-infections \u00e0 Compi\u00e8gne - Association France Lyme","og_url":"https:\/\/francelyme.fr\/site\/la-4eme-conference-europeenne-sur-les-crypto-infections-a-compiegne\/","og_site_name":"Association France Lyme","article_publisher":"https:\/\/www.facebook.com\/france.lyme","article_published_time":"2024-11-12T09:03:48+00:00","article_modified_time":"2024-11-13T19:03:05+00:00","og_image":[{"width":1024,"height":1024,"url":"http:\/\/francelyme.fr\/site\/wp-content\/uploads\/2024\/11\/conf-crypto-infections-Compiegne-2024.jpg","type":"image\/jpeg"}],"author":"Editeur","twitter_card":"summary_large_image","twitter_creator":"@francelyme","twitter_site":"@francelyme","twitter_misc":{"\u00c9crit par":"Editeur","Dur\u00e9e de lecture estim\u00e9e":"2 minutes"},"schema":{"@context":"https:\/\/schema.org","@graph":[{"@type":"Article","@id":"https:\/\/francelyme.fr\/site\/la-4eme-conference-europeenne-sur-les-crypto-infections-a-compiegne\/#article","isPartOf":{"@id":"https:\/\/francelyme.fr\/site\/la-4eme-conference-europeenne-sur-les-crypto-infections-a-compiegne\/"},"author":{"name":"Editeur","@id":"https:\/\/francelyme.fr\/site\/#\/schema\/person\/b3a32c0e865447c2586961956f5d867e"},"headline":"Retour sur la 4\u00e8me conf\u00e9rence europ\u00e9enne sur les crypto-infections \u00e0 Compi\u00e8gne","datePublished":"2024-11-12T09:03:48+00:00","dateModified":"2024-11-13T19:03:05+00:00","mainEntityOfPage":{"@id":"https:\/\/francelyme.fr\/site\/la-4eme-conference-europeenne-sur-les-crypto-infections-a-compiegne\/"},"wordCount":267,"publisher":{"@id":"https:\/\/francelyme.fr\/site\/#organization"},"image":{"@id":"https:\/\/francelyme.fr\/site\/la-4eme-conference-europeenne-sur-les-crypto-infections-a-compiegne\/#primaryimage"},"thumbnailUrl":"https:\/\/francelyme.fr\/site\/wp-content\/uploads\/2024\/11\/conf-crypto-infections-Compiegne-2024.jpg","articleSection":["Conf\u00e9rences"],"inLanguage":"fr-FR"},{"@type":"WebPage","@id":"https:\/\/francelyme.fr\/site\/la-4eme-conference-europeenne-sur-les-crypto-infections-a-compiegne\/","url":"https:\/\/francelyme.fr\/site\/la-4eme-conference-europeenne-sur-les-crypto-infections-a-compiegne\/","name":"Retour sur la 4\u00e8me conf\u00e9rence europ\u00e9enne sur les crypto-infections \u00e0 Compi\u00e8gne - Association France Lyme","isPartOf":{"@id":"https:\/\/francelyme.fr\/site\/#website"},"primaryImageOfPage":{"@id":"https:\/\/francelyme.fr\/site\/la-4eme-conference-europeenne-sur-les-crypto-infections-a-compiegne\/#primaryimage"},"image":{"@id":"https:\/\/francelyme.fr\/site\/la-4eme-conference-europeenne-sur-les-crypto-infections-a-compiegne\/#primaryimage"},"thumbnailUrl":"https:\/\/francelyme.fr\/site\/wp-content\/uploads\/2024\/11\/conf-crypto-infections-Compiegne-2024.jpg","datePublished":"2024-11-12T09:03:48+00:00","dateModified":"2024-11-13T19:03:05+00:00","breadcrumb":{"@id":"https:\/\/francelyme.fr\/site\/la-4eme-conference-europeenne-sur-les-crypto-infections-a-compiegne\/#breadcrumb"},"inLanguage":"fr-FR","potentialAction":[{"@type":"ReadAction","target":["https:\/\/francelyme.fr\/site\/la-4eme-conference-europeenne-sur-les-crypto-infections-a-compiegne\/"]}]},{"@type":"ImageObject","inLanguage":"fr-FR","@id":"https:\/\/francelyme.fr\/site\/la-4eme-conference-europeenne-sur-les-crypto-infections-a-compiegne\/#primaryimage","url":"https:\/\/francelyme.fr\/site\/wp-content\/uploads\/2024\/11\/conf-crypto-infections-Compiegne-2024.jpg","contentUrl":"https:\/\/francelyme.fr\/site\/wp-content\/uploads\/2024\/11\/conf-crypto-infections-Compiegne-2024.jpg","width":1024,"height":1024},{"@type":"BreadcrumbList","@id":"https:\/\/francelyme.fr\/site\/la-4eme-conference-europeenne-sur-les-crypto-infections-a-compiegne\/#breadcrumb","itemListElement":[{"@type":"ListItem","position":1,"name":"Accueil","item":"https:\/\/francelyme.fr\/site\/"},{"@type":"ListItem","position":2,"name":"Retour sur la 4\u00e8me conf\u00e9rence europ\u00e9enne sur les crypto-infections \u00e0 Compi\u00e8gne"}]},{"@type":"WebSite","@id":"https:\/\/francelyme.fr\/site\/#website","url":"https:\/\/francelyme.fr\/site\/","name":"Association France Lyme","description":"Association de lutte contre les maladies vectorielles \u00e0 tiques","publisher":{"@id":"https:\/\/francelyme.fr\/site\/#organization"},"potentialAction":[{"@type":"SearchAction","target":{"@type":"EntryPoint","urlTemplate":"https:\/\/francelyme.fr\/site\/?s={search_term_string}"},"query-input":{"@type":"PropertyValueSpecification","valueRequired":true,"valueName":"search_term_string"}}],"inLanguage":"fr-FR"},{"@type":"Organization","@id":"https:\/\/francelyme.fr\/site\/#organization","name":"France Lyme","url":"https:\/\/francelyme.fr\/site\/","logo":{"@type":"ImageObject","inLanguage":"fr-FR","@id":"https:\/\/francelyme.fr\/site\/#\/schema\/logo\/image\/","url":"https:\/\/francelyme.fr\/site\/wp-content\/uploads\/2019\/05\/francelyme-site.gif","contentUrl":"https:\/\/francelyme.fr\/site\/wp-content\/uploads\/2019\/05\/francelyme-site.gif","width":180,"height":180,"caption":"France Lyme"},"image":{"@id":"https:\/\/francelyme.fr\/site\/#\/schema\/logo\/image\/"},"sameAs":["https:\/\/www.facebook.com\/france.lyme","https:\/\/x.com\/francelyme","https:\/\/www.youtube.com\/channel\/UClMCGl3dvkz0iAgXFR1NH1A"]},{"@type":"Person","@id":"https:\/\/francelyme.fr\/site\/#\/schema\/person\/b3a32c0e865447c2586961956f5d867e","name":"Editeur","image":{"@type":"ImageObject","inLanguage":"fr-FR","@id":"https:\/\/secure.gravatar.com\/avatar\/ae207cee02bf4e66ec5abb92d4ccacaa0ad5f5d3d16fe7fcb393eda94bfbf2d2?s=96&d=mm&r=g","url":"https:\/\/secure.gravatar.com\/avatar\/ae207cee02bf4e66ec5abb92d4ccacaa0ad5f5d3d16fe7fcb393eda94bfbf2d2?s=96&d=mm&r=g","contentUrl":"https:\/\/secure.gravatar.com\/avatar\/ae207cee02bf4e66ec5abb92d4ccacaa0ad5f5d3d16fe7fcb393eda94bfbf2d2?s=96&d=mm&r=g","caption":"Editeur"},"url":"https:\/\/francelyme.fr\/site\/author\/editeuradm\/"}]}},"_links":{"self":[{"href":"https:\/\/francelyme.fr\/site\/wp-json\/wp\/v2\/posts\/17137","targetHints":{"allow":["GET"]}}],"collection":[{"href":"https:\/\/francelyme.fr\/site\/wp-json\/wp\/v2\/posts"}],"about":[{"href":"https:\/\/francelyme.fr\/site\/wp-json\/wp\/v2\/types\/post"}],"author":[{"embeddable":true,"href":"https:\/\/francelyme.fr\/site\/wp-json\/wp\/v2\/users\/16"}],"replies":[{"embeddable":true,"href":"https:\/\/francelyme.fr\/site\/wp-json\/wp\/v2\/comments?post=17137"}],"version-history":[{"count":2,"href":"https:\/\/francelyme.fr\/site\/wp-json\/wp\/v2\/posts\/17137\/revisions"}],"predecessor-version":[{"id":17156,"href":"https:\/\/francelyme.fr\/site\/wp-json\/wp\/v2\/posts\/17137\/revisions\/17156"}],"wp:featuredmedia":[{"embeddable":true,"href":"https:\/\/francelyme.fr\/site\/wp-json\/wp\/v2\/media\/17155"}],"wp:attachment":[{"href":"https:\/\/francelyme.fr\/site\/wp-json\/wp\/v2\/media?parent=17137"}],"wp:term":[{"taxonomy":"category","embeddable":true,"href":"https:\/\/francelyme.fr\/site\/wp-json\/wp\/v2\/categories?post=17137"},{"taxonomy":"post_tag","embeddable":true,"href":"https:\/\/francelyme.fr\/site\/wp-json\/wp\/v2\/tags?post=17137"}],"curies":[{"name":"wp","href":"https:\/\/api.w.org\/{rel}","templated":true}]}}