{"id":17235,"date":"2024-12-12T13:58:00","date_gmt":"2024-12-12T12:58:00","guid":{"rendered":"https:\/\/francelyme.fr\/site\/?p=17235"},"modified":"2024-12-12T16:51:30","modified_gmt":"2024-12-12T15:51:30","slug":"retour-sur-le-cafe-lyme-de-guidel-du-07-decembre","status":"publish","type":"post","link":"https:\/\/francelyme.fr\/site\/retour-sur-le-cafe-lyme-de-guidel-du-07-decembre\/","title":{"rendered":"Retour sur le caf\u00e9 lyme de Guidel du 07 d\u00e9cembre"},"content":{"rendered":"<div class=\"like-button\" style=\"float: right; clear: both; text-align: right; width = 100%;\">\n<!-- Facebook Like Button Vivacity Infotech BEGIN -->\n<div class=\"fb-like\" data-href=\"https:\/\/francelyme.fr\/site\/retour-sur-le-cafe-lyme-de-guidel-du-07-decembre\/\" data-layout=\"box_count\" data-action=\"like\" data-show-faces=\"false\" data-size=\"large\" data-width=\"450\" data-share=\"1\" ><\/div><\/div>\n<!-- Facebook Like Button Vivacity Infotech END -->\n<div id=\"fb-root\"><\/div>\n\n<p>Merci \u00e0 tous les participants pour ce Caf\u00e9 Lyme dans lequel la dynamique de groupe a permis l&rsquo;\u00e9change de beaucoup d&rsquo;informations. L&rsquo;une des missions de France Lyme est le soutien aux malades afin d&rsquo;essayer de sortir de leur solitude les personnes souffrant de MVT. <\/p>\n\n\n\n<p>Il y a trop souvent ce sentiment d&rsquo;\u00eatre laiss\u00e9 de c\u00f4t\u00e9 par le syst\u00e8me sanitaire, sans prise en charge coh\u00e9rente et tout au long de \u00a0la dur\u00e9e des sympt\u00f4mes persistants. On estime que 300.000 personnes seraient en errance th\u00e9rapeutique dans notre pays pour ces sympt\u00f4mes majeurs et cumul\u00e9s de fatigue, de douleurs migrantes et de troubles neurologiques et cognitifs. Certains patients, refusant de se r\u00e9signer \u00e0 ces maux qui les emp\u00eachent de vivre normalement, vont jusqu&rsquo;\u00e0 consulter des dizaines de g\u00e9n\u00e9ralistes et sp\u00e9cialistes chaque ann\u00e9e, \u00e0 d\u00e9faut de parcours adapt\u00e9.<\/p>\n\n\n\n<p>Dans une ambiance conviviale et bienveillante, chaque personne, malade ou proche, a pu partager son parcours, ses recherches, ses traitements, ses doutes et\u00a0r\u00e9flexions .<br>Pr\u00e9sentation de \u00a0l&rsquo;association et \u00a0pr\u00e9vention \u00a0\u00e9taient \u00e9galement au programme.<\/p>\n\n\n<div class=\"wp-block-image\">\n<figure class=\"aligncenter size-large\"><img loading=\"lazy\" decoding=\"async\" width=\"1024\" height=\"768\" src=\"https:\/\/francelyme.fr\/site\/wp-content\/uploads\/2024\/12\/IMG_3689-1024x768.jpeg\" alt=\"\" class=\"wp-image-17236\" srcset=\"https:\/\/francelyme.fr\/site\/wp-content\/uploads\/2024\/12\/IMG_3689-1024x768.jpeg 1024w, https:\/\/francelyme.fr\/site\/wp-content\/uploads\/2024\/12\/IMG_3689-300x225.jpeg 300w, https:\/\/francelyme.fr\/site\/wp-content\/uploads\/2024\/12\/IMG_3689-768x576.jpeg 768w, https:\/\/francelyme.fr\/site\/wp-content\/uploads\/2024\/12\/IMG_3689-1536x1152.jpeg 1536w, https:\/\/francelyme.fr\/site\/wp-content\/uploads\/2024\/12\/IMG_3689-2048x1536.jpeg 2048w, https:\/\/francelyme.fr\/site\/wp-content\/uploads\/2024\/12\/IMG_3689-1320x990.jpeg 1320w\" sizes=\"auto, (max-width: 1024px) 100vw, 1024px\" \/><\/figure>\n<\/div><div class=\"like-button\" style=\"float: right; clear: both; text-align: right; width = 100%;\">\n<!-- Facebook Like Button Vivacity Infotech BEGIN -->\n<div class=\"fb-like\" data-href=\"https:\/\/francelyme.fr\/site\/retour-sur-le-cafe-lyme-de-guidel-du-07-decembre\/\" data-layout=\"box_count\" data-action=\"like\" data-show-faces=\"false\" data-size=\"large\" data-width=\"450\" data-share=\"1\" ><\/div><\/div>\n<!-- Facebook Like Button Vivacity Infotech END -->\n","protected":false},"excerpt":{"rendered":"","protected":false},"author":16,"featured_media":17236,"comment_status":"closed","ping_status":"open","sticky":false,"template":"","format":"standard","meta":{"footnotes":""},"categories":[58,60],"tags":[],"class_list":["post-17235","post","type-post","status-publish","format-standard","has-post-thumbnail","hentry","category-bretagne","category-rencontres"],"yoast_head":"<!-- This site is optimized with the Yoast SEO plugin v27.5 - https:\/\/yoast.com\/product\/yoast-seo-wordpress\/ -->\n<title>Retour sur le caf\u00e9 lyme de Guidel du 07 d\u00e9cembre - Association France Lyme<\/title>\n<meta name=\"robots\" content=\"index, follow, max-snippet:-1, max-image-preview:large, max-video-preview:-1\" \/>\n<link rel=\"canonical\" href=\"https:\/\/francelyme.fr\/site\/retour-sur-le-cafe-lyme-de-guidel-du-07-decembre\/\" \/>\n<meta property=\"og:locale\" content=\"fr_FR\" \/>\n<meta property=\"og:type\" content=\"article\" \/>\n<meta property=\"og:title\" content=\"Retour sur le caf\u00e9 lyme de Guidel du 07 d\u00e9cembre - Association France Lyme\" \/>\n<meta property=\"og:url\" content=\"https:\/\/francelyme.fr\/site\/retour-sur-le-cafe-lyme-de-guidel-du-07-decembre\/\" \/>\n<meta property=\"og:site_name\" content=\"Association France Lyme\" \/>\n<meta property=\"article:publisher\" content=\"https:\/\/www.facebook.com\/france.lyme\" \/>\n<meta property=\"article:published_time\" content=\"2024-12-12T12:58:00+00:00\" \/>\n<meta property=\"article:modified_time\" content=\"2024-12-12T15:51:30+00:00\" \/>\n<meta property=\"og:image\" content=\"http:\/\/francelyme.fr\/site\/wp-content\/uploads\/2024\/12\/IMG_3689-scaled.jpeg\" \/>\n\t<meta property=\"og:image:width\" content=\"2560\" \/>\n\t<meta property=\"og:image:height\" content=\"1920\" \/>\n\t<meta property=\"og:image:type\" content=\"image\/jpeg\" \/>\n<meta name=\"author\" content=\"Editeur\" \/>\n<meta name=\"twitter:card\" content=\"summary_large_image\" \/>\n<meta name=\"twitter:creator\" content=\"@francelyme\" \/>\n<meta name=\"twitter:site\" content=\"@francelyme\" \/>\n<meta name=\"twitter:label1\" content=\"\u00c9crit par\" \/>\n\t<meta name=\"twitter:data1\" content=\"Editeur\" \/>\n\t<meta name=\"twitter:label2\" content=\"Dur\u00e9e de lecture estim\u00e9e\" \/>\n\t<meta name=\"twitter:data2\" content=\"2 minutes\" \/>\n<script type=\"application\/ld+json\" class=\"yoast-schema-graph\">{\"@context\":\"https:\\\/\\\/schema.org\",\"@graph\":[{\"@type\":\"Article\",\"@id\":\"https:\\\/\\\/francelyme.fr\\\/site\\\/retour-sur-le-cafe-lyme-de-guidel-du-07-decembre\\\/#article\",\"isPartOf\":{\"@id\":\"https:\\\/\\\/francelyme.fr\\\/site\\\/retour-sur-le-cafe-lyme-de-guidel-du-07-decembre\\\/\"},\"author\":{\"name\":\"Editeur\",\"@id\":\"https:\\\/\\\/francelyme.fr\\\/site\\\/#\\\/schema\\\/person\\\/b3a32c0e865447c2586961956f5d867e\"},\"headline\":\"Retour sur le caf\u00e9 lyme de Guidel du 07 d\u00e9cembre\",\"datePublished\":\"2024-12-12T12:58:00+00:00\",\"dateModified\":\"2024-12-12T15:51:30+00:00\",\"mainEntityOfPage\":{\"@id\":\"https:\\\/\\\/francelyme.fr\\\/site\\\/retour-sur-le-cafe-lyme-de-guidel-du-07-decembre\\\/\"},\"wordCount\":197,\"publisher\":{\"@id\":\"https:\\\/\\\/francelyme.fr\\\/site\\\/#organization\"},\"image\":{\"@id\":\"https:\\\/\\\/francelyme.fr\\\/site\\\/retour-sur-le-cafe-lyme-de-guidel-du-07-decembre\\\/#primaryimage\"},\"thumbnailUrl\":\"https:\\\/\\\/francelyme.fr\\\/site\\\/wp-content\\\/uploads\\\/2024\\\/12\\\/IMG_3689-scaled.jpeg\",\"articleSection\":[\"Bretagne\",\"Rencontres\"],\"inLanguage\":\"fr-FR\"},{\"@type\":\"WebPage\",\"@id\":\"https:\\\/\\\/francelyme.fr\\\/site\\\/retour-sur-le-cafe-lyme-de-guidel-du-07-decembre\\\/\",\"url\":\"https:\\\/\\\/francelyme.fr\\\/site\\\/retour-sur-le-cafe-lyme-de-guidel-du-07-decembre\\\/\",\"name\":\"Retour sur le caf\u00e9 lyme de Guidel du 07 d\u00e9cembre - Association France Lyme\",\"isPartOf\":{\"@id\":\"https:\\\/\\\/francelyme.fr\\\/site\\\/#website\"},\"primaryImageOfPage\":{\"@id\":\"https:\\\/\\\/francelyme.fr\\\/site\\\/retour-sur-le-cafe-lyme-de-guidel-du-07-decembre\\\/#primaryimage\"},\"image\":{\"@id\":\"https:\\\/\\\/francelyme.fr\\\/site\\\/retour-sur-le-cafe-lyme-de-guidel-du-07-decembre\\\/#primaryimage\"},\"thumbnailUrl\":\"https:\\\/\\\/francelyme.fr\\\/site\\\/wp-content\\\/uploads\\\/2024\\\/12\\\/IMG_3689-scaled.jpeg\",\"datePublished\":\"2024-12-12T12:58:00+00:00\",\"dateModified\":\"2024-12-12T15:51:30+00:00\",\"breadcrumb\":{\"@id\":\"https:\\\/\\\/francelyme.fr\\\/site\\\/retour-sur-le-cafe-lyme-de-guidel-du-07-decembre\\\/#breadcrumb\"},\"inLanguage\":\"fr-FR\",\"potentialAction\":[{\"@type\":\"ReadAction\",\"target\":[\"https:\\\/\\\/francelyme.fr\\\/site\\\/retour-sur-le-cafe-lyme-de-guidel-du-07-decembre\\\/\"]}]},{\"@type\":\"ImageObject\",\"inLanguage\":\"fr-FR\",\"@id\":\"https:\\\/\\\/francelyme.fr\\\/site\\\/retour-sur-le-cafe-lyme-de-guidel-du-07-decembre\\\/#primaryimage\",\"url\":\"https:\\\/\\\/francelyme.fr\\\/site\\\/wp-content\\\/uploads\\\/2024\\\/12\\\/IMG_3689-scaled.jpeg\",\"contentUrl\":\"https:\\\/\\\/francelyme.fr\\\/site\\\/wp-content\\\/uploads\\\/2024\\\/12\\\/IMG_3689-scaled.jpeg\",\"width\":2560,\"height\":1920},{\"@type\":\"BreadcrumbList\",\"@id\":\"https:\\\/\\\/francelyme.fr\\\/site\\\/retour-sur-le-cafe-lyme-de-guidel-du-07-decembre\\\/#breadcrumb\",\"itemListElement\":[{\"@type\":\"ListItem\",\"position\":1,\"name\":\"Accueil\",\"item\":\"https:\\\/\\\/francelyme.fr\\\/site\\\/\"},{\"@type\":\"ListItem\",\"position\":2,\"name\":\"Retour sur le caf\u00e9 lyme de Guidel du 07 d\u00e9cembre\"}]},{\"@type\":\"WebSite\",\"@id\":\"https:\\\/\\\/francelyme.fr\\\/site\\\/#website\",\"url\":\"https:\\\/\\\/francelyme.fr\\\/site\\\/\",\"name\":\"Association France Lyme\",\"description\":\"Association de lutte contre les maladies vectorielles \u00e0 tiques\",\"publisher\":{\"@id\":\"https:\\\/\\\/francelyme.fr\\\/site\\\/#organization\"},\"potentialAction\":[{\"@type\":\"SearchAction\",\"target\":{\"@type\":\"EntryPoint\",\"urlTemplate\":\"https:\\\/\\\/francelyme.fr\\\/site\\\/?s={search_term_string}\"},\"query-input\":{\"@type\":\"PropertyValueSpecification\",\"valueRequired\":true,\"valueName\":\"search_term_string\"}}],\"inLanguage\":\"fr-FR\"},{\"@type\":\"Organization\",\"@id\":\"https:\\\/\\\/francelyme.fr\\\/site\\\/#organization\",\"name\":\"France Lyme\",\"url\":\"https:\\\/\\\/francelyme.fr\\\/site\\\/\",\"logo\":{\"@type\":\"ImageObject\",\"inLanguage\":\"fr-FR\",\"@id\":\"https:\\\/\\\/francelyme.fr\\\/site\\\/#\\\/schema\\\/logo\\\/image\\\/\",\"url\":\"https:\\\/\\\/francelyme.fr\\\/site\\\/wp-content\\\/uploads\\\/2019\\\/05\\\/francelyme-site.gif\",\"contentUrl\":\"https:\\\/\\\/francelyme.fr\\\/site\\\/wp-content\\\/uploads\\\/2019\\\/05\\\/francelyme-site.gif\",\"width\":180,\"height\":180,\"caption\":\"France Lyme\"},\"image\":{\"@id\":\"https:\\\/\\\/francelyme.fr\\\/site\\\/#\\\/schema\\\/logo\\\/image\\\/\"},\"sameAs\":[\"https:\\\/\\\/www.facebook.com\\\/france.lyme\",\"https:\\\/\\\/x.com\\\/francelyme\",\"https:\\\/\\\/www.youtube.com\\\/channel\\\/UClMCGl3dvkz0iAgXFR1NH1A\"]},{\"@type\":\"Person\",\"@id\":\"https:\\\/\\\/francelyme.fr\\\/site\\\/#\\\/schema\\\/person\\\/b3a32c0e865447c2586961956f5d867e\",\"name\":\"Editeur\",\"image\":{\"@type\":\"ImageObject\",\"inLanguage\":\"fr-FR\",\"@id\":\"https:\\\/\\\/secure.gravatar.com\\\/avatar\\\/ae207cee02bf4e66ec5abb92d4ccacaa0ad5f5d3d16fe7fcb393eda94bfbf2d2?s=96&d=mm&r=g\",\"url\":\"https:\\\/\\\/secure.gravatar.com\\\/avatar\\\/ae207cee02bf4e66ec5abb92d4ccacaa0ad5f5d3d16fe7fcb393eda94bfbf2d2?s=96&d=mm&r=g\",\"contentUrl\":\"https:\\\/\\\/secure.gravatar.com\\\/avatar\\\/ae207cee02bf4e66ec5abb92d4ccacaa0ad5f5d3d16fe7fcb393eda94bfbf2d2?s=96&d=mm&r=g\",\"caption\":\"Editeur\"},\"url\":\"https:\\\/\\\/francelyme.fr\\\/site\\\/author\\\/editeuradm\\\/\"}]}<\/script>\n<!-- \/ Yoast SEO plugin. -->","yoast_head_json":{"title":"Retour sur le caf\u00e9 lyme de Guidel du 07 d\u00e9cembre - Association France Lyme","robots":{"index":"index","follow":"follow","max-snippet":"max-snippet:-1","max-image-preview":"max-image-preview:large","max-video-preview":"max-video-preview:-1"},"canonical":"https:\/\/francelyme.fr\/site\/retour-sur-le-cafe-lyme-de-guidel-du-07-decembre\/","og_locale":"fr_FR","og_type":"article","og_title":"Retour sur le caf\u00e9 lyme de Guidel du 07 d\u00e9cembre - Association France Lyme","og_url":"https:\/\/francelyme.fr\/site\/retour-sur-le-cafe-lyme-de-guidel-du-07-decembre\/","og_site_name":"Association France Lyme","article_publisher":"https:\/\/www.facebook.com\/france.lyme","article_published_time":"2024-12-12T12:58:00+00:00","article_modified_time":"2024-12-12T15:51:30+00:00","og_image":[{"width":2560,"height":1920,"url":"http:\/\/francelyme.fr\/site\/wp-content\/uploads\/2024\/12\/IMG_3689-scaled.jpeg","type":"image\/jpeg"}],"author":"Editeur","twitter_card":"summary_large_image","twitter_creator":"@francelyme","twitter_site":"@francelyme","twitter_misc":{"\u00c9crit par":"Editeur","Dur\u00e9e de lecture estim\u00e9e":"2 minutes"},"schema":{"@context":"https:\/\/schema.org","@graph":[{"@type":"Article","@id":"https:\/\/francelyme.fr\/site\/retour-sur-le-cafe-lyme-de-guidel-du-07-decembre\/#article","isPartOf":{"@id":"https:\/\/francelyme.fr\/site\/retour-sur-le-cafe-lyme-de-guidel-du-07-decembre\/"},"author":{"name":"Editeur","@id":"https:\/\/francelyme.fr\/site\/#\/schema\/person\/b3a32c0e865447c2586961956f5d867e"},"headline":"Retour sur le caf\u00e9 lyme de Guidel du 07 d\u00e9cembre","datePublished":"2024-12-12T12:58:00+00:00","dateModified":"2024-12-12T15:51:30+00:00","mainEntityOfPage":{"@id":"https:\/\/francelyme.fr\/site\/retour-sur-le-cafe-lyme-de-guidel-du-07-decembre\/"},"wordCount":197,"publisher":{"@id":"https:\/\/francelyme.fr\/site\/#organization"},"image":{"@id":"https:\/\/francelyme.fr\/site\/retour-sur-le-cafe-lyme-de-guidel-du-07-decembre\/#primaryimage"},"thumbnailUrl":"https:\/\/francelyme.fr\/site\/wp-content\/uploads\/2024\/12\/IMG_3689-scaled.jpeg","articleSection":["Bretagne","Rencontres"],"inLanguage":"fr-FR"},{"@type":"WebPage","@id":"https:\/\/francelyme.fr\/site\/retour-sur-le-cafe-lyme-de-guidel-du-07-decembre\/","url":"https:\/\/francelyme.fr\/site\/retour-sur-le-cafe-lyme-de-guidel-du-07-decembre\/","name":"Retour sur le caf\u00e9 lyme de Guidel du 07 d\u00e9cembre - Association France Lyme","isPartOf":{"@id":"https:\/\/francelyme.fr\/site\/#website"},"primaryImageOfPage":{"@id":"https:\/\/francelyme.fr\/site\/retour-sur-le-cafe-lyme-de-guidel-du-07-decembre\/#primaryimage"},"image":{"@id":"https:\/\/francelyme.fr\/site\/retour-sur-le-cafe-lyme-de-guidel-du-07-decembre\/#primaryimage"},"thumbnailUrl":"https:\/\/francelyme.fr\/site\/wp-content\/uploads\/2024\/12\/IMG_3689-scaled.jpeg","datePublished":"2024-12-12T12:58:00+00:00","dateModified":"2024-12-12T15:51:30+00:00","breadcrumb":{"@id":"https:\/\/francelyme.fr\/site\/retour-sur-le-cafe-lyme-de-guidel-du-07-decembre\/#breadcrumb"},"inLanguage":"fr-FR","potentialAction":[{"@type":"ReadAction","target":["https:\/\/francelyme.fr\/site\/retour-sur-le-cafe-lyme-de-guidel-du-07-decembre\/"]}]},{"@type":"ImageObject","inLanguage":"fr-FR","@id":"https:\/\/francelyme.fr\/site\/retour-sur-le-cafe-lyme-de-guidel-du-07-decembre\/#primaryimage","url":"https:\/\/francelyme.fr\/site\/wp-content\/uploads\/2024\/12\/IMG_3689-scaled.jpeg","contentUrl":"https:\/\/francelyme.fr\/site\/wp-content\/uploads\/2024\/12\/IMG_3689-scaled.jpeg","width":2560,"height":1920},{"@type":"BreadcrumbList","@id":"https:\/\/francelyme.fr\/site\/retour-sur-le-cafe-lyme-de-guidel-du-07-decembre\/#breadcrumb","itemListElement":[{"@type":"ListItem","position":1,"name":"Accueil","item":"https:\/\/francelyme.fr\/site\/"},{"@type":"ListItem","position":2,"name":"Retour sur le caf\u00e9 lyme de Guidel du 07 d\u00e9cembre"}]},{"@type":"WebSite","@id":"https:\/\/francelyme.fr\/site\/#website","url":"https:\/\/francelyme.fr\/site\/","name":"Association France Lyme","description":"Association de lutte contre les maladies vectorielles \u00e0 tiques","publisher":{"@id":"https:\/\/francelyme.fr\/site\/#organization"},"potentialAction":[{"@type":"SearchAction","target":{"@type":"EntryPoint","urlTemplate":"https:\/\/francelyme.fr\/site\/?s={search_term_string}"},"query-input":{"@type":"PropertyValueSpecification","valueRequired":true,"valueName":"search_term_string"}}],"inLanguage":"fr-FR"},{"@type":"Organization","@id":"https:\/\/francelyme.fr\/site\/#organization","name":"France Lyme","url":"https:\/\/francelyme.fr\/site\/","logo":{"@type":"ImageObject","inLanguage":"fr-FR","@id":"https:\/\/francelyme.fr\/site\/#\/schema\/logo\/image\/","url":"https:\/\/francelyme.fr\/site\/wp-content\/uploads\/2019\/05\/francelyme-site.gif","contentUrl":"https:\/\/francelyme.fr\/site\/wp-content\/uploads\/2019\/05\/francelyme-site.gif","width":180,"height":180,"caption":"France Lyme"},"image":{"@id":"https:\/\/francelyme.fr\/site\/#\/schema\/logo\/image\/"},"sameAs":["https:\/\/www.facebook.com\/france.lyme","https:\/\/x.com\/francelyme","https:\/\/www.youtube.com\/channel\/UClMCGl3dvkz0iAgXFR1NH1A"]},{"@type":"Person","@id":"https:\/\/francelyme.fr\/site\/#\/schema\/person\/b3a32c0e865447c2586961956f5d867e","name":"Editeur","image":{"@type":"ImageObject","inLanguage":"fr-FR","@id":"https:\/\/secure.gravatar.com\/avatar\/ae207cee02bf4e66ec5abb92d4ccacaa0ad5f5d3d16fe7fcb393eda94bfbf2d2?s=96&d=mm&r=g","url":"https:\/\/secure.gravatar.com\/avatar\/ae207cee02bf4e66ec5abb92d4ccacaa0ad5f5d3d16fe7fcb393eda94bfbf2d2?s=96&d=mm&r=g","contentUrl":"https:\/\/secure.gravatar.com\/avatar\/ae207cee02bf4e66ec5abb92d4ccacaa0ad5f5d3d16fe7fcb393eda94bfbf2d2?s=96&d=mm&r=g","caption":"Editeur"},"url":"https:\/\/francelyme.fr\/site\/author\/editeuradm\/"}]}},"_links":{"self":[{"href":"https:\/\/francelyme.fr\/site\/wp-json\/wp\/v2\/posts\/17235","targetHints":{"allow":["GET"]}}],"collection":[{"href":"https:\/\/francelyme.fr\/site\/wp-json\/wp\/v2\/posts"}],"about":[{"href":"https:\/\/francelyme.fr\/site\/wp-json\/wp\/v2\/types\/post"}],"author":[{"embeddable":true,"href":"https:\/\/francelyme.fr\/site\/wp-json\/wp\/v2\/users\/16"}],"replies":[{"embeddable":true,"href":"https:\/\/francelyme.fr\/site\/wp-json\/wp\/v2\/comments?post=17235"}],"version-history":[{"count":1,"href":"https:\/\/francelyme.fr\/site\/wp-json\/wp\/v2\/posts\/17235\/revisions"}],"predecessor-version":[{"id":17237,"href":"https:\/\/francelyme.fr\/site\/wp-json\/wp\/v2\/posts\/17235\/revisions\/17237"}],"wp:featuredmedia":[{"embeddable":true,"href":"https:\/\/francelyme.fr\/site\/wp-json\/wp\/v2\/media\/17236"}],"wp:attachment":[{"href":"https:\/\/francelyme.fr\/site\/wp-json\/wp\/v2\/media?parent=17235"}],"wp:term":[{"taxonomy":"category","embeddable":true,"href":"https:\/\/francelyme.fr\/site\/wp-json\/wp\/v2\/categories?post=17235"},{"taxonomy":"post_tag","embeddable":true,"href":"https:\/\/francelyme.fr\/site\/wp-json\/wp\/v2\/tags?post=17235"}],"curies":[{"name":"wp","href":"https:\/\/api.w.org\/{rel}","templated":true}]}}