{"id":17263,"date":"2024-12-23T18:50:12","date_gmt":"2024-12-23T17:50:12","guid":{"rendered":"https:\/\/francelyme.fr\/site\/?p=17263"},"modified":"2024-12-23T18:51:00","modified_gmt":"2024-12-23T17:51:00","slug":"des-nouvelles-de-citique","status":"publish","type":"post","link":"https:\/\/francelyme.fr\/site\/des-nouvelles-de-citique\/","title":{"rendered":"Des nouvelles de CiTIQUE"},"content":{"rendered":"<div class=\"like-button\" style=\"float: right; clear: both; text-align: right; width = 100%;\">\n<!-- Facebook Like Button Vivacity Infotech BEGIN -->\n<div class=\"fb-like\" data-href=\"https:\/\/francelyme.fr\/site\/des-nouvelles-de-citique\/\" data-layout=\"box_count\" data-action=\"like\" data-show-faces=\"false\" data-size=\"large\" data-width=\"450\" data-share=\"1\" ><\/div><\/div>\n<!-- Facebook Like Button Vivacity Infotech END -->\n<div id=\"fb-root\"><\/div>\n\n<div class=\"wp-block-media-text is-stacked-on-mobile\" style=\"grid-template-columns:15% auto\"><figure class=\"wp-block-media-text__media\"><img loading=\"lazy\" decoding=\"async\" width=\"162\" height=\"156\" src=\"http:\/\/francelyme.fr\/site\/wp-content\/uploads\/2019\/05\/Citique.png\" alt=\"\" class=\"wp-image-8441 size-full\"\/><\/figure><div class=\"wp-block-media-text__content\">\n<p>Le programme de recherche participative qui vise \u00e0 mieux conna\u00eetre l&rsquo;\u00e9cologie des tiques et des agents pathog\u00e8nes qu&rsquo;elles transmettent,<br>pour faire avancer la pr\u00e9vention<\/p>\n<\/div><\/div>\n\n\n\n<div class=\"wp-block-media-text is-stacked-on-mobile\"><figure class=\"wp-block-media-text__media\"><img loading=\"lazy\" decoding=\"async\" width=\"500\" height=\"167\" src=\"https:\/\/francelyme.fr\/site\/wp-content\/uploads\/2024\/12\/Tous-chercheurs-Citique.jpeg\" alt=\"\" class=\"wp-image-17264 size-full\" srcset=\"https:\/\/francelyme.fr\/site\/wp-content\/uploads\/2024\/12\/Tous-chercheurs-Citique.jpeg 500w, https:\/\/francelyme.fr\/site\/wp-content\/uploads\/2024\/12\/Tous-chercheurs-Citique-300x100.jpeg 300w, https:\/\/francelyme.fr\/site\/wp-content\/uploads\/2024\/12\/Tous-chercheurs-Citique-420x140.jpeg 420w\" sizes=\"auto, (max-width: 500px) 100vw, 500px\" \/><\/figure><div class=\"wp-block-media-text__content\">\n<p class=\"has-text-align-center\"><strong>Les stages citoyens dans la peau<\/strong><\/p>\n\n\n\n<p class=\"has-text-align-center\"><strong>d&rsquo;un chercheur sur les tiques<\/strong><\/p>\n<\/div><\/div>\n\n\n\n<blockquote class=\"wp-block-quote is-layout-flow wp-block-quote-is-layout-flow\">\n<p><em>Faites avancer la recherche scientifique sur les tiques pendant deux jours en devenant de vrais chercheurs dans un vrai laboratoire de recherche, accompagn\u00e9s par les chercheurs du programme CiTIQUE !\u00a0<\/em><\/p>\n<cite>Programme CiTIQUE<\/cite><\/blockquote>\n\n\n\n<p>Apr\u00e8s les quatre stages citoyens Tous Chercheurs-CiTIQUE de 2024, en faisant participer \u00e0 la recherche environ 50 personnes dont deux des quatre stages ont eu lieu en dehors des locaux du Laboratoire Tous Chercheurs de Champenoux. C&rsquo;est une vraie premi\u00e8re qui ouvre de nouvelles pistes pour \u00eatre encore plus proches des citoyens !\u00a0<\/p>\n\n\n\n<p>Vous pouvez vous inscrire dans la liste d&rsquo;attente en remplissant le questionnaire en bas de <a href=\"https:\/\/www.touschercheurs.fr\/sciences-participatives\/nancy\/citique-informations-pratiques\/\" target=\"_blank\" rel=\"noreferrer noopener\"><strong><u>cette page<\/u><\/strong><\/a><\/p>\n\n\n\n<div class=\"wp-block-media-text is-stacked-on-mobile\"><figure class=\"wp-block-media-text__media\"><img loading=\"lazy\" decoding=\"async\" width=\"944\" height=\"527\" src=\"http:\/\/francelyme.fr\/site\/wp-content\/uploads\/2024\/12\/logo-citique-long-944x527-1.png\" alt=\"\" class=\"wp-image-17265 size-full\" srcset=\"https:\/\/francelyme.fr\/site\/wp-content\/uploads\/2024\/12\/logo-citique-long-944x527-1.png 944w, https:\/\/francelyme.fr\/site\/wp-content\/uploads\/2024\/12\/logo-citique-long-944x527-1-300x167.png 300w, https:\/\/francelyme.fr\/site\/wp-content\/uploads\/2024\/12\/logo-citique-long-944x527-1-768x429.png 768w\" sizes=\"auto, (max-width: 944px) 100vw, 944px\" \/><\/figure><div class=\"wp-block-media-text__content\">\n<p><strong>Le soutien minist\u00e9riel au programme CiTIQUE<\/strong><\/p>\n<\/div><\/div>\n\n\n\n<p>L&rsquo;\u00e9quipe CiTIQUE est heureuse de vous annoncer un soutien, en 2025, de 3 minist\u00e8res : <br>&#8211; du Minist\u00e8re de la sant\u00e9 et de l&rsquo;acc\u00e8s aux soins, <br>&#8211; du Minist\u00e8re de l&rsquo;agriculture, de la souverainet\u00e9 alimentaire et de la for\u00eat <br>&#8211; et du Minist\u00e8re de la Transition \u00e9cologique, de l\u2019\u00e9nergie, du climat et de la pr\u00e9vention des risques. <br>Ce soutien vise \u00e0 pr\u00e9figurer les contours d&rsquo;un futur dispositif national d&rsquo;\u00e9pid\u00e9mio-surveillance des risques li\u00e9s aux tiques, qui s&rsquo;appuie sur le programme CiTIQUE.<\/p>\n\n\n\n<blockquote class=\"wp-block-quote is-layout-flow wp-block-quote-is-layout-flow\">\n<p><strong>C&rsquo;est une belle reconnaissance des efforts que nous avons d\u00e9ploy\u00e9s tous ensemble depuis pr\u00e8s de huit ans maintenant, au service de la recherche et de la pr\u00e9vention des risques li\u00e9s aux tiques. Rien de tout cela n&rsquo;aurait \u00e9t\u00e9 possible sans votre mobilisation \u00e0 toutes et tous ! Merci !<\/strong><\/p>\n<cite>Programme CiTique<\/cite><\/blockquote>\n\n\n\n<div class=\"wp-block-media-text is-stacked-on-mobile\"><figure class=\"wp-block-media-text__media\"><img loading=\"lazy\" decoding=\"async\" width=\"1024\" height=\"492\" src=\"https:\/\/francelyme.fr\/site\/wp-content\/uploads\/2024\/12\/Logo-Citique-TiquOjardin-1024x492.png\" alt=\"\" class=\"wp-image-17266 size-full\" srcset=\"https:\/\/francelyme.fr\/site\/wp-content\/uploads\/2024\/12\/Logo-Citique-TiquOjardin-1024x492.png 1024w, https:\/\/francelyme.fr\/site\/wp-content\/uploads\/2024\/12\/Logo-Citique-TiquOjardin-300x144.png 300w, https:\/\/francelyme.fr\/site\/wp-content\/uploads\/2024\/12\/Logo-Citique-TiquOjardin-768x369.png 768w, https:\/\/francelyme.fr\/site\/wp-content\/uploads\/2024\/12\/Logo-Citique-TiquOjardin-1320x634.png 1320w, https:\/\/francelyme.fr\/site\/wp-content\/uploads\/2024\/12\/Logo-Citique-TiquOjardin.png 1431w\" sizes=\"auto, (max-width: 1024px) 100vw, 1024px\" \/><\/figure><div class=\"wp-block-media-text__content\">\n<p class=\"has-black-color has-text-color has-link-color wp-elements-78c4412a9e45e21f7d7073b561c0254e\"><span style=\"color:#5ab6ad;font-family:Arial, sans-serif;font-size:14px;\"><b><strong><span style=\"color:#5ab6ad;font-family:Arial, sans-serif;font-size:14px;\"><\/span><\/strong><\/b><\/span><strong>Mieux conna\u00eetre le risque sanitaire li\u00e9 aux tiques dans les jardins priv\u00e9s<\/strong><\/p>\n<\/div><\/div>\n\n\n\n<p>Apr\u00e8s avoir <a href=\"http:\/\/9rq1.mjt.lu\/nl3\/vx6EYDkGQIU8Wr8Mot-uYA?m=AVEAAEH6cq4AAc2-TYQAAKfETMUAAYCrXWIAmv8tAAxNUABmTi5b6BHOvGcMTv22n9KGtzzlMgAMU68&amp;b=1c16f169&amp;e=ab27ac18&amp;x=tDpsy9tmWjjveivAO8e1Hi3vIx2e6r4iyy97AiflKv8\">mis en \u00e9vidence au printemps<\/a> que :<\/p>\n\n\n\n<ul class=\"wp-block-list\">\n<li>il y a bien des tiques dans les jardins urbains et p\u00e9ri-urbains,<\/li>\n\n\n\n<li>on s&rsquo;y fait bien piquer,<\/li>\n\n\n\n<li>et la pr\u00e9sence des tiques est li\u00e9e \u00e0 certaines caract\u00e9ristiques du jardin.<\/li>\n<\/ul>\n\n\n\n<p>Cet \u00e9t\u00e9, l&rsquo;\u00e9quipe CiTIQUE-TIQUoJARDIN a organis\u00e9 au Laboratoire Tous Chercheurs de Champenoux deux journ\u00e9es de living-lab pour co-construire de nouvelles recommandations de pr\u00e9vention avec les citoyens qui ont particip\u00e9 au projet.<\/p>\n\n\n\n<p>Les living-labs pr\u00e9voyaient un moment d&rsquo;approfondissement sur les pratiques de recherche, sur l&rsquo;\u00e9cologie des tiques et les r\u00e9sultats de TIQUoJARDIN au matin, pour continuer l&rsquo;apr\u00e8s-midi avec deux ateliers d\u00e9di\u00e9s :<\/p>\n\n\n\n<ul class=\"wp-block-list\">\n<li>aux solutions possibles \u00e0 mettre en place pour diminuer le nombre de tiques dans son jardin,<\/li>\n\n\n\n<li>\u00e0 des \u00e9changes sur quel type de communication adopter pour cr\u00e9er des nouveaux supports de pr\u00e9vention.<\/li>\n<\/ul>\n\n\n\n<p>Un point saillant des \u00e9changes a port\u00e9 sur la n\u00e9cessit\u00e9 de focaliser pour le moment la communication sur les gestes de pr\u00e9vention \u00e0 adopter, plut\u00f4t que sur la proposition de pratiques d&rsquo;am\u00e9nagement du jardin. En effet, les participants ont not\u00e9 que les recommandations existantes ne reposent pas ou peu sur des \u00e9tudes scientifiques, et qu&rsquo;elles ne diminuent pas ou peu le risque de piq\u00fbre dans les jardins.<\/p>\n\n\n\n<p>TIQUoJARDIN ne s&rsquo;arr\u00eate pas l\u00e0 ! Gr\u00e2ce au soutien de l&rsquo;Agence R\u00e9gionale de Sant\u00e9 Grand Est, en d\u00e9but d&rsquo;ann\u00e9e 2025, le projet proposera un troisi\u00e8me living-lab d\u00e9di\u00e9 aux acteurs de la sant\u00e9 de proximit\u00e9, afin de produire les nouveaux supports de pr\u00e9vention.<\/p>\n\n\n\n<p>Entretemps, le premier article scientifique \u00e0 ce propos a \u00e9t\u00e9 publi\u00e9 sur International Journal of Health Geographics, <a href=\"https:\/\/link.springer.com\/article\/10.1186\/s12942-024-00380-9\">d\u00e9couvrez-le ici<\/a>, et un autre article est en cours de r\u00e9daction !<\/p>\n\n\n\n<div class=\"wp-block-media-text is-stacked-on-mobile\"><figure class=\"wp-block-media-text__media\"><img loading=\"lazy\" decoding=\"async\" width=\"278\" height=\"57\" src=\"https:\/\/francelyme.fr\/site\/wp-content\/uploads\/2024\/12\/Logo-CiTIQUE-tracker.png\" alt=\"\" class=\"wp-image-17267 size-full\"\/><\/figure><div class=\"wp-block-media-text__content\">\n<p class=\"has-text-align-center\"><strong>CiTIQUE et la participation citoyenne en quelques chiffres<\/strong><\/p>\n<\/div><\/div>\n\n\n\n<figure class=\"wp-block-image size-large\"><img loading=\"lazy\" decoding=\"async\" width=\"1024\" height=\"228\" src=\"https:\/\/francelyme.fr\/site\/wp-content\/uploads\/2024\/12\/Donnees-Citique-Tracker-mai-2024-1024x228.png\" alt=\"\" class=\"wp-image-17268\" srcset=\"https:\/\/francelyme.fr\/site\/wp-content\/uploads\/2024\/12\/Donnees-Citique-Tracker-mai-2024-1024x228.png 1024w, https:\/\/francelyme.fr\/site\/wp-content\/uploads\/2024\/12\/Donnees-Citique-Tracker-mai-2024-300x67.png 300w, https:\/\/francelyme.fr\/site\/wp-content\/uploads\/2024\/12\/Donnees-Citique-Tracker-mai-2024-768x171.png 768w, https:\/\/francelyme.fr\/site\/wp-content\/uploads\/2024\/12\/Donnees-Citique-Tracker-mai-2024-1536x343.png 1536w, https:\/\/francelyme.fr\/site\/wp-content\/uploads\/2024\/12\/Donnees-Citique-Tracker-mai-2024-2048x457.png 2048w, https:\/\/francelyme.fr\/site\/wp-content\/uploads\/2024\/12\/Donnees-Citique-Tracker-mai-2024-1320x294.png 1320w\" sizes=\"auto, (max-width: 1024px) 100vw, 1024px\" \/><\/figure>\n\n\n\n<p><a href=\"https:\/\/ci-tique-tracker.sk8.inrae.fr\/\">Acc\u00e9der au site CiTIQUE-Tracker<\/a><\/p>\n\n\n\n<p><\/p>\n\n\n\n<p>Source : <a href=\"http:\/\/9rq1.mjt.lu\/nl3\/8CzO-cNO2tVbMTedmhpk_A?m=AWMAAFpX_woAAc4fPhgAAKfEHf4AAYCrXWIAmv8tAAxNUABnY-36PdJ_Q1xQRt2sTI07OMl3IwAMU68&amp;b=a8f0e44a&amp;e=0fd4758e&amp;x=u-NN5KhdT0D2sR1y7e2RULp08o0EbRBrIHnbcxRnmXc\">La lettre d&rsquo;information de d\u00e9cembre 2024 de CiTIQUE<\/a><\/p>\n<div class=\"like-button\" style=\"float: right; clear: both; text-align: right; width = 100%;\">\n<!-- Facebook Like Button Vivacity Infotech BEGIN -->\n<div class=\"fb-like\" data-href=\"https:\/\/francelyme.fr\/site\/des-nouvelles-de-citique\/\" data-layout=\"box_count\" data-action=\"like\" data-show-faces=\"false\" data-size=\"large\" data-width=\"450\" data-share=\"1\" ><\/div><\/div>\n<!-- Facebook Like Button Vivacity Infotech END -->\n","protected":false},"excerpt":{"rendered":"","protected":false},"author":17,"featured_media":17265,"comment_status":"closed","ping_status":"open","sticky":false,"template":"","format":"standard","meta":{"footnotes":""},"categories":[287],"tags":[],"class_list":["post-17263","post","type-post","status-publish","format-standard","has-post-thumbnail","hentry","category-nouvelles"],"yoast_head":"<!-- This site is optimized with the Yoast SEO plugin v27.5 - https:\/\/yoast.com\/product\/yoast-seo-wordpress\/ -->\n<title>Des nouvelles de CiTIQUE - Association France Lyme<\/title>\n<meta name=\"robots\" content=\"index, follow, max-snippet:-1, max-image-preview:large, max-video-preview:-1\" \/>\n<link rel=\"canonical\" href=\"https:\/\/francelyme.fr\/site\/des-nouvelles-de-citique\/\" \/>\n<meta property=\"og:locale\" content=\"fr_FR\" \/>\n<meta property=\"og:type\" content=\"article\" \/>\n<meta property=\"og:title\" content=\"Des nouvelles de CiTIQUE - Association France Lyme\" \/>\n<meta property=\"og:url\" content=\"https:\/\/francelyme.fr\/site\/des-nouvelles-de-citique\/\" \/>\n<meta property=\"og:site_name\" content=\"Association France Lyme\" \/>\n<meta property=\"article:publisher\" content=\"https:\/\/www.facebook.com\/france.lyme\" \/>\n<meta property=\"article:published_time\" content=\"2024-12-23T17:50:12+00:00\" \/>\n<meta property=\"article:modified_time\" content=\"2024-12-23T17:51:00+00:00\" \/>\n<meta property=\"og:image\" content=\"http:\/\/francelyme.fr\/site\/wp-content\/uploads\/2024\/12\/logo-citique-long-944x527-1.png\" \/>\n\t<meta property=\"og:image:width\" content=\"944\" \/>\n\t<meta property=\"og:image:height\" content=\"527\" \/>\n\t<meta property=\"og:image:type\" content=\"image\/png\" \/>\n<meta name=\"author\" content=\"adminntlyme\" \/>\n<meta name=\"twitter:card\" content=\"summary_large_image\" \/>\n<meta name=\"twitter:creator\" content=\"@francelyme\" \/>\n<meta name=\"twitter:site\" content=\"@francelyme\" \/>\n<meta name=\"twitter:label1\" content=\"\u00c9crit par\" \/>\n\t<meta name=\"twitter:data1\" content=\"adminntlyme\" \/>\n\t<meta name=\"twitter:label2\" content=\"Dur\u00e9e de lecture estim\u00e9e\" \/>\n\t<meta name=\"twitter:data2\" content=\"4 minutes\" \/>\n<script type=\"application\/ld+json\" class=\"yoast-schema-graph\">{\"@context\":\"https:\\\/\\\/schema.org\",\"@graph\":[{\"@type\":\"Article\",\"@id\":\"https:\\\/\\\/francelyme.fr\\\/site\\\/des-nouvelles-de-citique\\\/#article\",\"isPartOf\":{\"@id\":\"https:\\\/\\\/francelyme.fr\\\/site\\\/des-nouvelles-de-citique\\\/\"},\"author\":{\"name\":\"adminntlyme\",\"@id\":\"https:\\\/\\\/francelyme.fr\\\/site\\\/#\\\/schema\\\/person\\\/f7bd0eb75be49e4795c4ea0b3767e039\"},\"headline\":\"Des nouvelles de CiTIQUE\",\"datePublished\":\"2024-12-23T17:50:12+00:00\",\"dateModified\":\"2024-12-23T17:51:00+00:00\",\"mainEntityOfPage\":{\"@id\":\"https:\\\/\\\/francelyme.fr\\\/site\\\/des-nouvelles-de-citique\\\/\"},\"wordCount\":636,\"publisher\":{\"@id\":\"https:\\\/\\\/francelyme.fr\\\/site\\\/#organization\"},\"image\":{\"@id\":\"https:\\\/\\\/francelyme.fr\\\/site\\\/des-nouvelles-de-citique\\\/#primaryimage\"},\"thumbnailUrl\":\"https:\\\/\\\/francelyme.fr\\\/site\\\/wp-content\\\/uploads\\\/2024\\\/12\\\/logo-citique-long-944x527-1.png\",\"articleSection\":[\"Nouvelles\"],\"inLanguage\":\"fr-FR\"},{\"@type\":\"WebPage\",\"@id\":\"https:\\\/\\\/francelyme.fr\\\/site\\\/des-nouvelles-de-citique\\\/\",\"url\":\"https:\\\/\\\/francelyme.fr\\\/site\\\/des-nouvelles-de-citique\\\/\",\"name\":\"Des nouvelles de CiTIQUE - Association France Lyme\",\"isPartOf\":{\"@id\":\"https:\\\/\\\/francelyme.fr\\\/site\\\/#website\"},\"primaryImageOfPage\":{\"@id\":\"https:\\\/\\\/francelyme.fr\\\/site\\\/des-nouvelles-de-citique\\\/#primaryimage\"},\"image\":{\"@id\":\"https:\\\/\\\/francelyme.fr\\\/site\\\/des-nouvelles-de-citique\\\/#primaryimage\"},\"thumbnailUrl\":\"https:\\\/\\\/francelyme.fr\\\/site\\\/wp-content\\\/uploads\\\/2024\\\/12\\\/logo-citique-long-944x527-1.png\",\"datePublished\":\"2024-12-23T17:50:12+00:00\",\"dateModified\":\"2024-12-23T17:51:00+00:00\",\"breadcrumb\":{\"@id\":\"https:\\\/\\\/francelyme.fr\\\/site\\\/des-nouvelles-de-citique\\\/#breadcrumb\"},\"inLanguage\":\"fr-FR\",\"potentialAction\":[{\"@type\":\"ReadAction\",\"target\":[\"https:\\\/\\\/francelyme.fr\\\/site\\\/des-nouvelles-de-citique\\\/\"]}]},{\"@type\":\"ImageObject\",\"inLanguage\":\"fr-FR\",\"@id\":\"https:\\\/\\\/francelyme.fr\\\/site\\\/des-nouvelles-de-citique\\\/#primaryimage\",\"url\":\"https:\\\/\\\/francelyme.fr\\\/site\\\/wp-content\\\/uploads\\\/2024\\\/12\\\/logo-citique-long-944x527-1.png\",\"contentUrl\":\"https:\\\/\\\/francelyme.fr\\\/site\\\/wp-content\\\/uploads\\\/2024\\\/12\\\/logo-citique-long-944x527-1.png\",\"width\":944,\"height\":527},{\"@type\":\"BreadcrumbList\",\"@id\":\"https:\\\/\\\/francelyme.fr\\\/site\\\/des-nouvelles-de-citique\\\/#breadcrumb\",\"itemListElement\":[{\"@type\":\"ListItem\",\"position\":1,\"name\":\"Accueil\",\"item\":\"https:\\\/\\\/francelyme.fr\\\/site\\\/\"},{\"@type\":\"ListItem\",\"position\":2,\"name\":\"Des nouvelles de CiTIQUE\"}]},{\"@type\":\"WebSite\",\"@id\":\"https:\\\/\\\/francelyme.fr\\\/site\\\/#website\",\"url\":\"https:\\\/\\\/francelyme.fr\\\/site\\\/\",\"name\":\"Association France Lyme\",\"description\":\"Association de lutte contre les maladies vectorielles \u00e0 tiques\",\"publisher\":{\"@id\":\"https:\\\/\\\/francelyme.fr\\\/site\\\/#organization\"},\"potentialAction\":[{\"@type\":\"SearchAction\",\"target\":{\"@type\":\"EntryPoint\",\"urlTemplate\":\"https:\\\/\\\/francelyme.fr\\\/site\\\/?s={search_term_string}\"},\"query-input\":{\"@type\":\"PropertyValueSpecification\",\"valueRequired\":true,\"valueName\":\"search_term_string\"}}],\"inLanguage\":\"fr-FR\"},{\"@type\":\"Organization\",\"@id\":\"https:\\\/\\\/francelyme.fr\\\/site\\\/#organization\",\"name\":\"France Lyme\",\"url\":\"https:\\\/\\\/francelyme.fr\\\/site\\\/\",\"logo\":{\"@type\":\"ImageObject\",\"inLanguage\":\"fr-FR\",\"@id\":\"https:\\\/\\\/francelyme.fr\\\/site\\\/#\\\/schema\\\/logo\\\/image\\\/\",\"url\":\"https:\\\/\\\/francelyme.fr\\\/site\\\/wp-content\\\/uploads\\\/2019\\\/05\\\/francelyme-site.gif\",\"contentUrl\":\"https:\\\/\\\/francelyme.fr\\\/site\\\/wp-content\\\/uploads\\\/2019\\\/05\\\/francelyme-site.gif\",\"width\":180,\"height\":180,\"caption\":\"France Lyme\"},\"image\":{\"@id\":\"https:\\\/\\\/francelyme.fr\\\/site\\\/#\\\/schema\\\/logo\\\/image\\\/\"},\"sameAs\":[\"https:\\\/\\\/www.facebook.com\\\/france.lyme\",\"https:\\\/\\\/x.com\\\/francelyme\",\"https:\\\/\\\/www.youtube.com\\\/channel\\\/UClMCGl3dvkz0iAgXFR1NH1A\"]},{\"@type\":\"Person\",\"@id\":\"https:\\\/\\\/francelyme.fr\\\/site\\\/#\\\/schema\\\/person\\\/f7bd0eb75be49e4795c4ea0b3767e039\",\"name\":\"adminntlyme\",\"image\":{\"@type\":\"ImageObject\",\"inLanguage\":\"fr-FR\",\"@id\":\"https:\\\/\\\/secure.gravatar.com\\\/avatar\\\/e9ab07a36659baa27b55dfef2a5432041c212015f8eb8a8d25b934c17a03cb54?s=96&d=mm&r=g\",\"url\":\"https:\\\/\\\/secure.gravatar.com\\\/avatar\\\/e9ab07a36659baa27b55dfef2a5432041c212015f8eb8a8d25b934c17a03cb54?s=96&d=mm&r=g\",\"contentUrl\":\"https:\\\/\\\/secure.gravatar.com\\\/avatar\\\/e9ab07a36659baa27b55dfef2a5432041c212015f8eb8a8d25b934c17a03cb54?s=96&d=mm&r=g\",\"caption\":\"adminntlyme\"},\"url\":\"https:\\\/\\\/francelyme.fr\\\/site\\\/author\\\/adminntlyme\\\/\"}]}<\/script>\n<!-- \/ Yoast SEO plugin. -->","yoast_head_json":{"title":"Des nouvelles de CiTIQUE - Association France Lyme","robots":{"index":"index","follow":"follow","max-snippet":"max-snippet:-1","max-image-preview":"max-image-preview:large","max-video-preview":"max-video-preview:-1"},"canonical":"https:\/\/francelyme.fr\/site\/des-nouvelles-de-citique\/","og_locale":"fr_FR","og_type":"article","og_title":"Des nouvelles de CiTIQUE - Association France Lyme","og_url":"https:\/\/francelyme.fr\/site\/des-nouvelles-de-citique\/","og_site_name":"Association France Lyme","article_publisher":"https:\/\/www.facebook.com\/france.lyme","article_published_time":"2024-12-23T17:50:12+00:00","article_modified_time":"2024-12-23T17:51:00+00:00","og_image":[{"width":944,"height":527,"url":"http:\/\/francelyme.fr\/site\/wp-content\/uploads\/2024\/12\/logo-citique-long-944x527-1.png","type":"image\/png"}],"author":"adminntlyme","twitter_card":"summary_large_image","twitter_creator":"@francelyme","twitter_site":"@francelyme","twitter_misc":{"\u00c9crit par":"adminntlyme","Dur\u00e9e de lecture estim\u00e9e":"4 minutes"},"schema":{"@context":"https:\/\/schema.org","@graph":[{"@type":"Article","@id":"https:\/\/francelyme.fr\/site\/des-nouvelles-de-citique\/#article","isPartOf":{"@id":"https:\/\/francelyme.fr\/site\/des-nouvelles-de-citique\/"},"author":{"name":"adminntlyme","@id":"https:\/\/francelyme.fr\/site\/#\/schema\/person\/f7bd0eb75be49e4795c4ea0b3767e039"},"headline":"Des nouvelles de CiTIQUE","datePublished":"2024-12-23T17:50:12+00:00","dateModified":"2024-12-23T17:51:00+00:00","mainEntityOfPage":{"@id":"https:\/\/francelyme.fr\/site\/des-nouvelles-de-citique\/"},"wordCount":636,"publisher":{"@id":"https:\/\/francelyme.fr\/site\/#organization"},"image":{"@id":"https:\/\/francelyme.fr\/site\/des-nouvelles-de-citique\/#primaryimage"},"thumbnailUrl":"https:\/\/francelyme.fr\/site\/wp-content\/uploads\/2024\/12\/logo-citique-long-944x527-1.png","articleSection":["Nouvelles"],"inLanguage":"fr-FR"},{"@type":"WebPage","@id":"https:\/\/francelyme.fr\/site\/des-nouvelles-de-citique\/","url":"https:\/\/francelyme.fr\/site\/des-nouvelles-de-citique\/","name":"Des nouvelles de CiTIQUE - Association France Lyme","isPartOf":{"@id":"https:\/\/francelyme.fr\/site\/#website"},"primaryImageOfPage":{"@id":"https:\/\/francelyme.fr\/site\/des-nouvelles-de-citique\/#primaryimage"},"image":{"@id":"https:\/\/francelyme.fr\/site\/des-nouvelles-de-citique\/#primaryimage"},"thumbnailUrl":"https:\/\/francelyme.fr\/site\/wp-content\/uploads\/2024\/12\/logo-citique-long-944x527-1.png","datePublished":"2024-12-23T17:50:12+00:00","dateModified":"2024-12-23T17:51:00+00:00","breadcrumb":{"@id":"https:\/\/francelyme.fr\/site\/des-nouvelles-de-citique\/#breadcrumb"},"inLanguage":"fr-FR","potentialAction":[{"@type":"ReadAction","target":["https:\/\/francelyme.fr\/site\/des-nouvelles-de-citique\/"]}]},{"@type":"ImageObject","inLanguage":"fr-FR","@id":"https:\/\/francelyme.fr\/site\/des-nouvelles-de-citique\/#primaryimage","url":"https:\/\/francelyme.fr\/site\/wp-content\/uploads\/2024\/12\/logo-citique-long-944x527-1.png","contentUrl":"https:\/\/francelyme.fr\/site\/wp-content\/uploads\/2024\/12\/logo-citique-long-944x527-1.png","width":944,"height":527},{"@type":"BreadcrumbList","@id":"https:\/\/francelyme.fr\/site\/des-nouvelles-de-citique\/#breadcrumb","itemListElement":[{"@type":"ListItem","position":1,"name":"Accueil","item":"https:\/\/francelyme.fr\/site\/"},{"@type":"ListItem","position":2,"name":"Des nouvelles de CiTIQUE"}]},{"@type":"WebSite","@id":"https:\/\/francelyme.fr\/site\/#website","url":"https:\/\/francelyme.fr\/site\/","name":"Association France Lyme","description":"Association de lutte contre les maladies vectorielles \u00e0 tiques","publisher":{"@id":"https:\/\/francelyme.fr\/site\/#organization"},"potentialAction":[{"@type":"SearchAction","target":{"@type":"EntryPoint","urlTemplate":"https:\/\/francelyme.fr\/site\/?s={search_term_string}"},"query-input":{"@type":"PropertyValueSpecification","valueRequired":true,"valueName":"search_term_string"}}],"inLanguage":"fr-FR"},{"@type":"Organization","@id":"https:\/\/francelyme.fr\/site\/#organization","name":"France Lyme","url":"https:\/\/francelyme.fr\/site\/","logo":{"@type":"ImageObject","inLanguage":"fr-FR","@id":"https:\/\/francelyme.fr\/site\/#\/schema\/logo\/image\/","url":"https:\/\/francelyme.fr\/site\/wp-content\/uploads\/2019\/05\/francelyme-site.gif","contentUrl":"https:\/\/francelyme.fr\/site\/wp-content\/uploads\/2019\/05\/francelyme-site.gif","width":180,"height":180,"caption":"France Lyme"},"image":{"@id":"https:\/\/francelyme.fr\/site\/#\/schema\/logo\/image\/"},"sameAs":["https:\/\/www.facebook.com\/france.lyme","https:\/\/x.com\/francelyme","https:\/\/www.youtube.com\/channel\/UClMCGl3dvkz0iAgXFR1NH1A"]},{"@type":"Person","@id":"https:\/\/francelyme.fr\/site\/#\/schema\/person\/f7bd0eb75be49e4795c4ea0b3767e039","name":"adminntlyme","image":{"@type":"ImageObject","inLanguage":"fr-FR","@id":"https:\/\/secure.gravatar.com\/avatar\/e9ab07a36659baa27b55dfef2a5432041c212015f8eb8a8d25b934c17a03cb54?s=96&d=mm&r=g","url":"https:\/\/secure.gravatar.com\/avatar\/e9ab07a36659baa27b55dfef2a5432041c212015f8eb8a8d25b934c17a03cb54?s=96&d=mm&r=g","contentUrl":"https:\/\/secure.gravatar.com\/avatar\/e9ab07a36659baa27b55dfef2a5432041c212015f8eb8a8d25b934c17a03cb54?s=96&d=mm&r=g","caption":"adminntlyme"},"url":"https:\/\/francelyme.fr\/site\/author\/adminntlyme\/"}]}},"_links":{"self":[{"href":"https:\/\/francelyme.fr\/site\/wp-json\/wp\/v2\/posts\/17263","targetHints":{"allow":["GET"]}}],"collection":[{"href":"https:\/\/francelyme.fr\/site\/wp-json\/wp\/v2\/posts"}],"about":[{"href":"https:\/\/francelyme.fr\/site\/wp-json\/wp\/v2\/types\/post"}],"author":[{"embeddable":true,"href":"https:\/\/francelyme.fr\/site\/wp-json\/wp\/v2\/users\/17"}],"replies":[{"embeddable":true,"href":"https:\/\/francelyme.fr\/site\/wp-json\/wp\/v2\/comments?post=17263"}],"version-history":[{"count":2,"href":"https:\/\/francelyme.fr\/site\/wp-json\/wp\/v2\/posts\/17263\/revisions"}],"predecessor-version":[{"id":17270,"href":"https:\/\/francelyme.fr\/site\/wp-json\/wp\/v2\/posts\/17263\/revisions\/17270"}],"wp:featuredmedia":[{"embeddable":true,"href":"https:\/\/francelyme.fr\/site\/wp-json\/wp\/v2\/media\/17265"}],"wp:attachment":[{"href":"https:\/\/francelyme.fr\/site\/wp-json\/wp\/v2\/media?parent=17263"}],"wp:term":[{"taxonomy":"category","embeddable":true,"href":"https:\/\/francelyme.fr\/site\/wp-json\/wp\/v2\/categories?post=17263"},{"taxonomy":"post_tag","embeddable":true,"href":"https:\/\/francelyme.fr\/site\/wp-json\/wp\/v2\/tags?post=17263"}],"curies":[{"name":"wp","href":"https:\/\/api.w.org\/{rel}","templated":true}]}}