{"id":17292,"date":"2025-01-08T11:29:55","date_gmt":"2025-01-08T10:29:55","guid":{"rendered":"https:\/\/francelyme.fr\/site\/?p=17292"},"modified":"2025-01-13T21:23:21","modified_gmt":"2025-01-13T20:23:21","slug":"nos-meilleurs-voeux-pour-2025","status":"publish","type":"post","link":"https:\/\/francelyme.fr\/site\/nos-meilleurs-voeux-pour-2025\/","title":{"rendered":"Nos meilleurs v\u0153ux pour 2025, ensemble, poursuivons en 2025 nos efforts pour am\u00e9liorer la situation des malades !"},"content":{"rendered":"<div class=\"like-button\" style=\"float: right; clear: both; text-align: right; width = 100%;\">\n<!-- Facebook Like Button Vivacity Infotech BEGIN -->\n<div class=\"fb-like\" data-href=\"https:\/\/francelyme.fr\/site\/nos-meilleurs-voeux-pour-2025\/\" data-layout=\"box_count\" data-action=\"like\" data-show-faces=\"false\" data-size=\"large\" data-width=\"450\" data-share=\"1\" ><\/div><\/div>\n<!-- Facebook Like Button Vivacity Infotech END -->\n<div id=\"fb-root\"><\/div>\n\n<p>L\u2019\u00e9quipe de France Lyme vous souhaite une tr\u00e8s bonne ann\u00e9e 2025, une ann\u00e9e pleine de bonheur, et aussi bien s\u00fbr une tr\u00e8s bonne sant\u00e9 !<\/p>\n\n\n\n<p>Du c\u00f4t\u00e9 de l\u2019association, l\u2019ann\u00e9e 2024 a \u00e9t\u00e9 particuli\u00e8rement intense, avec une grosse activit\u00e9 sur tous les fronts et des r\u00e9sultats encourageants. Gr\u00e2ce \u00e0 l\u2019action des b\u00e9n\u00e9voles, nos services d\u2019aide aux malades fonctionnent au mieux dans le contexte actuel, et nos projets en cours avancent. Pour la premi\u00e8re fois en France, comme vous le savez, nous avons r\u00e9ussi \u00e0 obtenir qu\u2019un programme de recherche sur la maladie de Lyme soit lanc\u00e9 en 2024, apr\u00e8s un vote \u00e0 l\u2019unanimit\u00e9 des partis politiques \u00e0 l\u2019Assembl\u00e9e Nationale.<\/p>\n\n\n\n<p>Tout cela n\u2019arrive pas par hasard, c\u2019est gr\u00e2ce \u00e0 votre soutien et \u00e0 vos dons que nous pouvons faire fonctionner l\u2019association. Cette ann\u00e9e encore, notre bilan comptable est positif, m\u00eame si ce r\u00e9sultat reste fragile, et respecte les crit\u00e8res des Associations Reconnues d\u2019Utilit\u00e9 Publique. Nous allons pouvoir pr\u00e9senter notre candidature en 2025 pour obtenir cette qualification importante pour notre d\u00e9veloppement, apr\u00e8s trois ann\u00e9es d\u2019exercice d\u2019affil\u00e9e respectant ces crit\u00e8res.<\/p>\n\n\n\n<p>Au nom du conseil d\u2019administration, je vous adresse un tr\u00e8s tr\u00e8s grand MERCI pour votre soutien et votre confiance.<\/p>\n\n\n\n<p>Pour 2025, nous avons plein de beaux projets en perspectives, notamment ce projet tr\u00e8s important : le Lyme Info Service. L\u2019objectif de ce service est d\u2019am\u00e9liorer l\u2019aide que nous apportons aux malades qui nous contactent, \u00e0 l\u2019instar de ce qui existe pour d\u2019autres maladies, comme le \u00ab Sida Info Service \u00bb, le \u00ab Maladies Rares Info Service \u00bb, ou encore le \u00ab Tabac Info Service \u00bb.<\/p>\n\n\n\n<p>Ces services sont professionnalis\u00e9s, et leur financement est assur\u00e9 par le minist\u00e8re de la Sant\u00e9, tout en restant g\u00e9r\u00e9s par des associations pour certains.<\/p>\n\n\n\n<p>Notre ambition, cette ann\u00e9e, est de r\u00e9aliser les \u00e9tudes pour d\u00e9finir pr\u00e9cis\u00e9ment le service, avec la perspective de le mettre en route \u00e0 partir de l\u2019ann\u00e9e suivante. Par la suite, notre objectif est de proposer aux pouvoirs publics de financer son fonctionnement, car il remplira effectivement une mission de \u00ab service public \u00bb.<\/p>\n\n\n\n<p>Pour r\u00e9ussir ce projet, nous avons besoin de votre soutien, car son financement reste \u00e0 compl\u00e9ter. Merci de votre aide pr\u00e9cieuse en cliquant sur ce lien : <a href=\"https:\/\/www.helloasso.com\/associations\/association-france-lyme\/formulaires\/6\" target=\"_blank\" rel=\"noreferrer noopener\">faire un don pour Lyme Info Service<\/a><\/p>\n\n\n\n<p>Et si vous avez envie de participer \u00e0 la construction de ce projet ou d\u2019un autre, contactez-nous sur <a href=\"https:\/\/francelyme.fr\/site\/agir\" target=\"_blank\" rel=\"noreferrer noopener\">devenir b\u00e9n\u00e9vole<\/a>, pour vous joindre \u00e0 l\u2019\u00e9quipe ! M\u00eame si vous avez peu de temps, cela peut \u00eatre par exemple 2h par mois en t\u00e9l\u00e9travail depuis chez vous, ces quelques heures nous aideront beaucoup !<\/p>\n\n\n\n<p>Ensemble, faisons de 2025 une belle ann\u00e9e de solidarit\u00e9, d\u2019espoir et de progr\u00e8s pour les malades et leurs proches.<\/p>\n\n\n\n<p>Pour le conseil d\u2019administration de France Lyme, le pr\u00e9sident de l\u2019association,<\/p>\n\n\n\n<p>Fr\u00e9d\u00e9ric Maire<\/p>\n\n\n\n<p><a href=\"https:\/\/youtube.com\/shorts\/vH-CWJaW2Ak?feature=share\">https:\/\/youtube.com\/shorts\/vH-CWJaW2Ak?feature=share<\/a><\/p>\n\n\n<div class=\"wp-block-image\">\n<figure class=\"aligncenter size-large\"><img loading=\"lazy\" decoding=\"async\" width=\"1024\" height=\"1024\" src=\"http:\/\/francelyme.fr\/site\/wp-content\/uploads\/2024\/12\/Bonne-annee-2025-1024x1024.jpg\" alt=\"\" class=\"wp-image-17293\" srcset=\"https:\/\/francelyme.fr\/site\/wp-content\/uploads\/2024\/12\/Bonne-annee-2025-1024x1024.jpg 1024w, https:\/\/francelyme.fr\/site\/wp-content\/uploads\/2024\/12\/Bonne-annee-2025-300x300.jpg 300w, https:\/\/francelyme.fr\/site\/wp-content\/uploads\/2024\/12\/Bonne-annee-2025-150x150.jpg 150w, https:\/\/francelyme.fr\/site\/wp-content\/uploads\/2024\/12\/Bonne-annee-2025-768x768.jpg 768w, https:\/\/francelyme.fr\/site\/wp-content\/uploads\/2024\/12\/Bonne-annee-2025-1536x1536.jpg 1536w, https:\/\/francelyme.fr\/site\/wp-content\/uploads\/2024\/12\/Bonne-annee-2025-90x90.jpg 90w, https:\/\/francelyme.fr\/site\/wp-content\/uploads\/2024\/12\/Bonne-annee-2025-75x75.jpg 75w, https:\/\/francelyme.fr\/site\/wp-content\/uploads\/2024\/12\/Bonne-annee-2025-1320x1320.jpg 1320w, https:\/\/francelyme.fr\/site\/wp-content\/uploads\/2024\/12\/Bonne-annee-2025.jpg 2048w\" sizes=\"auto, (max-width: 1024px) 100vw, 1024px\" \/><\/figure>\n<\/div><div class=\"like-button\" style=\"float: right; clear: both; text-align: right; width = 100%;\">\n<!-- Facebook Like Button Vivacity Infotech BEGIN -->\n<div class=\"fb-like\" data-href=\"https:\/\/francelyme.fr\/site\/nos-meilleurs-voeux-pour-2025\/\" data-layout=\"box_count\" data-action=\"like\" data-show-faces=\"false\" data-size=\"large\" data-width=\"450\" data-share=\"1\" ><\/div><\/div>\n<!-- Facebook Like Button Vivacity Infotech END -->\n","protected":false},"excerpt":{"rendered":"","protected":false},"author":17,"featured_media":17293,"comment_status":"closed","ping_status":"open","sticky":false,"template":"","format":"standard","meta":{"footnotes":""},"categories":[287],"tags":[],"class_list":["post-17292","post","type-post","status-publish","format-standard","has-post-thumbnail","hentry","category-nouvelles"],"yoast_head":"<!-- This site is optimized with the Yoast SEO plugin v27.5 - https:\/\/yoast.com\/product\/yoast-seo-wordpress\/ -->\n<title>Nos meilleurs v\u0153ux pour 2025, ensemble, poursuivons en 2025 nos efforts pour am\u00e9liorer la situation des malades ! - Association France Lyme<\/title>\n<meta name=\"robots\" content=\"index, follow, max-snippet:-1, max-image-preview:large, max-video-preview:-1\" \/>\n<link rel=\"canonical\" href=\"https:\/\/francelyme.fr\/site\/nos-meilleurs-voeux-pour-2025\/\" \/>\n<meta property=\"og:locale\" content=\"fr_FR\" \/>\n<meta property=\"og:type\" content=\"article\" \/>\n<meta property=\"og:title\" content=\"Nos meilleurs v\u0153ux pour 2025, ensemble, poursuivons en 2025 nos efforts pour am\u00e9liorer la situation des malades ! - Association France Lyme\" \/>\n<meta property=\"og:url\" content=\"https:\/\/francelyme.fr\/site\/nos-meilleurs-voeux-pour-2025\/\" \/>\n<meta property=\"og:site_name\" content=\"Association France Lyme\" \/>\n<meta property=\"article:publisher\" content=\"https:\/\/www.facebook.com\/france.lyme\" \/>\n<meta property=\"article:published_time\" content=\"2025-01-08T10:29:55+00:00\" \/>\n<meta property=\"article:modified_time\" content=\"2025-01-13T20:23:21+00:00\" \/>\n<meta property=\"og:image\" content=\"http:\/\/francelyme.fr\/site\/wp-content\/uploads\/2024\/12\/Bonne-annee-2025.jpg\" \/>\n\t<meta property=\"og:image:width\" content=\"2048\" \/>\n\t<meta property=\"og:image:height\" content=\"2048\" \/>\n\t<meta property=\"og:image:type\" content=\"image\/jpeg\" \/>\n<meta name=\"author\" content=\"adminntlyme\" \/>\n<meta name=\"twitter:card\" content=\"summary_large_image\" \/>\n<meta name=\"twitter:creator\" content=\"@francelyme\" \/>\n<meta name=\"twitter:site\" content=\"@francelyme\" \/>\n<meta name=\"twitter:label1\" content=\"\u00c9crit par\" \/>\n\t<meta name=\"twitter:data1\" content=\"adminntlyme\" \/>\n\t<meta name=\"twitter:label2\" content=\"Dur\u00e9e de lecture estim\u00e9e\" \/>\n\t<meta name=\"twitter:data2\" content=\"3 minutes\" \/>\n<script type=\"application\/ld+json\" class=\"yoast-schema-graph\">{\"@context\":\"https:\\\/\\\/schema.org\",\"@graph\":[{\"@type\":\"Article\",\"@id\":\"https:\\\/\\\/francelyme.fr\\\/site\\\/nos-meilleurs-voeux-pour-2025\\\/#article\",\"isPartOf\":{\"@id\":\"https:\\\/\\\/francelyme.fr\\\/site\\\/nos-meilleurs-voeux-pour-2025\\\/\"},\"author\":{\"name\":\"adminntlyme\",\"@id\":\"https:\\\/\\\/francelyme.fr\\\/site\\\/#\\\/schema\\\/person\\\/f7bd0eb75be49e4795c4ea0b3767e039\"},\"headline\":\"Nos meilleurs v\u0153ux pour 2025, ensemble, poursuivons en 2025 nos efforts pour am\u00e9liorer la situation des malades !\",\"datePublished\":\"2025-01-08T10:29:55+00:00\",\"dateModified\":\"2025-01-13T20:23:21+00:00\",\"mainEntityOfPage\":{\"@id\":\"https:\\\/\\\/francelyme.fr\\\/site\\\/nos-meilleurs-voeux-pour-2025\\\/\"},\"wordCount\":533,\"publisher\":{\"@id\":\"https:\\\/\\\/francelyme.fr\\\/site\\\/#organization\"},\"image\":{\"@id\":\"https:\\\/\\\/francelyme.fr\\\/site\\\/nos-meilleurs-voeux-pour-2025\\\/#primaryimage\"},\"thumbnailUrl\":\"https:\\\/\\\/francelyme.fr\\\/site\\\/wp-content\\\/uploads\\\/2024\\\/12\\\/Bonne-annee-2025.jpg\",\"articleSection\":[\"Nouvelles\"],\"inLanguage\":\"fr-FR\"},{\"@type\":\"WebPage\",\"@id\":\"https:\\\/\\\/francelyme.fr\\\/site\\\/nos-meilleurs-voeux-pour-2025\\\/\",\"url\":\"https:\\\/\\\/francelyme.fr\\\/site\\\/nos-meilleurs-voeux-pour-2025\\\/\",\"name\":\"Nos meilleurs v\u0153ux pour 2025, ensemble, poursuivons en 2025 nos efforts pour am\u00e9liorer la situation des malades ! - Association France Lyme\",\"isPartOf\":{\"@id\":\"https:\\\/\\\/francelyme.fr\\\/site\\\/#website\"},\"primaryImageOfPage\":{\"@id\":\"https:\\\/\\\/francelyme.fr\\\/site\\\/nos-meilleurs-voeux-pour-2025\\\/#primaryimage\"},\"image\":{\"@id\":\"https:\\\/\\\/francelyme.fr\\\/site\\\/nos-meilleurs-voeux-pour-2025\\\/#primaryimage\"},\"thumbnailUrl\":\"https:\\\/\\\/francelyme.fr\\\/site\\\/wp-content\\\/uploads\\\/2024\\\/12\\\/Bonne-annee-2025.jpg\",\"datePublished\":\"2025-01-08T10:29:55+00:00\",\"dateModified\":\"2025-01-13T20:23:21+00:00\",\"breadcrumb\":{\"@id\":\"https:\\\/\\\/francelyme.fr\\\/site\\\/nos-meilleurs-voeux-pour-2025\\\/#breadcrumb\"},\"inLanguage\":\"fr-FR\",\"potentialAction\":[{\"@type\":\"ReadAction\",\"target\":[\"https:\\\/\\\/francelyme.fr\\\/site\\\/nos-meilleurs-voeux-pour-2025\\\/\"]}]},{\"@type\":\"ImageObject\",\"inLanguage\":\"fr-FR\",\"@id\":\"https:\\\/\\\/francelyme.fr\\\/site\\\/nos-meilleurs-voeux-pour-2025\\\/#primaryimage\",\"url\":\"https:\\\/\\\/francelyme.fr\\\/site\\\/wp-content\\\/uploads\\\/2024\\\/12\\\/Bonne-annee-2025.jpg\",\"contentUrl\":\"https:\\\/\\\/francelyme.fr\\\/site\\\/wp-content\\\/uploads\\\/2024\\\/12\\\/Bonne-annee-2025.jpg\",\"width\":2048,\"height\":2048},{\"@type\":\"BreadcrumbList\",\"@id\":\"https:\\\/\\\/francelyme.fr\\\/site\\\/nos-meilleurs-voeux-pour-2025\\\/#breadcrumb\",\"itemListElement\":[{\"@type\":\"ListItem\",\"position\":1,\"name\":\"Accueil\",\"item\":\"https:\\\/\\\/francelyme.fr\\\/site\\\/\"},{\"@type\":\"ListItem\",\"position\":2,\"name\":\"Nos meilleurs v\u0153ux pour 2025, ensemble, poursuivons en 2025 nos efforts pour am\u00e9liorer la situation des malades !\"}]},{\"@type\":\"WebSite\",\"@id\":\"https:\\\/\\\/francelyme.fr\\\/site\\\/#website\",\"url\":\"https:\\\/\\\/francelyme.fr\\\/site\\\/\",\"name\":\"Association France Lyme\",\"description\":\"Association de lutte contre les maladies vectorielles \u00e0 tiques\",\"publisher\":{\"@id\":\"https:\\\/\\\/francelyme.fr\\\/site\\\/#organization\"},\"potentialAction\":[{\"@type\":\"SearchAction\",\"target\":{\"@type\":\"EntryPoint\",\"urlTemplate\":\"https:\\\/\\\/francelyme.fr\\\/site\\\/?s={search_term_string}\"},\"query-input\":{\"@type\":\"PropertyValueSpecification\",\"valueRequired\":true,\"valueName\":\"search_term_string\"}}],\"inLanguage\":\"fr-FR\"},{\"@type\":\"Organization\",\"@id\":\"https:\\\/\\\/francelyme.fr\\\/site\\\/#organization\",\"name\":\"France Lyme\",\"url\":\"https:\\\/\\\/francelyme.fr\\\/site\\\/\",\"logo\":{\"@type\":\"ImageObject\",\"inLanguage\":\"fr-FR\",\"@id\":\"https:\\\/\\\/francelyme.fr\\\/site\\\/#\\\/schema\\\/logo\\\/image\\\/\",\"url\":\"https:\\\/\\\/francelyme.fr\\\/site\\\/wp-content\\\/uploads\\\/2019\\\/05\\\/francelyme-site.gif\",\"contentUrl\":\"https:\\\/\\\/francelyme.fr\\\/site\\\/wp-content\\\/uploads\\\/2019\\\/05\\\/francelyme-site.gif\",\"width\":180,\"height\":180,\"caption\":\"France Lyme\"},\"image\":{\"@id\":\"https:\\\/\\\/francelyme.fr\\\/site\\\/#\\\/schema\\\/logo\\\/image\\\/\"},\"sameAs\":[\"https:\\\/\\\/www.facebook.com\\\/france.lyme\",\"https:\\\/\\\/x.com\\\/francelyme\",\"https:\\\/\\\/www.youtube.com\\\/channel\\\/UClMCGl3dvkz0iAgXFR1NH1A\"]},{\"@type\":\"Person\",\"@id\":\"https:\\\/\\\/francelyme.fr\\\/site\\\/#\\\/schema\\\/person\\\/f7bd0eb75be49e4795c4ea0b3767e039\",\"name\":\"adminntlyme\",\"image\":{\"@type\":\"ImageObject\",\"inLanguage\":\"fr-FR\",\"@id\":\"https:\\\/\\\/secure.gravatar.com\\\/avatar\\\/e9ab07a36659baa27b55dfef2a5432041c212015f8eb8a8d25b934c17a03cb54?s=96&d=mm&r=g\",\"url\":\"https:\\\/\\\/secure.gravatar.com\\\/avatar\\\/e9ab07a36659baa27b55dfef2a5432041c212015f8eb8a8d25b934c17a03cb54?s=96&d=mm&r=g\",\"contentUrl\":\"https:\\\/\\\/secure.gravatar.com\\\/avatar\\\/e9ab07a36659baa27b55dfef2a5432041c212015f8eb8a8d25b934c17a03cb54?s=96&d=mm&r=g\",\"caption\":\"adminntlyme\"},\"url\":\"https:\\\/\\\/francelyme.fr\\\/site\\\/author\\\/adminntlyme\\\/\"}]}<\/script>\n<!-- \/ Yoast SEO plugin. -->","yoast_head_json":{"title":"Nos meilleurs v\u0153ux pour 2025, ensemble, poursuivons en 2025 nos efforts pour am\u00e9liorer la situation des malades ! - Association France Lyme","robots":{"index":"index","follow":"follow","max-snippet":"max-snippet:-1","max-image-preview":"max-image-preview:large","max-video-preview":"max-video-preview:-1"},"canonical":"https:\/\/francelyme.fr\/site\/nos-meilleurs-voeux-pour-2025\/","og_locale":"fr_FR","og_type":"article","og_title":"Nos meilleurs v\u0153ux pour 2025, ensemble, poursuivons en 2025 nos efforts pour am\u00e9liorer la situation des malades ! - Association France Lyme","og_url":"https:\/\/francelyme.fr\/site\/nos-meilleurs-voeux-pour-2025\/","og_site_name":"Association France Lyme","article_publisher":"https:\/\/www.facebook.com\/france.lyme","article_published_time":"2025-01-08T10:29:55+00:00","article_modified_time":"2025-01-13T20:23:21+00:00","og_image":[{"width":2048,"height":2048,"url":"http:\/\/francelyme.fr\/site\/wp-content\/uploads\/2024\/12\/Bonne-annee-2025.jpg","type":"image\/jpeg"}],"author":"adminntlyme","twitter_card":"summary_large_image","twitter_creator":"@francelyme","twitter_site":"@francelyme","twitter_misc":{"\u00c9crit par":"adminntlyme","Dur\u00e9e de lecture estim\u00e9e":"3 minutes"},"schema":{"@context":"https:\/\/schema.org","@graph":[{"@type":"Article","@id":"https:\/\/francelyme.fr\/site\/nos-meilleurs-voeux-pour-2025\/#article","isPartOf":{"@id":"https:\/\/francelyme.fr\/site\/nos-meilleurs-voeux-pour-2025\/"},"author":{"name":"adminntlyme","@id":"https:\/\/francelyme.fr\/site\/#\/schema\/person\/f7bd0eb75be49e4795c4ea0b3767e039"},"headline":"Nos meilleurs v\u0153ux pour 2025, ensemble, poursuivons en 2025 nos efforts pour am\u00e9liorer la situation des malades !","datePublished":"2025-01-08T10:29:55+00:00","dateModified":"2025-01-13T20:23:21+00:00","mainEntityOfPage":{"@id":"https:\/\/francelyme.fr\/site\/nos-meilleurs-voeux-pour-2025\/"},"wordCount":533,"publisher":{"@id":"https:\/\/francelyme.fr\/site\/#organization"},"image":{"@id":"https:\/\/francelyme.fr\/site\/nos-meilleurs-voeux-pour-2025\/#primaryimage"},"thumbnailUrl":"https:\/\/francelyme.fr\/site\/wp-content\/uploads\/2024\/12\/Bonne-annee-2025.jpg","articleSection":["Nouvelles"],"inLanguage":"fr-FR"},{"@type":"WebPage","@id":"https:\/\/francelyme.fr\/site\/nos-meilleurs-voeux-pour-2025\/","url":"https:\/\/francelyme.fr\/site\/nos-meilleurs-voeux-pour-2025\/","name":"Nos meilleurs v\u0153ux pour 2025, ensemble, poursuivons en 2025 nos efforts pour am\u00e9liorer la situation des malades ! - Association France Lyme","isPartOf":{"@id":"https:\/\/francelyme.fr\/site\/#website"},"primaryImageOfPage":{"@id":"https:\/\/francelyme.fr\/site\/nos-meilleurs-voeux-pour-2025\/#primaryimage"},"image":{"@id":"https:\/\/francelyme.fr\/site\/nos-meilleurs-voeux-pour-2025\/#primaryimage"},"thumbnailUrl":"https:\/\/francelyme.fr\/site\/wp-content\/uploads\/2024\/12\/Bonne-annee-2025.jpg","datePublished":"2025-01-08T10:29:55+00:00","dateModified":"2025-01-13T20:23:21+00:00","breadcrumb":{"@id":"https:\/\/francelyme.fr\/site\/nos-meilleurs-voeux-pour-2025\/#breadcrumb"},"inLanguage":"fr-FR","potentialAction":[{"@type":"ReadAction","target":["https:\/\/francelyme.fr\/site\/nos-meilleurs-voeux-pour-2025\/"]}]},{"@type":"ImageObject","inLanguage":"fr-FR","@id":"https:\/\/francelyme.fr\/site\/nos-meilleurs-voeux-pour-2025\/#primaryimage","url":"https:\/\/francelyme.fr\/site\/wp-content\/uploads\/2024\/12\/Bonne-annee-2025.jpg","contentUrl":"https:\/\/francelyme.fr\/site\/wp-content\/uploads\/2024\/12\/Bonne-annee-2025.jpg","width":2048,"height":2048},{"@type":"BreadcrumbList","@id":"https:\/\/francelyme.fr\/site\/nos-meilleurs-voeux-pour-2025\/#breadcrumb","itemListElement":[{"@type":"ListItem","position":1,"name":"Accueil","item":"https:\/\/francelyme.fr\/site\/"},{"@type":"ListItem","position":2,"name":"Nos meilleurs v\u0153ux pour 2025, ensemble, poursuivons en 2025 nos efforts pour am\u00e9liorer la situation des malades !"}]},{"@type":"WebSite","@id":"https:\/\/francelyme.fr\/site\/#website","url":"https:\/\/francelyme.fr\/site\/","name":"Association France Lyme","description":"Association de lutte contre les maladies vectorielles \u00e0 tiques","publisher":{"@id":"https:\/\/francelyme.fr\/site\/#organization"},"potentialAction":[{"@type":"SearchAction","target":{"@type":"EntryPoint","urlTemplate":"https:\/\/francelyme.fr\/site\/?s={search_term_string}"},"query-input":{"@type":"PropertyValueSpecification","valueRequired":true,"valueName":"search_term_string"}}],"inLanguage":"fr-FR"},{"@type":"Organization","@id":"https:\/\/francelyme.fr\/site\/#organization","name":"France Lyme","url":"https:\/\/francelyme.fr\/site\/","logo":{"@type":"ImageObject","inLanguage":"fr-FR","@id":"https:\/\/francelyme.fr\/site\/#\/schema\/logo\/image\/","url":"https:\/\/francelyme.fr\/site\/wp-content\/uploads\/2019\/05\/francelyme-site.gif","contentUrl":"https:\/\/francelyme.fr\/site\/wp-content\/uploads\/2019\/05\/francelyme-site.gif","width":180,"height":180,"caption":"France Lyme"},"image":{"@id":"https:\/\/francelyme.fr\/site\/#\/schema\/logo\/image\/"},"sameAs":["https:\/\/www.facebook.com\/france.lyme","https:\/\/x.com\/francelyme","https:\/\/www.youtube.com\/channel\/UClMCGl3dvkz0iAgXFR1NH1A"]},{"@type":"Person","@id":"https:\/\/francelyme.fr\/site\/#\/schema\/person\/f7bd0eb75be49e4795c4ea0b3767e039","name":"adminntlyme","image":{"@type":"ImageObject","inLanguage":"fr-FR","@id":"https:\/\/secure.gravatar.com\/avatar\/e9ab07a36659baa27b55dfef2a5432041c212015f8eb8a8d25b934c17a03cb54?s=96&d=mm&r=g","url":"https:\/\/secure.gravatar.com\/avatar\/e9ab07a36659baa27b55dfef2a5432041c212015f8eb8a8d25b934c17a03cb54?s=96&d=mm&r=g","contentUrl":"https:\/\/secure.gravatar.com\/avatar\/e9ab07a36659baa27b55dfef2a5432041c212015f8eb8a8d25b934c17a03cb54?s=96&d=mm&r=g","caption":"adminntlyme"},"url":"https:\/\/francelyme.fr\/site\/author\/adminntlyme\/"}]}},"_links":{"self":[{"href":"https:\/\/francelyme.fr\/site\/wp-json\/wp\/v2\/posts\/17292","targetHints":{"allow":["GET"]}}],"collection":[{"href":"https:\/\/francelyme.fr\/site\/wp-json\/wp\/v2\/posts"}],"about":[{"href":"https:\/\/francelyme.fr\/site\/wp-json\/wp\/v2\/types\/post"}],"author":[{"embeddable":true,"href":"https:\/\/francelyme.fr\/site\/wp-json\/wp\/v2\/users\/17"}],"replies":[{"embeddable":true,"href":"https:\/\/francelyme.fr\/site\/wp-json\/wp\/v2\/comments?post=17292"}],"version-history":[{"count":3,"href":"https:\/\/francelyme.fr\/site\/wp-json\/wp\/v2\/posts\/17292\/revisions"}],"predecessor-version":[{"id":17323,"href":"https:\/\/francelyme.fr\/site\/wp-json\/wp\/v2\/posts\/17292\/revisions\/17323"}],"wp:featuredmedia":[{"embeddable":true,"href":"https:\/\/francelyme.fr\/site\/wp-json\/wp\/v2\/media\/17293"}],"wp:attachment":[{"href":"https:\/\/francelyme.fr\/site\/wp-json\/wp\/v2\/media?parent=17292"}],"wp:term":[{"taxonomy":"category","embeddable":true,"href":"https:\/\/francelyme.fr\/site\/wp-json\/wp\/v2\/categories?post=17292"},{"taxonomy":"post_tag","embeddable":true,"href":"https:\/\/francelyme.fr\/site\/wp-json\/wp\/v2\/tags?post=17292"}],"curies":[{"name":"wp","href":"https:\/\/api.w.org\/{rel}","templated":true}]}}