{"id":17342,"date":"2025-01-16T16:43:41","date_gmt":"2025-01-16T15:43:41","guid":{"rendered":"https:\/\/francelyme.fr\/site\/?p=17342"},"modified":"2025-01-16T16:45:22","modified_gmt":"2025-01-16T15:45:22","slug":"conference-a-ploneourn-lanvern-le-12-mars-2025-29","status":"publish","type":"post","link":"https:\/\/francelyme.fr\/site\/conference-a-ploneourn-lanvern-le-12-mars-2025-29\/","title":{"rendered":"Conf\u00e9rence \u00e0 Plon\u00e9ourn Lanvern le 12 mars 2025 (29)"},"content":{"rendered":"<div class=\"like-button\" style=\"float: right; clear: both; text-align: right; width = 100%;\">\n<!-- Facebook Like Button Vivacity Infotech BEGIN -->\n<div class=\"fb-like\" data-href=\"https:\/\/francelyme.fr\/site\/conference-a-ploneourn-lanvern-le-12-mars-2025-29\/\" data-layout=\"box_count\" data-action=\"like\" data-show-faces=\"false\" data-size=\"large\" data-width=\"450\" data-share=\"1\" ><\/div><\/div>\n<!-- Facebook Like Button Vivacity Infotech END -->\n<div id=\"fb-root\"><\/div>\n\n<p>Le mercredi 12 mars 2025 de 18h \u00e0 20 h, \u00e0 la salle Jules Ferry de la mairie de Ploneour Lanvern, se d\u00e9roulera une conf\u00e9rence t\u00e9moignange sur la maladie de lyme \u00e0 l\u2019invitation de l\u2019association ADAPEI du Finist\u00e8re (Association D\u00e9partementale de parents et d\u2019amis des personnes handicap\u00e9es mentales).<\/p>\n\n\n\n<p>Elle sera anim\u00e9e par Philippe Berlivet, contamin\u00e9 deux fois par la bact\u00e9rie et par Sylvie Sola, atteinte de la borr\u00e9liose de lyume.<\/p>\n\n\n\n<p>Ils partageront leur exp\u00e9rience en montrant que la connaissance ou la m\u00e9connaissance de la maladie a pu influer sur leur prise en charge m\u00e9dicale et sensibiliseront sur la maladie, Cette conf\u00e9rence est ouverte \u00e0 tous, possibilit\u00e9 d\u2019utiliser le parking.<\/p>\n\n\n<div class=\"wp-block-image\">\n<figure class=\"aligncenter size-large\"><img loading=\"lazy\" decoding=\"async\" width=\"724\" height=\"1024\" src=\"https:\/\/francelyme.fr\/site\/wp-content\/uploads\/2025\/01\/image-724x1024.png\" alt=\"\" class=\"wp-image-17343\" srcset=\"https:\/\/francelyme.fr\/site\/wp-content\/uploads\/2025\/01\/image-724x1024.png 724w, https:\/\/francelyme.fr\/site\/wp-content\/uploads\/2025\/01\/image-212x300.png 212w, https:\/\/francelyme.fr\/site\/wp-content\/uploads\/2025\/01\/image-768x1086.png 768w, https:\/\/francelyme.fr\/site\/wp-content\/uploads\/2025\/01\/image-1086x1536.png 1086w, https:\/\/francelyme.fr\/site\/wp-content\/uploads\/2025\/01\/image-1320x1867.png 1320w, https:\/\/francelyme.fr\/site\/wp-content\/uploads\/2025\/01\/image.png 1414w\" sizes=\"auto, (max-width: 724px) 100vw, 724px\" \/><\/figure>\n<\/div><div class=\"like-button\" style=\"float: right; clear: both; text-align: right; width = 100%;\">\n<!-- Facebook Like Button Vivacity Infotech BEGIN -->\n<div class=\"fb-like\" data-href=\"https:\/\/francelyme.fr\/site\/conference-a-ploneourn-lanvern-le-12-mars-2025-29\/\" data-layout=\"box_count\" data-action=\"like\" data-show-faces=\"false\" data-size=\"large\" data-width=\"450\" data-share=\"1\" ><\/div><\/div>\n<!-- Facebook Like Button Vivacity Infotech END -->\n","protected":false},"excerpt":{"rendered":"","protected":false},"author":16,"featured_media":17343,"comment_status":"closed","ping_status":"open","sticky":false,"template":"","format":"standard","meta":{"footnotes":""},"categories":[58,56],"tags":[],"class_list":["post-17342","post","type-post","status-publish","format-standard","has-post-thumbnail","hentry","category-bretagne","category-conference"],"yoast_head":"<!-- This site is optimized with the Yoast SEO plugin v27.5 - https:\/\/yoast.com\/product\/yoast-seo-wordpress\/ -->\n<title>Conf\u00e9rence \u00e0 Plon\u00e9ourn Lanvern le 12 mars 2025 (29) - Association France Lyme<\/title>\n<meta name=\"robots\" content=\"index, follow, max-snippet:-1, max-image-preview:large, max-video-preview:-1\" \/>\n<link rel=\"canonical\" href=\"https:\/\/francelyme.fr\/site\/conference-a-ploneourn-lanvern-le-12-mars-2025-29\/\" \/>\n<meta property=\"og:locale\" content=\"fr_FR\" \/>\n<meta property=\"og:type\" content=\"article\" \/>\n<meta property=\"og:title\" content=\"Conf\u00e9rence \u00e0 Plon\u00e9ourn Lanvern le 12 mars 2025 (29) - Association France Lyme\" \/>\n<meta property=\"og:url\" content=\"https:\/\/francelyme.fr\/site\/conference-a-ploneourn-lanvern-le-12-mars-2025-29\/\" \/>\n<meta property=\"og:site_name\" content=\"Association France Lyme\" \/>\n<meta property=\"article:publisher\" content=\"https:\/\/www.facebook.com\/france.lyme\" \/>\n<meta property=\"article:published_time\" content=\"2025-01-16T15:43:41+00:00\" \/>\n<meta property=\"article:modified_time\" content=\"2025-01-16T15:45:22+00:00\" \/>\n<meta property=\"og:image\" content=\"http:\/\/francelyme.fr\/site\/wp-content\/uploads\/2025\/01\/image.png\" \/>\n\t<meta property=\"og:image:width\" content=\"1414\" \/>\n\t<meta property=\"og:image:height\" content=\"2000\" \/>\n\t<meta property=\"og:image:type\" content=\"image\/png\" \/>\n<meta name=\"author\" content=\"Editeur\" \/>\n<meta name=\"twitter:card\" content=\"summary_large_image\" \/>\n<meta name=\"twitter:creator\" content=\"@francelyme\" \/>\n<meta name=\"twitter:site\" content=\"@francelyme\" \/>\n<meta name=\"twitter:label1\" content=\"\u00c9crit par\" \/>\n\t<meta name=\"twitter:data1\" content=\"Editeur\" \/>\n\t<meta name=\"twitter:label2\" content=\"Dur\u00e9e de lecture estim\u00e9e\" \/>\n\t<meta name=\"twitter:data2\" content=\"1 minute\" \/>\n<script type=\"application\/ld+json\" class=\"yoast-schema-graph\">{\"@context\":\"https:\\\/\\\/schema.org\",\"@graph\":[{\"@type\":\"Article\",\"@id\":\"https:\\\/\\\/francelyme.fr\\\/site\\\/conference-a-ploneourn-lanvern-le-12-mars-2025-29\\\/#article\",\"isPartOf\":{\"@id\":\"https:\\\/\\\/francelyme.fr\\\/site\\\/conference-a-ploneourn-lanvern-le-12-mars-2025-29\\\/\"},\"author\":{\"name\":\"Editeur\",\"@id\":\"https:\\\/\\\/francelyme.fr\\\/site\\\/#\\\/schema\\\/person\\\/b3a32c0e865447c2586961956f5d867e\"},\"headline\":\"Conf\u00e9rence \u00e0 Plon\u00e9ourn Lanvern le 12 mars 2025 (29)\",\"datePublished\":\"2025-01-16T15:43:41+00:00\",\"dateModified\":\"2025-01-16T15:45:22+00:00\",\"mainEntityOfPage\":{\"@id\":\"https:\\\/\\\/francelyme.fr\\\/site\\\/conference-a-ploneourn-lanvern-le-12-mars-2025-29\\\/\"},\"wordCount\":126,\"publisher\":{\"@id\":\"https:\\\/\\\/francelyme.fr\\\/site\\\/#organization\"},\"image\":{\"@id\":\"https:\\\/\\\/francelyme.fr\\\/site\\\/conference-a-ploneourn-lanvern-le-12-mars-2025-29\\\/#primaryimage\"},\"thumbnailUrl\":\"https:\\\/\\\/francelyme.fr\\\/site\\\/wp-content\\\/uploads\\\/2025\\\/01\\\/image.png\",\"articleSection\":[\"Bretagne\",\"Conf\u00e9rences\"],\"inLanguage\":\"fr-FR\"},{\"@type\":\"WebPage\",\"@id\":\"https:\\\/\\\/francelyme.fr\\\/site\\\/conference-a-ploneourn-lanvern-le-12-mars-2025-29\\\/\",\"url\":\"https:\\\/\\\/francelyme.fr\\\/site\\\/conference-a-ploneourn-lanvern-le-12-mars-2025-29\\\/\",\"name\":\"Conf\u00e9rence \u00e0 Plon\u00e9ourn Lanvern le 12 mars 2025 (29) - Association France Lyme\",\"isPartOf\":{\"@id\":\"https:\\\/\\\/francelyme.fr\\\/site\\\/#website\"},\"primaryImageOfPage\":{\"@id\":\"https:\\\/\\\/francelyme.fr\\\/site\\\/conference-a-ploneourn-lanvern-le-12-mars-2025-29\\\/#primaryimage\"},\"image\":{\"@id\":\"https:\\\/\\\/francelyme.fr\\\/site\\\/conference-a-ploneourn-lanvern-le-12-mars-2025-29\\\/#primaryimage\"},\"thumbnailUrl\":\"https:\\\/\\\/francelyme.fr\\\/site\\\/wp-content\\\/uploads\\\/2025\\\/01\\\/image.png\",\"datePublished\":\"2025-01-16T15:43:41+00:00\",\"dateModified\":\"2025-01-16T15:45:22+00:00\",\"breadcrumb\":{\"@id\":\"https:\\\/\\\/francelyme.fr\\\/site\\\/conference-a-ploneourn-lanvern-le-12-mars-2025-29\\\/#breadcrumb\"},\"inLanguage\":\"fr-FR\",\"potentialAction\":[{\"@type\":\"ReadAction\",\"target\":[\"https:\\\/\\\/francelyme.fr\\\/site\\\/conference-a-ploneourn-lanvern-le-12-mars-2025-29\\\/\"]}]},{\"@type\":\"ImageObject\",\"inLanguage\":\"fr-FR\",\"@id\":\"https:\\\/\\\/francelyme.fr\\\/site\\\/conference-a-ploneourn-lanvern-le-12-mars-2025-29\\\/#primaryimage\",\"url\":\"https:\\\/\\\/francelyme.fr\\\/site\\\/wp-content\\\/uploads\\\/2025\\\/01\\\/image.png\",\"contentUrl\":\"https:\\\/\\\/francelyme.fr\\\/site\\\/wp-content\\\/uploads\\\/2025\\\/01\\\/image.png\",\"width\":1414,\"height\":2000},{\"@type\":\"BreadcrumbList\",\"@id\":\"https:\\\/\\\/francelyme.fr\\\/site\\\/conference-a-ploneourn-lanvern-le-12-mars-2025-29\\\/#breadcrumb\",\"itemListElement\":[{\"@type\":\"ListItem\",\"position\":1,\"name\":\"Accueil\",\"item\":\"https:\\\/\\\/francelyme.fr\\\/site\\\/\"},{\"@type\":\"ListItem\",\"position\":2,\"name\":\"Conf\u00e9rence \u00e0 Plon\u00e9ourn Lanvern le 12 mars 2025 (29)\"}]},{\"@type\":\"WebSite\",\"@id\":\"https:\\\/\\\/francelyme.fr\\\/site\\\/#website\",\"url\":\"https:\\\/\\\/francelyme.fr\\\/site\\\/\",\"name\":\"Association France Lyme\",\"description\":\"Association de lutte contre les maladies vectorielles \u00e0 tiques\",\"publisher\":{\"@id\":\"https:\\\/\\\/francelyme.fr\\\/site\\\/#organization\"},\"potentialAction\":[{\"@type\":\"SearchAction\",\"target\":{\"@type\":\"EntryPoint\",\"urlTemplate\":\"https:\\\/\\\/francelyme.fr\\\/site\\\/?s={search_term_string}\"},\"query-input\":{\"@type\":\"PropertyValueSpecification\",\"valueRequired\":true,\"valueName\":\"search_term_string\"}}],\"inLanguage\":\"fr-FR\"},{\"@type\":\"Organization\",\"@id\":\"https:\\\/\\\/francelyme.fr\\\/site\\\/#organization\",\"name\":\"France Lyme\",\"url\":\"https:\\\/\\\/francelyme.fr\\\/site\\\/\",\"logo\":{\"@type\":\"ImageObject\",\"inLanguage\":\"fr-FR\",\"@id\":\"https:\\\/\\\/francelyme.fr\\\/site\\\/#\\\/schema\\\/logo\\\/image\\\/\",\"url\":\"https:\\\/\\\/francelyme.fr\\\/site\\\/wp-content\\\/uploads\\\/2019\\\/05\\\/francelyme-site.gif\",\"contentUrl\":\"https:\\\/\\\/francelyme.fr\\\/site\\\/wp-content\\\/uploads\\\/2019\\\/05\\\/francelyme-site.gif\",\"width\":180,\"height\":180,\"caption\":\"France Lyme\"},\"image\":{\"@id\":\"https:\\\/\\\/francelyme.fr\\\/site\\\/#\\\/schema\\\/logo\\\/image\\\/\"},\"sameAs\":[\"https:\\\/\\\/www.facebook.com\\\/france.lyme\",\"https:\\\/\\\/x.com\\\/francelyme\",\"https:\\\/\\\/www.youtube.com\\\/channel\\\/UClMCGl3dvkz0iAgXFR1NH1A\"]},{\"@type\":\"Person\",\"@id\":\"https:\\\/\\\/francelyme.fr\\\/site\\\/#\\\/schema\\\/person\\\/b3a32c0e865447c2586961956f5d867e\",\"name\":\"Editeur\",\"image\":{\"@type\":\"ImageObject\",\"inLanguage\":\"fr-FR\",\"@id\":\"https:\\\/\\\/secure.gravatar.com\\\/avatar\\\/ae207cee02bf4e66ec5abb92d4ccacaa0ad5f5d3d16fe7fcb393eda94bfbf2d2?s=96&d=mm&r=g\",\"url\":\"https:\\\/\\\/secure.gravatar.com\\\/avatar\\\/ae207cee02bf4e66ec5abb92d4ccacaa0ad5f5d3d16fe7fcb393eda94bfbf2d2?s=96&d=mm&r=g\",\"contentUrl\":\"https:\\\/\\\/secure.gravatar.com\\\/avatar\\\/ae207cee02bf4e66ec5abb92d4ccacaa0ad5f5d3d16fe7fcb393eda94bfbf2d2?s=96&d=mm&r=g\",\"caption\":\"Editeur\"},\"url\":\"https:\\\/\\\/francelyme.fr\\\/site\\\/author\\\/editeuradm\\\/\"}]}<\/script>\n<!-- \/ Yoast SEO plugin. -->","yoast_head_json":{"title":"Conf\u00e9rence \u00e0 Plon\u00e9ourn Lanvern le 12 mars 2025 (29) - Association France Lyme","robots":{"index":"index","follow":"follow","max-snippet":"max-snippet:-1","max-image-preview":"max-image-preview:large","max-video-preview":"max-video-preview:-1"},"canonical":"https:\/\/francelyme.fr\/site\/conference-a-ploneourn-lanvern-le-12-mars-2025-29\/","og_locale":"fr_FR","og_type":"article","og_title":"Conf\u00e9rence \u00e0 Plon\u00e9ourn Lanvern le 12 mars 2025 (29) - Association France Lyme","og_url":"https:\/\/francelyme.fr\/site\/conference-a-ploneourn-lanvern-le-12-mars-2025-29\/","og_site_name":"Association France Lyme","article_publisher":"https:\/\/www.facebook.com\/france.lyme","article_published_time":"2025-01-16T15:43:41+00:00","article_modified_time":"2025-01-16T15:45:22+00:00","og_image":[{"width":1414,"height":2000,"url":"http:\/\/francelyme.fr\/site\/wp-content\/uploads\/2025\/01\/image.png","type":"image\/png"}],"author":"Editeur","twitter_card":"summary_large_image","twitter_creator":"@francelyme","twitter_site":"@francelyme","twitter_misc":{"\u00c9crit par":"Editeur","Dur\u00e9e de lecture estim\u00e9e":"1 minute"},"schema":{"@context":"https:\/\/schema.org","@graph":[{"@type":"Article","@id":"https:\/\/francelyme.fr\/site\/conference-a-ploneourn-lanvern-le-12-mars-2025-29\/#article","isPartOf":{"@id":"https:\/\/francelyme.fr\/site\/conference-a-ploneourn-lanvern-le-12-mars-2025-29\/"},"author":{"name":"Editeur","@id":"https:\/\/francelyme.fr\/site\/#\/schema\/person\/b3a32c0e865447c2586961956f5d867e"},"headline":"Conf\u00e9rence \u00e0 Plon\u00e9ourn Lanvern le 12 mars 2025 (29)","datePublished":"2025-01-16T15:43:41+00:00","dateModified":"2025-01-16T15:45:22+00:00","mainEntityOfPage":{"@id":"https:\/\/francelyme.fr\/site\/conference-a-ploneourn-lanvern-le-12-mars-2025-29\/"},"wordCount":126,"publisher":{"@id":"https:\/\/francelyme.fr\/site\/#organization"},"image":{"@id":"https:\/\/francelyme.fr\/site\/conference-a-ploneourn-lanvern-le-12-mars-2025-29\/#primaryimage"},"thumbnailUrl":"https:\/\/francelyme.fr\/site\/wp-content\/uploads\/2025\/01\/image.png","articleSection":["Bretagne","Conf\u00e9rences"],"inLanguage":"fr-FR"},{"@type":"WebPage","@id":"https:\/\/francelyme.fr\/site\/conference-a-ploneourn-lanvern-le-12-mars-2025-29\/","url":"https:\/\/francelyme.fr\/site\/conference-a-ploneourn-lanvern-le-12-mars-2025-29\/","name":"Conf\u00e9rence \u00e0 Plon\u00e9ourn Lanvern le 12 mars 2025 (29) - Association France Lyme","isPartOf":{"@id":"https:\/\/francelyme.fr\/site\/#website"},"primaryImageOfPage":{"@id":"https:\/\/francelyme.fr\/site\/conference-a-ploneourn-lanvern-le-12-mars-2025-29\/#primaryimage"},"image":{"@id":"https:\/\/francelyme.fr\/site\/conference-a-ploneourn-lanvern-le-12-mars-2025-29\/#primaryimage"},"thumbnailUrl":"https:\/\/francelyme.fr\/site\/wp-content\/uploads\/2025\/01\/image.png","datePublished":"2025-01-16T15:43:41+00:00","dateModified":"2025-01-16T15:45:22+00:00","breadcrumb":{"@id":"https:\/\/francelyme.fr\/site\/conference-a-ploneourn-lanvern-le-12-mars-2025-29\/#breadcrumb"},"inLanguage":"fr-FR","potentialAction":[{"@type":"ReadAction","target":["https:\/\/francelyme.fr\/site\/conference-a-ploneourn-lanvern-le-12-mars-2025-29\/"]}]},{"@type":"ImageObject","inLanguage":"fr-FR","@id":"https:\/\/francelyme.fr\/site\/conference-a-ploneourn-lanvern-le-12-mars-2025-29\/#primaryimage","url":"https:\/\/francelyme.fr\/site\/wp-content\/uploads\/2025\/01\/image.png","contentUrl":"https:\/\/francelyme.fr\/site\/wp-content\/uploads\/2025\/01\/image.png","width":1414,"height":2000},{"@type":"BreadcrumbList","@id":"https:\/\/francelyme.fr\/site\/conference-a-ploneourn-lanvern-le-12-mars-2025-29\/#breadcrumb","itemListElement":[{"@type":"ListItem","position":1,"name":"Accueil","item":"https:\/\/francelyme.fr\/site\/"},{"@type":"ListItem","position":2,"name":"Conf\u00e9rence \u00e0 Plon\u00e9ourn Lanvern le 12 mars 2025 (29)"}]},{"@type":"WebSite","@id":"https:\/\/francelyme.fr\/site\/#website","url":"https:\/\/francelyme.fr\/site\/","name":"Association France Lyme","description":"Association de lutte contre les maladies vectorielles \u00e0 tiques","publisher":{"@id":"https:\/\/francelyme.fr\/site\/#organization"},"potentialAction":[{"@type":"SearchAction","target":{"@type":"EntryPoint","urlTemplate":"https:\/\/francelyme.fr\/site\/?s={search_term_string}"},"query-input":{"@type":"PropertyValueSpecification","valueRequired":true,"valueName":"search_term_string"}}],"inLanguage":"fr-FR"},{"@type":"Organization","@id":"https:\/\/francelyme.fr\/site\/#organization","name":"France Lyme","url":"https:\/\/francelyme.fr\/site\/","logo":{"@type":"ImageObject","inLanguage":"fr-FR","@id":"https:\/\/francelyme.fr\/site\/#\/schema\/logo\/image\/","url":"https:\/\/francelyme.fr\/site\/wp-content\/uploads\/2019\/05\/francelyme-site.gif","contentUrl":"https:\/\/francelyme.fr\/site\/wp-content\/uploads\/2019\/05\/francelyme-site.gif","width":180,"height":180,"caption":"France Lyme"},"image":{"@id":"https:\/\/francelyme.fr\/site\/#\/schema\/logo\/image\/"},"sameAs":["https:\/\/www.facebook.com\/france.lyme","https:\/\/x.com\/francelyme","https:\/\/www.youtube.com\/channel\/UClMCGl3dvkz0iAgXFR1NH1A"]},{"@type":"Person","@id":"https:\/\/francelyme.fr\/site\/#\/schema\/person\/b3a32c0e865447c2586961956f5d867e","name":"Editeur","image":{"@type":"ImageObject","inLanguage":"fr-FR","@id":"https:\/\/secure.gravatar.com\/avatar\/ae207cee02bf4e66ec5abb92d4ccacaa0ad5f5d3d16fe7fcb393eda94bfbf2d2?s=96&d=mm&r=g","url":"https:\/\/secure.gravatar.com\/avatar\/ae207cee02bf4e66ec5abb92d4ccacaa0ad5f5d3d16fe7fcb393eda94bfbf2d2?s=96&d=mm&r=g","contentUrl":"https:\/\/secure.gravatar.com\/avatar\/ae207cee02bf4e66ec5abb92d4ccacaa0ad5f5d3d16fe7fcb393eda94bfbf2d2?s=96&d=mm&r=g","caption":"Editeur"},"url":"https:\/\/francelyme.fr\/site\/author\/editeuradm\/"}]}},"_links":{"self":[{"href":"https:\/\/francelyme.fr\/site\/wp-json\/wp\/v2\/posts\/17342","targetHints":{"allow":["GET"]}}],"collection":[{"href":"https:\/\/francelyme.fr\/site\/wp-json\/wp\/v2\/posts"}],"about":[{"href":"https:\/\/francelyme.fr\/site\/wp-json\/wp\/v2\/types\/post"}],"author":[{"embeddable":true,"href":"https:\/\/francelyme.fr\/site\/wp-json\/wp\/v2\/users\/16"}],"replies":[{"embeddable":true,"href":"https:\/\/francelyme.fr\/site\/wp-json\/wp\/v2\/comments?post=17342"}],"version-history":[{"count":2,"href":"https:\/\/francelyme.fr\/site\/wp-json\/wp\/v2\/posts\/17342\/revisions"}],"predecessor-version":[{"id":17346,"href":"https:\/\/francelyme.fr\/site\/wp-json\/wp\/v2\/posts\/17342\/revisions\/17346"}],"wp:featuredmedia":[{"embeddable":true,"href":"https:\/\/francelyme.fr\/site\/wp-json\/wp\/v2\/media\/17343"}],"wp:attachment":[{"href":"https:\/\/francelyme.fr\/site\/wp-json\/wp\/v2\/media?parent=17342"}],"wp:term":[{"taxonomy":"category","embeddable":true,"href":"https:\/\/francelyme.fr\/site\/wp-json\/wp\/v2\/categories?post=17342"},{"taxonomy":"post_tag","embeddable":true,"href":"https:\/\/francelyme.fr\/site\/wp-json\/wp\/v2\/tags?post=17342"}],"curies":[{"name":"wp","href":"https:\/\/api.w.org\/{rel}","templated":true}]}}