{"id":17503,"date":"2025-02-18T22:46:00","date_gmt":"2025-02-18T21:46:00","guid":{"rendered":"https:\/\/francelyme.fr\/site\/?p=17503"},"modified":"2025-10-06T10:29:34","modified_gmt":"2025-10-06T08:29:34","slug":"la-mise-a-jour-des-rbp-de-la-has-est-publiee","status":"publish","type":"post","link":"https:\/\/francelyme.fr\/site\/la-mise-a-jour-des-rbp-de-la-has-est-publiee\/","title":{"rendered":"La mise \u00e0 jour des RBP de la HAS est publi\u00e9e"},"content":{"rendered":"<div class=\"like-button\" style=\"float: right; clear: both; text-align: right; width = 100%;\">\n<!-- Facebook Like Button Vivacity Infotech BEGIN -->\n<div class=\"fb-like\" data-href=\"https:\/\/francelyme.fr\/site\/la-mise-a-jour-des-rbp-de-la-has-est-publiee\/\" data-layout=\"box_count\" data-action=\"like\" data-show-faces=\"false\" data-size=\"large\" data-width=\"450\" data-share=\"1\" ><\/div><\/div>\n<!-- Facebook Like Button Vivacity Infotech END -->\n<div id=\"fb-root\"><\/div>\n\n<p><a href=\"https:\/\/www.has-sante.fr\/jcms\/p_3591081\/fr\/borreliose-de-lyme-et-autres-maladies-vectorielles-a-tiques-la-has-actualise-ses-recommandations\">Le communiqu\u00e9 de presse de la HAS, Haute Autorit\u00e9 de Sant\u00e9<\/a>, sous ce lien : <\/p>\n\n\n<div class=\"wp-block-image\">\n<figure class=\"aligncenter size-full is-resized\"><a href=\"https:\/\/www.has-sante.fr\/jcms\/p_3591081\/fr\/borreliose-de-lyme-et-autres-maladies-vectorielles-a-tiques-la-has-actualise-ses-recommandations\"><img loading=\"lazy\" decoding=\"async\" width=\"912\" height=\"482\" src=\"https:\/\/francelyme.fr\/site\/wp-content\/uploads\/2025\/02\/CP-image-HAS-RBP-2025.png\" alt=\"\" class=\"wp-image-17515\" style=\"width:602px;height:auto\" srcset=\"https:\/\/francelyme.fr\/site\/wp-content\/uploads\/2025\/02\/CP-image-HAS-RBP-2025.png 912w, https:\/\/francelyme.fr\/site\/wp-content\/uploads\/2025\/02\/CP-image-HAS-RBP-2025-300x159.png 300w, https:\/\/francelyme.fr\/site\/wp-content\/uploads\/2025\/02\/CP-image-HAS-RBP-2025-768x406.png 768w\" sizes=\"auto, (max-width: 912px) 100vw, 912px\" \/><\/a><\/figure>\n<\/div>\n\n\n<p><a href=\"https:\/\/www.has-sante.fr\/jcms\/c_2857558\/fr\/borreliose-de-lyme-et-autres-maladies-vectorielles-a-tiques\">Les documents des RBP, recommandation de bonne pratique, sur le site de la HAS<\/a> : <\/p>\n\n\n<div class=\"wp-block-image\">\n<figure class=\"aligncenter size-full\"><a href=\"https:\/\/www.has-sante.fr\/jcms\/c_2857558\/fr\/borreliose-de-lyme-et-autres-maladies-vectorielles-a-tiques\"><img loading=\"lazy\" decoding=\"async\" width=\"606\" height=\"767\" src=\"https:\/\/francelyme.fr\/site\/wp-content\/uploads\/2025\/02\/Liste-documents-HAS-RBP-2025-image.png\" alt=\"\" class=\"wp-image-17516\" srcset=\"https:\/\/francelyme.fr\/site\/wp-content\/uploads\/2025\/02\/Liste-documents-HAS-RBP-2025-image.png 606w, https:\/\/francelyme.fr\/site\/wp-content\/uploads\/2025\/02\/Liste-documents-HAS-RBP-2025-image-237x300.png 237w\" sizes=\"auto, (max-width: 606px) 100vw, 606px\" \/><\/a><\/figure>\n<\/div>\n\n\n<ul class=\"wp-block-list\">\n<li><a href=\"http:\/\/francelyme.fr\/site\/wp-content\/uploads\/2025\/02\/borreliose_de_lyme_et_autres_maladies_vectorielles_a_tiques_mvt_-_recommandations.pdf\" target=\"_blank\" rel=\"noreferrer noopener\">Borr\u00e9liose de Lyme et autres maladies vectorielles \u00e0 tiques (MVT) &#8211; Recommandations<\/a> <a href=\"https:\/\/core.xvox.fr\/readPDF\/has-sante.fr\/https%3A%2F%2Fwww.has-sante.fr%2Fupload%2Fdocs%2Fapplication%2Fpdf%2F2025-02%2Fborreliose_de_lyme_et_autres_maladies_vectorielles_a_tiques_mvt_-_recommandations.pdf\" target=\"_blank\" rel=\"noreferrer noopener\"><\/a><\/li>\n\n\n\n<li><a href=\"http:\/\/francelyme.fr\/site\/wp-content\/uploads\/2025\/02\/borreliose_de_lyme_et_autres_maladies_vectorielles_a_tiques_mvt_-_argumentaire.pdf\" target=\"_blank\" rel=\"noreferrer noopener\">Borr\u00e9liose de Lyme et autres maladies vectorielles \u00e0 tiques (MVT) &#8211; Argumentaire<\/a> <a href=\"https:\/\/core.xvox.fr\/readPDF\/has-sante.fr\/https%3A%2F%2Fwww.has-sante.fr%2Fupload%2Fdocs%2Fapplication%2Fpdf%2F2025-02%2Fborreliose_de_lyme_et_autres_maladies_vectorielles_a_tiques_mvt_-_argumentaire.pdf\" target=\"_blank\" rel=\"noreferrer noopener\"><\/a><\/li>\n\n\n\n<li><a href=\"http:\/\/francelyme.fr\/site\/wp-content\/uploads\/2025\/02\/borreliose_de_lyme_et_autres_maladies_vectorielles_a_tiques_mvt_-_fiche_de_synthese_guide_v2.pdf\" target=\"_blank\" rel=\"noreferrer noopener\">Borr\u00e9liose de Lyme et autres maladies vectorielles \u00e0 tiques (MVT) &#8211; Guide<\/a> <a href=\"https:\/\/core.xvox.fr\/readPDF\/has-sante.fr\/https%3A%2F%2Fwww.has-sante.fr%2Fupload%2Fdocs%2Fapplication%2Fpdf%2F2025-02%2Fborreliose_de_lyme_et_autres_maladies_vectorielles_a_tiques_mvt_-_fiche_de_synthese.pdf\" target=\"_blank\" rel=\"noreferrer noopener\"><\/a><\/li>\n\n\n\n<li><a href=\"http:\/\/francelyme.fr\/site\/wp-content\/uploads\/2025\/10\/fiche_pratique_-_mesures_de_prevention_des_piqures_de_tique.pdf\" target=\"_blank\" rel=\"noreferrer noopener\">Fiche pratique &#8211; Mesures de pr\u00e9vention des piq\u00fbres de tique<\/a> <a href=\"https:\/\/core.xvox.fr\/readPDF\/has-sante.fr\/https%3A%2F%2Fwww.has-sante.fr%2Fupload%2Fdocs%2Fapplication%2Fpdf%2F2025-02%2Ffiche_pratique_-_mesures_de_prevention_des_piqures_de_tique.pdf\" target=\"_blank\" rel=\"noreferrer noopener\"><\/a><\/li>\n\n\n\n<li><a href=\"http:\/\/francelyme.fr\/site\/wp-content\/uploads\/2025\/10\/fiche_pratique_-_diagnostic_dune_paralysie_faciale_peripherique_de_lyme.pdf\" target=\"_blank\" rel=\"noreferrer noopener\">Fiche pratique &#8211; Diagnostic d\u2019une paralysie faciale p\u00e9riph\u00e9rique de Lyme<\/a> <a href=\"https:\/\/core.xvox.fr\/readPDF\/has-sante.fr\/https%3A%2F%2Fwww.has-sante.fr%2Fupload%2Fdocs%2Fapplication%2Fpdf%2F2025-02%2Ffiche_pratique_-_diagnostic_dune_paralysie_faciale_peripherique_de_lyme.pdf\" target=\"_blank\" rel=\"noreferrer noopener\"><\/a><\/li>\n\n\n\n<li><a href=\"http:\/\/francelyme.fr\/site\/wp-content\/uploads\/2025\/10\/fiche_pratique_-_principales_manifestations_cliniques_de_la_borreliose_de_lyme.pdf\" target=\"_blank\" rel=\"noreferrer noopener\">Fiche pratique &#8211; Principales manifestations cliniques de la borr\u00e9liose de Lyme<\/a> <a href=\"https:\/\/core.xvox.fr\/readPDF\/has-sante.fr\/https%3A%2F%2Fwww.has-sante.fr%2Fupload%2Fdocs%2Fapplication%2Fpdf%2F2025-02%2Ffiche_pratique_-_principales_manifestations_cliniques_de_la_borreliose_de_lyme.pdf\" target=\"_blank\" rel=\"noreferrer noopener\"><\/a><\/li>\n\n\n\n<li><a href=\"http:\/\/francelyme.fr\/site\/wp-content\/uploads\/2025\/10\/fiche_pratique_-_reflexion_diagnostique_a_partir_du_trepied_diagnostique.pdf\" target=\"_blank\" rel=\"noreferrer noopener\">Fiche pratique &#8211; R\u00e9flexion diagnostique \u00e0 partir du tr\u00e9pied diagnostique<\/a> <a href=\"https:\/\/core.xvox.fr\/readPDF\/has-sante.fr\/https%3A%2F%2Fwww.has-sante.fr%2Fupload%2Fdocs%2Fapplication%2Fpdf%2F2025-02%2Ffiche_pratique_-_reflexion_diagnostique_a_partir_du_trepied_diagnostique.pdf\" target=\"_blank\" rel=\"noreferrer noopener\"><\/a><\/li>\n\n\n\n<li><a href=\"http:\/\/francelyme.fr\/site\/wp-content\/uploads\/2025\/10\/fiche_pratique_-_prescription_dune_antibiotherapie_pour_la_borreliose_de_lyme.pdf\" target=\"_blank\" rel=\"noreferrer noopener\">Fiche pratique &#8211; Prescription d\u2019une antibioth\u00e9rapie pour la borr\u00e9liose de Lyme<\/a> <a href=\"https:\/\/core.xvox.fr\/readPDF\/has-sante.fr\/https%3A%2F%2Fwww.has-sante.fr%2Fupload%2Fdocs%2Fapplication%2Fpdf%2F2025-02%2Ffiche_pratique_-_prescription_dune_antibiotherapie_pour_la_borreliose_de_lyme.pdf\" target=\"_blank\" rel=\"noreferrer noopener\"><\/a><\/li>\n\n\n\n<li><a href=\"http:\/\/francelyme.fr\/site\/wp-content\/uploads\/2025\/10\/fiche_pratique_-_antibiotherapie_recommandee_dans_la_borreliose_de_lyme.pdf\" target=\"_blank\" rel=\"noreferrer noopener\">Fiche pratique &#8211; Antibioth\u00e9rapie recommand\u00e9e dans la borr\u00e9liose de Lyme<\/a> <a href=\"https:\/\/core.xvox.fr\/readPDF\/has-sante.fr\/https%3A%2F%2Fwww.has-sante.fr%2Fupload%2Fdocs%2Fapplication%2Fpdf%2F2025-02%2Ffiche_pratique_-_antibiotherapie_recommandee_dans_la_borreliose_de_lyme.pdf\" target=\"_blank\" rel=\"noreferrer noopener\"><\/a><\/li>\n\n\n\n<li><a href=\"http:\/\/francelyme.fr\/site\/wp-content\/uploads\/2025\/10\/fiche_pratique_-_strategie_diagnostique_et_therapeutique.pdf\" target=\"_blank\" rel=\"noreferrer noopener\">Fiche pratique &#8211; Strat\u00e9gie diagnostique et th\u00e9rapeutique<\/a> <a href=\"https:\/\/core.xvox.fr\/readPDF\/has-sante.fr\/https%3A%2F%2Fwww.has-sante.fr%2Fupload%2Fdocs%2Fapplication%2Fpdf%2F2025-02%2Ffiche_pratique_-_strategie_diagnostique_et_therapeutique.pdf\" target=\"_blank\" rel=\"noreferrer noopener\"><\/a><\/li>\n\n\n\n<li><a href=\"http:\/\/francelyme.fr\/site\/wp-content\/uploads\/2025\/10\/fiche_pratique_-_ptlds.pdf\" target=\"_blank\" rel=\"noreferrer noopener\">Fiche pratique &#8211; PTLDS<\/a> <a href=\"https:\/\/core.xvox.fr\/readPDF\/has-sante.fr\/https%3A%2F%2Fwww.has-sante.fr%2Fupload%2Fdocs%2Fapplication%2Fpdf%2F2025-02%2Ffiche_pratique_-_ptlds.pdf\" target=\"_blank\" rel=\"noreferrer noopener\"><\/a><\/li>\n\n\n\n<li><a href=\"http:\/\/francelyme.fr\/site\/wp-content\/uploads\/2025\/10\/fiche_pratique_-_autres_maladies_vectorielles_a_tiques.pdf\" target=\"_blank\" rel=\"noreferrer noopener\">Fiche pratique &#8211; Autres maladies vectorielles \u00e0 tiques<\/a> <a href=\"https:\/\/core.xvox.fr\/readPDF\/has-sante.fr\/https%3A%2F%2Fwww.has-sante.fr%2Fupload%2Fdocs%2Fapplication%2Fpdf%2F2025-02%2Ffiche_pratique_-_autres_maladies_vectorielles_a_tiques.pdf\" target=\"_blank\" rel=\"noreferrer noopener\"><\/a><\/li>\n\n\n\n<li><a href=\"http:\/\/francelyme.fr\/site\/wp-content\/uploads\/2025\/10\/fiche_pratique_-_guide_dusage_amoxicilline_pour_le_traitement_dune_borreliose_lyme.pdf\" target=\"_blank\" rel=\"noreferrer noopener\">Fiche pratique &#8211; Guides d&rsquo;usage pour le traitement d&rsquo;une borreliose Lyme<\/a> <a href=\"https:\/\/core.xvox.fr\/readPDF\/has-sante.fr\/https%3A%2F%2Fwww.has-sante.fr%2Fupload%2Fdocs%2Fapplication%2Fpdf%2F2025-02%2Ffiche_pratique_-_guide_dusage_amoxicilline_pour_le_traitement_dune_borreliose_lyme.pdf\" target=\"_blank\" rel=\"noreferrer noopener\"><\/a><\/li>\n\n\n\n<li><a href=\"https:\/\/www.has-sante.fr\/jcms\/p_3591073\/fr\/borreliose-de-lyme-et-autres-maladies-vectorielles-a-tiques-mvt-avis-du-groupe-de-lecture\" target=\"_blank\" rel=\"noreferrer noopener\">Borr\u00e9liose de Lyme et autres maladies vectorielles \u00e0 tiques (MVT) &#8211; Avis du groupe de lecture<\/a> <a href=\"https:\/\/core.xvox.fr\/readPDF\/has-sante.fr\/https%3A%2F%2Fwww.has-sante.fr%2Fupload%2Fdocs%2Fapplication%2Fzip%2F2025-02%2Fborreliose_de_lyme_et_autres_maladies_vectorielles_a_tiques_mvt_-_avis_du_groupe_de_lecture_2025-02-18_09-34-31_84.zip\" target=\"_blank\" rel=\"noreferrer noopener\"><\/a><\/li>\n\n\n\n<li><a href=\"http:\/\/francelyme.fr\/site\/wp-content\/uploads\/2025\/10\/Position-des-acteurs-institutionnels_LYME.pdf\" target=\"_blank\" rel=\"noreferrer noopener\">Borr\u00e9liose de Lyme et autres maladies vectorielles \u00e0 tiques (MVT) &#8211; Position des acteurs institutionnels<\/a> <a href=\"https:\/\/core.xvox.fr\/readPDF\/has-sante.fr\/https%3A%2F%2Fwww.has-sante.fr%2Fupload%2Fdocs%2Fapplication%2Fzip%2F2025-02%2Fborreliose_de_lyme_et_autres_maladies_vectorielles_a_tiques_mvt_-_position_des_acteurs_institutionnels.zip\" target=\"_blank\" rel=\"noreferrer noopener\"><\/a><\/li>\n<\/ul>\n\n\n\n<p><\/p>\n\n\n\n<p>Articles li\u00e9s : <\/p>\n\n\n\n<ul class=\"wp-block-list\">\n<li><a href=\"https:\/\/francelyme.fr\/site\/la-mise-a-jour-des-rbp-de-la-has-est-publiee\/\" target=\"_blank\" rel=\"noreferrer noopener\">La publication des RBP 2025 de la HAS sur les maladies vectorielles \u00e0 tique<\/a><\/li>\n\n\n\n<li><a href=\"https:\/\/francelyme.fr\/site\/communique-de-presse-sur-la-publication-des-recommandation-de-bonne-pratique-de-la-has\/\" target=\"_blank\" rel=\"noreferrer noopener\">Communiqu\u00e9 de presse du 19 f\u00e9vrier 2025<\/a> <\/li>\n\n\n\n<li><a href=\"https:\/\/francelyme.fr\/site\/analyse-de-la-ffmvt-sur-les-recommandations-has-2025-borreliose-de-lyme-et-mvt\/\" target=\"_blank\" rel=\"noreferrer noopener\">Analyse de la FFMVT<\/a><\/li>\n\n\n\n<li><a href=\"https:\/\/francelyme.fr\/site\/communique-de-presse-du-3-mars-rbp-has-maladie-de-lyme-la-has-ferme-la-porte-aux-traitements-linserm-coupe-les-fonds-appel-des-malades-au-ministere-de-la-sante\/\" target=\"_blank\" rel=\"noreferrer noopener\">Communiqu\u00e9 de presse du 3 mars 2025<\/a><\/li>\n<\/ul>\n<div class=\"like-button\" style=\"float: right; clear: both; text-align: right; width = 100%;\">\n<!-- Facebook Like Button Vivacity Infotech BEGIN -->\n<div class=\"fb-like\" data-href=\"https:\/\/francelyme.fr\/site\/la-mise-a-jour-des-rbp-de-la-has-est-publiee\/\" data-layout=\"box_count\" data-action=\"like\" data-show-faces=\"false\" data-size=\"large\" data-width=\"450\" data-share=\"1\" ><\/div><\/div>\n<!-- Facebook Like Button Vivacity Infotech END -->\n","protected":false},"excerpt":{"rendered":"","protected":false},"author":17,"featured_media":17515,"comment_status":"closed","ping_status":"open","sticky":false,"template":"","format":"standard","meta":{"footnotes":""},"categories":[7],"tags":[],"class_list":["post-17503","post","type-post","status-publish","format-standard","has-post-thumbnail","hentry","category-actions"],"yoast_head":"<!-- This site is optimized with the Yoast SEO plugin v27.5 - https:\/\/yoast.com\/product\/yoast-seo-wordpress\/ -->\n<title>La mise \u00e0 jour des RBP de la HAS est publi\u00e9e - Association France Lyme<\/title>\n<meta name=\"robots\" content=\"index, follow, max-snippet:-1, max-image-preview:large, max-video-preview:-1\" \/>\n<link rel=\"canonical\" href=\"https:\/\/francelyme.fr\/site\/la-mise-a-jour-des-rbp-de-la-has-est-publiee\/\" \/>\n<meta property=\"og:locale\" content=\"fr_FR\" \/>\n<meta property=\"og:type\" content=\"article\" \/>\n<meta property=\"og:title\" content=\"La mise \u00e0 jour des RBP de la HAS est publi\u00e9e - Association France Lyme\" \/>\n<meta property=\"og:url\" content=\"https:\/\/francelyme.fr\/site\/la-mise-a-jour-des-rbp-de-la-has-est-publiee\/\" \/>\n<meta property=\"og:site_name\" content=\"Association France Lyme\" \/>\n<meta property=\"article:publisher\" content=\"https:\/\/www.facebook.com\/france.lyme\" \/>\n<meta property=\"article:published_time\" content=\"2025-02-18T21:46:00+00:00\" \/>\n<meta property=\"article:modified_time\" content=\"2025-10-06T08:29:34+00:00\" \/>\n<meta property=\"og:image\" content=\"http:\/\/francelyme.fr\/site\/wp-content\/uploads\/2025\/02\/CP-image-HAS-RBP-2025.png\" \/>\n\t<meta property=\"og:image:width\" content=\"912\" \/>\n\t<meta property=\"og:image:height\" content=\"482\" \/>\n\t<meta property=\"og:image:type\" content=\"image\/png\" \/>\n<meta name=\"author\" content=\"adminntlyme\" \/>\n<meta name=\"twitter:card\" content=\"summary_large_image\" \/>\n<meta name=\"twitter:creator\" content=\"@francelyme\" \/>\n<meta name=\"twitter:site\" content=\"@francelyme\" \/>\n<meta name=\"twitter:label1\" content=\"\u00c9crit par\" \/>\n\t<meta name=\"twitter:data1\" content=\"adminntlyme\" \/>\n\t<meta name=\"twitter:label2\" content=\"Dur\u00e9e de lecture estim\u00e9e\" \/>\n\t<meta name=\"twitter:data2\" content=\"2 minutes\" \/>\n<script type=\"application\/ld+json\" class=\"yoast-schema-graph\">{\"@context\":\"https:\\\/\\\/schema.org\",\"@graph\":[{\"@type\":\"Article\",\"@id\":\"https:\\\/\\\/francelyme.fr\\\/site\\\/la-mise-a-jour-des-rbp-de-la-has-est-publiee\\\/#article\",\"isPartOf\":{\"@id\":\"https:\\\/\\\/francelyme.fr\\\/site\\\/la-mise-a-jour-des-rbp-de-la-has-est-publiee\\\/\"},\"author\":{\"name\":\"adminntlyme\",\"@id\":\"https:\\\/\\\/francelyme.fr\\\/site\\\/#\\\/schema\\\/person\\\/f7bd0eb75be49e4795c4ea0b3767e039\"},\"headline\":\"La mise \u00e0 jour des RBP de la HAS est publi\u00e9e\",\"datePublished\":\"2025-02-18T21:46:00+00:00\",\"dateModified\":\"2025-10-06T08:29:34+00:00\",\"mainEntityOfPage\":{\"@id\":\"https:\\\/\\\/francelyme.fr\\\/site\\\/la-mise-a-jour-des-rbp-de-la-has-est-publiee\\\/\"},\"wordCount\":244,\"publisher\":{\"@id\":\"https:\\\/\\\/francelyme.fr\\\/site\\\/#organization\"},\"image\":{\"@id\":\"https:\\\/\\\/francelyme.fr\\\/site\\\/la-mise-a-jour-des-rbp-de-la-has-est-publiee\\\/#primaryimage\"},\"thumbnailUrl\":\"https:\\\/\\\/francelyme.fr\\\/site\\\/wp-content\\\/uploads\\\/2025\\\/02\\\/CP-image-HAS-RBP-2025.png\",\"articleSection\":[\"Actions et stands\"],\"inLanguage\":\"fr-FR\"},{\"@type\":\"WebPage\",\"@id\":\"https:\\\/\\\/francelyme.fr\\\/site\\\/la-mise-a-jour-des-rbp-de-la-has-est-publiee\\\/\",\"url\":\"https:\\\/\\\/francelyme.fr\\\/site\\\/la-mise-a-jour-des-rbp-de-la-has-est-publiee\\\/\",\"name\":\"La mise \u00e0 jour des RBP de la HAS est publi\u00e9e - Association France Lyme\",\"isPartOf\":{\"@id\":\"https:\\\/\\\/francelyme.fr\\\/site\\\/#website\"},\"primaryImageOfPage\":{\"@id\":\"https:\\\/\\\/francelyme.fr\\\/site\\\/la-mise-a-jour-des-rbp-de-la-has-est-publiee\\\/#primaryimage\"},\"image\":{\"@id\":\"https:\\\/\\\/francelyme.fr\\\/site\\\/la-mise-a-jour-des-rbp-de-la-has-est-publiee\\\/#primaryimage\"},\"thumbnailUrl\":\"https:\\\/\\\/francelyme.fr\\\/site\\\/wp-content\\\/uploads\\\/2025\\\/02\\\/CP-image-HAS-RBP-2025.png\",\"datePublished\":\"2025-02-18T21:46:00+00:00\",\"dateModified\":\"2025-10-06T08:29:34+00:00\",\"breadcrumb\":{\"@id\":\"https:\\\/\\\/francelyme.fr\\\/site\\\/la-mise-a-jour-des-rbp-de-la-has-est-publiee\\\/#breadcrumb\"},\"inLanguage\":\"fr-FR\",\"potentialAction\":[{\"@type\":\"ReadAction\",\"target\":[\"https:\\\/\\\/francelyme.fr\\\/site\\\/la-mise-a-jour-des-rbp-de-la-has-est-publiee\\\/\"]}]},{\"@type\":\"ImageObject\",\"inLanguage\":\"fr-FR\",\"@id\":\"https:\\\/\\\/francelyme.fr\\\/site\\\/la-mise-a-jour-des-rbp-de-la-has-est-publiee\\\/#primaryimage\",\"url\":\"https:\\\/\\\/francelyme.fr\\\/site\\\/wp-content\\\/uploads\\\/2025\\\/02\\\/CP-image-HAS-RBP-2025.png\",\"contentUrl\":\"https:\\\/\\\/francelyme.fr\\\/site\\\/wp-content\\\/uploads\\\/2025\\\/02\\\/CP-image-HAS-RBP-2025.png\",\"width\":912,\"height\":482},{\"@type\":\"BreadcrumbList\",\"@id\":\"https:\\\/\\\/francelyme.fr\\\/site\\\/la-mise-a-jour-des-rbp-de-la-has-est-publiee\\\/#breadcrumb\",\"itemListElement\":[{\"@type\":\"ListItem\",\"position\":1,\"name\":\"Accueil\",\"item\":\"https:\\\/\\\/francelyme.fr\\\/site\\\/\"},{\"@type\":\"ListItem\",\"position\":2,\"name\":\"La mise \u00e0 jour des RBP de la HAS est publi\u00e9e\"}]},{\"@type\":\"WebSite\",\"@id\":\"https:\\\/\\\/francelyme.fr\\\/site\\\/#website\",\"url\":\"https:\\\/\\\/francelyme.fr\\\/site\\\/\",\"name\":\"Association France Lyme\",\"description\":\"Association de lutte contre les maladies vectorielles \u00e0 tiques\",\"publisher\":{\"@id\":\"https:\\\/\\\/francelyme.fr\\\/site\\\/#organization\"},\"potentialAction\":[{\"@type\":\"SearchAction\",\"target\":{\"@type\":\"EntryPoint\",\"urlTemplate\":\"https:\\\/\\\/francelyme.fr\\\/site\\\/?s={search_term_string}\"},\"query-input\":{\"@type\":\"PropertyValueSpecification\",\"valueRequired\":true,\"valueName\":\"search_term_string\"}}],\"inLanguage\":\"fr-FR\"},{\"@type\":\"Organization\",\"@id\":\"https:\\\/\\\/francelyme.fr\\\/site\\\/#organization\",\"name\":\"France Lyme\",\"url\":\"https:\\\/\\\/francelyme.fr\\\/site\\\/\",\"logo\":{\"@type\":\"ImageObject\",\"inLanguage\":\"fr-FR\",\"@id\":\"https:\\\/\\\/francelyme.fr\\\/site\\\/#\\\/schema\\\/logo\\\/image\\\/\",\"url\":\"https:\\\/\\\/francelyme.fr\\\/site\\\/wp-content\\\/uploads\\\/2019\\\/05\\\/francelyme-site.gif\",\"contentUrl\":\"https:\\\/\\\/francelyme.fr\\\/site\\\/wp-content\\\/uploads\\\/2019\\\/05\\\/francelyme-site.gif\",\"width\":180,\"height\":180,\"caption\":\"France Lyme\"},\"image\":{\"@id\":\"https:\\\/\\\/francelyme.fr\\\/site\\\/#\\\/schema\\\/logo\\\/image\\\/\"},\"sameAs\":[\"https:\\\/\\\/www.facebook.com\\\/france.lyme\",\"https:\\\/\\\/x.com\\\/francelyme\",\"https:\\\/\\\/www.youtube.com\\\/channel\\\/UClMCGl3dvkz0iAgXFR1NH1A\"]},{\"@type\":\"Person\",\"@id\":\"https:\\\/\\\/francelyme.fr\\\/site\\\/#\\\/schema\\\/person\\\/f7bd0eb75be49e4795c4ea0b3767e039\",\"name\":\"adminntlyme\",\"image\":{\"@type\":\"ImageObject\",\"inLanguage\":\"fr-FR\",\"@id\":\"https:\\\/\\\/secure.gravatar.com\\\/avatar\\\/e9ab07a36659baa27b55dfef2a5432041c212015f8eb8a8d25b934c17a03cb54?s=96&d=mm&r=g\",\"url\":\"https:\\\/\\\/secure.gravatar.com\\\/avatar\\\/e9ab07a36659baa27b55dfef2a5432041c212015f8eb8a8d25b934c17a03cb54?s=96&d=mm&r=g\",\"contentUrl\":\"https:\\\/\\\/secure.gravatar.com\\\/avatar\\\/e9ab07a36659baa27b55dfef2a5432041c212015f8eb8a8d25b934c17a03cb54?s=96&d=mm&r=g\",\"caption\":\"adminntlyme\"},\"url\":\"https:\\\/\\\/francelyme.fr\\\/site\\\/author\\\/adminntlyme\\\/\"}]}<\/script>\n<!-- \/ Yoast SEO plugin. -->","yoast_head_json":{"title":"La mise \u00e0 jour des RBP de la HAS est publi\u00e9e - Association France Lyme","robots":{"index":"index","follow":"follow","max-snippet":"max-snippet:-1","max-image-preview":"max-image-preview:large","max-video-preview":"max-video-preview:-1"},"canonical":"https:\/\/francelyme.fr\/site\/la-mise-a-jour-des-rbp-de-la-has-est-publiee\/","og_locale":"fr_FR","og_type":"article","og_title":"La mise \u00e0 jour des RBP de la HAS est publi\u00e9e - Association France Lyme","og_url":"https:\/\/francelyme.fr\/site\/la-mise-a-jour-des-rbp-de-la-has-est-publiee\/","og_site_name":"Association France Lyme","article_publisher":"https:\/\/www.facebook.com\/france.lyme","article_published_time":"2025-02-18T21:46:00+00:00","article_modified_time":"2025-10-06T08:29:34+00:00","og_image":[{"width":912,"height":482,"url":"http:\/\/francelyme.fr\/site\/wp-content\/uploads\/2025\/02\/CP-image-HAS-RBP-2025.png","type":"image\/png"}],"author":"adminntlyme","twitter_card":"summary_large_image","twitter_creator":"@francelyme","twitter_site":"@francelyme","twitter_misc":{"\u00c9crit par":"adminntlyme","Dur\u00e9e de lecture estim\u00e9e":"2 minutes"},"schema":{"@context":"https:\/\/schema.org","@graph":[{"@type":"Article","@id":"https:\/\/francelyme.fr\/site\/la-mise-a-jour-des-rbp-de-la-has-est-publiee\/#article","isPartOf":{"@id":"https:\/\/francelyme.fr\/site\/la-mise-a-jour-des-rbp-de-la-has-est-publiee\/"},"author":{"name":"adminntlyme","@id":"https:\/\/francelyme.fr\/site\/#\/schema\/person\/f7bd0eb75be49e4795c4ea0b3767e039"},"headline":"La mise \u00e0 jour des RBP de la HAS est publi\u00e9e","datePublished":"2025-02-18T21:46:00+00:00","dateModified":"2025-10-06T08:29:34+00:00","mainEntityOfPage":{"@id":"https:\/\/francelyme.fr\/site\/la-mise-a-jour-des-rbp-de-la-has-est-publiee\/"},"wordCount":244,"publisher":{"@id":"https:\/\/francelyme.fr\/site\/#organization"},"image":{"@id":"https:\/\/francelyme.fr\/site\/la-mise-a-jour-des-rbp-de-la-has-est-publiee\/#primaryimage"},"thumbnailUrl":"https:\/\/francelyme.fr\/site\/wp-content\/uploads\/2025\/02\/CP-image-HAS-RBP-2025.png","articleSection":["Actions et stands"],"inLanguage":"fr-FR"},{"@type":"WebPage","@id":"https:\/\/francelyme.fr\/site\/la-mise-a-jour-des-rbp-de-la-has-est-publiee\/","url":"https:\/\/francelyme.fr\/site\/la-mise-a-jour-des-rbp-de-la-has-est-publiee\/","name":"La mise \u00e0 jour des RBP de la HAS est publi\u00e9e - Association France Lyme","isPartOf":{"@id":"https:\/\/francelyme.fr\/site\/#website"},"primaryImageOfPage":{"@id":"https:\/\/francelyme.fr\/site\/la-mise-a-jour-des-rbp-de-la-has-est-publiee\/#primaryimage"},"image":{"@id":"https:\/\/francelyme.fr\/site\/la-mise-a-jour-des-rbp-de-la-has-est-publiee\/#primaryimage"},"thumbnailUrl":"https:\/\/francelyme.fr\/site\/wp-content\/uploads\/2025\/02\/CP-image-HAS-RBP-2025.png","datePublished":"2025-02-18T21:46:00+00:00","dateModified":"2025-10-06T08:29:34+00:00","breadcrumb":{"@id":"https:\/\/francelyme.fr\/site\/la-mise-a-jour-des-rbp-de-la-has-est-publiee\/#breadcrumb"},"inLanguage":"fr-FR","potentialAction":[{"@type":"ReadAction","target":["https:\/\/francelyme.fr\/site\/la-mise-a-jour-des-rbp-de-la-has-est-publiee\/"]}]},{"@type":"ImageObject","inLanguage":"fr-FR","@id":"https:\/\/francelyme.fr\/site\/la-mise-a-jour-des-rbp-de-la-has-est-publiee\/#primaryimage","url":"https:\/\/francelyme.fr\/site\/wp-content\/uploads\/2025\/02\/CP-image-HAS-RBP-2025.png","contentUrl":"https:\/\/francelyme.fr\/site\/wp-content\/uploads\/2025\/02\/CP-image-HAS-RBP-2025.png","width":912,"height":482},{"@type":"BreadcrumbList","@id":"https:\/\/francelyme.fr\/site\/la-mise-a-jour-des-rbp-de-la-has-est-publiee\/#breadcrumb","itemListElement":[{"@type":"ListItem","position":1,"name":"Accueil","item":"https:\/\/francelyme.fr\/site\/"},{"@type":"ListItem","position":2,"name":"La mise \u00e0 jour des RBP de la HAS est publi\u00e9e"}]},{"@type":"WebSite","@id":"https:\/\/francelyme.fr\/site\/#website","url":"https:\/\/francelyme.fr\/site\/","name":"Association France Lyme","description":"Association de lutte contre les maladies vectorielles \u00e0 tiques","publisher":{"@id":"https:\/\/francelyme.fr\/site\/#organization"},"potentialAction":[{"@type":"SearchAction","target":{"@type":"EntryPoint","urlTemplate":"https:\/\/francelyme.fr\/site\/?s={search_term_string}"},"query-input":{"@type":"PropertyValueSpecification","valueRequired":true,"valueName":"search_term_string"}}],"inLanguage":"fr-FR"},{"@type":"Organization","@id":"https:\/\/francelyme.fr\/site\/#organization","name":"France Lyme","url":"https:\/\/francelyme.fr\/site\/","logo":{"@type":"ImageObject","inLanguage":"fr-FR","@id":"https:\/\/francelyme.fr\/site\/#\/schema\/logo\/image\/","url":"https:\/\/francelyme.fr\/site\/wp-content\/uploads\/2019\/05\/francelyme-site.gif","contentUrl":"https:\/\/francelyme.fr\/site\/wp-content\/uploads\/2019\/05\/francelyme-site.gif","width":180,"height":180,"caption":"France Lyme"},"image":{"@id":"https:\/\/francelyme.fr\/site\/#\/schema\/logo\/image\/"},"sameAs":["https:\/\/www.facebook.com\/france.lyme","https:\/\/x.com\/francelyme","https:\/\/www.youtube.com\/channel\/UClMCGl3dvkz0iAgXFR1NH1A"]},{"@type":"Person","@id":"https:\/\/francelyme.fr\/site\/#\/schema\/person\/f7bd0eb75be49e4795c4ea0b3767e039","name":"adminntlyme","image":{"@type":"ImageObject","inLanguage":"fr-FR","@id":"https:\/\/secure.gravatar.com\/avatar\/e9ab07a36659baa27b55dfef2a5432041c212015f8eb8a8d25b934c17a03cb54?s=96&d=mm&r=g","url":"https:\/\/secure.gravatar.com\/avatar\/e9ab07a36659baa27b55dfef2a5432041c212015f8eb8a8d25b934c17a03cb54?s=96&d=mm&r=g","contentUrl":"https:\/\/secure.gravatar.com\/avatar\/e9ab07a36659baa27b55dfef2a5432041c212015f8eb8a8d25b934c17a03cb54?s=96&d=mm&r=g","caption":"adminntlyme"},"url":"https:\/\/francelyme.fr\/site\/author\/adminntlyme\/"}]}},"_links":{"self":[{"href":"https:\/\/francelyme.fr\/site\/wp-json\/wp\/v2\/posts\/17503","targetHints":{"allow":["GET"]}}],"collection":[{"href":"https:\/\/francelyme.fr\/site\/wp-json\/wp\/v2\/posts"}],"about":[{"href":"https:\/\/francelyme.fr\/site\/wp-json\/wp\/v2\/types\/post"}],"author":[{"embeddable":true,"href":"https:\/\/francelyme.fr\/site\/wp-json\/wp\/v2\/users\/17"}],"replies":[{"embeddable":true,"href":"https:\/\/francelyme.fr\/site\/wp-json\/wp\/v2\/comments?post=17503"}],"version-history":[{"count":10,"href":"https:\/\/francelyme.fr\/site\/wp-json\/wp\/v2\/posts\/17503\/revisions"}],"predecessor-version":[{"id":18925,"href":"https:\/\/francelyme.fr\/site\/wp-json\/wp\/v2\/posts\/17503\/revisions\/18925"}],"wp:featuredmedia":[{"embeddable":true,"href":"https:\/\/francelyme.fr\/site\/wp-json\/wp\/v2\/media\/17515"}],"wp:attachment":[{"href":"https:\/\/francelyme.fr\/site\/wp-json\/wp\/v2\/media?parent=17503"}],"wp:term":[{"taxonomy":"category","embeddable":true,"href":"https:\/\/francelyme.fr\/site\/wp-json\/wp\/v2\/categories?post=17503"},{"taxonomy":"post_tag","embeddable":true,"href":"https:\/\/francelyme.fr\/site\/wp-json\/wp\/v2\/tags?post=17503"}],"curies":[{"name":"wp","href":"https:\/\/api.w.org\/{rel}","templated":true}]}}