{"id":17714,"date":"2025-04-10T16:37:14","date_gmt":"2025-04-10T14:37:14","guid":{"rendered":"https:\/\/francelyme.fr\/site\/?p=17714"},"modified":"2025-04-10T16:37:15","modified_gmt":"2025-04-10T14:37:15","slug":"retour-sur-le-cafe-lyme-a-villefontaine-le-28-mars-dernier-38","status":"publish","type":"post","link":"https:\/\/francelyme.fr\/site\/retour-sur-le-cafe-lyme-a-villefontaine-le-28-mars-dernier-38\/","title":{"rendered":"Retour sur le caf\u00e9 lyme \u00e0 Villefontaine le 28 mars dernier (38)"},"content":{"rendered":"<div class=\"like-button\" style=\"float: right; clear: both; text-align: right; width = 100%;\">\n<!-- Facebook Like Button Vivacity Infotech BEGIN -->\n<div class=\"fb-like\" data-href=\"https:\/\/francelyme.fr\/site\/retour-sur-le-cafe-lyme-a-villefontaine-le-28-mars-dernier-38\/\" data-layout=\"box_count\" data-action=\"like\" data-show-faces=\"false\" data-size=\"large\" data-width=\"450\" data-share=\"1\" ><\/div><\/div>\n<!-- Facebook Like Button Vivacity Infotech END -->\n<div id=\"fb-root\"><\/div>\n\n<p>Le vendredi 28 mars 2025, au&nbsp;caf\u00e9&nbsp;associatif \u00ab\u00a0La caravane des possible\u00a0\u00bb de Villefontaine s&rsquo;est tenu le&nbsp;tout&nbsp;premier Kf\u00e9 Lyme dans le&nbsp;Nord Is\u00e8re.&nbsp;<br>&nbsp;Organis\u00e9e par nos b\u00e9n\u00e9voles Odile et Claude, cette rencontre a r\u00e9uni une douzaine de&nbsp;personnes dont des malades et des aidants ainsi que des&nbsp; citoyens(nes) voulant s&rsquo;informer sur les maladies vectorielles \u00e0 tique. Pour une premi\u00e8re, ce fut un succ\u00e8s par le nombre de participants et par la qualit\u00e9 des \u00e9changes.<br>Chacun a pu poser des questions, s&rsquo;informer sur ces \u00ab\u00a0\u00e9tranges maladies\u00a0\u00bb qui peuvent toucher tout le monde et rendre le quotidien bien difficile, apprendre les mesures de pr\u00e9vention possibles pour \u00e9viter les morsures de&nbsp; tiques, d\u00e9couvrir les diff\u00e9rentes techniques de diagnostic, les traitements possibles, etc&#8230;<br>Odile avait pos\u00e9 la question&nbsp;aux&nbsp;responsables&nbsp;de France Lyme : \u00ab\u00a0Comment peut-on vous aider ?\u00a0\u00bb&nbsp;R\u00e9ponse : \u00ab\u00a0En organisant des rencontres Lyme !\u00a0\u00bb. C&rsquo;est&nbsp;maintenant&nbsp;chose faite. Peut-\u00eatre cela donnera-t-il des id\u00e9es \u00e0 d&rsquo;autres b\u00e9n\u00e9voles&nbsp;pour&nbsp;franchir&nbsp;le&nbsp;cap ? Pour&nbsp;Odile et Claude,&nbsp;en tout cas, \u00e0 renouveler, sans mod\u00e9ration !<br>Un grand merci aux responsables de la structure \u00ab\u00a0La caravane des Possibles \u00a0\u00bb pour le pr\u00eat de la salle.&nbsp;<br><br><\/p>\n\n\n\n<p>&nbsp;Une prochaine rencontre est d&rsquo;ores et d\u00e9j\u00e0 programm\u00e9e le samedi 17 mai, \u00e0 St-Etienne de Saint-Geoirs et une autre \u00e0 Meylan le samedi 14 juin. Elles seront bient\u00f4t&nbsp;annonc\u00e9es sur le site de l&rsquo;association.&nbsp;<\/p>\n\n\n\n<p><br>Les b\u00e9n\u00e9voles pour France Lyme en Is\u00e8re.<\/p>\n\n\n\n<figure class=\"wp-block-image size-full\"><img loading=\"lazy\" decoding=\"async\" width=\"883\" height=\"621\" src=\"https:\/\/francelyme.fr\/site\/wp-content\/uploads\/2025\/04\/Resized_IMG_20250328_183910_1743280080792.jpg\" alt=\"\" class=\"wp-image-17715\" srcset=\"https:\/\/francelyme.fr\/site\/wp-content\/uploads\/2025\/04\/Resized_IMG_20250328_183910_1743280080792.jpg 883w, https:\/\/francelyme.fr\/site\/wp-content\/uploads\/2025\/04\/Resized_IMG_20250328_183910_1743280080792-300x211.jpg 300w, https:\/\/francelyme.fr\/site\/wp-content\/uploads\/2025\/04\/Resized_IMG_20250328_183910_1743280080792-768x540.jpg 768w\" sizes=\"auto, (max-width: 883px) 100vw, 883px\" \/><\/figure>\n<div class=\"like-button\" style=\"float: right; clear: both; text-align: right; width = 100%;\">\n<!-- Facebook Like Button Vivacity Infotech BEGIN -->\n<div class=\"fb-like\" data-href=\"https:\/\/francelyme.fr\/site\/retour-sur-le-cafe-lyme-a-villefontaine-le-28-mars-dernier-38\/\" data-layout=\"box_count\" data-action=\"like\" data-show-faces=\"false\" data-size=\"large\" data-width=\"450\" data-share=\"1\" ><\/div><\/div>\n<!-- Facebook Like Button Vivacity Infotech END -->\n","protected":false},"excerpt":{"rendered":"","protected":false},"author":16,"featured_media":17715,"comment_status":"closed","ping_status":"open","sticky":false,"template":"","format":"standard","meta":{"footnotes":""},"categories":[60,48],"tags":[],"class_list":["post-17714","post","type-post","status-publish","format-standard","has-post-thumbnail","hentry","category-rencontres","category-rhone-alpes"],"yoast_head":"<!-- This site is optimized with the Yoast SEO plugin v27.3 - https:\/\/yoast.com\/product\/yoast-seo-wordpress\/ -->\n<title>Retour sur le caf\u00e9 lyme \u00e0 Villefontaine le 28 mars dernier (38) - Association France Lyme<\/title>\n<meta name=\"robots\" content=\"index, follow, max-snippet:-1, max-image-preview:large, max-video-preview:-1\" \/>\n<link rel=\"canonical\" href=\"https:\/\/francelyme.fr\/site\/retour-sur-le-cafe-lyme-a-villefontaine-le-28-mars-dernier-38\/\" \/>\n<meta property=\"og:locale\" content=\"fr_FR\" \/>\n<meta property=\"og:type\" content=\"article\" \/>\n<meta property=\"og:title\" content=\"Retour sur le caf\u00e9 lyme \u00e0 Villefontaine le 28 mars dernier (38) - Association France Lyme\" \/>\n<meta property=\"og:url\" content=\"https:\/\/francelyme.fr\/site\/retour-sur-le-cafe-lyme-a-villefontaine-le-28-mars-dernier-38\/\" \/>\n<meta property=\"og:site_name\" content=\"Association France Lyme\" \/>\n<meta property=\"article:publisher\" content=\"https:\/\/www.facebook.com\/france.lyme\" \/>\n<meta property=\"article:published_time\" content=\"2025-04-10T14:37:14+00:00\" \/>\n<meta property=\"article:modified_time\" content=\"2025-04-10T14:37:15+00:00\" \/>\n<meta property=\"og:image\" content=\"http:\/\/francelyme.fr\/site\/wp-content\/uploads\/2025\/04\/Resized_IMG_20250328_183910_1743280080792.jpg\" \/>\n\t<meta property=\"og:image:width\" content=\"883\" \/>\n\t<meta property=\"og:image:height\" content=\"621\" \/>\n\t<meta property=\"og:image:type\" content=\"image\/jpeg\" \/>\n<meta name=\"author\" content=\"Editeur\" \/>\n<meta name=\"twitter:card\" content=\"summary_large_image\" \/>\n<meta name=\"twitter:creator\" content=\"@francelyme\" \/>\n<meta name=\"twitter:site\" content=\"@francelyme\" \/>\n<meta name=\"twitter:label1\" content=\"\u00c9crit par\" \/>\n\t<meta name=\"twitter:data1\" content=\"Editeur\" \/>\n\t<meta name=\"twitter:label2\" content=\"Dur\u00e9e de lecture estim\u00e9e\" \/>\n\t<meta name=\"twitter:data2\" content=\"2 minutes\" \/>\n<script type=\"application\/ld+json\" class=\"yoast-schema-graph\">{\"@context\":\"https:\\\/\\\/schema.org\",\"@graph\":[{\"@type\":\"Article\",\"@id\":\"https:\\\/\\\/francelyme.fr\\\/site\\\/retour-sur-le-cafe-lyme-a-villefontaine-le-28-mars-dernier-38\\\/#article\",\"isPartOf\":{\"@id\":\"https:\\\/\\\/francelyme.fr\\\/site\\\/retour-sur-le-cafe-lyme-a-villefontaine-le-28-mars-dernier-38\\\/\"},\"author\":{\"name\":\"Editeur\",\"@id\":\"https:\\\/\\\/francelyme.fr\\\/site\\\/#\\\/schema\\\/person\\\/b3a32c0e865447c2586961956f5d867e\"},\"headline\":\"Retour sur le caf\u00e9 lyme \u00e0 Villefontaine le 28 mars dernier (38)\",\"datePublished\":\"2025-04-10T14:37:14+00:00\",\"dateModified\":\"2025-04-10T14:37:15+00:00\",\"mainEntityOfPage\":{\"@id\":\"https:\\\/\\\/francelyme.fr\\\/site\\\/retour-sur-le-cafe-lyme-a-villefontaine-le-28-mars-dernier-38\\\/\"},\"wordCount\":285,\"publisher\":{\"@id\":\"https:\\\/\\\/francelyme.fr\\\/site\\\/#organization\"},\"image\":{\"@id\":\"https:\\\/\\\/francelyme.fr\\\/site\\\/retour-sur-le-cafe-lyme-a-villefontaine-le-28-mars-dernier-38\\\/#primaryimage\"},\"thumbnailUrl\":\"https:\\\/\\\/francelyme.fr\\\/site\\\/wp-content\\\/uploads\\\/2025\\\/04\\\/Resized_IMG_20250328_183910_1743280080792.jpg\",\"articleSection\":[\"Rencontres\",\"Rh\u00f4ne-Alpes\"],\"inLanguage\":\"fr-FR\"},{\"@type\":\"WebPage\",\"@id\":\"https:\\\/\\\/francelyme.fr\\\/site\\\/retour-sur-le-cafe-lyme-a-villefontaine-le-28-mars-dernier-38\\\/\",\"url\":\"https:\\\/\\\/francelyme.fr\\\/site\\\/retour-sur-le-cafe-lyme-a-villefontaine-le-28-mars-dernier-38\\\/\",\"name\":\"Retour sur le caf\u00e9 lyme \u00e0 Villefontaine le 28 mars dernier (38) - Association France Lyme\",\"isPartOf\":{\"@id\":\"https:\\\/\\\/francelyme.fr\\\/site\\\/#website\"},\"primaryImageOfPage\":{\"@id\":\"https:\\\/\\\/francelyme.fr\\\/site\\\/retour-sur-le-cafe-lyme-a-villefontaine-le-28-mars-dernier-38\\\/#primaryimage\"},\"image\":{\"@id\":\"https:\\\/\\\/francelyme.fr\\\/site\\\/retour-sur-le-cafe-lyme-a-villefontaine-le-28-mars-dernier-38\\\/#primaryimage\"},\"thumbnailUrl\":\"https:\\\/\\\/francelyme.fr\\\/site\\\/wp-content\\\/uploads\\\/2025\\\/04\\\/Resized_IMG_20250328_183910_1743280080792.jpg\",\"datePublished\":\"2025-04-10T14:37:14+00:00\",\"dateModified\":\"2025-04-10T14:37:15+00:00\",\"breadcrumb\":{\"@id\":\"https:\\\/\\\/francelyme.fr\\\/site\\\/retour-sur-le-cafe-lyme-a-villefontaine-le-28-mars-dernier-38\\\/#breadcrumb\"},\"inLanguage\":\"fr-FR\",\"potentialAction\":[{\"@type\":\"ReadAction\",\"target\":[\"https:\\\/\\\/francelyme.fr\\\/site\\\/retour-sur-le-cafe-lyme-a-villefontaine-le-28-mars-dernier-38\\\/\"]}]},{\"@type\":\"ImageObject\",\"inLanguage\":\"fr-FR\",\"@id\":\"https:\\\/\\\/francelyme.fr\\\/site\\\/retour-sur-le-cafe-lyme-a-villefontaine-le-28-mars-dernier-38\\\/#primaryimage\",\"url\":\"https:\\\/\\\/francelyme.fr\\\/site\\\/wp-content\\\/uploads\\\/2025\\\/04\\\/Resized_IMG_20250328_183910_1743280080792.jpg\",\"contentUrl\":\"https:\\\/\\\/francelyme.fr\\\/site\\\/wp-content\\\/uploads\\\/2025\\\/04\\\/Resized_IMG_20250328_183910_1743280080792.jpg\",\"width\":883,\"height\":621},{\"@type\":\"BreadcrumbList\",\"@id\":\"https:\\\/\\\/francelyme.fr\\\/site\\\/retour-sur-le-cafe-lyme-a-villefontaine-le-28-mars-dernier-38\\\/#breadcrumb\",\"itemListElement\":[{\"@type\":\"ListItem\",\"position\":1,\"name\":\"Accueil\",\"item\":\"https:\\\/\\\/francelyme.fr\\\/site\\\/\"},{\"@type\":\"ListItem\",\"position\":2,\"name\":\"Retour sur le caf\u00e9 lyme \u00e0 Villefontaine le 28 mars dernier (38)\"}]},{\"@type\":\"WebSite\",\"@id\":\"https:\\\/\\\/francelyme.fr\\\/site\\\/#website\",\"url\":\"https:\\\/\\\/francelyme.fr\\\/site\\\/\",\"name\":\"Association France Lyme\",\"description\":\"Association de lutte contre les maladies vectorielles \u00e0 tiques\",\"publisher\":{\"@id\":\"https:\\\/\\\/francelyme.fr\\\/site\\\/#organization\"},\"potentialAction\":[{\"@type\":\"SearchAction\",\"target\":{\"@type\":\"EntryPoint\",\"urlTemplate\":\"https:\\\/\\\/francelyme.fr\\\/site\\\/?s={search_term_string}\"},\"query-input\":{\"@type\":\"PropertyValueSpecification\",\"valueRequired\":true,\"valueName\":\"search_term_string\"}}],\"inLanguage\":\"fr-FR\"},{\"@type\":\"Organization\",\"@id\":\"https:\\\/\\\/francelyme.fr\\\/site\\\/#organization\",\"name\":\"France Lyme\",\"url\":\"https:\\\/\\\/francelyme.fr\\\/site\\\/\",\"logo\":{\"@type\":\"ImageObject\",\"inLanguage\":\"fr-FR\",\"@id\":\"https:\\\/\\\/francelyme.fr\\\/site\\\/#\\\/schema\\\/logo\\\/image\\\/\",\"url\":\"https:\\\/\\\/francelyme.fr\\\/site\\\/wp-content\\\/uploads\\\/2019\\\/05\\\/francelyme-site.gif\",\"contentUrl\":\"https:\\\/\\\/francelyme.fr\\\/site\\\/wp-content\\\/uploads\\\/2019\\\/05\\\/francelyme-site.gif\",\"width\":180,\"height\":180,\"caption\":\"France Lyme\"},\"image\":{\"@id\":\"https:\\\/\\\/francelyme.fr\\\/site\\\/#\\\/schema\\\/logo\\\/image\\\/\"},\"sameAs\":[\"https:\\\/\\\/www.facebook.com\\\/france.lyme\",\"https:\\\/\\\/x.com\\\/francelyme\",\"https:\\\/\\\/www.youtube.com\\\/channel\\\/UClMCGl3dvkz0iAgXFR1NH1A\"]},{\"@type\":\"Person\",\"@id\":\"https:\\\/\\\/francelyme.fr\\\/site\\\/#\\\/schema\\\/person\\\/b3a32c0e865447c2586961956f5d867e\",\"name\":\"Editeur\",\"image\":{\"@type\":\"ImageObject\",\"inLanguage\":\"fr-FR\",\"@id\":\"https:\\\/\\\/secure.gravatar.com\\\/avatar\\\/ae207cee02bf4e66ec5abb92d4ccacaa0ad5f5d3d16fe7fcb393eda94bfbf2d2?s=96&d=mm&r=g\",\"url\":\"https:\\\/\\\/secure.gravatar.com\\\/avatar\\\/ae207cee02bf4e66ec5abb92d4ccacaa0ad5f5d3d16fe7fcb393eda94bfbf2d2?s=96&d=mm&r=g\",\"contentUrl\":\"https:\\\/\\\/secure.gravatar.com\\\/avatar\\\/ae207cee02bf4e66ec5abb92d4ccacaa0ad5f5d3d16fe7fcb393eda94bfbf2d2?s=96&d=mm&r=g\",\"caption\":\"Editeur\"},\"url\":\"https:\\\/\\\/francelyme.fr\\\/site\\\/author\\\/editeuradm\\\/\"}]}<\/script>\n<!-- \/ Yoast SEO plugin. -->","yoast_head_json":{"title":"Retour sur le caf\u00e9 lyme \u00e0 Villefontaine le 28 mars dernier (38) - Association France Lyme","robots":{"index":"index","follow":"follow","max-snippet":"max-snippet:-1","max-image-preview":"max-image-preview:large","max-video-preview":"max-video-preview:-1"},"canonical":"https:\/\/francelyme.fr\/site\/retour-sur-le-cafe-lyme-a-villefontaine-le-28-mars-dernier-38\/","og_locale":"fr_FR","og_type":"article","og_title":"Retour sur le caf\u00e9 lyme \u00e0 Villefontaine le 28 mars dernier (38) - Association France Lyme","og_url":"https:\/\/francelyme.fr\/site\/retour-sur-le-cafe-lyme-a-villefontaine-le-28-mars-dernier-38\/","og_site_name":"Association France Lyme","article_publisher":"https:\/\/www.facebook.com\/france.lyme","article_published_time":"2025-04-10T14:37:14+00:00","article_modified_time":"2025-04-10T14:37:15+00:00","og_image":[{"width":883,"height":621,"url":"http:\/\/francelyme.fr\/site\/wp-content\/uploads\/2025\/04\/Resized_IMG_20250328_183910_1743280080792.jpg","type":"image\/jpeg"}],"author":"Editeur","twitter_card":"summary_large_image","twitter_creator":"@francelyme","twitter_site":"@francelyme","twitter_misc":{"\u00c9crit par":"Editeur","Dur\u00e9e de lecture estim\u00e9e":"2 minutes"},"schema":{"@context":"https:\/\/schema.org","@graph":[{"@type":"Article","@id":"https:\/\/francelyme.fr\/site\/retour-sur-le-cafe-lyme-a-villefontaine-le-28-mars-dernier-38\/#article","isPartOf":{"@id":"https:\/\/francelyme.fr\/site\/retour-sur-le-cafe-lyme-a-villefontaine-le-28-mars-dernier-38\/"},"author":{"name":"Editeur","@id":"https:\/\/francelyme.fr\/site\/#\/schema\/person\/b3a32c0e865447c2586961956f5d867e"},"headline":"Retour sur le caf\u00e9 lyme \u00e0 Villefontaine le 28 mars dernier (38)","datePublished":"2025-04-10T14:37:14+00:00","dateModified":"2025-04-10T14:37:15+00:00","mainEntityOfPage":{"@id":"https:\/\/francelyme.fr\/site\/retour-sur-le-cafe-lyme-a-villefontaine-le-28-mars-dernier-38\/"},"wordCount":285,"publisher":{"@id":"https:\/\/francelyme.fr\/site\/#organization"},"image":{"@id":"https:\/\/francelyme.fr\/site\/retour-sur-le-cafe-lyme-a-villefontaine-le-28-mars-dernier-38\/#primaryimage"},"thumbnailUrl":"https:\/\/francelyme.fr\/site\/wp-content\/uploads\/2025\/04\/Resized_IMG_20250328_183910_1743280080792.jpg","articleSection":["Rencontres","Rh\u00f4ne-Alpes"],"inLanguage":"fr-FR"},{"@type":"WebPage","@id":"https:\/\/francelyme.fr\/site\/retour-sur-le-cafe-lyme-a-villefontaine-le-28-mars-dernier-38\/","url":"https:\/\/francelyme.fr\/site\/retour-sur-le-cafe-lyme-a-villefontaine-le-28-mars-dernier-38\/","name":"Retour sur le caf\u00e9 lyme \u00e0 Villefontaine le 28 mars dernier (38) - Association France Lyme","isPartOf":{"@id":"https:\/\/francelyme.fr\/site\/#website"},"primaryImageOfPage":{"@id":"https:\/\/francelyme.fr\/site\/retour-sur-le-cafe-lyme-a-villefontaine-le-28-mars-dernier-38\/#primaryimage"},"image":{"@id":"https:\/\/francelyme.fr\/site\/retour-sur-le-cafe-lyme-a-villefontaine-le-28-mars-dernier-38\/#primaryimage"},"thumbnailUrl":"https:\/\/francelyme.fr\/site\/wp-content\/uploads\/2025\/04\/Resized_IMG_20250328_183910_1743280080792.jpg","datePublished":"2025-04-10T14:37:14+00:00","dateModified":"2025-04-10T14:37:15+00:00","breadcrumb":{"@id":"https:\/\/francelyme.fr\/site\/retour-sur-le-cafe-lyme-a-villefontaine-le-28-mars-dernier-38\/#breadcrumb"},"inLanguage":"fr-FR","potentialAction":[{"@type":"ReadAction","target":["https:\/\/francelyme.fr\/site\/retour-sur-le-cafe-lyme-a-villefontaine-le-28-mars-dernier-38\/"]}]},{"@type":"ImageObject","inLanguage":"fr-FR","@id":"https:\/\/francelyme.fr\/site\/retour-sur-le-cafe-lyme-a-villefontaine-le-28-mars-dernier-38\/#primaryimage","url":"https:\/\/francelyme.fr\/site\/wp-content\/uploads\/2025\/04\/Resized_IMG_20250328_183910_1743280080792.jpg","contentUrl":"https:\/\/francelyme.fr\/site\/wp-content\/uploads\/2025\/04\/Resized_IMG_20250328_183910_1743280080792.jpg","width":883,"height":621},{"@type":"BreadcrumbList","@id":"https:\/\/francelyme.fr\/site\/retour-sur-le-cafe-lyme-a-villefontaine-le-28-mars-dernier-38\/#breadcrumb","itemListElement":[{"@type":"ListItem","position":1,"name":"Accueil","item":"https:\/\/francelyme.fr\/site\/"},{"@type":"ListItem","position":2,"name":"Retour sur le caf\u00e9 lyme \u00e0 Villefontaine le 28 mars dernier (38)"}]},{"@type":"WebSite","@id":"https:\/\/francelyme.fr\/site\/#website","url":"https:\/\/francelyme.fr\/site\/","name":"Association France Lyme","description":"Association de lutte contre les maladies vectorielles \u00e0 tiques","publisher":{"@id":"https:\/\/francelyme.fr\/site\/#organization"},"potentialAction":[{"@type":"SearchAction","target":{"@type":"EntryPoint","urlTemplate":"https:\/\/francelyme.fr\/site\/?s={search_term_string}"},"query-input":{"@type":"PropertyValueSpecification","valueRequired":true,"valueName":"search_term_string"}}],"inLanguage":"fr-FR"},{"@type":"Organization","@id":"https:\/\/francelyme.fr\/site\/#organization","name":"France Lyme","url":"https:\/\/francelyme.fr\/site\/","logo":{"@type":"ImageObject","inLanguage":"fr-FR","@id":"https:\/\/francelyme.fr\/site\/#\/schema\/logo\/image\/","url":"https:\/\/francelyme.fr\/site\/wp-content\/uploads\/2019\/05\/francelyme-site.gif","contentUrl":"https:\/\/francelyme.fr\/site\/wp-content\/uploads\/2019\/05\/francelyme-site.gif","width":180,"height":180,"caption":"France Lyme"},"image":{"@id":"https:\/\/francelyme.fr\/site\/#\/schema\/logo\/image\/"},"sameAs":["https:\/\/www.facebook.com\/france.lyme","https:\/\/x.com\/francelyme","https:\/\/www.youtube.com\/channel\/UClMCGl3dvkz0iAgXFR1NH1A"]},{"@type":"Person","@id":"https:\/\/francelyme.fr\/site\/#\/schema\/person\/b3a32c0e865447c2586961956f5d867e","name":"Editeur","image":{"@type":"ImageObject","inLanguage":"fr-FR","@id":"https:\/\/secure.gravatar.com\/avatar\/ae207cee02bf4e66ec5abb92d4ccacaa0ad5f5d3d16fe7fcb393eda94bfbf2d2?s=96&d=mm&r=g","url":"https:\/\/secure.gravatar.com\/avatar\/ae207cee02bf4e66ec5abb92d4ccacaa0ad5f5d3d16fe7fcb393eda94bfbf2d2?s=96&d=mm&r=g","contentUrl":"https:\/\/secure.gravatar.com\/avatar\/ae207cee02bf4e66ec5abb92d4ccacaa0ad5f5d3d16fe7fcb393eda94bfbf2d2?s=96&d=mm&r=g","caption":"Editeur"},"url":"https:\/\/francelyme.fr\/site\/author\/editeuradm\/"}]}},"_links":{"self":[{"href":"https:\/\/francelyme.fr\/site\/wp-json\/wp\/v2\/posts\/17714","targetHints":{"allow":["GET"]}}],"collection":[{"href":"https:\/\/francelyme.fr\/site\/wp-json\/wp\/v2\/posts"}],"about":[{"href":"https:\/\/francelyme.fr\/site\/wp-json\/wp\/v2\/types\/post"}],"author":[{"embeddable":true,"href":"https:\/\/francelyme.fr\/site\/wp-json\/wp\/v2\/users\/16"}],"replies":[{"embeddable":true,"href":"https:\/\/francelyme.fr\/site\/wp-json\/wp\/v2\/comments?post=17714"}],"version-history":[{"count":1,"href":"https:\/\/francelyme.fr\/site\/wp-json\/wp\/v2\/posts\/17714\/revisions"}],"predecessor-version":[{"id":17716,"href":"https:\/\/francelyme.fr\/site\/wp-json\/wp\/v2\/posts\/17714\/revisions\/17716"}],"wp:featuredmedia":[{"embeddable":true,"href":"https:\/\/francelyme.fr\/site\/wp-json\/wp\/v2\/media\/17715"}],"wp:attachment":[{"href":"https:\/\/francelyme.fr\/site\/wp-json\/wp\/v2\/media?parent=17714"}],"wp:term":[{"taxonomy":"category","embeddable":true,"href":"https:\/\/francelyme.fr\/site\/wp-json\/wp\/v2\/categories?post=17714"},{"taxonomy":"post_tag","embeddable":true,"href":"https:\/\/francelyme.fr\/site\/wp-json\/wp\/v2\/tags?post=17714"}],"curies":[{"name":"wp","href":"https:\/\/api.w.org\/{rel}","templated":true}]}}