{"id":18058,"date":"2025-06-01T18:37:00","date_gmt":"2025-06-01T16:37:00","guid":{"rendered":"https:\/\/francelyme.fr\/site\/?p=18058"},"modified":"2025-06-01T18:39:44","modified_gmt":"2025-06-01T16:39:44","slug":"le-projet-artistique-artlyme-perspectives-artistiques-sur-la-maladie-vues-par-les-malades","status":"publish","type":"post","link":"https:\/\/francelyme.fr\/site\/le-projet-artistique-artlyme-perspectives-artistiques-sur-la-maladie-vues-par-les-malades\/","title":{"rendered":"Le projet artistique Artlyme : perspectives artistiques sur la maladie, vues par les malades"},"content":{"rendered":"<div class=\"like-button\" style=\"float: right; clear: both; text-align: right; width = 100%;\">\n<!-- Facebook Like Button Vivacity Infotech BEGIN -->\n<div class=\"fb-like\" data-href=\"https:\/\/francelyme.fr\/site\/le-projet-artistique-artlyme-perspectives-artistiques-sur-la-maladie-vues-par-les-malades\/\" data-layout=\"box_count\" data-action=\"like\" data-show-faces=\"false\" data-size=\"large\" data-width=\"450\" data-share=\"1\" ><\/div><\/div>\n<!-- Facebook Like Button Vivacity Infotech END -->\n<div id=\"fb-root\"><\/div>\n\n<div class=\"wp-block-media-text has-media-on-the-right is-stacked-on-mobile\" style=\"grid-template-columns:auto 23%\"><div class=\"wp-block-media-text__content\">\n<h2 class=\"wp-block-heading\">Introduction \u00e0 ArtLyme<\/h2>\n<\/div><figure class=\"wp-block-media-text__media\"><img loading=\"lazy\" decoding=\"async\" width=\"534\" height=\"800\" src=\"http:\/\/francelyme.fr\/site\/wp-content\/uploads\/2025\/04\/ArtLyme-WWLP-2025-intro-T-ELISA-1_rd.jpg\" alt=\"\" class=\"wp-image-17938 size-full\" srcset=\"https:\/\/francelyme.fr\/site\/wp-content\/uploads\/2025\/04\/ArtLyme-WWLP-2025-intro-T-ELISA-1_rd.jpg 534w, https:\/\/francelyme.fr\/site\/wp-content\/uploads\/2025\/04\/ArtLyme-WWLP-2025-intro-T-ELISA-1_rd-200x300.jpg 200w\" sizes=\"auto, (max-width: 534px) 100vw, 534px\" \/><\/figure><\/div>\n\n\n\n<p>Apr\u00e8s de longs mois de travail, le groupe Artlyme vous a d\u00e9voil\u00e9 sur les r\u00e9seaux sociaux tout au long du mois de mai les diff\u00e9rentes \u0153uvres cr\u00e9es autour des diff\u00e9rentes th\u00e9matiques de la maladie.<\/p>\n\n\n\n<div class=\"wp-block-media-text has-media-on-the-right is-stacked-on-mobile\"><div class=\"wp-block-media-text__content\">\n<h2 class=\"wp-block-heading\">Th\u00e9matique 1 : Les b\u00e9b\u00eates<\/h2>\n<\/div><figure class=\"wp-block-media-text__media\"><img loading=\"lazy\" decoding=\"async\" width=\"1024\" height=\"768\" src=\"http:\/\/francelyme.fr\/site\/wp-content\/uploads\/2025\/05\/ArtLyme-WWLP-2025-Les-bebetes-intro-T1-ELUSIVE-RECLUSIVE-1_rd-T-1024x768.jpg\" alt=\"\" class=\"wp-image-18059 size-full\" srcset=\"https:\/\/francelyme.fr\/site\/wp-content\/uploads\/2025\/05\/ArtLyme-WWLP-2025-Les-bebetes-intro-T1-ELUSIVE-RECLUSIVE-1_rd-T-1024x768.jpg 1024w, https:\/\/francelyme.fr\/site\/wp-content\/uploads\/2025\/05\/ArtLyme-WWLP-2025-Les-bebetes-intro-T1-ELUSIVE-RECLUSIVE-1_rd-T-300x225.jpg 300w, https:\/\/francelyme.fr\/site\/wp-content\/uploads\/2025\/05\/ArtLyme-WWLP-2025-Les-bebetes-intro-T1-ELUSIVE-RECLUSIVE-1_rd-T-768x576.jpg 768w, https:\/\/francelyme.fr\/site\/wp-content\/uploads\/2025\/05\/ArtLyme-WWLP-2025-Les-bebetes-intro-T1-ELUSIVE-RECLUSIVE-1_rd-T.jpg 1200w\" sizes=\"auto, (max-width: 1024px) 100vw, 1024px\" \/><\/figure><\/div>\n\n\n\n<figure class=\"wp-block-embed aligncenter is-type-video is-provider-youtube wp-block-embed-youtube wp-embed-aspect-4-3 wp-has-aspect-ratio\"><div class=\"wp-block-embed__wrapper\">\n<iframe loading=\"lazy\" title=\"ArtLyme, vid\u00e9o th\u00e9matique sur les b\u00e9b\u00eates\" width=\"860\" height=\"645\" src=\"https:\/\/www.youtube.com\/embed\/bjXsDQEKFrI?feature=oembed\" frameborder=\"0\" allow=\"accelerometer; autoplay; clipboard-write; encrypted-media; gyroscope; picture-in-picture; web-share\" referrerpolicy=\"strict-origin-when-cross-origin\" allowfullscreen><\/iframe>\n<\/div><\/figure>\n\n\n\n<p>Monique la tique<\/p>\n\n\n<div class=\"wp-block-image\">\n<figure class=\"aligncenter\"><img loading=\"lazy\" decoding=\"async\" width=\"724\" height=\"1024\" src=\"https:\/\/francelyme.fr\/site\/wp-content\/uploads\/2025\/05\/ArtLyme-WWLP-2025-Les-bebetes-T1-ELUSIVE-RECLUSIVE-1_TX-724x1024.jpg\" alt=\"\" class=\"wp-image-18060\" srcset=\"https:\/\/francelyme.fr\/site\/wp-content\/uploads\/2025\/05\/ArtLyme-WWLP-2025-Les-bebetes-T1-ELUSIVE-RECLUSIVE-1_TX-724x1024.jpg 724w, https:\/\/francelyme.fr\/site\/wp-content\/uploads\/2025\/05\/ArtLyme-WWLP-2025-Les-bebetes-T1-ELUSIVE-RECLUSIVE-1_TX-212x300.jpg 212w, https:\/\/francelyme.fr\/site\/wp-content\/uploads\/2025\/05\/ArtLyme-WWLP-2025-Les-bebetes-T1-ELUSIVE-RECLUSIVE-1_TX-768x1086.jpg 768w, https:\/\/francelyme.fr\/site\/wp-content\/uploads\/2025\/05\/ArtLyme-WWLP-2025-Les-bebetes-T1-ELUSIVE-RECLUSIVE-1_TX.jpg 795w\" sizes=\"auto, (max-width: 724px) 100vw, 724px\" \/><\/figure>\n<\/div>\n\n\n<p>Dans l&rsquo;ombre des bois,&nbsp; Tique, furtive, guette. Danger,&nbsp; Maladies en don.&nbsp;<\/p>\n\n\n\n<figure class=\"wp-block-gallery has-nested-images columns-default is-cropped wp-block-gallery-1 is-layout-flex wp-block-gallery-is-layout-flex\">\n<figure class=\"wp-block-image size-large\"><img loading=\"lazy\" decoding=\"async\" width=\"1024\" height=\"705\" data-id=\"18061\" src=\"https:\/\/francelyme.fr\/site\/wp-content\/uploads\/2025\/05\/ArtLyme-WWLP-2025-Les-bebetes-T1-FLORENCE-1_rd-1024x705.jpg\" alt=\"\" class=\"wp-image-18061\" srcset=\"https:\/\/francelyme.fr\/site\/wp-content\/uploads\/2025\/05\/ArtLyme-WWLP-2025-Les-bebetes-T1-FLORENCE-1_rd-1024x705.jpg 1024w, https:\/\/francelyme.fr\/site\/wp-content\/uploads\/2025\/05\/ArtLyme-WWLP-2025-Les-bebetes-T1-FLORENCE-1_rd-300x207.jpg 300w, https:\/\/francelyme.fr\/site\/wp-content\/uploads\/2025\/05\/ArtLyme-WWLP-2025-Les-bebetes-T1-FLORENCE-1_rd-768x529.jpg 768w, https:\/\/francelyme.fr\/site\/wp-content\/uploads\/2025\/05\/ArtLyme-WWLP-2025-Les-bebetes-T1-FLORENCE-1_rd.jpg 1200w\" sizes=\"auto, (max-width: 1024px) 100vw, 1024px\" \/><\/figure>\n\n\n\n<figure class=\"wp-block-image size-large\"><img loading=\"lazy\" decoding=\"async\" width=\"1024\" height=\"768\" data-id=\"18062\" src=\"https:\/\/francelyme.fr\/site\/wp-content\/uploads\/2025\/05\/ArtLyme-WWLP-2025-Les-bebetes-T1-FLORENCE-1-2-tx-v-1024x768.jpg\" alt=\"\" class=\"wp-image-18062\" srcset=\"https:\/\/francelyme.fr\/site\/wp-content\/uploads\/2025\/05\/ArtLyme-WWLP-2025-Les-bebetes-T1-FLORENCE-1-2-tx-v-1024x768.jpg 1024w, https:\/\/francelyme.fr\/site\/wp-content\/uploads\/2025\/05\/ArtLyme-WWLP-2025-Les-bebetes-T1-FLORENCE-1-2-tx-v-300x225.jpg 300w, https:\/\/francelyme.fr\/site\/wp-content\/uploads\/2025\/05\/ArtLyme-WWLP-2025-Les-bebetes-T1-FLORENCE-1-2-tx-v-768x576.jpg 768w, https:\/\/francelyme.fr\/site\/wp-content\/uploads\/2025\/05\/ArtLyme-WWLP-2025-Les-bebetes-T1-FLORENCE-1-2-tx-v.jpg 1200w\" sizes=\"auto, (max-width: 1024px) 100vw, 1024px\" \/><\/figure>\n<\/figure>\n\n\n\n<p>Titre : La tactique de la tique<\/p>\n\n\n<div class=\"wp-block-image\">\n<figure class=\"aligncenter size-large\"><img loading=\"lazy\" decoding=\"async\" width=\"724\" height=\"1024\" src=\"https:\/\/francelyme.fr\/site\/wp-content\/uploads\/2025\/05\/ArtLyme-WWLP-2025-Les-bebetes-T1-PASCAL-2_rd-724x1024.jpg\" alt=\"\" class=\"wp-image-18063\" srcset=\"https:\/\/francelyme.fr\/site\/wp-content\/uploads\/2025\/05\/ArtLyme-WWLP-2025-Les-bebetes-T1-PASCAL-2_rd-724x1024.jpg 724w, https:\/\/francelyme.fr\/site\/wp-content\/uploads\/2025\/05\/ArtLyme-WWLP-2025-Les-bebetes-T1-PASCAL-2_rd-212x300.jpg 212w, https:\/\/francelyme.fr\/site\/wp-content\/uploads\/2025\/05\/ArtLyme-WWLP-2025-Les-bebetes-T1-PASCAL-2_rd-768x1086.jpg 768w, https:\/\/francelyme.fr\/site\/wp-content\/uploads\/2025\/05\/ArtLyme-WWLP-2025-Les-bebetes-T1-PASCAL-2_rd.jpg 849w\" sizes=\"auto, (max-width: 724px) 100vw, 724px\" \/><\/figure>\n<\/div>\n\n\n<div class=\"wp-block-media-text is-stacked-on-mobile\"><figure class=\"wp-block-media-text__media\"><img loading=\"lazy\" decoding=\"async\" width=\"726\" height=\"1024\" src=\"https:\/\/francelyme.fr\/site\/wp-content\/uploads\/2025\/05\/ArtLyme-WWLP-2025-Les-bebetes-T1-BENEDICTE-1_rd-726x1024.jpg\" alt=\"\" class=\"wp-image-18064 size-full\" srcset=\"https:\/\/francelyme.fr\/site\/wp-content\/uploads\/2025\/05\/ArtLyme-WWLP-2025-Les-bebetes-T1-BENEDICTE-1_rd-726x1024.jpg 726w, https:\/\/francelyme.fr\/site\/wp-content\/uploads\/2025\/05\/ArtLyme-WWLP-2025-Les-bebetes-T1-BENEDICTE-1_rd-213x300.jpg 213w, https:\/\/francelyme.fr\/site\/wp-content\/uploads\/2025\/05\/ArtLyme-WWLP-2025-Les-bebetes-T1-BENEDICTE-1_rd-768x1083.jpg 768w, https:\/\/francelyme.fr\/site\/wp-content\/uploads\/2025\/05\/ArtLyme-WWLP-2025-Les-bebetes-T1-BENEDICTE-1_rd.jpg 851w\" sizes=\"auto, (max-width: 726px) 100vw, 726px\" \/><\/figure><div class=\"wp-block-media-text__content\">\n<p>Titre : B\u00e9b\u00eate mythique ou mi-tique<\/p>\n<\/div><\/div>\n\n\n\n<figure class=\"wp-block-gallery has-nested-images columns-default is-cropped wp-block-gallery-2 is-layout-flex wp-block-gallery-is-layout-flex\">\n<figure class=\"wp-block-image size-large\"><img loading=\"lazy\" decoding=\"async\" width=\"1024\" height=\"683\" data-id=\"18065\" src=\"https:\/\/francelyme.fr\/site\/wp-content\/uploads\/2025\/05\/ArtLyme-WWLP-2025-Les-bebetes-T1-ELUSIVE-RECLUSIVE-2_rd-1024x683.jpg\" alt=\"\" class=\"wp-image-18065\" srcset=\"https:\/\/francelyme.fr\/site\/wp-content\/uploads\/2025\/05\/ArtLyme-WWLP-2025-Les-bebetes-T1-ELUSIVE-RECLUSIVE-2_rd-1024x683.jpg 1024w, https:\/\/francelyme.fr\/site\/wp-content\/uploads\/2025\/05\/ArtLyme-WWLP-2025-Les-bebetes-T1-ELUSIVE-RECLUSIVE-2_rd-300x200.jpg 300w, https:\/\/francelyme.fr\/site\/wp-content\/uploads\/2025\/05\/ArtLyme-WWLP-2025-Les-bebetes-T1-ELUSIVE-RECLUSIVE-2_rd-768x512.jpg 768w, https:\/\/francelyme.fr\/site\/wp-content\/uploads\/2025\/05\/ArtLyme-WWLP-2025-Les-bebetes-T1-ELUSIVE-RECLUSIVE-2_rd.jpg 1200w\" sizes=\"auto, (max-width: 1024px) 100vw, 1024px\" \/><\/figure>\n\n\n\n<figure class=\"wp-block-image size-large\"><img loading=\"lazy\" decoding=\"async\" width=\"1024\" height=\"655\" data-id=\"18066\" src=\"https:\/\/francelyme.fr\/site\/wp-content\/uploads\/2025\/05\/ArtLyme-WWLP-2025-Les-bebetes-T1-ELUSIVE-RECLUSIVE-3_rd-1024x655.jpg\" alt=\"\" class=\"wp-image-18066\" srcset=\"https:\/\/francelyme.fr\/site\/wp-content\/uploads\/2025\/05\/ArtLyme-WWLP-2025-Les-bebetes-T1-ELUSIVE-RECLUSIVE-3_rd-1024x655.jpg 1024w, https:\/\/francelyme.fr\/site\/wp-content\/uploads\/2025\/05\/ArtLyme-WWLP-2025-Les-bebetes-T1-ELUSIVE-RECLUSIVE-3_rd-300x192.jpg 300w, https:\/\/francelyme.fr\/site\/wp-content\/uploads\/2025\/05\/ArtLyme-WWLP-2025-Les-bebetes-T1-ELUSIVE-RECLUSIVE-3_rd-768x492.jpg 768w, https:\/\/francelyme.fr\/site\/wp-content\/uploads\/2025\/05\/ArtLyme-WWLP-2025-Les-bebetes-T1-ELUSIVE-RECLUSIVE-3_rd.jpg 1200w\" sizes=\"auto, (max-width: 1024px) 100vw, 1024px\" \/><\/figure>\n<\/figure>\n\n\n\n<figure class=\"wp-block-gallery has-nested-images columns-default is-cropped wp-block-gallery-3 is-layout-flex wp-block-gallery-is-layout-flex\">\n<figure class=\"wp-block-image size-large\"><img loading=\"lazy\" decoding=\"async\" width=\"1024\" height=\"683\" data-id=\"18067\" src=\"https:\/\/francelyme.fr\/site\/wp-content\/uploads\/2025\/05\/ArtLyme-WWLP-2025-Les-bebetes-T1-JOHN-1_rd-1024x683.jpg\" alt=\"\" class=\"wp-image-18067\" srcset=\"https:\/\/francelyme.fr\/site\/wp-content\/uploads\/2025\/05\/ArtLyme-WWLP-2025-Les-bebetes-T1-JOHN-1_rd-1024x683.jpg 1024w, https:\/\/francelyme.fr\/site\/wp-content\/uploads\/2025\/05\/ArtLyme-WWLP-2025-Les-bebetes-T1-JOHN-1_rd-300x200.jpg 300w, https:\/\/francelyme.fr\/site\/wp-content\/uploads\/2025\/05\/ArtLyme-WWLP-2025-Les-bebetes-T1-JOHN-1_rd-768x512.jpg 768w, https:\/\/francelyme.fr\/site\/wp-content\/uploads\/2025\/05\/ArtLyme-WWLP-2025-Les-bebetes-T1-JOHN-1_rd.jpg 1200w\" sizes=\"auto, (max-width: 1024px) 100vw, 1024px\" \/><\/figure>\n\n\n\n<figure class=\"wp-block-image size-large\"><img loading=\"lazy\" decoding=\"async\" width=\"768\" height=\"1024\" data-id=\"18068\" src=\"https:\/\/francelyme.fr\/site\/wp-content\/uploads\/2025\/05\/ArtLyme-WWLP-2025-Les-bebetes-T1-ELUSIVE-RECLUSIVE-4_rd-768x1024.jpg\" alt=\"\" class=\"wp-image-18068\" srcset=\"https:\/\/francelyme.fr\/site\/wp-content\/uploads\/2025\/05\/ArtLyme-WWLP-2025-Les-bebetes-T1-ELUSIVE-RECLUSIVE-4_rd-768x1024.jpg 768w, https:\/\/francelyme.fr\/site\/wp-content\/uploads\/2025\/05\/ArtLyme-WWLP-2025-Les-bebetes-T1-ELUSIVE-RECLUSIVE-4_rd-225x300.jpg 225w, https:\/\/francelyme.fr\/site\/wp-content\/uploads\/2025\/05\/ArtLyme-WWLP-2025-Les-bebetes-T1-ELUSIVE-RECLUSIVE-4_rd.jpg 900w\" sizes=\"auto, (max-width: 768px) 100vw, 768px\" \/><\/figure>\n<\/figure>\n\n\n\n<figure class=\"wp-block-image size-large\"><img loading=\"lazy\" decoding=\"async\" width=\"1024\" height=\"728\" src=\"http:\/\/francelyme.fr\/site\/wp-content\/uploads\/2025\/05\/ArtLyme-WWLP-2025-Les-bebetes-T1-PASCAL-1_rd-1024x728.jpg\" alt=\"\" class=\"wp-image-18069\" srcset=\"https:\/\/francelyme.fr\/site\/wp-content\/uploads\/2025\/05\/ArtLyme-WWLP-2025-Les-bebetes-T1-PASCAL-1_rd-1024x728.jpg 1024w, https:\/\/francelyme.fr\/site\/wp-content\/uploads\/2025\/05\/ArtLyme-WWLP-2025-Les-bebetes-T1-PASCAL-1_rd-300x213.jpg 300w, https:\/\/francelyme.fr\/site\/wp-content\/uploads\/2025\/05\/ArtLyme-WWLP-2025-Les-bebetes-T1-PASCAL-1_rd-768x546.jpg 768w, https:\/\/francelyme.fr\/site\/wp-content\/uploads\/2025\/05\/ArtLyme-WWLP-2025-Les-bebetes-T1-PASCAL-1_rd.jpg 1200w\" sizes=\"auto, (max-width: 1024px) 100vw, 1024px\" \/><\/figure>\n\n\n\n<div class=\"wp-block-media-text has-media-on-the-right is-stacked-on-mobile\" style=\"grid-template-columns:auto 55%\"><div class=\"wp-block-media-text__content\">\n<h2 class=\"wp-block-heading\">Th\u00e9matique 2 : La pr\u00e9vention<\/h2>\n<\/div><figure class=\"wp-block-media-text__media\"><img loading=\"lazy\" decoding=\"async\" width=\"1024\" height=\"576\" src=\"https:\/\/francelyme.fr\/site\/wp-content\/uploads\/2025\/05\/ArtLyme-WWLP-2025-prevention-T2-FLORENCE-1_rd-T-1024x576.jpg\" alt=\"\" class=\"wp-image-18070 size-full\" srcset=\"https:\/\/francelyme.fr\/site\/wp-content\/uploads\/2025\/05\/ArtLyme-WWLP-2025-prevention-T2-FLORENCE-1_rd-T-1024x576.jpg 1024w, https:\/\/francelyme.fr\/site\/wp-content\/uploads\/2025\/05\/ArtLyme-WWLP-2025-prevention-T2-FLORENCE-1_rd-T-300x169.jpg 300w, https:\/\/francelyme.fr\/site\/wp-content\/uploads\/2025\/05\/ArtLyme-WWLP-2025-prevention-T2-FLORENCE-1_rd-T-768x432.jpg 768w, https:\/\/francelyme.fr\/site\/wp-content\/uploads\/2025\/05\/ArtLyme-WWLP-2025-prevention-T2-FLORENCE-1_rd-T.jpg 1200w\" sizes=\"auto, (max-width: 1024px) 100vw, 1024px\" \/><\/figure><\/div>\n\n\n\n<figure class=\"wp-block-embed aligncenter is-type-video is-provider-youtube wp-block-embed-youtube wp-embed-aspect-4-3 wp-has-aspect-ratio\"><div class=\"wp-block-embed__wrapper\">\n<iframe loading=\"lazy\" title=\"ArtLyme, vid\u00e9o th\u00e9matique sur la pr\u00e9vention\" width=\"860\" height=\"645\" src=\"https:\/\/www.youtube.com\/embed\/o4EhYAuoyVg?feature=oembed\" frameborder=\"0\" allow=\"accelerometer; autoplay; clipboard-write; encrypted-media; gyroscope; picture-in-picture; web-share\" referrerpolicy=\"strict-origin-when-cross-origin\" allowfullscreen><\/iframe>\n<\/div><\/figure>\n\n\n<div class=\"wp-block-image\">\n<figure class=\"aligncenter size-large\"><img loading=\"lazy\" decoding=\"async\" width=\"774\" height=\"1024\" src=\"https:\/\/francelyme.fr\/site\/wp-content\/uploads\/2025\/05\/ArtLyme-WWLP-2025-prevention-T2-SAMUEL-1_rd-774x1024.jpg\" alt=\"\" class=\"wp-image-18071\" srcset=\"https:\/\/francelyme.fr\/site\/wp-content\/uploads\/2025\/05\/ArtLyme-WWLP-2025-prevention-T2-SAMUEL-1_rd-774x1024.jpg 774w, https:\/\/francelyme.fr\/site\/wp-content\/uploads\/2025\/05\/ArtLyme-WWLP-2025-prevention-T2-SAMUEL-1_rd-227x300.jpg 227w, https:\/\/francelyme.fr\/site\/wp-content\/uploads\/2025\/05\/ArtLyme-WWLP-2025-prevention-T2-SAMUEL-1_rd-768x1016.jpg 768w, https:\/\/francelyme.fr\/site\/wp-content\/uploads\/2025\/05\/ArtLyme-WWLP-2025-prevention-T2-SAMUEL-1_rd.jpg 907w\" sizes=\"auto, (max-width: 774px) 100vw, 774px\" \/><\/figure>\n<\/div>\n\n<div class=\"wp-block-image\">\n<figure class=\"aligncenter size-large\"><img loading=\"lazy\" decoding=\"async\" width=\"1024\" height=\"576\" src=\"https:\/\/francelyme.fr\/site\/wp-content\/uploads\/2025\/05\/ArtLyme-WWLP-2025-prevention-T2-FLORENCE-2-tx-v-1024x576.jpg\" alt=\"\" class=\"wp-image-18072\" srcset=\"https:\/\/francelyme.fr\/site\/wp-content\/uploads\/2025\/05\/ArtLyme-WWLP-2025-prevention-T2-FLORENCE-2-tx-v-1024x576.jpg 1024w, https:\/\/francelyme.fr\/site\/wp-content\/uploads\/2025\/05\/ArtLyme-WWLP-2025-prevention-T2-FLORENCE-2-tx-v-300x169.jpg 300w, https:\/\/francelyme.fr\/site\/wp-content\/uploads\/2025\/05\/ArtLyme-WWLP-2025-prevention-T2-FLORENCE-2-tx-v-768x432.jpg 768w, https:\/\/francelyme.fr\/site\/wp-content\/uploads\/2025\/05\/ArtLyme-WWLP-2025-prevention-T2-FLORENCE-2-tx-v.jpg 1200w\" sizes=\"auto, (max-width: 1024px) 100vw, 1024px\" \/><\/figure>\n<\/div>\n\n\n<figure class=\"wp-block-gallery has-nested-images columns-default is-cropped wp-block-gallery-4 is-layout-flex wp-block-gallery-is-layout-flex\">\n<figure class=\"wp-block-image size-large\"><img loading=\"lazy\" decoding=\"async\" width=\"1024\" height=\"812\" data-id=\"18073\" src=\"https:\/\/francelyme.fr\/site\/wp-content\/uploads\/2025\/05\/ArtLyme-WWLP-2025-prevention-T2-ELUSIVE-RECLUSIVE-1_rd-1024x812.jpg\" alt=\"\" class=\"wp-image-18073\" srcset=\"https:\/\/francelyme.fr\/site\/wp-content\/uploads\/2025\/05\/ArtLyme-WWLP-2025-prevention-T2-ELUSIVE-RECLUSIVE-1_rd-1024x812.jpg 1024w, https:\/\/francelyme.fr\/site\/wp-content\/uploads\/2025\/05\/ArtLyme-WWLP-2025-prevention-T2-ELUSIVE-RECLUSIVE-1_rd-300x238.jpg 300w, https:\/\/francelyme.fr\/site\/wp-content\/uploads\/2025\/05\/ArtLyme-WWLP-2025-prevention-T2-ELUSIVE-RECLUSIVE-1_rd-768x609.jpg 768w, https:\/\/francelyme.fr\/site\/wp-content\/uploads\/2025\/05\/ArtLyme-WWLP-2025-prevention-T2-ELUSIVE-RECLUSIVE-1_rd.jpg 1200w\" sizes=\"auto, (max-width: 1024px) 100vw, 1024px\" \/><\/figure>\n<\/figure>\n\n\n<div class=\"wp-block-image\">\n<figure class=\"aligncenter size-large\"><img loading=\"lazy\" decoding=\"async\" width=\"1024\" height=\"721\" src=\"http:\/\/francelyme.fr\/site\/wp-content\/uploads\/2025\/05\/ArtLyme-WWLP-2025-prevention-T2-ELUSIVE-RECLUSIVE-2_rd-1024x721.jpg\" alt=\"\" class=\"wp-image-18074\" srcset=\"https:\/\/francelyme.fr\/site\/wp-content\/uploads\/2025\/05\/ArtLyme-WWLP-2025-prevention-T2-ELUSIVE-RECLUSIVE-2_rd-1024x721.jpg 1024w, https:\/\/francelyme.fr\/site\/wp-content\/uploads\/2025\/05\/ArtLyme-WWLP-2025-prevention-T2-ELUSIVE-RECLUSIVE-2_rd-300x211.jpg 300w, https:\/\/francelyme.fr\/site\/wp-content\/uploads\/2025\/05\/ArtLyme-WWLP-2025-prevention-T2-ELUSIVE-RECLUSIVE-2_rd-768x541.jpg 768w, https:\/\/francelyme.fr\/site\/wp-content\/uploads\/2025\/05\/ArtLyme-WWLP-2025-prevention-T2-ELUSIVE-RECLUSIVE-2_rd.jpg 1200w\" sizes=\"auto, (max-width: 1024px) 100vw, 1024px\" \/><\/figure>\n<\/div>\n\n<div class=\"wp-block-image\">\n<figure class=\"aligncenter size-large\"><img loading=\"lazy\" decoding=\"async\" width=\"1024\" height=\"796\" src=\"http:\/\/francelyme.fr\/site\/wp-content\/uploads\/2025\/01\/ArtLyme-WWLP-2025-prevention-T2-ELUSIVE-RECLUSIVE-4_rd-1024x796.jpg\" alt=\"\" class=\"wp-image-18160\" srcset=\"https:\/\/francelyme.fr\/site\/wp-content\/uploads\/2025\/01\/ArtLyme-WWLP-2025-prevention-T2-ELUSIVE-RECLUSIVE-4_rd-1024x796.jpg 1024w, https:\/\/francelyme.fr\/site\/wp-content\/uploads\/2025\/01\/ArtLyme-WWLP-2025-prevention-T2-ELUSIVE-RECLUSIVE-4_rd-300x233.jpg 300w, https:\/\/francelyme.fr\/site\/wp-content\/uploads\/2025\/01\/ArtLyme-WWLP-2025-prevention-T2-ELUSIVE-RECLUSIVE-4_rd-768x597.jpg 768w, https:\/\/francelyme.fr\/site\/wp-content\/uploads\/2025\/01\/ArtLyme-WWLP-2025-prevention-T2-ELUSIVE-RECLUSIVE-4_rd.jpg 1200w\" sizes=\"auto, (max-width: 1024px) 100vw, 1024px\" \/><\/figure>\n<\/div>\n\n\n<figure class=\"wp-block-gallery has-nested-images columns-default is-cropped wp-block-gallery-5 is-layout-flex wp-block-gallery-is-layout-flex\"><div class=\"wp-block-image\">\n<figure class=\"aligncenter size-large\"><img loading=\"lazy\" decoding=\"async\" width=\"1024\" height=\"502\" data-id=\"18076\" src=\"https:\/\/francelyme.fr\/site\/wp-content\/uploads\/2025\/05\/ArtLyme-WWLP-2025-prevention-T2-STEPHANIE-1_rd-1024x502.jpg\" alt=\"\" class=\"wp-image-18076\" srcset=\"https:\/\/francelyme.fr\/site\/wp-content\/uploads\/2025\/05\/ArtLyme-WWLP-2025-prevention-T2-STEPHANIE-1_rd-1024x502.jpg 1024w, https:\/\/francelyme.fr\/site\/wp-content\/uploads\/2025\/05\/ArtLyme-WWLP-2025-prevention-T2-STEPHANIE-1_rd-300x147.jpg 300w, https:\/\/francelyme.fr\/site\/wp-content\/uploads\/2025\/05\/ArtLyme-WWLP-2025-prevention-T2-STEPHANIE-1_rd-768x376.jpg 768w, https:\/\/francelyme.fr\/site\/wp-content\/uploads\/2025\/05\/ArtLyme-WWLP-2025-prevention-T2-STEPHANIE-1_rd.jpg 1200w\" sizes=\"auto, (max-width: 1024px) 100vw, 1024px\" \/><\/figure>\n<\/div><\/figure>\n\n\n<div class=\"wp-block-image\">\n<figure class=\"aligncenter size-large\"><img loading=\"lazy\" decoding=\"async\" width=\"1024\" height=\"768\" src=\"http:\/\/francelyme.fr\/site\/wp-content\/uploads\/2025\/05\/ArtLyme-WWLP-2025-prevention-T2-ELUSIVE-RECLUSIVE-3_rd-1024x768.jpg\" alt=\"\" class=\"wp-image-18075\" srcset=\"https:\/\/francelyme.fr\/site\/wp-content\/uploads\/2025\/05\/ArtLyme-WWLP-2025-prevention-T2-ELUSIVE-RECLUSIVE-3_rd-1024x768.jpg 1024w, https:\/\/francelyme.fr\/site\/wp-content\/uploads\/2025\/05\/ArtLyme-WWLP-2025-prevention-T2-ELUSIVE-RECLUSIVE-3_rd-300x225.jpg 300w, https:\/\/francelyme.fr\/site\/wp-content\/uploads\/2025\/05\/ArtLyme-WWLP-2025-prevention-T2-ELUSIVE-RECLUSIVE-3_rd-768x576.jpg 768w, https:\/\/francelyme.fr\/site\/wp-content\/uploads\/2025\/05\/ArtLyme-WWLP-2025-prevention-T2-ELUSIVE-RECLUSIVE-3_rd.jpg 1200w\" sizes=\"auto, (max-width: 1024px) 100vw, 1024px\" \/><\/figure>\n<\/div>\n\n<div class=\"wp-block-image\">\n<figure class=\"aligncenter size-large\"><img loading=\"lazy\" decoding=\"async\" width=\"683\" height=\"1024\" src=\"https:\/\/francelyme.fr\/site\/wp-content\/uploads\/2025\/05\/ArtLyme-WWLP-2025-prevention-T2-JOHN-1_rd-683x1024.jpg\" alt=\"\" class=\"wp-image-18077\" srcset=\"https:\/\/francelyme.fr\/site\/wp-content\/uploads\/2025\/05\/ArtLyme-WWLP-2025-prevention-T2-JOHN-1_rd-683x1024.jpg 683w, https:\/\/francelyme.fr\/site\/wp-content\/uploads\/2025\/05\/ArtLyme-WWLP-2025-prevention-T2-JOHN-1_rd-200x300.jpg 200w, https:\/\/francelyme.fr\/site\/wp-content\/uploads\/2025\/05\/ArtLyme-WWLP-2025-prevention-T2-JOHN-1_rd-768x1152.jpg 768w, https:\/\/francelyme.fr\/site\/wp-content\/uploads\/2025\/05\/ArtLyme-WWLP-2025-prevention-T2-JOHN-1_rd.jpg 800w\" sizes=\"auto, (max-width: 683px) 100vw, 683px\" \/><\/figure>\n<\/div>\n\n<div class=\"wp-block-image\">\n<figure class=\"aligncenter size-large\"><img loading=\"lazy\" decoding=\"async\" width=\"1024\" height=\"724\" src=\"https:\/\/francelyme.fr\/site\/wp-content\/uploads\/2025\/05\/ArtLyme-WWLP-2025-prevention-T2-PASCAL-1_rd-1024x724.jpg\" alt=\"\" class=\"wp-image-18078\" srcset=\"https:\/\/francelyme.fr\/site\/wp-content\/uploads\/2025\/05\/ArtLyme-WWLP-2025-prevention-T2-PASCAL-1_rd-1024x724.jpg 1024w, https:\/\/francelyme.fr\/site\/wp-content\/uploads\/2025\/05\/ArtLyme-WWLP-2025-prevention-T2-PASCAL-1_rd-300x212.jpg 300w, https:\/\/francelyme.fr\/site\/wp-content\/uploads\/2025\/05\/ArtLyme-WWLP-2025-prevention-T2-PASCAL-1_rd-768x543.jpg 768w, https:\/\/francelyme.fr\/site\/wp-content\/uploads\/2025\/05\/ArtLyme-WWLP-2025-prevention-T2-PASCAL-1_rd.jpg 1200w\" sizes=\"auto, (max-width: 1024px) 100vw, 1024px\" \/><\/figure>\n<\/div>\n\n\n<div class=\"wp-block-media-text has-media-on-the-right is-stacked-on-mobile\"><div class=\"wp-block-media-text__content\">\n<h2 class=\"wp-block-heading\">Th\u00e9matique 3 : Maladie, malade, proches et aidants<\/h2>\n<\/div><figure class=\"wp-block-media-text__media\"><img loading=\"lazy\" decoding=\"async\" width=\"786\" height=\"1024\" src=\"https:\/\/francelyme.fr\/site\/wp-content\/uploads\/2025\/05\/ArtLyme-WWLP-2025-maladie-malade-proches-et-aidants-T3-SAMUEL-1_rd-T-786x1024.jpg\" alt=\"\" class=\"wp-image-18080 size-full\" srcset=\"https:\/\/francelyme.fr\/site\/wp-content\/uploads\/2025\/05\/ArtLyme-WWLP-2025-maladie-malade-proches-et-aidants-T3-SAMUEL-1_rd-T-786x1024.jpg 786w, https:\/\/francelyme.fr\/site\/wp-content\/uploads\/2025\/05\/ArtLyme-WWLP-2025-maladie-malade-proches-et-aidants-T3-SAMUEL-1_rd-T-230x300.jpg 230w, https:\/\/francelyme.fr\/site\/wp-content\/uploads\/2025\/05\/ArtLyme-WWLP-2025-maladie-malade-proches-et-aidants-T3-SAMUEL-1_rd-T-768x1000.jpg 768w, https:\/\/francelyme.fr\/site\/wp-content\/uploads\/2025\/05\/ArtLyme-WWLP-2025-maladie-malade-proches-et-aidants-T3-SAMUEL-1_rd-T-1180x1536.jpg 1180w, https:\/\/francelyme.fr\/site\/wp-content\/uploads\/2025\/05\/ArtLyme-WWLP-2025-maladie-malade-proches-et-aidants-T3-SAMUEL-1_rd-T-1573x2048.jpg 1573w, https:\/\/francelyme.fr\/site\/wp-content\/uploads\/2025\/05\/ArtLyme-WWLP-2025-maladie-malade-proches-et-aidants-T3-SAMUEL-1_rd-T-1320x1719.jpg 1320w, https:\/\/francelyme.fr\/site\/wp-content\/uploads\/2025\/05\/ArtLyme-WWLP-2025-maladie-malade-proches-et-aidants-T3-SAMUEL-1_rd-T.jpg 1920w\" sizes=\"auto, (max-width: 786px) 100vw, 786px\" \/><\/figure><\/div>\n\n\n\n<figure class=\"wp-block-embed aligncenter is-type-video is-provider-youtube wp-block-embed-youtube wp-embed-aspect-4-3 wp-has-aspect-ratio\"><div class=\"wp-block-embed__wrapper\">\n<iframe loading=\"lazy\" title=\"ArtLyme, vid\u00e9o th\u00e9matique sur : Maladie, malade, proches et aidants\" width=\"860\" height=\"645\" src=\"https:\/\/www.youtube.com\/embed\/Ho_Y6nGh0jM?feature=oembed\" frameborder=\"0\" allow=\"accelerometer; autoplay; clipboard-write; encrypted-media; gyroscope; picture-in-picture; web-share\" referrerpolicy=\"strict-origin-when-cross-origin\" allowfullscreen><\/iframe>\n<\/div><\/figure>\n\n\n<div class=\"wp-block-image\">\n<figure class=\"aligncenter size-large\"><img loading=\"lazy\" decoding=\"async\" width=\"1024\" height=\"724\" src=\"https:\/\/francelyme.fr\/site\/wp-content\/uploads\/2025\/05\/ArtLyme-WWLP-2025-maladie-malade-proches-et-aidants-T3-PASCAL-1_rd-1024x724.jpg\" alt=\"\" class=\"wp-image-18082\" srcset=\"https:\/\/francelyme.fr\/site\/wp-content\/uploads\/2025\/05\/ArtLyme-WWLP-2025-maladie-malade-proches-et-aidants-T3-PASCAL-1_rd-1024x724.jpg 1024w, https:\/\/francelyme.fr\/site\/wp-content\/uploads\/2025\/05\/ArtLyme-WWLP-2025-maladie-malade-proches-et-aidants-T3-PASCAL-1_rd-300x212.jpg 300w, https:\/\/francelyme.fr\/site\/wp-content\/uploads\/2025\/05\/ArtLyme-WWLP-2025-maladie-malade-proches-et-aidants-T3-PASCAL-1_rd-768x543.jpg 768w, https:\/\/francelyme.fr\/site\/wp-content\/uploads\/2025\/05\/ArtLyme-WWLP-2025-maladie-malade-proches-et-aidants-T3-PASCAL-1_rd.jpg 1200w\" sizes=\"auto, (max-width: 1024px) 100vw, 1024px\" \/><\/figure>\n<\/div>\n\n\n<figure class=\"wp-block-embed aligncenter is-type-video is-provider-youtube wp-block-embed-youtube wp-embed-aspect-16-9 wp-has-aspect-ratio\"><div class=\"wp-block-embed__wrapper\">\n<iframe loading=\"lazy\" title=\"ArtLyme, vid\u00e9o th\u00e9matique sur maladie, malade, proches et aidants.\" width=\"860\" height=\"484\" src=\"https:\/\/www.youtube.com\/embed\/6EVEL6QFWKs?feature=oembed\" frameborder=\"0\" allow=\"accelerometer; autoplay; clipboard-write; encrypted-media; gyroscope; picture-in-picture; web-share\" referrerpolicy=\"strict-origin-when-cross-origin\" allowfullscreen><\/iframe>\n<\/div><\/figure>\n\n\n<div class=\"wp-block-image\">\n<figure class=\"aligncenter size-large\"><img loading=\"lazy\" decoding=\"async\" width=\"724\" height=\"1024\" src=\"https:\/\/francelyme.fr\/site\/wp-content\/uploads\/2025\/05\/ArtLyme-WWLP-2025-maladie-malade-proches-et-aidants-T3-ER-TLPC_tx-724x1024.jpg\" alt=\"\" class=\"wp-image-18083\" srcset=\"https:\/\/francelyme.fr\/site\/wp-content\/uploads\/2025\/05\/ArtLyme-WWLP-2025-maladie-malade-proches-et-aidants-T3-ER-TLPC_tx-724x1024.jpg 724w, https:\/\/francelyme.fr\/site\/wp-content\/uploads\/2025\/05\/ArtLyme-WWLP-2025-maladie-malade-proches-et-aidants-T3-ER-TLPC_tx-212x300.jpg 212w, https:\/\/francelyme.fr\/site\/wp-content\/uploads\/2025\/05\/ArtLyme-WWLP-2025-maladie-malade-proches-et-aidants-T3-ER-TLPC_tx-768x1086.jpg 768w, https:\/\/francelyme.fr\/site\/wp-content\/uploads\/2025\/05\/ArtLyme-WWLP-2025-maladie-malade-proches-et-aidants-T3-ER-TLPC_tx.jpg 795w\" sizes=\"auto, (max-width: 724px) 100vw, 724px\" \/><\/figure>\n<\/div>\n\n<div class=\"wp-block-image\">\n<figure class=\"aligncenter size-large is-resized\"><img loading=\"lazy\" decoding=\"async\" width=\"771\" height=\"1024\" src=\"https:\/\/francelyme.fr\/site\/wp-content\/uploads\/2025\/05\/ArtLyme-WWLP-2025-maladie-malade-proches-et-aidants-T3-CELINE-2_rd-771x1024.jpg\" alt=\"\" class=\"wp-image-18084\" style=\"width:771px;height:auto\" srcset=\"https:\/\/francelyme.fr\/site\/wp-content\/uploads\/2025\/05\/ArtLyme-WWLP-2025-maladie-malade-proches-et-aidants-T3-CELINE-2_rd-771x1024.jpg 771w, https:\/\/francelyme.fr\/site\/wp-content\/uploads\/2025\/05\/ArtLyme-WWLP-2025-maladie-malade-proches-et-aidants-T3-CELINE-2_rd-226x300.jpg 226w, https:\/\/francelyme.fr\/site\/wp-content\/uploads\/2025\/05\/ArtLyme-WWLP-2025-maladie-malade-proches-et-aidants-T3-CELINE-2_rd-768x1021.jpg 768w, https:\/\/francelyme.fr\/site\/wp-content\/uploads\/2025\/05\/ArtLyme-WWLP-2025-maladie-malade-proches-et-aidants-T3-CELINE-2_rd.jpg 903w\" sizes=\"auto, (max-width: 771px) 100vw, 771px\" \/><\/figure>\n<\/div>\n\n<div class=\"wp-block-image\">\n<figure class=\"aligncenter size-large\"><img loading=\"lazy\" decoding=\"async\" width=\"985\" height=\"1024\" src=\"https:\/\/francelyme.fr\/site\/wp-content\/uploads\/2025\/05\/ArtLyme-WWLP-2025-maladie-malade-proches-et-aidants-T3-CELINE-1_rd-985x1024.jpg\" alt=\"\" class=\"wp-image-18086\" srcset=\"https:\/\/francelyme.fr\/site\/wp-content\/uploads\/2025\/05\/ArtLyme-WWLP-2025-maladie-malade-proches-et-aidants-T3-CELINE-1_rd-985x1024.jpg 985w, https:\/\/francelyme.fr\/site\/wp-content\/uploads\/2025\/05\/ArtLyme-WWLP-2025-maladie-malade-proches-et-aidants-T3-CELINE-1_rd-289x300.jpg 289w, https:\/\/francelyme.fr\/site\/wp-content\/uploads\/2025\/05\/ArtLyme-WWLP-2025-maladie-malade-proches-et-aidants-T3-CELINE-1_rd-768x798.jpg 768w, https:\/\/francelyme.fr\/site\/wp-content\/uploads\/2025\/05\/ArtLyme-WWLP-2025-maladie-malade-proches-et-aidants-T3-CELINE-1_rd.jpg 1200w\" sizes=\"auto, (max-width: 985px) 100vw, 985px\" \/><\/figure>\n<\/div>\n\n<div class=\"wp-block-image\">\n<figure class=\"aligncenter size-large\"><img loading=\"lazy\" decoding=\"async\" width=\"724\" height=\"1024\" src=\"https:\/\/francelyme.fr\/site\/wp-content\/uploads\/2025\/05\/ArtLyme-WWLP-2025-maladie-malade-proches-et-aidants-T3-ANDREE-1_rd-tx-724x1024.jpg\" alt=\"\" class=\"wp-image-18087\" srcset=\"https:\/\/francelyme.fr\/site\/wp-content\/uploads\/2025\/05\/ArtLyme-WWLP-2025-maladie-malade-proches-et-aidants-T3-ANDREE-1_rd-tx-724x1024.jpg 724w, https:\/\/francelyme.fr\/site\/wp-content\/uploads\/2025\/05\/ArtLyme-WWLP-2025-maladie-malade-proches-et-aidants-T3-ANDREE-1_rd-tx-212x300.jpg 212w, https:\/\/francelyme.fr\/site\/wp-content\/uploads\/2025\/05\/ArtLyme-WWLP-2025-maladie-malade-proches-et-aidants-T3-ANDREE-1_rd-tx-768x1086.jpg 768w, https:\/\/francelyme.fr\/site\/wp-content\/uploads\/2025\/05\/ArtLyme-WWLP-2025-maladie-malade-proches-et-aidants-T3-ANDREE-1_rd-tx.jpg 849w\" sizes=\"auto, (max-width: 724px) 100vw, 724px\" \/><\/figure>\n<\/div>\n\n<div class=\"wp-block-image\">\n<figure class=\"aligncenter size-large\"><img loading=\"lazy\" decoding=\"async\" width=\"1024\" height=\"683\" src=\"https:\/\/francelyme.fr\/site\/wp-content\/uploads\/2025\/05\/ArtLyme-WWLP-2025-maladie-malade-proches-et-aidants-T3-JOHN-1_rd-1024x683.jpg\" alt=\"\" class=\"wp-image-18088\" srcset=\"https:\/\/francelyme.fr\/site\/wp-content\/uploads\/2025\/05\/ArtLyme-WWLP-2025-maladie-malade-proches-et-aidants-T3-JOHN-1_rd-1024x683.jpg 1024w, https:\/\/francelyme.fr\/site\/wp-content\/uploads\/2025\/05\/ArtLyme-WWLP-2025-maladie-malade-proches-et-aidants-T3-JOHN-1_rd-300x200.jpg 300w, https:\/\/francelyme.fr\/site\/wp-content\/uploads\/2025\/05\/ArtLyme-WWLP-2025-maladie-malade-proches-et-aidants-T3-JOHN-1_rd-768x512.jpg 768w, https:\/\/francelyme.fr\/site\/wp-content\/uploads\/2025\/05\/ArtLyme-WWLP-2025-maladie-malade-proches-et-aidants-T3-JOHN-1_rd.jpg 1200w\" sizes=\"auto, (max-width: 1024px) 100vw, 1024px\" \/><figcaption class=\"wp-element-caption\">Solitude<\/figcaption><\/figure>\n<\/div>\n\n<div class=\"wp-block-image\">\n<figure class=\"aligncenter size-large\"><img loading=\"lazy\" decoding=\"async\" width=\"1024\" height=\"768\" src=\"http:\/\/francelyme.fr\/site\/wp-content\/uploads\/2025\/05\/ArtLyme-WWLP-2025-maladie-malade-proches-et-aidants-T3-NOLWENN-1_rd-rt-1024x768.jpg\" alt=\"\" class=\"wp-image-18085\" srcset=\"https:\/\/francelyme.fr\/site\/wp-content\/uploads\/2025\/05\/ArtLyme-WWLP-2025-maladie-malade-proches-et-aidants-T3-NOLWENN-1_rd-rt-1024x768.jpg 1024w, https:\/\/francelyme.fr\/site\/wp-content\/uploads\/2025\/05\/ArtLyme-WWLP-2025-maladie-malade-proches-et-aidants-T3-NOLWENN-1_rd-rt-300x225.jpg 300w, https:\/\/francelyme.fr\/site\/wp-content\/uploads\/2025\/05\/ArtLyme-WWLP-2025-maladie-malade-proches-et-aidants-T3-NOLWENN-1_rd-rt-768x576.jpg 768w, https:\/\/francelyme.fr\/site\/wp-content\/uploads\/2025\/05\/ArtLyme-WWLP-2025-maladie-malade-proches-et-aidants-T3-NOLWENN-1_rd-rt.jpg 1200w\" sizes=\"auto, (max-width: 1024px) 100vw, 1024px\" \/><\/figure>\n<\/div>\n\n<div class=\"wp-block-image\">\n<figure class=\"aligncenter size-large\"><img loading=\"lazy\" decoding=\"async\" width=\"1024\" height=\"683\" src=\"https:\/\/francelyme.fr\/site\/wp-content\/uploads\/2025\/05\/ArtLyme-WWLP-2025-maladie-malade-proches-et-aidants-T3-FLORENCE-1-tx-v-1024x683.jpg\" alt=\"\" class=\"wp-image-18089\" srcset=\"https:\/\/francelyme.fr\/site\/wp-content\/uploads\/2025\/05\/ArtLyme-WWLP-2025-maladie-malade-proches-et-aidants-T3-FLORENCE-1-tx-v-1024x683.jpg 1024w, https:\/\/francelyme.fr\/site\/wp-content\/uploads\/2025\/05\/ArtLyme-WWLP-2025-maladie-malade-proches-et-aidants-T3-FLORENCE-1-tx-v-300x200.jpg 300w, https:\/\/francelyme.fr\/site\/wp-content\/uploads\/2025\/05\/ArtLyme-WWLP-2025-maladie-malade-proches-et-aidants-T3-FLORENCE-1-tx-v-768x512.jpg 768w, https:\/\/francelyme.fr\/site\/wp-content\/uploads\/2025\/05\/ArtLyme-WWLP-2025-maladie-malade-proches-et-aidants-T3-FLORENCE-1-tx-v.jpg 1200w\" sizes=\"auto, (max-width: 1024px) 100vw, 1024px\" \/><figcaption class=\"wp-element-caption\">\u00ab&nbsp;Malade, seul au monde&nbsp;\u00bb&nbsp;: Sympt\u00f4mes \u00e9pars, flous, Seul, on cherche un long chemin.&nbsp; Lyme, \u00e9nigme lente.&nbsp;<\/figcaption><\/figure>\n<\/div>\n\n<div class=\"wp-block-image\">\n<figure class=\"aligncenter size-large\"><img loading=\"lazy\" decoding=\"async\" width=\"532\" height=\"1024\" src=\"https:\/\/francelyme.fr\/site\/wp-content\/uploads\/2025\/05\/ArtLyme-WWLP-2025-maladie-malade-proches-et-aidants-T3-SAMUEL-3_rd-532x1024.jpg\" alt=\"\" class=\"wp-image-18090\" srcset=\"https:\/\/francelyme.fr\/site\/wp-content\/uploads\/2025\/05\/ArtLyme-WWLP-2025-maladie-malade-proches-et-aidants-T3-SAMUEL-3_rd-532x1024.jpg 532w, https:\/\/francelyme.fr\/site\/wp-content\/uploads\/2025\/05\/ArtLyme-WWLP-2025-maladie-malade-proches-et-aidants-T3-SAMUEL-3_rd-156x300.jpg 156w, https:\/\/francelyme.fr\/site\/wp-content\/uploads\/2025\/05\/ArtLyme-WWLP-2025-maladie-malade-proches-et-aidants-T3-SAMUEL-3_rd.jpg 623w\" sizes=\"auto, (max-width: 532px) 100vw, 532px\" \/><\/figure>\n<\/div>\n\n<div class=\"wp-block-image\">\n<figure class=\"aligncenter size-large\"><img loading=\"lazy\" decoding=\"async\" width=\"1024\" height=\"1024\" src=\"https:\/\/francelyme.fr\/site\/wp-content\/uploads\/2025\/05\/ArtLyme-WWLP-2025-maladie-malade-proches-et-aidants-T3-FLORENCE-2_rd-1024x1024.jpg\" alt=\"\" class=\"wp-image-18091\" srcset=\"https:\/\/francelyme.fr\/site\/wp-content\/uploads\/2025\/05\/ArtLyme-WWLP-2025-maladie-malade-proches-et-aidants-T3-FLORENCE-2_rd-1024x1024.jpg 1024w, https:\/\/francelyme.fr\/site\/wp-content\/uploads\/2025\/05\/ArtLyme-WWLP-2025-maladie-malade-proches-et-aidants-T3-FLORENCE-2_rd-300x300.jpg 300w, https:\/\/francelyme.fr\/site\/wp-content\/uploads\/2025\/05\/ArtLyme-WWLP-2025-maladie-malade-proches-et-aidants-T3-FLORENCE-2_rd-150x150.jpg 150w, https:\/\/francelyme.fr\/site\/wp-content\/uploads\/2025\/05\/ArtLyme-WWLP-2025-maladie-malade-proches-et-aidants-T3-FLORENCE-2_rd-768x768.jpg 768w, https:\/\/francelyme.fr\/site\/wp-content\/uploads\/2025\/05\/ArtLyme-WWLP-2025-maladie-malade-proches-et-aidants-T3-FLORENCE-2_rd-90x90.jpg 90w, https:\/\/francelyme.fr\/site\/wp-content\/uploads\/2025\/05\/ArtLyme-WWLP-2025-maladie-malade-proches-et-aidants-T3-FLORENCE-2_rd-75x75.jpg 75w, https:\/\/francelyme.fr\/site\/wp-content\/uploads\/2025\/05\/ArtLyme-WWLP-2025-maladie-malade-proches-et-aidants-T3-FLORENCE-2_rd.jpg 1200w\" sizes=\"auto, (max-width: 1024px) 100vw, 1024px\" \/><figcaption class=\"wp-element-caption\">Le malade doit chercher un traitement<\/figcaption><\/figure>\n<\/div>\n\n<div class=\"wp-block-image\">\n<figure class=\"aligncenter size-large\"><img loading=\"lazy\" decoding=\"async\" width=\"1024\" height=\"683\" src=\"https:\/\/francelyme.fr\/site\/wp-content\/uploads\/2025\/05\/ArtLyme-WWLP-2025-maladie-malade-proches-et-aidants-T3-JOHN-2_rd-1024x683.jpg\" alt=\"\" class=\"wp-image-18092\" srcset=\"https:\/\/francelyme.fr\/site\/wp-content\/uploads\/2025\/05\/ArtLyme-WWLP-2025-maladie-malade-proches-et-aidants-T3-JOHN-2_rd-1024x683.jpg 1024w, https:\/\/francelyme.fr\/site\/wp-content\/uploads\/2025\/05\/ArtLyme-WWLP-2025-maladie-malade-proches-et-aidants-T3-JOHN-2_rd-300x200.jpg 300w, https:\/\/francelyme.fr\/site\/wp-content\/uploads\/2025\/05\/ArtLyme-WWLP-2025-maladie-malade-proches-et-aidants-T3-JOHN-2_rd-768x512.jpg 768w, https:\/\/francelyme.fr\/site\/wp-content\/uploads\/2025\/05\/ArtLyme-WWLP-2025-maladie-malade-proches-et-aidants-T3-JOHN-2_rd.jpg 1200w\" sizes=\"auto, (max-width: 1024px) 100vw, 1024px\" \/><\/figure>\n<\/div>\n\n<div class=\"wp-block-image\">\n<figure class=\"aligncenter size-large\"><img loading=\"lazy\" decoding=\"async\" width=\"1024\" height=\"683\" src=\"https:\/\/francelyme.fr\/site\/wp-content\/uploads\/2025\/05\/ArtLyme-WWLP-2025-maladie-malade-proches-et-aidants-T3-FLORENCE-3_rd-1024x683.jpg\" alt=\"\" class=\"wp-image-18093\" srcset=\"https:\/\/francelyme.fr\/site\/wp-content\/uploads\/2025\/05\/ArtLyme-WWLP-2025-maladie-malade-proches-et-aidants-T3-FLORENCE-3_rd-1024x683.jpg 1024w, https:\/\/francelyme.fr\/site\/wp-content\/uploads\/2025\/05\/ArtLyme-WWLP-2025-maladie-malade-proches-et-aidants-T3-FLORENCE-3_rd-300x200.jpg 300w, https:\/\/francelyme.fr\/site\/wp-content\/uploads\/2025\/05\/ArtLyme-WWLP-2025-maladie-malade-proches-et-aidants-T3-FLORENCE-3_rd-768x512.jpg 768w, https:\/\/francelyme.fr\/site\/wp-content\/uploads\/2025\/05\/ArtLyme-WWLP-2025-maladie-malade-proches-et-aidants-T3-FLORENCE-3_rd.jpg 1200w\" sizes=\"auto, (max-width: 1024px) 100vw, 1024px\" \/><figcaption class=\"wp-element-caption\">Malade seul au monde<\/figcaption><\/figure>\n<\/div>\n\n<div class=\"wp-block-image\">\n<figure class=\"aligncenter size-large\"><img loading=\"lazy\" decoding=\"async\" width=\"683\" height=\"1024\" src=\"https:\/\/francelyme.fr\/site\/wp-content\/uploads\/2025\/05\/ArtLyme-WWLP-2025-maladie-malade-proches-et-aidants-T3-JOHN-4_rd-tx-v-683x1024.jpg\" alt=\"\" class=\"wp-image-18094\" srcset=\"https:\/\/francelyme.fr\/site\/wp-content\/uploads\/2025\/05\/ArtLyme-WWLP-2025-maladie-malade-proches-et-aidants-T3-JOHN-4_rd-tx-v-683x1024.jpg 683w, https:\/\/francelyme.fr\/site\/wp-content\/uploads\/2025\/05\/ArtLyme-WWLP-2025-maladie-malade-proches-et-aidants-T3-JOHN-4_rd-tx-v-200x300.jpg 200w, https:\/\/francelyme.fr\/site\/wp-content\/uploads\/2025\/05\/ArtLyme-WWLP-2025-maladie-malade-proches-et-aidants-T3-JOHN-4_rd-tx-v-768x1152.jpg 768w, https:\/\/francelyme.fr\/site\/wp-content\/uploads\/2025\/05\/ArtLyme-WWLP-2025-maladie-malade-proches-et-aidants-T3-JOHN-4_rd-tx-v.jpg 800w\" sizes=\"auto, (max-width: 683px) 100vw, 683px\" \/><\/figure>\n<\/div>\n\n<div class=\"wp-block-image\">\n<figure class=\"aligncenter size-large\"><img loading=\"lazy\" decoding=\"async\" width=\"1024\" height=\"682\" src=\"https:\/\/francelyme.fr\/site\/wp-content\/uploads\/2025\/05\/ArtLyme-WWLP-2025-maladie-malade-proches-et-aidants-T3-FLORENCE-4-tx-v-1024x682.jpg\" alt=\"\" class=\"wp-image-18095\" srcset=\"https:\/\/francelyme.fr\/site\/wp-content\/uploads\/2025\/05\/ArtLyme-WWLP-2025-maladie-malade-proches-et-aidants-T3-FLORENCE-4-tx-v-1024x682.jpg 1024w, https:\/\/francelyme.fr\/site\/wp-content\/uploads\/2025\/05\/ArtLyme-WWLP-2025-maladie-malade-proches-et-aidants-T3-FLORENCE-4-tx-v-300x200.jpg 300w, https:\/\/francelyme.fr\/site\/wp-content\/uploads\/2025\/05\/ArtLyme-WWLP-2025-maladie-malade-proches-et-aidants-T3-FLORENCE-4-tx-v-768x511.jpg 768w, https:\/\/francelyme.fr\/site\/wp-content\/uploads\/2025\/05\/ArtLyme-WWLP-2025-maladie-malade-proches-et-aidants-T3-FLORENCE-4-tx-v.jpg 1200w\" sizes=\"auto, (max-width: 1024px) 100vw, 1024px\" \/><figcaption class=\"wp-element-caption\">\u00ab&nbsp;Brouillard Mental&nbsp;\u00bb&nbsp;: Esprit embrum\u00e9, Les mots se perdent, s&rsquo;effacent. Flou dans la pens\u00e9e<\/figcaption><\/figure>\n<\/div>\n\n<div class=\"wp-block-image\">\n<figure class=\"aligncenter size-large\"><img loading=\"lazy\" decoding=\"async\" width=\"724\" height=\"1024\" src=\"https:\/\/francelyme.fr\/site\/wp-content\/uploads\/2025\/05\/ArtLyme-WWLP-2025-maladie-malade-proches-et-aidants-T3-JOHN-3_rd-724x1024.jpg\" alt=\"\" class=\"wp-image-18096\" srcset=\"https:\/\/francelyme.fr\/site\/wp-content\/uploads\/2025\/05\/ArtLyme-WWLP-2025-maladie-malade-proches-et-aidants-T3-JOHN-3_rd-724x1024.jpg 724w, https:\/\/francelyme.fr\/site\/wp-content\/uploads\/2025\/05\/ArtLyme-WWLP-2025-maladie-malade-proches-et-aidants-T3-JOHN-3_rd-212x300.jpg 212w, https:\/\/francelyme.fr\/site\/wp-content\/uploads\/2025\/05\/ArtLyme-WWLP-2025-maladie-malade-proches-et-aidants-T3-JOHN-3_rd-768x1086.jpg 768w, https:\/\/francelyme.fr\/site\/wp-content\/uploads\/2025\/05\/ArtLyme-WWLP-2025-maladie-malade-proches-et-aidants-T3-JOHN-3_rd.jpg 849w\" sizes=\"auto, (max-width: 724px) 100vw, 724px\" \/><\/figure>\n<\/div>\n\n<div class=\"wp-block-image\">\n<figure class=\"aligncenter size-full\"><img loading=\"lazy\" decoding=\"async\" width=\"800\" height=\"800\" src=\"https:\/\/francelyme.fr\/site\/wp-content\/uploads\/2025\/05\/ArtLyme-WWLP-2025-maladie-malade-proches-et-aidants-T3-ELUSIVE-RECLUSIVE-2_rd.jpg\" alt=\"\" class=\"wp-image-18097\" srcset=\"https:\/\/francelyme.fr\/site\/wp-content\/uploads\/2025\/05\/ArtLyme-WWLP-2025-maladie-malade-proches-et-aidants-T3-ELUSIVE-RECLUSIVE-2_rd.jpg 800w, https:\/\/francelyme.fr\/site\/wp-content\/uploads\/2025\/05\/ArtLyme-WWLP-2025-maladie-malade-proches-et-aidants-T3-ELUSIVE-RECLUSIVE-2_rd-300x300.jpg 300w, https:\/\/francelyme.fr\/site\/wp-content\/uploads\/2025\/05\/ArtLyme-WWLP-2025-maladie-malade-proches-et-aidants-T3-ELUSIVE-RECLUSIVE-2_rd-150x150.jpg 150w, https:\/\/francelyme.fr\/site\/wp-content\/uploads\/2025\/05\/ArtLyme-WWLP-2025-maladie-malade-proches-et-aidants-T3-ELUSIVE-RECLUSIVE-2_rd-768x768.jpg 768w, https:\/\/francelyme.fr\/site\/wp-content\/uploads\/2025\/05\/ArtLyme-WWLP-2025-maladie-malade-proches-et-aidants-T3-ELUSIVE-RECLUSIVE-2_rd-90x90.jpg 90w, https:\/\/francelyme.fr\/site\/wp-content\/uploads\/2025\/05\/ArtLyme-WWLP-2025-maladie-malade-proches-et-aidants-T3-ELUSIVE-RECLUSIVE-2_rd-75x75.jpg 75w\" sizes=\"auto, (max-width: 800px) 100vw, 800px\" \/><\/figure>\n<\/div>\n\n\n<figure class=\"wp-block-gallery has-nested-images columns-default is-cropped wp-block-gallery-6 is-layout-flex wp-block-gallery-is-layout-flex\">\n<figure class=\"wp-block-image size-large\"><img loading=\"lazy\" decoding=\"async\" width=\"768\" height=\"1024\" data-id=\"18098\" src=\"https:\/\/francelyme.fr\/site\/wp-content\/uploads\/2025\/05\/ArtLyme-WWLP-2025-maladie-malade-proches-et-aidants-T3-ELUSIVE-RECLUSIVE-3_rd-768x1024.jpg\" alt=\"\" class=\"wp-image-18098\" srcset=\"https:\/\/francelyme.fr\/site\/wp-content\/uploads\/2025\/05\/ArtLyme-WWLP-2025-maladie-malade-proches-et-aidants-T3-ELUSIVE-RECLUSIVE-3_rd-768x1024.jpg 768w, https:\/\/francelyme.fr\/site\/wp-content\/uploads\/2025\/05\/ArtLyme-WWLP-2025-maladie-malade-proches-et-aidants-T3-ELUSIVE-RECLUSIVE-3_rd-225x300.jpg 225w, https:\/\/francelyme.fr\/site\/wp-content\/uploads\/2025\/05\/ArtLyme-WWLP-2025-maladie-malade-proches-et-aidants-T3-ELUSIVE-RECLUSIVE-3_rd.jpg 900w\" sizes=\"auto, (max-width: 768px) 100vw, 768px\" \/><\/figure>\n\n\n\n<figure class=\"wp-block-image size-large\"><img loading=\"lazy\" decoding=\"async\" width=\"724\" height=\"1024\" data-id=\"18099\" src=\"https:\/\/francelyme.fr\/site\/wp-content\/uploads\/2025\/05\/ArtLyme-WWLP-2025-maladie-malade-proches-et-aidants-T3-ELUSIVE-RECLUSIVE-3_rd-tx-724x1024.jpg\" alt=\"\" class=\"wp-image-18099\" srcset=\"https:\/\/francelyme.fr\/site\/wp-content\/uploads\/2025\/05\/ArtLyme-WWLP-2025-maladie-malade-proches-et-aidants-T3-ELUSIVE-RECLUSIVE-3_rd-tx-724x1024.jpg 724w, https:\/\/francelyme.fr\/site\/wp-content\/uploads\/2025\/05\/ArtLyme-WWLP-2025-maladie-malade-proches-et-aidants-T3-ELUSIVE-RECLUSIVE-3_rd-tx-212x300.jpg 212w, https:\/\/francelyme.fr\/site\/wp-content\/uploads\/2025\/05\/ArtLyme-WWLP-2025-maladie-malade-proches-et-aidants-T3-ELUSIVE-RECLUSIVE-3_rd-tx-768x1086.jpg 768w, https:\/\/francelyme.fr\/site\/wp-content\/uploads\/2025\/05\/ArtLyme-WWLP-2025-maladie-malade-proches-et-aidants-T3-ELUSIVE-RECLUSIVE-3_rd-tx.jpg 795w\" sizes=\"auto, (max-width: 724px) 100vw, 724px\" \/><\/figure>\n<\/figure>\n\n\n<div class=\"wp-block-image\">\n<figure class=\"aligncenter size-large\"><img loading=\"lazy\" decoding=\"async\" width=\"817\" height=\"1024\" src=\"https:\/\/francelyme.fr\/site\/wp-content\/uploads\/2025\/05\/ArtLyme-WWLP-2025-maladie-malade-proches-et-aidants-T3-BENEDICTE-1_rd-817x1024.jpg\" alt=\"\" class=\"wp-image-18100\" srcset=\"https:\/\/francelyme.fr\/site\/wp-content\/uploads\/2025\/05\/ArtLyme-WWLP-2025-maladie-malade-proches-et-aidants-T3-BENEDICTE-1_rd-817x1024.jpg 817w, https:\/\/francelyme.fr\/site\/wp-content\/uploads\/2025\/05\/ArtLyme-WWLP-2025-maladie-malade-proches-et-aidants-T3-BENEDICTE-1_rd-240x300.jpg 240w, https:\/\/francelyme.fr\/site\/wp-content\/uploads\/2025\/05\/ArtLyme-WWLP-2025-maladie-malade-proches-et-aidants-T3-BENEDICTE-1_rd-768x962.jpg 768w, https:\/\/francelyme.fr\/site\/wp-content\/uploads\/2025\/05\/ArtLyme-WWLP-2025-maladie-malade-proches-et-aidants-T3-BENEDICTE-1_rd.jpg 958w\" sizes=\"auto, (max-width: 817px) 100vw, 817px\" \/><\/figure>\n<\/div>\n\n<div class=\"wp-block-image\">\n<figure class=\"aligncenter size-large\"><img loading=\"lazy\" decoding=\"async\" width=\"724\" height=\"1024\" src=\"https:\/\/francelyme.fr\/site\/wp-content\/uploads\/2025\/05\/ArtLyme-WWLP-2025-maladie-malade-proches-et-aidants-T3-ELUSIVE-RECLUSIVE-5_rd-tx-724x1024.jpg\" alt=\"\" class=\"wp-image-18101\" srcset=\"https:\/\/francelyme.fr\/site\/wp-content\/uploads\/2025\/05\/ArtLyme-WWLP-2025-maladie-malade-proches-et-aidants-T3-ELUSIVE-RECLUSIVE-5_rd-tx-724x1024.jpg 724w, https:\/\/francelyme.fr\/site\/wp-content\/uploads\/2025\/05\/ArtLyme-WWLP-2025-maladie-malade-proches-et-aidants-T3-ELUSIVE-RECLUSIVE-5_rd-tx-212x300.jpg 212w, https:\/\/francelyme.fr\/site\/wp-content\/uploads\/2025\/05\/ArtLyme-WWLP-2025-maladie-malade-proches-et-aidants-T3-ELUSIVE-RECLUSIVE-5_rd-tx-768x1086.jpg 768w, https:\/\/francelyme.fr\/site\/wp-content\/uploads\/2025\/05\/ArtLyme-WWLP-2025-maladie-malade-proches-et-aidants-T3-ELUSIVE-RECLUSIVE-5_rd-tx.jpg 795w\" sizes=\"auto, (max-width: 724px) 100vw, 724px\" \/><\/figure>\n<\/div>\n\n<div class=\"wp-block-image\">\n<figure class=\"aligncenter size-large\"><img loading=\"lazy\" decoding=\"async\" width=\"1024\" height=\"683\" src=\"https:\/\/francelyme.fr\/site\/wp-content\/uploads\/2025\/05\/ArtLyme-WWLP-2025-maladie-malade-proches-et-aidants-T3-JOHN-5_rd-tx-v-1024x683.jpg\" alt=\"\" class=\"wp-image-18102\" srcset=\"https:\/\/francelyme.fr\/site\/wp-content\/uploads\/2025\/05\/ArtLyme-WWLP-2025-maladie-malade-proches-et-aidants-T3-JOHN-5_rd-tx-v-1024x683.jpg 1024w, https:\/\/francelyme.fr\/site\/wp-content\/uploads\/2025\/05\/ArtLyme-WWLP-2025-maladie-malade-proches-et-aidants-T3-JOHN-5_rd-tx-v-300x200.jpg 300w, https:\/\/francelyme.fr\/site\/wp-content\/uploads\/2025\/05\/ArtLyme-WWLP-2025-maladie-malade-proches-et-aidants-T3-JOHN-5_rd-tx-v-768x512.jpg 768w, https:\/\/francelyme.fr\/site\/wp-content\/uploads\/2025\/05\/ArtLyme-WWLP-2025-maladie-malade-proches-et-aidants-T3-JOHN-5_rd-tx-v.jpg 1200w\" sizes=\"auto, (max-width: 1024px) 100vw, 1024px\" \/><\/figure>\n<\/div>\n\n\n<figure class=\"wp-block-gallery has-nested-images columns-default is-cropped wp-block-gallery-7 is-layout-flex wp-block-gallery-is-layout-flex\">\n<figure class=\"wp-block-image size-large\"><img loading=\"lazy\" decoding=\"async\" width=\"768\" height=\"1024\" data-id=\"18103\" src=\"https:\/\/francelyme.fr\/site\/wp-content\/uploads\/2025\/05\/ArtLyme-WWLP-2025-maladie-malade-proches-et-aidants-T3-ELUSIVE-RECLUSIVE-4_rd-768x1024.jpg\" alt=\"\" class=\"wp-image-18103\" srcset=\"https:\/\/francelyme.fr\/site\/wp-content\/uploads\/2025\/05\/ArtLyme-WWLP-2025-maladie-malade-proches-et-aidants-T3-ELUSIVE-RECLUSIVE-4_rd-768x1024.jpg 768w, https:\/\/francelyme.fr\/site\/wp-content\/uploads\/2025\/05\/ArtLyme-WWLP-2025-maladie-malade-proches-et-aidants-T3-ELUSIVE-RECLUSIVE-4_rd-225x300.jpg 225w, https:\/\/francelyme.fr\/site\/wp-content\/uploads\/2025\/05\/ArtLyme-WWLP-2025-maladie-malade-proches-et-aidants-T3-ELUSIVE-RECLUSIVE-4_rd.jpg 900w\" sizes=\"auto, (max-width: 768px) 100vw, 768px\" \/><\/figure>\n\n\n\n<figure class=\"wp-block-image size-large\"><img loading=\"lazy\" decoding=\"async\" width=\"724\" height=\"1024\" data-id=\"18104\" src=\"https:\/\/francelyme.fr\/site\/wp-content\/uploads\/2025\/05\/ArtLyme-WWLP-2025-maladie-malade-proches-et-aidants-T3-ELUSIVE-RECLUSIVE-4_rd-tx-724x1024.jpg\" alt=\"\" class=\"wp-image-18104\" srcset=\"https:\/\/francelyme.fr\/site\/wp-content\/uploads\/2025\/05\/ArtLyme-WWLP-2025-maladie-malade-proches-et-aidants-T3-ELUSIVE-RECLUSIVE-4_rd-tx-724x1024.jpg 724w, https:\/\/francelyme.fr\/site\/wp-content\/uploads\/2025\/05\/ArtLyme-WWLP-2025-maladie-malade-proches-et-aidants-T3-ELUSIVE-RECLUSIVE-4_rd-tx-212x300.jpg 212w, https:\/\/francelyme.fr\/site\/wp-content\/uploads\/2025\/05\/ArtLyme-WWLP-2025-maladie-malade-proches-et-aidants-T3-ELUSIVE-RECLUSIVE-4_rd-tx-768x1086.jpg 768w, https:\/\/francelyme.fr\/site\/wp-content\/uploads\/2025\/05\/ArtLyme-WWLP-2025-maladie-malade-proches-et-aidants-T3-ELUSIVE-RECLUSIVE-4_rd-tx.jpg 795w\" sizes=\"auto, (max-width: 724px) 100vw, 724px\" \/><\/figure>\n<\/figure>\n\n\n\n<div class=\"wp-block-media-text has-media-on-the-right is-stacked-on-mobile\"><div class=\"wp-block-media-text__content\">\n<h2 class=\"wp-block-heading\">Th\u00e9matique 4 : m\u00e9decins bons et mauvais cot\u00e9s<\/h2>\n<\/div><figure class=\"wp-block-media-text__media\"><img loading=\"lazy\" decoding=\"async\" width=\"1024\" height=\"768\" src=\"https:\/\/francelyme.fr\/site\/wp-content\/uploads\/2025\/05\/ArtLyme-WWLP-2025-medecins-bons-et-mauvais-cotes-T4-ELUSIVE-RECLUSIVE-1_rd-T-1024x768.jpg\" alt=\"\" class=\"wp-image-18105 size-full\" srcset=\"https:\/\/francelyme.fr\/site\/wp-content\/uploads\/2025\/05\/ArtLyme-WWLP-2025-medecins-bons-et-mauvais-cotes-T4-ELUSIVE-RECLUSIVE-1_rd-T-1024x768.jpg 1024w, https:\/\/francelyme.fr\/site\/wp-content\/uploads\/2025\/05\/ArtLyme-WWLP-2025-medecins-bons-et-mauvais-cotes-T4-ELUSIVE-RECLUSIVE-1_rd-T-300x225.jpg 300w, https:\/\/francelyme.fr\/site\/wp-content\/uploads\/2025\/05\/ArtLyme-WWLP-2025-medecins-bons-et-mauvais-cotes-T4-ELUSIVE-RECLUSIVE-1_rd-T-768x576.jpg 768w, https:\/\/francelyme.fr\/site\/wp-content\/uploads\/2025\/05\/ArtLyme-WWLP-2025-medecins-bons-et-mauvais-cotes-T4-ELUSIVE-RECLUSIVE-1_rd-T.jpg 1200w\" sizes=\"auto, (max-width: 1024px) 100vw, 1024px\" \/><\/figure><\/div>\n\n\n\n<figure class=\"wp-block-embed aligncenter is-type-video is-provider-youtube wp-block-embed-youtube wp-embed-aspect-4-3 wp-has-aspect-ratio\"><div class=\"wp-block-embed__wrapper\">\n<iframe loading=\"lazy\" title=\"ArtLyme, vid\u00e9o th\u00e9matique, m\u00e9decins, bons et mauvais c\u00f4t\u00e9s\" width=\"860\" height=\"645\" src=\"https:\/\/www.youtube.com\/embed\/wzc7cvs2iaA?feature=oembed\" frameborder=\"0\" allow=\"accelerometer; autoplay; clipboard-write; encrypted-media; gyroscope; picture-in-picture; web-share\" referrerpolicy=\"strict-origin-when-cross-origin\" allowfullscreen><\/iframe>\n<\/div><\/figure>\n\n\n<div class=\"wp-block-image\">\n<figure class=\"aligncenter size-large\"><img loading=\"lazy\" decoding=\"async\" width=\"719\" height=\"1024\" src=\"http:\/\/francelyme.fr\/site\/wp-content\/uploads\/2025\/05\/ArtLyme-WWLP-2025-medecins-bons-et-mauvais-cotes-T4-CELINE-1_rd-719x1024.jpg\" alt=\"\" class=\"wp-image-18109\" srcset=\"https:\/\/francelyme.fr\/site\/wp-content\/uploads\/2025\/05\/ArtLyme-WWLP-2025-medecins-bons-et-mauvais-cotes-T4-CELINE-1_rd-719x1024.jpg 719w, https:\/\/francelyme.fr\/site\/wp-content\/uploads\/2025\/05\/ArtLyme-WWLP-2025-medecins-bons-et-mauvais-cotes-T4-CELINE-1_rd-211x300.jpg 211w, https:\/\/francelyme.fr\/site\/wp-content\/uploads\/2025\/05\/ArtLyme-WWLP-2025-medecins-bons-et-mauvais-cotes-T4-CELINE-1_rd-768x1093.jpg 768w, https:\/\/francelyme.fr\/site\/wp-content\/uploads\/2025\/05\/ArtLyme-WWLP-2025-medecins-bons-et-mauvais-cotes-T4-CELINE-1_rd.jpg 843w\" sizes=\"auto, (max-width: 719px) 100vw, 719px\" \/><\/figure>\n<\/div>\n\n<div class=\"wp-block-image\">\n<figure class=\"aligncenter size-full\"><img loading=\"lazy\" decoding=\"async\" width=\"600\" height=\"800\" src=\"http:\/\/francelyme.fr\/site\/wp-content\/uploads\/2025\/05\/ArtLyme-WWLP-2025-medecins-bons-et-mauvais-cotes-T4-ELUSIVE-RECLUSIVE-2_rd.jpg\" alt=\"\" class=\"wp-image-18112\" srcset=\"https:\/\/francelyme.fr\/site\/wp-content\/uploads\/2025\/05\/ArtLyme-WWLP-2025-medecins-bons-et-mauvais-cotes-T4-ELUSIVE-RECLUSIVE-2_rd.jpg 600w, https:\/\/francelyme.fr\/site\/wp-content\/uploads\/2025\/05\/ArtLyme-WWLP-2025-medecins-bons-et-mauvais-cotes-T4-ELUSIVE-RECLUSIVE-2_rd-225x300.jpg 225w\" sizes=\"auto, (max-width: 600px) 100vw, 600px\" \/><\/figure>\n<\/div>\n\n<div class=\"wp-block-image\">\n<figure class=\"aligncenter size-large\"><img loading=\"lazy\" decoding=\"async\" width=\"1024\" height=\"682\" src=\"http:\/\/francelyme.fr\/site\/wp-content\/uploads\/2025\/05\/ArtLyme-WWLP-2025-medecins-bons-et-mauvais-cotes-T4-FLORENCE-1-tx-v-1024x682.jpg\" alt=\"\" class=\"wp-image-18125\" srcset=\"https:\/\/francelyme.fr\/site\/wp-content\/uploads\/2025\/05\/ArtLyme-WWLP-2025-medecins-bons-et-mauvais-cotes-T4-FLORENCE-1-tx-v-1024x682.jpg 1024w, https:\/\/francelyme.fr\/site\/wp-content\/uploads\/2025\/05\/ArtLyme-WWLP-2025-medecins-bons-et-mauvais-cotes-T4-FLORENCE-1-tx-v-300x200.jpg 300w, https:\/\/francelyme.fr\/site\/wp-content\/uploads\/2025\/05\/ArtLyme-WWLP-2025-medecins-bons-et-mauvais-cotes-T4-FLORENCE-1-tx-v-768x511.jpg 768w, https:\/\/francelyme.fr\/site\/wp-content\/uploads\/2025\/05\/ArtLyme-WWLP-2025-medecins-bons-et-mauvais-cotes-T4-FLORENCE-1-tx-v.jpg 1200w\" sizes=\"auto, (max-width: 1024px) 100vw, 1024px\" \/><figcaption class=\"wp-element-caption\">Les m\u00e9decins doivent se tourner vers la lumi\u00e8re, le savoir (en r\u00e9f\u00e9rence \u00e0 l&rsquo;all\u00e9gorie de la caverne de Platon)&nbsp;: Dans l&rsquo;ombre des maux, M\u00e9decins cherchent la lumi\u00e8re.&nbsp; V\u00e9rit\u00e9 s\u2019\u00e9claire.&nbsp;<\/figcaption><\/figure>\n<\/div>\n\n<div class=\"wp-block-image\">\n<figure class=\"aligncenter size-large\"><img loading=\"lazy\" decoding=\"async\" width=\"724\" height=\"1024\" src=\"http:\/\/francelyme.fr\/site\/wp-content\/uploads\/2025\/05\/ArtLyme-WWLP-2025-medecins-bons-et-mauvais-cotes-T4-ELUSIVE-RECLUSIVE-8_rd-tx-724x1024.jpg\" alt=\"\" class=\"wp-image-18121\" srcset=\"https:\/\/francelyme.fr\/site\/wp-content\/uploads\/2025\/05\/ArtLyme-WWLP-2025-medecins-bons-et-mauvais-cotes-T4-ELUSIVE-RECLUSIVE-8_rd-tx-724x1024.jpg 724w, https:\/\/francelyme.fr\/site\/wp-content\/uploads\/2025\/05\/ArtLyme-WWLP-2025-medecins-bons-et-mauvais-cotes-T4-ELUSIVE-RECLUSIVE-8_rd-tx-212x300.jpg 212w, https:\/\/francelyme.fr\/site\/wp-content\/uploads\/2025\/05\/ArtLyme-WWLP-2025-medecins-bons-et-mauvais-cotes-T4-ELUSIVE-RECLUSIVE-8_rd-tx-768x1086.jpg 768w, https:\/\/francelyme.fr\/site\/wp-content\/uploads\/2025\/05\/ArtLyme-WWLP-2025-medecins-bons-et-mauvais-cotes-T4-ELUSIVE-RECLUSIVE-8_rd-tx.jpg 795w\" sizes=\"auto, (max-width: 724px) 100vw, 724px\" \/><\/figure>\n<\/div>\n\n<div class=\"wp-block-image\">\n<figure class=\"aligncenter size-large\"><img loading=\"lazy\" decoding=\"async\" width=\"1024\" height=\"724\" src=\"http:\/\/francelyme.fr\/site\/wp-content\/uploads\/2025\/05\/ArtLyme-WWLP-2025-medecins-bons-et-mauvais-cotes-T4-PASCAL-1_rd-1024x724.jpg\" alt=\"\" class=\"wp-image-18127\" srcset=\"https:\/\/francelyme.fr\/site\/wp-content\/uploads\/2025\/05\/ArtLyme-WWLP-2025-medecins-bons-et-mauvais-cotes-T4-PASCAL-1_rd-1024x724.jpg 1024w, https:\/\/francelyme.fr\/site\/wp-content\/uploads\/2025\/05\/ArtLyme-WWLP-2025-medecins-bons-et-mauvais-cotes-T4-PASCAL-1_rd-300x212.jpg 300w, https:\/\/francelyme.fr\/site\/wp-content\/uploads\/2025\/05\/ArtLyme-WWLP-2025-medecins-bons-et-mauvais-cotes-T4-PASCAL-1_rd-768x543.jpg 768w, https:\/\/francelyme.fr\/site\/wp-content\/uploads\/2025\/05\/ArtLyme-WWLP-2025-medecins-bons-et-mauvais-cotes-T4-PASCAL-1_rd.jpg 1200w\" sizes=\"auto, (max-width: 1024px) 100vw, 1024px\" \/><\/figure>\n<\/div>\n\n<div class=\"wp-block-image\">\n<figure class=\"aligncenter size-large\"><img loading=\"lazy\" decoding=\"async\" width=\"739\" height=\"1024\" src=\"http:\/\/francelyme.fr\/site\/wp-content\/uploads\/2025\/05\/ArtLyme-WWLP-2025-medecins-bons-et-mauvais-cotes-T4-ELUSIVE-RECLUSIVE-3_rd-739x1024.jpg\" alt=\"\" class=\"wp-image-18113\" srcset=\"https:\/\/francelyme.fr\/site\/wp-content\/uploads\/2025\/05\/ArtLyme-WWLP-2025-medecins-bons-et-mauvais-cotes-T4-ELUSIVE-RECLUSIVE-3_rd-739x1024.jpg 739w, https:\/\/francelyme.fr\/site\/wp-content\/uploads\/2025\/05\/ArtLyme-WWLP-2025-medecins-bons-et-mauvais-cotes-T4-ELUSIVE-RECLUSIVE-3_rd-217x300.jpg 217w, https:\/\/francelyme.fr\/site\/wp-content\/uploads\/2025\/05\/ArtLyme-WWLP-2025-medecins-bons-et-mauvais-cotes-T4-ELUSIVE-RECLUSIVE-3_rd-768x1064.jpg 768w, https:\/\/francelyme.fr\/site\/wp-content\/uploads\/2025\/05\/ArtLyme-WWLP-2025-medecins-bons-et-mauvais-cotes-T4-ELUSIVE-RECLUSIVE-3_rd.jpg 866w\" sizes=\"auto, (max-width: 739px) 100vw, 739px\" \/><\/figure>\n<\/div>\n\n\n<figure class=\"wp-block-gallery has-nested-images columns-default is-cropped wp-block-gallery-8 is-layout-flex wp-block-gallery-is-layout-flex\">\n<figure class=\"wp-block-image size-large\"><img loading=\"lazy\" decoding=\"async\" width=\"724\" height=\"1024\" data-id=\"18107\" src=\"https:\/\/francelyme.fr\/site\/wp-content\/uploads\/2025\/05\/ArtLyme-WWLP-2025-medecins-bons-et-mauvais-cotes-T4-BENEDICTE-1_rd-1-724x1024.jpg\" alt=\"\" class=\"wp-image-18107\" srcset=\"https:\/\/francelyme.fr\/site\/wp-content\/uploads\/2025\/05\/ArtLyme-WWLP-2025-medecins-bons-et-mauvais-cotes-T4-BENEDICTE-1_rd-1-724x1024.jpg 724w, https:\/\/francelyme.fr\/site\/wp-content\/uploads\/2025\/05\/ArtLyme-WWLP-2025-medecins-bons-et-mauvais-cotes-T4-BENEDICTE-1_rd-1-212x300.jpg 212w, https:\/\/francelyme.fr\/site\/wp-content\/uploads\/2025\/05\/ArtLyme-WWLP-2025-medecins-bons-et-mauvais-cotes-T4-BENEDICTE-1_rd-1-768x1087.jpg 768w, https:\/\/francelyme.fr\/site\/wp-content\/uploads\/2025\/05\/ArtLyme-WWLP-2025-medecins-bons-et-mauvais-cotes-T4-BENEDICTE-1_rd-1.jpg 848w\" sizes=\"auto, (max-width: 724px) 100vw, 724px\" \/><\/figure>\n\n\n\n<figure class=\"wp-block-image size-large\"><img loading=\"lazy\" decoding=\"async\" width=\"724\" height=\"1024\" data-id=\"18108\" src=\"https:\/\/francelyme.fr\/site\/wp-content\/uploads\/2025\/05\/ArtLyme-WWLP-2025-medecins-bons-et-mauvais-cotes-T4-BENEDICTE-1_rd-2-724x1024.jpg\" alt=\"\" class=\"wp-image-18108\" srcset=\"https:\/\/francelyme.fr\/site\/wp-content\/uploads\/2025\/05\/ArtLyme-WWLP-2025-medecins-bons-et-mauvais-cotes-T4-BENEDICTE-1_rd-2-724x1024.jpg 724w, https:\/\/francelyme.fr\/site\/wp-content\/uploads\/2025\/05\/ArtLyme-WWLP-2025-medecins-bons-et-mauvais-cotes-T4-BENEDICTE-1_rd-2-212x300.jpg 212w, https:\/\/francelyme.fr\/site\/wp-content\/uploads\/2025\/05\/ArtLyme-WWLP-2025-medecins-bons-et-mauvais-cotes-T4-BENEDICTE-1_rd-2-768x1086.jpg 768w, https:\/\/francelyme.fr\/site\/wp-content\/uploads\/2025\/05\/ArtLyme-WWLP-2025-medecins-bons-et-mauvais-cotes-T4-BENEDICTE-1_rd-2.jpg 794w\" sizes=\"auto, (max-width: 724px) 100vw, 724px\" \/><\/figure>\n<\/figure>\n\n\n\n<p>Les larmes de Lyme chronique<\/p>\n\n\n\n<figure class=\"wp-block-audio\"><audio controls src=\"http:\/\/francelyme.fr\/site\/wp-content\/uploads\/2025\/05\/ArtLyme%20WWLP%202025%20m%C3%A9decins%2C%20bons%20et%20mauvais%20c%C3%B4t%C3%A9s%20T4-BENEDICTE-1-AUD.m4a\"><\/audio><\/figure>\n\n\n<div class=\"wp-block-image\">\n<figure class=\"aligncenter size-large\"><img loading=\"lazy\" decoding=\"async\" width=\"800\" height=\"783\" src=\"https:\/\/francelyme.fr\/site\/wp-content\/uploads\/2025\/05\/ArtLyme-WWLP-2025-medecins-bons-et-mauvais-cotes-T4-ELUSIVE-RECLUSIVE-4_rd.jpg\" alt=\"\" class=\"wp-image-18114\" srcset=\"https:\/\/francelyme.fr\/site\/wp-content\/uploads\/2025\/05\/ArtLyme-WWLP-2025-medecins-bons-et-mauvais-cotes-T4-ELUSIVE-RECLUSIVE-4_rd.jpg 800w, https:\/\/francelyme.fr\/site\/wp-content\/uploads\/2025\/05\/ArtLyme-WWLP-2025-medecins-bons-et-mauvais-cotes-T4-ELUSIVE-RECLUSIVE-4_rd-300x294.jpg 300w, https:\/\/francelyme.fr\/site\/wp-content\/uploads\/2025\/05\/ArtLyme-WWLP-2025-medecins-bons-et-mauvais-cotes-T4-ELUSIVE-RECLUSIVE-4_rd-768x752.jpg 768w\" sizes=\"auto, (max-width: 800px) 100vw, 800px\" \/><\/figure>\n<\/div>\n\n<div class=\"wp-block-image\">\n<figure class=\"aligncenter size-large\"><img loading=\"lazy\" decoding=\"async\" width=\"724\" height=\"1024\" src=\"https:\/\/francelyme.fr\/site\/wp-content\/uploads\/2025\/05\/ArtLyme-WWLP-2025-medecins-bons-et-mauvais-cotes-T4-ELUSIVE-RECLUSIVE-4_rd-tx-724x1024.jpg\" alt=\"\" class=\"wp-image-18115\" srcset=\"https:\/\/francelyme.fr\/site\/wp-content\/uploads\/2025\/05\/ArtLyme-WWLP-2025-medecins-bons-et-mauvais-cotes-T4-ELUSIVE-RECLUSIVE-4_rd-tx-724x1024.jpg 724w, https:\/\/francelyme.fr\/site\/wp-content\/uploads\/2025\/05\/ArtLyme-WWLP-2025-medecins-bons-et-mauvais-cotes-T4-ELUSIVE-RECLUSIVE-4_rd-tx-212x300.jpg 212w, https:\/\/francelyme.fr\/site\/wp-content\/uploads\/2025\/05\/ArtLyme-WWLP-2025-medecins-bons-et-mauvais-cotes-T4-ELUSIVE-RECLUSIVE-4_rd-tx-768x1086.jpg 768w, https:\/\/francelyme.fr\/site\/wp-content\/uploads\/2025\/05\/ArtLyme-WWLP-2025-medecins-bons-et-mauvais-cotes-T4-ELUSIVE-RECLUSIVE-4_rd-tx.jpg 795w\" sizes=\"auto, (max-width: 724px) 100vw, 724px\" \/><\/figure>\n<\/div>\n\n<div class=\"wp-block-image\">\n<figure class=\"aligncenter size-large\"><img loading=\"lazy\" decoding=\"async\" width=\"1024\" height=\"683\" src=\"http:\/\/francelyme.fr\/site\/wp-content\/uploads\/2025\/05\/ArtLyme-WWLP-2025-medecins-bons-et-mauvais-cotes-T4-FLORENCE-2-tx-v-1024x683.jpg\" alt=\"\" class=\"wp-image-18126\" srcset=\"https:\/\/francelyme.fr\/site\/wp-content\/uploads\/2025\/05\/ArtLyme-WWLP-2025-medecins-bons-et-mauvais-cotes-T4-FLORENCE-2-tx-v-1024x683.jpg 1024w, https:\/\/francelyme.fr\/site\/wp-content\/uploads\/2025\/05\/ArtLyme-WWLP-2025-medecins-bons-et-mauvais-cotes-T4-FLORENCE-2-tx-v-300x200.jpg 300w, https:\/\/francelyme.fr\/site\/wp-content\/uploads\/2025\/05\/ArtLyme-WWLP-2025-medecins-bons-et-mauvais-cotes-T4-FLORENCE-2-tx-v-768x512.jpg 768w, https:\/\/francelyme.fr\/site\/wp-content\/uploads\/2025\/05\/ArtLyme-WWLP-2025-medecins-bons-et-mauvais-cotes-T4-FLORENCE-2-tx-v.jpg 1200w\" sizes=\"auto, (max-width: 1024px) 100vw, 1024px\" \/><figcaption class=\"wp-element-caption\">Accueil glacial des me\u0301decins&nbsp;: Regard glac\u00e9, froid, Les mots tranchent sans \u00e9cho. Souffrance ni\u00e9e<\/figcaption><\/figure>\n<\/div>\n\n\n<figure class=\"wp-block-embed aligncenter is-type-video is-provider-youtube wp-block-embed-youtube wp-embed-aspect-16-9 wp-has-aspect-ratio\"><div class=\"wp-block-embed__wrapper\">\n<iframe loading=\"lazy\" title=\"ArtLyme, vid\u00e9o th\u00e9matique sur les m\u00e9decins, bons et mauvais c\u00f4t\u00e9s\" width=\"860\" height=\"484\" src=\"https:\/\/www.youtube.com\/embed\/R_x-iWJYs8A?feature=oembed\" frameborder=\"0\" allow=\"accelerometer; autoplay; clipboard-write; encrypted-media; gyroscope; picture-in-picture; web-share\" referrerpolicy=\"strict-origin-when-cross-origin\" allowfullscreen><\/iframe>\n<\/div><\/figure>\n\n\n<div class=\"wp-block-image\">\n<figure class=\"aligncenter size-large\"><img loading=\"lazy\" decoding=\"async\" width=\"724\" height=\"1024\" src=\"http:\/\/francelyme.fr\/site\/wp-content\/uploads\/2025\/05\/ArtLyme-WWLP-2025-medecins-bons-et-mauvais-cotes-T4-ER-LNPC_tx-724x1024.jpg\" alt=\"\" class=\"wp-image-18124\" srcset=\"https:\/\/francelyme.fr\/site\/wp-content\/uploads\/2025\/05\/ArtLyme-WWLP-2025-medecins-bons-et-mauvais-cotes-T4-ER-LNPC_tx-724x1024.jpg 724w, https:\/\/francelyme.fr\/site\/wp-content\/uploads\/2025\/05\/ArtLyme-WWLP-2025-medecins-bons-et-mauvais-cotes-T4-ER-LNPC_tx-212x300.jpg 212w, https:\/\/francelyme.fr\/site\/wp-content\/uploads\/2025\/05\/ArtLyme-WWLP-2025-medecins-bons-et-mauvais-cotes-T4-ER-LNPC_tx-768x1086.jpg 768w, https:\/\/francelyme.fr\/site\/wp-content\/uploads\/2025\/05\/ArtLyme-WWLP-2025-medecins-bons-et-mauvais-cotes-T4-ER-LNPC_tx.jpg 795w\" sizes=\"auto, (max-width: 724px) 100vw, 724px\" \/><\/figure>\n<\/div>\n\n<div class=\"wp-block-image\">\n<figure class=\"aligncenter size-large\"><img loading=\"lazy\" decoding=\"async\" width=\"1024\" height=\"724\" src=\"http:\/\/francelyme.fr\/site\/wp-content\/uploads\/2025\/05\/ArtLyme-WWLP-2025-medecins-bons-et-mauvais-cotes-T4-PASCAL-2_rd-1024x724.jpg\" alt=\"\" class=\"wp-image-18128\" srcset=\"https:\/\/francelyme.fr\/site\/wp-content\/uploads\/2025\/05\/ArtLyme-WWLP-2025-medecins-bons-et-mauvais-cotes-T4-PASCAL-2_rd-1024x724.jpg 1024w, https:\/\/francelyme.fr\/site\/wp-content\/uploads\/2025\/05\/ArtLyme-WWLP-2025-medecins-bons-et-mauvais-cotes-T4-PASCAL-2_rd-300x212.jpg 300w, https:\/\/francelyme.fr\/site\/wp-content\/uploads\/2025\/05\/ArtLyme-WWLP-2025-medecins-bons-et-mauvais-cotes-T4-PASCAL-2_rd-768x543.jpg 768w, https:\/\/francelyme.fr\/site\/wp-content\/uploads\/2025\/05\/ArtLyme-WWLP-2025-medecins-bons-et-mauvais-cotes-T4-PASCAL-2_rd.jpg 1200w\" sizes=\"auto, (max-width: 1024px) 100vw, 1024px\" \/><\/figure>\n<\/div>\n\n<div class=\"wp-block-image\">\n<figure class=\"aligncenter size-full\"><img loading=\"lazy\" decoding=\"async\" width=\"661\" height=\"800\" src=\"http:\/\/francelyme.fr\/site\/wp-content\/uploads\/2025\/05\/ArtLyme-WWLP-2025-medecins-bons-et-mauvais-cotes-T4-ELUSIVE-RECLUSIVE-5_rd.jpg\" alt=\"\" class=\"wp-image-18116\" srcset=\"https:\/\/francelyme.fr\/site\/wp-content\/uploads\/2025\/05\/ArtLyme-WWLP-2025-medecins-bons-et-mauvais-cotes-T4-ELUSIVE-RECLUSIVE-5_rd.jpg 661w, https:\/\/francelyme.fr\/site\/wp-content\/uploads\/2025\/05\/ArtLyme-WWLP-2025-medecins-bons-et-mauvais-cotes-T4-ELUSIVE-RECLUSIVE-5_rd-248x300.jpg 248w\" sizes=\"auto, (max-width: 661px) 100vw, 661px\" \/><\/figure>\n<\/div>\n\n<div class=\"wp-block-image\">\n<figure class=\"aligncenter size-large\"><img loading=\"lazy\" decoding=\"async\" width=\"724\" height=\"1024\" src=\"http:\/\/francelyme.fr\/site\/wp-content\/uploads\/2025\/05\/ArtLyme-WWLP-2025-medecins-bons-et-mauvais-cotes-T4-ELUSIVE-RECLUSIVE-5_rd-tx-724x1024.jpg\" alt=\"\" class=\"wp-image-18117\" srcset=\"https:\/\/francelyme.fr\/site\/wp-content\/uploads\/2025\/05\/ArtLyme-WWLP-2025-medecins-bons-et-mauvais-cotes-T4-ELUSIVE-RECLUSIVE-5_rd-tx-724x1024.jpg 724w, https:\/\/francelyme.fr\/site\/wp-content\/uploads\/2025\/05\/ArtLyme-WWLP-2025-medecins-bons-et-mauvais-cotes-T4-ELUSIVE-RECLUSIVE-5_rd-tx-212x300.jpg 212w, https:\/\/francelyme.fr\/site\/wp-content\/uploads\/2025\/05\/ArtLyme-WWLP-2025-medecins-bons-et-mauvais-cotes-T4-ELUSIVE-RECLUSIVE-5_rd-tx-768x1086.jpg 768w, https:\/\/francelyme.fr\/site\/wp-content\/uploads\/2025\/05\/ArtLyme-WWLP-2025-medecins-bons-et-mauvais-cotes-T4-ELUSIVE-RECLUSIVE-5_rd-tx.jpg 795w\" sizes=\"auto, (max-width: 724px) 100vw, 724px\" \/><\/figure>\n<\/div>\n\n<div class=\"wp-block-image\">\n<figure class=\"aligncenter size-large\"><img loading=\"lazy\" decoding=\"async\" width=\"718\" height=\"1024\" src=\"http:\/\/francelyme.fr\/site\/wp-content\/uploads\/2025\/05\/ArtLyme-WWLP-2025-medecins-bons-et-mauvais-cotes-T4-CELINE-2_rd-718x1024.jpg\" alt=\"\" class=\"wp-image-18110\" srcset=\"https:\/\/francelyme.fr\/site\/wp-content\/uploads\/2025\/05\/ArtLyme-WWLP-2025-medecins-bons-et-mauvais-cotes-T4-CELINE-2_rd-718x1024.jpg 718w, https:\/\/francelyme.fr\/site\/wp-content\/uploads\/2025\/05\/ArtLyme-WWLP-2025-medecins-bons-et-mauvais-cotes-T4-CELINE-2_rd-210x300.jpg 210w, https:\/\/francelyme.fr\/site\/wp-content\/uploads\/2025\/05\/ArtLyme-WWLP-2025-medecins-bons-et-mauvais-cotes-T4-CELINE-2_rd-768x1096.jpg 768w, https:\/\/francelyme.fr\/site\/wp-content\/uploads\/2025\/05\/ArtLyme-WWLP-2025-medecins-bons-et-mauvais-cotes-T4-CELINE-2_rd.jpg 841w\" sizes=\"auto, (max-width: 718px) 100vw, 718px\" \/><\/figure>\n<\/div>\n\n<div class=\"wp-block-image\">\n<figure class=\"aligncenter size-large\"><img loading=\"lazy\" decoding=\"async\" width=\"1024\" height=\"640\" src=\"http:\/\/francelyme.fr\/site\/wp-content\/uploads\/2025\/05\/ArtLyme-WWLP-2025-medecins-bons-et-mauvais-cotes-T4-ELUSIVE-RECLUSIVE-6_rd-1024x640.jpg\" alt=\"\" class=\"wp-image-18118\" srcset=\"https:\/\/francelyme.fr\/site\/wp-content\/uploads\/2025\/05\/ArtLyme-WWLP-2025-medecins-bons-et-mauvais-cotes-T4-ELUSIVE-RECLUSIVE-6_rd-1024x640.jpg 1024w, https:\/\/francelyme.fr\/site\/wp-content\/uploads\/2025\/05\/ArtLyme-WWLP-2025-medecins-bons-et-mauvais-cotes-T4-ELUSIVE-RECLUSIVE-6_rd-300x188.jpg 300w, https:\/\/francelyme.fr\/site\/wp-content\/uploads\/2025\/05\/ArtLyme-WWLP-2025-medecins-bons-et-mauvais-cotes-T4-ELUSIVE-RECLUSIVE-6_rd-768x480.jpg 768w, https:\/\/francelyme.fr\/site\/wp-content\/uploads\/2025\/05\/ArtLyme-WWLP-2025-medecins-bons-et-mauvais-cotes-T4-ELUSIVE-RECLUSIVE-6_rd.jpg 1200w\" sizes=\"auto, (max-width: 1024px) 100vw, 1024px\" \/><figcaption class=\"wp-element-caption\">\u00ab\u00a0Titre: non assistance<br>Lorsque les plaintes et cris des malades en souffrance<br>Trouvent comme seul \u00e9cho m\u00e9pris, indiff\u00e9rence,<br>Et regards entendus, et sourires narquois,<br>Comptes-rendus sordides en r\u00e9ponse aux \u201cpourquoi\u201d:<br>Non-assistance \u00e0 malades en danger !<br>Lorsqu\u2019un parcours de vie se r\u00e9sume \u00e0 l\u2019errance<br>Et d\u2019un couloir \u00e0 l\u2019autre, et puis de cases en cases,<br>Jusqu\u2019au faux diagnostics ayant leur pr\u00e9f\u00e9rence ;<br>De l\u2019\u00e9coute empathique ils ont fait table rase.<br>Non-assistance \u00e0 malades en danger !<br>Lorsque, \u00e0 bout de course, faute de main tendue,<br>Parce que l\u2019omerta r\u00e8gne depuis des d\u00e9cennies,<br>Faute de soins et d\u2019\u00eatre simplement entendus<br>Des vies bris\u00e9es s\u2019ach\u00e8vent dans le plus grand d\u00e9ni.<br>Non-assistance \u00e0 malades en danger !<br>Lorsque sous le tapis on planque les borr\u00e9lioses,<br>Quand le profit l\u2019emporte sur l\u2019envie de soigner,<br>Quand il est plus rentable d\u2019ignorer nos zoonoses,<br>Et maintenir les patients dans la chronicit\u00e9 !<br>Non-assistance \u00e0 malades en danger !<br>\u00a9 Elusive Reclusive (17 f\u00e9vrier 2017)\u00a0\u00bb<\/figcaption><\/figure>\n<\/div>\n\n<div class=\"wp-block-image\">\n<figure class=\"aligncenter size-large\"><img loading=\"lazy\" decoding=\"async\" width=\"724\" height=\"1024\" src=\"http:\/\/francelyme.fr\/site\/wp-content\/uploads\/2025\/05\/ArtLyme-WWLP-2025-medecins-bons-et-mauvais-cotes-T4-ELUSIVE-RECLUSIVE-9-tx-724x1024.jpg\" alt=\"\" class=\"wp-image-18122\" srcset=\"https:\/\/francelyme.fr\/site\/wp-content\/uploads\/2025\/05\/ArtLyme-WWLP-2025-medecins-bons-et-mauvais-cotes-T4-ELUSIVE-RECLUSIVE-9-tx-724x1024.jpg 724w, https:\/\/francelyme.fr\/site\/wp-content\/uploads\/2025\/05\/ArtLyme-WWLP-2025-medecins-bons-et-mauvais-cotes-T4-ELUSIVE-RECLUSIVE-9-tx-212x300.jpg 212w, https:\/\/francelyme.fr\/site\/wp-content\/uploads\/2025\/05\/ArtLyme-WWLP-2025-medecins-bons-et-mauvais-cotes-T4-ELUSIVE-RECLUSIVE-9-tx-768x1086.jpg 768w, https:\/\/francelyme.fr\/site\/wp-content\/uploads\/2025\/05\/ArtLyme-WWLP-2025-medecins-bons-et-mauvais-cotes-T4-ELUSIVE-RECLUSIVE-9-tx.jpg 795w\" sizes=\"auto, (max-width: 724px) 100vw, 724px\" \/><\/figure>\n<\/div>\n\n<div class=\"wp-block-image\">\n<figure class=\"aligncenter size-large\"><img loading=\"lazy\" decoding=\"async\" width=\"707\" height=\"1024\" src=\"http:\/\/francelyme.fr\/site\/wp-content\/uploads\/2025\/05\/ArtLyme-WWLP-2025-medecins-bons-et-mauvais-cotes-T4-SAMUEL-1_rd-707x1024.jpg\" alt=\"\" class=\"wp-image-18129\" srcset=\"https:\/\/francelyme.fr\/site\/wp-content\/uploads\/2025\/05\/ArtLyme-WWLP-2025-medecins-bons-et-mauvais-cotes-T4-SAMUEL-1_rd-707x1024.jpg 707w, https:\/\/francelyme.fr\/site\/wp-content\/uploads\/2025\/05\/ArtLyme-WWLP-2025-medecins-bons-et-mauvais-cotes-T4-SAMUEL-1_rd-207x300.jpg 207w, https:\/\/francelyme.fr\/site\/wp-content\/uploads\/2025\/05\/ArtLyme-WWLP-2025-medecins-bons-et-mauvais-cotes-T4-SAMUEL-1_rd-768x1113.jpg 768w, https:\/\/francelyme.fr\/site\/wp-content\/uploads\/2025\/05\/ArtLyme-WWLP-2025-medecins-bons-et-mauvais-cotes-T4-SAMUEL-1_rd.jpg 828w\" sizes=\"auto, (max-width: 707px) 100vw, 707px\" \/><\/figure>\n<\/div>\n\n<div class=\"wp-block-image\">\n<figure class=\"aligncenter size-full\"><img loading=\"lazy\" decoding=\"async\" width=\"600\" height=\"800\" src=\"http:\/\/francelyme.fr\/site\/wp-content\/uploads\/2025\/05\/ArtLyme-WWLP-2025-medecins-bons-et-mauvais-cotes-T4-ELUSIVE-RECLUSIVE-7_rd.jpg\" alt=\"\" class=\"wp-image-18120\" srcset=\"https:\/\/francelyme.fr\/site\/wp-content\/uploads\/2025\/05\/ArtLyme-WWLP-2025-medecins-bons-et-mauvais-cotes-T4-ELUSIVE-RECLUSIVE-7_rd.jpg 600w, https:\/\/francelyme.fr\/site\/wp-content\/uploads\/2025\/05\/ArtLyme-WWLP-2025-medecins-bons-et-mauvais-cotes-T4-ELUSIVE-RECLUSIVE-7_rd-225x300.jpg 225w\" sizes=\"auto, (max-width: 600px) 100vw, 600px\" \/><\/figure>\n<\/div>\n\n<div class=\"wp-block-image\">\n<figure class=\"aligncenter size-large\"><img loading=\"lazy\" decoding=\"async\" width=\"1024\" height=\"753\" src=\"http:\/\/francelyme.fr\/site\/wp-content\/uploads\/2025\/05\/ArtLyme-WWLP-2025-medecins-bons-et-mauvais-cotes-T4-CELINE-3_rd-1024x753.jpg\" alt=\"\" class=\"wp-image-18111\" srcset=\"https:\/\/francelyme.fr\/site\/wp-content\/uploads\/2025\/05\/ArtLyme-WWLP-2025-medecins-bons-et-mauvais-cotes-T4-CELINE-3_rd-1024x753.jpg 1024w, https:\/\/francelyme.fr\/site\/wp-content\/uploads\/2025\/05\/ArtLyme-WWLP-2025-medecins-bons-et-mauvais-cotes-T4-CELINE-3_rd-300x221.jpg 300w, https:\/\/francelyme.fr\/site\/wp-content\/uploads\/2025\/05\/ArtLyme-WWLP-2025-medecins-bons-et-mauvais-cotes-T4-CELINE-3_rd-768x564.jpg 768w, https:\/\/francelyme.fr\/site\/wp-content\/uploads\/2025\/05\/ArtLyme-WWLP-2025-medecins-bons-et-mauvais-cotes-T4-CELINE-3_rd.jpg 1200w\" sizes=\"auto, (max-width: 1024px) 100vw, 1024px\" \/><\/figure>\n<\/div>\n\n<div class=\"wp-block-image\">\n<figure class=\"aligncenter size-full\"><img loading=\"lazy\" decoding=\"async\" width=\"800\" height=\"794\" src=\"http:\/\/francelyme.fr\/site\/wp-content\/uploads\/2025\/05\/ArtLyme-WWLP-2025-medecins-bons-et-mauvais-cotes-T4-ELUSUVERECLUVE-10_rd.jpg\" alt=\"\" class=\"wp-image-18123\" srcset=\"https:\/\/francelyme.fr\/site\/wp-content\/uploads\/2025\/05\/ArtLyme-WWLP-2025-medecins-bons-et-mauvais-cotes-T4-ELUSUVERECLUVE-10_rd.jpg 800w, https:\/\/francelyme.fr\/site\/wp-content\/uploads\/2025\/05\/ArtLyme-WWLP-2025-medecins-bons-et-mauvais-cotes-T4-ELUSUVERECLUVE-10_rd-300x298.jpg 300w, https:\/\/francelyme.fr\/site\/wp-content\/uploads\/2025\/05\/ArtLyme-WWLP-2025-medecins-bons-et-mauvais-cotes-T4-ELUSUVERECLUVE-10_rd-150x150.jpg 150w, https:\/\/francelyme.fr\/site\/wp-content\/uploads\/2025\/05\/ArtLyme-WWLP-2025-medecins-bons-et-mauvais-cotes-T4-ELUSUVERECLUVE-10_rd-768x762.jpg 768w, https:\/\/francelyme.fr\/site\/wp-content\/uploads\/2025\/05\/ArtLyme-WWLP-2025-medecins-bons-et-mauvais-cotes-T4-ELUSUVERECLUVE-10_rd-90x90.jpg 90w, https:\/\/francelyme.fr\/site\/wp-content\/uploads\/2025\/05\/ArtLyme-WWLP-2025-medecins-bons-et-mauvais-cotes-T4-ELUSUVERECLUVE-10_rd-75x75.jpg 75w\" sizes=\"auto, (max-width: 800px) 100vw, 800px\" \/><\/figure>\n<\/div>\n\n\n<div class=\"wp-block-media-text has-media-on-the-right is-stacked-on-mobile\"><div class=\"wp-block-media-text__content\">\n<h2 class=\"wp-block-heading\">Th\u00e9matique 5 : Recherche et science, espoir de gu\u00e9rison<\/h2>\n<\/div><figure class=\"wp-block-media-text__media\"><img loading=\"lazy\" decoding=\"async\" width=\"1024\" height=\"683\" src=\"https:\/\/francelyme.fr\/site\/wp-content\/uploads\/2025\/05\/ArtLyme-WWLP-2025-recherche-et-science-espoir-de-guerison-T5-JOHN-1_rd-v-1024x683.jpg\" alt=\"\" class=\"wp-image-18131 size-full\" srcset=\"https:\/\/francelyme.fr\/site\/wp-content\/uploads\/2025\/05\/ArtLyme-WWLP-2025-recherche-et-science-espoir-de-guerison-T5-JOHN-1_rd-v-1024x683.jpg 1024w, https:\/\/francelyme.fr\/site\/wp-content\/uploads\/2025\/05\/ArtLyme-WWLP-2025-recherche-et-science-espoir-de-guerison-T5-JOHN-1_rd-v-300x200.jpg 300w, https:\/\/francelyme.fr\/site\/wp-content\/uploads\/2025\/05\/ArtLyme-WWLP-2025-recherche-et-science-espoir-de-guerison-T5-JOHN-1_rd-v-768x512.jpg 768w, https:\/\/francelyme.fr\/site\/wp-content\/uploads\/2025\/05\/ArtLyme-WWLP-2025-recherche-et-science-espoir-de-guerison-T5-JOHN-1_rd-v.jpg 1200w\" sizes=\"auto, (max-width: 1024px) 100vw, 1024px\" \/><\/figure><\/div>\n\n\n\n<figure class=\"wp-block-embed aligncenter is-type-video is-provider-youtube wp-block-embed-youtube wp-embed-aspect-4-3 wp-has-aspect-ratio\"><div class=\"wp-block-embed__wrapper\">\n<iframe loading=\"lazy\" title=\"ArtLyme, vid\u00e9o th\u00e9matique sur : recherche et science, espoir de gu\u00e9rison\" width=\"860\" height=\"645\" src=\"https:\/\/www.youtube.com\/embed\/6Rzsj4MdcjM?feature=oembed\" frameborder=\"0\" allow=\"accelerometer; autoplay; clipboard-write; encrypted-media; gyroscope; picture-in-picture; web-share\" referrerpolicy=\"strict-origin-when-cross-origin\" allowfullscreen><\/iframe>\n<\/div><\/figure>\n\n\n<div class=\"wp-block-image\">\n<figure class=\"aligncenter size-large\"><img loading=\"lazy\" decoding=\"async\" width=\"922\" height=\"1024\" src=\"http:\/\/francelyme.fr\/site\/wp-content\/uploads\/2025\/05\/ArtLyme-WWLP-2025-recherche-et-science-espoir-de-guerison-T5-STEPHANIE-1_rd-922x1024.jpg\" alt=\"\" class=\"wp-image-18153\" srcset=\"https:\/\/francelyme.fr\/site\/wp-content\/uploads\/2025\/05\/ArtLyme-WWLP-2025-recherche-et-science-espoir-de-guerison-T5-STEPHANIE-1_rd-922x1024.jpg 922w, https:\/\/francelyme.fr\/site\/wp-content\/uploads\/2025\/05\/ArtLyme-WWLP-2025-recherche-et-science-espoir-de-guerison-T5-STEPHANIE-1_rd-270x300.jpg 270w, https:\/\/francelyme.fr\/site\/wp-content\/uploads\/2025\/05\/ArtLyme-WWLP-2025-recherche-et-science-espoir-de-guerison-T5-STEPHANIE-1_rd-768x853.jpg 768w, https:\/\/francelyme.fr\/site\/wp-content\/uploads\/2025\/05\/ArtLyme-WWLP-2025-recherche-et-science-espoir-de-guerison-T5-STEPHANIE-1_rd.jpg 1080w\" sizes=\"auto, (max-width: 922px) 100vw, 922px\" \/><\/figure>\n<\/div>\n\n<div class=\"wp-block-image\">\n<figure class=\"aligncenter size-large\"><img loading=\"lazy\" decoding=\"async\" width=\"1024\" height=\"724\" src=\"http:\/\/francelyme.fr\/site\/wp-content\/uploads\/2025\/05\/ArtLyme-WWLP-2025-recherche-et-science-espoir-de-guerison-T5-PASCAL-1_rd-1024x724.jpg\" alt=\"\" class=\"wp-image-18151\" srcset=\"https:\/\/francelyme.fr\/site\/wp-content\/uploads\/2025\/05\/ArtLyme-WWLP-2025-recherche-et-science-espoir-de-guerison-T5-PASCAL-1_rd-1024x724.jpg 1024w, https:\/\/francelyme.fr\/site\/wp-content\/uploads\/2025\/05\/ArtLyme-WWLP-2025-recherche-et-science-espoir-de-guerison-T5-PASCAL-1_rd-300x212.jpg 300w, https:\/\/francelyme.fr\/site\/wp-content\/uploads\/2025\/05\/ArtLyme-WWLP-2025-recherche-et-science-espoir-de-guerison-T5-PASCAL-1_rd-768x543.jpg 768w, https:\/\/francelyme.fr\/site\/wp-content\/uploads\/2025\/05\/ArtLyme-WWLP-2025-recherche-et-science-espoir-de-guerison-T5-PASCAL-1_rd.jpg 1200w\" sizes=\"auto, (max-width: 1024px) 100vw, 1024px\" \/><\/figure>\n<\/div>\n\n<div class=\"wp-block-image\">\n<figure class=\"aligncenter size-large\"><img loading=\"lazy\" decoding=\"async\" width=\"779\" height=\"1024\" src=\"http:\/\/francelyme.fr\/site\/wp-content\/uploads\/2025\/05\/ArtLyme-WWLP-2025-recherche-et-science-espoir-de-guerison-T5-BENEDICTE-1_rd-779x1024.jpg\" alt=\"\" class=\"wp-image-18133\" srcset=\"https:\/\/francelyme.fr\/site\/wp-content\/uploads\/2025\/05\/ArtLyme-WWLP-2025-recherche-et-science-espoir-de-guerison-T5-BENEDICTE-1_rd-779x1024.jpg 779w, https:\/\/francelyme.fr\/site\/wp-content\/uploads\/2025\/05\/ArtLyme-WWLP-2025-recherche-et-science-espoir-de-guerison-T5-BENEDICTE-1_rd-228x300.jpg 228w, https:\/\/francelyme.fr\/site\/wp-content\/uploads\/2025\/05\/ArtLyme-WWLP-2025-recherche-et-science-espoir-de-guerison-T5-BENEDICTE-1_rd-768x1009.jpg 768w, https:\/\/francelyme.fr\/site\/wp-content\/uploads\/2025\/05\/ArtLyme-WWLP-2025-recherche-et-science-espoir-de-guerison-T5-BENEDICTE-1_rd.jpg 913w\" sizes=\"auto, (max-width: 779px) 100vw, 779px\" \/><\/figure>\n<\/div>\n\n<div class=\"wp-block-image\">\n<figure class=\"aligncenter size-large\"><img loading=\"lazy\" decoding=\"async\" width=\"1024\" height=\"768\" src=\"http:\/\/francelyme.fr\/site\/wp-content\/uploads\/2025\/05\/ArtLyme-WWLP-2025-recherche-et-science-espoir-de-guerison-T5-FLORENCE-1-tx-v-1024x768.jpg\" alt=\"\" class=\"wp-image-18140\" srcset=\"https:\/\/francelyme.fr\/site\/wp-content\/uploads\/2025\/05\/ArtLyme-WWLP-2025-recherche-et-science-espoir-de-guerison-T5-FLORENCE-1-tx-v-1024x768.jpg 1024w, https:\/\/francelyme.fr\/site\/wp-content\/uploads\/2025\/05\/ArtLyme-WWLP-2025-recherche-et-science-espoir-de-guerison-T5-FLORENCE-1-tx-v-300x225.jpg 300w, https:\/\/francelyme.fr\/site\/wp-content\/uploads\/2025\/05\/ArtLyme-WWLP-2025-recherche-et-science-espoir-de-guerison-T5-FLORENCE-1-tx-v-768x576.jpg 768w, https:\/\/francelyme.fr\/site\/wp-content\/uploads\/2025\/05\/ArtLyme-WWLP-2025-recherche-et-science-espoir-de-guerison-T5-FLORENCE-1-tx-v.jpg 1200w\" sizes=\"auto, (max-width: 1024px) 100vw, 1024px\" \/><\/figure>\n<\/div>\n\n\n<figure class=\"wp-block-image size-large\"><img loading=\"lazy\" decoding=\"async\" width=\"1024\" height=\"683\" src=\"http:\/\/francelyme.fr\/site\/wp-content\/uploads\/2025\/05\/ArtLyme-WWLP-2025-recherche-et-science-espoir-de-guerison-T5-JOHN-1_rd-1024x683.jpg\" alt=\"\" class=\"wp-image-18156\" srcset=\"https:\/\/francelyme.fr\/site\/wp-content\/uploads\/2025\/05\/ArtLyme-WWLP-2025-recherche-et-science-espoir-de-guerison-T5-JOHN-1_rd-1024x683.jpg 1024w, https:\/\/francelyme.fr\/site\/wp-content\/uploads\/2025\/05\/ArtLyme-WWLP-2025-recherche-et-science-espoir-de-guerison-T5-JOHN-1_rd-300x200.jpg 300w, https:\/\/francelyme.fr\/site\/wp-content\/uploads\/2025\/05\/ArtLyme-WWLP-2025-recherche-et-science-espoir-de-guerison-T5-JOHN-1_rd-768x512.jpg 768w, https:\/\/francelyme.fr\/site\/wp-content\/uploads\/2025\/05\/ArtLyme-WWLP-2025-recherche-et-science-espoir-de-guerison-T5-JOHN-1_rd.jpg 1200w\" sizes=\"auto, (max-width: 1024px) 100vw, 1024px\" \/><figcaption class=\"wp-element-caption\">Espoir : La vie s&rsquo;\u00e9coule comme l&rsquo;eau d&rsquo;une rivi\u00e8re. On prend source. On grandi. On chute. On continu malgr\u00e9 les obstacles. L&rsquo;espoir nous fait vivre.<\/figcaption><\/figure>\n\n\n<div class=\"wp-block-image\">\n<figure class=\"aligncenter size-large\"><img loading=\"lazy\" decoding=\"async\" width=\"1024\" height=\"724\" src=\"http:\/\/francelyme.fr\/site\/wp-content\/uploads\/2025\/05\/ArtLyme-WWLP-2025-recherche-et-science-espoir-de-guerison-T5-PASCAL-2_rd-1024x724.jpg\" alt=\"\" class=\"wp-image-18152\" srcset=\"https:\/\/francelyme.fr\/site\/wp-content\/uploads\/2025\/05\/ArtLyme-WWLP-2025-recherche-et-science-espoir-de-guerison-T5-PASCAL-2_rd-1024x724.jpg 1024w, https:\/\/francelyme.fr\/site\/wp-content\/uploads\/2025\/05\/ArtLyme-WWLP-2025-recherche-et-science-espoir-de-guerison-T5-PASCAL-2_rd-300x212.jpg 300w, https:\/\/francelyme.fr\/site\/wp-content\/uploads\/2025\/05\/ArtLyme-WWLP-2025-recherche-et-science-espoir-de-guerison-T5-PASCAL-2_rd-768x543.jpg 768w, https:\/\/francelyme.fr\/site\/wp-content\/uploads\/2025\/05\/ArtLyme-WWLP-2025-recherche-et-science-espoir-de-guerison-T5-PASCAL-2_rd.jpg 1200w\" sizes=\"auto, (max-width: 1024px) 100vw, 1024px\" \/><\/figure>\n<\/div>\n\n<div class=\"wp-block-image\">\n<figure class=\"aligncenter size-large\"><img loading=\"lazy\" decoding=\"async\" width=\"1024\" height=\"768\" src=\"http:\/\/francelyme.fr\/site\/wp-content\/uploads\/2025\/05\/ArtLyme-WWLP-2025-recherche-et-science-espoir-de-guerison-T5-FLORENCE-2_rd-1024x768.jpg\" alt=\"\" class=\"wp-image-18141\" srcset=\"https:\/\/francelyme.fr\/site\/wp-content\/uploads\/2025\/05\/ArtLyme-WWLP-2025-recherche-et-science-espoir-de-guerison-T5-FLORENCE-2_rd-1024x768.jpg 1024w, https:\/\/francelyme.fr\/site\/wp-content\/uploads\/2025\/05\/ArtLyme-WWLP-2025-recherche-et-science-espoir-de-guerison-T5-FLORENCE-2_rd-300x225.jpg 300w, https:\/\/francelyme.fr\/site\/wp-content\/uploads\/2025\/05\/ArtLyme-WWLP-2025-recherche-et-science-espoir-de-guerison-T5-FLORENCE-2_rd-768x576.jpg 768w, https:\/\/francelyme.fr\/site\/wp-content\/uploads\/2025\/05\/ArtLyme-WWLP-2025-recherche-et-science-espoir-de-guerison-T5-FLORENCE-2_rd.jpg 1200w\" sizes=\"auto, (max-width: 1024px) 100vw, 1024px\" \/><figcaption class=\"wp-element-caption\">la lumie\u0300re _ espoir de gue\u0301rison<\/figcaption><\/figure>\n<\/div>\n\n<div class=\"wp-block-image\">\n<figure class=\"aligncenter size-large\"><img loading=\"lazy\" decoding=\"async\" width=\"729\" height=\"1024\" src=\"http:\/\/francelyme.fr\/site\/wp-content\/uploads\/2025\/05\/ArtLyme-WWLP-2025-recherche-et-science-espoir-de-guerison-T5-BENEDICTE-2_rd-729x1024.jpg\" alt=\"\" class=\"wp-image-18134\" srcset=\"https:\/\/francelyme.fr\/site\/wp-content\/uploads\/2025\/05\/ArtLyme-WWLP-2025-recherche-et-science-espoir-de-guerison-T5-BENEDICTE-2_rd-729x1024.jpg 729w, https:\/\/francelyme.fr\/site\/wp-content\/uploads\/2025\/05\/ArtLyme-WWLP-2025-recherche-et-science-espoir-de-guerison-T5-BENEDICTE-2_rd-214x300.jpg 214w, https:\/\/francelyme.fr\/site\/wp-content\/uploads\/2025\/05\/ArtLyme-WWLP-2025-recherche-et-science-espoir-de-guerison-T5-BENEDICTE-2_rd-768x1079.jpg 768w, https:\/\/francelyme.fr\/site\/wp-content\/uploads\/2025\/05\/ArtLyme-WWLP-2025-recherche-et-science-espoir-de-guerison-T5-BENEDICTE-2_rd.jpg 854w\" sizes=\"auto, (max-width: 729px) 100vw, 729px\" \/><figcaption class=\"wp-element-caption\">Espoir de gu\u00e9rison l&rsquo;envol vers de nouveaux horizons<\/figcaption><\/figure>\n<\/div>\n\n<div class=\"wp-block-image\">\n<figure class=\"aligncenter size-large\"><img loading=\"lazy\" decoding=\"async\" width=\"1024\" height=\"768\" src=\"http:\/\/francelyme.fr\/site\/wp-content\/uploads\/2025\/05\/ArtLyme-WWLP-2025-recherche-et-science-espoir-de-guerison-T5-ELUSIVE-RECLUSIVE-1-1024x768.jpg\" alt=\"\" class=\"wp-image-18137\" srcset=\"https:\/\/francelyme.fr\/site\/wp-content\/uploads\/2025\/05\/ArtLyme-WWLP-2025-recherche-et-science-espoir-de-guerison-T5-ELUSIVE-RECLUSIVE-1-1024x768.jpg 1024w, https:\/\/francelyme.fr\/site\/wp-content\/uploads\/2025\/05\/ArtLyme-WWLP-2025-recherche-et-science-espoir-de-guerison-T5-ELUSIVE-RECLUSIVE-1-300x225.jpg 300w, https:\/\/francelyme.fr\/site\/wp-content\/uploads\/2025\/05\/ArtLyme-WWLP-2025-recherche-et-science-espoir-de-guerison-T5-ELUSIVE-RECLUSIVE-1-768x576.jpg 768w, https:\/\/francelyme.fr\/site\/wp-content\/uploads\/2025\/05\/ArtLyme-WWLP-2025-recherche-et-science-espoir-de-guerison-T5-ELUSIVE-RECLUSIVE-1.jpg 1200w\" sizes=\"auto, (max-width: 1024px) 100vw, 1024px\" \/><\/figure>\n<\/div>\n\n<div class=\"wp-block-image\">\n<figure class=\"aligncenter size-large\"><img loading=\"lazy\" decoding=\"async\" width=\"1024\" height=\"1024\" src=\"http:\/\/francelyme.fr\/site\/wp-content\/uploads\/2025\/05\/ArtLyme-WWLP-2025-recherche-et-science-espoir-de-guerison-T5-JEANNE-3_rd-1024x1024.jpg\" alt=\"\" class=\"wp-image-18145\" srcset=\"https:\/\/francelyme.fr\/site\/wp-content\/uploads\/2025\/05\/ArtLyme-WWLP-2025-recherche-et-science-espoir-de-guerison-T5-JEANNE-3_rd-1024x1024.jpg 1024w, https:\/\/francelyme.fr\/site\/wp-content\/uploads\/2025\/05\/ArtLyme-WWLP-2025-recherche-et-science-espoir-de-guerison-T5-JEANNE-3_rd-300x300.jpg 300w, https:\/\/francelyme.fr\/site\/wp-content\/uploads\/2025\/05\/ArtLyme-WWLP-2025-recherche-et-science-espoir-de-guerison-T5-JEANNE-3_rd-150x150.jpg 150w, https:\/\/francelyme.fr\/site\/wp-content\/uploads\/2025\/05\/ArtLyme-WWLP-2025-recherche-et-science-espoir-de-guerison-T5-JEANNE-3_rd-768x768.jpg 768w, https:\/\/francelyme.fr\/site\/wp-content\/uploads\/2025\/05\/ArtLyme-WWLP-2025-recherche-et-science-espoir-de-guerison-T5-JEANNE-3_rd-90x90.jpg 90w, https:\/\/francelyme.fr\/site\/wp-content\/uploads\/2025\/05\/ArtLyme-WWLP-2025-recherche-et-science-espoir-de-guerison-T5-JEANNE-3_rd-75x75.jpg 75w, https:\/\/francelyme.fr\/site\/wp-content\/uploads\/2025\/05\/ArtLyme-WWLP-2025-recherche-et-science-espoir-de-guerison-T5-JEANNE-3_rd.jpg 1200w\" sizes=\"auto, (max-width: 1024px) 100vw, 1024px\" \/><figcaption class=\"wp-element-caption\">Sur les bords de la mer Eg\u00e9e<\/figcaption><\/figure>\n<\/div>\n\n<div class=\"wp-block-image\">\n<figure class=\"aligncenter size-large\"><img loading=\"lazy\" decoding=\"async\" width=\"1024\" height=\"768\" src=\"http:\/\/francelyme.fr\/site\/wp-content\/uploads\/2025\/05\/ArtLyme-WWLP-2025-recherche-et-science-espoir-de-guerison-T5-FLORENCE-3_rd-1024x768.jpg\" alt=\"\" class=\"wp-image-18142\" srcset=\"https:\/\/francelyme.fr\/site\/wp-content\/uploads\/2025\/05\/ArtLyme-WWLP-2025-recherche-et-science-espoir-de-guerison-T5-FLORENCE-3_rd-1024x768.jpg 1024w, https:\/\/francelyme.fr\/site\/wp-content\/uploads\/2025\/05\/ArtLyme-WWLP-2025-recherche-et-science-espoir-de-guerison-T5-FLORENCE-3_rd-300x225.jpg 300w, https:\/\/francelyme.fr\/site\/wp-content\/uploads\/2025\/05\/ArtLyme-WWLP-2025-recherche-et-science-espoir-de-guerison-T5-FLORENCE-3_rd-768x576.jpg 768w, https:\/\/francelyme.fr\/site\/wp-content\/uploads\/2025\/05\/ArtLyme-WWLP-2025-recherche-et-science-espoir-de-guerison-T5-FLORENCE-3_rd.jpg 1200w\" sizes=\"auto, (max-width: 1024px) 100vw, 1024px\" \/><figcaption class=\"wp-element-caption\">la lumie\u0300re _ espoir de gue\u0301rison<\/figcaption><\/figure>\n<\/div>\n\n<div class=\"wp-block-image\">\n<figure class=\"aligncenter size-large\"><img loading=\"lazy\" decoding=\"async\" width=\"755\" height=\"1024\" src=\"http:\/\/francelyme.fr\/site\/wp-content\/uploads\/2025\/05\/ArtLyme-WWLP-2025-recherche-et-science-espoir-de-guerison-T5-BENEDICTE-3_rd-755x1024.jpg\" alt=\"\" class=\"wp-image-18135\" srcset=\"https:\/\/francelyme.fr\/site\/wp-content\/uploads\/2025\/05\/ArtLyme-WWLP-2025-recherche-et-science-espoir-de-guerison-T5-BENEDICTE-3_rd-755x1024.jpg 755w, https:\/\/francelyme.fr\/site\/wp-content\/uploads\/2025\/05\/ArtLyme-WWLP-2025-recherche-et-science-espoir-de-guerison-T5-BENEDICTE-3_rd-221x300.jpg 221w, https:\/\/francelyme.fr\/site\/wp-content\/uploads\/2025\/05\/ArtLyme-WWLP-2025-recherche-et-science-espoir-de-guerison-T5-BENEDICTE-3_rd-768x1041.jpg 768w, https:\/\/francelyme.fr\/site\/wp-content\/uploads\/2025\/05\/ArtLyme-WWLP-2025-recherche-et-science-espoir-de-guerison-T5-BENEDICTE-3_rd.jpg 885w\" sizes=\"auto, (max-width: 755px) 100vw, 755px\" \/><figcaption class=\"wp-element-caption\">M\u00e8re et enfant gravissant ensemble le chemin vers la gu\u00e9rison<\/figcaption><\/figure>\n<\/div>\n\n<div class=\"wp-block-image\">\n<figure class=\"aligncenter size-large\"><img loading=\"lazy\" decoding=\"async\" width=\"724\" height=\"1024\" src=\"http:\/\/francelyme.fr\/site\/wp-content\/uploads\/2025\/05\/ArtLyme-WWLP-2025-recherche-et-science-espoir-de-gueT5-ELUSIVE-RECLUSIVE-4-tx-724x1024.jpg\" alt=\"\" class=\"wp-image-18154\" srcset=\"https:\/\/francelyme.fr\/site\/wp-content\/uploads\/2025\/05\/ArtLyme-WWLP-2025-recherche-et-science-espoir-de-gueT5-ELUSIVE-RECLUSIVE-4-tx-724x1024.jpg 724w, https:\/\/francelyme.fr\/site\/wp-content\/uploads\/2025\/05\/ArtLyme-WWLP-2025-recherche-et-science-espoir-de-gueT5-ELUSIVE-RECLUSIVE-4-tx-212x300.jpg 212w, https:\/\/francelyme.fr\/site\/wp-content\/uploads\/2025\/05\/ArtLyme-WWLP-2025-recherche-et-science-espoir-de-gueT5-ELUSIVE-RECLUSIVE-4-tx-768x1086.jpg 768w, https:\/\/francelyme.fr\/site\/wp-content\/uploads\/2025\/05\/ArtLyme-WWLP-2025-recherche-et-science-espoir-de-gueT5-ELUSIVE-RECLUSIVE-4-tx.jpg 795w\" sizes=\"auto, (max-width: 724px) 100vw, 724px\" \/><\/figure>\n<\/div>\n\n<div class=\"wp-block-image\">\n<figure class=\"aligncenter size-large\"><img loading=\"lazy\" decoding=\"async\" width=\"1024\" height=\"683\" src=\"http:\/\/francelyme.fr\/site\/wp-content\/uploads\/2025\/05\/ArtLyme-WWLP-2025-recherche-et-science-espoir-de-guerison-T5-JOHN-2-tx-v-1024x683.jpg\" alt=\"\" class=\"wp-image-18147\" srcset=\"https:\/\/francelyme.fr\/site\/wp-content\/uploads\/2025\/05\/ArtLyme-WWLP-2025-recherche-et-science-espoir-de-guerison-T5-JOHN-2-tx-v-1024x683.jpg 1024w, https:\/\/francelyme.fr\/site\/wp-content\/uploads\/2025\/05\/ArtLyme-WWLP-2025-recherche-et-science-espoir-de-guerison-T5-JOHN-2-tx-v-300x200.jpg 300w, https:\/\/francelyme.fr\/site\/wp-content\/uploads\/2025\/05\/ArtLyme-WWLP-2025-recherche-et-science-espoir-de-guerison-T5-JOHN-2-tx-v-768x512.jpg 768w, https:\/\/francelyme.fr\/site\/wp-content\/uploads\/2025\/05\/ArtLyme-WWLP-2025-recherche-et-science-espoir-de-guerison-T5-JOHN-2-tx-v.jpg 1200w\" sizes=\"auto, (max-width: 1024px) 100vw, 1024px\" \/><figcaption class=\"wp-element-caption\">Tourbillons&nbsp;:&nbsp; Tourbillonne, tourbillonne, tourbillonne, M\u00e9lange les couleurs de vie, Prends du noir, d\u00e9sespoir, Prends du blanc, espoir, Du rouge, du bleu, du vert, Toutes ces \u00e9motions diff\u00e9rentes, Qui animent ta vie,&nbsp; Fait que cette palette de couleurs, Te donne vie.<\/figcaption><\/figure>\n<\/div>\n\n<div class=\"wp-block-image\">\n<figure class=\"aligncenter size-large\"><img loading=\"lazy\" decoding=\"async\" width=\"1024\" height=\"1024\" src=\"http:\/\/francelyme.fr\/site\/wp-content\/uploads\/2025\/05\/ArtLyme-WWLP-2025-recherche-et-science-espoir-de-guerison-T5-JEANNE-2_rd-1024x1024.jpg\" alt=\"\" class=\"wp-image-18144\" srcset=\"https:\/\/francelyme.fr\/site\/wp-content\/uploads\/2025\/05\/ArtLyme-WWLP-2025-recherche-et-science-espoir-de-guerison-T5-JEANNE-2_rd-1024x1024.jpg 1024w, https:\/\/francelyme.fr\/site\/wp-content\/uploads\/2025\/05\/ArtLyme-WWLP-2025-recherche-et-science-espoir-de-guerison-T5-JEANNE-2_rd-300x300.jpg 300w, https:\/\/francelyme.fr\/site\/wp-content\/uploads\/2025\/05\/ArtLyme-WWLP-2025-recherche-et-science-espoir-de-guerison-T5-JEANNE-2_rd-150x150.jpg 150w, https:\/\/francelyme.fr\/site\/wp-content\/uploads\/2025\/05\/ArtLyme-WWLP-2025-recherche-et-science-espoir-de-guerison-T5-JEANNE-2_rd-768x768.jpg 768w, https:\/\/francelyme.fr\/site\/wp-content\/uploads\/2025\/05\/ArtLyme-WWLP-2025-recherche-et-science-espoir-de-guerison-T5-JEANNE-2_rd-90x90.jpg 90w, https:\/\/francelyme.fr\/site\/wp-content\/uploads\/2025\/05\/ArtLyme-WWLP-2025-recherche-et-science-espoir-de-guerison-T5-JEANNE-2_rd-75x75.jpg 75w, https:\/\/francelyme.fr\/site\/wp-content\/uploads\/2025\/05\/ArtLyme-WWLP-2025-recherche-et-science-espoir-de-guerison-T5-JEANNE-2_rd.jpg 1200w\" sizes=\"auto, (max-width: 1024px) 100vw, 1024px\" \/><figcaption class=\"wp-element-caption\">La baie de Porto<\/figcaption><\/figure>\n<\/div>\n\n<div class=\"wp-block-image\">\n<figure class=\"aligncenter size-large\"><img loading=\"lazy\" decoding=\"async\" width=\"1024\" height=\"683\" src=\"http:\/\/francelyme.fr\/site\/wp-content\/uploads\/2025\/05\/ArtLyme-WWLP-2025-recherche-et-science-espoir-de-guerison-T5-JOHN-3-tx-v-1024x683.jpg\" alt=\"\" class=\"wp-image-18148\" srcset=\"https:\/\/francelyme.fr\/site\/wp-content\/uploads\/2025\/05\/ArtLyme-WWLP-2025-recherche-et-science-espoir-de-guerison-T5-JOHN-3-tx-v-1024x683.jpg 1024w, https:\/\/francelyme.fr\/site\/wp-content\/uploads\/2025\/05\/ArtLyme-WWLP-2025-recherche-et-science-espoir-de-guerison-T5-JOHN-3-tx-v-300x200.jpg 300w, https:\/\/francelyme.fr\/site\/wp-content\/uploads\/2025\/05\/ArtLyme-WWLP-2025-recherche-et-science-espoir-de-guerison-T5-JOHN-3-tx-v-768x512.jpg 768w, https:\/\/francelyme.fr\/site\/wp-content\/uploads\/2025\/05\/ArtLyme-WWLP-2025-recherche-et-science-espoir-de-guerison-T5-JOHN-3-tx-v.jpg 1200w\" sizes=\"auto, (max-width: 1024px) 100vw, 1024px\" \/><figcaption class=\"wp-element-caption\">Regard&nbsp;:&nbsp; Regarde, Regarde encore, Ouvre les yeux, Que vois tu&nbsp;? Moi je regarde, Je vois le reflet de mon amour, De cette femme qui me soutien, Au travers de ce regard animal, Qui me donne cette force, Et qui m&rsquo;aime.<\/figcaption><\/figure>\n<\/div>\n\n<div class=\"wp-block-image\">\n<figure class=\"aligncenter size-large\"><img loading=\"lazy\" decoding=\"async\" width=\"1024\" height=\"719\" src=\"http:\/\/francelyme.fr\/site\/wp-content\/uploads\/2025\/05\/ArtLyme-WWLP-2025-recherche-et-science-espoir-de-guerison-T5-LEON-1_rd-1024x719.jpg\" alt=\"\" class=\"wp-image-18150\" srcset=\"https:\/\/francelyme.fr\/site\/wp-content\/uploads\/2025\/05\/ArtLyme-WWLP-2025-recherche-et-science-espoir-de-guerison-T5-LEON-1_rd-1024x719.jpg 1024w, https:\/\/francelyme.fr\/site\/wp-content\/uploads\/2025\/05\/ArtLyme-WWLP-2025-recherche-et-science-espoir-de-guerison-T5-LEON-1_rd-300x211.jpg 300w, https:\/\/francelyme.fr\/site\/wp-content\/uploads\/2025\/05\/ArtLyme-WWLP-2025-recherche-et-science-espoir-de-guerison-T5-LEON-1_rd-768x539.jpg 768w, https:\/\/francelyme.fr\/site\/wp-content\/uploads\/2025\/05\/ArtLyme-WWLP-2025-recherche-et-science-espoir-de-guerison-T5-LEON-1_rd-rotated.jpg 1200w\" sizes=\"auto, (max-width: 1024px) 100vw, 1024px\" \/><\/figure>\n<\/div>\n\n<div class=\"wp-block-image\">\n<figure class=\"aligncenter size-large\"><img loading=\"lazy\" decoding=\"async\" width=\"768\" height=\"1024\" src=\"http:\/\/francelyme.fr\/site\/wp-content\/uploads\/2025\/05\/ArtLyme-WWLP-2025-recherche-et-science-espoir-de-guerison-T5-ELUSIVE-RECLUSIVE-2-768x1024.jpg\" alt=\"\" class=\"wp-image-18138\" srcset=\"https:\/\/francelyme.fr\/site\/wp-content\/uploads\/2025\/05\/ArtLyme-WWLP-2025-recherche-et-science-espoir-de-guerison-T5-ELUSIVE-RECLUSIVE-2-768x1024.jpg 768w, https:\/\/francelyme.fr\/site\/wp-content\/uploads\/2025\/05\/ArtLyme-WWLP-2025-recherche-et-science-espoir-de-guerison-T5-ELUSIVE-RECLUSIVE-2-225x300.jpg 225w, https:\/\/francelyme.fr\/site\/wp-content\/uploads\/2025\/05\/ArtLyme-WWLP-2025-recherche-et-science-espoir-de-guerison-T5-ELUSIVE-RECLUSIVE-2-rotated.jpg 900w\" sizes=\"auto, (max-width: 768px) 100vw, 768px\" \/><\/figure>\n<\/div>\n\n<div class=\"wp-block-image\">\n<figure class=\"aligncenter size-large\"><img loading=\"lazy\" decoding=\"async\" width=\"1004\" height=\"1024\" src=\"http:\/\/francelyme.fr\/site\/wp-content\/uploads\/2025\/05\/ArtLyme-WWLP-2025-recherche-et-science-espoir-de-guerison-T5-JEANNE-1_rd-1004x1024.jpg\" alt=\"\" class=\"wp-image-18143\" srcset=\"https:\/\/francelyme.fr\/site\/wp-content\/uploads\/2025\/05\/ArtLyme-WWLP-2025-recherche-et-science-espoir-de-guerison-T5-JEANNE-1_rd-1004x1024.jpg 1004w, https:\/\/francelyme.fr\/site\/wp-content\/uploads\/2025\/05\/ArtLyme-WWLP-2025-recherche-et-science-espoir-de-guerison-T5-JEANNE-1_rd-294x300.jpg 294w, https:\/\/francelyme.fr\/site\/wp-content\/uploads\/2025\/05\/ArtLyme-WWLP-2025-recherche-et-science-espoir-de-guerison-T5-JEANNE-1_rd-768x784.jpg 768w, https:\/\/francelyme.fr\/site\/wp-content\/uploads\/2025\/05\/ArtLyme-WWLP-2025-recherche-et-science-espoir-de-guerison-T5-JEANNE-1_rd-75x75.jpg 75w, https:\/\/francelyme.fr\/site\/wp-content\/uploads\/2025\/05\/ArtLyme-WWLP-2025-recherche-et-science-espoir-de-guerison-T5-JEANNE-1_rd.jpg 1176w\" sizes=\"auto, (max-width: 1004px) 100vw, 1004px\" \/><\/figure>\n<\/div>\n\n<div class=\"wp-block-image\">\n<figure class=\"aligncenter size-large\"><img loading=\"lazy\" decoding=\"async\" width=\"768\" height=\"1024\" src=\"http:\/\/francelyme.fr\/site\/wp-content\/uploads\/2025\/05\/ArtLyme-WWLP-2025-recherche-et-science-espoir-de-guerison-T5-ELUSIVE-RECLUSIVE-3-768x1024.jpg\" alt=\"\" class=\"wp-image-18139\" srcset=\"https:\/\/francelyme.fr\/site\/wp-content\/uploads\/2025\/05\/ArtLyme-WWLP-2025-recherche-et-science-espoir-de-guerison-T5-ELUSIVE-RECLUSIVE-3-768x1024.jpg 768w, https:\/\/francelyme.fr\/site\/wp-content\/uploads\/2025\/05\/ArtLyme-WWLP-2025-recherche-et-science-espoir-de-guerison-T5-ELUSIVE-RECLUSIVE-3-225x300.jpg 225w, https:\/\/francelyme.fr\/site\/wp-content\/uploads\/2025\/05\/ArtLyme-WWLP-2025-recherche-et-science-espoir-de-guerison-T5-ELUSIVE-RECLUSIVE-3.jpg 900w\" sizes=\"auto, (max-width: 768px) 100vw, 768px\" \/><\/figure>\n<\/div>\n\n<div class=\"wp-block-image\">\n<figure class=\"aligncenter size-large\"><img loading=\"lazy\" decoding=\"async\" width=\"713\" height=\"1024\" src=\"http:\/\/francelyme.fr\/site\/wp-content\/uploads\/2025\/05\/ArtLyme-WWLP-2025-recherche-et-science-espoir-de-guerison-T5-BENEDICTE-4_rd-713x1024.jpg\" alt=\"\" class=\"wp-image-18136\" srcset=\"https:\/\/francelyme.fr\/site\/wp-content\/uploads\/2025\/05\/ArtLyme-WWLP-2025-recherche-et-science-espoir-de-guerison-T5-BENEDICTE-4_rd-713x1024.jpg 713w, https:\/\/francelyme.fr\/site\/wp-content\/uploads\/2025\/05\/ArtLyme-WWLP-2025-recherche-et-science-espoir-de-guerison-T5-BENEDICTE-4_rd-209x300.jpg 209w, https:\/\/francelyme.fr\/site\/wp-content\/uploads\/2025\/05\/ArtLyme-WWLP-2025-recherche-et-science-espoir-de-guerison-T5-BENEDICTE-4_rd-768x1102.jpg 768w, https:\/\/francelyme.fr\/site\/wp-content\/uploads\/2025\/05\/ArtLyme-WWLP-2025-recherche-et-science-espoir-de-guerison-T5-BENEDICTE-4_rd.jpg 836w\" sizes=\"auto, (max-width: 713px) 100vw, 713px\" \/><figcaption class=\"wp-element-caption\">Chemin vers la lumi\u00e8re<\/figcaption><\/figure>\n<\/div>\n\n<div class=\"wp-block-image\">\n<figure class=\"aligncenter size-large\"><img loading=\"lazy\" decoding=\"async\" width=\"683\" height=\"1024\" src=\"http:\/\/francelyme.fr\/site\/wp-content\/uploads\/2025\/05\/ArtLyme-WWLP-2025-recherche-et-science-espoir-de-guerison-T5-JOHN-4-tx-v-683x1024.jpg\" alt=\"\" class=\"wp-image-18149\" srcset=\"https:\/\/francelyme.fr\/site\/wp-content\/uploads\/2025\/05\/ArtLyme-WWLP-2025-recherche-et-science-espoir-de-guerison-T5-JOHN-4-tx-v-683x1024.jpg 683w, https:\/\/francelyme.fr\/site\/wp-content\/uploads\/2025\/05\/ArtLyme-WWLP-2025-recherche-et-science-espoir-de-guerison-T5-JOHN-4-tx-v-200x300.jpg 200w, https:\/\/francelyme.fr\/site\/wp-content\/uploads\/2025\/05\/ArtLyme-WWLP-2025-recherche-et-science-espoir-de-guerison-T5-JOHN-4-tx-v-768x1152.jpg 768w, https:\/\/francelyme.fr\/site\/wp-content\/uploads\/2025\/05\/ArtLyme-WWLP-2025-recherche-et-science-espoir-de-guerison-T5-JOHN-4-tx-v.jpg 800w\" sizes=\"auto, (max-width: 683px) 100vw, 683px\" \/><figcaption class=\"wp-element-caption\">Arbre de vie&nbsp;:&nbsp; Un jour, une graine, Le lendemain, une premi\u00e8re feuille, Va t&rsquo;il pleuvoir, Va t il faire chaud ou froid, Va t&rsquo;il avoir une journ\u00e9e ensoleill\u00e9e, Nul le sait, Je vais grandir comme \u00e7a, Ou la, Ou encore par ici, Avec le temps, les choix, les \u00e9preuves, Je deviens aussi solide qu&rsquo;un ch\u00eane, Je ne plie plus au vent, Je suis fort Je vis<\/figcaption><\/figure>\n<\/div>\n\n\n<h2 class=\"wp-block-heading\">Vid\u00e9o finale de ArtLyme<\/h2>\n\n\n\n<figure class=\"wp-block-embed aligncenter is-type-video is-provider-youtube wp-block-embed-youtube wp-embed-aspect-16-9 wp-has-aspect-ratio\"><div class=\"wp-block-embed__wrapper\">\n<iframe loading=\"lazy\" title=\"Exposition virtuelle ArtLyme : perspectives artistiques sur la maladie, vues par les malades\" width=\"860\" height=\"484\" src=\"https:\/\/www.youtube.com\/embed\/Ob2QcVgl6jI?feature=oembed\" frameborder=\"0\" allow=\"accelerometer; autoplay; clipboard-write; encrypted-media; gyroscope; picture-in-picture; web-share\" referrerpolicy=\"strict-origin-when-cross-origin\" allowfullscreen><\/iframe>\n<\/div><\/figure>\n<div class=\"like-button\" style=\"float: right; clear: both; text-align: right; width = 100%;\">\n<!-- Facebook Like Button Vivacity Infotech BEGIN -->\n<div class=\"fb-like\" data-href=\"https:\/\/francelyme.fr\/site\/le-projet-artistique-artlyme-perspectives-artistiques-sur-la-maladie-vues-par-les-malades\/\" data-layout=\"box_count\" data-action=\"like\" data-show-faces=\"false\" data-size=\"large\" data-width=\"450\" data-share=\"1\" ><\/div><\/div>\n<!-- Facebook Like Button Vivacity Infotech END -->\n","protected":false},"excerpt":{"rendered":"","protected":false},"author":17,"featured_media":17938,"comment_status":"closed","ping_status":"open","sticky":false,"template":"","format":"standard","meta":{"footnotes":""},"categories":[301,282],"tags":[],"class_list":["post-18058","post","type-post","status-publish","format-standard","has-post-thumbnail","hentry","category-artistique","category-mai-en-vert"],"yoast_head":"<!-- This site is optimized with the Yoast SEO plugin v27.3 - https:\/\/yoast.com\/product\/yoast-seo-wordpress\/ -->\n<title>Le projet artistique Artlyme : perspectives artistiques sur la maladie, vues par les malades - Association France Lyme<\/title>\n<meta name=\"robots\" content=\"index, follow, max-snippet:-1, max-image-preview:large, max-video-preview:-1\" \/>\n<link rel=\"canonical\" href=\"https:\/\/francelyme.fr\/site\/le-projet-artistique-artlyme-perspectives-artistiques-sur-la-maladie-vues-par-les-malades\/\" \/>\n<meta property=\"og:locale\" content=\"fr_FR\" \/>\n<meta property=\"og:type\" content=\"article\" \/>\n<meta property=\"og:title\" content=\"Le projet artistique Artlyme : perspectives artistiques sur la maladie, vues par les malades - Association France Lyme\" \/>\n<meta property=\"og:url\" content=\"https:\/\/francelyme.fr\/site\/le-projet-artistique-artlyme-perspectives-artistiques-sur-la-maladie-vues-par-les-malades\/\" \/>\n<meta property=\"og:site_name\" content=\"Association France Lyme\" \/>\n<meta property=\"article:publisher\" content=\"https:\/\/www.facebook.com\/france.lyme\" \/>\n<meta property=\"article:published_time\" content=\"2025-06-01T16:37:00+00:00\" \/>\n<meta property=\"article:modified_time\" content=\"2025-06-01T16:39:44+00:00\" \/>\n<meta property=\"og:image\" content=\"http:\/\/francelyme.fr\/site\/wp-content\/uploads\/2025\/04\/ArtLyme-WWLP-2025-intro-T-ELISA-1_rd.jpg\" \/>\n\t<meta property=\"og:image:width\" content=\"534\" \/>\n\t<meta property=\"og:image:height\" content=\"800\" \/>\n\t<meta property=\"og:image:type\" content=\"image\/jpeg\" \/>\n<meta name=\"author\" content=\"adminntlyme\" \/>\n<meta name=\"twitter:card\" content=\"summary_large_image\" \/>\n<meta name=\"twitter:creator\" content=\"@francelyme\" \/>\n<meta name=\"twitter:site\" content=\"@francelyme\" \/>\n<meta name=\"twitter:label1\" content=\"\u00c9crit par\" \/>\n\t<meta name=\"twitter:data1\" content=\"adminntlyme\" \/>\n\t<meta name=\"twitter:label2\" content=\"Dur\u00e9e de lecture estim\u00e9e\" \/>\n\t<meta name=\"twitter:data2\" content=\"22 minutes\" \/>\n<script type=\"application\/ld+json\" class=\"yoast-schema-graph\">{\"@context\":\"https:\\\/\\\/schema.org\",\"@graph\":[{\"@type\":\"Article\",\"@id\":\"https:\\\/\\\/francelyme.fr\\\/site\\\/le-projet-artistique-artlyme-perspectives-artistiques-sur-la-maladie-vues-par-les-malades\\\/#article\",\"isPartOf\":{\"@id\":\"https:\\\/\\\/francelyme.fr\\\/site\\\/le-projet-artistique-artlyme-perspectives-artistiques-sur-la-maladie-vues-par-les-malades\\\/\"},\"author\":{\"name\":\"adminntlyme\",\"@id\":\"https:\\\/\\\/francelyme.fr\\\/site\\\/#\\\/schema\\\/person\\\/f7bd0eb75be49e4795c4ea0b3767e039\"},\"headline\":\"Le projet artistique Artlyme : perspectives artistiques sur la maladie, vues par les malades\",\"datePublished\":\"2025-06-01T16:37:00+00:00\",\"dateModified\":\"2025-06-01T16:39:44+00:00\",\"mainEntityOfPage\":{\"@id\":\"https:\\\/\\\/francelyme.fr\\\/site\\\/le-projet-artistique-artlyme-perspectives-artistiques-sur-la-maladie-vues-par-les-malades\\\/\"},\"wordCount\":712,\"publisher\":{\"@id\":\"https:\\\/\\\/francelyme.fr\\\/site\\\/#organization\"},\"image\":{\"@id\":\"https:\\\/\\\/francelyme.fr\\\/site\\\/le-projet-artistique-artlyme-perspectives-artistiques-sur-la-maladie-vues-par-les-malades\\\/#primaryimage\"},\"thumbnailUrl\":\"https:\\\/\\\/francelyme.fr\\\/site\\\/wp-content\\\/uploads\\\/2025\\\/04\\\/ArtLyme-WWLP-2025-intro-T-ELISA-1_rd.jpg\",\"articleSection\":[\"Artistique\",\"Mai en vert\"],\"inLanguage\":\"fr-FR\"},{\"@type\":\"WebPage\",\"@id\":\"https:\\\/\\\/francelyme.fr\\\/site\\\/le-projet-artistique-artlyme-perspectives-artistiques-sur-la-maladie-vues-par-les-malades\\\/\",\"url\":\"https:\\\/\\\/francelyme.fr\\\/site\\\/le-projet-artistique-artlyme-perspectives-artistiques-sur-la-maladie-vues-par-les-malades\\\/\",\"name\":\"Le projet artistique Artlyme : perspectives artistiques sur la maladie, vues par les malades - Association France Lyme\",\"isPartOf\":{\"@id\":\"https:\\\/\\\/francelyme.fr\\\/site\\\/#website\"},\"primaryImageOfPage\":{\"@id\":\"https:\\\/\\\/francelyme.fr\\\/site\\\/le-projet-artistique-artlyme-perspectives-artistiques-sur-la-maladie-vues-par-les-malades\\\/#primaryimage\"},\"image\":{\"@id\":\"https:\\\/\\\/francelyme.fr\\\/site\\\/le-projet-artistique-artlyme-perspectives-artistiques-sur-la-maladie-vues-par-les-malades\\\/#primaryimage\"},\"thumbnailUrl\":\"https:\\\/\\\/francelyme.fr\\\/site\\\/wp-content\\\/uploads\\\/2025\\\/04\\\/ArtLyme-WWLP-2025-intro-T-ELISA-1_rd.jpg\",\"datePublished\":\"2025-06-01T16:37:00+00:00\",\"dateModified\":\"2025-06-01T16:39:44+00:00\",\"breadcrumb\":{\"@id\":\"https:\\\/\\\/francelyme.fr\\\/site\\\/le-projet-artistique-artlyme-perspectives-artistiques-sur-la-maladie-vues-par-les-malades\\\/#breadcrumb\"},\"inLanguage\":\"fr-FR\",\"potentialAction\":[{\"@type\":\"ReadAction\",\"target\":[\"https:\\\/\\\/francelyme.fr\\\/site\\\/le-projet-artistique-artlyme-perspectives-artistiques-sur-la-maladie-vues-par-les-malades\\\/\"]}]},{\"@type\":\"ImageObject\",\"inLanguage\":\"fr-FR\",\"@id\":\"https:\\\/\\\/francelyme.fr\\\/site\\\/le-projet-artistique-artlyme-perspectives-artistiques-sur-la-maladie-vues-par-les-malades\\\/#primaryimage\",\"url\":\"https:\\\/\\\/francelyme.fr\\\/site\\\/wp-content\\\/uploads\\\/2025\\\/04\\\/ArtLyme-WWLP-2025-intro-T-ELISA-1_rd.jpg\",\"contentUrl\":\"https:\\\/\\\/francelyme.fr\\\/site\\\/wp-content\\\/uploads\\\/2025\\\/04\\\/ArtLyme-WWLP-2025-intro-T-ELISA-1_rd.jpg\",\"width\":534,\"height\":800},{\"@type\":\"BreadcrumbList\",\"@id\":\"https:\\\/\\\/francelyme.fr\\\/site\\\/le-projet-artistique-artlyme-perspectives-artistiques-sur-la-maladie-vues-par-les-malades\\\/#breadcrumb\",\"itemListElement\":[{\"@type\":\"ListItem\",\"position\":1,\"name\":\"Accueil\",\"item\":\"https:\\\/\\\/francelyme.fr\\\/site\\\/\"},{\"@type\":\"ListItem\",\"position\":2,\"name\":\"Le projet artistique Artlyme : perspectives artistiques sur la maladie, vues par les malades\"}]},{\"@type\":\"WebSite\",\"@id\":\"https:\\\/\\\/francelyme.fr\\\/site\\\/#website\",\"url\":\"https:\\\/\\\/francelyme.fr\\\/site\\\/\",\"name\":\"Association France Lyme\",\"description\":\"Association de lutte contre les maladies vectorielles \u00e0 tiques\",\"publisher\":{\"@id\":\"https:\\\/\\\/francelyme.fr\\\/site\\\/#organization\"},\"potentialAction\":[{\"@type\":\"SearchAction\",\"target\":{\"@type\":\"EntryPoint\",\"urlTemplate\":\"https:\\\/\\\/francelyme.fr\\\/site\\\/?s={search_term_string}\"},\"query-input\":{\"@type\":\"PropertyValueSpecification\",\"valueRequired\":true,\"valueName\":\"search_term_string\"}}],\"inLanguage\":\"fr-FR\"},{\"@type\":\"Organization\",\"@id\":\"https:\\\/\\\/francelyme.fr\\\/site\\\/#organization\",\"name\":\"France Lyme\",\"url\":\"https:\\\/\\\/francelyme.fr\\\/site\\\/\",\"logo\":{\"@type\":\"ImageObject\",\"inLanguage\":\"fr-FR\",\"@id\":\"https:\\\/\\\/francelyme.fr\\\/site\\\/#\\\/schema\\\/logo\\\/image\\\/\",\"url\":\"https:\\\/\\\/francelyme.fr\\\/site\\\/wp-content\\\/uploads\\\/2019\\\/05\\\/francelyme-site.gif\",\"contentUrl\":\"https:\\\/\\\/francelyme.fr\\\/site\\\/wp-content\\\/uploads\\\/2019\\\/05\\\/francelyme-site.gif\",\"width\":180,\"height\":180,\"caption\":\"France Lyme\"},\"image\":{\"@id\":\"https:\\\/\\\/francelyme.fr\\\/site\\\/#\\\/schema\\\/logo\\\/image\\\/\"},\"sameAs\":[\"https:\\\/\\\/www.facebook.com\\\/france.lyme\",\"https:\\\/\\\/x.com\\\/francelyme\",\"https:\\\/\\\/www.youtube.com\\\/channel\\\/UClMCGl3dvkz0iAgXFR1NH1A\"]},{\"@type\":\"Person\",\"@id\":\"https:\\\/\\\/francelyme.fr\\\/site\\\/#\\\/schema\\\/person\\\/f7bd0eb75be49e4795c4ea0b3767e039\",\"name\":\"adminntlyme\",\"image\":{\"@type\":\"ImageObject\",\"inLanguage\":\"fr-FR\",\"@id\":\"https:\\\/\\\/secure.gravatar.com\\\/avatar\\\/e9ab07a36659baa27b55dfef2a5432041c212015f8eb8a8d25b934c17a03cb54?s=96&d=mm&r=g\",\"url\":\"https:\\\/\\\/secure.gravatar.com\\\/avatar\\\/e9ab07a36659baa27b55dfef2a5432041c212015f8eb8a8d25b934c17a03cb54?s=96&d=mm&r=g\",\"contentUrl\":\"https:\\\/\\\/secure.gravatar.com\\\/avatar\\\/e9ab07a36659baa27b55dfef2a5432041c212015f8eb8a8d25b934c17a03cb54?s=96&d=mm&r=g\",\"caption\":\"adminntlyme\"},\"url\":\"https:\\\/\\\/francelyme.fr\\\/site\\\/author\\\/adminntlyme\\\/\"}]}<\/script>\n<!-- \/ Yoast SEO plugin. -->","yoast_head_json":{"title":"Le projet artistique Artlyme : perspectives artistiques sur la maladie, vues par les malades - Association France Lyme","robots":{"index":"index","follow":"follow","max-snippet":"max-snippet:-1","max-image-preview":"max-image-preview:large","max-video-preview":"max-video-preview:-1"},"canonical":"https:\/\/francelyme.fr\/site\/le-projet-artistique-artlyme-perspectives-artistiques-sur-la-maladie-vues-par-les-malades\/","og_locale":"fr_FR","og_type":"article","og_title":"Le projet artistique Artlyme : perspectives artistiques sur la maladie, vues par les malades - Association France Lyme","og_url":"https:\/\/francelyme.fr\/site\/le-projet-artistique-artlyme-perspectives-artistiques-sur-la-maladie-vues-par-les-malades\/","og_site_name":"Association France Lyme","article_publisher":"https:\/\/www.facebook.com\/france.lyme","article_published_time":"2025-06-01T16:37:00+00:00","article_modified_time":"2025-06-01T16:39:44+00:00","og_image":[{"width":534,"height":800,"url":"http:\/\/francelyme.fr\/site\/wp-content\/uploads\/2025\/04\/ArtLyme-WWLP-2025-intro-T-ELISA-1_rd.jpg","type":"image\/jpeg"}],"author":"adminntlyme","twitter_card":"summary_large_image","twitter_creator":"@francelyme","twitter_site":"@francelyme","twitter_misc":{"\u00c9crit par":"adminntlyme","Dur\u00e9e de lecture estim\u00e9e":"22 minutes"},"schema":{"@context":"https:\/\/schema.org","@graph":[{"@type":"Article","@id":"https:\/\/francelyme.fr\/site\/le-projet-artistique-artlyme-perspectives-artistiques-sur-la-maladie-vues-par-les-malades\/#article","isPartOf":{"@id":"https:\/\/francelyme.fr\/site\/le-projet-artistique-artlyme-perspectives-artistiques-sur-la-maladie-vues-par-les-malades\/"},"author":{"name":"adminntlyme","@id":"https:\/\/francelyme.fr\/site\/#\/schema\/person\/f7bd0eb75be49e4795c4ea0b3767e039"},"headline":"Le projet artistique Artlyme : perspectives artistiques sur la maladie, vues par les malades","datePublished":"2025-06-01T16:37:00+00:00","dateModified":"2025-06-01T16:39:44+00:00","mainEntityOfPage":{"@id":"https:\/\/francelyme.fr\/site\/le-projet-artistique-artlyme-perspectives-artistiques-sur-la-maladie-vues-par-les-malades\/"},"wordCount":712,"publisher":{"@id":"https:\/\/francelyme.fr\/site\/#organization"},"image":{"@id":"https:\/\/francelyme.fr\/site\/le-projet-artistique-artlyme-perspectives-artistiques-sur-la-maladie-vues-par-les-malades\/#primaryimage"},"thumbnailUrl":"https:\/\/francelyme.fr\/site\/wp-content\/uploads\/2025\/04\/ArtLyme-WWLP-2025-intro-T-ELISA-1_rd.jpg","articleSection":["Artistique","Mai en vert"],"inLanguage":"fr-FR"},{"@type":"WebPage","@id":"https:\/\/francelyme.fr\/site\/le-projet-artistique-artlyme-perspectives-artistiques-sur-la-maladie-vues-par-les-malades\/","url":"https:\/\/francelyme.fr\/site\/le-projet-artistique-artlyme-perspectives-artistiques-sur-la-maladie-vues-par-les-malades\/","name":"Le projet artistique Artlyme : perspectives artistiques sur la maladie, vues par les malades - Association France Lyme","isPartOf":{"@id":"https:\/\/francelyme.fr\/site\/#website"},"primaryImageOfPage":{"@id":"https:\/\/francelyme.fr\/site\/le-projet-artistique-artlyme-perspectives-artistiques-sur-la-maladie-vues-par-les-malades\/#primaryimage"},"image":{"@id":"https:\/\/francelyme.fr\/site\/le-projet-artistique-artlyme-perspectives-artistiques-sur-la-maladie-vues-par-les-malades\/#primaryimage"},"thumbnailUrl":"https:\/\/francelyme.fr\/site\/wp-content\/uploads\/2025\/04\/ArtLyme-WWLP-2025-intro-T-ELISA-1_rd.jpg","datePublished":"2025-06-01T16:37:00+00:00","dateModified":"2025-06-01T16:39:44+00:00","breadcrumb":{"@id":"https:\/\/francelyme.fr\/site\/le-projet-artistique-artlyme-perspectives-artistiques-sur-la-maladie-vues-par-les-malades\/#breadcrumb"},"inLanguage":"fr-FR","potentialAction":[{"@type":"ReadAction","target":["https:\/\/francelyme.fr\/site\/le-projet-artistique-artlyme-perspectives-artistiques-sur-la-maladie-vues-par-les-malades\/"]}]},{"@type":"ImageObject","inLanguage":"fr-FR","@id":"https:\/\/francelyme.fr\/site\/le-projet-artistique-artlyme-perspectives-artistiques-sur-la-maladie-vues-par-les-malades\/#primaryimage","url":"https:\/\/francelyme.fr\/site\/wp-content\/uploads\/2025\/04\/ArtLyme-WWLP-2025-intro-T-ELISA-1_rd.jpg","contentUrl":"https:\/\/francelyme.fr\/site\/wp-content\/uploads\/2025\/04\/ArtLyme-WWLP-2025-intro-T-ELISA-1_rd.jpg","width":534,"height":800},{"@type":"BreadcrumbList","@id":"https:\/\/francelyme.fr\/site\/le-projet-artistique-artlyme-perspectives-artistiques-sur-la-maladie-vues-par-les-malades\/#breadcrumb","itemListElement":[{"@type":"ListItem","position":1,"name":"Accueil","item":"https:\/\/francelyme.fr\/site\/"},{"@type":"ListItem","position":2,"name":"Le projet artistique Artlyme : perspectives artistiques sur la maladie, vues par les malades"}]},{"@type":"WebSite","@id":"https:\/\/francelyme.fr\/site\/#website","url":"https:\/\/francelyme.fr\/site\/","name":"Association France Lyme","description":"Association de lutte contre les maladies vectorielles \u00e0 tiques","publisher":{"@id":"https:\/\/francelyme.fr\/site\/#organization"},"potentialAction":[{"@type":"SearchAction","target":{"@type":"EntryPoint","urlTemplate":"https:\/\/francelyme.fr\/site\/?s={search_term_string}"},"query-input":{"@type":"PropertyValueSpecification","valueRequired":true,"valueName":"search_term_string"}}],"inLanguage":"fr-FR"},{"@type":"Organization","@id":"https:\/\/francelyme.fr\/site\/#organization","name":"France Lyme","url":"https:\/\/francelyme.fr\/site\/","logo":{"@type":"ImageObject","inLanguage":"fr-FR","@id":"https:\/\/francelyme.fr\/site\/#\/schema\/logo\/image\/","url":"https:\/\/francelyme.fr\/site\/wp-content\/uploads\/2019\/05\/francelyme-site.gif","contentUrl":"https:\/\/francelyme.fr\/site\/wp-content\/uploads\/2019\/05\/francelyme-site.gif","width":180,"height":180,"caption":"France Lyme"},"image":{"@id":"https:\/\/francelyme.fr\/site\/#\/schema\/logo\/image\/"},"sameAs":["https:\/\/www.facebook.com\/france.lyme","https:\/\/x.com\/francelyme","https:\/\/www.youtube.com\/channel\/UClMCGl3dvkz0iAgXFR1NH1A"]},{"@type":"Person","@id":"https:\/\/francelyme.fr\/site\/#\/schema\/person\/f7bd0eb75be49e4795c4ea0b3767e039","name":"adminntlyme","image":{"@type":"ImageObject","inLanguage":"fr-FR","@id":"https:\/\/secure.gravatar.com\/avatar\/e9ab07a36659baa27b55dfef2a5432041c212015f8eb8a8d25b934c17a03cb54?s=96&d=mm&r=g","url":"https:\/\/secure.gravatar.com\/avatar\/e9ab07a36659baa27b55dfef2a5432041c212015f8eb8a8d25b934c17a03cb54?s=96&d=mm&r=g","contentUrl":"https:\/\/secure.gravatar.com\/avatar\/e9ab07a36659baa27b55dfef2a5432041c212015f8eb8a8d25b934c17a03cb54?s=96&d=mm&r=g","caption":"adminntlyme"},"url":"https:\/\/francelyme.fr\/site\/author\/adminntlyme\/"}]}},"_links":{"self":[{"href":"https:\/\/francelyme.fr\/site\/wp-json\/wp\/v2\/posts\/18058","targetHints":{"allow":["GET"]}}],"collection":[{"href":"https:\/\/francelyme.fr\/site\/wp-json\/wp\/v2\/posts"}],"about":[{"href":"https:\/\/francelyme.fr\/site\/wp-json\/wp\/v2\/types\/post"}],"author":[{"embeddable":true,"href":"https:\/\/francelyme.fr\/site\/wp-json\/wp\/v2\/users\/17"}],"replies":[{"embeddable":true,"href":"https:\/\/francelyme.fr\/site\/wp-json\/wp\/v2\/comments?post=18058"}],"version-history":[{"count":9,"href":"https:\/\/francelyme.fr\/site\/wp-json\/wp\/v2\/posts\/18058\/revisions"}],"predecessor-version":[{"id":18182,"href":"https:\/\/francelyme.fr\/site\/wp-json\/wp\/v2\/posts\/18058\/revisions\/18182"}],"wp:featuredmedia":[{"embeddable":true,"href":"https:\/\/francelyme.fr\/site\/wp-json\/wp\/v2\/media\/17938"}],"wp:attachment":[{"href":"https:\/\/francelyme.fr\/site\/wp-json\/wp\/v2\/media?parent=18058"}],"wp:term":[{"taxonomy":"category","embeddable":true,"href":"https:\/\/francelyme.fr\/site\/wp-json\/wp\/v2\/categories?post=18058"},{"taxonomy":"post_tag","embeddable":true,"href":"https:\/\/francelyme.fr\/site\/wp-json\/wp\/v2\/tags?post=18058"}],"curies":[{"name":"wp","href":"https:\/\/api.w.org\/{rel}","templated":true}]}}