{"id":18170,"date":"2025-05-28T19:58:11","date_gmt":"2025-05-28T17:58:11","guid":{"rendered":"https:\/\/francelyme.fr\/site\/?p=18170"},"modified":"2025-05-28T20:01:28","modified_gmt":"2025-05-28T18:01:28","slug":"retour-sur-lassemblee-generale-ordinaire-du-dimanche-25-mai-2025-a-villers-les-nancy","status":"publish","type":"post","link":"https:\/\/francelyme.fr\/site\/retour-sur-lassemblee-generale-ordinaire-du-dimanche-25-mai-2025-a-villers-les-nancy\/","title":{"rendered":"Retour sur le week-end de coh\u00e9sion des b\u00e9n\u00e9voles et l&rsquo;assembl\u00e9e g\u00e9n\u00e9rale ordinaire du dimanche 25 mai 2025 \u00e0 Villers-les-Nancy"},"content":{"rendered":"<div class=\"like-button\" style=\"float: right; clear: both; text-align: right; width = 100%;\">\n<!-- Facebook Like Button Vivacity Infotech BEGIN -->\n<div class=\"fb-like\" data-href=\"https:\/\/francelyme.fr\/site\/retour-sur-lassemblee-generale-ordinaire-du-dimanche-25-mai-2025-a-villers-les-nancy\/\" data-layout=\"box_count\" data-action=\"like\" data-show-faces=\"false\" data-size=\"large\" data-width=\"450\" data-share=\"1\" ><\/div><\/div>\n<!-- Facebook Like Button Vivacity Infotech END -->\n<div id=\"fb-root\"><\/div>\n\n<p>Notre assembl\u00e9e g\u00e9n\u00e9rale est l\u2019occasion de faire un week-end de coh\u00e9sion avec les b\u00e9n\u00e9voles et les adh\u00e9rents de l\u2019association.<\/p>\n\n\n\n<p>Nous nous sommes retrouv\u00e9s d\u00e8s le jeudi soir pr\u00e8s de Nancy en r\u00e9gion Grand-Est car nous avions le rendez-vous avec le CRMVT de Brabois le lendemain matin.<\/p>\n\n\n\n<figure class=\"wp-block-gallery has-nested-images columns-default is-cropped wp-block-gallery-1 is-layout-flex wp-block-gallery-is-layout-flex\">\n<figure class=\"wp-block-image size-large\"><img loading=\"lazy\" decoding=\"async\" width=\"1024\" height=\"768\" data-id=\"18171\" src=\"https:\/\/francelyme.fr\/site\/wp-content\/uploads\/2025\/05\/2025.05.23-rencontre-CRMVT-Brabois-1024x768.jpg\" alt=\"\" class=\"wp-image-18171\" srcset=\"https:\/\/francelyme.fr\/site\/wp-content\/uploads\/2025\/05\/2025.05.23-rencontre-CRMVT-Brabois-1024x768.jpg 1024w, https:\/\/francelyme.fr\/site\/wp-content\/uploads\/2025\/05\/2025.05.23-rencontre-CRMVT-Brabois-300x225.jpg 300w, https:\/\/francelyme.fr\/site\/wp-content\/uploads\/2025\/05\/2025.05.23-rencontre-CRMVT-Brabois-768x576.jpg 768w, https:\/\/francelyme.fr\/site\/wp-content\/uploads\/2025\/05\/2025.05.23-rencontre-CRMVT-Brabois-1536x1152.jpg 1536w, https:\/\/francelyme.fr\/site\/wp-content\/uploads\/2025\/05\/2025.05.23-rencontre-CRMVT-Brabois-2048x1536.jpg 2048w, https:\/\/francelyme.fr\/site\/wp-content\/uploads\/2025\/05\/2025.05.23-rencontre-CRMVT-Brabois-1320x990.jpg 1320w\" sizes=\"auto, (max-width: 1024px) 100vw, 1024px\" \/><\/figure>\n\n\n\n<figure class=\"wp-block-image size-large\"><img loading=\"lazy\" decoding=\"async\" width=\"1024\" height=\"768\" data-id=\"18172\" src=\"https:\/\/francelyme.fr\/site\/wp-content\/uploads\/2025\/05\/2025.05.23-rencontre-CRMVT-Brabois-presents-1024x768.jpg\" alt=\"\" class=\"wp-image-18172\" srcset=\"https:\/\/francelyme.fr\/site\/wp-content\/uploads\/2025\/05\/2025.05.23-rencontre-CRMVT-Brabois-presents-1024x768.jpg 1024w, https:\/\/francelyme.fr\/site\/wp-content\/uploads\/2025\/05\/2025.05.23-rencontre-CRMVT-Brabois-presents-300x225.jpg 300w, https:\/\/francelyme.fr\/site\/wp-content\/uploads\/2025\/05\/2025.05.23-rencontre-CRMVT-Brabois-presents-768x576.jpg 768w, https:\/\/francelyme.fr\/site\/wp-content\/uploads\/2025\/05\/2025.05.23-rencontre-CRMVT-Brabois-presents-1536x1152.jpg 1536w, https:\/\/francelyme.fr\/site\/wp-content\/uploads\/2025\/05\/2025.05.23-rencontre-CRMVT-Brabois-presents-2048x1536.jpg 2048w, https:\/\/francelyme.fr\/site\/wp-content\/uploads\/2025\/05\/2025.05.23-rencontre-CRMVT-Brabois-presents-1320x990.jpg 1320w\" sizes=\"auto, (max-width: 1024px) 100vw, 1024px\" \/><\/figure>\n<\/figure>\n\n\n\n<p><\/p>\n\n\n\n<p>L&rsquo;apr\u00e8s-midi, nous avions organis\u00e9 une r\u00e9union avec une partie du conseil d&rsquo;administration de Lyme sans Fronti\u00e8res, qui est maintenant dissoute depuis fin mars.<\/p>\n\n\n<div class=\"wp-block-image\">\n<figure class=\"aligncenter size-large\"><img loading=\"lazy\" decoding=\"async\" width=\"1024\" height=\"473\" src=\"https:\/\/francelyme.fr\/site\/wp-content\/uploads\/2025\/05\/2025.05.23-Rencontre-LSF-Lyme-sans-frontieres-1024x473.jpeg\" alt=\"\" class=\"wp-image-18173\" srcset=\"https:\/\/francelyme.fr\/site\/wp-content\/uploads\/2025\/05\/2025.05.23-Rencontre-LSF-Lyme-sans-frontieres-1024x473.jpeg 1024w, https:\/\/francelyme.fr\/site\/wp-content\/uploads\/2025\/05\/2025.05.23-Rencontre-LSF-Lyme-sans-frontieres-300x139.jpeg 300w, https:\/\/francelyme.fr\/site\/wp-content\/uploads\/2025\/05\/2025.05.23-Rencontre-LSF-Lyme-sans-frontieres-768x355.jpeg 768w, https:\/\/francelyme.fr\/site\/wp-content\/uploads\/2025\/05\/2025.05.23-Rencontre-LSF-Lyme-sans-frontieres-1536x709.jpeg 1536w, https:\/\/francelyme.fr\/site\/wp-content\/uploads\/2025\/05\/2025.05.23-Rencontre-LSF-Lyme-sans-frontieres-1320x610.jpeg 1320w, https:\/\/francelyme.fr\/site\/wp-content\/uploads\/2025\/05\/2025.05.23-Rencontre-LSF-Lyme-sans-frontieres.jpeg 1600w\" sizes=\"auto, (max-width: 1024px) 100vw, 1024px\" \/><\/figure>\n<\/div>\n\n\n<p>Le samedi a \u00e9t\u00e9 une journ\u00e9e de travail sur l&rsquo;association avec les membres du conseil d\u2019administration de France Lyme et les b\u00e9n\u00e9voles en pr\u00e9sentiel, notamment ceux de la section lorraine cr\u00e9\u00e9 en novembre 2024 et en visio. <\/p>\n\n\n\n<p>Nous avons balay\u00e9 les sujets d\u2019actualit\u00e9s, les objectifs, projets associatifs et les groupes de travail propos\u00e9s par les membres pr\u00e9sents.<\/p>\n\n\n\n<figure class=\"wp-block-gallery has-nested-images columns-default is-cropped wp-block-gallery-2 is-layout-flex wp-block-gallery-is-layout-flex\">\n<figure class=\"wp-block-image size-large\"><img loading=\"lazy\" decoding=\"async\" width=\"1024\" height=\"768\" data-id=\"18174\" src=\"https:\/\/francelyme.fr\/site\/wp-content\/uploads\/2025\/05\/2025.05.24-we-de-cohesion-AGO-ODJ-samedi-presents-1024x768.jpg\" alt=\"\" class=\"wp-image-18174\" srcset=\"https:\/\/francelyme.fr\/site\/wp-content\/uploads\/2025\/05\/2025.05.24-we-de-cohesion-AGO-ODJ-samedi-presents-1024x768.jpg 1024w, https:\/\/francelyme.fr\/site\/wp-content\/uploads\/2025\/05\/2025.05.24-we-de-cohesion-AGO-ODJ-samedi-presents-300x225.jpg 300w, https:\/\/francelyme.fr\/site\/wp-content\/uploads\/2025\/05\/2025.05.24-we-de-cohesion-AGO-ODJ-samedi-presents-768x576.jpg 768w, https:\/\/francelyme.fr\/site\/wp-content\/uploads\/2025\/05\/2025.05.24-we-de-cohesion-AGO-ODJ-samedi-presents-1536x1152.jpg 1536w, https:\/\/francelyme.fr\/site\/wp-content\/uploads\/2025\/05\/2025.05.24-we-de-cohesion-AGO-ODJ-samedi-presents-1320x990.jpg 1320w, https:\/\/francelyme.fr\/site\/wp-content\/uploads\/2025\/05\/2025.05.24-we-de-cohesion-AGO-ODJ-samedi-presents.jpg 1600w\" sizes=\"auto, (max-width: 1024px) 100vw, 1024px\" \/><\/figure>\n\n\n\n<figure class=\"wp-block-image size-large\"><img loading=\"lazy\" decoding=\"async\" width=\"1024\" height=\"768\" data-id=\"18175\" src=\"https:\/\/francelyme.fr\/site\/wp-content\/uploads\/2025\/05\/2025.05.24-we-de-cohesion-AGO-ODJ-samedi-1024x768.jpg\" alt=\"\" class=\"wp-image-18175\" srcset=\"https:\/\/francelyme.fr\/site\/wp-content\/uploads\/2025\/05\/2025.05.24-we-de-cohesion-AGO-ODJ-samedi-1024x768.jpg 1024w, https:\/\/francelyme.fr\/site\/wp-content\/uploads\/2025\/05\/2025.05.24-we-de-cohesion-AGO-ODJ-samedi-300x225.jpg 300w, https:\/\/francelyme.fr\/site\/wp-content\/uploads\/2025\/05\/2025.05.24-we-de-cohesion-AGO-ODJ-samedi-768x576.jpg 768w, https:\/\/francelyme.fr\/site\/wp-content\/uploads\/2025\/05\/2025.05.24-we-de-cohesion-AGO-ODJ-samedi-1536x1152.jpg 1536w, https:\/\/francelyme.fr\/site\/wp-content\/uploads\/2025\/05\/2025.05.24-we-de-cohesion-AGO-ODJ-samedi-2048x1536.jpg 2048w, https:\/\/francelyme.fr\/site\/wp-content\/uploads\/2025\/05\/2025.05.24-we-de-cohesion-AGO-ODJ-samedi-1320x990.jpg 1320w\" sizes=\"auto, (max-width: 1024px) 100vw, 1024px\" \/><\/figure>\n<\/figure>\n\n\n\n<p>Julien Rueflin, du projet Alp&rsquo;Lyme, nous a rejoint une partie de la journ\u00e9e.<\/p>\n\n\n\n<p>Le tour de ville nous a permis de d\u00e9couvrir la place Stanislas et le centre ville.<\/p>\n\n\n\n<figure class=\"wp-block-gallery has-nested-images columns-default is-cropped wp-block-gallery-3 is-layout-flex wp-block-gallery-is-layout-flex\">\n<figure class=\"wp-block-image size-large\"><img loading=\"lazy\" decoding=\"async\" width=\"1024\" height=\"768\" data-id=\"18177\" src=\"https:\/\/francelyme.fr\/site\/wp-content\/uploads\/2025\/05\/2025.05.24-we-de-cohesion-AGO-visite-Nancy-1024x768.jpg\" alt=\"\" class=\"wp-image-18177\" srcset=\"https:\/\/francelyme.fr\/site\/wp-content\/uploads\/2025\/05\/2025.05.24-we-de-cohesion-AGO-visite-Nancy-1024x768.jpg 1024w, https:\/\/francelyme.fr\/site\/wp-content\/uploads\/2025\/05\/2025.05.24-we-de-cohesion-AGO-visite-Nancy-300x225.jpg 300w, https:\/\/francelyme.fr\/site\/wp-content\/uploads\/2025\/05\/2025.05.24-we-de-cohesion-AGO-visite-Nancy-768x576.jpg 768w, https:\/\/francelyme.fr\/site\/wp-content\/uploads\/2025\/05\/2025.05.24-we-de-cohesion-AGO-visite-Nancy-1536x1152.jpg 1536w, https:\/\/francelyme.fr\/site\/wp-content\/uploads\/2025\/05\/2025.05.24-we-de-cohesion-AGO-visite-Nancy-2048x1536.jpg 2048w, https:\/\/francelyme.fr\/site\/wp-content\/uploads\/2025\/05\/2025.05.24-we-de-cohesion-AGO-visite-Nancy-1320x990.jpg 1320w\" sizes=\"auto, (max-width: 1024px) 100vw, 1024px\" \/><\/figure>\n\n\n\n<figure class=\"wp-block-image size-large\"><img loading=\"lazy\" decoding=\"async\" width=\"1024\" height=\"768\" data-id=\"18176\" src=\"https:\/\/francelyme.fr\/site\/wp-content\/uploads\/2025\/05\/2025.05.24-we-de-cohesion-AGO-visite-Nancy-2-1024x768.jpg\" alt=\"\" class=\"wp-image-18176\" srcset=\"https:\/\/francelyme.fr\/site\/wp-content\/uploads\/2025\/05\/2025.05.24-we-de-cohesion-AGO-visite-Nancy-2-1024x768.jpg 1024w, https:\/\/francelyme.fr\/site\/wp-content\/uploads\/2025\/05\/2025.05.24-we-de-cohesion-AGO-visite-Nancy-2-300x225.jpg 300w, https:\/\/francelyme.fr\/site\/wp-content\/uploads\/2025\/05\/2025.05.24-we-de-cohesion-AGO-visite-Nancy-2-768x576.jpg 768w, https:\/\/francelyme.fr\/site\/wp-content\/uploads\/2025\/05\/2025.05.24-we-de-cohesion-AGO-visite-Nancy-2-1536x1152.jpg 1536w, https:\/\/francelyme.fr\/site\/wp-content\/uploads\/2025\/05\/2025.05.24-we-de-cohesion-AGO-visite-Nancy-2-2048x1536.jpg 2048w, https:\/\/francelyme.fr\/site\/wp-content\/uploads\/2025\/05\/2025.05.24-we-de-cohesion-AGO-visite-Nancy-2-1320x990.jpg 1320w\" sizes=\"auto, (max-width: 1024px) 100vw, 1024px\" \/><\/figure>\n<\/figure>\n\n\n\n<p>Ce fut un r\u00e9el plaisir de rencontrer les b\u00e9n\u00e9voles de la Lorraine &#8211; Anne, C\u00e9line, Val\u00e9rie et Fr\u00e9d\u00e9ric. <\/p>\n\n\n\n<div class=\"wp-block-media-text is-stacked-on-mobile\"><figure class=\"wp-block-media-text__media\"><img loading=\"lazy\" decoding=\"async\" width=\"1024\" height=\"768\" src=\"http:\/\/francelyme.fr\/site\/wp-content\/uploads\/2025\/05\/2025.05.25-AGO-Villers-les-Nancy-1024x768.jpg\" alt=\"\" class=\"wp-image-18178 size-full\" srcset=\"https:\/\/francelyme.fr\/site\/wp-content\/uploads\/2025\/05\/2025.05.25-AGO-Villers-les-Nancy-1024x768.jpg 1024w, https:\/\/francelyme.fr\/site\/wp-content\/uploads\/2025\/05\/2025.05.25-AGO-Villers-les-Nancy-300x225.jpg 300w, https:\/\/francelyme.fr\/site\/wp-content\/uploads\/2025\/05\/2025.05.25-AGO-Villers-les-Nancy-768x576.jpg 768w, https:\/\/francelyme.fr\/site\/wp-content\/uploads\/2025\/05\/2025.05.25-AGO-Villers-les-Nancy-1536x1152.jpg 1536w, https:\/\/francelyme.fr\/site\/wp-content\/uploads\/2025\/05\/2025.05.25-AGO-Villers-les-Nancy-2048x1536.jpg 2048w, https:\/\/francelyme.fr\/site\/wp-content\/uploads\/2025\/05\/2025.05.25-AGO-Villers-les-Nancy-1320x990.jpg 1320w\" sizes=\"auto, (max-width: 1024px) 100vw, 1024px\" \/><\/figure><div class=\"wp-block-media-text__content\">\n<h2 class=\"wp-block-heading\">Les documents de l\u2019assembl\u00e9e g\u00e9n\u00e9rale <\/h2>\n<\/div><\/div>\n\n\n\n<ul class=\"wp-block-list\">\n<li><a href=\"http:\/\/francelyme.fr\/site\/wp-content\/uploads\/2025\/05\/Proces-verbal-de-reunion-de-conseil-dadministration-du-dimanche-25-mai-2025-Anonyme.pdf\">Proc\u00e8s-verbal de r\u00e9union de conseil d&rsquo;administration du dimanche 25 mai 2025 \u00e0 Villers-les-Nancy<\/a><\/li>\n\n\n\n<li><a href=\"http:\/\/francelyme.fr\/site\/wp-content\/uploads\/2025\/05\/Proces-verbal-dassemblee-generale-ordinaire-du-dimanche-25-mai-2025-AGO-anonyme.pdf\">Proc\u00e8s-verbal d\u2019assembl\u00e9e g\u00e9n\u00e9rale ordinaire du dimanche 25 mai 2025 \u00e0 Villers-les-Nancy<\/a><\/li>\n\n\n\n<li><a href=\"http:\/\/francelyme.fr\/site\/wp-content\/uploads\/2025\/04\/2024-Rapport-activite-et-financier-compressed.pdf\" target=\"_blank\" rel=\"noreferrer noopener\">Le rapport moral, d&rsquo;activit\u00e9s et financier 2024<\/a><\/li>\n\n\n\n<li><a href=\"http:\/\/francelyme.fr\/site\/wp-content\/uploads\/2025\/05\/FRANCE-LYME-Comptes-au-31122024-Bilan-image.pdf\">Principaux indicateurs financiers du bilan financier 2024<\/a><\/li>\n<\/ul>\n\n\n\n<p>Cette ann\u00e9e, il n&rsquo;y a pas eu d&rsquo;adh\u00e9rent nous ayant rejoint \u00e0 l&rsquo;assembl\u00e9e g\u00e9n\u00e9rale en pr\u00e9sentiel.<\/p>\n\n\n\n<p>A l\u2019an prochain ! Quel sera la prochaine destination?<\/p>\n<div class=\"like-button\" style=\"float: right; clear: both; text-align: right; width = 100%;\">\n<!-- Facebook Like Button Vivacity Infotech BEGIN -->\n<div class=\"fb-like\" data-href=\"https:\/\/francelyme.fr\/site\/retour-sur-lassemblee-generale-ordinaire-du-dimanche-25-mai-2025-a-villers-les-nancy\/\" data-layout=\"box_count\" data-action=\"like\" data-show-faces=\"false\" data-size=\"large\" data-width=\"450\" data-share=\"1\" ><\/div><\/div>\n<!-- Facebook Like Button Vivacity Infotech END -->\n","protected":false},"excerpt":{"rendered":"","protected":false},"author":17,"featured_media":18178,"comment_status":"closed","ping_status":"open","sticky":false,"template":"","format":"standard","meta":{"footnotes":""},"categories":[7],"tags":[],"class_list":["post-18170","post","type-post","status-publish","format-standard","has-post-thumbnail","hentry","category-actions"],"yoast_head":"<!-- This site is optimized with the Yoast SEO plugin v27.3 - https:\/\/yoast.com\/product\/yoast-seo-wordpress\/ -->\n<title>Retour sur le week-end de coh\u00e9sion des b\u00e9n\u00e9voles et l&#039;assembl\u00e9e g\u00e9n\u00e9rale ordinaire du dimanche 25 mai 2025 \u00e0 Villers-les-Nancy - Association France Lyme<\/title>\n<meta name=\"robots\" content=\"index, follow, max-snippet:-1, max-image-preview:large, max-video-preview:-1\" \/>\n<link rel=\"canonical\" href=\"https:\/\/francelyme.fr\/site\/retour-sur-lassemblee-generale-ordinaire-du-dimanche-25-mai-2025-a-villers-les-nancy\/\" \/>\n<meta property=\"og:locale\" content=\"fr_FR\" \/>\n<meta property=\"og:type\" content=\"article\" \/>\n<meta property=\"og:title\" content=\"Retour sur le week-end de coh\u00e9sion des b\u00e9n\u00e9voles et l&#039;assembl\u00e9e g\u00e9n\u00e9rale ordinaire du dimanche 25 mai 2025 \u00e0 Villers-les-Nancy - Association France Lyme\" \/>\n<meta property=\"og:url\" content=\"https:\/\/francelyme.fr\/site\/retour-sur-lassemblee-generale-ordinaire-du-dimanche-25-mai-2025-a-villers-les-nancy\/\" \/>\n<meta property=\"og:site_name\" content=\"Association France Lyme\" \/>\n<meta property=\"article:publisher\" content=\"https:\/\/www.facebook.com\/france.lyme\" \/>\n<meta property=\"article:published_time\" content=\"2025-05-28T17:58:11+00:00\" \/>\n<meta property=\"article:modified_time\" content=\"2025-05-28T18:01:28+00:00\" \/>\n<meta property=\"og:image\" content=\"http:\/\/francelyme.fr\/site\/wp-content\/uploads\/2025\/05\/2025.05.25-AGO-Villers-les-Nancy-scaled.jpg\" \/>\n\t<meta property=\"og:image:width\" content=\"2560\" \/>\n\t<meta property=\"og:image:height\" content=\"1920\" \/>\n\t<meta property=\"og:image:type\" content=\"image\/jpeg\" \/>\n<meta name=\"author\" content=\"adminntlyme\" \/>\n<meta name=\"twitter:card\" content=\"summary_large_image\" \/>\n<meta name=\"twitter:creator\" content=\"@francelyme\" \/>\n<meta name=\"twitter:site\" content=\"@francelyme\" \/>\n<meta name=\"twitter:label1\" content=\"\u00c9crit par\" \/>\n\t<meta name=\"twitter:data1\" content=\"adminntlyme\" \/>\n\t<meta name=\"twitter:label2\" content=\"Dur\u00e9e de lecture estim\u00e9e\" \/>\n\t<meta name=\"twitter:data2\" content=\"4 minutes\" \/>\n<script type=\"application\/ld+json\" class=\"yoast-schema-graph\">{\"@context\":\"https:\\\/\\\/schema.org\",\"@graph\":[{\"@type\":\"Article\",\"@id\":\"https:\\\/\\\/francelyme.fr\\\/site\\\/retour-sur-lassemblee-generale-ordinaire-du-dimanche-25-mai-2025-a-villers-les-nancy\\\/#article\",\"isPartOf\":{\"@id\":\"https:\\\/\\\/francelyme.fr\\\/site\\\/retour-sur-lassemblee-generale-ordinaire-du-dimanche-25-mai-2025-a-villers-les-nancy\\\/\"},\"author\":{\"name\":\"adminntlyme\",\"@id\":\"https:\\\/\\\/francelyme.fr\\\/site\\\/#\\\/schema\\\/person\\\/f7bd0eb75be49e4795c4ea0b3767e039\"},\"headline\":\"Retour sur le week-end de coh\u00e9sion des b\u00e9n\u00e9voles et l&rsquo;assembl\u00e9e g\u00e9n\u00e9rale ordinaire du dimanche 25 mai 2025 \u00e0 Villers-les-Nancy\",\"datePublished\":\"2025-05-28T17:58:11+00:00\",\"dateModified\":\"2025-05-28T18:01:28+00:00\",\"mainEntityOfPage\":{\"@id\":\"https:\\\/\\\/francelyme.fr\\\/site\\\/retour-sur-lassemblee-generale-ordinaire-du-dimanche-25-mai-2025-a-villers-les-nancy\\\/\"},\"wordCount\":315,\"publisher\":{\"@id\":\"https:\\\/\\\/francelyme.fr\\\/site\\\/#organization\"},\"image\":{\"@id\":\"https:\\\/\\\/francelyme.fr\\\/site\\\/retour-sur-lassemblee-generale-ordinaire-du-dimanche-25-mai-2025-a-villers-les-nancy\\\/#primaryimage\"},\"thumbnailUrl\":\"https:\\\/\\\/francelyme.fr\\\/site\\\/wp-content\\\/uploads\\\/2025\\\/05\\\/2025.05.25-AGO-Villers-les-Nancy-scaled.jpg\",\"articleSection\":[\"Actions et stands\"],\"inLanguage\":\"fr-FR\"},{\"@type\":\"WebPage\",\"@id\":\"https:\\\/\\\/francelyme.fr\\\/site\\\/retour-sur-lassemblee-generale-ordinaire-du-dimanche-25-mai-2025-a-villers-les-nancy\\\/\",\"url\":\"https:\\\/\\\/francelyme.fr\\\/site\\\/retour-sur-lassemblee-generale-ordinaire-du-dimanche-25-mai-2025-a-villers-les-nancy\\\/\",\"name\":\"Retour sur le week-end de coh\u00e9sion des b\u00e9n\u00e9voles et l'assembl\u00e9e g\u00e9n\u00e9rale ordinaire du dimanche 25 mai 2025 \u00e0 Villers-les-Nancy - Association France Lyme\",\"isPartOf\":{\"@id\":\"https:\\\/\\\/francelyme.fr\\\/site\\\/#website\"},\"primaryImageOfPage\":{\"@id\":\"https:\\\/\\\/francelyme.fr\\\/site\\\/retour-sur-lassemblee-generale-ordinaire-du-dimanche-25-mai-2025-a-villers-les-nancy\\\/#primaryimage\"},\"image\":{\"@id\":\"https:\\\/\\\/francelyme.fr\\\/site\\\/retour-sur-lassemblee-generale-ordinaire-du-dimanche-25-mai-2025-a-villers-les-nancy\\\/#primaryimage\"},\"thumbnailUrl\":\"https:\\\/\\\/francelyme.fr\\\/site\\\/wp-content\\\/uploads\\\/2025\\\/05\\\/2025.05.25-AGO-Villers-les-Nancy-scaled.jpg\",\"datePublished\":\"2025-05-28T17:58:11+00:00\",\"dateModified\":\"2025-05-28T18:01:28+00:00\",\"breadcrumb\":{\"@id\":\"https:\\\/\\\/francelyme.fr\\\/site\\\/retour-sur-lassemblee-generale-ordinaire-du-dimanche-25-mai-2025-a-villers-les-nancy\\\/#breadcrumb\"},\"inLanguage\":\"fr-FR\",\"potentialAction\":[{\"@type\":\"ReadAction\",\"target\":[\"https:\\\/\\\/francelyme.fr\\\/site\\\/retour-sur-lassemblee-generale-ordinaire-du-dimanche-25-mai-2025-a-villers-les-nancy\\\/\"]}]},{\"@type\":\"ImageObject\",\"inLanguage\":\"fr-FR\",\"@id\":\"https:\\\/\\\/francelyme.fr\\\/site\\\/retour-sur-lassemblee-generale-ordinaire-du-dimanche-25-mai-2025-a-villers-les-nancy\\\/#primaryimage\",\"url\":\"https:\\\/\\\/francelyme.fr\\\/site\\\/wp-content\\\/uploads\\\/2025\\\/05\\\/2025.05.25-AGO-Villers-les-Nancy-scaled.jpg\",\"contentUrl\":\"https:\\\/\\\/francelyme.fr\\\/site\\\/wp-content\\\/uploads\\\/2025\\\/05\\\/2025.05.25-AGO-Villers-les-Nancy-scaled.jpg\",\"width\":2560,\"height\":1920},{\"@type\":\"BreadcrumbList\",\"@id\":\"https:\\\/\\\/francelyme.fr\\\/site\\\/retour-sur-lassemblee-generale-ordinaire-du-dimanche-25-mai-2025-a-villers-les-nancy\\\/#breadcrumb\",\"itemListElement\":[{\"@type\":\"ListItem\",\"position\":1,\"name\":\"Accueil\",\"item\":\"https:\\\/\\\/francelyme.fr\\\/site\\\/\"},{\"@type\":\"ListItem\",\"position\":2,\"name\":\"Retour sur le week-end de coh\u00e9sion des b\u00e9n\u00e9voles et l&rsquo;assembl\u00e9e g\u00e9n\u00e9rale ordinaire du dimanche 25 mai 2025 \u00e0 Villers-les-Nancy\"}]},{\"@type\":\"WebSite\",\"@id\":\"https:\\\/\\\/francelyme.fr\\\/site\\\/#website\",\"url\":\"https:\\\/\\\/francelyme.fr\\\/site\\\/\",\"name\":\"Association France Lyme\",\"description\":\"Association de lutte contre les maladies vectorielles \u00e0 tiques\",\"publisher\":{\"@id\":\"https:\\\/\\\/francelyme.fr\\\/site\\\/#organization\"},\"potentialAction\":[{\"@type\":\"SearchAction\",\"target\":{\"@type\":\"EntryPoint\",\"urlTemplate\":\"https:\\\/\\\/francelyme.fr\\\/site\\\/?s={search_term_string}\"},\"query-input\":{\"@type\":\"PropertyValueSpecification\",\"valueRequired\":true,\"valueName\":\"search_term_string\"}}],\"inLanguage\":\"fr-FR\"},{\"@type\":\"Organization\",\"@id\":\"https:\\\/\\\/francelyme.fr\\\/site\\\/#organization\",\"name\":\"France Lyme\",\"url\":\"https:\\\/\\\/francelyme.fr\\\/site\\\/\",\"logo\":{\"@type\":\"ImageObject\",\"inLanguage\":\"fr-FR\",\"@id\":\"https:\\\/\\\/francelyme.fr\\\/site\\\/#\\\/schema\\\/logo\\\/image\\\/\",\"url\":\"https:\\\/\\\/francelyme.fr\\\/site\\\/wp-content\\\/uploads\\\/2019\\\/05\\\/francelyme-site.gif\",\"contentUrl\":\"https:\\\/\\\/francelyme.fr\\\/site\\\/wp-content\\\/uploads\\\/2019\\\/05\\\/francelyme-site.gif\",\"width\":180,\"height\":180,\"caption\":\"France Lyme\"},\"image\":{\"@id\":\"https:\\\/\\\/francelyme.fr\\\/site\\\/#\\\/schema\\\/logo\\\/image\\\/\"},\"sameAs\":[\"https:\\\/\\\/www.facebook.com\\\/france.lyme\",\"https:\\\/\\\/x.com\\\/francelyme\",\"https:\\\/\\\/www.youtube.com\\\/channel\\\/UClMCGl3dvkz0iAgXFR1NH1A\"]},{\"@type\":\"Person\",\"@id\":\"https:\\\/\\\/francelyme.fr\\\/site\\\/#\\\/schema\\\/person\\\/f7bd0eb75be49e4795c4ea0b3767e039\",\"name\":\"adminntlyme\",\"image\":{\"@type\":\"ImageObject\",\"inLanguage\":\"fr-FR\",\"@id\":\"https:\\\/\\\/secure.gravatar.com\\\/avatar\\\/e9ab07a36659baa27b55dfef2a5432041c212015f8eb8a8d25b934c17a03cb54?s=96&d=mm&r=g\",\"url\":\"https:\\\/\\\/secure.gravatar.com\\\/avatar\\\/e9ab07a36659baa27b55dfef2a5432041c212015f8eb8a8d25b934c17a03cb54?s=96&d=mm&r=g\",\"contentUrl\":\"https:\\\/\\\/secure.gravatar.com\\\/avatar\\\/e9ab07a36659baa27b55dfef2a5432041c212015f8eb8a8d25b934c17a03cb54?s=96&d=mm&r=g\",\"caption\":\"adminntlyme\"},\"url\":\"https:\\\/\\\/francelyme.fr\\\/site\\\/author\\\/adminntlyme\\\/\"}]}<\/script>\n<!-- \/ Yoast SEO plugin. -->","yoast_head_json":{"title":"Retour sur le week-end de coh\u00e9sion des b\u00e9n\u00e9voles et l'assembl\u00e9e g\u00e9n\u00e9rale ordinaire du dimanche 25 mai 2025 \u00e0 Villers-les-Nancy - Association France Lyme","robots":{"index":"index","follow":"follow","max-snippet":"max-snippet:-1","max-image-preview":"max-image-preview:large","max-video-preview":"max-video-preview:-1"},"canonical":"https:\/\/francelyme.fr\/site\/retour-sur-lassemblee-generale-ordinaire-du-dimanche-25-mai-2025-a-villers-les-nancy\/","og_locale":"fr_FR","og_type":"article","og_title":"Retour sur le week-end de coh\u00e9sion des b\u00e9n\u00e9voles et l'assembl\u00e9e g\u00e9n\u00e9rale ordinaire du dimanche 25 mai 2025 \u00e0 Villers-les-Nancy - Association France Lyme","og_url":"https:\/\/francelyme.fr\/site\/retour-sur-lassemblee-generale-ordinaire-du-dimanche-25-mai-2025-a-villers-les-nancy\/","og_site_name":"Association France Lyme","article_publisher":"https:\/\/www.facebook.com\/france.lyme","article_published_time":"2025-05-28T17:58:11+00:00","article_modified_time":"2025-05-28T18:01:28+00:00","og_image":[{"width":2560,"height":1920,"url":"http:\/\/francelyme.fr\/site\/wp-content\/uploads\/2025\/05\/2025.05.25-AGO-Villers-les-Nancy-scaled.jpg","type":"image\/jpeg"}],"author":"adminntlyme","twitter_card":"summary_large_image","twitter_creator":"@francelyme","twitter_site":"@francelyme","twitter_misc":{"\u00c9crit par":"adminntlyme","Dur\u00e9e de lecture estim\u00e9e":"4 minutes"},"schema":{"@context":"https:\/\/schema.org","@graph":[{"@type":"Article","@id":"https:\/\/francelyme.fr\/site\/retour-sur-lassemblee-generale-ordinaire-du-dimanche-25-mai-2025-a-villers-les-nancy\/#article","isPartOf":{"@id":"https:\/\/francelyme.fr\/site\/retour-sur-lassemblee-generale-ordinaire-du-dimanche-25-mai-2025-a-villers-les-nancy\/"},"author":{"name":"adminntlyme","@id":"https:\/\/francelyme.fr\/site\/#\/schema\/person\/f7bd0eb75be49e4795c4ea0b3767e039"},"headline":"Retour sur le week-end de coh\u00e9sion des b\u00e9n\u00e9voles et l&rsquo;assembl\u00e9e g\u00e9n\u00e9rale ordinaire du dimanche 25 mai 2025 \u00e0 Villers-les-Nancy","datePublished":"2025-05-28T17:58:11+00:00","dateModified":"2025-05-28T18:01:28+00:00","mainEntityOfPage":{"@id":"https:\/\/francelyme.fr\/site\/retour-sur-lassemblee-generale-ordinaire-du-dimanche-25-mai-2025-a-villers-les-nancy\/"},"wordCount":315,"publisher":{"@id":"https:\/\/francelyme.fr\/site\/#organization"},"image":{"@id":"https:\/\/francelyme.fr\/site\/retour-sur-lassemblee-generale-ordinaire-du-dimanche-25-mai-2025-a-villers-les-nancy\/#primaryimage"},"thumbnailUrl":"https:\/\/francelyme.fr\/site\/wp-content\/uploads\/2025\/05\/2025.05.25-AGO-Villers-les-Nancy-scaled.jpg","articleSection":["Actions et stands"],"inLanguage":"fr-FR"},{"@type":"WebPage","@id":"https:\/\/francelyme.fr\/site\/retour-sur-lassemblee-generale-ordinaire-du-dimanche-25-mai-2025-a-villers-les-nancy\/","url":"https:\/\/francelyme.fr\/site\/retour-sur-lassemblee-generale-ordinaire-du-dimanche-25-mai-2025-a-villers-les-nancy\/","name":"Retour sur le week-end de coh\u00e9sion des b\u00e9n\u00e9voles et l'assembl\u00e9e g\u00e9n\u00e9rale ordinaire du dimanche 25 mai 2025 \u00e0 Villers-les-Nancy - Association France Lyme","isPartOf":{"@id":"https:\/\/francelyme.fr\/site\/#website"},"primaryImageOfPage":{"@id":"https:\/\/francelyme.fr\/site\/retour-sur-lassemblee-generale-ordinaire-du-dimanche-25-mai-2025-a-villers-les-nancy\/#primaryimage"},"image":{"@id":"https:\/\/francelyme.fr\/site\/retour-sur-lassemblee-generale-ordinaire-du-dimanche-25-mai-2025-a-villers-les-nancy\/#primaryimage"},"thumbnailUrl":"https:\/\/francelyme.fr\/site\/wp-content\/uploads\/2025\/05\/2025.05.25-AGO-Villers-les-Nancy-scaled.jpg","datePublished":"2025-05-28T17:58:11+00:00","dateModified":"2025-05-28T18:01:28+00:00","breadcrumb":{"@id":"https:\/\/francelyme.fr\/site\/retour-sur-lassemblee-generale-ordinaire-du-dimanche-25-mai-2025-a-villers-les-nancy\/#breadcrumb"},"inLanguage":"fr-FR","potentialAction":[{"@type":"ReadAction","target":["https:\/\/francelyme.fr\/site\/retour-sur-lassemblee-generale-ordinaire-du-dimanche-25-mai-2025-a-villers-les-nancy\/"]}]},{"@type":"ImageObject","inLanguage":"fr-FR","@id":"https:\/\/francelyme.fr\/site\/retour-sur-lassemblee-generale-ordinaire-du-dimanche-25-mai-2025-a-villers-les-nancy\/#primaryimage","url":"https:\/\/francelyme.fr\/site\/wp-content\/uploads\/2025\/05\/2025.05.25-AGO-Villers-les-Nancy-scaled.jpg","contentUrl":"https:\/\/francelyme.fr\/site\/wp-content\/uploads\/2025\/05\/2025.05.25-AGO-Villers-les-Nancy-scaled.jpg","width":2560,"height":1920},{"@type":"BreadcrumbList","@id":"https:\/\/francelyme.fr\/site\/retour-sur-lassemblee-generale-ordinaire-du-dimanche-25-mai-2025-a-villers-les-nancy\/#breadcrumb","itemListElement":[{"@type":"ListItem","position":1,"name":"Accueil","item":"https:\/\/francelyme.fr\/site\/"},{"@type":"ListItem","position":2,"name":"Retour sur le week-end de coh\u00e9sion des b\u00e9n\u00e9voles et l&rsquo;assembl\u00e9e g\u00e9n\u00e9rale ordinaire du dimanche 25 mai 2025 \u00e0 Villers-les-Nancy"}]},{"@type":"WebSite","@id":"https:\/\/francelyme.fr\/site\/#website","url":"https:\/\/francelyme.fr\/site\/","name":"Association France Lyme","description":"Association de lutte contre les maladies vectorielles \u00e0 tiques","publisher":{"@id":"https:\/\/francelyme.fr\/site\/#organization"},"potentialAction":[{"@type":"SearchAction","target":{"@type":"EntryPoint","urlTemplate":"https:\/\/francelyme.fr\/site\/?s={search_term_string}"},"query-input":{"@type":"PropertyValueSpecification","valueRequired":true,"valueName":"search_term_string"}}],"inLanguage":"fr-FR"},{"@type":"Organization","@id":"https:\/\/francelyme.fr\/site\/#organization","name":"France Lyme","url":"https:\/\/francelyme.fr\/site\/","logo":{"@type":"ImageObject","inLanguage":"fr-FR","@id":"https:\/\/francelyme.fr\/site\/#\/schema\/logo\/image\/","url":"https:\/\/francelyme.fr\/site\/wp-content\/uploads\/2019\/05\/francelyme-site.gif","contentUrl":"https:\/\/francelyme.fr\/site\/wp-content\/uploads\/2019\/05\/francelyme-site.gif","width":180,"height":180,"caption":"France Lyme"},"image":{"@id":"https:\/\/francelyme.fr\/site\/#\/schema\/logo\/image\/"},"sameAs":["https:\/\/www.facebook.com\/france.lyme","https:\/\/x.com\/francelyme","https:\/\/www.youtube.com\/channel\/UClMCGl3dvkz0iAgXFR1NH1A"]},{"@type":"Person","@id":"https:\/\/francelyme.fr\/site\/#\/schema\/person\/f7bd0eb75be49e4795c4ea0b3767e039","name":"adminntlyme","image":{"@type":"ImageObject","inLanguage":"fr-FR","@id":"https:\/\/secure.gravatar.com\/avatar\/e9ab07a36659baa27b55dfef2a5432041c212015f8eb8a8d25b934c17a03cb54?s=96&d=mm&r=g","url":"https:\/\/secure.gravatar.com\/avatar\/e9ab07a36659baa27b55dfef2a5432041c212015f8eb8a8d25b934c17a03cb54?s=96&d=mm&r=g","contentUrl":"https:\/\/secure.gravatar.com\/avatar\/e9ab07a36659baa27b55dfef2a5432041c212015f8eb8a8d25b934c17a03cb54?s=96&d=mm&r=g","caption":"adminntlyme"},"url":"https:\/\/francelyme.fr\/site\/author\/adminntlyme\/"}]}},"_links":{"self":[{"href":"https:\/\/francelyme.fr\/site\/wp-json\/wp\/v2\/posts\/18170","targetHints":{"allow":["GET"]}}],"collection":[{"href":"https:\/\/francelyme.fr\/site\/wp-json\/wp\/v2\/posts"}],"about":[{"href":"https:\/\/francelyme.fr\/site\/wp-json\/wp\/v2\/types\/post"}],"author":[{"embeddable":true,"href":"https:\/\/francelyme.fr\/site\/wp-json\/wp\/v2\/users\/17"}],"replies":[{"embeddable":true,"href":"https:\/\/francelyme.fr\/site\/wp-json\/wp\/v2\/comments?post=18170"}],"version-history":[{"count":2,"href":"https:\/\/francelyme.fr\/site\/wp-json\/wp\/v2\/posts\/18170\/revisions"}],"predecessor-version":[{"id":18180,"href":"https:\/\/francelyme.fr\/site\/wp-json\/wp\/v2\/posts\/18170\/revisions\/18180"}],"wp:featuredmedia":[{"embeddable":true,"href":"https:\/\/francelyme.fr\/site\/wp-json\/wp\/v2\/media\/18178"}],"wp:attachment":[{"href":"https:\/\/francelyme.fr\/site\/wp-json\/wp\/v2\/media?parent=18170"}],"wp:term":[{"taxonomy":"category","embeddable":true,"href":"https:\/\/francelyme.fr\/site\/wp-json\/wp\/v2\/categories?post=18170"},{"taxonomy":"post_tag","embeddable":true,"href":"https:\/\/francelyme.fr\/site\/wp-json\/wp\/v2\/tags?post=18170"}],"curies":[{"name":"wp","href":"https:\/\/api.w.org\/{rel}","templated":true}]}}