{"id":18397,"date":"2025-06-15T18:54:17","date_gmt":"2025-06-15T16:54:17","guid":{"rendered":"https:\/\/francelyme.fr\/site\/?p=18397"},"modified":"2025-10-09T12:01:14","modified_gmt":"2025-10-09T10:01:14","slug":"retour-d-experience-sur-les-centres-maladies-vectorielles-a-tiques-crmvt-et-ccmvt","status":"publish","type":"post","link":"https:\/\/francelyme.fr\/site\/retour-d-experience-sur-les-centres-maladies-vectorielles-a-tiques-crmvt-et-ccmvt\/","title":{"rendered":"Retour d&rsquo;exp\u00e9rience sur les centres maladies vectorielles \u00e0 tiques : CRMVT* et CCMVT**"},"content":{"rendered":"<div class=\"like-button\" style=\"float: right; clear: both; text-align: right; width = 100%;\">\n<!-- Facebook Like Button Vivacity Infotech BEGIN -->\n<div class=\"fb-like\" data-href=\"https:\/\/francelyme.fr\/site\/retour-d-experience-sur-les-centres-maladies-vectorielles-a-tiques-crmvt-et-ccmvt\/\" data-layout=\"box_count\" data-action=\"like\" data-show-faces=\"false\" data-size=\"large\" data-width=\"450\" data-share=\"1\" ><\/div><\/div>\n<!-- Facebook Like Button Vivacity Infotech END -->\n<div id=\"fb-root\"><\/div>\n\n<p>* Centres de r\u00e9f\u00e9rence des maladies vectorielles \u00e0 tique<br>** Centres de comp\u00e9tence des maladies vectorielles \u00e0 tique<\/p>\n\n\n\n<p>Chers malades, sympathisants, famille de malade, adh\u00e9rents,<br>Merci de r\u00e9pondre \u00e0 ce sondage, qui vous prendra moins de 10 minutes, <a href=\"https:\/\/fr.surveymonkey.com\/r\/5Y375MJ\">en suivant ce lien.<\/a><\/p>\n\n\n\n<p>Notre objectif est simple : <strong>mieux conna\u00eetre votre exp\u00e9rience en France dans les centres MVT, et votre \u00e9tat de sant\u00e9, pour argumenter et continuer \u00e0 faire avancer la prise en charge du Lyme long par notre syst\u00e8me de sant\u00e9.<\/strong><\/p>\n\n\n\n<p>Ces centres de r\u00e9f\u00e9rence et de comp\u00e9tence r\u00e9partis sur le territoire, ont \u00e9t\u00e9 cr\u00e9\u00e9s en 2019, suite aux premi\u00e8res recommandations de bonnes pratiques sur la maladie de Lyme et les maladies vectorielles \u00e0 tique.<\/p>\n\n\n\n<p>Nous avons besoin de chacun, chaque t\u00e9moignage sera utile, quelle que soit votre situation.<br><strong>Tous vos t\u00e9moignages comptent<\/strong>, m\u00eame si vous n&rsquo;avez pas obtenu de rendez-vous.<\/p>\n\n\n\n<p>N&rsquo;h\u00e9sitez pas \u00e0 l&rsquo;envoyer \u00e0 votre famille et amis qui ont consult\u00e9 dans l&rsquo;un de ces centres.<\/p>\n\n\n\n<p>L&rsquo;id\u00e9e est d&rsquo;abord de partager les r\u00e9sultats avec vous, et de <strong>faire remonter votre voix et votre retour d&rsquo;exp\u00e9rience vers les autorit\u00e9s de sant\u00e9<\/strong>.<\/p>\n\n\n\n<p>Bien s\u00fbr, nous vous garantissons que les informations collect\u00e9es resteront strictement confidentielles dans l\u2019association ; seules les donn\u00e9es statistiques anonymes issues de ce questionnaire seront utilis\u00e9es.<\/p>\n\n\n\n<p>Nous vous remercions par avance pour votre participation.<br>Bien cordialement,<br>L&rsquo;\u00e9quipe de France Lyme<\/p>\n\n\n\n<p>Lien vers le retour d&rsquo;exp\u00e9rience sur les centres maladies vectorielles \u00e0 tiques : CRMVT* et CCMVT** : <a href=\"https:\/\/fr.surveymonkey.com\/r\/5Y375MJ\">https:\/\/fr.surveymonkey.com\/r\/5Y375MJ<\/a><\/p>\n\n\n\n<p class=\"has-small-font-size\"><em>Les informations recueillies sur ce formulaire pourront \u00eatre enregistr\u00e9es dans un fichier informatis\u00e9 accessible uniquement par l&rsquo;association France Lyme. Vous pouvez acc\u00e9der aux donn\u00e9es vous concernant, les rectifier, demander leur effacement ou exercer votre droit \u00e0 la limitation du traitement de vos donn\u00e9es, \u00e0 tout moment. Pour exercer ces droits ou pour toute question sur le traitement de vos donn\u00e9es dans ce dispositif, vous pouvez contacter France Lyme : https:\/\/francelyme.fr\/site\/contacter-france-lyme\/<\/em><\/p>\n\n\n<div class=\"wp-block-image\">\n<figure class=\"aligncenter size-full\"><img loading=\"lazy\" decoding=\"async\" width=\"1024\" height=\"1024\" src=\"https:\/\/francelyme.fr\/site\/wp-content\/uploads\/2025\/06\/Centres-MVT-sondage-questionnaire-Visuel-carre-pour-articles.jpg\" alt=\"\" class=\"wp-image-18398\" srcset=\"https:\/\/francelyme.fr\/site\/wp-content\/uploads\/2025\/06\/Centres-MVT-sondage-questionnaire-Visuel-carre-pour-articles.jpg 1024w, https:\/\/francelyme.fr\/site\/wp-content\/uploads\/2025\/06\/Centres-MVT-sondage-questionnaire-Visuel-carre-pour-articles-300x300.jpg 300w, https:\/\/francelyme.fr\/site\/wp-content\/uploads\/2025\/06\/Centres-MVT-sondage-questionnaire-Visuel-carre-pour-articles-150x150.jpg 150w, https:\/\/francelyme.fr\/site\/wp-content\/uploads\/2025\/06\/Centres-MVT-sondage-questionnaire-Visuel-carre-pour-articles-768x768.jpg 768w, https:\/\/francelyme.fr\/site\/wp-content\/uploads\/2025\/06\/Centres-MVT-sondage-questionnaire-Visuel-carre-pour-articles-90x90.jpg 90w, https:\/\/francelyme.fr\/site\/wp-content\/uploads\/2025\/06\/Centres-MVT-sondage-questionnaire-Visuel-carre-pour-articles-75x75.jpg 75w\" sizes=\"auto, (max-width: 1024px) 100vw, 1024px\" \/><\/figure>\n<\/div><div class=\"like-button\" style=\"float: right; clear: both; text-align: right; width = 100%;\">\n<!-- Facebook Like Button Vivacity Infotech BEGIN -->\n<div class=\"fb-like\" data-href=\"https:\/\/francelyme.fr\/site\/retour-d-experience-sur-les-centres-maladies-vectorielles-a-tiques-crmvt-et-ccmvt\/\" data-layout=\"box_count\" data-action=\"like\" data-show-faces=\"false\" data-size=\"large\" data-width=\"450\" data-share=\"1\" ><\/div><\/div>\n<!-- Facebook Like Button Vivacity Infotech END -->\n","protected":false},"excerpt":{"rendered":"","protected":false},"author":17,"featured_media":18398,"comment_status":"closed","ping_status":"open","sticky":false,"template":"","format":"standard","meta":{"footnotes":""},"categories":[41,283],"tags":[],"class_list":["post-18397","post","type-post","status-publish","format-standard","has-post-thumbnail","hentry","category-france-lyme","category-medical"],"yoast_head":"<!-- This site is optimized with the Yoast SEO plugin v27.5 - https:\/\/yoast.com\/product\/yoast-seo-wordpress\/ -->\n<title>Retour d&#039;exp\u00e9rience sur les centres maladies vectorielles \u00e0 tiques : CRMVT* et CCMVT** - Association France Lyme<\/title>\n<meta name=\"robots\" content=\"index, follow, max-snippet:-1, max-image-preview:large, max-video-preview:-1\" \/>\n<link rel=\"canonical\" href=\"https:\/\/francelyme.fr\/site\/retour-d-experience-sur-les-centres-maladies-vectorielles-a-tiques-crmvt-et-ccmvt\/\" \/>\n<meta property=\"og:locale\" content=\"fr_FR\" \/>\n<meta property=\"og:type\" content=\"article\" \/>\n<meta property=\"og:title\" content=\"Retour d&#039;exp\u00e9rience sur les centres maladies vectorielles \u00e0 tiques : CRMVT* et CCMVT** - Association France Lyme\" \/>\n<meta property=\"og:url\" content=\"https:\/\/francelyme.fr\/site\/retour-d-experience-sur-les-centres-maladies-vectorielles-a-tiques-crmvt-et-ccmvt\/\" \/>\n<meta property=\"og:site_name\" content=\"Association France Lyme\" \/>\n<meta property=\"article:publisher\" content=\"https:\/\/www.facebook.com\/france.lyme\" \/>\n<meta property=\"article:published_time\" content=\"2025-06-15T16:54:17+00:00\" \/>\n<meta property=\"article:modified_time\" content=\"2025-10-09T10:01:14+00:00\" \/>\n<meta property=\"og:image\" content=\"http:\/\/francelyme.fr\/site\/wp-content\/uploads\/2025\/06\/Centres-MVT-sondage-questionnaire-Visuel-carre-pour-articles.jpg\" \/>\n\t<meta property=\"og:image:width\" content=\"1024\" \/>\n\t<meta property=\"og:image:height\" content=\"1024\" \/>\n\t<meta property=\"og:image:type\" content=\"image\/jpeg\" \/>\n<meta name=\"author\" content=\"adminntlyme\" \/>\n<meta name=\"twitter:card\" content=\"summary_large_image\" \/>\n<meta name=\"twitter:creator\" content=\"@francelyme\" \/>\n<meta name=\"twitter:site\" content=\"@francelyme\" \/>\n<meta name=\"twitter:label1\" content=\"\u00c9crit par\" \/>\n\t<meta name=\"twitter:data1\" content=\"adminntlyme\" \/>\n\t<meta name=\"twitter:label2\" content=\"Dur\u00e9e de lecture estim\u00e9e\" \/>\n\t<meta name=\"twitter:data2\" content=\"2 minutes\" \/>\n<script type=\"application\/ld+json\" class=\"yoast-schema-graph\">{\"@context\":\"https:\\\/\\\/schema.org\",\"@graph\":[{\"@type\":\"Article\",\"@id\":\"https:\\\/\\\/francelyme.fr\\\/site\\\/retour-d-experience-sur-les-centres-maladies-vectorielles-a-tiques-crmvt-et-ccmvt\\\/#article\",\"isPartOf\":{\"@id\":\"https:\\\/\\\/francelyme.fr\\\/site\\\/retour-d-experience-sur-les-centres-maladies-vectorielles-a-tiques-crmvt-et-ccmvt\\\/\"},\"author\":{\"name\":\"adminntlyme\",\"@id\":\"https:\\\/\\\/francelyme.fr\\\/site\\\/#\\\/schema\\\/person\\\/f7bd0eb75be49e4795c4ea0b3767e039\"},\"headline\":\"Retour d&rsquo;exp\u00e9rience sur les centres maladies vectorielles \u00e0 tiques : CRMVT* et CCMVT**\",\"datePublished\":\"2025-06-15T16:54:17+00:00\",\"dateModified\":\"2025-10-09T10:01:14+00:00\",\"mainEntityOfPage\":{\"@id\":\"https:\\\/\\\/francelyme.fr\\\/site\\\/retour-d-experience-sur-les-centres-maladies-vectorielles-a-tiques-crmvt-et-ccmvt\\\/\"},\"wordCount\":357,\"publisher\":{\"@id\":\"https:\\\/\\\/francelyme.fr\\\/site\\\/#organization\"},\"image\":{\"@id\":\"https:\\\/\\\/francelyme.fr\\\/site\\\/retour-d-experience-sur-les-centres-maladies-vectorielles-a-tiques-crmvt-et-ccmvt\\\/#primaryimage\"},\"thumbnailUrl\":\"https:\\\/\\\/francelyme.fr\\\/site\\\/wp-content\\\/uploads\\\/2025\\\/06\\\/Centres-MVT-sondage-questionnaire-Visuel-carre-pour-articles.jpg\",\"articleSection\":[\"France Lyme\",\"M\u00e9dical\"],\"inLanguage\":\"fr-FR\"},{\"@type\":\"WebPage\",\"@id\":\"https:\\\/\\\/francelyme.fr\\\/site\\\/retour-d-experience-sur-les-centres-maladies-vectorielles-a-tiques-crmvt-et-ccmvt\\\/\",\"url\":\"https:\\\/\\\/francelyme.fr\\\/site\\\/retour-d-experience-sur-les-centres-maladies-vectorielles-a-tiques-crmvt-et-ccmvt\\\/\",\"name\":\"Retour d'exp\u00e9rience sur les centres maladies vectorielles \u00e0 tiques : CRMVT* et CCMVT** - Association France Lyme\",\"isPartOf\":{\"@id\":\"https:\\\/\\\/francelyme.fr\\\/site\\\/#website\"},\"primaryImageOfPage\":{\"@id\":\"https:\\\/\\\/francelyme.fr\\\/site\\\/retour-d-experience-sur-les-centres-maladies-vectorielles-a-tiques-crmvt-et-ccmvt\\\/#primaryimage\"},\"image\":{\"@id\":\"https:\\\/\\\/francelyme.fr\\\/site\\\/retour-d-experience-sur-les-centres-maladies-vectorielles-a-tiques-crmvt-et-ccmvt\\\/#primaryimage\"},\"thumbnailUrl\":\"https:\\\/\\\/francelyme.fr\\\/site\\\/wp-content\\\/uploads\\\/2025\\\/06\\\/Centres-MVT-sondage-questionnaire-Visuel-carre-pour-articles.jpg\",\"datePublished\":\"2025-06-15T16:54:17+00:00\",\"dateModified\":\"2025-10-09T10:01:14+00:00\",\"breadcrumb\":{\"@id\":\"https:\\\/\\\/francelyme.fr\\\/site\\\/retour-d-experience-sur-les-centres-maladies-vectorielles-a-tiques-crmvt-et-ccmvt\\\/#breadcrumb\"},\"inLanguage\":\"fr-FR\",\"potentialAction\":[{\"@type\":\"ReadAction\",\"target\":[\"https:\\\/\\\/francelyme.fr\\\/site\\\/retour-d-experience-sur-les-centres-maladies-vectorielles-a-tiques-crmvt-et-ccmvt\\\/\"]}]},{\"@type\":\"ImageObject\",\"inLanguage\":\"fr-FR\",\"@id\":\"https:\\\/\\\/francelyme.fr\\\/site\\\/retour-d-experience-sur-les-centres-maladies-vectorielles-a-tiques-crmvt-et-ccmvt\\\/#primaryimage\",\"url\":\"https:\\\/\\\/francelyme.fr\\\/site\\\/wp-content\\\/uploads\\\/2025\\\/06\\\/Centres-MVT-sondage-questionnaire-Visuel-carre-pour-articles.jpg\",\"contentUrl\":\"https:\\\/\\\/francelyme.fr\\\/site\\\/wp-content\\\/uploads\\\/2025\\\/06\\\/Centres-MVT-sondage-questionnaire-Visuel-carre-pour-articles.jpg\",\"width\":1024,\"height\":1024},{\"@type\":\"BreadcrumbList\",\"@id\":\"https:\\\/\\\/francelyme.fr\\\/site\\\/retour-d-experience-sur-les-centres-maladies-vectorielles-a-tiques-crmvt-et-ccmvt\\\/#breadcrumb\",\"itemListElement\":[{\"@type\":\"ListItem\",\"position\":1,\"name\":\"Accueil\",\"item\":\"https:\\\/\\\/francelyme.fr\\\/site\\\/\"},{\"@type\":\"ListItem\",\"position\":2,\"name\":\"Retour d&rsquo;exp\u00e9rience sur les centres maladies vectorielles \u00e0 tiques : CRMVT* et CCMVT**\"}]},{\"@type\":\"WebSite\",\"@id\":\"https:\\\/\\\/francelyme.fr\\\/site\\\/#website\",\"url\":\"https:\\\/\\\/francelyme.fr\\\/site\\\/\",\"name\":\"Association France Lyme\",\"description\":\"Association de lutte contre les maladies vectorielles \u00e0 tiques\",\"publisher\":{\"@id\":\"https:\\\/\\\/francelyme.fr\\\/site\\\/#organization\"},\"potentialAction\":[{\"@type\":\"SearchAction\",\"target\":{\"@type\":\"EntryPoint\",\"urlTemplate\":\"https:\\\/\\\/francelyme.fr\\\/site\\\/?s={search_term_string}\"},\"query-input\":{\"@type\":\"PropertyValueSpecification\",\"valueRequired\":true,\"valueName\":\"search_term_string\"}}],\"inLanguage\":\"fr-FR\"},{\"@type\":\"Organization\",\"@id\":\"https:\\\/\\\/francelyme.fr\\\/site\\\/#organization\",\"name\":\"France Lyme\",\"url\":\"https:\\\/\\\/francelyme.fr\\\/site\\\/\",\"logo\":{\"@type\":\"ImageObject\",\"inLanguage\":\"fr-FR\",\"@id\":\"https:\\\/\\\/francelyme.fr\\\/site\\\/#\\\/schema\\\/logo\\\/image\\\/\",\"url\":\"https:\\\/\\\/francelyme.fr\\\/site\\\/wp-content\\\/uploads\\\/2019\\\/05\\\/francelyme-site.gif\",\"contentUrl\":\"https:\\\/\\\/francelyme.fr\\\/site\\\/wp-content\\\/uploads\\\/2019\\\/05\\\/francelyme-site.gif\",\"width\":180,\"height\":180,\"caption\":\"France Lyme\"},\"image\":{\"@id\":\"https:\\\/\\\/francelyme.fr\\\/site\\\/#\\\/schema\\\/logo\\\/image\\\/\"},\"sameAs\":[\"https:\\\/\\\/www.facebook.com\\\/france.lyme\",\"https:\\\/\\\/x.com\\\/francelyme\",\"https:\\\/\\\/www.youtube.com\\\/channel\\\/UClMCGl3dvkz0iAgXFR1NH1A\"]},{\"@type\":\"Person\",\"@id\":\"https:\\\/\\\/francelyme.fr\\\/site\\\/#\\\/schema\\\/person\\\/f7bd0eb75be49e4795c4ea0b3767e039\",\"name\":\"adminntlyme\",\"image\":{\"@type\":\"ImageObject\",\"inLanguage\":\"fr-FR\",\"@id\":\"https:\\\/\\\/secure.gravatar.com\\\/avatar\\\/e9ab07a36659baa27b55dfef2a5432041c212015f8eb8a8d25b934c17a03cb54?s=96&d=mm&r=g\",\"url\":\"https:\\\/\\\/secure.gravatar.com\\\/avatar\\\/e9ab07a36659baa27b55dfef2a5432041c212015f8eb8a8d25b934c17a03cb54?s=96&d=mm&r=g\",\"contentUrl\":\"https:\\\/\\\/secure.gravatar.com\\\/avatar\\\/e9ab07a36659baa27b55dfef2a5432041c212015f8eb8a8d25b934c17a03cb54?s=96&d=mm&r=g\",\"caption\":\"adminntlyme\"},\"url\":\"https:\\\/\\\/francelyme.fr\\\/site\\\/author\\\/adminntlyme\\\/\"}]}<\/script>\n<!-- \/ Yoast SEO plugin. -->","yoast_head_json":{"title":"Retour d'exp\u00e9rience sur les centres maladies vectorielles \u00e0 tiques : CRMVT* et CCMVT** - Association France Lyme","robots":{"index":"index","follow":"follow","max-snippet":"max-snippet:-1","max-image-preview":"max-image-preview:large","max-video-preview":"max-video-preview:-1"},"canonical":"https:\/\/francelyme.fr\/site\/retour-d-experience-sur-les-centres-maladies-vectorielles-a-tiques-crmvt-et-ccmvt\/","og_locale":"fr_FR","og_type":"article","og_title":"Retour d'exp\u00e9rience sur les centres maladies vectorielles \u00e0 tiques : CRMVT* et CCMVT** - Association France Lyme","og_url":"https:\/\/francelyme.fr\/site\/retour-d-experience-sur-les-centres-maladies-vectorielles-a-tiques-crmvt-et-ccmvt\/","og_site_name":"Association France Lyme","article_publisher":"https:\/\/www.facebook.com\/france.lyme","article_published_time":"2025-06-15T16:54:17+00:00","article_modified_time":"2025-10-09T10:01:14+00:00","og_image":[{"width":1024,"height":1024,"url":"http:\/\/francelyme.fr\/site\/wp-content\/uploads\/2025\/06\/Centres-MVT-sondage-questionnaire-Visuel-carre-pour-articles.jpg","type":"image\/jpeg"}],"author":"adminntlyme","twitter_card":"summary_large_image","twitter_creator":"@francelyme","twitter_site":"@francelyme","twitter_misc":{"\u00c9crit par":"adminntlyme","Dur\u00e9e de lecture estim\u00e9e":"2 minutes"},"schema":{"@context":"https:\/\/schema.org","@graph":[{"@type":"Article","@id":"https:\/\/francelyme.fr\/site\/retour-d-experience-sur-les-centres-maladies-vectorielles-a-tiques-crmvt-et-ccmvt\/#article","isPartOf":{"@id":"https:\/\/francelyme.fr\/site\/retour-d-experience-sur-les-centres-maladies-vectorielles-a-tiques-crmvt-et-ccmvt\/"},"author":{"name":"adminntlyme","@id":"https:\/\/francelyme.fr\/site\/#\/schema\/person\/f7bd0eb75be49e4795c4ea0b3767e039"},"headline":"Retour d&rsquo;exp\u00e9rience sur les centres maladies vectorielles \u00e0 tiques : CRMVT* et CCMVT**","datePublished":"2025-06-15T16:54:17+00:00","dateModified":"2025-10-09T10:01:14+00:00","mainEntityOfPage":{"@id":"https:\/\/francelyme.fr\/site\/retour-d-experience-sur-les-centres-maladies-vectorielles-a-tiques-crmvt-et-ccmvt\/"},"wordCount":357,"publisher":{"@id":"https:\/\/francelyme.fr\/site\/#organization"},"image":{"@id":"https:\/\/francelyme.fr\/site\/retour-d-experience-sur-les-centres-maladies-vectorielles-a-tiques-crmvt-et-ccmvt\/#primaryimage"},"thumbnailUrl":"https:\/\/francelyme.fr\/site\/wp-content\/uploads\/2025\/06\/Centres-MVT-sondage-questionnaire-Visuel-carre-pour-articles.jpg","articleSection":["France Lyme","M\u00e9dical"],"inLanguage":"fr-FR"},{"@type":"WebPage","@id":"https:\/\/francelyme.fr\/site\/retour-d-experience-sur-les-centres-maladies-vectorielles-a-tiques-crmvt-et-ccmvt\/","url":"https:\/\/francelyme.fr\/site\/retour-d-experience-sur-les-centres-maladies-vectorielles-a-tiques-crmvt-et-ccmvt\/","name":"Retour d'exp\u00e9rience sur les centres maladies vectorielles \u00e0 tiques : CRMVT* et CCMVT** - Association France Lyme","isPartOf":{"@id":"https:\/\/francelyme.fr\/site\/#website"},"primaryImageOfPage":{"@id":"https:\/\/francelyme.fr\/site\/retour-d-experience-sur-les-centres-maladies-vectorielles-a-tiques-crmvt-et-ccmvt\/#primaryimage"},"image":{"@id":"https:\/\/francelyme.fr\/site\/retour-d-experience-sur-les-centres-maladies-vectorielles-a-tiques-crmvt-et-ccmvt\/#primaryimage"},"thumbnailUrl":"https:\/\/francelyme.fr\/site\/wp-content\/uploads\/2025\/06\/Centres-MVT-sondage-questionnaire-Visuel-carre-pour-articles.jpg","datePublished":"2025-06-15T16:54:17+00:00","dateModified":"2025-10-09T10:01:14+00:00","breadcrumb":{"@id":"https:\/\/francelyme.fr\/site\/retour-d-experience-sur-les-centres-maladies-vectorielles-a-tiques-crmvt-et-ccmvt\/#breadcrumb"},"inLanguage":"fr-FR","potentialAction":[{"@type":"ReadAction","target":["https:\/\/francelyme.fr\/site\/retour-d-experience-sur-les-centres-maladies-vectorielles-a-tiques-crmvt-et-ccmvt\/"]}]},{"@type":"ImageObject","inLanguage":"fr-FR","@id":"https:\/\/francelyme.fr\/site\/retour-d-experience-sur-les-centres-maladies-vectorielles-a-tiques-crmvt-et-ccmvt\/#primaryimage","url":"https:\/\/francelyme.fr\/site\/wp-content\/uploads\/2025\/06\/Centres-MVT-sondage-questionnaire-Visuel-carre-pour-articles.jpg","contentUrl":"https:\/\/francelyme.fr\/site\/wp-content\/uploads\/2025\/06\/Centres-MVT-sondage-questionnaire-Visuel-carre-pour-articles.jpg","width":1024,"height":1024},{"@type":"BreadcrumbList","@id":"https:\/\/francelyme.fr\/site\/retour-d-experience-sur-les-centres-maladies-vectorielles-a-tiques-crmvt-et-ccmvt\/#breadcrumb","itemListElement":[{"@type":"ListItem","position":1,"name":"Accueil","item":"https:\/\/francelyme.fr\/site\/"},{"@type":"ListItem","position":2,"name":"Retour d&rsquo;exp\u00e9rience sur les centres maladies vectorielles \u00e0 tiques : CRMVT* et CCMVT**"}]},{"@type":"WebSite","@id":"https:\/\/francelyme.fr\/site\/#website","url":"https:\/\/francelyme.fr\/site\/","name":"Association France Lyme","description":"Association de lutte contre les maladies vectorielles \u00e0 tiques","publisher":{"@id":"https:\/\/francelyme.fr\/site\/#organization"},"potentialAction":[{"@type":"SearchAction","target":{"@type":"EntryPoint","urlTemplate":"https:\/\/francelyme.fr\/site\/?s={search_term_string}"},"query-input":{"@type":"PropertyValueSpecification","valueRequired":true,"valueName":"search_term_string"}}],"inLanguage":"fr-FR"},{"@type":"Organization","@id":"https:\/\/francelyme.fr\/site\/#organization","name":"France Lyme","url":"https:\/\/francelyme.fr\/site\/","logo":{"@type":"ImageObject","inLanguage":"fr-FR","@id":"https:\/\/francelyme.fr\/site\/#\/schema\/logo\/image\/","url":"https:\/\/francelyme.fr\/site\/wp-content\/uploads\/2019\/05\/francelyme-site.gif","contentUrl":"https:\/\/francelyme.fr\/site\/wp-content\/uploads\/2019\/05\/francelyme-site.gif","width":180,"height":180,"caption":"France Lyme"},"image":{"@id":"https:\/\/francelyme.fr\/site\/#\/schema\/logo\/image\/"},"sameAs":["https:\/\/www.facebook.com\/france.lyme","https:\/\/x.com\/francelyme","https:\/\/www.youtube.com\/channel\/UClMCGl3dvkz0iAgXFR1NH1A"]},{"@type":"Person","@id":"https:\/\/francelyme.fr\/site\/#\/schema\/person\/f7bd0eb75be49e4795c4ea0b3767e039","name":"adminntlyme","image":{"@type":"ImageObject","inLanguage":"fr-FR","@id":"https:\/\/secure.gravatar.com\/avatar\/e9ab07a36659baa27b55dfef2a5432041c212015f8eb8a8d25b934c17a03cb54?s=96&d=mm&r=g","url":"https:\/\/secure.gravatar.com\/avatar\/e9ab07a36659baa27b55dfef2a5432041c212015f8eb8a8d25b934c17a03cb54?s=96&d=mm&r=g","contentUrl":"https:\/\/secure.gravatar.com\/avatar\/e9ab07a36659baa27b55dfef2a5432041c212015f8eb8a8d25b934c17a03cb54?s=96&d=mm&r=g","caption":"adminntlyme"},"url":"https:\/\/francelyme.fr\/site\/author\/adminntlyme\/"}]}},"_links":{"self":[{"href":"https:\/\/francelyme.fr\/site\/wp-json\/wp\/v2\/posts\/18397","targetHints":{"allow":["GET"]}}],"collection":[{"href":"https:\/\/francelyme.fr\/site\/wp-json\/wp\/v2\/posts"}],"about":[{"href":"https:\/\/francelyme.fr\/site\/wp-json\/wp\/v2\/types\/post"}],"author":[{"embeddable":true,"href":"https:\/\/francelyme.fr\/site\/wp-json\/wp\/v2\/users\/17"}],"replies":[{"embeddable":true,"href":"https:\/\/francelyme.fr\/site\/wp-json\/wp\/v2\/comments?post=18397"}],"version-history":[{"count":7,"href":"https:\/\/francelyme.fr\/site\/wp-json\/wp\/v2\/posts\/18397\/revisions"}],"predecessor-version":[{"id":18947,"href":"https:\/\/francelyme.fr\/site\/wp-json\/wp\/v2\/posts\/18397\/revisions\/18947"}],"wp:featuredmedia":[{"embeddable":true,"href":"https:\/\/francelyme.fr\/site\/wp-json\/wp\/v2\/media\/18398"}],"wp:attachment":[{"href":"https:\/\/francelyme.fr\/site\/wp-json\/wp\/v2\/media?parent=18397"}],"wp:term":[{"taxonomy":"category","embeddable":true,"href":"https:\/\/francelyme.fr\/site\/wp-json\/wp\/v2\/categories?post=18397"},{"taxonomy":"post_tag","embeddable":true,"href":"https:\/\/francelyme.fr\/site\/wp-json\/wp\/v2\/tags?post=18397"}],"curies":[{"name":"wp","href":"https:\/\/api.w.org\/{rel}","templated":true}]}}