{"id":19116,"date":"2025-12-09T16:20:42","date_gmt":"2025-12-09T15:20:42","guid":{"rendered":"https:\/\/francelyme.fr\/site\/?p=19116"},"modified":"2025-12-09T16:21:29","modified_gmt":"2025-12-09T15:21:29","slug":"retour-sur-le-symposium-a-linstitut-cochin-du-05-decembre-2025","status":"publish","type":"post","link":"https:\/\/francelyme.fr\/site\/retour-sur-le-symposium-a-linstitut-cochin-du-05-decembre-2025\/","title":{"rendered":"Retour sur le Symposium \u00e0 l&rsquo;Institut Cochin du 05 d\u00e9cembre 2025"},"content":{"rendered":"<div class=\"like-button\" style=\"float: right; clear: both; text-align: right; width = 100%;\">\n<!-- Facebook Like Button Vivacity Infotech BEGIN -->\n<div class=\"fb-like\" data-href=\"https:\/\/francelyme.fr\/site\/retour-sur-le-symposium-a-linstitut-cochin-du-05-decembre-2025\/\" data-layout=\"box_count\" data-action=\"like\" data-show-faces=\"false\" data-size=\"large\" data-width=\"450\" data-share=\"1\" ><\/div><\/div>\n<!-- Facebook Like Button Vivacity Infotech END -->\n<div id=\"fb-root\"><\/div>\n\n<p>Le 5 d\u00e9cembre, un symposium a \u00e9t\u00e9 organis\u00e9 \u00e0 l&rsquo;Institut Cochin sur le Covid long et les autres syndromes post-infection aigu\u00eb, dont le Lyme long, \u00e9voqu\u00e9 par plusieurs interventions.<\/p>\n\n\n\n<p>L&rsquo;id\u00e9e forte du symposium tient dans la conviction que, pour faire progresser le diagnostic et les traitements, il faut d\u00e9passer l&rsquo;observation des sympt\u00f4mes et explorer les m\u00e9canismes qui les sous-tendent. Cette d\u00e9marche, ont montr\u00e9 les intervenants, est indispensable pour sortir de l&rsquo;errance dont souffrent tant de malades.<\/p>\n\n\n\n<p>Les sympt\u00f4mes se ressemblent d&rsquo;un syndrome post-infectieux \u00e0 l&rsquo;autre et peuvent toucher tous les syst\u00e8mes de l&rsquo;organisme : fatigue, troubles cognitifs, douleurs migrantes, dysautonomie, difficult\u00e9s respiratoires, cardiaques ou vasculaires. Multiples, non sp\u00e9cifiques et changeants, ils prennent sens lorsqu&rsquo;on se penche sur ce qui se passe dans les tissus : plusieurs m\u00e9canismes communs \u00e9mergent, parmi lesquels la persistance de micro-organismes pathog\u00e8nes, un d\u00e9r\u00e8glement immunitaire syst\u00e9mique, une dysbiose intestinale, des troubles de la coagulation, une inflammation c\u00e9r\u00e9brale ou un dysfonctionnement mitochondrial.<\/p>\n\n\n\n<p>L&rsquo;interdisciplinarit\u00e9 appara\u00eet essentielle pour appr\u00e9hender cette complexit\u00e9. Les m\u00e9canismes en jeu ne rel\u00e8vent d&rsquo;aucun organe isol\u00e9, mais impliquent l&rsquo;ensemble des tissus de l&rsquo;organisme \u2014 la circulation sanguine, le syst\u00e8me immunitaire, la barri\u00e8re intestinale, les mitochondries, et bien d&rsquo;autres. Le symposium a ainsi r\u00e9uni, en d\u00e9passant les fronti\u00e8res traditionnelles des sp\u00e9cialit\u00e9s, des immunologues, microbiologistes, virologues, cliniciens, infectiologues, sp\u00e9cialistes du m\u00e9tabolisme, endocrinologues, h\u00e9matologues, experts en neuroimagerie ou encore chercheurs en biologie computationnelle.<\/p>\n\n\n\n<p>Plusieurs \u00e9quipes ont montr\u00e9 que, chez certains patients, le SARS-CoV-2 persiste sous des formes vari\u00e9es : virus r\u00e9pliqu\u00e9 dans certains tissus, fragments d&rsquo;ARN ou de prot\u00e9ines au sein des monocytes ou m\u00eame des plaquettes. Cette persistance rappelle les hypoth\u00e8ses formul\u00e9es autour de la maladie de Lyme, o\u00f9 la pr\u00e9sence de bact\u00e9ries r\u00e9siduelles ou d&rsquo;antig\u00e8nes persistants pourrait contribuer \u00e0 alimenter une inflammation syst\u00e9mique. Dans ces syndromes au long cours, l&rsquo;immunit\u00e9 oscille entre activation excessive et d\u00e9r\u00e9gulation profonde. Les cellules immunitaires demeurent dans un \u00e9tat d&rsquo;alerte qui affecte durablement le m\u00e9tabolisme, les mitochondries, l&rsquo;endoth\u00e9lium et jusqu&rsquo;au cerveau lui-m\u00eame.<\/p>\n\n\n\n<p>\u00c0 travers l&rsquo;imagerie, des analyses biologiques compl\u00e8tes et des mod\u00e8les cellulaires, les chercheurs ont dessin\u00e9 les contours d&rsquo;un paysage commun : celui d&rsquo;un organisme encore habit\u00e9 par l&rsquo;intrusion microbienne ou hant\u00e9 par sa m\u00e9moire. Anomalies \u00e9nerg\u00e9tiques, perturbations du tryptophane, microcaillots, neuroinflammation ou dysautonomie forment autant de pi\u00e8ces d&rsquo;un puzzle partag\u00e9 notamment avec le Lyme long.<\/p>\n\n\n\n<p>Malgr\u00e9 les avanc\u00e9es, les d\u00e9fis restent consid\u00e9rables, et les \u00e9changes ont \u00e9t\u00e9 riches. Deux enjeux majeurs ont \u00e9t\u00e9 soulign\u00e9s. Le premier est la recherche de biomarqueurs : pour mettre fin \u00e0 l&rsquo;errance, plusieurs programmes visent \u00e0 identifier des indicateurs mesurables dans des tests simples, accessibles et r\u00e9alisables en routine. Le second est le lancement d&rsquo;essais th\u00e9rapeutiques robustes : d\u00e9passer les \u00e9tudes de faisabilit\u00e9 pour parvenir \u00e0 des essais randomis\u00e9s contre placebo suppose de convaincre laboratoires et industriels de s&rsquo;engager pleinement.<\/p>\n\n\n\n<p>Parmi les conclusions fortes du symposium, il faut retenir que le Covid long, comme le Lyme long, n&rsquo;est une pathologie ni homog\u00e8ne ni isol\u00e9e. Les m\u00e9canismes sont largement partag\u00e9s, et les micro-organismes pathog\u00e8nes \u2014 virus, bact\u00e9ries, parasites, etc. \u2014 coexistent souvent au sein des organismes. La discussion finale a ainsi soulign\u00e9 qu&rsquo;il fallait rechercher non seulement des biomarqueurs par pathog\u00e8ne, utiles au diagnostic, mais aussi des biomarqueurs fond\u00e9s sur les sympt\u00f4mes et les m\u00e9canismes physiopathologiques associ\u00e9s, indispensables au suivi th\u00e9rapeutique. Puisque les syndromes post-infectieux \u00e9chappent aux cat\u00e9gories simples et aux fronti\u00e8res disciplinaires, il est peu probable qu&rsquo;un traitement unique puisse r\u00e9pondre \u00e0 une condition aussi h\u00e9t\u00e9rog\u00e8ne.<\/p>\n\n\n<div class=\"wp-block-image\">\n<figure class=\"aligncenter size-large\"><img loading=\"lazy\" decoding=\"async\" width=\"1024\" height=\"977\" src=\"https:\/\/francelyme.fr\/site\/wp-content\/uploads\/2025\/12\/1000055535-1024x977.jpg\" alt=\"\" class=\"wp-image-19117\" srcset=\"https:\/\/francelyme.fr\/site\/wp-content\/uploads\/2025\/12\/1000055535-1024x977.jpg 1024w, https:\/\/francelyme.fr\/site\/wp-content\/uploads\/2025\/12\/1000055535-300x286.jpg 300w, https:\/\/francelyme.fr\/site\/wp-content\/uploads\/2025\/12\/1000055535-768x733.jpg 768w, https:\/\/francelyme.fr\/site\/wp-content\/uploads\/2025\/12\/1000055535-1536x1466.jpg 1536w, https:\/\/francelyme.fr\/site\/wp-content\/uploads\/2025\/12\/1000055535-2048x1954.jpg 2048w, https:\/\/francelyme.fr\/site\/wp-content\/uploads\/2025\/12\/1000055535-1320x1260.jpg 1320w\" sizes=\"auto, (max-width: 1024px) 100vw, 1024px\" \/><\/figure>\n<\/div><div class=\"like-button\" style=\"float: right; clear: both; text-align: right; width = 100%;\">\n<!-- Facebook Like Button Vivacity Infotech BEGIN -->\n<div class=\"fb-like\" data-href=\"https:\/\/francelyme.fr\/site\/retour-sur-le-symposium-a-linstitut-cochin-du-05-decembre-2025\/\" data-layout=\"box_count\" data-action=\"like\" data-show-faces=\"false\" data-size=\"large\" data-width=\"450\" data-share=\"1\" ><\/div><\/div>\n<!-- Facebook Like Button Vivacity Infotech END -->\n","protected":false},"excerpt":{"rendered":"","protected":false},"author":1,"featured_media":19110,"comment_status":"closed","ping_status":"open","sticky":false,"template":"","format":"standard","meta":{"footnotes":""},"categories":[283],"tags":[],"class_list":["post-19116","post","type-post","status-publish","format-standard","has-post-thumbnail","hentry","category-medical"],"yoast_head":"<!-- This site is optimized with the Yoast SEO plugin v27.3 - https:\/\/yoast.com\/product\/yoast-seo-wordpress\/ -->\n<title>Retour sur le Symposium \u00e0 l&#039;Institut Cochin du 05 d\u00e9cembre 2025 - Association France Lyme<\/title>\n<meta name=\"robots\" content=\"index, follow, max-snippet:-1, max-image-preview:large, max-video-preview:-1\" \/>\n<link rel=\"canonical\" href=\"https:\/\/francelyme.fr\/site\/retour-sur-le-symposium-a-linstitut-cochin-du-05-decembre-2025\/\" \/>\n<meta property=\"og:locale\" content=\"fr_FR\" \/>\n<meta property=\"og:type\" content=\"article\" \/>\n<meta property=\"og:title\" content=\"Retour sur le Symposium \u00e0 l&#039;Institut Cochin du 05 d\u00e9cembre 2025 - Association France Lyme\" \/>\n<meta property=\"og:url\" content=\"https:\/\/francelyme.fr\/site\/retour-sur-le-symposium-a-linstitut-cochin-du-05-decembre-2025\/\" \/>\n<meta property=\"og:site_name\" content=\"Association France Lyme\" \/>\n<meta property=\"article:publisher\" content=\"https:\/\/www.facebook.com\/france.lyme\" \/>\n<meta property=\"article:published_time\" content=\"2025-12-09T15:20:42+00:00\" \/>\n<meta property=\"article:modified_time\" content=\"2025-12-09T15:21:29+00:00\" \/>\n<meta property=\"og:image\" content=\"http:\/\/francelyme.fr\/site\/wp-content\/uploads\/2025\/12\/Image3.png\" \/>\n\t<meta property=\"og:image:width\" content=\"454\" \/>\n\t<meta property=\"og:image:height\" content=\"302\" \/>\n\t<meta property=\"og:image:type\" content=\"image\/png\" \/>\n<meta name=\"author\" content=\"AdminFL\" \/>\n<meta name=\"twitter:card\" content=\"summary_large_image\" \/>\n<meta name=\"twitter:creator\" content=\"@francelyme\" \/>\n<meta name=\"twitter:site\" content=\"@francelyme\" \/>\n<meta name=\"twitter:label1\" content=\"\u00c9crit par\" \/>\n\t<meta name=\"twitter:data1\" content=\"AdminFL\" \/>\n\t<meta name=\"twitter:label2\" content=\"Dur\u00e9e de lecture estim\u00e9e\" \/>\n\t<meta name=\"twitter:data2\" content=\"4 minutes\" \/>\n<script type=\"application\/ld+json\" class=\"yoast-schema-graph\">{\"@context\":\"https:\\\/\\\/schema.org\",\"@graph\":[{\"@type\":\"Article\",\"@id\":\"https:\\\/\\\/francelyme.fr\\\/site\\\/retour-sur-le-symposium-a-linstitut-cochin-du-05-decembre-2025\\\/#article\",\"isPartOf\":{\"@id\":\"https:\\\/\\\/francelyme.fr\\\/site\\\/retour-sur-le-symposium-a-linstitut-cochin-du-05-decembre-2025\\\/\"},\"author\":{\"name\":\"AdminFL\",\"@id\":\"https:\\\/\\\/francelyme.fr\\\/site\\\/#\\\/schema\\\/person\\\/1a2c2689f69ecd6062cfac7d4b12f265\"},\"headline\":\"Retour sur le Symposium \u00e0 l&rsquo;Institut Cochin du 05 d\u00e9cembre 2025\",\"datePublished\":\"2025-12-09T15:20:42+00:00\",\"dateModified\":\"2025-12-09T15:21:29+00:00\",\"mainEntityOfPage\":{\"@id\":\"https:\\\/\\\/francelyme.fr\\\/site\\\/retour-sur-le-symposium-a-linstitut-cochin-du-05-decembre-2025\\\/\"},\"wordCount\":662,\"publisher\":{\"@id\":\"https:\\\/\\\/francelyme.fr\\\/site\\\/#organization\"},\"image\":{\"@id\":\"https:\\\/\\\/francelyme.fr\\\/site\\\/retour-sur-le-symposium-a-linstitut-cochin-du-05-decembre-2025\\\/#primaryimage\"},\"thumbnailUrl\":\"https:\\\/\\\/francelyme.fr\\\/site\\\/wp-content\\\/uploads\\\/2025\\\/12\\\/Image3.png\",\"articleSection\":[\"M\u00e9dical\"],\"inLanguage\":\"fr-FR\"},{\"@type\":\"WebPage\",\"@id\":\"https:\\\/\\\/francelyme.fr\\\/site\\\/retour-sur-le-symposium-a-linstitut-cochin-du-05-decembre-2025\\\/\",\"url\":\"https:\\\/\\\/francelyme.fr\\\/site\\\/retour-sur-le-symposium-a-linstitut-cochin-du-05-decembre-2025\\\/\",\"name\":\"Retour sur le Symposium \u00e0 l'Institut Cochin du 05 d\u00e9cembre 2025 - Association France Lyme\",\"isPartOf\":{\"@id\":\"https:\\\/\\\/francelyme.fr\\\/site\\\/#website\"},\"primaryImageOfPage\":{\"@id\":\"https:\\\/\\\/francelyme.fr\\\/site\\\/retour-sur-le-symposium-a-linstitut-cochin-du-05-decembre-2025\\\/#primaryimage\"},\"image\":{\"@id\":\"https:\\\/\\\/francelyme.fr\\\/site\\\/retour-sur-le-symposium-a-linstitut-cochin-du-05-decembre-2025\\\/#primaryimage\"},\"thumbnailUrl\":\"https:\\\/\\\/francelyme.fr\\\/site\\\/wp-content\\\/uploads\\\/2025\\\/12\\\/Image3.png\",\"datePublished\":\"2025-12-09T15:20:42+00:00\",\"dateModified\":\"2025-12-09T15:21:29+00:00\",\"breadcrumb\":{\"@id\":\"https:\\\/\\\/francelyme.fr\\\/site\\\/retour-sur-le-symposium-a-linstitut-cochin-du-05-decembre-2025\\\/#breadcrumb\"},\"inLanguage\":\"fr-FR\",\"potentialAction\":[{\"@type\":\"ReadAction\",\"target\":[\"https:\\\/\\\/francelyme.fr\\\/site\\\/retour-sur-le-symposium-a-linstitut-cochin-du-05-decembre-2025\\\/\"]}]},{\"@type\":\"ImageObject\",\"inLanguage\":\"fr-FR\",\"@id\":\"https:\\\/\\\/francelyme.fr\\\/site\\\/retour-sur-le-symposium-a-linstitut-cochin-du-05-decembre-2025\\\/#primaryimage\",\"url\":\"https:\\\/\\\/francelyme.fr\\\/site\\\/wp-content\\\/uploads\\\/2025\\\/12\\\/Image3.png\",\"contentUrl\":\"https:\\\/\\\/francelyme.fr\\\/site\\\/wp-content\\\/uploads\\\/2025\\\/12\\\/Image3.png\",\"width\":454,\"height\":302},{\"@type\":\"BreadcrumbList\",\"@id\":\"https:\\\/\\\/francelyme.fr\\\/site\\\/retour-sur-le-symposium-a-linstitut-cochin-du-05-decembre-2025\\\/#breadcrumb\",\"itemListElement\":[{\"@type\":\"ListItem\",\"position\":1,\"name\":\"Accueil\",\"item\":\"https:\\\/\\\/francelyme.fr\\\/site\\\/\"},{\"@type\":\"ListItem\",\"position\":2,\"name\":\"Retour sur le Symposium \u00e0 l&rsquo;Institut Cochin du 05 d\u00e9cembre 2025\"}]},{\"@type\":\"WebSite\",\"@id\":\"https:\\\/\\\/francelyme.fr\\\/site\\\/#website\",\"url\":\"https:\\\/\\\/francelyme.fr\\\/site\\\/\",\"name\":\"Association France Lyme\",\"description\":\"Association de lutte contre les maladies vectorielles \u00e0 tiques\",\"publisher\":{\"@id\":\"https:\\\/\\\/francelyme.fr\\\/site\\\/#organization\"},\"potentialAction\":[{\"@type\":\"SearchAction\",\"target\":{\"@type\":\"EntryPoint\",\"urlTemplate\":\"https:\\\/\\\/francelyme.fr\\\/site\\\/?s={search_term_string}\"},\"query-input\":{\"@type\":\"PropertyValueSpecification\",\"valueRequired\":true,\"valueName\":\"search_term_string\"}}],\"inLanguage\":\"fr-FR\"},{\"@type\":\"Organization\",\"@id\":\"https:\\\/\\\/francelyme.fr\\\/site\\\/#organization\",\"name\":\"France Lyme\",\"url\":\"https:\\\/\\\/francelyme.fr\\\/site\\\/\",\"logo\":{\"@type\":\"ImageObject\",\"inLanguage\":\"fr-FR\",\"@id\":\"https:\\\/\\\/francelyme.fr\\\/site\\\/#\\\/schema\\\/logo\\\/image\\\/\",\"url\":\"https:\\\/\\\/francelyme.fr\\\/site\\\/wp-content\\\/uploads\\\/2019\\\/05\\\/francelyme-site.gif\",\"contentUrl\":\"https:\\\/\\\/francelyme.fr\\\/site\\\/wp-content\\\/uploads\\\/2019\\\/05\\\/francelyme-site.gif\",\"width\":180,\"height\":180,\"caption\":\"France Lyme\"},\"image\":{\"@id\":\"https:\\\/\\\/francelyme.fr\\\/site\\\/#\\\/schema\\\/logo\\\/image\\\/\"},\"sameAs\":[\"https:\\\/\\\/www.facebook.com\\\/france.lyme\",\"https:\\\/\\\/x.com\\\/francelyme\",\"https:\\\/\\\/www.youtube.com\\\/channel\\\/UClMCGl3dvkz0iAgXFR1NH1A\"]},{\"@type\":\"Person\",\"@id\":\"https:\\\/\\\/francelyme.fr\\\/site\\\/#\\\/schema\\\/person\\\/1a2c2689f69ecd6062cfac7d4b12f265\",\"name\":\"AdminFL\",\"image\":{\"@type\":\"ImageObject\",\"inLanguage\":\"fr-FR\",\"@id\":\"https:\\\/\\\/secure.gravatar.com\\\/avatar\\\/4920874779d1914d5cba6d6dc7a2f20c832bb43238e659994a133a63cb03c29e?s=96&d=mm&r=g\",\"url\":\"https:\\\/\\\/secure.gravatar.com\\\/avatar\\\/4920874779d1914d5cba6d6dc7a2f20c832bb43238e659994a133a63cb03c29e?s=96&d=mm&r=g\",\"contentUrl\":\"https:\\\/\\\/secure.gravatar.com\\\/avatar\\\/4920874779d1914d5cba6d6dc7a2f20c832bb43238e659994a133a63cb03c29e?s=96&d=mm&r=g\",\"caption\":\"AdminFL\"},\"url\":\"https:\\\/\\\/francelyme.fr\\\/site\\\/author\\\/fralymadm\\\/\"}]}<\/script>\n<!-- \/ Yoast SEO plugin. -->","yoast_head_json":{"title":"Retour sur le Symposium \u00e0 l'Institut Cochin du 05 d\u00e9cembre 2025 - Association France Lyme","robots":{"index":"index","follow":"follow","max-snippet":"max-snippet:-1","max-image-preview":"max-image-preview:large","max-video-preview":"max-video-preview:-1"},"canonical":"https:\/\/francelyme.fr\/site\/retour-sur-le-symposium-a-linstitut-cochin-du-05-decembre-2025\/","og_locale":"fr_FR","og_type":"article","og_title":"Retour sur le Symposium \u00e0 l'Institut Cochin du 05 d\u00e9cembre 2025 - Association France Lyme","og_url":"https:\/\/francelyme.fr\/site\/retour-sur-le-symposium-a-linstitut-cochin-du-05-decembre-2025\/","og_site_name":"Association France Lyme","article_publisher":"https:\/\/www.facebook.com\/france.lyme","article_published_time":"2025-12-09T15:20:42+00:00","article_modified_time":"2025-12-09T15:21:29+00:00","og_image":[{"width":454,"height":302,"url":"http:\/\/francelyme.fr\/site\/wp-content\/uploads\/2025\/12\/Image3.png","type":"image\/png"}],"author":"AdminFL","twitter_card":"summary_large_image","twitter_creator":"@francelyme","twitter_site":"@francelyme","twitter_misc":{"\u00c9crit par":"AdminFL","Dur\u00e9e de lecture estim\u00e9e":"4 minutes"},"schema":{"@context":"https:\/\/schema.org","@graph":[{"@type":"Article","@id":"https:\/\/francelyme.fr\/site\/retour-sur-le-symposium-a-linstitut-cochin-du-05-decembre-2025\/#article","isPartOf":{"@id":"https:\/\/francelyme.fr\/site\/retour-sur-le-symposium-a-linstitut-cochin-du-05-decembre-2025\/"},"author":{"name":"AdminFL","@id":"https:\/\/francelyme.fr\/site\/#\/schema\/person\/1a2c2689f69ecd6062cfac7d4b12f265"},"headline":"Retour sur le Symposium \u00e0 l&rsquo;Institut Cochin du 05 d\u00e9cembre 2025","datePublished":"2025-12-09T15:20:42+00:00","dateModified":"2025-12-09T15:21:29+00:00","mainEntityOfPage":{"@id":"https:\/\/francelyme.fr\/site\/retour-sur-le-symposium-a-linstitut-cochin-du-05-decembre-2025\/"},"wordCount":662,"publisher":{"@id":"https:\/\/francelyme.fr\/site\/#organization"},"image":{"@id":"https:\/\/francelyme.fr\/site\/retour-sur-le-symposium-a-linstitut-cochin-du-05-decembre-2025\/#primaryimage"},"thumbnailUrl":"https:\/\/francelyme.fr\/site\/wp-content\/uploads\/2025\/12\/Image3.png","articleSection":["M\u00e9dical"],"inLanguage":"fr-FR"},{"@type":"WebPage","@id":"https:\/\/francelyme.fr\/site\/retour-sur-le-symposium-a-linstitut-cochin-du-05-decembre-2025\/","url":"https:\/\/francelyme.fr\/site\/retour-sur-le-symposium-a-linstitut-cochin-du-05-decembre-2025\/","name":"Retour sur le Symposium \u00e0 l'Institut Cochin du 05 d\u00e9cembre 2025 - Association France Lyme","isPartOf":{"@id":"https:\/\/francelyme.fr\/site\/#website"},"primaryImageOfPage":{"@id":"https:\/\/francelyme.fr\/site\/retour-sur-le-symposium-a-linstitut-cochin-du-05-decembre-2025\/#primaryimage"},"image":{"@id":"https:\/\/francelyme.fr\/site\/retour-sur-le-symposium-a-linstitut-cochin-du-05-decembre-2025\/#primaryimage"},"thumbnailUrl":"https:\/\/francelyme.fr\/site\/wp-content\/uploads\/2025\/12\/Image3.png","datePublished":"2025-12-09T15:20:42+00:00","dateModified":"2025-12-09T15:21:29+00:00","breadcrumb":{"@id":"https:\/\/francelyme.fr\/site\/retour-sur-le-symposium-a-linstitut-cochin-du-05-decembre-2025\/#breadcrumb"},"inLanguage":"fr-FR","potentialAction":[{"@type":"ReadAction","target":["https:\/\/francelyme.fr\/site\/retour-sur-le-symposium-a-linstitut-cochin-du-05-decembre-2025\/"]}]},{"@type":"ImageObject","inLanguage":"fr-FR","@id":"https:\/\/francelyme.fr\/site\/retour-sur-le-symposium-a-linstitut-cochin-du-05-decembre-2025\/#primaryimage","url":"https:\/\/francelyme.fr\/site\/wp-content\/uploads\/2025\/12\/Image3.png","contentUrl":"https:\/\/francelyme.fr\/site\/wp-content\/uploads\/2025\/12\/Image3.png","width":454,"height":302},{"@type":"BreadcrumbList","@id":"https:\/\/francelyme.fr\/site\/retour-sur-le-symposium-a-linstitut-cochin-du-05-decembre-2025\/#breadcrumb","itemListElement":[{"@type":"ListItem","position":1,"name":"Accueil","item":"https:\/\/francelyme.fr\/site\/"},{"@type":"ListItem","position":2,"name":"Retour sur le Symposium \u00e0 l&rsquo;Institut Cochin du 05 d\u00e9cembre 2025"}]},{"@type":"WebSite","@id":"https:\/\/francelyme.fr\/site\/#website","url":"https:\/\/francelyme.fr\/site\/","name":"Association France Lyme","description":"Association de lutte contre les maladies vectorielles \u00e0 tiques","publisher":{"@id":"https:\/\/francelyme.fr\/site\/#organization"},"potentialAction":[{"@type":"SearchAction","target":{"@type":"EntryPoint","urlTemplate":"https:\/\/francelyme.fr\/site\/?s={search_term_string}"},"query-input":{"@type":"PropertyValueSpecification","valueRequired":true,"valueName":"search_term_string"}}],"inLanguage":"fr-FR"},{"@type":"Organization","@id":"https:\/\/francelyme.fr\/site\/#organization","name":"France Lyme","url":"https:\/\/francelyme.fr\/site\/","logo":{"@type":"ImageObject","inLanguage":"fr-FR","@id":"https:\/\/francelyme.fr\/site\/#\/schema\/logo\/image\/","url":"https:\/\/francelyme.fr\/site\/wp-content\/uploads\/2019\/05\/francelyme-site.gif","contentUrl":"https:\/\/francelyme.fr\/site\/wp-content\/uploads\/2019\/05\/francelyme-site.gif","width":180,"height":180,"caption":"France Lyme"},"image":{"@id":"https:\/\/francelyme.fr\/site\/#\/schema\/logo\/image\/"},"sameAs":["https:\/\/www.facebook.com\/france.lyme","https:\/\/x.com\/francelyme","https:\/\/www.youtube.com\/channel\/UClMCGl3dvkz0iAgXFR1NH1A"]},{"@type":"Person","@id":"https:\/\/francelyme.fr\/site\/#\/schema\/person\/1a2c2689f69ecd6062cfac7d4b12f265","name":"AdminFL","image":{"@type":"ImageObject","inLanguage":"fr-FR","@id":"https:\/\/secure.gravatar.com\/avatar\/4920874779d1914d5cba6d6dc7a2f20c832bb43238e659994a133a63cb03c29e?s=96&d=mm&r=g","url":"https:\/\/secure.gravatar.com\/avatar\/4920874779d1914d5cba6d6dc7a2f20c832bb43238e659994a133a63cb03c29e?s=96&d=mm&r=g","contentUrl":"https:\/\/secure.gravatar.com\/avatar\/4920874779d1914d5cba6d6dc7a2f20c832bb43238e659994a133a63cb03c29e?s=96&d=mm&r=g","caption":"AdminFL"},"url":"https:\/\/francelyme.fr\/site\/author\/fralymadm\/"}]}},"_links":{"self":[{"href":"https:\/\/francelyme.fr\/site\/wp-json\/wp\/v2\/posts\/19116","targetHints":{"allow":["GET"]}}],"collection":[{"href":"https:\/\/francelyme.fr\/site\/wp-json\/wp\/v2\/posts"}],"about":[{"href":"https:\/\/francelyme.fr\/site\/wp-json\/wp\/v2\/types\/post"}],"author":[{"embeddable":true,"href":"https:\/\/francelyme.fr\/site\/wp-json\/wp\/v2\/users\/1"}],"replies":[{"embeddable":true,"href":"https:\/\/francelyme.fr\/site\/wp-json\/wp\/v2\/comments?post=19116"}],"version-history":[{"count":1,"href":"https:\/\/francelyme.fr\/site\/wp-json\/wp\/v2\/posts\/19116\/revisions"}],"predecessor-version":[{"id":19121,"href":"https:\/\/francelyme.fr\/site\/wp-json\/wp\/v2\/posts\/19116\/revisions\/19121"}],"wp:featuredmedia":[{"embeddable":true,"href":"https:\/\/francelyme.fr\/site\/wp-json\/wp\/v2\/media\/19110"}],"wp:attachment":[{"href":"https:\/\/francelyme.fr\/site\/wp-json\/wp\/v2\/media?parent=19116"}],"wp:term":[{"taxonomy":"category","embeddable":true,"href":"https:\/\/francelyme.fr\/site\/wp-json\/wp\/v2\/categories?post=19116"},{"taxonomy":"post_tag","embeddable":true,"href":"https:\/\/francelyme.fr\/site\/wp-json\/wp\/v2\/tags?post=19116"}],"curies":[{"name":"wp","href":"https:\/\/api.w.org\/{rel}","templated":true}]}}