{"id":19731,"date":"2026-04-27T18:35:50","date_gmt":"2026-04-27T16:35:50","guid":{"rendered":"https:\/\/francelyme.fr\/site\/?p=19731"},"modified":"2026-04-27T18:35:52","modified_gmt":"2026-04-27T16:35:52","slug":"webinaire-france-lyme-les-tiques-et-leurs-agents-pathogenes-aujourdhui-en-france","status":"publish","type":"post","link":"https:\/\/francelyme.fr\/site\/webinaire-france-lyme-les-tiques-et-leurs-agents-pathogenes-aujourdhui-en-france\/","title":{"rendered":"Webinaire France Lyme : Les tiques et leurs agents pathog\u00e8nes aujourd\u2019hui en France."},"content":{"rendered":"<div class=\"like-button\" style=\"float: right; clear: both; text-align: right; width = 100%;\">\n<!-- Facebook Like Button Vivacity Infotech BEGIN -->\n<div class=\"fb-like\" data-href=\"https:\/\/francelyme.fr\/site\/webinaire-france-lyme-les-tiques-et-leurs-agents-pathogenes-aujourdhui-en-france\/\" data-layout=\"box_count\" data-action=\"like\" data-show-faces=\"false\" data-size=\"large\" data-width=\"450\" data-share=\"1\" ><\/div><\/div>\n<!-- Facebook Like Button Vivacity Infotech END -->\n<div id=\"fb-root\"><\/div>\n\n<p>Dans le cadre du&nbsp;<strong>mois de mai, mois de sensibilisation \u00e0 la maladie de Lyme<\/strong>, France Lyme a le plaisir de vous inviter \u00e0 un webinaire consacr\u00e9 \u00e0 un enjeu central de sant\u00e9 publique : la connaissance des tiques et des agents pathog\u00e8nes qu\u2019elles transmettent.<\/p>\n\n\n\n<p>\u00c0 l\u2019heure o\u00f9 les maladies vectorielles \u00e0 tiques progressent et o\u00f9 les formes longues restent insuffisamment comprises et prises en charge, mieux conna\u00eetre le vecteur lui-m\u00eame constitue une \u00e9tape essentielle pour am\u00e9liorer la pr\u00e9vention et la compr\u00e9hension globale de ces pathologies.<\/p>\n\n\n\n<p>Ce webinaire s\u2019appuiera sur les travaux du <strong>programme de recherche participative CiTIQUE<\/strong>, lanc\u00e9 en 2017, qui vise \u00e0 am\u00e9liorer les connaissances sur les tiques piqueuses et les agents pathog\u00e8nes qu\u2019elles peuvent transmettre \u00e0 l\u2019humain.<\/p>\n\n\n\n<p>Gr\u00e2ce aux donn\u00e9es collect\u00e9es sur plus de 2000 tiques provenant de toute la France, ce programme permet d\u2019apporter des \u00e9l\u00e9ments concrets et actualis\u00e9s sur plusieurs questions fondamentales :<\/p>\n\n\n\n<p>Quelles sont les esp\u00e8ces de tiques qui piquent l\u2019humain en France et \u00e0 quels stades de leur d\u00e9veloppement ?<\/p>\n\n\n\n<p>Comment ces tiques sont-elles r\u00e9parties sur le territoire ?<\/p>\n\n\n\n<p>Quels agents pathog\u00e8nes, bact\u00e9ries ou parasites, transportent-elles et comment ces agents varient-ils selon les r\u00e9gions ?<\/p>\n\n\n\n<p>Quel est le niveau de risque dans notre environnement quotidien, notamment dans les jardins, et comment s\u2019en prot\u00e9ger efficacement ?<\/p>\n\n\n\n<p>Ce temps d\u2019\u00e9change permettra d\u2019apporter des r\u00e9ponses scientifiques accessibles, tout en contribuant \u00e0 une meilleure compr\u00e9hension des enjeux li\u00e9s aux maladies vectorielles \u00e0 tiques.<\/p>\n\n\n\n<p><strong>Intervenant<\/strong><\/p>\n\n\n<div class=\"wp-block-image\">\n<figure class=\"aligncenter size-full\"><img loading=\"lazy\" decoding=\"async\" width=\"389\" height=\"424\" src=\"https:\/\/francelyme.fr\/site\/wp-content\/uploads\/2026\/04\/Image1-1.jpg\" alt=\"\" class=\"wp-image-19732\" srcset=\"https:\/\/francelyme.fr\/site\/wp-content\/uploads\/2026\/04\/Image1-1.jpg 389w, https:\/\/francelyme.fr\/site\/wp-content\/uploads\/2026\/04\/Image1-1-275x300.jpg 275w\" sizes=\"auto, (max-width: 389px) 100vw, 389px\" \/><\/figure>\n<\/div>\n\n\n<p>Jonas Durand est ing\u00e9nieur de recherche \u00e0 l\u2019Universit\u00e9 de Lorraine, au sein de la plateforme Tous Chercheurs d\u00e9di\u00e9e aux recherches participatives. Apr\u00e8s une th\u00e8se consacr\u00e9e \u00e0 l\u2019\u00e9cologie \u00e9volutive de certaines bact\u00e9ries du genre Borrelia au sein des populations de tiques, il a rejoint le programme CiTIQUE en 2018.<\/p>\n\n\n\n<p>Sp\u00e9cialiste des tiques, il travaille sur l\u2019\u00e9co-\u00e9pid\u00e9miologie de ces vecteurs et des agents pathog\u00e8nes associ\u00e9s, ainsi que sur les d\u00e9marches de recherche participative impliquant les citoyens. Il est \u00e9galement co-auteur de l\u2019ouvrage \u00ab Tiques et Sant\u00e9 : biologie, maladies, ma\u00eetrise du risque \u00bb publi\u00e9 aux \u00e9ditions Quae.<\/p>\n\n\n\n<p><strong>Informations pratiques<\/strong><\/p>\n\n\n\n<p>Quand ?<\/p>\n\n\n\n<p>Mardi 19 mai \u00e0 18h30<\/p>\n\n\n\n<p>En visioconf\u00e9rence<\/p>\n\n\n\n<p>Participation : Gratuite<\/p>\n\n\n\n<p>Inscription obligatoire via HelloAsso pour recevoir le lien de connexion&nbsp;:<\/p>\n\n\n\n<p><a href=\"https:\/\/www.helloasso.com\/associations\/association-france-lyme\/evenements\/webinaire-france-lyme-les-tiques-et-leurs-agents-pathogenes\">https:\/\/www.helloasso.com\/associations\/association-france-lyme\/evenements\/webinaire-france-lyme-les-tiques-et-leurs-agents-pathogenes<\/a><\/p>\n\n\n\n<p>Nous vous attendons nombreux pour ce rendez-vous essentiel, au croisement de la recherche, de la pr\u00e9vention et des enjeux de sant\u00e9 publique&nbsp;!<\/p>\n\n\n\n<p><\/p>\n<div class=\"like-button\" style=\"float: right; clear: both; text-align: right; width = 100%;\">\n<!-- Facebook Like Button Vivacity Infotech BEGIN -->\n<div class=\"fb-like\" data-href=\"https:\/\/francelyme.fr\/site\/webinaire-france-lyme-les-tiques-et-leurs-agents-pathogenes-aujourdhui-en-france\/\" data-layout=\"box_count\" data-action=\"like\" data-show-faces=\"false\" data-size=\"large\" data-width=\"450\" data-share=\"1\" ><\/div><\/div>\n<!-- Facebook Like Button Vivacity Infotech END -->\n","protected":false},"excerpt":{"rendered":"","protected":false},"author":16,"featured_media":19732,"comment_status":"closed","ping_status":"open","sticky":false,"template":"","format":"standard","meta":{"footnotes":""},"categories":[41,283],"tags":[],"class_list":["post-19731","post","type-post","status-publish","format-standard","has-post-thumbnail","hentry","category-france-lyme","category-medical"],"yoast_head":"<!-- This site is optimized with the Yoast SEO plugin v27.5 - https:\/\/yoast.com\/product\/yoast-seo-wordpress\/ -->\n<title>Webinaire France Lyme : Les tiques et leurs agents pathog\u00e8nes aujourd\u2019hui en France. - Association France Lyme<\/title>\n<meta name=\"robots\" content=\"index, follow, max-snippet:-1, max-image-preview:large, max-video-preview:-1\" \/>\n<link rel=\"canonical\" href=\"https:\/\/francelyme.fr\/site\/webinaire-france-lyme-les-tiques-et-leurs-agents-pathogenes-aujourdhui-en-france\/\" \/>\n<meta property=\"og:locale\" content=\"fr_FR\" \/>\n<meta property=\"og:type\" content=\"article\" \/>\n<meta property=\"og:title\" content=\"Webinaire France Lyme : Les tiques et leurs agents pathog\u00e8nes aujourd\u2019hui en France. - Association France Lyme\" \/>\n<meta property=\"og:url\" content=\"https:\/\/francelyme.fr\/site\/webinaire-france-lyme-les-tiques-et-leurs-agents-pathogenes-aujourdhui-en-france\/\" \/>\n<meta property=\"og:site_name\" content=\"Association France Lyme\" \/>\n<meta property=\"article:publisher\" content=\"https:\/\/www.facebook.com\/france.lyme\" \/>\n<meta property=\"article:published_time\" content=\"2026-04-27T16:35:50+00:00\" \/>\n<meta property=\"article:modified_time\" content=\"2026-04-27T16:35:52+00:00\" \/>\n<meta property=\"og:image\" content=\"http:\/\/francelyme.fr\/site\/wp-content\/uploads\/2026\/04\/Image1-1.jpg\" \/>\n\t<meta property=\"og:image:width\" content=\"389\" \/>\n\t<meta property=\"og:image:height\" content=\"424\" \/>\n\t<meta property=\"og:image:type\" content=\"image\/jpeg\" \/>\n<meta name=\"author\" content=\"Editeur\" \/>\n<meta name=\"twitter:card\" content=\"summary_large_image\" \/>\n<meta name=\"twitter:creator\" content=\"@francelyme\" \/>\n<meta name=\"twitter:site\" content=\"@francelyme\" \/>\n<meta name=\"twitter:label1\" content=\"\u00c9crit par\" \/>\n\t<meta name=\"twitter:data1\" content=\"Editeur\" \/>\n\t<meta name=\"twitter:label2\" content=\"Dur\u00e9e de lecture estim\u00e9e\" \/>\n\t<meta name=\"twitter:data2\" content=\"3 minutes\" \/>\n<script type=\"application\/ld+json\" class=\"yoast-schema-graph\">{\"@context\":\"https:\\\/\\\/schema.org\",\"@graph\":[{\"@type\":\"Article\",\"@id\":\"https:\\\/\\\/francelyme.fr\\\/site\\\/webinaire-france-lyme-les-tiques-et-leurs-agents-pathogenes-aujourdhui-en-france\\\/#article\",\"isPartOf\":{\"@id\":\"https:\\\/\\\/francelyme.fr\\\/site\\\/webinaire-france-lyme-les-tiques-et-leurs-agents-pathogenes-aujourdhui-en-france\\\/\"},\"author\":{\"name\":\"Editeur\",\"@id\":\"https:\\\/\\\/francelyme.fr\\\/site\\\/#\\\/schema\\\/person\\\/b3a32c0e865447c2586961956f5d867e\"},\"headline\":\"Webinaire France Lyme : Les tiques et leurs agents pathog\u00e8nes aujourd\u2019hui en France.\",\"datePublished\":\"2026-04-27T16:35:50+00:00\",\"dateModified\":\"2026-04-27T16:35:52+00:00\",\"mainEntityOfPage\":{\"@id\":\"https:\\\/\\\/francelyme.fr\\\/site\\\/webinaire-france-lyme-les-tiques-et-leurs-agents-pathogenes-aujourdhui-en-france\\\/\"},\"wordCount\":428,\"publisher\":{\"@id\":\"https:\\\/\\\/francelyme.fr\\\/site\\\/#organization\"},\"image\":{\"@id\":\"https:\\\/\\\/francelyme.fr\\\/site\\\/webinaire-france-lyme-les-tiques-et-leurs-agents-pathogenes-aujourdhui-en-france\\\/#primaryimage\"},\"thumbnailUrl\":\"https:\\\/\\\/francelyme.fr\\\/site\\\/wp-content\\\/uploads\\\/2026\\\/04\\\/Image1-1.jpg\",\"articleSection\":[\"France Lyme\",\"M\u00e9dical\"],\"inLanguage\":\"fr-FR\"},{\"@type\":\"WebPage\",\"@id\":\"https:\\\/\\\/francelyme.fr\\\/site\\\/webinaire-france-lyme-les-tiques-et-leurs-agents-pathogenes-aujourdhui-en-france\\\/\",\"url\":\"https:\\\/\\\/francelyme.fr\\\/site\\\/webinaire-france-lyme-les-tiques-et-leurs-agents-pathogenes-aujourdhui-en-france\\\/\",\"name\":\"Webinaire France Lyme : Les tiques et leurs agents pathog\u00e8nes aujourd\u2019hui en France. - Association France Lyme\",\"isPartOf\":{\"@id\":\"https:\\\/\\\/francelyme.fr\\\/site\\\/#website\"},\"primaryImageOfPage\":{\"@id\":\"https:\\\/\\\/francelyme.fr\\\/site\\\/webinaire-france-lyme-les-tiques-et-leurs-agents-pathogenes-aujourdhui-en-france\\\/#primaryimage\"},\"image\":{\"@id\":\"https:\\\/\\\/francelyme.fr\\\/site\\\/webinaire-france-lyme-les-tiques-et-leurs-agents-pathogenes-aujourdhui-en-france\\\/#primaryimage\"},\"thumbnailUrl\":\"https:\\\/\\\/francelyme.fr\\\/site\\\/wp-content\\\/uploads\\\/2026\\\/04\\\/Image1-1.jpg\",\"datePublished\":\"2026-04-27T16:35:50+00:00\",\"dateModified\":\"2026-04-27T16:35:52+00:00\",\"breadcrumb\":{\"@id\":\"https:\\\/\\\/francelyme.fr\\\/site\\\/webinaire-france-lyme-les-tiques-et-leurs-agents-pathogenes-aujourdhui-en-france\\\/#breadcrumb\"},\"inLanguage\":\"fr-FR\",\"potentialAction\":[{\"@type\":\"ReadAction\",\"target\":[\"https:\\\/\\\/francelyme.fr\\\/site\\\/webinaire-france-lyme-les-tiques-et-leurs-agents-pathogenes-aujourdhui-en-france\\\/\"]}]},{\"@type\":\"ImageObject\",\"inLanguage\":\"fr-FR\",\"@id\":\"https:\\\/\\\/francelyme.fr\\\/site\\\/webinaire-france-lyme-les-tiques-et-leurs-agents-pathogenes-aujourdhui-en-france\\\/#primaryimage\",\"url\":\"https:\\\/\\\/francelyme.fr\\\/site\\\/wp-content\\\/uploads\\\/2026\\\/04\\\/Image1-1.jpg\",\"contentUrl\":\"https:\\\/\\\/francelyme.fr\\\/site\\\/wp-content\\\/uploads\\\/2026\\\/04\\\/Image1-1.jpg\",\"width\":389,\"height\":424},{\"@type\":\"BreadcrumbList\",\"@id\":\"https:\\\/\\\/francelyme.fr\\\/site\\\/webinaire-france-lyme-les-tiques-et-leurs-agents-pathogenes-aujourdhui-en-france\\\/#breadcrumb\",\"itemListElement\":[{\"@type\":\"ListItem\",\"position\":1,\"name\":\"Accueil\",\"item\":\"https:\\\/\\\/francelyme.fr\\\/site\\\/\"},{\"@type\":\"ListItem\",\"position\":2,\"name\":\"Webinaire France Lyme : Les tiques et leurs agents pathog\u00e8nes aujourd\u2019hui en France.\"}]},{\"@type\":\"WebSite\",\"@id\":\"https:\\\/\\\/francelyme.fr\\\/site\\\/#website\",\"url\":\"https:\\\/\\\/francelyme.fr\\\/site\\\/\",\"name\":\"Association France Lyme\",\"description\":\"Association de lutte contre les maladies vectorielles \u00e0 tiques\",\"publisher\":{\"@id\":\"https:\\\/\\\/francelyme.fr\\\/site\\\/#organization\"},\"potentialAction\":[{\"@type\":\"SearchAction\",\"target\":{\"@type\":\"EntryPoint\",\"urlTemplate\":\"https:\\\/\\\/francelyme.fr\\\/site\\\/?s={search_term_string}\"},\"query-input\":{\"@type\":\"PropertyValueSpecification\",\"valueRequired\":true,\"valueName\":\"search_term_string\"}}],\"inLanguage\":\"fr-FR\"},{\"@type\":\"Organization\",\"@id\":\"https:\\\/\\\/francelyme.fr\\\/site\\\/#organization\",\"name\":\"France Lyme\",\"url\":\"https:\\\/\\\/francelyme.fr\\\/site\\\/\",\"logo\":{\"@type\":\"ImageObject\",\"inLanguage\":\"fr-FR\",\"@id\":\"https:\\\/\\\/francelyme.fr\\\/site\\\/#\\\/schema\\\/logo\\\/image\\\/\",\"url\":\"https:\\\/\\\/francelyme.fr\\\/site\\\/wp-content\\\/uploads\\\/2019\\\/05\\\/francelyme-site.gif\",\"contentUrl\":\"https:\\\/\\\/francelyme.fr\\\/site\\\/wp-content\\\/uploads\\\/2019\\\/05\\\/francelyme-site.gif\",\"width\":180,\"height\":180,\"caption\":\"France Lyme\"},\"image\":{\"@id\":\"https:\\\/\\\/francelyme.fr\\\/site\\\/#\\\/schema\\\/logo\\\/image\\\/\"},\"sameAs\":[\"https:\\\/\\\/www.facebook.com\\\/france.lyme\",\"https:\\\/\\\/x.com\\\/francelyme\",\"https:\\\/\\\/www.youtube.com\\\/channel\\\/UClMCGl3dvkz0iAgXFR1NH1A\"]},{\"@type\":\"Person\",\"@id\":\"https:\\\/\\\/francelyme.fr\\\/site\\\/#\\\/schema\\\/person\\\/b3a32c0e865447c2586961956f5d867e\",\"name\":\"Editeur\",\"image\":{\"@type\":\"ImageObject\",\"inLanguage\":\"fr-FR\",\"@id\":\"https:\\\/\\\/secure.gravatar.com\\\/avatar\\\/ae207cee02bf4e66ec5abb92d4ccacaa0ad5f5d3d16fe7fcb393eda94bfbf2d2?s=96&d=mm&r=g\",\"url\":\"https:\\\/\\\/secure.gravatar.com\\\/avatar\\\/ae207cee02bf4e66ec5abb92d4ccacaa0ad5f5d3d16fe7fcb393eda94bfbf2d2?s=96&d=mm&r=g\",\"contentUrl\":\"https:\\\/\\\/secure.gravatar.com\\\/avatar\\\/ae207cee02bf4e66ec5abb92d4ccacaa0ad5f5d3d16fe7fcb393eda94bfbf2d2?s=96&d=mm&r=g\",\"caption\":\"Editeur\"},\"url\":\"https:\\\/\\\/francelyme.fr\\\/site\\\/author\\\/editeuradm\\\/\"}]}<\/script>\n<!-- \/ Yoast SEO plugin. -->","yoast_head_json":{"title":"Webinaire France Lyme : Les tiques et leurs agents pathog\u00e8nes aujourd\u2019hui en France. - Association France Lyme","robots":{"index":"index","follow":"follow","max-snippet":"max-snippet:-1","max-image-preview":"max-image-preview:large","max-video-preview":"max-video-preview:-1"},"canonical":"https:\/\/francelyme.fr\/site\/webinaire-france-lyme-les-tiques-et-leurs-agents-pathogenes-aujourdhui-en-france\/","og_locale":"fr_FR","og_type":"article","og_title":"Webinaire France Lyme : Les tiques et leurs agents pathog\u00e8nes aujourd\u2019hui en France. - Association France Lyme","og_url":"https:\/\/francelyme.fr\/site\/webinaire-france-lyme-les-tiques-et-leurs-agents-pathogenes-aujourdhui-en-france\/","og_site_name":"Association France Lyme","article_publisher":"https:\/\/www.facebook.com\/france.lyme","article_published_time":"2026-04-27T16:35:50+00:00","article_modified_time":"2026-04-27T16:35:52+00:00","og_image":[{"width":389,"height":424,"url":"http:\/\/francelyme.fr\/site\/wp-content\/uploads\/2026\/04\/Image1-1.jpg","type":"image\/jpeg"}],"author":"Editeur","twitter_card":"summary_large_image","twitter_creator":"@francelyme","twitter_site":"@francelyme","twitter_misc":{"\u00c9crit par":"Editeur","Dur\u00e9e de lecture estim\u00e9e":"3 minutes"},"schema":{"@context":"https:\/\/schema.org","@graph":[{"@type":"Article","@id":"https:\/\/francelyme.fr\/site\/webinaire-france-lyme-les-tiques-et-leurs-agents-pathogenes-aujourdhui-en-france\/#article","isPartOf":{"@id":"https:\/\/francelyme.fr\/site\/webinaire-france-lyme-les-tiques-et-leurs-agents-pathogenes-aujourdhui-en-france\/"},"author":{"name":"Editeur","@id":"https:\/\/francelyme.fr\/site\/#\/schema\/person\/b3a32c0e865447c2586961956f5d867e"},"headline":"Webinaire France Lyme : Les tiques et leurs agents pathog\u00e8nes aujourd\u2019hui en France.","datePublished":"2026-04-27T16:35:50+00:00","dateModified":"2026-04-27T16:35:52+00:00","mainEntityOfPage":{"@id":"https:\/\/francelyme.fr\/site\/webinaire-france-lyme-les-tiques-et-leurs-agents-pathogenes-aujourdhui-en-france\/"},"wordCount":428,"publisher":{"@id":"https:\/\/francelyme.fr\/site\/#organization"},"image":{"@id":"https:\/\/francelyme.fr\/site\/webinaire-france-lyme-les-tiques-et-leurs-agents-pathogenes-aujourdhui-en-france\/#primaryimage"},"thumbnailUrl":"https:\/\/francelyme.fr\/site\/wp-content\/uploads\/2026\/04\/Image1-1.jpg","articleSection":["France Lyme","M\u00e9dical"],"inLanguage":"fr-FR"},{"@type":"WebPage","@id":"https:\/\/francelyme.fr\/site\/webinaire-france-lyme-les-tiques-et-leurs-agents-pathogenes-aujourdhui-en-france\/","url":"https:\/\/francelyme.fr\/site\/webinaire-france-lyme-les-tiques-et-leurs-agents-pathogenes-aujourdhui-en-france\/","name":"Webinaire France Lyme : Les tiques et leurs agents pathog\u00e8nes aujourd\u2019hui en France. - Association France Lyme","isPartOf":{"@id":"https:\/\/francelyme.fr\/site\/#website"},"primaryImageOfPage":{"@id":"https:\/\/francelyme.fr\/site\/webinaire-france-lyme-les-tiques-et-leurs-agents-pathogenes-aujourdhui-en-france\/#primaryimage"},"image":{"@id":"https:\/\/francelyme.fr\/site\/webinaire-france-lyme-les-tiques-et-leurs-agents-pathogenes-aujourdhui-en-france\/#primaryimage"},"thumbnailUrl":"https:\/\/francelyme.fr\/site\/wp-content\/uploads\/2026\/04\/Image1-1.jpg","datePublished":"2026-04-27T16:35:50+00:00","dateModified":"2026-04-27T16:35:52+00:00","breadcrumb":{"@id":"https:\/\/francelyme.fr\/site\/webinaire-france-lyme-les-tiques-et-leurs-agents-pathogenes-aujourdhui-en-france\/#breadcrumb"},"inLanguage":"fr-FR","potentialAction":[{"@type":"ReadAction","target":["https:\/\/francelyme.fr\/site\/webinaire-france-lyme-les-tiques-et-leurs-agents-pathogenes-aujourdhui-en-france\/"]}]},{"@type":"ImageObject","inLanguage":"fr-FR","@id":"https:\/\/francelyme.fr\/site\/webinaire-france-lyme-les-tiques-et-leurs-agents-pathogenes-aujourdhui-en-france\/#primaryimage","url":"https:\/\/francelyme.fr\/site\/wp-content\/uploads\/2026\/04\/Image1-1.jpg","contentUrl":"https:\/\/francelyme.fr\/site\/wp-content\/uploads\/2026\/04\/Image1-1.jpg","width":389,"height":424},{"@type":"BreadcrumbList","@id":"https:\/\/francelyme.fr\/site\/webinaire-france-lyme-les-tiques-et-leurs-agents-pathogenes-aujourdhui-en-france\/#breadcrumb","itemListElement":[{"@type":"ListItem","position":1,"name":"Accueil","item":"https:\/\/francelyme.fr\/site\/"},{"@type":"ListItem","position":2,"name":"Webinaire France Lyme : Les tiques et leurs agents pathog\u00e8nes aujourd\u2019hui en France."}]},{"@type":"WebSite","@id":"https:\/\/francelyme.fr\/site\/#website","url":"https:\/\/francelyme.fr\/site\/","name":"Association France Lyme","description":"Association de lutte contre les maladies vectorielles \u00e0 tiques","publisher":{"@id":"https:\/\/francelyme.fr\/site\/#organization"},"potentialAction":[{"@type":"SearchAction","target":{"@type":"EntryPoint","urlTemplate":"https:\/\/francelyme.fr\/site\/?s={search_term_string}"},"query-input":{"@type":"PropertyValueSpecification","valueRequired":true,"valueName":"search_term_string"}}],"inLanguage":"fr-FR"},{"@type":"Organization","@id":"https:\/\/francelyme.fr\/site\/#organization","name":"France Lyme","url":"https:\/\/francelyme.fr\/site\/","logo":{"@type":"ImageObject","inLanguage":"fr-FR","@id":"https:\/\/francelyme.fr\/site\/#\/schema\/logo\/image\/","url":"https:\/\/francelyme.fr\/site\/wp-content\/uploads\/2019\/05\/francelyme-site.gif","contentUrl":"https:\/\/francelyme.fr\/site\/wp-content\/uploads\/2019\/05\/francelyme-site.gif","width":180,"height":180,"caption":"France Lyme"},"image":{"@id":"https:\/\/francelyme.fr\/site\/#\/schema\/logo\/image\/"},"sameAs":["https:\/\/www.facebook.com\/france.lyme","https:\/\/x.com\/francelyme","https:\/\/www.youtube.com\/channel\/UClMCGl3dvkz0iAgXFR1NH1A"]},{"@type":"Person","@id":"https:\/\/francelyme.fr\/site\/#\/schema\/person\/b3a32c0e865447c2586961956f5d867e","name":"Editeur","image":{"@type":"ImageObject","inLanguage":"fr-FR","@id":"https:\/\/secure.gravatar.com\/avatar\/ae207cee02bf4e66ec5abb92d4ccacaa0ad5f5d3d16fe7fcb393eda94bfbf2d2?s=96&d=mm&r=g","url":"https:\/\/secure.gravatar.com\/avatar\/ae207cee02bf4e66ec5abb92d4ccacaa0ad5f5d3d16fe7fcb393eda94bfbf2d2?s=96&d=mm&r=g","contentUrl":"https:\/\/secure.gravatar.com\/avatar\/ae207cee02bf4e66ec5abb92d4ccacaa0ad5f5d3d16fe7fcb393eda94bfbf2d2?s=96&d=mm&r=g","caption":"Editeur"},"url":"https:\/\/francelyme.fr\/site\/author\/editeuradm\/"}]}},"_links":{"self":[{"href":"https:\/\/francelyme.fr\/site\/wp-json\/wp\/v2\/posts\/19731","targetHints":{"allow":["GET"]}}],"collection":[{"href":"https:\/\/francelyme.fr\/site\/wp-json\/wp\/v2\/posts"}],"about":[{"href":"https:\/\/francelyme.fr\/site\/wp-json\/wp\/v2\/types\/post"}],"author":[{"embeddable":true,"href":"https:\/\/francelyme.fr\/site\/wp-json\/wp\/v2\/users\/16"}],"replies":[{"embeddable":true,"href":"https:\/\/francelyme.fr\/site\/wp-json\/wp\/v2\/comments?post=19731"}],"version-history":[{"count":1,"href":"https:\/\/francelyme.fr\/site\/wp-json\/wp\/v2\/posts\/19731\/revisions"}],"predecessor-version":[{"id":19733,"href":"https:\/\/francelyme.fr\/site\/wp-json\/wp\/v2\/posts\/19731\/revisions\/19733"}],"wp:featuredmedia":[{"embeddable":true,"href":"https:\/\/francelyme.fr\/site\/wp-json\/wp\/v2\/media\/19732"}],"wp:attachment":[{"href":"https:\/\/francelyme.fr\/site\/wp-json\/wp\/v2\/media?parent=19731"}],"wp:term":[{"taxonomy":"category","embeddable":true,"href":"https:\/\/francelyme.fr\/site\/wp-json\/wp\/v2\/categories?post=19731"},{"taxonomy":"post_tag","embeddable":true,"href":"https:\/\/francelyme.fr\/site\/wp-json\/wp\/v2\/tags?post=19731"}],"curies":[{"name":"wp","href":"https:\/\/api.w.org\/{rel}","templated":true}]}}