{"id":19735,"date":"2026-04-28T16:42:24","date_gmt":"2026-04-28T14:42:24","guid":{"rendered":"https:\/\/francelyme.fr\/site\/?p=19735"},"modified":"2026-04-28T16:44:04","modified_gmt":"2026-04-28T14:44:04","slug":"tiques-sous-haute-surveillance-une-avancee-scientifique-porteuse-despoir-pour-les-malades-de-lyme","status":"publish","type":"post","link":"https:\/\/francelyme.fr\/site\/tiques-sous-haute-surveillance-une-avancee-scientifique-porteuse-despoir-pour-les-malades-de-lyme\/","title":{"rendered":"Tiques sous haute surveillance : une avanc\u00e9e scientifique porteuse d&rsquo;espoir pour les malades de Lyme"},"content":{"rendered":"<div class=\"like-button\" style=\"float: right; clear: both; text-align: right; width = 100%;\">\n<!-- Facebook Like Button Vivacity Infotech BEGIN -->\n<div class=\"fb-like\" data-href=\"https:\/\/francelyme.fr\/site\/tiques-sous-haute-surveillance-une-avancee-scientifique-porteuse-despoir-pour-les-malades-de-lyme\/\" data-layout=\"box_count\" data-action=\"like\" data-show-faces=\"false\" data-size=\"large\" data-width=\"450\" data-share=\"1\" ><\/div><\/div>\n<!-- Facebook Like Button Vivacity Infotech END -->\n<div id=\"fb-root\"><\/div>\n\n<p>Un article r\u00e9cent du journal du CNRS met en lumi\u00e8re une dynamique de recherche fran\u00e7aise particuli\u00e8rement encourageante sur les tiques et la maladie de Lyme. Au-del\u00e0 des constats connus, ce travail apporte des \u00e9l\u00e9ments concrets qui ouvrent des perspectives nouvelles, notamment gr\u00e2ce aux travaux d&rsquo;\u00e9quipes comme celles d&rsquo;Hugues Gascan et de S\u00e9bastien Bontemps-Gallo.<\/p>\n\n\n\n<h3 class=\"wp-block-heading\">Mieux comprendre l&rsquo;ennemi : un pr\u00e9alable indispensable<\/h3>\n\n\n\n<p>Les tiques sont aujourd&rsquo;hui reconnues comme un v\u00e9ritable enjeu de sant\u00e9 publique. En France, elles piquent environ 1 personne sur 20 chaque ann\u00e9e et sont responsables de dizaines de milliers d&rsquo;infections .<\/p>\n\n\n\n<p>Contrairement \u00e0 une id\u00e9e re\u00e7ue, elles ne vivent pas uniquement en for\u00eat. On les retrouve aussi dans les jardins, et elles peuvent m\u00eame entrer dans les habitations via les animaux domestiques . Cette proximit\u00e9 explique en partie l&rsquo;augmentation des cas.<\/p>\n\n\n\n<p>Mais surtout, les tiques ne transmettent pas qu&rsquo;une seule bact\u00e9rie. Elles peuvent v\u00e9hiculer une grande diversit\u00e9 de pathog\u00e8nes, ce qui complique consid\u00e9rablement les diagnostics et les traitements.<\/p>\n\n\n\n<p>C&rsquo;est pr\u00e9cis\u00e9ment l\u00e0 que la recherche devient essentielle.<\/p>\n\n\n\n<h3 class=\"wp-block-heading\">Une \u00ab tiquoth\u00e8que \u00bb unique : un outil strat\u00e9gique pour la recherche<\/h3>\n\n\n\n<p>L&rsquo;un des apports majeurs pr\u00e9sent\u00e9s dans cet article est la cr\u00e9ation d&rsquo;une \u00ab tiquoth\u00e8que \u00bb contenant environ 80 000 sp\u00e9cimens .<\/p>\n\n\n\n<p>Pourquoi est-ce si important ?<\/p>\n\n\n\n<p>Parce que cet outil permet :<\/p>\n\n\n\n<ul class=\"wp-block-list\">\n<li>d&rsquo;identifier pr\u00e9cis\u00e9ment les agents pathog\u00e8nes pr\u00e9sents dans les tiques<\/li>\n\n\n\n<li>de mieux comprendre les m\u00e9canismes de transmission<\/li>\n\n\n\n<li>d&rsquo;\u00e9tudier les diff\u00e9rences entre les tiques selon les r\u00e9gions<\/li>\n\n\n\n<li>d&rsquo;acc\u00e9l\u00e9rer la recherche de nouvelles pistes th\u00e9rapeutiques<\/li>\n<\/ul>\n\n\n\n<p>Autrement dit, on passe d&rsquo;une approche approximative \u00e0 une connaissance fine et structur\u00e9e.<\/p>\n\n\n\n<p>Pour les malades, cela signifie une chose essentielle : la possibilit\u00e9, \u00e0 terme, de diagnostics plus fiables et de traitements mieux adapt\u00e9s.<\/p>\n\n\n\n<h3 class=\"wp-block-heading\">Les travaux d&rsquo;Hugues Gascan : comprendre les formes persistantes<\/h3>\n\n\n\n<p>Les travaux d&rsquo;Hugues Gascan apportent un \u00e9clairage fondamental sur une r\u00e9alit\u00e9 longtemps contest\u00e9e : la persistance des sympt\u00f4mes.<\/p>\n\n\n\n<p>Il rappelle notamment que :<\/p>\n\n\n\n<ul class=\"wp-block-list\">\n<li>la forme classique de la maladie est bien identifi\u00e9e et trait\u00e9e dans la majorit\u00e9 des cas<\/li>\n\n\n\n<li>mais une autre forme existe, plus complexe<\/li>\n\n\n\n<li>cette forme peut appara\u00eetre plusieurs mois apr\u00e8s la piq\u00fbre, parfois sans signe initial visible\u00a0<\/li>\n<\/ul>\n\n\n\n<p>Ces observations rejoignent directement ce que les patients d\u00e9crivent depuis des ann\u00e9es : fatigue intense, troubles cognitifs, douleurs diffuses, ce que l&rsquo;on appelle souvent le \u00ab brouillard c\u00e9r\u00e9bral \u00bb .<\/p>\n\n\n\n<p>La reconnaissance r\u00e9cente du Lyme long par la Haute Autorit\u00e9 de Sant\u00e9 en 2025 confirme enfin cette r\u00e9alit\u00e9 clinique.<\/p>\n\n\n\n<p>Mais surtout, ces travaux posent une question cl\u00e9 : pourquoi certains patients ne gu\u00e9rissent-ils pas compl\u00e8tement ?<\/p>\n\n\n\n<p>C&rsquo;est l\u00e0 que se situe l&rsquo;un des grands enjeux th\u00e9rapeutiques des ann\u00e9es \u00e0 venir.<\/p>\n\n\n\n<h3 class=\"wp-block-heading\">S\u00e9bastien Bontemps-Gallo : d\u00e9crypter les m\u00e9canismes bact\u00e9riens<\/h3>\n\n\n\n<p>Les recherches de S\u00e9bastien Bontemps-Gallo s&rsquo;inscrivent dans une dimension compl\u00e9mentaire : comprendre comment la bact\u00e9rie elle-m\u00eame survit et r\u00e9siste.<\/p>\n\n\n\n<p>M\u00eame si ces travaux sont encore en cours, ils visent notamment \u00e0 :<\/p>\n\n\n\n<ul class=\"wp-block-list\">\n<li>analyser les strat\u00e9gies d&rsquo;adaptation des bact\u00e9ries<\/li>\n\n\n\n<li>comprendre comment elles \u00e9chappent au syst\u00e8me immunitaire<\/li>\n\n\n\n<li>identifier des cibles th\u00e9rapeutiques potentielles<\/li>\n<\/ul>\n\n\n\n<p>Ce type de recherche est crucial. Il permet d&rsquo;envisager, \u00e0 terme :<\/p>\n\n\n\n<ul class=\"wp-block-list\">\n<li>de nouveaux traitements plus efficaces<\/li>\n\n\n\n<li>des approches cibl\u00e9es plut\u00f4t que standardis\u00e9es<\/li>\n\n\n\n<li>une meilleure prise en charge des formes complexes<\/li>\n<\/ul>\n\n\n\n<h3 class=\"wp-block-heading\">Pourquoi ces avanc\u00e9es sont importantes pour les malades<\/h3>\n\n\n\n<p>Aujourd&rsquo;hui, la principale difficult\u00e9 reste le d\u00e9calage entre :<\/p>\n\n\n\n<ul class=\"wp-block-list\">\n<li>la complexit\u00e9 r\u00e9elle de la maladie<\/li>\n\n\n\n<li>et les outils diagnostiques et th\u00e9rapeutiques disponibles<\/li>\n<\/ul>\n\n\n\n<p>Les tests ne sont pas fiables \u00e0 100 %, notamment dans les formes tardives , et de nombreux patients restent en errance m\u00e9dicale.<\/p>\n\n\n\n<p>Les travaux pr\u00e9sent\u00e9s ici apportent plusieurs raisons d&rsquo;esp\u00e9rer :<\/p>\n\n\n\n<ul class=\"wp-block-list\">\n<li>une meilleure compr\u00e9hension des formes longues<\/li>\n\n\n\n<li>une reconnaissance croissante de leur r\u00e9alit\u00e9<\/li>\n\n\n\n<li>des outils scientifiques pour d\u00e9velopper de nouvelles strat\u00e9gies de soin<\/li>\n<\/ul>\n\n\n\n<p>Ils confirment \u00e9galement une id\u00e9e essentielle port\u00e9e par France Lyme : la maladie de Lyme ne peut pas \u00eatre abord\u00e9e de mani\u00e8re uniforme. Elle n\u00e9cessite une approche individualis\u00e9e, adapt\u00e9e \u00e0 chaque patient.<\/p>\n\n\n\n<h3 class=\"wp-block-heading\">Saluer la recherche fran\u00e7aise et appeler \u00e0 amplifier l&rsquo;effort<\/h3>\n\n\n\n<p>Ces avanc\u00e9es sont le fruit du travail d&rsquo;\u00e9quipes fran\u00e7aises engag\u00e9es, souvent avec des moyens encore insuffisants au regard des enjeux.<\/p>\n\n\n\n<p>Or il y a pourtant des besoins importants et bien cibl\u00e9s d\u00e9sormais :<\/p>\n\n\n\n<ul class=\"wp-block-list\">\n<li>intensifier la recherche sur les formes persistantes<\/li>\n\n\n\n<li>am\u00e9liorer les outils diagnostiques<\/li>\n\n\n\n<li>d\u00e9velopper de nouvelles options th\u00e9rapeutiques<\/li>\n\n\n\n<li>mieux int\u00e9grer l&rsquo;exp\u00e9rience des patients dans les travaux scientifiques<\/li>\n<\/ul>\n\n\n\n<p>Comme le rappellent les rapports parlementaires, il est indispensable de renforcer durablement les financements de la recherche et d&rsquo;\u00e9largir les axes d&rsquo;\u00e9tude aux formes s\u00e9v\u00e8res .<\/p>\n\n\n\n<h3 class=\"wp-block-heading\">Un message d&rsquo;espoir, mais aussi de vigilance<\/h3>\n\n\n\n<p>Ces travaux montrent que la compr\u00e9hension de la maladie progresse.<\/p>\n\n\n\n<p>Ils montrent aussi que les malades avaient raison d&rsquo;alerter depuis des ann\u00e9es sur la complexit\u00e9 de leur \u00e9tat.<\/p>\n\n\n\n<p>La recherche clinique s&rsquo;intensifie, port\u00e9e par des \u00e9quipes mobilis\u00e9es et par une meilleure prise en compte des formes complexes de la maladie. Les m\u00e9decins et chercheurs explorent progressivement de nouvelles approches, enrichies par les donn\u00e9es scientifiques r\u00e9centes et par l&rsquo;observation du terrain. Les pratiques \u00e9voluent, s&rsquo;ouvrent, et commencent \u00e0 mieux refl\u00e9ter la r\u00e9alit\u00e9 des patients.<\/p>\n\n\n\n<p>Surtout, une \u00e9tape essentielle est franchie : les patients sont d\u00e9sormais pleinement int\u00e9gr\u00e9s aux r\u00e9flexions. France Lyme participe activement au comit\u00e9 de pilotage de l&rsquo;INSERM aux c\u00f4t\u00e9s de chercheurs, dont certains impliqu\u00e9s dans ces travaux. Cette collaboration permet de faire entendre la voix des malades, d&rsquo;apporter leur expertise v\u00e9cue et de contribuer \u00e0 orienter la recherche vers des solutions r\u00e9ellement adapt\u00e9es.<\/p>\n\n\n\n<p><strong>CNRS Le Journal<\/strong>, article\u00a0<strong>\u00ab Tiques sous haute surveillance \u00bb<\/strong>, par\u00a0<strong>Nicolas Guillas<\/strong>, publi\u00e9 le\u00a0<strong>13 avril 2026<\/strong>.<\/p>\n\n\n<div class=\"wp-block-image\">\n<figure class=\"aligncenter size-large\"><img loading=\"lazy\" decoding=\"async\" width=\"1024\" height=\"788\" src=\"https:\/\/francelyme.fr\/site\/wp-content\/uploads\/2026\/04\/FRANCE-HEALTH-ANIMALS-RESEARCH-VIRUS-1024x788.jpeg\" alt=\"\" class=\"wp-image-19737\" srcset=\"https:\/\/francelyme.fr\/site\/wp-content\/uploads\/2026\/04\/FRANCE-HEALTH-ANIMALS-RESEARCH-VIRUS-1024x788.jpeg 1024w, https:\/\/francelyme.fr\/site\/wp-content\/uploads\/2026\/04\/FRANCE-HEALTH-ANIMALS-RESEARCH-VIRUS-300x231.jpeg 300w, https:\/\/francelyme.fr\/site\/wp-content\/uploads\/2026\/04\/FRANCE-HEALTH-ANIMALS-RESEARCH-VIRUS-768x591.jpeg 768w, https:\/\/francelyme.fr\/site\/wp-content\/uploads\/2026\/04\/FRANCE-HEALTH-ANIMALS-RESEARCH-VIRUS-1536x1181.jpeg 1536w, https:\/\/francelyme.fr\/site\/wp-content\/uploads\/2026\/04\/FRANCE-HEALTH-ANIMALS-RESEARCH-VIRUS-1320x1015.jpeg 1320w, https:\/\/francelyme.fr\/site\/wp-content\/uploads\/2026\/04\/FRANCE-HEALTH-ANIMALS-RESEARCH-VIRUS.jpeg 2048w\" sizes=\"auto, (max-width: 1024px) 100vw, 1024px\" \/><\/figure>\n<\/div>\n\n\n<div data-wp-interactive=\"core\/file\" class=\"wp-block-file\"><object data-wp-bind--hidden=\"!state.hasPdfPreview\" hidden class=\"wp-block-file__embed\" data=\"https:\/\/francelyme.fr\/site\/wp-content\/uploads\/2026\/04\/CNRS-Tiques-sous-haute-surveillance-2.pdf\" type=\"application\/pdf\" style=\"width:100%;height:600px\" aria-label=\"Contenu embarqu\u00e9 CNRS - Tiques sous haute surveillance (2).\"><\/object><a id=\"wp-block-file--media-e1711b48-d0bc-42c9-bda2-926432cc5769\" href=\"https:\/\/francelyme.fr\/site\/wp-content\/uploads\/2026\/04\/CNRS-Tiques-sous-haute-surveillance-2.pdf\">CNRS &#8211; Tiques sous haute surveillance (2)<\/a><a href=\"https:\/\/francelyme.fr\/site\/wp-content\/uploads\/2026\/04\/CNRS-Tiques-sous-haute-surveillance-2.pdf\" class=\"wp-block-file__button wp-element-button\" download aria-describedby=\"wp-block-file--media-e1711b48-d0bc-42c9-bda2-926432cc5769\">T\u00e9l\u00e9charger<\/a><\/div>\n<div class=\"like-button\" style=\"float: right; clear: both; text-align: right; width = 100%;\">\n<!-- Facebook Like Button Vivacity Infotech BEGIN -->\n<div class=\"fb-like\" data-href=\"https:\/\/francelyme.fr\/site\/tiques-sous-haute-surveillance-une-avancee-scientifique-porteuse-despoir-pour-les-malades-de-lyme\/\" data-layout=\"box_count\" data-action=\"like\" data-show-faces=\"false\" data-size=\"large\" data-width=\"450\" data-share=\"1\" ><\/div><\/div>\n<!-- Facebook Like Button Vivacity Infotech END -->\n","protected":false},"excerpt":{"rendered":"","protected":false},"author":16,"featured_media":19737,"comment_status":"closed","ping_status":"open","sticky":false,"template":"","format":"standard","meta":{"footnotes":""},"categories":[41,283],"tags":[],"class_list":["post-19735","post","type-post","status-publish","format-standard","has-post-thumbnail","hentry","category-france-lyme","category-medical"],"yoast_head":"<!-- This site is optimized with the Yoast SEO plugin v27.5 - https:\/\/yoast.com\/product\/yoast-seo-wordpress\/ -->\n<title>Tiques sous haute surveillance : une avanc\u00e9e scientifique porteuse d&#039;espoir pour les malades de Lyme - Association France Lyme<\/title>\n<meta name=\"robots\" content=\"index, follow, max-snippet:-1, max-image-preview:large, max-video-preview:-1\" \/>\n<link rel=\"canonical\" href=\"https:\/\/francelyme.fr\/site\/tiques-sous-haute-surveillance-une-avancee-scientifique-porteuse-despoir-pour-les-malades-de-lyme\/\" \/>\n<meta property=\"og:locale\" content=\"fr_FR\" \/>\n<meta property=\"og:type\" content=\"article\" \/>\n<meta property=\"og:title\" content=\"Tiques sous haute surveillance : une avanc\u00e9e scientifique porteuse d&#039;espoir pour les malades de Lyme - Association France Lyme\" \/>\n<meta property=\"og:url\" content=\"https:\/\/francelyme.fr\/site\/tiques-sous-haute-surveillance-une-avancee-scientifique-porteuse-despoir-pour-les-malades-de-lyme\/\" \/>\n<meta property=\"og:site_name\" content=\"Association France Lyme\" \/>\n<meta property=\"article:publisher\" content=\"https:\/\/www.facebook.com\/france.lyme\" \/>\n<meta property=\"article:published_time\" content=\"2026-04-28T14:42:24+00:00\" \/>\n<meta property=\"article:modified_time\" content=\"2026-04-28T14:44:04+00:00\" \/>\n<meta property=\"og:image\" content=\"http:\/\/francelyme.fr\/site\/wp-content\/uploads\/2026\/04\/FRANCE-HEALTH-ANIMALS-RESEARCH-VIRUS.jpeg\" \/>\n\t<meta property=\"og:image:width\" content=\"2048\" \/>\n\t<meta property=\"og:image:height\" content=\"1575\" \/>\n\t<meta property=\"og:image:type\" content=\"image\/jpeg\" \/>\n<meta name=\"author\" content=\"Editeur\" \/>\n<meta name=\"twitter:card\" content=\"summary_large_image\" \/>\n<meta name=\"twitter:creator\" content=\"@francelyme\" \/>\n<meta name=\"twitter:site\" content=\"@francelyme\" \/>\n<meta name=\"twitter:label1\" content=\"\u00c9crit par\" \/>\n\t<meta name=\"twitter:data1\" content=\"Editeur\" \/>\n\t<meta name=\"twitter:label2\" content=\"Dur\u00e9e de lecture estim\u00e9e\" \/>\n\t<meta name=\"twitter:data2\" content=\"5 minutes\" \/>\n<script type=\"application\/ld+json\" class=\"yoast-schema-graph\">{\"@context\":\"https:\\\/\\\/schema.org\",\"@graph\":[{\"@type\":\"Article\",\"@id\":\"https:\\\/\\\/francelyme.fr\\\/site\\\/tiques-sous-haute-surveillance-une-avancee-scientifique-porteuse-despoir-pour-les-malades-de-lyme\\\/#article\",\"isPartOf\":{\"@id\":\"https:\\\/\\\/francelyme.fr\\\/site\\\/tiques-sous-haute-surveillance-une-avancee-scientifique-porteuse-despoir-pour-les-malades-de-lyme\\\/\"},\"author\":{\"name\":\"Editeur\",\"@id\":\"https:\\\/\\\/francelyme.fr\\\/site\\\/#\\\/schema\\\/person\\\/b3a32c0e865447c2586961956f5d867e\"},\"headline\":\"Tiques sous haute surveillance : une avanc\u00e9e scientifique porteuse d&rsquo;espoir pour les malades de Lyme\",\"datePublished\":\"2026-04-28T14:42:24+00:00\",\"dateModified\":\"2026-04-28T14:44:04+00:00\",\"mainEntityOfPage\":{\"@id\":\"https:\\\/\\\/francelyme.fr\\\/site\\\/tiques-sous-haute-surveillance-une-avancee-scientifique-porteuse-despoir-pour-les-malades-de-lyme\\\/\"},\"wordCount\":1025,\"publisher\":{\"@id\":\"https:\\\/\\\/francelyme.fr\\\/site\\\/#organization\"},\"image\":{\"@id\":\"https:\\\/\\\/francelyme.fr\\\/site\\\/tiques-sous-haute-surveillance-une-avancee-scientifique-porteuse-despoir-pour-les-malades-de-lyme\\\/#primaryimage\"},\"thumbnailUrl\":\"https:\\\/\\\/francelyme.fr\\\/site\\\/wp-content\\\/uploads\\\/2026\\\/04\\\/FRANCE-HEALTH-ANIMALS-RESEARCH-VIRUS.jpeg\",\"articleSection\":[\"France Lyme\",\"M\u00e9dical\"],\"inLanguage\":\"fr-FR\"},{\"@type\":\"WebPage\",\"@id\":\"https:\\\/\\\/francelyme.fr\\\/site\\\/tiques-sous-haute-surveillance-une-avancee-scientifique-porteuse-despoir-pour-les-malades-de-lyme\\\/\",\"url\":\"https:\\\/\\\/francelyme.fr\\\/site\\\/tiques-sous-haute-surveillance-une-avancee-scientifique-porteuse-despoir-pour-les-malades-de-lyme\\\/\",\"name\":\"Tiques sous haute surveillance : une avanc\u00e9e scientifique porteuse d'espoir pour les malades de Lyme - Association France Lyme\",\"isPartOf\":{\"@id\":\"https:\\\/\\\/francelyme.fr\\\/site\\\/#website\"},\"primaryImageOfPage\":{\"@id\":\"https:\\\/\\\/francelyme.fr\\\/site\\\/tiques-sous-haute-surveillance-une-avancee-scientifique-porteuse-despoir-pour-les-malades-de-lyme\\\/#primaryimage\"},\"image\":{\"@id\":\"https:\\\/\\\/francelyme.fr\\\/site\\\/tiques-sous-haute-surveillance-une-avancee-scientifique-porteuse-despoir-pour-les-malades-de-lyme\\\/#primaryimage\"},\"thumbnailUrl\":\"https:\\\/\\\/francelyme.fr\\\/site\\\/wp-content\\\/uploads\\\/2026\\\/04\\\/FRANCE-HEALTH-ANIMALS-RESEARCH-VIRUS.jpeg\",\"datePublished\":\"2026-04-28T14:42:24+00:00\",\"dateModified\":\"2026-04-28T14:44:04+00:00\",\"breadcrumb\":{\"@id\":\"https:\\\/\\\/francelyme.fr\\\/site\\\/tiques-sous-haute-surveillance-une-avancee-scientifique-porteuse-despoir-pour-les-malades-de-lyme\\\/#breadcrumb\"},\"inLanguage\":\"fr-FR\",\"potentialAction\":[{\"@type\":\"ReadAction\",\"target\":[\"https:\\\/\\\/francelyme.fr\\\/site\\\/tiques-sous-haute-surveillance-une-avancee-scientifique-porteuse-despoir-pour-les-malades-de-lyme\\\/\"]}]},{\"@type\":\"ImageObject\",\"inLanguage\":\"fr-FR\",\"@id\":\"https:\\\/\\\/francelyme.fr\\\/site\\\/tiques-sous-haute-surveillance-une-avancee-scientifique-porteuse-despoir-pour-les-malades-de-lyme\\\/#primaryimage\",\"url\":\"https:\\\/\\\/francelyme.fr\\\/site\\\/wp-content\\\/uploads\\\/2026\\\/04\\\/FRANCE-HEALTH-ANIMALS-RESEARCH-VIRUS.jpeg\",\"contentUrl\":\"https:\\\/\\\/francelyme.fr\\\/site\\\/wp-content\\\/uploads\\\/2026\\\/04\\\/FRANCE-HEALTH-ANIMALS-RESEARCH-VIRUS.jpeg\",\"width\":2048,\"height\":1575},{\"@type\":\"BreadcrumbList\",\"@id\":\"https:\\\/\\\/francelyme.fr\\\/site\\\/tiques-sous-haute-surveillance-une-avancee-scientifique-porteuse-despoir-pour-les-malades-de-lyme\\\/#breadcrumb\",\"itemListElement\":[{\"@type\":\"ListItem\",\"position\":1,\"name\":\"Accueil\",\"item\":\"https:\\\/\\\/francelyme.fr\\\/site\\\/\"},{\"@type\":\"ListItem\",\"position\":2,\"name\":\"Tiques sous haute surveillance : une avanc\u00e9e scientifique porteuse d&rsquo;espoir pour les malades de Lyme\"}]},{\"@type\":\"WebSite\",\"@id\":\"https:\\\/\\\/francelyme.fr\\\/site\\\/#website\",\"url\":\"https:\\\/\\\/francelyme.fr\\\/site\\\/\",\"name\":\"Association France Lyme\",\"description\":\"Association de lutte contre les maladies vectorielles \u00e0 tiques\",\"publisher\":{\"@id\":\"https:\\\/\\\/francelyme.fr\\\/site\\\/#organization\"},\"potentialAction\":[{\"@type\":\"SearchAction\",\"target\":{\"@type\":\"EntryPoint\",\"urlTemplate\":\"https:\\\/\\\/francelyme.fr\\\/site\\\/?s={search_term_string}\"},\"query-input\":{\"@type\":\"PropertyValueSpecification\",\"valueRequired\":true,\"valueName\":\"search_term_string\"}}],\"inLanguage\":\"fr-FR\"},{\"@type\":\"Organization\",\"@id\":\"https:\\\/\\\/francelyme.fr\\\/site\\\/#organization\",\"name\":\"France Lyme\",\"url\":\"https:\\\/\\\/francelyme.fr\\\/site\\\/\",\"logo\":{\"@type\":\"ImageObject\",\"inLanguage\":\"fr-FR\",\"@id\":\"https:\\\/\\\/francelyme.fr\\\/site\\\/#\\\/schema\\\/logo\\\/image\\\/\",\"url\":\"https:\\\/\\\/francelyme.fr\\\/site\\\/wp-content\\\/uploads\\\/2019\\\/05\\\/francelyme-site.gif\",\"contentUrl\":\"https:\\\/\\\/francelyme.fr\\\/site\\\/wp-content\\\/uploads\\\/2019\\\/05\\\/francelyme-site.gif\",\"width\":180,\"height\":180,\"caption\":\"France Lyme\"},\"image\":{\"@id\":\"https:\\\/\\\/francelyme.fr\\\/site\\\/#\\\/schema\\\/logo\\\/image\\\/\"},\"sameAs\":[\"https:\\\/\\\/www.facebook.com\\\/france.lyme\",\"https:\\\/\\\/x.com\\\/francelyme\",\"https:\\\/\\\/www.youtube.com\\\/channel\\\/UClMCGl3dvkz0iAgXFR1NH1A\"]},{\"@type\":\"Person\",\"@id\":\"https:\\\/\\\/francelyme.fr\\\/site\\\/#\\\/schema\\\/person\\\/b3a32c0e865447c2586961956f5d867e\",\"name\":\"Editeur\",\"image\":{\"@type\":\"ImageObject\",\"inLanguage\":\"fr-FR\",\"@id\":\"https:\\\/\\\/secure.gravatar.com\\\/avatar\\\/ae207cee02bf4e66ec5abb92d4ccacaa0ad5f5d3d16fe7fcb393eda94bfbf2d2?s=96&d=mm&r=g\",\"url\":\"https:\\\/\\\/secure.gravatar.com\\\/avatar\\\/ae207cee02bf4e66ec5abb92d4ccacaa0ad5f5d3d16fe7fcb393eda94bfbf2d2?s=96&d=mm&r=g\",\"contentUrl\":\"https:\\\/\\\/secure.gravatar.com\\\/avatar\\\/ae207cee02bf4e66ec5abb92d4ccacaa0ad5f5d3d16fe7fcb393eda94bfbf2d2?s=96&d=mm&r=g\",\"caption\":\"Editeur\"},\"url\":\"https:\\\/\\\/francelyme.fr\\\/site\\\/author\\\/editeuradm\\\/\"}]}<\/script>\n<!-- \/ Yoast SEO plugin. -->","yoast_head_json":{"title":"Tiques sous haute surveillance : une avanc\u00e9e scientifique porteuse d'espoir pour les malades de Lyme - Association France Lyme","robots":{"index":"index","follow":"follow","max-snippet":"max-snippet:-1","max-image-preview":"max-image-preview:large","max-video-preview":"max-video-preview:-1"},"canonical":"https:\/\/francelyme.fr\/site\/tiques-sous-haute-surveillance-une-avancee-scientifique-porteuse-despoir-pour-les-malades-de-lyme\/","og_locale":"fr_FR","og_type":"article","og_title":"Tiques sous haute surveillance : une avanc\u00e9e scientifique porteuse d'espoir pour les malades de Lyme - Association France Lyme","og_url":"https:\/\/francelyme.fr\/site\/tiques-sous-haute-surveillance-une-avancee-scientifique-porteuse-despoir-pour-les-malades-de-lyme\/","og_site_name":"Association France Lyme","article_publisher":"https:\/\/www.facebook.com\/france.lyme","article_published_time":"2026-04-28T14:42:24+00:00","article_modified_time":"2026-04-28T14:44:04+00:00","og_image":[{"width":2048,"height":1575,"url":"http:\/\/francelyme.fr\/site\/wp-content\/uploads\/2026\/04\/FRANCE-HEALTH-ANIMALS-RESEARCH-VIRUS.jpeg","type":"image\/jpeg"}],"author":"Editeur","twitter_card":"summary_large_image","twitter_creator":"@francelyme","twitter_site":"@francelyme","twitter_misc":{"\u00c9crit par":"Editeur","Dur\u00e9e de lecture estim\u00e9e":"5 minutes"},"schema":{"@context":"https:\/\/schema.org","@graph":[{"@type":"Article","@id":"https:\/\/francelyme.fr\/site\/tiques-sous-haute-surveillance-une-avancee-scientifique-porteuse-despoir-pour-les-malades-de-lyme\/#article","isPartOf":{"@id":"https:\/\/francelyme.fr\/site\/tiques-sous-haute-surveillance-une-avancee-scientifique-porteuse-despoir-pour-les-malades-de-lyme\/"},"author":{"name":"Editeur","@id":"https:\/\/francelyme.fr\/site\/#\/schema\/person\/b3a32c0e865447c2586961956f5d867e"},"headline":"Tiques sous haute surveillance : une avanc\u00e9e scientifique porteuse d&rsquo;espoir pour les malades de Lyme","datePublished":"2026-04-28T14:42:24+00:00","dateModified":"2026-04-28T14:44:04+00:00","mainEntityOfPage":{"@id":"https:\/\/francelyme.fr\/site\/tiques-sous-haute-surveillance-une-avancee-scientifique-porteuse-despoir-pour-les-malades-de-lyme\/"},"wordCount":1025,"publisher":{"@id":"https:\/\/francelyme.fr\/site\/#organization"},"image":{"@id":"https:\/\/francelyme.fr\/site\/tiques-sous-haute-surveillance-une-avancee-scientifique-porteuse-despoir-pour-les-malades-de-lyme\/#primaryimage"},"thumbnailUrl":"https:\/\/francelyme.fr\/site\/wp-content\/uploads\/2026\/04\/FRANCE-HEALTH-ANIMALS-RESEARCH-VIRUS.jpeg","articleSection":["France Lyme","M\u00e9dical"],"inLanguage":"fr-FR"},{"@type":"WebPage","@id":"https:\/\/francelyme.fr\/site\/tiques-sous-haute-surveillance-une-avancee-scientifique-porteuse-despoir-pour-les-malades-de-lyme\/","url":"https:\/\/francelyme.fr\/site\/tiques-sous-haute-surveillance-une-avancee-scientifique-porteuse-despoir-pour-les-malades-de-lyme\/","name":"Tiques sous haute surveillance : une avanc\u00e9e scientifique porteuse d'espoir pour les malades de Lyme - Association France Lyme","isPartOf":{"@id":"https:\/\/francelyme.fr\/site\/#website"},"primaryImageOfPage":{"@id":"https:\/\/francelyme.fr\/site\/tiques-sous-haute-surveillance-une-avancee-scientifique-porteuse-despoir-pour-les-malades-de-lyme\/#primaryimage"},"image":{"@id":"https:\/\/francelyme.fr\/site\/tiques-sous-haute-surveillance-une-avancee-scientifique-porteuse-despoir-pour-les-malades-de-lyme\/#primaryimage"},"thumbnailUrl":"https:\/\/francelyme.fr\/site\/wp-content\/uploads\/2026\/04\/FRANCE-HEALTH-ANIMALS-RESEARCH-VIRUS.jpeg","datePublished":"2026-04-28T14:42:24+00:00","dateModified":"2026-04-28T14:44:04+00:00","breadcrumb":{"@id":"https:\/\/francelyme.fr\/site\/tiques-sous-haute-surveillance-une-avancee-scientifique-porteuse-despoir-pour-les-malades-de-lyme\/#breadcrumb"},"inLanguage":"fr-FR","potentialAction":[{"@type":"ReadAction","target":["https:\/\/francelyme.fr\/site\/tiques-sous-haute-surveillance-une-avancee-scientifique-porteuse-despoir-pour-les-malades-de-lyme\/"]}]},{"@type":"ImageObject","inLanguage":"fr-FR","@id":"https:\/\/francelyme.fr\/site\/tiques-sous-haute-surveillance-une-avancee-scientifique-porteuse-despoir-pour-les-malades-de-lyme\/#primaryimage","url":"https:\/\/francelyme.fr\/site\/wp-content\/uploads\/2026\/04\/FRANCE-HEALTH-ANIMALS-RESEARCH-VIRUS.jpeg","contentUrl":"https:\/\/francelyme.fr\/site\/wp-content\/uploads\/2026\/04\/FRANCE-HEALTH-ANIMALS-RESEARCH-VIRUS.jpeg","width":2048,"height":1575},{"@type":"BreadcrumbList","@id":"https:\/\/francelyme.fr\/site\/tiques-sous-haute-surveillance-une-avancee-scientifique-porteuse-despoir-pour-les-malades-de-lyme\/#breadcrumb","itemListElement":[{"@type":"ListItem","position":1,"name":"Accueil","item":"https:\/\/francelyme.fr\/site\/"},{"@type":"ListItem","position":2,"name":"Tiques sous haute surveillance : une avanc\u00e9e scientifique porteuse d&rsquo;espoir pour les malades de Lyme"}]},{"@type":"WebSite","@id":"https:\/\/francelyme.fr\/site\/#website","url":"https:\/\/francelyme.fr\/site\/","name":"Association France Lyme","description":"Association de lutte contre les maladies vectorielles \u00e0 tiques","publisher":{"@id":"https:\/\/francelyme.fr\/site\/#organization"},"potentialAction":[{"@type":"SearchAction","target":{"@type":"EntryPoint","urlTemplate":"https:\/\/francelyme.fr\/site\/?s={search_term_string}"},"query-input":{"@type":"PropertyValueSpecification","valueRequired":true,"valueName":"search_term_string"}}],"inLanguage":"fr-FR"},{"@type":"Organization","@id":"https:\/\/francelyme.fr\/site\/#organization","name":"France Lyme","url":"https:\/\/francelyme.fr\/site\/","logo":{"@type":"ImageObject","inLanguage":"fr-FR","@id":"https:\/\/francelyme.fr\/site\/#\/schema\/logo\/image\/","url":"https:\/\/francelyme.fr\/site\/wp-content\/uploads\/2019\/05\/francelyme-site.gif","contentUrl":"https:\/\/francelyme.fr\/site\/wp-content\/uploads\/2019\/05\/francelyme-site.gif","width":180,"height":180,"caption":"France Lyme"},"image":{"@id":"https:\/\/francelyme.fr\/site\/#\/schema\/logo\/image\/"},"sameAs":["https:\/\/www.facebook.com\/france.lyme","https:\/\/x.com\/francelyme","https:\/\/www.youtube.com\/channel\/UClMCGl3dvkz0iAgXFR1NH1A"]},{"@type":"Person","@id":"https:\/\/francelyme.fr\/site\/#\/schema\/person\/b3a32c0e865447c2586961956f5d867e","name":"Editeur","image":{"@type":"ImageObject","inLanguage":"fr-FR","@id":"https:\/\/secure.gravatar.com\/avatar\/ae207cee02bf4e66ec5abb92d4ccacaa0ad5f5d3d16fe7fcb393eda94bfbf2d2?s=96&d=mm&r=g","url":"https:\/\/secure.gravatar.com\/avatar\/ae207cee02bf4e66ec5abb92d4ccacaa0ad5f5d3d16fe7fcb393eda94bfbf2d2?s=96&d=mm&r=g","contentUrl":"https:\/\/secure.gravatar.com\/avatar\/ae207cee02bf4e66ec5abb92d4ccacaa0ad5f5d3d16fe7fcb393eda94bfbf2d2?s=96&d=mm&r=g","caption":"Editeur"},"url":"https:\/\/francelyme.fr\/site\/author\/editeuradm\/"}]}},"_links":{"self":[{"href":"https:\/\/francelyme.fr\/site\/wp-json\/wp\/v2\/posts\/19735","targetHints":{"allow":["GET"]}}],"collection":[{"href":"https:\/\/francelyme.fr\/site\/wp-json\/wp\/v2\/posts"}],"about":[{"href":"https:\/\/francelyme.fr\/site\/wp-json\/wp\/v2\/types\/post"}],"author":[{"embeddable":true,"href":"https:\/\/francelyme.fr\/site\/wp-json\/wp\/v2\/users\/16"}],"replies":[{"embeddable":true,"href":"https:\/\/francelyme.fr\/site\/wp-json\/wp\/v2\/comments?post=19735"}],"version-history":[{"count":2,"href":"https:\/\/francelyme.fr\/site\/wp-json\/wp\/v2\/posts\/19735\/revisions"}],"predecessor-version":[{"id":19740,"href":"https:\/\/francelyme.fr\/site\/wp-json\/wp\/v2\/posts\/19735\/revisions\/19740"}],"wp:featuredmedia":[{"embeddable":true,"href":"https:\/\/francelyme.fr\/site\/wp-json\/wp\/v2\/media\/19737"}],"wp:attachment":[{"href":"https:\/\/francelyme.fr\/site\/wp-json\/wp\/v2\/media?parent=19735"}],"wp:term":[{"taxonomy":"category","embeddable":true,"href":"https:\/\/francelyme.fr\/site\/wp-json\/wp\/v2\/categories?post=19735"},{"taxonomy":"post_tag","embeddable":true,"href":"https:\/\/francelyme.fr\/site\/wp-json\/wp\/v2\/tags?post=19735"}],"curies":[{"name":"wp","href":"https:\/\/api.w.org\/{rel}","templated":true}]}}