{"id":19741,"date":"2026-04-28T17:06:43","date_gmt":"2026-04-28T15:06:43","guid":{"rendered":"https:\/\/francelyme.fr\/site\/?p=19741"},"modified":"2026-04-28T17:06:44","modified_gmt":"2026-04-28T15:06:44","slug":"nouveau-partenariat-france-lyme-x-careserve","status":"publish","type":"post","link":"https:\/\/francelyme.fr\/site\/nouveau-partenariat-france-lyme-x-careserve\/","title":{"rendered":"Nouveau partenariat : France Lyme x\u00a0Careserve"},"content":{"rendered":"<div class=\"like-button\" style=\"float: right; clear: both; text-align: right; width = 100%;\">\n<!-- Facebook Like Button Vivacity Infotech BEGIN -->\n<div class=\"fb-like\" data-href=\"https:\/\/francelyme.fr\/site\/nouveau-partenariat-france-lyme-x-careserve\/\" data-layout=\"box_count\" data-action=\"like\" data-show-faces=\"false\" data-size=\"large\" data-width=\"450\" data-share=\"1\" ><\/div><\/div>\n<!-- Facebook Like Button Vivacity Infotech END -->\n<div id=\"fb-root\"><\/div>\n\n<p>Dans le cadre de notre mission d&rsquo;accompagnement des malades, nous sommes heureux de vous annoncer la mise en place d&rsquo;un partenariat avec la soci\u00e9t\u00e9 Careserve, sp\u00e9cialis\u00e9e dans la distribution de mat\u00e9riel m\u00e9dical.<\/p>\n\n\n\n<p>Ce partenariat r\u00e9pond \u00e0 une r\u00e9alit\u00e9 que nous constatons quotidiennement : de nombreux patients atteints de formes s\u00e9v\u00e8res ou persistantes de la maladie de Lyme pr\u00e9sentent des troubles importants de la mobilit\u00e9, voire des \u00e9pisodes de paralysie ou de grande faiblesse musculaire. Ces situations ont un impact direct sur l&rsquo;autonomie, la s\u00e9curit\u00e9 et la qualit\u00e9 de vie.<\/p>\n\n\n\n<p>Or, comme nous le rappelons r\u00e9guli\u00e8rement dans nos travaux, ces formes longues peuvent \u00eatre tr\u00e8s invalidantes sur le plan neurologique, articulaire ou musculaire . Il est donc essentiel de proposer des solutions concr\u00e8tes pour aider les patients au quotidien.<\/p>\n\n\n\n<h3 class=\"wp-block-heading\">Une offre adapt\u00e9e aux besoins des patients<\/h3>\n\n\n\n<p>Le site Careserve propose une large gamme d&rsquo;\u00e9quipements destin\u00e9s \u00e0 am\u00e9liorer la mobilit\u00e9 et la s\u00e9curit\u00e9 des personnes :<\/p>\n\n\n\n<ul class=\"wp-block-list\">\n<li>cannes de marche<\/li>\n\n\n\n<li>d\u00e9ambulateurs<\/li>\n\n\n\n<li>aides techniques pour le domicile<\/li>\n\n\n\n<li>dispositifs de soutien et de confort<\/li>\n<\/ul>\n\n\n\n<p>Ces solutions peuvent constituer une aide pr\u00e9cieuse pour pr\u00e9venir les chutes, r\u00e9duire la fatigue \u00e0 la marche et s\u00e9curiser les d\u00e9placements.<\/p>\n\n\n\n<h3 class=\"wp-block-heading\">Une remise d\u00e9di\u00e9e aux adh\u00e9rents France Lyme<\/h3>\n\n\n\n<p>Dans le cadre de ce partenariat, nous avons obtenu un avantage exclusif pour nos adh\u00e9rents :<\/p>\n\n\n\n<p>Code promo : FRANCELYME<br>Remise : 5 % sur l&rsquo;ensemble du catalogue<\/p>\n\n\n\n<p>Pour en b\u00e9n\u00e9ficier, il vous suffit de passer commande via le lien suivant :<br><a rel=\"noreferrer noopener\" href=\"https:\/\/www.careserve.fr\/?b2bactive=1\" target=\"_blank\">https:\/\/www.careserve.fr\/?b2bactive=1<\/a><\/p>\n\n\n\n<p>Puis d&rsquo;entrer le code au moment du r\u00e9capitulatif de commande.<\/p>\n\n\n\n<h3 class=\"wp-block-heading\">Focus : une canne ergonomique test\u00e9e et approuv\u00e9e<\/h3>\n\n\n\n<p>Parmi les aides propos\u00e9es, nous souhaitons attirer votre attention sur la Flexyfoot canne pliable \u00e0 poign\u00e9e ovale absorbe chocs, qui a \u00e9t\u00e9 test\u00e9e par plusieurs membres de France Lyme.<\/p>\n\n\n\n<p>Les retours sont tr\u00e8s positifs, en particulier pour les patients souffrant de troubles de l&rsquo;\u00e9quilibre, de douleurs articulaires ou de faiblesse musculaire. Cette canne se distingue par plusieurs caract\u00e9ristiques particuli\u00e8rement adapt\u00e9es aux situations que vous nous d\u00e9crivez souvent :<\/p>\n\n\n\n<ul class=\"wp-block-list\">\n<li>un embout articul\u00e9 qui reste en contact avec le sol, m\u00eame sur terrain irr\u00e9gulier, am\u00e9liorant nettement la stabilit\u00e9<\/li>\n\n\n\n<li>un syst\u00e8me d&rsquo;absorption des chocs qui r\u00e9duit les douleurs au niveau du poignet, du coude et de l&rsquo;\u00e9paule<\/li>\n\n\n\n<li>une poign\u00e9e ergonomique ovale, plus confortable et s\u00e9curisante qu&rsquo;une poign\u00e9e classique<\/li>\n\n\n\n<li>un format pliable, pratique pour les d\u00e9placements et le rangement<\/li>\n<\/ul>\n\n\n\n<p>Plusieurs adh\u00e9rents nous ont indiqu\u00e9 une diminution des risques de chute ainsi qu&rsquo;un meilleur confort de marche au quotidien. Dans un contexte o\u00f9 la fatigue, les douleurs et les troubles neurologiques peuvent fortement impacter la mobilit\u00e9, ce type d&rsquo;aide technique peut repr\u00e9senter un v\u00e9ritable soutien pour pr\u00e9server l&rsquo;autonomie.<\/p>\n\n\n\n<h3 class=\"wp-block-heading\">Un coussin utile pour les douleurs et le sommeil<\/h3>\n\n\n\n<p>Certains membres de l&rsquo;association nous ont \u00e9galement fait des retours positifs sur le coussin s\u00e9parateur de jambes Leglift, utilis\u00e9 notamment pour am\u00e9liorer le confort au repos.<\/p>\n\n\n\n<p>Ce type de coussin permet de mieux aligner le bassin et la colonne vert\u00e9brale pendant le sommeil, ce qui peut contribuer \u00e0 r\u00e9duire certaines douleurs, notamment lombaires, articulaires ou musculaires. Il est particuli\u00e8rement appr\u00e9ci\u00e9 par les patients souffrant de douleurs diffuses ou de tensions nocturnes, fr\u00e9quentes dans les formes longues de la maladie.<\/p>\n\n\n\n<p>Plusieurs adh\u00e9rents rapportent une am\u00e9lioration de la qualit\u00e9 du sommeil et une diminution des r\u00e9veils li\u00e9s aux douleurs. Dans un contexte o\u00f9 le repos est souvent perturb\u00e9, cet accessoire simple peut apporter un r\u00e9el b\u00e9n\u00e9fice au quotidien.<\/p>\n\n\n\n<h3 class=\"wp-block-heading\">Une d\u00e9marche coh\u00e9rente avec notre engagement<\/h3>\n\n\n\n<p>Ce partenariat s&rsquo;inscrit pleinement dans les missions de France Lyme :<\/p>\n\n\n\n<ul class=\"wp-block-list\">\n<li>accompagner les malades dans leur vie quotidienne<\/li>\n\n\n\n<li>proposer des solutions concr\u00e8tes face aux difficult\u00e9s rencontr\u00e9es<\/li>\n\n\n\n<li>orienter vers des aides utiles et accessibles<\/li>\n\n\n\n<li>am\u00e9liorer la qualit\u00e9 de vie malgr\u00e9 la maladie<\/li>\n<\/ul>\n\n\n\n<p>Dans un contexte o\u00f9 les r\u00e9ponses m\u00e9dicales restent encore insuffisantes pour de nombreux patients, il est indispensable d&rsquo;agir aussi sur tous les leviers permettant de pr\u00e9server l&rsquo;autonomie et la dignit\u00e9.<\/p>\n\n\n\n<p>Nous restons \u00e0 votre \u00e9coute pour tout retour d&rsquo;exp\u00e9rience sur ces \u00e9quipements, afin de continuer \u00e0 identifier les solutions les plus adapt\u00e9es \u00e0 vos besoins.<\/p>\n\n\n<div class=\"wp-block-image\">\n<figure class=\"aligncenter size-full\"><img loading=\"lazy\" decoding=\"async\" width=\"942\" height=\"942\" src=\"https:\/\/francelyme.fr\/site\/wp-content\/uploads\/2026\/04\/canne-pliable-flexyfoot-a-absorption-de-chocs-poignee-ovale-noir.jpg.jpeg\" alt=\"\" class=\"wp-image-19742\" srcset=\"https:\/\/francelyme.fr\/site\/wp-content\/uploads\/2026\/04\/canne-pliable-flexyfoot-a-absorption-de-chocs-poignee-ovale-noir.jpg.jpeg 942w, https:\/\/francelyme.fr\/site\/wp-content\/uploads\/2026\/04\/canne-pliable-flexyfoot-a-absorption-de-chocs-poignee-ovale-noir.jpg-300x300.jpeg 300w, https:\/\/francelyme.fr\/site\/wp-content\/uploads\/2026\/04\/canne-pliable-flexyfoot-a-absorption-de-chocs-poignee-ovale-noir.jpg-150x150.jpeg 150w, https:\/\/francelyme.fr\/site\/wp-content\/uploads\/2026\/04\/canne-pliable-flexyfoot-a-absorption-de-chocs-poignee-ovale-noir.jpg-768x768.jpeg 768w, https:\/\/francelyme.fr\/site\/wp-content\/uploads\/2026\/04\/canne-pliable-flexyfoot-a-absorption-de-chocs-poignee-ovale-noir.jpg-90x90.jpeg 90w, https:\/\/francelyme.fr\/site\/wp-content\/uploads\/2026\/04\/canne-pliable-flexyfoot-a-absorption-de-chocs-poignee-ovale-noir.jpg-75x75.jpeg 75w\" sizes=\"auto, (max-width: 942px) 100vw, 942px\" \/><\/figure>\n<\/div>\n\n<div class=\"wp-block-image\">\n<figure class=\"aligncenter size-full\"><img loading=\"lazy\" decoding=\"async\" width=\"337\" height=\"337\" src=\"https:\/\/francelyme.fr\/site\/wp-content\/uploads\/2026\/04\/coussin-separateur-de-jambes-leglift.jpg.jpeg\" alt=\"\" class=\"wp-image-19743\" srcset=\"https:\/\/francelyme.fr\/site\/wp-content\/uploads\/2026\/04\/coussin-separateur-de-jambes-leglift.jpg.jpeg 337w, https:\/\/francelyme.fr\/site\/wp-content\/uploads\/2026\/04\/coussin-separateur-de-jambes-leglift.jpg-300x300.jpeg 300w, https:\/\/francelyme.fr\/site\/wp-content\/uploads\/2026\/04\/coussin-separateur-de-jambes-leglift.jpg-150x150.jpeg 150w, https:\/\/francelyme.fr\/site\/wp-content\/uploads\/2026\/04\/coussin-separateur-de-jambes-leglift.jpg-90x90.jpeg 90w, https:\/\/francelyme.fr\/site\/wp-content\/uploads\/2026\/04\/coussin-separateur-de-jambes-leglift.jpg-75x75.jpeg 75w\" sizes=\"auto, (max-width: 337px) 100vw, 337px\" \/><\/figure>\n<\/div><div class=\"like-button\" style=\"float: right; clear: both; text-align: right; width = 100%;\">\n<!-- Facebook Like Button Vivacity Infotech BEGIN -->\n<div class=\"fb-like\" data-href=\"https:\/\/francelyme.fr\/site\/nouveau-partenariat-france-lyme-x-careserve\/\" data-layout=\"box_count\" data-action=\"like\" data-show-faces=\"false\" data-size=\"large\" data-width=\"450\" data-share=\"1\" ><\/div><\/div>\n<!-- Facebook Like Button Vivacity Infotech END -->\n","protected":false},"excerpt":{"rendered":"","protected":false},"author":16,"featured_media":19727,"comment_status":"closed","ping_status":"open","sticky":false,"template":"","format":"standard","meta":{"footnotes":""},"categories":[41,8],"tags":[],"class_list":["post-19741","post","type-post","status-publish","format-standard","has-post-thumbnail","hentry","category-france-lyme","category-partenariats"],"yoast_head":"<!-- This site is optimized with the Yoast SEO plugin v27.5 - https:\/\/yoast.com\/product\/yoast-seo-wordpress\/ -->\n<title>Nouveau partenariat : France Lyme x\u00a0Careserve - Association France Lyme<\/title>\n<meta name=\"robots\" content=\"index, follow, max-snippet:-1, max-image-preview:large, max-video-preview:-1\" \/>\n<link rel=\"canonical\" href=\"https:\/\/francelyme.fr\/site\/nouveau-partenariat-france-lyme-x-careserve\/\" \/>\n<meta property=\"og:locale\" content=\"fr_FR\" \/>\n<meta property=\"og:type\" content=\"article\" \/>\n<meta property=\"og:title\" content=\"Nouveau partenariat : France Lyme x\u00a0Careserve - Association France Lyme\" \/>\n<meta property=\"og:url\" content=\"https:\/\/francelyme.fr\/site\/nouveau-partenariat-france-lyme-x-careserve\/\" \/>\n<meta property=\"og:site_name\" content=\"Association France Lyme\" \/>\n<meta property=\"article:publisher\" content=\"https:\/\/www.facebook.com\/france.lyme\" \/>\n<meta property=\"article:published_time\" content=\"2026-04-28T15:06:43+00:00\" \/>\n<meta property=\"article:modified_time\" content=\"2026-04-28T15:06:44+00:00\" \/>\n<meta property=\"og:image\" content=\"http:\/\/francelyme.fr\/site\/wp-content\/uploads\/2026\/04\/LOGO_FL_RVB-1.jpg\" \/>\n\t<meta property=\"og:image:width\" content=\"428\" \/>\n\t<meta property=\"og:image:height\" content=\"272\" \/>\n\t<meta property=\"og:image:type\" content=\"image\/jpeg\" \/>\n<meta name=\"author\" content=\"Editeur\" \/>\n<meta name=\"twitter:card\" content=\"summary_large_image\" \/>\n<meta name=\"twitter:creator\" content=\"@francelyme\" \/>\n<meta name=\"twitter:site\" content=\"@francelyme\" \/>\n<meta name=\"twitter:label1\" content=\"\u00c9crit par\" \/>\n\t<meta name=\"twitter:data1\" content=\"Editeur\" \/>\n\t<meta name=\"twitter:label2\" content=\"Dur\u00e9e de lecture estim\u00e9e\" \/>\n\t<meta name=\"twitter:data2\" content=\"4 minutes\" \/>\n<script type=\"application\/ld+json\" class=\"yoast-schema-graph\">{\"@context\":\"https:\\\/\\\/schema.org\",\"@graph\":[{\"@type\":\"Article\",\"@id\":\"https:\\\/\\\/francelyme.fr\\\/site\\\/nouveau-partenariat-france-lyme-x-careserve\\\/#article\",\"isPartOf\":{\"@id\":\"https:\\\/\\\/francelyme.fr\\\/site\\\/nouveau-partenariat-france-lyme-x-careserve\\\/\"},\"author\":{\"name\":\"Editeur\",\"@id\":\"https:\\\/\\\/francelyme.fr\\\/site\\\/#\\\/schema\\\/person\\\/b3a32c0e865447c2586961956f5d867e\"},\"headline\":\"Nouveau partenariat : France Lyme x\u00a0Careserve\",\"datePublished\":\"2026-04-28T15:06:43+00:00\",\"dateModified\":\"2026-04-28T15:06:44+00:00\",\"mainEntityOfPage\":{\"@id\":\"https:\\\/\\\/francelyme.fr\\\/site\\\/nouveau-partenariat-france-lyme-x-careserve\\\/\"},\"wordCount\":746,\"publisher\":{\"@id\":\"https:\\\/\\\/francelyme.fr\\\/site\\\/#organization\"},\"image\":{\"@id\":\"https:\\\/\\\/francelyme.fr\\\/site\\\/nouveau-partenariat-france-lyme-x-careserve\\\/#primaryimage\"},\"thumbnailUrl\":\"https:\\\/\\\/francelyme.fr\\\/site\\\/wp-content\\\/uploads\\\/2026\\\/04\\\/LOGO_FL_RVB-1.jpg\",\"articleSection\":[\"France Lyme\",\"Partenariats\"],\"inLanguage\":\"fr-FR\"},{\"@type\":\"WebPage\",\"@id\":\"https:\\\/\\\/francelyme.fr\\\/site\\\/nouveau-partenariat-france-lyme-x-careserve\\\/\",\"url\":\"https:\\\/\\\/francelyme.fr\\\/site\\\/nouveau-partenariat-france-lyme-x-careserve\\\/\",\"name\":\"Nouveau partenariat : France Lyme x\u00a0Careserve - Association France Lyme\",\"isPartOf\":{\"@id\":\"https:\\\/\\\/francelyme.fr\\\/site\\\/#website\"},\"primaryImageOfPage\":{\"@id\":\"https:\\\/\\\/francelyme.fr\\\/site\\\/nouveau-partenariat-france-lyme-x-careserve\\\/#primaryimage\"},\"image\":{\"@id\":\"https:\\\/\\\/francelyme.fr\\\/site\\\/nouveau-partenariat-france-lyme-x-careserve\\\/#primaryimage\"},\"thumbnailUrl\":\"https:\\\/\\\/francelyme.fr\\\/site\\\/wp-content\\\/uploads\\\/2026\\\/04\\\/LOGO_FL_RVB-1.jpg\",\"datePublished\":\"2026-04-28T15:06:43+00:00\",\"dateModified\":\"2026-04-28T15:06:44+00:00\",\"breadcrumb\":{\"@id\":\"https:\\\/\\\/francelyme.fr\\\/site\\\/nouveau-partenariat-france-lyme-x-careserve\\\/#breadcrumb\"},\"inLanguage\":\"fr-FR\",\"potentialAction\":[{\"@type\":\"ReadAction\",\"target\":[\"https:\\\/\\\/francelyme.fr\\\/site\\\/nouveau-partenariat-france-lyme-x-careserve\\\/\"]}]},{\"@type\":\"ImageObject\",\"inLanguage\":\"fr-FR\",\"@id\":\"https:\\\/\\\/francelyme.fr\\\/site\\\/nouveau-partenariat-france-lyme-x-careserve\\\/#primaryimage\",\"url\":\"https:\\\/\\\/francelyme.fr\\\/site\\\/wp-content\\\/uploads\\\/2026\\\/04\\\/LOGO_FL_RVB-1.jpg\",\"contentUrl\":\"https:\\\/\\\/francelyme.fr\\\/site\\\/wp-content\\\/uploads\\\/2026\\\/04\\\/LOGO_FL_RVB-1.jpg\",\"width\":428,\"height\":272},{\"@type\":\"BreadcrumbList\",\"@id\":\"https:\\\/\\\/francelyme.fr\\\/site\\\/nouveau-partenariat-france-lyme-x-careserve\\\/#breadcrumb\",\"itemListElement\":[{\"@type\":\"ListItem\",\"position\":1,\"name\":\"Accueil\",\"item\":\"https:\\\/\\\/francelyme.fr\\\/site\\\/\"},{\"@type\":\"ListItem\",\"position\":2,\"name\":\"Nouveau partenariat : France Lyme x\u00a0Careserve\"}]},{\"@type\":\"WebSite\",\"@id\":\"https:\\\/\\\/francelyme.fr\\\/site\\\/#website\",\"url\":\"https:\\\/\\\/francelyme.fr\\\/site\\\/\",\"name\":\"Association France Lyme\",\"description\":\"Association de lutte contre les maladies vectorielles \u00e0 tiques\",\"publisher\":{\"@id\":\"https:\\\/\\\/francelyme.fr\\\/site\\\/#organization\"},\"potentialAction\":[{\"@type\":\"SearchAction\",\"target\":{\"@type\":\"EntryPoint\",\"urlTemplate\":\"https:\\\/\\\/francelyme.fr\\\/site\\\/?s={search_term_string}\"},\"query-input\":{\"@type\":\"PropertyValueSpecification\",\"valueRequired\":true,\"valueName\":\"search_term_string\"}}],\"inLanguage\":\"fr-FR\"},{\"@type\":\"Organization\",\"@id\":\"https:\\\/\\\/francelyme.fr\\\/site\\\/#organization\",\"name\":\"France Lyme\",\"url\":\"https:\\\/\\\/francelyme.fr\\\/site\\\/\",\"logo\":{\"@type\":\"ImageObject\",\"inLanguage\":\"fr-FR\",\"@id\":\"https:\\\/\\\/francelyme.fr\\\/site\\\/#\\\/schema\\\/logo\\\/image\\\/\",\"url\":\"https:\\\/\\\/francelyme.fr\\\/site\\\/wp-content\\\/uploads\\\/2019\\\/05\\\/francelyme-site.gif\",\"contentUrl\":\"https:\\\/\\\/francelyme.fr\\\/site\\\/wp-content\\\/uploads\\\/2019\\\/05\\\/francelyme-site.gif\",\"width\":180,\"height\":180,\"caption\":\"France Lyme\"},\"image\":{\"@id\":\"https:\\\/\\\/francelyme.fr\\\/site\\\/#\\\/schema\\\/logo\\\/image\\\/\"},\"sameAs\":[\"https:\\\/\\\/www.facebook.com\\\/france.lyme\",\"https:\\\/\\\/x.com\\\/francelyme\",\"https:\\\/\\\/www.youtube.com\\\/channel\\\/UClMCGl3dvkz0iAgXFR1NH1A\"]},{\"@type\":\"Person\",\"@id\":\"https:\\\/\\\/francelyme.fr\\\/site\\\/#\\\/schema\\\/person\\\/b3a32c0e865447c2586961956f5d867e\",\"name\":\"Editeur\",\"image\":{\"@type\":\"ImageObject\",\"inLanguage\":\"fr-FR\",\"@id\":\"https:\\\/\\\/secure.gravatar.com\\\/avatar\\\/ae207cee02bf4e66ec5abb92d4ccacaa0ad5f5d3d16fe7fcb393eda94bfbf2d2?s=96&d=mm&r=g\",\"url\":\"https:\\\/\\\/secure.gravatar.com\\\/avatar\\\/ae207cee02bf4e66ec5abb92d4ccacaa0ad5f5d3d16fe7fcb393eda94bfbf2d2?s=96&d=mm&r=g\",\"contentUrl\":\"https:\\\/\\\/secure.gravatar.com\\\/avatar\\\/ae207cee02bf4e66ec5abb92d4ccacaa0ad5f5d3d16fe7fcb393eda94bfbf2d2?s=96&d=mm&r=g\",\"caption\":\"Editeur\"},\"url\":\"https:\\\/\\\/francelyme.fr\\\/site\\\/author\\\/editeuradm\\\/\"}]}<\/script>\n<!-- \/ Yoast SEO plugin. -->","yoast_head_json":{"title":"Nouveau partenariat : France Lyme x\u00a0Careserve - Association France Lyme","robots":{"index":"index","follow":"follow","max-snippet":"max-snippet:-1","max-image-preview":"max-image-preview:large","max-video-preview":"max-video-preview:-1"},"canonical":"https:\/\/francelyme.fr\/site\/nouveau-partenariat-france-lyme-x-careserve\/","og_locale":"fr_FR","og_type":"article","og_title":"Nouveau partenariat : France Lyme x\u00a0Careserve - Association France Lyme","og_url":"https:\/\/francelyme.fr\/site\/nouveau-partenariat-france-lyme-x-careserve\/","og_site_name":"Association France Lyme","article_publisher":"https:\/\/www.facebook.com\/france.lyme","article_published_time":"2026-04-28T15:06:43+00:00","article_modified_time":"2026-04-28T15:06:44+00:00","og_image":[{"width":428,"height":272,"url":"http:\/\/francelyme.fr\/site\/wp-content\/uploads\/2026\/04\/LOGO_FL_RVB-1.jpg","type":"image\/jpeg"}],"author":"Editeur","twitter_card":"summary_large_image","twitter_creator":"@francelyme","twitter_site":"@francelyme","twitter_misc":{"\u00c9crit par":"Editeur","Dur\u00e9e de lecture estim\u00e9e":"4 minutes"},"schema":{"@context":"https:\/\/schema.org","@graph":[{"@type":"Article","@id":"https:\/\/francelyme.fr\/site\/nouveau-partenariat-france-lyme-x-careserve\/#article","isPartOf":{"@id":"https:\/\/francelyme.fr\/site\/nouveau-partenariat-france-lyme-x-careserve\/"},"author":{"name":"Editeur","@id":"https:\/\/francelyme.fr\/site\/#\/schema\/person\/b3a32c0e865447c2586961956f5d867e"},"headline":"Nouveau partenariat : France Lyme x\u00a0Careserve","datePublished":"2026-04-28T15:06:43+00:00","dateModified":"2026-04-28T15:06:44+00:00","mainEntityOfPage":{"@id":"https:\/\/francelyme.fr\/site\/nouveau-partenariat-france-lyme-x-careserve\/"},"wordCount":746,"publisher":{"@id":"https:\/\/francelyme.fr\/site\/#organization"},"image":{"@id":"https:\/\/francelyme.fr\/site\/nouveau-partenariat-france-lyme-x-careserve\/#primaryimage"},"thumbnailUrl":"https:\/\/francelyme.fr\/site\/wp-content\/uploads\/2026\/04\/LOGO_FL_RVB-1.jpg","articleSection":["France Lyme","Partenariats"],"inLanguage":"fr-FR"},{"@type":"WebPage","@id":"https:\/\/francelyme.fr\/site\/nouveau-partenariat-france-lyme-x-careserve\/","url":"https:\/\/francelyme.fr\/site\/nouveau-partenariat-france-lyme-x-careserve\/","name":"Nouveau partenariat : France Lyme x\u00a0Careserve - Association France Lyme","isPartOf":{"@id":"https:\/\/francelyme.fr\/site\/#website"},"primaryImageOfPage":{"@id":"https:\/\/francelyme.fr\/site\/nouveau-partenariat-france-lyme-x-careserve\/#primaryimage"},"image":{"@id":"https:\/\/francelyme.fr\/site\/nouveau-partenariat-france-lyme-x-careserve\/#primaryimage"},"thumbnailUrl":"https:\/\/francelyme.fr\/site\/wp-content\/uploads\/2026\/04\/LOGO_FL_RVB-1.jpg","datePublished":"2026-04-28T15:06:43+00:00","dateModified":"2026-04-28T15:06:44+00:00","breadcrumb":{"@id":"https:\/\/francelyme.fr\/site\/nouveau-partenariat-france-lyme-x-careserve\/#breadcrumb"},"inLanguage":"fr-FR","potentialAction":[{"@type":"ReadAction","target":["https:\/\/francelyme.fr\/site\/nouveau-partenariat-france-lyme-x-careserve\/"]}]},{"@type":"ImageObject","inLanguage":"fr-FR","@id":"https:\/\/francelyme.fr\/site\/nouveau-partenariat-france-lyme-x-careserve\/#primaryimage","url":"https:\/\/francelyme.fr\/site\/wp-content\/uploads\/2026\/04\/LOGO_FL_RVB-1.jpg","contentUrl":"https:\/\/francelyme.fr\/site\/wp-content\/uploads\/2026\/04\/LOGO_FL_RVB-1.jpg","width":428,"height":272},{"@type":"BreadcrumbList","@id":"https:\/\/francelyme.fr\/site\/nouveau-partenariat-france-lyme-x-careserve\/#breadcrumb","itemListElement":[{"@type":"ListItem","position":1,"name":"Accueil","item":"https:\/\/francelyme.fr\/site\/"},{"@type":"ListItem","position":2,"name":"Nouveau partenariat : France Lyme x\u00a0Careserve"}]},{"@type":"WebSite","@id":"https:\/\/francelyme.fr\/site\/#website","url":"https:\/\/francelyme.fr\/site\/","name":"Association France Lyme","description":"Association de lutte contre les maladies vectorielles \u00e0 tiques","publisher":{"@id":"https:\/\/francelyme.fr\/site\/#organization"},"potentialAction":[{"@type":"SearchAction","target":{"@type":"EntryPoint","urlTemplate":"https:\/\/francelyme.fr\/site\/?s={search_term_string}"},"query-input":{"@type":"PropertyValueSpecification","valueRequired":true,"valueName":"search_term_string"}}],"inLanguage":"fr-FR"},{"@type":"Organization","@id":"https:\/\/francelyme.fr\/site\/#organization","name":"France Lyme","url":"https:\/\/francelyme.fr\/site\/","logo":{"@type":"ImageObject","inLanguage":"fr-FR","@id":"https:\/\/francelyme.fr\/site\/#\/schema\/logo\/image\/","url":"https:\/\/francelyme.fr\/site\/wp-content\/uploads\/2019\/05\/francelyme-site.gif","contentUrl":"https:\/\/francelyme.fr\/site\/wp-content\/uploads\/2019\/05\/francelyme-site.gif","width":180,"height":180,"caption":"France Lyme"},"image":{"@id":"https:\/\/francelyme.fr\/site\/#\/schema\/logo\/image\/"},"sameAs":["https:\/\/www.facebook.com\/france.lyme","https:\/\/x.com\/francelyme","https:\/\/www.youtube.com\/channel\/UClMCGl3dvkz0iAgXFR1NH1A"]},{"@type":"Person","@id":"https:\/\/francelyme.fr\/site\/#\/schema\/person\/b3a32c0e865447c2586961956f5d867e","name":"Editeur","image":{"@type":"ImageObject","inLanguage":"fr-FR","@id":"https:\/\/secure.gravatar.com\/avatar\/ae207cee02bf4e66ec5abb92d4ccacaa0ad5f5d3d16fe7fcb393eda94bfbf2d2?s=96&d=mm&r=g","url":"https:\/\/secure.gravatar.com\/avatar\/ae207cee02bf4e66ec5abb92d4ccacaa0ad5f5d3d16fe7fcb393eda94bfbf2d2?s=96&d=mm&r=g","contentUrl":"https:\/\/secure.gravatar.com\/avatar\/ae207cee02bf4e66ec5abb92d4ccacaa0ad5f5d3d16fe7fcb393eda94bfbf2d2?s=96&d=mm&r=g","caption":"Editeur"},"url":"https:\/\/francelyme.fr\/site\/author\/editeuradm\/"}]}},"_links":{"self":[{"href":"https:\/\/francelyme.fr\/site\/wp-json\/wp\/v2\/posts\/19741","targetHints":{"allow":["GET"]}}],"collection":[{"href":"https:\/\/francelyme.fr\/site\/wp-json\/wp\/v2\/posts"}],"about":[{"href":"https:\/\/francelyme.fr\/site\/wp-json\/wp\/v2\/types\/post"}],"author":[{"embeddable":true,"href":"https:\/\/francelyme.fr\/site\/wp-json\/wp\/v2\/users\/16"}],"replies":[{"embeddable":true,"href":"https:\/\/francelyme.fr\/site\/wp-json\/wp\/v2\/comments?post=19741"}],"version-history":[{"count":1,"href":"https:\/\/francelyme.fr\/site\/wp-json\/wp\/v2\/posts\/19741\/revisions"}],"predecessor-version":[{"id":19744,"href":"https:\/\/francelyme.fr\/site\/wp-json\/wp\/v2\/posts\/19741\/revisions\/19744"}],"wp:featuredmedia":[{"embeddable":true,"href":"https:\/\/francelyme.fr\/site\/wp-json\/wp\/v2\/media\/19727"}],"wp:attachment":[{"href":"https:\/\/francelyme.fr\/site\/wp-json\/wp\/v2\/media?parent=19741"}],"wp:term":[{"taxonomy":"category","embeddable":true,"href":"https:\/\/francelyme.fr\/site\/wp-json\/wp\/v2\/categories?post=19741"},{"taxonomy":"post_tag","embeddable":true,"href":"https:\/\/francelyme.fr\/site\/wp-json\/wp\/v2\/tags?post=19741"}],"curies":[{"name":"wp","href":"https:\/\/api.w.org\/{rel}","templated":true}]}}