{"id":19750,"date":"2026-04-30T16:27:44","date_gmt":"2026-04-30T14:27:44","guid":{"rendered":"https:\/\/francelyme.fr\/site\/?p=19750"},"modified":"2026-04-30T16:27:45","modified_gmt":"2026-04-30T14:27:45","slug":"retour-sur-la-fete-du-jardin-a-soisssons-02","status":"publish","type":"post","link":"https:\/\/francelyme.fr\/site\/retour-sur-la-fete-du-jardin-a-soisssons-02\/","title":{"rendered":"Retour sur la f\u00eate du jardin \u00e0 Soisssons (02)"},"content":{"rendered":"<div class=\"like-button\" style=\"float: right; clear: both; text-align: right; width = 100%;\">\n<!-- Facebook Like Button Vivacity Infotech BEGIN -->\n<div class=\"fb-like\" data-href=\"https:\/\/francelyme.fr\/site\/retour-sur-la-fete-du-jardin-a-soisssons-02\/\" data-layout=\"box_count\" data-action=\"like\" data-show-faces=\"false\" data-size=\"large\" data-width=\"450\" data-share=\"1\" ><\/div><\/div>\n<!-- Facebook Like Button Vivacity Infotech END -->\n<div id=\"fb-root\"><\/div>\n\n<p>\u00ab France Lyme \u00bb a particip\u00e9 \u00e0 la f\u00eate du jardin d\u2019horticulture \u00e0 SOISSONS, samedi 25 et dimanche<br>26 avril 2026.<\/p>\n\n\n\n<p>Sous un ciel bleu uniforme et un chaud soleil en permanence, plusieurs milliers de visiteurs ont pu<br>parcourir les nombreux stands install\u00e9s dans le jardin d\u2019horticulture, parc magnifiquement arbor\u00e9<br>en plein centre de la ville.<\/p>\n\n\n\n<p>Les stands de fleurs et v\u00e9g\u00e9taux \u00e9taient nombreux et bien agr\u00e9ables pour les yeux et beaucoup<br>de visiteurs y ont fait des achats pour garnir jardin et massifs. Beaucoup d\u2019activit\u00e9s proches du<br>jardin et de la nature \u00e9taient \u00e9galement pr\u00e9sentes (mobilier d\u2019ext\u00e9rieur, produits artisanaux,<br>produits d\u2019apiculture, art floral, \u2026) et un grand choix d\u2019espaces de restauration ainsi qu\u2019une<br>animation musicale par des saxophonistes ont contribu\u00e9 \u00e0 une bonne ambiance g\u00e9n\u00e9rale.<br>Patrick et G\u00e9rard, membres de la section \u00ab Picardie-Hauts de France \u00bb ont anim\u00e9 le stand<br>d\u2019information et de pr\u00e9vention de la maladie de Lyme. Ils ont \u00e9chang\u00e9 avec plus d\u2019une centaine<br>de personnes toutes sensibilis\u00e9es \u00e0 la pr\u00e9sence de plus en plus importante de tiques sur leurs<br>animaux et sur eux m\u00eames et \u00e0 l\u2019\u00e9coute de conseils suppl\u00e9mentaires pour se prot\u00e9ger ou r\u00e9agir<br>en cas de piq\u00fbre. Plusieurs personnes, atteintes de la maladie de Lyme ou ayant des proches<br>concern\u00e9s, ont demand\u00e9s des conseils de traitement et ont \u00e9t\u00e9 orient\u00e9s vers les centres<br>sp\u00e9cialis\u00e9s, \u00ab CRMVT \u00bb ou \u00ab CCMVT \u00bb.<\/p>\n\n\n\n<p>Une journaliste du quotidien r\u00e9gional \u00ab L\u2019Union \u00bb a fait une interview pleine de curiosit\u00e9 sur les<br>tiques et la maladie de Lyme.<\/p>\n\n\n\n<p>Bien entendu, Patrick et G\u00e9rard ont r\u00e9colt\u00e9s des dons et vendus des objets pr\u00e9sents dans la<br>boutique de \u00ab France Lyme \u00bb, en particulier des tires-tiques! Petite anecdote \u00e0 ce sujet: dans la<br>matin\u00e9e de dimanche, une b\u00e9n\u00e9vole d\u2019un stand voisin est venue montrer son avant bras sur<br>lequel un petit point noir apparaissait et une tique a \u00e9t\u00e9 extraite avec un petit mod\u00e8le d\u2019un tiretique<br>pr\u00e9sent sur notre stand !!! La photo (grossie) prise ensuite en atteste.<\/p>\n\n\n\n<p>L\u2019initiative de la pr\u00e9sence de France Lyme \u00e0 cette manifestation tr\u00e8s r\u00e9ussie revient \u00e0 Denis<br>CLUET, administrateur de la Soci\u00e9t\u00e9 d\u2019Horticulture de SOISSONS, que nous remercions vivement.<br>Nous associons \u00e0 ces remerciements Catherine BAYARD du service Animations &amp; Festivit\u00e9s de la<br>ville de SOISSONS pour la mise \u00e0 disposition de ce stand<\/p>\n\n\n<div class=\"wp-block-image\">\n<figure class=\"aligncenter size-full\"><img loading=\"lazy\" decoding=\"async\" width=\"806\" height=\"604\" src=\"https:\/\/francelyme.fr\/site\/wp-content\/uploads\/2026\/04\/IMG_0673.jpeg\" alt=\"\" class=\"wp-image-19751\" srcset=\"https:\/\/francelyme.fr\/site\/wp-content\/uploads\/2026\/04\/IMG_0673.jpeg 806w, https:\/\/francelyme.fr\/site\/wp-content\/uploads\/2026\/04\/IMG_0673-300x225.jpeg 300w, https:\/\/francelyme.fr\/site\/wp-content\/uploads\/2026\/04\/IMG_0673-768x576.jpeg 768w\" sizes=\"auto, (max-width: 806px) 100vw, 806px\" \/><\/figure>\n<\/div>\n\n<div class=\"wp-block-image\">\n<figure class=\"aligncenter size-full\"><img loading=\"lazy\" decoding=\"async\" width=\"806\" height=\"604\" src=\"https:\/\/francelyme.fr\/site\/wp-content\/uploads\/2026\/04\/IMG_0675.png\" alt=\"\" class=\"wp-image-19752\" srcset=\"https:\/\/francelyme.fr\/site\/wp-content\/uploads\/2026\/04\/IMG_0675.png 806w, https:\/\/francelyme.fr\/site\/wp-content\/uploads\/2026\/04\/IMG_0675-300x225.png 300w, https:\/\/francelyme.fr\/site\/wp-content\/uploads\/2026\/04\/IMG_0675-768x576.png 768w\" sizes=\"auto, (max-width: 806px) 100vw, 806px\" \/><\/figure>\n<\/div>\n\n<div class=\"wp-block-image\">\n<figure class=\"aligncenter size-full\"><img loading=\"lazy\" decoding=\"async\" width=\"604\" height=\"806\" src=\"https:\/\/francelyme.fr\/site\/wp-content\/uploads\/2026\/04\/IMG_7831.png\" alt=\"\" class=\"wp-image-19753\" srcset=\"https:\/\/francelyme.fr\/site\/wp-content\/uploads\/2026\/04\/IMG_7831.png 604w, https:\/\/francelyme.fr\/site\/wp-content\/uploads\/2026\/04\/IMG_7831-225x300.png 225w\" sizes=\"auto, (max-width: 604px) 100vw, 604px\" \/><\/figure>\n<\/div>\n\n<div class=\"wp-block-image\">\n<figure class=\"aligncenter size-full\"><img loading=\"lazy\" decoding=\"async\" width=\"768\" height=\"1024\" src=\"https:\/\/francelyme.fr\/site\/wp-content\/uploads\/2026\/04\/b7596caa-2ad7-4973-abed-550344dac46f.jpeg\" alt=\"\" class=\"wp-image-19754\" srcset=\"https:\/\/francelyme.fr\/site\/wp-content\/uploads\/2026\/04\/b7596caa-2ad7-4973-abed-550344dac46f.jpeg 768w, https:\/\/francelyme.fr\/site\/wp-content\/uploads\/2026\/04\/b7596caa-2ad7-4973-abed-550344dac46f-225x300.jpeg 225w\" sizes=\"auto, (max-width: 768px) 100vw, 768px\" \/><\/figure>\n<\/div>\n\n<div class=\"wp-block-image\">\n<figure class=\"aligncenter size-full\"><img loading=\"lazy\" decoding=\"async\" width=\"768\" height=\"1024\" src=\"https:\/\/francelyme.fr\/site\/wp-content\/uploads\/2026\/04\/031cddb3-3f42-4e25-b18e-7e8af77e262b.jpeg\" alt=\"\" class=\"wp-image-19755\" srcset=\"https:\/\/francelyme.fr\/site\/wp-content\/uploads\/2026\/04\/031cddb3-3f42-4e25-b18e-7e8af77e262b.jpeg 768w, https:\/\/francelyme.fr\/site\/wp-content\/uploads\/2026\/04\/031cddb3-3f42-4e25-b18e-7e8af77e262b-225x300.jpeg 225w\" sizes=\"auto, (max-width: 768px) 100vw, 768px\" \/><\/figure>\n<\/div>\n\n<div class=\"wp-block-image\">\n<figure class=\"aligncenter size-full\"><img loading=\"lazy\" decoding=\"async\" width=\"768\" height=\"1024\" src=\"https:\/\/francelyme.fr\/site\/wp-content\/uploads\/2026\/04\/ec092091-2613-4474-b004-3c2306eb33b4.jpeg\" alt=\"\" class=\"wp-image-19756\" srcset=\"https:\/\/francelyme.fr\/site\/wp-content\/uploads\/2026\/04\/ec092091-2613-4474-b004-3c2306eb33b4.jpeg 768w, https:\/\/francelyme.fr\/site\/wp-content\/uploads\/2026\/04\/ec092091-2613-4474-b004-3c2306eb33b4-225x300.jpeg 225w\" sizes=\"auto, (max-width: 768px) 100vw, 768px\" \/><\/figure>\n<\/div><div class=\"like-button\" style=\"float: right; clear: both; text-align: right; width = 100%;\">\n<!-- Facebook Like Button Vivacity Infotech BEGIN -->\n<div class=\"fb-like\" data-href=\"https:\/\/francelyme.fr\/site\/retour-sur-la-fete-du-jardin-a-soisssons-02\/\" data-layout=\"box_count\" data-action=\"like\" data-show-faces=\"false\" data-size=\"large\" data-width=\"450\" data-share=\"1\" ><\/div><\/div>\n<!-- Facebook Like Button Vivacity Infotech END -->\n","protected":false},"excerpt":{"rendered":"","protected":false},"author":16,"featured_media":19756,"comment_status":"closed","ping_status":"open","sticky":false,"template":"","format":"standard","meta":{"footnotes":""},"categories":[7,251],"tags":[],"class_list":["post-19750","post","type-post","status-publish","format-standard","has-post-thumbnail","hentry","category-actions","category-picardie"],"yoast_head":"<!-- This site is optimized with the Yoast SEO plugin v27.5 - https:\/\/yoast.com\/product\/yoast-seo-wordpress\/ -->\n<title>Retour sur la f\u00eate du jardin \u00e0 Soisssons (02) - Association France Lyme<\/title>\n<meta name=\"robots\" content=\"index, follow, max-snippet:-1, max-image-preview:large, max-video-preview:-1\" \/>\n<link rel=\"canonical\" href=\"https:\/\/francelyme.fr\/site\/retour-sur-la-fete-du-jardin-a-soisssons-02\/\" \/>\n<meta property=\"og:locale\" content=\"fr_FR\" \/>\n<meta property=\"og:type\" content=\"article\" \/>\n<meta property=\"og:title\" content=\"Retour sur la f\u00eate du jardin \u00e0 Soisssons (02) - Association France Lyme\" \/>\n<meta property=\"og:url\" content=\"https:\/\/francelyme.fr\/site\/retour-sur-la-fete-du-jardin-a-soisssons-02\/\" \/>\n<meta property=\"og:site_name\" content=\"Association France Lyme\" \/>\n<meta property=\"article:publisher\" content=\"https:\/\/www.facebook.com\/france.lyme\" \/>\n<meta property=\"article:published_time\" content=\"2026-04-30T14:27:44+00:00\" \/>\n<meta property=\"article:modified_time\" content=\"2026-04-30T14:27:45+00:00\" \/>\n<meta property=\"og:image\" content=\"http:\/\/francelyme.fr\/site\/wp-content\/uploads\/2026\/04\/ec092091-2613-4474-b004-3c2306eb33b4.jpeg\" \/>\n\t<meta property=\"og:image:width\" content=\"768\" \/>\n\t<meta property=\"og:image:height\" content=\"1024\" \/>\n\t<meta property=\"og:image:type\" content=\"image\/jpeg\" \/>\n<meta name=\"author\" content=\"Editeur\" \/>\n<meta name=\"twitter:card\" content=\"summary_large_image\" \/>\n<meta name=\"twitter:creator\" content=\"@francelyme\" \/>\n<meta name=\"twitter:site\" content=\"@francelyme\" \/>\n<meta name=\"twitter:label1\" content=\"\u00c9crit par\" \/>\n\t<meta name=\"twitter:data1\" content=\"Editeur\" \/>\n\t<meta name=\"twitter:label2\" content=\"Dur\u00e9e de lecture estim\u00e9e\" \/>\n\t<meta name=\"twitter:data2\" content=\"4 minutes\" \/>\n<script type=\"application\/ld+json\" class=\"yoast-schema-graph\">{\"@context\":\"https:\\\/\\\/schema.org\",\"@graph\":[{\"@type\":\"Article\",\"@id\":\"https:\\\/\\\/francelyme.fr\\\/site\\\/retour-sur-la-fete-du-jardin-a-soisssons-02\\\/#article\",\"isPartOf\":{\"@id\":\"https:\\\/\\\/francelyme.fr\\\/site\\\/retour-sur-la-fete-du-jardin-a-soisssons-02\\\/\"},\"author\":{\"name\":\"Editeur\",\"@id\":\"https:\\\/\\\/francelyme.fr\\\/site\\\/#\\\/schema\\\/person\\\/b3a32c0e865447c2586961956f5d867e\"},\"headline\":\"Retour sur la f\u00eate du jardin \u00e0 Soisssons (02)\",\"datePublished\":\"2026-04-30T14:27:44+00:00\",\"dateModified\":\"2026-04-30T14:27:45+00:00\",\"mainEntityOfPage\":{\"@id\":\"https:\\\/\\\/francelyme.fr\\\/site\\\/retour-sur-la-fete-du-jardin-a-soisssons-02\\\/\"},\"wordCount\":399,\"publisher\":{\"@id\":\"https:\\\/\\\/francelyme.fr\\\/site\\\/#organization\"},\"image\":{\"@id\":\"https:\\\/\\\/francelyme.fr\\\/site\\\/retour-sur-la-fete-du-jardin-a-soisssons-02\\\/#primaryimage\"},\"thumbnailUrl\":\"https:\\\/\\\/francelyme.fr\\\/site\\\/wp-content\\\/uploads\\\/2026\\\/04\\\/ec092091-2613-4474-b004-3c2306eb33b4.jpeg\",\"articleSection\":[\"Actions et stands\",\"Picardie\"],\"inLanguage\":\"fr-FR\"},{\"@type\":\"WebPage\",\"@id\":\"https:\\\/\\\/francelyme.fr\\\/site\\\/retour-sur-la-fete-du-jardin-a-soisssons-02\\\/\",\"url\":\"https:\\\/\\\/francelyme.fr\\\/site\\\/retour-sur-la-fete-du-jardin-a-soisssons-02\\\/\",\"name\":\"Retour sur la f\u00eate du jardin \u00e0 Soisssons (02) - Association France Lyme\",\"isPartOf\":{\"@id\":\"https:\\\/\\\/francelyme.fr\\\/site\\\/#website\"},\"primaryImageOfPage\":{\"@id\":\"https:\\\/\\\/francelyme.fr\\\/site\\\/retour-sur-la-fete-du-jardin-a-soisssons-02\\\/#primaryimage\"},\"image\":{\"@id\":\"https:\\\/\\\/francelyme.fr\\\/site\\\/retour-sur-la-fete-du-jardin-a-soisssons-02\\\/#primaryimage\"},\"thumbnailUrl\":\"https:\\\/\\\/francelyme.fr\\\/site\\\/wp-content\\\/uploads\\\/2026\\\/04\\\/ec092091-2613-4474-b004-3c2306eb33b4.jpeg\",\"datePublished\":\"2026-04-30T14:27:44+00:00\",\"dateModified\":\"2026-04-30T14:27:45+00:00\",\"breadcrumb\":{\"@id\":\"https:\\\/\\\/francelyme.fr\\\/site\\\/retour-sur-la-fete-du-jardin-a-soisssons-02\\\/#breadcrumb\"},\"inLanguage\":\"fr-FR\",\"potentialAction\":[{\"@type\":\"ReadAction\",\"target\":[\"https:\\\/\\\/francelyme.fr\\\/site\\\/retour-sur-la-fete-du-jardin-a-soisssons-02\\\/\"]}]},{\"@type\":\"ImageObject\",\"inLanguage\":\"fr-FR\",\"@id\":\"https:\\\/\\\/francelyme.fr\\\/site\\\/retour-sur-la-fete-du-jardin-a-soisssons-02\\\/#primaryimage\",\"url\":\"https:\\\/\\\/francelyme.fr\\\/site\\\/wp-content\\\/uploads\\\/2026\\\/04\\\/ec092091-2613-4474-b004-3c2306eb33b4.jpeg\",\"contentUrl\":\"https:\\\/\\\/francelyme.fr\\\/site\\\/wp-content\\\/uploads\\\/2026\\\/04\\\/ec092091-2613-4474-b004-3c2306eb33b4.jpeg\",\"width\":768,\"height\":1024},{\"@type\":\"BreadcrumbList\",\"@id\":\"https:\\\/\\\/francelyme.fr\\\/site\\\/retour-sur-la-fete-du-jardin-a-soisssons-02\\\/#breadcrumb\",\"itemListElement\":[{\"@type\":\"ListItem\",\"position\":1,\"name\":\"Accueil\",\"item\":\"https:\\\/\\\/francelyme.fr\\\/site\\\/\"},{\"@type\":\"ListItem\",\"position\":2,\"name\":\"Retour sur la f\u00eate du jardin \u00e0 Soisssons (02)\"}]},{\"@type\":\"WebSite\",\"@id\":\"https:\\\/\\\/francelyme.fr\\\/site\\\/#website\",\"url\":\"https:\\\/\\\/francelyme.fr\\\/site\\\/\",\"name\":\"Association France Lyme\",\"description\":\"Association de lutte contre les maladies vectorielles \u00e0 tiques\",\"publisher\":{\"@id\":\"https:\\\/\\\/francelyme.fr\\\/site\\\/#organization\"},\"potentialAction\":[{\"@type\":\"SearchAction\",\"target\":{\"@type\":\"EntryPoint\",\"urlTemplate\":\"https:\\\/\\\/francelyme.fr\\\/site\\\/?s={search_term_string}\"},\"query-input\":{\"@type\":\"PropertyValueSpecification\",\"valueRequired\":true,\"valueName\":\"search_term_string\"}}],\"inLanguage\":\"fr-FR\"},{\"@type\":\"Organization\",\"@id\":\"https:\\\/\\\/francelyme.fr\\\/site\\\/#organization\",\"name\":\"France Lyme\",\"url\":\"https:\\\/\\\/francelyme.fr\\\/site\\\/\",\"logo\":{\"@type\":\"ImageObject\",\"inLanguage\":\"fr-FR\",\"@id\":\"https:\\\/\\\/francelyme.fr\\\/site\\\/#\\\/schema\\\/logo\\\/image\\\/\",\"url\":\"https:\\\/\\\/francelyme.fr\\\/site\\\/wp-content\\\/uploads\\\/2019\\\/05\\\/francelyme-site.gif\",\"contentUrl\":\"https:\\\/\\\/francelyme.fr\\\/site\\\/wp-content\\\/uploads\\\/2019\\\/05\\\/francelyme-site.gif\",\"width\":180,\"height\":180,\"caption\":\"France Lyme\"},\"image\":{\"@id\":\"https:\\\/\\\/francelyme.fr\\\/site\\\/#\\\/schema\\\/logo\\\/image\\\/\"},\"sameAs\":[\"https:\\\/\\\/www.facebook.com\\\/france.lyme\",\"https:\\\/\\\/x.com\\\/francelyme\",\"https:\\\/\\\/www.youtube.com\\\/channel\\\/UClMCGl3dvkz0iAgXFR1NH1A\"]},{\"@type\":\"Person\",\"@id\":\"https:\\\/\\\/francelyme.fr\\\/site\\\/#\\\/schema\\\/person\\\/b3a32c0e865447c2586961956f5d867e\",\"name\":\"Editeur\",\"image\":{\"@type\":\"ImageObject\",\"inLanguage\":\"fr-FR\",\"@id\":\"https:\\\/\\\/secure.gravatar.com\\\/avatar\\\/ae207cee02bf4e66ec5abb92d4ccacaa0ad5f5d3d16fe7fcb393eda94bfbf2d2?s=96&d=mm&r=g\",\"url\":\"https:\\\/\\\/secure.gravatar.com\\\/avatar\\\/ae207cee02bf4e66ec5abb92d4ccacaa0ad5f5d3d16fe7fcb393eda94bfbf2d2?s=96&d=mm&r=g\",\"contentUrl\":\"https:\\\/\\\/secure.gravatar.com\\\/avatar\\\/ae207cee02bf4e66ec5abb92d4ccacaa0ad5f5d3d16fe7fcb393eda94bfbf2d2?s=96&d=mm&r=g\",\"caption\":\"Editeur\"},\"url\":\"https:\\\/\\\/francelyme.fr\\\/site\\\/author\\\/editeuradm\\\/\"}]}<\/script>\n<!-- \/ Yoast SEO plugin. -->","yoast_head_json":{"title":"Retour sur la f\u00eate du jardin \u00e0 Soisssons (02) - Association France Lyme","robots":{"index":"index","follow":"follow","max-snippet":"max-snippet:-1","max-image-preview":"max-image-preview:large","max-video-preview":"max-video-preview:-1"},"canonical":"https:\/\/francelyme.fr\/site\/retour-sur-la-fete-du-jardin-a-soisssons-02\/","og_locale":"fr_FR","og_type":"article","og_title":"Retour sur la f\u00eate du jardin \u00e0 Soisssons (02) - Association France Lyme","og_url":"https:\/\/francelyme.fr\/site\/retour-sur-la-fete-du-jardin-a-soisssons-02\/","og_site_name":"Association France Lyme","article_publisher":"https:\/\/www.facebook.com\/france.lyme","article_published_time":"2026-04-30T14:27:44+00:00","article_modified_time":"2026-04-30T14:27:45+00:00","og_image":[{"width":768,"height":1024,"url":"http:\/\/francelyme.fr\/site\/wp-content\/uploads\/2026\/04\/ec092091-2613-4474-b004-3c2306eb33b4.jpeg","type":"image\/jpeg"}],"author":"Editeur","twitter_card":"summary_large_image","twitter_creator":"@francelyme","twitter_site":"@francelyme","twitter_misc":{"\u00c9crit par":"Editeur","Dur\u00e9e de lecture estim\u00e9e":"4 minutes"},"schema":{"@context":"https:\/\/schema.org","@graph":[{"@type":"Article","@id":"https:\/\/francelyme.fr\/site\/retour-sur-la-fete-du-jardin-a-soisssons-02\/#article","isPartOf":{"@id":"https:\/\/francelyme.fr\/site\/retour-sur-la-fete-du-jardin-a-soisssons-02\/"},"author":{"name":"Editeur","@id":"https:\/\/francelyme.fr\/site\/#\/schema\/person\/b3a32c0e865447c2586961956f5d867e"},"headline":"Retour sur la f\u00eate du jardin \u00e0 Soisssons (02)","datePublished":"2026-04-30T14:27:44+00:00","dateModified":"2026-04-30T14:27:45+00:00","mainEntityOfPage":{"@id":"https:\/\/francelyme.fr\/site\/retour-sur-la-fete-du-jardin-a-soisssons-02\/"},"wordCount":399,"publisher":{"@id":"https:\/\/francelyme.fr\/site\/#organization"},"image":{"@id":"https:\/\/francelyme.fr\/site\/retour-sur-la-fete-du-jardin-a-soisssons-02\/#primaryimage"},"thumbnailUrl":"https:\/\/francelyme.fr\/site\/wp-content\/uploads\/2026\/04\/ec092091-2613-4474-b004-3c2306eb33b4.jpeg","articleSection":["Actions et stands","Picardie"],"inLanguage":"fr-FR"},{"@type":"WebPage","@id":"https:\/\/francelyme.fr\/site\/retour-sur-la-fete-du-jardin-a-soisssons-02\/","url":"https:\/\/francelyme.fr\/site\/retour-sur-la-fete-du-jardin-a-soisssons-02\/","name":"Retour sur la f\u00eate du jardin \u00e0 Soisssons (02) - Association France Lyme","isPartOf":{"@id":"https:\/\/francelyme.fr\/site\/#website"},"primaryImageOfPage":{"@id":"https:\/\/francelyme.fr\/site\/retour-sur-la-fete-du-jardin-a-soisssons-02\/#primaryimage"},"image":{"@id":"https:\/\/francelyme.fr\/site\/retour-sur-la-fete-du-jardin-a-soisssons-02\/#primaryimage"},"thumbnailUrl":"https:\/\/francelyme.fr\/site\/wp-content\/uploads\/2026\/04\/ec092091-2613-4474-b004-3c2306eb33b4.jpeg","datePublished":"2026-04-30T14:27:44+00:00","dateModified":"2026-04-30T14:27:45+00:00","breadcrumb":{"@id":"https:\/\/francelyme.fr\/site\/retour-sur-la-fete-du-jardin-a-soisssons-02\/#breadcrumb"},"inLanguage":"fr-FR","potentialAction":[{"@type":"ReadAction","target":["https:\/\/francelyme.fr\/site\/retour-sur-la-fete-du-jardin-a-soisssons-02\/"]}]},{"@type":"ImageObject","inLanguage":"fr-FR","@id":"https:\/\/francelyme.fr\/site\/retour-sur-la-fete-du-jardin-a-soisssons-02\/#primaryimage","url":"https:\/\/francelyme.fr\/site\/wp-content\/uploads\/2026\/04\/ec092091-2613-4474-b004-3c2306eb33b4.jpeg","contentUrl":"https:\/\/francelyme.fr\/site\/wp-content\/uploads\/2026\/04\/ec092091-2613-4474-b004-3c2306eb33b4.jpeg","width":768,"height":1024},{"@type":"BreadcrumbList","@id":"https:\/\/francelyme.fr\/site\/retour-sur-la-fete-du-jardin-a-soisssons-02\/#breadcrumb","itemListElement":[{"@type":"ListItem","position":1,"name":"Accueil","item":"https:\/\/francelyme.fr\/site\/"},{"@type":"ListItem","position":2,"name":"Retour sur la f\u00eate du jardin \u00e0 Soisssons (02)"}]},{"@type":"WebSite","@id":"https:\/\/francelyme.fr\/site\/#website","url":"https:\/\/francelyme.fr\/site\/","name":"Association France Lyme","description":"Association de lutte contre les maladies vectorielles \u00e0 tiques","publisher":{"@id":"https:\/\/francelyme.fr\/site\/#organization"},"potentialAction":[{"@type":"SearchAction","target":{"@type":"EntryPoint","urlTemplate":"https:\/\/francelyme.fr\/site\/?s={search_term_string}"},"query-input":{"@type":"PropertyValueSpecification","valueRequired":true,"valueName":"search_term_string"}}],"inLanguage":"fr-FR"},{"@type":"Organization","@id":"https:\/\/francelyme.fr\/site\/#organization","name":"France Lyme","url":"https:\/\/francelyme.fr\/site\/","logo":{"@type":"ImageObject","inLanguage":"fr-FR","@id":"https:\/\/francelyme.fr\/site\/#\/schema\/logo\/image\/","url":"https:\/\/francelyme.fr\/site\/wp-content\/uploads\/2019\/05\/francelyme-site.gif","contentUrl":"https:\/\/francelyme.fr\/site\/wp-content\/uploads\/2019\/05\/francelyme-site.gif","width":180,"height":180,"caption":"France Lyme"},"image":{"@id":"https:\/\/francelyme.fr\/site\/#\/schema\/logo\/image\/"},"sameAs":["https:\/\/www.facebook.com\/france.lyme","https:\/\/x.com\/francelyme","https:\/\/www.youtube.com\/channel\/UClMCGl3dvkz0iAgXFR1NH1A"]},{"@type":"Person","@id":"https:\/\/francelyme.fr\/site\/#\/schema\/person\/b3a32c0e865447c2586961956f5d867e","name":"Editeur","image":{"@type":"ImageObject","inLanguage":"fr-FR","@id":"https:\/\/secure.gravatar.com\/avatar\/ae207cee02bf4e66ec5abb92d4ccacaa0ad5f5d3d16fe7fcb393eda94bfbf2d2?s=96&d=mm&r=g","url":"https:\/\/secure.gravatar.com\/avatar\/ae207cee02bf4e66ec5abb92d4ccacaa0ad5f5d3d16fe7fcb393eda94bfbf2d2?s=96&d=mm&r=g","contentUrl":"https:\/\/secure.gravatar.com\/avatar\/ae207cee02bf4e66ec5abb92d4ccacaa0ad5f5d3d16fe7fcb393eda94bfbf2d2?s=96&d=mm&r=g","caption":"Editeur"},"url":"https:\/\/francelyme.fr\/site\/author\/editeuradm\/"}]}},"_links":{"self":[{"href":"https:\/\/francelyme.fr\/site\/wp-json\/wp\/v2\/posts\/19750","targetHints":{"allow":["GET"]}}],"collection":[{"href":"https:\/\/francelyme.fr\/site\/wp-json\/wp\/v2\/posts"}],"about":[{"href":"https:\/\/francelyme.fr\/site\/wp-json\/wp\/v2\/types\/post"}],"author":[{"embeddable":true,"href":"https:\/\/francelyme.fr\/site\/wp-json\/wp\/v2\/users\/16"}],"replies":[{"embeddable":true,"href":"https:\/\/francelyme.fr\/site\/wp-json\/wp\/v2\/comments?post=19750"}],"version-history":[{"count":1,"href":"https:\/\/francelyme.fr\/site\/wp-json\/wp\/v2\/posts\/19750\/revisions"}],"predecessor-version":[{"id":19757,"href":"https:\/\/francelyme.fr\/site\/wp-json\/wp\/v2\/posts\/19750\/revisions\/19757"}],"wp:featuredmedia":[{"embeddable":true,"href":"https:\/\/francelyme.fr\/site\/wp-json\/wp\/v2\/media\/19756"}],"wp:attachment":[{"href":"https:\/\/francelyme.fr\/site\/wp-json\/wp\/v2\/media?parent=19750"}],"wp:term":[{"taxonomy":"category","embeddable":true,"href":"https:\/\/francelyme.fr\/site\/wp-json\/wp\/v2\/categories?post=19750"},{"taxonomy":"post_tag","embeddable":true,"href":"https:\/\/francelyme.fr\/site\/wp-json\/wp\/v2\/tags?post=19750"}],"curies":[{"name":"wp","href":"https:\/\/api.w.org\/{rel}","templated":true}]}}