{"id":19954,"date":"2026-09-01T17:43:32","date_gmt":"2026-09-01T15:43:32","guid":{"rendered":"https:\/\/francelyme.fr\/site\/?p=19954"},"modified":"2026-09-01T17:43:32","modified_gmt":"2026-09-01T15:43:32","slug":"quand-les-tests-sont-negatifs-lenquete-ne-doit-pas-sarreter-trop-vite-ce-cas-clinique-qui-montre-pourquoi-la-science-doit-aller-plus-loin","status":"publish","type":"post","link":"https:\/\/francelyme.fr\/site\/quand-les-tests-sont-negatifs-lenquete-ne-doit-pas-sarreter-trop-vite-ce-cas-clinique-qui-montre-pourquoi-la-science-doit-aller-plus-loin\/","title":{"rendered":"Quand les tests sont n\u00e9gatifs, l\u2019enqu\u00eate ne doit pas s\u2019arr\u00eater trop vite : ce cas clinique qui montre pourquoi la science doit aller plus loin"},"content":{"rendered":"<div class=\"like-button\" style=\"float: right; clear: both; text-align: right; width = 100%;\">\n<!-- Facebook Like Button Vivacity Infotech BEGIN -->\n<div class=\"fb-like\" data-href=\"https:\/\/francelyme.fr\/site\/quand-les-tests-sont-negatifs-lenquete-ne-doit-pas-sarreter-trop-vite-ce-cas-clinique-qui-montre-pourquoi-la-science-doit-aller-plus-loin\/\" data-layout=\"box_count\" data-action=\"like\" data-show-faces=\"false\" data-size=\"large\" data-width=\"450\" data-share=\"1\" ><\/div><\/div>\n<!-- Facebook Like Button Vivacity Infotech END -->\n<div id=\"fb-root\"><\/div>\n\n<p class=\"wp-block-paragraph\">Un enfant atteint d\u2019une \u00e9pilepsie s\u00e9v\u00e8re et r\u00e9sistante aux traitements. Des ann\u00e9es d\u2019examens. Des analyses r\u00e9p\u00e9t\u00e9es qui reviennent n\u00e9gatives. Puis, finalement, la d\u00e9couverte d\u2019agents infectieux gr\u00e2ce \u00e0 des pr\u00e9l\u00e8vements et \u00e0 des techniques beaucoup plus pouss\u00e9es.<\/p>\n\n\n\n<p class=\"wp-block-paragraph\">Le cas clinique r\u00e9cemment relat\u00e9 par Marc Gozlan dans&nbsp;<em>Le Monde<\/em>, \u00e0 partir d\u2019une publication scientifique parue en 2025, m\u00e9rite toute notre attention. Non parce qu\u2019il permettrait de tirer des conclusions g\u00e9n\u00e9rales \u00e0 partir d\u2019un seul patient, mais parce qu\u2019il illustre de mani\u00e8re spectaculaire une difficult\u00e9 que connaissent bien les patients atteints de maladies complexes :&nbsp;<strong>ce que l\u2019on ne d\u00e9tecte pas avec un examen donn\u00e9 n\u2019est pas n\u00e9cessairement absent de l\u2019organisme.<\/strong><\/p>\n\n\n\n<p class=\"wp-block-paragraph\">Il rappelle surtout une \u00e9vidence : face \u00e0 des sympt\u00f4mes s\u00e9v\u00e8res, persistants et inexpliqu\u00e9s, la science doit continuer \u00e0 chercher.<\/p>\n\n\n\n<h2 class=\"wp-block-heading\">Une simple griffure, puis des ann\u00e9es d\u2019errance diagnostique<\/h2>\n\n\n\n<p class=\"wp-block-paragraph\">L\u2019histoire commence au Canada, en d\u00e9cembre 2016. L\u2019enfant a deux ans lorsqu\u2019un chat semi-sauvage le griffe au visage. Ses parents surveillent l&rsquo;apparition des signes classiques de la maladie des griffes du chat, provoqu\u00e9e par la bact\u00e9rie&nbsp;<em>Bartonella henselae<\/em>. Mais il n\u2019a ni fi\u00e8vre ni ganglions. L\u2019\u00e9pisode para\u00eet sans cons\u00e9quence.<\/p>\n\n\n\n<p class=\"wp-block-paragraph\">Vingt mois plus tard, une petite plaque rouge appara\u00eet sur son bras apr\u00e8s ce qui semble \u00eatre une piq\u00fbre d\u2019insecte. Huit jours apr\u00e8s, l\u2019enfant commence \u00e0 faire des crises d\u2019\u00e9pilepsie.<\/p>\n\n\n\n<p class=\"wp-block-paragraph\">Les crises deviennent progressivement s\u00e9v\u00e8res et r\u00e9sistantes aux traitements. Plusieurs examens sont r\u00e9alis\u00e9s. Les premi\u00e8res IRM sont normales. Puis apparaissent progressivement des anomalies touchant principalement l\u2019h\u00e9misph\u00e8re droit du cerveau. Une enc\u00e9phalite de Rasmussen, maladie neurologique inflammatoire rare, est notamment envisag\u00e9e.<\/p>\n\n\n\n<p class=\"wp-block-paragraph\">Compte tenu de l\u2019environnement de l\u2019enfant, qui vit \u00e0 proximit\u00e9 d\u2019une zone bois\u00e9e fr\u00e9quent\u00e9e par des cervid\u00e9s et des rongeurs, les m\u00e9decins recherchent \u00e9galement des infections transmises par les tiques. Les tests r\u00e9alis\u00e9s pour la maladie de Lyme sont n\u00e9gatifs.<\/p>\n\n\n\n<p class=\"wp-block-paragraph\">La piste de la griffure de chat est aussi explor\u00e9e. Trois laboratoires commerciaux recherchent des anticorps contre diff\u00e9rentes esp\u00e8ces et souches de&nbsp;<em>Bartonella<\/em>. Tous les tests reviennent n\u00e9gatifs.<\/p>\n\n\n\n<p class=\"wp-block-paragraph\">L\u2019histoire aurait pu s\u2019arr\u00eater l\u00e0.<\/p>\n\n\n\n<h2 class=\"wp-block-heading\">M\u00eame des examens sanguins tr\u00e8s pouss\u00e9s restent n\u00e9gatifs<\/h2>\n\n\n\n<p class=\"wp-block-paragraph\">En 2022, les parents contactent une \u00e9quipe de recherche de l\u2019universit\u00e9 d\u2019\u00c9tat de Caroline du Nord, sp\u00e9cialis\u00e9e dans les infections \u00e0&nbsp;<em>Bartonella<\/em>.<\/p>\n\n\n\n<p class=\"wp-block-paragraph\">Cette fois, plusieurs pr\u00e9l\u00e8vements sanguins sont r\u00e9alis\u00e9s \u00e0 des jours diff\u00e9rents. Les chercheurs utilisent des milieux de culture sp\u00e9cialement con\u00e7us pour favoriser la croissance des bact\u00e9ries, associ\u00e9s \u00e0 des techniques de PCR tr\u00e8s sensibles.<\/p>\n\n\n\n<p class=\"wp-block-paragraph\">Au total, quinze analyses r\u00e9alis\u00e9es \u00e0 diff\u00e9rents moments ne retrouvent toujours pas&nbsp;<em>Bartonella<\/em>&nbsp;dans le sang de l\u2019enfant.<\/p>\n\n\n\n<p class=\"wp-block-paragraph\">M\u00eame lorsque les chercheurs savaient pr\u00e9cis\u00e9ment ce qu\u2019ils cherchaient, m\u00eame avec des techniques plus sophistiqu\u00e9es que celles utilis\u00e9es couramment, le sang restait n\u00e9gatif.<\/p>\n\n\n\n<p class=\"wp-block-paragraph\">Puis les m\u00e9decins ont analys\u00e9 un autre compartiment de l\u2019organisme.<\/p>\n\n\n\n<h2 class=\"wp-block-heading\">La bact\u00e9rie \u00e9tait dans le cerveau<\/h2>\n\n\n\n<p class=\"wp-block-paragraph\">En juin 2022, une biopsie c\u00e9r\u00e9brale est r\u00e9alis\u00e9e dans le cadre de l\u2019exploration de l\u2019\u00e9pilepsie s\u00e9v\u00e8re de l\u2019enfant.<\/p>\n\n\n\n<p class=\"wp-block-paragraph\">Les cultures bact\u00e9riennes et fongiques conventionnelles sont n\u00e9gatives. Des PCR recherchant plusieurs agents infectieux sont \u00e9galement n\u00e9gatives.<\/p>\n\n\n\n<p class=\"wp-block-paragraph\">Mais un fragment frais de tissu c\u00e9r\u00e9bral est envoy\u00e9 au laboratoire sp\u00e9cialis\u00e9 de Caroline du Nord. Il est plac\u00e9 dans deux milieux de culture d\u2019enrichissement diff\u00e9rents puis analys\u00e9 par des m\u00e9thodes mol\u00e9culaires tr\u00e8s sensibles.<\/p>\n\n\n\n<p class=\"wp-block-paragraph\">Cette fois, les chercheurs d\u00e9tectent l\u2019ADN de&nbsp;<em>Bartonella henselae<\/em>. L\u2019ADN est amplifi\u00e9 puis s\u00e9quenc\u00e9, avec une tr\u00e8s forte correspondance avec une souche de r\u00e9f\u00e9rence.<\/p>\n\n\n\n<p class=\"wp-block-paragraph\">La bact\u00e9rie qui n\u2019avait pas \u00e9t\u00e9 retrouv\u00e9e dans le sang est donc d\u00e9tect\u00e9e dans le tissu c\u00e9r\u00e9bral.<\/p>\n\n\n\n<p class=\"wp-block-paragraph\">Les chercheurs avancent plusieurs hypoth\u00e8ses pour expliquer cette localisation. Ils \u00e9voquent notamment un possible passage vers le cerveau ou un d\u00e9placement le long d\u2019un nerf p\u00e9riph\u00e9rique. Ces m\u00e9canismes restent des hypoth\u00e8ses et cette observation, \u00e0 elle seule, ne permet pas d\u2019affirmer que&nbsp;<em>Bartonella<\/em>&nbsp;explique l\u2019ensemble de la maladie neurologique de l\u2019enfant.<\/p>\n\n\n\n<p class=\"wp-block-paragraph\">Mais la d\u00e9monstration microbiologique est l\u00e0 :&nbsp;<strong>les examens sanguins \u00e9taient n\u00e9gatifs alors que de l\u2019ADN bact\u00e9rien a finalement \u00e9t\u00e9 identifi\u00e9 dans le compartiment atteint.<\/strong><\/p>\n\n\n\n<h2 class=\"wp-block-heading\">Un test n\u00e9gatif r\u00e9pond \u00e0 une question pr\u00e9cise, il ne r\u00e9pond pas \u00e0 toutes les questions<\/h2>\n\n\n\n<p class=\"wp-block-paragraph\">C\u2019est probablement l\u2019enseignement le plus important de cette histoire.<\/p>\n\n\n\n<p class=\"wp-block-paragraph\">Un examen biologique n\u2019est jamais une photographie parfaite de l\u2019ensemble de l\u2019organisme.<\/p>\n\n\n\n<p class=\"wp-block-paragraph\">Son r\u00e9sultat d\u00e9pend notamment du pr\u00e9l\u00e8vement effectu\u00e9, du moment auquel il est r\u00e9alis\u00e9, de la quantit\u00e9 de microorganismes pr\u00e9sents dans l\u2019\u00e9chantillon, de leur \u00e9ventuelle circulation intermittente dans le sang, de la cible mol\u00e9culaire recherch\u00e9e et de la sensibilit\u00e9 de la technique utilis\u00e9e.<\/p>\n\n\n\n<p class=\"wp-block-paragraph\">Les auteurs de l\u2019\u00e9tude expliquent ainsi que la tr\u00e8s faible quantit\u00e9 de bact\u00e9ries circulant \u00e9ventuellement dans le sang, une bact\u00e9ri\u00e9mie intermittente ou une infection principalement localis\u00e9e dans le syst\u00e8me nerveux central ont pu contribuer aux nombreux r\u00e9sultats n\u00e9gatifs. Ils rappellent \u00e9galement les limites de sensibilit\u00e9 de certaines s\u00e9rologies pour&nbsp;<em>Bartonella<\/em>, particuli\u00e8rement dans des infections anciennes.<\/p>\n\n\n\n<p class=\"wp-block-paragraph\">Cela ne signifie \u00e9videmment pas qu\u2019un test n\u00e9gatif doit \u00eatre syst\u00e9matiquement consid\u00e9r\u00e9 comme faux.<\/p>\n\n\n\n<p class=\"wp-block-paragraph\">Cela signifie qu\u2019il doit \u00eatre&nbsp;<strong>interpr\u00e9t\u00e9 dans son contexte clinique<\/strong>.<\/p>\n\n\n\n<p class=\"wp-block-paragraph\">Lorsque les signes cliniques sont s\u00e9v\u00e8res, coh\u00e9rents, persistants et inexpliqu\u00e9s, un r\u00e9sultat n\u00e9gatif ne devrait pas automatiquement fermer toutes les pistes.<\/p>\n\n\n\n<h2 class=\"wp-block-heading\">Chercher aussi dans le compartiment o\u00f9 se manifeste la maladie<\/h2>\n\n\n\n<p class=\"wp-block-paragraph\">Ce cas apporte \u00e9galement un enseignement fondamental sur la nature des pr\u00e9l\u00e8vements.<\/p>\n\n\n\n<p class=\"wp-block-paragraph\">Dans cette histoire, il faut \u00eatre tr\u00e8s pr\u00e9cis : ce n\u2019est pas une ponction lombaire qui a permis d\u2019identifier&nbsp;<em>Bartonella<\/em>, mais une&nbsp;<strong>biopsie de tissu c\u00e9r\u00e9bral<\/strong>, r\u00e9alis\u00e9e pour des raisons neurologiques ind\u00e9pendantes.<\/p>\n\n\n\n<p class=\"wp-block-paragraph\">En conclusion,&nbsp;<strong>dans certaines atteintes localis\u00e9es, le sang ne donne pas n\u00e9cessairement toutes les informations sur ce qui se passe dans l\u2019organe concern\u00e9.<\/strong><\/p>\n\n\n\n<p class=\"wp-block-paragraph\">Dans certaines pathologies neurologiques et selon les indications m\u00e9dicales, l\u2019analyse du liquide c\u00e9r\u00e9brospinal obtenu par ponction lombaire peut ainsi apporter des informations que la seule prise de sang ne fournit pas. C\u2019est notamment d\u00e9j\u00e0 le cas dans la d\u00e9marche diagnostique de certaines atteintes neurologiques de la borr\u00e9liose de Lyme.<\/p>\n\n\n\n<p class=\"wp-block-paragraph\">Il faut donc \u00e9viter une m\u00e9decine dans laquelle une prise de sang n\u00e9gative deviendrait trop rapidement synonyme de \u00ab rien d\u2019infectieux \u00bb.<\/p>\n\n\n\n<p class=\"wp-block-paragraph\">La question devrait plut\u00f4t \u00eatre :&nbsp;<strong>avons-nous recherch\u00e9 le bon agent, avec la bonne m\u00e9thode, au bon moment et dans le bon pr\u00e9l\u00e8vement ?<\/strong><\/p>\n\n\n\n<h2 class=\"wp-block-heading\">Et l\u2019histoire ne s\u2019arr\u00eate toujours pas l\u00e0<\/h2>\n\n\n\n<p class=\"wp-block-paragraph\">En 2024, les chercheurs d\u00e9veloppent de nouvelles cibles mol\u00e9culaires pour rechercher des parasites du genre&nbsp;<em>Babesia<\/em>.<\/p>\n\n\n\n<p class=\"wp-block-paragraph\">Ils reprennent alors les \u00e9chantillons sanguins et c\u00e9r\u00e9braux de l\u2019enfant conserv\u00e9s depuis plusieurs ann\u00e9es.<\/p>\n\n\n\n<p class=\"wp-block-paragraph\">Les premi\u00e8res m\u00e9thodes mol\u00e9culaires utilis\u00e9es pour rechercher&nbsp;<em>Babesia<\/em>&nbsp;avaient, elles aussi, donn\u00e9 des r\u00e9sultats n\u00e9gatifs.<\/p>\n\n\n\n<p class=\"wp-block-paragraph\">Mais de nouvelles PCR ciblant d\u2019autres r\u00e9gions de l\u2019ADN permettent cette fois d\u2019identifier deux organismes distincts :&nbsp;<em>Babesia odocoilei<\/em>&nbsp;et&nbsp;<em>Babesia divergens-like MO-1<\/em>. Leur ADN est retrouv\u00e9 \u00e0 plusieurs dates et dans diff\u00e9rents \u00e9chantillons.<\/p>\n\n\n\n<p class=\"wp-block-paragraph\">Autrement dit,&nbsp;<strong>la technologie disponible en 2024 a permis de voir ce que les m\u00e9thodes utilis\u00e9es auparavant n\u2019avaient pas permis de d\u00e9tecter.<\/strong><\/p>\n\n\n\n<p class=\"wp-block-paragraph\">Les auteurs restent prudents. Ils ne peuvent d\u00e9terminer avec certitude quand ni comment l\u2019enfant a acquis ces infections, ni quelle part respective&nbsp;<em>Bartonella<\/em>, les&nbsp;<em>Babesia<\/em>, une exposition concomitante \u00e0 des mycotoxines ou d\u2019autres m\u00e9canismes ont jou\u00e9 dans son tableau neurologique extr\u00eamement complexe.<\/p>\n\n\n\n<p class=\"wp-block-paragraph\">C\u2019est pr\u00e9cis\u00e9ment ainsi que doit avancer la science : constater, rechercher, formuler des hypoth\u00e8ses, d\u00e9velopper de nouveaux outils, v\u00e9rifier et continuer \u00e0 questionner.<\/p>\n\n\n\n<h2 class=\"wp-block-heading\">Nous ne sommes probablement qu\u2019au d\u00e9but de la connaissance des zoonoses<\/h2>\n\n\n\n<p class=\"wp-block-paragraph\">Cette observation d\u00e9passe largement le cas de la maladie de Lyme.<\/p>\n\n\n\n<p class=\"wp-block-paragraph\">Nos interactions avec les animaux domestiques, la faune sauvage et les arthropodes vecteurs nous exposent \u00e0 un nombre consid\u00e9rable de microorganismes. Certaines zoonoses sont bien connues. D\u2019autres le sont beaucoup moins. Certaines esp\u00e8ces consid\u00e9r\u00e9es historiquement comme essentiellement animales commencent seulement \u00e0 \u00eatre \u00e9tudi\u00e9es chez l\u2019\u00eatre humain.<\/p>\n\n\n\n<p class=\"wp-block-paragraph\">Les auteurs de l\u2019\u00e9tude soulignent justement que l\u2019am\u00e9lioration des cultures et des m\u00e9thodes mol\u00e9culaires permet aujourd\u2019hui de documenter davantage d\u2019infections zoonotiques multiples ou successives.<\/p>\n\n\n\n<p class=\"wp-block-paragraph\">Pour France Lyme, cette \u00e9volution doit nous conduire la communaut\u00e9 scientifique et m\u00e9dicale \u00e0 explorer ces agents pathog\u00e8nes.<\/p>\n\n\n\n<p class=\"wp-block-paragraph\">Les maladies vectorielles \u00e0 tiques ne se r\u00e9sument pas \u00e0&nbsp;<em>Borrelia<\/em>. Une tique peut transmettre plusieurs agents infectieux et la signification clinique des co-infections reste encore insuffisamment comprise. France Lyme rappelle d\u2019ailleurs r\u00e9guli\u00e8rement que l\u2019\u00e9valuation clinique et les examens biologiques doivent \u00eatre interpr\u00e9t\u00e9s ensemble.<\/p>\n\n\n\n<h2 class=\"wp-block-heading\">La France doit acc\u00e9l\u00e9rer l\u2019acc\u00e8s aux technologies diagnostiques de pointe<\/h2>\n\n\n\n<p class=\"wp-block-paragraph\">La France n\u2019est pas d\u00e9pourvue de comp\u00e9tences. Des laboratoires sp\u00e9cialis\u00e9s et des Centres nationaux de r\u00e9f\u00e9rence r\u00e9alisent notamment des s\u00e9rologies, des PCR, des cultures sp\u00e9cialis\u00e9es ou du s\u00e9quen\u00e7age pour certaines infections rares. Le CNR fran\u00e7ais comp\u00e9tent pour les bartonelloses re\u00e7oit par exemple des pr\u00e9l\u00e8vements sanguins, des biopsies et diff\u00e9rents liquides biologiques et dispose de techniques mol\u00e9culaires et de culture sp\u00e9cialis\u00e9es.<\/p>\n\n\n\n<p class=\"wp-block-paragraph\">Mais il existe encore un \u00e9cart consid\u00e9rable entre les capacit\u00e9s d\u00e9velopp\u00e9es dans certains laboratoires de recherche et les examens auxquels peut acc\u00e9der couramment un patient.<\/p>\n\n\n\n<p class=\"wp-block-paragraph\">Cultures d\u2019enrichissement prolong\u00e9es, PCR digitale, r\u00e9p\u00e9tition des pr\u00e9l\u00e8vements, nouvelles cibles mol\u00e9culaires, s\u00e9quen\u00e7age tr\u00e8s sp\u00e9cialis\u00e9 ou r\u00e9analyse d\u2019\u00e9chantillons conserv\u00e9s ne font pas partie du bilan diagnostique habituel.<\/p>\n\n\n\n<p class=\"wp-block-paragraph\">Le v\u00e9ritable enjeu est donc de cr\u00e9er beaucoup plus rapidement des passerelles entre&nbsp;<strong>recherche et soins<\/strong>, afin que les innovations diagnostiques pertinentes puissent \u00eatre \u00e9valu\u00e9es, valid\u00e9es et, lorsqu\u2019elles d\u00e9montrent leur int\u00e9r\u00eat, mises \u00e0 disposition des m\u00e9decins et des patients.<\/p>\n\n\n\n<h2 class=\"wp-block-heading\">\u00c9couter la clinique avant de conclure qu\u2019il n\u2019y a rien \u00e0 trouver<\/h2>\n\n\n\n<p class=\"wp-block-paragraph\">Les patients atteints de maladies complexes d\u00e9crivent depuis longtemps des sympt\u00f4mes neurologiques, cardiaques, cognitifs, articulaires, immunitaires ou g\u00e9n\u00e9raux parfois tr\u00e8s invalidants.<\/p>\n\n\n\n<p class=\"wp-block-paragraph\">Ces sympt\u00f4mes ne constituent pas, \u00e0 eux seuls, la preuve d\u2019une infection pr\u00e9cise.<\/p>\n\n\n\n<p class=\"wp-block-paragraph\">Mais ils constituent une information clinique.<\/p>\n\n\n\n<p class=\"wp-block-paragraph\">Lorsqu\u2019un patient continue de se d\u00e9grader malgr\u00e9 des examens usuels rassurants, la r\u00e9ponse ne peut pas \u00eatre simplement : \u00ab les analyses sont n\u00e9gatives, il n\u2019y a donc rien \u00bb.<\/p>\n\n\n\n<p class=\"wp-block-paragraph\">L\u2019absence de preuve avec les outils disponibles n\u2019est pas toujours la preuve de l\u2019absence.<\/p>\n\n\n\n<p class=\"wp-block-paragraph\">La clinique ne doit pas remplacer le laboratoire. Mais le laboratoire ne doit pas non plus remplacer la clinique.<\/p>\n\n\n\n<p class=\"wp-block-paragraph\"><strong>C\u2019est leur confrontation, associ\u00e9e \u00e0 l\u2019histoire du patient, \u00e0 ses expositions, \u00e0 l\u2019\u00e9volution de ses sympt\u00f4mes et, lorsque cela est n\u00e9cessaire, \u00e0 des examens sp\u00e9cialis\u00e9s, qui permet de faire progresser le diagnostic.<\/strong><\/p>\n\n\n\n<p class=\"wp-block-paragraph\">Pour pr\u00e9parer une consultation devant une situation complexe, ce cas peut notamment inviter \u00e0 poser quelques questions simples :<\/p>\n\n\n\n<ul class=\"wp-block-list\">\n<li>Les examens r\u00e9alis\u00e9s recherchent-ils r\u00e9ellement les agents infectieux compatibles avec mon histoire clinique et mes expositions ?<\/li>\n\n\n\n<li>Quelle est la sensibilit\u00e9 du test utilis\u00e9 et un r\u00e9sultat n\u00e9gatif permet-il r\u00e9ellement d\u2019exclure cette hypoth\u00e8se dans ma situation ?<\/li>\n\n\n\n<li>Lorsque les sympt\u00f4mes concernent principalement un organe ou le syst\u00e8me nerveux, existe-t-il un pr\u00e9l\u00e8vement ou un examen sp\u00e9cialis\u00e9 plus informatif, si le m\u00e9decin estime qu\u2019il est indiqu\u00e9 ?<\/li>\n\n\n\n<li>Mon dossier justifierait-il l\u2019avis d\u2019un centre expert ou d\u2019un laboratoire sp\u00e9cialis\u00e9 ?<\/li>\n<\/ul>\n\n\n\n<p class=\"wp-block-paragraph\">Il ne s\u2019agit pas de r\u00e9clamer syst\u00e9matiquement des examens invasifs ou de multiplier sans discernement les analyses.<\/p>\n\n\n\n<p class=\"wp-block-paragraph\">Il s\u2019agit de d\u00e9fendre un principe beaucoup plus simple :&nbsp;<strong>devant une maladie s\u00e9v\u00e8re et inexpliqu\u00e9e, continuer \u00e0 chercher.<\/strong><\/p>\n\n\n\n<p class=\"wp-block-paragraph\">Cette histoire extraordinaire nous rappelle que les connaissances d\u2019aujourd\u2019hui ne sont pas celles de demain.<\/p>\n\n\n\n<p class=\"wp-block-paragraph\">En m\u00e9decine comme ailleurs, ce que nous ne savons pas encore d\u00e9tecter peut exister.<\/p>\n\n\n\n<p class=\"wp-block-paragraph\">Et c\u2019est pr\u00e9cis\u00e9ment pour cela que la recherche est indispensable.<\/p>\n\n\n\n<p class=\"wp-block-paragraph\"><strong>Source principale :<\/strong>&nbsp;Marc Gozlan, \u00ab Grave \u00e9pilepsie r\u00e9fractaire chez un enfant : des ann\u00e9es d\u2019errance diagnostique apr\u00e8s une simple griffure de chat \u00bb,&nbsp;<em>Le Monde<\/em>, 17 ao\u00fbt 2026. \u00c9tude scientifique : Breitschwerdt EB, Maggi RG, Robveille C, Kingston E.&nbsp;<em>Bartonella henselae, Babesia odocoilei and Babesia divergens-like MO-1 infection in the brain of a child with seizures, mycotoxin exposure and suspected Rasmussen&rsquo;s encephalitis<\/em>,&nbsp;<em>Journal of Central Nervous System Disease<\/em>, 12 mars 2025, DOI 10.1177\/11795735251322456.<\/p>\n\n\n\n<p class=\"wp-block-paragraph\">Griffures de chat sur le c\u00f4t\u00e9 droit du visage d\u2019un petit gar\u00e7on de 2\u00a0ans. Photo datant de d\u00e9cembre 2016, fournie par les parents.\u00a0\u00a0BREITSCHWERDT EB, ET AL. J CENT NERV SYST DIS. 2025\u00a0MAR 12;17:11795735251322456.<\/p>\n\n\n<div class=\"wp-block-image\">\n<figure class=\"aligncenter size-large\"><img loading=\"lazy\" decoding=\"async\" width=\"766\" height=\"1024\" src=\"https:\/\/francelyme.fr\/site\/wp-content\/uploads\/2026\/09\/Griffure-chat-2016-766x1024.jpg\" alt=\"\" class=\"wp-image-19955\" srcset=\"https:\/\/francelyme.fr\/site\/wp-content\/uploads\/2026\/09\/Griffure-chat-2016-766x1024.jpg 766w, https:\/\/francelyme.fr\/site\/wp-content\/uploads\/2026\/09\/Griffure-chat-2016-224x300.jpg 224w, https:\/\/francelyme.fr\/site\/wp-content\/uploads\/2026\/09\/Griffure-chat-2016-768x1026.jpg 768w, https:\/\/francelyme.fr\/site\/wp-content\/uploads\/2026\/09\/Griffure-chat-2016.jpg 1112w\" sizes=\"auto, (max-width: 766px) 100vw, 766px\" \/><\/figure>\n<\/div><div class=\"like-button\" style=\"float: right; clear: both; text-align: right; width = 100%;\">\n<!-- Facebook Like Button Vivacity Infotech BEGIN -->\n<div class=\"fb-like\" data-href=\"https:\/\/francelyme.fr\/site\/quand-les-tests-sont-negatifs-lenquete-ne-doit-pas-sarreter-trop-vite-ce-cas-clinique-qui-montre-pourquoi-la-science-doit-aller-plus-loin\/\" data-layout=\"box_count\" data-action=\"like\" data-show-faces=\"false\" data-size=\"large\" data-width=\"450\" data-share=\"1\" ><\/div><\/div>\n<!-- Facebook Like Button Vivacity Infotech END -->\n","protected":false},"excerpt":{"rendered":"","protected":false},"author":16,"featured_media":19955,"comment_status":"closed","ping_status":"open","sticky":false,"template":"","format":"standard","meta":{"footnotes":""},"categories":[275,283],"tags":[],"class_list":["post-19954","post","type-post","status-publish","format-standard","has-post-thumbnail","hentry","category-toutes-les-actualites","category-medical"],"yoast_head":"<!-- This site is optimized with the Yoast SEO plugin v28.2 - https:\/\/yoast.com\/product\/yoast-seo-wordpress\/ -->\n<title>Quand les tests sont n\u00e9gatifs, l\u2019enqu\u00eate ne doit pas s\u2019arr\u00eater trop vite : ce cas clinique qui montre pourquoi la science doit aller plus loin - Association France Lyme<\/title>\n<meta name=\"robots\" content=\"index, follow, max-snippet:-1, max-image-preview:large, max-video-preview:-1\" \/>\n<link rel=\"canonical\" href=\"https:\/\/francelyme.fr\/site\/quand-les-tests-sont-negatifs-lenquete-ne-doit-pas-sarreter-trop-vite-ce-cas-clinique-qui-montre-pourquoi-la-science-doit-aller-plus-loin\/\" \/>\n<meta property=\"og:locale\" content=\"fr_FR\" \/>\n<meta property=\"og:type\" content=\"article\" \/>\n<meta property=\"og:title\" content=\"Quand les tests sont n\u00e9gatifs, l\u2019enqu\u00eate ne doit pas s\u2019arr\u00eater trop vite : ce cas clinique qui montre pourquoi la science doit aller plus loin - Association France Lyme\" \/>\n<meta property=\"og:url\" content=\"https:\/\/francelyme.fr\/site\/quand-les-tests-sont-negatifs-lenquete-ne-doit-pas-sarreter-trop-vite-ce-cas-clinique-qui-montre-pourquoi-la-science-doit-aller-plus-loin\/\" \/>\n<meta property=\"og:site_name\" content=\"Association France Lyme\" \/>\n<meta property=\"article:publisher\" content=\"https:\/\/www.facebook.com\/france.lyme\" \/>\n<meta property=\"article:published_time\" content=\"2026-09-01T15:43:32+00:00\" \/>\n<meta property=\"og:image\" content=\"http:\/\/francelyme.fr\/site\/wp-content\/uploads\/2026\/09\/Griffure-chat-2016.jpg\" \/>\n\t<meta property=\"og:image:width\" content=\"1112\" \/>\n\t<meta property=\"og:image:height\" content=\"1486\" \/>\n\t<meta property=\"og:image:type\" content=\"image\/jpeg\" \/>\n<meta name=\"author\" content=\"Editeur\" \/>\n<meta name=\"twitter:card\" content=\"summary_large_image\" \/>\n<meta name=\"twitter:creator\" content=\"@francelyme\" \/>\n<meta name=\"twitter:site\" content=\"@francelyme\" \/>\n<meta name=\"twitter:label1\" content=\"\u00c9crit par\" \/>\n\t<meta name=\"twitter:data1\" content=\"Editeur\" \/>\n\t<meta name=\"twitter:label2\" content=\"Dur\u00e9e de lecture estim\u00e9e\" \/>\n\t<meta name=\"twitter:data2\" content=\"11 minutes\" \/>\n<script type=\"application\/ld+json\" class=\"yoast-schema-graph\">{\"@context\":\"https:\\\/\\\/schema.org\",\"@graph\":[{\"@type\":\"Article\",\"@id\":\"https:\\\/\\\/francelyme.fr\\\/site\\\/quand-les-tests-sont-negatifs-lenquete-ne-doit-pas-sarreter-trop-vite-ce-cas-clinique-qui-montre-pourquoi-la-science-doit-aller-plus-loin\\\/#article\",\"isPartOf\":{\"@id\":\"https:\\\/\\\/francelyme.fr\\\/site\\\/quand-les-tests-sont-negatifs-lenquete-ne-doit-pas-sarreter-trop-vite-ce-cas-clinique-qui-montre-pourquoi-la-science-doit-aller-plus-loin\\\/\"},\"author\":{\"name\":\"Editeur\",\"@id\":\"https:\\\/\\\/francelyme.fr\\\/site\\\/#\\\/schema\\\/person\\\/b3a32c0e865447c2586961956f5d867e\"},\"headline\":\"Quand les tests sont n\u00e9gatifs, l\u2019enqu\u00eate ne doit pas s\u2019arr\u00eater trop vite : ce cas clinique qui montre pourquoi la science doit aller plus loin\",\"datePublished\":\"2026-09-01T15:43:32+00:00\",\"mainEntityOfPage\":{\"@id\":\"https:\\\/\\\/francelyme.fr\\\/site\\\/quand-les-tests-sont-negatifs-lenquete-ne-doit-pas-sarreter-trop-vite-ce-cas-clinique-qui-montre-pourquoi-la-science-doit-aller-plus-loin\\\/\"},\"wordCount\":2315,\"publisher\":{\"@id\":\"https:\\\/\\\/francelyme.fr\\\/site\\\/#organization\"},\"image\":{\"@id\":\"https:\\\/\\\/francelyme.fr\\\/site\\\/quand-les-tests-sont-negatifs-lenquete-ne-doit-pas-sarreter-trop-vite-ce-cas-clinique-qui-montre-pourquoi-la-science-doit-aller-plus-loin\\\/#primaryimage\"},\"thumbnailUrl\":\"https:\\\/\\\/francelyme.fr\\\/site\\\/wp-content\\\/uploads\\\/2026\\\/09\\\/Griffure-chat-2016.jpg\",\"articleSection\":[\"Actualit\u00e9s\",\"M\u00e9dical\"],\"inLanguage\":\"fr-FR\"},{\"@type\":\"WebPage\",\"@id\":\"https:\\\/\\\/francelyme.fr\\\/site\\\/quand-les-tests-sont-negatifs-lenquete-ne-doit-pas-sarreter-trop-vite-ce-cas-clinique-qui-montre-pourquoi-la-science-doit-aller-plus-loin\\\/\",\"url\":\"https:\\\/\\\/francelyme.fr\\\/site\\\/quand-les-tests-sont-negatifs-lenquete-ne-doit-pas-sarreter-trop-vite-ce-cas-clinique-qui-montre-pourquoi-la-science-doit-aller-plus-loin\\\/\",\"name\":\"Quand les tests sont n\u00e9gatifs, l\u2019enqu\u00eate ne doit pas s\u2019arr\u00eater trop vite : ce cas clinique qui montre pourquoi la science doit aller plus loin - Association France Lyme\",\"isPartOf\":{\"@id\":\"https:\\\/\\\/francelyme.fr\\\/site\\\/#website\"},\"primaryImageOfPage\":{\"@id\":\"https:\\\/\\\/francelyme.fr\\\/site\\\/quand-les-tests-sont-negatifs-lenquete-ne-doit-pas-sarreter-trop-vite-ce-cas-clinique-qui-montre-pourquoi-la-science-doit-aller-plus-loin\\\/#primaryimage\"},\"image\":{\"@id\":\"https:\\\/\\\/francelyme.fr\\\/site\\\/quand-les-tests-sont-negatifs-lenquete-ne-doit-pas-sarreter-trop-vite-ce-cas-clinique-qui-montre-pourquoi-la-science-doit-aller-plus-loin\\\/#primaryimage\"},\"thumbnailUrl\":\"https:\\\/\\\/francelyme.fr\\\/site\\\/wp-content\\\/uploads\\\/2026\\\/09\\\/Griffure-chat-2016.jpg\",\"datePublished\":\"2026-09-01T15:43:32+00:00\",\"breadcrumb\":{\"@id\":\"https:\\\/\\\/francelyme.fr\\\/site\\\/quand-les-tests-sont-negatifs-lenquete-ne-doit-pas-sarreter-trop-vite-ce-cas-clinique-qui-montre-pourquoi-la-science-doit-aller-plus-loin\\\/#breadcrumb\"},\"inLanguage\":\"fr-FR\",\"potentialAction\":[{\"@type\":\"ReadAction\",\"target\":[\"https:\\\/\\\/francelyme.fr\\\/site\\\/quand-les-tests-sont-negatifs-lenquete-ne-doit-pas-sarreter-trop-vite-ce-cas-clinique-qui-montre-pourquoi-la-science-doit-aller-plus-loin\\\/\"]}]},{\"@type\":\"ImageObject\",\"inLanguage\":\"fr-FR\",\"@id\":\"https:\\\/\\\/francelyme.fr\\\/site\\\/quand-les-tests-sont-negatifs-lenquete-ne-doit-pas-sarreter-trop-vite-ce-cas-clinique-qui-montre-pourquoi-la-science-doit-aller-plus-loin\\\/#primaryimage\",\"url\":\"https:\\\/\\\/francelyme.fr\\\/site\\\/wp-content\\\/uploads\\\/2026\\\/09\\\/Griffure-chat-2016.jpg\",\"contentUrl\":\"https:\\\/\\\/francelyme.fr\\\/site\\\/wp-content\\\/uploads\\\/2026\\\/09\\\/Griffure-chat-2016.jpg\",\"width\":1112,\"height\":1486},{\"@type\":\"BreadcrumbList\",\"@id\":\"https:\\\/\\\/francelyme.fr\\\/site\\\/quand-les-tests-sont-negatifs-lenquete-ne-doit-pas-sarreter-trop-vite-ce-cas-clinique-qui-montre-pourquoi-la-science-doit-aller-plus-loin\\\/#breadcrumb\",\"itemListElement\":[{\"@type\":\"ListItem\",\"position\":1,\"name\":\"Accueil\",\"item\":\"https:\\\/\\\/francelyme.fr\\\/site\\\/\"},{\"@type\":\"ListItem\",\"position\":2,\"name\":\"Quand les tests sont n\u00e9gatifs, l\u2019enqu\u00eate ne doit pas s\u2019arr\u00eater trop vite : ce cas clinique qui montre pourquoi la science doit aller plus loin\"}]},{\"@type\":\"WebSite\",\"@id\":\"https:\\\/\\\/francelyme.fr\\\/site\\\/#website\",\"url\":\"https:\\\/\\\/francelyme.fr\\\/site\\\/\",\"name\":\"Association France Lyme\",\"description\":\"Association de lutte contre les maladies vectorielles \u00e0 tiques\",\"publisher\":{\"@id\":\"https:\\\/\\\/francelyme.fr\\\/site\\\/#organization\"},\"potentialAction\":[{\"@type\":\"SearchAction\",\"target\":{\"@type\":\"EntryPoint\",\"urlTemplate\":\"https:\\\/\\\/francelyme.fr\\\/site\\\/?s={search_term_string}\"},\"query-input\":{\"@type\":\"PropertyValueSpecification\",\"valueRequired\":true,\"valueName\":\"search_term_string\"}}],\"inLanguage\":\"fr-FR\"},{\"@type\":\"Organization\",\"@id\":\"https:\\\/\\\/francelyme.fr\\\/site\\\/#organization\",\"name\":\"France Lyme\",\"url\":\"https:\\\/\\\/francelyme.fr\\\/site\\\/\",\"logo\":{\"@type\":\"ImageObject\",\"inLanguage\":\"fr-FR\",\"@id\":\"https:\\\/\\\/francelyme.fr\\\/site\\\/#\\\/schema\\\/logo\\\/image\\\/\",\"url\":\"https:\\\/\\\/francelyme.fr\\\/site\\\/wp-content\\\/uploads\\\/2019\\\/05\\\/francelyme-site.gif\",\"contentUrl\":\"https:\\\/\\\/francelyme.fr\\\/site\\\/wp-content\\\/uploads\\\/2019\\\/05\\\/francelyme-site.gif\",\"width\":180,\"height\":180,\"caption\":\"France Lyme\"},\"image\":{\"@id\":\"https:\\\/\\\/francelyme.fr\\\/site\\\/#\\\/schema\\\/logo\\\/image\\\/\"},\"sameAs\":[\"https:\\\/\\\/www.facebook.com\\\/france.lyme\",\"https:\\\/\\\/x.com\\\/francelyme\",\"https:\\\/\\\/www.youtube.com\\\/channel\\\/UClMCGl3dvkz0iAgXFR1NH1A\"]},{\"@type\":\"Person\",\"@id\":\"https:\\\/\\\/francelyme.fr\\\/site\\\/#\\\/schema\\\/person\\\/b3a32c0e865447c2586961956f5d867e\",\"name\":\"Editeur\",\"image\":{\"@type\":\"ImageObject\",\"inLanguage\":\"fr-FR\",\"@id\":\"https:\\\/\\\/secure.gravatar.com\\\/avatar\\\/ae207cee02bf4e66ec5abb92d4ccacaa0ad5f5d3d16fe7fcb393eda94bfbf2d2?s=96&d=mm&r=g\",\"url\":\"https:\\\/\\\/secure.gravatar.com\\\/avatar\\\/ae207cee02bf4e66ec5abb92d4ccacaa0ad5f5d3d16fe7fcb393eda94bfbf2d2?s=96&d=mm&r=g\",\"contentUrl\":\"https:\\\/\\\/secure.gravatar.com\\\/avatar\\\/ae207cee02bf4e66ec5abb92d4ccacaa0ad5f5d3d16fe7fcb393eda94bfbf2d2?s=96&d=mm&r=g\",\"caption\":\"Editeur\"},\"url\":\"https:\\\/\\\/francelyme.fr\\\/site\\\/author\\\/editeuradm\\\/\"}]}<\/script>\n<!-- \/ Yoast SEO plugin. -->","yoast_head_json":{"title":"Quand les tests sont n\u00e9gatifs, l\u2019enqu\u00eate ne doit pas s\u2019arr\u00eater trop vite : ce cas clinique qui montre pourquoi la science doit aller plus loin - Association France Lyme","robots":{"index":"index","follow":"follow","max-snippet":"max-snippet:-1","max-image-preview":"max-image-preview:large","max-video-preview":"max-video-preview:-1"},"canonical":"https:\/\/francelyme.fr\/site\/quand-les-tests-sont-negatifs-lenquete-ne-doit-pas-sarreter-trop-vite-ce-cas-clinique-qui-montre-pourquoi-la-science-doit-aller-plus-loin\/","og_locale":"fr_FR","og_type":"article","og_title":"Quand les tests sont n\u00e9gatifs, l\u2019enqu\u00eate ne doit pas s\u2019arr\u00eater trop vite : ce cas clinique qui montre pourquoi la science doit aller plus loin - Association France Lyme","og_url":"https:\/\/francelyme.fr\/site\/quand-les-tests-sont-negatifs-lenquete-ne-doit-pas-sarreter-trop-vite-ce-cas-clinique-qui-montre-pourquoi-la-science-doit-aller-plus-loin\/","og_site_name":"Association France Lyme","article_publisher":"https:\/\/www.facebook.com\/france.lyme","article_published_time":"2026-09-01T15:43:32+00:00","og_image":[{"width":1112,"height":1486,"url":"http:\/\/francelyme.fr\/site\/wp-content\/uploads\/2026\/09\/Griffure-chat-2016.jpg","type":"image\/jpeg"}],"author":"Editeur","twitter_card":"summary_large_image","twitter_creator":"@francelyme","twitter_site":"@francelyme","twitter_misc":{"\u00c9crit par":"Editeur","Dur\u00e9e de lecture estim\u00e9e":"11 minutes"},"schema":{"@context":"https:\/\/schema.org","@graph":[{"@type":"Article","@id":"https:\/\/francelyme.fr\/site\/quand-les-tests-sont-negatifs-lenquete-ne-doit-pas-sarreter-trop-vite-ce-cas-clinique-qui-montre-pourquoi-la-science-doit-aller-plus-loin\/#article","isPartOf":{"@id":"https:\/\/francelyme.fr\/site\/quand-les-tests-sont-negatifs-lenquete-ne-doit-pas-sarreter-trop-vite-ce-cas-clinique-qui-montre-pourquoi-la-science-doit-aller-plus-loin\/"},"author":{"name":"Editeur","@id":"https:\/\/francelyme.fr\/site\/#\/schema\/person\/b3a32c0e865447c2586961956f5d867e"},"headline":"Quand les tests sont n\u00e9gatifs, l\u2019enqu\u00eate ne doit pas s\u2019arr\u00eater trop vite : ce cas clinique qui montre pourquoi la science doit aller plus loin","datePublished":"2026-09-01T15:43:32+00:00","mainEntityOfPage":{"@id":"https:\/\/francelyme.fr\/site\/quand-les-tests-sont-negatifs-lenquete-ne-doit-pas-sarreter-trop-vite-ce-cas-clinique-qui-montre-pourquoi-la-science-doit-aller-plus-loin\/"},"wordCount":2315,"publisher":{"@id":"https:\/\/francelyme.fr\/site\/#organization"},"image":{"@id":"https:\/\/francelyme.fr\/site\/quand-les-tests-sont-negatifs-lenquete-ne-doit-pas-sarreter-trop-vite-ce-cas-clinique-qui-montre-pourquoi-la-science-doit-aller-plus-loin\/#primaryimage"},"thumbnailUrl":"https:\/\/francelyme.fr\/site\/wp-content\/uploads\/2026\/09\/Griffure-chat-2016.jpg","articleSection":["Actualit\u00e9s","M\u00e9dical"],"inLanguage":"fr-FR"},{"@type":"WebPage","@id":"https:\/\/francelyme.fr\/site\/quand-les-tests-sont-negatifs-lenquete-ne-doit-pas-sarreter-trop-vite-ce-cas-clinique-qui-montre-pourquoi-la-science-doit-aller-plus-loin\/","url":"https:\/\/francelyme.fr\/site\/quand-les-tests-sont-negatifs-lenquete-ne-doit-pas-sarreter-trop-vite-ce-cas-clinique-qui-montre-pourquoi-la-science-doit-aller-plus-loin\/","name":"Quand les tests sont n\u00e9gatifs, l\u2019enqu\u00eate ne doit pas s\u2019arr\u00eater trop vite : ce cas clinique qui montre pourquoi la science doit aller plus loin - Association France Lyme","isPartOf":{"@id":"https:\/\/francelyme.fr\/site\/#website"},"primaryImageOfPage":{"@id":"https:\/\/francelyme.fr\/site\/quand-les-tests-sont-negatifs-lenquete-ne-doit-pas-sarreter-trop-vite-ce-cas-clinique-qui-montre-pourquoi-la-science-doit-aller-plus-loin\/#primaryimage"},"image":{"@id":"https:\/\/francelyme.fr\/site\/quand-les-tests-sont-negatifs-lenquete-ne-doit-pas-sarreter-trop-vite-ce-cas-clinique-qui-montre-pourquoi-la-science-doit-aller-plus-loin\/#primaryimage"},"thumbnailUrl":"https:\/\/francelyme.fr\/site\/wp-content\/uploads\/2026\/09\/Griffure-chat-2016.jpg","datePublished":"2026-09-01T15:43:32+00:00","breadcrumb":{"@id":"https:\/\/francelyme.fr\/site\/quand-les-tests-sont-negatifs-lenquete-ne-doit-pas-sarreter-trop-vite-ce-cas-clinique-qui-montre-pourquoi-la-science-doit-aller-plus-loin\/#breadcrumb"},"inLanguage":"fr-FR","potentialAction":[{"@type":"ReadAction","target":["https:\/\/francelyme.fr\/site\/quand-les-tests-sont-negatifs-lenquete-ne-doit-pas-sarreter-trop-vite-ce-cas-clinique-qui-montre-pourquoi-la-science-doit-aller-plus-loin\/"]}]},{"@type":"ImageObject","inLanguage":"fr-FR","@id":"https:\/\/francelyme.fr\/site\/quand-les-tests-sont-negatifs-lenquete-ne-doit-pas-sarreter-trop-vite-ce-cas-clinique-qui-montre-pourquoi-la-science-doit-aller-plus-loin\/#primaryimage","url":"https:\/\/francelyme.fr\/site\/wp-content\/uploads\/2026\/09\/Griffure-chat-2016.jpg","contentUrl":"https:\/\/francelyme.fr\/site\/wp-content\/uploads\/2026\/09\/Griffure-chat-2016.jpg","width":1112,"height":1486},{"@type":"BreadcrumbList","@id":"https:\/\/francelyme.fr\/site\/quand-les-tests-sont-negatifs-lenquete-ne-doit-pas-sarreter-trop-vite-ce-cas-clinique-qui-montre-pourquoi-la-science-doit-aller-plus-loin\/#breadcrumb","itemListElement":[{"@type":"ListItem","position":1,"name":"Accueil","item":"https:\/\/francelyme.fr\/site\/"},{"@type":"ListItem","position":2,"name":"Quand les tests sont n\u00e9gatifs, l\u2019enqu\u00eate ne doit pas s\u2019arr\u00eater trop vite : ce cas clinique qui montre pourquoi la science doit aller plus loin"}]},{"@type":"WebSite","@id":"https:\/\/francelyme.fr\/site\/#website","url":"https:\/\/francelyme.fr\/site\/","name":"Association France Lyme","description":"Association de lutte contre les maladies vectorielles \u00e0 tiques","publisher":{"@id":"https:\/\/francelyme.fr\/site\/#organization"},"potentialAction":[{"@type":"SearchAction","target":{"@type":"EntryPoint","urlTemplate":"https:\/\/francelyme.fr\/site\/?s={search_term_string}"},"query-input":{"@type":"PropertyValueSpecification","valueRequired":true,"valueName":"search_term_string"}}],"inLanguage":"fr-FR"},{"@type":"Organization","@id":"https:\/\/francelyme.fr\/site\/#organization","name":"France Lyme","url":"https:\/\/francelyme.fr\/site\/","logo":{"@type":"ImageObject","inLanguage":"fr-FR","@id":"https:\/\/francelyme.fr\/site\/#\/schema\/logo\/image\/","url":"https:\/\/francelyme.fr\/site\/wp-content\/uploads\/2019\/05\/francelyme-site.gif","contentUrl":"https:\/\/francelyme.fr\/site\/wp-content\/uploads\/2019\/05\/francelyme-site.gif","width":180,"height":180,"caption":"France Lyme"},"image":{"@id":"https:\/\/francelyme.fr\/site\/#\/schema\/logo\/image\/"},"sameAs":["https:\/\/www.facebook.com\/france.lyme","https:\/\/x.com\/francelyme","https:\/\/www.youtube.com\/channel\/UClMCGl3dvkz0iAgXFR1NH1A"]},{"@type":"Person","@id":"https:\/\/francelyme.fr\/site\/#\/schema\/person\/b3a32c0e865447c2586961956f5d867e","name":"Editeur","image":{"@type":"ImageObject","inLanguage":"fr-FR","@id":"https:\/\/secure.gravatar.com\/avatar\/ae207cee02bf4e66ec5abb92d4ccacaa0ad5f5d3d16fe7fcb393eda94bfbf2d2?s=96&d=mm&r=g","url":"https:\/\/secure.gravatar.com\/avatar\/ae207cee02bf4e66ec5abb92d4ccacaa0ad5f5d3d16fe7fcb393eda94bfbf2d2?s=96&d=mm&r=g","contentUrl":"https:\/\/secure.gravatar.com\/avatar\/ae207cee02bf4e66ec5abb92d4ccacaa0ad5f5d3d16fe7fcb393eda94bfbf2d2?s=96&d=mm&r=g","caption":"Editeur"},"url":"https:\/\/francelyme.fr\/site\/author\/editeuradm\/"}]}},"_links":{"self":[{"href":"https:\/\/francelyme.fr\/site\/wp-json\/wp\/v2\/posts\/19954","targetHints":{"allow":["GET"]}}],"collection":[{"href":"https:\/\/francelyme.fr\/site\/wp-json\/wp\/v2\/posts"}],"about":[{"href":"https:\/\/francelyme.fr\/site\/wp-json\/wp\/v2\/types\/post"}],"author":[{"embeddable":true,"href":"https:\/\/francelyme.fr\/site\/wp-json\/wp\/v2\/users\/16"}],"replies":[{"embeddable":true,"href":"https:\/\/francelyme.fr\/site\/wp-json\/wp\/v2\/comments?post=19954"}],"version-history":[{"count":1,"href":"https:\/\/francelyme.fr\/site\/wp-json\/wp\/v2\/posts\/19954\/revisions"}],"predecessor-version":[{"id":19956,"href":"https:\/\/francelyme.fr\/site\/wp-json\/wp\/v2\/posts\/19954\/revisions\/19956"}],"wp:featuredmedia":[{"embeddable":true,"href":"https:\/\/francelyme.fr\/site\/wp-json\/wp\/v2\/media\/19955"}],"wp:attachment":[{"href":"https:\/\/francelyme.fr\/site\/wp-json\/wp\/v2\/media?parent=19954"}],"wp:term":[{"taxonomy":"category","embeddable":true,"href":"https:\/\/francelyme.fr\/site\/wp-json\/wp\/v2\/categories?post=19954"},{"taxonomy":"post_tag","embeddable":true,"href":"https:\/\/francelyme.fr\/site\/wp-json\/wp\/v2\/tags?post=19954"}],"curies":[{"name":"wp","href":"https:\/\/api.w.org\/{rel}","templated":true}]}}