{"id":19958,"date":"2026-09-02T10:10:02","date_gmt":"2026-09-02T08:10:02","guid":{"rendered":"https:\/\/francelyme.fr\/site\/?p=19958"},"modified":"2026-09-02T10:10:03","modified_gmt":"2026-09-02T08:10:03","slug":"permanence-en-vendee-le-08-septembre-2026-85","status":"publish","type":"post","link":"https:\/\/francelyme.fr\/site\/permanence-en-vendee-le-08-septembre-2026-85\/","title":{"rendered":"Permanence en Vend\u00e9e le 08 septembre 2026 (85)"},"content":{"rendered":"<div class=\"like-button\" style=\"float: right; clear: both; text-align: right; width = 100%;\">\n<!-- Facebook Like Button Vivacity Infotech BEGIN -->\n<div class=\"fb-like\" data-href=\"https:\/\/francelyme.fr\/site\/permanence-en-vendee-le-08-septembre-2026-85\/\" data-layout=\"box_count\" data-action=\"like\" data-show-faces=\"false\" data-size=\"large\" data-width=\"450\" data-share=\"1\" ><\/div><\/div>\n<!-- Facebook Like Button Vivacity Infotech END -->\n<div id=\"fb-root\"><\/div>\n\n<p class=\"wp-block-paragraph\">La section Vend\u00e9e France Lyme&nbsp;Association de lutte contre les maladies \u00e0 tiques, a le plaisir de vous inviter \u00e0 sa prochaine permanence d\u2019\u00e9changes, le 8 septembre 2026 \u00e0 14h \u00e0&nbsp;<strong>France services 2 imp. de l\u2019Atlantique ZA Sud 85150 Les Achards.<\/strong><\/p>\n\n\n\n<p class=\"wp-block-paragraph\">Face \u00e0 la complexit\u00e9 de la borr\u00e9liose de Lyme et ses co-infections, nous sommes convaincus que le partage d\u2019informations et le soutien mutuel sont des alli\u00e9s pr\u00e9cieux.<\/p>\n\n\n\n<p class=\"wp-block-paragraph\">Cette rencontre est un espace de parole libre et s\u00e9curisant o\u00f9 chacun peut s\u2019exprimer sans jugement.<\/p>\n\n\n\n<p class=\"wp-block-paragraph\">Toutes personnes adh\u00e9rentes ou non sont les bienvenues.<\/p>\n\n\n\n<p class=\"wp-block-paragraph\"><strong><u>Inscription obligatoire par mail<\/u><\/strong>&nbsp;\u00e0 :&nbsp;<a href=\"mailto:section.vendee@francelyme.fr\" target=\"_blank\" rel=\"noreferrer noopener\">section.vendee@francelyme.fr<\/a>&nbsp;<\/p>\n\n\n\n<p class=\"wp-block-paragraph\">&nbsp;Ces rencontres sont gratuites pour les adh\u00e9rents \u00e0 l&rsquo;association.<\/p>\n\n\n\n<p class=\"wp-block-paragraph\"><strong><u>Pour les non adh\u00e9rents<\/u><\/strong>&nbsp;: une participation de 5\u20ac sera demand\u00e9e, en esp\u00e8ce ou ch\u00e8que et sera d\u00e9duite si adh\u00e9sion le jour de la permanence.<\/p>\n\n\n\n<p class=\"wp-block-paragraph\">Au plaisir de vous rencontrer.<\/p>\n\n\n\n<p class=\"wp-block-paragraph\">Venez nombreux&nbsp;!<\/p>\n\n\n\n<figure class=\"wp-block-image size-large\"><img loading=\"lazy\" decoding=\"async\" width=\"724\" height=\"1024\" src=\"https:\/\/francelyme.fr\/site\/wp-content\/uploads\/2026\/09\/affiche-permanence-3-724x1024.png\" alt=\"\" class=\"wp-image-19959\" srcset=\"https:\/\/francelyme.fr\/site\/wp-content\/uploads\/2026\/09\/affiche-permanence-3-724x1024.png 724w, https:\/\/francelyme.fr\/site\/wp-content\/uploads\/2026\/09\/affiche-permanence-3-212x300.png 212w, https:\/\/francelyme.fr\/site\/wp-content\/uploads\/2026\/09\/affiche-permanence-3-768x1086.png 768w, https:\/\/francelyme.fr\/site\/wp-content\/uploads\/2026\/09\/affiche-permanence-3-1086x1536.png 1086w, https:\/\/francelyme.fr\/site\/wp-content\/uploads\/2026\/09\/affiche-permanence-3-1320x1867.png 1320w, https:\/\/francelyme.fr\/site\/wp-content\/uploads\/2026\/09\/affiche-permanence-3.png 1414w\" sizes=\"auto, (max-width: 724px) 100vw, 724px\" \/><\/figure>\n<div class=\"like-button\" style=\"float: right; clear: both; text-align: right; width = 100%;\">\n<!-- Facebook Like Button Vivacity Infotech BEGIN -->\n<div class=\"fb-like\" data-href=\"https:\/\/francelyme.fr\/site\/permanence-en-vendee-le-08-septembre-2026-85\/\" data-layout=\"box_count\" data-action=\"like\" data-show-faces=\"false\" data-size=\"large\" data-width=\"450\" data-share=\"1\" ><\/div><\/div>\n<!-- Facebook Like Button Vivacity Infotech END -->\n","protected":false},"excerpt":{"rendered":"","protected":false},"author":16,"featured_media":19697,"comment_status":"closed","ping_status":"open","sticky":false,"template":"","format":"standard","meta":{"footnotes":""},"categories":[62,60],"tags":[],"class_list":["post-19958","post","type-post","status-publish","format-standard","has-post-thumbnail","hentry","category-pays-de-la-loire","category-rencontres"],"yoast_head":"<!-- This site is optimized with the Yoast SEO plugin v28.2 - https:\/\/yoast.com\/product\/yoast-seo-wordpress\/ -->\n<title>Permanence en Vend\u00e9e le 08 septembre 2026 (85) - Association France Lyme<\/title>\n<meta name=\"robots\" content=\"index, follow, max-snippet:-1, max-image-preview:large, max-video-preview:-1\" \/>\n<link rel=\"canonical\" href=\"https:\/\/francelyme.fr\/site\/permanence-en-vendee-le-08-septembre-2026-85\/\" \/>\n<meta property=\"og:locale\" content=\"fr_FR\" \/>\n<meta property=\"og:type\" content=\"article\" \/>\n<meta property=\"og:title\" content=\"Permanence en Vend\u00e9e le 08 septembre 2026 (85) - Association France Lyme\" \/>\n<meta property=\"og:url\" content=\"https:\/\/francelyme.fr\/site\/permanence-en-vendee-le-08-septembre-2026-85\/\" \/>\n<meta property=\"og:site_name\" content=\"Association France Lyme\" \/>\n<meta property=\"article:publisher\" content=\"https:\/\/www.facebook.com\/france.lyme\" \/>\n<meta property=\"article:published_time\" content=\"2026-09-02T08:10:02+00:00\" \/>\n<meta property=\"article:modified_time\" content=\"2026-09-02T08:10:03+00:00\" \/>\n<meta property=\"og:image\" content=\"http:\/\/francelyme.fr\/site\/wp-content\/uploads\/2026\/04\/Permanence-.jpg\" \/>\n\t<meta property=\"og:image:width\" content=\"1536\" \/>\n\t<meta property=\"og:image:height\" content=\"1024\" \/>\n\t<meta property=\"og:image:type\" content=\"image\/jpeg\" \/>\n<meta name=\"author\" content=\"Editeur\" \/>\n<meta name=\"twitter:card\" content=\"summary_large_image\" \/>\n<meta name=\"twitter:creator\" content=\"@francelyme\" \/>\n<meta name=\"twitter:site\" content=\"@francelyme\" \/>\n<meta name=\"twitter:label1\" content=\"\u00c9crit par\" \/>\n\t<meta name=\"twitter:data1\" content=\"Editeur\" \/>\n\t<meta name=\"twitter:label2\" content=\"Dur\u00e9e de lecture estim\u00e9e\" \/>\n\t<meta name=\"twitter:data2\" content=\"2 minutes\" \/>\n<script type=\"application\/ld+json\" class=\"yoast-schema-graph\">{\"@context\":\"https:\\\/\\\/schema.org\",\"@graph\":[{\"@type\":\"Article\",\"@id\":\"https:\\\/\\\/francelyme.fr\\\/site\\\/permanence-en-vendee-le-08-septembre-2026-85\\\/#article\",\"isPartOf\":{\"@id\":\"https:\\\/\\\/francelyme.fr\\\/site\\\/permanence-en-vendee-le-08-septembre-2026-85\\\/\"},\"author\":{\"name\":\"Editeur\",\"@id\":\"https:\\\/\\\/francelyme.fr\\\/site\\\/#\\\/schema\\\/person\\\/b3a32c0e865447c2586961956f5d867e\"},\"headline\":\"Permanence en Vend\u00e9e le 08 septembre 2026 (85)\",\"datePublished\":\"2026-09-02T08:10:02+00:00\",\"dateModified\":\"2026-09-02T08:10:03+00:00\",\"mainEntityOfPage\":{\"@id\":\"https:\\\/\\\/francelyme.fr\\\/site\\\/permanence-en-vendee-le-08-septembre-2026-85\\\/\"},\"wordCount\":162,\"publisher\":{\"@id\":\"https:\\\/\\\/francelyme.fr\\\/site\\\/#organization\"},\"image\":{\"@id\":\"https:\\\/\\\/francelyme.fr\\\/site\\\/permanence-en-vendee-le-08-septembre-2026-85\\\/#primaryimage\"},\"thumbnailUrl\":\"https:\\\/\\\/francelyme.fr\\\/site\\\/wp-content\\\/uploads\\\/2026\\\/04\\\/Permanence-.jpg\",\"articleSection\":[\"Pays de la Loire\",\"Rencontres\"],\"inLanguage\":\"fr-FR\"},{\"@type\":\"WebPage\",\"@id\":\"https:\\\/\\\/francelyme.fr\\\/site\\\/permanence-en-vendee-le-08-septembre-2026-85\\\/\",\"url\":\"https:\\\/\\\/francelyme.fr\\\/site\\\/permanence-en-vendee-le-08-septembre-2026-85\\\/\",\"name\":\"Permanence en Vend\u00e9e le 08 septembre 2026 (85) - Association France Lyme\",\"isPartOf\":{\"@id\":\"https:\\\/\\\/francelyme.fr\\\/site\\\/#website\"},\"primaryImageOfPage\":{\"@id\":\"https:\\\/\\\/francelyme.fr\\\/site\\\/permanence-en-vendee-le-08-septembre-2026-85\\\/#primaryimage\"},\"image\":{\"@id\":\"https:\\\/\\\/francelyme.fr\\\/site\\\/permanence-en-vendee-le-08-septembre-2026-85\\\/#primaryimage\"},\"thumbnailUrl\":\"https:\\\/\\\/francelyme.fr\\\/site\\\/wp-content\\\/uploads\\\/2026\\\/04\\\/Permanence-.jpg\",\"datePublished\":\"2026-09-02T08:10:02+00:00\",\"dateModified\":\"2026-09-02T08:10:03+00:00\",\"breadcrumb\":{\"@id\":\"https:\\\/\\\/francelyme.fr\\\/site\\\/permanence-en-vendee-le-08-septembre-2026-85\\\/#breadcrumb\"},\"inLanguage\":\"fr-FR\",\"potentialAction\":[{\"@type\":\"ReadAction\",\"target\":[\"https:\\\/\\\/francelyme.fr\\\/site\\\/permanence-en-vendee-le-08-septembre-2026-85\\\/\"]}]},{\"@type\":\"ImageObject\",\"inLanguage\":\"fr-FR\",\"@id\":\"https:\\\/\\\/francelyme.fr\\\/site\\\/permanence-en-vendee-le-08-septembre-2026-85\\\/#primaryimage\",\"url\":\"https:\\\/\\\/francelyme.fr\\\/site\\\/wp-content\\\/uploads\\\/2026\\\/04\\\/Permanence-.jpg\",\"contentUrl\":\"https:\\\/\\\/francelyme.fr\\\/site\\\/wp-content\\\/uploads\\\/2026\\\/04\\\/Permanence-.jpg\",\"width\":1536,\"height\":1024},{\"@type\":\"BreadcrumbList\",\"@id\":\"https:\\\/\\\/francelyme.fr\\\/site\\\/permanence-en-vendee-le-08-septembre-2026-85\\\/#breadcrumb\",\"itemListElement\":[{\"@type\":\"ListItem\",\"position\":1,\"name\":\"Accueil\",\"item\":\"https:\\\/\\\/francelyme.fr\\\/site\\\/\"},{\"@type\":\"ListItem\",\"position\":2,\"name\":\"Permanence en Vend\u00e9e le 08 septembre 2026 (85)\"}]},{\"@type\":\"WebSite\",\"@id\":\"https:\\\/\\\/francelyme.fr\\\/site\\\/#website\",\"url\":\"https:\\\/\\\/francelyme.fr\\\/site\\\/\",\"name\":\"Association France Lyme\",\"description\":\"Association de lutte contre les maladies vectorielles \u00e0 tiques\",\"publisher\":{\"@id\":\"https:\\\/\\\/francelyme.fr\\\/site\\\/#organization\"},\"potentialAction\":[{\"@type\":\"SearchAction\",\"target\":{\"@type\":\"EntryPoint\",\"urlTemplate\":\"https:\\\/\\\/francelyme.fr\\\/site\\\/?s={search_term_string}\"},\"query-input\":{\"@type\":\"PropertyValueSpecification\",\"valueRequired\":true,\"valueName\":\"search_term_string\"}}],\"inLanguage\":\"fr-FR\"},{\"@type\":\"Organization\",\"@id\":\"https:\\\/\\\/francelyme.fr\\\/site\\\/#organization\",\"name\":\"France Lyme\",\"url\":\"https:\\\/\\\/francelyme.fr\\\/site\\\/\",\"logo\":{\"@type\":\"ImageObject\",\"inLanguage\":\"fr-FR\",\"@id\":\"https:\\\/\\\/francelyme.fr\\\/site\\\/#\\\/schema\\\/logo\\\/image\\\/\",\"url\":\"https:\\\/\\\/francelyme.fr\\\/site\\\/wp-content\\\/uploads\\\/2019\\\/05\\\/francelyme-site.gif\",\"contentUrl\":\"https:\\\/\\\/francelyme.fr\\\/site\\\/wp-content\\\/uploads\\\/2019\\\/05\\\/francelyme-site.gif\",\"width\":180,\"height\":180,\"caption\":\"France Lyme\"},\"image\":{\"@id\":\"https:\\\/\\\/francelyme.fr\\\/site\\\/#\\\/schema\\\/logo\\\/image\\\/\"},\"sameAs\":[\"https:\\\/\\\/www.facebook.com\\\/france.lyme\",\"https:\\\/\\\/x.com\\\/francelyme\",\"https:\\\/\\\/www.youtube.com\\\/channel\\\/UClMCGl3dvkz0iAgXFR1NH1A\"]},{\"@type\":\"Person\",\"@id\":\"https:\\\/\\\/francelyme.fr\\\/site\\\/#\\\/schema\\\/person\\\/b3a32c0e865447c2586961956f5d867e\",\"name\":\"Editeur\",\"image\":{\"@type\":\"ImageObject\",\"inLanguage\":\"fr-FR\",\"@id\":\"https:\\\/\\\/secure.gravatar.com\\\/avatar\\\/ae207cee02bf4e66ec5abb92d4ccacaa0ad5f5d3d16fe7fcb393eda94bfbf2d2?s=96&d=mm&r=g\",\"url\":\"https:\\\/\\\/secure.gravatar.com\\\/avatar\\\/ae207cee02bf4e66ec5abb92d4ccacaa0ad5f5d3d16fe7fcb393eda94bfbf2d2?s=96&d=mm&r=g\",\"contentUrl\":\"https:\\\/\\\/secure.gravatar.com\\\/avatar\\\/ae207cee02bf4e66ec5abb92d4ccacaa0ad5f5d3d16fe7fcb393eda94bfbf2d2?s=96&d=mm&r=g\",\"caption\":\"Editeur\"},\"url\":\"https:\\\/\\\/francelyme.fr\\\/site\\\/author\\\/editeuradm\\\/\"}]}<\/script>\n<!-- \/ Yoast SEO plugin. -->","yoast_head_json":{"title":"Permanence en Vend\u00e9e le 08 septembre 2026 (85) - Association France Lyme","robots":{"index":"index","follow":"follow","max-snippet":"max-snippet:-1","max-image-preview":"max-image-preview:large","max-video-preview":"max-video-preview:-1"},"canonical":"https:\/\/francelyme.fr\/site\/permanence-en-vendee-le-08-septembre-2026-85\/","og_locale":"fr_FR","og_type":"article","og_title":"Permanence en Vend\u00e9e le 08 septembre 2026 (85) - Association France Lyme","og_url":"https:\/\/francelyme.fr\/site\/permanence-en-vendee-le-08-septembre-2026-85\/","og_site_name":"Association France Lyme","article_publisher":"https:\/\/www.facebook.com\/france.lyme","article_published_time":"2026-09-02T08:10:02+00:00","article_modified_time":"2026-09-02T08:10:03+00:00","og_image":[{"width":1536,"height":1024,"url":"http:\/\/francelyme.fr\/site\/wp-content\/uploads\/2026\/04\/Permanence-.jpg","type":"image\/jpeg"}],"author":"Editeur","twitter_card":"summary_large_image","twitter_creator":"@francelyme","twitter_site":"@francelyme","twitter_misc":{"\u00c9crit par":"Editeur","Dur\u00e9e de lecture estim\u00e9e":"2 minutes"},"schema":{"@context":"https:\/\/schema.org","@graph":[{"@type":"Article","@id":"https:\/\/francelyme.fr\/site\/permanence-en-vendee-le-08-septembre-2026-85\/#article","isPartOf":{"@id":"https:\/\/francelyme.fr\/site\/permanence-en-vendee-le-08-septembre-2026-85\/"},"author":{"name":"Editeur","@id":"https:\/\/francelyme.fr\/site\/#\/schema\/person\/b3a32c0e865447c2586961956f5d867e"},"headline":"Permanence en Vend\u00e9e le 08 septembre 2026 (85)","datePublished":"2026-09-02T08:10:02+00:00","dateModified":"2026-09-02T08:10:03+00:00","mainEntityOfPage":{"@id":"https:\/\/francelyme.fr\/site\/permanence-en-vendee-le-08-septembre-2026-85\/"},"wordCount":162,"publisher":{"@id":"https:\/\/francelyme.fr\/site\/#organization"},"image":{"@id":"https:\/\/francelyme.fr\/site\/permanence-en-vendee-le-08-septembre-2026-85\/#primaryimage"},"thumbnailUrl":"https:\/\/francelyme.fr\/site\/wp-content\/uploads\/2026\/04\/Permanence-.jpg","articleSection":["Pays de la Loire","Rencontres"],"inLanguage":"fr-FR"},{"@type":"WebPage","@id":"https:\/\/francelyme.fr\/site\/permanence-en-vendee-le-08-septembre-2026-85\/","url":"https:\/\/francelyme.fr\/site\/permanence-en-vendee-le-08-septembre-2026-85\/","name":"Permanence en Vend\u00e9e le 08 septembre 2026 (85) - Association France Lyme","isPartOf":{"@id":"https:\/\/francelyme.fr\/site\/#website"},"primaryImageOfPage":{"@id":"https:\/\/francelyme.fr\/site\/permanence-en-vendee-le-08-septembre-2026-85\/#primaryimage"},"image":{"@id":"https:\/\/francelyme.fr\/site\/permanence-en-vendee-le-08-septembre-2026-85\/#primaryimage"},"thumbnailUrl":"https:\/\/francelyme.fr\/site\/wp-content\/uploads\/2026\/04\/Permanence-.jpg","datePublished":"2026-09-02T08:10:02+00:00","dateModified":"2026-09-02T08:10:03+00:00","breadcrumb":{"@id":"https:\/\/francelyme.fr\/site\/permanence-en-vendee-le-08-septembre-2026-85\/#breadcrumb"},"inLanguage":"fr-FR","potentialAction":[{"@type":"ReadAction","target":["https:\/\/francelyme.fr\/site\/permanence-en-vendee-le-08-septembre-2026-85\/"]}]},{"@type":"ImageObject","inLanguage":"fr-FR","@id":"https:\/\/francelyme.fr\/site\/permanence-en-vendee-le-08-septembre-2026-85\/#primaryimage","url":"https:\/\/francelyme.fr\/site\/wp-content\/uploads\/2026\/04\/Permanence-.jpg","contentUrl":"https:\/\/francelyme.fr\/site\/wp-content\/uploads\/2026\/04\/Permanence-.jpg","width":1536,"height":1024},{"@type":"BreadcrumbList","@id":"https:\/\/francelyme.fr\/site\/permanence-en-vendee-le-08-septembre-2026-85\/#breadcrumb","itemListElement":[{"@type":"ListItem","position":1,"name":"Accueil","item":"https:\/\/francelyme.fr\/site\/"},{"@type":"ListItem","position":2,"name":"Permanence en Vend\u00e9e le 08 septembre 2026 (85)"}]},{"@type":"WebSite","@id":"https:\/\/francelyme.fr\/site\/#website","url":"https:\/\/francelyme.fr\/site\/","name":"Association France Lyme","description":"Association de lutte contre les maladies vectorielles \u00e0 tiques","publisher":{"@id":"https:\/\/francelyme.fr\/site\/#organization"},"potentialAction":[{"@type":"SearchAction","target":{"@type":"EntryPoint","urlTemplate":"https:\/\/francelyme.fr\/site\/?s={search_term_string}"},"query-input":{"@type":"PropertyValueSpecification","valueRequired":true,"valueName":"search_term_string"}}],"inLanguage":"fr-FR"},{"@type":"Organization","@id":"https:\/\/francelyme.fr\/site\/#organization","name":"France Lyme","url":"https:\/\/francelyme.fr\/site\/","logo":{"@type":"ImageObject","inLanguage":"fr-FR","@id":"https:\/\/francelyme.fr\/site\/#\/schema\/logo\/image\/","url":"https:\/\/francelyme.fr\/site\/wp-content\/uploads\/2019\/05\/francelyme-site.gif","contentUrl":"https:\/\/francelyme.fr\/site\/wp-content\/uploads\/2019\/05\/francelyme-site.gif","width":180,"height":180,"caption":"France Lyme"},"image":{"@id":"https:\/\/francelyme.fr\/site\/#\/schema\/logo\/image\/"},"sameAs":["https:\/\/www.facebook.com\/france.lyme","https:\/\/x.com\/francelyme","https:\/\/www.youtube.com\/channel\/UClMCGl3dvkz0iAgXFR1NH1A"]},{"@type":"Person","@id":"https:\/\/francelyme.fr\/site\/#\/schema\/person\/b3a32c0e865447c2586961956f5d867e","name":"Editeur","image":{"@type":"ImageObject","inLanguage":"fr-FR","@id":"https:\/\/secure.gravatar.com\/avatar\/ae207cee02bf4e66ec5abb92d4ccacaa0ad5f5d3d16fe7fcb393eda94bfbf2d2?s=96&d=mm&r=g","url":"https:\/\/secure.gravatar.com\/avatar\/ae207cee02bf4e66ec5abb92d4ccacaa0ad5f5d3d16fe7fcb393eda94bfbf2d2?s=96&d=mm&r=g","contentUrl":"https:\/\/secure.gravatar.com\/avatar\/ae207cee02bf4e66ec5abb92d4ccacaa0ad5f5d3d16fe7fcb393eda94bfbf2d2?s=96&d=mm&r=g","caption":"Editeur"},"url":"https:\/\/francelyme.fr\/site\/author\/editeuradm\/"}]}},"_links":{"self":[{"href":"https:\/\/francelyme.fr\/site\/wp-json\/wp\/v2\/posts\/19958","targetHints":{"allow":["GET"]}}],"collection":[{"href":"https:\/\/francelyme.fr\/site\/wp-json\/wp\/v2\/posts"}],"about":[{"href":"https:\/\/francelyme.fr\/site\/wp-json\/wp\/v2\/types\/post"}],"author":[{"embeddable":true,"href":"https:\/\/francelyme.fr\/site\/wp-json\/wp\/v2\/users\/16"}],"replies":[{"embeddable":true,"href":"https:\/\/francelyme.fr\/site\/wp-json\/wp\/v2\/comments?post=19958"}],"version-history":[{"count":1,"href":"https:\/\/francelyme.fr\/site\/wp-json\/wp\/v2\/posts\/19958\/revisions"}],"predecessor-version":[{"id":19960,"href":"https:\/\/francelyme.fr\/site\/wp-json\/wp\/v2\/posts\/19958\/revisions\/19960"}],"wp:featuredmedia":[{"embeddable":true,"href":"https:\/\/francelyme.fr\/site\/wp-json\/wp\/v2\/media\/19697"}],"wp:attachment":[{"href":"https:\/\/francelyme.fr\/site\/wp-json\/wp\/v2\/media?parent=19958"}],"wp:term":[{"taxonomy":"category","embeddable":true,"href":"https:\/\/francelyme.fr\/site\/wp-json\/wp\/v2\/categories?post=19958"},{"taxonomy":"post_tag","embeddable":true,"href":"https:\/\/francelyme.fr\/site\/wp-json\/wp\/v2\/tags?post=19958"}],"curies":[{"name":"wp","href":"https:\/\/api.w.org\/{rel}","templated":true}]}}